{"id":48688,"date":"2020-01-06T09:55:44","date_gmt":"2020-01-06T11:55:44","guid":{"rendered":"https:\/\/www.suno.com.br\/noticias\/?p=48688"},"modified":"2021-06-14T00:23:23","modified_gmt":"2021-06-14T03:23:23","slug":"agenda-do-dia-natura-braskem-petrobras-apple-hapvida","status":"publish","type":"post","link":"https:\/\/www.suno.com.br\/noticias\/agenda-do-dia-natura-braskem-petrobras-apple-hapvida\/","title":{"rendered":"Agenda do Dia: Natura; Braskem; Petrobras; Apple; Hapvida"},"content":{"rendered":"<p>Os assuntos da Agenda do Dia desta segunda-feira (6) prometem mexer com o mercado interno e o externo.<\/p>\t<div class=\"wrapper-featured-image\">\n\t\t<figure class=\"spotlightImg\">\n\n\t\t\t<picture>\n\t\t\t\t<source media=\"(max-width: 768px)\" srcset=\"https:\/\/files.sunoresearch.com.br\/n\/uploads\/2019\/05\/82317c25-natura-400x200.webp\">\n\t\t\t\t<img loading=\"lazy\" decoding=\"async\" class=\"newsContent__article__imgCapa lazyloadDisabled newsContent__article__imgCapa--noCaption\" src=\"https:\/\/files.sunoresearch.com.br\/n\/uploads\/2019\/05\/82317c25-natura-800x450.webp\" width=\"800\" height=\"450\" alt=\"Agenda do Dia: Natura; Braskem; Petrobras; Apple; Hapvida\" fetchpriority=high \/>\n\t\t\t<\/picture>\n\n\t\t\t<figcaption class=\"wp-caption-text wp-caption-text--hide\">Fachada de loja da Natura (foto: divulga\u00e7\u00e3o)<\/figcaption>\n\t\t<\/figure>\n\t<\/div>\n\n\n\n<p>A <b>Natura <\/b>anunciou a conclus\u00e3o da aquisi\u00e7\u00e3o da Avon na \u00faltima sexta-feira (3). Enquanto isso, a <strong>Braskem <\/strong>assinou um acordo com \u00f3rg\u00e3os federais e estaduais para resolver o caso judicial que j\u00e1 dura cerca de um ano em Alagoas.<strong>\u00a0<\/strong>Estas e outras not\u00edcias fazem parte da <strong>Agenda do Dia<\/strong> desta segunda.<\/p>\n<p>A Agenda do Dia conta tamb\u00e9m com a not\u00edcia sobre a <strong>Petrobras<\/strong>, que divulgou um prospecto nos EUA para venda de a\u00e7\u00f5es.<\/p>\n<p>Confira os principais pontos da Agenda do Dia:<\/p>\n<h2>Natura<\/h2>\n<p>Na \u00faltima sexta-feira (3), a <strong><a href=\"https:\/\/www.suno.com.br\/acoes\/natu3\/\">Natura (NATU3)<\/a><\/strong> concluiu a aquisi\u00e7\u00e3o da <strong>Avon<\/strong>. O t\u00e9rmino da opera\u00e7\u00e3o ocorreu 90 dias antes do prazo estipulado. O foco da companhia que est\u00e1 no top 5 das empresas de produtos de beleza do mundo \u00e9 a Am\u00e9rica Latina. A ideia \u00e9 estudar os locais em que a empresa pode cortar custos e tornar seus servi\u00e7os mais eficientes.<\/p>\n<p>Neste ano, a empresa tem como um de seus objetivos dar in\u00edcio a produ\u00e7\u00e3o de alguns produtos na f\u00e1brica da Avon no M\u00e9xico. Al\u00e9m disso, a empresa ir\u00e1 utilizar a estrutura de distribui\u00e7\u00e3o da Avon na Col\u00f4mbia. As informa\u00e7\u00f5es foram ditas pelo presidente executivo do conselho de administra\u00e7\u00e3o, Roberto Marques.<\/p>\n<h2>Braskem<\/h2>\n<p>A <a href=\"https:\/\/www.suno.com.br\/acoes\/brkm3\/\"><strong>Braskem<\/strong> (BRKM3)<\/a> assinou, na \u00faltima sexta-feira (3), um acordo com \u00f3rg\u00e3os federais e estaduais para resolver o caso judicial que j\u00e1 dura cerca de um ano em Alagoas. O custo inicial do acordo \u00e9 de R$ 2,7 bilh\u00f5es.<\/p>\n<p>O tratado ainda precisa de um aval da Justi\u00e7a para entrar em vigor. O objetivo \u00e9 acelerar a retirada de 17 mil moradores de \u00e1reas de risco em quatro bairros localizados em Macei\u00f3.<\/p>\n<p><a href=\"https:\/\/www.suno.com.br\/noticias\/veja-o-que-foi-noticias-enquanto-voce-se-desligou-no-fim-de-ano\/\">Veja tamb\u00e9m: Veja o que foi not\u00edcia enquanto voc\u00ea se desligou no fim de ano<\/a><\/p>\n<p>A Braskem j\u00e1 tem R$ 1,7 bilh\u00e3o reservado para a indeniza\u00e7\u00e3o das fam\u00edlias que ter\u00e3o que desapropriar cerca de 4,5 mil im\u00f3veis. Ademais, a empresa tamb\u00e9m j\u00e1 separou R$ 1 bilh\u00e3o para o fechamento de quatro po\u00e7os de extra\u00e7\u00e3o de sal-gema.<\/p>\n<h2>Petrobras<\/h2>\n<p>A <a href=\"https:\/\/www.suno.com.br\/acoes\/petr3\/\">Petrobras (PETR3)<\/a> protocolou um comunicado na comiss\u00e3o de valores mobili\u00e1rios dos Estados Unidos na \u00faltima sexta-feira (3). O informe trata da venda de 734 milh\u00f5es de a\u00e7\u00f5es na <a href=\"https:\/\/www.suno.com.br\/artigos\/nyse\/\">Bolsa de Valores de Nova York (NYSE)<\/a>. A data do in\u00edcio da opera\u00e7\u00e3o n\u00e3o foi divulgada, por\u00e9m o valor de mercado das a\u00e7\u00f5es chega a R$ 23,5 bilh\u00f5es. De acordo com o jornal &#8220;O Estado de S. Paulo&#8221;, as a\u00e7\u00f5es pertencem ao <strong><a href=\"https:\/\/www.suno.com.br\/artigos\/bndespar\/\">Banco Nacional de Desenvolvimento Econ\u00f4mico e Social (BNDES)<\/a><\/strong>.<\/p>\n<h2>Apple<\/h2>\n<p>O diretor executivo da <strong>Apple<\/strong>, Tim Cook, recebeu uma quantia abaixo do estimado no ano fiscal de 2019. O valor ficou em US$ 125 milh\u00f5es. A queda em rela\u00e7\u00e3o a 2018, quando recebeu US$ 136 milh\u00f5es, teve influencia de um b\u00f4nus mais baixo. O documento com as informa\u00e7\u00f5es financeiras do CEO da gigante de tecnologia foi divulgado na \u00faltima sexta-feira (3).<\/p>\n<h2>Hapvida<\/h2>\n<p>A <a href=\"https:\/\/www.suno.com.br\/acoes\/hapv3\/\"><strong>Hapvida<\/strong> (HAPV3)<\/a> anunciou o cancelamento do acordo para a transfer\u00eancia de 12 mil clientes da carteira da operadora <strong>Agemed<\/strong> <strong>Sa\u00fade<\/strong>. Por meio de um fato relevante, a operadora de plano de sa\u00fade comunicou o \u201cdistrato e o consequente cancelamento do protocolo de entendimentos para transfer\u00eancia volunt\u00e1ria e parcial da carteira de clientes de planos m\u00e9dicos, de cerca de 12 mil vidas, pertencente \u00e0 Agemed Sa\u00fade S.A. (Agemed).\u201d<\/p>\n<h2>JHSF<\/h2>\n<p>A construtora <a href=\"https:\/\/www.suno.com.br\/acoes\/jhsf3\/\"><strong>JHSF (JHSF3)<\/strong><\/a> enviou um comunicado no \u00faltimo domingo (5) \u00e0 <a href=\"https:\/\/www.suno.com.br\/artigos\/cvm\/\"><strong>Comiss\u00e3o de Valores Mobili\u00e1rios (CVM)<\/strong><\/a>, rebatendo acusa\u00e7\u00f5es realizadas pelo empres\u00e1rio Alexandre Accioly, s\u00f3cio da empresa nos restaurantes Gero e Fasano do Rio de Janeiro.<\/p>\n<p>Accioly acusou dois s\u00f3cios da companhia de praticarem \u201catos danosos \u00e0 empresa\u201d, ou seja, \u00e0 S\u00e3o Sebasti\u00e3o do Rio de Janeiro Administradora de Restaurantes e \u00e0 Gero Rio S.A.<\/p>\n<p>Em nota, a JHSF informou que os s\u00f3cios (JHSF, HMI e Rog\u00e9rio Fasano) \u201cenvidaram esfor\u00e7os para que disc\u00f3rdias com AA (Alexandre Accioly) fossem sanadas profissionalmente, por\u00e9m, em 23\/12\/19, a companhia tomou conhecimento que AA, de forma surpreendente e contr\u00e1ria \u00e0 busca de uma solu\u00e7\u00e3o amig\u00e1vel para o tema, ingressou com pedido de arbitragem\u201d no judici\u00e1rio.<\/p>\n<p>\u201c\u00c9 sabido que AA busca sair das Sociedades RJ e vem promovendo um cen\u00e1rio de disputa para alavancar a sua posi\u00e7\u00e3o nas sociedades\u201d, informa a nota.<\/p>\n<p>A <strong>Agenda<\/strong> <strong>do<\/strong> <strong>Dia<\/strong> da <a style=\"font-size: 1.21429rem;\" href=\"https:\/\/www.youtube.com\/channel\/UCWDeEIDAIi_oYKDiqwfGyRg\/videos\">Suno<\/a> mostra os principais acontecimentos que prometem movimentar o mercado durante o dia.<\/p>\n\n","protected":false},"excerpt":{"rendered":"<p>Os assuntos da Agenda do Dia desta segunda-feira (6) prometem mexer com o mercado interno e o externo. Fachada de loja da Natura (foto: divulga\u00e7\u00e3o) A Natura anunciou a conclus\u00e3o da aquisi\u00e7\u00e3o da Avon na \u00faltima sexta-feira (3). Enquanto isso, a Braskem assinou um acordo com \u00f3rg\u00e3os federais e estaduais para resolver o caso judicial [&hellip;]<\/p>\n","protected":false},"author":19,"featured_media":25859,"comment_status":"closed","ping_status":"closed","sticky":false,"template":"","format":"standard","meta":[],"categories":[64],"tags":[1980,794,395,497,574,595],"suno_strategy":[],"class_list":["post-48688","post","type-post","status-publish","format-standard","has-post-thumbnail","hentry","category-negocios","tag-agenda-do-dia","tag-apple-aapl34","tag-braskem-brkm3-brkm5-brkm6","tag-hapvida-hapv3","tag-natura-ntco3","tag-petrobras-petr4"],"yoast_head":"<!-- This site is optimized with the Yoast SEO plugin v24.4 - https:\/\/yoast.com\/wordpress\/plugins\/seo\/ -->\n<title>Agenda do Dia: Natura; Braskem; Petrobras; Apple; Hapvida<\/title>\n<meta name=\"description\" content=\"Agenda do Dia: Natura conclui aquisi\u00e7\u00e3o da Avon; Braskem; Petrobras; Apple; Hapvida e Agemed Sa\u00fade. Clique aqui para saber mais.\" \/>\n<meta name=\"robots\" content=\"index, follow, max-snippet:-1, max-image-preview:large, max-video-preview:-1\" \/>\n<link rel=\"canonical\" href=\"https:\/\/www.suno.com.br\/noticias\/agenda-do-dia-natura-braskem-petrobras-apple-hapvida\/\" \/>\n<meta property=\"og:locale\" content=\"pt_BR\" \/>\n<meta property=\"og:type\" content=\"article\" \/>\n<meta property=\"og:title\" content=\"Agenda do Dia: Natura; Braskem; Petrobras; Apple; Hapvida\" \/>\n<meta property=\"og:description\" content=\"Agenda do Dia: Natura conclui aquisi\u00e7\u00e3o da Avon; Braskem; Petrobras; Apple; Hapvida e Agemed Sa\u00fade. Clique aqui para saber mais.\" \/>\n<meta property=\"og:url\" content=\"https:\/\/www.suno.com.br\/noticias\/agenda-do-dia-natura-braskem-petrobras-apple-hapvida\/\" \/>\n<meta property=\"og:site_name\" content=\"Suno Not\u00edcias\" \/>\n<meta property=\"article:publisher\" content=\"https:\/\/facebook.com\/sunoresearch\" \/>\n<meta property=\"og:image\" content=\"https:\/\/files.sunoresearch.com.br\/n\/uploads\/2019\/05\/82317c25-natura.jpg\" \/>\n\t<meta property=\"og:image:width\" content=\"1000\" \/>\n\t<meta property=\"og:image:height\" content=\"686\" \/>\n\t<meta property=\"og:image:type\" content=\"image\/jpeg\" \/>\n<meta name=\"author\" content=\"Juliano Passaro\" \/>\n<meta name=\"twitter:card\" content=\"summary_large_image\" \/>\n<meta name=\"twitter:creator\" content=\"@sunoresearch\" \/>\n<meta name=\"twitter:site\" content=\"@sunoresearch\" \/>\n<meta name=\"twitter:label1\" content=\"Escrito por\" \/>\n\t<meta name=\"twitter:data1\" content=\"Juliano Passaro\" \/>\n\t<meta name=\"twitter:label2\" content=\"Est. tempo de leitura\" \/>\n\t<meta name=\"twitter:data2\" content=\"4 minutos\" \/>\n<script type=\"application\/ld+json\" class=\"yoast-schema-graph\">{\"@context\":\"https:\/\/schema.org\",\"@graph\":[{\"@type\":\"NewsArticle\",\"@id\":\"https:\/\/www.suno.com.br\/noticias\/agenda-do-dia-natura-braskem-petrobras-apple-hapvida\/#article\",\"isPartOf\":{\"@id\":\"https:\/\/www.suno.com.br\/noticias\/agenda-do-dia-natura-braskem-petrobras-apple-hapvida\/\"},\"author\":{\"name\":\"Juliano Passaro\",\"@id\":\"https:\/\/www.suno.com.br\/noticias\/#\/schema\/person\/1db762f78ffd8919a648a63e425953e3\"},\"headline\":\"Agenda do Dia: Natura; Braskem; Petrobras; Apple; Hapvida\",\"datePublished\":\"2020-01-06T11:55:44+00:00\",\"dateModified\":\"2021-06-14T03:23:23+00:00\",\"mainEntityOfPage\":{\"@id\":\"https:\/\/www.suno.com.br\/noticias\/agenda-do-dia-natura-braskem-petrobras-apple-hapvida\/\"},\"wordCount\":780,\"publisher\":{\"@id\":\"https:\/\/www.suno.com.br\/noticias\/#organization\"},\"image\":{\"@id\":\"https:\/\/www.suno.com.br\/noticias\/agenda-do-dia-natura-braskem-petrobras-apple-hapvida\/#primaryimage\"},\"thumbnailUrl\":\"https:\/\/files.sunoresearch.com.br\/n\/uploads\/2019\/05\/82317c25-natura-jpg.webp\",\"keywords\":[\"agenda do dia\",\"Apple (AAPL34)\",\"Braskem (BRKM3\/BRKM5\/BRKM6)\",\"Hapvida (HAPV3)\",\"Natura (NTCO3)\",\"Petrobras (PETR4)\"],\"articleSection\":[\"Neg\u00f3cios\"],\"inLanguage\":\"pt-BR\"},{\"@type\":\"WebPage\",\"@id\":\"https:\/\/www.suno.com.br\/noticias\/agenda-do-dia-natura-braskem-petrobras-apple-hapvida\/\",\"url\":\"https:\/\/www.suno.com.br\/noticias\/agenda-do-dia-natura-braskem-petrobras-apple-hapvida\/\",\"name\":\"Agenda do Dia: Natura; Braskem; Petrobras; Apple; Hapvida\",\"isPartOf\":{\"@id\":\"https:\/\/www.suno.com.br\/noticias\/#website\"},\"primaryImageOfPage\":{\"@id\":\"https:\/\/www.suno.com.br\/noticias\/agenda-do-dia-natura-braskem-petrobras-apple-hapvida\/#primaryimage\"},\"image\":{\"@id\":\"https:\/\/www.suno.com.br\/noticias\/agenda-do-dia-natura-braskem-petrobras-apple-hapvida\/#primaryimage\"},\"thumbnailUrl\":\"https:\/\/files.sunoresearch.com.br\/n\/uploads\/2019\/05\/82317c25-natura-jpg.webp\",\"datePublished\":\"2020-01-06T11:55:44+00:00\",\"dateModified\":\"2021-06-14T03:23:23+00:00\",\"description\":\"Agenda do Dia: Natura conclui aquisi\u00e7\u00e3o da Avon; Braskem; Petrobras; Apple; Hapvida e Agemed Sa\u00fade. Clique aqui para saber mais.\",\"breadcrumb\":{\"@id\":\"https:\/\/www.suno.com.br\/noticias\/agenda-do-dia-natura-braskem-petrobras-apple-hapvida\/#breadcrumb\"},\"inLanguage\":\"pt-BR\",\"potentialAction\":[{\"@type\":\"ReadAction\",\"target\":[\"https:\/\/www.suno.com.br\/noticias\/agenda-do-dia-natura-braskem-petrobras-apple-hapvida\/\"]}]},{\"@type\":\"ImageObject\",\"inLanguage\":\"pt-BR\",\"@id\":\"https:\/\/www.suno.com.br\/noticias\/agenda-do-dia-natura-braskem-petrobras-apple-hapvida\/#primaryimage\",\"url\":\"https:\/\/files.sunoresearch.com.br\/n\/uploads\/2019\/05\/82317c25-natura-jpg.webp\",\"contentUrl\":\"https:\/\/files.sunoresearch.com.br\/n\/uploads\/2019\/05\/82317c25-natura-jpg.webp\",\"width\":1000,\"height\":686,\"caption\":\"Fachada de loja da Natura (foto: divulga\u00e7\u00e3o)\"},{\"@type\":\"BreadcrumbList\",\"@id\":\"https:\/\/www.suno.com.br\/noticias\/agenda-do-dia-natura-braskem-petrobras-apple-hapvida\/#breadcrumb\",\"itemListElement\":[{\"@type\":\"ListItem\",\"position\":1,\"name\":\"Not\u00edcias\",\"item\":\"https:\/\/www.suno.com.br\/noticias\/\"},{\"@type\":\"ListItem\",\"position\":2,\"name\":\"Neg\u00f3cios\",\"item\":\"https:\/\/www.suno.com.br\/noticias\/negocios\/\"},{\"@type\":\"ListItem\",\"position\":3,\"name\":\"Agenda do Dia: Natura; Braskem; Petrobras; Apple; Hapvida\"}]},{\"@type\":\"WebSite\",\"@id\":\"https:\/\/www.suno.com.br\/noticias\/#website\",\"url\":\"https:\/\/www.suno.com.br\/noticias\/\",\"name\":\"Suno Not\u00edcias\",\"description\":\"Seu portal de informa\u00e7\u00e3o sobre o mundo dos investimentos\",\"publisher\":{\"@id\":\"https:\/\/www.suno.com.br\/noticias\/#organization\"},\"potentialAction\":[{\"@type\":\"SearchAction\",\"target\":{\"@type\":\"EntryPoint\",\"urlTemplate\":\"https:\/\/www.suno.com.br\/noticias\/?s={search_term_string}\"},\"query-input\":{\"@type\":\"PropertyValueSpecification\",\"valueRequired\":true,\"valueName\":\"search_term_string\"}}],\"inLanguage\":\"pt-BR\"},{\"@type\":\"Organization\",\"@id\":\"https:\/\/www.suno.com.br\/noticias\/#organization\",\"name\":\"Suno Not\u00edcias\",\"url\":\"https:\/\/www.suno.com.br\/noticias\/\",\"logo\":{\"@type\":\"ImageObject\",\"inLanguage\":\"pt-BR\",\"@id\":\"https:\/\/www.suno.com.br\/noticias\/#\/schema\/logo\/image\/\",\"url\":\"https:\/\/files.sunoresearch.com.br\/n\/uploads\/2021\/09\/suno-logo.png\",\"contentUrl\":\"https:\/\/files.sunoresearch.com.br\/n\/uploads\/2021\/09\/suno-logo.png\",\"width\":180,\"height\":180,\"caption\":\"Suno Not\u00edcias\"},\"image\":{\"@id\":\"https:\/\/www.suno.com.br\/noticias\/#\/schema\/logo\/image\/\"},\"sameAs\":[\"https:\/\/facebook.com\/sunoresearch\",\"https:\/\/x.com\/sunoresearch\",\"https:\/\/www.instagram.com\/suno\",\"https:\/\/www.linkedin.com\/company\/suno-research\/\",\"https:\/\/www.youtube.com\/c\/sunoresearch\"]},{\"@type\":\"Person\",\"@id\":\"https:\/\/www.suno.com.br\/noticias\/#\/schema\/person\/1db762f78ffd8919a648a63e425953e3\",\"name\":\"Juliano Passaro\",\"image\":{\"@type\":\"ImageObject\",\"inLanguage\":\"pt-BR\",\"@id\":\"https:\/\/www.suno.com.br\/noticias\/#\/schema\/person\/image\/\",\"url\":\"https:\/\/secure.gravatar.com\/avatar\/743d4df28eebf6dcc46b4ad03c319e92?s=96&r=g\",\"contentUrl\":\"https:\/\/secure.gravatar.com\/avatar\/743d4df28eebf6dcc46b4ad03c319e92?s=96&r=g\",\"caption\":\"Juliano Passaro\"},\"description\":\"Juliano Passaro escreve sobre pol\u00edtica, economia e neg\u00f3cios para o portal da Suno Research. Antes da Suno, trabalhou no Portal da Band. \u00c9 formado em jornalismo pela Universidade Presbiteriana Mackenzie.\",\"url\":\"https:\/\/www.suno.com.br\/noticias\/author\/juliano\/\"}]}<\/script>\n<!-- \/ Yoast SEO plugin. -->","yoast_head_json":{"title":"Agenda do Dia: Natura; Braskem; Petrobras; Apple; Hapvida","description":"Agenda do Dia: Natura conclui aquisi\u00e7\u00e3o da Avon; Braskem; Petrobras; Apple; Hapvida e Agemed Sa\u00fade. Clique aqui para saber mais.","robots":{"index":"index","follow":"follow","max-snippet":"max-snippet:-1","max-image-preview":"max-image-preview:large","max-video-preview":"max-video-preview:-1"},"canonical":"https:\/\/www.suno.com.br\/noticias\/agenda-do-dia-natura-braskem-petrobras-apple-hapvida\/","og_locale":"pt_BR","og_type":"article","og_title":"Agenda do Dia: Natura; Braskem; Petrobras; Apple; Hapvida","og_description":"Agenda do Dia: Natura conclui aquisi\u00e7\u00e3o da Avon; Braskem; Petrobras; Apple; Hapvida e Agemed Sa\u00fade. Clique aqui para saber mais.","og_url":"https:\/\/www.suno.com.br\/noticias\/agenda-do-dia-natura-braskem-petrobras-apple-hapvida\/","og_site_name":"Suno Not\u00edcias","article_publisher":"https:\/\/facebook.com\/sunoresearch","og_image":[{"width":1000,"height":686,"url":"https:\/\/files.sunoresearch.com.br\/n\/uploads\/2019\/05\/82317c25-natura.jpg","type":"image\/jpeg"}],"author":"Juliano Passaro","twitter_card":"summary_large_image","twitter_creator":"@sunoresearch","twitter_site":"@sunoresearch","twitter_misc":{"Escrito por":"Juliano Passaro","Est. tempo de leitura":"4 minutos"},"schema":{"@context":"https:\/\/schema.org","@graph":[{"@type":"NewsArticle","@id":"https:\/\/www.suno.com.br\/noticias\/agenda-do-dia-natura-braskem-petrobras-apple-hapvida\/#article","isPartOf":{"@id":"https:\/\/www.suno.com.br\/noticias\/agenda-do-dia-natura-braskem-petrobras-apple-hapvida\/"},"author":{"name":"Juliano Passaro","@id":"https:\/\/www.suno.com.br\/noticias\/#\/schema\/person\/1db762f78ffd8919a648a63e425953e3"},"headline":"Agenda do Dia: Natura; Braskem; Petrobras; Apple; Hapvida","datePublished":"2020-01-06T11:55:44+00:00","dateModified":"2021-06-14T03:23:23+00:00","mainEntityOfPage":{"@id":"https:\/\/www.suno.com.br\/noticias\/agenda-do-dia-natura-braskem-petrobras-apple-hapvida\/"},"wordCount":780,"publisher":{"@id":"https:\/\/www.suno.com.br\/noticias\/#organization"},"image":{"@id":"https:\/\/www.suno.com.br\/noticias\/agenda-do-dia-natura-braskem-petrobras-apple-hapvida\/#primaryimage"},"thumbnailUrl":"https:\/\/files.sunoresearch.com.br\/n\/uploads\/2019\/05\/82317c25-natura-jpg.webp","keywords":["agenda do dia","Apple (AAPL34)","Braskem (BRKM3\/BRKM5\/BRKM6)","Hapvida (HAPV3)","Natura (NTCO3)","Petrobras (PETR4)"],"articleSection":["Neg\u00f3cios"],"inLanguage":"pt-BR"},{"@type":"WebPage","@id":"https:\/\/www.suno.com.br\/noticias\/agenda-do-dia-natura-braskem-petrobras-apple-hapvida\/","url":"https:\/\/www.suno.com.br\/noticias\/agenda-do-dia-natura-braskem-petrobras-apple-hapvida\/","name":"Agenda do Dia: Natura; Braskem; Petrobras; Apple; Hapvida","isPartOf":{"@id":"https:\/\/www.suno.com.br\/noticias\/#website"},"primaryImageOfPage":{"@id":"https:\/\/www.suno.com.br\/noticias\/agenda-do-dia-natura-braskem-petrobras-apple-hapvida\/#primaryimage"},"image":{"@id":"https:\/\/www.suno.com.br\/noticias\/agenda-do-dia-natura-braskem-petrobras-apple-hapvida\/#primaryimage"},"thumbnailUrl":"https:\/\/files.sunoresearch.com.br\/n\/uploads\/2019\/05\/82317c25-natura-jpg.webp","datePublished":"2020-01-06T11:55:44+00:00","dateModified":"2021-06-14T03:23:23+00:00","description":"Agenda do Dia: Natura conclui aquisi\u00e7\u00e3o da Avon; Braskem; Petrobras; Apple; Hapvida e Agemed Sa\u00fade. Clique aqui para saber mais.","breadcrumb":{"@id":"https:\/\/www.suno.com.br\/noticias\/agenda-do-dia-natura-braskem-petrobras-apple-hapvida\/#breadcrumb"},"inLanguage":"pt-BR","potentialAction":[{"@type":"ReadAction","target":["https:\/\/www.suno.com.br\/noticias\/agenda-do-dia-natura-braskem-petrobras-apple-hapvida\/"]}]},{"@type":"ImageObject","inLanguage":"pt-BR","@id":"https:\/\/www.suno.com.br\/noticias\/agenda-do-dia-natura-braskem-petrobras-apple-hapvida\/#primaryimage","url":"https:\/\/files.sunoresearch.com.br\/n\/uploads\/2019\/05\/82317c25-natura-jpg.webp","contentUrl":"https:\/\/files.sunoresearch.com.br\/n\/uploads\/2019\/05\/82317c25-natura-jpg.webp","width":1000,"height":686,"caption":"Fachada de loja da Natura (foto: divulga\u00e7\u00e3o)"},{"@type":"BreadcrumbList","@id":"https:\/\/www.suno.com.br\/noticias\/agenda-do-dia-natura-braskem-petrobras-apple-hapvida\/#breadcrumb","itemListElement":[{"@type":"ListItem","position":1,"name":"Not\u00edcias","item":"https:\/\/www.suno.com.br\/noticias\/"},{"@type":"ListItem","position":2,"name":"Neg\u00f3cios","item":"https:\/\/www.suno.com.br\/noticias\/negocios\/"},{"@type":"ListItem","position":3,"name":"Agenda do Dia: Natura; Braskem; Petrobras; Apple; Hapvida"}]},{"@type":"WebSite","@id":"https:\/\/www.suno.com.br\/noticias\/#website","url":"https:\/\/www.suno.com.br\/noticias\/","name":"Suno Not\u00edcias","description":"Seu portal de informa\u00e7\u00e3o sobre o mundo dos investimentos","publisher":{"@id":"https:\/\/www.suno.com.br\/noticias\/#organization"},"potentialAction":[{"@type":"SearchAction","target":{"@type":"EntryPoint","urlTemplate":"https:\/\/www.suno.com.br\/noticias\/?s={search_term_string}"},"query-input":{"@type":"PropertyValueSpecification","valueRequired":true,"valueName":"search_term_string"}}],"inLanguage":"pt-BR"},{"@type":"Organization","@id":"https:\/\/www.suno.com.br\/noticias\/#organization","name":"Suno Not\u00edcias","url":"https:\/\/www.suno.com.br\/noticias\/","logo":{"@type":"ImageObject","inLanguage":"pt-BR","@id":"https:\/\/www.suno.com.br\/noticias\/#\/schema\/logo\/image\/","url":"https:\/\/files.sunoresearch.com.br\/n\/uploads\/2021\/09\/suno-logo.png","contentUrl":"https:\/\/files.sunoresearch.com.br\/n\/uploads\/2021\/09\/suno-logo.png","width":180,"height":180,"caption":"Suno Not\u00edcias"},"image":{"@id":"https:\/\/www.suno.com.br\/noticias\/#\/schema\/logo\/image\/"},"sameAs":["https:\/\/facebook.com\/sunoresearch","https:\/\/x.com\/sunoresearch","https:\/\/www.instagram.com\/suno","https:\/\/www.linkedin.com\/company\/suno-research\/","https:\/\/www.youtube.com\/c\/sunoresearch"]},{"@type":"Person","@id":"https:\/\/www.suno.com.br\/noticias\/#\/schema\/person\/1db762f78ffd8919a648a63e425953e3","name":"Juliano Passaro","image":{"@type":"ImageObject","inLanguage":"pt-BR","@id":"https:\/\/www.suno.com.br\/noticias\/#\/schema\/person\/image\/","url":"https:\/\/secure.gravatar.com\/avatar\/743d4df28eebf6dcc46b4ad03c319e92?s=96&r=g","contentUrl":"https:\/\/secure.gravatar.com\/avatar\/743d4df28eebf6dcc46b4ad03c319e92?s=96&r=g","caption":"Juliano Passaro"},"description":"Juliano Passaro escreve sobre pol\u00edtica, economia e neg\u00f3cios para o portal da Suno Research. Antes da Suno, trabalhou no Portal da Band. \u00c9 formado em jornalismo pela Universidade Presbiteriana Mackenzie.","url":"https:\/\/www.suno.com.br\/noticias\/author\/juliano\/"}]}},"default_loop_html":"<div class=\"cardsPage__listCard__boxs\"><div class=\"cardsPage__listCard__boxs__img\"><a href=\"https:\/\/www.suno.com.br\/noticias\/agenda-do-dia-natura-braskem-petrobras-apple-hapvida\/\"><img class=\"mask\" src=\"https:\/\/www.suno.com.br\/noticias\/wp-content\/themes\/suno\/resources\/images\/spotlight\/spotlight1img\/bg-mask.png\" alt=\"Image Mask\"\/><img src=\"https:\/\/files.sunoresearch.com.br\/n\/uploads\/2019\/05\/82317c25-natura-400x200.webp\" alt=\"Agenda do Dia: Natura; Braskem; Petrobras; Apple; Hapvida\"\/><\/a><span class=\"spotlightCategory\"><a href=\"https:\/\/www.suno.com.br\/noticias\/negocios\/\">Neg\u00f3cios<\/a><\/span><\/div><div class=\"cardsPage__listCard__boxs__content\"><a href=\"https:\/\/www.suno.com.br\/noticias\/agenda-do-dia-natura-braskem-petrobras-apple-hapvida\/\"><h2 class=\"content__title\">Agenda do Dia: Natura; Braskem; Petrobras; Apple; Hapvida<\/h2><\/a><div class=\"newsContent__article__meta\"><div class=\"newsContent__article__meta__authorBox\"><a href=\"https:\/\/www.suno.com.br\/noticias\/author\/juliano\/\" class=\"authorBox__avatar noMobi\"><img src=\"https:\/\/files.sunoresearch.com.br\/n\/uploads\/2019\/06\/7cc3efea-whatsapp-image-2019-07-18-at-21.59.33-e1563499821209-150x150.webp\" alt=\"Juliano Passaro\"><\/a><div class=\"authorBox__name\"><span>por\n\t\t\t<a href=\"https:\/\/www.suno.com.br\/noticias\/author\/juliano\/\"><span itemprop=\"author\">Juliano Passaro<\/span><\/a><\/span><time datetime=\"2020-01-06T09:55:44-03:00\" itemprop=\"datePublished\">06\/01\/2020 09:55<\/time><\/div><\/div><\/div><\/div><\/div>","single_layout":"posts","amp_enabled":true,"_links":{"self":[{"href":"https:\/\/www.suno.com.br\/noticias\/wp-json\/wp\/v2\/posts\/48688"}],"collection":[{"href":"https:\/\/www.suno.com.br\/noticias\/wp-json\/wp\/v2\/posts"}],"about":[{"href":"https:\/\/www.suno.com.br\/noticias\/wp-json\/wp\/v2\/types\/post"}],"author":[{"embeddable":true,"href":"https:\/\/www.suno.com.br\/noticias\/wp-json\/wp\/v2\/users\/19"}],"replies":[{"embeddable":true,"href":"https:\/\/www.suno.com.br\/noticias\/wp-json\/wp\/v2\/comments?post=48688"}],"version-history":[{"count":1,"href":"https:\/\/www.suno.com.br\/noticias\/wp-json\/wp\/v2\/posts\/48688\/revisions"}],"predecessor-version":[{"id":157656,"href":"https:\/\/www.suno.com.br\/noticias\/wp-json\/wp\/v2\/posts\/48688\/revisions\/157656"}],"wp:featuredmedia":[{"embeddable":true,"href":"https:\/\/www.suno.com.br\/noticias\/wp-json\/wp\/v2\/media\/25859"}],"wp:attachment":[{"href":"https:\/\/www.suno.com.br\/noticias\/wp-json\/wp\/v2\/media?parent=48688"}],"wp:term":[{"taxonomy":"category","embeddable":true,"href":"https:\/\/www.suno.com.br\/noticias\/wp-json\/wp\/v2\/categories?post=48688"},{"taxonomy":"post_tag","embeddable":true,"href":"https:\/\/www.suno.com.br\/noticias\/wp-json\/wp\/v2\/tags?post=48688"},{"taxonomy":"suno_strategy","embeddable":true,"href":"https:\/\/www.suno.com.br\/noticias\/wp-json\/wp\/v2\/suno_strategy?post=48688"}],"curies":[{"name":"wp","href":"https:\/\/api.w.org\/{rel}","templated":true}]}}