{"id":48685,"date":"2020-01-06T09:40:58","date_gmt":"2020-01-06T11:40:58","guid":{"rendered":"https:\/\/www.suno.com.br\/noticias\/?p=48685"},"modified":"2020-01-06T09:48:14","modified_gmt":"2020-01-06T11:48:14","slug":"veja-o-que-foi-noticias-enquanto-voce-se-desligou-no-fim-de-ano","status":"publish","type":"post","link":"https:\/\/www.suno.com.br\/noticias\/veja-o-que-foi-noticias-enquanto-voce-se-desligou-no-fim-de-ano\/","title":{"rendered":"Veja o que foi not\u00edcia enquanto voc\u00ea se desligou no fim de ano"},"content":{"rendered":"<p>O per\u00edodo de recesso de f\u00e9rias foi marcado por not\u00edcias internacionais e nacionais que movimentam o mercado nesta segunda-feira (6).<\/p>\t<div class=\"wrapper-featured-image\">\n\t\t<figure class=\"spotlightImg\">\n\n\t\t\t<picture>\n\t\t\t\t<source media=\"(max-width: 768px)\" srcset=\"https:\/\/files.sunoresearch.com.br\/n\/uploads\/2019\/06\/d38a09be-petr\u00f3leo-400x200.webp\">\n\t\t\t\t<img loading=\"lazy\" decoding=\"async\" class=\"newsContent__article__imgCapa lazyloadDisabled newsContent__article__imgCapa--noCaption\" src=\"https:\/\/files.sunoresearch.com.br\/n\/uploads\/2019\/06\/d38a09be-petr\u00f3leo-800x450.webp\" width=\"800\" height=\"450\" alt=\"Veja o que foi not\u00edcia enquanto voc\u00ea se desligou no fim de ano\" fetchpriority=high \/>\n\t\t\t<\/picture>\n\n\t\t\t<figcaption class=\"wp-caption-text wp-caption-text--hide\">Veja quais foram as not\u00edcias enquanto voc\u00ea se desligou no fim de ano<\/figcaption>\n\t\t<\/figure>\n\t<\/div>\n\n\n\n<p>Entre os destaques est\u00e1 a escalada de tens\u00f5es entre os<strong> Estados Unidos<\/strong> e <strong>Ir\u00e3<\/strong>. Al\u00e9m disso, o an\u00fancio da<strong><a href=\"https:\/\/www.suno.com.br\/artigos\/curso-bolsa-de-valores\/\"> Bolsa de Valores de S\u00e3o Paulo<\/a><\/strong> sobre sua nova pol\u00edtica de tarifas e a <strong>not\u00edcia<\/strong> de aumento do <strong>sal\u00e1rio m\u00ednimo<\/strong>.<\/p>\n<p>Ademais, o ex-presidente das montadoras Renault e Nissan, <strong><a href=\"https:\/\/www.suno.com.br\/tudo-sobre\/carlos-ghosn\/\">Carlos Ghosn<\/a><\/strong>, foi condenado pelas autoridades japonesas como fuga &#8220;injustific\u00e1vel&#8221;.<\/p>\n<h2>Confira as \u00faltimas not\u00edcias:<\/h2>\n<h3>EUA X Ir\u00e3<\/h3>\n<p>A escalada de tens\u00e3o entre os <strong>Estados Unidos<\/strong> e o <strong>Ir\u00e3<\/strong> tiveram como marco o assassinato pelo pa\u00eds norte-americano do general iraniano <strong>Qassem Soleimani<\/strong>, o segundo homem mais poderoso do Ir\u00e3, na madrugada da \u00faltima sexta-feira (3).<\/p>\n<p>Desde maio de 2018, quando o presidente Donald Trump se retirou do acordo nuclear assinado entre o Ir\u00e3 e as principais pot\u00eancias globais, a tens\u00e3o entre <strong>Washington<\/strong> e <strong>Teer\u00e3<\/strong> vem crescendo.<\/p>\n<p>O l\u00edder supremo do Ir\u00e3, <strong>aiatol\u00e1 Ali Khamenei<\/strong> e o presidente <strong>Hassan Rouhani<\/strong> prometeram vingan\u00e7a ap\u00f3s a morte do general.<\/p>\n\t<p>\n\t\t<a href=\"https:\/\/www.suno.com.br\/asset\/fundos\/suno-acoes-xp-seg-prev\/\" target=\"_blank\" data-element=\"shortcode-suno-banner\" title=\"Banner SUNO, clique e saiba mais\">\n\t\t\t<picture>\n\t\t\t\t<source media=\"(max-width: 500px)\" srcset=\"https:\/\/files.sunoresearch.com.br\/n\/uploads\/2023\/10\/SUNOPREV-v2-400x300-Mobile-Artigos-3.png\">\n\t\t\t\t<img class=\"newsContent__article__imgCapa newsContent__article__imgCapa--banner\"\n\t\t\t\t\tsrc=\"https:\/\/files.sunoresearch.com.br\/n\/uploads\/2023\/10\/SUNOPREV-v2-1420x240-Banner-Artigos-1-_-Banner-Materias-1.png\"\n\t\t\t\t\tdata-promo-id=\"476311\"\t\t\t\t\t\t\t\t\t\twidth='1420' height='240'\t\t\t\t\talt=\"https:\/\/files.sunoresearch.com.br\/n\/uploads\/2023\/10\/SUNOPREV-v2-1420x240-Banner-Artigos-1-_-Banner-Materias-1.png\"\n\t\t\t\t>\n\t\t\t<\/picture>\n\t\t<\/a>\n\t<\/p>\n\n\n<p>&#8220;Se Deus quiser, sua obra e seu caminho n\u00e3o v\u00e3o parar aqui e uma vingan\u00e7a implac\u00e1vel espera os criminosos que encheram as m\u00e3os com seu sangue e a de outros m\u00e1rtires&#8221;, afirmou o aiatol\u00e1 Khamenei.<\/p>\n<p>Em resposta, no \u00faltimo s\u00e1bado (4), Trump fez duas amea\u00e7as de ataques militares ao Ir\u00e3. Na primeira, o presidente norte-americano informou que tem uma lista de 52 alvos iranianos. Na segunda, afirmou que poderia adotar uma rea\u00e7\u00e3o &#8220;desproporcional&#8221; a uma eventual ofensiva iraniana contra indiv\u00edduos ou bases americanas.<\/p>\n<h3>Novas tarifas da B3<\/h3>\n<p>A Brasil Bolsa Balc\u00e3o <a href=\"https:\/\/www.suno.com.br\/acoes\/b3sa3\/\">(B3SA3)<\/a>, bolsa de valores de S\u00e3o Paulo, anunciou na \u00faltima quinta-feira (2) a nova pol\u00edtica de tarifas.<\/p>\n<p>A taxa mensal de manuten\u00e7\u00e3o de conta, que atualmente est\u00e1, em aproximadamente, R$ 110 ao ano, ser\u00e1 zerada. De acordo com a institui\u00e7\u00e3o, o objetivo da redu\u00e7\u00e3o \u00e9 permitir que as corretoras ampliem a base de clientes de pessoas f\u00edsicas.<\/p>\n<p>Al\u00e9m disso, a tarifa cobrada na negocia\u00e7\u00e3o de a\u00e7\u00f5es caiu cerca de 10% para as pessoas f\u00edsicas em geral. Os clientes que tiverem at\u00e9 R$ 20 mil de saldo em cust\u00f3dia em uma mesma corretora ser\u00e3o isentos das demais taxas de manuten\u00e7\u00e3o de conta.<\/p>\n<p><a href=\"\/\/www.suno.com.br\/noticias\/mirae-troca-jbs-por-b3\/\">Confira Tamb\u00e9m: Mirae troca JBS por B3 em carteira de a\u00e7\u00f5es recomendadas<\/a><\/p>\n<p>No entanto, a aten\u00e7\u00e3o dos investidores est\u00e1 voltada para a cria\u00e7\u00e3o de uma nova taxa que vai incidir sobre os dividendos e juros sobre capital pr\u00f3prio. <span style=\"font-size: 1.21429rem;\">Conforme o documento da B3 a nova tarifa ser\u00e1 cobrada como contrapresta\u00e7\u00e3o do servi\u00e7o de atualiza\u00e7\u00e3o, concilia\u00e7\u00e3o e liquida\u00e7\u00e3o dos eventos corporativos em dinheiro. <\/span><\/p>\n<p><span style=\"font-size: 1.21429rem;\">A taxa a ser cobrada ter\u00e1 um percentual fixo de 0,12% sobre o valor a ser repassado por conta de cust\u00f3dia. Esse valor ser\u00e1 aplicado aos investidores que possuem investimentos a partir de R$ 20 mil.<\/span><\/p>\n<h3>Carlos Ghosn<\/h3>\n<p>As autoridades do Jap\u00e3o condenaram no \u00faltimo domingo (5) como fuga injustific\u00e1vel do ex-presidente das montadoras Renault e Nissan, Carlos Ghosn, para o L\u00edbano.\u00a0Ademais, rejeitaram as acusa\u00e7\u00f5es de Ghosn contra a Justi\u00e7a japonesa.<\/p>\n<p>O ex-presidente chegou ao L\u00edbano na \u00faltima segunda-feira (30), no entanto, estava proibido de deixar o Jap\u00e3o, onde estava em liberdade condicional desde abril de 2019, \u00e0 espera de julgamento.<\/p>\n<p><a href=\"\/\/www.suno.com.br\/noticias\/investigacao-de-carlos-ghosn-na-nissan-pode-ter-conflitos-de-interesse\/\">Confira Tamb\u00e9m: Investiga\u00e7\u00e3o de Carlos Ghosn na Nissan pode ter conflitos de interesse, diz jornal<\/a><\/p>\n<p>&#8220;O sistema penal do nosso pa\u00eds disp\u00f5e de procedimentos adequados para estabelecer a verdade nos casos e \u00e9 administrado corretamente, de modo a garantir os direitos humanos fundamentais. A fuga de um r\u00e9u em liberdade sob fian\u00e7a \u00e9 injustific\u00e1vel&#8221; informou a ministra da Justi\u00e7a japonesa, Masako Mori.<\/p>\n<p>As autoridades suspeitam que Ghosn tenha usado &#8220;meios ilegais&#8221; para deixar o pa\u00eds.<\/p>\n<h3>Sal\u00e1rio m\u00ednimo<\/h3>\n<p>Na \u00faltima ter\u00e7a-feira (31) o presidente da Rep\u00fablica, Jair Bolsonaro, editou a medida provis\u00f3rio (MP) que aumentou o sal\u00e1rio m\u00ednimo de R$ 998 para R$ 1.039. Esse valor est\u00e1 em vigor desde o 1\u00b0 dia do ano de 2020.<\/p>\n<p><a href=\"\/\/www.suno.com.br\/noticias\/limite-cheque-especial\/\">Confira Tamb\u00e9m: Limite do cheque especial entra em vigor nesta segunda-feira<\/a><\/p>\n<p>O valor corresponde ao reajuste da infla\u00e7\u00e3o do ano, que encerrou em 2019 em 4,1%, segundo o \u00cdndice Nacional do Pre\u00e7os ao Consumidor (INPC), calculado pelo Instituto Brasileiro de Geografia e Estat\u00edstica (IBGE).<\/p>\n\n","protected":false},"excerpt":{"rendered":"<p>O per\u00edodo de recesso de f\u00e9rias foi marcado por not\u00edcias internacionais e nacionais que movimentam o mercado nesta segunda-feira (6). Veja quais foram as not\u00edcias enquanto voc\u00ea se desligou no fim de ano Entre os destaques est\u00e1 a escalada de tens\u00f5es entre os Estados Unidos e Ir\u00e3. Al\u00e9m disso, o an\u00fancio da Bolsa de Valores [&hellip;]<\/p>\n","protected":false},"author":15,"featured_media":28760,"comment_status":"closed","ping_status":"closed","sticky":false,"template":"","format":"standard","meta":[],"categories":[60],"tags":[793,1458],"suno_strategy":[],"class_list":["post-48685","post","type-post","status-publish","format-standard","has-post-thumbnail","hentry","category-mercado","tag-estados-unidos-eua","tag-ira"],"yoast_head":"<!-- This site is optimized with the Yoast SEO plugin v24.4 - https:\/\/yoast.com\/wordpress\/plugins\/seo\/ -->\n<title>Veja quais foram as not\u00edcias enquanto voc\u00ea se desligou no fim de ano<\/title>\n<meta name=\"description\" content=\"O per\u00edodo de recesso de f\u00e9rias foi marcado por not\u00edcias que movimenta o mercado nesta segunda-feira (6).\u00a0Clique aqui e saiba mais\" \/>\n<meta name=\"robots\" content=\"index, follow, max-snippet:-1, max-image-preview:large, max-video-preview:-1\" \/>\n<link rel=\"canonical\" href=\"https:\/\/www.suno.com.br\/noticias\/veja-o-que-foi-noticias-enquanto-voce-se-desligou-no-fim-de-ano\/\" \/>\n<meta property=\"og:locale\" content=\"pt_BR\" \/>\n<meta property=\"og:type\" content=\"article\" \/>\n<meta property=\"og:title\" content=\"Veja quais foram as not\u00edcias enquanto voc\u00ea se desligou no fim de ano\" \/>\n<meta property=\"og:description\" content=\"O per\u00edodo de recesso de f\u00e9rias foi marcado por not\u00edcias que movimenta o mercado nesta segunda-feira (6).\u00a0Clique aqui e saiba mais\" \/>\n<meta property=\"og:url\" content=\"https:\/\/www.suno.com.br\/noticias\/veja-o-que-foi-noticias-enquanto-voce-se-desligou-no-fim-de-ano\/\" \/>\n<meta property=\"og:site_name\" content=\"Suno Not\u00edcias\" \/>\n<meta property=\"article:publisher\" content=\"https:\/\/facebook.com\/sunoresearch\" \/>\n<meta property=\"og:image\" content=\"https:\/\/files.sunoresearch.com.br\/n\/uploads\/2019\/06\/d38a09be-petr\u00f3leo.jpeg\" \/>\n\t<meta property=\"og:image:width\" content=\"1250\" \/>\n\t<meta property=\"og:image:height\" content=\"1250\" \/>\n\t<meta property=\"og:image:type\" content=\"image\/jpeg\" \/>\n<meta name=\"author\" content=\"Poliana Santos\" \/>\n<meta name=\"twitter:card\" content=\"summary_large_image\" \/>\n<meta name=\"twitter:creator\" content=\"@sunoresearch\" \/>\n<meta name=\"twitter:site\" content=\"@sunoresearch\" \/>\n<meta name=\"twitter:label1\" content=\"Escrito por\" \/>\n\t<meta name=\"twitter:data1\" content=\"Poliana Santos\" \/>\n\t<meta name=\"twitter:label2\" content=\"Est. tempo de leitura\" \/>\n\t<meta name=\"twitter:data2\" content=\"4 minutos\" \/>\n<script type=\"application\/ld+json\" class=\"yoast-schema-graph\">{\"@context\":\"https:\/\/schema.org\",\"@graph\":[{\"@type\":\"NewsArticle\",\"@id\":\"https:\/\/www.suno.com.br\/noticias\/veja-o-que-foi-noticias-enquanto-voce-se-desligou-no-fim-de-ano\/#article\",\"isPartOf\":{\"@id\":\"https:\/\/www.suno.com.br\/noticias\/veja-o-que-foi-noticias-enquanto-voce-se-desligou-no-fim-de-ano\/\"},\"author\":{\"name\":\"Poliana Santos\",\"@id\":\"https:\/\/www.suno.com.br\/noticias\/#\/schema\/person\/02ec1f752758247878a2bf4abee1aeda\"},\"headline\":\"Veja o que foi not\u00edcia enquanto voc\u00ea se desligou no fim de ano\",\"datePublished\":\"2020-01-06T11:40:58+00:00\",\"dateModified\":\"2020-01-06T11:48:14+00:00\",\"mainEntityOfPage\":{\"@id\":\"https:\/\/www.suno.com.br\/noticias\/veja-o-que-foi-noticias-enquanto-voce-se-desligou-no-fim-de-ano\/\"},\"wordCount\":771,\"publisher\":{\"@id\":\"https:\/\/www.suno.com.br\/noticias\/#organization\"},\"image\":{\"@id\":\"https:\/\/www.suno.com.br\/noticias\/veja-o-que-foi-noticias-enquanto-voce-se-desligou-no-fim-de-ano\/#primaryimage\"},\"thumbnailUrl\":\"https:\/\/files.sunoresearch.com.br\/n\/uploads\/2019\/06\/d38a09be-petr\u00f3leo-jpeg.webp\",\"keywords\":[\"Estados Unidos (EUA)\",\"Ir\u00e3\"],\"articleSection\":[\"Mercado\"],\"inLanguage\":\"pt-BR\"},{\"@type\":\"WebPage\",\"@id\":\"https:\/\/www.suno.com.br\/noticias\/veja-o-que-foi-noticias-enquanto-voce-se-desligou-no-fim-de-ano\/\",\"url\":\"https:\/\/www.suno.com.br\/noticias\/veja-o-que-foi-noticias-enquanto-voce-se-desligou-no-fim-de-ano\/\",\"name\":\"Veja quais foram as not\u00edcias enquanto voc\u00ea se desligou no fim de ano\",\"isPartOf\":{\"@id\":\"https:\/\/www.suno.com.br\/noticias\/#website\"},\"primaryImageOfPage\":{\"@id\":\"https:\/\/www.suno.com.br\/noticias\/veja-o-que-foi-noticias-enquanto-voce-se-desligou-no-fim-de-ano\/#primaryimage\"},\"image\":{\"@id\":\"https:\/\/www.suno.com.br\/noticias\/veja-o-que-foi-noticias-enquanto-voce-se-desligou-no-fim-de-ano\/#primaryimage\"},\"thumbnailUrl\":\"https:\/\/files.sunoresearch.com.br\/n\/uploads\/2019\/06\/d38a09be-petr\u00f3leo-jpeg.webp\",\"datePublished\":\"2020-01-06T11:40:58+00:00\",\"dateModified\":\"2020-01-06T11:48:14+00:00\",\"description\":\"O per\u00edodo de recesso de f\u00e9rias foi marcado por not\u00edcias que movimenta o mercado nesta segunda-feira (6).\u00a0Clique aqui e saiba mais\",\"breadcrumb\":{\"@id\":\"https:\/\/www.suno.com.br\/noticias\/veja-o-que-foi-noticias-enquanto-voce-se-desligou-no-fim-de-ano\/#breadcrumb\"},\"inLanguage\":\"pt-BR\",\"potentialAction\":[{\"@type\":\"ReadAction\",\"target\":[\"https:\/\/www.suno.com.br\/noticias\/veja-o-que-foi-noticias-enquanto-voce-se-desligou-no-fim-de-ano\/\"]}]},{\"@type\":\"ImageObject\",\"inLanguage\":\"pt-BR\",\"@id\":\"https:\/\/www.suno.com.br\/noticias\/veja-o-que-foi-noticias-enquanto-voce-se-desligou-no-fim-de-ano\/#primaryimage\",\"url\":\"https:\/\/files.sunoresearch.com.br\/n\/uploads\/2019\/06\/d38a09be-petr\u00f3leo-jpeg.webp\",\"contentUrl\":\"https:\/\/files.sunoresearch.com.br\/n\/uploads\/2019\/06\/d38a09be-petr\u00f3leo-jpeg.webp\",\"width\":1250,\"height\":1250,\"caption\":\"Veja quais foram as not\u00edcias enquanto voc\u00ea se desligou no fim de ano\"},{\"@type\":\"BreadcrumbList\",\"@id\":\"https:\/\/www.suno.com.br\/noticias\/veja-o-que-foi-noticias-enquanto-voce-se-desligou-no-fim-de-ano\/#breadcrumb\",\"itemListElement\":[{\"@type\":\"ListItem\",\"position\":1,\"name\":\"Not\u00edcias\",\"item\":\"https:\/\/www.suno.com.br\/noticias\/\"},{\"@type\":\"ListItem\",\"position\":2,\"name\":\"Mercado\",\"item\":\"https:\/\/www.suno.com.br\/noticias\/mercado\/\"},{\"@type\":\"ListItem\",\"position\":3,\"name\":\"Veja o que foi not\u00edcia enquanto voc\u00ea se desligou no fim de ano\"}]},{\"@type\":\"WebSite\",\"@id\":\"https:\/\/www.suno.com.br\/noticias\/#website\",\"url\":\"https:\/\/www.suno.com.br\/noticias\/\",\"name\":\"Suno Not\u00edcias\",\"description\":\"Seu portal de informa\u00e7\u00e3o sobre o mundo dos investimentos\",\"publisher\":{\"@id\":\"https:\/\/www.suno.com.br\/noticias\/#organization\"},\"potentialAction\":[{\"@type\":\"SearchAction\",\"target\":{\"@type\":\"EntryPoint\",\"urlTemplate\":\"https:\/\/www.suno.com.br\/noticias\/?s={search_term_string}\"},\"query-input\":{\"@type\":\"PropertyValueSpecification\",\"valueRequired\":true,\"valueName\":\"search_term_string\"}}],\"inLanguage\":\"pt-BR\"},{\"@type\":\"Organization\",\"@id\":\"https:\/\/www.suno.com.br\/noticias\/#organization\",\"name\":\"Suno Not\u00edcias\",\"url\":\"https:\/\/www.suno.com.br\/noticias\/\",\"logo\":{\"@type\":\"ImageObject\",\"inLanguage\":\"pt-BR\",\"@id\":\"https:\/\/www.suno.com.br\/noticias\/#\/schema\/logo\/image\/\",\"url\":\"https:\/\/files.sunoresearch.com.br\/n\/uploads\/2021\/09\/suno-logo.png\",\"contentUrl\":\"https:\/\/files.sunoresearch.com.br\/n\/uploads\/2021\/09\/suno-logo.png\",\"width\":180,\"height\":180,\"caption\":\"Suno Not\u00edcias\"},\"image\":{\"@id\":\"https:\/\/www.suno.com.br\/noticias\/#\/schema\/logo\/image\/\"},\"sameAs\":[\"https:\/\/facebook.com\/sunoresearch\",\"https:\/\/x.com\/sunoresearch\",\"https:\/\/www.instagram.com\/suno\",\"https:\/\/www.linkedin.com\/company\/suno-research\/\",\"https:\/\/www.youtube.com\/c\/sunoresearch\"]},{\"@type\":\"Person\",\"@id\":\"https:\/\/www.suno.com.br\/noticias\/#\/schema\/person\/02ec1f752758247878a2bf4abee1aeda\",\"name\":\"Poliana Santos\",\"image\":{\"@type\":\"ImageObject\",\"inLanguage\":\"pt-BR\",\"@id\":\"https:\/\/www.suno.com.br\/noticias\/#\/schema\/person\/image\/\",\"url\":\"https:\/\/secure.gravatar.com\/avatar\/0645bd32f23d87b2130f2b2dff1d3f8d?s=96&r=g\",\"contentUrl\":\"https:\/\/secure.gravatar.com\/avatar\/0645bd32f23d87b2130f2b2dff1d3f8d?s=96&r=g\",\"caption\":\"Poliana Santos\"},\"description\":\"Rep\u00f3rter no Suno Not\u00edcias, com cobertura em mercado financeiro, economia, finan\u00e7as pessoais, renda fixa e varejo. Jornalista formada pela Faculdade C\u00e1sper L\u00edbero e possui passagem na R\u00e1dio Gazeta AM com a produ\u00e7\u00e3o de conte\u00fado sobre economia, pol\u00edtica, sa\u00fade, moda e m\u00fasica. Possui certificado de conclus\u00e3o do curso de An\u00e1lise de Balan\u00e7os pela Funda\u00e7\u00e3o Bradesco, Agenda Brasil pela FAAP, Educa\u00e7\u00e3o Pol\u00edtica por Alexandre Garcia e do Tesouro Direto e Mercado de A\u00e7\u00f5es pela B3.\",\"url\":\"https:\/\/www.suno.com.br\/noticias\/author\/poliana-santos\/\"}]}<\/script>\n<!-- \/ Yoast SEO plugin. -->","yoast_head_json":{"title":"Veja quais foram as not\u00edcias enquanto voc\u00ea se desligou no fim de ano","description":"O per\u00edodo de recesso de f\u00e9rias foi marcado por not\u00edcias que movimenta o mercado nesta segunda-feira (6).\u00a0Clique aqui e saiba mais","robots":{"index":"index","follow":"follow","max-snippet":"max-snippet:-1","max-image-preview":"max-image-preview:large","max-video-preview":"max-video-preview:-1"},"canonical":"https:\/\/www.suno.com.br\/noticias\/veja-o-que-foi-noticias-enquanto-voce-se-desligou-no-fim-de-ano\/","og_locale":"pt_BR","og_type":"article","og_title":"Veja quais foram as not\u00edcias enquanto voc\u00ea se desligou no fim de ano","og_description":"O per\u00edodo de recesso de f\u00e9rias foi marcado por not\u00edcias que movimenta o mercado nesta segunda-feira (6).\u00a0Clique aqui e saiba mais","og_url":"https:\/\/www.suno.com.br\/noticias\/veja-o-que-foi-noticias-enquanto-voce-se-desligou-no-fim-de-ano\/","og_site_name":"Suno Not\u00edcias","article_publisher":"https:\/\/facebook.com\/sunoresearch","og_image":[{"width":1250,"height":1250,"url":"https:\/\/files.sunoresearch.com.br\/n\/uploads\/2019\/06\/d38a09be-petr\u00f3leo.jpeg","type":"image\/jpeg"}],"author":"Poliana Santos","twitter_card":"summary_large_image","twitter_creator":"@sunoresearch","twitter_site":"@sunoresearch","twitter_misc":{"Escrito por":"Poliana Santos","Est. tempo de leitura":"4 minutos"},"schema":{"@context":"https:\/\/schema.org","@graph":[{"@type":"NewsArticle","@id":"https:\/\/www.suno.com.br\/noticias\/veja-o-que-foi-noticias-enquanto-voce-se-desligou-no-fim-de-ano\/#article","isPartOf":{"@id":"https:\/\/www.suno.com.br\/noticias\/veja-o-que-foi-noticias-enquanto-voce-se-desligou-no-fim-de-ano\/"},"author":{"name":"Poliana Santos","@id":"https:\/\/www.suno.com.br\/noticias\/#\/schema\/person\/02ec1f752758247878a2bf4abee1aeda"},"headline":"Veja o que foi not\u00edcia enquanto voc\u00ea se desligou no fim de ano","datePublished":"2020-01-06T11:40:58+00:00","dateModified":"2020-01-06T11:48:14+00:00","mainEntityOfPage":{"@id":"https:\/\/www.suno.com.br\/noticias\/veja-o-que-foi-noticias-enquanto-voce-se-desligou-no-fim-de-ano\/"},"wordCount":771,"publisher":{"@id":"https:\/\/www.suno.com.br\/noticias\/#organization"},"image":{"@id":"https:\/\/www.suno.com.br\/noticias\/veja-o-que-foi-noticias-enquanto-voce-se-desligou-no-fim-de-ano\/#primaryimage"},"thumbnailUrl":"https:\/\/files.sunoresearch.com.br\/n\/uploads\/2019\/06\/d38a09be-petr\u00f3leo-jpeg.webp","keywords":["Estados Unidos (EUA)","Ir\u00e3"],"articleSection":["Mercado"],"inLanguage":"pt-BR"},{"@type":"WebPage","@id":"https:\/\/www.suno.com.br\/noticias\/veja-o-que-foi-noticias-enquanto-voce-se-desligou-no-fim-de-ano\/","url":"https:\/\/www.suno.com.br\/noticias\/veja-o-que-foi-noticias-enquanto-voce-se-desligou-no-fim-de-ano\/","name":"Veja quais foram as not\u00edcias enquanto voc\u00ea se desligou no fim de ano","isPartOf":{"@id":"https:\/\/www.suno.com.br\/noticias\/#website"},"primaryImageOfPage":{"@id":"https:\/\/www.suno.com.br\/noticias\/veja-o-que-foi-noticias-enquanto-voce-se-desligou-no-fim-de-ano\/#primaryimage"},"image":{"@id":"https:\/\/www.suno.com.br\/noticias\/veja-o-que-foi-noticias-enquanto-voce-se-desligou-no-fim-de-ano\/#primaryimage"},"thumbnailUrl":"https:\/\/files.sunoresearch.com.br\/n\/uploads\/2019\/06\/d38a09be-petr\u00f3leo-jpeg.webp","datePublished":"2020-01-06T11:40:58+00:00","dateModified":"2020-01-06T11:48:14+00:00","description":"O per\u00edodo de recesso de f\u00e9rias foi marcado por not\u00edcias que movimenta o mercado nesta segunda-feira (6).\u00a0Clique aqui e saiba mais","breadcrumb":{"@id":"https:\/\/www.suno.com.br\/noticias\/veja-o-que-foi-noticias-enquanto-voce-se-desligou-no-fim-de-ano\/#breadcrumb"},"inLanguage":"pt-BR","potentialAction":[{"@type":"ReadAction","target":["https:\/\/www.suno.com.br\/noticias\/veja-o-que-foi-noticias-enquanto-voce-se-desligou-no-fim-de-ano\/"]}]},{"@type":"ImageObject","inLanguage":"pt-BR","@id":"https:\/\/www.suno.com.br\/noticias\/veja-o-que-foi-noticias-enquanto-voce-se-desligou-no-fim-de-ano\/#primaryimage","url":"https:\/\/files.sunoresearch.com.br\/n\/uploads\/2019\/06\/d38a09be-petr\u00f3leo-jpeg.webp","contentUrl":"https:\/\/files.sunoresearch.com.br\/n\/uploads\/2019\/06\/d38a09be-petr\u00f3leo-jpeg.webp","width":1250,"height":1250,"caption":"Veja quais foram as not\u00edcias enquanto voc\u00ea se desligou no fim de ano"},{"@type":"BreadcrumbList","@id":"https:\/\/www.suno.com.br\/noticias\/veja-o-que-foi-noticias-enquanto-voce-se-desligou-no-fim-de-ano\/#breadcrumb","itemListElement":[{"@type":"ListItem","position":1,"name":"Not\u00edcias","item":"https:\/\/www.suno.com.br\/noticias\/"},{"@type":"ListItem","position":2,"name":"Mercado","item":"https:\/\/www.suno.com.br\/noticias\/mercado\/"},{"@type":"ListItem","position":3,"name":"Veja o que foi not\u00edcia enquanto voc\u00ea se desligou no fim de ano"}]},{"@type":"WebSite","@id":"https:\/\/www.suno.com.br\/noticias\/#website","url":"https:\/\/www.suno.com.br\/noticias\/","name":"Suno Not\u00edcias","description":"Seu portal de informa\u00e7\u00e3o sobre o mundo dos investimentos","publisher":{"@id":"https:\/\/www.suno.com.br\/noticias\/#organization"},"potentialAction":[{"@type":"SearchAction","target":{"@type":"EntryPoint","urlTemplate":"https:\/\/www.suno.com.br\/noticias\/?s={search_term_string}"},"query-input":{"@type":"PropertyValueSpecification","valueRequired":true,"valueName":"search_term_string"}}],"inLanguage":"pt-BR"},{"@type":"Organization","@id":"https:\/\/www.suno.com.br\/noticias\/#organization","name":"Suno Not\u00edcias","url":"https:\/\/www.suno.com.br\/noticias\/","logo":{"@type":"ImageObject","inLanguage":"pt-BR","@id":"https:\/\/www.suno.com.br\/noticias\/#\/schema\/logo\/image\/","url":"https:\/\/files.sunoresearch.com.br\/n\/uploads\/2021\/09\/suno-logo.png","contentUrl":"https:\/\/files.sunoresearch.com.br\/n\/uploads\/2021\/09\/suno-logo.png","width":180,"height":180,"caption":"Suno Not\u00edcias"},"image":{"@id":"https:\/\/www.suno.com.br\/noticias\/#\/schema\/logo\/image\/"},"sameAs":["https:\/\/facebook.com\/sunoresearch","https:\/\/x.com\/sunoresearch","https:\/\/www.instagram.com\/suno","https:\/\/www.linkedin.com\/company\/suno-research\/","https:\/\/www.youtube.com\/c\/sunoresearch"]},{"@type":"Person","@id":"https:\/\/www.suno.com.br\/noticias\/#\/schema\/person\/02ec1f752758247878a2bf4abee1aeda","name":"Poliana Santos","image":{"@type":"ImageObject","inLanguage":"pt-BR","@id":"https:\/\/www.suno.com.br\/noticias\/#\/schema\/person\/image\/","url":"https:\/\/secure.gravatar.com\/avatar\/0645bd32f23d87b2130f2b2dff1d3f8d?s=96&r=g","contentUrl":"https:\/\/secure.gravatar.com\/avatar\/0645bd32f23d87b2130f2b2dff1d3f8d?s=96&r=g","caption":"Poliana Santos"},"description":"Rep\u00f3rter no Suno Not\u00edcias, com cobertura em mercado financeiro, economia, finan\u00e7as pessoais, renda fixa e varejo. Jornalista formada pela Faculdade C\u00e1sper L\u00edbero e possui passagem na R\u00e1dio Gazeta AM com a produ\u00e7\u00e3o de conte\u00fado sobre economia, pol\u00edtica, sa\u00fade, moda e m\u00fasica. Possui certificado de conclus\u00e3o do curso de An\u00e1lise de Balan\u00e7os pela Funda\u00e7\u00e3o Bradesco, Agenda Brasil pela FAAP, Educa\u00e7\u00e3o Pol\u00edtica por Alexandre Garcia e do Tesouro Direto e Mercado de A\u00e7\u00f5es pela B3.","url":"https:\/\/www.suno.com.br\/noticias\/author\/poliana-santos\/"}]}},"default_loop_html":"<div class=\"cardsPage__listCard__boxs\"><div class=\"cardsPage__listCard__boxs__img\"><a href=\"https:\/\/www.suno.com.br\/noticias\/veja-o-que-foi-noticias-enquanto-voce-se-desligou-no-fim-de-ano\/\"><img class=\"mask\" src=\"https:\/\/www.suno.com.br\/noticias\/wp-content\/themes\/suno\/resources\/images\/spotlight\/spotlight1img\/bg-mask.png\" alt=\"Image Mask\"\/><img src=\"https:\/\/files.sunoresearch.com.br\/n\/uploads\/2019\/06\/d38a09be-petr\u00f3leo-400x200.webp\" alt=\"Veja o que foi not\u00edcia enquanto voc\u00ea se desligou no fim de ano\"\/><\/a><span class=\"spotlightCategory\"><a href=\"https:\/\/www.suno.com.br\/noticias\/mercado\/\">Mercado<\/a><\/span><\/div><div class=\"cardsPage__listCard__boxs__content\"><a href=\"https:\/\/www.suno.com.br\/noticias\/veja-o-que-foi-noticias-enquanto-voce-se-desligou-no-fim-de-ano\/\"><h2 class=\"content__title\">Veja o que foi not\u00edcia enquanto voc\u00ea se desligou no fim de ano<\/h2><\/a><div class=\"newsContent__article__meta\"><div class=\"newsContent__article__meta__authorBox\"><a href=\"https:\/\/www.suno.com.br\/noticias\/author\/poliana-santos\/\" class=\"authorBox__avatar noMobi\"><img src=\"https:\/\/files.sunoresearch.com.br\/n\/uploads\/2020\/08\/7ef34026-whatsapp-image-2020-08-03-at-12.37.57-150x150.webp\" alt=\"Poliana Santos\"><\/a><div class=\"authorBox__name\"><span>por\n\t\t\t<a href=\"https:\/\/www.suno.com.br\/noticias\/author\/poliana-santos\/\"><span itemprop=\"author\">Poliana Santos<\/span><\/a><\/span><time datetime=\"2020-01-06T09:40:58-03:00\" itemprop=\"datePublished\">06\/01\/2020 09:40<\/time><\/div><\/div><\/div><\/div><\/div>","single_layout":"posts","amp_enabled":true,"_links":{"self":[{"href":"https:\/\/www.suno.com.br\/noticias\/wp-json\/wp\/v2\/posts\/48685"}],"collection":[{"href":"https:\/\/www.suno.com.br\/noticias\/wp-json\/wp\/v2\/posts"}],"about":[{"href":"https:\/\/www.suno.com.br\/noticias\/wp-json\/wp\/v2\/types\/post"}],"author":[{"embeddable":true,"href":"https:\/\/www.suno.com.br\/noticias\/wp-json\/wp\/v2\/users\/15"}],"replies":[{"embeddable":true,"href":"https:\/\/www.suno.com.br\/noticias\/wp-json\/wp\/v2\/comments?post=48685"}],"version-history":[{"count":0,"href":"https:\/\/www.suno.com.br\/noticias\/wp-json\/wp\/v2\/posts\/48685\/revisions"}],"wp:featuredmedia":[{"embeddable":true,"href":"https:\/\/www.suno.com.br\/noticias\/wp-json\/wp\/v2\/media\/28760"}],"wp:attachment":[{"href":"https:\/\/www.suno.com.br\/noticias\/wp-json\/wp\/v2\/media?parent=48685"}],"wp:term":[{"taxonomy":"category","embeddable":true,"href":"https:\/\/www.suno.com.br\/noticias\/wp-json\/wp\/v2\/categories?post=48685"},{"taxonomy":"post_tag","embeddable":true,"href":"https:\/\/www.suno.com.br\/noticias\/wp-json\/wp\/v2\/tags?post=48685"},{"taxonomy":"suno_strategy","embeddable":true,"href":"https:\/\/www.suno.com.br\/noticias\/wp-json\/wp\/v2\/suno_strategy?post=48685"}],"curies":[{"name":"wp","href":"https:\/\/api.w.org\/{rel}","templated":true}]}}