{"id":48683,"date":"2020-01-06T08:48:49","date_gmt":"2020-01-06T10:48:49","guid":{"rendered":"https:\/\/www.suno.com.br\/noticias\/?p=48683"},"modified":"2021-02-17T22:46:37","modified_gmt":"2021-02-18T01:46:37","slug":"limite-cheque-especial","status":"publish","type":"post","link":"https:\/\/www.suno.com.br\/noticias\/limite-cheque-especial\/","title":{"rendered":"Limite de juros do cheque especial entra em vigor nesta segunda-feira"},"content":{"rendered":"<p>O limite de juros do cheque especial, estipulado pelo <a href=\"https:\/\/www.suno.com.br\/artigos\/bacen\/\">Banco Central (BC)<\/a> no dia 27 de novembro, entrar\u00e1 em vigor a partir desta segunda-feira (6). Os bancos estar\u00e3o impedidos de cobrar taxas superiores a 8% ao m\u00eas, o equivalente a 151,8% ao ano.<\/p>\t<div class=\"wrapper-featured-image\">\n\t\t<figure class=\"spotlightImg\">\n\n\t\t\t<picture>\n\t\t\t\t<source media=\"(max-width: 768px)\" srcset=\"https:\/\/files.sunoresearch.com.br\/n\/uploads\/2019\/03\/50fa806c-cheque-especial-400x200.webp\">\n\t\t\t\t<img loading=\"lazy\" decoding=\"async\" class=\"newsContent__article__imgCapa lazyloadDisabled newsContent__article__imgCapa--noCaption\" src=\"https:\/\/files.sunoresearch.com.br\/n\/uploads\/2019\/03\/50fa806c-cheque-especial-800x450.webp\" width=\"800\" height=\"450\" alt=\"Limite de juros do cheque especial entra em vigor nesta segunda-feira\" fetchpriority=high \/>\n\t\t\t<\/picture>\n\n\t\t\t<figcaption class=\"wp-caption-text wp-caption-text--hide\">Brasil ainda compensa mais de 200 milh\u00f5es de cheques anualmente<\/figcaption>\n\t\t<\/figure>\n\t<\/div>\n\n\n\n<p>A limita\u00e7\u00e3o dos juros do\u00a0<strong style=\"font-size: 19.4286px;\">cheque especial<\/strong><span style=\"font-size: 1.21429rem;\">\u00a0foi decidida pelo <\/span><strong style=\"font-size: 1.21429rem;\"><a href=\"https:\/\/www.suno.com.br\/artigos\/cmn-conselho-monetario-nacional\/\">Conselho Monet\u00e1rio Nacional (CMN)<\/a><\/strong><span style=\"font-size: 1.21429rem;\">. Essa <a href=\"https:\/\/www.suno.com.br\/artigos\/juros-do-cheque-especial\/\">modalidade de cr\u00e9dito<\/a> terminou novembro em 12,4% ao m\u00eas, o que equivale a 306,6% ao ano.<\/span><\/p>\n<p>A autoridade monet\u00e1ria central do Pa\u00eds havia informado que a decis\u00e3o do <strong>CMN<\/strong> busca tornar a modalidade &#8220;menos agressiva e mais eficiente&#8221;. Para o BC, as mudan\u00e7as corrigir\u00e3o falhas de mercado. Conforme o BC, o controle de linhas emergenciais de cr\u00e9dito existe tanto em economias avan\u00e7adas como em pa\u00edses de terceiro mundo ou emergentes.<\/p>\n<h2>Tarifa do cheque especial<\/h2>\n<p>De acordo com a autoridade monet\u00e1ria, o antigo formato, com taxas livres, n\u00e3o estimulava a competi\u00e7\u00e3o entre as institui\u00e7\u00f5es financeiras. Isso acontece porque o cheque especial \u00e9 pouco sens\u00edvel aos juros, sem alterar o comportamento dos clientes mesmo quando as taxas cobradas s\u00e3o elevadas.<\/p>\n\t<p>\n\t\t<a href=\"https:\/\/lp.suno.com.br\/ebook-como-analisar-uma-acao\/\" target=\"_blank\" data-element=\"shortcode-suno-banner\" title=\"Banner SUNO, clique e saiba mais\">\n\t\t\t<picture>\n\t\t\t\t<source media=\"(max-width: 500px)\" srcset=\"https:\/\/files.sunoresearch.com.br\/n\/uploads\/2023\/03\/Ebook-Acoes-Mobile.jpg\">\n\t\t\t\t<img class=\"newsContent__article__imgCapa newsContent__article__imgCapa--banner\"\n\t\t\t\t\tsrc=\"https:\/\/files.sunoresearch.com.br\/n\/uploads\/2023\/03\/Ebook-Acoes-Desktop.jpg\"\n\t\t\t\t\tdata-promo-id=\"378302\"\t\t\t\t\t\t\t\t\t\twidth='1420' height='286'\t\t\t\t\talt=\"https:\/\/files.sunoresearch.com.br\/n\/uploads\/2023\/03\/Ebook-Acoes-Desktop.jpg\"\n\t\t\t\t>\n\t\t\t<\/picture>\n\t\t<\/a>\n\t<\/p>\n\n\n<p>No entanto, para compensar em parte a queda dos juros do cheque especial, o CMN autorizou as institui\u00e7\u00f5es financeiras a cobrar, a partir de 1\u00ba de junho, uma tarifa de quem tem limite do cheque especial acima de R$ 500 por m\u00eas. Equivalente a <strong>0,25%<\/strong> do limite que exceder R$ 500, a tarifa ser\u00e1 descontada do valor devido em juros do cheque especial.<\/p>\n<p><a href=\"https:\/\/www.suno.com.br\/noticias\/entenda-limite-cheque-especial\/\">Confira: Entenda como funcionar\u00e1 o novo limite<\/a><\/p>\n<p>&#8220;As institui\u00e7\u00f5es devem comunicar ao p\u00fablico o in\u00edcio da cobran\u00e7a da citada tarifa com no m\u00ednimo 30 dias de anteced\u00eancia, por qualquer meio (aplicativo, SMS, e-mail, informa\u00e7\u00e3o no recinto das depend\u00eancias, an\u00fancio em meios de comunica\u00e7\u00e3o, etc). Ademais, a previs\u00e3o de cobran\u00e7a da citada tarifa deve ser inserida nos contratos novos (firmados a partir de jan\/2020) e ser objeto de repactua\u00e7\u00e3o nos contratos antigos (firmados at\u00e9 jan\/2020).&#8221;, informou o BC no final de 2019.<\/p>\n<h2>Campos Neto recha\u00e7a cr\u00edticas<\/h2>\n<p><a href=\"https:\/\/www.suno.com.br\/noticias\/roberto-campos-neto-presidente-bc\/\"><strong>Roberto Campos Neto<\/strong><\/a>, presidente do BC, em entrevista ao jornal &#8220;O Estado de S.Paulo&#8221; respondeu \u00e0s cr\u00edticas \u00e0 medida da institui\u00e7\u00e3o monet\u00e1ria central em fixar o teto para os juros desta modalidade. Segundo ele, diferentemente do acontecia, os bancos poder\u00e3o estabelecer tarifas para oferecer o limite dessa modalidade de cr\u00e9dito.<\/p>\n<p><a href=\"https:\/\/www.suno.com.br\/noticias\/caixa-reducao-de-juros-especial-cheque-credito-imobiliario\/\">Saiba mais: Caixa anuncia redu\u00e7\u00e3o de juros para cr\u00e9dito imobili\u00e1rio e cheque especial<\/a><\/p>\n<p>\u201cSe fosse tabelamento, n\u00e3o tinha tarifa. Os bancos v\u00e3o poder cobrar tarifa proporcional para quem usa o produto. Se fosse tabelamento, era s\u00f3 colocar limite de juros\u201d, disse Campos Neto sobre o <strong>cheque especial<\/strong>.<\/p>\n\n","protected":false},"excerpt":{"rendered":"<p>O limite de juros do cheque especial, estipulado pelo Banco Central (BC) no dia 27 de novembro, entrar\u00e1 em vigor a partir desta segunda-feira (6). Os bancos estar\u00e3o impedidos de cobrar taxas superiores a 8% ao m\u00eas, o equivalente a 151,8% ao ano. Brasil ainda compensa mais de 200 milh\u00f5es de cheques anualmente A limita\u00e7\u00e3o [&hellip;]<\/p>\n","protected":false},"author":24,"featured_media":17948,"comment_status":"closed","ping_status":"closed","sticky":false,"template":"","format":"standard","meta":[],"categories":[65],"tags":[1842,1789,1062],"suno_strategy":[],"class_list":["post-48683","post","type-post","status-publish","format-standard","has-post-thumbnail","hentry","category-financas-pessoais","tag-banco-central-bc","tag-cheque-especial","tag-conselho-monetario-nacional-cmn"],"yoast_head":"<!-- This site is optimized with the Yoast SEO plugin v24.4 - https:\/\/yoast.com\/wordpress\/plugins\/seo\/ -->\n<title>Limite de juros do cheque especial entra em vigor nesta segunda-feira<\/title>\n<meta name=\"description\" content=\"O limite de juros do cheque especial, estipulado pelo BC, entrar\u00e1 em vigor a partir desta segunda-feira (6). Clique aqui e saiba mais.\" \/>\n<meta name=\"robots\" content=\"index, follow, max-snippet:-1, max-image-preview:large, max-video-preview:-1\" \/>\n<link rel=\"canonical\" href=\"https:\/\/www.suno.com.br\/noticias\/limite-cheque-especial\/\" \/>\n<meta property=\"og:locale\" content=\"pt_BR\" \/>\n<meta property=\"og:type\" content=\"article\" \/>\n<meta property=\"og:title\" content=\"Limite de juros do cheque especial entra em vigor nesta segunda-feira\" \/>\n<meta property=\"og:description\" content=\"O limite de juros do cheque especial, estipulado pelo BC, entrar\u00e1 em vigor a partir desta segunda-feira (6). Clique aqui e saiba mais.\" \/>\n<meta property=\"og:url\" content=\"https:\/\/www.suno.com.br\/noticias\/limite-cheque-especial\/\" \/>\n<meta property=\"og:site_name\" content=\"Suno Not\u00edcias\" \/>\n<meta property=\"article:publisher\" content=\"https:\/\/facebook.com\/sunoresearch\" \/>\n<meta property=\"og:image\" content=\"https:\/\/files.sunoresearch.com.br\/n\/uploads\/2019\/03\/50fa806c-cheque-especial.jpg\" \/>\n\t<meta property=\"og:image:width\" content=\"900\" \/>\n\t<meta property=\"og:image:height\" content=\"493\" \/>\n\t<meta property=\"og:image:type\" content=\"image\/jpeg\" \/>\n<meta name=\"author\" content=\"Jader Lazarini\" \/>\n<meta name=\"twitter:card\" content=\"summary_large_image\" \/>\n<meta name=\"twitter:creator\" content=\"@sunoresearch\" \/>\n<meta name=\"twitter:site\" content=\"@sunoresearch\" \/>\n<meta name=\"twitter:label1\" content=\"Escrito por\" \/>\n\t<meta name=\"twitter:data1\" content=\"Jader Lazarini\" \/>\n\t<meta name=\"twitter:label2\" content=\"Est. tempo de leitura\" \/>\n\t<meta name=\"twitter:data2\" content=\"2 minutos\" \/>\n<script type=\"application\/ld+json\" class=\"yoast-schema-graph\">{\"@context\":\"https:\/\/schema.org\",\"@graph\":[{\"@type\":\"NewsArticle\",\"@id\":\"https:\/\/www.suno.com.br\/noticias\/limite-cheque-especial\/#article\",\"isPartOf\":{\"@id\":\"https:\/\/www.suno.com.br\/noticias\/limite-cheque-especial\/\"},\"author\":{\"name\":\"Jader Lazarini\",\"@id\":\"https:\/\/www.suno.com.br\/noticias\/#\/schema\/person\/918d79de1f0281f01599b93f9ea6e23f\"},\"headline\":\"Limite de juros do cheque especial entra em vigor nesta segunda-feira\",\"datePublished\":\"2020-01-06T10:48:49+00:00\",\"dateModified\":\"2021-02-18T01:46:37+00:00\",\"mainEntityOfPage\":{\"@id\":\"https:\/\/www.suno.com.br\/noticias\/limite-cheque-especial\/\"},\"wordCount\":477,\"publisher\":{\"@id\":\"https:\/\/www.suno.com.br\/noticias\/#organization\"},\"image\":{\"@id\":\"https:\/\/www.suno.com.br\/noticias\/limite-cheque-especial\/#primaryimage\"},\"thumbnailUrl\":\"https:\/\/files.sunoresearch.com.br\/n\/uploads\/2019\/03\/50fa806c-cheque-especial-jpg.webp\",\"keywords\":[\"Banco Central (BC)\",\"cheque especial\",\"Conselho Monet\u00e1rio Nacional (CMN)\"],\"articleSection\":[\"Finan\u00e7as Pessoais\"],\"inLanguage\":\"pt-BR\"},{\"@type\":\"WebPage\",\"@id\":\"https:\/\/www.suno.com.br\/noticias\/limite-cheque-especial\/\",\"url\":\"https:\/\/www.suno.com.br\/noticias\/limite-cheque-especial\/\",\"name\":\"Limite de juros do cheque especial entra em vigor nesta segunda-feira\",\"isPartOf\":{\"@id\":\"https:\/\/www.suno.com.br\/noticias\/#website\"},\"primaryImageOfPage\":{\"@id\":\"https:\/\/www.suno.com.br\/noticias\/limite-cheque-especial\/#primaryimage\"},\"image\":{\"@id\":\"https:\/\/www.suno.com.br\/noticias\/limite-cheque-especial\/#primaryimage\"},\"thumbnailUrl\":\"https:\/\/files.sunoresearch.com.br\/n\/uploads\/2019\/03\/50fa806c-cheque-especial-jpg.webp\",\"datePublished\":\"2020-01-06T10:48:49+00:00\",\"dateModified\":\"2021-02-18T01:46:37+00:00\",\"description\":\"O limite de juros do cheque especial, estipulado pelo BC, entrar\u00e1 em vigor a partir desta segunda-feira (6). Clique aqui e saiba mais.\",\"breadcrumb\":{\"@id\":\"https:\/\/www.suno.com.br\/noticias\/limite-cheque-especial\/#breadcrumb\"},\"inLanguage\":\"pt-BR\",\"potentialAction\":[{\"@type\":\"ReadAction\",\"target\":[\"https:\/\/www.suno.com.br\/noticias\/limite-cheque-especial\/\"]}]},{\"@type\":\"ImageObject\",\"inLanguage\":\"pt-BR\",\"@id\":\"https:\/\/www.suno.com.br\/noticias\/limite-cheque-especial\/#primaryimage\",\"url\":\"https:\/\/files.sunoresearch.com.br\/n\/uploads\/2019\/03\/50fa806c-cheque-especial-jpg.webp\",\"contentUrl\":\"https:\/\/files.sunoresearch.com.br\/n\/uploads\/2019\/03\/50fa806c-cheque-especial-jpg.webp\",\"width\":900,\"height\":493,\"caption\":\"Brasil ainda compensa mais de 200 milh\u00f5es de cheques anualmente\"},{\"@type\":\"BreadcrumbList\",\"@id\":\"https:\/\/www.suno.com.br\/noticias\/limite-cheque-especial\/#breadcrumb\",\"itemListElement\":[{\"@type\":\"ListItem\",\"position\":1,\"name\":\"Not\u00edcias\",\"item\":\"https:\/\/www.suno.com.br\/noticias\/\"},{\"@type\":\"ListItem\",\"position\":2,\"name\":\"Finan\u00e7as Pessoais\",\"item\":\"https:\/\/www.suno.com.br\/noticias\/financas-pessoais\/\"},{\"@type\":\"ListItem\",\"position\":3,\"name\":\"Limite de juros do cheque especial entra em vigor nesta segunda-feira\"}]},{\"@type\":\"WebSite\",\"@id\":\"https:\/\/www.suno.com.br\/noticias\/#website\",\"url\":\"https:\/\/www.suno.com.br\/noticias\/\",\"name\":\"Suno Not\u00edcias\",\"description\":\"Seu portal de informa\u00e7\u00e3o sobre o mundo dos investimentos\",\"publisher\":{\"@id\":\"https:\/\/www.suno.com.br\/noticias\/#organization\"},\"potentialAction\":[{\"@type\":\"SearchAction\",\"target\":{\"@type\":\"EntryPoint\",\"urlTemplate\":\"https:\/\/www.suno.com.br\/noticias\/?s={search_term_string}\"},\"query-input\":{\"@type\":\"PropertyValueSpecification\",\"valueRequired\":true,\"valueName\":\"search_term_string\"}}],\"inLanguage\":\"pt-BR\"},{\"@type\":\"Organization\",\"@id\":\"https:\/\/www.suno.com.br\/noticias\/#organization\",\"name\":\"Suno Not\u00edcias\",\"url\":\"https:\/\/www.suno.com.br\/noticias\/\",\"logo\":{\"@type\":\"ImageObject\",\"inLanguage\":\"pt-BR\",\"@id\":\"https:\/\/www.suno.com.br\/noticias\/#\/schema\/logo\/image\/\",\"url\":\"https:\/\/files.sunoresearch.com.br\/n\/uploads\/2021\/09\/suno-logo.png\",\"contentUrl\":\"https:\/\/files.sunoresearch.com.br\/n\/uploads\/2021\/09\/suno-logo.png\",\"width\":180,\"height\":180,\"caption\":\"Suno Not\u00edcias\"},\"image\":{\"@id\":\"https:\/\/www.suno.com.br\/noticias\/#\/schema\/logo\/image\/\"},\"sameAs\":[\"https:\/\/facebook.com\/sunoresearch\",\"https:\/\/x.com\/sunoresearch\",\"https:\/\/www.instagram.com\/suno\",\"https:\/\/www.linkedin.com\/company\/suno-research\/\",\"https:\/\/www.youtube.com\/c\/sunoresearch\"]},{\"@type\":\"Person\",\"@id\":\"https:\/\/www.suno.com.br\/noticias\/#\/schema\/person\/918d79de1f0281f01599b93f9ea6e23f\",\"name\":\"Jader Lazarini\",\"image\":{\"@type\":\"ImageObject\",\"inLanguage\":\"pt-BR\",\"@id\":\"https:\/\/www.suno.com.br\/noticias\/#\/schema\/person\/image\/\",\"url\":\"https:\/\/secure.gravatar.com\/avatar\/3c1ad8caa51589841baeb923fcddea97?s=96&r=g\",\"contentUrl\":\"https:\/\/secure.gravatar.com\/avatar\/3c1ad8caa51589841baeb923fcddea97?s=96&r=g\",\"caption\":\"Jader Lazarini\"},\"description\":\"Jader Lazarini escreve sobre investimentos, finan\u00e7as, economia e neg\u00f3cios. \u00c9 bacharel em Rela\u00e7\u00f5es Internacionais e analista CNPI (2619).\",\"url\":\"https:\/\/www.suno.com.br\/noticias\/author\/jader-lazarini\/\"}]}<\/script>\n<!-- \/ Yoast SEO plugin. -->","yoast_head_json":{"title":"Limite de juros do cheque especial entra em vigor nesta segunda-feira","description":"O limite de juros do cheque especial, estipulado pelo BC, entrar\u00e1 em vigor a partir desta segunda-feira (6). Clique aqui e saiba mais.","robots":{"index":"index","follow":"follow","max-snippet":"max-snippet:-1","max-image-preview":"max-image-preview:large","max-video-preview":"max-video-preview:-1"},"canonical":"https:\/\/www.suno.com.br\/noticias\/limite-cheque-especial\/","og_locale":"pt_BR","og_type":"article","og_title":"Limite de juros do cheque especial entra em vigor nesta segunda-feira","og_description":"O limite de juros do cheque especial, estipulado pelo BC, entrar\u00e1 em vigor a partir desta segunda-feira (6). Clique aqui e saiba mais.","og_url":"https:\/\/www.suno.com.br\/noticias\/limite-cheque-especial\/","og_site_name":"Suno Not\u00edcias","article_publisher":"https:\/\/facebook.com\/sunoresearch","og_image":[{"width":900,"height":493,"url":"https:\/\/files.sunoresearch.com.br\/n\/uploads\/2019\/03\/50fa806c-cheque-especial.jpg","type":"image\/jpeg"}],"author":"Jader Lazarini","twitter_card":"summary_large_image","twitter_creator":"@sunoresearch","twitter_site":"@sunoresearch","twitter_misc":{"Escrito por":"Jader Lazarini","Est. tempo de leitura":"2 minutos"},"schema":{"@context":"https:\/\/schema.org","@graph":[{"@type":"NewsArticle","@id":"https:\/\/www.suno.com.br\/noticias\/limite-cheque-especial\/#article","isPartOf":{"@id":"https:\/\/www.suno.com.br\/noticias\/limite-cheque-especial\/"},"author":{"name":"Jader Lazarini","@id":"https:\/\/www.suno.com.br\/noticias\/#\/schema\/person\/918d79de1f0281f01599b93f9ea6e23f"},"headline":"Limite de juros do cheque especial entra em vigor nesta segunda-feira","datePublished":"2020-01-06T10:48:49+00:00","dateModified":"2021-02-18T01:46:37+00:00","mainEntityOfPage":{"@id":"https:\/\/www.suno.com.br\/noticias\/limite-cheque-especial\/"},"wordCount":477,"publisher":{"@id":"https:\/\/www.suno.com.br\/noticias\/#organization"},"image":{"@id":"https:\/\/www.suno.com.br\/noticias\/limite-cheque-especial\/#primaryimage"},"thumbnailUrl":"https:\/\/files.sunoresearch.com.br\/n\/uploads\/2019\/03\/50fa806c-cheque-especial-jpg.webp","keywords":["Banco Central (BC)","cheque especial","Conselho Monet\u00e1rio Nacional (CMN)"],"articleSection":["Finan\u00e7as Pessoais"],"inLanguage":"pt-BR"},{"@type":"WebPage","@id":"https:\/\/www.suno.com.br\/noticias\/limite-cheque-especial\/","url":"https:\/\/www.suno.com.br\/noticias\/limite-cheque-especial\/","name":"Limite de juros do cheque especial entra em vigor nesta segunda-feira","isPartOf":{"@id":"https:\/\/www.suno.com.br\/noticias\/#website"},"primaryImageOfPage":{"@id":"https:\/\/www.suno.com.br\/noticias\/limite-cheque-especial\/#primaryimage"},"image":{"@id":"https:\/\/www.suno.com.br\/noticias\/limite-cheque-especial\/#primaryimage"},"thumbnailUrl":"https:\/\/files.sunoresearch.com.br\/n\/uploads\/2019\/03\/50fa806c-cheque-especial-jpg.webp","datePublished":"2020-01-06T10:48:49+00:00","dateModified":"2021-02-18T01:46:37+00:00","description":"O limite de juros do cheque especial, estipulado pelo BC, entrar\u00e1 em vigor a partir desta segunda-feira (6). Clique aqui e saiba mais.","breadcrumb":{"@id":"https:\/\/www.suno.com.br\/noticias\/limite-cheque-especial\/#breadcrumb"},"inLanguage":"pt-BR","potentialAction":[{"@type":"ReadAction","target":["https:\/\/www.suno.com.br\/noticias\/limite-cheque-especial\/"]}]},{"@type":"ImageObject","inLanguage":"pt-BR","@id":"https:\/\/www.suno.com.br\/noticias\/limite-cheque-especial\/#primaryimage","url":"https:\/\/files.sunoresearch.com.br\/n\/uploads\/2019\/03\/50fa806c-cheque-especial-jpg.webp","contentUrl":"https:\/\/files.sunoresearch.com.br\/n\/uploads\/2019\/03\/50fa806c-cheque-especial-jpg.webp","width":900,"height":493,"caption":"Brasil ainda compensa mais de 200 milh\u00f5es de cheques anualmente"},{"@type":"BreadcrumbList","@id":"https:\/\/www.suno.com.br\/noticias\/limite-cheque-especial\/#breadcrumb","itemListElement":[{"@type":"ListItem","position":1,"name":"Not\u00edcias","item":"https:\/\/www.suno.com.br\/noticias\/"},{"@type":"ListItem","position":2,"name":"Finan\u00e7as Pessoais","item":"https:\/\/www.suno.com.br\/noticias\/financas-pessoais\/"},{"@type":"ListItem","position":3,"name":"Limite de juros do cheque especial entra em vigor nesta segunda-feira"}]},{"@type":"WebSite","@id":"https:\/\/www.suno.com.br\/noticias\/#website","url":"https:\/\/www.suno.com.br\/noticias\/","name":"Suno Not\u00edcias","description":"Seu portal de informa\u00e7\u00e3o sobre o mundo dos investimentos","publisher":{"@id":"https:\/\/www.suno.com.br\/noticias\/#organization"},"potentialAction":[{"@type":"SearchAction","target":{"@type":"EntryPoint","urlTemplate":"https:\/\/www.suno.com.br\/noticias\/?s={search_term_string}"},"query-input":{"@type":"PropertyValueSpecification","valueRequired":true,"valueName":"search_term_string"}}],"inLanguage":"pt-BR"},{"@type":"Organization","@id":"https:\/\/www.suno.com.br\/noticias\/#organization","name":"Suno Not\u00edcias","url":"https:\/\/www.suno.com.br\/noticias\/","logo":{"@type":"ImageObject","inLanguage":"pt-BR","@id":"https:\/\/www.suno.com.br\/noticias\/#\/schema\/logo\/image\/","url":"https:\/\/files.sunoresearch.com.br\/n\/uploads\/2021\/09\/suno-logo.png","contentUrl":"https:\/\/files.sunoresearch.com.br\/n\/uploads\/2021\/09\/suno-logo.png","width":180,"height":180,"caption":"Suno Not\u00edcias"},"image":{"@id":"https:\/\/www.suno.com.br\/noticias\/#\/schema\/logo\/image\/"},"sameAs":["https:\/\/facebook.com\/sunoresearch","https:\/\/x.com\/sunoresearch","https:\/\/www.instagram.com\/suno","https:\/\/www.linkedin.com\/company\/suno-research\/","https:\/\/www.youtube.com\/c\/sunoresearch"]},{"@type":"Person","@id":"https:\/\/www.suno.com.br\/noticias\/#\/schema\/person\/918d79de1f0281f01599b93f9ea6e23f","name":"Jader Lazarini","image":{"@type":"ImageObject","inLanguage":"pt-BR","@id":"https:\/\/www.suno.com.br\/noticias\/#\/schema\/person\/image\/","url":"https:\/\/secure.gravatar.com\/avatar\/3c1ad8caa51589841baeb923fcddea97?s=96&r=g","contentUrl":"https:\/\/secure.gravatar.com\/avatar\/3c1ad8caa51589841baeb923fcddea97?s=96&r=g","caption":"Jader Lazarini"},"description":"Jader Lazarini escreve sobre investimentos, finan\u00e7as, economia e neg\u00f3cios. \u00c9 bacharel em Rela\u00e7\u00f5es Internacionais e analista CNPI (2619).","url":"https:\/\/www.suno.com.br\/noticias\/author\/jader-lazarini\/"}]}},"default_loop_html":"<div class=\"cardsPage__listCard__boxs\"><div class=\"cardsPage__listCard__boxs__img\"><a href=\"https:\/\/www.suno.com.br\/noticias\/limite-cheque-especial\/\"><img class=\"mask\" src=\"https:\/\/www.suno.com.br\/noticias\/wp-content\/themes\/suno\/resources\/images\/spotlight\/spotlight1img\/bg-mask.png\" alt=\"Image Mask\"\/><img src=\"https:\/\/files.sunoresearch.com.br\/n\/uploads\/2019\/03\/50fa806c-cheque-especial-400x200.webp\" alt=\"Limite de juros do cheque especial entra em vigor nesta segunda-feira\"\/><\/a><span class=\"spotlightCategory\"><a href=\"https:\/\/www.suno.com.br\/noticias\/financas-pessoais\/\">Finan\u00e7as Pessoais<\/a><\/span><\/div><div class=\"cardsPage__listCard__boxs__content\"><a href=\"https:\/\/www.suno.com.br\/noticias\/limite-cheque-especial\/\"><h2 class=\"content__title\">Limite de juros do cheque especial entra em vigor nesta segunda-feira<\/h2><\/a><div class=\"newsContent__article__meta\"><div class=\"newsContent__article__meta__authorBox\"><a href=\"https:\/\/www.suno.com.br\/noticias\/author\/jader-lazarini\/\" class=\"authorBox__avatar noMobi\"><img src=\"https:\/\/files.sunoresearch.com.br\/n\/uploads\/2021\/01\/178e6598-foto-perfil-2-150x150.jpg\" alt=\"Jader Lazarini\"><\/a><div class=\"authorBox__name\"><span>por\n\t\t\t<a href=\"https:\/\/www.suno.com.br\/noticias\/author\/jader-lazarini\/\"><span itemprop=\"author\">Jader Lazarini<\/span><\/a><\/span><time datetime=\"2020-01-06T08:48:49-03:00\" itemprop=\"datePublished\">06\/01\/2020 08:48<\/time><\/div><\/div><\/div><\/div><\/div>","single_layout":"posts","amp_enabled":true,"_links":{"self":[{"href":"https:\/\/www.suno.com.br\/noticias\/wp-json\/wp\/v2\/posts\/48683"}],"collection":[{"href":"https:\/\/www.suno.com.br\/noticias\/wp-json\/wp\/v2\/posts"}],"about":[{"href":"https:\/\/www.suno.com.br\/noticias\/wp-json\/wp\/v2\/types\/post"}],"author":[{"embeddable":true,"href":"https:\/\/www.suno.com.br\/noticias\/wp-json\/wp\/v2\/users\/24"}],"replies":[{"embeddable":true,"href":"https:\/\/www.suno.com.br\/noticias\/wp-json\/wp\/v2\/comments?post=48683"}],"version-history":[{"count":0,"href":"https:\/\/www.suno.com.br\/noticias\/wp-json\/wp\/v2\/posts\/48683\/revisions"}],"wp:featuredmedia":[{"embeddable":true,"href":"https:\/\/www.suno.com.br\/noticias\/wp-json\/wp\/v2\/media\/17948"}],"wp:attachment":[{"href":"https:\/\/www.suno.com.br\/noticias\/wp-json\/wp\/v2\/media?parent=48683"}],"wp:term":[{"taxonomy":"category","embeddable":true,"href":"https:\/\/www.suno.com.br\/noticias\/wp-json\/wp\/v2\/categories?post=48683"},{"taxonomy":"post_tag","embeddable":true,"href":"https:\/\/www.suno.com.br\/noticias\/wp-json\/wp\/v2\/tags?post=48683"},{"taxonomy":"suno_strategy","embeddable":true,"href":"https:\/\/www.suno.com.br\/noticias\/wp-json\/wp\/v2\/suno_strategy?post=48683"}],"curies":[{"name":"wp","href":"https:\/\/api.w.org\/{rel}","templated":true}]}}