{"id":48632,"date":"2019-12-24T15:58:11","date_gmt":"2019-12-24T17:58:11","guid":{"rendered":"https:\/\/www.suno.com.br\/noticias\/?p=48632"},"modified":"2019-12-24T16:01:25","modified_gmt":"2019-12-24T18:01:25","slug":"confira-empresas-desvalorizaram-2019","status":"publish","type":"post","link":"https:\/\/www.suno.com.br\/noticias\/confira-empresas-desvalorizaram-2019\/","title":{"rendered":"Confira as 5 a\u00e7\u00f5es de empresas que mais desvalorizaram em 2019"},"content":{"rendered":"<p>O ano de 2019 foi recheado de boas not\u00edcias para investidores da <a href=\"https:\/\/www.suno.com.br\/artigos\/bovespa-precedente-b3\/\"><strong>Bolsa de Valores de S\u00e3o Paulo<\/strong><\/a>. O \u00edndice bateu altas recordes e est\u00e1 no patamar de 115 mil pontos, uma pontua\u00e7\u00e3o nunca antes vista. As <strong><a href=\"https:\/\/www.suno.com.br\/artigos\/tipos-de-acoes\/\">a\u00e7\u00f5es<\/a><\/strong> das empresas brasileiras cotadas na B3 tiveram, em geral, bons desempenhos em um ano de &#8220;bull market&#8221;.<\/p>\t<div class=\"wrapper-featured-image\">\n\t\t<figure class=\"spotlightImg\">\n\n\t\t\t<picture>\n\t\t\t\t<source media=\"(max-width: 768px)\" srcset=\"https:\/\/files.sunoresearch.com.br\/n\/uploads\/2019\/11\/d129f3d4-braskem-400x200.webp\">\n\t\t\t\t<img loading=\"lazy\" decoding=\"async\" class=\"newsContent__article__imgCapa lazyloadDisabled newsContent__article__imgCapa--noCaption\" src=\"https:\/\/files.sunoresearch.com.br\/n\/uploads\/2019\/11\/d129f3d4-braskem-800x450.webp\" width=\"800\" height=\"450\" alt=\"Confira as 5 a\u00e7\u00f5es de empresas que mais desvalorizaram em 2019\" fetchpriority=high \/>\n\t\t\t<\/picture>\n\n\t\t\t<figcaption class=\"wp-caption-text wp-caption-text--hide\">Braskem (BRKM5). Foto: Divulga\u00e7\u00e3o.<\/figcaption>\n\t\t<\/figure>\n\t<\/div>\n\n\n\n<p>Contudo, houveram algumas a\u00e7\u00f5es de muitas empresas brasileiras sofreram bruscas desvaloriza\u00e7\u00f5es neste ano. Por isso elencamos &#8220;As cinco empresas que mais desvalorizaram em 2019&#8221;. Vale ressaltar que a an\u00e1lise foi feita do dia 31 de dezembro de 2018 at\u00e9 o dia 20 de dezembro de 2019.<\/p>\n<h2>Braskem<\/h2>\n<p>Entre as empresas que mais desvalorizaram em 2019 est\u00e1 a <a href=\"https:\/\/www.suno.com.br\/acoes\/brkm3\/\"><strong>Braskem <\/strong>(<strong>BRKM3<\/strong>)<\/a>. A empresa, controlada pela Organiza\u00e7\u00e3o <strong>Odebrecht<\/strong> com participa\u00e7\u00e3o da Petrobras, atua no setor <strong>qu\u00edmico<\/strong>\u00a0e <strong>petroqu\u00edmico <\/strong>com o escrit\u00f3rio central localizado na cidade de S\u00e3o Paulo.<\/p>\n<p>A <strong>Braskem<\/strong>, que em fevereiro atingiu R$ 45 bilh\u00f5es, em agosto viu sua menor avalia\u00e7\u00e3o, de R$ 21,6 bilh\u00f5es, desde dezembro de 2016, quando aconteceram as dela\u00e7\u00f5es da controladora da <strong>Odebrecht<\/strong>.<\/p>\n<p><a href=\"https:\/\/www.suno.com.br\/noticias\/braskem-perde-mais-50-valor-de-mercado-6-meses\/\">Saiba mais: Braskem perde mais de 50% do valor de mercado em 6 meses<\/a><\/p>\n<p>No in\u00edcio de 2019, as a\u00e7\u00f5es da empresa estavam cotadas em cerca de R$ 45,00, no dia 20 de dezembro, as mesmas s\u00e3o cotadas a R$ 30,00.<\/p>\n<h2>CVC<\/h2>\n<p>Entre as empresas que mais perderam valor em 2019 est\u00e1 tamb\u00e9m a <a href=\"https:\/\/www.suno.com.br\/acoes\/cvcb3\/\"><strong>CVC (CVCB3)<\/strong><\/a>. O analista da <strong>SUNO<\/strong>, <strong>Jo\u00e3o Arthur<\/strong> <strong>Almeida<\/strong>, nos explicou que: &#8220;A <strong>CVC<\/strong> passou por uma &#8216;tempestade perfeita&#8217; neste ano, que envolveu a sa\u00edda da <strong>Avianca<\/strong> do mercado, o que encareceu os pacotes da CVC. Al\u00e9m disso, houve a crise na <strong>Argentina<\/strong>, em que a empresa h\u00e1 uma parcela de sua receita vindo do pa\u00eds.&#8221;<\/p>\n<p>No segundo trimestre de 2019, a ag\u00eancia de viagens reportou o preju\u00edzo de R$ 17,4 milh\u00f5es, calculado com base no per\u00edodo de <strong>abril<\/strong> a <strong>junho<\/strong>. No ano passado, a empresa teve um <strong>lucro<\/strong> <strong>l\u00edquido<\/strong> de R$ 24,8 milh\u00f5es.<\/p>\n<p>No in\u00edcio do ano, as a\u00e7\u00f5es da <a href=\"https:\/\/www.suno.com.br\/acoes\/cvcb3\/\"><strong>CVC <\/strong>(<strong>CVCB3<\/strong>)<\/a> estavam cotadas a cerca de R$ 61,00, no dia 20 de dezembro, encerrou cotada a R$ 43,59.<\/p>\n<h2>Embraer<\/h2>\n<p>A <a href=\"https:\/\/www.suno.com.br\/acoes\/embr3\/\"><strong>Embraer<\/strong> (<strong>EMBR3<\/strong>)<\/a> \u00e9 uma fabricante de avi\u00f5es comerciais, executivos, agr\u00edcolas e militares, pe\u00e7as aeroespaciais, servi\u00e7os e suporte na \u00e1rea.<\/p>\n<p>A <strong>Embraer<\/strong> teve preju\u00edzo atribu\u00eddo aos acionistas de R$ 314,4 milh\u00f5es no terceiro trimestre deste ano. Vale destacar que no segundo trimestre a empresa registrou lucro de R$ 26,1 milh\u00f5es.<\/p>\n<p><a href=\"https:\/\/www.suno.com.br\/noticias\/embraer-prejuizo-r-314-milhoes-3t19\/\">Saiba mais: Embraer apresenta preju\u00edzo de R$ 314 milh\u00f5es no 3T19<\/a><\/p>\n<p>O preju\u00edzo da <strong>Embraer<\/strong> aumentou mais de seis vezes em compara\u00e7\u00e3o com as perdas do mesmo per\u00edodo de 2018. Entre janeiro e setembro, a fabricante de aeronaves acumula um preju\u00edzo de R$ 449,1 milh\u00f5es.<\/p>\n<p>No in\u00edcio do ano, as a\u00e7\u00f5es da empresa estavam cotadas a cerca de R$ 21,60, no dia 20 de dezembro, as mesmas encerraram a R$ 19,65.<\/p>\n<h2>Ultrapar<\/h2>\n<p>A <a href=\"https:\/\/www.suno.com.br\/acoes\/ugpa3\/\"><strong>Ultrapar <\/strong>(UGPA3)<\/a>\u00a0atua nos setores de distribui\u00e7\u00e3o de combust\u00edveis, por meio da <strong>Ipiranga<\/strong> e da <strong>Ultragaz<\/strong>; produ\u00e7\u00e3o de especialidades qu\u00edmicas, por meio da <strong>Oxiteno<\/strong>; servi\u00e7os de armazenagem para gran\u00e9is l\u00edquidos, por meio da <strong>Ultracargo<\/strong>; e drogarias, por meio da <strong>Extrafarma.<\/strong><\/p>\n<p>O lucro l\u00edquido obtido pela empresa no segundo trimestre deste ano, foi de R$ 120,7 milh\u00f5es. Em compara\u00e7\u00e3o ao mesmo per\u00edodo de 2018, a quantia caiu quase pela metade.<\/p>\n<p><a href=\"https:\/\/www.suno.com.br\/noticias\/lucro-ultrapar-diminui-50-trimestre\/\">Saiba mais: Lucro da Ultrapar diminui quase 50% no trimestre e fica em R$ 120,7 milh\u00f5es<\/a><\/p>\n<p>Especialistas estimavam um resultado mais positivo para a <strong>Ultrapar<\/strong>, algo em torno de R$ 250,5 milh\u00f5es. O resultado operacional medido pelo <strong>Ebitda ajustado<\/strong> <a href=\"https:\/\/www.suno.com.br\/artigos\/ebitda\/\">(lucro antes de impostos, juros, deprecia\u00e7\u00e3o e amortiza\u00e7\u00e3o)<\/a> foi de R$ 677,2 milh\u00f5es entre abril e junho. Isso significa uma baixa de 5,7% na compara\u00e7\u00e3o anual.<\/p>\n<h2>Smiles<\/h2>\n<p>O analista da <strong>SUNO<\/strong> ressalta que, sobre a <a href=\"https:\/\/www.suno.com.br\/acoes\/smls3\/\"><strong>Smiles <\/strong>(<strong>SMLS3<\/strong>)<\/a>: &#8220;Teve muita pol\u00eamica em rela\u00e7\u00e3o a <strong>Gol<\/strong> e sua tentativa de fechamento de capital. \u00c9 uma quest\u00e3o que acontece at\u00e9 hoje e n\u00e3o \u00e9 claro como isso ocorrer\u00e1. O controlador acabou tomando algumas a\u00e7\u00f5es que impactaram no pre\u00e7o da a\u00e7\u00e3o da empresa.&#8221;<\/p>\n<p>A empresa de <strong>milhagens <\/strong>registrou queda de 29,5% no <strong>lucro l\u00edquido <\/strong>do terceiro trimestre de 2019\u00a0em rela\u00e7\u00e3o ao mesmo per\u00edodo em 2018. O valor do <strong>lucro l\u00edquido<\/strong> \u00e9 correspondente a R$ 149,6 milh\u00f5es.<\/p>\n<p><a href=\"https:\/\/www.suno.com.br\/noticias\/smiles-queda-lucro-liquido-3t19-3t18\/\">Saiba mais: Smiles registra queda de 29,5% no lucro l\u00edquido de 3T19 em compara\u00e7\u00e3o ao 3T18<\/a><\/p>\n<p>J\u00e1 em compara\u00e7\u00e3o ao segundo trimestre, esse recuo \u00e9 de 4,0%. De acordo com o lucro antes de juros, impostos e amortiza\u00e7\u00e3o, o <a href=\"https:\/\/www.suno.com.br\/artigos\/ebitda\/\"><strong>Ebitda<\/strong><\/a>, a queda anual da <strong>Smiles<\/strong> chegou a 11,0%.<\/p>\n<p>Ademais, a <strong>receita l\u00edquida<\/strong> resultou em R$ 279,3 milh\u00f5es, uma alta de 6,1% comparado a julho e setembro do ano passado. E 0,5% acima ao segundo trimestre de 2019.<\/p>\n<h2>Confira em nosso site os relat\u00f3rios sobre as empresas brasileras<\/h2>\n<p><strong>Essa mat\u00e9ria n\u00e3o \u00e9 uma recomenda\u00e7\u00e3o de investimento<\/strong>, cabe ao investidor identificar a melhor oportunidade que se encaixa com o perfil de risco. Para isso, a <a href=\"https:\/\/www.suno.com.br\/\"><strong>SUNO Research<\/strong><\/a> tem os melhores relat\u00f3rio sobre a\u00e7\u00f5es de empresas brasileiras para auxiliar na decis\u00e3o.<\/p>\n\n","protected":false},"excerpt":{"rendered":"<p>O ano de 2019 foi recheado de boas not\u00edcias para investidores da Bolsa de Valores de S\u00e3o Paulo. O \u00edndice bateu altas recordes e est\u00e1 no patamar de 115 mil pontos, uma pontua\u00e7\u00e3o nunca antes vista. As a\u00e7\u00f5es das empresas brasileiras cotadas na B3 tiveram, em geral, bons desempenhos em um ano de &#8220;bull market&#8221;. [&hellip;]<\/p>\n","protected":false},"author":23,"featured_media":45010,"comment_status":"closed","ping_status":"closed","sticky":false,"template":"","format":"standard","meta":[],"categories":[64],"tags":[395,442,460,637,671],"suno_strategy":[],"class_list":["post-48632","post","type-post","status-publish","format-standard","has-post-thumbnail","hentry","category-negocios","tag-braskem-brkm3-brkm5-brkm6","tag-cvc-cvcb3","tag-embraer-embr3","tag-smiles-smls3","tag-ultrapar-ugpa3"],"yoast_head":"<!-- This site is optimized with the Yoast SEO plugin v24.4 - https:\/\/yoast.com\/wordpress\/plugins\/seo\/ -->\n<title>Confira as 5 empresas que mais desvalorizaram em 2019<\/title>\n<meta name=\"description\" content=\"O ano foi recheado de boas not\u00edcias para investidores da B3. Confira quais foram as cinco empresas que mais desvalorizaram em 2019.\" \/>\n<meta name=\"robots\" content=\"index, follow, max-snippet:-1, max-image-preview:large, max-video-preview:-1\" \/>\n<link rel=\"canonical\" href=\"https:\/\/www.suno.com.br\/noticias\/confira-empresas-desvalorizaram-2019\/\" \/>\n<meta property=\"og:locale\" content=\"pt_BR\" \/>\n<meta property=\"og:type\" content=\"article\" \/>\n<meta property=\"og:title\" content=\"Confira as 5 empresas que mais desvalorizaram em 2019\" \/>\n<meta property=\"og:description\" content=\"O ano foi recheado de boas not\u00edcias para investidores da B3. Confira quais foram as cinco empresas que mais desvalorizaram em 2019.\" \/>\n<meta property=\"og:url\" content=\"https:\/\/www.suno.com.br\/noticias\/confira-empresas-desvalorizaram-2019\/\" \/>\n<meta property=\"og:site_name\" content=\"Suno Not\u00edcias\" \/>\n<meta property=\"article:publisher\" content=\"https:\/\/facebook.com\/sunoresearch\" \/>\n<meta property=\"og:image\" content=\"https:\/\/files.sunoresearch.com.br\/n\/uploads\/2019\/11\/d129f3d4-braskem.jpg\" \/>\n\t<meta property=\"og:image:width\" content=\"1086\" \/>\n\t<meta property=\"og:image:height\" content=\"652\" \/>\n\t<meta property=\"og:image:type\" content=\"image\/jpeg\" \/>\n<meta name=\"author\" content=\"Rafael Lara\" \/>\n<meta name=\"twitter:card\" content=\"summary_large_image\" \/>\n<meta name=\"twitter:creator\" content=\"@sunoresearch\" \/>\n<meta name=\"twitter:site\" content=\"@sunoresearch\" \/>\n<meta name=\"twitter:label1\" content=\"Escrito por\" \/>\n\t<meta name=\"twitter:data1\" content=\"Rafael Lara\" \/>\n\t<meta name=\"twitter:label2\" content=\"Est. tempo de leitura\" \/>\n\t<meta name=\"twitter:data2\" content=\"4 minutos\" \/>\n<script type=\"application\/ld+json\" class=\"yoast-schema-graph\">{\"@context\":\"https:\/\/schema.org\",\"@graph\":[{\"@type\":\"NewsArticle\",\"@id\":\"https:\/\/www.suno.com.br\/noticias\/confira-empresas-desvalorizaram-2019\/#article\",\"isPartOf\":{\"@id\":\"https:\/\/www.suno.com.br\/noticias\/confira-empresas-desvalorizaram-2019\/\"},\"author\":{\"name\":\"Rafael Lara\",\"@id\":\"https:\/\/www.suno.com.br\/noticias\/#\/schema\/person\/098743caeed97b37f51315c9576c4078\"},\"headline\":\"Confira as 5 a\u00e7\u00f5es de empresas que mais desvalorizaram em 2019\",\"datePublished\":\"2019-12-24T17:58:11+00:00\",\"dateModified\":\"2019-12-24T18:01:25+00:00\",\"mainEntityOfPage\":{\"@id\":\"https:\/\/www.suno.com.br\/noticias\/confira-empresas-desvalorizaram-2019\/\"},\"wordCount\":872,\"publisher\":{\"@id\":\"https:\/\/www.suno.com.br\/noticias\/#organization\"},\"image\":{\"@id\":\"https:\/\/www.suno.com.br\/noticias\/confira-empresas-desvalorizaram-2019\/#primaryimage\"},\"thumbnailUrl\":\"https:\/\/files.sunoresearch.com.br\/n\/uploads\/2019\/11\/d129f3d4-braskem-jpg.webp\",\"keywords\":[\"Braskem (BRKM3\/BRKM5\/BRKM6)\",\"CVC (CVCB3)\",\"Embraer (EMBR3)\",\"Smiles (SMLS3)\",\"Ultrapar (UGPA3)\"],\"articleSection\":[\"Neg\u00f3cios\"],\"inLanguage\":\"pt-BR\"},{\"@type\":\"WebPage\",\"@id\":\"https:\/\/www.suno.com.br\/noticias\/confira-empresas-desvalorizaram-2019\/\",\"url\":\"https:\/\/www.suno.com.br\/noticias\/confira-empresas-desvalorizaram-2019\/\",\"name\":\"Confira as 5 empresas que mais desvalorizaram em 2019\",\"isPartOf\":{\"@id\":\"https:\/\/www.suno.com.br\/noticias\/#website\"},\"primaryImageOfPage\":{\"@id\":\"https:\/\/www.suno.com.br\/noticias\/confira-empresas-desvalorizaram-2019\/#primaryimage\"},\"image\":{\"@id\":\"https:\/\/www.suno.com.br\/noticias\/confira-empresas-desvalorizaram-2019\/#primaryimage\"},\"thumbnailUrl\":\"https:\/\/files.sunoresearch.com.br\/n\/uploads\/2019\/11\/d129f3d4-braskem-jpg.webp\",\"datePublished\":\"2019-12-24T17:58:11+00:00\",\"dateModified\":\"2019-12-24T18:01:25+00:00\",\"description\":\"O ano foi recheado de boas not\u00edcias para investidores da B3. Confira quais foram as cinco empresas que mais desvalorizaram em 2019.\",\"breadcrumb\":{\"@id\":\"https:\/\/www.suno.com.br\/noticias\/confira-empresas-desvalorizaram-2019\/#breadcrumb\"},\"inLanguage\":\"pt-BR\",\"potentialAction\":[{\"@type\":\"ReadAction\",\"target\":[\"https:\/\/www.suno.com.br\/noticias\/confira-empresas-desvalorizaram-2019\/\"]}]},{\"@type\":\"ImageObject\",\"inLanguage\":\"pt-BR\",\"@id\":\"https:\/\/www.suno.com.br\/noticias\/confira-empresas-desvalorizaram-2019\/#primaryimage\",\"url\":\"https:\/\/files.sunoresearch.com.br\/n\/uploads\/2019\/11\/d129f3d4-braskem-jpg.webp\",\"contentUrl\":\"https:\/\/files.sunoresearch.com.br\/n\/uploads\/2019\/11\/d129f3d4-braskem-jpg.webp\",\"width\":1086,\"height\":652,\"caption\":\"Braskem (BRKM5). Foto: Divulga\u00e7\u00e3o.\"},{\"@type\":\"BreadcrumbList\",\"@id\":\"https:\/\/www.suno.com.br\/noticias\/confira-empresas-desvalorizaram-2019\/#breadcrumb\",\"itemListElement\":[{\"@type\":\"ListItem\",\"position\":1,\"name\":\"Not\u00edcias\",\"item\":\"https:\/\/www.suno.com.br\/noticias\/\"},{\"@type\":\"ListItem\",\"position\":2,\"name\":\"Neg\u00f3cios\",\"item\":\"https:\/\/www.suno.com.br\/noticias\/negocios\/\"},{\"@type\":\"ListItem\",\"position\":3,\"name\":\"Confira as 5 a\u00e7\u00f5es de empresas que mais desvalorizaram em 2019\"}]},{\"@type\":\"WebSite\",\"@id\":\"https:\/\/www.suno.com.br\/noticias\/#website\",\"url\":\"https:\/\/www.suno.com.br\/noticias\/\",\"name\":\"Suno Not\u00edcias\",\"description\":\"Seu portal de informa\u00e7\u00e3o sobre o mundo dos investimentos\",\"publisher\":{\"@id\":\"https:\/\/www.suno.com.br\/noticias\/#organization\"},\"potentialAction\":[{\"@type\":\"SearchAction\",\"target\":{\"@type\":\"EntryPoint\",\"urlTemplate\":\"https:\/\/www.suno.com.br\/noticias\/?s={search_term_string}\"},\"query-input\":{\"@type\":\"PropertyValueSpecification\",\"valueRequired\":true,\"valueName\":\"search_term_string\"}}],\"inLanguage\":\"pt-BR\"},{\"@type\":\"Organization\",\"@id\":\"https:\/\/www.suno.com.br\/noticias\/#organization\",\"name\":\"Suno Not\u00edcias\",\"url\":\"https:\/\/www.suno.com.br\/noticias\/\",\"logo\":{\"@type\":\"ImageObject\",\"inLanguage\":\"pt-BR\",\"@id\":\"https:\/\/www.suno.com.br\/noticias\/#\/schema\/logo\/image\/\",\"url\":\"https:\/\/files.sunoresearch.com.br\/n\/uploads\/2021\/09\/suno-logo.png\",\"contentUrl\":\"https:\/\/files.sunoresearch.com.br\/n\/uploads\/2021\/09\/suno-logo.png\",\"width\":180,\"height\":180,\"caption\":\"Suno Not\u00edcias\"},\"image\":{\"@id\":\"https:\/\/www.suno.com.br\/noticias\/#\/schema\/logo\/image\/\"},\"sameAs\":[\"https:\/\/facebook.com\/sunoresearch\",\"https:\/\/x.com\/sunoresearch\",\"https:\/\/www.instagram.com\/suno\",\"https:\/\/www.linkedin.com\/company\/suno-research\/\",\"https:\/\/www.youtube.com\/c\/sunoresearch\"]},{\"@type\":\"Person\",\"@id\":\"https:\/\/www.suno.com.br\/noticias\/#\/schema\/person\/098743caeed97b37f51315c9576c4078\",\"name\":\"Rafael Lara\",\"image\":{\"@type\":\"ImageObject\",\"inLanguage\":\"pt-BR\",\"@id\":\"https:\/\/www.suno.com.br\/noticias\/#\/schema\/person\/image\/\",\"url\":\"https:\/\/secure.gravatar.com\/avatar\/dfc254ab9bb2ea1895d98b9e9dae4bdd?s=96&r=g\",\"contentUrl\":\"https:\/\/secure.gravatar.com\/avatar\/dfc254ab9bb2ea1895d98b9e9dae4bdd?s=96&r=g\",\"caption\":\"Rafael Lara\"},\"description\":\"Rafael Lara cursa jornalismo na Faculdade C\u00e1sper L\u00edbero. Escreve sobre pol\u00edtica, economia e neg\u00f3cios para o portal Suno Not\u00edcias. Antes, colaborou na TV Gazeta na produ\u00e7\u00e3o do programa Edi\u00e7\u00e3o Extra.\",\"url\":\"https:\/\/www.suno.com.br\/noticias\/author\/rafael\/\"}]}<\/script>\n<!-- \/ Yoast SEO plugin. -->","yoast_head_json":{"title":"Confira as 5 empresas que mais desvalorizaram em 2019","description":"O ano foi recheado de boas not\u00edcias para investidores da B3. Confira quais foram as cinco empresas que mais desvalorizaram em 2019.","robots":{"index":"index","follow":"follow","max-snippet":"max-snippet:-1","max-image-preview":"max-image-preview:large","max-video-preview":"max-video-preview:-1"},"canonical":"https:\/\/www.suno.com.br\/noticias\/confira-empresas-desvalorizaram-2019\/","og_locale":"pt_BR","og_type":"article","og_title":"Confira as 5 empresas que mais desvalorizaram em 2019","og_description":"O ano foi recheado de boas not\u00edcias para investidores da B3. Confira quais foram as cinco empresas que mais desvalorizaram em 2019.","og_url":"https:\/\/www.suno.com.br\/noticias\/confira-empresas-desvalorizaram-2019\/","og_site_name":"Suno Not\u00edcias","article_publisher":"https:\/\/facebook.com\/sunoresearch","og_image":[{"width":1086,"height":652,"url":"https:\/\/files.sunoresearch.com.br\/n\/uploads\/2019\/11\/d129f3d4-braskem.jpg","type":"image\/jpeg"}],"author":"Rafael Lara","twitter_card":"summary_large_image","twitter_creator":"@sunoresearch","twitter_site":"@sunoresearch","twitter_misc":{"Escrito por":"Rafael Lara","Est. tempo de leitura":"4 minutos"},"schema":{"@context":"https:\/\/schema.org","@graph":[{"@type":"NewsArticle","@id":"https:\/\/www.suno.com.br\/noticias\/confira-empresas-desvalorizaram-2019\/#article","isPartOf":{"@id":"https:\/\/www.suno.com.br\/noticias\/confira-empresas-desvalorizaram-2019\/"},"author":{"name":"Rafael Lara","@id":"https:\/\/www.suno.com.br\/noticias\/#\/schema\/person\/098743caeed97b37f51315c9576c4078"},"headline":"Confira as 5 a\u00e7\u00f5es de empresas que mais desvalorizaram em 2019","datePublished":"2019-12-24T17:58:11+00:00","dateModified":"2019-12-24T18:01:25+00:00","mainEntityOfPage":{"@id":"https:\/\/www.suno.com.br\/noticias\/confira-empresas-desvalorizaram-2019\/"},"wordCount":872,"publisher":{"@id":"https:\/\/www.suno.com.br\/noticias\/#organization"},"image":{"@id":"https:\/\/www.suno.com.br\/noticias\/confira-empresas-desvalorizaram-2019\/#primaryimage"},"thumbnailUrl":"https:\/\/files.sunoresearch.com.br\/n\/uploads\/2019\/11\/d129f3d4-braskem-jpg.webp","keywords":["Braskem (BRKM3\/BRKM5\/BRKM6)","CVC (CVCB3)","Embraer (EMBR3)","Smiles (SMLS3)","Ultrapar (UGPA3)"],"articleSection":["Neg\u00f3cios"],"inLanguage":"pt-BR"},{"@type":"WebPage","@id":"https:\/\/www.suno.com.br\/noticias\/confira-empresas-desvalorizaram-2019\/","url":"https:\/\/www.suno.com.br\/noticias\/confira-empresas-desvalorizaram-2019\/","name":"Confira as 5 empresas que mais desvalorizaram em 2019","isPartOf":{"@id":"https:\/\/www.suno.com.br\/noticias\/#website"},"primaryImageOfPage":{"@id":"https:\/\/www.suno.com.br\/noticias\/confira-empresas-desvalorizaram-2019\/#primaryimage"},"image":{"@id":"https:\/\/www.suno.com.br\/noticias\/confira-empresas-desvalorizaram-2019\/#primaryimage"},"thumbnailUrl":"https:\/\/files.sunoresearch.com.br\/n\/uploads\/2019\/11\/d129f3d4-braskem-jpg.webp","datePublished":"2019-12-24T17:58:11+00:00","dateModified":"2019-12-24T18:01:25+00:00","description":"O ano foi recheado de boas not\u00edcias para investidores da B3. Confira quais foram as cinco empresas que mais desvalorizaram em 2019.","breadcrumb":{"@id":"https:\/\/www.suno.com.br\/noticias\/confira-empresas-desvalorizaram-2019\/#breadcrumb"},"inLanguage":"pt-BR","potentialAction":[{"@type":"ReadAction","target":["https:\/\/www.suno.com.br\/noticias\/confira-empresas-desvalorizaram-2019\/"]}]},{"@type":"ImageObject","inLanguage":"pt-BR","@id":"https:\/\/www.suno.com.br\/noticias\/confira-empresas-desvalorizaram-2019\/#primaryimage","url":"https:\/\/files.sunoresearch.com.br\/n\/uploads\/2019\/11\/d129f3d4-braskem-jpg.webp","contentUrl":"https:\/\/files.sunoresearch.com.br\/n\/uploads\/2019\/11\/d129f3d4-braskem-jpg.webp","width":1086,"height":652,"caption":"Braskem (BRKM5). Foto: Divulga\u00e7\u00e3o."},{"@type":"BreadcrumbList","@id":"https:\/\/www.suno.com.br\/noticias\/confira-empresas-desvalorizaram-2019\/#breadcrumb","itemListElement":[{"@type":"ListItem","position":1,"name":"Not\u00edcias","item":"https:\/\/www.suno.com.br\/noticias\/"},{"@type":"ListItem","position":2,"name":"Neg\u00f3cios","item":"https:\/\/www.suno.com.br\/noticias\/negocios\/"},{"@type":"ListItem","position":3,"name":"Confira as 5 a\u00e7\u00f5es de empresas que mais desvalorizaram em 2019"}]},{"@type":"WebSite","@id":"https:\/\/www.suno.com.br\/noticias\/#website","url":"https:\/\/www.suno.com.br\/noticias\/","name":"Suno Not\u00edcias","description":"Seu portal de informa\u00e7\u00e3o sobre o mundo dos investimentos","publisher":{"@id":"https:\/\/www.suno.com.br\/noticias\/#organization"},"potentialAction":[{"@type":"SearchAction","target":{"@type":"EntryPoint","urlTemplate":"https:\/\/www.suno.com.br\/noticias\/?s={search_term_string}"},"query-input":{"@type":"PropertyValueSpecification","valueRequired":true,"valueName":"search_term_string"}}],"inLanguage":"pt-BR"},{"@type":"Organization","@id":"https:\/\/www.suno.com.br\/noticias\/#organization","name":"Suno Not\u00edcias","url":"https:\/\/www.suno.com.br\/noticias\/","logo":{"@type":"ImageObject","inLanguage":"pt-BR","@id":"https:\/\/www.suno.com.br\/noticias\/#\/schema\/logo\/image\/","url":"https:\/\/files.sunoresearch.com.br\/n\/uploads\/2021\/09\/suno-logo.png","contentUrl":"https:\/\/files.sunoresearch.com.br\/n\/uploads\/2021\/09\/suno-logo.png","width":180,"height":180,"caption":"Suno Not\u00edcias"},"image":{"@id":"https:\/\/www.suno.com.br\/noticias\/#\/schema\/logo\/image\/"},"sameAs":["https:\/\/facebook.com\/sunoresearch","https:\/\/x.com\/sunoresearch","https:\/\/www.instagram.com\/suno","https:\/\/www.linkedin.com\/company\/suno-research\/","https:\/\/www.youtube.com\/c\/sunoresearch"]},{"@type":"Person","@id":"https:\/\/www.suno.com.br\/noticias\/#\/schema\/person\/098743caeed97b37f51315c9576c4078","name":"Rafael Lara","image":{"@type":"ImageObject","inLanguage":"pt-BR","@id":"https:\/\/www.suno.com.br\/noticias\/#\/schema\/person\/image\/","url":"https:\/\/secure.gravatar.com\/avatar\/dfc254ab9bb2ea1895d98b9e9dae4bdd?s=96&r=g","contentUrl":"https:\/\/secure.gravatar.com\/avatar\/dfc254ab9bb2ea1895d98b9e9dae4bdd?s=96&r=g","caption":"Rafael Lara"},"description":"Rafael Lara cursa jornalismo na Faculdade C\u00e1sper L\u00edbero. Escreve sobre pol\u00edtica, economia e neg\u00f3cios para o portal Suno Not\u00edcias. Antes, colaborou na TV Gazeta na produ\u00e7\u00e3o do programa Edi\u00e7\u00e3o Extra.","url":"https:\/\/www.suno.com.br\/noticias\/author\/rafael\/"}]}},"default_loop_html":"<div class=\"cardsPage__listCard__boxs\"><div class=\"cardsPage__listCard__boxs__img\"><a href=\"https:\/\/www.suno.com.br\/noticias\/confira-empresas-desvalorizaram-2019\/\"><img class=\"mask\" src=\"https:\/\/www.suno.com.br\/noticias\/wp-content\/themes\/suno\/resources\/images\/spotlight\/spotlight1img\/bg-mask.png\" alt=\"Image Mask\"\/><img src=\"https:\/\/files.sunoresearch.com.br\/n\/uploads\/2019\/11\/d129f3d4-braskem-400x200.webp\" alt=\"Confira as 5 a\u00e7\u00f5es de empresas que mais desvalorizaram em 2019\"\/><\/a><span class=\"spotlightCategory\"><a href=\"https:\/\/www.suno.com.br\/noticias\/negocios\/\">Neg\u00f3cios<\/a><\/span><\/div><div class=\"cardsPage__listCard__boxs__content\"><a href=\"https:\/\/www.suno.com.br\/noticias\/confira-empresas-desvalorizaram-2019\/\"><h2 class=\"content__title\">Confira as 5 a\u00e7\u00f5es de empresas que mais desvalorizaram em 2019<\/h2><\/a><div class=\"newsContent__article__meta\"><div class=\"newsContent__article__meta__authorBox\"><a href=\"https:\/\/www.suno.com.br\/noticias\/author\/rafael\/\" class=\"authorBox__avatar noMobi\"><img src=\"https:\/\/secure.gravatar.com\/avatar\/dfc254ab9bb2ea1895d98b9e9dae4bdd?s=96&#038;r=g\" alt=\"Rafael Lara\"><\/a><div class=\"authorBox__name\"><span>por\n\t\t\t<a href=\"https:\/\/www.suno.com.br\/noticias\/author\/rafael\/\"><span itemprop=\"author\">Rafael Lara<\/span><\/a><\/span><time datetime=\"2019-12-24T15:58:11-03:00\" itemprop=\"datePublished\">24\/12\/2019 15:58<\/time><\/div><\/div><\/div><\/div><\/div>","single_layout":"posts","amp_enabled":true,"_links":{"self":[{"href":"https:\/\/www.suno.com.br\/noticias\/wp-json\/wp\/v2\/posts\/48632"}],"collection":[{"href":"https:\/\/www.suno.com.br\/noticias\/wp-json\/wp\/v2\/posts"}],"about":[{"href":"https:\/\/www.suno.com.br\/noticias\/wp-json\/wp\/v2\/types\/post"}],"author":[{"embeddable":true,"href":"https:\/\/www.suno.com.br\/noticias\/wp-json\/wp\/v2\/users\/23"}],"replies":[{"embeddable":true,"href":"https:\/\/www.suno.com.br\/noticias\/wp-json\/wp\/v2\/comments?post=48632"}],"version-history":[{"count":0,"href":"https:\/\/www.suno.com.br\/noticias\/wp-json\/wp\/v2\/posts\/48632\/revisions"}],"wp:featuredmedia":[{"embeddable":true,"href":"https:\/\/www.suno.com.br\/noticias\/wp-json\/wp\/v2\/media\/45010"}],"wp:attachment":[{"href":"https:\/\/www.suno.com.br\/noticias\/wp-json\/wp\/v2\/media?parent=48632"}],"wp:term":[{"taxonomy":"category","embeddable":true,"href":"https:\/\/www.suno.com.br\/noticias\/wp-json\/wp\/v2\/categories?post=48632"},{"taxonomy":"post_tag","embeddable":true,"href":"https:\/\/www.suno.com.br\/noticias\/wp-json\/wp\/v2\/tags?post=48632"},{"taxonomy":"suno_strategy","embeddable":true,"href":"https:\/\/www.suno.com.br\/noticias\/wp-json\/wp\/v2\/suno_strategy?post=48632"}],"curies":[{"name":"wp","href":"https:\/\/api.w.org\/{rel}","templated":true}]}}