{"id":48609,"date":"2019-12-20T18:47:58","date_gmt":"2019-12-20T20:47:58","guid":{"rendered":"https:\/\/www.suno.com.br\/noticias\/?p=48609"},"modified":"2019-12-20T18:55:35","modified_gmt":"2019-12-20T20:55:35","slug":"fgv-preco-da-carne-expectativa-inflacao","status":"publish","type":"post","link":"https:\/\/www.suno.com.br\/noticias\/fgv-preco-da-carne-expectativa-inflacao\/","title":{"rendered":"Se o pre\u00e7o da carne continuar alto, expectativa de infla\u00e7\u00e3o subir\u00e1, diz FGV"},"content":{"rendered":"<p>A expectativa inflacion\u00e1ria do consumidor manteve-se est\u00e1vel em dezembro mesmo ap\u00f3s o aumento de pre\u00e7o da carne bovina, contudo, as proje\u00e7\u00f5es de pre\u00e7o do brasileiro podem n\u00e3o permanecer por muito tempo. A afirma\u00e7\u00e3o foi feita pela economista Renata de Mello Franco da <strong>Funda\u00e7\u00e3o<\/strong> <strong>Get\u00falio<\/strong> <strong>Vargas<\/strong> (<strong>FGV<\/strong>) ao jornal &#8220;Valor Econ\u00f4mico&#8221; nesta sexta-feira (20).<\/p>\t<div class=\"wrapper-featured-image\">\n\t\t<figure class=\"spotlightImg\">\n\n\t\t\t<picture>\n\t\t\t\t<source media=\"(max-width: 768px)\" srcset=\"https:\/\/files.sunoresearch.com.br\/n\/uploads\/2018\/12\/7812749b-jbs-400x200.webp\">\n\t\t\t\t<img loading=\"lazy\" decoding=\"async\" class=\"newsContent__article__imgCapa lazyloadDisabled newsContent__article__imgCapa--noCaption\" src=\"https:\/\/files.sunoresearch.com.br\/n\/uploads\/2018\/12\/7812749b-jbs-800x450.webp\" width=\"800\" height=\"450\" alt=\"Se o pre\u00e7o da carne continuar alto, expectativa de infla\u00e7\u00e3o subir\u00e1, diz FGV\" fetchpriority=high \/>\n\t\t\t<\/picture>\n\n\t\t\t<figcaption class=\"wp-caption-text wp-caption-text--hide\">Alta recorde do pre\u00e7o da carne nos EUA afeta consumidores e fast food, com impacto direto no bolso.<\/figcaption>\n\t\t<\/figure>\n\t<\/div>\n\n\n\n<p>A economista fez a afirma\u00e7\u00e3o sobre o <strong>pre\u00e7o<\/strong> <strong>da<\/strong> <strong>carne<\/strong> ao relacionar com a evolu\u00e7\u00e3o do indicador de expectativa de infla\u00e7\u00e3o dos consumidores brasileiros para o pr\u00f3ximo ano, que se manteve em 4,8% no m\u00eas de dezembro.<\/p>\n<p>Al\u00e9m disso, observa que, em dezembro de 2019, o consumidor n\u00e3o mudou as proje\u00e7\u00f5es futuras de pre\u00e7os devido ao aumento do pre\u00e7o da carne, por entender que \u00e9 um fen\u00f4meno passageiro. Contudo, se a carne continuar a subir, o cen\u00e1rio pode ser modificado e o consumidor voltar a elevar suas expectativas inflacion\u00e1rias para os pr\u00f3ximos meses.<\/p>\n<p>De acordo com o <a href=\"https:\/\/www.suno.com.br\/artigos\/ipca\/\"><strong>\u00cdndice Nacional de Pre\u00e7os ao Consumidor Amplo<\/strong> (<strong>IPCA<\/strong>)<\/a> divulgado, nesta sexta, pelo <a href=\"https:\/\/www.suno.com.br\/noticias\/ibge-producao-industrial-cai-janeiro\/\"><strong>IBGE<\/strong><\/a>, em dezembro, o &#8220;<strong>IPCA-15<\/strong>&#8221; elevou-se a 1,05% e a carne respondeu por 0,48 p.p do indicador.<\/p>\n<p>A especialista da <strong>FGV<\/strong> salientou que as carnes t\u00eam aumentado muito de pre\u00e7o por conta de sua demanda internacional (com destaque pela <strong>China<\/strong>). Devido a isso, os produtores preferem deslocar a oferta do produto para exporta\u00e7\u00f5es, aproveitando a alta do d\u00f3lar para aumentar a rentabilidade da opera\u00e7\u00e3o.<\/p>\n<p>A economista concluiu que: \u201cNosso cen\u00e1rio de pre\u00e7os \u00e9 compat\u00edvel com expectativa de infla\u00e7\u00e3o na faixa dos 4%, pr\u00f3ximo \u00e0 meta inflacion\u00e1ria. Mas temos que observar para saber at\u00e9 quando o <strong>pre\u00e7o<\/strong> <strong>da<\/strong> <strong>carne<\/strong> vai subir, e de que forma isso vai afetar o sentimento do consumidor\u201d.<\/p>\n<h2>Bolsonaro comenta sobre o pre\u00e7o da carne<\/h2>\n<p>O presidente <strong>Jair Bolsonaro<\/strong> disse que a alta do <strong>pre\u00e7o<\/strong> <strong>da<\/strong> <strong>carne<\/strong> \u00e9 motivada por uma combina\u00e7\u00e3o de <strong>entressafra<\/strong> com aumento das <a href=\"https:\/\/www.suno.com.br\/artigos\/imposto-de-exportacao\/\"><strong>exporta\u00e7\u00f5es<\/strong><\/a>. A declara\u00e7\u00e3o ocorreu no dia 9 de dezembro, durante uma transmiss\u00e3o ao vivo nas redes sociais.<\/p>\n<p><a href=\"https:\/\/www.suno.com.br\/noticias\/jair-bolsonaro-alta-preco-carne-reflexo-entressafra\/\">Saiba mais: Pre\u00e7o da carne em alta \u00e9 reflexo da entressafra, diz Bolsonaro<\/a><\/p>\n<p>De acordo com <strong>Bolsonaro<\/strong>,\u00a0o <strong>pre\u00e7o da<\/strong> <strong>carne<\/strong> dever\u00e1 voltar a cair em breve. A baixa dever\u00e1 ocorrer ap\u00f3s o pre\u00e7o do boi gordo atingir m\u00e1ximas hist\u00f3ricas e, como consequ\u00eancia, pressionar a <a href=\"https:\/\/www.suno.com.br\/artigos\/inflacao\/\"><strong>infla\u00e7\u00e3o<\/strong><\/a>.<\/p>\n<p>\u201cEstamos numa entressafra. \u00c9 natural nessa \u00e9poca do ano a carne subir por volta de 10%, subiu um pouco mais devido \u00e0s exporta\u00e7\u00f5es\u201d, afirmou o mandat\u00e1rio.<\/p>\n\t<p>\n\t\t<a href=\"https:\/\/lp2.suno.com.br\/cl\/black-friday-2025\/?utm_campaign=_SNCDF0E4858_\" target=\"_blank\" data-element=\"shortcode-suno-banner\" title=\"Banner SUNO, clique e saiba mais\">\n\t\t\t<picture>\n\t\t\t\t<source media=\"(max-width: 500px)\" srcset=\"https:\/\/files.sunoresearch.com.br\/n\/uploads\/2025\/10\/Artigos-e-Noticias-Banner-Home-artigos-01-Mobile_-400x300-1-png.webp\">\n\t\t\t\t<img class=\"newsContent__article__imgCapa newsContent__article__imgCapa--banner\"\n\t\t\t\t\tsrc=\"https:\/\/files.sunoresearch.com.br\/n\/uploads\/2025\/10\/Artigos-e-Noticias-Banner-Home-artigos-01-Desktop_-1420x240-1-png.webp\"\n\t\t\t\t\tdata-promo-id=\"311259\"\t\t\t\t\t\t\t\t\t\twidth='1420' height='240'\t\t\t\t\talt=\"https:\/\/files.sunoresearch.com.br\/n\/uploads\/2025\/10\/Artigos-e-Noticias-Banner-Home-artigos-01-Desktop_-1420x240-1-png.webp\"\n\t\t\t\t>\n\t\t\t<\/picture>\n\t\t<\/a>\n\t<\/p>\n\n\n<p>O presidente salientou ainda que os produtores brasileiros est\u00e3o trabalhando para aumentar a produtividade. Dessa forma, a <strong>demanda<\/strong> do mercado externo ser\u00e1 atendida e os pre\u00e7os dever\u00e3o cair.<\/p>\n<p>\u201cEu estou levando pancada sobre o <strong>pre\u00e7o da carne<\/strong>. \u00c9 uma entressafra, vai diminuir esse pre\u00e7o, o pessoal est\u00e1 investindo cada vez mais, mas n\u00e3o \u00e9 f\u00e1cil voc\u00ea ser agricultor tamb\u00e9m. Pessoal sempre critica o homem do campo, desmatamento, desmatamento. Est\u00e1 comprovado aqui que a gente praticamente n\u00e3o precisa da Amaz\u00f4nia para isso da\u00ed\u201d, disse <strong>Bolsonaro<\/strong>.<\/p>\n\n","protected":false},"excerpt":{"rendered":"<p>A expectativa inflacion\u00e1ria do consumidor manteve-se est\u00e1vel em dezembro mesmo ap\u00f3s o aumento de pre\u00e7o da carne bovina, contudo, as proje\u00e7\u00f5es de pre\u00e7o do brasileiro podem n\u00e3o permanecer por muito tempo. A afirma\u00e7\u00e3o foi feita pela economista Renata de Mello Franco da Funda\u00e7\u00e3o Get\u00falio Vargas (FGV) ao jornal &#8220;Valor Econ\u00f4mico&#8221; nesta sexta-feira (20). Alta recorde [&hellip;]<\/p>\n","protected":false},"author":23,"featured_media":7901,"comment_status":"closed","ping_status":"closed","sticky":false,"template":"","format":"standard","meta":[],"categories":[62],"tags":[797,821,1361],"suno_strategy":[],"class_list":["post-48609","post","type-post","status-publish","format-standard","has-post-thumbnail","hentry","category-economia","tag-fgv","tag-ibge","tag-ipca-15"],"yoast_head":"<!-- This site is optimized with the Yoast SEO plugin v24.4 - https:\/\/yoast.com\/wordpress\/plugins\/seo\/ -->\n<title>Se o pre\u00e7o da carne continuar alto, expectativa de infla\u00e7\u00e3o subir\u00e1, diz FGV<\/title>\n<meta name=\"description\" content=\"A expectativa inflacion\u00e1ria do consumidor manteve-se est\u00e1vel em dezembro mesmo ap\u00f3s o aumento de pre\u00e7o da carne bovina. Clique para mais.\" \/>\n<meta name=\"robots\" content=\"index, follow, max-snippet:-1, max-image-preview:large, max-video-preview:-1\" \/>\n<link rel=\"canonical\" href=\"https:\/\/www.suno.com.br\/noticias\/fgv-preco-da-carne-expectativa-inflacao\/\" \/>\n<meta property=\"og:locale\" content=\"pt_BR\" \/>\n<meta property=\"og:type\" content=\"article\" \/>\n<meta property=\"og:title\" content=\"Se o pre\u00e7o da carne continuar alto, expectativa de infla\u00e7\u00e3o subir\u00e1, diz FGV\" \/>\n<meta property=\"og:description\" content=\"A expectativa inflacion\u00e1ria do consumidor manteve-se est\u00e1vel em dezembro mesmo ap\u00f3s o aumento de pre\u00e7o da carne bovina. Clique para mais.\" \/>\n<meta property=\"og:url\" content=\"https:\/\/www.suno.com.br\/noticias\/fgv-preco-da-carne-expectativa-inflacao\/\" \/>\n<meta property=\"og:site_name\" content=\"Suno Not\u00edcias\" \/>\n<meta property=\"article:publisher\" content=\"https:\/\/facebook.com\/sunoresearch\" \/>\n<meta property=\"og:image\" content=\"https:\/\/files.sunoresearch.com.br\/n\/uploads\/2018\/12\/7812749b-jbs.jpg\" \/>\n\t<meta property=\"og:image:width\" content=\"960\" \/>\n\t<meta property=\"og:image:height\" content=\"720\" \/>\n\t<meta property=\"og:image:type\" content=\"image\/jpeg\" \/>\n<meta name=\"author\" content=\"Rafael Lara\" \/>\n<meta name=\"twitter:card\" content=\"summary_large_image\" \/>\n<meta name=\"twitter:creator\" content=\"@sunoresearch\" \/>\n<meta name=\"twitter:site\" content=\"@sunoresearch\" \/>\n<meta name=\"twitter:label1\" content=\"Escrito por\" \/>\n\t<meta name=\"twitter:data1\" content=\"Rafael Lara\" \/>\n\t<meta name=\"twitter:label2\" content=\"Est. tempo de leitura\" \/>\n\t<meta name=\"twitter:data2\" content=\"3 minutos\" \/>\n<script type=\"application\/ld+json\" class=\"yoast-schema-graph\">{\"@context\":\"https:\/\/schema.org\",\"@graph\":[{\"@type\":\"NewsArticle\",\"@id\":\"https:\/\/www.suno.com.br\/noticias\/fgv-preco-da-carne-expectativa-inflacao\/#article\",\"isPartOf\":{\"@id\":\"https:\/\/www.suno.com.br\/noticias\/fgv-preco-da-carne-expectativa-inflacao\/\"},\"author\":{\"name\":\"Rafael Lara\",\"@id\":\"https:\/\/www.suno.com.br\/noticias\/#\/schema\/person\/098743caeed97b37f51315c9576c4078\"},\"headline\":\"Se o pre\u00e7o da carne continuar alto, expectativa de infla\u00e7\u00e3o subir\u00e1, diz FGV\",\"datePublished\":\"2019-12-20T20:47:58+00:00\",\"dateModified\":\"2019-12-20T20:55:35+00:00\",\"mainEntityOfPage\":{\"@id\":\"https:\/\/www.suno.com.br\/noticias\/fgv-preco-da-carne-expectativa-inflacao\/\"},\"wordCount\":551,\"publisher\":{\"@id\":\"https:\/\/www.suno.com.br\/noticias\/#organization\"},\"image\":{\"@id\":\"https:\/\/www.suno.com.br\/noticias\/fgv-preco-da-carne-expectativa-inflacao\/#primaryimage\"},\"thumbnailUrl\":\"https:\/\/files.sunoresearch.com.br\/n\/uploads\/2018\/12\/7812749b-jbs-jpg.webp\",\"keywords\":[\"FGV\",\"IBGE\",\"IPCA-15\"],\"articleSection\":[\"Economia\"],\"inLanguage\":\"pt-BR\"},{\"@type\":\"WebPage\",\"@id\":\"https:\/\/www.suno.com.br\/noticias\/fgv-preco-da-carne-expectativa-inflacao\/\",\"url\":\"https:\/\/www.suno.com.br\/noticias\/fgv-preco-da-carne-expectativa-inflacao\/\",\"name\":\"Se o pre\u00e7o da carne continuar alto, expectativa de infla\u00e7\u00e3o subir\u00e1, diz FGV\",\"isPartOf\":{\"@id\":\"https:\/\/www.suno.com.br\/noticias\/#website\"},\"primaryImageOfPage\":{\"@id\":\"https:\/\/www.suno.com.br\/noticias\/fgv-preco-da-carne-expectativa-inflacao\/#primaryimage\"},\"image\":{\"@id\":\"https:\/\/www.suno.com.br\/noticias\/fgv-preco-da-carne-expectativa-inflacao\/#primaryimage\"},\"thumbnailUrl\":\"https:\/\/files.sunoresearch.com.br\/n\/uploads\/2018\/12\/7812749b-jbs-jpg.webp\",\"datePublished\":\"2019-12-20T20:47:58+00:00\",\"dateModified\":\"2019-12-20T20:55:35+00:00\",\"description\":\"A expectativa inflacion\u00e1ria do consumidor manteve-se est\u00e1vel em dezembro mesmo ap\u00f3s o aumento de pre\u00e7o da carne bovina. Clique para mais.\",\"breadcrumb\":{\"@id\":\"https:\/\/www.suno.com.br\/noticias\/fgv-preco-da-carne-expectativa-inflacao\/#breadcrumb\"},\"inLanguage\":\"pt-BR\",\"potentialAction\":[{\"@type\":\"ReadAction\",\"target\":[\"https:\/\/www.suno.com.br\/noticias\/fgv-preco-da-carne-expectativa-inflacao\/\"]}]},{\"@type\":\"ImageObject\",\"inLanguage\":\"pt-BR\",\"@id\":\"https:\/\/www.suno.com.br\/noticias\/fgv-preco-da-carne-expectativa-inflacao\/#primaryimage\",\"url\":\"https:\/\/files.sunoresearch.com.br\/n\/uploads\/2018\/12\/7812749b-jbs-jpg.webp\",\"contentUrl\":\"https:\/\/files.sunoresearch.com.br\/n\/uploads\/2018\/12\/7812749b-jbs-jpg.webp\",\"width\":960,\"height\":720,\"caption\":\"Alta recorde do pre\u00e7o da carne nos EUA afeta consumidores e fast food, com impacto direto no bolso.\"},{\"@type\":\"BreadcrumbList\",\"@id\":\"https:\/\/www.suno.com.br\/noticias\/fgv-preco-da-carne-expectativa-inflacao\/#breadcrumb\",\"itemListElement\":[{\"@type\":\"ListItem\",\"position\":1,\"name\":\"Not\u00edcias\",\"item\":\"https:\/\/www.suno.com.br\/noticias\/\"},{\"@type\":\"ListItem\",\"position\":2,\"name\":\"Economia\",\"item\":\"https:\/\/www.suno.com.br\/noticias\/economia\/\"},{\"@type\":\"ListItem\",\"position\":3,\"name\":\"Se o pre\u00e7o da carne continuar alto, expectativa de infla\u00e7\u00e3o subir\u00e1, diz FGV\"}]},{\"@type\":\"WebSite\",\"@id\":\"https:\/\/www.suno.com.br\/noticias\/#website\",\"url\":\"https:\/\/www.suno.com.br\/noticias\/\",\"name\":\"Suno Not\u00edcias\",\"description\":\"Seu portal de informa\u00e7\u00e3o sobre o mundo dos investimentos\",\"publisher\":{\"@id\":\"https:\/\/www.suno.com.br\/noticias\/#organization\"},\"potentialAction\":[{\"@type\":\"SearchAction\",\"target\":{\"@type\":\"EntryPoint\",\"urlTemplate\":\"https:\/\/www.suno.com.br\/noticias\/?s={search_term_string}\"},\"query-input\":{\"@type\":\"PropertyValueSpecification\",\"valueRequired\":true,\"valueName\":\"search_term_string\"}}],\"inLanguage\":\"pt-BR\"},{\"@type\":\"Organization\",\"@id\":\"https:\/\/www.suno.com.br\/noticias\/#organization\",\"name\":\"Suno Not\u00edcias\",\"url\":\"https:\/\/www.suno.com.br\/noticias\/\",\"logo\":{\"@type\":\"ImageObject\",\"inLanguage\":\"pt-BR\",\"@id\":\"https:\/\/www.suno.com.br\/noticias\/#\/schema\/logo\/image\/\",\"url\":\"https:\/\/files.sunoresearch.com.br\/n\/uploads\/2021\/09\/suno-logo.png\",\"contentUrl\":\"https:\/\/files.sunoresearch.com.br\/n\/uploads\/2021\/09\/suno-logo.png\",\"width\":180,\"height\":180,\"caption\":\"Suno Not\u00edcias\"},\"image\":{\"@id\":\"https:\/\/www.suno.com.br\/noticias\/#\/schema\/logo\/image\/\"},\"sameAs\":[\"https:\/\/facebook.com\/sunoresearch\",\"https:\/\/x.com\/sunoresearch\",\"https:\/\/www.instagram.com\/suno\",\"https:\/\/www.linkedin.com\/company\/suno-research\/\",\"https:\/\/www.youtube.com\/c\/sunoresearch\"]},{\"@type\":\"Person\",\"@id\":\"https:\/\/www.suno.com.br\/noticias\/#\/schema\/person\/098743caeed97b37f51315c9576c4078\",\"name\":\"Rafael Lara\",\"image\":{\"@type\":\"ImageObject\",\"inLanguage\":\"pt-BR\",\"@id\":\"https:\/\/www.suno.com.br\/noticias\/#\/schema\/person\/image\/\",\"url\":\"https:\/\/secure.gravatar.com\/avatar\/dfc254ab9bb2ea1895d98b9e9dae4bdd?s=96&r=g\",\"contentUrl\":\"https:\/\/secure.gravatar.com\/avatar\/dfc254ab9bb2ea1895d98b9e9dae4bdd?s=96&r=g\",\"caption\":\"Rafael Lara\"},\"description\":\"Rafael Lara cursa jornalismo na Faculdade C\u00e1sper L\u00edbero. Escreve sobre pol\u00edtica, economia e neg\u00f3cios para o portal Suno Not\u00edcias. Antes, colaborou na TV Gazeta na produ\u00e7\u00e3o do programa Edi\u00e7\u00e3o Extra.\",\"url\":\"https:\/\/www.suno.com.br\/noticias\/author\/rafael\/\"}]}<\/script>\n<!-- \/ Yoast SEO plugin. -->","yoast_head_json":{"title":"Se o pre\u00e7o da carne continuar alto, expectativa de infla\u00e7\u00e3o subir\u00e1, diz FGV","description":"A expectativa inflacion\u00e1ria do consumidor manteve-se est\u00e1vel em dezembro mesmo ap\u00f3s o aumento de pre\u00e7o da carne bovina. Clique para mais.","robots":{"index":"index","follow":"follow","max-snippet":"max-snippet:-1","max-image-preview":"max-image-preview:large","max-video-preview":"max-video-preview:-1"},"canonical":"https:\/\/www.suno.com.br\/noticias\/fgv-preco-da-carne-expectativa-inflacao\/","og_locale":"pt_BR","og_type":"article","og_title":"Se o pre\u00e7o da carne continuar alto, expectativa de infla\u00e7\u00e3o subir\u00e1, diz FGV","og_description":"A expectativa inflacion\u00e1ria do consumidor manteve-se est\u00e1vel em dezembro mesmo ap\u00f3s o aumento de pre\u00e7o da carne bovina. Clique para mais.","og_url":"https:\/\/www.suno.com.br\/noticias\/fgv-preco-da-carne-expectativa-inflacao\/","og_site_name":"Suno Not\u00edcias","article_publisher":"https:\/\/facebook.com\/sunoresearch","og_image":[{"width":960,"height":720,"url":"https:\/\/files.sunoresearch.com.br\/n\/uploads\/2018\/12\/7812749b-jbs.jpg","type":"image\/jpeg"}],"author":"Rafael Lara","twitter_card":"summary_large_image","twitter_creator":"@sunoresearch","twitter_site":"@sunoresearch","twitter_misc":{"Escrito por":"Rafael Lara","Est. tempo de leitura":"3 minutos"},"schema":{"@context":"https:\/\/schema.org","@graph":[{"@type":"NewsArticle","@id":"https:\/\/www.suno.com.br\/noticias\/fgv-preco-da-carne-expectativa-inflacao\/#article","isPartOf":{"@id":"https:\/\/www.suno.com.br\/noticias\/fgv-preco-da-carne-expectativa-inflacao\/"},"author":{"name":"Rafael Lara","@id":"https:\/\/www.suno.com.br\/noticias\/#\/schema\/person\/098743caeed97b37f51315c9576c4078"},"headline":"Se o pre\u00e7o da carne continuar alto, expectativa de infla\u00e7\u00e3o subir\u00e1, diz FGV","datePublished":"2019-12-20T20:47:58+00:00","dateModified":"2019-12-20T20:55:35+00:00","mainEntityOfPage":{"@id":"https:\/\/www.suno.com.br\/noticias\/fgv-preco-da-carne-expectativa-inflacao\/"},"wordCount":551,"publisher":{"@id":"https:\/\/www.suno.com.br\/noticias\/#organization"},"image":{"@id":"https:\/\/www.suno.com.br\/noticias\/fgv-preco-da-carne-expectativa-inflacao\/#primaryimage"},"thumbnailUrl":"https:\/\/files.sunoresearch.com.br\/n\/uploads\/2018\/12\/7812749b-jbs-jpg.webp","keywords":["FGV","IBGE","IPCA-15"],"articleSection":["Economia"],"inLanguage":"pt-BR"},{"@type":"WebPage","@id":"https:\/\/www.suno.com.br\/noticias\/fgv-preco-da-carne-expectativa-inflacao\/","url":"https:\/\/www.suno.com.br\/noticias\/fgv-preco-da-carne-expectativa-inflacao\/","name":"Se o pre\u00e7o da carne continuar alto, expectativa de infla\u00e7\u00e3o subir\u00e1, diz FGV","isPartOf":{"@id":"https:\/\/www.suno.com.br\/noticias\/#website"},"primaryImageOfPage":{"@id":"https:\/\/www.suno.com.br\/noticias\/fgv-preco-da-carne-expectativa-inflacao\/#primaryimage"},"image":{"@id":"https:\/\/www.suno.com.br\/noticias\/fgv-preco-da-carne-expectativa-inflacao\/#primaryimage"},"thumbnailUrl":"https:\/\/files.sunoresearch.com.br\/n\/uploads\/2018\/12\/7812749b-jbs-jpg.webp","datePublished":"2019-12-20T20:47:58+00:00","dateModified":"2019-12-20T20:55:35+00:00","description":"A expectativa inflacion\u00e1ria do consumidor manteve-se est\u00e1vel em dezembro mesmo ap\u00f3s o aumento de pre\u00e7o da carne bovina. Clique para mais.","breadcrumb":{"@id":"https:\/\/www.suno.com.br\/noticias\/fgv-preco-da-carne-expectativa-inflacao\/#breadcrumb"},"inLanguage":"pt-BR","potentialAction":[{"@type":"ReadAction","target":["https:\/\/www.suno.com.br\/noticias\/fgv-preco-da-carne-expectativa-inflacao\/"]}]},{"@type":"ImageObject","inLanguage":"pt-BR","@id":"https:\/\/www.suno.com.br\/noticias\/fgv-preco-da-carne-expectativa-inflacao\/#primaryimage","url":"https:\/\/files.sunoresearch.com.br\/n\/uploads\/2018\/12\/7812749b-jbs-jpg.webp","contentUrl":"https:\/\/files.sunoresearch.com.br\/n\/uploads\/2018\/12\/7812749b-jbs-jpg.webp","width":960,"height":720,"caption":"Alta recorde do pre\u00e7o da carne nos EUA afeta consumidores e fast food, com impacto direto no bolso."},{"@type":"BreadcrumbList","@id":"https:\/\/www.suno.com.br\/noticias\/fgv-preco-da-carne-expectativa-inflacao\/#breadcrumb","itemListElement":[{"@type":"ListItem","position":1,"name":"Not\u00edcias","item":"https:\/\/www.suno.com.br\/noticias\/"},{"@type":"ListItem","position":2,"name":"Economia","item":"https:\/\/www.suno.com.br\/noticias\/economia\/"},{"@type":"ListItem","position":3,"name":"Se o pre\u00e7o da carne continuar alto, expectativa de infla\u00e7\u00e3o subir\u00e1, diz FGV"}]},{"@type":"WebSite","@id":"https:\/\/www.suno.com.br\/noticias\/#website","url":"https:\/\/www.suno.com.br\/noticias\/","name":"Suno Not\u00edcias","description":"Seu portal de informa\u00e7\u00e3o sobre o mundo dos investimentos","publisher":{"@id":"https:\/\/www.suno.com.br\/noticias\/#organization"},"potentialAction":[{"@type":"SearchAction","target":{"@type":"EntryPoint","urlTemplate":"https:\/\/www.suno.com.br\/noticias\/?s={search_term_string}"},"query-input":{"@type":"PropertyValueSpecification","valueRequired":true,"valueName":"search_term_string"}}],"inLanguage":"pt-BR"},{"@type":"Organization","@id":"https:\/\/www.suno.com.br\/noticias\/#organization","name":"Suno Not\u00edcias","url":"https:\/\/www.suno.com.br\/noticias\/","logo":{"@type":"ImageObject","inLanguage":"pt-BR","@id":"https:\/\/www.suno.com.br\/noticias\/#\/schema\/logo\/image\/","url":"https:\/\/files.sunoresearch.com.br\/n\/uploads\/2021\/09\/suno-logo.png","contentUrl":"https:\/\/files.sunoresearch.com.br\/n\/uploads\/2021\/09\/suno-logo.png","width":180,"height":180,"caption":"Suno Not\u00edcias"},"image":{"@id":"https:\/\/www.suno.com.br\/noticias\/#\/schema\/logo\/image\/"},"sameAs":["https:\/\/facebook.com\/sunoresearch","https:\/\/x.com\/sunoresearch","https:\/\/www.instagram.com\/suno","https:\/\/www.linkedin.com\/company\/suno-research\/","https:\/\/www.youtube.com\/c\/sunoresearch"]},{"@type":"Person","@id":"https:\/\/www.suno.com.br\/noticias\/#\/schema\/person\/098743caeed97b37f51315c9576c4078","name":"Rafael Lara","image":{"@type":"ImageObject","inLanguage":"pt-BR","@id":"https:\/\/www.suno.com.br\/noticias\/#\/schema\/person\/image\/","url":"https:\/\/secure.gravatar.com\/avatar\/dfc254ab9bb2ea1895d98b9e9dae4bdd?s=96&r=g","contentUrl":"https:\/\/secure.gravatar.com\/avatar\/dfc254ab9bb2ea1895d98b9e9dae4bdd?s=96&r=g","caption":"Rafael Lara"},"description":"Rafael Lara cursa jornalismo na Faculdade C\u00e1sper L\u00edbero. Escreve sobre pol\u00edtica, economia e neg\u00f3cios para o portal Suno Not\u00edcias. Antes, colaborou na TV Gazeta na produ\u00e7\u00e3o do programa Edi\u00e7\u00e3o Extra.","url":"https:\/\/www.suno.com.br\/noticias\/author\/rafael\/"}]}},"default_loop_html":"<div class=\"cardsPage__listCard__boxs\"><div class=\"cardsPage__listCard__boxs__img\"><a href=\"https:\/\/www.suno.com.br\/noticias\/fgv-preco-da-carne-expectativa-inflacao\/\"><img class=\"mask\" src=\"https:\/\/www.suno.com.br\/noticias\/wp-content\/themes\/suno\/resources\/images\/spotlight\/spotlight1img\/bg-mask.png\" alt=\"Image Mask\"\/><img src=\"https:\/\/files.sunoresearch.com.br\/n\/uploads\/2018\/12\/7812749b-jbs-400x200.webp\" alt=\"Se o pre\u00e7o da carne continuar alto, expectativa de infla\u00e7\u00e3o subir\u00e1, diz FGV\"\/><\/a><span class=\"spotlightCategory\"><a href=\"https:\/\/www.suno.com.br\/noticias\/economia\/\">Economia<\/a><\/span><\/div><div class=\"cardsPage__listCard__boxs__content\"><a href=\"https:\/\/www.suno.com.br\/noticias\/fgv-preco-da-carne-expectativa-inflacao\/\"><h2 class=\"content__title\">Se o pre\u00e7o da carne continuar alto, expectativa de infla\u00e7\u00e3o subir\u00e1, diz FGV<\/h2><\/a><div class=\"newsContent__article__meta\"><div class=\"newsContent__article__meta__authorBox\"><a href=\"https:\/\/www.suno.com.br\/noticias\/author\/rafael\/\" class=\"authorBox__avatar noMobi\"><img src=\"https:\/\/secure.gravatar.com\/avatar\/dfc254ab9bb2ea1895d98b9e9dae4bdd?s=96&#038;r=g\" alt=\"Rafael Lara\"><\/a><div class=\"authorBox__name\"><span>por\n\t\t\t<a href=\"https:\/\/www.suno.com.br\/noticias\/author\/rafael\/\"><span itemprop=\"author\">Rafael Lara<\/span><\/a><\/span><time datetime=\"2019-12-20T18:47:58-03:00\" itemprop=\"datePublished\">20\/12\/2019 18:47<\/time><\/div><\/div><\/div><\/div><\/div>","single_layout":"posts","amp_enabled":true,"_links":{"self":[{"href":"https:\/\/www.suno.com.br\/noticias\/wp-json\/wp\/v2\/posts\/48609"}],"collection":[{"href":"https:\/\/www.suno.com.br\/noticias\/wp-json\/wp\/v2\/posts"}],"about":[{"href":"https:\/\/www.suno.com.br\/noticias\/wp-json\/wp\/v2\/types\/post"}],"author":[{"embeddable":true,"href":"https:\/\/www.suno.com.br\/noticias\/wp-json\/wp\/v2\/users\/23"}],"replies":[{"embeddable":true,"href":"https:\/\/www.suno.com.br\/noticias\/wp-json\/wp\/v2\/comments?post=48609"}],"version-history":[{"count":0,"href":"https:\/\/www.suno.com.br\/noticias\/wp-json\/wp\/v2\/posts\/48609\/revisions"}],"wp:featuredmedia":[{"embeddable":true,"href":"https:\/\/www.suno.com.br\/noticias\/wp-json\/wp\/v2\/media\/7901"}],"wp:attachment":[{"href":"https:\/\/www.suno.com.br\/noticias\/wp-json\/wp\/v2\/media?parent=48609"}],"wp:term":[{"taxonomy":"category","embeddable":true,"href":"https:\/\/www.suno.com.br\/noticias\/wp-json\/wp\/v2\/categories?post=48609"},{"taxonomy":"post_tag","embeddable":true,"href":"https:\/\/www.suno.com.br\/noticias\/wp-json\/wp\/v2\/tags?post=48609"},{"taxonomy":"suno_strategy","embeddable":true,"href":"https:\/\/www.suno.com.br\/noticias\/wp-json\/wp\/v2\/suno_strategy?post=48609"}],"curies":[{"name":"wp","href":"https:\/\/api.w.org\/{rel}","templated":true}]}}