{"id":48591,"date":"2019-12-22T12:00:13","date_gmt":"2019-12-22T14:00:13","guid":{"rendered":"https:\/\/www.suno.com.br\/noticias\/?p=48591"},"modified":"2019-12-20T18:00:56","modified_gmt":"2019-12-20T20:00:56","slug":"retomada-deve-beneficiar-varejo","status":"publish","type":"post","link":"https:\/\/www.suno.com.br\/noticias\/retomada-deve-beneficiar-varejo\/","title":{"rendered":"Retomada deve beneficiar setor de varejo, aposta Pac\u00edfico Gest\u00e3o"},"content":{"rendered":"<p>O <strong>PIB <\/strong>brasileiro pode subir at\u00e9 3% no ano que vem e beneficiar empresas do Pa\u00eds.\u00a0A aposta da Pac\u00edfico Gest\u00e3o \u00e9 que essa retomada da atividade econ\u00f4mica possa ser positiva para, principalmente, empresas de <strong>varejo<\/strong>.<\/p>\t<div class=\"wrapper-featured-image\">\n\t\t<figure class=\"spotlightImg\">\n\n\t\t\t<picture>\n\t\t\t\t<source media=\"(max-width: 768px)\" srcset=\"https:\/\/files.sunoresearch.com.br\/n\/uploads\/2019\/10\/3a8cefeb-b3-400x200.webp\">\n\t\t\t\t<img loading=\"lazy\" decoding=\"async\" class=\"newsContent__article__imgCapa lazyloadDisabled newsContent__article__imgCapa--noCaption\" src=\"https:\/\/files.sunoresearch.com.br\/n\/uploads\/2019\/10\/3a8cefeb-b3-800x450.webp\" width=\"800\" height=\"450\" alt=\"Retomada deve beneficiar setor de varejo, aposta Pac\u00edfico Gest\u00e3o\" fetchpriority=high \/>\n\t\t\t<\/picture>\n\n\t\t\t<figcaption class=\"wp-caption-text wp-caption-text--hide\">Bolsa de Valores (B3)<\/figcaption>\n\t\t<\/figure>\n\t<\/div>\n\n\n\n<p>&#8220;Estamos procurando empresas que se beneficiam de um retorno da atividade. Ent\u00e3o n\u00e3o \u00e9 s\u00f3 varejo. Temos Localiza, B3, Azul. Tudo isso ganha com atividade, mas no varejo o consumo fica muito evidente&#8221;, afirmou Leonardo Rufino, gestor da <strong>Pacifico Gest\u00e3o de Recursos<\/strong>.<\/p>\n<p>Zerados no setor banc\u00e1rio, as maiores posi\u00e7\u00f5es do fundo atualmente s\u00e3o de varejistas. &#8220;Hoje, nossas maiores posi\u00e7\u00f5es est\u00e3o em Renner e Magalu&#8221;, disse ele.<\/p>\n<p>Confira a entrevista exclusiva de Leonardo Rufino, gestor da Pacifico Gest\u00e3o de Recursos ao <strong>SUNO Not\u00edcias<\/strong>:<\/p>\n<p><strong>-Como a Pac\u00edfico come\u00e7ou?<\/strong><br \/>\nA Pac\u00edfico \u00e9 uma gestora fundada em 2011, com uma origem no Opportunity. Eu entrei como estagi\u00e1rio l\u00e1 em 2000 e quase todos os s\u00f3cios fundadores da Pac\u00edfico entraram como estagi\u00e1rios l\u00e1, quando o programa de est\u00e1gio era bem forte. Comecei a trabalhar com gest\u00e3o em 2002 com a equipe que deu origem \u00e0 Pac\u00edfico.<\/p>\n\t<p>\n\t\t<a href=\"https:\/\/lp.suno.com.br\/ebook-investindo-em-fiis\/\" target=\"_blank\" data-element=\"shortcode-suno-banner\" title=\"Banner SUNO, clique e saiba mais\">\n\t\t\t<picture>\n\t\t\t\t<source media=\"(max-width: 500px)\" srcset=\"https:\/\/files.sunoresearch.com.br\/n\/uploads\/2023\/07\/Ebook-Fundos-Imobiliarios-Mobile.jpg\">\n\t\t\t\t<img class=\"newsContent__article__imgCapa newsContent__article__imgCapa--banner\"\n\t\t\t\t\tsrc=\"https:\/\/files.sunoresearch.com.br\/n\/uploads\/2023\/07\/Ebook-Fundos-Imobiliarios-Desktop.jpg\"\n\t\t\t\t\tdata-promo-id=\"378301\"\t\t\t\t\t\t\t\t\t\twidth='1420' height='286'\t\t\t\t\talt=\"https:\/\/files.sunoresearch.com.br\/n\/uploads\/2023\/07\/Ebook-Fundos-Imobiliarios-Desktop.jpg\"\n\t\t\t\t>\n\t\t\t<\/picture>\n\t\t<\/a>\n\t<\/p>\n\n\n<p>A Pac\u00edfico tem tr\u00eas mandatos principais: o <em>long only<\/em>, o <em>long biased<\/em> e tamb\u00e9m o macro, um multimercado tradicional. Hoje, temos R$ 3 bilh\u00f5es sob gest\u00e3o, sendo divididos entre um pouco mais da metade em multimercados e a outra parte em renda vari\u00e1vel e estamos nas principais plataformas.<\/p>\n<p><strong>-No fundo Pac\u00edfico A\u00e7\u00f5es, qual \u00e9 a estrat\u00e9gia de gest\u00e3o?<\/strong><br \/>\nNossa filosofia de gest\u00e3o \u00e9 fundamentalista. Ent\u00e3o, investimos com horizonte de m\u00e9dio e longo prazo, mas obviamente tamb\u00e9m podemos operar no curto prazo, dependendo da volatilidade, para tirar proveito do que o mercado pode nos oferecer em termos de oportunidade.<\/p>\n<p>\u00c9 um fundo que vai usar de concentra\u00e7\u00e3o alta em alguns momentos, fica totalmente alocado em a\u00e7\u00f5es, sem fazer market timing, e a maneira que eu controlo o risco do fundo \u00e9 buscando alguma diversifica\u00e7\u00e3o, mas n\u00e3o excessiva. A gente monta as maiores posi\u00e7\u00f5es, que em geral corresponde a 10% da carteira e pode chegar a 15%, e trabalhamos entre 15 e 20 empresas na carteira.<\/p>\n<p>Hoje, por exemplo, estamos zerados no setor banc\u00e1rio, que corresponde a quase 30% do Ibovespa, ent\u00e3o n\u00e3o temos compromisso de estarmos colados no \u00edndice. Ao longo do tempo, fomos tendo uma prefer\u00eancia cada vez maior, dado o hist\u00f3rico de resultados, para empresas que carregamos muito tempo na carteira, como Equatorial, B3, Renner, Fleury, Localiza. Ent\u00e3o, temos prefer\u00eancia por empresas de \u00f3tima qualidade, boas empresas com empres\u00e1rios fant\u00e1sticos, um neg\u00f3cio muito bom, pois n\u00e3o \u00e9 s\u00f3 comprar por menos do que vale. A ess\u00eancia do trabalho \u00e9 essa, mas tamb\u00e9m contar com que o valor da empresa cres\u00e7a ao longo do tempo.<\/p>\n<p>Quando compramos Renner em 2014, a gente n\u00e3o achava o que ela valeria hoje. Mas, os gestores foram melhorando a empresa, abrindo lojas, melhorando margens, melhorando os atributos tecnol\u00f3gicos dos neg\u00f3cios deles e hoje, realmente, merece o que vale no mercado. Na verdade a gente acha que vale at\u00e9 mais.<\/p>\n<p>Mesma coisa o que acontece com a Equatorial. Em 2012, ela era uma empresa totalmente diferente daquilo que ela \u00e9 hoje. Ent\u00e3o, \u00e0s vezes a gra\u00e7a \u00e9 deixar o tempo correr para que o empres\u00e1rio ter a oportunidade de gerar valor.<\/p>\n<p>Mas, a gente \u00e9 ecl\u00e9tico. N\u00e3o nos restringimos. Temos empresas small caps, produtoras de commodities, estatais. N\u00f3s temos disso tudo. Mas, uma prefer\u00eancia por empresas boas que v\u00e1 multiplicar valor ao longo dos anos.<\/p>\n<p><strong>-Voc\u00ea me falou que est\u00e3o zerados no setor banc\u00e1rio. Tem algum setor que agrada mais?<\/strong><br \/>\nHoje, temos uma concentra\u00e7\u00e3o maior no setor de consumo e varejo, com cerca de 22%. Isso dividido em seis empresas e cada uma delas, o motivo \u00e9 que o neg\u00f3cio da empresa tem m\u00e9ritos em si e decidimos fazer investimento. Mas, o somat\u00f3rio dessa exposi\u00e7\u00e3o acaba tendo uma influ\u00eancia pelo fato de a nossa casa ter uma an\u00e1lise macro dentro. Ent\u00e3o, a gente acaba usando e temos uma vis\u00e3o positiva em rela\u00e7\u00e3o ao n\u00edvel de atividade no Brasil.<\/p>\n\t<p>\n\t\t<a href=\"https:\/\/lp.suno.com.br\/minicurso-contabilidade\/\" target=\"_blank\" data-element=\"shortcode-suno-banner\" title=\"Banner SUNO, clique e saiba mais\">\n\t\t\t<picture>\n\t\t\t\t<source media=\"(max-width: 500px)\" srcset=\"https:\/\/files.sunoresearch.com.br\/n\/uploads\/2023\/03\/400x300-Minicurso-Contabilidade.png\">\n\t\t\t\t<img class=\"newsContent__article__imgCapa newsContent__article__imgCapa--banner\"\n\t\t\t\t\tsrc=\"https:\/\/files.sunoresearch.com.br\/n\/uploads\/2023\/03\/1420x240-Minicurso-Contabilidade.png\"\n\t\t\t\t\tdata-promo-id=\"383158\"\t\t\t\t\t\t\t\t\t\twidth='1420' height='240'\t\t\t\t\talt=\"https:\/\/files.sunoresearch.com.br\/n\/uploads\/2023\/03\/1420x240-Minicurso-Contabilidade.png\"\n\t\t\t\t>\n\t\t\t<\/picture>\n\t\t<\/a>\n\t<\/p>\n\n\n<p>Estamos com um n\u00famero de crescimento do PIB de 3%. Esse somat\u00f3rio n\u00e3o seria 22% se eu n\u00e3o tivesse otimistas dentro de casa. Mas ter\u00edamos Renner, Magalu, Natura, Marisa, Vivara, Grendene, mas com um somat\u00f3rio menor. Usamos a an\u00e1lise macro para dimensionamento e an\u00e1lise de risco.<\/p>\n<p>Ao longo da nossa hist\u00f3ria, um setor muito bom para a gente foi o setor de energia el\u00e9trica. N\u00e3o s\u00f3 Equatorial, que temos desde 2012 e \u00e9 a posi\u00e7\u00e3o mais antiga e que mais deu ganho, mas tamb\u00e9m a Energisa, que ficamos v\u00e1rios anos com ela. Em CPFL e Eletropaulo tamb\u00e9m tivemos posi\u00e7\u00f5es relevantes. Temos uma predile\u00e7\u00e3o hist\u00f3rica nesse setor, mas hoje o consumo no varejo parece mais interessante.<\/p>\n<p>Estamos procurando empresas que se beneficiam de um retorno da atividade. Ent\u00e3o n\u00e3o \u00e9 s\u00f3 varejo. Temos Localiza, B3, Azul. Tudo isso ganha com atividade, mas no varejo o consumo fica muito evidente.<\/p>\n<p><strong>-Dentro do Varejo, quais os ativos preferidos?<\/strong><br \/>\nHoje, nossas maiores posi\u00e7\u00f5es est\u00e3o em Renner e Magalu.<\/p>\n<p><strong>-Confiantes em varejo, voc\u00eas veem essa retomada forte? O consumo est\u00e1 voltando porque estava muito ruim, mas n\u00e3o chega perto de n\u00edveis pr\u00e9-crise. Como voc\u00eas veem isso?<\/strong><br \/>\nEu acho que \u00e9 mais no sentido da base muito fraca e uma retomada c\u00edclica que pode ser relativamente forte. Considerando que nosso PIB quase n\u00e3o recuperou da crise, \u00e9 uma retomada med\u00edocre. Voc\u00ea lembrando da crise de 2008, no ano seguinte o PIB cresceu 7%. \u00c9 uma retomada med\u00edocre, mas muito melhor do que tivemos no passado.<\/p>\n<p>Brasil \u00e9 dif\u00edcil de imaginar que possa mudar de condi\u00e7\u00f5es a ponto de ter um crescimento em n\u00edveis muito acima do que est\u00e1 agora. Com a infla\u00e7\u00e3o contida, os juros devem ficar baixos muito tempo, ent\u00e3o vai ter uma expans\u00e3o de cr\u00e9dito, as empresas ainda est\u00e3o com capacidade ociosa, o desemprego ainda \u00e9 alto, mas a infla\u00e7\u00e3o \u00e9 baixa e isso deve fazer com que os juros fiquem baixos mesmo com o crescimento retomando.<\/p>\n\t<p>\n\t\t<a href=\"https:\/\/lp.suno.com.br\/ao\/sessao-estrategica-consultoria-c\/?utm_source=suno-noticias&#038;utm_medium=banner&#038;utm_campaing=dividendos-taxacao-pl\" target=\"_blank\" data-element=\"shortcode-suno-banner\" title=\"Banner SUNO, clique e saiba mais\">\n\t\t\t<picture>\n\t\t\t\t<source media=\"(max-width: 500px)\" srcset=\"https:\/\/files.sunoresearch.com.br\/n\/uploads\/2025\/09\/300x400.webp\">\n\t\t\t\t<img class=\"newsContent__article__imgCapa newsContent__article__imgCapa--banner\"\n\t\t\t\t\tsrc=\"https:\/\/files.sunoresearch.com.br\/n\/uploads\/2025\/09\/SN-DT-1420x240-1.webp\"\n\t\t\t\t\tdata-promo-id=\"628283\"\t\t\t\t\t\t\t\t\t\twidth='1420' height='240'\t\t\t\t\talt=\"https:\/\/files.sunoresearch.com.br\/n\/uploads\/2025\/09\/SN-DT-1420x240-1.webp\"\n\t\t\t\t>\n\t\t\t<\/picture>\n\t\t<\/a>\n\t<\/p>\n\n\n<p>Espa\u00e7o para ser muito melhor que no passado h\u00e1. Mas da\u00ed achar que o pa\u00eds vai bombar, tipo sudeste asi\u00e1tico, a gente n\u00e3o conta com isso pois precisaria de reformar mais fortes e no Brasil \u00e9 complicado.<\/p>\n<p>Dif\u00edcil achar que vai ter mais uma reforma que seja estruturalmente significativa. Mas s\u00f3 o que j\u00e1 foi feito de reforma desde 2016 j\u00e1 \u00e9 bastante coisa.<\/p>\n<p>A Bolsa tem as melhores empresas do Brasil, ent\u00e3o \u00e9 natural que as empresas listadas l\u00e1 tenham uma melhora maior que a economia como um todo. Para o mercado de capitais, \u00e9 um ambiente muito positivo. Ningu\u00e9m sabe que o efeito ter\u00e1 de fato.<\/p>\n<p><strong>-O que est\u00e1 bancando essa alta \u00e9 o mercado local. Voc\u00eas n\u00e3o tem medo de o mercado interno perceber algo e o estrangeiros n\u00e3o sustentarem?<\/strong><br \/>\nEventualmente vai acontecer. Quando cai assusta at\u00e9 gente de mais de 20 anos de mercado. Naturalmente, um mercado subindo h\u00e1 quatro anos, apesar de n\u00e3o ser um ciclo de alto t\u00e3o brutal. Quatro anos subindo, gera euforia. Ent\u00e3o eventualmente isso vai gerar algum tipo de decep\u00e7\u00e3o.<\/p>\n","protected":false},"excerpt":{"rendered":"<p>O PIB brasileiro pode subir at\u00e9 3% no ano que vem e beneficiar empresas do Pa\u00eds.\u00a0A aposta da Pac\u00edfico Gest\u00e3o \u00e9 que essa retomada da atividade econ\u00f4mica possa ser positiva para, principalmente, empresas de varejo. Bolsa de Valores (B3) &#8220;Estamos procurando empresas que se beneficiam de um retorno da atividade. Ent\u00e3o n\u00e3o \u00e9 s\u00f3 varejo. [&hellip;]<\/p>\n","protected":false},"author":27,"featured_media":40028,"comment_status":"closed","ping_status":"closed","sticky":false,"template":"","format":"standard","meta":[],"categories":[1278],"tags":[2165,803],"suno_strategy":[],"class_list":["post-48591","post","type-post","status-publish","format-standard","has-post-thumbnail","hentry","category-entrevistas","tag-asset","tag-varejo"],"yoast_head":"<!-- This site is optimized with the Yoast SEO plugin v24.4 - https:\/\/yoast.com\/wordpress\/plugins\/seo\/ -->\n<title>Retomada deve beneficiar setor de varejo, aposta Pac\u00edfico Gest\u00e3o<\/title>\n<meta name=\"description\" content=\"A retomada do PIB em 2020 deve beneficiar setor de varejo e empresas como Magalu, aposta Pac\u00edfico Gest\u00e3o. Clique aqui para saber mais.\" \/>\n<meta name=\"robots\" content=\"index, follow, max-snippet:-1, max-image-preview:large, max-video-preview:-1\" \/>\n<link rel=\"canonical\" href=\"https:\/\/www.suno.com.br\/noticias\/retomada-deve-beneficiar-varejo\/\" \/>\n<meta property=\"og:locale\" content=\"pt_BR\" \/>\n<meta property=\"og:type\" content=\"article\" \/>\n<meta property=\"og:title\" content=\"Retomada deve beneficiar setor de varejo, aposta Pac\u00edfico Gest\u00e3o\" \/>\n<meta property=\"og:description\" content=\"A retomada do PIB em 2020 deve beneficiar setor de varejo e empresas como Magalu, aposta Pac\u00edfico Gest\u00e3o. Clique aqui para saber mais.\" \/>\n<meta property=\"og:url\" content=\"https:\/\/www.suno.com.br\/noticias\/retomada-deve-beneficiar-varejo\/\" \/>\n<meta property=\"og:site_name\" content=\"Suno Not\u00edcias\" \/>\n<meta property=\"article:publisher\" content=\"https:\/\/facebook.com\/sunoresearch\" \/>\n<meta property=\"og:image\" content=\"https:\/\/files.sunoresearch.com.br\/n\/uploads\/2019\/10\/3a8cefeb-b3.jpg\" \/>\n\t<meta property=\"og:image:width\" content=\"1700\" \/>\n\t<meta property=\"og:image:height\" content=\"1065\" \/>\n\t<meta property=\"og:image:type\" content=\"image\/jpeg\" \/>\n<meta name=\"author\" content=\"Vinicius Pereira\" \/>\n<meta name=\"twitter:card\" content=\"summary_large_image\" \/>\n<meta name=\"twitter:creator\" content=\"@https:\/\/twitter.com\/viniciuspjornal\" \/>\n<meta name=\"twitter:site\" content=\"@sunoresearch\" \/>\n<meta name=\"twitter:label1\" content=\"Escrito por\" \/>\n\t<meta name=\"twitter:data1\" content=\"Vinicius Pereira\" \/>\n\t<meta name=\"twitter:label2\" content=\"Est. tempo de leitura\" \/>\n\t<meta name=\"twitter:data2\" content=\"6 minutos\" \/>\n<script type=\"application\/ld+json\" class=\"yoast-schema-graph\">{\"@context\":\"https:\/\/schema.org\",\"@graph\":[{\"@type\":\"NewsArticle\",\"@id\":\"https:\/\/www.suno.com.br\/noticias\/retomada-deve-beneficiar-varejo\/#article\",\"isPartOf\":{\"@id\":\"https:\/\/www.suno.com.br\/noticias\/retomada-deve-beneficiar-varejo\/\"},\"author\":{\"name\":\"Vinicius Pereira\",\"@id\":\"https:\/\/www.suno.com.br\/noticias\/#\/schema\/person\/a20761b96e4df7eb57f1f9e41be1dbf3\"},\"headline\":\"Retomada deve beneficiar setor de varejo, aposta Pac\u00edfico Gest\u00e3o\",\"datePublished\":\"2019-12-22T14:00:13+00:00\",\"mainEntityOfPage\":{\"@id\":\"https:\/\/www.suno.com.br\/noticias\/retomada-deve-beneficiar-varejo\/\"},\"wordCount\":1271,\"publisher\":{\"@id\":\"https:\/\/www.suno.com.br\/noticias\/#organization\"},\"image\":{\"@id\":\"https:\/\/www.suno.com.br\/noticias\/retomada-deve-beneficiar-varejo\/#primaryimage\"},\"thumbnailUrl\":\"https:\/\/files.sunoresearch.com.br\/n\/uploads\/2019\/10\/3a8cefeb-b3-jpg.webp\",\"keywords\":[\"Asset\",\"varejo\"],\"articleSection\":[\"Entrevistas\"],\"inLanguage\":\"pt-BR\"},{\"@type\":\"WebPage\",\"@id\":\"https:\/\/www.suno.com.br\/noticias\/retomada-deve-beneficiar-varejo\/\",\"url\":\"https:\/\/www.suno.com.br\/noticias\/retomada-deve-beneficiar-varejo\/\",\"name\":\"Retomada deve beneficiar setor de varejo, aposta Pac\u00edfico Gest\u00e3o\",\"isPartOf\":{\"@id\":\"https:\/\/www.suno.com.br\/noticias\/#website\"},\"primaryImageOfPage\":{\"@id\":\"https:\/\/www.suno.com.br\/noticias\/retomada-deve-beneficiar-varejo\/#primaryimage\"},\"image\":{\"@id\":\"https:\/\/www.suno.com.br\/noticias\/retomada-deve-beneficiar-varejo\/#primaryimage\"},\"thumbnailUrl\":\"https:\/\/files.sunoresearch.com.br\/n\/uploads\/2019\/10\/3a8cefeb-b3-jpg.webp\",\"datePublished\":\"2019-12-22T14:00:13+00:00\",\"description\":\"A retomada do PIB em 2020 deve beneficiar setor de varejo e empresas como Magalu, aposta Pac\u00edfico Gest\u00e3o. Clique aqui para saber mais.\",\"breadcrumb\":{\"@id\":\"https:\/\/www.suno.com.br\/noticias\/retomada-deve-beneficiar-varejo\/#breadcrumb\"},\"inLanguage\":\"pt-BR\",\"potentialAction\":[{\"@type\":\"ReadAction\",\"target\":[\"https:\/\/www.suno.com.br\/noticias\/retomada-deve-beneficiar-varejo\/\"]}]},{\"@type\":\"ImageObject\",\"inLanguage\":\"pt-BR\",\"@id\":\"https:\/\/www.suno.com.br\/noticias\/retomada-deve-beneficiar-varejo\/#primaryimage\",\"url\":\"https:\/\/files.sunoresearch.com.br\/n\/uploads\/2019\/10\/3a8cefeb-b3-jpg.webp\",\"contentUrl\":\"https:\/\/files.sunoresearch.com.br\/n\/uploads\/2019\/10\/3a8cefeb-b3-jpg.webp\",\"width\":1700,\"height\":1065,\"caption\":\"Bolsa de Valores (B3)\"},{\"@type\":\"BreadcrumbList\",\"@id\":\"https:\/\/www.suno.com.br\/noticias\/retomada-deve-beneficiar-varejo\/#breadcrumb\",\"itemListElement\":[{\"@type\":\"ListItem\",\"position\":1,\"name\":\"Not\u00edcias\",\"item\":\"https:\/\/www.suno.com.br\/noticias\/\"},{\"@type\":\"ListItem\",\"position\":2,\"name\":\"Entrevistas\",\"item\":\"https:\/\/www.suno.com.br\/noticias\/entrevistas\/\"},{\"@type\":\"ListItem\",\"position\":3,\"name\":\"Retomada deve beneficiar setor de varejo, aposta Pac\u00edfico Gest\u00e3o\"}]},{\"@type\":\"WebSite\",\"@id\":\"https:\/\/www.suno.com.br\/noticias\/#website\",\"url\":\"https:\/\/www.suno.com.br\/noticias\/\",\"name\":\"Suno Not\u00edcias\",\"description\":\"Seu portal de informa\u00e7\u00e3o sobre o mundo dos investimentos\",\"publisher\":{\"@id\":\"https:\/\/www.suno.com.br\/noticias\/#organization\"},\"potentialAction\":[{\"@type\":\"SearchAction\",\"target\":{\"@type\":\"EntryPoint\",\"urlTemplate\":\"https:\/\/www.suno.com.br\/noticias\/?s={search_term_string}\"},\"query-input\":{\"@type\":\"PropertyValueSpecification\",\"valueRequired\":true,\"valueName\":\"search_term_string\"}}],\"inLanguage\":\"pt-BR\"},{\"@type\":\"Organization\",\"@id\":\"https:\/\/www.suno.com.br\/noticias\/#organization\",\"name\":\"Suno Not\u00edcias\",\"url\":\"https:\/\/www.suno.com.br\/noticias\/\",\"logo\":{\"@type\":\"ImageObject\",\"inLanguage\":\"pt-BR\",\"@id\":\"https:\/\/www.suno.com.br\/noticias\/#\/schema\/logo\/image\/\",\"url\":\"https:\/\/files.sunoresearch.com.br\/n\/uploads\/2021\/09\/suno-logo.png\",\"contentUrl\":\"https:\/\/files.sunoresearch.com.br\/n\/uploads\/2021\/09\/suno-logo.png\",\"width\":180,\"height\":180,\"caption\":\"Suno Not\u00edcias\"},\"image\":{\"@id\":\"https:\/\/www.suno.com.br\/noticias\/#\/schema\/logo\/image\/\"},\"sameAs\":[\"https:\/\/facebook.com\/sunoresearch\",\"https:\/\/x.com\/sunoresearch\",\"https:\/\/www.instagram.com\/suno\",\"https:\/\/www.linkedin.com\/company\/suno-research\/\",\"https:\/\/www.youtube.com\/c\/sunoresearch\"]},{\"@type\":\"Person\",\"@id\":\"https:\/\/www.suno.com.br\/noticias\/#\/schema\/person\/a20761b96e4df7eb57f1f9e41be1dbf3\",\"name\":\"Vinicius Pereira\",\"image\":{\"@type\":\"ImageObject\",\"inLanguage\":\"pt-BR\",\"@id\":\"https:\/\/www.suno.com.br\/noticias\/#\/schema\/person\/image\/\",\"url\":\"https:\/\/secure.gravatar.com\/avatar\/783866b933198f5cc4c5d03fcc8b1301?s=96&r=g\",\"contentUrl\":\"https:\/\/secure.gravatar.com\/avatar\/783866b933198f5cc4c5d03fcc8b1301?s=96&r=g\",\"caption\":\"Vinicius Pereira\"},\"description\":\"Vinicius Pereira foi rep\u00f3rter de economia da Folha de S.Paulo, stringer do jornal no Canad\u00e1 e colaborador de VEJA. J\u00e1 escreveu tamb\u00e9m para BBC Brasil, The Intercept Brasil e UOL. Tem MBA em Informa\u00e7\u00f5es Econ\u00f4mico-Financeiras e Mercado de Capitais pela FIA\/B3.\",\"sameAs\":[\"https:\/\/x.com\/https:\/\/twitter.com\/viniciuspjornal\"],\"url\":\"https:\/\/www.suno.com.br\/noticias\/author\/vinicius-pereira\/\"}]}<\/script>\n<!-- \/ Yoast SEO plugin. -->","yoast_head_json":{"title":"Retomada deve beneficiar setor de varejo, aposta Pac\u00edfico Gest\u00e3o","description":"A retomada do PIB em 2020 deve beneficiar setor de varejo e empresas como Magalu, aposta Pac\u00edfico Gest\u00e3o. Clique aqui para saber mais.","robots":{"index":"index","follow":"follow","max-snippet":"max-snippet:-1","max-image-preview":"max-image-preview:large","max-video-preview":"max-video-preview:-1"},"canonical":"https:\/\/www.suno.com.br\/noticias\/retomada-deve-beneficiar-varejo\/","og_locale":"pt_BR","og_type":"article","og_title":"Retomada deve beneficiar setor de varejo, aposta Pac\u00edfico Gest\u00e3o","og_description":"A retomada do PIB em 2020 deve beneficiar setor de varejo e empresas como Magalu, aposta Pac\u00edfico Gest\u00e3o. Clique aqui para saber mais.","og_url":"https:\/\/www.suno.com.br\/noticias\/retomada-deve-beneficiar-varejo\/","og_site_name":"Suno Not\u00edcias","article_publisher":"https:\/\/facebook.com\/sunoresearch","og_image":[{"width":1700,"height":1065,"url":"https:\/\/files.sunoresearch.com.br\/n\/uploads\/2019\/10\/3a8cefeb-b3.jpg","type":"image\/jpeg"}],"author":"Vinicius Pereira","twitter_card":"summary_large_image","twitter_creator":"@https:\/\/twitter.com\/viniciuspjornal","twitter_site":"@sunoresearch","twitter_misc":{"Escrito por":"Vinicius Pereira","Est. tempo de leitura":"6 minutos"},"schema":{"@context":"https:\/\/schema.org","@graph":[{"@type":"NewsArticle","@id":"https:\/\/www.suno.com.br\/noticias\/retomada-deve-beneficiar-varejo\/#article","isPartOf":{"@id":"https:\/\/www.suno.com.br\/noticias\/retomada-deve-beneficiar-varejo\/"},"author":{"name":"Vinicius Pereira","@id":"https:\/\/www.suno.com.br\/noticias\/#\/schema\/person\/a20761b96e4df7eb57f1f9e41be1dbf3"},"headline":"Retomada deve beneficiar setor de varejo, aposta Pac\u00edfico Gest\u00e3o","datePublished":"2019-12-22T14:00:13+00:00","mainEntityOfPage":{"@id":"https:\/\/www.suno.com.br\/noticias\/retomada-deve-beneficiar-varejo\/"},"wordCount":1271,"publisher":{"@id":"https:\/\/www.suno.com.br\/noticias\/#organization"},"image":{"@id":"https:\/\/www.suno.com.br\/noticias\/retomada-deve-beneficiar-varejo\/#primaryimage"},"thumbnailUrl":"https:\/\/files.sunoresearch.com.br\/n\/uploads\/2019\/10\/3a8cefeb-b3-jpg.webp","keywords":["Asset","varejo"],"articleSection":["Entrevistas"],"inLanguage":"pt-BR"},{"@type":"WebPage","@id":"https:\/\/www.suno.com.br\/noticias\/retomada-deve-beneficiar-varejo\/","url":"https:\/\/www.suno.com.br\/noticias\/retomada-deve-beneficiar-varejo\/","name":"Retomada deve beneficiar setor de varejo, aposta Pac\u00edfico Gest\u00e3o","isPartOf":{"@id":"https:\/\/www.suno.com.br\/noticias\/#website"},"primaryImageOfPage":{"@id":"https:\/\/www.suno.com.br\/noticias\/retomada-deve-beneficiar-varejo\/#primaryimage"},"image":{"@id":"https:\/\/www.suno.com.br\/noticias\/retomada-deve-beneficiar-varejo\/#primaryimage"},"thumbnailUrl":"https:\/\/files.sunoresearch.com.br\/n\/uploads\/2019\/10\/3a8cefeb-b3-jpg.webp","datePublished":"2019-12-22T14:00:13+00:00","description":"A retomada do PIB em 2020 deve beneficiar setor de varejo e empresas como Magalu, aposta Pac\u00edfico Gest\u00e3o. Clique aqui para saber mais.","breadcrumb":{"@id":"https:\/\/www.suno.com.br\/noticias\/retomada-deve-beneficiar-varejo\/#breadcrumb"},"inLanguage":"pt-BR","potentialAction":[{"@type":"ReadAction","target":["https:\/\/www.suno.com.br\/noticias\/retomada-deve-beneficiar-varejo\/"]}]},{"@type":"ImageObject","inLanguage":"pt-BR","@id":"https:\/\/www.suno.com.br\/noticias\/retomada-deve-beneficiar-varejo\/#primaryimage","url":"https:\/\/files.sunoresearch.com.br\/n\/uploads\/2019\/10\/3a8cefeb-b3-jpg.webp","contentUrl":"https:\/\/files.sunoresearch.com.br\/n\/uploads\/2019\/10\/3a8cefeb-b3-jpg.webp","width":1700,"height":1065,"caption":"Bolsa de Valores (B3)"},{"@type":"BreadcrumbList","@id":"https:\/\/www.suno.com.br\/noticias\/retomada-deve-beneficiar-varejo\/#breadcrumb","itemListElement":[{"@type":"ListItem","position":1,"name":"Not\u00edcias","item":"https:\/\/www.suno.com.br\/noticias\/"},{"@type":"ListItem","position":2,"name":"Entrevistas","item":"https:\/\/www.suno.com.br\/noticias\/entrevistas\/"},{"@type":"ListItem","position":3,"name":"Retomada deve beneficiar setor de varejo, aposta Pac\u00edfico Gest\u00e3o"}]},{"@type":"WebSite","@id":"https:\/\/www.suno.com.br\/noticias\/#website","url":"https:\/\/www.suno.com.br\/noticias\/","name":"Suno Not\u00edcias","description":"Seu portal de informa\u00e7\u00e3o sobre o mundo dos investimentos","publisher":{"@id":"https:\/\/www.suno.com.br\/noticias\/#organization"},"potentialAction":[{"@type":"SearchAction","target":{"@type":"EntryPoint","urlTemplate":"https:\/\/www.suno.com.br\/noticias\/?s={search_term_string}"},"query-input":{"@type":"PropertyValueSpecification","valueRequired":true,"valueName":"search_term_string"}}],"inLanguage":"pt-BR"},{"@type":"Organization","@id":"https:\/\/www.suno.com.br\/noticias\/#organization","name":"Suno Not\u00edcias","url":"https:\/\/www.suno.com.br\/noticias\/","logo":{"@type":"ImageObject","inLanguage":"pt-BR","@id":"https:\/\/www.suno.com.br\/noticias\/#\/schema\/logo\/image\/","url":"https:\/\/files.sunoresearch.com.br\/n\/uploads\/2021\/09\/suno-logo.png","contentUrl":"https:\/\/files.sunoresearch.com.br\/n\/uploads\/2021\/09\/suno-logo.png","width":180,"height":180,"caption":"Suno Not\u00edcias"},"image":{"@id":"https:\/\/www.suno.com.br\/noticias\/#\/schema\/logo\/image\/"},"sameAs":["https:\/\/facebook.com\/sunoresearch","https:\/\/x.com\/sunoresearch","https:\/\/www.instagram.com\/suno","https:\/\/www.linkedin.com\/company\/suno-research\/","https:\/\/www.youtube.com\/c\/sunoresearch"]},{"@type":"Person","@id":"https:\/\/www.suno.com.br\/noticias\/#\/schema\/person\/a20761b96e4df7eb57f1f9e41be1dbf3","name":"Vinicius Pereira","image":{"@type":"ImageObject","inLanguage":"pt-BR","@id":"https:\/\/www.suno.com.br\/noticias\/#\/schema\/person\/image\/","url":"https:\/\/secure.gravatar.com\/avatar\/783866b933198f5cc4c5d03fcc8b1301?s=96&r=g","contentUrl":"https:\/\/secure.gravatar.com\/avatar\/783866b933198f5cc4c5d03fcc8b1301?s=96&r=g","caption":"Vinicius Pereira"},"description":"Vinicius Pereira foi rep\u00f3rter de economia da Folha de S.Paulo, stringer do jornal no Canad\u00e1 e colaborador de VEJA. J\u00e1 escreveu tamb\u00e9m para BBC Brasil, The Intercept Brasil e UOL. Tem MBA em Informa\u00e7\u00f5es Econ\u00f4mico-Financeiras e Mercado de Capitais pela FIA\/B3.","sameAs":["https:\/\/x.com\/https:\/\/twitter.com\/viniciuspjornal"],"url":"https:\/\/www.suno.com.br\/noticias\/author\/vinicius-pereira\/"}]}},"default_loop_html":"<div class=\"cardsPage__listCard__boxs\"><div class=\"cardsPage__listCard__boxs__img\"><a href=\"https:\/\/www.suno.com.br\/noticias\/retomada-deve-beneficiar-varejo\/\"><img class=\"mask\" src=\"https:\/\/www.suno.com.br\/noticias\/wp-content\/themes\/suno\/resources\/images\/spotlight\/spotlight1img\/bg-mask.png\" alt=\"Image Mask\"\/><img src=\"https:\/\/files.sunoresearch.com.br\/n\/uploads\/2019\/10\/3a8cefeb-b3-400x200.webp\" alt=\"Retomada deve beneficiar setor de varejo, aposta Pac\u00edfico Gest\u00e3o\"\/><\/a><span class=\"spotlightCategory\"><a href=\"https:\/\/www.suno.com.br\/noticias\/entrevistas\/\">Entrevistas<\/a><\/span><\/div><div class=\"cardsPage__listCard__boxs__content\"><a href=\"https:\/\/www.suno.com.br\/noticias\/retomada-deve-beneficiar-varejo\/\"><h2 class=\"content__title\">Retomada deve beneficiar setor de varejo, aposta Pac\u00edfico Gest\u00e3o<\/h2><\/a><div class=\"newsContent__article__meta\"><div class=\"newsContent__article__meta__authorBox\"><a href=\"https:\/\/www.suno.com.br\/noticias\/author\/vinicius-pereira\/\" class=\"authorBox__avatar noMobi\"><img src=\"https:\/\/files.sunoresearch.com.br\/n\/uploads\/2020\/08\/77510613-whatsapp-image-2020-08-03-at-13.40.40-150x150.webp\" alt=\"Vinicius Pereira\"><\/a><div class=\"authorBox__name\"><span>por\n\t\t\t<a href=\"https:\/\/www.suno.com.br\/noticias\/author\/vinicius-pereira\/\"><span itemprop=\"author\">Vinicius Pereira<\/span><\/a><\/span><time datetime=\"2019-12-22T12:00:13-03:00\" itemprop=\"datePublished\">22\/12\/2019 12:00<\/time><\/div><\/div><\/div><\/div><\/div>","single_layout":"posts","amp_enabled":true,"_links":{"self":[{"href":"https:\/\/www.suno.com.br\/noticias\/wp-json\/wp\/v2\/posts\/48591"}],"collection":[{"href":"https:\/\/www.suno.com.br\/noticias\/wp-json\/wp\/v2\/posts"}],"about":[{"href":"https:\/\/www.suno.com.br\/noticias\/wp-json\/wp\/v2\/types\/post"}],"author":[{"embeddable":true,"href":"https:\/\/www.suno.com.br\/noticias\/wp-json\/wp\/v2\/users\/27"}],"replies":[{"embeddable":true,"href":"https:\/\/www.suno.com.br\/noticias\/wp-json\/wp\/v2\/comments?post=48591"}],"version-history":[{"count":0,"href":"https:\/\/www.suno.com.br\/noticias\/wp-json\/wp\/v2\/posts\/48591\/revisions"}],"wp:featuredmedia":[{"embeddable":true,"href":"https:\/\/www.suno.com.br\/noticias\/wp-json\/wp\/v2\/media\/40028"}],"wp:attachment":[{"href":"https:\/\/www.suno.com.br\/noticias\/wp-json\/wp\/v2\/media?parent=48591"}],"wp:term":[{"taxonomy":"category","embeddable":true,"href":"https:\/\/www.suno.com.br\/noticias\/wp-json\/wp\/v2\/categories?post=48591"},{"taxonomy":"post_tag","embeddable":true,"href":"https:\/\/www.suno.com.br\/noticias\/wp-json\/wp\/v2\/tags?post=48591"},{"taxonomy":"suno_strategy","embeddable":true,"href":"https:\/\/www.suno.com.br\/noticias\/wp-json\/wp\/v2\/suno_strategy?post=48591"}],"curies":[{"name":"wp","href":"https:\/\/api.w.org\/{rel}","templated":true}]}}