{"id":48590,"date":"2019-12-20T17:55:51","date_gmt":"2019-12-20T19:55:51","guid":{"rendered":"https:\/\/www.suno.com.br\/noticias\/?p=48590"},"modified":"2019-12-20T18:24:40","modified_gmt":"2019-12-20T20:24:40","slug":"marcelo-odebrecht-demitido-da-odebrecht","status":"publish","type":"post","link":"https:\/\/www.suno.com.br\/noticias\/marcelo-odebrecht-demitido-da-odebrecht\/","title":{"rendered":"Marcelo Odebrecht \u00e9 demitido da Odebrecht"},"content":{"rendered":"<p>Marcelo Odebrecht foi demitido nesta sexta-feira (20) pela Odebrecht. O executivo \u00e9 acionista com 2,79% do <a href=\"https:\/\/www.suno.com.br\/artigos\/capital-social\/\"><strong>capital social<\/strong><\/a> e j\u00e1 foi presidente do gigante das constru\u00e7\u00f5es.<\/p>\t<div class=\"wrapper-featured-image\">\n\t\t<figure class=\"spotlightImg\">\n\n\t\t\t<picture>\n\t\t\t\t<source media=\"(max-width: 768px)\" srcset=\"https:\/\/files.sunoresearch.com.br\/n\/uploads\/2019\/07\/4f2581d2-marcelo-odebrecht-divulga\u00e7\u00e3o-400x200.webp\">\n\t\t\t\t<img loading=\"lazy\" decoding=\"async\" class=\"newsContent__article__imgCapa lazyloadDisabled newsContent__article__imgCapa--noCaption\" src=\"https:\/\/files.sunoresearch.com.br\/n\/uploads\/2019\/07\/4f2581d2-marcelo-odebrecht-divulga\u00e7\u00e3o-jpg.webp\" width=\"800\" height=\"450\" alt=\"Marcelo Odebrecht \u00e9 demitido da Odebrecht\" fetchpriority=high \/>\n\t\t\t<\/picture>\n\n\t\t\t<figcaption class=\"wp-caption-text wp-caption-text--hide\">Marcelo Odebrecht \u00e9 demitido da Odebrecht<\/figcaption>\n\t\t<\/figure>\n\t<\/div>\n\n\n\n<p><strong>Marcelo Odebrecht<\/strong> era funcion\u00e1rio <strong>CLT<\/strong> da empreiteira, com um sal\u00e1rio de cerca de R$ 115 mil por m\u00eas. Al\u00e9m da remunera\u00e7\u00e3o, o executivo tinha a disposi\u00e7\u00e3o toda uma estrutura financiada pela pr\u00f3pria <strong>Odebrecht,<\/strong> como:<\/p>\n<ul>\n<li>secret\u00e1ria<\/li>\n<li>motorista<\/li>\n<li>seguran\u00e7a<\/li>\n<li>advogados<\/li>\n<li>assessoria de imprensa<\/li>\n<\/ul>\n<p>A demiss\u00e3o de Marcelo teria sido uma ordem de seu pr\u00f3prio pai, Em\u00edlio.<\/p>\n<p>Pai e filho acabaram envolvidos na<strong> Opera\u00e7\u00e3o Lava-Jato<\/strong>, sendo que Marcelo acabou preso em 2015 e foi libertado em dezembro de 2017. A remunera\u00e7\u00e3o e os benef\u00edcios de Marcelo foram mantidos mesmo durante o per\u00edodo na pris\u00e3o. Entretanto, durante esses \u00faltimos anos iniciou uma disputa entre os dois, que acabou se intensificando nos \u00faltimos dias.<\/p>\n<p><a href=\"https:\/\/www.suno.com.br\/noticias\/odebrecht-ruy-sampaio-novo-presidente\/\">Saiba mais: Odebrecht anuncia Ruy Sampaio como novo presidente<\/a><\/p>\n<p>A briga redefiniu tamb\u00e9m o comando da <strong>Odebrecht.<\/strong> Na segunda-feira, o ent\u00e3o presidente Luciano Guidolin, que liderou a empreiteira depois da pris\u00e3o de Marcelo, foi substitu\u00eddo por Ruy Sampaio, membro do <a href=\"https:\/\/www.suno.com.br\/artigos\/conselho-administracao\/\"><strong>conselho de administra\u00e7\u00e3o<\/strong><\/a> da empresa.<\/p>\n\t<p>\n\t\t<a href=\"https:\/\/lp.suno.com.br\/planilha-da-vida-financeira\/\" target=\"_blank\" data-element=\"shortcode-suno-banner\" title=\"Banner SUNO, clique e saiba mais\">\n\t\t\t<picture>\n\t\t\t\t<source media=\"(max-width: 500px)\" srcset=\"https:\/\/files.sunoresearch.com.br\/n\/uploads\/2023\/04\/400x300-Planilha-vida-financeira-true.png\">\n\t\t\t\t<img class=\"newsContent__article__imgCapa newsContent__article__imgCapa--banner\"\n\t\t\t\t\tsrc=\"https:\/\/files.sunoresearch.com.br\/n\/uploads\/2023\/04\/1420x240-Planilha-vida-financeira-true.png\"\n\t\t\t\t\tdata-promo-id=\"383123\"\t\t\t\t\t\t\t\t\t\twidth='1420' height='240'\t\t\t\t\talt=\"https:\/\/files.sunoresearch.com.br\/n\/uploads\/2023\/04\/1420x240-Planilha-vida-financeira-true.png\"\n\t\t\t\t>\n\t\t\t<\/picture>\n\t\t<\/a>\n\t<\/p>\n\n\n<p>Por sua vez, <strong>Marcelo Odebrecht<\/strong> aceitou assinar uma dela\u00e7\u00e3o premiada com a Justi\u00e7a, na qual atacou seu pai, al\u00e9m de seu cunhado, Maur\u00edcio Ferro, diretor jur\u00eddico do grupo, e outros executivos da empreiteira.<\/p>\n<h2>Plano de recupera\u00e7\u00e3o judicial da Odebrecht<\/h2>\n<p>No dia 10 de dezembro, a empreiteira informou que os credores do grupo adiaram a vota\u00e7\u00e3o do novo plano de <a href=\"https:\/\/www.suno.com.br\/artigos\/recuperacao-judicial\/\"><strong>recupera\u00e7\u00e3o judicial<\/strong><\/a> para o dia 19 de dezembro.<\/p>\n<p><a href=\"https:\/\/www.suno.com.br\/noticias\/votacao-recuperacao-judicial-odebrecht-adiada\/\">Saiba mais: Vota\u00e7\u00e3o sobre plano de recupera\u00e7\u00e3o judicial da Odebrecht \u00e9 adiada<\/a><\/p>\n<p>De acordo com um comunicado, a vota\u00e7\u00e3o foi conclu\u00edda com 20 das 21 subsidi\u00e1rias a favor do adiamento. Os credores da <strong>Atvos Investimentos<\/strong>, uma das subsidi\u00e1rias, ainda est\u00e3o discutindo o assunto. Mesmo com o adiamento, a empreiteira prev\u00ea que a nova proposta seja aprovada neste ano.<\/p>\n<p>O novo plano, cuja vota\u00e7\u00e3o foi adiada, difere do anterior pois conta com valores e prazos de car\u00eancia para o pagamento das d\u00edvidas aos credores. Os recursos utilizados para o pagamento dos credores ser\u00e3o oriundos de dividendos recebidos das empresas do grupo. Al\u00e9m disso, a venda de ativos da companhia, como a <strong>Braskem<\/strong>, ser\u00e1 uma das fontes para realizar os pagamentos.<\/p>\n<p>&#8220;A companhia defende um plano consolidado, que ser\u00e1 mais favor\u00e1vel a todos os credores. A op\u00e7\u00e3o individualizada \u00e9 negativa aos credores&#8221;, afirmou o advogado que representa a <strong>Odebrecht<\/strong>, Eduardo Munhoz.<\/p>\n<p>A Odebrecht est\u00e1 enfrentando uma das maiores <strong>recupera\u00e7\u00f5es judiciais<\/strong> da hist\u00f3ria do Brasil, com uma d\u00edvida superior a R$ 98,5 bilh\u00f5es. A empreiteira formalizou o pedido no dia 17 de junho no <strong>Tribunal<\/strong> de <strong>Justi\u00e7a\u00a0de S\u00e3o Paulo<\/strong>.<\/p>\n<p><a href=\"https:\/\/www.suno.com.br\/noticias\/odebrecht-protocola-recuperacao-judicial\/\">Saiba mais: Odebrecht protocola pedido de recupera\u00e7\u00e3o judicial\u00a0<\/a><\/p>\n<p>A solicita\u00e7\u00e3o de recupera\u00e7\u00e3o judicial n\u00e3o incluiu a <strong>Braskem,<\/strong> a <strong>Ocyan,<\/strong> a empreiteira <strong>OEC,<\/strong> a <strong>Odebrecht Transport,<\/strong> o estaleiro <strong>Enseada<\/strong> e a <strong>Atvos.<\/strong><\/p>\n\n","protected":false},"excerpt":{"rendered":"<p>Marcelo Odebrecht foi demitido nesta sexta-feira (20) pela Odebrecht. O executivo \u00e9 acionista com 2,79% do capital social e j\u00e1 foi presidente do gigante das constru\u00e7\u00f5es. Marcelo Odebrecht \u00e9 demitido da Odebrecht Marcelo Odebrecht era funcion\u00e1rio CLT da empreiteira, com um sal\u00e1rio de cerca de R$ 115 mil por m\u00eas. Al\u00e9m da remunera\u00e7\u00e3o, o executivo [&hellip;]<\/p>\n","protected":false},"author":9,"featured_media":29662,"comment_status":"closed","ping_status":"closed","sticky":false,"template":"","format":"standard","meta":[],"categories":[64],"tags":[783,1914],"suno_strategy":[],"class_list":["post-48590","post","type-post","status-publish","format-standard","has-post-thumbnail","hentry","category-negocios","tag-odebrecht","tag-operacao-lava-jato"],"yoast_head":"<!-- This site is optimized with the Yoast SEO plugin v24.4 - https:\/\/yoast.com\/wordpress\/plugins\/seo\/ -->\n<title>Marcelo Odebrecht \u00e9 demitido da Odebrecht pelo seu pai Em\u00edlio<\/title>\n<meta name=\"description\" content=\"O acionista e ex-presidente da Odebrecht, Marcelo Odebrecht, foi demitido nesta sexta-feira (20) pela empreiteira. Clique aqui e saiba mais.\" \/>\n<meta name=\"robots\" content=\"index, follow, max-snippet:-1, max-image-preview:large, max-video-preview:-1\" \/>\n<link rel=\"canonical\" href=\"https:\/\/www.suno.com.br\/noticias\/marcelo-odebrecht-demitido-da-odebrecht\/\" \/>\n<meta property=\"og:locale\" content=\"pt_BR\" \/>\n<meta property=\"og:type\" content=\"article\" \/>\n<meta property=\"og:title\" content=\"Marcelo Odebrecht \u00e9 demitido da Odebrecht pelo seu pai Em\u00edlio\" \/>\n<meta property=\"og:description\" content=\"O acionista e ex-presidente da Odebrecht, Marcelo Odebrecht, foi demitido nesta sexta-feira (20) pela empreiteira. Clique aqui e saiba mais.\" \/>\n<meta property=\"og:url\" content=\"https:\/\/www.suno.com.br\/noticias\/marcelo-odebrecht-demitido-da-odebrecht\/\" \/>\n<meta property=\"og:site_name\" content=\"Suno Not\u00edcias\" \/>\n<meta property=\"article:publisher\" content=\"https:\/\/facebook.com\/sunoresearch\" \/>\n<meta property=\"og:image\" content=\"https:\/\/files.sunoresearch.com.br\/n\/uploads\/2019\/07\/4f2581d2-marcelo-odebrecht-divulga\u00e7\u00e3o.jpg\" \/>\n\t<meta property=\"og:image:width\" content=\"754\" \/>\n\t<meta property=\"og:image:height\" content=\"523\" \/>\n\t<meta property=\"og:image:type\" content=\"image\/jpeg\" \/>\n<meta name=\"author\" content=\"Carlo Cauti\" \/>\n<meta name=\"twitter:card\" content=\"summary_large_image\" \/>\n<meta name=\"twitter:creator\" content=\"@sunoresearch\" \/>\n<meta name=\"twitter:site\" content=\"@sunoresearch\" \/>\n<meta name=\"twitter:label1\" content=\"Escrito por\" \/>\n\t<meta name=\"twitter:data1\" content=\"Carlo Cauti\" \/>\n\t<meta name=\"twitter:label2\" content=\"Est. tempo de leitura\" \/>\n\t<meta name=\"twitter:data2\" content=\"3 minutos\" \/>\n<script type=\"application\/ld+json\" class=\"yoast-schema-graph\">{\"@context\":\"https:\/\/schema.org\",\"@graph\":[{\"@type\":\"NewsArticle\",\"@id\":\"https:\/\/www.suno.com.br\/noticias\/marcelo-odebrecht-demitido-da-odebrecht\/#article\",\"isPartOf\":{\"@id\":\"https:\/\/www.suno.com.br\/noticias\/marcelo-odebrecht-demitido-da-odebrecht\/\"},\"author\":{\"name\":\"Carlo Cauti\",\"@id\":\"https:\/\/www.suno.com.br\/noticias\/#\/schema\/person\/e6e0f723cc177805027f4566c1d5e0c8\"},\"headline\":\"Marcelo Odebrecht \u00e9 demitido da Odebrecht\",\"datePublished\":\"2019-12-20T19:55:51+00:00\",\"dateModified\":\"2019-12-20T20:24:40+00:00\",\"mainEntityOfPage\":{\"@id\":\"https:\/\/www.suno.com.br\/noticias\/marcelo-odebrecht-demitido-da-odebrecht\/\"},\"wordCount\":522,\"publisher\":{\"@id\":\"https:\/\/www.suno.com.br\/noticias\/#organization\"},\"image\":{\"@id\":\"https:\/\/www.suno.com.br\/noticias\/marcelo-odebrecht-demitido-da-odebrecht\/#primaryimage\"},\"thumbnailUrl\":\"https:\/\/files.sunoresearch.com.br\/n\/uploads\/2019\/07\/4f2581d2-marcelo-odebrecht-divulga\u00e7\u00e3o-jpg.webp\",\"keywords\":[\"Odebrecht\",\"Opera\u00e7\u00e3o Lava Jato\"],\"articleSection\":[\"Neg\u00f3cios\"],\"inLanguage\":\"pt-BR\"},{\"@type\":\"WebPage\",\"@id\":\"https:\/\/www.suno.com.br\/noticias\/marcelo-odebrecht-demitido-da-odebrecht\/\",\"url\":\"https:\/\/www.suno.com.br\/noticias\/marcelo-odebrecht-demitido-da-odebrecht\/\",\"name\":\"Marcelo Odebrecht \u00e9 demitido da Odebrecht pelo seu pai Em\u00edlio\",\"isPartOf\":{\"@id\":\"https:\/\/www.suno.com.br\/noticias\/#website\"},\"primaryImageOfPage\":{\"@id\":\"https:\/\/www.suno.com.br\/noticias\/marcelo-odebrecht-demitido-da-odebrecht\/#primaryimage\"},\"image\":{\"@id\":\"https:\/\/www.suno.com.br\/noticias\/marcelo-odebrecht-demitido-da-odebrecht\/#primaryimage\"},\"thumbnailUrl\":\"https:\/\/files.sunoresearch.com.br\/n\/uploads\/2019\/07\/4f2581d2-marcelo-odebrecht-divulga\u00e7\u00e3o-jpg.webp\",\"datePublished\":\"2019-12-20T19:55:51+00:00\",\"dateModified\":\"2019-12-20T20:24:40+00:00\",\"description\":\"O acionista e ex-presidente da Odebrecht, Marcelo Odebrecht, foi demitido nesta sexta-feira (20) pela empreiteira. Clique aqui e saiba mais.\",\"breadcrumb\":{\"@id\":\"https:\/\/www.suno.com.br\/noticias\/marcelo-odebrecht-demitido-da-odebrecht\/#breadcrumb\"},\"inLanguage\":\"pt-BR\",\"potentialAction\":[{\"@type\":\"ReadAction\",\"target\":[\"https:\/\/www.suno.com.br\/noticias\/marcelo-odebrecht-demitido-da-odebrecht\/\"]}]},{\"@type\":\"ImageObject\",\"inLanguage\":\"pt-BR\",\"@id\":\"https:\/\/www.suno.com.br\/noticias\/marcelo-odebrecht-demitido-da-odebrecht\/#primaryimage\",\"url\":\"https:\/\/files.sunoresearch.com.br\/n\/uploads\/2019\/07\/4f2581d2-marcelo-odebrecht-divulga\u00e7\u00e3o-jpg.webp\",\"contentUrl\":\"https:\/\/files.sunoresearch.com.br\/n\/uploads\/2019\/07\/4f2581d2-marcelo-odebrecht-divulga\u00e7\u00e3o-jpg.webp\",\"width\":754,\"height\":523,\"caption\":\"Marcelo Odebrecht \u00e9 demitido da Odebrecht\"},{\"@type\":\"BreadcrumbList\",\"@id\":\"https:\/\/www.suno.com.br\/noticias\/marcelo-odebrecht-demitido-da-odebrecht\/#breadcrumb\",\"itemListElement\":[{\"@type\":\"ListItem\",\"position\":1,\"name\":\"Not\u00edcias\",\"item\":\"https:\/\/www.suno.com.br\/noticias\/\"},{\"@type\":\"ListItem\",\"position\":2,\"name\":\"Neg\u00f3cios\",\"item\":\"https:\/\/www.suno.com.br\/noticias\/negocios\/\"},{\"@type\":\"ListItem\",\"position\":3,\"name\":\"Marcelo Odebrecht \u00e9 demitido da Odebrecht\"}]},{\"@type\":\"WebSite\",\"@id\":\"https:\/\/www.suno.com.br\/noticias\/#website\",\"url\":\"https:\/\/www.suno.com.br\/noticias\/\",\"name\":\"Suno Not\u00edcias\",\"description\":\"Seu portal de informa\u00e7\u00e3o sobre o mundo dos investimentos\",\"publisher\":{\"@id\":\"https:\/\/www.suno.com.br\/noticias\/#organization\"},\"potentialAction\":[{\"@type\":\"SearchAction\",\"target\":{\"@type\":\"EntryPoint\",\"urlTemplate\":\"https:\/\/www.suno.com.br\/noticias\/?s={search_term_string}\"},\"query-input\":{\"@type\":\"PropertyValueSpecification\",\"valueRequired\":true,\"valueName\":\"search_term_string\"}}],\"inLanguage\":\"pt-BR\"},{\"@type\":\"Organization\",\"@id\":\"https:\/\/www.suno.com.br\/noticias\/#organization\",\"name\":\"Suno Not\u00edcias\",\"url\":\"https:\/\/www.suno.com.br\/noticias\/\",\"logo\":{\"@type\":\"ImageObject\",\"inLanguage\":\"pt-BR\",\"@id\":\"https:\/\/www.suno.com.br\/noticias\/#\/schema\/logo\/image\/\",\"url\":\"https:\/\/files.sunoresearch.com.br\/n\/uploads\/2021\/09\/suno-logo.png\",\"contentUrl\":\"https:\/\/files.sunoresearch.com.br\/n\/uploads\/2021\/09\/suno-logo.png\",\"width\":180,\"height\":180,\"caption\":\"Suno Not\u00edcias\"},\"image\":{\"@id\":\"https:\/\/www.suno.com.br\/noticias\/#\/schema\/logo\/image\/\"},\"sameAs\":[\"https:\/\/facebook.com\/sunoresearch\",\"https:\/\/x.com\/sunoresearch\",\"https:\/\/www.instagram.com\/suno\",\"https:\/\/www.linkedin.com\/company\/suno-research\/\",\"https:\/\/www.youtube.com\/c\/sunoresearch\"]},{\"@type\":\"Person\",\"@id\":\"https:\/\/www.suno.com.br\/noticias\/#\/schema\/person\/e6e0f723cc177805027f4566c1d5e0c8\",\"name\":\"Carlo Cauti\",\"image\":{\"@type\":\"ImageObject\",\"inLanguage\":\"pt-BR\",\"@id\":\"https:\/\/www.suno.com.br\/noticias\/#\/schema\/person\/image\/\",\"url\":\"https:\/\/secure.gravatar.com\/avatar\/3ada9e0bd164c23abd4792a9606d583c?s=96&r=g\",\"contentUrl\":\"https:\/\/secure.gravatar.com\/avatar\/3ada9e0bd164c23abd4792a9606d583c?s=96&r=g\",\"caption\":\"Carlo Cauti\"},\"description\":\"Editor multim\u00eddia do SUNO Not\u00edcias. Italiano, formado em Ci\u00eancias Pol\u00edticas pela universidade LUISS G. Carli de Roma e mestre cum laude em Rela\u00e7\u00f5es Internacionais, Jornalismo Internacional e de Guerra e em Economia Internacional. Concluiu tamb\u00e9m um MBA em Finan\u00e7as na B3. No Brasil, teve passagem por ve\u00edculos como Estad\u00e3o, Globo, Veja e EXAME. e nas ag\u00eancias de not\u00edcias italianas ANSA e NOVA.\",\"url\":\"https:\/\/www.suno.com.br\/noticias\/author\/carlo-cauti\/\"}]}<\/script>\n<!-- \/ Yoast SEO plugin. -->","yoast_head_json":{"title":"Marcelo Odebrecht \u00e9 demitido da Odebrecht pelo seu pai Em\u00edlio","description":"O acionista e ex-presidente da Odebrecht, Marcelo Odebrecht, foi demitido nesta sexta-feira (20) pela empreiteira. Clique aqui e saiba mais.","robots":{"index":"index","follow":"follow","max-snippet":"max-snippet:-1","max-image-preview":"max-image-preview:large","max-video-preview":"max-video-preview:-1"},"canonical":"https:\/\/www.suno.com.br\/noticias\/marcelo-odebrecht-demitido-da-odebrecht\/","og_locale":"pt_BR","og_type":"article","og_title":"Marcelo Odebrecht \u00e9 demitido da Odebrecht pelo seu pai Em\u00edlio","og_description":"O acionista e ex-presidente da Odebrecht, Marcelo Odebrecht, foi demitido nesta sexta-feira (20) pela empreiteira. Clique aqui e saiba mais.","og_url":"https:\/\/www.suno.com.br\/noticias\/marcelo-odebrecht-demitido-da-odebrecht\/","og_site_name":"Suno Not\u00edcias","article_publisher":"https:\/\/facebook.com\/sunoresearch","og_image":[{"width":754,"height":523,"url":"https:\/\/files.sunoresearch.com.br\/n\/uploads\/2019\/07\/4f2581d2-marcelo-odebrecht-divulga\u00e7\u00e3o.jpg","type":"image\/jpeg"}],"author":"Carlo Cauti","twitter_card":"summary_large_image","twitter_creator":"@sunoresearch","twitter_site":"@sunoresearch","twitter_misc":{"Escrito por":"Carlo Cauti","Est. tempo de leitura":"3 minutos"},"schema":{"@context":"https:\/\/schema.org","@graph":[{"@type":"NewsArticle","@id":"https:\/\/www.suno.com.br\/noticias\/marcelo-odebrecht-demitido-da-odebrecht\/#article","isPartOf":{"@id":"https:\/\/www.suno.com.br\/noticias\/marcelo-odebrecht-demitido-da-odebrecht\/"},"author":{"name":"Carlo Cauti","@id":"https:\/\/www.suno.com.br\/noticias\/#\/schema\/person\/e6e0f723cc177805027f4566c1d5e0c8"},"headline":"Marcelo Odebrecht \u00e9 demitido da Odebrecht","datePublished":"2019-12-20T19:55:51+00:00","dateModified":"2019-12-20T20:24:40+00:00","mainEntityOfPage":{"@id":"https:\/\/www.suno.com.br\/noticias\/marcelo-odebrecht-demitido-da-odebrecht\/"},"wordCount":522,"publisher":{"@id":"https:\/\/www.suno.com.br\/noticias\/#organization"},"image":{"@id":"https:\/\/www.suno.com.br\/noticias\/marcelo-odebrecht-demitido-da-odebrecht\/#primaryimage"},"thumbnailUrl":"https:\/\/files.sunoresearch.com.br\/n\/uploads\/2019\/07\/4f2581d2-marcelo-odebrecht-divulga\u00e7\u00e3o-jpg.webp","keywords":["Odebrecht","Opera\u00e7\u00e3o Lava Jato"],"articleSection":["Neg\u00f3cios"],"inLanguage":"pt-BR"},{"@type":"WebPage","@id":"https:\/\/www.suno.com.br\/noticias\/marcelo-odebrecht-demitido-da-odebrecht\/","url":"https:\/\/www.suno.com.br\/noticias\/marcelo-odebrecht-demitido-da-odebrecht\/","name":"Marcelo Odebrecht \u00e9 demitido da Odebrecht pelo seu pai Em\u00edlio","isPartOf":{"@id":"https:\/\/www.suno.com.br\/noticias\/#website"},"primaryImageOfPage":{"@id":"https:\/\/www.suno.com.br\/noticias\/marcelo-odebrecht-demitido-da-odebrecht\/#primaryimage"},"image":{"@id":"https:\/\/www.suno.com.br\/noticias\/marcelo-odebrecht-demitido-da-odebrecht\/#primaryimage"},"thumbnailUrl":"https:\/\/files.sunoresearch.com.br\/n\/uploads\/2019\/07\/4f2581d2-marcelo-odebrecht-divulga\u00e7\u00e3o-jpg.webp","datePublished":"2019-12-20T19:55:51+00:00","dateModified":"2019-12-20T20:24:40+00:00","description":"O acionista e ex-presidente da Odebrecht, Marcelo Odebrecht, foi demitido nesta sexta-feira (20) pela empreiteira. Clique aqui e saiba mais.","breadcrumb":{"@id":"https:\/\/www.suno.com.br\/noticias\/marcelo-odebrecht-demitido-da-odebrecht\/#breadcrumb"},"inLanguage":"pt-BR","potentialAction":[{"@type":"ReadAction","target":["https:\/\/www.suno.com.br\/noticias\/marcelo-odebrecht-demitido-da-odebrecht\/"]}]},{"@type":"ImageObject","inLanguage":"pt-BR","@id":"https:\/\/www.suno.com.br\/noticias\/marcelo-odebrecht-demitido-da-odebrecht\/#primaryimage","url":"https:\/\/files.sunoresearch.com.br\/n\/uploads\/2019\/07\/4f2581d2-marcelo-odebrecht-divulga\u00e7\u00e3o-jpg.webp","contentUrl":"https:\/\/files.sunoresearch.com.br\/n\/uploads\/2019\/07\/4f2581d2-marcelo-odebrecht-divulga\u00e7\u00e3o-jpg.webp","width":754,"height":523,"caption":"Marcelo Odebrecht \u00e9 demitido da Odebrecht"},{"@type":"BreadcrumbList","@id":"https:\/\/www.suno.com.br\/noticias\/marcelo-odebrecht-demitido-da-odebrecht\/#breadcrumb","itemListElement":[{"@type":"ListItem","position":1,"name":"Not\u00edcias","item":"https:\/\/www.suno.com.br\/noticias\/"},{"@type":"ListItem","position":2,"name":"Neg\u00f3cios","item":"https:\/\/www.suno.com.br\/noticias\/negocios\/"},{"@type":"ListItem","position":3,"name":"Marcelo Odebrecht \u00e9 demitido da Odebrecht"}]},{"@type":"WebSite","@id":"https:\/\/www.suno.com.br\/noticias\/#website","url":"https:\/\/www.suno.com.br\/noticias\/","name":"Suno Not\u00edcias","description":"Seu portal de informa\u00e7\u00e3o sobre o mundo dos investimentos","publisher":{"@id":"https:\/\/www.suno.com.br\/noticias\/#organization"},"potentialAction":[{"@type":"SearchAction","target":{"@type":"EntryPoint","urlTemplate":"https:\/\/www.suno.com.br\/noticias\/?s={search_term_string}"},"query-input":{"@type":"PropertyValueSpecification","valueRequired":true,"valueName":"search_term_string"}}],"inLanguage":"pt-BR"},{"@type":"Organization","@id":"https:\/\/www.suno.com.br\/noticias\/#organization","name":"Suno Not\u00edcias","url":"https:\/\/www.suno.com.br\/noticias\/","logo":{"@type":"ImageObject","inLanguage":"pt-BR","@id":"https:\/\/www.suno.com.br\/noticias\/#\/schema\/logo\/image\/","url":"https:\/\/files.sunoresearch.com.br\/n\/uploads\/2021\/09\/suno-logo.png","contentUrl":"https:\/\/files.sunoresearch.com.br\/n\/uploads\/2021\/09\/suno-logo.png","width":180,"height":180,"caption":"Suno Not\u00edcias"},"image":{"@id":"https:\/\/www.suno.com.br\/noticias\/#\/schema\/logo\/image\/"},"sameAs":["https:\/\/facebook.com\/sunoresearch","https:\/\/x.com\/sunoresearch","https:\/\/www.instagram.com\/suno","https:\/\/www.linkedin.com\/company\/suno-research\/","https:\/\/www.youtube.com\/c\/sunoresearch"]},{"@type":"Person","@id":"https:\/\/www.suno.com.br\/noticias\/#\/schema\/person\/e6e0f723cc177805027f4566c1d5e0c8","name":"Carlo Cauti","image":{"@type":"ImageObject","inLanguage":"pt-BR","@id":"https:\/\/www.suno.com.br\/noticias\/#\/schema\/person\/image\/","url":"https:\/\/secure.gravatar.com\/avatar\/3ada9e0bd164c23abd4792a9606d583c?s=96&r=g","contentUrl":"https:\/\/secure.gravatar.com\/avatar\/3ada9e0bd164c23abd4792a9606d583c?s=96&r=g","caption":"Carlo Cauti"},"description":"Editor multim\u00eddia do SUNO Not\u00edcias. Italiano, formado em Ci\u00eancias Pol\u00edticas pela universidade LUISS G. Carli de Roma e mestre cum laude em Rela\u00e7\u00f5es Internacionais, Jornalismo Internacional e de Guerra e em Economia Internacional. Concluiu tamb\u00e9m um MBA em Finan\u00e7as na B3. No Brasil, teve passagem por ve\u00edculos como Estad\u00e3o, Globo, Veja e EXAME. e nas ag\u00eancias de not\u00edcias italianas ANSA e NOVA.","url":"https:\/\/www.suno.com.br\/noticias\/author\/carlo-cauti\/"}]}},"default_loop_html":"<div class=\"cardsPage__listCard__boxs\"><div class=\"cardsPage__listCard__boxs__img\"><a href=\"https:\/\/www.suno.com.br\/noticias\/marcelo-odebrecht-demitido-da-odebrecht\/\"><img class=\"mask\" src=\"https:\/\/www.suno.com.br\/noticias\/wp-content\/themes\/suno\/resources\/images\/spotlight\/spotlight1img\/bg-mask.png\" alt=\"Image Mask\"\/><img src=\"https:\/\/files.sunoresearch.com.br\/n\/uploads\/2019\/07\/4f2581d2-marcelo-odebrecht-divulga\u00e7\u00e3o-400x200.webp\" alt=\"Marcelo Odebrecht \u00e9 demitido da Odebrecht\"\/><\/a><span class=\"spotlightCategory\"><a href=\"https:\/\/www.suno.com.br\/noticias\/negocios\/\">Neg\u00f3cios<\/a><\/span><\/div><div class=\"cardsPage__listCard__boxs__content\"><a href=\"https:\/\/www.suno.com.br\/noticias\/marcelo-odebrecht-demitido-da-odebrecht\/\"><h2 class=\"content__title\">Marcelo Odebrecht \u00e9 demitido da Odebrecht<\/h2><\/a><div class=\"newsContent__article__meta\"><div class=\"newsContent__article__meta__authorBox\"><a href=\"https:\/\/www.suno.com.br\/noticias\/author\/carlo-cauti\/\" class=\"authorBox__avatar noMobi\"><img src=\"https:\/\/files.sunoresearch.com.br\/n\/uploads\/2020\/08\/e3745f9a-perfil-carlo-cauti-150x150.webp\" alt=\"Carlo Cauti\"><\/a><div class=\"authorBox__name\"><span>por\n\t\t\t<a href=\"https:\/\/www.suno.com.br\/noticias\/author\/carlo-cauti\/\"><span itemprop=\"author\">Carlo Cauti<\/span><\/a><\/span><time datetime=\"2019-12-20T17:55:51-03:00\" itemprop=\"datePublished\">20\/12\/2019 17:55<\/time><\/div><\/div><\/div><\/div><\/div>","single_layout":"posts","amp_enabled":true,"_links":{"self":[{"href":"https:\/\/www.suno.com.br\/noticias\/wp-json\/wp\/v2\/posts\/48590"}],"collection":[{"href":"https:\/\/www.suno.com.br\/noticias\/wp-json\/wp\/v2\/posts"}],"about":[{"href":"https:\/\/www.suno.com.br\/noticias\/wp-json\/wp\/v2\/types\/post"}],"author":[{"embeddable":true,"href":"https:\/\/www.suno.com.br\/noticias\/wp-json\/wp\/v2\/users\/9"}],"replies":[{"embeddable":true,"href":"https:\/\/www.suno.com.br\/noticias\/wp-json\/wp\/v2\/comments?post=48590"}],"version-history":[{"count":0,"href":"https:\/\/www.suno.com.br\/noticias\/wp-json\/wp\/v2\/posts\/48590\/revisions"}],"wp:featuredmedia":[{"embeddable":true,"href":"https:\/\/www.suno.com.br\/noticias\/wp-json\/wp\/v2\/media\/29662"}],"wp:attachment":[{"href":"https:\/\/www.suno.com.br\/noticias\/wp-json\/wp\/v2\/media?parent=48590"}],"wp:term":[{"taxonomy":"category","embeddable":true,"href":"https:\/\/www.suno.com.br\/noticias\/wp-json\/wp\/v2\/categories?post=48590"},{"taxonomy":"post_tag","embeddable":true,"href":"https:\/\/www.suno.com.br\/noticias\/wp-json\/wp\/v2\/tags?post=48590"},{"taxonomy":"suno_strategy","embeddable":true,"href":"https:\/\/www.suno.com.br\/noticias\/wp-json\/wp\/v2\/suno_strategy?post=48590"}],"curies":[{"name":"wp","href":"https:\/\/api.w.org\/{rel}","templated":true}]}}