{"id":48580,"date":"2019-12-20T17:11:08","date_gmt":"2019-12-20T19:11:08","guid":{"rendered":"https:\/\/www.suno.com.br\/noticias\/?p=48580"},"modified":"2020-01-08T18:50:37","modified_gmt":"2020-01-08T20:50:37","slug":"elevacao-do-rating-e-prova-de-nossa-resiliencia-diz-diretor-da-unipar","status":"publish","type":"post","link":"https:\/\/www.suno.com.br\/noticias\/elevacao-do-rating-e-prova-de-nossa-resiliencia-diz-diretor-da-unipar\/","title":{"rendered":"Eleva\u00e7\u00e3o do rating \u00e9 prova de nossa resili\u00eancia, diz diretor da Unipar"},"content":{"rendered":"<p>O diretor executivo financeiro e de rela\u00e7\u00f5es com investidores da <a href=\"https:\/\/www.suno.com.br\/acoes\/unip6\/\">Unipar (UNIP6)<\/a>, <strong>Christian<\/strong> <strong>Schnitzlein<\/strong>, declarou que a empresa est\u00e1 atenta a novas alternativas para se manterem competitivos no mercado. Em entrevista exclusiva ao portal <strong>SUNO<\/strong> <strong>Not\u00edcias<\/strong>,\u00a0 nesta sexta-feira (20), o executivo tamb\u00e9m conversou sobre a eleva\u00e7\u00e3o da <a href=\"https:\/\/www.suno.com.br\/artigos\/rating\/\"><strong>nota de cr\u00e9dito<\/strong><\/a> dada pela <strong><a href=\"https:\/\/www.suno.com.br\/artigos\/agencias-de-rating\/\">ag\u00eancia de classifica\u00e7\u00e3o de risco<\/a><\/strong> &#8220;<strong>Fitch<\/strong> <strong>Ratings<\/strong>&#8221; e os planos futuros da empresa qu\u00edmica.<\/p>\t<div class=\"wrapper-featured-image\">\n\t\t<figure class=\"spotlightImg\">\n\n\t\t\t<picture>\n\t\t\t\t<source media=\"(max-width: 768px)\" srcset=\"https:\/\/files.sunoresearch.com.br\/n\/uploads\/2019\/12\/fad4e2d7-unipar-400x200.webp\">\n\t\t\t\t<img loading=\"lazy\" decoding=\"async\" class=\"newsContent__article__imgCapa lazyloadDisabled newsContent__article__imgCapa--noCaption\" src=\"https:\/\/files.sunoresearch.com.br\/n\/uploads\/2019\/12\/fad4e2d7-unipar-jpeg.webp\" width=\"800\" height=\"450\" alt=\"Eleva\u00e7\u00e3o do rating \u00e9 prova de nossa resili\u00eancia, diz diretor da Unipar\" fetchpriority=high \/>\n\t\t\t<\/picture>\n\n\t\t\t<figcaption class=\"wp-caption-text wp-caption-text--hide\">Eleva\u00e7\u00e3o do rating \u00e9 prova de nossa resili\u00eancia, diz diretor da Unipar<\/figcaption>\n\t\t<\/figure>\n\t<\/div>\n\n\n\n<p>Confira a entrevista exclusiva com\u00a0o diretor da <strong>Unipar<\/strong>:<\/p>\n<p><strong>O que representa essa alta do Fitch Ratings para a Unipar?<\/strong><\/p>\n<p>&#8220;Hoje estamos em um cen\u00e1rio muito duro para a gente. Um cen\u00e1rio que mostra bastante nossa resili\u00eancia e nossas estrat\u00e9gias consistentes em gest\u00e3o de capital e de caixa, al\u00e9m de controle de imprevistos. Por isso, hoje vemos essa eleva\u00e7\u00e3o por termos bastante resili\u00eancia frente aos cen\u00e1rios adversos. Algo que nos d\u00e1 conforto para continuarmos olhando aos nossos neg\u00f3cios e buscando fortalecer ele na posi\u00e7\u00e3o que temos hoje no mercado.&#8221;<\/p>\n<p><strong>Qual o fator determinante para essa eleva\u00e7\u00e3o? <\/strong><\/p>\n<p>&#8220;A manuten\u00e7\u00e3o de nossas estrat\u00e9gias e de nossos resultados, mesmo no cen\u00e1rio que n\u00f3s e o resto do mercado vivemos neste ano.&#8221;<\/p>\n<p><strong>Quais s\u00e3o os planos futuros da Unipar?\u00a0<\/strong><\/p>\n<p>&#8220;Temos nos consolidado como uma das maiores empresas qu\u00edmicas do <strong>Brasil<\/strong>, sempre buscando sermos sustent\u00e1veis nos nossos resultados e com nossos <strong>stakeholders. <\/strong>Continuaremos focados em nossa recupera\u00e7\u00e3o e neste bom relacionamento com os <strong>stakeholders<\/strong>, lembrando que como commodities, ou semi-commodities, a gente tem ciclos, tanto de baixas como de altas, e temos que estar preparados para isso tamb\u00e9m&#8221;.<\/p>\n<p><strong>Qual o impacto dessa nota da Fitch Ratings para o futuro da empresa?<\/strong><\/p>\n<p>&#8220;N\u00e3o sabemos se continuaremos subindo, mesmo porque, no nosso tamanho atual entendo que precisar\u00edamos ter mais diversifica\u00e7\u00e3o para podermos mudar o patamar de notas. Entretanto, em termos de organiza\u00e7\u00e3o, procuraremos sempre melhorar nossas m\u00e9tricas e continuar performando nossas opera\u00e7\u00f5es do jeito que acreditamos que devam ser performadas e buscar sempre agregar valor ao nosso neg\u00f3cio. Anunciamos recentemente uma <a href=\"https:\/\/www.suno.com.br\/artigos\/joint-venture\/\"><strong>joint-venture<\/strong><\/a> com a <a href=\"https:\/\/www.suno.com.br\/acoes\/tiet11\/\"><strong>AES<\/strong> (<strong>TIET11<\/strong>)<\/a> na constru\u00e7\u00e3o de um parque e\u00f3lico. Estamos sempre buscando alternativas para nos mantermos competitivos no mercado.&#8221;<\/p>\n<h2>Fitch Ratings eleva nota da Unipar<\/h2>\n<p>A ag\u00eancia de classifica\u00e7\u00e3o de risco de cr\u00e9dito <strong>Fitch<\/strong> <strong>Ratings<\/strong> elevou, na \u00faltima quinta-feira (19), a nota de <strong>Longo<\/strong> <strong>Prazo<\/strong> da <a href=\"https:\/\/www.suno.com.br\/acoes\/unip6\/\">Unipar (UNIP6<\/a>) de <strong>AA-<\/strong> para <strong>AA<\/strong> assim como as de suas quarta e quinta emiss\u00f5es de deb\u00eantures, com <strong>Perspectiva<\/strong> <strong>Est\u00e1vel<\/strong>.<\/p>\n<p><a href=\"https:\/\/www.suno.com.br\/noticias\/unipar-fitch-aa-perspectiva-estavel\/\">Saiba mais: Unipar: Fitch eleva rating da empresa para &#8220;AA&#8221; com perspectiva est\u00e1vel<\/a><\/p>\n<p>\u201cA eleva\u00e7\u00e3o do rating \u00e9 fruto de uma consistente gera\u00e7\u00e3o de caixa alinhada com a estrat\u00e9gia de desalavancagem, aloca\u00e7\u00e3o de capital e gest\u00e3o de custos. Este movimento refor\u00e7a o nosso comprometimento de atua\u00e7\u00e3o respons\u00e1vel, num setor de capital intensivo\u201d, declarou <strong>Christian Schnitzlein<\/strong>, Diretor Executivo Financeiro e de Rela\u00e7\u00f5es com Investidores da <strong>Unipar<\/strong>.<\/p>\n<p>Segundo o relat\u00f3rio da <strong>Fitch<\/strong>, &#8220;a eleva\u00e7\u00e3o do rating condiz a relevante redu\u00e7\u00e3o de endividamento financeiro l\u00edquido da Unipar nos \u00faltimos dois anos, suportada por fortes <strong>fluxos de caixa<\/strong> (<strong>FCF<\/strong>) no per\u00edodo, e tamb\u00e9m considera a capacidade da companhia de manter o perfil financeiro e as m\u00e9tricas de cr\u00e9dito conservadores e gerar FCFs positivos, mesmo em per\u00edodos de forte baixa do ciclo de pre\u00e7o da soda e do <strong>PVC<\/strong>, conforme \u00e9 esperado pela Fitch ao menos para os pr\u00f3ximos dois a tr\u00eas anos.&#8221;<\/p>\n\t<p>\n\t\t<a href=\"https:\/\/lp2.suno.com.br\/pv\/eu-invisto-2026\/?utm_source=suno-noticias&#038;utm_medium=banner&#038;utm_campaign=_SNC4CCF8112_\" target=\"_blank\" data-element=\"shortcode-suno-banner\" title=\"Banner SUNO, clique e saiba mais\">\n\t\t\t<picture>\n\t\t\t\t<source media=\"(max-width: 500px)\" srcset=\"https:\/\/files.sunoresearch.com.br\/n\/uploads\/2025\/12\/Banner-Materias-01-Mbl_-400x300-1-png.webp\">\n\t\t\t\t<img class=\"newsContent__article__imgCapa newsContent__article__imgCapa--banner\"\n\t\t\t\t\tsrc=\"https:\/\/files.sunoresearch.com.br\/n\/uploads\/2025\/12\/Banner-Materias-01-Dkp_-1420x240-1-png.webp\"\n\t\t\t\t\tdata-promo-id=\"635514\"\t\t\t\t\t\t\t\t\t\twidth='1420' height='240'\t\t\t\t\talt=\"https:\/\/files.sunoresearch.com.br\/n\/uploads\/2025\/12\/Banner-Materias-01-Dkp_-1420x240-1-png.webp\"\n\t\t\t\t>\n\t\t\t<\/picture>\n\t\t<\/a>\n\t<\/p>\n\n\n<p>O relat\u00f3rio ainda explica que: &#8220;A Perspectiva Est\u00e1vel \u00e9 suportada pela expectativa de que a <strong>Unipar<\/strong> mantenha sua posi\u00e7\u00e3o de destaque no mercado sul-americano de soda-cloro e PVC e de que continue entregando adequada gera\u00e7\u00e3o operacional de caixa, baixo consumo de investimentos e fortes m\u00e9tricas de cr\u00e9dito nos pr\u00f3ximos anos.&#8221;<\/p>\n\n","protected":false},"excerpt":{"rendered":"<p>O diretor executivo financeiro e de rela\u00e7\u00f5es com investidores da Unipar (UNIP6), Christian Schnitzlein, declarou que a empresa est\u00e1 atenta a novas alternativas para se manterem competitivos no mercado. Em entrevista exclusiva ao portal SUNO Not\u00edcias,\u00a0 nesta sexta-feira (20), o executivo tamb\u00e9m conversou sobre a eleva\u00e7\u00e3o da nota de cr\u00e9dito dada pela ag\u00eancia de classifica\u00e7\u00e3o [&hellip;]<\/p>\n","protected":false},"author":23,"featured_media":48584,"comment_status":"closed","ping_status":"closed","sticky":false,"template":"","format":"standard","meta":[],"categories":[1278],"tags":[1034,1277,673],"suno_strategy":[],"class_list":["post-48580","post","type-post","status-publish","format-standard","has-post-thumbnail","hentry","category-entrevistas","tag-classificacao-de-risco-rating","tag-fitch","tag-unipar-unip3-unip5-unip6"],"yoast_head":"<!-- This site is optimized with the Yoast SEO plugin v24.4 - https:\/\/yoast.com\/wordpress\/plugins\/seo\/ -->\n<title>Eleva\u00e7\u00e3o do rating \u00e9 prova de nossa resili\u00eancia, diz diretor da Unipar<\/title>\n<meta name=\"description\" content=\"O diretor de rela\u00e7\u00f5es com investidores da Unipar, Christian Schnitzlein, comentou a decis\u00e3o da Fitch. Clique aqui e saiba mais.\" \/>\n<meta name=\"robots\" content=\"index, follow, max-snippet:-1, max-image-preview:large, max-video-preview:-1\" \/>\n<link rel=\"canonical\" href=\"https:\/\/www.suno.com.br\/noticias\/elevacao-do-rating-e-prova-de-nossa-resiliencia-diz-diretor-da-unipar\/\" \/>\n<meta property=\"og:locale\" content=\"pt_BR\" \/>\n<meta property=\"og:type\" content=\"article\" \/>\n<meta property=\"og:title\" content=\"Eleva\u00e7\u00e3o do rating \u00e9 prova de nossa resili\u00eancia, diz diretor da Unipar\" \/>\n<meta property=\"og:description\" content=\"O diretor de rela\u00e7\u00f5es com investidores da Unipar, Christian Schnitzlein, comentou a decis\u00e3o da Fitch. Clique aqui e saiba mais.\" \/>\n<meta property=\"og:url\" content=\"https:\/\/www.suno.com.br\/noticias\/elevacao-do-rating-e-prova-de-nossa-resiliencia-diz-diretor-da-unipar\/\" \/>\n<meta property=\"og:site_name\" content=\"Suno Not\u00edcias\" \/>\n<meta property=\"article:publisher\" content=\"https:\/\/facebook.com\/sunoresearch\" \/>\n<meta property=\"og:image\" content=\"https:\/\/files.sunoresearch.com.br\/n\/uploads\/2019\/12\/fad4e2d7-unipar.jpeg\" \/>\n\t<meta property=\"og:image:width\" content=\"720\" \/>\n\t<meta property=\"og:image:height\" content=\"1280\" \/>\n\t<meta property=\"og:image:type\" content=\"image\/jpeg\" \/>\n<meta name=\"author\" content=\"Rafael Lara\" \/>\n<meta name=\"twitter:card\" content=\"summary_large_image\" \/>\n<meta name=\"twitter:creator\" content=\"@sunoresearch\" \/>\n<meta name=\"twitter:site\" content=\"@sunoresearch\" \/>\n<meta name=\"twitter:label1\" content=\"Escrito por\" \/>\n\t<meta name=\"twitter:data1\" content=\"Rafael Lara\" \/>\n\t<meta name=\"twitter:label2\" content=\"Est. tempo de leitura\" \/>\n\t<meta name=\"twitter:data2\" content=\"3 minutos\" \/>\n<script type=\"application\/ld+json\" class=\"yoast-schema-graph\">{\"@context\":\"https:\/\/schema.org\",\"@graph\":[{\"@type\":\"NewsArticle\",\"@id\":\"https:\/\/www.suno.com.br\/noticias\/elevacao-do-rating-e-prova-de-nossa-resiliencia-diz-diretor-da-unipar\/#article\",\"isPartOf\":{\"@id\":\"https:\/\/www.suno.com.br\/noticias\/elevacao-do-rating-e-prova-de-nossa-resiliencia-diz-diretor-da-unipar\/\"},\"author\":{\"name\":\"Rafael Lara\",\"@id\":\"https:\/\/www.suno.com.br\/noticias\/#\/schema\/person\/098743caeed97b37f51315c9576c4078\"},\"headline\":\"Eleva\u00e7\u00e3o do rating \u00e9 prova de nossa resili\u00eancia, diz diretor da Unipar\",\"datePublished\":\"2019-12-20T19:11:08+00:00\",\"dateModified\":\"2020-01-08T20:50:37+00:00\",\"mainEntityOfPage\":{\"@id\":\"https:\/\/www.suno.com.br\/noticias\/elevacao-do-rating-e-prova-de-nossa-resiliencia-diz-diretor-da-unipar\/\"},\"wordCount\":678,\"publisher\":{\"@id\":\"https:\/\/www.suno.com.br\/noticias\/#organization\"},\"image\":{\"@id\":\"https:\/\/www.suno.com.br\/noticias\/elevacao-do-rating-e-prova-de-nossa-resiliencia-diz-diretor-da-unipar\/#primaryimage\"},\"thumbnailUrl\":\"https:\/\/files.sunoresearch.com.br\/n\/uploads\/2019\/12\/fad4e2d7-unipar-jpeg.webp\",\"keywords\":[\"Classifica\u00e7\u00e3o de Risco (Rating)\",\"Fitch\",\"Unipar (UNIP3\/UNIP5\/UNIP6)\"],\"articleSection\":[\"Entrevistas\"],\"inLanguage\":\"pt-BR\"},{\"@type\":\"WebPage\",\"@id\":\"https:\/\/www.suno.com.br\/noticias\/elevacao-do-rating-e-prova-de-nossa-resiliencia-diz-diretor-da-unipar\/\",\"url\":\"https:\/\/www.suno.com.br\/noticias\/elevacao-do-rating-e-prova-de-nossa-resiliencia-diz-diretor-da-unipar\/\",\"name\":\"Eleva\u00e7\u00e3o do rating \u00e9 prova de nossa resili\u00eancia, diz diretor da Unipar\",\"isPartOf\":{\"@id\":\"https:\/\/www.suno.com.br\/noticias\/#website\"},\"primaryImageOfPage\":{\"@id\":\"https:\/\/www.suno.com.br\/noticias\/elevacao-do-rating-e-prova-de-nossa-resiliencia-diz-diretor-da-unipar\/#primaryimage\"},\"image\":{\"@id\":\"https:\/\/www.suno.com.br\/noticias\/elevacao-do-rating-e-prova-de-nossa-resiliencia-diz-diretor-da-unipar\/#primaryimage\"},\"thumbnailUrl\":\"https:\/\/files.sunoresearch.com.br\/n\/uploads\/2019\/12\/fad4e2d7-unipar-jpeg.webp\",\"datePublished\":\"2019-12-20T19:11:08+00:00\",\"dateModified\":\"2020-01-08T20:50:37+00:00\",\"description\":\"O diretor de rela\u00e7\u00f5es com investidores da Unipar, Christian Schnitzlein, comentou a decis\u00e3o da Fitch. Clique aqui e saiba mais.\",\"breadcrumb\":{\"@id\":\"https:\/\/www.suno.com.br\/noticias\/elevacao-do-rating-e-prova-de-nossa-resiliencia-diz-diretor-da-unipar\/#breadcrumb\"},\"inLanguage\":\"pt-BR\",\"potentialAction\":[{\"@type\":\"ReadAction\",\"target\":[\"https:\/\/www.suno.com.br\/noticias\/elevacao-do-rating-e-prova-de-nossa-resiliencia-diz-diretor-da-unipar\/\"]}]},{\"@type\":\"ImageObject\",\"inLanguage\":\"pt-BR\",\"@id\":\"https:\/\/www.suno.com.br\/noticias\/elevacao-do-rating-e-prova-de-nossa-resiliencia-diz-diretor-da-unipar\/#primaryimage\",\"url\":\"https:\/\/files.sunoresearch.com.br\/n\/uploads\/2019\/12\/fad4e2d7-unipar-jpeg.webp\",\"contentUrl\":\"https:\/\/files.sunoresearch.com.br\/n\/uploads\/2019\/12\/fad4e2d7-unipar-jpeg.webp\",\"width\":720,\"height\":1280,\"caption\":\"Eleva\u00e7\u00e3o do rating \u00e9 prova de nossa resili\u00eancia, diz diretor da Unipar\"},{\"@type\":\"BreadcrumbList\",\"@id\":\"https:\/\/www.suno.com.br\/noticias\/elevacao-do-rating-e-prova-de-nossa-resiliencia-diz-diretor-da-unipar\/#breadcrumb\",\"itemListElement\":[{\"@type\":\"ListItem\",\"position\":1,\"name\":\"Not\u00edcias\",\"item\":\"https:\/\/www.suno.com.br\/noticias\/\"},{\"@type\":\"ListItem\",\"position\":2,\"name\":\"Entrevistas\",\"item\":\"https:\/\/www.suno.com.br\/noticias\/entrevistas\/\"},{\"@type\":\"ListItem\",\"position\":3,\"name\":\"Eleva\u00e7\u00e3o do rating \u00e9 prova de nossa resili\u00eancia, diz diretor da Unipar\"}]},{\"@type\":\"WebSite\",\"@id\":\"https:\/\/www.suno.com.br\/noticias\/#website\",\"url\":\"https:\/\/www.suno.com.br\/noticias\/\",\"name\":\"Suno Not\u00edcias\",\"description\":\"Seu portal de informa\u00e7\u00e3o sobre o mundo dos investimentos\",\"publisher\":{\"@id\":\"https:\/\/www.suno.com.br\/noticias\/#organization\"},\"potentialAction\":[{\"@type\":\"SearchAction\",\"target\":{\"@type\":\"EntryPoint\",\"urlTemplate\":\"https:\/\/www.suno.com.br\/noticias\/?s={search_term_string}\"},\"query-input\":{\"@type\":\"PropertyValueSpecification\",\"valueRequired\":true,\"valueName\":\"search_term_string\"}}],\"inLanguage\":\"pt-BR\"},{\"@type\":\"Organization\",\"@id\":\"https:\/\/www.suno.com.br\/noticias\/#organization\",\"name\":\"Suno Not\u00edcias\",\"url\":\"https:\/\/www.suno.com.br\/noticias\/\",\"logo\":{\"@type\":\"ImageObject\",\"inLanguage\":\"pt-BR\",\"@id\":\"https:\/\/www.suno.com.br\/noticias\/#\/schema\/logo\/image\/\",\"url\":\"https:\/\/files.sunoresearch.com.br\/n\/uploads\/2021\/09\/suno-logo.png\",\"contentUrl\":\"https:\/\/files.sunoresearch.com.br\/n\/uploads\/2021\/09\/suno-logo.png\",\"width\":180,\"height\":180,\"caption\":\"Suno Not\u00edcias\"},\"image\":{\"@id\":\"https:\/\/www.suno.com.br\/noticias\/#\/schema\/logo\/image\/\"},\"sameAs\":[\"https:\/\/facebook.com\/sunoresearch\",\"https:\/\/x.com\/sunoresearch\",\"https:\/\/www.instagram.com\/suno\",\"https:\/\/www.linkedin.com\/company\/suno-research\/\",\"https:\/\/www.youtube.com\/c\/sunoresearch\"]},{\"@type\":\"Person\",\"@id\":\"https:\/\/www.suno.com.br\/noticias\/#\/schema\/person\/098743caeed97b37f51315c9576c4078\",\"name\":\"Rafael Lara\",\"image\":{\"@type\":\"ImageObject\",\"inLanguage\":\"pt-BR\",\"@id\":\"https:\/\/www.suno.com.br\/noticias\/#\/schema\/person\/image\/\",\"url\":\"https:\/\/secure.gravatar.com\/avatar\/dfc254ab9bb2ea1895d98b9e9dae4bdd?s=96&r=g\",\"contentUrl\":\"https:\/\/secure.gravatar.com\/avatar\/dfc254ab9bb2ea1895d98b9e9dae4bdd?s=96&r=g\",\"caption\":\"Rafael Lara\"},\"description\":\"Rafael Lara cursa jornalismo na Faculdade C\u00e1sper L\u00edbero. Escreve sobre pol\u00edtica, economia e neg\u00f3cios para o portal Suno Not\u00edcias. Antes, colaborou na TV Gazeta na produ\u00e7\u00e3o do programa Edi\u00e7\u00e3o Extra.\",\"url\":\"https:\/\/www.suno.com.br\/noticias\/author\/rafael\/\"}]}<\/script>\n<!-- \/ Yoast SEO plugin. -->","yoast_head_json":{"title":"Eleva\u00e7\u00e3o do rating \u00e9 prova de nossa resili\u00eancia, diz diretor da Unipar","description":"O diretor de rela\u00e7\u00f5es com investidores da Unipar, Christian Schnitzlein, comentou a decis\u00e3o da Fitch. Clique aqui e saiba mais.","robots":{"index":"index","follow":"follow","max-snippet":"max-snippet:-1","max-image-preview":"max-image-preview:large","max-video-preview":"max-video-preview:-1"},"canonical":"https:\/\/www.suno.com.br\/noticias\/elevacao-do-rating-e-prova-de-nossa-resiliencia-diz-diretor-da-unipar\/","og_locale":"pt_BR","og_type":"article","og_title":"Eleva\u00e7\u00e3o do rating \u00e9 prova de nossa resili\u00eancia, diz diretor da Unipar","og_description":"O diretor de rela\u00e7\u00f5es com investidores da Unipar, Christian Schnitzlein, comentou a decis\u00e3o da Fitch. Clique aqui e saiba mais.","og_url":"https:\/\/www.suno.com.br\/noticias\/elevacao-do-rating-e-prova-de-nossa-resiliencia-diz-diretor-da-unipar\/","og_site_name":"Suno Not\u00edcias","article_publisher":"https:\/\/facebook.com\/sunoresearch","og_image":[{"width":720,"height":1280,"url":"https:\/\/files.sunoresearch.com.br\/n\/uploads\/2019\/12\/fad4e2d7-unipar.jpeg","type":"image\/jpeg"}],"author":"Rafael Lara","twitter_card":"summary_large_image","twitter_creator":"@sunoresearch","twitter_site":"@sunoresearch","twitter_misc":{"Escrito por":"Rafael Lara","Est. tempo de leitura":"3 minutos"},"schema":{"@context":"https:\/\/schema.org","@graph":[{"@type":"NewsArticle","@id":"https:\/\/www.suno.com.br\/noticias\/elevacao-do-rating-e-prova-de-nossa-resiliencia-diz-diretor-da-unipar\/#article","isPartOf":{"@id":"https:\/\/www.suno.com.br\/noticias\/elevacao-do-rating-e-prova-de-nossa-resiliencia-diz-diretor-da-unipar\/"},"author":{"name":"Rafael Lara","@id":"https:\/\/www.suno.com.br\/noticias\/#\/schema\/person\/098743caeed97b37f51315c9576c4078"},"headline":"Eleva\u00e7\u00e3o do rating \u00e9 prova de nossa resili\u00eancia, diz diretor da Unipar","datePublished":"2019-12-20T19:11:08+00:00","dateModified":"2020-01-08T20:50:37+00:00","mainEntityOfPage":{"@id":"https:\/\/www.suno.com.br\/noticias\/elevacao-do-rating-e-prova-de-nossa-resiliencia-diz-diretor-da-unipar\/"},"wordCount":678,"publisher":{"@id":"https:\/\/www.suno.com.br\/noticias\/#organization"},"image":{"@id":"https:\/\/www.suno.com.br\/noticias\/elevacao-do-rating-e-prova-de-nossa-resiliencia-diz-diretor-da-unipar\/#primaryimage"},"thumbnailUrl":"https:\/\/files.sunoresearch.com.br\/n\/uploads\/2019\/12\/fad4e2d7-unipar-jpeg.webp","keywords":["Classifica\u00e7\u00e3o de Risco (Rating)","Fitch","Unipar (UNIP3\/UNIP5\/UNIP6)"],"articleSection":["Entrevistas"],"inLanguage":"pt-BR"},{"@type":"WebPage","@id":"https:\/\/www.suno.com.br\/noticias\/elevacao-do-rating-e-prova-de-nossa-resiliencia-diz-diretor-da-unipar\/","url":"https:\/\/www.suno.com.br\/noticias\/elevacao-do-rating-e-prova-de-nossa-resiliencia-diz-diretor-da-unipar\/","name":"Eleva\u00e7\u00e3o do rating \u00e9 prova de nossa resili\u00eancia, diz diretor da Unipar","isPartOf":{"@id":"https:\/\/www.suno.com.br\/noticias\/#website"},"primaryImageOfPage":{"@id":"https:\/\/www.suno.com.br\/noticias\/elevacao-do-rating-e-prova-de-nossa-resiliencia-diz-diretor-da-unipar\/#primaryimage"},"image":{"@id":"https:\/\/www.suno.com.br\/noticias\/elevacao-do-rating-e-prova-de-nossa-resiliencia-diz-diretor-da-unipar\/#primaryimage"},"thumbnailUrl":"https:\/\/files.sunoresearch.com.br\/n\/uploads\/2019\/12\/fad4e2d7-unipar-jpeg.webp","datePublished":"2019-12-20T19:11:08+00:00","dateModified":"2020-01-08T20:50:37+00:00","description":"O diretor de rela\u00e7\u00f5es com investidores da Unipar, Christian Schnitzlein, comentou a decis\u00e3o da Fitch. Clique aqui e saiba mais.","breadcrumb":{"@id":"https:\/\/www.suno.com.br\/noticias\/elevacao-do-rating-e-prova-de-nossa-resiliencia-diz-diretor-da-unipar\/#breadcrumb"},"inLanguage":"pt-BR","potentialAction":[{"@type":"ReadAction","target":["https:\/\/www.suno.com.br\/noticias\/elevacao-do-rating-e-prova-de-nossa-resiliencia-diz-diretor-da-unipar\/"]}]},{"@type":"ImageObject","inLanguage":"pt-BR","@id":"https:\/\/www.suno.com.br\/noticias\/elevacao-do-rating-e-prova-de-nossa-resiliencia-diz-diretor-da-unipar\/#primaryimage","url":"https:\/\/files.sunoresearch.com.br\/n\/uploads\/2019\/12\/fad4e2d7-unipar-jpeg.webp","contentUrl":"https:\/\/files.sunoresearch.com.br\/n\/uploads\/2019\/12\/fad4e2d7-unipar-jpeg.webp","width":720,"height":1280,"caption":"Eleva\u00e7\u00e3o do rating \u00e9 prova de nossa resili\u00eancia, diz diretor da Unipar"},{"@type":"BreadcrumbList","@id":"https:\/\/www.suno.com.br\/noticias\/elevacao-do-rating-e-prova-de-nossa-resiliencia-diz-diretor-da-unipar\/#breadcrumb","itemListElement":[{"@type":"ListItem","position":1,"name":"Not\u00edcias","item":"https:\/\/www.suno.com.br\/noticias\/"},{"@type":"ListItem","position":2,"name":"Entrevistas","item":"https:\/\/www.suno.com.br\/noticias\/entrevistas\/"},{"@type":"ListItem","position":3,"name":"Eleva\u00e7\u00e3o do rating \u00e9 prova de nossa resili\u00eancia, diz diretor da Unipar"}]},{"@type":"WebSite","@id":"https:\/\/www.suno.com.br\/noticias\/#website","url":"https:\/\/www.suno.com.br\/noticias\/","name":"Suno Not\u00edcias","description":"Seu portal de informa\u00e7\u00e3o sobre o mundo dos investimentos","publisher":{"@id":"https:\/\/www.suno.com.br\/noticias\/#organization"},"potentialAction":[{"@type":"SearchAction","target":{"@type":"EntryPoint","urlTemplate":"https:\/\/www.suno.com.br\/noticias\/?s={search_term_string}"},"query-input":{"@type":"PropertyValueSpecification","valueRequired":true,"valueName":"search_term_string"}}],"inLanguage":"pt-BR"},{"@type":"Organization","@id":"https:\/\/www.suno.com.br\/noticias\/#organization","name":"Suno Not\u00edcias","url":"https:\/\/www.suno.com.br\/noticias\/","logo":{"@type":"ImageObject","inLanguage":"pt-BR","@id":"https:\/\/www.suno.com.br\/noticias\/#\/schema\/logo\/image\/","url":"https:\/\/files.sunoresearch.com.br\/n\/uploads\/2021\/09\/suno-logo.png","contentUrl":"https:\/\/files.sunoresearch.com.br\/n\/uploads\/2021\/09\/suno-logo.png","width":180,"height":180,"caption":"Suno Not\u00edcias"},"image":{"@id":"https:\/\/www.suno.com.br\/noticias\/#\/schema\/logo\/image\/"},"sameAs":["https:\/\/facebook.com\/sunoresearch","https:\/\/x.com\/sunoresearch","https:\/\/www.instagram.com\/suno","https:\/\/www.linkedin.com\/company\/suno-research\/","https:\/\/www.youtube.com\/c\/sunoresearch"]},{"@type":"Person","@id":"https:\/\/www.suno.com.br\/noticias\/#\/schema\/person\/098743caeed97b37f51315c9576c4078","name":"Rafael Lara","image":{"@type":"ImageObject","inLanguage":"pt-BR","@id":"https:\/\/www.suno.com.br\/noticias\/#\/schema\/person\/image\/","url":"https:\/\/secure.gravatar.com\/avatar\/dfc254ab9bb2ea1895d98b9e9dae4bdd?s=96&r=g","contentUrl":"https:\/\/secure.gravatar.com\/avatar\/dfc254ab9bb2ea1895d98b9e9dae4bdd?s=96&r=g","caption":"Rafael Lara"},"description":"Rafael Lara cursa jornalismo na Faculdade C\u00e1sper L\u00edbero. Escreve sobre pol\u00edtica, economia e neg\u00f3cios para o portal Suno Not\u00edcias. Antes, colaborou na TV Gazeta na produ\u00e7\u00e3o do programa Edi\u00e7\u00e3o Extra.","url":"https:\/\/www.suno.com.br\/noticias\/author\/rafael\/"}]}},"default_loop_html":"<div class=\"cardsPage__listCard__boxs\"><div class=\"cardsPage__listCard__boxs__img\"><a href=\"https:\/\/www.suno.com.br\/noticias\/elevacao-do-rating-e-prova-de-nossa-resiliencia-diz-diretor-da-unipar\/\"><img class=\"mask\" src=\"https:\/\/www.suno.com.br\/noticias\/wp-content\/themes\/suno\/resources\/images\/spotlight\/spotlight1img\/bg-mask.png\" alt=\"Image Mask\"\/><img src=\"https:\/\/files.sunoresearch.com.br\/n\/uploads\/2019\/12\/fad4e2d7-unipar-400x200.webp\" alt=\"Eleva\u00e7\u00e3o do rating \u00e9 prova de nossa resili\u00eancia, diz diretor da Unipar\"\/><\/a><span class=\"spotlightCategory\"><a href=\"https:\/\/www.suno.com.br\/noticias\/entrevistas\/\">Entrevistas<\/a><\/span><\/div><div class=\"cardsPage__listCard__boxs__content\"><a href=\"https:\/\/www.suno.com.br\/noticias\/elevacao-do-rating-e-prova-de-nossa-resiliencia-diz-diretor-da-unipar\/\"><h2 class=\"content__title\">Eleva\u00e7\u00e3o do rating \u00e9 prova de nossa resili\u00eancia, diz diretor da Unipar<\/h2><\/a><div class=\"newsContent__article__meta\"><div class=\"newsContent__article__meta__authorBox\"><a href=\"https:\/\/www.suno.com.br\/noticias\/author\/rafael\/\" class=\"authorBox__avatar noMobi\"><img src=\"https:\/\/secure.gravatar.com\/avatar\/dfc254ab9bb2ea1895d98b9e9dae4bdd?s=96&#038;r=g\" alt=\"Rafael Lara\"><\/a><div class=\"authorBox__name\"><span>por\n\t\t\t<a href=\"https:\/\/www.suno.com.br\/noticias\/author\/rafael\/\"><span itemprop=\"author\">Rafael Lara<\/span><\/a><\/span><time datetime=\"2019-12-20T17:11:08-03:00\" itemprop=\"datePublished\">20\/12\/2019 17:11<\/time><\/div><\/div><\/div><\/div><\/div>","single_layout":"posts","amp_enabled":true,"_links":{"self":[{"href":"https:\/\/www.suno.com.br\/noticias\/wp-json\/wp\/v2\/posts\/48580"}],"collection":[{"href":"https:\/\/www.suno.com.br\/noticias\/wp-json\/wp\/v2\/posts"}],"about":[{"href":"https:\/\/www.suno.com.br\/noticias\/wp-json\/wp\/v2\/types\/post"}],"author":[{"embeddable":true,"href":"https:\/\/www.suno.com.br\/noticias\/wp-json\/wp\/v2\/users\/23"}],"replies":[{"embeddable":true,"href":"https:\/\/www.suno.com.br\/noticias\/wp-json\/wp\/v2\/comments?post=48580"}],"version-history":[{"count":0,"href":"https:\/\/www.suno.com.br\/noticias\/wp-json\/wp\/v2\/posts\/48580\/revisions"}],"wp:featuredmedia":[{"embeddable":true,"href":"https:\/\/www.suno.com.br\/noticias\/wp-json\/wp\/v2\/media\/48584"}],"wp:attachment":[{"href":"https:\/\/www.suno.com.br\/noticias\/wp-json\/wp\/v2\/media?parent=48580"}],"wp:term":[{"taxonomy":"category","embeddable":true,"href":"https:\/\/www.suno.com.br\/noticias\/wp-json\/wp\/v2\/categories?post=48580"},{"taxonomy":"post_tag","embeddable":true,"href":"https:\/\/www.suno.com.br\/noticias\/wp-json\/wp\/v2\/tags?post=48580"},{"taxonomy":"suno_strategy","embeddable":true,"href":"https:\/\/www.suno.com.br\/noticias\/wp-json\/wp\/v2\/suno_strategy?post=48580"}],"curies":[{"name":"wp","href":"https:\/\/api.w.org\/{rel}","templated":true}]}}