{"id":48493,"date":"2019-12-20T11:39:59","date_gmt":"2019-12-20T13:39:59","guid":{"rendered":"https:\/\/www.suno.com.br\/noticias\/?p=48493"},"modified":"2019-12-20T11:39:59","modified_gmt":"2019-12-20T13:39:59","slug":"ipca-15-cresce-maior-taxa-para-o-mes-em-quatro-anos","status":"publish","type":"post","link":"https:\/\/www.suno.com.br\/noticias\/ipca-15-cresce-maior-taxa-para-o-mes-em-quatro-anos\/","title":{"rendered":"IPCA-15 cresce 1,05% em dezembro, maior taxa para o m\u00eas em quatro anos"},"content":{"rendered":"<p>Segundo o <strong>Instituto Brasileiro de Geografia e Estat\u00edstica<\/strong> (IBGE), o <strong>\u00cdndice Nacional de Pre\u00e7os ao Consumidor Amplo-15<\/strong> (IPCA-15), a pr\u00e9via da <a href=\"https:\/\/www.suno.com.br\/artigos\/inflacao\/\">infla\u00e7\u00e3o oficial do pa\u00eds<\/a>, terminou 2019 com um alta acumulada de 3,91%, frente aos 3,86% registrados no final do ano passado.<\/p>\t<div class=\"wrapper-featured-image\">\n\t\t<figure class=\"spotlightImg\">\n\n\t\t\t<picture>\n\t\t\t\t<source media=\"(max-width: 768px)\" srcset=\"https:\/\/files.sunoresearch.com.br\/n\/uploads\/2019\/02\/c981abde-infla\u00e7\u00e3o-e1743082614567-400x200.webp\">\n\t\t\t\t<img loading=\"lazy\" decoding=\"async\" class=\"newsContent__article__imgCapa lazyloadDisabled newsContent__article__imgCapa--noCaption\" src=\"https:\/\/files.sunoresearch.com.br\/n\/uploads\/2019\/02\/c981abde-infla\u00e7\u00e3o-e1743082614567-800x450.webp\" width=\"800\" height=\"450\" alt=\"IPCA-15 cresce 1,05% em dezembro, maior taxa para o m\u00eas em quatro anos\" fetchpriority=high \/>\n\t\t\t<\/picture>\n\n\t\t\t<figcaption class=\"wp-caption-text wp-caption-text--hide\">Minist\u00e9rio da Economia prev\u00ea alta da infla\u00e7\u00e3o<\/figcaption>\n\t\t<\/figure>\n\t<\/div>\n\n\n\n<p>Apenas neste m\u00eas, o <strong>IPCA-15<\/strong> subiu 1,05%, ap\u00f3s aumento de 0,14% no m\u00eas passado. Foi o maior resultado mensal desde junho de 2018, m\u00eas em que o \u00edndice cresceu 1,11%, e o maior para o m\u00eas de dezembro desde 2015, quando foi de 1,18%.<\/p>\n<p><a href=\"https:\/\/www.suno.com.br\/noticias\/banco-central-revisa-estimativas-economia\/\">Confira: Banco Central revisa estimativas para a economia de 2019 e 2020<\/a><\/p>\n<p>Dessa forma, a pr\u00e9via da infla\u00e7\u00e3o oficial terminou o ano abaixo do da meta estipulada, de 4,25%, com margem de 1,5 ponto percentual, para mais ou para menos. No entanto, a refer\u00eancia para o cumprimento da meta \u00e9 IPCA, a ser divulgado em janeiro.<\/p>\n<h2>IPCA-15 em grupos de produtos<\/h2>\n<p>Dos nove grupos de produtos e servi\u00e7os estudados, somente <strong>Artigos de resid\u00eancia<\/strong> apresentou uma queda nos pre\u00e7os (-0,84%) de novembro para dezembro. Dentre as altas, o destaque foi <strong>Alimenta\u00e7\u00e3o e bebidas<\/strong>, que apresentou uma varia\u00e7\u00e3o de 2,59%, e o maior impacto, de 0,63 ponto percentual (p.p.), no \u00edndice deste m\u00eas.<\/p>\n\t<p>\n\t\t<a href=\"https:\/\/lp2.suno.com.br\/pv\/bolsa-para-iniciantes?utm_campaign=_SNC757A2733_rs.mpr26---meu-primeiro-rendimento---venda---not\u00edcias&#038;utm_source=suno-not\u00edcias&#038;utm_medium=banner.noticias\" target=\"_blank\" data-element=\"shortcode-suno-banner\" title=\"Banner SUNO, clique e saiba mais\">\n\t\t\t<picture>\n\t\t\t\t<source media=\"(max-width: 500px)\" srcset=\"https:\/\/files.sunoresearch.com.br\/n\/uploads\/2026\/04\/400x300-Banner-Materias-01-png.webp\">\n\t\t\t\t<img class=\"newsContent__article__imgCapa newsContent__article__imgCapa--banner\"\n\t\t\t\t\tsrc=\"https:\/\/files.sunoresearch.com.br\/n\/uploads\/2026\/04\/1420x240-Banner-Materias-01-png.webp\"\n\t\t\t\t\tdata-promo-id=\"647482\"\t\t\t\t\t\t\t\t\t\twidth='1420' height='240'\t\t\t\t\talt=\"https:\/\/files.sunoresearch.com.br\/n\/uploads\/2026\/04\/1420x240-Banner-Materias-01-png.webp\"\n\t\t\t\t>\n\t\t\t<\/picture>\n\t\t<\/a>\n\t<\/p>\n\n\n<p>A segunda maior varia\u00e7\u00e3o ficou com o grupo <strong>Despesas pessoais<\/strong> (1,74%). Os pre\u00e7os aumentaram na compara\u00e7\u00e3o com novembro (0,40%). Os <strong>Transportes<\/strong> (0,90%) tamb\u00e9m aceleraram na compara\u00e7\u00e3o com o m\u00eas passado (0,30%), contribuindo com 0,16 p.p. no \u00edndice do m\u00eas. Os demais grupos ficaram entre o resultado de 0,09% registrado nos grupos <strong>Vestu\u00e1rio e Educa\u00e7\u00e3o<\/strong> e o 0,66% de <strong>Comunica\u00e7\u00e3o<\/strong>.<\/p>\n<p><a href=\"https:\/\/www.suno.com.br\/noticias\/imoveis-crescimento-pib-2020-bc\/\">Saiba mais: Im\u00f3veis devem puxar crescimento do PIB em 2020, diz BC<\/a><\/p>\n<p>O indicador refere-se \u00e0s fam\u00edlias com rendimento de um a 40 sal\u00e1rios m\u00ednimos e abrange as regi\u00f5es metropolitanas das seguintes capitais:<\/p>\n<ul>\n<li>Rio de Janeiro<\/li>\n<li>Porto Alegre<\/li>\n<li>Belo Horizonte<\/li>\n<li>Recife<\/li>\n<li>S\u00e3o Paulo<\/li>\n<li>Bel\u00e9m<\/li>\n<li>Fortaleza<\/li>\n<li>Salvador<\/li>\n<li>Curitiba<\/li>\n<li>Bras\u00edlia<\/li>\n<li>Goi\u00e2nia<\/li>\n<\/ul>\n<p>A metodologia utilizada no <strong>IPCA-15<\/strong> a mesma do <a href=\"https:\/\/www.suno.com.br\/artigos\/ipca\/\">IPCA<\/a>, considerada a infla\u00e7\u00e3o oficial do Brasil. A diferen\u00e7a est\u00e1 no per\u00edodo de pesquisa dos pre\u00e7os e na abrang\u00eancia geogr\u00e1fica.<\/p>\n\n","protected":false},"excerpt":{"rendered":"<p>Segundo o Instituto Brasileiro de Geografia e Estat\u00edstica (IBGE), o \u00cdndice Nacional de Pre\u00e7os ao Consumidor Amplo-15 (IPCA-15), a pr\u00e9via da infla\u00e7\u00e3o oficial do pa\u00eds, terminou 2019 com um alta acumulada de 3,91%, frente aos 3,86% registrados no final do ano passado. Minist\u00e9rio da Economia prev\u00ea alta da infla\u00e7\u00e3o Apenas neste m\u00eas, o IPCA-15 subiu [&hellip;]<\/p>\n","protected":false},"author":24,"featured_media":16197,"comment_status":"closed","ping_status":"closed","sticky":false,"template":"","format":"standard","meta":[],"categories":[62],"tags":[850,1361],"suno_strategy":[],"class_list":["post-48493","post","type-post","status-publish","format-standard","has-post-thumbnail","hentry","category-economia","tag-inflacao","tag-ipca-15"],"yoast_head":"<!-- This site is optimized with the Yoast SEO plugin v24.4 - https:\/\/yoast.com\/wordpress\/plugins\/seo\/ -->\n<title>IPCA-15 cresce 1,05%, maior taxa para dezembro desde 2015<\/title>\n<meta name=\"description\" content=\"Segundo o IBGE, o IPCA-15, pr\u00e9via da infla\u00e7\u00e3o oficial do pa\u00eds, terminou 2019 com um alta acumulada de 3,91%. Clique e saiba mais.\" \/>\n<meta name=\"robots\" content=\"index, follow, max-snippet:-1, max-image-preview:large, max-video-preview:-1\" \/>\n<link rel=\"canonical\" href=\"https:\/\/www.suno.com.br\/noticias\/ipca-15-cresce-maior-taxa-para-o-mes-em-quatro-anos\/\" \/>\n<meta property=\"og:locale\" content=\"pt_BR\" \/>\n<meta property=\"og:type\" content=\"article\" \/>\n<meta property=\"og:title\" content=\"IPCA-15 cresce 1,05%, maior taxa para dezembro desde 2015\" \/>\n<meta property=\"og:description\" content=\"Segundo o IBGE, o IPCA-15, pr\u00e9via da infla\u00e7\u00e3o oficial do pa\u00eds, terminou 2019 com um alta acumulada de 3,91%. Clique e saiba mais.\" \/>\n<meta property=\"og:url\" content=\"https:\/\/www.suno.com.br\/noticias\/ipca-15-cresce-maior-taxa-para-o-mes-em-quatro-anos\/\" \/>\n<meta property=\"og:site_name\" content=\"Suno Not\u00edcias\" \/>\n<meta property=\"article:publisher\" content=\"https:\/\/facebook.com\/sunoresearch\" \/>\n<meta property=\"og:image\" content=\"https:\/\/files.sunoresearch.com.br\/n\/uploads\/2019\/02\/c981abde-infla\u00e7\u00e3o.jpg\" \/>\n\t<meta property=\"og:image:width\" content=\"3216\" \/>\n\t<meta property=\"og:image:height\" content=\"2136\" \/>\n\t<meta property=\"og:image:type\" content=\"image\/jpeg\" \/>\n<meta name=\"author\" content=\"Jader Lazarini\" \/>\n<meta name=\"twitter:card\" content=\"summary_large_image\" \/>\n<meta name=\"twitter:creator\" content=\"@sunoresearch\" \/>\n<meta name=\"twitter:site\" content=\"@sunoresearch\" \/>\n<meta name=\"twitter:label1\" content=\"Escrito por\" \/>\n\t<meta name=\"twitter:data1\" content=\"Jader Lazarini\" \/>\n\t<meta name=\"twitter:label2\" content=\"Est. tempo de leitura\" \/>\n\t<meta name=\"twitter:data2\" content=\"2 minutos\" \/>\n<script type=\"application\/ld+json\" class=\"yoast-schema-graph\">{\"@context\":\"https:\/\/schema.org\",\"@graph\":[{\"@type\":\"NewsArticle\",\"@id\":\"https:\/\/www.suno.com.br\/noticias\/ipca-15-cresce-maior-taxa-para-o-mes-em-quatro-anos\/#article\",\"isPartOf\":{\"@id\":\"https:\/\/www.suno.com.br\/noticias\/ipca-15-cresce-maior-taxa-para-o-mes-em-quatro-anos\/\"},\"author\":{\"name\":\"Jader Lazarini\",\"@id\":\"https:\/\/www.suno.com.br\/noticias\/#\/schema\/person\/918d79de1f0281f01599b93f9ea6e23f\"},\"headline\":\"IPCA-15 cresce 1,05% em dezembro, maior taxa para o m\u00eas em quatro anos\",\"datePublished\":\"2019-12-20T13:39:59+00:00\",\"mainEntityOfPage\":{\"@id\":\"https:\/\/www.suno.com.br\/noticias\/ipca-15-cresce-maior-taxa-para-o-mes-em-quatro-anos\/\"},\"wordCount\":378,\"publisher\":{\"@id\":\"https:\/\/www.suno.com.br\/noticias\/#organization\"},\"image\":{\"@id\":\"https:\/\/www.suno.com.br\/noticias\/ipca-15-cresce-maior-taxa-para-o-mes-em-quatro-anos\/#primaryimage\"},\"thumbnailUrl\":\"https:\/\/files.sunoresearch.com.br\/n\/uploads\/2019\/02\/c981abde-infla\u00e7\u00e3o-e1743082614567-jpg.webp\",\"keywords\":[\"infla\u00e7\u00e3o\",\"IPCA-15\"],\"articleSection\":[\"Economia\"],\"inLanguage\":\"pt-BR\"},{\"@type\":\"WebPage\",\"@id\":\"https:\/\/www.suno.com.br\/noticias\/ipca-15-cresce-maior-taxa-para-o-mes-em-quatro-anos\/\",\"url\":\"https:\/\/www.suno.com.br\/noticias\/ipca-15-cresce-maior-taxa-para-o-mes-em-quatro-anos\/\",\"name\":\"IPCA-15 cresce 1,05%, maior taxa para dezembro desde 2015\",\"isPartOf\":{\"@id\":\"https:\/\/www.suno.com.br\/noticias\/#website\"},\"primaryImageOfPage\":{\"@id\":\"https:\/\/www.suno.com.br\/noticias\/ipca-15-cresce-maior-taxa-para-o-mes-em-quatro-anos\/#primaryimage\"},\"image\":{\"@id\":\"https:\/\/www.suno.com.br\/noticias\/ipca-15-cresce-maior-taxa-para-o-mes-em-quatro-anos\/#primaryimage\"},\"thumbnailUrl\":\"https:\/\/files.sunoresearch.com.br\/n\/uploads\/2019\/02\/c981abde-infla\u00e7\u00e3o-e1743082614567-jpg.webp\",\"datePublished\":\"2019-12-20T13:39:59+00:00\",\"description\":\"Segundo o IBGE, o IPCA-15, pr\u00e9via da infla\u00e7\u00e3o oficial do pa\u00eds, terminou 2019 com um alta acumulada de 3,91%. Clique e saiba mais.\",\"breadcrumb\":{\"@id\":\"https:\/\/www.suno.com.br\/noticias\/ipca-15-cresce-maior-taxa-para-o-mes-em-quatro-anos\/#breadcrumb\"},\"inLanguage\":\"pt-BR\",\"potentialAction\":[{\"@type\":\"ReadAction\",\"target\":[\"https:\/\/www.suno.com.br\/noticias\/ipca-15-cresce-maior-taxa-para-o-mes-em-quatro-anos\/\"]}]},{\"@type\":\"ImageObject\",\"inLanguage\":\"pt-BR\",\"@id\":\"https:\/\/www.suno.com.br\/noticias\/ipca-15-cresce-maior-taxa-para-o-mes-em-quatro-anos\/#primaryimage\",\"url\":\"https:\/\/files.sunoresearch.com.br\/n\/uploads\/2019\/02\/c981abde-infla\u00e7\u00e3o-e1743082614567-jpg.webp\",\"contentUrl\":\"https:\/\/files.sunoresearch.com.br\/n\/uploads\/2019\/02\/c981abde-infla\u00e7\u00e3o-e1743082614567-jpg.webp\",\"width\":1300,\"height\":863,\"caption\":\"Minist\u00e9rio da Economia prev\u00ea alta da infla\u00e7\u00e3o\"},{\"@type\":\"BreadcrumbList\",\"@id\":\"https:\/\/www.suno.com.br\/noticias\/ipca-15-cresce-maior-taxa-para-o-mes-em-quatro-anos\/#breadcrumb\",\"itemListElement\":[{\"@type\":\"ListItem\",\"position\":1,\"name\":\"Not\u00edcias\",\"item\":\"https:\/\/www.suno.com.br\/noticias\/\"},{\"@type\":\"ListItem\",\"position\":2,\"name\":\"Economia\",\"item\":\"https:\/\/www.suno.com.br\/noticias\/economia\/\"},{\"@type\":\"ListItem\",\"position\":3,\"name\":\"IPCA-15 cresce 1,05% em dezembro, maior taxa para o m\u00eas em quatro anos\"}]},{\"@type\":\"WebSite\",\"@id\":\"https:\/\/www.suno.com.br\/noticias\/#website\",\"url\":\"https:\/\/www.suno.com.br\/noticias\/\",\"name\":\"Suno Not\u00edcias\",\"description\":\"Seu portal de informa\u00e7\u00e3o sobre o mundo dos investimentos\",\"publisher\":{\"@id\":\"https:\/\/www.suno.com.br\/noticias\/#organization\"},\"potentialAction\":[{\"@type\":\"SearchAction\",\"target\":{\"@type\":\"EntryPoint\",\"urlTemplate\":\"https:\/\/www.suno.com.br\/noticias\/?s={search_term_string}\"},\"query-input\":{\"@type\":\"PropertyValueSpecification\",\"valueRequired\":true,\"valueName\":\"search_term_string\"}}],\"inLanguage\":\"pt-BR\"},{\"@type\":\"Organization\",\"@id\":\"https:\/\/www.suno.com.br\/noticias\/#organization\",\"name\":\"Suno Not\u00edcias\",\"url\":\"https:\/\/www.suno.com.br\/noticias\/\",\"logo\":{\"@type\":\"ImageObject\",\"inLanguage\":\"pt-BR\",\"@id\":\"https:\/\/www.suno.com.br\/noticias\/#\/schema\/logo\/image\/\",\"url\":\"https:\/\/files.sunoresearch.com.br\/n\/uploads\/2021\/09\/suno-logo.png\",\"contentUrl\":\"https:\/\/files.sunoresearch.com.br\/n\/uploads\/2021\/09\/suno-logo.png\",\"width\":180,\"height\":180,\"caption\":\"Suno Not\u00edcias\"},\"image\":{\"@id\":\"https:\/\/www.suno.com.br\/noticias\/#\/schema\/logo\/image\/\"},\"sameAs\":[\"https:\/\/facebook.com\/sunoresearch\",\"https:\/\/x.com\/sunoresearch\",\"https:\/\/www.instagram.com\/suno\",\"https:\/\/www.linkedin.com\/company\/suno-research\/\",\"https:\/\/www.youtube.com\/c\/sunoresearch\"]},{\"@type\":\"Person\",\"@id\":\"https:\/\/www.suno.com.br\/noticias\/#\/schema\/person\/918d79de1f0281f01599b93f9ea6e23f\",\"name\":\"Jader Lazarini\",\"image\":{\"@type\":\"ImageObject\",\"inLanguage\":\"pt-BR\",\"@id\":\"https:\/\/www.suno.com.br\/noticias\/#\/schema\/person\/image\/\",\"url\":\"https:\/\/secure.gravatar.com\/avatar\/3c1ad8caa51589841baeb923fcddea97?s=96&r=g\",\"contentUrl\":\"https:\/\/secure.gravatar.com\/avatar\/3c1ad8caa51589841baeb923fcddea97?s=96&r=g\",\"caption\":\"Jader Lazarini\"},\"description\":\"Jader Lazarini escreve sobre investimentos, finan\u00e7as, economia e neg\u00f3cios. \u00c9 bacharel em Rela\u00e7\u00f5es Internacionais e analista CNPI (2619).\",\"url\":\"https:\/\/www.suno.com.br\/noticias\/author\/jader-lazarini\/\"}]}<\/script>\n<!-- \/ Yoast SEO plugin. -->","yoast_head_json":{"title":"IPCA-15 cresce 1,05%, maior taxa para dezembro desde 2015","description":"Segundo o IBGE, o IPCA-15, pr\u00e9via da infla\u00e7\u00e3o oficial do pa\u00eds, terminou 2019 com um alta acumulada de 3,91%. Clique e saiba mais.","robots":{"index":"index","follow":"follow","max-snippet":"max-snippet:-1","max-image-preview":"max-image-preview:large","max-video-preview":"max-video-preview:-1"},"canonical":"https:\/\/www.suno.com.br\/noticias\/ipca-15-cresce-maior-taxa-para-o-mes-em-quatro-anos\/","og_locale":"pt_BR","og_type":"article","og_title":"IPCA-15 cresce 1,05%, maior taxa para dezembro desde 2015","og_description":"Segundo o IBGE, o IPCA-15, pr\u00e9via da infla\u00e7\u00e3o oficial do pa\u00eds, terminou 2019 com um alta acumulada de 3,91%. Clique e saiba mais.","og_url":"https:\/\/www.suno.com.br\/noticias\/ipca-15-cresce-maior-taxa-para-o-mes-em-quatro-anos\/","og_site_name":"Suno Not\u00edcias","article_publisher":"https:\/\/facebook.com\/sunoresearch","og_image":[{"width":3216,"height":2136,"url":"https:\/\/files.sunoresearch.com.br\/n\/uploads\/2019\/02\/c981abde-infla\u00e7\u00e3o.jpg","type":"image\/jpeg"}],"author":"Jader Lazarini","twitter_card":"summary_large_image","twitter_creator":"@sunoresearch","twitter_site":"@sunoresearch","twitter_misc":{"Escrito por":"Jader Lazarini","Est. tempo de leitura":"2 minutos"},"schema":{"@context":"https:\/\/schema.org","@graph":[{"@type":"NewsArticle","@id":"https:\/\/www.suno.com.br\/noticias\/ipca-15-cresce-maior-taxa-para-o-mes-em-quatro-anos\/#article","isPartOf":{"@id":"https:\/\/www.suno.com.br\/noticias\/ipca-15-cresce-maior-taxa-para-o-mes-em-quatro-anos\/"},"author":{"name":"Jader Lazarini","@id":"https:\/\/www.suno.com.br\/noticias\/#\/schema\/person\/918d79de1f0281f01599b93f9ea6e23f"},"headline":"IPCA-15 cresce 1,05% em dezembro, maior taxa para o m\u00eas em quatro anos","datePublished":"2019-12-20T13:39:59+00:00","mainEntityOfPage":{"@id":"https:\/\/www.suno.com.br\/noticias\/ipca-15-cresce-maior-taxa-para-o-mes-em-quatro-anos\/"},"wordCount":378,"publisher":{"@id":"https:\/\/www.suno.com.br\/noticias\/#organization"},"image":{"@id":"https:\/\/www.suno.com.br\/noticias\/ipca-15-cresce-maior-taxa-para-o-mes-em-quatro-anos\/#primaryimage"},"thumbnailUrl":"https:\/\/files.sunoresearch.com.br\/n\/uploads\/2019\/02\/c981abde-infla\u00e7\u00e3o-e1743082614567-jpg.webp","keywords":["infla\u00e7\u00e3o","IPCA-15"],"articleSection":["Economia"],"inLanguage":"pt-BR"},{"@type":"WebPage","@id":"https:\/\/www.suno.com.br\/noticias\/ipca-15-cresce-maior-taxa-para-o-mes-em-quatro-anos\/","url":"https:\/\/www.suno.com.br\/noticias\/ipca-15-cresce-maior-taxa-para-o-mes-em-quatro-anos\/","name":"IPCA-15 cresce 1,05%, maior taxa para dezembro desde 2015","isPartOf":{"@id":"https:\/\/www.suno.com.br\/noticias\/#website"},"primaryImageOfPage":{"@id":"https:\/\/www.suno.com.br\/noticias\/ipca-15-cresce-maior-taxa-para-o-mes-em-quatro-anos\/#primaryimage"},"image":{"@id":"https:\/\/www.suno.com.br\/noticias\/ipca-15-cresce-maior-taxa-para-o-mes-em-quatro-anos\/#primaryimage"},"thumbnailUrl":"https:\/\/files.sunoresearch.com.br\/n\/uploads\/2019\/02\/c981abde-infla\u00e7\u00e3o-e1743082614567-jpg.webp","datePublished":"2019-12-20T13:39:59+00:00","description":"Segundo o IBGE, o IPCA-15, pr\u00e9via da infla\u00e7\u00e3o oficial do pa\u00eds, terminou 2019 com um alta acumulada de 3,91%. Clique e saiba mais.","breadcrumb":{"@id":"https:\/\/www.suno.com.br\/noticias\/ipca-15-cresce-maior-taxa-para-o-mes-em-quatro-anos\/#breadcrumb"},"inLanguage":"pt-BR","potentialAction":[{"@type":"ReadAction","target":["https:\/\/www.suno.com.br\/noticias\/ipca-15-cresce-maior-taxa-para-o-mes-em-quatro-anos\/"]}]},{"@type":"ImageObject","inLanguage":"pt-BR","@id":"https:\/\/www.suno.com.br\/noticias\/ipca-15-cresce-maior-taxa-para-o-mes-em-quatro-anos\/#primaryimage","url":"https:\/\/files.sunoresearch.com.br\/n\/uploads\/2019\/02\/c981abde-infla\u00e7\u00e3o-e1743082614567-jpg.webp","contentUrl":"https:\/\/files.sunoresearch.com.br\/n\/uploads\/2019\/02\/c981abde-infla\u00e7\u00e3o-e1743082614567-jpg.webp","width":1300,"height":863,"caption":"Minist\u00e9rio da Economia prev\u00ea alta da infla\u00e7\u00e3o"},{"@type":"BreadcrumbList","@id":"https:\/\/www.suno.com.br\/noticias\/ipca-15-cresce-maior-taxa-para-o-mes-em-quatro-anos\/#breadcrumb","itemListElement":[{"@type":"ListItem","position":1,"name":"Not\u00edcias","item":"https:\/\/www.suno.com.br\/noticias\/"},{"@type":"ListItem","position":2,"name":"Economia","item":"https:\/\/www.suno.com.br\/noticias\/economia\/"},{"@type":"ListItem","position":3,"name":"IPCA-15 cresce 1,05% em dezembro, maior taxa para o m\u00eas em quatro anos"}]},{"@type":"WebSite","@id":"https:\/\/www.suno.com.br\/noticias\/#website","url":"https:\/\/www.suno.com.br\/noticias\/","name":"Suno Not\u00edcias","description":"Seu portal de informa\u00e7\u00e3o sobre o mundo dos investimentos","publisher":{"@id":"https:\/\/www.suno.com.br\/noticias\/#organization"},"potentialAction":[{"@type":"SearchAction","target":{"@type":"EntryPoint","urlTemplate":"https:\/\/www.suno.com.br\/noticias\/?s={search_term_string}"},"query-input":{"@type":"PropertyValueSpecification","valueRequired":true,"valueName":"search_term_string"}}],"inLanguage":"pt-BR"},{"@type":"Organization","@id":"https:\/\/www.suno.com.br\/noticias\/#organization","name":"Suno Not\u00edcias","url":"https:\/\/www.suno.com.br\/noticias\/","logo":{"@type":"ImageObject","inLanguage":"pt-BR","@id":"https:\/\/www.suno.com.br\/noticias\/#\/schema\/logo\/image\/","url":"https:\/\/files.sunoresearch.com.br\/n\/uploads\/2021\/09\/suno-logo.png","contentUrl":"https:\/\/files.sunoresearch.com.br\/n\/uploads\/2021\/09\/suno-logo.png","width":180,"height":180,"caption":"Suno Not\u00edcias"},"image":{"@id":"https:\/\/www.suno.com.br\/noticias\/#\/schema\/logo\/image\/"},"sameAs":["https:\/\/facebook.com\/sunoresearch","https:\/\/x.com\/sunoresearch","https:\/\/www.instagram.com\/suno","https:\/\/www.linkedin.com\/company\/suno-research\/","https:\/\/www.youtube.com\/c\/sunoresearch"]},{"@type":"Person","@id":"https:\/\/www.suno.com.br\/noticias\/#\/schema\/person\/918d79de1f0281f01599b93f9ea6e23f","name":"Jader Lazarini","image":{"@type":"ImageObject","inLanguage":"pt-BR","@id":"https:\/\/www.suno.com.br\/noticias\/#\/schema\/person\/image\/","url":"https:\/\/secure.gravatar.com\/avatar\/3c1ad8caa51589841baeb923fcddea97?s=96&r=g","contentUrl":"https:\/\/secure.gravatar.com\/avatar\/3c1ad8caa51589841baeb923fcddea97?s=96&r=g","caption":"Jader Lazarini"},"description":"Jader Lazarini escreve sobre investimentos, finan\u00e7as, economia e neg\u00f3cios. \u00c9 bacharel em Rela\u00e7\u00f5es Internacionais e analista CNPI (2619).","url":"https:\/\/www.suno.com.br\/noticias\/author\/jader-lazarini\/"}]}},"default_loop_html":"<div class=\"cardsPage__listCard__boxs\"><div class=\"cardsPage__listCard__boxs__img\"><a href=\"https:\/\/www.suno.com.br\/noticias\/ipca-15-cresce-maior-taxa-para-o-mes-em-quatro-anos\/\"><img class=\"mask\" src=\"https:\/\/www.suno.com.br\/noticias\/wp-content\/themes\/suno\/resources\/images\/spotlight\/spotlight1img\/bg-mask.png\" alt=\"Image Mask\"\/><img src=\"https:\/\/files.sunoresearch.com.br\/n\/uploads\/2019\/02\/c981abde-infla\u00e7\u00e3o-e1743082614567-400x200.webp\" alt=\"IPCA-15 cresce 1,05% em dezembro, maior taxa para o m\u00eas em quatro anos\"\/><\/a><span class=\"spotlightCategory\"><a href=\"https:\/\/www.suno.com.br\/noticias\/economia\/\">Economia<\/a><\/span><\/div><div class=\"cardsPage__listCard__boxs__content\"><a href=\"https:\/\/www.suno.com.br\/noticias\/ipca-15-cresce-maior-taxa-para-o-mes-em-quatro-anos\/\"><h2 class=\"content__title\">IPCA-15 cresce 1,05% em dezembro, maior taxa para o m\u00eas em quatro anos<\/h2><\/a><div class=\"newsContent__article__meta\"><div class=\"newsContent__article__meta__authorBox\"><a href=\"https:\/\/www.suno.com.br\/noticias\/author\/jader-lazarini\/\" class=\"authorBox__avatar noMobi\"><img src=\"https:\/\/files.sunoresearch.com.br\/n\/uploads\/2021\/01\/178e6598-foto-perfil-2-150x150.jpg\" alt=\"Jader Lazarini\"><\/a><div class=\"authorBox__name\"><span>por\n\t\t\t<a href=\"https:\/\/www.suno.com.br\/noticias\/author\/jader-lazarini\/\"><span itemprop=\"author\">Jader Lazarini<\/span><\/a><\/span><time datetime=\"2019-12-20T11:39:59-03:00\" itemprop=\"datePublished\">20\/12\/2019 11:39<\/time><\/div><\/div><\/div><\/div><\/div>","single_layout":"posts","amp_enabled":true,"_links":{"self":[{"href":"https:\/\/www.suno.com.br\/noticias\/wp-json\/wp\/v2\/posts\/48493"}],"collection":[{"href":"https:\/\/www.suno.com.br\/noticias\/wp-json\/wp\/v2\/posts"}],"about":[{"href":"https:\/\/www.suno.com.br\/noticias\/wp-json\/wp\/v2\/types\/post"}],"author":[{"embeddable":true,"href":"https:\/\/www.suno.com.br\/noticias\/wp-json\/wp\/v2\/users\/24"}],"replies":[{"embeddable":true,"href":"https:\/\/www.suno.com.br\/noticias\/wp-json\/wp\/v2\/comments?post=48493"}],"version-history":[{"count":0,"href":"https:\/\/www.suno.com.br\/noticias\/wp-json\/wp\/v2\/posts\/48493\/revisions"}],"wp:featuredmedia":[{"embeddable":true,"href":"https:\/\/www.suno.com.br\/noticias\/wp-json\/wp\/v2\/media\/16197"}],"wp:attachment":[{"href":"https:\/\/www.suno.com.br\/noticias\/wp-json\/wp\/v2\/media?parent=48493"}],"wp:term":[{"taxonomy":"category","embeddable":true,"href":"https:\/\/www.suno.com.br\/noticias\/wp-json\/wp\/v2\/categories?post=48493"},{"taxonomy":"post_tag","embeddable":true,"href":"https:\/\/www.suno.com.br\/noticias\/wp-json\/wp\/v2\/tags?post=48493"},{"taxonomy":"suno_strategy","embeddable":true,"href":"https:\/\/www.suno.com.br\/noticias\/wp-json\/wp\/v2\/suno_strategy?post=48493"}],"curies":[{"name":"wp","href":"https:\/\/api.w.org\/{rel}","templated":true}]}}