{"id":484774,"date":"2023-11-13T08:40:28","date_gmt":"2023-11-13T11:40:28","guid":{"rendered":"https:\/\/www.suno.com.br\/noticias\/?p=484774"},"modified":"2023-11-13T08:40:30","modified_gmt":"2023-11-13T11:40:30","slug":"agenda-ofertas-fundos-imobiliarios-galg11-novembro-cpf","status":"publish","type":"post","link":"https:\/\/www.suno.com.br\/noticias\/agenda-ofertas-fundos-imobiliarios-galg11-novembro-cpf\/","title":{"rendered":"RBVA11 e GALG11: Agenda de ofertas de fundos imobili\u00e1rios desta semana"},"content":{"rendered":"<p>Entre os destaques do mercado de <strong>fundos imobili\u00e1rios<\/strong> desta semana est\u00e1 o FII <a class=\"suno-keyword\" target=\"_blank\" data-force=\"yes\" data-priority=\"2\" href=\"https:\/\/www.suno.com.br\/fundos-imobiliarios\/galg11\/\" rel=\"noopener\">GALG11<\/a>, que est\u00e1 preparando emiss\u00f5es de cotas.<\/p>\t<div class=\"wrapper-featured-image\">\n\t\t<figure class=\"spotlightImg\">\n\n\t\t\t<picture>\n\t\t\t\t<source media=\"(max-width: 768px)\" srcset=\"https:\/\/files.sunoresearch.com.br\/n\/uploads\/2021\/04\/dbfc32e7-architecture-1869211_1280-400x200.webp\">\n\t\t\t\t<img loading=\"lazy\" decoding=\"async\" class=\"newsContent__article__imgCapa lazyloadDisabled \" src=\"https:\/\/files.sunoresearch.com.br\/n\/uploads\/2021\/04\/dbfc32e7-architecture-1869211_1280-800x450.webp\" width=\"800\" height=\"450\" alt=\"RBVA11 e GALG11: Agenda de ofertas de fundos imobili\u00e1rios desta semana\" fetchpriority=high \/>\n\t\t\t<\/picture>\n\n\t\t\t<figcaption class=\"wp-caption-text wp-caption-text--show\">Fundo Imobili\u00e1rio BBIG11 ir\u00e1 pagar dividendos - Foto: Pixabay<\/figcaption>\n\t\t<\/figure>\n\t<\/div>\n\n\n\n\n\n\t<p>\n\t\t<a href=\"\" target=\"_blank\" data-element=\"shortcode-suno-banner\" title=\"Banner SUNO, clique e saiba mais\">\n\t\t\t<picture>\n\t\t\t\t<source media=\"(max-width: 500px)\" srcset=\"\">\n\t\t\t\t<img class=\"newsContent__article__imgCapa newsContent__article__imgCapa--banner\"\n\t\t\t\t\tsrc=\"\"\n\t\t\t\t\tdata-promo-id=\"77050\"\t\t\t\t\t\t\t\t\t\t\t\t\t\t\talt=\"\"\n\t\t\t\t>\n\t\t\t<\/picture>\n\t\t<\/a>\n\t<\/p>\n\n\n\n\n\n<p>Para n\u00e3o perder os prazos de prefer\u00eancia das emiss\u00f5es dos<strong> fundos imobili\u00e1rios<\/strong>, o investidor deve ficar atento ao in\u00edcio dos per\u00edodos de prefer\u00eancia.<\/p>\n\n\n\n<p>Confira a agenda de <strong>ofertas de FIIs<\/strong> desta semana:<\/p>\n\n\n\n<h2 class=\"wp-block-heading\">Per\u00edodos de sobra de ofertas de FII que come\u00e7am essa semana<\/h2>\n\n\n\n<p><strong>GALG11<\/strong><\/p>\n\n\n\n<p>O FII GALG11 \u00e9 um fundo de Im\u00f3veis Industriais e Log\u00edsticos, com investimentos em Fundo de Tijolo.<\/p>\n\n\n\n<p>Essa \u00e9 a 5\u00aa emiss\u00e3o de cotas do fundo imobili\u00e1rio <a class=\"suno-keyword\" target=\"_blank\" data-force=\"yes\" data-priority=\"2\" href=\"https:\/\/www.suno.com.br\/fundos-imobiliarios\/galg11\/\" rel=\"noopener\">GALG11<\/a>, que est\u00e1 ofertando 68.380.745 novas cotas.<\/p>\n\n\n\n<p>A oferta p\u00fablica quer captar R$ 625.000.009,30.<\/p>\n\n\n\n<ul class=\"wp-block-list\">\n<li>A data de prefer\u00eancia ficou definida de 14\/11\/2023 a 16\/11\/2023.<\/li>\n\n\n\n<li>A propor\u00e7\u00e3o do per\u00edodo de prefer\u00eancia soma 95,16.<\/li>\n\n\n\n<li>A taxa de emiss\u00e3o ficou em 4,60% e o coordenador-l\u00edder \u00e9 XP.<\/li>\n<\/ul>\n\n\n\n<h2 class=\"wp-block-heading\">Fim do per\u00edodo de sobra de ofertas de fundos imobili\u00e1rios<\/h2>\n\n\n\n<p><strong>GALG11<\/strong><\/p>\n\n\n\n<p>O FII GALG11 \u00e9 um fundo de Im\u00f3veis Industriais e Log\u00edsticos, com investimentos em Fundo de Tijolo.<\/p>\n\n\n\n<p>Essa \u00e9 a 5\u00aa emiss\u00e3o de cotas do fundo imobili\u00e1rio <a class=\"suno-keyword\" target=\"_blank\" data-force=\"yes\" data-priority=\"2\" href=\"https:\/\/www.suno.com.br\/fundos-imobiliarios\/galg11\/\" rel=\"noopener\">GALG11<\/a>, que est\u00e1 ofertando 68.380.745 novas cotas.<\/p>\n\n\n\n<ul class=\"wp-block-list\">\n<li>A oferta p\u00fablica quer captar R$ 625.000.009,30.A data de prefer\u00eancia ficou definida de 14\/11\/2023 a 16\/11\/2023.<\/li>\n\n\n\n<li>A propor\u00e7\u00e3o do per\u00edodo de prefer\u00eancia soma 95,16.<\/li>\n\n\n\n<li>A taxa de emiss\u00e3o ficou em 4,60% e o coordenador-l\u00edder \u00e9 XP.<\/li>\n<\/ul>\n\n\n\n<h2 class=\"wp-block-heading\">In\u00edcio do per\u00edodo de oferta p\u00fablica de FIIs<\/h2>\n\n\n\n<p>N\u00e3o est\u00e1 agendado para esta semana o in\u00edcio de oferta p\u00fablica de FIIs.<\/p>\n\n\n\n<h2 class=\"wp-block-heading\">Fim do per\u00edodo de ofertas p\u00fablica de FIIs<\/h2>\n\n\n\n<p><strong>RBVA11<\/strong><\/p>\n\n\n\n<p>O FII <a class=\"suno-keyword\" target=\"_blank\" data-force=\"yes\" data-priority=\"2\" href=\"https:\/\/www.suno.com.br\/fundos-imobiliarios\/rbva11\/\" rel=\"noopener\">RBVA11<\/a> \u00e9 um fundo de Varejo, com investimentos em Fundo de Tijolo.<\/p>\n\n\n\n<p>Essa \u00e9 a 4\u00aa emiss\u00e3o de cotas do fundo imobili\u00e1rio RBVA11, que est\u00e1 ofertando 3.468.368 novas cotas.<\/p>\n\n\n\n<p>A oferta p\u00fablica quer captar R$ 374.999.948,16.<\/p>\n\n\n\n<ul class=\"wp-block-list\">\n<li>A data de prefer\u00eancia ficou definida de 02\/10\/2023 a 20\/10\/2023.<\/li>\n\n\n\n<li>A propor\u00e7\u00e3o do per\u00edodo de prefer\u00eancia soma 23,94.<\/li>\n\n\n\n<li>A taxa de emiss\u00e3o ficou em 3,72% e o coordenador-l\u00edder \u00e9 Rio Bravo.<\/li>\n<\/ul>\n\n\n\n<h2 class=\"wp-block-heading\">Emiss\u00f5es de FIIs<\/h2>\n\n\n\n<p>Emitir <strong>novas cotas<\/strong> \u00e9 um movimento muito comum entre fundos imobili\u00e1rios. Normalmente, essa opera\u00e7\u00e3o ocorre quando um FII deseja aumentar seu capital, ou ent\u00e3o quando est\u00e1 sendo estruturado.<\/p>\n\n\n\n<p>Para isso, o fundo emite novas cotas e as vende. Com o dinheiro oriundo da oferta, o FII pode investir em novos ativos ou reformar os que est\u00e3o em seu portf\u00f3lio.<\/p>\n\n\n\n<p>Esta mat\u00e9ria n\u00e3o \u00e9 uma recomenda\u00e7\u00e3o de<strong> investimento em Fundos imobili\u00e1rios.<\/strong> Antes de qualquer investimento em <a class=\"suno-keyword\" target=\"_blank\" data-force=\"no\" data-priority=\"2\" href=\"https:\/\/www.suno.com.br\/artigos\/renda-variavel-7-dicas\/\" rel=\"noopener\">renda vari\u00e1vel<\/a> \u00e9 importante ressaltar que quitar as d\u00edvidas e fazer uma reserva de emerg\u00eancia deve sempre ser a prioridade.<\/p>\n\n\n\n<p>Os analistas da SUNO Research sempre salientam que \u00e9 necess\u00e1rio antes poupar dinheiro para depois investir, e nunca se endividar para investir ou investir endividado.<\/p>\n\n\n\t<p>\n\t\t<a href=\"https:\/\/lp.suno.com.br\/ebook-como-analisar-uma-acao\/\" target=\"_blank\" data-element=\"shortcode-suno-banner\" title=\"Banner SUNO, clique e saiba mais\">\n\t\t\t<picture>\n\t\t\t\t<source media=\"(max-width: 500px)\" srcset=\"https:\/\/files.sunoresearch.com.br\/n\/uploads\/2023\/03\/Ebook-Acoes-Mobile-1.jpg\">\n\t\t\t\t<img class=\"newsContent__article__imgCapa newsContent__article__imgCapa--banner\"\n\t\t\t\t\tsrc=\"https:\/\/files.sunoresearch.com.br\/n\/uploads\/2023\/03\/Ebook-Acoes-Desktop-1.jpg\"\n\t\t\t\t\tdata-promo-id=\"171998\"\t\t\t\t\t\t\t\t\t\twidth='1420' height='286'\t\t\t\t\talt=\"https:\/\/files.sunoresearch.com.br\/n\/uploads\/2023\/03\/Ebook-Acoes-Desktop-1.jpg\"\n\t\t\t\t>\n\t\t\t<\/picture>\n\t\t<\/a>\n\t<\/p>\n\n\n","protected":false},"excerpt":{"rendered":"<p>Entre os destaques do mercado de fundos imobili\u00e1rios desta semana est\u00e1 o FII GALG11, que est\u00e1 preparando emiss\u00f5es de cotas. Fundo Imobili\u00e1rio BBIG11 ir\u00e1 pagar dividendos &#8211; Foto: Pixabay Para n\u00e3o perder os prazos de prefer\u00eancia das emiss\u00f5es dos fundos imobili\u00e1rios, o investidor deve ficar atento ao in\u00edcio dos per\u00edodos de prefer\u00eancia. Confira a agenda [&hellip;]<\/p>\n","protected":false},"author":283,"featured_media":136578,"comment_status":"closed","ping_status":"closed","sticky":false,"template":"","format":"standard","meta":[],"categories":[66],"tags":[315,72880],"suno_strategy":[],"class_list":["post-484774","post","type-post","status-publish","format-standard","has-post-thumbnail","hentry","category-fiis","tag-fundos-imobiliarios-fiis","tag-rbva11"],"yoast_head":"<!-- This site is optimized with the Yoast SEO plugin v24.4 - https:\/\/yoast.com\/wordpress\/plugins\/seo\/ -->\n<title>Fundos imobili\u00e1rios: Veja a agenda de ofertas desta semana<\/title>\n<meta name=\"description\" content=\"Entre os destaques da agenda de ofertas do mercado de fundos imobili\u00e1rios desta semana est\u00e3o os FIIs GALG11 e RBVA11.\" \/>\n<meta name=\"robots\" content=\"index, follow, max-snippet:-1, max-image-preview:large, max-video-preview:-1\" \/>\n<link rel=\"canonical\" href=\"https:\/\/www.suno.com.br\/noticias\/agenda-ofertas-fundos-imobiliarios-galg11-novembro-cpf\/\" \/>\n<meta property=\"og:locale\" content=\"pt_BR\" \/>\n<meta property=\"og:type\" content=\"article\" \/>\n<meta property=\"og:title\" content=\"Fundos imobili\u00e1rios: Veja a agenda de ofertas desta semana\" \/>\n<meta property=\"og:description\" content=\"Entre os destaques da agenda de ofertas do mercado de fundos imobili\u00e1rios desta semana est\u00e3o os FIIs GALG11 e RBVA11.\" \/>\n<meta property=\"og:url\" content=\"https:\/\/www.suno.com.br\/noticias\/agenda-ofertas-fundos-imobiliarios-galg11-novembro-cpf\/\" \/>\n<meta property=\"og:site_name\" content=\"Suno Not\u00edcias\" \/>\n<meta property=\"article:publisher\" content=\"https:\/\/facebook.com\/sunoresearch\" \/>\n<meta property=\"og:image\" content=\"https:\/\/files.sunoresearch.com.br\/n\/uploads\/2021\/04\/dbfc32e7-architecture-1869211_1280.jpg\" \/>\n\t<meta property=\"og:image:width\" content=\"1280\" \/>\n\t<meta property=\"og:image:height\" content=\"787\" \/>\n\t<meta property=\"og:image:type\" content=\"image\/jpeg\" \/>\n<meta name=\"author\" content=\"Camila Paim\" \/>\n<meta name=\"twitter:card\" content=\"summary_large_image\" \/>\n<meta name=\"twitter:creator\" content=\"@sunoresearch\" \/>\n<meta name=\"twitter:site\" content=\"@sunoresearch\" \/>\n<meta name=\"twitter:label1\" content=\"Escrito por\" \/>\n\t<meta name=\"twitter:data1\" content=\"Camila Paim\" \/>\n\t<meta name=\"twitter:label2\" content=\"Est. tempo de leitura\" \/>\n\t<meta name=\"twitter:data2\" content=\"3 minutos\" \/>\n<script type=\"application\/ld+json\" class=\"yoast-schema-graph\">{\"@context\":\"https:\/\/schema.org\",\"@graph\":[{\"@type\":\"NewsArticle\",\"@id\":\"https:\/\/www.suno.com.br\/noticias\/agenda-ofertas-fundos-imobiliarios-galg11-novembro-cpf\/#article\",\"isPartOf\":{\"@id\":\"https:\/\/www.suno.com.br\/noticias\/agenda-ofertas-fundos-imobiliarios-galg11-novembro-cpf\/\"},\"author\":{\"name\":\"Camila Paim\",\"@id\":\"https:\/\/www.suno.com.br\/noticias\/#\/schema\/person\/f341d3ae5d1cc685176c9a5327cdfdbb\"},\"headline\":\"RBVA11 e GALG11: Agenda de ofertas de fundos imobili\u00e1rios desta semana\",\"datePublished\":\"2023-11-13T11:40:28+00:00\",\"dateModified\":\"2023-11-13T11:40:30+00:00\",\"mainEntityOfPage\":{\"@id\":\"https:\/\/www.suno.com.br\/noticias\/agenda-ofertas-fundos-imobiliarios-galg11-novembro-cpf\/\"},\"wordCount\":489,\"publisher\":{\"@id\":\"https:\/\/www.suno.com.br\/noticias\/#organization\"},\"image\":{\"@id\":\"https:\/\/www.suno.com.br\/noticias\/agenda-ofertas-fundos-imobiliarios-galg11-novembro-cpf\/#primaryimage\"},\"thumbnailUrl\":\"https:\/\/files.sunoresearch.com.br\/n\/uploads\/2021\/04\/dbfc32e7-architecture-1869211_1280-jpg.webp\",\"keywords\":[\"Fundos Imobili\u00e1rios (FIIs)\",\"RBVA11\"],\"articleSection\":[\"FIIs\"],\"inLanguage\":\"pt-BR\"},{\"@type\":\"WebPage\",\"@id\":\"https:\/\/www.suno.com.br\/noticias\/agenda-ofertas-fundos-imobiliarios-galg11-novembro-cpf\/\",\"url\":\"https:\/\/www.suno.com.br\/noticias\/agenda-ofertas-fundos-imobiliarios-galg11-novembro-cpf\/\",\"name\":\"Fundos imobili\u00e1rios: Veja a agenda de ofertas desta semana\",\"isPartOf\":{\"@id\":\"https:\/\/www.suno.com.br\/noticias\/#website\"},\"primaryImageOfPage\":{\"@id\":\"https:\/\/www.suno.com.br\/noticias\/agenda-ofertas-fundos-imobiliarios-galg11-novembro-cpf\/#primaryimage\"},\"image\":{\"@id\":\"https:\/\/www.suno.com.br\/noticias\/agenda-ofertas-fundos-imobiliarios-galg11-novembro-cpf\/#primaryimage\"},\"thumbnailUrl\":\"https:\/\/files.sunoresearch.com.br\/n\/uploads\/2021\/04\/dbfc32e7-architecture-1869211_1280-jpg.webp\",\"datePublished\":\"2023-11-13T11:40:28+00:00\",\"dateModified\":\"2023-11-13T11:40:30+00:00\",\"description\":\"Entre os destaques da agenda de ofertas do mercado de fundos imobili\u00e1rios desta semana est\u00e3o os FIIs GALG11 e RBVA11.\",\"breadcrumb\":{\"@id\":\"https:\/\/www.suno.com.br\/noticias\/agenda-ofertas-fundos-imobiliarios-galg11-novembro-cpf\/#breadcrumb\"},\"inLanguage\":\"pt-BR\",\"potentialAction\":[{\"@type\":\"ReadAction\",\"target\":[\"https:\/\/www.suno.com.br\/noticias\/agenda-ofertas-fundos-imobiliarios-galg11-novembro-cpf\/\"]}]},{\"@type\":\"ImageObject\",\"inLanguage\":\"pt-BR\",\"@id\":\"https:\/\/www.suno.com.br\/noticias\/agenda-ofertas-fundos-imobiliarios-galg11-novembro-cpf\/#primaryimage\",\"url\":\"https:\/\/files.sunoresearch.com.br\/n\/uploads\/2021\/04\/dbfc32e7-architecture-1869211_1280-jpg.webp\",\"contentUrl\":\"https:\/\/files.sunoresearch.com.br\/n\/uploads\/2021\/04\/dbfc32e7-architecture-1869211_1280-jpg.webp\",\"width\":1280,\"height\":787,\"caption\":\"Fundo Imobili\u00e1rio BBIG11 ir\u00e1 pagar dividendos - Foto: Pixabay\"},{\"@type\":\"BreadcrumbList\",\"@id\":\"https:\/\/www.suno.com.br\/noticias\/agenda-ofertas-fundos-imobiliarios-galg11-novembro-cpf\/#breadcrumb\",\"itemListElement\":[{\"@type\":\"ListItem\",\"position\":1,\"name\":\"Not\u00edcias\",\"item\":\"https:\/\/www.suno.com.br\/noticias\/\"},{\"@type\":\"ListItem\",\"position\":2,\"name\":\"FIIs\",\"item\":\"https:\/\/www.suno.com.br\/noticias\/fiis\/\"},{\"@type\":\"ListItem\",\"position\":3,\"name\":\"RBVA11 e GALG11: Agenda de ofertas de fundos imobili\u00e1rios desta semana\"}]},{\"@type\":\"WebSite\",\"@id\":\"https:\/\/www.suno.com.br\/noticias\/#website\",\"url\":\"https:\/\/www.suno.com.br\/noticias\/\",\"name\":\"Suno Not\u00edcias\",\"description\":\"Seu portal de informa\u00e7\u00e3o sobre o mundo dos investimentos\",\"publisher\":{\"@id\":\"https:\/\/www.suno.com.br\/noticias\/#organization\"},\"potentialAction\":[{\"@type\":\"SearchAction\",\"target\":{\"@type\":\"EntryPoint\",\"urlTemplate\":\"https:\/\/www.suno.com.br\/noticias\/?s={search_term_string}\"},\"query-input\":{\"@type\":\"PropertyValueSpecification\",\"valueRequired\":true,\"valueName\":\"search_term_string\"}}],\"inLanguage\":\"pt-BR\"},{\"@type\":\"Organization\",\"@id\":\"https:\/\/www.suno.com.br\/noticias\/#organization\",\"name\":\"Suno Not\u00edcias\",\"url\":\"https:\/\/www.suno.com.br\/noticias\/\",\"logo\":{\"@type\":\"ImageObject\",\"inLanguage\":\"pt-BR\",\"@id\":\"https:\/\/www.suno.com.br\/noticias\/#\/schema\/logo\/image\/\",\"url\":\"https:\/\/files.sunoresearch.com.br\/n\/uploads\/2021\/09\/suno-logo.png\",\"contentUrl\":\"https:\/\/files.sunoresearch.com.br\/n\/uploads\/2021\/09\/suno-logo.png\",\"width\":180,\"height\":180,\"caption\":\"Suno Not\u00edcias\"},\"image\":{\"@id\":\"https:\/\/www.suno.com.br\/noticias\/#\/schema\/logo\/image\/\"},\"sameAs\":[\"https:\/\/facebook.com\/sunoresearch\",\"https:\/\/x.com\/sunoresearch\",\"https:\/\/www.instagram.com\/suno\",\"https:\/\/www.linkedin.com\/company\/suno-research\/\",\"https:\/\/www.youtube.com\/c\/sunoresearch\"]},{\"@type\":\"Person\",\"@id\":\"https:\/\/www.suno.com.br\/noticias\/#\/schema\/person\/f341d3ae5d1cc685176c9a5327cdfdbb\",\"name\":\"Camila Paim\",\"image\":{\"@type\":\"ImageObject\",\"inLanguage\":\"pt-BR\",\"@id\":\"https:\/\/www.suno.com.br\/noticias\/#\/schema\/person\/image\/\",\"url\":\"https:\/\/secure.gravatar.com\/avatar\/f33728e65febb1aa7ecf6792956f9b20?s=96&r=g\",\"contentUrl\":\"https:\/\/secure.gravatar.com\/avatar\/f33728e65febb1aa7ecf6792956f9b20?s=96&r=g\",\"caption\":\"Camila Paim\"},\"description\":\"Jornalista formada pela USP, tem experi\u00eancia em reda\u00e7\u00f5es, SEO, Branded Content e Webdesign. Com passagem pelo Jornal da USP, Empiricus e C6 Bank, hoje \u00e9 rep\u00f3rter no Suno Not\u00edcias cobrindo macroeconomia, finan\u00e7as pessoais e startups.\",\"url\":\"https:\/\/www.suno.com.br\/noticias\/author\/camila-figueiredosuno-com-br\/\"}]}<\/script>\n<!-- \/ Yoast SEO plugin. -->","yoast_head_json":{"title":"Fundos imobili\u00e1rios: Veja a agenda de ofertas desta semana","description":"Entre os destaques da agenda de ofertas do mercado de fundos imobili\u00e1rios desta semana est\u00e3o os FIIs GALG11 e RBVA11.","robots":{"index":"index","follow":"follow","max-snippet":"max-snippet:-1","max-image-preview":"max-image-preview:large","max-video-preview":"max-video-preview:-1"},"canonical":"https:\/\/www.suno.com.br\/noticias\/agenda-ofertas-fundos-imobiliarios-galg11-novembro-cpf\/","og_locale":"pt_BR","og_type":"article","og_title":"Fundos imobili\u00e1rios: Veja a agenda de ofertas desta semana","og_description":"Entre os destaques da agenda de ofertas do mercado de fundos imobili\u00e1rios desta semana est\u00e3o os FIIs GALG11 e RBVA11.","og_url":"https:\/\/www.suno.com.br\/noticias\/agenda-ofertas-fundos-imobiliarios-galg11-novembro-cpf\/","og_site_name":"Suno Not\u00edcias","article_publisher":"https:\/\/facebook.com\/sunoresearch","og_image":[{"width":1280,"height":787,"url":"https:\/\/files.sunoresearch.com.br\/n\/uploads\/2021\/04\/dbfc32e7-architecture-1869211_1280.jpg","type":"image\/jpeg"}],"author":"Camila Paim","twitter_card":"summary_large_image","twitter_creator":"@sunoresearch","twitter_site":"@sunoresearch","twitter_misc":{"Escrito por":"Camila Paim","Est. tempo de leitura":"3 minutos"},"schema":{"@context":"https:\/\/schema.org","@graph":[{"@type":"NewsArticle","@id":"https:\/\/www.suno.com.br\/noticias\/agenda-ofertas-fundos-imobiliarios-galg11-novembro-cpf\/#article","isPartOf":{"@id":"https:\/\/www.suno.com.br\/noticias\/agenda-ofertas-fundos-imobiliarios-galg11-novembro-cpf\/"},"author":{"name":"Camila Paim","@id":"https:\/\/www.suno.com.br\/noticias\/#\/schema\/person\/f341d3ae5d1cc685176c9a5327cdfdbb"},"headline":"RBVA11 e GALG11: Agenda de ofertas de fundos imobili\u00e1rios desta semana","datePublished":"2023-11-13T11:40:28+00:00","dateModified":"2023-11-13T11:40:30+00:00","mainEntityOfPage":{"@id":"https:\/\/www.suno.com.br\/noticias\/agenda-ofertas-fundos-imobiliarios-galg11-novembro-cpf\/"},"wordCount":489,"publisher":{"@id":"https:\/\/www.suno.com.br\/noticias\/#organization"},"image":{"@id":"https:\/\/www.suno.com.br\/noticias\/agenda-ofertas-fundos-imobiliarios-galg11-novembro-cpf\/#primaryimage"},"thumbnailUrl":"https:\/\/files.sunoresearch.com.br\/n\/uploads\/2021\/04\/dbfc32e7-architecture-1869211_1280-jpg.webp","keywords":["Fundos Imobili\u00e1rios (FIIs)","RBVA11"],"articleSection":["FIIs"],"inLanguage":"pt-BR"},{"@type":"WebPage","@id":"https:\/\/www.suno.com.br\/noticias\/agenda-ofertas-fundos-imobiliarios-galg11-novembro-cpf\/","url":"https:\/\/www.suno.com.br\/noticias\/agenda-ofertas-fundos-imobiliarios-galg11-novembro-cpf\/","name":"Fundos imobili\u00e1rios: Veja a agenda de ofertas desta semana","isPartOf":{"@id":"https:\/\/www.suno.com.br\/noticias\/#website"},"primaryImageOfPage":{"@id":"https:\/\/www.suno.com.br\/noticias\/agenda-ofertas-fundos-imobiliarios-galg11-novembro-cpf\/#primaryimage"},"image":{"@id":"https:\/\/www.suno.com.br\/noticias\/agenda-ofertas-fundos-imobiliarios-galg11-novembro-cpf\/#primaryimage"},"thumbnailUrl":"https:\/\/files.sunoresearch.com.br\/n\/uploads\/2021\/04\/dbfc32e7-architecture-1869211_1280-jpg.webp","datePublished":"2023-11-13T11:40:28+00:00","dateModified":"2023-11-13T11:40:30+00:00","description":"Entre os destaques da agenda de ofertas do mercado de fundos imobili\u00e1rios desta semana est\u00e3o os FIIs GALG11 e RBVA11.","breadcrumb":{"@id":"https:\/\/www.suno.com.br\/noticias\/agenda-ofertas-fundos-imobiliarios-galg11-novembro-cpf\/#breadcrumb"},"inLanguage":"pt-BR","potentialAction":[{"@type":"ReadAction","target":["https:\/\/www.suno.com.br\/noticias\/agenda-ofertas-fundos-imobiliarios-galg11-novembro-cpf\/"]}]},{"@type":"ImageObject","inLanguage":"pt-BR","@id":"https:\/\/www.suno.com.br\/noticias\/agenda-ofertas-fundos-imobiliarios-galg11-novembro-cpf\/#primaryimage","url":"https:\/\/files.sunoresearch.com.br\/n\/uploads\/2021\/04\/dbfc32e7-architecture-1869211_1280-jpg.webp","contentUrl":"https:\/\/files.sunoresearch.com.br\/n\/uploads\/2021\/04\/dbfc32e7-architecture-1869211_1280-jpg.webp","width":1280,"height":787,"caption":"Fundo Imobili\u00e1rio BBIG11 ir\u00e1 pagar dividendos - Foto: Pixabay"},{"@type":"BreadcrumbList","@id":"https:\/\/www.suno.com.br\/noticias\/agenda-ofertas-fundos-imobiliarios-galg11-novembro-cpf\/#breadcrumb","itemListElement":[{"@type":"ListItem","position":1,"name":"Not\u00edcias","item":"https:\/\/www.suno.com.br\/noticias\/"},{"@type":"ListItem","position":2,"name":"FIIs","item":"https:\/\/www.suno.com.br\/noticias\/fiis\/"},{"@type":"ListItem","position":3,"name":"RBVA11 e GALG11: Agenda de ofertas de fundos imobili\u00e1rios desta semana"}]},{"@type":"WebSite","@id":"https:\/\/www.suno.com.br\/noticias\/#website","url":"https:\/\/www.suno.com.br\/noticias\/","name":"Suno Not\u00edcias","description":"Seu portal de informa\u00e7\u00e3o sobre o mundo dos investimentos","publisher":{"@id":"https:\/\/www.suno.com.br\/noticias\/#organization"},"potentialAction":[{"@type":"SearchAction","target":{"@type":"EntryPoint","urlTemplate":"https:\/\/www.suno.com.br\/noticias\/?s={search_term_string}"},"query-input":{"@type":"PropertyValueSpecification","valueRequired":true,"valueName":"search_term_string"}}],"inLanguage":"pt-BR"},{"@type":"Organization","@id":"https:\/\/www.suno.com.br\/noticias\/#organization","name":"Suno Not\u00edcias","url":"https:\/\/www.suno.com.br\/noticias\/","logo":{"@type":"ImageObject","inLanguage":"pt-BR","@id":"https:\/\/www.suno.com.br\/noticias\/#\/schema\/logo\/image\/","url":"https:\/\/files.sunoresearch.com.br\/n\/uploads\/2021\/09\/suno-logo.png","contentUrl":"https:\/\/files.sunoresearch.com.br\/n\/uploads\/2021\/09\/suno-logo.png","width":180,"height":180,"caption":"Suno Not\u00edcias"},"image":{"@id":"https:\/\/www.suno.com.br\/noticias\/#\/schema\/logo\/image\/"},"sameAs":["https:\/\/facebook.com\/sunoresearch","https:\/\/x.com\/sunoresearch","https:\/\/www.instagram.com\/suno","https:\/\/www.linkedin.com\/company\/suno-research\/","https:\/\/www.youtube.com\/c\/sunoresearch"]},{"@type":"Person","@id":"https:\/\/www.suno.com.br\/noticias\/#\/schema\/person\/f341d3ae5d1cc685176c9a5327cdfdbb","name":"Camila Paim","image":{"@type":"ImageObject","inLanguage":"pt-BR","@id":"https:\/\/www.suno.com.br\/noticias\/#\/schema\/person\/image\/","url":"https:\/\/secure.gravatar.com\/avatar\/f33728e65febb1aa7ecf6792956f9b20?s=96&r=g","contentUrl":"https:\/\/secure.gravatar.com\/avatar\/f33728e65febb1aa7ecf6792956f9b20?s=96&r=g","caption":"Camila Paim"},"description":"Jornalista formada pela USP, tem experi\u00eancia em reda\u00e7\u00f5es, SEO, Branded Content e Webdesign. Com passagem pelo Jornal da USP, Empiricus e C6 Bank, hoje \u00e9 rep\u00f3rter no Suno Not\u00edcias cobrindo macroeconomia, finan\u00e7as pessoais e startups.","url":"https:\/\/www.suno.com.br\/noticias\/author\/camila-figueiredosuno-com-br\/"}]}},"default_loop_html":"<div class=\"cardsPage__listCard__boxs\"><div class=\"cardsPage__listCard__boxs__img\"><a href=\"https:\/\/www.suno.com.br\/noticias\/agenda-ofertas-fundos-imobiliarios-galg11-novembro-cpf\/\"><img class=\"mask\" src=\"https:\/\/www.suno.com.br\/noticias\/wp-content\/themes\/suno\/resources\/images\/spotlight\/spotlight1img\/bg-mask.png\" alt=\"Image Mask\"\/><img src=\"https:\/\/files.sunoresearch.com.br\/n\/uploads\/2021\/04\/dbfc32e7-architecture-1869211_1280-400x200.webp\" alt=\"RBVA11 e GALG11: Agenda de ofertas de fundos imobili\u00e1rios desta semana\"\/><\/a><span class=\"spotlightCategory\"><a href=\"https:\/\/www.suno.com.br\/noticias\/fiis\/\">FIIs<\/a><\/span><\/div><div class=\"cardsPage__listCard__boxs__content\"><a href=\"https:\/\/www.suno.com.br\/noticias\/agenda-ofertas-fundos-imobiliarios-galg11-novembro-cpf\/\"><h2 class=\"content__title\">RBVA11 e GALG11: Agenda de ofertas de fundos imobili\u00e1rios desta semana<\/h2><\/a><div class=\"newsContent__article__meta\"><div class=\"newsContent__article__meta__authorBox\"><a href=\"https:\/\/www.suno.com.br\/noticias\/author\/camila-figueiredosuno-com-br\/\" class=\"authorBox__avatar noMobi\"><img src=\"https:\/\/files.sunoresearch.com.br\/n\/uploads\/2024\/05\/camila-paim-square-150x150.jpg\" alt=\"Camila Paim\"><\/a><div class=\"authorBox__name\"><span>por\n\t\t\t<a href=\"https:\/\/www.suno.com.br\/noticias\/author\/camila-figueiredosuno-com-br\/\"><span itemprop=\"author\">Camila Paim<\/span><\/a><\/span><time datetime=\"2023-11-13T08:40:28-03:00\" itemprop=\"datePublished\">13\/11\/2023 08:40<\/time><\/div><\/div><\/div><\/div><\/div>","single_layout":"posts","amp_enabled":true,"_links":{"self":[{"href":"https:\/\/www.suno.com.br\/noticias\/wp-json\/wp\/v2\/posts\/484774"}],"collection":[{"href":"https:\/\/www.suno.com.br\/noticias\/wp-json\/wp\/v2\/posts"}],"about":[{"href":"https:\/\/www.suno.com.br\/noticias\/wp-json\/wp\/v2\/types\/post"}],"author":[{"embeddable":true,"href":"https:\/\/www.suno.com.br\/noticias\/wp-json\/wp\/v2\/users\/283"}],"replies":[{"embeddable":true,"href":"https:\/\/www.suno.com.br\/noticias\/wp-json\/wp\/v2\/comments?post=484774"}],"version-history":[{"count":2,"href":"https:\/\/www.suno.com.br\/noticias\/wp-json\/wp\/v2\/posts\/484774\/revisions"}],"predecessor-version":[{"id":484815,"href":"https:\/\/www.suno.com.br\/noticias\/wp-json\/wp\/v2\/posts\/484774\/revisions\/484815"}],"wp:featuredmedia":[{"embeddable":true,"href":"https:\/\/www.suno.com.br\/noticias\/wp-json\/wp\/v2\/media\/136578"}],"wp:attachment":[{"href":"https:\/\/www.suno.com.br\/noticias\/wp-json\/wp\/v2\/media?parent=484774"}],"wp:term":[{"taxonomy":"category","embeddable":true,"href":"https:\/\/www.suno.com.br\/noticias\/wp-json\/wp\/v2\/categories?post=484774"},{"taxonomy":"post_tag","embeddable":true,"href":"https:\/\/www.suno.com.br\/noticias\/wp-json\/wp\/v2\/tags?post=484774"},{"taxonomy":"suno_strategy","embeddable":true,"href":"https:\/\/www.suno.com.br\/noticias\/wp-json\/wp\/v2\/suno_strategy?post=484774"}],"curies":[{"name":"wp","href":"https:\/\/api.w.org\/{rel}","templated":true}]}}