{"id":484730,"date":"2023-11-12T14:27:24","date_gmt":"2023-11-12T17:27:24","guid":{"rendered":"https:\/\/www.suno.com.br\/noticias\/?p=484730"},"modified":"2023-11-12T14:27:28","modified_gmt":"2023-11-12T17:27:28","slug":"ipca-cortes-selic-fiscal-externo","status":"publish","type":"post","link":"https:\/\/www.suno.com.br\/noticias\/ipca-cortes-selic-fiscal-externo\/","title":{"rendered":"IPCA permitiria acelera\u00e7\u00e3o de cortes da Selic, mas fiscal e externo impedem"},"content":{"rendered":"<p>O comportamento benigno da infla\u00e7\u00e3o brasileira, medida pelo \u00edndice IPCA, em outubro confirmou para <a class=\"suno-keyword\" data-force=\"no\" data-priority=\"1\" href=\"https:\/\/www.suno.com.br\/artigos\/agentes-do-mercado\/\" target=\"_blank\" rel=\"noopener\">agentes do mercado<\/a> que o Banco Central continuar\u00e1 seu plano de voo de diminuir a taxa <strong>Selic <\/strong>em 0,5 ponto percentual nas pr\u00f3ximas reuni\u00f5es. E mais: a avalia\u00e7\u00e3o predominante \u00e9 de que, se n\u00e3o fossem as incertezas externas e em torno da <a class=\"suno-keyword\" data-force=\"no\" data-priority=\"1\" href=\"https:\/\/www.suno.com.br\/artigos\/politica-fiscal\/\" target=\"_blank\" rel=\"noopener\">pol\u00edtica fiscal<\/a>, a autoridade monet\u00e1ria j\u00e1 estaria discutindo uma acelera\u00e7\u00e3o do ritmo de cortes a 0,75 pontos.<\/p>\t<div class=\"wrapper-featured-image\">\n\t\t<figure class=\"spotlightImg\">\n\n\t\t\t<picture>\n\t\t\t\t<source media=\"(max-width: 768px)\" srcset=\"https:\/\/files.sunoresearch.com.br\/n\/uploads\/2022\/02\/49963778971_0b2b6eb5ef_o-400x200.jpg\">\n\t\t\t\t<img loading=\"lazy\" decoding=\"async\" class=\"newsContent__article__imgCapa lazyloadDisabled \" src=\"https:\/\/files.sunoresearch.com.br\/n\/uploads\/2022\/02\/49963778971_0b2b6eb5ef_o-800x450.jpg\" width=\"800\" height=\"450\" alt=\"IPCA permitiria acelera\u00e7\u00e3o de cortes da Selic, mas fiscal e externo impedem\" fetchpriority=high \/>\n\t\t\t<\/picture>\n\n\t\t\t<figcaption class=\"wp-caption-text wp-caption-text--show\">IPCA permitiria acelera\u00e7\u00e3o de cortes da Selic, mas fiscal e externo impedem. Foto: Leonardo S\u00e1\/Ag\u00eancia Senado<\/figcaption>\n\t\t<\/figure>\n\t<\/div>\n\n\n\n\n\n\t<p>\n\t\t<a href=\"\" target=\"_blank\" data-element=\"shortcode-suno-banner\" title=\"Banner SUNO, clique e saiba mais\">\n\t\t\t<picture>\n\t\t\t\t<source media=\"(max-width: 500px)\" srcset=\"\">\n\t\t\t\t<img class=\"newsContent__article__imgCapa newsContent__article__imgCapa--banner\"\n\t\t\t\t\tsrc=\"\"\n\t\t\t\t\tdata-promo-id=\"240038\"\t\t\t\t\t\t\t\t\t\t\t\t\t\t\talt=\"\"\n\t\t\t\t>\n\t\t\t<\/picture>\n\t\t<\/a>\n\t<\/p>\n\n\n\n\n\n<p>Essa an\u00e1lise surgiu em coment\u00e1rios de economistas do mercado ouvidos pelo <i>Broadcast<\/i> (sistema de not\u00edcias em tempo real do Grupo Estado) ap\u00f3s a divulga\u00e7\u00e3o do IPCA de outubro hoje. &#8220;O cen\u00e1rio de infla\u00e7\u00e3o segue bastante benigno, o Copom poderia acelerar os cortes a 75 pontos [base na taxa Selic], n\u00e3o fosse o cen\u00e1rio externo e o fiscal&#8221;, disse em nota o economista-chefe da Nova Futura Investimentos, Nicolas Borsoi.<\/p>\n\n\n\n<p>A percep\u00e7\u00e3o dos analistas \u00e9 de que os dados do IPCA de outubro mostram que a &#8220;segunda etapa da desinfla\u00e7\u00e3o&#8221; que vem sendo citada pelo presidente do BC, <a class=\"suno-keyword\" data-force=\"no\" data-priority=\"2\" href=\"https:\/\/www.suno.com.br\/tudo-sobre\/roberto-campos-neto\/\" target=\"_blank\" rel=\"noopener\">Roberto Campos Neto<\/a>, est\u00e1 acontecendo no ritmo antecipado pela autoridade monet\u00e1ria, ou at\u00e9 um pouco mais r\u00e1pido. O al\u00edvio de m\u00e9tricas qualitativas acompanhadas pela autarquia, como a m\u00e9dia dos n\u00facleos e os servi\u00e7os subjacentes, ampara a avalia\u00e7\u00e3o.<\/p>\n\n\n\n<p>Nas contas do Banco BV, a m\u00e9dia dos n\u00facleos ficou em 0,26% em outubro, abaixo do que indicava o consenso do mercado (0,31%) &#8211; a terceira surpresa negativa consecutiva em leituras do IPCA. J\u00e1 os servi\u00e7os subjacentes subiram 0,19%, em linha com o esperado (0,18%). O \u00edndice cheio avan\u00e7ou 0,24%, menos do que indicava a mediana da pesquisa Proje\u00e7\u00f5es Broadcast (0,29%).<\/p>\n\n\n\n<p>Em m\u00e9dias m\u00f3veis trimestrais anualizadas e dessazonalizadas, usadas pelo mercado para acompanhar a tend\u00eancia, a m\u00e9dia dos n\u00facleos e os servi\u00e7os subjacentes j\u00e1 se aproximam de n\u00edveis compat\u00edveis com as metas de infla\u00e7\u00e3o a partir de 2024. O economista da Garde Asset Lu\u00eds Menon calcula que as m\u00e9tricas est\u00e3o em 3,27% e 3,28%, respectivamente, apenas um pouco acima do centro do alvo do ano que vem, de 3%.<\/p>\n\n\n\n<p>&#8220;\u00c9 bem compat\u00edvel com o cumprimento da meta&#8221;, disse Menon, que reiterou a expectativa de cortes sequenciais de 50 pontos-base na taxa Selic nas pr\u00f3ximas <a class=\"suno-keyword\" target=\"_blank\" data-force=\"no\" data-priority=\"2\" href=\"https:\/\/www.suno.com.br\/artigos\/copom\/\" rel=\"noopener\">reuni\u00f5es do Copom<\/a> e de redu\u00e7\u00e3o dos juros a 9,5% no fim do ciclo de cortes.<\/p>\n\n\n\n<p>Na mesma linha, a economista s\u00eanior da AZ Quest Mirella Hirakawa refor\u00e7ou a expectativa de redu\u00e7\u00e3o da taxa Selic a 9% no fim do ciclo. &#8220;Olhando para fatores dom\u00e9sticos, a fun\u00e7\u00e3o-rea\u00e7\u00e3o do BC confirma que existe espa\u00e7o para acelerar o corte de juros, mas, olhando o global, continua confirmando a perspectiva que o pr\u00f3prio BC trouxe, de cautela, serenidade e modera\u00e7\u00e3o&#8221;, afirmou.<\/p>\n\n\n\t<p>\n\t\t<a href=\"https:\/\/lp.suno.com.br\/ebook-gratuito-investindo-no-exterior\/\" target=\"_blank\" data-element=\"shortcode-suno-banner\" title=\"Banner SUNO, clique e saiba mais\">\n\t\t\t<picture>\n\t\t\t\t<source media=\"(max-width: 500px)\" srcset=\"https:\/\/files.sunoresearch.com.br\/n\/uploads\/2023\/03\/400x300-Investindo-no-exterior.png\">\n\t\t\t\t<img class=\"newsContent__article__imgCapa newsContent__article__imgCapa--banner\"\n\t\t\t\t\tsrc=\"https:\/\/files.sunoresearch.com.br\/n\/uploads\/2023\/03\/1420x240-Investindo-no-exterior.png\"\n\t\t\t\t\tdata-promo-id=\"383161\"\t\t\t\t\t\t\t\t\t\twidth='1420' height='240'\t\t\t\t\talt=\"https:\/\/files.sunoresearch.com.br\/n\/uploads\/2023\/03\/1420x240-Investindo-no-exterior.png\"\n\t\t\t\t>\n\t\t\t<\/picture>\n\t\t<\/a>\n\t<\/p>\n\n\n\n\n\n<h2 class=\"wp-block-heading\"><strong>Cautela<\/strong> para cortes na Selic<\/h2>\n\n\n\n<p>Os analistas consultados pelo Broadcast concordam que o comportamento benigno do IPCA ao menos retira probabilidade da desacelera\u00e7\u00e3o no ritmo de cortes da Selic, a 0,25 ponto porcentual por reuni\u00e3o, mas que uma acelera\u00e7\u00e3o ainda est\u00e1 fora da mesa. Al\u00e9m das preocupa\u00e7\u00f5es do BC com o cen\u00e1rio externo adverso, a &#8220;desancoragem g\u00eamea&#8221; de expectativas fiscais e de infla\u00e7\u00e3o que vem sendo mencionada por Campos Neto tamb\u00e9m justifica a &#8220;cautela&#8221; da autoridade monet\u00e1ria.<\/p>\n\n\n\n<p>Menos de 15 dias atr\u00e1s, o presidente Luiz In\u00e1cio Lula da Silva praticamente descartou a possibilidade de zerar o <a class=\"suno-keyword\" target=\"_blank\" data-force=\"no\" data-priority=\"1\" href=\"https:\/\/www.suno.com.br\/artigos\/deficit-primario\/\" rel=\"noopener\">d\u00e9ficit prim\u00e1rio<\/a> em 2024, como vem sendo defendido pelo ministro Fernando Haddad. O chefe da Fazenda disse ontem que a meta para ele \u00e9 &#8220;program\u00e1tica&#8221; e nem precisaria estar em lei para ser perseguida, mas parte do mercado trabalha com a ideia de que uma mudan\u00e7a para d\u00e9ficit pr\u00f3ximo de 0,5% do PIB ainda \u00e9 o mais prov\u00e1vel.<\/p>\n\n\n\n<p>Para o economista-chefe do Banco BMG, Fl\u00e1vio Serrano, o comportamento da infla\u00e7\u00e3o corrente \u00e9 benigno, mas o BC ainda est\u00e1 mais preocupado com a desancoragem das expectativas de infla\u00e7\u00e3o do mercado. As medianas do <a class=\"suno-keyword\" data-force=\"no\" data-priority=\"1\" href=\"https:\/\/www.suno.com.br\/artigos\/boletim-focus\/\" target=\"_blank\" rel=\"noopener\">relat\u00f3rio Focus<\/a> para o IPCA de 2025 em diante continuam em 3,5% desde junho, quando o <a class=\"suno-keyword\" data-force=\"no\" data-priority=\"1\" href=\"https:\/\/www.suno.com.br\/artigos\/cmn-conselho-monetario-nacional\/\" target=\"_blank\" rel=\"noopener\">Conselho Monet\u00e1rio Nacional (CMN)<\/a> decidiu manter as metas em 3%.<\/p>\n\n\n\n\t<div data-element=\"shortcode-read-more\" class=\"readToo\">\n\t\t\t\t<span class=\"readToo__title\">Leia mais<\/span>\n\t\t\t\t<ul class=\"readToo__list\">\n\t\t\t<li><a href=\"https:\/\/www.suno.com.br\/noticias\/ipca-outubro-2023-inflacao-cpf\/\">IPCA de outubro sobe 0,24% com alta de pre\u00e7o de passagens a\u00e9reas<\/a><\/li><li><a href=\"https:\/\/www.suno.com.br\/noticias\/selic-juros-fiscal-copom-gpj\/\">Selic: juros devem continuar caindo, mas aumentou a incerteza fiscal, diz ata do Copom<\/a><\/li><li><a href=\"https:\/\/www.suno.com.br\/noticias\/ipca-boletim-focus-selic-061123\/\">Mercado mant\u00e9m previs\u00e3o para IPCA e taxa Selic em 2023; Confira mais proje\u00e7\u00f5es<\/a><\/li>\t\t<\/ul>\n\t<\/div>\n\n\n\n\n<p>&#8220;Essa desancoragem \u00e9 o maior desafio para o BC, porque faz com que haja um custo maior em termos de <a class=\"suno-keyword\" target=\"_blank\" data-force=\"no\" data-priority=\"1\" href=\"https:\/\/www.suno.com.br\/artigos\/politica-monetaria\/\" rel=\"noopener\">pol\u00edtica monet\u00e1ria<\/a>, porque voc\u00ea tem de compensar o desvio com mais juros&#8221;, disse Serrano. &#8220;N\u00e3o est\u00e1 com cara de que essas expectativas v\u00e3o cair, ainda mais se eventualmente mudarem a <a class=\"suno-keyword\" target=\"_blank\" data-force=\"no\" data-priority=\"1\" href=\"https:\/\/www.suno.com.br\/artigos\/meta-fiscal\/\" rel=\"noopener\">meta fiscal<\/a> este ano, antes mesmo de tentarem cumpr\u00ed-la.&#8221;<\/p>\n\n\n\n<p>O economista considera &#8220;muito prov\u00e1vel&#8221; a manuten\u00e7\u00e3o do ritmo de cortes da Selic em 50 pontos-base nas pr\u00f3ximas reuni\u00f5es do Copom, em dezembro e janeiro, e v\u00ea uma probabilidade relevante de manuten\u00e7\u00e3o tamb\u00e9m em mar\u00e7o, lembrando da expectativa de desacelera\u00e7\u00e3o da economia. O BMG espera juros em 9,5% no fim do ciclo, mas alerta que o mercado de trabalho apertado e a incerteza em torno das expectativas s\u00e3o riscos.<\/p>\n\n\n\n<p>&#8220;Eu diria que \u00e9 mais f\u00e1cil a <strong>Selic <\/strong>ficar acima de 10% do que abaixo de 9,5% e, se isso \u00e9 verdade, n\u00e3o teria espa\u00e7o para acelerar o ciclo de cortes. A janela para acelerar seria em dezembro ou janeiro, e essa janela passou, pensando em um ciclo que o mercado espera que v\u00e1 at\u00e9 meados do ano que vem&#8221;, afirmou Serrano.<\/p>\n\n\n\n<p>Com Estad\u00e3o Conte\u00fado<\/p>\n\n\n\t<p>\n\t\t<a href=\"https:\/\/lp.suno.com.br\/planilha-da-vida-financeira\/\" target=\"_blank\" data-element=\"shortcode-suno-banner\" title=\"Banner SUNO, clique e saiba mais\">\n\t\t\t<picture>\n\t\t\t\t<source media=\"(max-width: 500px)\" srcset=\"https:\/\/files.sunoresearch.com.br\/n\/uploads\/2023\/04\/400x300-Planilha-vida-financeira-true.png\">\n\t\t\t\t<img class=\"newsContent__article__imgCapa newsContent__article__imgCapa--banner\"\n\t\t\t\t\tsrc=\"https:\/\/files.sunoresearch.com.br\/n\/uploads\/2023\/04\/1420x240-Planilha-vida-financeira-true.png\"\n\t\t\t\t\tdata-promo-id=\"383123\"\t\t\t\t\t\t\t\t\t\twidth='1420' height='240'\t\t\t\t\talt=\"https:\/\/files.sunoresearch.com.br\/n\/uploads\/2023\/04\/1420x240-Planilha-vida-financeira-true.png\"\n\t\t\t\t>\n\t\t\t<\/picture>\n\t\t<\/a>\n\t<\/p>\n\n\n","protected":false},"excerpt":{"rendered":"<p>O comportamento benigno da infla\u00e7\u00e3o brasileira, medida pelo \u00edndice IPCA, em outubro confirmou para agentes do mercado que o Banco Central continuar\u00e1 seu plano de voo de diminuir a taxa Selic em 0,5 ponto percentual nas pr\u00f3ximas reuni\u00f5es. E mais: a avalia\u00e7\u00e3o predominante \u00e9 de que, se n\u00e3o fossem as incertezas externas e em torno [&hellip;]<\/p>\n","protected":false},"author":43,"featured_media":229455,"comment_status":"closed","ping_status":"closed","sticky":false,"template":"","format":"standard","meta":[],"categories":[62],"tags":[1842,1104,850,966,290],"suno_strategy":[],"class_list":["post-484730","post","type-post","status-publish","format-standard","has-post-thumbnail","hentry","category-economia","tag-banco-central-bc","tag-copom","tag-inflacao","tag-ipca","tag-taxa-selic"],"yoast_head":"<!-- This site is optimized with the Yoast SEO plugin v24.4 - https:\/\/yoast.com\/wordpress\/plugins\/seo\/ -->\n<title>IPCA permitiria cortes maiores da Selic, mas fiscal e externo impedem<\/title>\n<meta name=\"description\" content=\"IPCA permitiria acelera\u00e7\u00e3o de cortes da Selic, mas fiscal e externo impedem, avaliam economistas do mercado. Saiba mais.\" \/>\n<meta name=\"robots\" content=\"index, follow, max-snippet:-1, max-image-preview:large, max-video-preview:-1\" \/>\n<link rel=\"canonical\" href=\"https:\/\/www.suno.com.br\/noticias\/ipca-cortes-selic-fiscal-externo\/\" \/>\n<meta property=\"og:locale\" content=\"pt_BR\" \/>\n<meta property=\"og:type\" content=\"article\" \/>\n<meta property=\"og:title\" content=\"IPCA permitiria cortes maiores da Selic, mas fiscal e externo impedem\" \/>\n<meta property=\"og:description\" content=\"IPCA permitiria acelera\u00e7\u00e3o de cortes da Selic, mas fiscal e externo impedem, avaliam economistas do mercado. Saiba mais.\" \/>\n<meta property=\"og:url\" content=\"https:\/\/www.suno.com.br\/noticias\/ipca-cortes-selic-fiscal-externo\/\" \/>\n<meta property=\"og:site_name\" content=\"Suno Not\u00edcias\" \/>\n<meta property=\"article:publisher\" content=\"https:\/\/facebook.com\/sunoresearch\" \/>\n<meta property=\"article:author\" content=\"https:\/\/www.facebook.com\/sunonoticias\/\" \/>\n<meta property=\"og:image\" content=\"https:\/\/files.sunoresearch.com.br\/n\/uploads\/2022\/02\/49963778971_0b2b6eb5ef_o-scaled.jpg\" \/>\n\t<meta property=\"og:image:width\" content=\"2560\" \/>\n\t<meta property=\"og:image:height\" content=\"1705\" \/>\n\t<meta property=\"og:image:type\" content=\"image\/jpeg\" \/>\n<meta name=\"author\" content=\"Reda\u00e7\u00e3o Suno Not\u00edcias\" \/>\n<meta name=\"twitter:card\" content=\"summary_large_image\" \/>\n<meta name=\"twitter:creator\" content=\"@https:\/\/twitter.com\/sunoresearch\" \/>\n<meta name=\"twitter:site\" content=\"@sunoresearch\" \/>\n<meta name=\"twitter:label1\" content=\"Escrito por\" \/>\n\t<meta name=\"twitter:data1\" content=\"Reda\u00e7\u00e3o Suno Not\u00edcias\" \/>\n\t<meta name=\"twitter:label2\" content=\"Est. tempo de leitura\" \/>\n\t<meta name=\"twitter:data2\" content=\"5 minutos\" \/>\n<script type=\"application\/ld+json\" class=\"yoast-schema-graph\">{\"@context\":\"https:\/\/schema.org\",\"@graph\":[{\"@type\":\"NewsArticle\",\"@id\":\"https:\/\/www.suno.com.br\/noticias\/ipca-cortes-selic-fiscal-externo\/#article\",\"isPartOf\":{\"@id\":\"https:\/\/www.suno.com.br\/noticias\/ipca-cortes-selic-fiscal-externo\/\"},\"author\":{\"name\":\"Reda\u00e7\u00e3o Suno Not\u00edcias\",\"@id\":\"https:\/\/www.suno.com.br\/noticias\/#\/schema\/person\/c1b1bd3727fa852bd045e9dbff3673ea\"},\"headline\":\"IPCA permitiria acelera\u00e7\u00e3o de cortes da Selic, mas fiscal e externo impedem\",\"datePublished\":\"2023-11-12T17:27:24+00:00\",\"dateModified\":\"2023-11-12T17:27:28+00:00\",\"mainEntityOfPage\":{\"@id\":\"https:\/\/www.suno.com.br\/noticias\/ipca-cortes-selic-fiscal-externo\/\"},\"wordCount\":931,\"publisher\":{\"@id\":\"https:\/\/www.suno.com.br\/noticias\/#organization\"},\"image\":{\"@id\":\"https:\/\/www.suno.com.br\/noticias\/ipca-cortes-selic-fiscal-externo\/#primaryimage\"},\"thumbnailUrl\":\"https:\/\/files.sunoresearch.com.br\/n\/uploads\/2022\/02\/49963778971_0b2b6eb5ef_o-scaled.jpg\",\"keywords\":[\"Banco Central (BC)\",\"Copom\",\"infla\u00e7\u00e3o\",\"IPCA\",\"Taxa Selic\"],\"articleSection\":[\"Economia\"],\"inLanguage\":\"pt-BR\"},{\"@type\":\"WebPage\",\"@id\":\"https:\/\/www.suno.com.br\/noticias\/ipca-cortes-selic-fiscal-externo\/\",\"url\":\"https:\/\/www.suno.com.br\/noticias\/ipca-cortes-selic-fiscal-externo\/\",\"name\":\"IPCA permitiria cortes maiores da Selic, mas fiscal e externo impedem\",\"isPartOf\":{\"@id\":\"https:\/\/www.suno.com.br\/noticias\/#website\"},\"primaryImageOfPage\":{\"@id\":\"https:\/\/www.suno.com.br\/noticias\/ipca-cortes-selic-fiscal-externo\/#primaryimage\"},\"image\":{\"@id\":\"https:\/\/www.suno.com.br\/noticias\/ipca-cortes-selic-fiscal-externo\/#primaryimage\"},\"thumbnailUrl\":\"https:\/\/files.sunoresearch.com.br\/n\/uploads\/2022\/02\/49963778971_0b2b6eb5ef_o-scaled.jpg\",\"datePublished\":\"2023-11-12T17:27:24+00:00\",\"dateModified\":\"2023-11-12T17:27:28+00:00\",\"description\":\"IPCA permitiria acelera\u00e7\u00e3o de cortes da Selic, mas fiscal e externo impedem, avaliam economistas do mercado. Saiba mais.\",\"breadcrumb\":{\"@id\":\"https:\/\/www.suno.com.br\/noticias\/ipca-cortes-selic-fiscal-externo\/#breadcrumb\"},\"inLanguage\":\"pt-BR\",\"potentialAction\":[{\"@type\":\"ReadAction\",\"target\":[\"https:\/\/www.suno.com.br\/noticias\/ipca-cortes-selic-fiscal-externo\/\"]}]},{\"@type\":\"ImageObject\",\"inLanguage\":\"pt-BR\",\"@id\":\"https:\/\/www.suno.com.br\/noticias\/ipca-cortes-selic-fiscal-externo\/#primaryimage\",\"url\":\"https:\/\/files.sunoresearch.com.br\/n\/uploads\/2022\/02\/49963778971_0b2b6eb5ef_o-scaled.jpg\",\"contentUrl\":\"https:\/\/files.sunoresearch.com.br\/n\/uploads\/2022\/02\/49963778971_0b2b6eb5ef_o-scaled.jpg\",\"width\":2560,\"height\":1705,\"caption\":\"IPCA permitiria acelera\u00e7\u00e3o de cortes da Selic, mas fiscal e externo impedem. Foto: Leonardo S\u00e1\/Ag\u00eancia Senado\"},{\"@type\":\"BreadcrumbList\",\"@id\":\"https:\/\/www.suno.com.br\/noticias\/ipca-cortes-selic-fiscal-externo\/#breadcrumb\",\"itemListElement\":[{\"@type\":\"ListItem\",\"position\":1,\"name\":\"Not\u00edcias\",\"item\":\"https:\/\/www.suno.com.br\/noticias\/\"},{\"@type\":\"ListItem\",\"position\":2,\"name\":\"Economia\",\"item\":\"https:\/\/www.suno.com.br\/noticias\/economia\/\"},{\"@type\":\"ListItem\",\"position\":3,\"name\":\"IPCA permitiria acelera\u00e7\u00e3o de cortes da Selic, mas fiscal e externo impedem\"}]},{\"@type\":\"WebSite\",\"@id\":\"https:\/\/www.suno.com.br\/noticias\/#website\",\"url\":\"https:\/\/www.suno.com.br\/noticias\/\",\"name\":\"Suno Not\u00edcias\",\"description\":\"Seu portal de informa\u00e7\u00e3o sobre o mundo dos investimentos\",\"publisher\":{\"@id\":\"https:\/\/www.suno.com.br\/noticias\/#organization\"},\"potentialAction\":[{\"@type\":\"SearchAction\",\"target\":{\"@type\":\"EntryPoint\",\"urlTemplate\":\"https:\/\/www.suno.com.br\/noticias\/?s={search_term_string}\"},\"query-input\":{\"@type\":\"PropertyValueSpecification\",\"valueRequired\":true,\"valueName\":\"search_term_string\"}}],\"inLanguage\":\"pt-BR\"},{\"@type\":\"Organization\",\"@id\":\"https:\/\/www.suno.com.br\/noticias\/#organization\",\"name\":\"Suno Not\u00edcias\",\"url\":\"https:\/\/www.suno.com.br\/noticias\/\",\"logo\":{\"@type\":\"ImageObject\",\"inLanguage\":\"pt-BR\",\"@id\":\"https:\/\/www.suno.com.br\/noticias\/#\/schema\/logo\/image\/\",\"url\":\"https:\/\/files.sunoresearch.com.br\/n\/uploads\/2021\/09\/suno-logo.png\",\"contentUrl\":\"https:\/\/files.sunoresearch.com.br\/n\/uploads\/2021\/09\/suno-logo.png\",\"width\":180,\"height\":180,\"caption\":\"Suno Not\u00edcias\"},\"image\":{\"@id\":\"https:\/\/www.suno.com.br\/noticias\/#\/schema\/logo\/image\/\"},\"sameAs\":[\"https:\/\/facebook.com\/sunoresearch\",\"https:\/\/x.com\/sunoresearch\",\"https:\/\/www.instagram.com\/suno\",\"https:\/\/www.linkedin.com\/company\/suno-research\/\",\"https:\/\/www.youtube.com\/c\/sunoresearch\"]},{\"@type\":\"Person\",\"@id\":\"https:\/\/www.suno.com.br\/noticias\/#\/schema\/person\/c1b1bd3727fa852bd045e9dbff3673ea\",\"name\":\"Reda\u00e7\u00e3o Suno Not\u00edcias\",\"image\":{\"@type\":\"ImageObject\",\"inLanguage\":\"pt-BR\",\"@id\":\"https:\/\/www.suno.com.br\/noticias\/#\/schema\/person\/image\/\",\"url\":\"https:\/\/secure.gravatar.com\/avatar\/b8104b9b5a71985d5238ee59fbe418af?s=96&r=g\",\"contentUrl\":\"https:\/\/secure.gravatar.com\/avatar\/b8104b9b5a71985d5238ee59fbe418af?s=96&r=g\",\"caption\":\"Reda\u00e7\u00e3o Suno Not\u00edcias\"},\"description\":\"O Suno Not\u00edcias \u00e9 um portal de informa\u00e7\u00f5es sobre Mercado Financeiro, Pol\u00edtica, Neg\u00f3cios, Economia e Finan\u00e7as Pessoais.\",\"sameAs\":[\"https:\/\/www.suno.com.br\/noticias\",\"https:\/\/www.facebook.com\/sunonoticias\/\",\"https:\/\/www.instagram.com\/sunonoticias\/\",\"https:\/\/x.com\/https:\/\/twitter.com\/sunoresearch\",\"https:\/\/www.youtube.com\/sunonoticias\"],\"url\":\"https:\/\/www.suno.com.br\/noticias\/author\/redacao-suno\/\"}]}<\/script>\n<!-- \/ Yoast SEO plugin. -->","yoast_head_json":{"title":"IPCA permitiria cortes maiores da Selic, mas fiscal e externo impedem","description":"IPCA permitiria acelera\u00e7\u00e3o de cortes da Selic, mas fiscal e externo impedem, avaliam economistas do mercado. Saiba mais.","robots":{"index":"index","follow":"follow","max-snippet":"max-snippet:-1","max-image-preview":"max-image-preview:large","max-video-preview":"max-video-preview:-1"},"canonical":"https:\/\/www.suno.com.br\/noticias\/ipca-cortes-selic-fiscal-externo\/","og_locale":"pt_BR","og_type":"article","og_title":"IPCA permitiria cortes maiores da Selic, mas fiscal e externo impedem","og_description":"IPCA permitiria acelera\u00e7\u00e3o de cortes da Selic, mas fiscal e externo impedem, avaliam economistas do mercado. Saiba mais.","og_url":"https:\/\/www.suno.com.br\/noticias\/ipca-cortes-selic-fiscal-externo\/","og_site_name":"Suno Not\u00edcias","article_publisher":"https:\/\/facebook.com\/sunoresearch","article_author":"https:\/\/www.facebook.com\/sunonoticias\/","og_image":[{"width":2560,"height":1705,"url":"https:\/\/files.sunoresearch.com.br\/n\/uploads\/2022\/02\/49963778971_0b2b6eb5ef_o-scaled.jpg","type":"image\/jpeg"}],"author":"Reda\u00e7\u00e3o Suno Not\u00edcias","twitter_card":"summary_large_image","twitter_creator":"@https:\/\/twitter.com\/sunoresearch","twitter_site":"@sunoresearch","twitter_misc":{"Escrito por":"Reda\u00e7\u00e3o Suno Not\u00edcias","Est. tempo de leitura":"5 minutos"},"schema":{"@context":"https:\/\/schema.org","@graph":[{"@type":"NewsArticle","@id":"https:\/\/www.suno.com.br\/noticias\/ipca-cortes-selic-fiscal-externo\/#article","isPartOf":{"@id":"https:\/\/www.suno.com.br\/noticias\/ipca-cortes-selic-fiscal-externo\/"},"author":{"name":"Reda\u00e7\u00e3o Suno Not\u00edcias","@id":"https:\/\/www.suno.com.br\/noticias\/#\/schema\/person\/c1b1bd3727fa852bd045e9dbff3673ea"},"headline":"IPCA permitiria acelera\u00e7\u00e3o de cortes da Selic, mas fiscal e externo impedem","datePublished":"2023-11-12T17:27:24+00:00","dateModified":"2023-11-12T17:27:28+00:00","mainEntityOfPage":{"@id":"https:\/\/www.suno.com.br\/noticias\/ipca-cortes-selic-fiscal-externo\/"},"wordCount":931,"publisher":{"@id":"https:\/\/www.suno.com.br\/noticias\/#organization"},"image":{"@id":"https:\/\/www.suno.com.br\/noticias\/ipca-cortes-selic-fiscal-externo\/#primaryimage"},"thumbnailUrl":"https:\/\/files.sunoresearch.com.br\/n\/uploads\/2022\/02\/49963778971_0b2b6eb5ef_o-scaled.jpg","keywords":["Banco Central (BC)","Copom","infla\u00e7\u00e3o","IPCA","Taxa Selic"],"articleSection":["Economia"],"inLanguage":"pt-BR"},{"@type":"WebPage","@id":"https:\/\/www.suno.com.br\/noticias\/ipca-cortes-selic-fiscal-externo\/","url":"https:\/\/www.suno.com.br\/noticias\/ipca-cortes-selic-fiscal-externo\/","name":"IPCA permitiria cortes maiores da Selic, mas fiscal e externo impedem","isPartOf":{"@id":"https:\/\/www.suno.com.br\/noticias\/#website"},"primaryImageOfPage":{"@id":"https:\/\/www.suno.com.br\/noticias\/ipca-cortes-selic-fiscal-externo\/#primaryimage"},"image":{"@id":"https:\/\/www.suno.com.br\/noticias\/ipca-cortes-selic-fiscal-externo\/#primaryimage"},"thumbnailUrl":"https:\/\/files.sunoresearch.com.br\/n\/uploads\/2022\/02\/49963778971_0b2b6eb5ef_o-scaled.jpg","datePublished":"2023-11-12T17:27:24+00:00","dateModified":"2023-11-12T17:27:28+00:00","description":"IPCA permitiria acelera\u00e7\u00e3o de cortes da Selic, mas fiscal e externo impedem, avaliam economistas do mercado. Saiba mais.","breadcrumb":{"@id":"https:\/\/www.suno.com.br\/noticias\/ipca-cortes-selic-fiscal-externo\/#breadcrumb"},"inLanguage":"pt-BR","potentialAction":[{"@type":"ReadAction","target":["https:\/\/www.suno.com.br\/noticias\/ipca-cortes-selic-fiscal-externo\/"]}]},{"@type":"ImageObject","inLanguage":"pt-BR","@id":"https:\/\/www.suno.com.br\/noticias\/ipca-cortes-selic-fiscal-externo\/#primaryimage","url":"https:\/\/files.sunoresearch.com.br\/n\/uploads\/2022\/02\/49963778971_0b2b6eb5ef_o-scaled.jpg","contentUrl":"https:\/\/files.sunoresearch.com.br\/n\/uploads\/2022\/02\/49963778971_0b2b6eb5ef_o-scaled.jpg","width":2560,"height":1705,"caption":"IPCA permitiria acelera\u00e7\u00e3o de cortes da Selic, mas fiscal e externo impedem. Foto: Leonardo S\u00e1\/Ag\u00eancia Senado"},{"@type":"BreadcrumbList","@id":"https:\/\/www.suno.com.br\/noticias\/ipca-cortes-selic-fiscal-externo\/#breadcrumb","itemListElement":[{"@type":"ListItem","position":1,"name":"Not\u00edcias","item":"https:\/\/www.suno.com.br\/noticias\/"},{"@type":"ListItem","position":2,"name":"Economia","item":"https:\/\/www.suno.com.br\/noticias\/economia\/"},{"@type":"ListItem","position":3,"name":"IPCA permitiria acelera\u00e7\u00e3o de cortes da Selic, mas fiscal e externo impedem"}]},{"@type":"WebSite","@id":"https:\/\/www.suno.com.br\/noticias\/#website","url":"https:\/\/www.suno.com.br\/noticias\/","name":"Suno Not\u00edcias","description":"Seu portal de informa\u00e7\u00e3o sobre o mundo dos investimentos","publisher":{"@id":"https:\/\/www.suno.com.br\/noticias\/#organization"},"potentialAction":[{"@type":"SearchAction","target":{"@type":"EntryPoint","urlTemplate":"https:\/\/www.suno.com.br\/noticias\/?s={search_term_string}"},"query-input":{"@type":"PropertyValueSpecification","valueRequired":true,"valueName":"search_term_string"}}],"inLanguage":"pt-BR"},{"@type":"Organization","@id":"https:\/\/www.suno.com.br\/noticias\/#organization","name":"Suno Not\u00edcias","url":"https:\/\/www.suno.com.br\/noticias\/","logo":{"@type":"ImageObject","inLanguage":"pt-BR","@id":"https:\/\/www.suno.com.br\/noticias\/#\/schema\/logo\/image\/","url":"https:\/\/files.sunoresearch.com.br\/n\/uploads\/2021\/09\/suno-logo.png","contentUrl":"https:\/\/files.sunoresearch.com.br\/n\/uploads\/2021\/09\/suno-logo.png","width":180,"height":180,"caption":"Suno Not\u00edcias"},"image":{"@id":"https:\/\/www.suno.com.br\/noticias\/#\/schema\/logo\/image\/"},"sameAs":["https:\/\/facebook.com\/sunoresearch","https:\/\/x.com\/sunoresearch","https:\/\/www.instagram.com\/suno","https:\/\/www.linkedin.com\/company\/suno-research\/","https:\/\/www.youtube.com\/c\/sunoresearch"]},{"@type":"Person","@id":"https:\/\/www.suno.com.br\/noticias\/#\/schema\/person\/c1b1bd3727fa852bd045e9dbff3673ea","name":"Reda\u00e7\u00e3o Suno Not\u00edcias","image":{"@type":"ImageObject","inLanguage":"pt-BR","@id":"https:\/\/www.suno.com.br\/noticias\/#\/schema\/person\/image\/","url":"https:\/\/secure.gravatar.com\/avatar\/b8104b9b5a71985d5238ee59fbe418af?s=96&r=g","contentUrl":"https:\/\/secure.gravatar.com\/avatar\/b8104b9b5a71985d5238ee59fbe418af?s=96&r=g","caption":"Reda\u00e7\u00e3o Suno Not\u00edcias"},"description":"O Suno Not\u00edcias \u00e9 um portal de informa\u00e7\u00f5es sobre Mercado Financeiro, Pol\u00edtica, Neg\u00f3cios, Economia e Finan\u00e7as Pessoais.","sameAs":["https:\/\/www.suno.com.br\/noticias","https:\/\/www.facebook.com\/sunonoticias\/","https:\/\/www.instagram.com\/sunonoticias\/","https:\/\/x.com\/https:\/\/twitter.com\/sunoresearch","https:\/\/www.youtube.com\/sunonoticias"],"url":"https:\/\/www.suno.com.br\/noticias\/author\/redacao-suno\/"}]}},"default_loop_html":"<div class=\"cardsPage__listCard__boxs\"><div class=\"cardsPage__listCard__boxs__img\"><a href=\"https:\/\/www.suno.com.br\/noticias\/ipca-cortes-selic-fiscal-externo\/\"><img class=\"mask\" src=\"https:\/\/www.suno.com.br\/noticias\/wp-content\/themes\/suno\/resources\/images\/spotlight\/spotlight1img\/bg-mask.png\" alt=\"Image Mask\"\/><img src=\"https:\/\/files.sunoresearch.com.br\/n\/uploads\/2022\/02\/49963778971_0b2b6eb5ef_o-400x200.jpg\" alt=\"IPCA permitiria acelera\u00e7\u00e3o de cortes da Selic, mas fiscal e externo impedem\"\/><\/a><span class=\"spotlightCategory\"><a href=\"https:\/\/www.suno.com.br\/noticias\/economia\/\">Economia<\/a><\/span><\/div><div class=\"cardsPage__listCard__boxs__content\"><a href=\"https:\/\/www.suno.com.br\/noticias\/ipca-cortes-selic-fiscal-externo\/\"><h2 class=\"content__title\">IPCA permitiria acelera\u00e7\u00e3o de cortes da Selic, mas fiscal e externo impedem<\/h2><\/a><div class=\"newsContent__article__meta\"><div class=\"newsContent__article__meta__authorBox\"><a href=\"https:\/\/www.suno.com.br\/noticias\/author\/redacao-suno\/\" class=\"authorBox__avatar noMobi\"><img src=\"https:\/\/files.sunoresearch.com.br\/n\/uploads\/2020\/08\/0ace682d-redacao-1-150x150.webp\" alt=\"Reda\u00e7\u00e3o Suno Not\u00edcias\"><\/a><div class=\"authorBox__name\"><span>por\n\t\t\t<a href=\"https:\/\/www.suno.com.br\/noticias\/author\/redacao-suno\/\"><span itemprop=\"author\">Reda\u00e7\u00e3o Suno Not\u00edcias<\/span><\/a><\/span><time datetime=\"2023-11-12T14:27:24-03:00\" itemprop=\"datePublished\">12\/11\/2023 14:27<\/time><\/div><\/div><\/div><\/div><\/div>","single_layout":"posts","amp_enabled":true,"_links":{"self":[{"href":"https:\/\/www.suno.com.br\/noticias\/wp-json\/wp\/v2\/posts\/484730"}],"collection":[{"href":"https:\/\/www.suno.com.br\/noticias\/wp-json\/wp\/v2\/posts"}],"about":[{"href":"https:\/\/www.suno.com.br\/noticias\/wp-json\/wp\/v2\/types\/post"}],"author":[{"embeddable":true,"href":"https:\/\/www.suno.com.br\/noticias\/wp-json\/wp\/v2\/users\/43"}],"replies":[{"embeddable":true,"href":"https:\/\/www.suno.com.br\/noticias\/wp-json\/wp\/v2\/comments?post=484730"}],"version-history":[{"count":2,"href":"https:\/\/www.suno.com.br\/noticias\/wp-json\/wp\/v2\/posts\/484730\/revisions"}],"predecessor-version":[{"id":484735,"href":"https:\/\/www.suno.com.br\/noticias\/wp-json\/wp\/v2\/posts\/484730\/revisions\/484735"}],"wp:featuredmedia":[{"embeddable":true,"href":"https:\/\/www.suno.com.br\/noticias\/wp-json\/wp\/v2\/media\/229455"}],"wp:attachment":[{"href":"https:\/\/www.suno.com.br\/noticias\/wp-json\/wp\/v2\/media?parent=484730"}],"wp:term":[{"taxonomy":"category","embeddable":true,"href":"https:\/\/www.suno.com.br\/noticias\/wp-json\/wp\/v2\/categories?post=484730"},{"taxonomy":"post_tag","embeddable":true,"href":"https:\/\/www.suno.com.br\/noticias\/wp-json\/wp\/v2\/tags?post=484730"},{"taxonomy":"suno_strategy","embeddable":true,"href":"https:\/\/www.suno.com.br\/noticias\/wp-json\/wp\/v2\/suno_strategy?post=484730"}],"curies":[{"name":"wp","href":"https:\/\/api.w.org\/{rel}","templated":true}]}}