{"id":48469,"date":"2019-12-21T12:00:18","date_gmt":"2019-12-21T14:00:18","guid":{"rendered":"https:\/\/www.suno.com.br\/noticias\/?p=48469"},"modified":"2021-05-10T21:05:51","modified_gmt":"2021-05-11T00:05:51","slug":"resumo-da-semana-fiat-e-peugeot-natura-e-avon-ibovespa-e-guerra-comercial","status":"publish","type":"post","link":"https:\/\/www.suno.com.br\/noticias\/resumo-da-semana-fiat-e-peugeot-natura-e-avon-ibovespa-e-guerra-comercial\/","title":{"rendered":"Resumo da Semana: Fiat e Peugeot; Natura e Avon; Ibovespa e guerra comercial"},"content":{"rendered":"<p>A terceira semana do m\u00eas de dezembro contou com not\u00edcias que agitaram tanto o mercado interno quanto o cen\u00e1rio internacional. No Resumo da Semana do <strong>SUNO Not\u00edcias<\/strong> voc\u00ea acompanha todas as not\u00edcias mais relevantes dos \u00faltimos cinco dias.<\/p>\t<div class=\"wrapper-featured-image\">\n\t\t<figure class=\"spotlightImg\">\n\n\t\t\t<picture>\n\t\t\t\t<source media=\"(max-width: 768px)\" srcset=\"https:\/\/files.sunoresearch.com.br\/n\/uploads\/2019\/10\/0fac5b6b-fiat-peugeot-400x200.webp\">\n\t\t\t\t<img loading=\"lazy\" decoding=\"async\" class=\"newsContent__article__imgCapa lazyloadDisabled newsContent__article__imgCapa--noCaption\" src=\"https:\/\/files.sunoresearch.com.br\/n\/uploads\/2019\/10\/0fac5b6b-fiat-peugeot-800x450.webp\" width=\"800\" height=\"450\" alt=\"Resumo da Semana: Fiat e Peugeot; Natura e Avon; Ibovespa e guerra comercial\" fetchpriority=high \/>\n\t\t\t<\/picture>\n\n\t\t\t<figcaption class=\"wp-caption-text wp-caption-text--hide\">Presidente da Fiat afirma que setor de ve\u00edculos recuar\u00e1 15 anos<\/figcaption>\n\t\t<\/figure>\n\t<\/div>\n\n\n\n<p>Em meio aos grandes assuntos em evid\u00eancia nesta semana, como o novo recorde alcan\u00e7ado pelo <strong>Ibovespa<\/strong> e a continua\u00e7\u00e3o da <strong>Guerra<\/strong> <strong>Comercial<\/strong>, a fus\u00e3o entre a <strong>Fiat<\/strong> e a <strong>Peugeot<\/strong> chamou mais a aten\u00e7\u00e3o e \u00e9 o grande destaque do <strong>Resumo da Semana<\/strong>. Al\u00e9m disso, a compra da <strong>Avon<\/strong> pela Natura tamb\u00e9m tomou espa\u00e7o nos jornais nesta semana.<\/p>\n<p>Confira os principais pontos do <strong>Resumo da Semana<\/strong>:<\/p>\n<h2>Fiat e Peugeot<\/h2>\n<p>Para iniciar o<strong> Resumo da Semana, <\/strong>separamos a not\u00edcia sobre a fus\u00e3o entre a italiana Fiat e a francesa Peugeot.<\/p>\n<p>Na ter\u00e7a-feira (17), a ag\u00eancia de not\u00edcias &#8220;Reuters&#8221; afirmou que o conselho de administra\u00e7\u00e3o da montadora francesa <strong>PSA<\/strong> (dona da <strong>Peugeot<\/strong>) e da \u00edtalo-americana <strong>Fiat Chrysler<\/strong> iriam se reunir no mesmo dia para discutirem os pr\u00f3ximos passos da fus\u00e3o.<\/p>\n<p>A ag\u00eancia tamb\u00e9m informou que a <strong>Peugeot<\/strong> e a <strong>Fiat<\/strong> esperavam que esse encontro considerasse um memorando de entendimento para formalizar a fus\u00e3o entre as companhias automobil\u00edsticas.<\/p>\n<p>Dessa forma, na quarta-feira (18), a Fiat e a <strong>PSA<\/strong>, empresa m\u00e3e da <strong>Peugeot<\/strong> e da <strong>Citroen<\/strong>, anunciaram que chegaram a um acordo de fus\u00e3o, avaliado em US$ 50 bilh\u00f5es.<\/p>\n<p>Com a confirma\u00e7\u00e3o do neg\u00f3cio, a nova empresa dever\u00e1 ser a quarta maior montadora do mundo. O faturamento estimado \u00e9 de 170 bilh\u00f5es de euros. A nova companhia ainda n\u00e3o possui nome definido e ter\u00e1 sob seu comando as marcas:<\/p>\n<ul>\n<li><strong>Fiat<\/strong><\/li>\n<li><strong>Jeep<\/strong><\/li>\n<li><strong>Peugeot<\/strong><\/li>\n<li><strong>Citroen<\/strong><\/li>\n<\/ul>\n<p>As fabricantes ainda n\u00e3o anunciaram se as opera\u00e7\u00f5es brasileiras ser\u00e3o impactadas pela fus\u00e3o das empresas. O neg\u00f3cio entre as empresas inclui carros de luxo, SUVs, picapes e comerciais leves. Dessa forma, a nova montadora ir\u00e1 atender desde demandas de carros populares at\u00e9 os carros da categoria &#8220;premium&#8221;. A sede da controladora do grupo ficar\u00e1 na Holanda. O atual presidente da <strong>Fiat<\/strong> <strong>Chrysler<\/strong>, John Elkann, ser\u00e1 o presidente da nova companhia.<\/p>\n\t<p>\n\t\t<a href=\"https:\/\/lp.suno.com.br\/ao\/sessao-estrategica-consultoria-c\/?utm_source=suno-noticias&#038;utm_medium=banner&#038;utm_campaing=banco-master-cdbs\" target=\"_blank\" data-element=\"shortcode-suno-banner\" title=\"Banner SUNO, clique e saiba mais\">\n\t\t\t<picture>\n\t\t\t\t<source media=\"(max-width: 500px)\" srcset=\"https:\/\/files.sunoresearch.com.br\/n\/uploads\/2025\/09\/300x400.webp\">\n\t\t\t\t<img class=\"newsContent__article__imgCapa newsContent__article__imgCapa--banner\"\n\t\t\t\t\tsrc=\"https:\/\/files.sunoresearch.com.br\/n\/uploads\/2025\/09\/SN-DT-1420x240-1.webp\"\n\t\t\t\t\tdata-promo-id=\"624064\"\t\t\t\t\t\t\t\t\t\twidth='1420' height='240'\t\t\t\t\talt=\"https:\/\/files.sunoresearch.com.br\/n\/uploads\/2025\/09\/SN-DT-1420x240-1.webp\"\n\t\t\t\t>\n\t\t\t<\/picture>\n\t\t<\/a>\n\t<\/p>\n\n\n<p>No ano passado, somadas, as empresas fabricaram 8,7 milh\u00f5es de ve\u00edculos. O potencial da nova empresa, entretanto, pode passar dos 13 milh\u00f5es de unidades, de acordo com estimativas da empresa de consultoria LMC Automotive.<\/p>\n<p>Vale destacar que, h\u00e1 cerca de seis meses, a Fiat tentou fazer uma negocia\u00e7\u00e3o parecida com a <strong>Renault<\/strong>, entretanto a opera\u00e7\u00e3o n\u00e3o deu certo. A proposta era parecida e dividia igualmente a participa\u00e7\u00e3o de cada empresa.<\/p>\n<h2>Utiliza\u00e7\u00e3o dos recursos oriundos da fus\u00e3o entre as montadoras<\/h2>\n<p>A fus\u00e3o entre a <strong>Fiat<\/strong> e a <strong>Peugeot<\/strong> ir\u00e1 ajudar as duas companhias a arrecadarem recursos para atenderem as novas regras mais rigorosas de emiss\u00f5es de carbono. Al\u00e9m disso, o neg\u00f3cio tornar\u00e1 mais f\u00e1cil os investimentos em ve\u00edculos el\u00e9tricos e aut\u00f4nomos.<\/p>\n<p>O apoio dos sindicatos da Europa \u00e9 importante para a empresa que ser\u00e1 criada. A <a href=\"https:\/\/www.suno.com.br\/artigos\/joint-venture\/\">joint-venture<\/a> entre <strong>Fiat<\/strong> e Peugeot ir\u00e1 empregar mais de 400 mil funcion\u00e1rios, al\u00e9m de operar centenas de f\u00e1bricas no mundo inteiro, contando inclusive com opera\u00e7\u00e3o no Brasil.<\/p>\n<h2>Natura e Avon<\/h2>\n<p>A <strong>Comiss\u00e3o<\/strong> <strong>Europeia<\/strong> ratificou a compra da Avon pela <strong>Natura<\/strong> (<a href=\"https:\/\/www.suno.com.br\/acoes\/natu3\/\">NATU3<\/a>) no in\u00edcio desta semana. O \u00f3rg\u00e3o executivo da Uni\u00e3o Europeia (UE) concluiu que o neg\u00f3cio n\u00e3o implicar\u00e1 em problemas de concorr\u00eancia no mercado europeu.<\/p>\n<p>Para o \u00f3rg\u00e3o executivo da UE, as atividades resultantes da jun\u00e7\u00e3o das duas empresas [<strong>Avon<\/strong> e Natura] ir\u00e1 apenas culminar em um aumento &#8220;moderado&#8221; da participa\u00e7\u00e3o de mercado na <strong>Europa<\/strong>.<\/p>\n<p>A comiss\u00e3o tamb\u00e9m afirmou que continuar\u00e1 tendo &#8220;uma s\u00e9rie de potentes fornecedores concorrentes em todas as \u00e1reas de produtos relevantes e nos pa\u00edses do Espa\u00e7o Econ\u00f4mico Europeu&#8221;. Dessa forma, a concorr\u00eancia n\u00e3o ser\u00e1 afetada com o neg\u00f3cio.<\/p>\n<h2>Mudan\u00e7a no ticker<\/h2>\n<p>A Natura informou, no mesmo dia da ratifica\u00e7\u00e3o do neg\u00f3cio pela Comiss\u00e3o Europeia, que mudaria de ticker. A gigante brasileira de cosm\u00e9ticos passou a usar o <strong>ticker<\/strong> NTCO3 ao inv\u00e9s do ticker NATU3.<\/p>\n<p>A negocia\u00e7\u00e3o do novo ticker da <strong>Natura<\/strong> come\u00e7ou no 18 de dezembro, sem altera\u00e7\u00e3o de valor ou ajuste. Os detentores de a\u00e7\u00f5es NATU3 no encerramento do preg\u00e3o do dia 17 de dezembro receberam automaticamente o mesmo n\u00famero de pap\u00e9is com o novo ticker NTCO3.<\/p>\n<p>A mudan\u00e7a ocorre por causa da incorpora\u00e7\u00e3o da <strong>Natura Cosm\u00e9ticos<\/strong> pela <strong><a href=\"https:\/\/www.suno.com.br\/artigos\/o-que-e-uma-holding\/\">holding <\/a>Natura&amp;Co.<\/strong> Essas mudan\u00e7as na estrutura societ\u00e1ria foram realizadas ap\u00f3s a aquisi\u00e7\u00e3o da <strong>Avon<\/strong> e em raz\u00e3o de um processo de internacionaliza\u00e7\u00e3o.<\/p>\n<h2>Ibovespa<\/h2>\n<div>\n<p>O <strong>Ibovespa<\/strong> bateu mais um recorde e mais uma vez est\u00e1 entre os destaques do Resumo da Semana. Na \u00faltima quinta-feira (19), o \u00edndice fechou em <strong>alta<\/strong> e atingiu pela primeira vez a casa dos 115 mil pontos. O Ibovespa fechou com varia\u00e7\u00e3o positiva de 0,71%, a 115.131,25 pontos.<\/p>\n<p>O otimismo do mercado ocorreu em meio a informa\u00e7\u00e3o de que o <strong>acordo comercial<\/strong> entre Estados Unidos e China pode ser assinado em janeiro de 2020. Al\u00e9m disso, dados internos tamb\u00e9m motivaram os investidores, como o do Caged.<\/p>\n<h2>Greve dos Caminhoneiros<\/h2>\n<p>A greve dos caminhoneiros tamb\u00e9m agitou a semana e por isso foi escolhida como um dos destaques do <strong>Resumo<\/strong> <strong>da<\/strong> <strong>Semana<\/strong>. Na \u00faltima segunda-feira (16), informa\u00e7\u00f5es de que uma nova greve dos caminhoneiros poderia come\u00e7ar nesta semana, em v\u00e1rias regi\u00f5es do Brasil, tomou conta dos notici\u00e1rios. Apesar de ter ganhado for\u00e7a em grupos de <strong>WhatsApp<\/strong> na \u00faltimas semanas e possuir o apoio da <strong>Confedera\u00e7\u00e3o Nacional dos Trabalhadores em Transportes e Log\u00edsticas (CNTTL), <\/strong>a greve n\u00e3o aconteceu.<\/p>\n<p>O movimento parecia estar dividido. O representante dos caminhoneiros que negociava junto ao governo, <strong>Wallace Landim<\/strong>, o &#8220;Chor\u00e3o&#8221;, disse ao jornal &#8220;O Estado de S.Paulo&#8221; que a classe est\u00e1 sendo alvo de interesses pol\u00edticos e que os principais pedidos dos trabalhadores j\u00e1 tem data para serem atendidos.<\/p>\n<p>\u201cTemos uma pauta importante, que j\u00e1 est\u00e1 na mesa e que tem data para ser atendida. Temos de ter muita seriedade em rela\u00e7\u00e3o ao que est\u00e1 sendo feito. O que est\u00e3o querendo \u00e9 usar o transportador como massa de manobra para um movimento pol\u00edtico\u201d, afirmou.<\/p>\n<p>De acordo com Chor\u00e3o, a <strong>Ag\u00eancia Nacional de Transportes Terrestres (ANTT)<\/strong> se comprometeu em publicar o novo C\u00f3digo Identificador da Opera\u00e7\u00e3o de Transportes (Ciot), medida que pode colaborar com a fiscaliza\u00e7\u00e3o e puni\u00e7\u00e3o de empresas que tem contratado caminhoneiros com pre\u00e7os abaixo do m\u00ednimo estabelecido na tabela do frete.<\/p>\n<p>Outra solicita\u00e7\u00e3o \u00e9 o reajuste do piso m\u00ednimo do <strong>frete.<\/strong> De acordo com Chor\u00e3o, o governo j\u00e1 se comprometeu em realiz\u00e1-lo at\u00e9 20 de janeiro do ano que vem, com a expectativa de que esse aumento fique entre 14% e 18%. Outras negocia\u00e7\u00f5es est\u00e3o em andamento ainda para tratar do pre\u00e7o do <strong>diesel<\/strong>.<\/p>\n<p>Por outro lado, nas redes sociais, representantes da <strong>CUT<\/strong> divulgaram v\u00eddeos em que negavam motiva\u00e7\u00f5es pol\u00edticas. \u201cEst\u00e3o tentando desvirtuar o movimento dos caminhoneiros, com essa hist\u00f3ria de que se trata de um movimento pol\u00edtico. Quem faz isso tenta desmobilizar a classe, \u00e9 covarde\u201d, disse Sandro Cesar, presidente da organiza\u00e7\u00e3o no Rio de Janeiro, em v\u00eddeo compartilhado entre os trabalhadores.<\/p>\n<h2>Motivos para a greve n\u00e3o ter ocorrido<\/h2>\n<p>A <a href=\"https:\/\/www.suno.com.br\/artigos\/o-que-penso-sobre-a-greve-dos-caminhoneiros\/\">greve dos caminhoneiros<\/a> n\u00e3o ocorreu porque, de acordo com as lideran\u00e7as da categoria, os motoristas foram &#8220;omissos&#8221;. Os representantes da categoria afirmaram que os motoristas desistiram de uma nova <strong>greve dos caminhoneiros<\/strong> por conta de um acordo feito com o governo. Al\u00e9m disso, as discord\u00e2ncias pol\u00edticas entre os motoristas contribu\u00edram para que a greve n\u00e3o ocorresse.<\/p>\n<p>&#8220;Os caminheiros foram omissos, como grande parte do povo brasileiro. N\u00f3s s\u00f3 queremos melhorias para a classe e para todos os brasileiros, mas a maioria [dos caminhoneiros] entendeu que n\u00e3o era hora e n\u00e3o quis aderir [\u00e0 paralisa\u00e7\u00e3o]&#8221;, afirmou o caminhoneiro Sergio Henrique Silva, que lidera a categoria na Bahia, em entrevista ao site &#8220;UOL&#8221;.<\/p>\n<h2>Guerra Comercial<\/h2>\n<p>O Resumo da Semana termina com a novela da Guerra Comercial entre Estados Unidos e China.<\/p>\n<p>Na segunda-feira (16) foi noticiado que China decidiu suspender as <strong>tarifas alfandeg\u00e1rias, <\/strong>sobre produtos norte-americanos, que deveriam ser implementadas no \u00faltimo domingo (15).<\/p>\n<p>De acordo com o governo chin\u00eas, a decis\u00e3o veio ap\u00f3s os <strong>Estados Unidos<\/strong> e a <strong>China<\/strong> firmarem a &#8220;fase um&#8221; de um <strong>acordo comercial<\/strong>. No entanto, as tarifas chinesas que j\u00e1 passaram a incidir sobre os produtos norte-americanos ser\u00e3o mantidas.<\/p>\n<p>&#8220;A China espera, com base na igualdade e no respeito m\u00fatuo, trabalhar com os <strong>EUA<\/strong> para resolver adequadamente as preocupa\u00e7\u00f5es de cada um e promover o desenvolvimento est\u00e1vel das rela\u00e7\u00f5es econ\u00f4micas e comerciais dos EUA e da <strong>China<\/strong>&#8220;, informou o Minist\u00e9rio das Finan\u00e7as da China.<\/p>\n<p>O governo americano j\u00e1 havia informado no dia 13 de dezembro que o pa\u00eds manterias as <strong>tarifas<\/strong> de 25% sobre os produtos chineses no valor de US$ 250 bilh\u00f5es.<\/p>\n<p>De acordo com o acordo comercial anunciado na \u00faltima semana entre as duas pot\u00eancias, os <strong>EUA<\/strong> reduzir\u00e3o certas tarifas sobre importa\u00e7\u00f5es da <strong>China<\/strong> em troca de compras chinesas de produtos agr\u00edcolas, manufaturados e de energia.<\/p>\n<\/div>\n<p>Fique ligado no<strong> Resumo<\/strong> <strong>da<\/strong> <strong>Semana<\/strong> da <strong><a href=\"https:\/\/www.youtube.com\/channel\/UCWDeEIDAIi_oYKDiqwfGyRg\">Suno<\/a> Not\u00edcias <\/strong>para ficar por dentro de todas as informa\u00e7\u00f5es mais relevantes dos \u00faltimos dias.<\/p>\n","protected":false},"excerpt":{"rendered":"<p>A terceira semana do m\u00eas de dezembro contou com not\u00edcias que agitaram tanto o mercado interno quanto o cen\u00e1rio internacional. No Resumo da Semana do SUNO Not\u00edcias voc\u00ea acompanha todas as not\u00edcias mais relevantes dos \u00faltimos cinco dias. Presidente da Fiat afirma que setor de ve\u00edculos recuar\u00e1 15 anos Em meio aos grandes assuntos em [&hellip;]<\/p>\n","protected":false},"author":19,"featured_media":42960,"comment_status":"closed","ping_status":"closed","sticky":false,"template":"","format":"standard","meta":[],"categories":[64],"tags":[975,711,793,833,980,574],"suno_strategy":[],"class_list":["post-48469","post","type-post","status-publish","format-standard","has-post-thumbnail","hentry","category-negocios","tag-avon","tag-china","tag-estados-unidos-eua","tag-greve-dos-caminhoneiros","tag-guerra-comercial","tag-natura-ntco3"],"yoast_head":"<!-- This site is optimized with the Yoast SEO plugin v24.4 - https:\/\/yoast.com\/wordpress\/plugins\/seo\/ -->\n<title>Resumo da Semana: Fiat e Peugeot; Natura e Avon; recorde do Ibovespa<\/title>\n<meta name=\"description\" content=\"Resumo da Semana: fus\u00e3o entre Fiat e Peugeot; Natura e Avon; recorde do Ibovespa e guerra comercial EUA x China. Clique e saiba mais.\" \/>\n<meta name=\"robots\" content=\"index, follow, max-snippet:-1, max-image-preview:large, max-video-preview:-1\" \/>\n<link rel=\"canonical\" href=\"https:\/\/www.suno.com.br\/noticias\/resumo-da-semana-fiat-e-peugeot-natura-e-avon-ibovespa-e-guerra-comercial\/\" \/>\n<meta property=\"og:locale\" content=\"pt_BR\" \/>\n<meta property=\"og:type\" content=\"article\" \/>\n<meta property=\"og:title\" content=\"Resumo da Semana: Fiat e Peugeot; Natura e Avon; recorde do Ibovespa\" \/>\n<meta property=\"og:description\" content=\"Resumo da Semana: fus\u00e3o entre Fiat e Peugeot; Natura e Avon; recorde do Ibovespa e guerra comercial EUA x China. Clique e saiba mais.\" \/>\n<meta property=\"og:url\" content=\"https:\/\/www.suno.com.br\/noticias\/resumo-da-semana-fiat-e-peugeot-natura-e-avon-ibovespa-e-guerra-comercial\/\" \/>\n<meta property=\"og:site_name\" content=\"Suno Not\u00edcias\" \/>\n<meta property=\"article:publisher\" content=\"https:\/\/facebook.com\/sunoresearch\" \/>\n<meta property=\"og:image\" content=\"https:\/\/files.sunoresearch.com.br\/n\/uploads\/2019\/10\/0fac5b6b-fiat-peugeot.jpg\" \/>\n\t<meta property=\"og:image:width\" content=\"1108\" \/>\n\t<meta property=\"og:image:height\" content=\"623\" \/>\n\t<meta property=\"og:image:type\" content=\"image\/jpeg\" \/>\n<meta name=\"author\" content=\"Juliano Passaro\" \/>\n<meta name=\"twitter:card\" content=\"summary_large_image\" \/>\n<meta name=\"twitter:creator\" content=\"@sunoresearch\" \/>\n<meta name=\"twitter:site\" content=\"@sunoresearch\" \/>\n<meta name=\"twitter:label1\" content=\"Escrito por\" \/>\n\t<meta name=\"twitter:data1\" content=\"Juliano Passaro\" \/>\n\t<meta name=\"twitter:label2\" content=\"Est. tempo de leitura\" \/>\n\t<meta name=\"twitter:data2\" content=\"8 minutos\" \/>\n<script type=\"application\/ld+json\" class=\"yoast-schema-graph\">{\"@context\":\"https:\/\/schema.org\",\"@graph\":[{\"@type\":\"NewsArticle\",\"@id\":\"https:\/\/www.suno.com.br\/noticias\/resumo-da-semana-fiat-e-peugeot-natura-e-avon-ibovespa-e-guerra-comercial\/#article\",\"isPartOf\":{\"@id\":\"https:\/\/www.suno.com.br\/noticias\/resumo-da-semana-fiat-e-peugeot-natura-e-avon-ibovespa-e-guerra-comercial\/\"},\"author\":{\"name\":\"Juliano Passaro\",\"@id\":\"https:\/\/www.suno.com.br\/noticias\/#\/schema\/person\/1db762f78ffd8919a648a63e425953e3\"},\"headline\":\"Resumo da Semana: Fiat e Peugeot; Natura e Avon; Ibovespa e guerra comercial\",\"datePublished\":\"2019-12-21T14:00:18+00:00\",\"dateModified\":\"2021-05-11T00:05:51+00:00\",\"mainEntityOfPage\":{\"@id\":\"https:\/\/www.suno.com.br\/noticias\/resumo-da-semana-fiat-e-peugeot-natura-e-avon-ibovespa-e-guerra-comercial\/\"},\"wordCount\":1632,\"publisher\":{\"@id\":\"https:\/\/www.suno.com.br\/noticias\/#organization\"},\"image\":{\"@id\":\"https:\/\/www.suno.com.br\/noticias\/resumo-da-semana-fiat-e-peugeot-natura-e-avon-ibovespa-e-guerra-comercial\/#primaryimage\"},\"thumbnailUrl\":\"https:\/\/files.sunoresearch.com.br\/n\/uploads\/2019\/10\/0fac5b6b-fiat-peugeot-jpg.webp\",\"keywords\":[\"Avon\",\"China\",\"Estados Unidos (EUA)\",\"greve dos caminhoneiros\",\"guerra comercial\",\"Natura (NTCO3)\"],\"articleSection\":[\"Neg\u00f3cios\"],\"inLanguage\":\"pt-BR\"},{\"@type\":\"WebPage\",\"@id\":\"https:\/\/www.suno.com.br\/noticias\/resumo-da-semana-fiat-e-peugeot-natura-e-avon-ibovespa-e-guerra-comercial\/\",\"url\":\"https:\/\/www.suno.com.br\/noticias\/resumo-da-semana-fiat-e-peugeot-natura-e-avon-ibovespa-e-guerra-comercial\/\",\"name\":\"Resumo da Semana: Fiat e Peugeot; Natura e Avon; recorde do Ibovespa\",\"isPartOf\":{\"@id\":\"https:\/\/www.suno.com.br\/noticias\/#website\"},\"primaryImageOfPage\":{\"@id\":\"https:\/\/www.suno.com.br\/noticias\/resumo-da-semana-fiat-e-peugeot-natura-e-avon-ibovespa-e-guerra-comercial\/#primaryimage\"},\"image\":{\"@id\":\"https:\/\/www.suno.com.br\/noticias\/resumo-da-semana-fiat-e-peugeot-natura-e-avon-ibovespa-e-guerra-comercial\/#primaryimage\"},\"thumbnailUrl\":\"https:\/\/files.sunoresearch.com.br\/n\/uploads\/2019\/10\/0fac5b6b-fiat-peugeot-jpg.webp\",\"datePublished\":\"2019-12-21T14:00:18+00:00\",\"dateModified\":\"2021-05-11T00:05:51+00:00\",\"description\":\"Resumo da Semana: fus\u00e3o entre Fiat e Peugeot; Natura e Avon; recorde do Ibovespa e guerra comercial EUA x China. Clique e saiba mais.\",\"breadcrumb\":{\"@id\":\"https:\/\/www.suno.com.br\/noticias\/resumo-da-semana-fiat-e-peugeot-natura-e-avon-ibovespa-e-guerra-comercial\/#breadcrumb\"},\"inLanguage\":\"pt-BR\",\"potentialAction\":[{\"@type\":\"ReadAction\",\"target\":[\"https:\/\/www.suno.com.br\/noticias\/resumo-da-semana-fiat-e-peugeot-natura-e-avon-ibovespa-e-guerra-comercial\/\"]}]},{\"@type\":\"ImageObject\",\"inLanguage\":\"pt-BR\",\"@id\":\"https:\/\/www.suno.com.br\/noticias\/resumo-da-semana-fiat-e-peugeot-natura-e-avon-ibovespa-e-guerra-comercial\/#primaryimage\",\"url\":\"https:\/\/files.sunoresearch.com.br\/n\/uploads\/2019\/10\/0fac5b6b-fiat-peugeot-jpg.webp\",\"contentUrl\":\"https:\/\/files.sunoresearch.com.br\/n\/uploads\/2019\/10\/0fac5b6b-fiat-peugeot-jpg.webp\",\"width\":1108,\"height\":623,\"caption\":\"Presidente da Fiat afirma que setor de ve\u00edculos recuar\u00e1 15 anos\"},{\"@type\":\"BreadcrumbList\",\"@id\":\"https:\/\/www.suno.com.br\/noticias\/resumo-da-semana-fiat-e-peugeot-natura-e-avon-ibovespa-e-guerra-comercial\/#breadcrumb\",\"itemListElement\":[{\"@type\":\"ListItem\",\"position\":1,\"name\":\"Not\u00edcias\",\"item\":\"https:\/\/www.suno.com.br\/noticias\/\"},{\"@type\":\"ListItem\",\"position\":2,\"name\":\"Neg\u00f3cios\",\"item\":\"https:\/\/www.suno.com.br\/noticias\/negocios\/\"},{\"@type\":\"ListItem\",\"position\":3,\"name\":\"Resumo da Semana: Fiat e Peugeot; Natura e Avon; Ibovespa e guerra comercial\"}]},{\"@type\":\"WebSite\",\"@id\":\"https:\/\/www.suno.com.br\/noticias\/#website\",\"url\":\"https:\/\/www.suno.com.br\/noticias\/\",\"name\":\"Suno Not\u00edcias\",\"description\":\"Seu portal de informa\u00e7\u00e3o sobre o mundo dos investimentos\",\"publisher\":{\"@id\":\"https:\/\/www.suno.com.br\/noticias\/#organization\"},\"potentialAction\":[{\"@type\":\"SearchAction\",\"target\":{\"@type\":\"EntryPoint\",\"urlTemplate\":\"https:\/\/www.suno.com.br\/noticias\/?s={search_term_string}\"},\"query-input\":{\"@type\":\"PropertyValueSpecification\",\"valueRequired\":true,\"valueName\":\"search_term_string\"}}],\"inLanguage\":\"pt-BR\"},{\"@type\":\"Organization\",\"@id\":\"https:\/\/www.suno.com.br\/noticias\/#organization\",\"name\":\"Suno Not\u00edcias\",\"url\":\"https:\/\/www.suno.com.br\/noticias\/\",\"logo\":{\"@type\":\"ImageObject\",\"inLanguage\":\"pt-BR\",\"@id\":\"https:\/\/www.suno.com.br\/noticias\/#\/schema\/logo\/image\/\",\"url\":\"https:\/\/files.sunoresearch.com.br\/n\/uploads\/2021\/09\/suno-logo.png\",\"contentUrl\":\"https:\/\/files.sunoresearch.com.br\/n\/uploads\/2021\/09\/suno-logo.png\",\"width\":180,\"height\":180,\"caption\":\"Suno Not\u00edcias\"},\"image\":{\"@id\":\"https:\/\/www.suno.com.br\/noticias\/#\/schema\/logo\/image\/\"},\"sameAs\":[\"https:\/\/facebook.com\/sunoresearch\",\"https:\/\/x.com\/sunoresearch\",\"https:\/\/www.instagram.com\/suno\",\"https:\/\/www.linkedin.com\/company\/suno-research\/\",\"https:\/\/www.youtube.com\/c\/sunoresearch\"]},{\"@type\":\"Person\",\"@id\":\"https:\/\/www.suno.com.br\/noticias\/#\/schema\/person\/1db762f78ffd8919a648a63e425953e3\",\"name\":\"Juliano Passaro\",\"image\":{\"@type\":\"ImageObject\",\"inLanguage\":\"pt-BR\",\"@id\":\"https:\/\/www.suno.com.br\/noticias\/#\/schema\/person\/image\/\",\"url\":\"https:\/\/secure.gravatar.com\/avatar\/743d4df28eebf6dcc46b4ad03c319e92?s=96&r=g\",\"contentUrl\":\"https:\/\/secure.gravatar.com\/avatar\/743d4df28eebf6dcc46b4ad03c319e92?s=96&r=g\",\"caption\":\"Juliano Passaro\"},\"description\":\"Juliano Passaro escreve sobre pol\u00edtica, economia e neg\u00f3cios para o portal da Suno Research. Antes da Suno, trabalhou no Portal da Band. \u00c9 formado em jornalismo pela Universidade Presbiteriana Mackenzie.\",\"url\":\"https:\/\/www.suno.com.br\/noticias\/author\/juliano\/\"}]}<\/script>\n<!-- \/ Yoast SEO plugin. -->","yoast_head_json":{"title":"Resumo da Semana: Fiat e Peugeot; Natura e Avon; recorde do Ibovespa","description":"Resumo da Semana: fus\u00e3o entre Fiat e Peugeot; Natura e Avon; recorde do Ibovespa e guerra comercial EUA x China. Clique e saiba mais.","robots":{"index":"index","follow":"follow","max-snippet":"max-snippet:-1","max-image-preview":"max-image-preview:large","max-video-preview":"max-video-preview:-1"},"canonical":"https:\/\/www.suno.com.br\/noticias\/resumo-da-semana-fiat-e-peugeot-natura-e-avon-ibovespa-e-guerra-comercial\/","og_locale":"pt_BR","og_type":"article","og_title":"Resumo da Semana: Fiat e Peugeot; Natura e Avon; recorde do Ibovespa","og_description":"Resumo da Semana: fus\u00e3o entre Fiat e Peugeot; Natura e Avon; recorde do Ibovespa e guerra comercial EUA x China. Clique e saiba mais.","og_url":"https:\/\/www.suno.com.br\/noticias\/resumo-da-semana-fiat-e-peugeot-natura-e-avon-ibovespa-e-guerra-comercial\/","og_site_name":"Suno Not\u00edcias","article_publisher":"https:\/\/facebook.com\/sunoresearch","og_image":[{"width":1108,"height":623,"url":"https:\/\/files.sunoresearch.com.br\/n\/uploads\/2019\/10\/0fac5b6b-fiat-peugeot.jpg","type":"image\/jpeg"}],"author":"Juliano Passaro","twitter_card":"summary_large_image","twitter_creator":"@sunoresearch","twitter_site":"@sunoresearch","twitter_misc":{"Escrito por":"Juliano Passaro","Est. tempo de leitura":"8 minutos"},"schema":{"@context":"https:\/\/schema.org","@graph":[{"@type":"NewsArticle","@id":"https:\/\/www.suno.com.br\/noticias\/resumo-da-semana-fiat-e-peugeot-natura-e-avon-ibovespa-e-guerra-comercial\/#article","isPartOf":{"@id":"https:\/\/www.suno.com.br\/noticias\/resumo-da-semana-fiat-e-peugeot-natura-e-avon-ibovespa-e-guerra-comercial\/"},"author":{"name":"Juliano Passaro","@id":"https:\/\/www.suno.com.br\/noticias\/#\/schema\/person\/1db762f78ffd8919a648a63e425953e3"},"headline":"Resumo da Semana: Fiat e Peugeot; Natura e Avon; Ibovespa e guerra comercial","datePublished":"2019-12-21T14:00:18+00:00","dateModified":"2021-05-11T00:05:51+00:00","mainEntityOfPage":{"@id":"https:\/\/www.suno.com.br\/noticias\/resumo-da-semana-fiat-e-peugeot-natura-e-avon-ibovespa-e-guerra-comercial\/"},"wordCount":1632,"publisher":{"@id":"https:\/\/www.suno.com.br\/noticias\/#organization"},"image":{"@id":"https:\/\/www.suno.com.br\/noticias\/resumo-da-semana-fiat-e-peugeot-natura-e-avon-ibovespa-e-guerra-comercial\/#primaryimage"},"thumbnailUrl":"https:\/\/files.sunoresearch.com.br\/n\/uploads\/2019\/10\/0fac5b6b-fiat-peugeot-jpg.webp","keywords":["Avon","China","Estados Unidos (EUA)","greve dos caminhoneiros","guerra comercial","Natura (NTCO3)"],"articleSection":["Neg\u00f3cios"],"inLanguage":"pt-BR"},{"@type":"WebPage","@id":"https:\/\/www.suno.com.br\/noticias\/resumo-da-semana-fiat-e-peugeot-natura-e-avon-ibovespa-e-guerra-comercial\/","url":"https:\/\/www.suno.com.br\/noticias\/resumo-da-semana-fiat-e-peugeot-natura-e-avon-ibovespa-e-guerra-comercial\/","name":"Resumo da Semana: Fiat e Peugeot; Natura e Avon; recorde do Ibovespa","isPartOf":{"@id":"https:\/\/www.suno.com.br\/noticias\/#website"},"primaryImageOfPage":{"@id":"https:\/\/www.suno.com.br\/noticias\/resumo-da-semana-fiat-e-peugeot-natura-e-avon-ibovespa-e-guerra-comercial\/#primaryimage"},"image":{"@id":"https:\/\/www.suno.com.br\/noticias\/resumo-da-semana-fiat-e-peugeot-natura-e-avon-ibovespa-e-guerra-comercial\/#primaryimage"},"thumbnailUrl":"https:\/\/files.sunoresearch.com.br\/n\/uploads\/2019\/10\/0fac5b6b-fiat-peugeot-jpg.webp","datePublished":"2019-12-21T14:00:18+00:00","dateModified":"2021-05-11T00:05:51+00:00","description":"Resumo da Semana: fus\u00e3o entre Fiat e Peugeot; Natura e Avon; recorde do Ibovespa e guerra comercial EUA x China. Clique e saiba mais.","breadcrumb":{"@id":"https:\/\/www.suno.com.br\/noticias\/resumo-da-semana-fiat-e-peugeot-natura-e-avon-ibovespa-e-guerra-comercial\/#breadcrumb"},"inLanguage":"pt-BR","potentialAction":[{"@type":"ReadAction","target":["https:\/\/www.suno.com.br\/noticias\/resumo-da-semana-fiat-e-peugeot-natura-e-avon-ibovespa-e-guerra-comercial\/"]}]},{"@type":"ImageObject","inLanguage":"pt-BR","@id":"https:\/\/www.suno.com.br\/noticias\/resumo-da-semana-fiat-e-peugeot-natura-e-avon-ibovespa-e-guerra-comercial\/#primaryimage","url":"https:\/\/files.sunoresearch.com.br\/n\/uploads\/2019\/10\/0fac5b6b-fiat-peugeot-jpg.webp","contentUrl":"https:\/\/files.sunoresearch.com.br\/n\/uploads\/2019\/10\/0fac5b6b-fiat-peugeot-jpg.webp","width":1108,"height":623,"caption":"Presidente da Fiat afirma que setor de ve\u00edculos recuar\u00e1 15 anos"},{"@type":"BreadcrumbList","@id":"https:\/\/www.suno.com.br\/noticias\/resumo-da-semana-fiat-e-peugeot-natura-e-avon-ibovespa-e-guerra-comercial\/#breadcrumb","itemListElement":[{"@type":"ListItem","position":1,"name":"Not\u00edcias","item":"https:\/\/www.suno.com.br\/noticias\/"},{"@type":"ListItem","position":2,"name":"Neg\u00f3cios","item":"https:\/\/www.suno.com.br\/noticias\/negocios\/"},{"@type":"ListItem","position":3,"name":"Resumo da Semana: Fiat e Peugeot; Natura e Avon; Ibovespa e guerra comercial"}]},{"@type":"WebSite","@id":"https:\/\/www.suno.com.br\/noticias\/#website","url":"https:\/\/www.suno.com.br\/noticias\/","name":"Suno Not\u00edcias","description":"Seu portal de informa\u00e7\u00e3o sobre o mundo dos investimentos","publisher":{"@id":"https:\/\/www.suno.com.br\/noticias\/#organization"},"potentialAction":[{"@type":"SearchAction","target":{"@type":"EntryPoint","urlTemplate":"https:\/\/www.suno.com.br\/noticias\/?s={search_term_string}"},"query-input":{"@type":"PropertyValueSpecification","valueRequired":true,"valueName":"search_term_string"}}],"inLanguage":"pt-BR"},{"@type":"Organization","@id":"https:\/\/www.suno.com.br\/noticias\/#organization","name":"Suno Not\u00edcias","url":"https:\/\/www.suno.com.br\/noticias\/","logo":{"@type":"ImageObject","inLanguage":"pt-BR","@id":"https:\/\/www.suno.com.br\/noticias\/#\/schema\/logo\/image\/","url":"https:\/\/files.sunoresearch.com.br\/n\/uploads\/2021\/09\/suno-logo.png","contentUrl":"https:\/\/files.sunoresearch.com.br\/n\/uploads\/2021\/09\/suno-logo.png","width":180,"height":180,"caption":"Suno Not\u00edcias"},"image":{"@id":"https:\/\/www.suno.com.br\/noticias\/#\/schema\/logo\/image\/"},"sameAs":["https:\/\/facebook.com\/sunoresearch","https:\/\/x.com\/sunoresearch","https:\/\/www.instagram.com\/suno","https:\/\/www.linkedin.com\/company\/suno-research\/","https:\/\/www.youtube.com\/c\/sunoresearch"]},{"@type":"Person","@id":"https:\/\/www.suno.com.br\/noticias\/#\/schema\/person\/1db762f78ffd8919a648a63e425953e3","name":"Juliano Passaro","image":{"@type":"ImageObject","inLanguage":"pt-BR","@id":"https:\/\/www.suno.com.br\/noticias\/#\/schema\/person\/image\/","url":"https:\/\/secure.gravatar.com\/avatar\/743d4df28eebf6dcc46b4ad03c319e92?s=96&r=g","contentUrl":"https:\/\/secure.gravatar.com\/avatar\/743d4df28eebf6dcc46b4ad03c319e92?s=96&r=g","caption":"Juliano Passaro"},"description":"Juliano Passaro escreve sobre pol\u00edtica, economia e neg\u00f3cios para o portal da Suno Research. Antes da Suno, trabalhou no Portal da Band. \u00c9 formado em jornalismo pela Universidade Presbiteriana Mackenzie.","url":"https:\/\/www.suno.com.br\/noticias\/author\/juliano\/"}]}},"default_loop_html":"<div class=\"cardsPage__listCard__boxs\"><div class=\"cardsPage__listCard__boxs__img\"><a href=\"https:\/\/www.suno.com.br\/noticias\/resumo-da-semana-fiat-e-peugeot-natura-e-avon-ibovespa-e-guerra-comercial\/\"><img class=\"mask\" src=\"https:\/\/www.suno.com.br\/noticias\/wp-content\/themes\/suno\/resources\/images\/spotlight\/spotlight1img\/bg-mask.png\" alt=\"Image Mask\"\/><img src=\"https:\/\/files.sunoresearch.com.br\/n\/uploads\/2019\/10\/0fac5b6b-fiat-peugeot-400x200.webp\" alt=\"Resumo da Semana: Fiat e Peugeot; Natura e Avon; Ibovespa e guerra comercial\"\/><\/a><span class=\"spotlightCategory\"><a href=\"https:\/\/www.suno.com.br\/noticias\/negocios\/\">Neg\u00f3cios<\/a><\/span><\/div><div class=\"cardsPage__listCard__boxs__content\"><a href=\"https:\/\/www.suno.com.br\/noticias\/resumo-da-semana-fiat-e-peugeot-natura-e-avon-ibovespa-e-guerra-comercial\/\"><h2 class=\"content__title\">Resumo da Semana: Fiat e Peugeot; Natura e Avon; Ibovespa e guerra comercial<\/h2><\/a><div class=\"newsContent__article__meta\"><div class=\"newsContent__article__meta__authorBox\"><a href=\"https:\/\/www.suno.com.br\/noticias\/author\/juliano\/\" class=\"authorBox__avatar noMobi\"><img src=\"https:\/\/files.sunoresearch.com.br\/n\/uploads\/2019\/06\/7cc3efea-whatsapp-image-2019-07-18-at-21.59.33-e1563499821209-150x150.webp\" alt=\"Juliano Passaro\"><\/a><div class=\"authorBox__name\"><span>por\n\t\t\t<a href=\"https:\/\/www.suno.com.br\/noticias\/author\/juliano\/\"><span itemprop=\"author\">Juliano Passaro<\/span><\/a><\/span><time datetime=\"2019-12-21T12:00:18-03:00\" itemprop=\"datePublished\">21\/12\/2019 12:00<\/time><\/div><\/div><\/div><\/div><\/div>","single_layout":"posts","amp_enabled":true,"_links":{"self":[{"href":"https:\/\/www.suno.com.br\/noticias\/wp-json\/wp\/v2\/posts\/48469"}],"collection":[{"href":"https:\/\/www.suno.com.br\/noticias\/wp-json\/wp\/v2\/posts"}],"about":[{"href":"https:\/\/www.suno.com.br\/noticias\/wp-json\/wp\/v2\/types\/post"}],"author":[{"embeddable":true,"href":"https:\/\/www.suno.com.br\/noticias\/wp-json\/wp\/v2\/users\/19"}],"replies":[{"embeddable":true,"href":"https:\/\/www.suno.com.br\/noticias\/wp-json\/wp\/v2\/comments?post=48469"}],"version-history":[{"count":1,"href":"https:\/\/www.suno.com.br\/noticias\/wp-json\/wp\/v2\/posts\/48469\/revisions"}],"predecessor-version":[{"id":146704,"href":"https:\/\/www.suno.com.br\/noticias\/wp-json\/wp\/v2\/posts\/48469\/revisions\/146704"}],"wp:featuredmedia":[{"embeddable":true,"href":"https:\/\/www.suno.com.br\/noticias\/wp-json\/wp\/v2\/media\/42960"}],"wp:attachment":[{"href":"https:\/\/www.suno.com.br\/noticias\/wp-json\/wp\/v2\/media?parent=48469"}],"wp:term":[{"taxonomy":"category","embeddable":true,"href":"https:\/\/www.suno.com.br\/noticias\/wp-json\/wp\/v2\/categories?post=48469"},{"taxonomy":"post_tag","embeddable":true,"href":"https:\/\/www.suno.com.br\/noticias\/wp-json\/wp\/v2\/tags?post=48469"},{"taxonomy":"suno_strategy","embeddable":true,"href":"https:\/\/www.suno.com.br\/noticias\/wp-json\/wp\/v2\/suno_strategy?post=48469"}],"curies":[{"name":"wp","href":"https:\/\/api.w.org\/{rel}","templated":true}]}}