{"id":48453,"date":"2019-12-19T22:24:10","date_gmt":"2019-12-20T00:24:10","guid":{"rendered":"https:\/\/www.suno.com.br\/noticias\/?p=48453"},"modified":"2019-12-19T22:24:10","modified_gmt":"2019-12-20T00:24:10","slug":"unipar-fitch-aa-perspectiva-estavel","status":"publish","type":"post","link":"https:\/\/www.suno.com.br\/noticias\/unipar-fitch-aa-perspectiva-estavel\/","title":{"rendered":"Unipar: Fitch eleva rating da empresa para &#8220;AA&#8221; com perspectiva est\u00e1vel"},"content":{"rendered":"<p>A ag\u00eancia de classifica\u00e7\u00e3o de risco de cr\u00e9dito <strong>Fitch<\/strong> <strong>Rating<\/strong> elevou, nesta quinta-feira (19), a nota de <strong>Longo<\/strong> <strong>Prazo<\/strong> da <a href=\"https:\/\/www.suno.com.br\/acoes\/unip6\/\">Unipar (UNIP6<\/a>) de <strong>AA-<\/strong> para <strong>AA<\/strong> assim como as de suas quarta e quinta emiss\u00f5es de deb\u00eantures, com <strong>Perspectiva<\/strong> <strong>Est\u00e1vel<\/strong>.<\/p>\t<div class=\"wrapper-featured-image\">\n\t\t<figure class=\"spotlightImg\">\n\n\t\t\t<picture>\n\t\t\t\t<source media=\"(max-width: 768px)\" srcset=\"https:\/\/files.sunoresearch.com.br\/n\/uploads\/2019\/11\/b66bc6f6-unipar-400x200.webp\">\n\t\t\t\t<img loading=\"lazy\" decoding=\"async\" class=\"newsContent__article__imgCapa lazyloadDisabled newsContent__article__imgCapa--noCaption\" src=\"https:\/\/files.sunoresearch.com.br\/n\/uploads\/2019\/11\/b66bc6f6-unipar-800x450.webp\" width=\"800\" height=\"450\" alt=\"Unipar: Fitch eleva rating da empresa para &#8220;AA&#8221; com perspectiva est\u00e1vel\" fetchpriority=high \/>\n\t\t\t<\/picture>\n\n\t\t\t<figcaption class=\"wp-caption-text wp-caption-text--hide\">Unipar (UNIP6). Foto: Divulga\u00e7\u00e3o.<\/figcaption>\n\t\t<\/figure>\n\t<\/div>\n\n\n\n<p>\u201cA eleva\u00e7\u00e3o do rating \u00e9 fruto de uma consistente gera\u00e7\u00e3o de caixa alinhada com a estrat\u00e9gia de desalavancagem, aloca\u00e7\u00e3o de capital e gest\u00e3o de custos. Este movimento refor\u00e7a o nosso comprometimento de atua\u00e7\u00e3o respons\u00e1vel, num setor de capital intensivo\u201d, declarou <strong>Christian Schnitzlein<\/strong>, Diretor Executivo Financeiro e de Rela\u00e7\u00f5es com Investidores da <strong>Unipar<\/strong>.<\/p>\n<p>Segundo o relat\u00f3rio da <strong>Fitch<\/strong>, &#8220;a eleva\u00e7\u00e3o do rating condiz a relevante redu\u00e7\u00e3o de endividamento financeiro l\u00edquido da Unipar nos \u00faltimos dois anos, suportada por fortes <strong>fluxos de caixa<\/strong> (<strong>FCF<\/strong>) no per\u00edodo, e tamb\u00e9m considera a capacidade da companhia de manter o perfil financeiro e as m\u00e9tricas de cr\u00e9dito conservadores e gerar FCFs positivos, mesmo em per\u00edodos de forte baixa do ciclo de pre\u00e7o da soda e do <strong>PVC<\/strong>, conforme \u00e9 esperado pela Fitch ao menos para os pr\u00f3ximos dois a tr\u00eas anos.&#8221;<\/p>\n<p>O relat\u00f3rio ainda explica que: &#8220;A Perspectiva Est\u00e1vel \u00e9 suportada pela expectativa de que a <strong>Unipar<\/strong> mantenha sua posi\u00e7\u00e3o de destaque no mercado sul-americano de soda-cloro e PVC e de que continue entregando adequada gera\u00e7\u00e3o operacional de caixa, baixo consumo de investimentos e fortes m\u00e9tricas de cr\u00e9dito nos pr\u00f3ximos anos.&#8221;<\/p>\n<h2>Balan\u00e7o do 3T19 da Unipar<\/h2>\n<p>A Unipar divulgou o seu balan\u00e7o trimestral em novembro. A companhia reportou um <a href=\"https:\/\/www.suno.com.br\/artigos\/prejuizos-acumulados\/\"><strong>preju\u00edzo<\/strong><\/a> de R$ 22,31 milh\u00f5es. No mesmo per\u00edodo de 2018, foi apresentado um <a href=\"https:\/\/www.suno.com.br\/artigos\/lucro-liquido\/\">lucro l\u00edquido<\/a> de R$ 146,31 milh\u00f5es.<\/p>\n<p><a href=\"https:\/\/www.suno.com.br\/noticias\/unipar-prejuizo-22-milhoes-3t19\/\">Saiba mais: Unipar reverte lucro e apresenta preju\u00edzo de R$ 22,3 milh\u00f5es no 3T19<\/a><\/p>\n<p>No documento publicado, a <strong>Unipar<\/strong> destacou a <a href=\"https:\/\/www.suno.com.br\/artigos\/o-que-receita-liquida\/\">receita l\u00edquida<\/a> consolidada, que chegou a R$ 731,8 milh\u00f5es no terceiro trimestre. Na compara\u00e7\u00e3o anualizada, no entanto, teve uma queda de 7,5%, quando foi apresentada uma receita de R$ 791,05. No acumulado do ano, o indicador atingiu R$ 2,25 bilh\u00f5es, queda de 11,5% em compara\u00e7\u00e3o com os nove primeiros meses do ano passado.<\/p>\n\t<p>\n\t\t<a href=\"https:\/\/lp.suno.com.br\/ebook-investindo-em-fiis\/\" target=\"_blank\" data-element=\"shortcode-suno-banner\" title=\"Banner SUNO, clique e saiba mais\">\n\t\t\t<picture>\n\t\t\t\t<source media=\"(max-width: 500px)\" srcset=\"https:\/\/files.sunoresearch.com.br\/n\/uploads\/2023\/07\/Ebook-Fundos-Imobiliarios-Mobile.jpg\">\n\t\t\t\t<img class=\"newsContent__article__imgCapa newsContent__article__imgCapa--banner\"\n\t\t\t\t\tsrc=\"https:\/\/files.sunoresearch.com.br\/n\/uploads\/2023\/07\/Ebook-Fundos-Imobiliarios-Desktop.jpg\"\n\t\t\t\t\tdata-promo-id=\"378301\"\t\t\t\t\t\t\t\t\t\twidth='1420' height='286'\t\t\t\t\talt=\"https:\/\/files.sunoresearch.com.br\/n\/uploads\/2023\/07\/Ebook-Fundos-Imobiliarios-Desktop.jpg\"\n\t\t\t\t>\n\t\t\t<\/picture>\n\t\t<\/a>\n\t<\/p>\n\n\n<p>O <a href=\"https:\/\/www.suno.com.br\/artigos\/ebitda\/\"><strong>Ebitda<\/strong><\/a> (lucro antes de juros, impostos, deprecia\u00e7\u00e3o e amortiza\u00e7\u00e3o) foi a R$ 157,97 milh\u00f5es, uma queda de 35,6%. O Ebitda da <strong>Unipar<\/strong> foi de R$ 29,7 milh\u00f5es, queda de 86,9%, e R$ 180 milh\u00f5es nos 9M19, influenciado pela queda nas receitas decorrentes de queda nos pre\u00e7os e volumes.<\/p>\n\n","protected":false},"excerpt":{"rendered":"<p>A ag\u00eancia de classifica\u00e7\u00e3o de risco de cr\u00e9dito Fitch Rating elevou, nesta quinta-feira (19), a nota de Longo Prazo da Unipar (UNIP6) de AA- para AA assim como as de suas quarta e quinta emiss\u00f5es de deb\u00eantures, com Perspectiva Est\u00e1vel. Unipar (UNIP6). Foto: Divulga\u00e7\u00e3o. \u201cA eleva\u00e7\u00e3o do rating \u00e9 fruto de uma consistente gera\u00e7\u00e3o de [&hellip;]<\/p>\n","protected":false},"author":23,"featured_media":44780,"comment_status":"closed","ping_status":"closed","sticky":false,"template":"","format":"standard","meta":[],"categories":[64],"tags":[1277,673],"suno_strategy":[],"class_list":["post-48453","post","type-post","status-publish","format-standard","has-post-thumbnail","hentry","category-negocios","tag-fitch","tag-unipar-unip3-unip5-unip6"],"yoast_head":"<!-- This site is optimized with the Yoast SEO plugin v24.4 - https:\/\/yoast.com\/wordpress\/plugins\/seo\/ -->\n<title>Unipar: Fitch eleva rating da empresa para &quot;AA&quot; com perspectiva est\u00e1vel<\/title>\n<meta name=\"description\" content=\"A Fitch Rating elevou a nota de Longo Prazo da Unipar de AA- para AA, com Perspectiva Est\u00e1vel. Clique aqui para saber mais.\" \/>\n<meta name=\"robots\" content=\"index, follow, max-snippet:-1, max-image-preview:large, max-video-preview:-1\" \/>\n<link rel=\"canonical\" href=\"https:\/\/www.suno.com.br\/noticias\/unipar-fitch-aa-perspectiva-estavel\/\" \/>\n<meta property=\"og:locale\" content=\"pt_BR\" \/>\n<meta property=\"og:type\" content=\"article\" \/>\n<meta property=\"og:title\" content=\"Unipar: Fitch eleva rating da empresa para &quot;AA&quot; com perspectiva est\u00e1vel\" \/>\n<meta property=\"og:description\" content=\"A Fitch Rating elevou a nota de Longo Prazo da Unipar de AA- para AA, com Perspectiva Est\u00e1vel. Clique aqui para saber mais.\" \/>\n<meta property=\"og:url\" content=\"https:\/\/www.suno.com.br\/noticias\/unipar-fitch-aa-perspectiva-estavel\/\" \/>\n<meta property=\"og:site_name\" content=\"Suno Not\u00edcias\" \/>\n<meta property=\"article:publisher\" content=\"https:\/\/facebook.com\/sunoresearch\" \/>\n<meta property=\"og:image\" content=\"https:\/\/files.sunoresearch.com.br\/n\/uploads\/2019\/11\/b66bc6f6-unipar.jpg\" \/>\n\t<meta property=\"og:image:width\" content=\"1380\" \/>\n\t<meta property=\"og:image:height\" content=\"920\" \/>\n\t<meta property=\"og:image:type\" content=\"image\/jpeg\" \/>\n<meta name=\"author\" content=\"Rafael Lara\" \/>\n<meta name=\"twitter:card\" content=\"summary_large_image\" \/>\n<meta name=\"twitter:creator\" content=\"@sunoresearch\" \/>\n<meta name=\"twitter:site\" content=\"@sunoresearch\" \/>\n<meta name=\"twitter:label1\" content=\"Escrito por\" \/>\n\t<meta name=\"twitter:data1\" content=\"Rafael Lara\" \/>\n\t<meta name=\"twitter:label2\" content=\"Est. tempo de leitura\" \/>\n\t<meta name=\"twitter:data2\" content=\"2 minutos\" \/>\n<script type=\"application\/ld+json\" class=\"yoast-schema-graph\">{\"@context\":\"https:\/\/schema.org\",\"@graph\":[{\"@type\":\"NewsArticle\",\"@id\":\"https:\/\/www.suno.com.br\/noticias\/unipar-fitch-aa-perspectiva-estavel\/#article\",\"isPartOf\":{\"@id\":\"https:\/\/www.suno.com.br\/noticias\/unipar-fitch-aa-perspectiva-estavel\/\"},\"author\":{\"name\":\"Rafael Lara\",\"@id\":\"https:\/\/www.suno.com.br\/noticias\/#\/schema\/person\/098743caeed97b37f51315c9576c4078\"},\"headline\":\"Unipar: Fitch eleva rating da empresa para &#8220;AA&#8221; com perspectiva est\u00e1vel\",\"datePublished\":\"2019-12-20T00:24:10+00:00\",\"mainEntityOfPage\":{\"@id\":\"https:\/\/www.suno.com.br\/noticias\/unipar-fitch-aa-perspectiva-estavel\/\"},\"wordCount\":444,\"publisher\":{\"@id\":\"https:\/\/www.suno.com.br\/noticias\/#organization\"},\"image\":{\"@id\":\"https:\/\/www.suno.com.br\/noticias\/unipar-fitch-aa-perspectiva-estavel\/#primaryimage\"},\"thumbnailUrl\":\"https:\/\/files.sunoresearch.com.br\/n\/uploads\/2019\/11\/b66bc6f6-unipar-jpg.webp\",\"keywords\":[\"Fitch\",\"Unipar (UNIP3\/UNIP5\/UNIP6)\"],\"articleSection\":[\"Neg\u00f3cios\"],\"inLanguage\":\"pt-BR\"},{\"@type\":\"WebPage\",\"@id\":\"https:\/\/www.suno.com.br\/noticias\/unipar-fitch-aa-perspectiva-estavel\/\",\"url\":\"https:\/\/www.suno.com.br\/noticias\/unipar-fitch-aa-perspectiva-estavel\/\",\"name\":\"Unipar: Fitch eleva rating da empresa para \\\"AA\\\" com perspectiva est\u00e1vel\",\"isPartOf\":{\"@id\":\"https:\/\/www.suno.com.br\/noticias\/#website\"},\"primaryImageOfPage\":{\"@id\":\"https:\/\/www.suno.com.br\/noticias\/unipar-fitch-aa-perspectiva-estavel\/#primaryimage\"},\"image\":{\"@id\":\"https:\/\/www.suno.com.br\/noticias\/unipar-fitch-aa-perspectiva-estavel\/#primaryimage\"},\"thumbnailUrl\":\"https:\/\/files.sunoresearch.com.br\/n\/uploads\/2019\/11\/b66bc6f6-unipar-jpg.webp\",\"datePublished\":\"2019-12-20T00:24:10+00:00\",\"description\":\"A Fitch Rating elevou a nota de Longo Prazo da Unipar de AA- para AA, com Perspectiva Est\u00e1vel. Clique aqui para saber mais.\",\"breadcrumb\":{\"@id\":\"https:\/\/www.suno.com.br\/noticias\/unipar-fitch-aa-perspectiva-estavel\/#breadcrumb\"},\"inLanguage\":\"pt-BR\",\"potentialAction\":[{\"@type\":\"ReadAction\",\"target\":[\"https:\/\/www.suno.com.br\/noticias\/unipar-fitch-aa-perspectiva-estavel\/\"]}]},{\"@type\":\"ImageObject\",\"inLanguage\":\"pt-BR\",\"@id\":\"https:\/\/www.suno.com.br\/noticias\/unipar-fitch-aa-perspectiva-estavel\/#primaryimage\",\"url\":\"https:\/\/files.sunoresearch.com.br\/n\/uploads\/2019\/11\/b66bc6f6-unipar-jpg.webp\",\"contentUrl\":\"https:\/\/files.sunoresearch.com.br\/n\/uploads\/2019\/11\/b66bc6f6-unipar-jpg.webp\",\"width\":1380,\"height\":920,\"caption\":\"Unipar (UNIP6). Foto: Divulga\u00e7\u00e3o.\"},{\"@type\":\"BreadcrumbList\",\"@id\":\"https:\/\/www.suno.com.br\/noticias\/unipar-fitch-aa-perspectiva-estavel\/#breadcrumb\",\"itemListElement\":[{\"@type\":\"ListItem\",\"position\":1,\"name\":\"Not\u00edcias\",\"item\":\"https:\/\/www.suno.com.br\/noticias\/\"},{\"@type\":\"ListItem\",\"position\":2,\"name\":\"Neg\u00f3cios\",\"item\":\"https:\/\/www.suno.com.br\/noticias\/negocios\/\"},{\"@type\":\"ListItem\",\"position\":3,\"name\":\"Unipar: Fitch eleva rating da empresa para &#8220;AA&#8221; com perspectiva est\u00e1vel\"}]},{\"@type\":\"WebSite\",\"@id\":\"https:\/\/www.suno.com.br\/noticias\/#website\",\"url\":\"https:\/\/www.suno.com.br\/noticias\/\",\"name\":\"Suno Not\u00edcias\",\"description\":\"Seu portal de informa\u00e7\u00e3o sobre o mundo dos investimentos\",\"publisher\":{\"@id\":\"https:\/\/www.suno.com.br\/noticias\/#organization\"},\"potentialAction\":[{\"@type\":\"SearchAction\",\"target\":{\"@type\":\"EntryPoint\",\"urlTemplate\":\"https:\/\/www.suno.com.br\/noticias\/?s={search_term_string}\"},\"query-input\":{\"@type\":\"PropertyValueSpecification\",\"valueRequired\":true,\"valueName\":\"search_term_string\"}}],\"inLanguage\":\"pt-BR\"},{\"@type\":\"Organization\",\"@id\":\"https:\/\/www.suno.com.br\/noticias\/#organization\",\"name\":\"Suno Not\u00edcias\",\"url\":\"https:\/\/www.suno.com.br\/noticias\/\",\"logo\":{\"@type\":\"ImageObject\",\"inLanguage\":\"pt-BR\",\"@id\":\"https:\/\/www.suno.com.br\/noticias\/#\/schema\/logo\/image\/\",\"url\":\"https:\/\/files.sunoresearch.com.br\/n\/uploads\/2021\/09\/suno-logo.png\",\"contentUrl\":\"https:\/\/files.sunoresearch.com.br\/n\/uploads\/2021\/09\/suno-logo.png\",\"width\":180,\"height\":180,\"caption\":\"Suno Not\u00edcias\"},\"image\":{\"@id\":\"https:\/\/www.suno.com.br\/noticias\/#\/schema\/logo\/image\/\"},\"sameAs\":[\"https:\/\/facebook.com\/sunoresearch\",\"https:\/\/x.com\/sunoresearch\",\"https:\/\/www.instagram.com\/suno\",\"https:\/\/www.linkedin.com\/company\/suno-research\/\",\"https:\/\/www.youtube.com\/c\/sunoresearch\"]},{\"@type\":\"Person\",\"@id\":\"https:\/\/www.suno.com.br\/noticias\/#\/schema\/person\/098743caeed97b37f51315c9576c4078\",\"name\":\"Rafael Lara\",\"image\":{\"@type\":\"ImageObject\",\"inLanguage\":\"pt-BR\",\"@id\":\"https:\/\/www.suno.com.br\/noticias\/#\/schema\/person\/image\/\",\"url\":\"https:\/\/secure.gravatar.com\/avatar\/dfc254ab9bb2ea1895d98b9e9dae4bdd?s=96&r=g\",\"contentUrl\":\"https:\/\/secure.gravatar.com\/avatar\/dfc254ab9bb2ea1895d98b9e9dae4bdd?s=96&r=g\",\"caption\":\"Rafael Lara\"},\"description\":\"Rafael Lara cursa jornalismo na Faculdade C\u00e1sper L\u00edbero. Escreve sobre pol\u00edtica, economia e neg\u00f3cios para o portal Suno Not\u00edcias. Antes, colaborou na TV Gazeta na produ\u00e7\u00e3o do programa Edi\u00e7\u00e3o Extra.\",\"url\":\"https:\/\/www.suno.com.br\/noticias\/author\/rafael\/\"}]}<\/script>\n<!-- \/ Yoast SEO plugin. -->","yoast_head_json":{"title":"Unipar: Fitch eleva rating da empresa para \"AA\" com perspectiva est\u00e1vel","description":"A Fitch Rating elevou a nota de Longo Prazo da Unipar de AA- para AA, com Perspectiva Est\u00e1vel. Clique aqui para saber mais.","robots":{"index":"index","follow":"follow","max-snippet":"max-snippet:-1","max-image-preview":"max-image-preview:large","max-video-preview":"max-video-preview:-1"},"canonical":"https:\/\/www.suno.com.br\/noticias\/unipar-fitch-aa-perspectiva-estavel\/","og_locale":"pt_BR","og_type":"article","og_title":"Unipar: Fitch eleva rating da empresa para \"AA\" com perspectiva est\u00e1vel","og_description":"A Fitch Rating elevou a nota de Longo Prazo da Unipar de AA- para AA, com Perspectiva Est\u00e1vel. Clique aqui para saber mais.","og_url":"https:\/\/www.suno.com.br\/noticias\/unipar-fitch-aa-perspectiva-estavel\/","og_site_name":"Suno Not\u00edcias","article_publisher":"https:\/\/facebook.com\/sunoresearch","og_image":[{"width":1380,"height":920,"url":"https:\/\/files.sunoresearch.com.br\/n\/uploads\/2019\/11\/b66bc6f6-unipar.jpg","type":"image\/jpeg"}],"author":"Rafael Lara","twitter_card":"summary_large_image","twitter_creator":"@sunoresearch","twitter_site":"@sunoresearch","twitter_misc":{"Escrito por":"Rafael Lara","Est. tempo de leitura":"2 minutos"},"schema":{"@context":"https:\/\/schema.org","@graph":[{"@type":"NewsArticle","@id":"https:\/\/www.suno.com.br\/noticias\/unipar-fitch-aa-perspectiva-estavel\/#article","isPartOf":{"@id":"https:\/\/www.suno.com.br\/noticias\/unipar-fitch-aa-perspectiva-estavel\/"},"author":{"name":"Rafael Lara","@id":"https:\/\/www.suno.com.br\/noticias\/#\/schema\/person\/098743caeed97b37f51315c9576c4078"},"headline":"Unipar: Fitch eleva rating da empresa para &#8220;AA&#8221; com perspectiva est\u00e1vel","datePublished":"2019-12-20T00:24:10+00:00","mainEntityOfPage":{"@id":"https:\/\/www.suno.com.br\/noticias\/unipar-fitch-aa-perspectiva-estavel\/"},"wordCount":444,"publisher":{"@id":"https:\/\/www.suno.com.br\/noticias\/#organization"},"image":{"@id":"https:\/\/www.suno.com.br\/noticias\/unipar-fitch-aa-perspectiva-estavel\/#primaryimage"},"thumbnailUrl":"https:\/\/files.sunoresearch.com.br\/n\/uploads\/2019\/11\/b66bc6f6-unipar-jpg.webp","keywords":["Fitch","Unipar (UNIP3\/UNIP5\/UNIP6)"],"articleSection":["Neg\u00f3cios"],"inLanguage":"pt-BR"},{"@type":"WebPage","@id":"https:\/\/www.suno.com.br\/noticias\/unipar-fitch-aa-perspectiva-estavel\/","url":"https:\/\/www.suno.com.br\/noticias\/unipar-fitch-aa-perspectiva-estavel\/","name":"Unipar: Fitch eleva rating da empresa para \"AA\" com perspectiva est\u00e1vel","isPartOf":{"@id":"https:\/\/www.suno.com.br\/noticias\/#website"},"primaryImageOfPage":{"@id":"https:\/\/www.suno.com.br\/noticias\/unipar-fitch-aa-perspectiva-estavel\/#primaryimage"},"image":{"@id":"https:\/\/www.suno.com.br\/noticias\/unipar-fitch-aa-perspectiva-estavel\/#primaryimage"},"thumbnailUrl":"https:\/\/files.sunoresearch.com.br\/n\/uploads\/2019\/11\/b66bc6f6-unipar-jpg.webp","datePublished":"2019-12-20T00:24:10+00:00","description":"A Fitch Rating elevou a nota de Longo Prazo da Unipar de AA- para AA, com Perspectiva Est\u00e1vel. Clique aqui para saber mais.","breadcrumb":{"@id":"https:\/\/www.suno.com.br\/noticias\/unipar-fitch-aa-perspectiva-estavel\/#breadcrumb"},"inLanguage":"pt-BR","potentialAction":[{"@type":"ReadAction","target":["https:\/\/www.suno.com.br\/noticias\/unipar-fitch-aa-perspectiva-estavel\/"]}]},{"@type":"ImageObject","inLanguage":"pt-BR","@id":"https:\/\/www.suno.com.br\/noticias\/unipar-fitch-aa-perspectiva-estavel\/#primaryimage","url":"https:\/\/files.sunoresearch.com.br\/n\/uploads\/2019\/11\/b66bc6f6-unipar-jpg.webp","contentUrl":"https:\/\/files.sunoresearch.com.br\/n\/uploads\/2019\/11\/b66bc6f6-unipar-jpg.webp","width":1380,"height":920,"caption":"Unipar (UNIP6). Foto: Divulga\u00e7\u00e3o."},{"@type":"BreadcrumbList","@id":"https:\/\/www.suno.com.br\/noticias\/unipar-fitch-aa-perspectiva-estavel\/#breadcrumb","itemListElement":[{"@type":"ListItem","position":1,"name":"Not\u00edcias","item":"https:\/\/www.suno.com.br\/noticias\/"},{"@type":"ListItem","position":2,"name":"Neg\u00f3cios","item":"https:\/\/www.suno.com.br\/noticias\/negocios\/"},{"@type":"ListItem","position":3,"name":"Unipar: Fitch eleva rating da empresa para &#8220;AA&#8221; com perspectiva est\u00e1vel"}]},{"@type":"WebSite","@id":"https:\/\/www.suno.com.br\/noticias\/#website","url":"https:\/\/www.suno.com.br\/noticias\/","name":"Suno Not\u00edcias","description":"Seu portal de informa\u00e7\u00e3o sobre o mundo dos investimentos","publisher":{"@id":"https:\/\/www.suno.com.br\/noticias\/#organization"},"potentialAction":[{"@type":"SearchAction","target":{"@type":"EntryPoint","urlTemplate":"https:\/\/www.suno.com.br\/noticias\/?s={search_term_string}"},"query-input":{"@type":"PropertyValueSpecification","valueRequired":true,"valueName":"search_term_string"}}],"inLanguage":"pt-BR"},{"@type":"Organization","@id":"https:\/\/www.suno.com.br\/noticias\/#organization","name":"Suno Not\u00edcias","url":"https:\/\/www.suno.com.br\/noticias\/","logo":{"@type":"ImageObject","inLanguage":"pt-BR","@id":"https:\/\/www.suno.com.br\/noticias\/#\/schema\/logo\/image\/","url":"https:\/\/files.sunoresearch.com.br\/n\/uploads\/2021\/09\/suno-logo.png","contentUrl":"https:\/\/files.sunoresearch.com.br\/n\/uploads\/2021\/09\/suno-logo.png","width":180,"height":180,"caption":"Suno Not\u00edcias"},"image":{"@id":"https:\/\/www.suno.com.br\/noticias\/#\/schema\/logo\/image\/"},"sameAs":["https:\/\/facebook.com\/sunoresearch","https:\/\/x.com\/sunoresearch","https:\/\/www.instagram.com\/suno","https:\/\/www.linkedin.com\/company\/suno-research\/","https:\/\/www.youtube.com\/c\/sunoresearch"]},{"@type":"Person","@id":"https:\/\/www.suno.com.br\/noticias\/#\/schema\/person\/098743caeed97b37f51315c9576c4078","name":"Rafael Lara","image":{"@type":"ImageObject","inLanguage":"pt-BR","@id":"https:\/\/www.suno.com.br\/noticias\/#\/schema\/person\/image\/","url":"https:\/\/secure.gravatar.com\/avatar\/dfc254ab9bb2ea1895d98b9e9dae4bdd?s=96&r=g","contentUrl":"https:\/\/secure.gravatar.com\/avatar\/dfc254ab9bb2ea1895d98b9e9dae4bdd?s=96&r=g","caption":"Rafael Lara"},"description":"Rafael Lara cursa jornalismo na Faculdade C\u00e1sper L\u00edbero. Escreve sobre pol\u00edtica, economia e neg\u00f3cios para o portal Suno Not\u00edcias. Antes, colaborou na TV Gazeta na produ\u00e7\u00e3o do programa Edi\u00e7\u00e3o Extra.","url":"https:\/\/www.suno.com.br\/noticias\/author\/rafael\/"}]}},"default_loop_html":"<div class=\"cardsPage__listCard__boxs\"><div class=\"cardsPage__listCard__boxs__img\"><a href=\"https:\/\/www.suno.com.br\/noticias\/unipar-fitch-aa-perspectiva-estavel\/\"><img class=\"mask\" src=\"https:\/\/www.suno.com.br\/noticias\/wp-content\/themes\/suno\/resources\/images\/spotlight\/spotlight1img\/bg-mask.png\" alt=\"Image Mask\"\/><img src=\"https:\/\/files.sunoresearch.com.br\/n\/uploads\/2019\/11\/b66bc6f6-unipar-400x200.webp\" alt=\"Unipar: Fitch eleva rating da empresa para &#8220;AA&#8221; com perspectiva est\u00e1vel\"\/><\/a><span class=\"spotlightCategory\"><a href=\"https:\/\/www.suno.com.br\/noticias\/negocios\/\">Neg\u00f3cios<\/a><\/span><\/div><div class=\"cardsPage__listCard__boxs__content\"><a href=\"https:\/\/www.suno.com.br\/noticias\/unipar-fitch-aa-perspectiva-estavel\/\"><h2 class=\"content__title\">Unipar: Fitch eleva rating da empresa para &#8220;AA&#8221; com perspectiva est\u00e1vel<\/h2><\/a><div class=\"newsContent__article__meta\"><div class=\"newsContent__article__meta__authorBox\"><a href=\"https:\/\/www.suno.com.br\/noticias\/author\/rafael\/\" class=\"authorBox__avatar noMobi\"><img src=\"https:\/\/secure.gravatar.com\/avatar\/dfc254ab9bb2ea1895d98b9e9dae4bdd?s=96&#038;r=g\" alt=\"Rafael Lara\"><\/a><div class=\"authorBox__name\"><span>por\n\t\t\t<a href=\"https:\/\/www.suno.com.br\/noticias\/author\/rafael\/\"><span itemprop=\"author\">Rafael Lara<\/span><\/a><\/span><time datetime=\"2019-12-19T22:24:10-03:00\" itemprop=\"datePublished\">19\/12\/2019 22:24<\/time><\/div><\/div><\/div><\/div><\/div>","single_layout":"posts","amp_enabled":true,"_links":{"self":[{"href":"https:\/\/www.suno.com.br\/noticias\/wp-json\/wp\/v2\/posts\/48453"}],"collection":[{"href":"https:\/\/www.suno.com.br\/noticias\/wp-json\/wp\/v2\/posts"}],"about":[{"href":"https:\/\/www.suno.com.br\/noticias\/wp-json\/wp\/v2\/types\/post"}],"author":[{"embeddable":true,"href":"https:\/\/www.suno.com.br\/noticias\/wp-json\/wp\/v2\/users\/23"}],"replies":[{"embeddable":true,"href":"https:\/\/www.suno.com.br\/noticias\/wp-json\/wp\/v2\/comments?post=48453"}],"version-history":[{"count":0,"href":"https:\/\/www.suno.com.br\/noticias\/wp-json\/wp\/v2\/posts\/48453\/revisions"}],"wp:featuredmedia":[{"embeddable":true,"href":"https:\/\/www.suno.com.br\/noticias\/wp-json\/wp\/v2\/media\/44780"}],"wp:attachment":[{"href":"https:\/\/www.suno.com.br\/noticias\/wp-json\/wp\/v2\/media?parent=48453"}],"wp:term":[{"taxonomy":"category","embeddable":true,"href":"https:\/\/www.suno.com.br\/noticias\/wp-json\/wp\/v2\/categories?post=48453"},{"taxonomy":"post_tag","embeddable":true,"href":"https:\/\/www.suno.com.br\/noticias\/wp-json\/wp\/v2\/tags?post=48453"},{"taxonomy":"suno_strategy","embeddable":true,"href":"https:\/\/www.suno.com.br\/noticias\/wp-json\/wp\/v2\/suno_strategy?post=48453"}],"curies":[{"name":"wp","href":"https:\/\/api.w.org\/{rel}","templated":true}]}}