{"id":48398,"date":"2019-12-19T15:20:02","date_gmt":"2019-12-19T17:20:02","guid":{"rendered":"https:\/\/www.suno.com.br\/noticias\/?p=48398"},"modified":"2019-12-19T15:26:55","modified_gmt":"2019-12-19T17:26:55","slug":"eucatex-forte-alta-bolsa-sem-motivo-aparente","status":"publish","type":"post","link":"https:\/\/www.suno.com.br\/noticias\/eucatex-forte-alta-bolsa-sem-motivo-aparente\/","title":{"rendered":"Eucatex opera em forte alta na bolsa, sem motivo aparente, pelo 4\u00ba dia consecutivo"},"content":{"rendered":"<p>As <a href=\"https:\/\/www.suno.com.br\/artigos\/o-que-sao-acoes-ordinarias-preferenciais-e-units\/\">a\u00e7\u00f5es ordin\u00e1rias<\/a> da <a href=\"https:\/\/www.suno.com.br\/acoes\/euca3\/\">Eucatex (EUCA3)<\/a> apresentam forte alta nesta quinta-feira (19). Este \u00e9 o quarto dia consecutivo de disparada da empresa na <strong><a href=\"https:\/\/www.suno.com.br\/artigos\/bovespa-precedente-b3\/\">bolsa de valores de S\u00e3o Paulo<\/a><\/strong>. A companhia, entretanto, n\u00e3o fez grandes an\u00fancios recentemente e a alta ainda n\u00e3o possui uma explica\u00e7\u00e3o consentida.<\/p>\t<div class=\"wrapper-featured-image\">\n\t\t<figure class=\"spotlightImg\">\n\n\t\t\t<picture>\n\t\t\t\t<source media=\"(max-width: 768px)\" srcset=\"https:\/\/files.sunoresearch.com.br\/n\/uploads\/2019\/12\/77caf25c-eucatex-400x200.webp\">\n\t\t\t\t<img loading=\"lazy\" decoding=\"async\" class=\"newsContent__article__imgCapa lazyloadDisabled newsContent__article__imgCapa--noCaption\" src=\"https:\/\/files.sunoresearch.com.br\/n\/uploads\/2019\/12\/77caf25c-eucatex-jpg.webp\" width=\"800\" height=\"450\" alt=\"Eucatex opera em forte alta na bolsa, sem motivo aparente, pelo 4\u00ba dia consecutivo\" fetchpriority=high \/>\n\t\t\t<\/picture>\n\n\t\t\t<figcaption class=\"wp-caption-text wp-caption-text--hide\">Eucatex (divulga\u00e7\u00e3o\/Facebook)<\/figcaption>\n\t\t<\/figure>\n\t<\/div>\n\n\n\n<p>At\u00e9 a \u00faltima quarta-feira (18), os pap\u00e9is da <strong>Eucatex<\/strong> avan\u00e7aram 607%. Somente na quarta, as a\u00e7\u00f5es registraram um salto de 137,50%, sendo cotadas a R$ 76. Neste ano, os ativos avan\u00e7aram 703%.<\/p>\n<p>Por volta das 13h38 desta quinta-feira (19), as a\u00e7\u00f5es ordin\u00e1rias da empresa variavam positivamente em 64,55%, cotadas a R$ 125,06. As PN, entretanto, \u00e0s 13h52, operam em uma alta mais moderada de 6,36%, a 8,70.<\/p>\n<p>Desde novembro, h\u00e1 uma volatilidade incomum de volume e a\u00e7\u00f5es da empresa na bolsa. A B3 j\u00e1 questionou a Eucatex, que respondeu que n\u00e3o sabia o real motivo dessa varia\u00e7\u00e3o at\u00edpica.<\/p>\n\t<p>\n\t\t<a href=\"https:\/\/www.suno.com.br\/asset\/fundos\/suno-acoes-xp-seg-prev\/\" target=\"_blank\" data-element=\"shortcode-suno-banner\" title=\"Banner SUNO, clique e saiba mais\">\n\t\t\t<picture>\n\t\t\t\t<source media=\"(max-width: 500px)\" srcset=\"https:\/\/files.sunoresearch.com.br\/n\/uploads\/2023\/10\/SUNOPREV-v2-400x300-Mobile-Artigos-3.png\">\n\t\t\t\t<img class=\"newsContent__article__imgCapa newsContent__article__imgCapa--banner\"\n\t\t\t\t\tsrc=\"https:\/\/files.sunoresearch.com.br\/n\/uploads\/2023\/10\/SUNOPREV-v2-1420x240-Banner-Artigos-1-_-Banner-Materias-1.png\"\n\t\t\t\t\tdata-promo-id=\"476311\"\t\t\t\t\t\t\t\t\t\twidth='1420' height='240'\t\t\t\t\talt=\"https:\/\/files.sunoresearch.com.br\/n\/uploads\/2023\/10\/SUNOPREV-v2-1420x240-Banner-Artigos-1-_-Banner-Materias-1.png\"\n\t\t\t\t>\n\t\t\t<\/picture>\n\t\t<\/a>\n\t<\/p>\n\n\n<p>\u201cInformamos que desconhecemos os motivos e a raz\u00f5es que levaram o mercado a realizar neg\u00f3cios envolvendo as a\u00e7\u00f5es desta companhia\u201d, destacou na \u00e9poca.<\/p>\n<p>Segundo informa\u00e7\u00f5es do &#8220;InfoMoney&#8221;, um gestor n\u00e3o identificado afirmou que existem informa\u00e7\u00f5es desencontrados sobre a empresa. Entre estas informa\u00e7\u00f5es, est\u00e3o as indica\u00e7\u00f5es sobre a poss\u00edvel venda de controle e tamb\u00e9m not\u00edcias de que a fam\u00edlia Maluf, que controla a empresa, estaria por tr\u00e1s das negocia\u00e7\u00f5es de aquisi\u00e7\u00e3o.<\/p>\n<p>Isso, de acordo com as informa\u00e7\u00f5es, pode ter chamado a aten\u00e7\u00e3o da Comiss\u00e3o de Valores Mobili\u00e1rios (CVM), que foi notificad por um fundo de investimento minorit\u00e1rio sobre as supostas opera\u00e7\u00f5es que poderiam estar alavancando os ativos da empresa.<\/p>\n<p>Em nota, o \u00f3rg\u00e3o de valores mobili\u00e1rios informou que \u201cacompanha e analisa informa\u00e7\u00f5es envolvendo companhias abertas, tomando as medidas cab\u00edveis, sempre que necess\u00e1rio, mas que n\u00e3o comenta casos espec\u00edficos.\u201d<\/p>\n<p>A <strong>Eucatex<\/strong> tamb\u00e9m informou em nota que sua diretoria desconhece &#8220;eventuais motivos que n\u00e3o os resultados apresentados pela empresa, relativos ao terceiro trimestre de 2019, j\u00e1 devidamente divulgados ao mercado. N\u00e3o houve publica\u00e7\u00e3o de fatos relevantes no per\u00edodo. Ressalta, ainda, que o grupo de controle da companhia n\u00e3o est\u00e1 vendendo ou comprando a\u00e7\u00f5es, de qualquer classe, neste momento.\u201d<\/p>\n\n","protected":false},"excerpt":{"rendered":"<p>As a\u00e7\u00f5es ordin\u00e1rias da Eucatex (EUCA3) apresentam forte alta nesta quinta-feira (19). Este \u00e9 o quarto dia consecutivo de disparada da empresa na bolsa de valores de S\u00e3o Paulo. A companhia, entretanto, n\u00e3o fez grandes an\u00fancios recentemente e a alta ainda n\u00e3o possui uma explica\u00e7\u00e3o consentida. Eucatex (divulga\u00e7\u00e3o\/Facebook) At\u00e9 a \u00faltima quarta-feira (18), os pap\u00e9is [&hellip;]<\/p>\n","protected":false},"author":19,"featured_media":48404,"comment_status":"closed","ping_status":"closed","sticky":false,"template":"","format":"standard","meta":[],"categories":[64],"tags":[470],"suno_strategy":[],"class_list":["post-48398","post","type-post","status-publish","format-standard","has-post-thumbnail","hentry","category-negocios","tag-eucatex-euca3-euca4"],"yoast_head":"<!-- This site is optimized with the Yoast SEO plugin v24.4 - https:\/\/yoast.com\/wordpress\/plugins\/seo\/ -->\n<title>Eucatex opera em forte alta na bolsa pelo 4\u00ba dia seguido<\/title>\n<meta name=\"description\" content=\"As a\u00e7\u00f5es ordin\u00e1rias da Eucatex apresentam forte alta nesta quinta-feira (19). Os motivos para o avan\u00e7o n\u00e3o s\u00e3o conhecidos. Saiba mais.\" \/>\n<meta name=\"robots\" content=\"index, follow, max-snippet:-1, max-image-preview:large, max-video-preview:-1\" \/>\n<link rel=\"canonical\" href=\"https:\/\/www.suno.com.br\/noticias\/eucatex-forte-alta-bolsa-sem-motivo-aparente\/\" \/>\n<meta property=\"og:locale\" content=\"pt_BR\" \/>\n<meta property=\"og:type\" content=\"article\" \/>\n<meta property=\"og:title\" content=\"Eucatex opera em forte alta na bolsa pelo 4\u00ba dia seguido\" \/>\n<meta property=\"og:description\" content=\"As a\u00e7\u00f5es ordin\u00e1rias da Eucatex apresentam forte alta nesta quinta-feira (19). Os motivos para o avan\u00e7o n\u00e3o s\u00e3o conhecidos. Saiba mais.\" \/>\n<meta property=\"og:url\" content=\"https:\/\/www.suno.com.br\/noticias\/eucatex-forte-alta-bolsa-sem-motivo-aparente\/\" \/>\n<meta property=\"og:site_name\" content=\"Suno Not\u00edcias\" \/>\n<meta property=\"article:publisher\" content=\"https:\/\/facebook.com\/sunoresearch\" \/>\n<meta property=\"og:image\" content=\"https:\/\/files.sunoresearch.com.br\/n\/uploads\/2019\/12\/77caf25c-eucatex.jpg\" \/>\n\t<meta property=\"og:image:width\" content=\"640\" \/>\n\t<meta property=\"og:image:height\" content=\"340\" \/>\n\t<meta property=\"og:image:type\" content=\"image\/jpeg\" \/>\n<meta name=\"author\" content=\"Juliano Passaro\" \/>\n<meta name=\"twitter:card\" content=\"summary_large_image\" \/>\n<meta name=\"twitter:creator\" content=\"@sunoresearch\" \/>\n<meta name=\"twitter:site\" content=\"@sunoresearch\" \/>\n<meta name=\"twitter:label1\" content=\"Escrito por\" \/>\n\t<meta name=\"twitter:data1\" content=\"Juliano Passaro\" \/>\n\t<meta name=\"twitter:label2\" content=\"Est. tempo de leitura\" \/>\n\t<meta name=\"twitter:data2\" content=\"2 minutos\" \/>\n<script type=\"application\/ld+json\" class=\"yoast-schema-graph\">{\"@context\":\"https:\/\/schema.org\",\"@graph\":[{\"@type\":\"NewsArticle\",\"@id\":\"https:\/\/www.suno.com.br\/noticias\/eucatex-forte-alta-bolsa-sem-motivo-aparente\/#article\",\"isPartOf\":{\"@id\":\"https:\/\/www.suno.com.br\/noticias\/eucatex-forte-alta-bolsa-sem-motivo-aparente\/\"},\"author\":{\"name\":\"Juliano Passaro\",\"@id\":\"https:\/\/www.suno.com.br\/noticias\/#\/schema\/person\/1db762f78ffd8919a648a63e425953e3\"},\"headline\":\"Eucatex opera em forte alta na bolsa, sem motivo aparente, pelo 4\u00ba dia consecutivo\",\"datePublished\":\"2019-12-19T17:20:02+00:00\",\"dateModified\":\"2019-12-19T17:26:55+00:00\",\"mainEntityOfPage\":{\"@id\":\"https:\/\/www.suno.com.br\/noticias\/eucatex-forte-alta-bolsa-sem-motivo-aparente\/\"},\"wordCount\":403,\"publisher\":{\"@id\":\"https:\/\/www.suno.com.br\/noticias\/#organization\"},\"image\":{\"@id\":\"https:\/\/www.suno.com.br\/noticias\/eucatex-forte-alta-bolsa-sem-motivo-aparente\/#primaryimage\"},\"thumbnailUrl\":\"https:\/\/files.sunoresearch.com.br\/n\/uploads\/2019\/12\/77caf25c-eucatex-jpg.webp\",\"keywords\":[\"Eucatex (EUCA3\/EUCA4)\"],\"articleSection\":[\"Neg\u00f3cios\"],\"inLanguage\":\"pt-BR\"},{\"@type\":\"WebPage\",\"@id\":\"https:\/\/www.suno.com.br\/noticias\/eucatex-forte-alta-bolsa-sem-motivo-aparente\/\",\"url\":\"https:\/\/www.suno.com.br\/noticias\/eucatex-forte-alta-bolsa-sem-motivo-aparente\/\",\"name\":\"Eucatex opera em forte alta na bolsa pelo 4\u00ba dia seguido\",\"isPartOf\":{\"@id\":\"https:\/\/www.suno.com.br\/noticias\/#website\"},\"primaryImageOfPage\":{\"@id\":\"https:\/\/www.suno.com.br\/noticias\/eucatex-forte-alta-bolsa-sem-motivo-aparente\/#primaryimage\"},\"image\":{\"@id\":\"https:\/\/www.suno.com.br\/noticias\/eucatex-forte-alta-bolsa-sem-motivo-aparente\/#primaryimage\"},\"thumbnailUrl\":\"https:\/\/files.sunoresearch.com.br\/n\/uploads\/2019\/12\/77caf25c-eucatex-jpg.webp\",\"datePublished\":\"2019-12-19T17:20:02+00:00\",\"dateModified\":\"2019-12-19T17:26:55+00:00\",\"description\":\"As a\u00e7\u00f5es ordin\u00e1rias da Eucatex apresentam forte alta nesta quinta-feira (19). Os motivos para o avan\u00e7o n\u00e3o s\u00e3o conhecidos. Saiba mais.\",\"breadcrumb\":{\"@id\":\"https:\/\/www.suno.com.br\/noticias\/eucatex-forte-alta-bolsa-sem-motivo-aparente\/#breadcrumb\"},\"inLanguage\":\"pt-BR\",\"potentialAction\":[{\"@type\":\"ReadAction\",\"target\":[\"https:\/\/www.suno.com.br\/noticias\/eucatex-forte-alta-bolsa-sem-motivo-aparente\/\"]}]},{\"@type\":\"ImageObject\",\"inLanguage\":\"pt-BR\",\"@id\":\"https:\/\/www.suno.com.br\/noticias\/eucatex-forte-alta-bolsa-sem-motivo-aparente\/#primaryimage\",\"url\":\"https:\/\/files.sunoresearch.com.br\/n\/uploads\/2019\/12\/77caf25c-eucatex-jpg.webp\",\"contentUrl\":\"https:\/\/files.sunoresearch.com.br\/n\/uploads\/2019\/12\/77caf25c-eucatex-jpg.webp\",\"width\":640,\"height\":340,\"caption\":\"Eucatex (divulga\u00e7\u00e3o\/Facebook)\"},{\"@type\":\"BreadcrumbList\",\"@id\":\"https:\/\/www.suno.com.br\/noticias\/eucatex-forte-alta-bolsa-sem-motivo-aparente\/#breadcrumb\",\"itemListElement\":[{\"@type\":\"ListItem\",\"position\":1,\"name\":\"Not\u00edcias\",\"item\":\"https:\/\/www.suno.com.br\/noticias\/\"},{\"@type\":\"ListItem\",\"position\":2,\"name\":\"Neg\u00f3cios\",\"item\":\"https:\/\/www.suno.com.br\/noticias\/negocios\/\"},{\"@type\":\"ListItem\",\"position\":3,\"name\":\"Eucatex opera em forte alta na bolsa, sem motivo aparente, pelo 4\u00ba dia consecutivo\"}]},{\"@type\":\"WebSite\",\"@id\":\"https:\/\/www.suno.com.br\/noticias\/#website\",\"url\":\"https:\/\/www.suno.com.br\/noticias\/\",\"name\":\"Suno Not\u00edcias\",\"description\":\"Seu portal de informa\u00e7\u00e3o sobre o mundo dos investimentos\",\"publisher\":{\"@id\":\"https:\/\/www.suno.com.br\/noticias\/#organization\"},\"potentialAction\":[{\"@type\":\"SearchAction\",\"target\":{\"@type\":\"EntryPoint\",\"urlTemplate\":\"https:\/\/www.suno.com.br\/noticias\/?s={search_term_string}\"},\"query-input\":{\"@type\":\"PropertyValueSpecification\",\"valueRequired\":true,\"valueName\":\"search_term_string\"}}],\"inLanguage\":\"pt-BR\"},{\"@type\":\"Organization\",\"@id\":\"https:\/\/www.suno.com.br\/noticias\/#organization\",\"name\":\"Suno Not\u00edcias\",\"url\":\"https:\/\/www.suno.com.br\/noticias\/\",\"logo\":{\"@type\":\"ImageObject\",\"inLanguage\":\"pt-BR\",\"@id\":\"https:\/\/www.suno.com.br\/noticias\/#\/schema\/logo\/image\/\",\"url\":\"https:\/\/files.sunoresearch.com.br\/n\/uploads\/2021\/09\/suno-logo.png\",\"contentUrl\":\"https:\/\/files.sunoresearch.com.br\/n\/uploads\/2021\/09\/suno-logo.png\",\"width\":180,\"height\":180,\"caption\":\"Suno Not\u00edcias\"},\"image\":{\"@id\":\"https:\/\/www.suno.com.br\/noticias\/#\/schema\/logo\/image\/\"},\"sameAs\":[\"https:\/\/facebook.com\/sunoresearch\",\"https:\/\/x.com\/sunoresearch\",\"https:\/\/www.instagram.com\/suno\",\"https:\/\/www.linkedin.com\/company\/suno-research\/\",\"https:\/\/www.youtube.com\/c\/sunoresearch\"]},{\"@type\":\"Person\",\"@id\":\"https:\/\/www.suno.com.br\/noticias\/#\/schema\/person\/1db762f78ffd8919a648a63e425953e3\",\"name\":\"Juliano Passaro\",\"image\":{\"@type\":\"ImageObject\",\"inLanguage\":\"pt-BR\",\"@id\":\"https:\/\/www.suno.com.br\/noticias\/#\/schema\/person\/image\/\",\"url\":\"https:\/\/secure.gravatar.com\/avatar\/743d4df28eebf6dcc46b4ad03c319e92?s=96&r=g\",\"contentUrl\":\"https:\/\/secure.gravatar.com\/avatar\/743d4df28eebf6dcc46b4ad03c319e92?s=96&r=g\",\"caption\":\"Juliano Passaro\"},\"description\":\"Juliano Passaro escreve sobre pol\u00edtica, economia e neg\u00f3cios para o portal da Suno Research. Antes da Suno, trabalhou no Portal da Band. \u00c9 formado em jornalismo pela Universidade Presbiteriana Mackenzie.\",\"url\":\"https:\/\/www.suno.com.br\/noticias\/author\/juliano\/\"}]}<\/script>\n<!-- \/ Yoast SEO plugin. -->","yoast_head_json":{"title":"Eucatex opera em forte alta na bolsa pelo 4\u00ba dia seguido","description":"As a\u00e7\u00f5es ordin\u00e1rias da Eucatex apresentam forte alta nesta quinta-feira (19). Os motivos para o avan\u00e7o n\u00e3o s\u00e3o conhecidos. Saiba mais.","robots":{"index":"index","follow":"follow","max-snippet":"max-snippet:-1","max-image-preview":"max-image-preview:large","max-video-preview":"max-video-preview:-1"},"canonical":"https:\/\/www.suno.com.br\/noticias\/eucatex-forte-alta-bolsa-sem-motivo-aparente\/","og_locale":"pt_BR","og_type":"article","og_title":"Eucatex opera em forte alta na bolsa pelo 4\u00ba dia seguido","og_description":"As a\u00e7\u00f5es ordin\u00e1rias da Eucatex apresentam forte alta nesta quinta-feira (19). Os motivos para o avan\u00e7o n\u00e3o s\u00e3o conhecidos. Saiba mais.","og_url":"https:\/\/www.suno.com.br\/noticias\/eucatex-forte-alta-bolsa-sem-motivo-aparente\/","og_site_name":"Suno Not\u00edcias","article_publisher":"https:\/\/facebook.com\/sunoresearch","og_image":[{"width":640,"height":340,"url":"https:\/\/files.sunoresearch.com.br\/n\/uploads\/2019\/12\/77caf25c-eucatex.jpg","type":"image\/jpeg"}],"author":"Juliano Passaro","twitter_card":"summary_large_image","twitter_creator":"@sunoresearch","twitter_site":"@sunoresearch","twitter_misc":{"Escrito por":"Juliano Passaro","Est. tempo de leitura":"2 minutos"},"schema":{"@context":"https:\/\/schema.org","@graph":[{"@type":"NewsArticle","@id":"https:\/\/www.suno.com.br\/noticias\/eucatex-forte-alta-bolsa-sem-motivo-aparente\/#article","isPartOf":{"@id":"https:\/\/www.suno.com.br\/noticias\/eucatex-forte-alta-bolsa-sem-motivo-aparente\/"},"author":{"name":"Juliano Passaro","@id":"https:\/\/www.suno.com.br\/noticias\/#\/schema\/person\/1db762f78ffd8919a648a63e425953e3"},"headline":"Eucatex opera em forte alta na bolsa, sem motivo aparente, pelo 4\u00ba dia consecutivo","datePublished":"2019-12-19T17:20:02+00:00","dateModified":"2019-12-19T17:26:55+00:00","mainEntityOfPage":{"@id":"https:\/\/www.suno.com.br\/noticias\/eucatex-forte-alta-bolsa-sem-motivo-aparente\/"},"wordCount":403,"publisher":{"@id":"https:\/\/www.suno.com.br\/noticias\/#organization"},"image":{"@id":"https:\/\/www.suno.com.br\/noticias\/eucatex-forte-alta-bolsa-sem-motivo-aparente\/#primaryimage"},"thumbnailUrl":"https:\/\/files.sunoresearch.com.br\/n\/uploads\/2019\/12\/77caf25c-eucatex-jpg.webp","keywords":["Eucatex (EUCA3\/EUCA4)"],"articleSection":["Neg\u00f3cios"],"inLanguage":"pt-BR"},{"@type":"WebPage","@id":"https:\/\/www.suno.com.br\/noticias\/eucatex-forte-alta-bolsa-sem-motivo-aparente\/","url":"https:\/\/www.suno.com.br\/noticias\/eucatex-forte-alta-bolsa-sem-motivo-aparente\/","name":"Eucatex opera em forte alta na bolsa pelo 4\u00ba dia seguido","isPartOf":{"@id":"https:\/\/www.suno.com.br\/noticias\/#website"},"primaryImageOfPage":{"@id":"https:\/\/www.suno.com.br\/noticias\/eucatex-forte-alta-bolsa-sem-motivo-aparente\/#primaryimage"},"image":{"@id":"https:\/\/www.suno.com.br\/noticias\/eucatex-forte-alta-bolsa-sem-motivo-aparente\/#primaryimage"},"thumbnailUrl":"https:\/\/files.sunoresearch.com.br\/n\/uploads\/2019\/12\/77caf25c-eucatex-jpg.webp","datePublished":"2019-12-19T17:20:02+00:00","dateModified":"2019-12-19T17:26:55+00:00","description":"As a\u00e7\u00f5es ordin\u00e1rias da Eucatex apresentam forte alta nesta quinta-feira (19). Os motivos para o avan\u00e7o n\u00e3o s\u00e3o conhecidos. Saiba mais.","breadcrumb":{"@id":"https:\/\/www.suno.com.br\/noticias\/eucatex-forte-alta-bolsa-sem-motivo-aparente\/#breadcrumb"},"inLanguage":"pt-BR","potentialAction":[{"@type":"ReadAction","target":["https:\/\/www.suno.com.br\/noticias\/eucatex-forte-alta-bolsa-sem-motivo-aparente\/"]}]},{"@type":"ImageObject","inLanguage":"pt-BR","@id":"https:\/\/www.suno.com.br\/noticias\/eucatex-forte-alta-bolsa-sem-motivo-aparente\/#primaryimage","url":"https:\/\/files.sunoresearch.com.br\/n\/uploads\/2019\/12\/77caf25c-eucatex-jpg.webp","contentUrl":"https:\/\/files.sunoresearch.com.br\/n\/uploads\/2019\/12\/77caf25c-eucatex-jpg.webp","width":640,"height":340,"caption":"Eucatex (divulga\u00e7\u00e3o\/Facebook)"},{"@type":"BreadcrumbList","@id":"https:\/\/www.suno.com.br\/noticias\/eucatex-forte-alta-bolsa-sem-motivo-aparente\/#breadcrumb","itemListElement":[{"@type":"ListItem","position":1,"name":"Not\u00edcias","item":"https:\/\/www.suno.com.br\/noticias\/"},{"@type":"ListItem","position":2,"name":"Neg\u00f3cios","item":"https:\/\/www.suno.com.br\/noticias\/negocios\/"},{"@type":"ListItem","position":3,"name":"Eucatex opera em forte alta na bolsa, sem motivo aparente, pelo 4\u00ba dia consecutivo"}]},{"@type":"WebSite","@id":"https:\/\/www.suno.com.br\/noticias\/#website","url":"https:\/\/www.suno.com.br\/noticias\/","name":"Suno Not\u00edcias","description":"Seu portal de informa\u00e7\u00e3o sobre o mundo dos investimentos","publisher":{"@id":"https:\/\/www.suno.com.br\/noticias\/#organization"},"potentialAction":[{"@type":"SearchAction","target":{"@type":"EntryPoint","urlTemplate":"https:\/\/www.suno.com.br\/noticias\/?s={search_term_string}"},"query-input":{"@type":"PropertyValueSpecification","valueRequired":true,"valueName":"search_term_string"}}],"inLanguage":"pt-BR"},{"@type":"Organization","@id":"https:\/\/www.suno.com.br\/noticias\/#organization","name":"Suno Not\u00edcias","url":"https:\/\/www.suno.com.br\/noticias\/","logo":{"@type":"ImageObject","inLanguage":"pt-BR","@id":"https:\/\/www.suno.com.br\/noticias\/#\/schema\/logo\/image\/","url":"https:\/\/files.sunoresearch.com.br\/n\/uploads\/2021\/09\/suno-logo.png","contentUrl":"https:\/\/files.sunoresearch.com.br\/n\/uploads\/2021\/09\/suno-logo.png","width":180,"height":180,"caption":"Suno Not\u00edcias"},"image":{"@id":"https:\/\/www.suno.com.br\/noticias\/#\/schema\/logo\/image\/"},"sameAs":["https:\/\/facebook.com\/sunoresearch","https:\/\/x.com\/sunoresearch","https:\/\/www.instagram.com\/suno","https:\/\/www.linkedin.com\/company\/suno-research\/","https:\/\/www.youtube.com\/c\/sunoresearch"]},{"@type":"Person","@id":"https:\/\/www.suno.com.br\/noticias\/#\/schema\/person\/1db762f78ffd8919a648a63e425953e3","name":"Juliano Passaro","image":{"@type":"ImageObject","inLanguage":"pt-BR","@id":"https:\/\/www.suno.com.br\/noticias\/#\/schema\/person\/image\/","url":"https:\/\/secure.gravatar.com\/avatar\/743d4df28eebf6dcc46b4ad03c319e92?s=96&r=g","contentUrl":"https:\/\/secure.gravatar.com\/avatar\/743d4df28eebf6dcc46b4ad03c319e92?s=96&r=g","caption":"Juliano Passaro"},"description":"Juliano Passaro escreve sobre pol\u00edtica, economia e neg\u00f3cios para o portal da Suno Research. Antes da Suno, trabalhou no Portal da Band. \u00c9 formado em jornalismo pela Universidade Presbiteriana Mackenzie.","url":"https:\/\/www.suno.com.br\/noticias\/author\/juliano\/"}]}},"default_loop_html":"<div class=\"cardsPage__listCard__boxs\"><div class=\"cardsPage__listCard__boxs__img\"><a href=\"https:\/\/www.suno.com.br\/noticias\/eucatex-forte-alta-bolsa-sem-motivo-aparente\/\"><img class=\"mask\" src=\"https:\/\/www.suno.com.br\/noticias\/wp-content\/themes\/suno\/resources\/images\/spotlight\/spotlight1img\/bg-mask.png\" alt=\"Image Mask\"\/><img src=\"https:\/\/files.sunoresearch.com.br\/n\/uploads\/2019\/12\/77caf25c-eucatex-400x200.webp\" alt=\"Eucatex opera em forte alta na bolsa, sem motivo aparente, pelo 4\u00ba dia consecutivo\"\/><\/a><span class=\"spotlightCategory\"><a href=\"https:\/\/www.suno.com.br\/noticias\/negocios\/\">Neg\u00f3cios<\/a><\/span><\/div><div class=\"cardsPage__listCard__boxs__content\"><a href=\"https:\/\/www.suno.com.br\/noticias\/eucatex-forte-alta-bolsa-sem-motivo-aparente\/\"><h2 class=\"content__title\">Eucatex opera em forte alta na bolsa, sem motivo aparente, pelo 4\u00ba dia consecutivo<\/h2><\/a><div class=\"newsContent__article__meta\"><div class=\"newsContent__article__meta__authorBox\"><a href=\"https:\/\/www.suno.com.br\/noticias\/author\/juliano\/\" class=\"authorBox__avatar noMobi\"><img src=\"https:\/\/files.sunoresearch.com.br\/n\/uploads\/2019\/06\/7cc3efea-whatsapp-image-2019-07-18-at-21.59.33-e1563499821209-150x150.webp\" alt=\"Juliano Passaro\"><\/a><div class=\"authorBox__name\"><span>por\n\t\t\t<a href=\"https:\/\/www.suno.com.br\/noticias\/author\/juliano\/\"><span itemprop=\"author\">Juliano Passaro<\/span><\/a><\/span><time datetime=\"2019-12-19T15:20:02-03:00\" itemprop=\"datePublished\">19\/12\/2019 15:20<\/time><\/div><\/div><\/div><\/div><\/div>","single_layout":"posts","amp_enabled":true,"_links":{"self":[{"href":"https:\/\/www.suno.com.br\/noticias\/wp-json\/wp\/v2\/posts\/48398"}],"collection":[{"href":"https:\/\/www.suno.com.br\/noticias\/wp-json\/wp\/v2\/posts"}],"about":[{"href":"https:\/\/www.suno.com.br\/noticias\/wp-json\/wp\/v2\/types\/post"}],"author":[{"embeddable":true,"href":"https:\/\/www.suno.com.br\/noticias\/wp-json\/wp\/v2\/users\/19"}],"replies":[{"embeddable":true,"href":"https:\/\/www.suno.com.br\/noticias\/wp-json\/wp\/v2\/comments?post=48398"}],"version-history":[{"count":0,"href":"https:\/\/www.suno.com.br\/noticias\/wp-json\/wp\/v2\/posts\/48398\/revisions"}],"wp:featuredmedia":[{"embeddable":true,"href":"https:\/\/www.suno.com.br\/noticias\/wp-json\/wp\/v2\/media\/48404"}],"wp:attachment":[{"href":"https:\/\/www.suno.com.br\/noticias\/wp-json\/wp\/v2\/media?parent=48398"}],"wp:term":[{"taxonomy":"category","embeddable":true,"href":"https:\/\/www.suno.com.br\/noticias\/wp-json\/wp\/v2\/categories?post=48398"},{"taxonomy":"post_tag","embeddable":true,"href":"https:\/\/www.suno.com.br\/noticias\/wp-json\/wp\/v2\/tags?post=48398"},{"taxonomy":"suno_strategy","embeddable":true,"href":"https:\/\/www.suno.com.br\/noticias\/wp-json\/wp\/v2\/suno_strategy?post=48398"}],"curies":[{"name":"wp","href":"https:\/\/api.w.org\/{rel}","templated":true}]}}