{"id":483929,"date":"2023-11-10T10:37:45","date_gmt":"2023-11-10T13:37:45","guid":{"rendered":"https:\/\/www.suno.com.br\/noticias\/?p=483929"},"modified":"2023-11-10T10:37:48","modified_gmt":"2023-11-10T13:37:48","slug":"agenda-dividendos-santander-sanb11-mahle-leve3-novembro-cpf","status":"publish","type":"post","link":"https:\/\/www.suno.com.br\/noticias\/agenda-dividendos-santander-sanb11-mahle-leve3-novembro-cpf\/","title":{"rendered":"Santander (SANB11), Mahle (LEVE3) pagar\u00e3o dividendos nesta sexta-feira (10); saiba mais"},"content":{"rendered":"<p>As empresas<strong> Santander<\/strong> (SANB11) e <a class=\"suno-keyword\" data-force=\"yes\" data-priority=\"2\" href=\"https:\/\/www.suno.com.br\/acoes\/LEVE3\/\" target=\"_blank\" rel=\"noopener\">Mahle (LEVE3)<\/a> est\u00e3o entre os destaques corporativos desta sexta-feira, pois pagar\u00e3o hoje <a class=\"suno-keyword\" data-force=\"no\" data-priority=\"1\" href=\"https:\/\/www.suno.com.br\/guias\/dividendos\/\" target=\"_blank\" rel=\"noopener\">dividendos<\/a> aos seus acionistas.<\/p>\t<div class=\"wrapper-featured-image\">\n\t\t<figure class=\"spotlightImg\">\n\n\t\t\t<picture>\n\t\t\t\t<source media=\"(max-width: 768px)\" srcset=\"https:\/\/files.sunoresearch.com.br\/n\/uploads\/2023\/08\/Sede-Santander-5-scaled-1-400x200.jpg\">\n\t\t\t\t<img loading=\"lazy\" decoding=\"async\" class=\"newsContent__article__imgCapa lazyloadDisabled \" src=\"https:\/\/files.sunoresearch.com.br\/n\/uploads\/2023\/08\/Sede-Santander-5-scaled-1-800x450.jpg\" width=\"800\" height=\"450\" alt=\"Santander (SANB11), Mahle (LEVE3) pagar\u00e3o dividendos nesta sexta-feira (10); saiba mais\" fetchpriority=high \/>\n\t\t\t<\/picture>\n\n\t\t\t<figcaption class=\"wp-caption-text wp-caption-text--show\">Santander (SANB11) - Foto: Divulga\u00e7\u00e3o\/ Santander<\/figcaption>\n\t\t<\/figure>\n\t<\/div>\n\n\n\n\n\n\t<p>\n\t\t<a href=\"\" target=\"_blank\" data-element=\"shortcode-suno-banner\" title=\"Banner SUNO, clique e saiba mais\">\n\t\t\t<picture>\n\t\t\t\t<source media=\"(max-width: 500px)\" srcset=\"\">\n\t\t\t\t<img class=\"newsContent__article__imgCapa newsContent__article__imgCapa--banner\"\n\t\t\t\t\tsrc=\"\"\n\t\t\t\t\tdata-promo-id=\"89005\"\t\t\t\t\t\t\t\t\t\t\t\t\t\t\talt=\"\"\n\t\t\t\t>\n\t\t\t<\/picture>\n\t\t<\/a>\n\t<\/p>\n\n\n\n\n\n<p>Os valores a serem pagos aos investidores s\u00e3o de R$ 0,1021 por a\u00e7\u00e3o em <strong>dividendos do Santander<\/strong> e de R$ 5,5400 por a\u00e7\u00e3o em dividendos da Mahle.<\/p>\n\n\n\n<p>Junto com estas duas empresas, um total de 2 companhias distribuir\u00e3o proventos hoje (10\/11).<\/p>\n\n\n\n<p>Apenas os investidores com a\u00e7\u00f5es do Santander no dia 19\/10 ter\u00e3o direito de receber os <strong>rendimentos<\/strong>. As a\u00e7\u00f5es passaram a ser negociadas sem o direito em 20 de outubro.<\/p>\n\n\n\n<p>No caso da Mahle, a data de corte foi o dia 01 de novembro, e as a\u00e7\u00f5es passaram a ser negociadas sem direito aos <a class=\"suno-keyword\" data-force=\"no\" data-priority=\"1\" href=\"https:\/\/www.suno.com.br\/guias\/dividendos\/\" target=\"_blank\" rel=\"noopener\">dividendos<\/a> em 02 de novembro.<\/p>\n\n\n\n<h2 class=\"wp-block-heading\">Agenda de dividendos desta sexta-feira (10)<\/h2>\n\n\n\n<h2 class=\"wp-block-heading\"><strong>Santander (SANB11)<\/strong><\/h2>\n\n\n\n<ul class=\"wp-block-list\">\n<li>Tipo: Dividendo e JCP<\/li>\n\n\n\n<li>Valor por a\u00e7\u00e3o: R$ 0,1021 e R$ 0,3011<\/li>\n\n\n\n<li>Data de corte: 19\/10\/2023<\/li>\n\n\n\n<li>Rendimento: 0,38% e 1,13%<\/li>\n<\/ul>\n\n\n\n<h2 class=\"wp-block-heading\"><strong>Mahle (LEVE3)<\/strong><\/h2>\n\n\n\n<ul class=\"wp-block-list\">\n<li>Tipo: Dividendo<\/li>\n\n\n\n<li>Valor por a\u00e7\u00e3o: R$ 5,5400<\/li>\n\n\n\n<li>Data de corte: 01\/11\/2023<\/li>\n\n\n\n<li>Rendimento: 15,21%<\/li>\n<\/ul>\n\n\n\n<p>Dividendos de a\u00e7\u00f5es, assim como rendimentos de Fundos Imobili\u00e1rios s\u00e3o isentos de Imposto de Renda para pessoas f\u00edsicas, mas devem estar na declara\u00e7\u00e3o anual de Imposto de Renda. J\u00e1 os <a class=\"suno-keyword\" target=\"_blank\" data-force=\"no\" data-priority=\"1\" href=\"https:\/\/www.suno.com.br\/artigos\/entenda-o-jcp\/\" rel=\"noopener\">Juros Sobre Capital Pr\u00f3prio<\/a> t\u00eam 15% de imposto.<\/p>\n\n\n\n<p>Esta mat\u00e9ria \u00e9 uma agenda de <strong>dividendos<\/strong> e n\u00e3o se trata de uma recomenda\u00e7\u00e3o de compra ou venda de <strong>a\u00e7\u00f5es do Santander (SANB11)<\/strong> e Mahle (LEVE3). <\/p>\n\n\n\t<p>\n\t\t<a href=\"https:\/\/lp.suno.com.br\/planilha-da-vida-financeira\/\" target=\"_blank\" data-element=\"shortcode-suno-banner\" title=\"Banner SUNO, clique e saiba mais\">\n\t\t\t<picture>\n\t\t\t\t<source media=\"(max-width: 500px)\" srcset=\"https:\/\/files.sunoresearch.com.br\/n\/uploads\/2023\/04\/400x300-Planilha-vida-financeira-true.png\">\n\t\t\t\t<img class=\"newsContent__article__imgCapa newsContent__article__imgCapa--banner\"\n\t\t\t\t\tsrc=\"https:\/\/files.sunoresearch.com.br\/n\/uploads\/2023\/04\/1420x240-Planilha-vida-financeira-true.png\"\n\t\t\t\t\tdata-promo-id=\"106682\"\t\t\t\t\t\t\t\t\t\twidth='1420' height='240'\t\t\t\t\talt=\"https:\/\/files.sunoresearch.com.br\/n\/uploads\/2023\/04\/1420x240-Planilha-vida-financeira-true.png\"\n\t\t\t\t>\n\t\t\t<\/picture>\n\t\t<\/a>\n\t<\/p>\n\n\n","protected":false},"excerpt":{"rendered":"<p>As empresas Santander (SANB11) e Mahle (LEVE3) est\u00e3o entre os destaques corporativos desta sexta-feira, pois pagar\u00e3o hoje dividendos aos seus acionistas. Santander (SANB11) &#8211; Foto: Divulga\u00e7\u00e3o\/ Santander Os valores a serem pagos aos investidores s\u00e3o de R$ 0,1021 por a\u00e7\u00e3o em dividendos do Santander e de R$ 5,5400 por a\u00e7\u00e3o em dividendos da Mahle. Junto [&hellip;]<\/p>\n","protected":false},"author":283,"featured_media":437312,"comment_status":"closed","ping_status":"closed","sticky":false,"template":"","format":"standard","meta":[],"categories":[64],"tags":[295,1957,558,624],"suno_strategy":[],"class_list":["post-483929","post","type-post","status-publish","format-standard","has-post-thumbnail","hentry","category-negocios","tag-dividendos","tag-juros-sobre-capital-proprio-jcp","tag-mahle-metal-leve-leve3","tag-santander-sanb11-sanb3-sanb4"],"yoast_head":"<!-- This site is optimized with the Yoast SEO plugin v24.4 - https:\/\/yoast.com\/wordpress\/plugins\/seo\/ -->\n<title>Santander (SANB11), Mahle (LEVE3) pagar\u00e3o dividendos nesta hoje (10)<\/title>\n<meta name=\"description\" content=\"O Santander (SANB11) \u00e9 o destaque do dia na agenda de dividendos. Veja mais detalhes do pagamento de proventos de hoje!\" \/>\n<meta name=\"robots\" content=\"index, follow, max-snippet:-1, max-image-preview:large, max-video-preview:-1\" \/>\n<link rel=\"canonical\" href=\"https:\/\/www.suno.com.br\/noticias\/agenda-dividendos-santander-sanb11-mahle-leve3-novembro-cpf\/\" \/>\n<meta property=\"og:locale\" content=\"pt_BR\" \/>\n<meta property=\"og:type\" content=\"article\" \/>\n<meta property=\"og:title\" content=\"Santander (SANB11), Mahle (LEVE3) pagar\u00e3o dividendos nesta hoje (10)\" \/>\n<meta property=\"og:description\" content=\"O Santander (SANB11) \u00e9 o destaque do dia na agenda de dividendos. Veja mais detalhes do pagamento de proventos de hoje!\" \/>\n<meta property=\"og:url\" content=\"https:\/\/www.suno.com.br\/noticias\/agenda-dividendos-santander-sanb11-mahle-leve3-novembro-cpf\/\" \/>\n<meta property=\"og:site_name\" content=\"Suno Not\u00edcias\" \/>\n<meta property=\"article:publisher\" content=\"https:\/\/facebook.com\/sunoresearch\" \/>\n<meta property=\"og:image\" content=\"https:\/\/files.sunoresearch.com.br\/n\/uploads\/2023\/08\/Sede-Santander-5-scaled-1.jpg\" \/>\n\t<meta property=\"og:image:width\" content=\"1200\" \/>\n\t<meta property=\"og:image:height\" content=\"800\" \/>\n\t<meta property=\"og:image:type\" content=\"image\/jpeg\" \/>\n<meta name=\"author\" content=\"Camila Paim\" \/>\n<meta name=\"twitter:card\" content=\"summary_large_image\" \/>\n<meta name=\"twitter:creator\" content=\"@sunoresearch\" \/>\n<meta name=\"twitter:site\" content=\"@sunoresearch\" \/>\n<meta name=\"twitter:label1\" content=\"Escrito por\" \/>\n\t<meta name=\"twitter:data1\" content=\"Camila Paim\" \/>\n\t<meta name=\"twitter:label2\" content=\"Est. tempo de leitura\" \/>\n\t<meta name=\"twitter:data2\" content=\"2 minutos\" \/>\n<script type=\"application\/ld+json\" class=\"yoast-schema-graph\">{\"@context\":\"https:\/\/schema.org\",\"@graph\":[{\"@type\":\"NewsArticle\",\"@id\":\"https:\/\/www.suno.com.br\/noticias\/agenda-dividendos-santander-sanb11-mahle-leve3-novembro-cpf\/#article\",\"isPartOf\":{\"@id\":\"https:\/\/www.suno.com.br\/noticias\/agenda-dividendos-santander-sanb11-mahle-leve3-novembro-cpf\/\"},\"author\":{\"name\":\"Camila Paim\",\"@id\":\"https:\/\/www.suno.com.br\/noticias\/#\/schema\/person\/f341d3ae5d1cc685176c9a5327cdfdbb\"},\"headline\":\"Santander (SANB11), Mahle (LEVE3) pagar\u00e3o dividendos nesta sexta-feira (10); saiba mais\",\"datePublished\":\"2023-11-10T13:37:45+00:00\",\"dateModified\":\"2023-11-10T13:37:48+00:00\",\"mainEntityOfPage\":{\"@id\":\"https:\/\/www.suno.com.br\/noticias\/agenda-dividendos-santander-sanb11-mahle-leve3-novembro-cpf\/\"},\"wordCount\":248,\"publisher\":{\"@id\":\"https:\/\/www.suno.com.br\/noticias\/#organization\"},\"image\":{\"@id\":\"https:\/\/www.suno.com.br\/noticias\/agenda-dividendos-santander-sanb11-mahle-leve3-novembro-cpf\/#primaryimage\"},\"thumbnailUrl\":\"https:\/\/files.sunoresearch.com.br\/n\/uploads\/2023\/08\/Sede-Santander-5-scaled-1.jpg\",\"keywords\":[\"dividendos\",\"juros sobre capital pr\u00f3prio (JCP)\",\"MAHLE Metal Leve (LEVE3)\",\"Santander (SANB11\/SANB3\/SANB4)\"],\"articleSection\":[\"Neg\u00f3cios\"],\"inLanguage\":\"pt-BR\"},{\"@type\":\"WebPage\",\"@id\":\"https:\/\/www.suno.com.br\/noticias\/agenda-dividendos-santander-sanb11-mahle-leve3-novembro-cpf\/\",\"url\":\"https:\/\/www.suno.com.br\/noticias\/agenda-dividendos-santander-sanb11-mahle-leve3-novembro-cpf\/\",\"name\":\"Santander (SANB11), Mahle (LEVE3) pagar\u00e3o dividendos nesta hoje (10)\",\"isPartOf\":{\"@id\":\"https:\/\/www.suno.com.br\/noticias\/#website\"},\"primaryImageOfPage\":{\"@id\":\"https:\/\/www.suno.com.br\/noticias\/agenda-dividendos-santander-sanb11-mahle-leve3-novembro-cpf\/#primaryimage\"},\"image\":{\"@id\":\"https:\/\/www.suno.com.br\/noticias\/agenda-dividendos-santander-sanb11-mahle-leve3-novembro-cpf\/#primaryimage\"},\"thumbnailUrl\":\"https:\/\/files.sunoresearch.com.br\/n\/uploads\/2023\/08\/Sede-Santander-5-scaled-1.jpg\",\"datePublished\":\"2023-11-10T13:37:45+00:00\",\"dateModified\":\"2023-11-10T13:37:48+00:00\",\"description\":\"O Santander (SANB11) \u00e9 o destaque do dia na agenda de dividendos. Veja mais detalhes do pagamento de proventos de hoje!\",\"breadcrumb\":{\"@id\":\"https:\/\/www.suno.com.br\/noticias\/agenda-dividendos-santander-sanb11-mahle-leve3-novembro-cpf\/#breadcrumb\"},\"inLanguage\":\"pt-BR\",\"potentialAction\":[{\"@type\":\"ReadAction\",\"target\":[\"https:\/\/www.suno.com.br\/noticias\/agenda-dividendos-santander-sanb11-mahle-leve3-novembro-cpf\/\"]}]},{\"@type\":\"ImageObject\",\"inLanguage\":\"pt-BR\",\"@id\":\"https:\/\/www.suno.com.br\/noticias\/agenda-dividendos-santander-sanb11-mahle-leve3-novembro-cpf\/#primaryimage\",\"url\":\"https:\/\/files.sunoresearch.com.br\/n\/uploads\/2023\/08\/Sede-Santander-5-scaled-1.jpg\",\"contentUrl\":\"https:\/\/files.sunoresearch.com.br\/n\/uploads\/2023\/08\/Sede-Santander-5-scaled-1.jpg\",\"width\":1200,\"height\":800,\"caption\":\"Santander (SANB11) - Foto: Divulga\u00e7\u00e3o\/ Santander\"},{\"@type\":\"BreadcrumbList\",\"@id\":\"https:\/\/www.suno.com.br\/noticias\/agenda-dividendos-santander-sanb11-mahle-leve3-novembro-cpf\/#breadcrumb\",\"itemListElement\":[{\"@type\":\"ListItem\",\"position\":1,\"name\":\"Not\u00edcias\",\"item\":\"https:\/\/www.suno.com.br\/noticias\/\"},{\"@type\":\"ListItem\",\"position\":2,\"name\":\"Neg\u00f3cios\",\"item\":\"https:\/\/www.suno.com.br\/noticias\/negocios\/\"},{\"@type\":\"ListItem\",\"position\":3,\"name\":\"Santander (SANB11), Mahle (LEVE3) pagar\u00e3o dividendos nesta sexta-feira (10); saiba mais\"}]},{\"@type\":\"WebSite\",\"@id\":\"https:\/\/www.suno.com.br\/noticias\/#website\",\"url\":\"https:\/\/www.suno.com.br\/noticias\/\",\"name\":\"Suno Not\u00edcias\",\"description\":\"Seu portal de informa\u00e7\u00e3o sobre o mundo dos investimentos\",\"publisher\":{\"@id\":\"https:\/\/www.suno.com.br\/noticias\/#organization\"},\"potentialAction\":[{\"@type\":\"SearchAction\",\"target\":{\"@type\":\"EntryPoint\",\"urlTemplate\":\"https:\/\/www.suno.com.br\/noticias\/?s={search_term_string}\"},\"query-input\":{\"@type\":\"PropertyValueSpecification\",\"valueRequired\":true,\"valueName\":\"search_term_string\"}}],\"inLanguage\":\"pt-BR\"},{\"@type\":\"Organization\",\"@id\":\"https:\/\/www.suno.com.br\/noticias\/#organization\",\"name\":\"Suno Not\u00edcias\",\"url\":\"https:\/\/www.suno.com.br\/noticias\/\",\"logo\":{\"@type\":\"ImageObject\",\"inLanguage\":\"pt-BR\",\"@id\":\"https:\/\/www.suno.com.br\/noticias\/#\/schema\/logo\/image\/\",\"url\":\"https:\/\/files.sunoresearch.com.br\/n\/uploads\/2021\/09\/suno-logo.png\",\"contentUrl\":\"https:\/\/files.sunoresearch.com.br\/n\/uploads\/2021\/09\/suno-logo.png\",\"width\":180,\"height\":180,\"caption\":\"Suno Not\u00edcias\"},\"image\":{\"@id\":\"https:\/\/www.suno.com.br\/noticias\/#\/schema\/logo\/image\/\"},\"sameAs\":[\"https:\/\/facebook.com\/sunoresearch\",\"https:\/\/x.com\/sunoresearch\",\"https:\/\/www.instagram.com\/suno\",\"https:\/\/www.linkedin.com\/company\/suno-research\/\",\"https:\/\/www.youtube.com\/c\/sunoresearch\"]},{\"@type\":\"Person\",\"@id\":\"https:\/\/www.suno.com.br\/noticias\/#\/schema\/person\/f341d3ae5d1cc685176c9a5327cdfdbb\",\"name\":\"Camila Paim\",\"image\":{\"@type\":\"ImageObject\",\"inLanguage\":\"pt-BR\",\"@id\":\"https:\/\/www.suno.com.br\/noticias\/#\/schema\/person\/image\/\",\"url\":\"https:\/\/secure.gravatar.com\/avatar\/f33728e65febb1aa7ecf6792956f9b20?s=96&r=g\",\"contentUrl\":\"https:\/\/secure.gravatar.com\/avatar\/f33728e65febb1aa7ecf6792956f9b20?s=96&r=g\",\"caption\":\"Camila Paim\"},\"description\":\"Jornalista formada pela USP, tem experi\u00eancia em reda\u00e7\u00f5es, SEO, Branded Content e Webdesign. Com passagem pelo Jornal da USP, Empiricus e C6 Bank, hoje \u00e9 rep\u00f3rter no Suno Not\u00edcias cobrindo macroeconomia, finan\u00e7as pessoais e startups.\",\"url\":\"https:\/\/www.suno.com.br\/noticias\/author\/camila-figueiredosuno-com-br\/\"}]}<\/script>\n<!-- \/ Yoast SEO plugin. -->","yoast_head_json":{"title":"Santander (SANB11), Mahle (LEVE3) pagar\u00e3o dividendos nesta hoje (10)","description":"O Santander (SANB11) \u00e9 o destaque do dia na agenda de dividendos. Veja mais detalhes do pagamento de proventos de hoje!","robots":{"index":"index","follow":"follow","max-snippet":"max-snippet:-1","max-image-preview":"max-image-preview:large","max-video-preview":"max-video-preview:-1"},"canonical":"https:\/\/www.suno.com.br\/noticias\/agenda-dividendos-santander-sanb11-mahle-leve3-novembro-cpf\/","og_locale":"pt_BR","og_type":"article","og_title":"Santander (SANB11), Mahle (LEVE3) pagar\u00e3o dividendos nesta hoje (10)","og_description":"O Santander (SANB11) \u00e9 o destaque do dia na agenda de dividendos. Veja mais detalhes do pagamento de proventos de hoje!","og_url":"https:\/\/www.suno.com.br\/noticias\/agenda-dividendos-santander-sanb11-mahle-leve3-novembro-cpf\/","og_site_name":"Suno Not\u00edcias","article_publisher":"https:\/\/facebook.com\/sunoresearch","og_image":[{"width":1200,"height":800,"url":"https:\/\/files.sunoresearch.com.br\/n\/uploads\/2023\/08\/Sede-Santander-5-scaled-1.jpg","type":"image\/jpeg"}],"author":"Camila Paim","twitter_card":"summary_large_image","twitter_creator":"@sunoresearch","twitter_site":"@sunoresearch","twitter_misc":{"Escrito por":"Camila Paim","Est. tempo de leitura":"2 minutos"},"schema":{"@context":"https:\/\/schema.org","@graph":[{"@type":"NewsArticle","@id":"https:\/\/www.suno.com.br\/noticias\/agenda-dividendos-santander-sanb11-mahle-leve3-novembro-cpf\/#article","isPartOf":{"@id":"https:\/\/www.suno.com.br\/noticias\/agenda-dividendos-santander-sanb11-mahle-leve3-novembro-cpf\/"},"author":{"name":"Camila Paim","@id":"https:\/\/www.suno.com.br\/noticias\/#\/schema\/person\/f341d3ae5d1cc685176c9a5327cdfdbb"},"headline":"Santander (SANB11), Mahle (LEVE3) pagar\u00e3o dividendos nesta sexta-feira (10); saiba mais","datePublished":"2023-11-10T13:37:45+00:00","dateModified":"2023-11-10T13:37:48+00:00","mainEntityOfPage":{"@id":"https:\/\/www.suno.com.br\/noticias\/agenda-dividendos-santander-sanb11-mahle-leve3-novembro-cpf\/"},"wordCount":248,"publisher":{"@id":"https:\/\/www.suno.com.br\/noticias\/#organization"},"image":{"@id":"https:\/\/www.suno.com.br\/noticias\/agenda-dividendos-santander-sanb11-mahle-leve3-novembro-cpf\/#primaryimage"},"thumbnailUrl":"https:\/\/files.sunoresearch.com.br\/n\/uploads\/2023\/08\/Sede-Santander-5-scaled-1.jpg","keywords":["dividendos","juros sobre capital pr\u00f3prio (JCP)","MAHLE Metal Leve (LEVE3)","Santander (SANB11\/SANB3\/SANB4)"],"articleSection":["Neg\u00f3cios"],"inLanguage":"pt-BR"},{"@type":"WebPage","@id":"https:\/\/www.suno.com.br\/noticias\/agenda-dividendos-santander-sanb11-mahle-leve3-novembro-cpf\/","url":"https:\/\/www.suno.com.br\/noticias\/agenda-dividendos-santander-sanb11-mahle-leve3-novembro-cpf\/","name":"Santander (SANB11), Mahle (LEVE3) pagar\u00e3o dividendos nesta hoje (10)","isPartOf":{"@id":"https:\/\/www.suno.com.br\/noticias\/#website"},"primaryImageOfPage":{"@id":"https:\/\/www.suno.com.br\/noticias\/agenda-dividendos-santander-sanb11-mahle-leve3-novembro-cpf\/#primaryimage"},"image":{"@id":"https:\/\/www.suno.com.br\/noticias\/agenda-dividendos-santander-sanb11-mahle-leve3-novembro-cpf\/#primaryimage"},"thumbnailUrl":"https:\/\/files.sunoresearch.com.br\/n\/uploads\/2023\/08\/Sede-Santander-5-scaled-1.jpg","datePublished":"2023-11-10T13:37:45+00:00","dateModified":"2023-11-10T13:37:48+00:00","description":"O Santander (SANB11) \u00e9 o destaque do dia na agenda de dividendos. Veja mais detalhes do pagamento de proventos de hoje!","breadcrumb":{"@id":"https:\/\/www.suno.com.br\/noticias\/agenda-dividendos-santander-sanb11-mahle-leve3-novembro-cpf\/#breadcrumb"},"inLanguage":"pt-BR","potentialAction":[{"@type":"ReadAction","target":["https:\/\/www.suno.com.br\/noticias\/agenda-dividendos-santander-sanb11-mahle-leve3-novembro-cpf\/"]}]},{"@type":"ImageObject","inLanguage":"pt-BR","@id":"https:\/\/www.suno.com.br\/noticias\/agenda-dividendos-santander-sanb11-mahle-leve3-novembro-cpf\/#primaryimage","url":"https:\/\/files.sunoresearch.com.br\/n\/uploads\/2023\/08\/Sede-Santander-5-scaled-1.jpg","contentUrl":"https:\/\/files.sunoresearch.com.br\/n\/uploads\/2023\/08\/Sede-Santander-5-scaled-1.jpg","width":1200,"height":800,"caption":"Santander (SANB11) - Foto: Divulga\u00e7\u00e3o\/ Santander"},{"@type":"BreadcrumbList","@id":"https:\/\/www.suno.com.br\/noticias\/agenda-dividendos-santander-sanb11-mahle-leve3-novembro-cpf\/#breadcrumb","itemListElement":[{"@type":"ListItem","position":1,"name":"Not\u00edcias","item":"https:\/\/www.suno.com.br\/noticias\/"},{"@type":"ListItem","position":2,"name":"Neg\u00f3cios","item":"https:\/\/www.suno.com.br\/noticias\/negocios\/"},{"@type":"ListItem","position":3,"name":"Santander (SANB11), Mahle (LEVE3) pagar\u00e3o dividendos nesta sexta-feira (10); saiba mais"}]},{"@type":"WebSite","@id":"https:\/\/www.suno.com.br\/noticias\/#website","url":"https:\/\/www.suno.com.br\/noticias\/","name":"Suno Not\u00edcias","description":"Seu portal de informa\u00e7\u00e3o sobre o mundo dos investimentos","publisher":{"@id":"https:\/\/www.suno.com.br\/noticias\/#organization"},"potentialAction":[{"@type":"SearchAction","target":{"@type":"EntryPoint","urlTemplate":"https:\/\/www.suno.com.br\/noticias\/?s={search_term_string}"},"query-input":{"@type":"PropertyValueSpecification","valueRequired":true,"valueName":"search_term_string"}}],"inLanguage":"pt-BR"},{"@type":"Organization","@id":"https:\/\/www.suno.com.br\/noticias\/#organization","name":"Suno Not\u00edcias","url":"https:\/\/www.suno.com.br\/noticias\/","logo":{"@type":"ImageObject","inLanguage":"pt-BR","@id":"https:\/\/www.suno.com.br\/noticias\/#\/schema\/logo\/image\/","url":"https:\/\/files.sunoresearch.com.br\/n\/uploads\/2021\/09\/suno-logo.png","contentUrl":"https:\/\/files.sunoresearch.com.br\/n\/uploads\/2021\/09\/suno-logo.png","width":180,"height":180,"caption":"Suno Not\u00edcias"},"image":{"@id":"https:\/\/www.suno.com.br\/noticias\/#\/schema\/logo\/image\/"},"sameAs":["https:\/\/facebook.com\/sunoresearch","https:\/\/x.com\/sunoresearch","https:\/\/www.instagram.com\/suno","https:\/\/www.linkedin.com\/company\/suno-research\/","https:\/\/www.youtube.com\/c\/sunoresearch"]},{"@type":"Person","@id":"https:\/\/www.suno.com.br\/noticias\/#\/schema\/person\/f341d3ae5d1cc685176c9a5327cdfdbb","name":"Camila Paim","image":{"@type":"ImageObject","inLanguage":"pt-BR","@id":"https:\/\/www.suno.com.br\/noticias\/#\/schema\/person\/image\/","url":"https:\/\/secure.gravatar.com\/avatar\/f33728e65febb1aa7ecf6792956f9b20?s=96&r=g","contentUrl":"https:\/\/secure.gravatar.com\/avatar\/f33728e65febb1aa7ecf6792956f9b20?s=96&r=g","caption":"Camila Paim"},"description":"Jornalista formada pela USP, tem experi\u00eancia em reda\u00e7\u00f5es, SEO, Branded Content e Webdesign. Com passagem pelo Jornal da USP, Empiricus e C6 Bank, hoje \u00e9 rep\u00f3rter no Suno Not\u00edcias cobrindo macroeconomia, finan\u00e7as pessoais e startups.","url":"https:\/\/www.suno.com.br\/noticias\/author\/camila-figueiredosuno-com-br\/"}]}},"default_loop_html":"<div class=\"cardsPage__listCard__boxs\"><div class=\"cardsPage__listCard__boxs__img\"><a href=\"https:\/\/www.suno.com.br\/noticias\/agenda-dividendos-santander-sanb11-mahle-leve3-novembro-cpf\/\"><img class=\"mask\" src=\"https:\/\/www.suno.com.br\/noticias\/wp-content\/themes\/suno\/resources\/images\/spotlight\/spotlight1img\/bg-mask.png\" alt=\"Image Mask\"\/><img src=\"https:\/\/files.sunoresearch.com.br\/n\/uploads\/2023\/08\/Sede-Santander-5-scaled-1-400x200.jpg\" alt=\"Santander (SANB11), Mahle (LEVE3) pagar\u00e3o dividendos nesta sexta-feira (10); saiba mais\"\/><\/a><span class=\"spotlightCategory\"><a href=\"https:\/\/www.suno.com.br\/noticias\/negocios\/\">Neg\u00f3cios<\/a><\/span><\/div><div class=\"cardsPage__listCard__boxs__content\"><a href=\"https:\/\/www.suno.com.br\/noticias\/agenda-dividendos-santander-sanb11-mahle-leve3-novembro-cpf\/\"><h2 class=\"content__title\">Santander (SANB11), Mahle (LEVE3) pagar\u00e3o dividendos nesta sexta-feira (10); saiba mais<\/h2><\/a><div class=\"newsContent__article__meta\"><div class=\"newsContent__article__meta__authorBox\"><a href=\"https:\/\/www.suno.com.br\/noticias\/author\/camila-figueiredosuno-com-br\/\" class=\"authorBox__avatar noMobi\"><img src=\"https:\/\/files.sunoresearch.com.br\/n\/uploads\/2024\/05\/camila-paim-square-150x150.jpg\" alt=\"Camila Paim\"><\/a><div class=\"authorBox__name\"><span>por\n\t\t\t<a href=\"https:\/\/www.suno.com.br\/noticias\/author\/camila-figueiredosuno-com-br\/\"><span itemprop=\"author\">Camila Paim<\/span><\/a><\/span><time datetime=\"2023-11-10T10:37:45-03:00\" itemprop=\"datePublished\">10\/11\/2023 10:37<\/time><\/div><\/div><\/div><\/div><\/div>","single_layout":"posts","amp_enabled":true,"_links":{"self":[{"href":"https:\/\/www.suno.com.br\/noticias\/wp-json\/wp\/v2\/posts\/483929"}],"collection":[{"href":"https:\/\/www.suno.com.br\/noticias\/wp-json\/wp\/v2\/posts"}],"about":[{"href":"https:\/\/www.suno.com.br\/noticias\/wp-json\/wp\/v2\/types\/post"}],"author":[{"embeddable":true,"href":"https:\/\/www.suno.com.br\/noticias\/wp-json\/wp\/v2\/users\/283"}],"replies":[{"embeddable":true,"href":"https:\/\/www.suno.com.br\/noticias\/wp-json\/wp\/v2\/comments?post=483929"}],"version-history":[{"count":3,"href":"https:\/\/www.suno.com.br\/noticias\/wp-json\/wp\/v2\/posts\/483929\/revisions"}],"predecessor-version":[{"id":484125,"href":"https:\/\/www.suno.com.br\/noticias\/wp-json\/wp\/v2\/posts\/483929\/revisions\/484125"}],"wp:featuredmedia":[{"embeddable":true,"href":"https:\/\/www.suno.com.br\/noticias\/wp-json\/wp\/v2\/media\/437312"}],"wp:attachment":[{"href":"https:\/\/www.suno.com.br\/noticias\/wp-json\/wp\/v2\/media?parent=483929"}],"wp:term":[{"taxonomy":"category","embeddable":true,"href":"https:\/\/www.suno.com.br\/noticias\/wp-json\/wp\/v2\/categories?post=483929"},{"taxonomy":"post_tag","embeddable":true,"href":"https:\/\/www.suno.com.br\/noticias\/wp-json\/wp\/v2\/tags?post=483929"},{"taxonomy":"suno_strategy","embeddable":true,"href":"https:\/\/www.suno.com.br\/noticias\/wp-json\/wp\/v2\/suno_strategy?post=483929"}],"curies":[{"name":"wp","href":"https:\/\/api.w.org\/{rel}","templated":true}]}}