{"id":483504,"date":"2023-11-09T17:30:00","date_gmt":"2023-11-09T20:30:00","guid":{"rendered":"https:\/\/www.suno.com.br\/noticias\/?p=483504"},"modified":"2023-11-09T17:11:29","modified_gmt":"2023-11-09T20:11:29","slug":"agenda-dividendos-fundo-imobiliario-rect11-novembro-cpf","status":"publish","type":"post","link":"https:\/\/www.suno.com.br\/noticias\/agenda-dividendos-fundo-imobiliario-rect11-novembro-cpf\/","title":{"rendered":"FII RECT11 pagar\u00e1 R$ 0,40 para seus cotistas"},"content":{"rendered":"<p>O FII FDO INV IMOB &#8211; FII UBS (BR) OFFICE (<strong>RECT11<\/strong>) anunciou em um comunicado que vai distribuir aos seus cotistas R$ 0,40 por cota em proventos no m\u00eas de novembro.<\/p>\t<div class=\"wrapper-featured-image\">\n\t\t<figure class=\"spotlightImg\">\n\n\t\t\t<picture>\n\t\t\t\t<source media=\"(max-width: 768px)\" srcset=\"https:\/\/files.sunoresearch.com.br\/n\/uploads\/2021\/05\/8651c14c-city-863692_1280-400x200.webp\">\n\t\t\t\t<img loading=\"lazy\" decoding=\"async\" class=\"newsContent__article__imgCapa lazyloadDisabled \" src=\"https:\/\/files.sunoresearch.com.br\/n\/uploads\/2021\/05\/8651c14c-city-863692_1280-800x450.webp\" width=\"800\" height=\"450\" alt=\"FII RECT11 pagar\u00e1 R$ 0,40 para seus cotistas\" fetchpriority=high \/>\n\t\t\t<\/picture>\n\n\t\t\t<figcaption class=\"wp-caption-text wp-caption-text--show\">fundos imobili\u00e1rios -  Foto: Pixabay<\/figcaption>\n\t\t<\/figure>\n\t<\/div>\n\n\n\n\n\n\t<p>\n\t\t<a href=\"\" target=\"_blank\" data-element=\"shortcode-suno-banner\" title=\"Banner SUNO, clique e saiba mais\">\n\t\t\t<picture>\n\t\t\t\t<source media=\"(max-width: 500px)\" srcset=\"\">\n\t\t\t\t<img class=\"newsContent__article__imgCapa newsContent__article__imgCapa--banner\"\n\t\t\t\t\tsrc=\"\"\n\t\t\t\t\tdata-promo-id=\"77050\"\t\t\t\t\t\t\t\t\t\t\t\t\t\t\talt=\"\"\n\t\t\t\t>\n\t\t\t<\/picture>\n\t\t<\/a>\n\t<\/p>\n\n\n\n\n\n<p>Segundo comunicado publicado ao mercado, os <strong>proventos <\/strong>ser\u00e3o pagos no dia 16 de novembro. Ser\u00e3o contemplados os cotistas posicionados no fundo no fim da sess\u00e3o de 09\/11\/2023. Desde quinta-feira (9), o fundo imobili\u00e1rio passou a ser negociado sem direito ao benef\u00edcio.<\/p>\n\n\n\n<p>O resultado do m\u00eas de novembro \u00e9 igual ao <strong>rendimento do RECT11<\/strong> do m\u00eas anterior.<\/p>\n\n\n\n<p>J\u00e1 considerando a varia\u00e7\u00e3o do pre\u00e7o da cota m\u00eas a m\u00eas, o <strong>dividend yield <\/strong>estava em 0,88% no m\u00eas anterior e atingiu os 0,93% neste m\u00eas.<\/p>\n\n\n\n<p>Com isso, o DY anualizado do fundo ficou em 12,9816%.<\/p>\n\n\n\t<p>\n\t\t<a href=\"https:\/\/lp.suno.com.br\/planilha-controle-gastos\/\" target=\"_blank\" data-element=\"shortcode-suno-banner\" title=\"Banner SUNO, clique e saiba mais\">\n\t\t\t<picture>\n\t\t\t\t<source media=\"(max-width: 500px)\" srcset=\"https:\/\/files.sunoresearch.com.br\/n\/uploads\/2023\/03\/400x300-Planilha-controle-de-gastos.png\">\n\t\t\t\t<img class=\"newsContent__article__imgCapa newsContent__article__imgCapa--banner\"\n\t\t\t\t\tsrc=\"https:\/\/files.sunoresearch.com.br\/n\/uploads\/2023\/03\/1420x240-Planilha-controle-de-gastos.png\"\n\t\t\t\t\tdata-promo-id=\"101751\"\t\t\t\t\t\t\t\t\t\twidth='1420' height='240'\t\t\t\t\talt=\"https:\/\/files.sunoresearch.com.br\/n\/uploads\/2023\/03\/1420x240-Planilha-controle-de-gastos.png\"\n\t\t\t\t>\n\t\t\t<\/picture>\n\t\t<\/a>\n\t<\/p>\n\n\n\n\n\n<h2 class=\"wp-block-heading\">Confira os detalhes sobre os proventos do fundo imobili\u00e1rio:<\/h2>\n\n\n\n<p><strong>FII FDO INV IMOB &#8211; FII UBS (BR) OFFICE (RECT11)<\/strong><\/p>\n\n\n\n<ul class=\"wp-block-list\">\n<li>Rendimento: R$ 0,4000<\/li>\n\n\n\n<li>Data de corte: 09\/11\/2023<\/li>\n\n\n\n<li>Data do pagamento: 16\/11\/2023<\/li>\n\n\n\n<li>Dividend yield da distribui\u00e7\u00e3o: 0,93%<\/li>\n<\/ul>\n\n\n\n<h2 class=\"wp-block-heading\">Rendimento mensal do RECT11<\/h2>\n\n\n\n<figure class=\"wp-block-table\"><table><tbody><tr><td>Tipo<\/td><td>M\u00eas de Pagamento<\/td><td>Valor<\/td><\/tr><tr><td>Rendimento<\/td><td>Novembro\/2023<\/td><td>R$ 0,4000<\/td><\/tr><tr><td>Rendimento<\/td><td>Outubro\/2023<\/td><td>R$ 0,4000<\/td><\/tr><tr><td>Rendimento<\/td><td>Setembro\/2023<\/td><td>R$ 0,4000<\/td><\/tr><tr><td>Rendimento<\/td><td>Agosto\/2023<\/td><td>R$ 0,4000<\/td><\/tr><tr><td>Rendimento<\/td><td>Julho\/2023<\/td><td>R$ 0,4000<\/td><\/tr><tr><td>Rendimento<\/td><td>Junho\/2023<\/td><td>R$ 0,4000<\/td><\/tr><tr><td>Rendimento<\/td><td>Maio\/2023<\/td><td>R$ 0,5400<\/td><\/tr><tr><td>Rendimento<\/td><td>Abril\/2023<\/td><td>R$ 0,5400<\/td><\/tr><tr><td>Rendimento<\/td><td>Mar\u00e7o\/2023<\/td><td>R$ 0,5400<\/td><\/tr><tr><td>Rendimento<\/td><td>Fevereiro\/2023<\/td><td>R$ 0,5400<\/td><\/tr><tr><td>Rendimento<\/td><td>Janeiro\/2023<\/td><td>R$ 0,5021<\/td><\/tr><tr><td>Rendimento<\/td><td>Dezembro\/2022<\/td><td>R$ 0,5018<\/td><\/tr><\/tbody><\/table><\/figure>\n\n\n\n<h2 class=\"wp-block-heading\">Veja mais informa\u00e7\u00f5es sobre o FII RECT11<\/h2>\n\n\n\n<p>A empresa respons\u00e1vel pela administra\u00e7\u00e3o do FII RECT11 \u00e9 a BRL Trust. O FII iniciou come\u00e7ou em abril de 2019, e desde ent\u00e3o, vem aplicando sua tese de investimento em <a class=\"suno-keyword\" target=\"_blank\" data-force=\"no\" data-priority=\"1\" href=\"https:\/\/www.suno.com.br\/artigos\/lajes-corporativas\/\" rel=\"noopener\">Lajes Corporativas<\/a>.<\/p>\n\n\n\t<p>\n\t\t<a href=\"https:\/\/lp.suno.com.br\/planilha-da-vida-financeira\/\" target=\"_blank\" data-element=\"shortcode-suno-banner\" title=\"Banner SUNO, clique e saiba mais\">\n\t\t\t<picture>\n\t\t\t\t<source media=\"(max-width: 500px)\" srcset=\"https:\/\/files.sunoresearch.com.br\/n\/uploads\/2023\/04\/400x300-Planilha-vida-financeira-true.png\">\n\t\t\t\t<img class=\"newsContent__article__imgCapa newsContent__article__imgCapa--banner\"\n\t\t\t\t\tsrc=\"https:\/\/files.sunoresearch.com.br\/n\/uploads\/2023\/04\/1420x240-Planilha-vida-financeira-true.png\"\n\t\t\t\t\tdata-promo-id=\"106682\"\t\t\t\t\t\t\t\t\t\twidth='1420' height='240'\t\t\t\t\talt=\"https:\/\/files.sunoresearch.com.br\/n\/uploads\/2023\/04\/1420x240-Planilha-vida-financeira-true.png\"\n\t\t\t\t>\n\t\t\t<\/picture>\n\t\t<\/a>\n\t<\/p>\n\n\n\n\n\n<p>O FII possui um total de 71.266 cotistas e 8.543.493 cotas emitidas.<\/p>\n\n\n\n<p>O FII RECT11 faz parte da <a class=\"suno-keyword\" target=\"_blank\" data-force=\"no\" data-priority=\"1\" href=\"https:\/\/www.suno.com.br\/artigos\/carteira-teorica\/\" rel=\"noopener\">carteira te\u00f3rica<\/a> do IFIX.<\/p>\n\n\n\n<p>Veja o que aconteceu com as cotas do RECT11 no mercado recentemente:<\/p>\n\n\n\n<p>desceu -1,72% nos \u00faltimos trinta dias<br>desvalorizou -25,70% em 12 meses<\/p>\n\n\n\n<p>No \u00faltimo preg\u00e3o da B3, o fundo imobili\u00e1rio baixa de -0,9 e terminou vendido a R$ 42,87.<\/p>\n\n\n\n<p>O valor do patrim\u00f4nio l\u00edquido do FII <strong>RECT11<\/strong> soma R$ 790.620.382,28. O patrim\u00f4nio l\u00edquido por cota \u00e9 de R$ 92,54.<\/p>\n\n\n\n<p>O patrim\u00f4nio \u00e9 um indicador \u00e9 muito usado para os investidores que querem saber o valor real das cotas de um FII. Ao dividir o pre\u00e7o da cota pelo pre\u00e7o do <a class=\"suno-keyword\" target=\"_blank\" data-force=\"no\" data-priority=\"1\" href=\"https:\/\/www.suno.com.br\/artigos\/valor-patrimonial\/\" rel=\"noopener\">valor patrimonial<\/a> (P\/VP), \u00e9 poss\u00edvel saber se o ativo est\u00e1 cotado acima ou abaixo do seu valor patrimonial.<\/p>\n\n\n\n<p>A depender do contexto, isso pode ser uma oportunidade para o investidor. Em momentos de crises, por exemplo, muitos FIIs s\u00e3o negociados abaixo do <a class=\"suno-keyword\" target=\"_blank\" data-force=\"no\" data-priority=\"1\" href=\"https:\/\/www.suno.com.br\/artigos\/valor-patrimonial\/\" rel=\"noopener\">valor patrimonial<\/a> devido \u00e0 avers\u00e3o dos investidores ao risco. J\u00e1 um P\/VP abaixo de 1 pode indicar que o mercado est\u00e1 vendo alguma desvantagem naquele ativo.<\/p>\n\n\n\t<p>\n\t\t<a href=\"https:\/\/lp.suno.com.br\/ebook-como-analisar-uma-acao\/\" target=\"_blank\" data-element=\"shortcode-suno-banner\" title=\"Banner SUNO, clique e saiba mais\">\n\t\t\t<picture>\n\t\t\t\t<source media=\"(max-width: 500px)\" srcset=\"https:\/\/files.sunoresearch.com.br\/n\/uploads\/2023\/03\/Ebook-Acoes-Mobile-1.jpg\">\n\t\t\t\t<img class=\"newsContent__article__imgCapa newsContent__article__imgCapa--banner\"\n\t\t\t\t\tsrc=\"https:\/\/files.sunoresearch.com.br\/n\/uploads\/2023\/03\/Ebook-Acoes-Desktop-1.jpg\"\n\t\t\t\t\tdata-promo-id=\"171998\"\t\t\t\t\t\t\t\t\t\twidth='1420' height='286'\t\t\t\t\talt=\"https:\/\/files.sunoresearch.com.br\/n\/uploads\/2023\/03\/Ebook-Acoes-Desktop-1.jpg\"\n\t\t\t\t>\n\t\t\t<\/picture>\n\t\t<\/a>\n\t<\/p>\n\n\n\n\n\n<h2 class=\"wp-block-heading\">FIIs na B3<\/h2>\n\n\n\n<p>No \u00faltimo preg\u00e3o, o IFIX registrou alta de 0.1594%, aos 3.179 pontos.<\/p>\n\n\n\n<p>Veja as principais altas e baixas do \u00faltimo preg\u00e3o:<\/p>\n\n\n\n<h3 class=\"wp-block-heading\">Maiores altas no dia<\/h3>\n\n\n\n<ul class=\"wp-block-list\">\n<li>MGFF11: Alta de 4,35%<\/li>\n\n\n\n<li>RZAK11: Alta de 3,19%<\/li>\n\n\n\n<li>BLMR11: Alta de 2,87%<\/li>\n\n\n\n<li>MORE11: Alta de 2,79%<\/li>\n\n\n\n<li>URPR11: Alta de 1,96%<\/li>\n<\/ul>\n\n\n\n<h3 class=\"wp-block-heading\">Maiores baixas no dia<\/h3>\n\n\n\n<ul class=\"wp-block-list\">\n<li>HCTR11: Baixa de 3,02%<\/li>\n\n\n\n<li>BLMG11: Baixa de 2,91%<\/li>\n\n\n\n<li>DEVA11: Baixa de 2,62%<\/li>\n\n\n\n<li>BTCI11: Baixa de 1,82%<\/li>\n\n\n\n<li>CPFF11: Baixa de 1,56%<\/li>\n<\/ul>\n\n\n\n<p>Acompanhe todas as principais not\u00edcias sobre fundos imobili\u00e1rios <a href=\"https:\/\/www.suno.com.br\/noticias\/imoveis\/\">neste link <\/a>e leia tudo sobre o FII <strong>RECT11<\/strong> <a href=\"https:\/\/www.suno.com.br\/noticias\/tags\/RECT11\/\">aqui<\/a>.<\/p>\n\n\n\n<p><strong>N\u00e3o houve varia\u00e7\u00e3o.<\/strong> Em&nbsp;outubro os <a class=\"suno-keyword\" target=\"_blank\" data-force=\"no\" data-priority=\"1\" href=\"https:\/\/www.suno.com.br\/guias\/dividendos\/\" rel=\"noopener\">dividendos<\/a> do RECT11 somaram R$ 0,4000 por cota. Nesta compara\u00e7\u00e3o, considerando a varia\u00e7\u00e3o no valor da cota, o dividend yield deste fundo imobili\u00e1rio passou de 0,88% para 0,93%. J\u00e1 o <strong>dividend yield do RECT11<\/strong>&nbsp;em 12 meses \u00e9 de 12,9816%.<\/p>\n\n\n\t<p>\n\t\t<a href=\"https:\/\/lp.suno.com.br\/planilha-controle-gastos\/\" target=\"_blank\" data-element=\"shortcode-suno-banner\" title=\"Banner SUNO, clique e saiba mais\">\n\t\t\t<picture>\n\t\t\t\t<source media=\"(max-width: 500px)\" srcset=\"https:\/\/files.sunoresearch.com.br\/n\/uploads\/2023\/03\/400x300-Planilha-controle-de-gastos.png\">\n\t\t\t\t<img class=\"newsContent__article__imgCapa newsContent__article__imgCapa--banner\"\n\t\t\t\t\tsrc=\"https:\/\/files.sunoresearch.com.br\/n\/uploads\/2023\/03\/1420x240-Planilha-controle-de-gastos.png\"\n\t\t\t\t\tdata-promo-id=\"101751\"\t\t\t\t\t\t\t\t\t\twidth='1420' height='240'\t\t\t\t\talt=\"https:\/\/files.sunoresearch.com.br\/n\/uploads\/2023\/03\/1420x240-Planilha-controle-de-gastos.png\"\n\t\t\t\t>\n\t\t\t<\/picture>\n\t\t<\/a>\n\t<\/p>\n\n\n","protected":false},"excerpt":{"rendered":"<p>O FII FDO INV IMOB &#8211; FII UBS (BR) OFFICE (RECT11) anunciou em um comunicado que vai distribuir aos seus cotistas R$ 0,40 por cota em proventos no m\u00eas de novembro. fundos imobili\u00e1rios &#8211; Foto: Pixabay Segundo comunicado publicado ao mercado, os proventos ser\u00e3o pagos no dia 16 de novembro. Ser\u00e3o contemplados os cotistas posicionados [&hellip;]<\/p>\n","protected":false},"author":283,"featured_media":145788,"comment_status":"closed","ping_status":"closed","sticky":false,"template":"","format":"standard","meta":[],"categories":[66],"tags":[315,105962],"suno_strategy":[],"class_list":["post-483504","post","type-post","status-publish","format-standard","has-post-thumbnail","hentry","category-fiis","tag-fundos-imobiliarios-fiis","tag-rect11"],"yoast_head":"<!-- This site is optimized with the Yoast SEO plugin v24.4 - https:\/\/yoast.com\/wordpress\/plugins\/seo\/ -->\n<title>RECT11: Fundo imobili\u00e1rio pagar\u00e1 R$ 0,40 para seus cotistas neste m\u00eas<\/title>\n<meta name=\"description\" content=\"O FII RECT11 anunciou o pagamento de rendimentos em novembro. Clique aqui para saber os detalhes sobre os dividendos do RECT11.\" \/>\n<meta name=\"robots\" content=\"index, follow, max-snippet:-1, max-image-preview:large, max-video-preview:-1\" \/>\n<link rel=\"canonical\" href=\"https:\/\/www.suno.com.br\/noticias\/agenda-dividendos-fundo-imobiliario-rect11-novembro-cpf\/\" \/>\n<meta property=\"og:locale\" content=\"pt_BR\" \/>\n<meta property=\"og:type\" content=\"article\" \/>\n<meta property=\"og:title\" content=\"RECT11: Fundo imobili\u00e1rio pagar\u00e1 R$ 0,40 para seus cotistas neste m\u00eas\" \/>\n<meta property=\"og:description\" content=\"O FII RECT11 anunciou o pagamento de rendimentos em novembro. Clique aqui para saber os detalhes sobre os dividendos do RECT11.\" \/>\n<meta property=\"og:url\" content=\"https:\/\/www.suno.com.br\/noticias\/agenda-dividendos-fundo-imobiliario-rect11-novembro-cpf\/\" \/>\n<meta property=\"og:site_name\" content=\"Suno Not\u00edcias\" \/>\n<meta property=\"article:publisher\" content=\"https:\/\/facebook.com\/sunoresearch\" \/>\n<meta property=\"og:image\" content=\"http:\/\/files.sunoresearch.com.br\/n\/uploads\/2021\/05\/8651c14c-city-863692_1280.jpg\" \/>\n\t<meta property=\"og:image:width\" content=\"1280\" \/>\n\t<meta property=\"og:image:height\" content=\"853\" \/>\n\t<meta property=\"og:image:type\" content=\"image\/jpeg\" \/>\n<meta name=\"author\" content=\"Camila Paim\" \/>\n<meta name=\"twitter:card\" content=\"summary_large_image\" \/>\n<meta name=\"twitter:creator\" content=\"@sunoresearch\" \/>\n<meta name=\"twitter:site\" content=\"@sunoresearch\" \/>\n<meta name=\"twitter:label1\" content=\"Escrito por\" \/>\n\t<meta name=\"twitter:data1\" content=\"Camila Paim\" \/>\n\t<meta name=\"twitter:label2\" content=\"Est. tempo de leitura\" \/>\n\t<meta name=\"twitter:data2\" content=\"4 minutos\" \/>\n<script type=\"application\/ld+json\" class=\"yoast-schema-graph\">{\"@context\":\"https:\/\/schema.org\",\"@graph\":[{\"@type\":\"NewsArticle\",\"@id\":\"https:\/\/www.suno.com.br\/noticias\/agenda-dividendos-fundo-imobiliario-rect11-novembro-cpf\/#article\",\"isPartOf\":{\"@id\":\"https:\/\/www.suno.com.br\/noticias\/agenda-dividendos-fundo-imobiliario-rect11-novembro-cpf\/\"},\"author\":{\"name\":\"Camila Paim\",\"@id\":\"https:\/\/www.suno.com.br\/noticias\/#\/schema\/person\/f341d3ae5d1cc685176c9a5327cdfdbb\"},\"headline\":\"FII RECT11 pagar\u00e1 R$ 0,40 para seus cotistas\",\"datePublished\":\"2023-11-09T20:30:00+00:00\",\"mainEntityOfPage\":{\"@id\":\"https:\/\/www.suno.com.br\/noticias\/agenda-dividendos-fundo-imobiliario-rect11-novembro-cpf\/\"},\"wordCount\":585,\"publisher\":{\"@id\":\"https:\/\/www.suno.com.br\/noticias\/#organization\"},\"image\":{\"@id\":\"https:\/\/www.suno.com.br\/noticias\/agenda-dividendos-fundo-imobiliario-rect11-novembro-cpf\/#primaryimage\"},\"thumbnailUrl\":\"https:\/\/files.sunoresearch.com.br\/n\/uploads\/2021\/05\/8651c14c-city-863692_1280-jpg.webp\",\"keywords\":[\"Fundos Imobili\u00e1rios (FIIs)\",\"RECT11\"],\"articleSection\":[\"FIIs\"],\"inLanguage\":\"pt-BR\"},{\"@type\":\"WebPage\",\"@id\":\"https:\/\/www.suno.com.br\/noticias\/agenda-dividendos-fundo-imobiliario-rect11-novembro-cpf\/\",\"url\":\"https:\/\/www.suno.com.br\/noticias\/agenda-dividendos-fundo-imobiliario-rect11-novembro-cpf\/\",\"name\":\"RECT11: Fundo imobili\u00e1rio pagar\u00e1 R$ 0,40 para seus cotistas neste m\u00eas\",\"isPartOf\":{\"@id\":\"https:\/\/www.suno.com.br\/noticias\/#website\"},\"primaryImageOfPage\":{\"@id\":\"https:\/\/www.suno.com.br\/noticias\/agenda-dividendos-fundo-imobiliario-rect11-novembro-cpf\/#primaryimage\"},\"image\":{\"@id\":\"https:\/\/www.suno.com.br\/noticias\/agenda-dividendos-fundo-imobiliario-rect11-novembro-cpf\/#primaryimage\"},\"thumbnailUrl\":\"https:\/\/files.sunoresearch.com.br\/n\/uploads\/2021\/05\/8651c14c-city-863692_1280-jpg.webp\",\"datePublished\":\"2023-11-09T20:30:00+00:00\",\"description\":\"O FII RECT11 anunciou o pagamento de rendimentos em novembro. Clique aqui para saber os detalhes sobre os dividendos do RECT11.\",\"breadcrumb\":{\"@id\":\"https:\/\/www.suno.com.br\/noticias\/agenda-dividendos-fundo-imobiliario-rect11-novembro-cpf\/#breadcrumb\"},\"inLanguage\":\"pt-BR\",\"potentialAction\":[{\"@type\":\"ReadAction\",\"target\":[\"https:\/\/www.suno.com.br\/noticias\/agenda-dividendos-fundo-imobiliario-rect11-novembro-cpf\/\"]}]},{\"@type\":\"ImageObject\",\"inLanguage\":\"pt-BR\",\"@id\":\"https:\/\/www.suno.com.br\/noticias\/agenda-dividendos-fundo-imobiliario-rect11-novembro-cpf\/#primaryimage\",\"url\":\"https:\/\/files.sunoresearch.com.br\/n\/uploads\/2021\/05\/8651c14c-city-863692_1280-jpg.webp\",\"contentUrl\":\"https:\/\/files.sunoresearch.com.br\/n\/uploads\/2021\/05\/8651c14c-city-863692_1280-jpg.webp\",\"width\":1280,\"height\":853,\"caption\":\"fundos imobili\u00e1rios - Foto: Pixabay\"},{\"@type\":\"BreadcrumbList\",\"@id\":\"https:\/\/www.suno.com.br\/noticias\/agenda-dividendos-fundo-imobiliario-rect11-novembro-cpf\/#breadcrumb\",\"itemListElement\":[{\"@type\":\"ListItem\",\"position\":1,\"name\":\"Not\u00edcias\",\"item\":\"https:\/\/www.suno.com.br\/noticias\/\"},{\"@type\":\"ListItem\",\"position\":2,\"name\":\"FIIs\",\"item\":\"https:\/\/www.suno.com.br\/noticias\/fiis\/\"},{\"@type\":\"ListItem\",\"position\":3,\"name\":\"FII RECT11 pagar\u00e1 R$ 0,40 para seus cotistas\"}]},{\"@type\":\"WebSite\",\"@id\":\"https:\/\/www.suno.com.br\/noticias\/#website\",\"url\":\"https:\/\/www.suno.com.br\/noticias\/\",\"name\":\"Suno Not\u00edcias\",\"description\":\"Seu portal de informa\u00e7\u00e3o sobre o mundo dos investimentos\",\"publisher\":{\"@id\":\"https:\/\/www.suno.com.br\/noticias\/#organization\"},\"potentialAction\":[{\"@type\":\"SearchAction\",\"target\":{\"@type\":\"EntryPoint\",\"urlTemplate\":\"https:\/\/www.suno.com.br\/noticias\/?s={search_term_string}\"},\"query-input\":{\"@type\":\"PropertyValueSpecification\",\"valueRequired\":true,\"valueName\":\"search_term_string\"}}],\"inLanguage\":\"pt-BR\"},{\"@type\":\"Organization\",\"@id\":\"https:\/\/www.suno.com.br\/noticias\/#organization\",\"name\":\"Suno Not\u00edcias\",\"url\":\"https:\/\/www.suno.com.br\/noticias\/\",\"logo\":{\"@type\":\"ImageObject\",\"inLanguage\":\"pt-BR\",\"@id\":\"https:\/\/www.suno.com.br\/noticias\/#\/schema\/logo\/image\/\",\"url\":\"https:\/\/files.sunoresearch.com.br\/n\/uploads\/2021\/09\/suno-logo.png\",\"contentUrl\":\"https:\/\/files.sunoresearch.com.br\/n\/uploads\/2021\/09\/suno-logo.png\",\"width\":180,\"height\":180,\"caption\":\"Suno Not\u00edcias\"},\"image\":{\"@id\":\"https:\/\/www.suno.com.br\/noticias\/#\/schema\/logo\/image\/\"},\"sameAs\":[\"https:\/\/facebook.com\/sunoresearch\",\"https:\/\/x.com\/sunoresearch\",\"https:\/\/www.instagram.com\/suno\",\"https:\/\/www.linkedin.com\/company\/suno-research\/\",\"https:\/\/www.youtube.com\/c\/sunoresearch\"]},{\"@type\":\"Person\",\"@id\":\"https:\/\/www.suno.com.br\/noticias\/#\/schema\/person\/f341d3ae5d1cc685176c9a5327cdfdbb\",\"name\":\"Camila Paim\",\"image\":{\"@type\":\"ImageObject\",\"inLanguage\":\"pt-BR\",\"@id\":\"https:\/\/www.suno.com.br\/noticias\/#\/schema\/person\/image\/\",\"url\":\"https:\/\/secure.gravatar.com\/avatar\/f33728e65febb1aa7ecf6792956f9b20?s=96&r=g\",\"contentUrl\":\"https:\/\/secure.gravatar.com\/avatar\/f33728e65febb1aa7ecf6792956f9b20?s=96&r=g\",\"caption\":\"Camila Paim\"},\"description\":\"Jornalista formada pela USP, tem experi\u00eancia em reda\u00e7\u00f5es, SEO, Branded Content e Webdesign. Com passagem pelo Jornal da USP, Empiricus e C6 Bank, hoje \u00e9 rep\u00f3rter no Suno Not\u00edcias cobrindo macroeconomia, finan\u00e7as pessoais e startups.\",\"url\":\"https:\/\/www.suno.com.br\/noticias\/author\/camila-figueiredosuno-com-br\/\"}]}<\/script>\n<!-- \/ Yoast SEO plugin. -->","yoast_head_json":{"title":"RECT11: Fundo imobili\u00e1rio pagar\u00e1 R$ 0,40 para seus cotistas neste m\u00eas","description":"O FII RECT11 anunciou o pagamento de rendimentos em novembro. Clique aqui para saber os detalhes sobre os dividendos do RECT11.","robots":{"index":"index","follow":"follow","max-snippet":"max-snippet:-1","max-image-preview":"max-image-preview:large","max-video-preview":"max-video-preview:-1"},"canonical":"https:\/\/www.suno.com.br\/noticias\/agenda-dividendos-fundo-imobiliario-rect11-novembro-cpf\/","og_locale":"pt_BR","og_type":"article","og_title":"RECT11: Fundo imobili\u00e1rio pagar\u00e1 R$ 0,40 para seus cotistas neste m\u00eas","og_description":"O FII RECT11 anunciou o pagamento de rendimentos em novembro. Clique aqui para saber os detalhes sobre os dividendos do RECT11.","og_url":"https:\/\/www.suno.com.br\/noticias\/agenda-dividendos-fundo-imobiliario-rect11-novembro-cpf\/","og_site_name":"Suno Not\u00edcias","article_publisher":"https:\/\/facebook.com\/sunoresearch","og_image":[{"width":1280,"height":853,"url":"http:\/\/files.sunoresearch.com.br\/n\/uploads\/2021\/05\/8651c14c-city-863692_1280.jpg","type":"image\/jpeg"}],"author":"Camila Paim","twitter_card":"summary_large_image","twitter_creator":"@sunoresearch","twitter_site":"@sunoresearch","twitter_misc":{"Escrito por":"Camila Paim","Est. tempo de leitura":"4 minutos"},"schema":{"@context":"https:\/\/schema.org","@graph":[{"@type":"NewsArticle","@id":"https:\/\/www.suno.com.br\/noticias\/agenda-dividendos-fundo-imobiliario-rect11-novembro-cpf\/#article","isPartOf":{"@id":"https:\/\/www.suno.com.br\/noticias\/agenda-dividendos-fundo-imobiliario-rect11-novembro-cpf\/"},"author":{"name":"Camila Paim","@id":"https:\/\/www.suno.com.br\/noticias\/#\/schema\/person\/f341d3ae5d1cc685176c9a5327cdfdbb"},"headline":"FII RECT11 pagar\u00e1 R$ 0,40 para seus cotistas","datePublished":"2023-11-09T20:30:00+00:00","mainEntityOfPage":{"@id":"https:\/\/www.suno.com.br\/noticias\/agenda-dividendos-fundo-imobiliario-rect11-novembro-cpf\/"},"wordCount":585,"publisher":{"@id":"https:\/\/www.suno.com.br\/noticias\/#organization"},"image":{"@id":"https:\/\/www.suno.com.br\/noticias\/agenda-dividendos-fundo-imobiliario-rect11-novembro-cpf\/#primaryimage"},"thumbnailUrl":"https:\/\/files.sunoresearch.com.br\/n\/uploads\/2021\/05\/8651c14c-city-863692_1280-jpg.webp","keywords":["Fundos Imobili\u00e1rios (FIIs)","RECT11"],"articleSection":["FIIs"],"inLanguage":"pt-BR"},{"@type":"WebPage","@id":"https:\/\/www.suno.com.br\/noticias\/agenda-dividendos-fundo-imobiliario-rect11-novembro-cpf\/","url":"https:\/\/www.suno.com.br\/noticias\/agenda-dividendos-fundo-imobiliario-rect11-novembro-cpf\/","name":"RECT11: Fundo imobili\u00e1rio pagar\u00e1 R$ 0,40 para seus cotistas neste m\u00eas","isPartOf":{"@id":"https:\/\/www.suno.com.br\/noticias\/#website"},"primaryImageOfPage":{"@id":"https:\/\/www.suno.com.br\/noticias\/agenda-dividendos-fundo-imobiliario-rect11-novembro-cpf\/#primaryimage"},"image":{"@id":"https:\/\/www.suno.com.br\/noticias\/agenda-dividendos-fundo-imobiliario-rect11-novembro-cpf\/#primaryimage"},"thumbnailUrl":"https:\/\/files.sunoresearch.com.br\/n\/uploads\/2021\/05\/8651c14c-city-863692_1280-jpg.webp","datePublished":"2023-11-09T20:30:00+00:00","description":"O FII RECT11 anunciou o pagamento de rendimentos em novembro. Clique aqui para saber os detalhes sobre os dividendos do RECT11.","breadcrumb":{"@id":"https:\/\/www.suno.com.br\/noticias\/agenda-dividendos-fundo-imobiliario-rect11-novembro-cpf\/#breadcrumb"},"inLanguage":"pt-BR","potentialAction":[{"@type":"ReadAction","target":["https:\/\/www.suno.com.br\/noticias\/agenda-dividendos-fundo-imobiliario-rect11-novembro-cpf\/"]}]},{"@type":"ImageObject","inLanguage":"pt-BR","@id":"https:\/\/www.suno.com.br\/noticias\/agenda-dividendos-fundo-imobiliario-rect11-novembro-cpf\/#primaryimage","url":"https:\/\/files.sunoresearch.com.br\/n\/uploads\/2021\/05\/8651c14c-city-863692_1280-jpg.webp","contentUrl":"https:\/\/files.sunoresearch.com.br\/n\/uploads\/2021\/05\/8651c14c-city-863692_1280-jpg.webp","width":1280,"height":853,"caption":"fundos imobili\u00e1rios - Foto: Pixabay"},{"@type":"BreadcrumbList","@id":"https:\/\/www.suno.com.br\/noticias\/agenda-dividendos-fundo-imobiliario-rect11-novembro-cpf\/#breadcrumb","itemListElement":[{"@type":"ListItem","position":1,"name":"Not\u00edcias","item":"https:\/\/www.suno.com.br\/noticias\/"},{"@type":"ListItem","position":2,"name":"FIIs","item":"https:\/\/www.suno.com.br\/noticias\/fiis\/"},{"@type":"ListItem","position":3,"name":"FII RECT11 pagar\u00e1 R$ 0,40 para seus cotistas"}]},{"@type":"WebSite","@id":"https:\/\/www.suno.com.br\/noticias\/#website","url":"https:\/\/www.suno.com.br\/noticias\/","name":"Suno Not\u00edcias","description":"Seu portal de informa\u00e7\u00e3o sobre o mundo dos investimentos","publisher":{"@id":"https:\/\/www.suno.com.br\/noticias\/#organization"},"potentialAction":[{"@type":"SearchAction","target":{"@type":"EntryPoint","urlTemplate":"https:\/\/www.suno.com.br\/noticias\/?s={search_term_string}"},"query-input":{"@type":"PropertyValueSpecification","valueRequired":true,"valueName":"search_term_string"}}],"inLanguage":"pt-BR"},{"@type":"Organization","@id":"https:\/\/www.suno.com.br\/noticias\/#organization","name":"Suno Not\u00edcias","url":"https:\/\/www.suno.com.br\/noticias\/","logo":{"@type":"ImageObject","inLanguage":"pt-BR","@id":"https:\/\/www.suno.com.br\/noticias\/#\/schema\/logo\/image\/","url":"https:\/\/files.sunoresearch.com.br\/n\/uploads\/2021\/09\/suno-logo.png","contentUrl":"https:\/\/files.sunoresearch.com.br\/n\/uploads\/2021\/09\/suno-logo.png","width":180,"height":180,"caption":"Suno Not\u00edcias"},"image":{"@id":"https:\/\/www.suno.com.br\/noticias\/#\/schema\/logo\/image\/"},"sameAs":["https:\/\/facebook.com\/sunoresearch","https:\/\/x.com\/sunoresearch","https:\/\/www.instagram.com\/suno","https:\/\/www.linkedin.com\/company\/suno-research\/","https:\/\/www.youtube.com\/c\/sunoresearch"]},{"@type":"Person","@id":"https:\/\/www.suno.com.br\/noticias\/#\/schema\/person\/f341d3ae5d1cc685176c9a5327cdfdbb","name":"Camila Paim","image":{"@type":"ImageObject","inLanguage":"pt-BR","@id":"https:\/\/www.suno.com.br\/noticias\/#\/schema\/person\/image\/","url":"https:\/\/secure.gravatar.com\/avatar\/f33728e65febb1aa7ecf6792956f9b20?s=96&r=g","contentUrl":"https:\/\/secure.gravatar.com\/avatar\/f33728e65febb1aa7ecf6792956f9b20?s=96&r=g","caption":"Camila Paim"},"description":"Jornalista formada pela USP, tem experi\u00eancia em reda\u00e7\u00f5es, SEO, Branded Content e Webdesign. Com passagem pelo Jornal da USP, Empiricus e C6 Bank, hoje \u00e9 rep\u00f3rter no Suno Not\u00edcias cobrindo macroeconomia, finan\u00e7as pessoais e startups.","url":"https:\/\/www.suno.com.br\/noticias\/author\/camila-figueiredosuno-com-br\/"}]}},"default_loop_html":"<div class=\"cardsPage__listCard__boxs\"><div class=\"cardsPage__listCard__boxs__img\"><a href=\"https:\/\/www.suno.com.br\/noticias\/agenda-dividendos-fundo-imobiliario-rect11-novembro-cpf\/\"><img class=\"mask\" src=\"https:\/\/www.suno.com.br\/noticias\/wp-content\/themes\/suno\/resources\/images\/spotlight\/spotlight1img\/bg-mask.png\" alt=\"Image Mask\"\/><img src=\"https:\/\/files.sunoresearch.com.br\/n\/uploads\/2021\/05\/8651c14c-city-863692_1280-400x200.webp\" alt=\"FII RECT11 pagar\u00e1 R$ 0,40 para seus cotistas\"\/><\/a><span class=\"spotlightCategory\"><a href=\"https:\/\/www.suno.com.br\/noticias\/fiis\/\">FIIs<\/a><\/span><\/div><div class=\"cardsPage__listCard__boxs__content\"><a href=\"https:\/\/www.suno.com.br\/noticias\/agenda-dividendos-fundo-imobiliario-rect11-novembro-cpf\/\"><h2 class=\"content__title\">FII RECT11 pagar\u00e1 R$ 0,40 para seus cotistas<\/h2><\/a><div class=\"newsContent__article__meta\"><div class=\"newsContent__article__meta__authorBox\"><a href=\"https:\/\/www.suno.com.br\/noticias\/author\/camila-figueiredosuno-com-br\/\" class=\"authorBox__avatar noMobi\"><img src=\"https:\/\/files.sunoresearch.com.br\/n\/uploads\/2024\/05\/camila-paim-square-150x150.jpg\" alt=\"Camila Paim\"><\/a><div class=\"authorBox__name\"><span>por\n\t\t\t<a href=\"https:\/\/www.suno.com.br\/noticias\/author\/camila-figueiredosuno-com-br\/\"><span itemprop=\"author\">Camila Paim<\/span><\/a><\/span><time datetime=\"2023-11-09T17:30:00-03:00\" itemprop=\"datePublished\">09\/11\/2023 17:30<\/time><\/div><\/div><\/div><\/div><\/div>","single_layout":"posts","amp_enabled":true,"_links":{"self":[{"href":"https:\/\/www.suno.com.br\/noticias\/wp-json\/wp\/v2\/posts\/483504"}],"collection":[{"href":"https:\/\/www.suno.com.br\/noticias\/wp-json\/wp\/v2\/posts"}],"about":[{"href":"https:\/\/www.suno.com.br\/noticias\/wp-json\/wp\/v2\/types\/post"}],"author":[{"embeddable":true,"href":"https:\/\/www.suno.com.br\/noticias\/wp-json\/wp\/v2\/users\/283"}],"replies":[{"embeddable":true,"href":"https:\/\/www.suno.com.br\/noticias\/wp-json\/wp\/v2\/comments?post=483504"}],"version-history":[{"count":2,"href":"https:\/\/www.suno.com.br\/noticias\/wp-json\/wp\/v2\/posts\/483504\/revisions"}],"predecessor-version":[{"id":483574,"href":"https:\/\/www.suno.com.br\/noticias\/wp-json\/wp\/v2\/posts\/483504\/revisions\/483574"}],"wp:featuredmedia":[{"embeddable":true,"href":"https:\/\/www.suno.com.br\/noticias\/wp-json\/wp\/v2\/media\/145788"}],"wp:attachment":[{"href":"https:\/\/www.suno.com.br\/noticias\/wp-json\/wp\/v2\/media?parent=483504"}],"wp:term":[{"taxonomy":"category","embeddable":true,"href":"https:\/\/www.suno.com.br\/noticias\/wp-json\/wp\/v2\/categories?post=483504"},{"taxonomy":"post_tag","embeddable":true,"href":"https:\/\/www.suno.com.br\/noticias\/wp-json\/wp\/v2\/tags?post=483504"},{"taxonomy":"suno_strategy","embeddable":true,"href":"https:\/\/www.suno.com.br\/noticias\/wp-json\/wp\/v2\/suno_strategy?post=483504"}],"curies":[{"name":"wp","href":"https:\/\/api.w.org\/{rel}","templated":true}]}}