{"id":483146,"date":"2023-11-09T10:14:24","date_gmt":"2023-11-09T13:14:24","guid":{"rendered":"https:\/\/www.suno.com.br\/noticias\/?p=483146"},"modified":"2023-11-09T10:56:21","modified_gmt":"2023-11-09T13:56:21","slug":"reforma-tributaria-principais-mudancas-isencoes-impostos-cpf","status":"publish","type":"post","link":"https:\/\/www.suno.com.br\/noticias\/reforma-tributaria-principais-mudancas-isencoes-impostos-cpf\/","title":{"rendered":"Reforma tribut\u00e1ria: O que muda e quais produtos est\u00e3o isentos de impostos no novo texto aprovado pelo Senado"},"content":{"rendered":"<p>O Senado aprovou o texto-base da Proposta de Emenda \u00e0 Constitui\u00e7\u00e3o (PEC) da<strong> reforma tribut\u00e1ria<\/strong> nesta quarta-feira (8). O documento simplifica impostos e demais contribui\u00e7\u00f5es de consumo para <a class=\"suno-keyword\" target=\"_blank\" data-force=\"no\" data-priority=\"2\" href=\"https:\/\/www.suno.com.br\/artigos\/pessoa-fisica\/\" rel=\"noopener\">pessoas f\u00edsicas<\/a>, empresas e \u00f3rg\u00e3os p\u00fablicos.<\/p>\t<div class=\"wrapper-featured-image\">\n\t\t<figure class=\"spotlightImg\">\n\n\t\t\t<picture>\n\t\t\t\t<source media=\"(max-width: 768px)\" srcset=\"https:\/\/files.sunoresearch.com.br\/n\/uploads\/2023\/05\/inflacao-ipca-abril-2023-preco-alimentacao-400x200.jpg\">\n\t\t\t\t<img loading=\"lazy\" decoding=\"async\" class=\"newsContent__article__imgCapa lazyloadDisabled \" src=\"https:\/\/files.sunoresearch.com.br\/n\/uploads\/2023\/05\/inflacao-ipca-abril-2023-preco-alimentacao-800x450.jpg\" width=\"800\" height=\"450\" alt=\"Reforma tribut\u00e1ria: O que muda e quais produtos est\u00e3o isentos de impostos no novo texto aprovado pelo Senado\" fetchpriority=high \/>\n\t\t\t<\/picture>\n\n\t\t\t<figcaption class=\"wp-caption-text wp-caption-text--show\">IGP-DI Foto: iStock<\/figcaption>\n\t\t<\/figure>\n\t<\/div>\n\n\n\n\n\n\n\n\t<p>\n\t\t<a href=\"\" target=\"_blank\" data-element=\"shortcode-suno-banner\" title=\"Banner SUNO, clique e saiba mais\">\n\t\t\t<picture>\n\t\t\t\t<source media=\"(max-width: 500px)\" srcset=\"\">\n\t\t\t\t<img class=\"newsContent__article__imgCapa newsContent__article__imgCapa--banner\"\n\t\t\t\t\tsrc=\"\"\n\t\t\t\t\tdata-promo-id=\"240038\"\t\t\t\t\t\t\t\t\t\t\t\t\t\t\talt=\"\"\n\t\t\t\t>\n\t\t\t<\/picture>\n\t\t<\/a>\n\t<\/p>\n\n\n\n\n\n<p>Al\u00e9m disso, a<strong> nova reforma tribut\u00e1ria<\/strong> zerou ou reduziu alguns dos<strong> tributos de servi\u00e7os e produtos<\/strong>, al\u00e9m de fazer altera\u00e7\u00f5es em cestas b\u00e1sicas, produtos de higiene e carros. <\/p>\n\n\n\n<p>O <strong>texto-base da PEC<\/strong> precisava de no m\u00ednimo 49 votos favor\u00e1veis para ser aprovado pelo Senado. Em dois turnos, as vota\u00e7\u00f5es permaneceram iguais, com 53 senadores a favor e 24 contr\u00e1rios. Agora o documento retorna para a C\u00e2mara dos Deputados, de onde o texto original veio, para que as modifica\u00e7\u00f5es feitas na casa sejam avaliadas. <\/p>\n\n\n\n<h2 class=\"wp-block-heading\">O que muda com a nova reforma tribut\u00e1ria da PEC 45?<\/h2>\n\n\n\n<p>A <strong>PEC 45<\/strong> aprovada pelo Senado criou e modificou principalmente os seguinte<strong>s impostos e contribui\u00e7\u00f5es<\/strong>:<\/p>\n\n\n\n<ul class=\"wp-block-list\">\n<li>Imposto sobre Valor Agregado (IVA) dual: Imposto sobre Bens e Servi\u00e7os (IBS) e Contribui\u00e7\u00e3o sobre Bens e Servi\u00e7os (CBS);<\/li>\n\n\n\n<li>Imposto Seletivo (IS);<\/li>\n\n\n\n<li>Imposto Seletivo &#8211; Extra\u00e7\u00e3o (IS-Extra\u00e7\u00e3o);<\/li>\n\n\n\n<li>Cide.<\/li>\n<\/ul>\n\n\n\n<p>Al\u00e9m disso, foram criados dois tipos de cestas b\u00e1sicas, um fundo de Desenvolvimento, uma trava na <a class=\"suno-keyword\" target=\"_blank\" data-force=\"no\" data-priority=\"1\" href=\"https:\/\/www.suno.com.br\/artigos\/carga-tributaria\/\" rel=\"noopener\">carga tribut\u00e1ria<\/a> e um sistema de devolu\u00e7\u00e3o de impostos inseridos em contas de luz e g\u00e1s (cashback). <\/p>\n\n\n\n<p>Confira a seguir cada uma dessas mudan\u00e7as com mais detalhes:<\/p>\n\n\n\n<h2 class=\"wp-block-heading\">IVA, IBS CBS e IS: Novos impostos da reforma tribut\u00e1ria de 2023<\/h2>\n\n\n\n<p>O <strong>Imposto sobre Valor Agregado (IVA)<\/strong> \u00e9 uma modalidade de cobran\u00e7a adotada em mais de 170 pa\u00edses. O mecanismo ajuda a unificar e descomplicar o recolhimento dos tributos, pois tem poucas al\u00edquotas. Na <strong>reforma tribut\u00e1ria aprovada <\/strong>pelo Senado, o IVA passar\u00e1 a ser dual, dividido entre o <strong>Imposto sobre Bens e Servi\u00e7os (IBS)<\/strong> e a <strong>Contribui\u00e7\u00e3o sobre Bens e Servi\u00e7os (CBS)<\/strong>.<\/p>\n\n\n\n<p>Antes deles, os tributos existentes eram: <\/p>\n\n\n\n<ul class=\"wp-block-list\">\n<li>Circula\u00e7\u00e3o de Mercadorias e Servi\u00e7os&nbsp;<a href=\"https:\/\/tributei.net\/blog\/icms-interestadual-suas-complexidades\/\" target=\"_blank\" rel=\"noreferrer noopener\">(ICMS<\/a>), administrado pelos estados;<\/li>\n\n\n\n<li>Imposto sobre Servi\u00e7os (ISS), recolhido pelos munic\u00edpios;<\/li>\n\n\n\n<li>Programa de Integra\u00e7\u00e3o Social (PIS), federal;<\/li>\n\n\n\n<li>Contribui\u00e7\u00e3o para o Financiamento da Seguridade Social (Cofins), federal;<\/li>\n\n\n\n<li>Imposto sobre Produtos Industrializados (IPI), federal.<\/li>\n<\/ul>\n\n\n\n<p>Com a <strong>PEC da reforma tribut\u00e1ria, <\/strong>o IBS ser\u00e1 de recolhimento subnacional (estadual e municipal) e substituir\u00e1 o ICMS dos estados e ISS  dos munic\u00edpios. J\u00e1 a CBS, a n\u00edvel federal, sucede o PIS, Cofins e IPI. <\/p>\n\n\n\n<p>Al\u00e9m disso, uma nova taxa ser\u00e1 criada: o<strong> Imposto Seletivo (IS)<\/strong>, apelidado de &#8220;imposto do pecado&#8221;, pois tributa produtos considerados danosos \u00e0 sa\u00fade e ao meio ambiente. <\/p>\n\n\n\n<p>Na mesma linha do IS, o Senado ainda adicionou um<strong> IS-Extra\u00e7\u00e3o<\/strong>, sobre a extra\u00e7\u00e3o de recursos n\u00e3o renov\u00e1veis como min\u00e9rio e petr\u00f3leo. <\/p>\n\n\n\n<p>A <strong>Contribui\u00e7\u00e3o sobre Interven\u00e7\u00e3o no Dom\u00ednio Econ\u00f4mico (CIDE)<\/strong> tamb\u00e9m \u00e9 mantida, como previsto na Constitui\u00e7\u00e3o Federal (artigo 149), e atua como uma contribui\u00e7\u00e3o tribut\u00e1ria de natureza extrafiscal, vinculada obrigatoriamente \u00e0 receita proveniente da importa\u00e7\u00e3o, produ\u00e7\u00e3o ou comercializa\u00e7\u00e3o de bens concorrentes aos produzidos na <a class=\"suno-keyword\" target=\"_blank\" data-force=\"no\" data-priority=\"1\" href=\"https:\/\/www.suno.com.br\/artigos\/zona-franca\/\" rel=\"noopener\">Zona Franca<\/a> de Manaus.<\/p>\n\n\n\t<p>\n\t\t<a href=\"https:\/\/lp.suno.com.br\/ebook-gratuito-investindo-no-exterior\/\" target=\"_blank\" data-element=\"shortcode-suno-banner\" title=\"Banner SUNO, clique e saiba mais\">\n\t\t\t<picture>\n\t\t\t\t<source media=\"(max-width: 500px)\" srcset=\"https:\/\/files.sunoresearch.com.br\/n\/uploads\/2023\/03\/400x300-Investindo-no-exterior.png\">\n\t\t\t\t<img class=\"newsContent__article__imgCapa newsContent__article__imgCapa--banner\"\n\t\t\t\t\tsrc=\"https:\/\/files.sunoresearch.com.br\/n\/uploads\/2023\/03\/1420x240-Investindo-no-exterior.png\"\n\t\t\t\t\tdata-promo-id=\"383161\"\t\t\t\t\t\t\t\t\t\twidth='1420' height='240'\t\t\t\t\talt=\"https:\/\/files.sunoresearch.com.br\/n\/uploads\/2023\/03\/1420x240-Investindo-no-exterior.png\"\n\t\t\t\t>\n\t\t\t<\/picture>\n\t\t<\/a>\n\t<\/p>\n\n\n\n\n\n<h2 class=\"wp-block-heading\">Quais produtos est\u00e3o isentos do IBS e CBS?<\/h2>\n\n\n\n<p>Segundo o <strong>texto-base da reforma tribut\u00e1ria<\/strong>, alguns produtos poder\u00e3o ter isen\u00e7\u00e3o total ou menores taxas de tributa\u00e7\u00e3o. Al\u00e9m disso, passa a ser obrigat\u00f3ria uma revis\u00e3o das &#8220;exce\u00e7\u00f5es&#8221; listadas a cada cinco anos. <\/p>\n\n\n\n<p>Entre os produtos que podem ter com<strong> isen\u00e7\u00e3o total de CBS e IBS<\/strong>, est\u00e3o medicamentos, alimentos e carros. A lista completa pode ser vista a seguir:<\/p>\n\n\n\n<ul class=\"wp-block-list\">\n<li>Cesta B\u00e1sica Nacional de Alimentos;<\/li>\n\n\n\n<li>Produtos hortifruti (vegetais e frutas) e ovos;<\/li>\n\n\n\n<li>Servi\u00e7os de sa\u00fade, dispositivos m\u00e9dicos e de acessibilidade para portadores de defici\u00eancia;<\/li>\n\n\n\n<li>Medicamentos;<\/li>\n\n\n\n<li>Produtos de cuidados b\u00e1sicos \u00e0 sa\u00fade menstrual (absorventes, coletores menstruais, e outros);<\/li>\n\n\n\n<li>Servi\u00e7os prestados por Institui\u00e7\u00e3o Cient\u00edfica, Tecnol\u00f3gica e de Inova\u00e7\u00e3o (ICT) sem fins lucrativos;<\/li>\n\n\n\n<li>Compra de autom\u00f3veis por taxistas profissionais;<\/li>\n\n\n\n<li>Aquisi\u00e7\u00e3o de autom\u00f3veis por pessoas com defici\u00eancia ou no espectro autista;<\/li>\n\n\n\n<li>Compra de medicamentos e dispositivos m\u00e9dicos pela administra\u00e7\u00e3o direta, autarquias e funda\u00e7\u00f5es p\u00fablicas da Uni\u00e3o, dos estados, do Distrito Federal e dos munic\u00edpios, bem como pelas entidades de assist\u00eancia social;<\/li>\n\n\n\n<li>Atividades de reabilita\u00e7\u00e3o urbana de zonas hist\u00f3ricas e de \u00e1reas cr\u00edticas de recupera\u00e7\u00e3o e reconvers\u00e3o urban\u00edstica.<\/li>\n<\/ul>\n\n\n\n<h2 class=\"wp-block-heading\">Produtos e servi\u00e7os com impostos descontados<\/h2>\n\n\n\n<p>Al\u00e9m dos listados, alguns produtos tamb\u00e9m poder\u00e3o ter a <strong>al\u00edquota reduzida<\/strong> em 60% no IBS e na CBS, como estes:<\/p>\n\n\n\n<ul class=\"wp-block-list\">\n<li>Servi\u00e7os de transporte p\u00fablico coletivo de passageiros rodovi\u00e1rio e metrovi\u00e1rio de car\u00e1ter urbano, semi-urbano e metropolitano;<\/li>\n\n\n\n<li>Alimentos destinados ao consumo humano;<\/li>\n\n\n\n<li>Produtos de higiene pessoal e limpeza majoritariamente consumidos por fam\u00edlias de baixa renda;<\/li>\n\n\n\n<li>Produtos agropecu\u00e1rios, aqu\u00edcolas, pesqueiros, florestais e extrativistas vegetais in natura;<\/li>\n\n\n\n<li>Insumos agropecu\u00e1rios e aqu\u00edcolas;<\/li>\n\n\n\n<li>Produ\u00e7\u00f5es art\u00edsticas, culturais, de eventos, jornal\u00edsticas e audiovisuais nacionais, atividades desportivas e comunica\u00e7\u00e3o institucional;<\/li>\n\n\n\n<li>Bens e servi\u00e7os relacionados \u00e0 soberania e \u00e0 seguran\u00e7a nacional, da informa\u00e7\u00e3o e cibern\u00e9tica;<\/li>\n\n\n\n<li>Cesta b\u00e1sica estendida.<\/li>\n<\/ul>\n\n\n\n<p>Al\u00e9m disso, o <strong>ProUni<\/strong>, programa de ajuda para estudantes de baixa renda a ingressarem no ensino superior em institui\u00e7\u00f5es privadas, passa a ter 100% de desconto no <strong>tributo federal da CBS. <\/strong>Profissionais liberais (servi\u00e7os de profiss\u00e3o intelectual, de natureza cient\u00edfica, liter\u00e1ria ou art\u00edstica, desde que sejam submetidas a fiscaliza\u00e7\u00e3o por conselho profissional) ter\u00e3o redu\u00e7\u00e3o de 30% da CBS e do IBS. <\/p>\n\n\n\n<h2 class=\"wp-block-heading\">Outras mudan\u00e7as na reforma tribut\u00e1ria de 2023<\/h2>\n\n\n\n<p>Al\u00e9m da simplifica\u00e7\u00e3o,<strong> isen\u00e7\u00e3o e redu\u00e7\u00e3o de impostos<\/strong>, a PEC da reforma tribut\u00e1ria ainda prev\u00ea algumas altera\u00e7\u00f5es a n\u00edvel regional e federal no pa\u00eds. <\/p>\n\n\n\n<h3 class=\"wp-block-heading\">Inje\u00e7\u00e3o no Fundos nacionais e regionais<\/h3>\n\n\n\n<p>O <strong>Fundo Nacional de Desenvolvimento Regional (FNDR) <\/strong>ter\u00e1 um aporte acrescido de R$ 60 bilh\u00f5es da Uni\u00e3o. A eleva\u00e7\u00e3o em rela\u00e7\u00e3o aos R$ 40 milh\u00f5es anteriores pelo relator da proposta, Eduardo Braga (MDB-AM) tem como objetivo compensar o fim dos <a class=\"suno-keyword\" data-force=\"no\" data-priority=\"1\" href=\"https:\/\/www.suno.com.br\/artigos\/incentivos-fiscais\/\" target=\"_blank\" rel=\"noopener\">incentivos fiscais<\/a> para os Estados e unidade federativa. O rateio do fundo ficou definido como sendo 70% segundo o Fundo de Participa\u00e7\u00e3o dos Estados (FPE) e os outros 30% de acordo com o tamanho populacional.<\/p>\n\n\n\n<p>Al\u00e9m disso, foi aprovado por unanimidade, a partir de uma subemenda, o <strong>Fundo de Desenvolvimento Sustent\u00e1vel<\/strong> dos Estados da Amaz\u00f4nia Ocidental (que inclui Acre, Rond\u00f4nia e Roraima) e do Amap\u00e1. <\/p>\n\n\n\n<h3 class=\"wp-block-heading\">Carga tribut\u00e1ria vai ter aumento controlado<\/h3>\n\n\n\n<p>O texto da reforma tribut\u00e1ria tamb\u00e9m inclui uma trava para barrar o aumento da carga tribut\u00e1ria. A medida veio a pedido do setor produtivo, cauteloso \u00e0 eleva\u00e7\u00e3o de impostos pelo governo federal, Estados e munic\u00edpios com as novas <strong>mudan\u00e7as do sistema tribut\u00e1rio<\/strong>.<\/p>\n\n\n\n<h3 class=\"wp-block-heading\">Sistema de Cashback de impostos<\/h3>\n\n\n\n<p>Al\u00e9m disso, o Senado ainda aprovou a obrigatoriedade de um <strong>sistema de cashback<\/strong>&nbsp;do imposto da conta de luz e g\u00e1s de cozinha para a popula\u00e7\u00e3o de baixa renda. As devolu\u00e7\u00f5es tamb\u00e9m ir\u00e3o incluir os produtos da cesta b\u00e1sica.<\/p>\n\n\n\n<p>O texto-base da <strong>reforma tribut\u00e1ria <\/strong>aprovada pelo Senado na \u00faltima quarta-feira (8) agora segue para a revis\u00e3o da C\u00e2mara dos Deputados. <\/p>\n\n\n\t<p>\n\t\t<a href=\"https:\/\/lp.suno.com.br\/planilha-da-vida-financeira\/\" target=\"_blank\" data-element=\"shortcode-suno-banner\" title=\"Banner SUNO, clique e saiba mais\">\n\t\t\t<picture>\n\t\t\t\t<source media=\"(max-width: 500px)\" srcset=\"https:\/\/files.sunoresearch.com.br\/n\/uploads\/2023\/04\/400x300-Planilha-vida-financeira-true.png\">\n\t\t\t\t<img class=\"newsContent__article__imgCapa newsContent__article__imgCapa--banner\"\n\t\t\t\t\tsrc=\"https:\/\/files.sunoresearch.com.br\/n\/uploads\/2023\/04\/1420x240-Planilha-vida-financeira-true.png\"\n\t\t\t\t\tdata-promo-id=\"383123\"\t\t\t\t\t\t\t\t\t\twidth='1420' height='240'\t\t\t\t\talt=\"https:\/\/files.sunoresearch.com.br\/n\/uploads\/2023\/04\/1420x240-Planilha-vida-financeira-true.png\"\n\t\t\t\t>\n\t\t\t<\/picture>\n\t\t<\/a>\n\t<\/p>\n\n\n","protected":false},"excerpt":{"rendered":"<p>O Senado aprovou o texto-base da Proposta de Emenda \u00e0 Constitui\u00e7\u00e3o (PEC) da reforma tribut\u00e1ria nesta quarta-feira (8). O documento simplifica impostos e demais contribui\u00e7\u00f5es de consumo para pessoas f\u00edsicas, empresas e \u00f3rg\u00e3os p\u00fablicos. IGP-DI Foto: iStock Al\u00e9m disso, a nova reforma tribut\u00e1ria zerou ou reduziu alguns dos tributos de servi\u00e7os e produtos, al\u00e9m de [&hellip;]<\/p>\n","protected":false},"author":283,"featured_media":403621,"comment_status":"closed","ping_status":"closed","sticky":false,"template":"","format":"standard","meta":[],"categories":[62],"tags":[938,76283,1086,704,835,1286,1068],"suno_strategy":[],"class_list":["post-483146","post","type-post","status-publish","format-standard","has-post-thumbnail","hentry","category-economia","tag-camara-dos-deputados","tag-cofins","tag-icms","tag-impostos","tag-pis","tag-reforma-tributaria","tag-senado-federal"],"yoast_head":"<!-- This site is optimized with the Yoast SEO plugin v24.4 - https:\/\/yoast.com\/wordpress\/plugins\/seo\/ -->\n<title>Reforma tribut\u00e1ria: O que muda e quais produtos s\u00e3o isentos de impostos<\/title>\n<meta name=\"description\" content=\"O texto-base da reforma tribut\u00e1ria, aprovado pelo Senado, cont\u00e9m uma s\u00e9rie de isen\u00e7\u00f5es e redu\u00e7\u00f5es de impostos para produtos e servi\u00e7os.\" \/>\n<meta name=\"robots\" content=\"index, follow, max-snippet:-1, max-image-preview:large, max-video-preview:-1\" \/>\n<link rel=\"canonical\" href=\"https:\/\/www.suno.com.br\/noticias\/reforma-tributaria-principais-mudancas-isencoes-impostos-cpf\/\" \/>\n<meta property=\"og:locale\" content=\"pt_BR\" \/>\n<meta property=\"og:type\" content=\"article\" \/>\n<meta property=\"og:title\" content=\"Reforma tribut\u00e1ria: O que muda e quais produtos s\u00e3o isentos de impostos\" \/>\n<meta property=\"og:description\" content=\"O texto-base da reforma tribut\u00e1ria, aprovado pelo Senado, cont\u00e9m uma s\u00e9rie de isen\u00e7\u00f5es e redu\u00e7\u00f5es de impostos para produtos e servi\u00e7os.\" \/>\n<meta property=\"og:url\" content=\"https:\/\/www.suno.com.br\/noticias\/reforma-tributaria-principais-mudancas-isencoes-impostos-cpf\/\" \/>\n<meta property=\"og:site_name\" content=\"Suno Not\u00edcias\" \/>\n<meta property=\"article:publisher\" content=\"https:\/\/facebook.com\/sunoresearch\" \/>\n<meta property=\"og:image\" content=\"https:\/\/files.sunoresearch.com.br\/n\/uploads\/2023\/05\/inflacao-ipca-abril-2023-preco-alimentacao.jpg\" \/>\n\t<meta property=\"og:image:width\" content=\"1200\" \/>\n\t<meta property=\"og:image:height\" content=\"800\" \/>\n\t<meta property=\"og:image:type\" content=\"image\/jpeg\" \/>\n<meta name=\"author\" content=\"Camila Paim\" \/>\n<meta name=\"twitter:card\" content=\"summary_large_image\" \/>\n<meta name=\"twitter:creator\" content=\"@sunoresearch\" \/>\n<meta name=\"twitter:site\" content=\"@sunoresearch\" \/>\n<meta name=\"twitter:label1\" content=\"Escrito por\" \/>\n\t<meta name=\"twitter:data1\" content=\"Camila Paim\" \/>\n\t<meta name=\"twitter:label2\" content=\"Est. tempo de leitura\" \/>\n\t<meta name=\"twitter:data2\" content=\"6 minutos\" \/>\n<script type=\"application\/ld+json\" class=\"yoast-schema-graph\">{\"@context\":\"https:\/\/schema.org\",\"@graph\":[{\"@type\":\"NewsArticle\",\"@id\":\"https:\/\/www.suno.com.br\/noticias\/reforma-tributaria-principais-mudancas-isencoes-impostos-cpf\/#article\",\"isPartOf\":{\"@id\":\"https:\/\/www.suno.com.br\/noticias\/reforma-tributaria-principais-mudancas-isencoes-impostos-cpf\/\"},\"author\":{\"name\":\"Camila Paim\",\"@id\":\"https:\/\/www.suno.com.br\/noticias\/#\/schema\/person\/f341d3ae5d1cc685176c9a5327cdfdbb\"},\"headline\":\"Reforma tribut\u00e1ria: O que muda e quais produtos est\u00e3o isentos de impostos no novo texto aprovado pelo Senado\",\"datePublished\":\"2023-11-09T13:14:24+00:00\",\"dateModified\":\"2023-11-09T13:56:21+00:00\",\"mainEntityOfPage\":{\"@id\":\"https:\/\/www.suno.com.br\/noticias\/reforma-tributaria-principais-mudancas-isencoes-impostos-cpf\/\"},\"wordCount\":1247,\"publisher\":{\"@id\":\"https:\/\/www.suno.com.br\/noticias\/#organization\"},\"image\":{\"@id\":\"https:\/\/www.suno.com.br\/noticias\/reforma-tributaria-principais-mudancas-isencoes-impostos-cpf\/#primaryimage\"},\"thumbnailUrl\":\"https:\/\/files.sunoresearch.com.br\/n\/uploads\/2023\/05\/inflacao-ipca-abril-2023-preco-alimentacao.jpg\",\"keywords\":[\"C\u00e2mara dos Deputados\",\"COFINS\",\"ICMS\",\"impostos\",\"PIS\",\"reforma tribut\u00e1ria\",\"Senado Federal\"],\"articleSection\":[\"Economia\"],\"inLanguage\":\"pt-BR\"},{\"@type\":\"WebPage\",\"@id\":\"https:\/\/www.suno.com.br\/noticias\/reforma-tributaria-principais-mudancas-isencoes-impostos-cpf\/\",\"url\":\"https:\/\/www.suno.com.br\/noticias\/reforma-tributaria-principais-mudancas-isencoes-impostos-cpf\/\",\"name\":\"Reforma tribut\u00e1ria: O que muda e quais produtos s\u00e3o isentos de impostos\",\"isPartOf\":{\"@id\":\"https:\/\/www.suno.com.br\/noticias\/#website\"},\"primaryImageOfPage\":{\"@id\":\"https:\/\/www.suno.com.br\/noticias\/reforma-tributaria-principais-mudancas-isencoes-impostos-cpf\/#primaryimage\"},\"image\":{\"@id\":\"https:\/\/www.suno.com.br\/noticias\/reforma-tributaria-principais-mudancas-isencoes-impostos-cpf\/#primaryimage\"},\"thumbnailUrl\":\"https:\/\/files.sunoresearch.com.br\/n\/uploads\/2023\/05\/inflacao-ipca-abril-2023-preco-alimentacao.jpg\",\"datePublished\":\"2023-11-09T13:14:24+00:00\",\"dateModified\":\"2023-11-09T13:56:21+00:00\",\"description\":\"O texto-base da reforma tribut\u00e1ria, aprovado pelo Senado, cont\u00e9m uma s\u00e9rie de isen\u00e7\u00f5es e redu\u00e7\u00f5es de impostos para produtos e servi\u00e7os.\",\"breadcrumb\":{\"@id\":\"https:\/\/www.suno.com.br\/noticias\/reforma-tributaria-principais-mudancas-isencoes-impostos-cpf\/#breadcrumb\"},\"inLanguage\":\"pt-BR\",\"potentialAction\":[{\"@type\":\"ReadAction\",\"target\":[\"https:\/\/www.suno.com.br\/noticias\/reforma-tributaria-principais-mudancas-isencoes-impostos-cpf\/\"]}]},{\"@type\":\"ImageObject\",\"inLanguage\":\"pt-BR\",\"@id\":\"https:\/\/www.suno.com.br\/noticias\/reforma-tributaria-principais-mudancas-isencoes-impostos-cpf\/#primaryimage\",\"url\":\"https:\/\/files.sunoresearch.com.br\/n\/uploads\/2023\/05\/inflacao-ipca-abril-2023-preco-alimentacao.jpg\",\"contentUrl\":\"https:\/\/files.sunoresearch.com.br\/n\/uploads\/2023\/05\/inflacao-ipca-abril-2023-preco-alimentacao.jpg\",\"width\":1200,\"height\":800,\"caption\":\"IGP-DI Foto: iStock\"},{\"@type\":\"BreadcrumbList\",\"@id\":\"https:\/\/www.suno.com.br\/noticias\/reforma-tributaria-principais-mudancas-isencoes-impostos-cpf\/#breadcrumb\",\"itemListElement\":[{\"@type\":\"ListItem\",\"position\":1,\"name\":\"Not\u00edcias\",\"item\":\"https:\/\/www.suno.com.br\/noticias\/\"},{\"@type\":\"ListItem\",\"position\":2,\"name\":\"Economia\",\"item\":\"https:\/\/www.suno.com.br\/noticias\/economia\/\"},{\"@type\":\"ListItem\",\"position\":3,\"name\":\"Reforma tribut\u00e1ria: O que muda e quais produtos est\u00e3o isentos de impostos no novo texto aprovado pelo Senado\"}]},{\"@type\":\"WebSite\",\"@id\":\"https:\/\/www.suno.com.br\/noticias\/#website\",\"url\":\"https:\/\/www.suno.com.br\/noticias\/\",\"name\":\"Suno Not\u00edcias\",\"description\":\"Seu portal de informa\u00e7\u00e3o sobre o mundo dos investimentos\",\"publisher\":{\"@id\":\"https:\/\/www.suno.com.br\/noticias\/#organization\"},\"potentialAction\":[{\"@type\":\"SearchAction\",\"target\":{\"@type\":\"EntryPoint\",\"urlTemplate\":\"https:\/\/www.suno.com.br\/noticias\/?s={search_term_string}\"},\"query-input\":{\"@type\":\"PropertyValueSpecification\",\"valueRequired\":true,\"valueName\":\"search_term_string\"}}],\"inLanguage\":\"pt-BR\"},{\"@type\":\"Organization\",\"@id\":\"https:\/\/www.suno.com.br\/noticias\/#organization\",\"name\":\"Suno Not\u00edcias\",\"url\":\"https:\/\/www.suno.com.br\/noticias\/\",\"logo\":{\"@type\":\"ImageObject\",\"inLanguage\":\"pt-BR\",\"@id\":\"https:\/\/www.suno.com.br\/noticias\/#\/schema\/logo\/image\/\",\"url\":\"https:\/\/files.sunoresearch.com.br\/n\/uploads\/2021\/09\/suno-logo.png\",\"contentUrl\":\"https:\/\/files.sunoresearch.com.br\/n\/uploads\/2021\/09\/suno-logo.png\",\"width\":180,\"height\":180,\"caption\":\"Suno Not\u00edcias\"},\"image\":{\"@id\":\"https:\/\/www.suno.com.br\/noticias\/#\/schema\/logo\/image\/\"},\"sameAs\":[\"https:\/\/facebook.com\/sunoresearch\",\"https:\/\/x.com\/sunoresearch\",\"https:\/\/www.instagram.com\/suno\",\"https:\/\/www.linkedin.com\/company\/suno-research\/\",\"https:\/\/www.youtube.com\/c\/sunoresearch\"]},{\"@type\":\"Person\",\"@id\":\"https:\/\/www.suno.com.br\/noticias\/#\/schema\/person\/f341d3ae5d1cc685176c9a5327cdfdbb\",\"name\":\"Camila Paim\",\"image\":{\"@type\":\"ImageObject\",\"inLanguage\":\"pt-BR\",\"@id\":\"https:\/\/www.suno.com.br\/noticias\/#\/schema\/person\/image\/\",\"url\":\"https:\/\/secure.gravatar.com\/avatar\/f33728e65febb1aa7ecf6792956f9b20?s=96&r=g\",\"contentUrl\":\"https:\/\/secure.gravatar.com\/avatar\/f33728e65febb1aa7ecf6792956f9b20?s=96&r=g\",\"caption\":\"Camila Paim\"},\"description\":\"Jornalista formada pela USP, tem experi\u00eancia em reda\u00e7\u00f5es, SEO, Branded Content e Webdesign. Com passagem pelo Jornal da USP, Empiricus e C6 Bank, hoje \u00e9 rep\u00f3rter no Suno Not\u00edcias cobrindo macroeconomia, finan\u00e7as pessoais e startups.\",\"url\":\"https:\/\/www.suno.com.br\/noticias\/author\/camila-figueiredosuno-com-br\/\"}]}<\/script>\n<!-- \/ Yoast SEO plugin. -->","yoast_head_json":{"title":"Reforma tribut\u00e1ria: O que muda e quais produtos s\u00e3o isentos de impostos","description":"O texto-base da reforma tribut\u00e1ria, aprovado pelo Senado, cont\u00e9m uma s\u00e9rie de isen\u00e7\u00f5es e redu\u00e7\u00f5es de impostos para produtos e servi\u00e7os.","robots":{"index":"index","follow":"follow","max-snippet":"max-snippet:-1","max-image-preview":"max-image-preview:large","max-video-preview":"max-video-preview:-1"},"canonical":"https:\/\/www.suno.com.br\/noticias\/reforma-tributaria-principais-mudancas-isencoes-impostos-cpf\/","og_locale":"pt_BR","og_type":"article","og_title":"Reforma tribut\u00e1ria: O que muda e quais produtos s\u00e3o isentos de impostos","og_description":"O texto-base da reforma tribut\u00e1ria, aprovado pelo Senado, cont\u00e9m uma s\u00e9rie de isen\u00e7\u00f5es e redu\u00e7\u00f5es de impostos para produtos e servi\u00e7os.","og_url":"https:\/\/www.suno.com.br\/noticias\/reforma-tributaria-principais-mudancas-isencoes-impostos-cpf\/","og_site_name":"Suno Not\u00edcias","article_publisher":"https:\/\/facebook.com\/sunoresearch","og_image":[{"width":1200,"height":800,"url":"https:\/\/files.sunoresearch.com.br\/n\/uploads\/2023\/05\/inflacao-ipca-abril-2023-preco-alimentacao.jpg","type":"image\/jpeg"}],"author":"Camila Paim","twitter_card":"summary_large_image","twitter_creator":"@sunoresearch","twitter_site":"@sunoresearch","twitter_misc":{"Escrito por":"Camila Paim","Est. tempo de leitura":"6 minutos"},"schema":{"@context":"https:\/\/schema.org","@graph":[{"@type":"NewsArticle","@id":"https:\/\/www.suno.com.br\/noticias\/reforma-tributaria-principais-mudancas-isencoes-impostos-cpf\/#article","isPartOf":{"@id":"https:\/\/www.suno.com.br\/noticias\/reforma-tributaria-principais-mudancas-isencoes-impostos-cpf\/"},"author":{"name":"Camila Paim","@id":"https:\/\/www.suno.com.br\/noticias\/#\/schema\/person\/f341d3ae5d1cc685176c9a5327cdfdbb"},"headline":"Reforma tribut\u00e1ria: O que muda e quais produtos est\u00e3o isentos de impostos no novo texto aprovado pelo Senado","datePublished":"2023-11-09T13:14:24+00:00","dateModified":"2023-11-09T13:56:21+00:00","mainEntityOfPage":{"@id":"https:\/\/www.suno.com.br\/noticias\/reforma-tributaria-principais-mudancas-isencoes-impostos-cpf\/"},"wordCount":1247,"publisher":{"@id":"https:\/\/www.suno.com.br\/noticias\/#organization"},"image":{"@id":"https:\/\/www.suno.com.br\/noticias\/reforma-tributaria-principais-mudancas-isencoes-impostos-cpf\/#primaryimage"},"thumbnailUrl":"https:\/\/files.sunoresearch.com.br\/n\/uploads\/2023\/05\/inflacao-ipca-abril-2023-preco-alimentacao.jpg","keywords":["C\u00e2mara dos Deputados","COFINS","ICMS","impostos","PIS","reforma tribut\u00e1ria","Senado Federal"],"articleSection":["Economia"],"inLanguage":"pt-BR"},{"@type":"WebPage","@id":"https:\/\/www.suno.com.br\/noticias\/reforma-tributaria-principais-mudancas-isencoes-impostos-cpf\/","url":"https:\/\/www.suno.com.br\/noticias\/reforma-tributaria-principais-mudancas-isencoes-impostos-cpf\/","name":"Reforma tribut\u00e1ria: O que muda e quais produtos s\u00e3o isentos de impostos","isPartOf":{"@id":"https:\/\/www.suno.com.br\/noticias\/#website"},"primaryImageOfPage":{"@id":"https:\/\/www.suno.com.br\/noticias\/reforma-tributaria-principais-mudancas-isencoes-impostos-cpf\/#primaryimage"},"image":{"@id":"https:\/\/www.suno.com.br\/noticias\/reforma-tributaria-principais-mudancas-isencoes-impostos-cpf\/#primaryimage"},"thumbnailUrl":"https:\/\/files.sunoresearch.com.br\/n\/uploads\/2023\/05\/inflacao-ipca-abril-2023-preco-alimentacao.jpg","datePublished":"2023-11-09T13:14:24+00:00","dateModified":"2023-11-09T13:56:21+00:00","description":"O texto-base da reforma tribut\u00e1ria, aprovado pelo Senado, cont\u00e9m uma s\u00e9rie de isen\u00e7\u00f5es e redu\u00e7\u00f5es de impostos para produtos e servi\u00e7os.","breadcrumb":{"@id":"https:\/\/www.suno.com.br\/noticias\/reforma-tributaria-principais-mudancas-isencoes-impostos-cpf\/#breadcrumb"},"inLanguage":"pt-BR","potentialAction":[{"@type":"ReadAction","target":["https:\/\/www.suno.com.br\/noticias\/reforma-tributaria-principais-mudancas-isencoes-impostos-cpf\/"]}]},{"@type":"ImageObject","inLanguage":"pt-BR","@id":"https:\/\/www.suno.com.br\/noticias\/reforma-tributaria-principais-mudancas-isencoes-impostos-cpf\/#primaryimage","url":"https:\/\/files.sunoresearch.com.br\/n\/uploads\/2023\/05\/inflacao-ipca-abril-2023-preco-alimentacao.jpg","contentUrl":"https:\/\/files.sunoresearch.com.br\/n\/uploads\/2023\/05\/inflacao-ipca-abril-2023-preco-alimentacao.jpg","width":1200,"height":800,"caption":"IGP-DI Foto: iStock"},{"@type":"BreadcrumbList","@id":"https:\/\/www.suno.com.br\/noticias\/reforma-tributaria-principais-mudancas-isencoes-impostos-cpf\/#breadcrumb","itemListElement":[{"@type":"ListItem","position":1,"name":"Not\u00edcias","item":"https:\/\/www.suno.com.br\/noticias\/"},{"@type":"ListItem","position":2,"name":"Economia","item":"https:\/\/www.suno.com.br\/noticias\/economia\/"},{"@type":"ListItem","position":3,"name":"Reforma tribut\u00e1ria: O que muda e quais produtos est\u00e3o isentos de impostos no novo texto aprovado pelo Senado"}]},{"@type":"WebSite","@id":"https:\/\/www.suno.com.br\/noticias\/#website","url":"https:\/\/www.suno.com.br\/noticias\/","name":"Suno Not\u00edcias","description":"Seu portal de informa\u00e7\u00e3o sobre o mundo dos investimentos","publisher":{"@id":"https:\/\/www.suno.com.br\/noticias\/#organization"},"potentialAction":[{"@type":"SearchAction","target":{"@type":"EntryPoint","urlTemplate":"https:\/\/www.suno.com.br\/noticias\/?s={search_term_string}"},"query-input":{"@type":"PropertyValueSpecification","valueRequired":true,"valueName":"search_term_string"}}],"inLanguage":"pt-BR"},{"@type":"Organization","@id":"https:\/\/www.suno.com.br\/noticias\/#organization","name":"Suno Not\u00edcias","url":"https:\/\/www.suno.com.br\/noticias\/","logo":{"@type":"ImageObject","inLanguage":"pt-BR","@id":"https:\/\/www.suno.com.br\/noticias\/#\/schema\/logo\/image\/","url":"https:\/\/files.sunoresearch.com.br\/n\/uploads\/2021\/09\/suno-logo.png","contentUrl":"https:\/\/files.sunoresearch.com.br\/n\/uploads\/2021\/09\/suno-logo.png","width":180,"height":180,"caption":"Suno Not\u00edcias"},"image":{"@id":"https:\/\/www.suno.com.br\/noticias\/#\/schema\/logo\/image\/"},"sameAs":["https:\/\/facebook.com\/sunoresearch","https:\/\/x.com\/sunoresearch","https:\/\/www.instagram.com\/suno","https:\/\/www.linkedin.com\/company\/suno-research\/","https:\/\/www.youtube.com\/c\/sunoresearch"]},{"@type":"Person","@id":"https:\/\/www.suno.com.br\/noticias\/#\/schema\/person\/f341d3ae5d1cc685176c9a5327cdfdbb","name":"Camila Paim","image":{"@type":"ImageObject","inLanguage":"pt-BR","@id":"https:\/\/www.suno.com.br\/noticias\/#\/schema\/person\/image\/","url":"https:\/\/secure.gravatar.com\/avatar\/f33728e65febb1aa7ecf6792956f9b20?s=96&r=g","contentUrl":"https:\/\/secure.gravatar.com\/avatar\/f33728e65febb1aa7ecf6792956f9b20?s=96&r=g","caption":"Camila Paim"},"description":"Jornalista formada pela USP, tem experi\u00eancia em reda\u00e7\u00f5es, SEO, Branded Content e Webdesign. Com passagem pelo Jornal da USP, Empiricus e C6 Bank, hoje \u00e9 rep\u00f3rter no Suno Not\u00edcias cobrindo macroeconomia, finan\u00e7as pessoais e startups.","url":"https:\/\/www.suno.com.br\/noticias\/author\/camila-figueiredosuno-com-br\/"}]}},"default_loop_html":"<div class=\"cardsPage__listCard__boxs\"><div class=\"cardsPage__listCard__boxs__img\"><a href=\"https:\/\/www.suno.com.br\/noticias\/reforma-tributaria-principais-mudancas-isencoes-impostos-cpf\/\"><img class=\"mask\" src=\"https:\/\/www.suno.com.br\/noticias\/wp-content\/themes\/suno\/resources\/images\/spotlight\/spotlight1img\/bg-mask.png\" alt=\"Image Mask\"\/><img src=\"https:\/\/files.sunoresearch.com.br\/n\/uploads\/2023\/05\/inflacao-ipca-abril-2023-preco-alimentacao-400x200.jpg\" alt=\"Reforma tribut\u00e1ria: O que muda e quais produtos est\u00e3o isentos de impostos no novo texto aprovado pelo Senado\"\/><\/a><span class=\"spotlightCategory\"><a href=\"https:\/\/www.suno.com.br\/noticias\/economia\/\">Economia<\/a><\/span><\/div><div class=\"cardsPage__listCard__boxs__content\"><a href=\"https:\/\/www.suno.com.br\/noticias\/reforma-tributaria-principais-mudancas-isencoes-impostos-cpf\/\"><h2 class=\"content__title\">Reforma tribut\u00e1ria: O que muda e quais produtos est\u00e3o isentos de impostos no novo texto aprovado pelo Senado<\/h2><\/a><div class=\"newsContent__article__meta\"><div class=\"newsContent__article__meta__authorBox\"><a href=\"https:\/\/www.suno.com.br\/noticias\/author\/camila-figueiredosuno-com-br\/\" class=\"authorBox__avatar noMobi\"><img src=\"https:\/\/files.sunoresearch.com.br\/n\/uploads\/2024\/05\/camila-paim-square-150x150.jpg\" alt=\"Camila Paim\"><\/a><div class=\"authorBox__name\"><span>por\n\t\t\t<a href=\"https:\/\/www.suno.com.br\/noticias\/author\/camila-figueiredosuno-com-br\/\"><span itemprop=\"author\">Camila Paim<\/span><\/a><\/span><time datetime=\"2023-11-09T10:14:24-03:00\" itemprop=\"datePublished\">09\/11\/2023 10:14<\/time><\/div><\/div><\/div><\/div><\/div>","single_layout":"posts","amp_enabled":true,"_links":{"self":[{"href":"https:\/\/www.suno.com.br\/noticias\/wp-json\/wp\/v2\/posts\/483146"}],"collection":[{"href":"https:\/\/www.suno.com.br\/noticias\/wp-json\/wp\/v2\/posts"}],"about":[{"href":"https:\/\/www.suno.com.br\/noticias\/wp-json\/wp\/v2\/types\/post"}],"author":[{"embeddable":true,"href":"https:\/\/www.suno.com.br\/noticias\/wp-json\/wp\/v2\/users\/283"}],"replies":[{"embeddable":true,"href":"https:\/\/www.suno.com.br\/noticias\/wp-json\/wp\/v2\/comments?post=483146"}],"version-history":[{"count":3,"href":"https:\/\/www.suno.com.br\/noticias\/wp-json\/wp\/v2\/posts\/483146\/revisions"}],"predecessor-version":[{"id":483286,"href":"https:\/\/www.suno.com.br\/noticias\/wp-json\/wp\/v2\/posts\/483146\/revisions\/483286"}],"wp:featuredmedia":[{"embeddable":true,"href":"https:\/\/www.suno.com.br\/noticias\/wp-json\/wp\/v2\/media\/403621"}],"wp:attachment":[{"href":"https:\/\/www.suno.com.br\/noticias\/wp-json\/wp\/v2\/media?parent=483146"}],"wp:term":[{"taxonomy":"category","embeddable":true,"href":"https:\/\/www.suno.com.br\/noticias\/wp-json\/wp\/v2\/categories?post=483146"},{"taxonomy":"post_tag","embeddable":true,"href":"https:\/\/www.suno.com.br\/noticias\/wp-json\/wp\/v2\/tags?post=483146"},{"taxonomy":"suno_strategy","embeddable":true,"href":"https:\/\/www.suno.com.br\/noticias\/wp-json\/wp\/v2\/suno_strategy?post=483146"}],"curies":[{"name":"wp","href":"https:\/\/api.w.org\/{rel}","templated":true}]}}