{"id":48282,"date":"2019-12-18T17:38:28","date_gmt":"2019-12-18T19:38:28","guid":{"rendered":"https:\/\/www.suno.com.br\/noticias\/?p=48282"},"modified":"2019-12-18T19:57:31","modified_gmt":"2019-12-18T21:57:31","slug":"btg-bc-andre-esteves-controle","status":"publish","type":"post","link":"https:\/\/www.suno.com.br\/noticias\/btg-bc-andre-esteves-controle\/","title":{"rendered":"BTG: BC aprova volta de Andr\u00e9 Esteves ao controle do banco"},"content":{"rendered":"<p>O <strong>Departamento<\/strong> <strong>de<\/strong> <strong>Organiza\u00e7\u00e3o<\/strong> <strong>do<\/strong> <a href=\"https:\/\/www.suno.com.br\/artigos\/bacen\/\"><strong>Banco<\/strong> <strong>Central<\/strong><\/a> aprovou, nesta quarta-feira (18), a volta de <a href=\"https:\/\/www.suno.com.br\/tudo-sobre\/andre-esteves\/\"><strong>Andr\u00e9 Esteves<\/strong><\/a> ao bloco de controle do <a href=\"https:\/\/www.suno.com.br\/acoes\/bpac11\/\">BTG Pactual (BPAC11)<\/a>. A decis\u00e3o foi publicada no &#8220;<strong>Di\u00e1rio Oficial<\/strong> <strong>da<\/strong> <strong>Uni\u00e3o<\/strong>&#8221; (<strong>DOU<\/strong>).<\/p>\t<div class=\"wrapper-featured-image\">\n\t\t<figure class=\"spotlightImg\">\n\n\t\t\t<picture>\n\t\t\t\t<source media=\"(max-width: 768px)\" srcset=\"https:\/\/files.sunoresearch.com.br\/n\/uploads\/2019\/12\/98e1d58a-btg-esteves-400x200.webp\">\n\t\t\t\t<img loading=\"lazy\" decoding=\"async\" class=\"newsContent__article__imgCapa lazyloadDisabled newsContent__article__imgCapa--noCaption\" src=\"https:\/\/files.sunoresearch.com.br\/n\/uploads\/2019\/12\/98e1d58a-btg-esteves-800x450.webp\" width=\"800\" height=\"450\" alt=\"BTG: BC aprova volta de Andr\u00e9 Esteves ao controle do banco\" fetchpriority=high \/>\n\t\t\t<\/picture>\n\n\t\t\t<figcaption class=\"wp-caption-text wp-caption-text--hide\">BTG: BC aprova volta de Andr\u00e9 Esteves ao controle do banco<\/figcaption>\n\t\t<\/figure>\n\t<\/div>\n\n\n\n<p>O novo acordo de acionistas do <strong>BTG<\/strong> <strong>Pactual<\/strong> j\u00e1 havia sido aprovado pelos signat\u00e1rios em dezembro de 2018.<\/p>\n<p><a href=\"https:\/\/www.suno.com.br\/noticias\/tesouro-direto-18122019\/\">Leia tamb\u00e9m: Prefixados do Tesouro Direto apresentam queda nas taxas de rentabilidade<\/a><\/p>\n<p>Em julho de 2019, <strong>Esteves<\/strong> apresentou ao <strong>BC<\/strong> um documento em que aponta que ficar\u00e1 com uma fatia de 61,55% da <strong>G7<\/strong> <strong>Holding<\/strong>. O presidente do <strong>BTG<\/strong> <strong>Pactual<\/strong>, <strong>Roberto Saloutti<\/strong>, ficar\u00e1 com 14,4% na nova configura\u00e7\u00e3o da G7; Renato Santos ficar\u00e1 com 10,64%; Antonio Porto, 6,98% e Guilherme Paes com 6,43%.<\/p>\n<p>A <strong>G7<\/strong> tem 57,4% do capital votante e 23% do total da <strong>BTG<\/strong> <strong>Pactual<\/strong> <strong>Holding<\/strong>, controladora do banco.<\/p>\n<p>Em 2015, ap\u00f3s a pris\u00e3o de <strong>Esteves<\/strong>, em uma outra fase da <strong>Opera\u00e7\u00e3o<\/strong> <strong>Lava<\/strong> <strong>Jato<\/strong>, os pap\u00e9is do <strong>BTG<\/strong> <strong>Pactual<\/strong> chegaram a registrar queda de 33,14% no <strong>Ibovespa<\/strong>. Na \u00e9poca, havia sido a maior baixa sofrida nas a\u00e7\u00f5es da empresa desde sua entrada no mercado, em 2012.<\/p>\n<h2>Fundo Imobili\u00e1rio Hospital da Crian\u00e7a pagar\u00e1 dividendos<\/h2>\n<p>O <strong>BTG<\/strong> <strong>Pactual<\/strong> comunicou, na \u00faltima sexta (13), que o <strong>fundo<\/strong>\u00a0<strong>imobili\u00e1rio Hospital da Crian\u00e7a<\/strong> (<strong>HCRI11<\/strong>), pagar\u00e1 dividendos aos cotistas.<\/p>\n<p><a href=\"https:\/\/www.suno.com.br\/noticias\/btg-pactual-hcri11-dividendos-cotistas\/\">Saiba mais: BTG Pactual comunica que fundo HCRI11 pagar\u00e1 dividendos aos cotistas<\/a><\/p>\n<p>O banco\u00a0tamb\u00e9m comunicou que o valor a ser distribu\u00eddo para os investidores ser\u00e1 de R$ 2,65 por ativo, referidas aos rendimentos de novembro.<\/p>\n<p>A data de pagamento ser\u00e1 o pr\u00f3ximo dia 20 de dezembro e o pagamento aos cotistas n\u00e3o incide <strong>IR<\/strong> (<strong>Imposto<\/strong> <strong>de<\/strong> <strong>Renda<\/strong>), j\u00e1 descontado no pr\u00f3prio fundo.<\/p>\n<h2>BTG Pactual elevou pre\u00e7o-alvo de B2W e Lojas Americanas<\/h2>\n<p>O banco divulgou, na mesma sexta (13), um relat\u00f3rio atualizando os pre\u00e7os-alvos das a\u00e7\u00f5es da <a href=\"https:\/\/www.suno.com.br\/acoes\/lame4\/\"><strong>Lojas Americanas<\/strong> (<strong>LAME4<\/strong>)<\/a> e <a href=\"https:\/\/www.suno.com.br\/acoes\/btow3\/\"><strong>B2W<\/strong> (<strong>BTOW3<\/strong><\/a>) para R$ 28,00 e R$ 74,00 por a\u00e7\u00e3o no final de 2020, respectivamente. A expectativa anterior era de R$ 23,00 e R$ 57,00.<\/p>\n<p><a href=\"https:\/\/www.suno.com.br\/noticias\/btg-pactual-b2w-lojas-americanas\/\">Saiba mais: BTG Pactual eleva pre\u00e7o-alvo de B2W e Lojas Americanas<\/a><\/p>\n\t<p>\n\t\t<a href=\"https:\/\/lp.suno.com.br\/suno-one\/?utm_campaign=_SNC6964518A_\" target=\"_blank\" data-element=\"shortcode-suno-banner\" title=\"Banner SUNO, clique e saiba mais\">\n\t\t\t<picture>\n\t\t\t\t<source media=\"(max-width: 500px)\" srcset=\"https:\/\/files.sunoresearch.com.br\/n\/uploads\/2025\/09\/400x300-Suno-One-png.webp\">\n\t\t\t\t<img class=\"newsContent__article__imgCapa newsContent__article__imgCapa--banner\"\n\t\t\t\t\tsrc=\"https:\/\/files.sunoresearch.com.br\/n\/uploads\/2025\/09\/1420x240-Suno-One-png.webp\"\n\t\t\t\t\tdata-promo-id=\"85810\"\t\t\t\t\t\t\t\t\t\twidth='1420' height='240'\t\t\t\t\talt=\"https:\/\/files.sunoresearch.com.br\/n\/uploads\/2025\/09\/1420x240-Suno-One-png.webp\"\n\t\t\t\t>\n\t\t\t<\/picture>\n\t\t<\/a>\n\t<\/p>\n\n\n<p>No relat\u00f3rio, os analistas do <strong>BTG<\/strong> usaram um modelo de avalia\u00e7\u00e3o combinada na <strong>B2W<\/strong>, assumindo que h\u00e1 uma tend\u00eancia de consolida\u00e7\u00e3o no com\u00e9rcio eletr\u00f4nico nos pr\u00f3ximos anos e, consequentemente, a B2W superar\u00e1 o mercado por um tempo.<\/p>\n\n","protected":false},"excerpt":{"rendered":"<p>O Departamento de Organiza\u00e7\u00e3o do Banco Central aprovou, nesta quarta-feira (18), a volta de Andr\u00e9 Esteves ao bloco de controle do BTG Pactual (BPAC11). A decis\u00e3o foi publicada no &#8220;Di\u00e1rio Oficial da Uni\u00e3o&#8221; (DOU). BTG: BC aprova volta de Andr\u00e9 Esteves ao controle do banco O novo acordo de acionistas do BTG Pactual j\u00e1 havia [&hellip;]<\/p>\n","protected":false},"author":23,"featured_media":48288,"comment_status":"closed","ping_status":"closed","sticky":false,"template":"","format":"standard","meta":[],"categories":[64],"tags":[1907,1842,399],"suno_strategy":[],"class_list":["post-48282","post","type-post","status-publish","format-standard","has-post-thumbnail","hentry","category-negocios","tag-andre-esteves","tag-banco-central-bc","tag-btg-pactual-bpac11-bpac3-bpac5"],"yoast_head":"<!-- This site is optimized with the Yoast SEO plugin v24.4 - https:\/\/yoast.com\/wordpress\/plugins\/seo\/ -->\n<title>BTG: BC aprova volta de Andr\u00e9 Esteves ao controle do banco<\/title>\n<meta name=\"description\" content=\"O Departamento de Organiza\u00e7\u00e3o do Banco Central aprovou a volta de Andr\u00e9 Esteves ao bloco de controle do BTG Pactual. Clique aqui para mais.\" \/>\n<meta name=\"robots\" content=\"index, follow, max-snippet:-1, max-image-preview:large, max-video-preview:-1\" \/>\n<link rel=\"canonical\" href=\"https:\/\/www.suno.com.br\/noticias\/btg-bc-andre-esteves-controle\/\" \/>\n<meta property=\"og:locale\" content=\"pt_BR\" \/>\n<meta property=\"og:type\" content=\"article\" \/>\n<meta property=\"og:title\" content=\"BTG: BC aprova volta de Andr\u00e9 Esteves ao controle do banco\" \/>\n<meta property=\"og:description\" content=\"O Departamento de Organiza\u00e7\u00e3o do Banco Central aprovou a volta de Andr\u00e9 Esteves ao bloco de controle do BTG Pactual. Clique aqui para mais.\" \/>\n<meta property=\"og:url\" content=\"https:\/\/www.suno.com.br\/noticias\/btg-bc-andre-esteves-controle\/\" \/>\n<meta property=\"og:site_name\" content=\"Suno Not\u00edcias\" \/>\n<meta property=\"article:publisher\" content=\"https:\/\/facebook.com\/sunoresearch\" \/>\n<meta property=\"og:image\" content=\"https:\/\/files.sunoresearch.com.br\/n\/uploads\/2019\/12\/98e1d58a-btg-esteves.jpeg\" \/>\n\t<meta property=\"og:image:width\" content=\"2000\" \/>\n\t<meta property=\"og:image:height\" content=\"1500\" \/>\n\t<meta property=\"og:image:type\" content=\"image\/jpeg\" \/>\n<meta name=\"author\" content=\"Rafael Lara\" \/>\n<meta name=\"twitter:card\" content=\"summary_large_image\" \/>\n<meta name=\"twitter:creator\" content=\"@sunoresearch\" \/>\n<meta name=\"twitter:site\" content=\"@sunoresearch\" \/>\n<meta name=\"twitter:label1\" content=\"Escrito por\" \/>\n\t<meta name=\"twitter:data1\" content=\"Rafael Lara\" \/>\n\t<meta name=\"twitter:label2\" content=\"Est. tempo de leitura\" \/>\n\t<meta name=\"twitter:data2\" content=\"2 minutos\" \/>\n<script type=\"application\/ld+json\" class=\"yoast-schema-graph\">{\"@context\":\"https:\/\/schema.org\",\"@graph\":[{\"@type\":\"NewsArticle\",\"@id\":\"https:\/\/www.suno.com.br\/noticias\/btg-bc-andre-esteves-controle\/#article\",\"isPartOf\":{\"@id\":\"https:\/\/www.suno.com.br\/noticias\/btg-bc-andre-esteves-controle\/\"},\"author\":{\"name\":\"Rafael Lara\",\"@id\":\"https:\/\/www.suno.com.br\/noticias\/#\/schema\/person\/098743caeed97b37f51315c9576c4078\"},\"headline\":\"BTG: BC aprova volta de Andr\u00e9 Esteves ao controle do banco\",\"datePublished\":\"2019-12-18T19:38:28+00:00\",\"dateModified\":\"2019-12-18T21:57:31+00:00\",\"mainEntityOfPage\":{\"@id\":\"https:\/\/www.suno.com.br\/noticias\/btg-bc-andre-esteves-controle\/\"},\"wordCount\":410,\"publisher\":{\"@id\":\"https:\/\/www.suno.com.br\/noticias\/#organization\"},\"image\":{\"@id\":\"https:\/\/www.suno.com.br\/noticias\/btg-bc-andre-esteves-controle\/#primaryimage\"},\"thumbnailUrl\":\"https:\/\/files.sunoresearch.com.br\/n\/uploads\/2019\/12\/98e1d58a-btg-esteves-jpeg.webp\",\"keywords\":[\"Andr\u00e9 Esteves\",\"Banco Central (BC)\",\"BTG Pactual (BPAC11\/BPAC3\/BPAC5)\"],\"articleSection\":[\"Neg\u00f3cios\"],\"inLanguage\":\"pt-BR\"},{\"@type\":\"WebPage\",\"@id\":\"https:\/\/www.suno.com.br\/noticias\/btg-bc-andre-esteves-controle\/\",\"url\":\"https:\/\/www.suno.com.br\/noticias\/btg-bc-andre-esteves-controle\/\",\"name\":\"BTG: BC aprova volta de Andr\u00e9 Esteves ao controle do banco\",\"isPartOf\":{\"@id\":\"https:\/\/www.suno.com.br\/noticias\/#website\"},\"primaryImageOfPage\":{\"@id\":\"https:\/\/www.suno.com.br\/noticias\/btg-bc-andre-esteves-controle\/#primaryimage\"},\"image\":{\"@id\":\"https:\/\/www.suno.com.br\/noticias\/btg-bc-andre-esteves-controle\/#primaryimage\"},\"thumbnailUrl\":\"https:\/\/files.sunoresearch.com.br\/n\/uploads\/2019\/12\/98e1d58a-btg-esteves-jpeg.webp\",\"datePublished\":\"2019-12-18T19:38:28+00:00\",\"dateModified\":\"2019-12-18T21:57:31+00:00\",\"description\":\"O Departamento de Organiza\u00e7\u00e3o do Banco Central aprovou a volta de Andr\u00e9 Esteves ao bloco de controle do BTG Pactual. Clique aqui para mais.\",\"breadcrumb\":{\"@id\":\"https:\/\/www.suno.com.br\/noticias\/btg-bc-andre-esteves-controle\/#breadcrumb\"},\"inLanguage\":\"pt-BR\",\"potentialAction\":[{\"@type\":\"ReadAction\",\"target\":[\"https:\/\/www.suno.com.br\/noticias\/btg-bc-andre-esteves-controle\/\"]}]},{\"@type\":\"ImageObject\",\"inLanguage\":\"pt-BR\",\"@id\":\"https:\/\/www.suno.com.br\/noticias\/btg-bc-andre-esteves-controle\/#primaryimage\",\"url\":\"https:\/\/files.sunoresearch.com.br\/n\/uploads\/2019\/12\/98e1d58a-btg-esteves-jpeg.webp\",\"contentUrl\":\"https:\/\/files.sunoresearch.com.br\/n\/uploads\/2019\/12\/98e1d58a-btg-esteves-jpeg.webp\",\"width\":2000,\"height\":1500,\"caption\":\"BTG: BC aprova volta de Andr\u00e9 Esteves ao controle do banco\"},{\"@type\":\"BreadcrumbList\",\"@id\":\"https:\/\/www.suno.com.br\/noticias\/btg-bc-andre-esteves-controle\/#breadcrumb\",\"itemListElement\":[{\"@type\":\"ListItem\",\"position\":1,\"name\":\"Not\u00edcias\",\"item\":\"https:\/\/www.suno.com.br\/noticias\/\"},{\"@type\":\"ListItem\",\"position\":2,\"name\":\"Neg\u00f3cios\",\"item\":\"https:\/\/www.suno.com.br\/noticias\/negocios\/\"},{\"@type\":\"ListItem\",\"position\":3,\"name\":\"BTG: BC aprova volta de Andr\u00e9 Esteves ao controle do banco\"}]},{\"@type\":\"WebSite\",\"@id\":\"https:\/\/www.suno.com.br\/noticias\/#website\",\"url\":\"https:\/\/www.suno.com.br\/noticias\/\",\"name\":\"Suno Not\u00edcias\",\"description\":\"Seu portal de informa\u00e7\u00e3o sobre o mundo dos investimentos\",\"publisher\":{\"@id\":\"https:\/\/www.suno.com.br\/noticias\/#organization\"},\"potentialAction\":[{\"@type\":\"SearchAction\",\"target\":{\"@type\":\"EntryPoint\",\"urlTemplate\":\"https:\/\/www.suno.com.br\/noticias\/?s={search_term_string}\"},\"query-input\":{\"@type\":\"PropertyValueSpecification\",\"valueRequired\":true,\"valueName\":\"search_term_string\"}}],\"inLanguage\":\"pt-BR\"},{\"@type\":\"Organization\",\"@id\":\"https:\/\/www.suno.com.br\/noticias\/#organization\",\"name\":\"Suno Not\u00edcias\",\"url\":\"https:\/\/www.suno.com.br\/noticias\/\",\"logo\":{\"@type\":\"ImageObject\",\"inLanguage\":\"pt-BR\",\"@id\":\"https:\/\/www.suno.com.br\/noticias\/#\/schema\/logo\/image\/\",\"url\":\"https:\/\/files.sunoresearch.com.br\/n\/uploads\/2021\/09\/suno-logo.png\",\"contentUrl\":\"https:\/\/files.sunoresearch.com.br\/n\/uploads\/2021\/09\/suno-logo.png\",\"width\":180,\"height\":180,\"caption\":\"Suno Not\u00edcias\"},\"image\":{\"@id\":\"https:\/\/www.suno.com.br\/noticias\/#\/schema\/logo\/image\/\"},\"sameAs\":[\"https:\/\/facebook.com\/sunoresearch\",\"https:\/\/x.com\/sunoresearch\",\"https:\/\/www.instagram.com\/suno\",\"https:\/\/www.linkedin.com\/company\/suno-research\/\",\"https:\/\/www.youtube.com\/c\/sunoresearch\"]},{\"@type\":\"Person\",\"@id\":\"https:\/\/www.suno.com.br\/noticias\/#\/schema\/person\/098743caeed97b37f51315c9576c4078\",\"name\":\"Rafael Lara\",\"image\":{\"@type\":\"ImageObject\",\"inLanguage\":\"pt-BR\",\"@id\":\"https:\/\/www.suno.com.br\/noticias\/#\/schema\/person\/image\/\",\"url\":\"https:\/\/secure.gravatar.com\/avatar\/dfc254ab9bb2ea1895d98b9e9dae4bdd?s=96&r=g\",\"contentUrl\":\"https:\/\/secure.gravatar.com\/avatar\/dfc254ab9bb2ea1895d98b9e9dae4bdd?s=96&r=g\",\"caption\":\"Rafael Lara\"},\"description\":\"Rafael Lara cursa jornalismo na Faculdade C\u00e1sper L\u00edbero. Escreve sobre pol\u00edtica, economia e neg\u00f3cios para o portal Suno Not\u00edcias. Antes, colaborou na TV Gazeta na produ\u00e7\u00e3o do programa Edi\u00e7\u00e3o Extra.\",\"url\":\"https:\/\/www.suno.com.br\/noticias\/author\/rafael\/\"}]}<\/script>\n<!-- \/ Yoast SEO plugin. -->","yoast_head_json":{"title":"BTG: BC aprova volta de Andr\u00e9 Esteves ao controle do banco","description":"O Departamento de Organiza\u00e7\u00e3o do Banco Central aprovou a volta de Andr\u00e9 Esteves ao bloco de controle do BTG Pactual. Clique aqui para mais.","robots":{"index":"index","follow":"follow","max-snippet":"max-snippet:-1","max-image-preview":"max-image-preview:large","max-video-preview":"max-video-preview:-1"},"canonical":"https:\/\/www.suno.com.br\/noticias\/btg-bc-andre-esteves-controle\/","og_locale":"pt_BR","og_type":"article","og_title":"BTG: BC aprova volta de Andr\u00e9 Esteves ao controle do banco","og_description":"O Departamento de Organiza\u00e7\u00e3o do Banco Central aprovou a volta de Andr\u00e9 Esteves ao bloco de controle do BTG Pactual. Clique aqui para mais.","og_url":"https:\/\/www.suno.com.br\/noticias\/btg-bc-andre-esteves-controle\/","og_site_name":"Suno Not\u00edcias","article_publisher":"https:\/\/facebook.com\/sunoresearch","og_image":[{"width":2000,"height":1500,"url":"https:\/\/files.sunoresearch.com.br\/n\/uploads\/2019\/12\/98e1d58a-btg-esteves.jpeg","type":"image\/jpeg"}],"author":"Rafael Lara","twitter_card":"summary_large_image","twitter_creator":"@sunoresearch","twitter_site":"@sunoresearch","twitter_misc":{"Escrito por":"Rafael Lara","Est. tempo de leitura":"2 minutos"},"schema":{"@context":"https:\/\/schema.org","@graph":[{"@type":"NewsArticle","@id":"https:\/\/www.suno.com.br\/noticias\/btg-bc-andre-esteves-controle\/#article","isPartOf":{"@id":"https:\/\/www.suno.com.br\/noticias\/btg-bc-andre-esteves-controle\/"},"author":{"name":"Rafael Lara","@id":"https:\/\/www.suno.com.br\/noticias\/#\/schema\/person\/098743caeed97b37f51315c9576c4078"},"headline":"BTG: BC aprova volta de Andr\u00e9 Esteves ao controle do banco","datePublished":"2019-12-18T19:38:28+00:00","dateModified":"2019-12-18T21:57:31+00:00","mainEntityOfPage":{"@id":"https:\/\/www.suno.com.br\/noticias\/btg-bc-andre-esteves-controle\/"},"wordCount":410,"publisher":{"@id":"https:\/\/www.suno.com.br\/noticias\/#organization"},"image":{"@id":"https:\/\/www.suno.com.br\/noticias\/btg-bc-andre-esteves-controle\/#primaryimage"},"thumbnailUrl":"https:\/\/files.sunoresearch.com.br\/n\/uploads\/2019\/12\/98e1d58a-btg-esteves-jpeg.webp","keywords":["Andr\u00e9 Esteves","Banco Central (BC)","BTG Pactual (BPAC11\/BPAC3\/BPAC5)"],"articleSection":["Neg\u00f3cios"],"inLanguage":"pt-BR"},{"@type":"WebPage","@id":"https:\/\/www.suno.com.br\/noticias\/btg-bc-andre-esteves-controle\/","url":"https:\/\/www.suno.com.br\/noticias\/btg-bc-andre-esteves-controle\/","name":"BTG: BC aprova volta de Andr\u00e9 Esteves ao controle do banco","isPartOf":{"@id":"https:\/\/www.suno.com.br\/noticias\/#website"},"primaryImageOfPage":{"@id":"https:\/\/www.suno.com.br\/noticias\/btg-bc-andre-esteves-controle\/#primaryimage"},"image":{"@id":"https:\/\/www.suno.com.br\/noticias\/btg-bc-andre-esteves-controle\/#primaryimage"},"thumbnailUrl":"https:\/\/files.sunoresearch.com.br\/n\/uploads\/2019\/12\/98e1d58a-btg-esteves-jpeg.webp","datePublished":"2019-12-18T19:38:28+00:00","dateModified":"2019-12-18T21:57:31+00:00","description":"O Departamento de Organiza\u00e7\u00e3o do Banco Central aprovou a volta de Andr\u00e9 Esteves ao bloco de controle do BTG Pactual. Clique aqui para mais.","breadcrumb":{"@id":"https:\/\/www.suno.com.br\/noticias\/btg-bc-andre-esteves-controle\/#breadcrumb"},"inLanguage":"pt-BR","potentialAction":[{"@type":"ReadAction","target":["https:\/\/www.suno.com.br\/noticias\/btg-bc-andre-esteves-controle\/"]}]},{"@type":"ImageObject","inLanguage":"pt-BR","@id":"https:\/\/www.suno.com.br\/noticias\/btg-bc-andre-esteves-controle\/#primaryimage","url":"https:\/\/files.sunoresearch.com.br\/n\/uploads\/2019\/12\/98e1d58a-btg-esteves-jpeg.webp","contentUrl":"https:\/\/files.sunoresearch.com.br\/n\/uploads\/2019\/12\/98e1d58a-btg-esteves-jpeg.webp","width":2000,"height":1500,"caption":"BTG: BC aprova volta de Andr\u00e9 Esteves ao controle do banco"},{"@type":"BreadcrumbList","@id":"https:\/\/www.suno.com.br\/noticias\/btg-bc-andre-esteves-controle\/#breadcrumb","itemListElement":[{"@type":"ListItem","position":1,"name":"Not\u00edcias","item":"https:\/\/www.suno.com.br\/noticias\/"},{"@type":"ListItem","position":2,"name":"Neg\u00f3cios","item":"https:\/\/www.suno.com.br\/noticias\/negocios\/"},{"@type":"ListItem","position":3,"name":"BTG: BC aprova volta de Andr\u00e9 Esteves ao controle do banco"}]},{"@type":"WebSite","@id":"https:\/\/www.suno.com.br\/noticias\/#website","url":"https:\/\/www.suno.com.br\/noticias\/","name":"Suno Not\u00edcias","description":"Seu portal de informa\u00e7\u00e3o sobre o mundo dos investimentos","publisher":{"@id":"https:\/\/www.suno.com.br\/noticias\/#organization"},"potentialAction":[{"@type":"SearchAction","target":{"@type":"EntryPoint","urlTemplate":"https:\/\/www.suno.com.br\/noticias\/?s={search_term_string}"},"query-input":{"@type":"PropertyValueSpecification","valueRequired":true,"valueName":"search_term_string"}}],"inLanguage":"pt-BR"},{"@type":"Organization","@id":"https:\/\/www.suno.com.br\/noticias\/#organization","name":"Suno Not\u00edcias","url":"https:\/\/www.suno.com.br\/noticias\/","logo":{"@type":"ImageObject","inLanguage":"pt-BR","@id":"https:\/\/www.suno.com.br\/noticias\/#\/schema\/logo\/image\/","url":"https:\/\/files.sunoresearch.com.br\/n\/uploads\/2021\/09\/suno-logo.png","contentUrl":"https:\/\/files.sunoresearch.com.br\/n\/uploads\/2021\/09\/suno-logo.png","width":180,"height":180,"caption":"Suno Not\u00edcias"},"image":{"@id":"https:\/\/www.suno.com.br\/noticias\/#\/schema\/logo\/image\/"},"sameAs":["https:\/\/facebook.com\/sunoresearch","https:\/\/x.com\/sunoresearch","https:\/\/www.instagram.com\/suno","https:\/\/www.linkedin.com\/company\/suno-research\/","https:\/\/www.youtube.com\/c\/sunoresearch"]},{"@type":"Person","@id":"https:\/\/www.suno.com.br\/noticias\/#\/schema\/person\/098743caeed97b37f51315c9576c4078","name":"Rafael Lara","image":{"@type":"ImageObject","inLanguage":"pt-BR","@id":"https:\/\/www.suno.com.br\/noticias\/#\/schema\/person\/image\/","url":"https:\/\/secure.gravatar.com\/avatar\/dfc254ab9bb2ea1895d98b9e9dae4bdd?s=96&r=g","contentUrl":"https:\/\/secure.gravatar.com\/avatar\/dfc254ab9bb2ea1895d98b9e9dae4bdd?s=96&r=g","caption":"Rafael Lara"},"description":"Rafael Lara cursa jornalismo na Faculdade C\u00e1sper L\u00edbero. Escreve sobre pol\u00edtica, economia e neg\u00f3cios para o portal Suno Not\u00edcias. Antes, colaborou na TV Gazeta na produ\u00e7\u00e3o do programa Edi\u00e7\u00e3o Extra.","url":"https:\/\/www.suno.com.br\/noticias\/author\/rafael\/"}]}},"default_loop_html":"<div class=\"cardsPage__listCard__boxs\"><div class=\"cardsPage__listCard__boxs__img\"><a href=\"https:\/\/www.suno.com.br\/noticias\/btg-bc-andre-esteves-controle\/\"><img class=\"mask\" src=\"https:\/\/www.suno.com.br\/noticias\/wp-content\/themes\/suno\/resources\/images\/spotlight\/spotlight1img\/bg-mask.png\" alt=\"Image Mask\"\/><img src=\"https:\/\/files.sunoresearch.com.br\/n\/uploads\/2019\/12\/98e1d58a-btg-esteves-400x200.webp\" alt=\"BTG: BC aprova volta de Andr\u00e9 Esteves ao controle do banco\"\/><\/a><span class=\"spotlightCategory\"><a href=\"https:\/\/www.suno.com.br\/noticias\/negocios\/\">Neg\u00f3cios<\/a><\/span><\/div><div class=\"cardsPage__listCard__boxs__content\"><a href=\"https:\/\/www.suno.com.br\/noticias\/btg-bc-andre-esteves-controle\/\"><h2 class=\"content__title\">BTG: BC aprova volta de Andr\u00e9 Esteves ao controle do banco<\/h2><\/a><div class=\"newsContent__article__meta\"><div class=\"newsContent__article__meta__authorBox\"><a href=\"https:\/\/www.suno.com.br\/noticias\/author\/rafael\/\" class=\"authorBox__avatar noMobi\"><img src=\"https:\/\/secure.gravatar.com\/avatar\/dfc254ab9bb2ea1895d98b9e9dae4bdd?s=96&#038;r=g\" alt=\"Rafael Lara\"><\/a><div class=\"authorBox__name\"><span>por\n\t\t\t<a href=\"https:\/\/www.suno.com.br\/noticias\/author\/rafael\/\"><span itemprop=\"author\">Rafael Lara<\/span><\/a><\/span><time datetime=\"2019-12-18T17:38:28-03:00\" itemprop=\"datePublished\">18\/12\/2019 17:38<\/time><\/div><\/div><\/div><\/div><\/div>","single_layout":"posts","amp_enabled":true,"_links":{"self":[{"href":"https:\/\/www.suno.com.br\/noticias\/wp-json\/wp\/v2\/posts\/48282"}],"collection":[{"href":"https:\/\/www.suno.com.br\/noticias\/wp-json\/wp\/v2\/posts"}],"about":[{"href":"https:\/\/www.suno.com.br\/noticias\/wp-json\/wp\/v2\/types\/post"}],"author":[{"embeddable":true,"href":"https:\/\/www.suno.com.br\/noticias\/wp-json\/wp\/v2\/users\/23"}],"replies":[{"embeddable":true,"href":"https:\/\/www.suno.com.br\/noticias\/wp-json\/wp\/v2\/comments?post=48282"}],"version-history":[{"count":0,"href":"https:\/\/www.suno.com.br\/noticias\/wp-json\/wp\/v2\/posts\/48282\/revisions"}],"wp:featuredmedia":[{"embeddable":true,"href":"https:\/\/www.suno.com.br\/noticias\/wp-json\/wp\/v2\/media\/48288"}],"wp:attachment":[{"href":"https:\/\/www.suno.com.br\/noticias\/wp-json\/wp\/v2\/media?parent=48282"}],"wp:term":[{"taxonomy":"category","embeddable":true,"href":"https:\/\/www.suno.com.br\/noticias\/wp-json\/wp\/v2\/categories?post=48282"},{"taxonomy":"post_tag","embeddable":true,"href":"https:\/\/www.suno.com.br\/noticias\/wp-json\/wp\/v2\/tags?post=48282"},{"taxonomy":"suno_strategy","embeddable":true,"href":"https:\/\/www.suno.com.br\/noticias\/wp-json\/wp\/v2\/suno_strategy?post=48282"}],"curies":[{"name":"wp","href":"https:\/\/api.w.org\/{rel}","templated":true}]}}