{"id":48276,"date":"2019-12-18T17:29:06","date_gmt":"2019-12-18T19:29:06","guid":{"rendered":"https:\/\/www.suno.com.br\/noticias\/?p=48276"},"modified":"2021-02-17T22:02:16","modified_gmt":"2021-02-18T01:02:16","slug":"volta-cpmf-nao-esta-descartada-diz-lider-governo-senado","status":"publish","type":"post","link":"https:\/\/www.suno.com.br\/noticias\/volta-cpmf-nao-esta-descartada-diz-lider-governo-senado\/","title":{"rendered":"Volta da CPMF n\u00e3o est\u00e1 descartada, diz l\u00edder do governo no Senado"},"content":{"rendered":"<p>O l\u00edder do governo no Senado, <strong>Fernando Bezerra Coelho<\/strong> (MDB-PE), afirmou, nesta quarta-feira (18), que a volta de um <a href=\"https:\/\/www.suno.com.br\/artigos\/carga-tributaria\/\"><strong>imposto<\/strong><\/a> semelhante \u00e0 antiga <a href=\"https:\/\/www.suno.com.br\/artigos\/cpmf\/\">Contribui\u00e7\u00e3o Provis\u00f3ria sobre Movimenta\u00e7\u00e3o Financeira (CPMF)<\/a> n\u00e3o est\u00e1 descartada.<\/p>\t<div class=\"wrapper-featured-image\">\n\t\t<figure class=\"spotlightImg\">\n\n\t\t\t<picture>\n\t\t\t\t<source media=\"(max-width: 768px)\" srcset=\"https:\/\/files.sunoresearch.com.br\/n\/uploads\/2019\/12\/ecc45b37-fernando-bezerra-coelho-400x200.webp\">\n\t\t\t\t<img loading=\"lazy\" decoding=\"async\" class=\"newsContent__article__imgCapa lazyloadDisabled newsContent__article__imgCapa--noCaption\" src=\"https:\/\/files.sunoresearch.com.br\/n\/uploads\/2019\/12\/ecc45b37-fernando-bezerra-coelho-jpg.webp\" width=\"800\" height=\"450\" alt=\"Volta da CPMF n\u00e3o est\u00e1 descartada, diz l\u00edder do governo no Senado\" fetchpriority=high \/>\n\t\t\t<\/picture>\n\n\t\t\t<figcaption class=\"wp-caption-text wp-caption-text--hide\">Volta da CPMF n\u00e3o est\u00e1 descartada, diz l\u00edder do governo no Senado<\/figcaption>\n\t\t<\/figure>\n\t<\/div>\n\n\n\n<p>Segundo Coelho, a nova <strong>CPMF<\/strong> n\u00e3o dever\u00e1 ser inclu\u00edda na <a href=\"https:\/\/www.suno.com.br\/artigos\/reforma-tributaria\/\"><strong>reforma tribut\u00e1ria<\/strong><\/a> em 2020. No entanto, o senador salientou que, caso o imposto n\u00e3o esteja na reforma, outro tributo dever\u00e1 ser apresentado como forma de compensar a desonera\u00e7\u00e3o da folha de sal\u00e1rios.<\/p>\n<p>&#8220;Vai voltar a discuss\u00e3o sobre o imposto de transa\u00e7\u00f5es? Acho que no primeiro momento, n\u00e3o. Todo mundo est\u00e1 desafiando a encontrar uma transi\u00e7\u00e3o sem esse imposto&#8221;, afirmou o l\u00edder do governo no Senado.<\/p>\n<p>Al\u00e9m disso, Coelho disse que garante que o Brasil ter\u00e1 um novo <a href=\"https:\/\/www.suno.com.br\/artigos\/sistema-tributario\/\"><strong>sistema tribut\u00e1rio<\/strong><\/a> at\u00e9 o final do pr\u00f3ximo ano. O senador informou que o governo enviar\u00e1 sugest\u00f5es para o <strong>Congresso<\/strong> no in\u00edcio de fevereiro de 2020.<\/p>\n\t<p>\n\t\t<a href=\"https:\/\/lp.suno.com.br\/asset\/fundos\/suno-fic-fia\/\" target=\"_blank\" data-element=\"shortcode-suno-banner\" title=\"Banner SUNO, clique e saiba mais\">\n\t\t\t<picture>\n\t\t\t\t<source media=\"(max-width: 500px)\" srcset=\"https:\/\/files.sunoresearch.com.br\/n\/uploads\/2023\/10\/SUNO-FIC-FIA-400x300-Mobile-Artigos-5-v3.png\">\n\t\t\t\t<img class=\"newsContent__article__imgCapa newsContent__article__imgCapa--banner\"\n\t\t\t\t\tsrc=\"https:\/\/files.sunoresearch.com.br\/n\/uploads\/2023\/10\/SUNO-FIC-FIA-1420x240-Banner-Artigos-1-_-Banner-Materias-4-v3-png.webp\"\n\t\t\t\t\tdata-promo-id=\"478744\"\t\t\t\t\t\t\t\t\t\twidth='2560' height='433'\t\t\t\t\talt=\"https:\/\/files.sunoresearch.com.br\/n\/uploads\/2023\/10\/SUNO-FIC-FIA-1420x240-Banner-Artigos-1-_-Banner-Materias-4-v3-png.webp\"\n\t\t\t\t>\n\t\t\t<\/picture>\n\t\t<\/a>\n\t<\/p>\n\n\n<p>Segundo o parlamentar, a reforma no sistema tribut\u00e1rio deve impulsionar o crescimento da economia brasileira no pr\u00f3ximo ano.<\/p>\n<h2>Efeitos da CPMF para o mercado de capitais<\/h2>\n<p>O presidente da <a href=\"https:\/\/www.suno.com.br\/artigos\/b3\/\"><strong>Bolsa de Valores de S\u00e3o Paulo<\/strong> (<strong>B3<\/strong>)<\/a>, Gilson Finkelsztain, afirmou, na \u00faltima ter\u00e7a-feira (17), que a volta da <strong>CPMF<\/strong> pode ser prejudicial ao <strong>mercado de capitais<\/strong>.<\/p>\n<p>A declara\u00e7\u00e3o do presidente da B3 ocorreu um dia ap\u00f3s o porta-voz da Presid\u00eancia, general Ot\u00e1vio do R\u00eago Barros, afirmar que o <strong>Minist\u00e9rio da Economia<\/strong> estuda um novo imposto semelhante ao antigo tributo.<\/p>\n<p><a href=\"https:\/\/www.suno.com.br\/noticias\/cpmf-prejudicar-mercado-capitais-presidente-b3\/\">Saiba mais: CPMF pode prejudicar mercado de capitais, diz presidente da B3<\/a><\/p>\n<p>Al\u00e9m disso, o presidente\u00a0<strong>Jair Bolsonaro<\/strong>, quando questionado sobre a possibilidade da volta do imposto, declarou que todas as alternativas est\u00e3o na mesa. \u201cN\u00f3s n\u00e3o queremos criar nenhum novo tributo. A n\u00e3o ser que seja para extinguir outros e, assim mesmo, colocado junto \u00e0 sociedade, para ver qual a rea\u00e7\u00e3o da sociedade, a gente vai levar adiante essa proposta ou n\u00e3o&#8221;, disse o mandat\u00e1rio.<\/p>\n<p>&#8220;\u00c9 um imposto em cascata, acaba sendo um imposto que onera investidor. Nos preocupamos que essa agenda prejudique o desenvolvimento de mercado&#8221;, afirmou Finkelsztain sobre a <strong>CPMF<\/strong>.<\/p>\n\n","protected":false},"excerpt":{"rendered":"<p>O l\u00edder do governo no Senado, Fernando Bezerra Coelho (MDB-PE), afirmou, nesta quarta-feira (18), que a volta de um imposto semelhante \u00e0 antiga Contribui\u00e7\u00e3o Provis\u00f3ria sobre Movimenta\u00e7\u00e3o Financeira (CPMF) n\u00e3o est\u00e1 descartada. Volta da CPMF n\u00e3o est\u00e1 descartada, diz l\u00edder do governo no Senado Segundo Coelho, a nova CPMF n\u00e3o dever\u00e1 ser inclu\u00edda na reforma [&hellip;]<\/p>\n","protected":false},"author":18,"featured_media":48277,"comment_status":"closed","ping_status":"closed","sticky":false,"template":"","format":"standard","meta":[],"categories":[62],"tags":[1618,704],"suno_strategy":[],"class_list":["post-48276","post","type-post","status-publish","format-standard","has-post-thumbnail","hentry","category-economia","tag-cpmf","tag-impostos"],"yoast_head":"<!-- This site is optimized with the Yoast SEO plugin v24.4 - https:\/\/yoast.com\/wordpress\/plugins\/seo\/ -->\n<title>Volta da CPMF n\u00e3o est\u00e1 descartada, diz l\u00edder do governo no Senado<\/title>\n<meta name=\"description\" content=\"Fernando Bezerra Coelho (MDB-PE) afirmou que a volta de um imposto semelhante \u00e0 antiga CPMF n\u00e3o est\u00e1 descartada. Clique para saber mais.\" \/>\n<meta name=\"robots\" content=\"index, follow, max-snippet:-1, max-image-preview:large, max-video-preview:-1\" \/>\n<link rel=\"canonical\" href=\"https:\/\/www.suno.com.br\/noticias\/volta-cpmf-nao-esta-descartada-diz-lider-governo-senado\/\" \/>\n<meta property=\"og:locale\" content=\"pt_BR\" \/>\n<meta property=\"og:type\" content=\"article\" \/>\n<meta property=\"og:title\" content=\"Volta da CPMF n\u00e3o est\u00e1 descartada, diz l\u00edder do governo no Senado\" \/>\n<meta property=\"og:description\" content=\"Fernando Bezerra Coelho (MDB-PE) afirmou que a volta de um imposto semelhante \u00e0 antiga CPMF n\u00e3o est\u00e1 descartada. Clique para saber mais.\" \/>\n<meta property=\"og:url\" content=\"https:\/\/www.suno.com.br\/noticias\/volta-cpmf-nao-esta-descartada-diz-lider-governo-senado\/\" \/>\n<meta property=\"og:site_name\" content=\"Suno Not\u00edcias\" \/>\n<meta property=\"article:publisher\" content=\"https:\/\/facebook.com\/sunoresearch\" \/>\n<meta property=\"og:image\" content=\"https:\/\/files.sunoresearch.com.br\/n\/uploads\/2019\/12\/ecc45b37-fernando-bezerra-coelho.jpg\" \/>\n\t<meta property=\"og:image:width\" content=\"750\" \/>\n\t<meta property=\"og:image:height\" content=\"500\" \/>\n\t<meta property=\"og:image:type\" content=\"image\/jpeg\" \/>\n<meta name=\"author\" content=\"Giovanna Oliveira\" \/>\n<meta name=\"twitter:card\" content=\"summary_large_image\" \/>\n<meta name=\"twitter:creator\" content=\"@sunoresearch\" \/>\n<meta name=\"twitter:site\" content=\"@sunoresearch\" \/>\n<meta name=\"twitter:label1\" content=\"Escrito por\" \/>\n\t<meta name=\"twitter:data1\" content=\"Giovanna Oliveira\" \/>\n\t<meta name=\"twitter:label2\" content=\"Est. tempo de leitura\" \/>\n\t<meta name=\"twitter:data2\" content=\"2 minutos\" \/>\n<script type=\"application\/ld+json\" class=\"yoast-schema-graph\">{\"@context\":\"https:\/\/schema.org\",\"@graph\":[{\"@type\":\"NewsArticle\",\"@id\":\"https:\/\/www.suno.com.br\/noticias\/volta-cpmf-nao-esta-descartada-diz-lider-governo-senado\/#article\",\"isPartOf\":{\"@id\":\"https:\/\/www.suno.com.br\/noticias\/volta-cpmf-nao-esta-descartada-diz-lider-governo-senado\/\"},\"author\":{\"name\":\"Giovanna Oliveira\",\"@id\":\"https:\/\/www.suno.com.br\/noticias\/#\/schema\/person\/4e19e3d2575736e5283d58eb3199d120\"},\"headline\":\"Volta da CPMF n\u00e3o est\u00e1 descartada, diz l\u00edder do governo no Senado\",\"datePublished\":\"2019-12-18T19:29:06+00:00\",\"dateModified\":\"2021-02-18T01:02:16+00:00\",\"mainEntityOfPage\":{\"@id\":\"https:\/\/www.suno.com.br\/noticias\/volta-cpmf-nao-esta-descartada-diz-lider-governo-senado\/\"},\"wordCount\":392,\"publisher\":{\"@id\":\"https:\/\/www.suno.com.br\/noticias\/#organization\"},\"image\":{\"@id\":\"https:\/\/www.suno.com.br\/noticias\/volta-cpmf-nao-esta-descartada-diz-lider-governo-senado\/#primaryimage\"},\"thumbnailUrl\":\"https:\/\/files.sunoresearch.com.br\/n\/uploads\/2019\/12\/ecc45b37-fernando-bezerra-coelho-jpg.webp\",\"keywords\":[\"CPMF\",\"impostos\"],\"articleSection\":[\"Economia\"],\"inLanguage\":\"pt-BR\"},{\"@type\":\"WebPage\",\"@id\":\"https:\/\/www.suno.com.br\/noticias\/volta-cpmf-nao-esta-descartada-diz-lider-governo-senado\/\",\"url\":\"https:\/\/www.suno.com.br\/noticias\/volta-cpmf-nao-esta-descartada-diz-lider-governo-senado\/\",\"name\":\"Volta da CPMF n\u00e3o est\u00e1 descartada, diz l\u00edder do governo no Senado\",\"isPartOf\":{\"@id\":\"https:\/\/www.suno.com.br\/noticias\/#website\"},\"primaryImageOfPage\":{\"@id\":\"https:\/\/www.suno.com.br\/noticias\/volta-cpmf-nao-esta-descartada-diz-lider-governo-senado\/#primaryimage\"},\"image\":{\"@id\":\"https:\/\/www.suno.com.br\/noticias\/volta-cpmf-nao-esta-descartada-diz-lider-governo-senado\/#primaryimage\"},\"thumbnailUrl\":\"https:\/\/files.sunoresearch.com.br\/n\/uploads\/2019\/12\/ecc45b37-fernando-bezerra-coelho-jpg.webp\",\"datePublished\":\"2019-12-18T19:29:06+00:00\",\"dateModified\":\"2021-02-18T01:02:16+00:00\",\"description\":\"Fernando Bezerra Coelho (MDB-PE) afirmou que a volta de um imposto semelhante \u00e0 antiga CPMF n\u00e3o est\u00e1 descartada. Clique para saber mais.\",\"breadcrumb\":{\"@id\":\"https:\/\/www.suno.com.br\/noticias\/volta-cpmf-nao-esta-descartada-diz-lider-governo-senado\/#breadcrumb\"},\"inLanguage\":\"pt-BR\",\"potentialAction\":[{\"@type\":\"ReadAction\",\"target\":[\"https:\/\/www.suno.com.br\/noticias\/volta-cpmf-nao-esta-descartada-diz-lider-governo-senado\/\"]}]},{\"@type\":\"ImageObject\",\"inLanguage\":\"pt-BR\",\"@id\":\"https:\/\/www.suno.com.br\/noticias\/volta-cpmf-nao-esta-descartada-diz-lider-governo-senado\/#primaryimage\",\"url\":\"https:\/\/files.sunoresearch.com.br\/n\/uploads\/2019\/12\/ecc45b37-fernando-bezerra-coelho-jpg.webp\",\"contentUrl\":\"https:\/\/files.sunoresearch.com.br\/n\/uploads\/2019\/12\/ecc45b37-fernando-bezerra-coelho-jpg.webp\",\"width\":750,\"height\":500,\"caption\":\"Volta da CPMF n\u00e3o est\u00e1 descartada, diz l\u00edder do governo no Senado\"},{\"@type\":\"BreadcrumbList\",\"@id\":\"https:\/\/www.suno.com.br\/noticias\/volta-cpmf-nao-esta-descartada-diz-lider-governo-senado\/#breadcrumb\",\"itemListElement\":[{\"@type\":\"ListItem\",\"position\":1,\"name\":\"Not\u00edcias\",\"item\":\"https:\/\/www.suno.com.br\/noticias\/\"},{\"@type\":\"ListItem\",\"position\":2,\"name\":\"Economia\",\"item\":\"https:\/\/www.suno.com.br\/noticias\/economia\/\"},{\"@type\":\"ListItem\",\"position\":3,\"name\":\"Volta da CPMF n\u00e3o est\u00e1 descartada, diz l\u00edder do governo no Senado\"}]},{\"@type\":\"WebSite\",\"@id\":\"https:\/\/www.suno.com.br\/noticias\/#website\",\"url\":\"https:\/\/www.suno.com.br\/noticias\/\",\"name\":\"Suno Not\u00edcias\",\"description\":\"Seu portal de informa\u00e7\u00e3o sobre o mundo dos investimentos\",\"publisher\":{\"@id\":\"https:\/\/www.suno.com.br\/noticias\/#organization\"},\"potentialAction\":[{\"@type\":\"SearchAction\",\"target\":{\"@type\":\"EntryPoint\",\"urlTemplate\":\"https:\/\/www.suno.com.br\/noticias\/?s={search_term_string}\"},\"query-input\":{\"@type\":\"PropertyValueSpecification\",\"valueRequired\":true,\"valueName\":\"search_term_string\"}}],\"inLanguage\":\"pt-BR\"},{\"@type\":\"Organization\",\"@id\":\"https:\/\/www.suno.com.br\/noticias\/#organization\",\"name\":\"Suno Not\u00edcias\",\"url\":\"https:\/\/www.suno.com.br\/noticias\/\",\"logo\":{\"@type\":\"ImageObject\",\"inLanguage\":\"pt-BR\",\"@id\":\"https:\/\/www.suno.com.br\/noticias\/#\/schema\/logo\/image\/\",\"url\":\"https:\/\/files.sunoresearch.com.br\/n\/uploads\/2021\/09\/suno-logo.png\",\"contentUrl\":\"https:\/\/files.sunoresearch.com.br\/n\/uploads\/2021\/09\/suno-logo.png\",\"width\":180,\"height\":180,\"caption\":\"Suno Not\u00edcias\"},\"image\":{\"@id\":\"https:\/\/www.suno.com.br\/noticias\/#\/schema\/logo\/image\/\"},\"sameAs\":[\"https:\/\/facebook.com\/sunoresearch\",\"https:\/\/x.com\/sunoresearch\",\"https:\/\/www.instagram.com\/suno\",\"https:\/\/www.linkedin.com\/company\/suno-research\/\",\"https:\/\/www.youtube.com\/c\/sunoresearch\"]},{\"@type\":\"Person\",\"@id\":\"https:\/\/www.suno.com.br\/noticias\/#\/schema\/person\/4e19e3d2575736e5283d58eb3199d120\",\"name\":\"Giovanna Oliveira\",\"image\":{\"@type\":\"ImageObject\",\"inLanguage\":\"pt-BR\",\"@id\":\"https:\/\/www.suno.com.br\/noticias\/#\/schema\/person\/image\/\",\"url\":\"https:\/\/secure.gravatar.com\/avatar\/9a37b3ae208962ac568992d0ffdbc2eb?s=96&r=g\",\"contentUrl\":\"https:\/\/secure.gravatar.com\/avatar\/9a37b3ae208962ac568992d0ffdbc2eb?s=96&r=g\",\"caption\":\"Giovanna Oliveira\"},\"description\":\"Giovanna Oliveira escreve sobre economia e pol\u00edtica. Foi rep\u00f3rter do portal de jornalismo da ESPM-SP e produziu conte\u00fado para a Corinthians TV. \u00c9 estudante da ESPM.\",\"url\":\"https:\/\/www.suno.com.br\/noticias\/author\/giovanna\/\"}]}<\/script>\n<!-- \/ Yoast SEO plugin. -->","yoast_head_json":{"title":"Volta da CPMF n\u00e3o est\u00e1 descartada, diz l\u00edder do governo no Senado","description":"Fernando Bezerra Coelho (MDB-PE) afirmou que a volta de um imposto semelhante \u00e0 antiga CPMF n\u00e3o est\u00e1 descartada. Clique para saber mais.","robots":{"index":"index","follow":"follow","max-snippet":"max-snippet:-1","max-image-preview":"max-image-preview:large","max-video-preview":"max-video-preview:-1"},"canonical":"https:\/\/www.suno.com.br\/noticias\/volta-cpmf-nao-esta-descartada-diz-lider-governo-senado\/","og_locale":"pt_BR","og_type":"article","og_title":"Volta da CPMF n\u00e3o est\u00e1 descartada, diz l\u00edder do governo no Senado","og_description":"Fernando Bezerra Coelho (MDB-PE) afirmou que a volta de um imposto semelhante \u00e0 antiga CPMF n\u00e3o est\u00e1 descartada. Clique para saber mais.","og_url":"https:\/\/www.suno.com.br\/noticias\/volta-cpmf-nao-esta-descartada-diz-lider-governo-senado\/","og_site_name":"Suno Not\u00edcias","article_publisher":"https:\/\/facebook.com\/sunoresearch","og_image":[{"width":750,"height":500,"url":"https:\/\/files.sunoresearch.com.br\/n\/uploads\/2019\/12\/ecc45b37-fernando-bezerra-coelho.jpg","type":"image\/jpeg"}],"author":"Giovanna Oliveira","twitter_card":"summary_large_image","twitter_creator":"@sunoresearch","twitter_site":"@sunoresearch","twitter_misc":{"Escrito por":"Giovanna Oliveira","Est. tempo de leitura":"2 minutos"},"schema":{"@context":"https:\/\/schema.org","@graph":[{"@type":"NewsArticle","@id":"https:\/\/www.suno.com.br\/noticias\/volta-cpmf-nao-esta-descartada-diz-lider-governo-senado\/#article","isPartOf":{"@id":"https:\/\/www.suno.com.br\/noticias\/volta-cpmf-nao-esta-descartada-diz-lider-governo-senado\/"},"author":{"name":"Giovanna Oliveira","@id":"https:\/\/www.suno.com.br\/noticias\/#\/schema\/person\/4e19e3d2575736e5283d58eb3199d120"},"headline":"Volta da CPMF n\u00e3o est\u00e1 descartada, diz l\u00edder do governo no Senado","datePublished":"2019-12-18T19:29:06+00:00","dateModified":"2021-02-18T01:02:16+00:00","mainEntityOfPage":{"@id":"https:\/\/www.suno.com.br\/noticias\/volta-cpmf-nao-esta-descartada-diz-lider-governo-senado\/"},"wordCount":392,"publisher":{"@id":"https:\/\/www.suno.com.br\/noticias\/#organization"},"image":{"@id":"https:\/\/www.suno.com.br\/noticias\/volta-cpmf-nao-esta-descartada-diz-lider-governo-senado\/#primaryimage"},"thumbnailUrl":"https:\/\/files.sunoresearch.com.br\/n\/uploads\/2019\/12\/ecc45b37-fernando-bezerra-coelho-jpg.webp","keywords":["CPMF","impostos"],"articleSection":["Economia"],"inLanguage":"pt-BR"},{"@type":"WebPage","@id":"https:\/\/www.suno.com.br\/noticias\/volta-cpmf-nao-esta-descartada-diz-lider-governo-senado\/","url":"https:\/\/www.suno.com.br\/noticias\/volta-cpmf-nao-esta-descartada-diz-lider-governo-senado\/","name":"Volta da CPMF n\u00e3o est\u00e1 descartada, diz l\u00edder do governo no Senado","isPartOf":{"@id":"https:\/\/www.suno.com.br\/noticias\/#website"},"primaryImageOfPage":{"@id":"https:\/\/www.suno.com.br\/noticias\/volta-cpmf-nao-esta-descartada-diz-lider-governo-senado\/#primaryimage"},"image":{"@id":"https:\/\/www.suno.com.br\/noticias\/volta-cpmf-nao-esta-descartada-diz-lider-governo-senado\/#primaryimage"},"thumbnailUrl":"https:\/\/files.sunoresearch.com.br\/n\/uploads\/2019\/12\/ecc45b37-fernando-bezerra-coelho-jpg.webp","datePublished":"2019-12-18T19:29:06+00:00","dateModified":"2021-02-18T01:02:16+00:00","description":"Fernando Bezerra Coelho (MDB-PE) afirmou que a volta de um imposto semelhante \u00e0 antiga CPMF n\u00e3o est\u00e1 descartada. Clique para saber mais.","breadcrumb":{"@id":"https:\/\/www.suno.com.br\/noticias\/volta-cpmf-nao-esta-descartada-diz-lider-governo-senado\/#breadcrumb"},"inLanguage":"pt-BR","potentialAction":[{"@type":"ReadAction","target":["https:\/\/www.suno.com.br\/noticias\/volta-cpmf-nao-esta-descartada-diz-lider-governo-senado\/"]}]},{"@type":"ImageObject","inLanguage":"pt-BR","@id":"https:\/\/www.suno.com.br\/noticias\/volta-cpmf-nao-esta-descartada-diz-lider-governo-senado\/#primaryimage","url":"https:\/\/files.sunoresearch.com.br\/n\/uploads\/2019\/12\/ecc45b37-fernando-bezerra-coelho-jpg.webp","contentUrl":"https:\/\/files.sunoresearch.com.br\/n\/uploads\/2019\/12\/ecc45b37-fernando-bezerra-coelho-jpg.webp","width":750,"height":500,"caption":"Volta da CPMF n\u00e3o est\u00e1 descartada, diz l\u00edder do governo no Senado"},{"@type":"BreadcrumbList","@id":"https:\/\/www.suno.com.br\/noticias\/volta-cpmf-nao-esta-descartada-diz-lider-governo-senado\/#breadcrumb","itemListElement":[{"@type":"ListItem","position":1,"name":"Not\u00edcias","item":"https:\/\/www.suno.com.br\/noticias\/"},{"@type":"ListItem","position":2,"name":"Economia","item":"https:\/\/www.suno.com.br\/noticias\/economia\/"},{"@type":"ListItem","position":3,"name":"Volta da CPMF n\u00e3o est\u00e1 descartada, diz l\u00edder do governo no Senado"}]},{"@type":"WebSite","@id":"https:\/\/www.suno.com.br\/noticias\/#website","url":"https:\/\/www.suno.com.br\/noticias\/","name":"Suno Not\u00edcias","description":"Seu portal de informa\u00e7\u00e3o sobre o mundo dos investimentos","publisher":{"@id":"https:\/\/www.suno.com.br\/noticias\/#organization"},"potentialAction":[{"@type":"SearchAction","target":{"@type":"EntryPoint","urlTemplate":"https:\/\/www.suno.com.br\/noticias\/?s={search_term_string}"},"query-input":{"@type":"PropertyValueSpecification","valueRequired":true,"valueName":"search_term_string"}}],"inLanguage":"pt-BR"},{"@type":"Organization","@id":"https:\/\/www.suno.com.br\/noticias\/#organization","name":"Suno Not\u00edcias","url":"https:\/\/www.suno.com.br\/noticias\/","logo":{"@type":"ImageObject","inLanguage":"pt-BR","@id":"https:\/\/www.suno.com.br\/noticias\/#\/schema\/logo\/image\/","url":"https:\/\/files.sunoresearch.com.br\/n\/uploads\/2021\/09\/suno-logo.png","contentUrl":"https:\/\/files.sunoresearch.com.br\/n\/uploads\/2021\/09\/suno-logo.png","width":180,"height":180,"caption":"Suno Not\u00edcias"},"image":{"@id":"https:\/\/www.suno.com.br\/noticias\/#\/schema\/logo\/image\/"},"sameAs":["https:\/\/facebook.com\/sunoresearch","https:\/\/x.com\/sunoresearch","https:\/\/www.instagram.com\/suno","https:\/\/www.linkedin.com\/company\/suno-research\/","https:\/\/www.youtube.com\/c\/sunoresearch"]},{"@type":"Person","@id":"https:\/\/www.suno.com.br\/noticias\/#\/schema\/person\/4e19e3d2575736e5283d58eb3199d120","name":"Giovanna Oliveira","image":{"@type":"ImageObject","inLanguage":"pt-BR","@id":"https:\/\/www.suno.com.br\/noticias\/#\/schema\/person\/image\/","url":"https:\/\/secure.gravatar.com\/avatar\/9a37b3ae208962ac568992d0ffdbc2eb?s=96&r=g","contentUrl":"https:\/\/secure.gravatar.com\/avatar\/9a37b3ae208962ac568992d0ffdbc2eb?s=96&r=g","caption":"Giovanna Oliveira"},"description":"Giovanna Oliveira escreve sobre economia e pol\u00edtica. Foi rep\u00f3rter do portal de jornalismo da ESPM-SP e produziu conte\u00fado para a Corinthians TV. \u00c9 estudante da ESPM.","url":"https:\/\/www.suno.com.br\/noticias\/author\/giovanna\/"}]}},"default_loop_html":"<div class=\"cardsPage__listCard__boxs\"><div class=\"cardsPage__listCard__boxs__img\"><a href=\"https:\/\/www.suno.com.br\/noticias\/volta-cpmf-nao-esta-descartada-diz-lider-governo-senado\/\"><img class=\"mask\" src=\"https:\/\/www.suno.com.br\/noticias\/wp-content\/themes\/suno\/resources\/images\/spotlight\/spotlight1img\/bg-mask.png\" alt=\"Image Mask\"\/><img src=\"https:\/\/files.sunoresearch.com.br\/n\/uploads\/2019\/12\/ecc45b37-fernando-bezerra-coelho-400x200.webp\" alt=\"Volta da CPMF n\u00e3o est\u00e1 descartada, diz l\u00edder do governo no Senado\"\/><\/a><span class=\"spotlightCategory\"><a href=\"https:\/\/www.suno.com.br\/noticias\/economia\/\">Economia<\/a><\/span><\/div><div class=\"cardsPage__listCard__boxs__content\"><a href=\"https:\/\/www.suno.com.br\/noticias\/volta-cpmf-nao-esta-descartada-diz-lider-governo-senado\/\"><h2 class=\"content__title\">Volta da CPMF n\u00e3o est\u00e1 descartada, diz l\u00edder do governo no Senado<\/h2><\/a><div class=\"newsContent__article__meta\"><div class=\"newsContent__article__meta__authorBox\"><a href=\"https:\/\/www.suno.com.br\/noticias\/author\/giovanna\/\" class=\"authorBox__avatar noMobi\"><img src=\"https:\/\/files.sunoresearch.com.br\/n\/uploads\/2019\/06\/952a89ca-screenshot_20190608-171507-150x150.webp\" alt=\"Giovanna Oliveira\"><\/a><div class=\"authorBox__name\"><span>por\n\t\t\t<a href=\"https:\/\/www.suno.com.br\/noticias\/author\/giovanna\/\"><span itemprop=\"author\">Giovanna Oliveira<\/span><\/a><\/span><time datetime=\"2019-12-18T17:29:06-03:00\" itemprop=\"datePublished\">18\/12\/2019 17:29<\/time><\/div><\/div><\/div><\/div><\/div>","single_layout":"posts","amp_enabled":true,"_links":{"self":[{"href":"https:\/\/www.suno.com.br\/noticias\/wp-json\/wp\/v2\/posts\/48276"}],"collection":[{"href":"https:\/\/www.suno.com.br\/noticias\/wp-json\/wp\/v2\/posts"}],"about":[{"href":"https:\/\/www.suno.com.br\/noticias\/wp-json\/wp\/v2\/types\/post"}],"author":[{"embeddable":true,"href":"https:\/\/www.suno.com.br\/noticias\/wp-json\/wp\/v2\/users\/18"}],"replies":[{"embeddable":true,"href":"https:\/\/www.suno.com.br\/noticias\/wp-json\/wp\/v2\/comments?post=48276"}],"version-history":[{"count":0,"href":"https:\/\/www.suno.com.br\/noticias\/wp-json\/wp\/v2\/posts\/48276\/revisions"}],"wp:featuredmedia":[{"embeddable":true,"href":"https:\/\/www.suno.com.br\/noticias\/wp-json\/wp\/v2\/media\/48277"}],"wp:attachment":[{"href":"https:\/\/www.suno.com.br\/noticias\/wp-json\/wp\/v2\/media?parent=48276"}],"wp:term":[{"taxonomy":"category","embeddable":true,"href":"https:\/\/www.suno.com.br\/noticias\/wp-json\/wp\/v2\/categories?post=48276"},{"taxonomy":"post_tag","embeddable":true,"href":"https:\/\/www.suno.com.br\/noticias\/wp-json\/wp\/v2\/tags?post=48276"},{"taxonomy":"suno_strategy","embeddable":true,"href":"https:\/\/www.suno.com.br\/noticias\/wp-json\/wp\/v2\/suno_strategy?post=48276"}],"curies":[{"name":"wp","href":"https:\/\/api.w.org\/{rel}","templated":true}]}}