{"id":482687,"date":"2023-11-08T14:36:04","date_gmt":"2023-11-08T17:36:04","guid":{"rendered":"https:\/\/www.suno.com.br\/noticias\/?p=482687"},"modified":"2023-11-08T14:36:09","modified_gmt":"2023-11-08T17:36:09","slug":"60-milhoes-de-cartoes-de-credito-cancelados-ceo-do-itau-itub4-ve-impacto-do-teto-do-rotativo","status":"publish","type":"post","link":"https:\/\/www.suno.com.br\/noticias\/60-milhoes-de-cartoes-de-credito-cancelados-ceo-do-itau-itub4-ve-impacto-do-teto-do-rotativo\/","title":{"rendered":"60 milh\u00f5es de cart\u00f5es de cr\u00e9dito cancelados? CEO do Ita\u00fa (ITUB4) projeta impacto do &#8216;teto do rotativo&#8217;"},"content":{"rendered":"<p>A institui\u00e7\u00e3o de um limite para os juros do rotativo do <strong>cart\u00e3o de cr\u00e9dito<\/strong> pode afetar intensamente o setor de bancos e <a class=\"suno-keyword\" data-force=\"no\" data-priority=\"1\" href=\"https:\/\/www.suno.com.br\/artigos\/instituicoes-financeiras\/\" target=\"_blank\" rel=\"noopener\">institui\u00e7\u00f5es financeiras<\/a> e, com isso, ocasionar o cancelamento de 60 milh\u00f5es de cart\u00f5es. A proje\u00e7\u00e3o foi destacada pelo CEO do <a class=\"suno-keyword\" data-force=\"yes\" data-priority=\"2\" href=\"https:\/\/www.suno.com.br\/acoes\/ITUB4\/\" target=\"_blank\" rel=\"noopener\">Ita\u00fa (ITUB4)<\/a>, Milton Maluhy Filho, durante a teleconfer\u00eancia de resultados do banco.<\/p><div class=\"videoFull \">\n\t\t\t<div class=\"videoWrapper yt-lazyload center\"\n\t\t\t\tdata-width=\"960\"\n\t\t\t\tdata-height=\"540\"\n\t\t\t\tdata-id=\"MvU1HH05UYM\"\n\t\t\t\tdata-alt=\"V\u00eddeo do YouTube - clique para reproduzir\"\n\t\t\t\tdata-logo=\"3\"\n\t\t\t\tdata-imagequality=\"maxres\">\n\t\t\t<\/div>\n\t\t<\/div><script type=\"application\/ld+json\">{\"@context\":\"https:\/\/schema.org\",\"@type\":\"VideoObject\",\"name\":\"\ud83d\udd34IBOVESPA SOBE | BB SEGURIDADE (BBSE3) TEM LUCRO RECORDE | GOL (GOLL4) AFUNDA 7%\",\"description\":\"#mercadofinanceiro #investimentos #bolsadevalores #ibovespa #dinheiro #finan\u00e7as #pol\u00edtica #d\u00f3lar #livedas19h #petr4 #petrobras #vale3 #vale #a\u00e7\u00f5es #economia #dividendos #pol\u00edtica #arthurlira #haddad #fiscal #bbseguridade #bbse3 #gol #goll4 #snag11 #fiagro #sunoasset O Ibovespa fechou o preg\u00e3o desta segunda-feira (6) em alta de 0,29% aos 118.498 pontos. O SNAG11, Fiagro da Suno Asset, anunciou que encerrou a terceira emiss\u00e3o de\u2026\",\"duration\":\"PT33M15S\",\"embedUrl\":\"https:\/\/www.youtube.com\/embed\/MvU1HH05UYM\",\"regionsAllowed\":\"en-US\",\"interactionStatistic\":{\"@type\":\"InteractionCounter\",\"interactionType\":{\"@type\":\"WatchAction\"},\"userInteractionCount\":3690},\"thumbnailUrl\":\"https:\/\/i.ytimg.com\/vi\/MvU1HH05UYM\/default.jpg\",\"uploadDate\":\"2023-11-07T10:36:09Z\"}<\/script>\n\n\n\n\n\t<p>\n\t\t<a href=\"\" target=\"_blank\" data-element=\"shortcode-suno-banner\" title=\"Banner SUNO, clique e saiba mais\">\n\t\t\t<picture>\n\t\t\t\t<source media=\"(max-width: 500px)\" srcset=\"\">\n\t\t\t\t<img class=\"newsContent__article__imgCapa newsContent__article__imgCapa--banner\"\n\t\t\t\t\tsrc=\"\"\n\t\t\t\t\tdata-promo-id=\"265406\"\t\t\t\t\t\t\t\t\t\t\t\t\t\t\talt=\"\"\n\t\t\t\t>\n\t\t\t<\/picture>\n\t\t<\/a>\n\t<\/p>\n\n\n\n\n\n\n\n<p>Atualmente o governo articula, junto aos bancos e as autoridade regulat\u00f3rias, a institui\u00e7\u00e3o de um &#8216;<strong>teto&#8217; nos juros do cart\u00e3o de cr\u00e9dito rotativo<\/strong>. A possibilidade de mudan\u00e7a nessa normativa tem mobilizado conversas entre Haddad, o Banco Central e os CEOs dos principais bancos nos \u00faltimos meses.<\/p>\n\n\n\n<p>Maluhy, do Ita\u00fa, foi questionado sobre o tema por um analista de sell-side do Morgan Stanley durante a <a href=\"https:\/\/www.suno.com.br\/noticias\/itau-itub4-ceo-fim-jcp-dividendos-evm\/\" target=\"_blank\" rel=\"noreferrer noopener\">teleconfer\u00eancia de resultados trimestrais do banco<\/a>. O executivo ironizou que gostaria de &#8216;levar o analista para as reuni\u00f5es pois ele &#8216;compreende o problema&#8217; que seria o teto no <strong>cr\u00e9dito rotativo<\/strong>.<\/p>\n\n\n\n<p>\u201cSe temos 8% de juros, temos que cortar. O pa\u00eds como um todo [tem que cortar]. Com isso, ser\u00e3o 60 milh\u00f5es de cart\u00f5es de cr\u00e9dito que precisam ser abandonados, e voc\u00ea pode ter um impacto de R$ 350 bilh\u00f5es na economia, porque voc\u00ea vai tirar essas pessoas do mercado consumidor\u201c, disse o <strong>CEO do Ita\u00fa<\/strong>.<\/p>\n\n\n\n\t<div data-element=\"shortcode-read-more\" class=\"readToo\">\n\t\t\t\t<span class=\"readToo__title\">Leia mais<\/span>\n\t\t\t\t<ul class=\"readToo__list\">\n\t\t\t<li><a href=\"https:\/\/www.suno.com.br\/noticias\/dexco-dxco3-itausa-itsa4-3t23-lucro-resultado-evm\/\">Dexco (DXCO3), da Ita\u00fasa (ITSA4), dobra lucro no 3T23, mas cai 11% na bolsa; entenda<\/a><\/li><li><a href=\"https:\/\/www.suno.com.br\/noticias\/banco-do-brasil-bbas3-resultado-3t23-balanco-evm\/\">Banco do Brasil (BBAS3): 14 de 15 analistas recomendam compra e esperam &#8216;lucro robusto&#8217;<\/a><\/li><li><a href=\"https:\/\/www.suno.com.br\/noticias\/itau-itub4-analistas-resultado-3t23-balanco-acoes-sobem-evm\/\">Ita\u00fa (ITUB4): analistas veem &#8216;n\u00fameros s\u00f3lidos&#8217; no 3T23 e a\u00e7\u00f5es sobem no Ibovespa<\/a><\/li>\t\t<\/ul>\n\t<\/div>\n\n\n\n\n<p>\u201cVoc\u00ea vai ter um grande impacto na popula\u00e7\u00e3o que foi inclu\u00edda no sistema financeiro, que ser\u00e3o exclu\u00eddos. Onde eles v\u00e3o se financiar? Como v\u00e3o comprar? Como far\u00e3o parte do sistema? Esse \u00e9 o impacto real\u201c, acrescentou o executivo.<\/p>\n\n\n\n<p>Maluhy ainda seguiu sua resposta ao analista destacando que atualmente a condu\u00e7\u00e3o do tema tem sido muito &#8216;perigosa&#8217; e tratada com pouco vi\u00e9s t\u00e9cnico.<\/p>\n\n\n\t<p>\n\t\t<a href=\"https:\/\/lp.suno.com.br\/ebook-como-analisar-uma-acao\/\" target=\"_blank\" data-element=\"shortcode-suno-banner\" title=\"Banner SUNO, clique e saiba mais\">\n\t\t\t<picture>\n\t\t\t\t<source media=\"(max-width: 500px)\" srcset=\"https:\/\/files.sunoresearch.com.br\/n\/uploads\/2023\/03\/Ebook-Acoes-Mobile.jpg\">\n\t\t\t\t<img class=\"newsContent__article__imgCapa newsContent__article__imgCapa--banner\"\n\t\t\t\t\tsrc=\"https:\/\/files.sunoresearch.com.br\/n\/uploads\/2023\/03\/Ebook-Acoes-Desktop.jpg\"\n\t\t\t\t\tdata-promo-id=\"378302\"\t\t\t\t\t\t\t\t\t\twidth='1420' height='286'\t\t\t\t\talt=\"https:\/\/files.sunoresearch.com.br\/n\/uploads\/2023\/03\/Ebook-Acoes-Desktop.jpg\"\n\t\t\t\t>\n\t\t\t<\/picture>\n\t\t<\/a>\n\t<\/p>\n\n\n\n\n\n<h2 class=\"wp-block-heading\">Em que p\u00e9 est\u00e1 a proposta de teto no rotativo do cart\u00e3o de cr\u00e9dito?<\/h2>\n\n\n\n<p>A proposta de teto para o rotativo foi aprovada pela C\u00e2mara dos Deputados ainda em meados de setembro.<\/p>\n\n\n\n<p>O <a href=\"https:\/\/www.camara.leg.br\/proposicoesWeb\/prop_mostrarintegra?codteor=2327517\" target=\"_blank\" rel=\"noreferrer noopener\">texto da proposta<\/a> diz: &#8220;Os emissores de cart\u00e3o de cr\u00e9dito e de outros instrumentos de pagamento p\u00f3s-pagos utilizados em arranjos abertos ou fechados, como medida de autorregula\u00e7\u00e3o, devem submeter \u00e0 aprova\u00e7\u00e3o do Conselho Monet\u00e1rio Nacional, por interm\u00e9dio do Banco Central do Brasil, de forma fundamentada e com periodicidade anual, limites para as taxas de juros e <a class=\"suno-keyword\" target=\"_blank\" data-force=\"no\" data-priority=\"1\" href=\"https:\/\/www.suno.com.br\/artigos\/encargos-financeiros\/\" rel=\"noopener\">encargos financeiros<\/a> cobrados no <a class=\"suno-keyword\" target=\"_blank\" data-force=\"no\" data-priority=\"1\" href=\"https:\/\/www.suno.com.br\/artigos\/credito-rotativo\/\" rel=\"noopener\">cr\u00e9dito rotativo<\/a> e no parcelamento de <a class=\"suno-keyword\" target=\"_blank\" data-force=\"no\" data-priority=\"1\" href=\"https:\/\/www.suno.com.br\/artigos\/saldo-devedor\/\" rel=\"noopener\">saldo devedor<\/a> das faturas de cart\u00f5es de cr\u00e9dito e de outros instrumentos de pagamento p\u00f3s-pagos&#8221;.<\/p>\n\n\n\n<p>O projeto de lei (PL) prev\u00ea uma sugest\u00e3o de autorregula\u00e7\u00e3o por parte dos executivos de bancos &#8211; com que o governo e o Banco Central (BC) tem se reunido recentemente.<\/p>\n\n\n\n<p>Se n\u00e3o houver um consenso dentro dos 90 dias &#8211; prazo estipulado pelo texto &#8211; haver\u00e1 ado\u00e7\u00e3o autom\u00e1tica do teto.<\/p>\n\n\n\n<p>Segundo Maluhy, do <strong>Ita\u00fa<\/strong>, se o desfecho da hist\u00f3ria for esse o problema ainda n\u00e3o ser\u00e1 sanado.<\/p>\n\n\n\n<p>&#8220;Vai diminuir um pouco as taxas, mas n\u00e3o vai resolver nenhuma das quest\u00f5es que temos hoje\u201d, comentou sobre a proposta que altera o rotativo dos <strong>cart\u00f5es de cr\u00e9dito<\/strong>.<\/p>\n\n\n\t<p>\n\t\t<a href=\"https:\/\/lp.suno.com.br\/plataforma-de-controle-de-investimentos\/\" target=\"_blank\" data-element=\"shortcode-suno-banner\" title=\"Banner SUNO, clique e saiba mais\">\n\t\t\t<picture>\n\t\t\t\t<source media=\"(max-width: 500px)\" srcset=\"https:\/\/files.sunoresearch.com.br\/n\/uploads\/2023\/03\/400x300-Controle-de-Investimentos.png\">\n\t\t\t\t<img class=\"newsContent__article__imgCapa newsContent__article__imgCapa--banner\"\n\t\t\t\t\tsrc=\"https:\/\/files.sunoresearch.com.br\/n\/uploads\/2023\/03\/1420x240-Controle-de-Investimentos.png\"\n\t\t\t\t\tdata-promo-id=\"383162\"\t\t\t\t\t\t\t\t\t\twidth='1420' height='240'\t\t\t\t\talt=\"https:\/\/files.sunoresearch.com.br\/n\/uploads\/2023\/03\/1420x240-Controle-de-Investimentos.png\"\n\t\t\t\t>\n\t\t\t<\/picture>\n\t\t<\/a>\n\t<\/p>\n\n\n","protected":false},"excerpt":{"rendered":"<p>A institui\u00e7\u00e3o de um limite para os juros do rotativo do cart\u00e3o de cr\u00e9dito pode afetar intensamente o setor de bancos e institui\u00e7\u00f5es financeiras e, com isso, ocasionar o cancelamento de 60 milh\u00f5es de cart\u00f5es. A proje\u00e7\u00e3o foi destacada pelo CEO do Ita\u00fa (ITUB4), Milton Maluhy Filho, durante a teleconfer\u00eancia de resultados do banco. Atualmente [&hellip;]<\/p>\n","protected":false},"author":73,"featured_media":481881,"comment_status":"closed","ping_status":"closed","sticky":false,"template":"","format":"standard","meta":[],"categories":[62],"tags":[289,2099,1188,105816,519],"suno_strategy":[],"class_list":["post-482687","post","type-post","status-publish","format-standard","has-post-thumbnail","hentry","category-economia","tag-bancos","tag-carteira-de-credito","tag-cartoes-de-credito","tag-especialistas","tag-itau-unibanco-itub3-itub4"],"yoast_head":"<!-- This site is optimized with the Yoast SEO plugin v24.4 - https:\/\/yoast.com\/wordpress\/plugins\/seo\/ -->\n<title>60 milh\u00f5es de cart\u00f5es de cr\u00e9dito cancelados? CEO do Ita\u00fa v\u00ea impacto do &#039;teto do rotativo&#039;<\/title>\n<meta name=\"description\" content=\"Segundo CEO do Ita\u00fa, mercado de cart\u00f5es de cr\u00e9dito pode ser duramente impactado por proposta que j\u00e1 foi aprovada pela C\u00e2mara\" \/>\n<meta name=\"robots\" content=\"index, follow, max-snippet:-1, max-image-preview:large, max-video-preview:-1\" \/>\n<link rel=\"canonical\" href=\"https:\/\/www.suno.com.br\/noticias\/60-milhoes-de-cartoes-de-credito-cancelados-ceo-do-itau-itub4-ve-impacto-do-teto-do-rotativo\/\" \/>\n<meta property=\"og:locale\" content=\"pt_BR\" \/>\n<meta property=\"og:type\" content=\"article\" \/>\n<meta property=\"og:title\" content=\"60 milh\u00f5es de cart\u00f5es de cr\u00e9dito cancelados? CEO do Ita\u00fa v\u00ea impacto do &#039;teto do rotativo&#039;\" \/>\n<meta property=\"og:description\" content=\"Segundo CEO do Ita\u00fa, mercado de cart\u00f5es de cr\u00e9dito pode ser duramente impactado por proposta que j\u00e1 foi aprovada pela C\u00e2mara\" \/>\n<meta property=\"og:url\" content=\"https:\/\/www.suno.com.br\/noticias\/60-milhoes-de-cartoes-de-credito-cancelados-ceo-do-itau-itub4-ve-impacto-do-teto-do-rotativo\/\" \/>\n<meta property=\"og:site_name\" content=\"Suno Not\u00edcias\" \/>\n<meta property=\"article:publisher\" content=\"https:\/\/facebook.com\/sunoresearch\" \/>\n<meta property=\"og:image\" content=\"https:\/\/files.sunoresearch.com.br\/n\/uploads\/2023\/11\/CEO-DO-ITAU.jpg\" \/>\n\t<meta property=\"og:image:width\" content=\"1914\" \/>\n\t<meta property=\"og:image:height\" content=\"1051\" \/>\n\t<meta property=\"og:image:type\" content=\"image\/jpeg\" \/>\n<meta name=\"author\" content=\"Eduardo Vargas\" \/>\n<meta name=\"twitter:card\" content=\"summary_large_image\" \/>\n<meta name=\"twitter:creator\" content=\"@sunoresearch\" \/>\n<meta name=\"twitter:site\" content=\"@sunoresearch\" \/>\n<meta name=\"twitter:label1\" content=\"Escrito por\" \/>\n\t<meta name=\"twitter:data1\" content=\"Eduardo Vargas\" \/>\n\t<meta name=\"twitter:label2\" content=\"Est. tempo de leitura\" \/>\n\t<meta name=\"twitter:data2\" content=\"3 minutos\" \/>\n<script type=\"application\/ld+json\" class=\"yoast-schema-graph\">{\"@context\":\"https:\/\/schema.org\",\"@graph\":[{\"@type\":\"NewsArticle\",\"@id\":\"https:\/\/www.suno.com.br\/noticias\/60-milhoes-de-cartoes-de-credito-cancelados-ceo-do-itau-itub4-ve-impacto-do-teto-do-rotativo\/#article\",\"isPartOf\":{\"@id\":\"https:\/\/www.suno.com.br\/noticias\/60-milhoes-de-cartoes-de-credito-cancelados-ceo-do-itau-itub4-ve-impacto-do-teto-do-rotativo\/\"},\"author\":{\"name\":\"Eduardo Vargas\",\"@id\":\"https:\/\/www.suno.com.br\/noticias\/#\/schema\/person\/7f4d362bf3518e76090143ae77bb49a5\"},\"headline\":\"60 milh\u00f5es de cart\u00f5es de cr\u00e9dito cancelados? CEO do Ita\u00fa (ITUB4) projeta impacto do &#8216;teto do rotativo&#8217;\",\"datePublished\":\"2023-11-08T17:36:04+00:00\",\"dateModified\":\"2023-11-08T17:36:09+00:00\",\"mainEntityOfPage\":{\"@id\":\"https:\/\/www.suno.com.br\/noticias\/60-milhoes-de-cartoes-de-credito-cancelados-ceo-do-itau-itub4-ve-impacto-do-teto-do-rotativo\/\"},\"wordCount\":552,\"publisher\":{\"@id\":\"https:\/\/www.suno.com.br\/noticias\/#organization\"},\"image\":{\"@id\":\"https:\/\/www.suno.com.br\/noticias\/60-milhoes-de-cartoes-de-credito-cancelados-ceo-do-itau-itub4-ve-impacto-do-teto-do-rotativo\/#primaryimage\"},\"thumbnailUrl\":\"https:\/\/files.sunoresearch.com.br\/n\/uploads\/2023\/11\/CEO-DO-ITAU.jpg\",\"keywords\":[\"bancos\",\"carteira de cr\u00e9dito\",\"cart\u00f5es de cr\u00e9dito\",\"Especialistas\",\"Ita\u00fa Unibanco (ITUB3\/ITUB4)\"],\"articleSection\":[\"Economia\"],\"inLanguage\":\"pt-BR\"},{\"@type\":\"WebPage\",\"@id\":\"https:\/\/www.suno.com.br\/noticias\/60-milhoes-de-cartoes-de-credito-cancelados-ceo-do-itau-itub4-ve-impacto-do-teto-do-rotativo\/\",\"url\":\"https:\/\/www.suno.com.br\/noticias\/60-milhoes-de-cartoes-de-credito-cancelados-ceo-do-itau-itub4-ve-impacto-do-teto-do-rotativo\/\",\"name\":\"60 milh\u00f5es de cart\u00f5es de cr\u00e9dito cancelados? CEO do Ita\u00fa v\u00ea impacto do 'teto do rotativo'\",\"isPartOf\":{\"@id\":\"https:\/\/www.suno.com.br\/noticias\/#website\"},\"primaryImageOfPage\":{\"@id\":\"https:\/\/www.suno.com.br\/noticias\/60-milhoes-de-cartoes-de-credito-cancelados-ceo-do-itau-itub4-ve-impacto-do-teto-do-rotativo\/#primaryimage\"},\"image\":{\"@id\":\"https:\/\/www.suno.com.br\/noticias\/60-milhoes-de-cartoes-de-credito-cancelados-ceo-do-itau-itub4-ve-impacto-do-teto-do-rotativo\/#primaryimage\"},\"thumbnailUrl\":\"https:\/\/files.sunoresearch.com.br\/n\/uploads\/2023\/11\/CEO-DO-ITAU.jpg\",\"datePublished\":\"2023-11-08T17:36:04+00:00\",\"dateModified\":\"2023-11-08T17:36:09+00:00\",\"description\":\"Segundo CEO do Ita\u00fa, mercado de cart\u00f5es de cr\u00e9dito pode ser duramente impactado por proposta que j\u00e1 foi aprovada pela C\u00e2mara\",\"breadcrumb\":{\"@id\":\"https:\/\/www.suno.com.br\/noticias\/60-milhoes-de-cartoes-de-credito-cancelados-ceo-do-itau-itub4-ve-impacto-do-teto-do-rotativo\/#breadcrumb\"},\"inLanguage\":\"pt-BR\",\"potentialAction\":[{\"@type\":\"ReadAction\",\"target\":[\"https:\/\/www.suno.com.br\/noticias\/60-milhoes-de-cartoes-de-credito-cancelados-ceo-do-itau-itub4-ve-impacto-do-teto-do-rotativo\/\"]}]},{\"@type\":\"ImageObject\",\"inLanguage\":\"pt-BR\",\"@id\":\"https:\/\/www.suno.com.br\/noticias\/60-milhoes-de-cartoes-de-credito-cancelados-ceo-do-itau-itub4-ve-impacto-do-teto-do-rotativo\/#primaryimage\",\"url\":\"https:\/\/files.sunoresearch.com.br\/n\/uploads\/2023\/11\/CEO-DO-ITAU.jpg\",\"contentUrl\":\"https:\/\/files.sunoresearch.com.br\/n\/uploads\/2023\/11\/CEO-DO-ITAU.jpg\",\"width\":1914,\"height\":1051,\"caption\":\"O CEO do Ita\u00fa Unibanco (ITUB4), Milton Maluhy Filho\"},{\"@type\":\"BreadcrumbList\",\"@id\":\"https:\/\/www.suno.com.br\/noticias\/60-milhoes-de-cartoes-de-credito-cancelados-ceo-do-itau-itub4-ve-impacto-do-teto-do-rotativo\/#breadcrumb\",\"itemListElement\":[{\"@type\":\"ListItem\",\"position\":1,\"name\":\"Not\u00edcias\",\"item\":\"https:\/\/www.suno.com.br\/noticias\/\"},{\"@type\":\"ListItem\",\"position\":2,\"name\":\"Economia\",\"item\":\"https:\/\/www.suno.com.br\/noticias\/economia\/\"},{\"@type\":\"ListItem\",\"position\":3,\"name\":\"60 milh\u00f5es de cart\u00f5es de cr\u00e9dito cancelados? CEO do Ita\u00fa (ITUB4) projeta impacto do &#8216;teto do rotativo&#8217;\"}]},{\"@type\":\"WebSite\",\"@id\":\"https:\/\/www.suno.com.br\/noticias\/#website\",\"url\":\"https:\/\/www.suno.com.br\/noticias\/\",\"name\":\"Suno Not\u00edcias\",\"description\":\"Seu portal de informa\u00e7\u00e3o sobre o mundo dos investimentos\",\"publisher\":{\"@id\":\"https:\/\/www.suno.com.br\/noticias\/#organization\"},\"potentialAction\":[{\"@type\":\"SearchAction\",\"target\":{\"@type\":\"EntryPoint\",\"urlTemplate\":\"https:\/\/www.suno.com.br\/noticias\/?s={search_term_string}\"},\"query-input\":{\"@type\":\"PropertyValueSpecification\",\"valueRequired\":true,\"valueName\":\"search_term_string\"}}],\"inLanguage\":\"pt-BR\"},{\"@type\":\"Organization\",\"@id\":\"https:\/\/www.suno.com.br\/noticias\/#organization\",\"name\":\"Suno Not\u00edcias\",\"url\":\"https:\/\/www.suno.com.br\/noticias\/\",\"logo\":{\"@type\":\"ImageObject\",\"inLanguage\":\"pt-BR\",\"@id\":\"https:\/\/www.suno.com.br\/noticias\/#\/schema\/logo\/image\/\",\"url\":\"https:\/\/files.sunoresearch.com.br\/n\/uploads\/2021\/09\/suno-logo.png\",\"contentUrl\":\"https:\/\/files.sunoresearch.com.br\/n\/uploads\/2021\/09\/suno-logo.png\",\"width\":180,\"height\":180,\"caption\":\"Suno Not\u00edcias\"},\"image\":{\"@id\":\"https:\/\/www.suno.com.br\/noticias\/#\/schema\/logo\/image\/\"},\"sameAs\":[\"https:\/\/facebook.com\/sunoresearch\",\"https:\/\/x.com\/sunoresearch\",\"https:\/\/www.instagram.com\/suno\",\"https:\/\/www.linkedin.com\/company\/suno-research\/\",\"https:\/\/www.youtube.com\/c\/sunoresearch\"]},{\"@type\":\"Person\",\"@id\":\"https:\/\/www.suno.com.br\/noticias\/#\/schema\/person\/7f4d362bf3518e76090143ae77bb49a5\",\"name\":\"Eduardo Vargas\",\"image\":{\"@type\":\"ImageObject\",\"inLanguage\":\"pt-BR\",\"@id\":\"https:\/\/www.suno.com.br\/noticias\/#\/schema\/person\/image\/\",\"url\":\"https:\/\/secure.gravatar.com\/avatar\/dac340933427a22924c9f99d1eb2e3f2?s=96&r=g\",\"contentUrl\":\"https:\/\/secure.gravatar.com\/avatar\/dac340933427a22924c9f99d1eb2e3f2?s=96&r=g\",\"caption\":\"Eduardo Vargas\"},\"description\":\"Jornalista formado pela UFSC, cobre macroeconomia, neg\u00f3cios e startups para o Suno Not\u00edcias, escrevendo principalmente not\u00edcias sobre o mercado financeiro e a bolsa de valores. No YouTube e no Instagram, \u00e9 respons\u00e1vel pela produ\u00e7\u00e3o de Reels e Shorts do Suno Not\u00edcias. Anteriormente, trabalhou cobrindo economia e cotidiano no ND+ e para o ND, maior jornal impresso de Santa Catarina. Cursou um semestre letivo de Estudos de M\u00eddia na Universidad de Buenos Aires.\",\"url\":\"https:\/\/www.suno.com.br\/noticias\/author\/eduardo-vargas\/\"}]}<\/script>\n<!-- \/ Yoast SEO plugin. -->","yoast_head_json":{"title":"60 milh\u00f5es de cart\u00f5es de cr\u00e9dito cancelados? CEO do Ita\u00fa v\u00ea impacto do 'teto do rotativo'","description":"Segundo CEO do Ita\u00fa, mercado de cart\u00f5es de cr\u00e9dito pode ser duramente impactado por proposta que j\u00e1 foi aprovada pela C\u00e2mara","robots":{"index":"index","follow":"follow","max-snippet":"max-snippet:-1","max-image-preview":"max-image-preview:large","max-video-preview":"max-video-preview:-1"},"canonical":"https:\/\/www.suno.com.br\/noticias\/60-milhoes-de-cartoes-de-credito-cancelados-ceo-do-itau-itub4-ve-impacto-do-teto-do-rotativo\/","og_locale":"pt_BR","og_type":"article","og_title":"60 milh\u00f5es de cart\u00f5es de cr\u00e9dito cancelados? CEO do Ita\u00fa v\u00ea impacto do 'teto do rotativo'","og_description":"Segundo CEO do Ita\u00fa, mercado de cart\u00f5es de cr\u00e9dito pode ser duramente impactado por proposta que j\u00e1 foi aprovada pela C\u00e2mara","og_url":"https:\/\/www.suno.com.br\/noticias\/60-milhoes-de-cartoes-de-credito-cancelados-ceo-do-itau-itub4-ve-impacto-do-teto-do-rotativo\/","og_site_name":"Suno Not\u00edcias","article_publisher":"https:\/\/facebook.com\/sunoresearch","og_image":[{"width":1914,"height":1051,"url":"https:\/\/files.sunoresearch.com.br\/n\/uploads\/2023\/11\/CEO-DO-ITAU.jpg","type":"image\/jpeg"}],"author":"Eduardo Vargas","twitter_card":"summary_large_image","twitter_creator":"@sunoresearch","twitter_site":"@sunoresearch","twitter_misc":{"Escrito por":"Eduardo Vargas","Est. tempo de leitura":"3 minutos"},"schema":{"@context":"https:\/\/schema.org","@graph":[{"@type":"NewsArticle","@id":"https:\/\/www.suno.com.br\/noticias\/60-milhoes-de-cartoes-de-credito-cancelados-ceo-do-itau-itub4-ve-impacto-do-teto-do-rotativo\/#article","isPartOf":{"@id":"https:\/\/www.suno.com.br\/noticias\/60-milhoes-de-cartoes-de-credito-cancelados-ceo-do-itau-itub4-ve-impacto-do-teto-do-rotativo\/"},"author":{"name":"Eduardo Vargas","@id":"https:\/\/www.suno.com.br\/noticias\/#\/schema\/person\/7f4d362bf3518e76090143ae77bb49a5"},"headline":"60 milh\u00f5es de cart\u00f5es de cr\u00e9dito cancelados? CEO do Ita\u00fa (ITUB4) projeta impacto do &#8216;teto do rotativo&#8217;","datePublished":"2023-11-08T17:36:04+00:00","dateModified":"2023-11-08T17:36:09+00:00","mainEntityOfPage":{"@id":"https:\/\/www.suno.com.br\/noticias\/60-milhoes-de-cartoes-de-credito-cancelados-ceo-do-itau-itub4-ve-impacto-do-teto-do-rotativo\/"},"wordCount":552,"publisher":{"@id":"https:\/\/www.suno.com.br\/noticias\/#organization"},"image":{"@id":"https:\/\/www.suno.com.br\/noticias\/60-milhoes-de-cartoes-de-credito-cancelados-ceo-do-itau-itub4-ve-impacto-do-teto-do-rotativo\/#primaryimage"},"thumbnailUrl":"https:\/\/files.sunoresearch.com.br\/n\/uploads\/2023\/11\/CEO-DO-ITAU.jpg","keywords":["bancos","carteira de cr\u00e9dito","cart\u00f5es de cr\u00e9dito","Especialistas","Ita\u00fa Unibanco (ITUB3\/ITUB4)"],"articleSection":["Economia"],"inLanguage":"pt-BR"},{"@type":"WebPage","@id":"https:\/\/www.suno.com.br\/noticias\/60-milhoes-de-cartoes-de-credito-cancelados-ceo-do-itau-itub4-ve-impacto-do-teto-do-rotativo\/","url":"https:\/\/www.suno.com.br\/noticias\/60-milhoes-de-cartoes-de-credito-cancelados-ceo-do-itau-itub4-ve-impacto-do-teto-do-rotativo\/","name":"60 milh\u00f5es de cart\u00f5es de cr\u00e9dito cancelados? CEO do Ita\u00fa v\u00ea impacto do 'teto do rotativo'","isPartOf":{"@id":"https:\/\/www.suno.com.br\/noticias\/#website"},"primaryImageOfPage":{"@id":"https:\/\/www.suno.com.br\/noticias\/60-milhoes-de-cartoes-de-credito-cancelados-ceo-do-itau-itub4-ve-impacto-do-teto-do-rotativo\/#primaryimage"},"image":{"@id":"https:\/\/www.suno.com.br\/noticias\/60-milhoes-de-cartoes-de-credito-cancelados-ceo-do-itau-itub4-ve-impacto-do-teto-do-rotativo\/#primaryimage"},"thumbnailUrl":"https:\/\/files.sunoresearch.com.br\/n\/uploads\/2023\/11\/CEO-DO-ITAU.jpg","datePublished":"2023-11-08T17:36:04+00:00","dateModified":"2023-11-08T17:36:09+00:00","description":"Segundo CEO do Ita\u00fa, mercado de cart\u00f5es de cr\u00e9dito pode ser duramente impactado por proposta que j\u00e1 foi aprovada pela C\u00e2mara","breadcrumb":{"@id":"https:\/\/www.suno.com.br\/noticias\/60-milhoes-de-cartoes-de-credito-cancelados-ceo-do-itau-itub4-ve-impacto-do-teto-do-rotativo\/#breadcrumb"},"inLanguage":"pt-BR","potentialAction":[{"@type":"ReadAction","target":["https:\/\/www.suno.com.br\/noticias\/60-milhoes-de-cartoes-de-credito-cancelados-ceo-do-itau-itub4-ve-impacto-do-teto-do-rotativo\/"]}]},{"@type":"ImageObject","inLanguage":"pt-BR","@id":"https:\/\/www.suno.com.br\/noticias\/60-milhoes-de-cartoes-de-credito-cancelados-ceo-do-itau-itub4-ve-impacto-do-teto-do-rotativo\/#primaryimage","url":"https:\/\/files.sunoresearch.com.br\/n\/uploads\/2023\/11\/CEO-DO-ITAU.jpg","contentUrl":"https:\/\/files.sunoresearch.com.br\/n\/uploads\/2023\/11\/CEO-DO-ITAU.jpg","width":1914,"height":1051,"caption":"O CEO do Ita\u00fa Unibanco (ITUB4), Milton Maluhy Filho"},{"@type":"BreadcrumbList","@id":"https:\/\/www.suno.com.br\/noticias\/60-milhoes-de-cartoes-de-credito-cancelados-ceo-do-itau-itub4-ve-impacto-do-teto-do-rotativo\/#breadcrumb","itemListElement":[{"@type":"ListItem","position":1,"name":"Not\u00edcias","item":"https:\/\/www.suno.com.br\/noticias\/"},{"@type":"ListItem","position":2,"name":"Economia","item":"https:\/\/www.suno.com.br\/noticias\/economia\/"},{"@type":"ListItem","position":3,"name":"60 milh\u00f5es de cart\u00f5es de cr\u00e9dito cancelados? CEO do Ita\u00fa (ITUB4) projeta impacto do &#8216;teto do rotativo&#8217;"}]},{"@type":"WebSite","@id":"https:\/\/www.suno.com.br\/noticias\/#website","url":"https:\/\/www.suno.com.br\/noticias\/","name":"Suno Not\u00edcias","description":"Seu portal de informa\u00e7\u00e3o sobre o mundo dos investimentos","publisher":{"@id":"https:\/\/www.suno.com.br\/noticias\/#organization"},"potentialAction":[{"@type":"SearchAction","target":{"@type":"EntryPoint","urlTemplate":"https:\/\/www.suno.com.br\/noticias\/?s={search_term_string}"},"query-input":{"@type":"PropertyValueSpecification","valueRequired":true,"valueName":"search_term_string"}}],"inLanguage":"pt-BR"},{"@type":"Organization","@id":"https:\/\/www.suno.com.br\/noticias\/#organization","name":"Suno Not\u00edcias","url":"https:\/\/www.suno.com.br\/noticias\/","logo":{"@type":"ImageObject","inLanguage":"pt-BR","@id":"https:\/\/www.suno.com.br\/noticias\/#\/schema\/logo\/image\/","url":"https:\/\/files.sunoresearch.com.br\/n\/uploads\/2021\/09\/suno-logo.png","contentUrl":"https:\/\/files.sunoresearch.com.br\/n\/uploads\/2021\/09\/suno-logo.png","width":180,"height":180,"caption":"Suno Not\u00edcias"},"image":{"@id":"https:\/\/www.suno.com.br\/noticias\/#\/schema\/logo\/image\/"},"sameAs":["https:\/\/facebook.com\/sunoresearch","https:\/\/x.com\/sunoresearch","https:\/\/www.instagram.com\/suno","https:\/\/www.linkedin.com\/company\/suno-research\/","https:\/\/www.youtube.com\/c\/sunoresearch"]},{"@type":"Person","@id":"https:\/\/www.suno.com.br\/noticias\/#\/schema\/person\/7f4d362bf3518e76090143ae77bb49a5","name":"Eduardo Vargas","image":{"@type":"ImageObject","inLanguage":"pt-BR","@id":"https:\/\/www.suno.com.br\/noticias\/#\/schema\/person\/image\/","url":"https:\/\/secure.gravatar.com\/avatar\/dac340933427a22924c9f99d1eb2e3f2?s=96&r=g","contentUrl":"https:\/\/secure.gravatar.com\/avatar\/dac340933427a22924c9f99d1eb2e3f2?s=96&r=g","caption":"Eduardo Vargas"},"description":"Jornalista formado pela UFSC, cobre macroeconomia, neg\u00f3cios e startups para o Suno Not\u00edcias, escrevendo principalmente not\u00edcias sobre o mercado financeiro e a bolsa de valores. No YouTube e no Instagram, \u00e9 respons\u00e1vel pela produ\u00e7\u00e3o de Reels e Shorts do Suno Not\u00edcias. Anteriormente, trabalhou cobrindo economia e cotidiano no ND+ e para o ND, maior jornal impresso de Santa Catarina. Cursou um semestre letivo de Estudos de M\u00eddia na Universidad de Buenos Aires.","url":"https:\/\/www.suno.com.br\/noticias\/author\/eduardo-vargas\/"}]}},"default_loop_html":"<div class=\"cardsPage__listCard__boxs\"><div class=\"cardsPage__listCard__boxs__img\"><a href=\"https:\/\/www.suno.com.br\/noticias\/60-milhoes-de-cartoes-de-credito-cancelados-ceo-do-itau-itub4-ve-impacto-do-teto-do-rotativo\/\"><img class=\"mask\" src=\"https:\/\/www.suno.com.br\/noticias\/wp-content\/themes\/suno\/resources\/images\/spotlight\/spotlight1img\/bg-mask.png\" alt=\"Image Mask\"\/><img src=\"https:\/\/files.sunoresearch.com.br\/n\/uploads\/2023\/11\/CEO-DO-ITAU-400x200.jpg\" alt=\"60 milh\u00f5es de cart\u00f5es de cr\u00e9dito cancelados? CEO do Ita\u00fa (ITUB4) projeta impacto do &#8216;teto do rotativo&#8217;\"\/><\/a><span class=\"spotlightCategory\"><a href=\"https:\/\/www.suno.com.br\/noticias\/economia\/\">Economia<\/a><\/span><\/div><div class=\"cardsPage__listCard__boxs__content\"><a href=\"https:\/\/www.suno.com.br\/noticias\/60-milhoes-de-cartoes-de-credito-cancelados-ceo-do-itau-itub4-ve-impacto-do-teto-do-rotativo\/\"><h2 class=\"content__title\">60 milh\u00f5es de cart\u00f5es de cr\u00e9dito cancelados? CEO do Ita\u00fa (ITUB4) projeta impacto do &#8216;teto do rotativo&#8217;<\/h2><\/a><div class=\"newsContent__article__meta\"><div class=\"newsContent__article__meta__authorBox\"><a href=\"https:\/\/www.suno.com.br\/noticias\/author\/eduardo-vargas\/\" class=\"authorBox__avatar noMobi\"><img src=\"https:\/\/secure.gravatar.com\/avatar\/dac340933427a22924c9f99d1eb2e3f2?s=96&#038;r=g\" alt=\"Eduardo Vargas\"><\/a><div class=\"authorBox__name\"><span>por\n\t\t\t<a href=\"https:\/\/www.suno.com.br\/noticias\/author\/eduardo-vargas\/\"><span itemprop=\"author\">Eduardo Vargas<\/span><\/a><\/span><time datetime=\"2023-11-08T14:36:04-03:00\" itemprop=\"datePublished\">08\/11\/2023 14:36<\/time><\/div><\/div><\/div><\/div><\/div>","single_layout":"posts","amp_enabled":true,"_links":{"self":[{"href":"https:\/\/www.suno.com.br\/noticias\/wp-json\/wp\/v2\/posts\/482687"}],"collection":[{"href":"https:\/\/www.suno.com.br\/noticias\/wp-json\/wp\/v2\/posts"}],"about":[{"href":"https:\/\/www.suno.com.br\/noticias\/wp-json\/wp\/v2\/types\/post"}],"author":[{"embeddable":true,"href":"https:\/\/www.suno.com.br\/noticias\/wp-json\/wp\/v2\/users\/73"}],"replies":[{"embeddable":true,"href":"https:\/\/www.suno.com.br\/noticias\/wp-json\/wp\/v2\/comments?post=482687"}],"version-history":[{"count":3,"href":"https:\/\/www.suno.com.br\/noticias\/wp-json\/wp\/v2\/posts\/482687\/revisions"}],"predecessor-version":[{"id":482717,"href":"https:\/\/www.suno.com.br\/noticias\/wp-json\/wp\/v2\/posts\/482687\/revisions\/482717"}],"wp:featuredmedia":[{"embeddable":true,"href":"https:\/\/www.suno.com.br\/noticias\/wp-json\/wp\/v2\/media\/481881"}],"wp:attachment":[{"href":"https:\/\/www.suno.com.br\/noticias\/wp-json\/wp\/v2\/media?parent=482687"}],"wp:term":[{"taxonomy":"category","embeddable":true,"href":"https:\/\/www.suno.com.br\/noticias\/wp-json\/wp\/v2\/categories?post=482687"},{"taxonomy":"post_tag","embeddable":true,"href":"https:\/\/www.suno.com.br\/noticias\/wp-json\/wp\/v2\/tags?post=482687"},{"taxonomy":"suno_strategy","embeddable":true,"href":"https:\/\/www.suno.com.br\/noticias\/wp-json\/wp\/v2\/suno_strategy?post=482687"}],"curies":[{"name":"wp","href":"https:\/\/api.w.org\/{rel}","templated":true}]}}