{"id":482535,"date":"2023-11-08T11:42:56","date_gmt":"2023-11-08T14:42:56","guid":{"rendered":"https:\/\/www.suno.com.br\/noticias\/?p=482535"},"modified":"2023-11-08T14:07:59","modified_gmt":"2023-11-08T17:07:59","slug":"vivo-vivt3-capital-dividendos-gpj","status":"publish","type":"post","link":"https:\/\/www.suno.com.br\/noticias\/vivo-vivt3-capital-dividendos-gpj\/","title":{"rendered":"Telef\u00f4nica (VIVT3), dona da Vivo, aprova proposta de redu\u00e7\u00e3o de capital e pretende aumentar dividendos aos acionistas"},"content":{"rendered":"<p>O <a href=\"https:\/\/www.suno.com.br\/artigos\/conselho-administracao\/\">conselho de administra\u00e7\u00e3o<\/a> da Telef\u00f4nica Brasil, dona da <strong>Vivo<\/strong> (VIVT3), aprovou proposta de <a href=\"https:\/\/www.suno.com.br\/artigos\/reducao-capital\/\">redu\u00e7\u00e3o de capital<\/a> de R$ 1,5 bilh\u00e3o, sem cancelamento de a\u00e7\u00f5es de emiss\u00e3o da companhia, por meio de restitui\u00e7\u00e3o do valor aos acionistas at\u00e9 o dia 31 de julho de 2024.<\/p>\t<div class=\"wrapper-featured-image\">\n\t\t<figure class=\"spotlightImg\">\n\n\t\t\t<picture>\n\t\t\t\t<source media=\"(max-width: 768px)\" srcset=\"https:\/\/files.sunoresearch.com.br\/n\/uploads\/2022\/12\/vivo-vivt3-fachada-loja-divulgacao-vivo-400x200.jpg\">\n\t\t\t\t<img loading=\"lazy\" decoding=\"async\" class=\"newsContent__article__imgCapa lazyloadDisabled \" src=\"https:\/\/files.sunoresearch.com.br\/n\/uploads\/2022\/12\/vivo-vivt3-fachada-loja-divulgacao-vivo-800x450.jpg\" width=\"800\" height=\"450\" alt=\"Telef\u00f4nica (VIVT3), dona da Vivo, aprova proposta de redu\u00e7\u00e3o de capital e pretende aumentar dividendos aos acionistas\" fetchpriority=high \/>\n\t\t\t<\/picture>\n\n\t\t\t<figcaption class=\"wp-caption-text wp-caption-text--show\">Fachada de loja da Vivo (VIVT3). Foto: Divulga\u00e7\u00e3o\/Vivo<\/figcaption>\n\t\t<\/figure>\n\t<\/div>\n\n\n\n\n\n\n\n\t<p>\n\t\t<a href=\"https:\/\/lp.suno.com.br\/planilha-da-vida-financeira\/\" target=\"_blank\" data-element=\"shortcode-suno-banner\" title=\"Banner SUNO, clique e saiba mais\">\n\t\t\t<picture>\n\t\t\t\t<source media=\"(max-width: 500px)\" srcset=\"https:\/\/files.sunoresearch.com.br\/n\/uploads\/2023\/04\/400x300-Planilha-vida-financeira-true.png\">\n\t\t\t\t<img class=\"newsContent__article__imgCapa newsContent__article__imgCapa--banner\"\n\t\t\t\t\tsrc=\"https:\/\/files.sunoresearch.com.br\/n\/uploads\/2023\/04\/1420x240-Planilha-vida-financeira-true.png\"\n\t\t\t\t\tdata-promo-id=\"106682\"\t\t\t\t\t\t\t\t\t\twidth='1420' height='240'\t\t\t\t\talt=\"https:\/\/files.sunoresearch.com.br\/n\/uploads\/2023\/04\/1420x240-Planilha-vida-financeira-true.png\"\n\t\t\t\t>\n\t\t\t<\/picture>\n\t\t<\/a>\n\t<\/p>\n\n\n\n\n\n<p>Segundo a <strong>Telef\u00f4nica Brasil<\/strong>, a proposta precisa ser apreciada e deliberada em assembleia geral extraordin\u00e1ria (AGE). <\/p>\n\n\n\n<p>A companhia informou que a opera\u00e7\u00e3o de redu\u00e7\u00e3o de <strong>capital social da Vivo<\/strong> objetiva aprimorar sua <a href=\"https:\/\/www.suno.com.br\/artigos\/indicadores-estrutura-capital\/\">estrutura de capital<\/a>, o que permitir\u00e1 a flexibiliza\u00e7\u00e3o da aloca\u00e7\u00e3o de seu capital, gerando equil\u00edbrio entre sua necessidade de recursos e a gera\u00e7\u00e3o de valor aos seus acionistas.<\/p>\n\n\n\n<p>&#8220;Caso aprovada em assembleia geral extraordin\u00e1ria, a efetiva\u00e7\u00e3o da <a href=\"https:\/\/www.suno.com.br\/artigos\/reducao-capital\/\">redu\u00e7\u00e3o de capital<\/a> ora proposta estar\u00e1 sujeita ao decurso do prazo para oposi\u00e7\u00e3o de credores de 60 (sessenta) dias contados a partir da publica\u00e7\u00e3o da respectiva ata&#8221;, disse a <strong>dona da Vivo<\/strong>.<\/p>\n\n\n\n<p>Tamb\u00e9m em comunicado nesta quarta-feira (8), a Telef\u00f4nica disse que possui a inten\u00e7\u00e3o de realizar, no per\u00edodo que compreende os exerc\u00edcios sociais de 2024 a 2026, a distribui\u00e7\u00e3o de 100% de recursos aos seus acionistas por meio de <a href=\"https:\/\/www.suno.com.br\/guias\/dividendos\/\">dividendos<\/a>, <a href=\"https:\/\/www.suno.com.br\/artigos\/entenda-o-jcp\/\">juros sobre capital pr\u00f3prio<\/a>, redu\u00e7\u00f5es de capital social e <a href=\"https:\/\/www.suno.com.br\/artigos\/recompra-de-acoes\/\">recompra de a\u00e7\u00f5es<\/a>.<\/p>\n\n\n\n\t<div data-element=\"shortcode-read-more\" class=\"readToo\">\n\t\t\t\t<span class=\"readToo__title\">Leia mais<\/span>\n\t\t\t\t<ul class=\"readToo__list\">\n\t\t\t<li><a href=\"https:\/\/www.suno.com.br\/noticias\/vale-vale3-adocao-energia-eolica-maior-navio-minerio-cpf\/\">Vale (VALE3) firma ado\u00e7\u00e3o de energia e\u00f3lica no maior navio de min\u00e9rio do mundo<\/a><\/li><li><a href=\"https:\/\/www.suno.com.br\/noticias\/petrobras-petr4-oleo-de-soja-refino-industrial-gpj\/\">Petrobras (PETR4) processa, pela primeira vez, 100% de \u00f3leo de soja em unidade de refino industrial<\/a><\/li><li><a href=\"https:\/\/www.suno.com.br\/noticias\/shein-busca-valuation-90bilhoes-ipo-eua-cpf\/\">Shein busca valuation de US$ 90 bilh\u00f5es para IPO nos EUA, apura jornal<\/a><\/li>\t\t<\/ul>\n\t<\/div>\n\n\n\n\n<h2 class=\"wp-block-heading\">Telef\u00f4nica Brasil (VIVT3) tem lucro de R$ 1,472 bilh\u00e3o no 3T23, alta anual de 2,2%<\/h2>\n\n\n\n<p>A&nbsp;Telef\u00f4nica&nbsp;Brasil&nbsp;teve um&nbsp;<a href=\"https:\/\/www.suno.com.br\/artigos\/lucro-liquido\/\" target=\"_blank\" rel=\"noreferrer noopener\">lucro l\u00edquido<\/a>&nbsp;de R$ 1,472 bilh\u00e3o no terceiro trimestre de 2023 (3T23), cerca de 2,2% mais alto que o domesmo per\u00edodo do ano passado.<\/p>\n\n\n\n<p>Conforme reportado no balan\u00e7o de<strong>&nbsp;resultados da Telef\u00f4nica<\/strong>, esse lucro foi apoiado pelo avan\u00e7o do Ebitda.<\/p>\n\n\n\n<p>O&nbsp;<strong>Ebtida ajustado da Telef\u00f4nica<\/strong>, que representa o lucro antes juros, impostos,&nbsp;<a href=\"https:\/\/www.suno.com.br\/artigos\/depreciacao-amortizacao\/\" target=\"_blank\" rel=\"noreferrer noopener\">deprecia\u00e7\u00e3o e amortiza\u00e7\u00e3o<\/a>, foi de R$ 5,539 bilh\u00f5es no terceiro trimestre de 2023, o que representa uma alta de 11,7% na compara\u00e7\u00e3o com igual etapa de 2022.<\/p>\n\n\n\n<p>Em seu documento, a Telef\u00f4nica diz que o aumento do seu Ebitda ocorreu em meio ao grande faturamento core, que registrou uma alta anual de 9,6%. Outro fator que favoreceu seu Ebtida foi o maior controle de gastos, que avan\u00e7ou 4,6%.<\/p>\n\n\n\n<p>Enquanto isso, a&nbsp;<a target=\"_blank\" href=\"https:\/\/www.suno.com.br\/artigos\/margem-ebitda\/\" rel=\"noreferrer noopener\">margem Ebitda<\/a>&nbsp;ajustada teve um aumento de 1,6 ponto percentual, chegando a 42,2% ao final do terceiro trimestre de 2023.<\/p>\n\n\n\n<p>Apesar disso, o&nbsp;<a target=\"_blank\" href=\"https:\/\/www.suno.com.br\/artigos\/resultado-financeiro\/\" rel=\"noreferrer noopener\">resultado financeiro<\/a>&nbsp;l\u00edquido mostrou um preju\u00edzo de R$ 570 milh\u00f5es para a Telef\u00f4nica, com acr\u00e9scimo anual de R$ 532 milh\u00f5es. Segundo a propriet\u00e1ria da Vivo, esse resultado se deu em meio a um faturamento com atualiza\u00e7\u00e3o monet\u00e1ria mais baixo na compara\u00e7\u00e3o anual.<\/p>\n\n\n\n<p>J\u00e1 a&nbsp;<strong>receita l\u00edquida da Telef\u00f4nica<\/strong>&nbsp;cresceu 7,5% no 3T23 (quando comparado a 3T22), chegando a R$ 13,112 bilh\u00f5es. Mas a <a href=\"https:\/\/www.suno.com.br\/artigos\/o-que-receita-liquida\/\">receita l\u00edquida<\/a> m\u00f3vel aumentou 9,4%, atingindo R$ 9,279 bilh\u00f5es.<\/p>\n\n\n\n<p>Enquanto a&nbsp;<a href=\"https:\/\/www.suno.com.br\/artigos\/o-que-receita-liquida\/\" target=\"_blank\" rel=\"noreferrer noopener\">receita l\u00edquida<\/a>&nbsp;fixa apresentou uma alta de 3,1%, a receita de fibra \u00f3tica FTTH cresceu 15,1% no terceiro trimestre de 2023.<\/p>\n\n\n\n<p>Os&nbsp;<strong>investimentos da Telef\u00f4nica<\/strong>&nbsp;somaram R$ 2,626 bilh\u00f5es no 3T23, que foram principalmente voltados para refor\u00e7ar a sua rede m\u00f3vel. Um dos destinos desses recursos foi para expandir a rede de fibra e para ativar o 5G em diversas cidades.<\/p>\n\n\n\n<p>A&nbsp;<a href=\"https:\/\/www.suno.com.br\/artigos\/divida-liquida\/\" target=\"_blank\" rel=\"noreferrer noopener\">d\u00edvida l\u00edquida<\/a>&nbsp;da&nbsp;propriet\u00e1ria da<strong> Vivo&nbsp;<\/strong>\u00e9 de R$ 12,748 bilh\u00f5es, o que corresponde a um aumento de 5,8% em rela\u00e7\u00e3o ao mesmo per\u00edodo de 2022.<\/p>\n\n\n\t<p>\n\t\t<a href=\"https:\/\/lp.suno.com.br\/ebook-como-analisar-uma-acao\/\" target=\"_blank\" data-element=\"shortcode-suno-banner\" title=\"Banner SUNO, clique e saiba mais\">\n\t\t\t<picture>\n\t\t\t\t<source media=\"(max-width: 500px)\" srcset=\"https:\/\/files.sunoresearch.com.br\/n\/uploads\/2023\/03\/Ebook-Acoes-Mobile.jpg\">\n\t\t\t\t<img class=\"newsContent__article__imgCapa newsContent__article__imgCapa--banner\"\n\t\t\t\t\tsrc=\"https:\/\/files.sunoresearch.com.br\/n\/uploads\/2023\/03\/Ebook-Acoes-Desktop.jpg\"\n\t\t\t\t\tdata-promo-id=\"378302\"\t\t\t\t\t\t\t\t\t\twidth='1420' height='286'\t\t\t\t\talt=\"https:\/\/files.sunoresearch.com.br\/n\/uploads\/2023\/03\/Ebook-Acoes-Desktop.jpg\"\n\t\t\t\t>\n\t\t\t<\/picture>\n\t\t<\/a>\n\t<\/p>\n\n\n\n\n\n<h2 class=\"wp-block-heading\">Desempenho das a\u00e7\u00f5es da Vivo<\/h2>\n\n\n\n<div class=\"pluginQuotation\">\n  <p class=\"ticker\">\n    Cota\u00e7\u00e3o <span>VIVT3<\/span>\n  <\/p>\n  <div class=\"info\">\n    <div class=\"leftSide\">\n      Gr\u00e1fico gerado em: 08\/11\/2023    <\/div>\n\t\t\t\t\t<div class=\"rightSide\">\n\t\t\t\t\t<span class=\"period\">\n\t\t\t\t\t\t1 Dia\t\t\t\t\t<\/span>\n\t\t\t<\/div>\n\t\t  <\/div>\n\n  <div id=\"chart-e63008655e0021c69253ebbde13f4b01\" data-block-hash=\"e63008655e0021c69253ebbde13f4b01\"  class=\"chart\" style=\"width:100%;height:400px;\"><\/div>\n\n  <div class=\"pluginQuotation__footer\">\n    <div class=\"dataChart\">\n\n      <div class=\"dataChart__div1 variation\">\n        <div class=\"value-positive\">\n          2,28 (+1,10%)        <\/div>\n        <div class=\"text\">\n          Varia\u00e7\u00e3o do per\u00edodo\n        <\/div>\n      <\/div>\n\n      <div class=\"dataChart__div2 minMax\">\n        <div class=\"value\">\n          R$\u00a048,16        <\/div>\n        <div class=\"text\">\n          M\u00ednima\n        <\/div>\n      <\/div>\n\n      <div class=\"dataChart__div3 minMax\">\n        <div class=\"value\">\n          R$\u00a049,36        <\/div>\n        <div class=\"text\">\n          M\u00e1xima\n        <\/div>\n      <\/div>\n\n\t\t\t<div class=\"dataChart__div4 rightSide\">\n\t\t\t\t<div class=\"analiticaSource\">\n\t\t\t\t\t<span>\n\t\t\t\t\t\tFonte:\n\t\t\t\t\t<\/span>\n\t\t\t\t\t<img decoding=\"async\" class=\"analiticaLogo\" src=\"https:\/\/www.suno.com.br\/noticias\/wp-content\/plugins\/suno-block-ticker-quotation\/src\/suno-analitica-logo.png\" alt=\"Logo Suno Anal\u00edtica\" \/>\n\t\t\t\t<\/div>\n\n\t\t\t\t<a href=\"https:\/\/www.suno.com.br\/analitica\/acoes\/VIVT3\" target=\"_blank\">\n\t\t\t\t\t<span>\n\t\t\t\t\t\tVer mais cota\u00e7\u00f5es\n\t\t\t\t\t<\/span>\n\t\t\t\t\t<svg xmlns=\"http:\/\/www.w3.org\/2000\/svg\" width=\"9\" height=\"8\" viewBox=\"0 0 9 8\" fill=\"none\">\n\t\t\t\t\t\t<path d=\"M4.20996 0L3.50496 0.705L6.29496 3.5H0.209961V4.5H6.29496L3.50496 7.295L4.20996 8L8.20996 4L4.20996 0Z\" fill=\"#D42126\" \/>\n\t\t\t\t\t<\/svg>\n\t\t\t\t<\/a>\n    <\/div>\n\n    <\/div>\n  <\/div>\n<\/div>\n\n\n<script type=\"text\/javascript\">\n  let chart_e63008655e0021c69253ebbde13f4b01 = document.getElementById('chart-e63008655e0021c69253ebbde13f4b01');\n  let data_json_e63008655e0021c69253ebbde13f4b01 = \"[{\\\"date\\\":\\\"08\\\\\\\/11\\\\\\\/23 10:02\\\",\\\"value\\\":48.26},{\\\"date\\\":\\\"08\\\\\\\/11\\\\\\\/23 10:04\\\",\\\"value\\\":48.26},{\\\"date\\\":\\\"08\\\\\\\/11\\\\\\\/23 10:06\\\",\\\"value\\\":48.35},{\\\"date\\\":\\\"08\\\\\\\/11\\\\\\\/23 10:08\\\",\\\"value\\\":48.16},{\\\"date\\\":\\\"08\\\\\\\/11\\\\\\\/23 10:40\\\",\\\"value\\\":48.78},{\\\"date\\\":\\\"08\\\\\\\/11\\\\\\\/23 10:42\\\",\\\"value\\\":48.85},{\\\"date\\\":\\\"08\\\\\\\/11\\\\\\\/23 10:44\\\",\\\"value\\\":48.78},{\\\"date\\\":\\\"08\\\\\\\/11\\\\\\\/23 10:46\\\",\\\"value\\\":48.77},{\\\"date\\\":\\\"08\\\\\\\/11\\\\\\\/23 10:48\\\",\\\"value\\\":48.79},{\\\"date\\\":\\\"08\\\\\\\/11\\\\\\\/23 10:50\\\",\\\"value\\\":48.83},{\\\"date\\\":\\\"08\\\\\\\/11\\\\\\\/23 10:52\\\",\\\"value\\\":48.88},{\\\"date\\\":\\\"08\\\\\\\/11\\\\\\\/23 10:54\\\",\\\"value\\\":48.87},{\\\"date\\\":\\\"08\\\\\\\/11\\\\\\\/23 10:56\\\",\\\"value\\\":48.93},{\\\"date\\\":\\\"08\\\\\\\/11\\\\\\\/23 10:58\\\",\\\"value\\\":48.93},{\\\"date\\\":\\\"08\\\\\\\/11\\\\\\\/23 11:00\\\",\\\"value\\\":48.93},{\\\"date\\\":\\\"08\\\\\\\/11\\\\\\\/23 11:02\\\",\\\"value\\\":48.95},{\\\"date\\\":\\\"08\\\\\\\/11\\\\\\\/23 11:04\\\",\\\"value\\\":49.01},{\\\"date\\\":\\\"08\\\\\\\/11\\\\\\\/23 11:06\\\",\\\"value\\\":49.06},{\\\"date\\\":\\\"08\\\\\\\/11\\\\\\\/23 11:08\\\",\\\"value\\\":49.09},{\\\"date\\\":\\\"08\\\\\\\/11\\\\\\\/23 11:10\\\",\\\"value\\\":49.09},{\\\"date\\\":\\\"08\\\\\\\/11\\\\\\\/23 11:12\\\",\\\"value\\\":49.03},{\\\"date\\\":\\\"08\\\\\\\/11\\\\\\\/23 11:14\\\",\\\"value\\\":49.12},{\\\"date\\\":\\\"08\\\\\\\/11\\\\\\\/23 11:16\\\",\\\"value\\\":49.12},{\\\"date\\\":\\\"08\\\\\\\/11\\\\\\\/23 11:18\\\",\\\"value\\\":49.17},{\\\"date\\\":\\\"08\\\\\\\/11\\\\\\\/23 11:20\\\",\\\"value\\\":49.36},{\\\"date\\\":\\\"08\\\\\\\/11\\\\\\\/23 11:22\\\",\\\"value\\\":49.25},{\\\"date\\\":\\\"08\\\\\\\/11\\\\\\\/23 11:24\\\",\\\"value\\\":49.36}]\";\n  let isPositive_e63008655e0021c69253ebbde13f4b01 = true;\n\n  let color_e63008655e0021c69253ebbde13f4b01 = isPositive_e63008655e0021c69253ebbde13f4b01 ? '#3AB53A' : '#D92C2D';\n\n  let data_e63008655e0021c69253ebbde13f4b01 = JSON.parse(data_json_e63008655e0021c69253ebbde13f4b01);\n\n  const result_e63008655e0021c69253ebbde13f4b01 = {\n    date: [],\n    value: [],\n  };\n\n  data_e63008655e0021c69253ebbde13f4b01.forEach((item) => {\n    result_e63008655e0021c69253ebbde13f4b01.date.push(item.date);\n    result_e63008655e0021c69253ebbde13f4b01.value.push(Number(item.value));\n  });\n\n  let option_e63008655e0021c69253ebbde13f4b01 = {\n    \/\/ variavel de cor global\n    color: [color_e63008655e0021c69253ebbde13f4b01],\n    title: {\n      text: '',\n    },\n    tooltip: {\n      trigger: 'axis',\n      axisPointer: {\n        type: 'cross',\n        label: {\n          \/\/ cor dos valores em X e Y\n          backgroundColor: color_e63008655e0021c69253ebbde13f4b01,\n          formatter: (value) => {\n            if (typeof value.value === 'number') {\n              return Number(value.value).toLocaleString('pt-br', {\n                style: 'currency',\n                currency: 'BRL'\n              });\n            }\n            return value.value;\n          },\n        },\n      },\n      valueFormatter: (value) => Number(value).toLocaleString('pt-br', {\n        style: 'currency',\n        currency: 'BRL'\n      }),\n    },\n    legend: {\n      \/\/ data: ['Valor de Fechamento'],\n      show: false,\n    },\n    toolbox: {\n      feature: {\n        saveAsImage: {\n          show: false,\n        },\n      },\n    },\n    grid: {\n      left: '0px',\n      right: '0px',\n      bottom: '0px',\n      containLabel: true,\n    },\n    xAxis: [{\n      type: 'category',\n      data: result_e63008655e0021c69253ebbde13f4b01.date,\n      boundaryGap: true,\n    }],\n    yAxis: [{\n      type: 'value',\n      min: Math.min(...result_e63008655e0021c69253ebbde13f4b01.value),\n      max: Math.max(...result_e63008655e0021c69253ebbde13f4b01.value),\n      axisLabel: {\n        formatter: (value) => value.toLocaleString('pt-br', {\n          style: 'currency',\n          currency: 'BRL'\n        }),\n      },\n    }],\n    series: [{\n      name: 'Valor de Fechamento',\n      type: 'line',\n      stack: 'Total',\n      \/\/ cor do grafico\n      areaStyle: {},\n      emphasis: {\n        focus: 'series',\n      },\n      data: result_e63008655e0021c69253ebbde13f4b01.value,\n      \/\/ cor da linha\n      lineStyle: {\n        color: color_e63008655e0021c69253ebbde13f4b01,\n      },\n    }, ],\n  };\n\n\twindow.chart_e63008655e0021c69253ebbde13f4b01 = {\n\t\tel: chart_e63008655e0021c69253ebbde13f4b01,\n\t\toption: option_e63008655e0021c69253ebbde13f4b01\t};\n\n\n<\/script>\n\n\n\t<p>\n\t\t<a href=\"https:\/\/lp.suno.com.br\/planilha-da-vida-financeira\/\" target=\"_blank\" data-element=\"shortcode-suno-banner\" title=\"Banner SUNO, clique e saiba mais\">\n\t\t\t<picture>\n\t\t\t\t<source media=\"(max-width: 500px)\" srcset=\"https:\/\/files.sunoresearch.com.br\/n\/uploads\/2023\/04\/400x300-Planilha-vida-financeira-true.png\">\n\t\t\t\t<img class=\"newsContent__article__imgCapa newsContent__article__imgCapa--banner\"\n\t\t\t\t\tsrc=\"https:\/\/files.sunoresearch.com.br\/n\/uploads\/2023\/04\/1420x240-Planilha-vida-financeira-true.png\"\n\t\t\t\t\tdata-promo-id=\"383123\"\t\t\t\t\t\t\t\t\t\twidth='1420' height='240'\t\t\t\t\talt=\"https:\/\/files.sunoresearch.com.br\/n\/uploads\/2023\/04\/1420x240-Planilha-vida-financeira-true.png\"\n\t\t\t\t>\n\t\t\t<\/picture>\n\t\t<\/a>\n\t<\/p>\n\n\n","protected":false},"excerpt":{"rendered":"<p>O conselho de administra\u00e7\u00e3o da Telef\u00f4nica Brasil, dona da Vivo (VIVT3), aprovou proposta de redu\u00e7\u00e3o de capital de R$ 1,5 bilh\u00e3o, sem cancelamento de a\u00e7\u00f5es de emiss\u00e3o da companhia, por meio de restitui\u00e7\u00e3o do valor aos acionistas at\u00e9 o dia 31 de julho de 2024. Fachada de loja da Vivo (VIVT3). Foto: Divulga\u00e7\u00e3o\/Vivo Segundo a [&hellip;]<\/p>\n","protected":false},"author":313,"featured_media":327234,"comment_status":"closed","ping_status":"closed","sticky":false,"template":"","format":"standard","meta":[],"categories":[64],"tags":[286,1141],"suno_strategy":[],"class_list":["post-482535","post","type-post","status-publish","format-standard","has-post-thumbnail","hentry","category-negocios","tag-acoes","tag-vivo"],"yoast_head":"<!-- This site is optimized with the Yoast SEO plugin v24.4 - https:\/\/yoast.com\/wordpress\/plugins\/seo\/ -->\n<title>Vivo (VIVT3) aprova redu\u00e7\u00e3o de capital e pretende distribuir dividendos<\/title>\n<meta name=\"description\" content=\"A redu\u00e7\u00e3o de capital da Vivo ocorrer\u00e1 sem cancelamento de a\u00e7\u00f5es de emiss\u00e3o, por meio de restitui\u00e7\u00e3o aos acionistas at\u00e9 julho de 2024.\" \/>\n<meta name=\"robots\" content=\"index, follow, max-snippet:-1, max-image-preview:large, max-video-preview:-1\" \/>\n<link rel=\"canonical\" href=\"https:\/\/www.suno.com.br\/noticias\/vivo-vivt3-capital-dividendos-gpj\/\" \/>\n<meta property=\"og:locale\" content=\"pt_BR\" \/>\n<meta property=\"og:type\" content=\"article\" \/>\n<meta property=\"og:title\" content=\"Vivo (VIVT3) aprova redu\u00e7\u00e3o de capital e pretende distribuir dividendos\" \/>\n<meta property=\"og:description\" content=\"A redu\u00e7\u00e3o de capital da Vivo ocorrer\u00e1 sem cancelamento de a\u00e7\u00f5es de emiss\u00e3o, por meio de restitui\u00e7\u00e3o aos acionistas at\u00e9 julho de 2024.\" \/>\n<meta property=\"og:url\" content=\"https:\/\/www.suno.com.br\/noticias\/vivo-vivt3-capital-dividendos-gpj\/\" \/>\n<meta property=\"og:site_name\" content=\"Suno Not\u00edcias\" \/>\n<meta property=\"article:publisher\" content=\"https:\/\/facebook.com\/sunoresearch\" \/>\n<meta property=\"og:image\" content=\"https:\/\/files.sunoresearch.com.br\/n\/uploads\/2022\/12\/vivo-vivt3-fachada-loja-divulgacao-vivo.jpg\" \/>\n\t<meta property=\"og:image:width\" content=\"1200\" \/>\n\t<meta property=\"og:image:height\" content=\"675\" \/>\n\t<meta property=\"og:image:type\" content=\"image\/jpeg\" \/>\n<meta name=\"author\" content=\"Giovanni Porf\u00edrio Jacomino\" \/>\n<meta name=\"twitter:card\" content=\"summary_large_image\" \/>\n<meta name=\"twitter:creator\" content=\"@sunoresearch\" \/>\n<meta name=\"twitter:site\" content=\"@sunoresearch\" \/>\n<meta name=\"twitter:label1\" content=\"Escrito por\" \/>\n\t<meta name=\"twitter:data1\" content=\"Giovanni Porf\u00edrio Jacomino\" \/>\n\t<meta name=\"twitter:label2\" content=\"Est. tempo de leitura\" \/>\n\t<meta name=\"twitter:data2\" content=\"3 minutos\" \/>\n<script type=\"application\/ld+json\" class=\"yoast-schema-graph\">{\"@context\":\"https:\/\/schema.org\",\"@graph\":[{\"@type\":\"NewsArticle\",\"@id\":\"https:\/\/www.suno.com.br\/noticias\/vivo-vivt3-capital-dividendos-gpj\/#article\",\"isPartOf\":{\"@id\":\"https:\/\/www.suno.com.br\/noticias\/vivo-vivt3-capital-dividendos-gpj\/\"},\"author\":{\"name\":\"Giovanni Porf\u00edrio Jacomino\",\"@id\":\"https:\/\/www.suno.com.br\/noticias\/#\/schema\/person\/d0f32748bbca4bee871fa191ee4e2d40\"},\"headline\":\"Telef\u00f4nica (VIVT3), dona da Vivo, aprova proposta de redu\u00e7\u00e3o de capital e pretende aumentar dividendos aos acionistas\",\"datePublished\":\"2023-11-08T14:42:56+00:00\",\"dateModified\":\"2023-11-08T17:07:59+00:00\",\"mainEntityOfPage\":{\"@id\":\"https:\/\/www.suno.com.br\/noticias\/vivo-vivt3-capital-dividendos-gpj\/\"},\"wordCount\":617,\"publisher\":{\"@id\":\"https:\/\/www.suno.com.br\/noticias\/#organization\"},\"image\":{\"@id\":\"https:\/\/www.suno.com.br\/noticias\/vivo-vivt3-capital-dividendos-gpj\/#primaryimage\"},\"thumbnailUrl\":\"https:\/\/files.sunoresearch.com.br\/n\/uploads\/2022\/12\/vivo-vivt3-fachada-loja-divulgacao-vivo.jpg\",\"keywords\":[\"A\u00e7\u00f5es\",\"Vivo\"],\"articleSection\":[\"Neg\u00f3cios\"],\"inLanguage\":\"pt-BR\"},{\"@type\":\"WebPage\",\"@id\":\"https:\/\/www.suno.com.br\/noticias\/vivo-vivt3-capital-dividendos-gpj\/\",\"url\":\"https:\/\/www.suno.com.br\/noticias\/vivo-vivt3-capital-dividendos-gpj\/\",\"name\":\"Vivo (VIVT3) aprova redu\u00e7\u00e3o de capital e pretende distribuir dividendos\",\"isPartOf\":{\"@id\":\"https:\/\/www.suno.com.br\/noticias\/#website\"},\"primaryImageOfPage\":{\"@id\":\"https:\/\/www.suno.com.br\/noticias\/vivo-vivt3-capital-dividendos-gpj\/#primaryimage\"},\"image\":{\"@id\":\"https:\/\/www.suno.com.br\/noticias\/vivo-vivt3-capital-dividendos-gpj\/#primaryimage\"},\"thumbnailUrl\":\"https:\/\/files.sunoresearch.com.br\/n\/uploads\/2022\/12\/vivo-vivt3-fachada-loja-divulgacao-vivo.jpg\",\"datePublished\":\"2023-11-08T14:42:56+00:00\",\"dateModified\":\"2023-11-08T17:07:59+00:00\",\"description\":\"A redu\u00e7\u00e3o de capital da Vivo ocorrer\u00e1 sem cancelamento de a\u00e7\u00f5es de emiss\u00e3o, por meio de restitui\u00e7\u00e3o aos acionistas at\u00e9 julho de 2024.\",\"breadcrumb\":{\"@id\":\"https:\/\/www.suno.com.br\/noticias\/vivo-vivt3-capital-dividendos-gpj\/#breadcrumb\"},\"inLanguage\":\"pt-BR\",\"potentialAction\":[{\"@type\":\"ReadAction\",\"target\":[\"https:\/\/www.suno.com.br\/noticias\/vivo-vivt3-capital-dividendos-gpj\/\"]}]},{\"@type\":\"ImageObject\",\"inLanguage\":\"pt-BR\",\"@id\":\"https:\/\/www.suno.com.br\/noticias\/vivo-vivt3-capital-dividendos-gpj\/#primaryimage\",\"url\":\"https:\/\/files.sunoresearch.com.br\/n\/uploads\/2022\/12\/vivo-vivt3-fachada-loja-divulgacao-vivo.jpg\",\"contentUrl\":\"https:\/\/files.sunoresearch.com.br\/n\/uploads\/2022\/12\/vivo-vivt3-fachada-loja-divulgacao-vivo.jpg\",\"width\":1200,\"height\":675,\"caption\":\"Fachada de loja da Vivo (VIVT3). Foto: Divulga\u00e7\u00e3o\/Vivo\"},{\"@type\":\"BreadcrumbList\",\"@id\":\"https:\/\/www.suno.com.br\/noticias\/vivo-vivt3-capital-dividendos-gpj\/#breadcrumb\",\"itemListElement\":[{\"@type\":\"ListItem\",\"position\":1,\"name\":\"Not\u00edcias\",\"item\":\"https:\/\/www.suno.com.br\/noticias\/\"},{\"@type\":\"ListItem\",\"position\":2,\"name\":\"Neg\u00f3cios\",\"item\":\"https:\/\/www.suno.com.br\/noticias\/negocios\/\"},{\"@type\":\"ListItem\",\"position\":3,\"name\":\"Telef\u00f4nica (VIVT3), dona da Vivo, aprova proposta de redu\u00e7\u00e3o de capital e pretende aumentar dividendos aos acionistas\"}]},{\"@type\":\"WebSite\",\"@id\":\"https:\/\/www.suno.com.br\/noticias\/#website\",\"url\":\"https:\/\/www.suno.com.br\/noticias\/\",\"name\":\"Suno Not\u00edcias\",\"description\":\"Seu portal de informa\u00e7\u00e3o sobre o mundo dos investimentos\",\"publisher\":{\"@id\":\"https:\/\/www.suno.com.br\/noticias\/#organization\"},\"potentialAction\":[{\"@type\":\"SearchAction\",\"target\":{\"@type\":\"EntryPoint\",\"urlTemplate\":\"https:\/\/www.suno.com.br\/noticias\/?s={search_term_string}\"},\"query-input\":{\"@type\":\"PropertyValueSpecification\",\"valueRequired\":true,\"valueName\":\"search_term_string\"}}],\"inLanguage\":\"pt-BR\"},{\"@type\":\"Organization\",\"@id\":\"https:\/\/www.suno.com.br\/noticias\/#organization\",\"name\":\"Suno Not\u00edcias\",\"url\":\"https:\/\/www.suno.com.br\/noticias\/\",\"logo\":{\"@type\":\"ImageObject\",\"inLanguage\":\"pt-BR\",\"@id\":\"https:\/\/www.suno.com.br\/noticias\/#\/schema\/logo\/image\/\",\"url\":\"https:\/\/files.sunoresearch.com.br\/n\/uploads\/2021\/09\/suno-logo.png\",\"contentUrl\":\"https:\/\/files.sunoresearch.com.br\/n\/uploads\/2021\/09\/suno-logo.png\",\"width\":180,\"height\":180,\"caption\":\"Suno Not\u00edcias\"},\"image\":{\"@id\":\"https:\/\/www.suno.com.br\/noticias\/#\/schema\/logo\/image\/\"},\"sameAs\":[\"https:\/\/facebook.com\/sunoresearch\",\"https:\/\/x.com\/sunoresearch\",\"https:\/\/www.instagram.com\/suno\",\"https:\/\/www.linkedin.com\/company\/suno-research\/\",\"https:\/\/www.youtube.com\/c\/sunoresearch\"]},{\"@type\":\"Person\",\"@id\":\"https:\/\/www.suno.com.br\/noticias\/#\/schema\/person\/d0f32748bbca4bee871fa191ee4e2d40\",\"name\":\"Giovanni Porf\u00edrio Jacomino\",\"image\":{\"@type\":\"ImageObject\",\"inLanguage\":\"pt-BR\",\"@id\":\"https:\/\/www.suno.com.br\/noticias\/#\/schema\/person\/image\/\",\"url\":\"https:\/\/secure.gravatar.com\/avatar\/efb32e19b730a121cb7a80f41ffec01a?s=96&r=g\",\"contentUrl\":\"https:\/\/secure.gravatar.com\/avatar\/efb32e19b730a121cb7a80f41ffec01a?s=96&r=g\",\"caption\":\"Giovanni Porf\u00edrio Jacomino\"},\"description\":\"Giovanni Porf\u00edrio Jacomino \u00e9 jornalista formado pela Universidade Estadual de Londrina (UEL) e p\u00f3s-graduado em Produ\u00e7\u00e3o e Pr\u00e1ticas Jornal\u00edsticas na Contemporaneidade na Faculdade C\u00e1sper L\u00edbero (FCL). Foi editor web no Startupi e no Finsiders, atuando ainda como editor no TC Mover, portal de not\u00edcias da TradersClub, fazendo a cobertura de assuntos relacionados ao mercado financeiro interno e externo. Atualmente, \u00e9 Rep\u00f3rter do Suno Not\u00edcias.\",\"url\":\"https:\/\/www.suno.com.br\/noticias\/author\/giovanni-porfiriosuno-com-br\/\"}]}<\/script>\n<!-- \/ Yoast SEO plugin. -->","yoast_head_json":{"title":"Vivo (VIVT3) aprova redu\u00e7\u00e3o de capital e pretende distribuir dividendos","description":"A redu\u00e7\u00e3o de capital da Vivo ocorrer\u00e1 sem cancelamento de a\u00e7\u00f5es de emiss\u00e3o, por meio de restitui\u00e7\u00e3o aos acionistas at\u00e9 julho de 2024.","robots":{"index":"index","follow":"follow","max-snippet":"max-snippet:-1","max-image-preview":"max-image-preview:large","max-video-preview":"max-video-preview:-1"},"canonical":"https:\/\/www.suno.com.br\/noticias\/vivo-vivt3-capital-dividendos-gpj\/","og_locale":"pt_BR","og_type":"article","og_title":"Vivo (VIVT3) aprova redu\u00e7\u00e3o de capital e pretende distribuir dividendos","og_description":"A redu\u00e7\u00e3o de capital da Vivo ocorrer\u00e1 sem cancelamento de a\u00e7\u00f5es de emiss\u00e3o, por meio de restitui\u00e7\u00e3o aos acionistas at\u00e9 julho de 2024.","og_url":"https:\/\/www.suno.com.br\/noticias\/vivo-vivt3-capital-dividendos-gpj\/","og_site_name":"Suno Not\u00edcias","article_publisher":"https:\/\/facebook.com\/sunoresearch","og_image":[{"width":1200,"height":675,"url":"https:\/\/files.sunoresearch.com.br\/n\/uploads\/2022\/12\/vivo-vivt3-fachada-loja-divulgacao-vivo.jpg","type":"image\/jpeg"}],"author":"Giovanni Porf\u00edrio Jacomino","twitter_card":"summary_large_image","twitter_creator":"@sunoresearch","twitter_site":"@sunoresearch","twitter_misc":{"Escrito por":"Giovanni Porf\u00edrio Jacomino","Est. tempo de leitura":"3 minutos"},"schema":{"@context":"https:\/\/schema.org","@graph":[{"@type":"NewsArticle","@id":"https:\/\/www.suno.com.br\/noticias\/vivo-vivt3-capital-dividendos-gpj\/#article","isPartOf":{"@id":"https:\/\/www.suno.com.br\/noticias\/vivo-vivt3-capital-dividendos-gpj\/"},"author":{"name":"Giovanni Porf\u00edrio Jacomino","@id":"https:\/\/www.suno.com.br\/noticias\/#\/schema\/person\/d0f32748bbca4bee871fa191ee4e2d40"},"headline":"Telef\u00f4nica (VIVT3), dona da Vivo, aprova proposta de redu\u00e7\u00e3o de capital e pretende aumentar dividendos aos acionistas","datePublished":"2023-11-08T14:42:56+00:00","dateModified":"2023-11-08T17:07:59+00:00","mainEntityOfPage":{"@id":"https:\/\/www.suno.com.br\/noticias\/vivo-vivt3-capital-dividendos-gpj\/"},"wordCount":617,"publisher":{"@id":"https:\/\/www.suno.com.br\/noticias\/#organization"},"image":{"@id":"https:\/\/www.suno.com.br\/noticias\/vivo-vivt3-capital-dividendos-gpj\/#primaryimage"},"thumbnailUrl":"https:\/\/files.sunoresearch.com.br\/n\/uploads\/2022\/12\/vivo-vivt3-fachada-loja-divulgacao-vivo.jpg","keywords":["A\u00e7\u00f5es","Vivo"],"articleSection":["Neg\u00f3cios"],"inLanguage":"pt-BR"},{"@type":"WebPage","@id":"https:\/\/www.suno.com.br\/noticias\/vivo-vivt3-capital-dividendos-gpj\/","url":"https:\/\/www.suno.com.br\/noticias\/vivo-vivt3-capital-dividendos-gpj\/","name":"Vivo (VIVT3) aprova redu\u00e7\u00e3o de capital e pretende distribuir dividendos","isPartOf":{"@id":"https:\/\/www.suno.com.br\/noticias\/#website"},"primaryImageOfPage":{"@id":"https:\/\/www.suno.com.br\/noticias\/vivo-vivt3-capital-dividendos-gpj\/#primaryimage"},"image":{"@id":"https:\/\/www.suno.com.br\/noticias\/vivo-vivt3-capital-dividendos-gpj\/#primaryimage"},"thumbnailUrl":"https:\/\/files.sunoresearch.com.br\/n\/uploads\/2022\/12\/vivo-vivt3-fachada-loja-divulgacao-vivo.jpg","datePublished":"2023-11-08T14:42:56+00:00","dateModified":"2023-11-08T17:07:59+00:00","description":"A redu\u00e7\u00e3o de capital da Vivo ocorrer\u00e1 sem cancelamento de a\u00e7\u00f5es de emiss\u00e3o, por meio de restitui\u00e7\u00e3o aos acionistas at\u00e9 julho de 2024.","breadcrumb":{"@id":"https:\/\/www.suno.com.br\/noticias\/vivo-vivt3-capital-dividendos-gpj\/#breadcrumb"},"inLanguage":"pt-BR","potentialAction":[{"@type":"ReadAction","target":["https:\/\/www.suno.com.br\/noticias\/vivo-vivt3-capital-dividendos-gpj\/"]}]},{"@type":"ImageObject","inLanguage":"pt-BR","@id":"https:\/\/www.suno.com.br\/noticias\/vivo-vivt3-capital-dividendos-gpj\/#primaryimage","url":"https:\/\/files.sunoresearch.com.br\/n\/uploads\/2022\/12\/vivo-vivt3-fachada-loja-divulgacao-vivo.jpg","contentUrl":"https:\/\/files.sunoresearch.com.br\/n\/uploads\/2022\/12\/vivo-vivt3-fachada-loja-divulgacao-vivo.jpg","width":1200,"height":675,"caption":"Fachada de loja da Vivo (VIVT3). Foto: Divulga\u00e7\u00e3o\/Vivo"},{"@type":"BreadcrumbList","@id":"https:\/\/www.suno.com.br\/noticias\/vivo-vivt3-capital-dividendos-gpj\/#breadcrumb","itemListElement":[{"@type":"ListItem","position":1,"name":"Not\u00edcias","item":"https:\/\/www.suno.com.br\/noticias\/"},{"@type":"ListItem","position":2,"name":"Neg\u00f3cios","item":"https:\/\/www.suno.com.br\/noticias\/negocios\/"},{"@type":"ListItem","position":3,"name":"Telef\u00f4nica (VIVT3), dona da Vivo, aprova proposta de redu\u00e7\u00e3o de capital e pretende aumentar dividendos aos acionistas"}]},{"@type":"WebSite","@id":"https:\/\/www.suno.com.br\/noticias\/#website","url":"https:\/\/www.suno.com.br\/noticias\/","name":"Suno Not\u00edcias","description":"Seu portal de informa\u00e7\u00e3o sobre o mundo dos investimentos","publisher":{"@id":"https:\/\/www.suno.com.br\/noticias\/#organization"},"potentialAction":[{"@type":"SearchAction","target":{"@type":"EntryPoint","urlTemplate":"https:\/\/www.suno.com.br\/noticias\/?s={search_term_string}"},"query-input":{"@type":"PropertyValueSpecification","valueRequired":true,"valueName":"search_term_string"}}],"inLanguage":"pt-BR"},{"@type":"Organization","@id":"https:\/\/www.suno.com.br\/noticias\/#organization","name":"Suno Not\u00edcias","url":"https:\/\/www.suno.com.br\/noticias\/","logo":{"@type":"ImageObject","inLanguage":"pt-BR","@id":"https:\/\/www.suno.com.br\/noticias\/#\/schema\/logo\/image\/","url":"https:\/\/files.sunoresearch.com.br\/n\/uploads\/2021\/09\/suno-logo.png","contentUrl":"https:\/\/files.sunoresearch.com.br\/n\/uploads\/2021\/09\/suno-logo.png","width":180,"height":180,"caption":"Suno Not\u00edcias"},"image":{"@id":"https:\/\/www.suno.com.br\/noticias\/#\/schema\/logo\/image\/"},"sameAs":["https:\/\/facebook.com\/sunoresearch","https:\/\/x.com\/sunoresearch","https:\/\/www.instagram.com\/suno","https:\/\/www.linkedin.com\/company\/suno-research\/","https:\/\/www.youtube.com\/c\/sunoresearch"]},{"@type":"Person","@id":"https:\/\/www.suno.com.br\/noticias\/#\/schema\/person\/d0f32748bbca4bee871fa191ee4e2d40","name":"Giovanni Porf\u00edrio Jacomino","image":{"@type":"ImageObject","inLanguage":"pt-BR","@id":"https:\/\/www.suno.com.br\/noticias\/#\/schema\/person\/image\/","url":"https:\/\/secure.gravatar.com\/avatar\/efb32e19b730a121cb7a80f41ffec01a?s=96&r=g","contentUrl":"https:\/\/secure.gravatar.com\/avatar\/efb32e19b730a121cb7a80f41ffec01a?s=96&r=g","caption":"Giovanni Porf\u00edrio Jacomino"},"description":"Giovanni Porf\u00edrio Jacomino \u00e9 jornalista formado pela Universidade Estadual de Londrina (UEL) e p\u00f3s-graduado em Produ\u00e7\u00e3o e Pr\u00e1ticas Jornal\u00edsticas na Contemporaneidade na Faculdade C\u00e1sper L\u00edbero (FCL). Foi editor web no Startupi e no Finsiders, atuando ainda como editor no TC Mover, portal de not\u00edcias da TradersClub, fazendo a cobertura de assuntos relacionados ao mercado financeiro interno e externo. Atualmente, \u00e9 Rep\u00f3rter do Suno Not\u00edcias.","url":"https:\/\/www.suno.com.br\/noticias\/author\/giovanni-porfiriosuno-com-br\/"}]}},"default_loop_html":"<div class=\"cardsPage__listCard__boxs\"><div class=\"cardsPage__listCard__boxs__img\"><a href=\"https:\/\/www.suno.com.br\/noticias\/vivo-vivt3-capital-dividendos-gpj\/\"><img class=\"mask\" src=\"https:\/\/www.suno.com.br\/noticias\/wp-content\/themes\/suno\/resources\/images\/spotlight\/spotlight1img\/bg-mask.png\" alt=\"Image Mask\"\/><img src=\"https:\/\/files.sunoresearch.com.br\/n\/uploads\/2022\/12\/vivo-vivt3-fachada-loja-divulgacao-vivo-400x200.jpg\" alt=\"Telef\u00f4nica (VIVT3), dona da Vivo, aprova proposta de redu\u00e7\u00e3o de capital e pretende aumentar dividendos aos acionistas\"\/><\/a><span class=\"spotlightCategory\"><a href=\"https:\/\/www.suno.com.br\/noticias\/negocios\/\">Neg\u00f3cios<\/a><\/span><\/div><div class=\"cardsPage__listCard__boxs__content\"><a href=\"https:\/\/www.suno.com.br\/noticias\/vivo-vivt3-capital-dividendos-gpj\/\"><h2 class=\"content__title\">Telef\u00f4nica (VIVT3), dona da Vivo, aprova proposta de redu\u00e7\u00e3o de capital e pretende aumentar dividendos aos acionistas<\/h2><\/a><div class=\"newsContent__article__meta\"><div class=\"newsContent__article__meta__authorBox\"><a href=\"https:\/\/www.suno.com.br\/noticias\/author\/camila-figueiredosuno-com-br\/\" class=\"authorBox__avatar noMobi\"><img src=\"https:\/\/files.sunoresearch.com.br\/n\/uploads\/2024\/05\/camila-paim-square-150x150.jpg\" alt=\"Camila Paim\"><\/a><div class=\"authorBox__name\"><span>por\n\t\t\t<a href=\"https:\/\/www.suno.com.br\/noticias\/author\/camila-figueiredosuno-com-br\/\"><span itemprop=\"author\">Camila Paim<\/span><\/a><\/span><time datetime=\"2023-11-08T11:42:56-03:00\" itemprop=\"datePublished\">08\/11\/2023 11:42<\/time><\/div><\/div><\/div><\/div><\/div>","single_layout":"posts","amp_enabled":true,"_links":{"self":[{"href":"https:\/\/www.suno.com.br\/noticias\/wp-json\/wp\/v2\/posts\/482535"}],"collection":[{"href":"https:\/\/www.suno.com.br\/noticias\/wp-json\/wp\/v2\/posts"}],"about":[{"href":"https:\/\/www.suno.com.br\/noticias\/wp-json\/wp\/v2\/types\/post"}],"author":[{"embeddable":true,"href":"https:\/\/www.suno.com.br\/noticias\/wp-json\/wp\/v2\/users\/313"}],"replies":[{"embeddable":true,"href":"https:\/\/www.suno.com.br\/noticias\/wp-json\/wp\/v2\/comments?post=482535"}],"version-history":[{"count":2,"href":"https:\/\/www.suno.com.br\/noticias\/wp-json\/wp\/v2\/posts\/482535\/revisions"}],"predecessor-version":[{"id":482690,"href":"https:\/\/www.suno.com.br\/noticias\/wp-json\/wp\/v2\/posts\/482535\/revisions\/482690"}],"wp:featuredmedia":[{"embeddable":true,"href":"https:\/\/www.suno.com.br\/noticias\/wp-json\/wp\/v2\/media\/327234"}],"wp:attachment":[{"href":"https:\/\/www.suno.com.br\/noticias\/wp-json\/wp\/v2\/media?parent=482535"}],"wp:term":[{"taxonomy":"category","embeddable":true,"href":"https:\/\/www.suno.com.br\/noticias\/wp-json\/wp\/v2\/categories?post=482535"},{"taxonomy":"post_tag","embeddable":true,"href":"https:\/\/www.suno.com.br\/noticias\/wp-json\/wp\/v2\/tags?post=482535"},{"taxonomy":"suno_strategy","embeddable":true,"href":"https:\/\/www.suno.com.br\/noticias\/wp-json\/wp\/v2\/suno_strategy?post=482535"}],"curies":[{"name":"wp","href":"https:\/\/api.w.org\/{rel}","templated":true}]}}