{"id":48237,"date":"2019-12-18T13:29:21","date_gmt":"2019-12-18T15:29:21","guid":{"rendered":"https:\/\/www.suno.com.br\/noticias\/?p=48237"},"modified":"2021-02-18T19:51:18","modified_gmt":"2021-02-18T22:51:18","slug":"envolvidos-bolha-alicate-absolvidos-trf4","status":"publish","type":"post","link":"https:\/\/www.suno.com.br\/noticias\/envolvidos-bolha-alicate-absolvidos-trf4\/","title":{"rendered":"Envolvidos na \u201cbolha do alicate\u201d s\u00e3o absolvidos pelo TRF4"},"content":{"rendered":"<p>O Tribunal Federal Regional da 4\u00aa Regi\u00e3o (TRF4) absolveu na \u00faltima ter\u00e7a-feira (17) dois executivos acusados de uso de informa\u00e7\u00e3o privilegiada no caso da &#8220;bolha do alicate&#8221;.<\/p>\t<div class=\"wrapper-featured-image\">\n\t\t<figure class=\"spotlightImg\">\n\n\t\t\t<picture>\n\t\t\t\t<source media=\"(max-width: 768px)\" srcset=\"https:\/\/files.sunoresearch.com.br\/n\/uploads\/2019\/12\/96d54b3a-trf4-comissa\u0303o-400x200.webp\">\n\t\t\t\t<img loading=\"lazy\" decoding=\"async\" class=\"newsContent__article__imgCapa lazyloadDisabled newsContent__article__imgCapa--noCaption\" src=\"https:\/\/files.sunoresearch.com.br\/n\/uploads\/2019\/12\/96d54b3a-trf4-comissa\u0303o-800x450.webp\" width=\"800\" height=\"450\" alt=\"Envolvidos na \u201cbolha do alicate\u201d s\u00e3o absolvidos pelo TRF4\" fetchpriority=high \/>\n\t\t\t<\/picture>\n\n\t\t\t<figcaption class=\"wp-caption-text wp-caption-text--hide\"><\/figcaption>\n\t\t<\/figure>\n\t<\/div>\n\n\n\n<p>Com a decis\u00e3o em segunda inst\u00e2ncia, o diretor-presidente da <strong>Mundial, Michael Ceitlin,<\/strong> e o ex-agente de investimentos <strong><a href=\"https:\/\/www.suno.com.br\/tudo-sobre\/rafael-ferri\/\">Rafael Ferri<\/a><\/strong> foram inocentados das acusa\u00e7\u00f5es dos crimes de uso de informa\u00e7\u00e3o privilegiada no caso da <strong>&#8220;bolha do alicate&#8221;<\/strong>. Ceitlin tamb\u00e9m foi absolvido do crime de manipula\u00e7\u00e3o de mercado. A informa\u00e7\u00e3o foi ve\u00edculada primeiro pelo site da revista Exame.<\/p>\n<p>No caso de Ferri, a condena\u00e7\u00e3o por manipula\u00e7\u00e3o de mercado foi suspensa e deve retornar para a primeira inst\u00e2ncia.<\/p>\n<p>O nome &#8220;bolha do alicate&#8221; surgiu pois a <strong>Mundial<\/strong> \u00e9 uma empresa ga\u00facha fabricante de alicates e produtos de cozinha.<\/p>\n<p><span style=\"font-size: 1.21429rem;\">Em poucos meses, as cota\u00e7\u00f5es das a\u00e7\u00f5es da empresa <\/span><span style=\"font-size: 1.21429rem;\">subiram cerca de 2.000%, caindo logo em seguida mais de 90% em poucos dias.<\/span><\/p>\n<p>Naquele momento, <strong>Ceitlin<\/strong> era tamb\u00e9m diretor de rela\u00e7\u00f5es com investidores da Mundial, enquanto <strong>Ferri<\/strong> era agente aut\u00f4nomo de investimentos. Esse \u00faltimo teria indicado a compra de a\u00e7\u00f5es da empresa para clientes e colegas, mesmo sendo ele mesmo s\u00f3cio da empresa.<\/p>\n<h2>Absolvi\u00e7\u00e3o dos executivos<\/h2>\n<p>Ceitilin e Ferri foram absolvidos por unanimidade pela s\u00e9tima turma do TRF4 do crime de uso de informa\u00e7\u00e3o privilegiada. No caso do crime de manipula\u00e7\u00e3o de mercado, Ceitlin foi absolvido da acusa\u00e7\u00e3o, enquanto a decis\u00e3o no caso de <strong>Ferri<\/strong> foi suspensa e deve voltar para a primeira inst\u00e2ncia, na 7\u00aa Vara Federal de Porto Alegre.<\/p>\n\t<p>\n\t\t<a href=\"https:\/\/lp.suno.com.br\/ao\/sessao-estrategica-consultoria-c\/?utm_source=suno-noticias&#038;utm_medium=banner&#038;utm_campaing=banco-master-cdbs\" target=\"_blank\" data-element=\"shortcode-suno-banner\" title=\"Banner SUNO, clique e saiba mais\">\n\t\t\t<picture>\n\t\t\t\t<source media=\"(max-width: 500px)\" srcset=\"https:\/\/files.sunoresearch.com.br\/n\/uploads\/2025\/09\/300x400.webp\">\n\t\t\t\t<img class=\"newsContent__article__imgCapa newsContent__article__imgCapa--banner\"\n\t\t\t\t\tsrc=\"https:\/\/files.sunoresearch.com.br\/n\/uploads\/2025\/09\/SN-DT-1420x240-1.webp\"\n\t\t\t\t\tdata-promo-id=\"624064\"\t\t\t\t\t\t\t\t\t\twidth='1420' height='240'\t\t\t\t\talt=\"https:\/\/files.sunoresearch.com.br\/n\/uploads\/2025\/09\/SN-DT-1420x240-1.webp\"\n\t\t\t\t>\n\t\t\t<\/picture>\n\t\t<\/a>\n\t<\/p>\n\n\n<p>Na primeira inst\u00e2ncia, o acusado e o Miniust\u00e9rio P\u00fablico podem entrar em um acordo.<\/p>\n<p>Ap\u00f3s a condena\u00e7\u00e3o pela <strong>CVM,<\/strong> em 2016, o executivo foi suspenso da atividade de agente aut\u00f4nomo por cinco anos e de atuar direta ou indiretamente em uma ou mais modalidades de opera\u00e7\u00e3o no mercado de valores mobili\u00e1rios.<\/p>\n<p>Por outro lado, a <strong>CVM<\/strong> tinha inocentado Ferri das acusa\u00e7\u00f5es de uso de informa\u00e7\u00e3o privilegiada. Junto com ele, foram inocentados da acusa\u00e7\u00e3o de quebra de sigilo e manipula\u00e7\u00e3o de a\u00e7\u00f5es o pr\u00f3prio Ceitlin e outros executivos.<\/p>\n<p><a href=\"https:\/\/www.suno.com.br\/noticias\/cvm-multa-mu-hak-you-sua-gestora-gwi\/\">Saiba mais: CVM multa Mu Hak You e sua gestora GWI em R$ 600 mil<\/a><\/p>\n<h2>CVM atuou no caso da bolha do alicate<\/h2>\n<p>Os processos contra Ferri e Ceitlin foram baseados em investiga\u00e7\u00f5es da <a href=\"https:\/\/www.suno.com.br\/artigos\/cvm\/\"><strong>Comiss\u00e3o de Valores Mobili\u00e1rios (CVM)<\/strong><\/a>. O \u00f3rg\u00e3o de regulamenta\u00e7\u00e3o do mercado financeiro brasileiro condenou Ferri em dezembro de 2016 por manipula\u00e7\u00e3o de mercado. A condena\u00e7\u00e3o foi confirmada pelo Conselho de Recursos do Sistema Financeira, o Conselhinho.<\/p>\n\t<p>\n\t\t<a href=\"https:\/\/lp.suno.com.br\/ebook-como-analisar-uma-acao\/\" target=\"_blank\" data-element=\"shortcode-suno-banner\" title=\"Banner SUNO, clique e saiba mais\">\n\t\t\t<picture>\n\t\t\t\t<source media=\"(max-width: 500px)\" srcset=\"https:\/\/files.sunoresearch.com.br\/n\/uploads\/2023\/03\/Ebook-Acoes-Mobile-1.jpg\">\n\t\t\t\t<img class=\"newsContent__article__imgCapa newsContent__article__imgCapa--banner\"\n\t\t\t\t\tsrc=\"https:\/\/files.sunoresearch.com.br\/n\/uploads\/2023\/03\/Ebook-Acoes-Desktop-1.jpg\"\n\t\t\t\t\tdata-promo-id=\"171998\"\t\t\t\t\t\t\t\t\t\twidth='1420' height='286'\t\t\t\t\talt=\"https:\/\/files.sunoresearch.com.br\/n\/uploads\/2023\/03\/Ebook-Acoes-Desktop-1.jpg\"\n\t\t\t\t>\n\t\t\t<\/picture>\n\t\t<\/a>\n\t<\/p>\n\n\n<p>Segundo a <strong>CVM,<\/strong> uma an\u00e1lise do andamento das a\u00e7\u00f5es da Mundial entre 10 de maio de 2010 e 26 de julho de 2011 mostrou um conjunto de opera\u00e7\u00f5es com caracter\u00edsticas de manipula\u00e7\u00e3o de mercado, al\u00e9m de transa\u00e7\u00f5es com uso de informa\u00e7\u00e3o privilegiada.<\/p>\n<p>Para a CVM, teria sido realizado um grande n\u00famero de neg\u00f3cios de compra de a\u00e7\u00f5es da Mundial em lotes m\u00ednimos. Algo que estimularia a artificialidade na alta da cota\u00e7\u00e3o e que determinadas opera\u00e7\u00f5es teriam sido realizadas com o intuito de minar a for\u00e7a vendedora do papel no mercado.<\/p>\n<p>Essas opera\u00e7\u00f5es foram realizadas por um grupo de investidores que teriam sido capitaneados por Ferri, e que manteria estreitas liga\u00e7\u00f5es com Ceitlin.<\/p>\n<p>A defesa de Ferri recorreu da decis\u00e3o, mas teve o material devolvido pelo relator do caso no Conselhinho. Por isso, entrou com um embargo de declara\u00e7\u00e3o que ainda n\u00e3o foi analisado pela presid\u00eancia do \u00f3rg\u00e3o.<\/p>\n\n","protected":false},"excerpt":{"rendered":"<p>O Tribunal Federal Regional da 4\u00aa Regi\u00e3o (TRF4) absolveu na \u00faltima ter\u00e7a-feira (17) dois executivos acusados de uso de informa\u00e7\u00e3o privilegiada no caso da &#8220;bolha do alicate&#8221;. Com a decis\u00e3o em segunda inst\u00e2ncia, o diretor-presidente da Mundial, Michael Ceitlin, e o ex-agente de investimentos Rafael Ferri foram inocentados das acusa\u00e7\u00f5es dos crimes de uso de [&hellip;]<\/p>\n","protected":false},"author":9,"featured_media":48258,"comment_status":"closed","ping_status":"closed","sticky":false,"template":"","format":"standard","meta":[],"categories":[64],"tags":[902,1163],"suno_strategy":[],"class_list":["post-48237","post","type-post","status-publish","format-standard","has-post-thumbnail","hentry","category-negocios","tag-comissao-de-valores-mobiliarios-cvm","tag-gwi"],"yoast_head":"<!-- This site is optimized with the Yoast SEO plugin v24.4 - https:\/\/yoast.com\/wordpress\/plugins\/seo\/ -->\n<title>Envolvidos na \u201cbolha do alicate\u201d s\u00e3o absolvidos pelo TRF4<\/title>\n<meta name=\"description\" content=\"O TRF4 absolveu dois executivos acusados de uso de informa\u00e7\u00e3o privilegiada no caso da &quot;bolha do alicate&quot;. Clique aqui e saiba mais.\" \/>\n<meta name=\"robots\" content=\"index, follow, max-snippet:-1, max-image-preview:large, max-video-preview:-1\" \/>\n<link rel=\"canonical\" href=\"https:\/\/www.suno.com.br\/noticias\/envolvidos-bolha-alicate-absolvidos-trf4\/\" \/>\n<meta property=\"og:locale\" content=\"pt_BR\" \/>\n<meta property=\"og:type\" content=\"article\" \/>\n<meta property=\"og:title\" content=\"Envolvidos na \u201cbolha do alicate\u201d s\u00e3o absolvidos pelo TRF4\" \/>\n<meta property=\"og:description\" content=\"O TRF4 absolveu dois executivos acusados de uso de informa\u00e7\u00e3o privilegiada no caso da &quot;bolha do alicate&quot;. Clique aqui e saiba mais.\" \/>\n<meta property=\"og:url\" content=\"https:\/\/www.suno.com.br\/noticias\/envolvidos-bolha-alicate-absolvidos-trf4\/\" \/>\n<meta property=\"og:site_name\" content=\"Suno Not\u00edcias\" \/>\n<meta property=\"article:publisher\" content=\"https:\/\/facebook.com\/sunoresearch\" \/>\n<meta property=\"og:image\" content=\"https:\/\/files.sunoresearch.com.br\/n\/uploads\/2019\/12\/96d54b3a-trf4-comissa\u0303o.jpg\" \/>\n\t<meta property=\"og:image:width\" content=\"1000\" \/>\n\t<meta property=\"og:image:height\" content=\"666\" \/>\n\t<meta property=\"og:image:type\" content=\"image\/jpeg\" \/>\n<meta name=\"author\" content=\"Carlo Cauti\" \/>\n<meta name=\"twitter:card\" content=\"summary_large_image\" \/>\n<meta name=\"twitter:creator\" content=\"@sunoresearch\" \/>\n<meta name=\"twitter:site\" content=\"@sunoresearch\" \/>\n<meta name=\"twitter:label1\" content=\"Escrito por\" \/>\n\t<meta name=\"twitter:data1\" content=\"Carlo Cauti\" \/>\n\t<meta name=\"twitter:label2\" content=\"Est. tempo de leitura\" \/>\n\t<meta name=\"twitter:data2\" content=\"3 minutos\" \/>\n<script type=\"application\/ld+json\" class=\"yoast-schema-graph\">{\"@context\":\"https:\/\/schema.org\",\"@graph\":[{\"@type\":\"NewsArticle\",\"@id\":\"https:\/\/www.suno.com.br\/noticias\/envolvidos-bolha-alicate-absolvidos-trf4\/#article\",\"isPartOf\":{\"@id\":\"https:\/\/www.suno.com.br\/noticias\/envolvidos-bolha-alicate-absolvidos-trf4\/\"},\"author\":{\"name\":\"Carlo Cauti\",\"@id\":\"https:\/\/www.suno.com.br\/noticias\/#\/schema\/person\/e6e0f723cc177805027f4566c1d5e0c8\"},\"headline\":\"Envolvidos na \u201cbolha do alicate\u201d s\u00e3o absolvidos pelo TRF4\",\"datePublished\":\"2019-12-18T15:29:21+00:00\",\"dateModified\":\"2021-02-18T22:51:18+00:00\",\"mainEntityOfPage\":{\"@id\":\"https:\/\/www.suno.com.br\/noticias\/envolvidos-bolha-alicate-absolvidos-trf4\/\"},\"wordCount\":630,\"publisher\":{\"@id\":\"https:\/\/www.suno.com.br\/noticias\/#organization\"},\"image\":{\"@id\":\"https:\/\/www.suno.com.br\/noticias\/envolvidos-bolha-alicate-absolvidos-trf4\/#primaryimage\"},\"thumbnailUrl\":\"https:\/\/files.sunoresearch.com.br\/n\/uploads\/2019\/12\/96d54b3a-trf4-comissa\u0303o-jpg.webp\",\"keywords\":[\"Comiss\u00e3o de Valores Mobili\u00e1rios (CVM)\",\"GWI\"],\"articleSection\":[\"Neg\u00f3cios\"],\"inLanguage\":\"pt-BR\"},{\"@type\":\"WebPage\",\"@id\":\"https:\/\/www.suno.com.br\/noticias\/envolvidos-bolha-alicate-absolvidos-trf4\/\",\"url\":\"https:\/\/www.suno.com.br\/noticias\/envolvidos-bolha-alicate-absolvidos-trf4\/\",\"name\":\"Envolvidos na \u201cbolha do alicate\u201d s\u00e3o absolvidos pelo TRF4\",\"isPartOf\":{\"@id\":\"https:\/\/www.suno.com.br\/noticias\/#website\"},\"primaryImageOfPage\":{\"@id\":\"https:\/\/www.suno.com.br\/noticias\/envolvidos-bolha-alicate-absolvidos-trf4\/#primaryimage\"},\"image\":{\"@id\":\"https:\/\/www.suno.com.br\/noticias\/envolvidos-bolha-alicate-absolvidos-trf4\/#primaryimage\"},\"thumbnailUrl\":\"https:\/\/files.sunoresearch.com.br\/n\/uploads\/2019\/12\/96d54b3a-trf4-comissa\u0303o-jpg.webp\",\"datePublished\":\"2019-12-18T15:29:21+00:00\",\"dateModified\":\"2021-02-18T22:51:18+00:00\",\"description\":\"O TRF4 absolveu dois executivos acusados de uso de informa\u00e7\u00e3o privilegiada no caso da \\\"bolha do alicate\\\". Clique aqui e saiba mais.\",\"breadcrumb\":{\"@id\":\"https:\/\/www.suno.com.br\/noticias\/envolvidos-bolha-alicate-absolvidos-trf4\/#breadcrumb\"},\"inLanguage\":\"pt-BR\",\"potentialAction\":[{\"@type\":\"ReadAction\",\"target\":[\"https:\/\/www.suno.com.br\/noticias\/envolvidos-bolha-alicate-absolvidos-trf4\/\"]}]},{\"@type\":\"ImageObject\",\"inLanguage\":\"pt-BR\",\"@id\":\"https:\/\/www.suno.com.br\/noticias\/envolvidos-bolha-alicate-absolvidos-trf4\/#primaryimage\",\"url\":\"https:\/\/files.sunoresearch.com.br\/n\/uploads\/2019\/12\/96d54b3a-trf4-comissa\u0303o-jpg.webp\",\"contentUrl\":\"https:\/\/files.sunoresearch.com.br\/n\/uploads\/2019\/12\/96d54b3a-trf4-comissa\u0303o-jpg.webp\",\"width\":1000,\"height\":666,\"caption\":\"TRF-4\"},{\"@type\":\"BreadcrumbList\",\"@id\":\"https:\/\/www.suno.com.br\/noticias\/envolvidos-bolha-alicate-absolvidos-trf4\/#breadcrumb\",\"itemListElement\":[{\"@type\":\"ListItem\",\"position\":1,\"name\":\"Not\u00edcias\",\"item\":\"https:\/\/www.suno.com.br\/noticias\/\"},{\"@type\":\"ListItem\",\"position\":2,\"name\":\"Neg\u00f3cios\",\"item\":\"https:\/\/www.suno.com.br\/noticias\/negocios\/\"},{\"@type\":\"ListItem\",\"position\":3,\"name\":\"Envolvidos na \u201cbolha do alicate\u201d s\u00e3o absolvidos pelo TRF4\"}]},{\"@type\":\"WebSite\",\"@id\":\"https:\/\/www.suno.com.br\/noticias\/#website\",\"url\":\"https:\/\/www.suno.com.br\/noticias\/\",\"name\":\"Suno Not\u00edcias\",\"description\":\"Seu portal de informa\u00e7\u00e3o sobre o mundo dos investimentos\",\"publisher\":{\"@id\":\"https:\/\/www.suno.com.br\/noticias\/#organization\"},\"potentialAction\":[{\"@type\":\"SearchAction\",\"target\":{\"@type\":\"EntryPoint\",\"urlTemplate\":\"https:\/\/www.suno.com.br\/noticias\/?s={search_term_string}\"},\"query-input\":{\"@type\":\"PropertyValueSpecification\",\"valueRequired\":true,\"valueName\":\"search_term_string\"}}],\"inLanguage\":\"pt-BR\"},{\"@type\":\"Organization\",\"@id\":\"https:\/\/www.suno.com.br\/noticias\/#organization\",\"name\":\"Suno Not\u00edcias\",\"url\":\"https:\/\/www.suno.com.br\/noticias\/\",\"logo\":{\"@type\":\"ImageObject\",\"inLanguage\":\"pt-BR\",\"@id\":\"https:\/\/www.suno.com.br\/noticias\/#\/schema\/logo\/image\/\",\"url\":\"https:\/\/files.sunoresearch.com.br\/n\/uploads\/2021\/09\/suno-logo.png\",\"contentUrl\":\"https:\/\/files.sunoresearch.com.br\/n\/uploads\/2021\/09\/suno-logo.png\",\"width\":180,\"height\":180,\"caption\":\"Suno Not\u00edcias\"},\"image\":{\"@id\":\"https:\/\/www.suno.com.br\/noticias\/#\/schema\/logo\/image\/\"},\"sameAs\":[\"https:\/\/facebook.com\/sunoresearch\",\"https:\/\/x.com\/sunoresearch\",\"https:\/\/www.instagram.com\/suno\",\"https:\/\/www.linkedin.com\/company\/suno-research\/\",\"https:\/\/www.youtube.com\/c\/sunoresearch\"]},{\"@type\":\"Person\",\"@id\":\"https:\/\/www.suno.com.br\/noticias\/#\/schema\/person\/e6e0f723cc177805027f4566c1d5e0c8\",\"name\":\"Carlo Cauti\",\"image\":{\"@type\":\"ImageObject\",\"inLanguage\":\"pt-BR\",\"@id\":\"https:\/\/www.suno.com.br\/noticias\/#\/schema\/person\/image\/\",\"url\":\"https:\/\/secure.gravatar.com\/avatar\/3ada9e0bd164c23abd4792a9606d583c?s=96&r=g\",\"contentUrl\":\"https:\/\/secure.gravatar.com\/avatar\/3ada9e0bd164c23abd4792a9606d583c?s=96&r=g\",\"caption\":\"Carlo Cauti\"},\"description\":\"Editor multim\u00eddia do SUNO Not\u00edcias. Italiano, formado em Ci\u00eancias Pol\u00edticas pela universidade LUISS G. Carli de Roma e mestre cum laude em Rela\u00e7\u00f5es Internacionais, Jornalismo Internacional e de Guerra e em Economia Internacional. Concluiu tamb\u00e9m um MBA em Finan\u00e7as na B3. No Brasil, teve passagem por ve\u00edculos como Estad\u00e3o, Globo, Veja e EXAME. e nas ag\u00eancias de not\u00edcias italianas ANSA e NOVA.\",\"url\":\"https:\/\/www.suno.com.br\/noticias\/author\/carlo-cauti\/\"}]}<\/script>\n<!-- \/ Yoast SEO plugin. -->","yoast_head_json":{"title":"Envolvidos na \u201cbolha do alicate\u201d s\u00e3o absolvidos pelo TRF4","description":"O TRF4 absolveu dois executivos acusados de uso de informa\u00e7\u00e3o privilegiada no caso da \"bolha do alicate\". Clique aqui e saiba mais.","robots":{"index":"index","follow":"follow","max-snippet":"max-snippet:-1","max-image-preview":"max-image-preview:large","max-video-preview":"max-video-preview:-1"},"canonical":"https:\/\/www.suno.com.br\/noticias\/envolvidos-bolha-alicate-absolvidos-trf4\/","og_locale":"pt_BR","og_type":"article","og_title":"Envolvidos na \u201cbolha do alicate\u201d s\u00e3o absolvidos pelo TRF4","og_description":"O TRF4 absolveu dois executivos acusados de uso de informa\u00e7\u00e3o privilegiada no caso da \"bolha do alicate\". Clique aqui e saiba mais.","og_url":"https:\/\/www.suno.com.br\/noticias\/envolvidos-bolha-alicate-absolvidos-trf4\/","og_site_name":"Suno Not\u00edcias","article_publisher":"https:\/\/facebook.com\/sunoresearch","og_image":[{"width":1000,"height":666,"url":"https:\/\/files.sunoresearch.com.br\/n\/uploads\/2019\/12\/96d54b3a-trf4-comissa\u0303o.jpg","type":"image\/jpeg"}],"author":"Carlo Cauti","twitter_card":"summary_large_image","twitter_creator":"@sunoresearch","twitter_site":"@sunoresearch","twitter_misc":{"Escrito por":"Carlo Cauti","Est. tempo de leitura":"3 minutos"},"schema":{"@context":"https:\/\/schema.org","@graph":[{"@type":"NewsArticle","@id":"https:\/\/www.suno.com.br\/noticias\/envolvidos-bolha-alicate-absolvidos-trf4\/#article","isPartOf":{"@id":"https:\/\/www.suno.com.br\/noticias\/envolvidos-bolha-alicate-absolvidos-trf4\/"},"author":{"name":"Carlo Cauti","@id":"https:\/\/www.suno.com.br\/noticias\/#\/schema\/person\/e6e0f723cc177805027f4566c1d5e0c8"},"headline":"Envolvidos na \u201cbolha do alicate\u201d s\u00e3o absolvidos pelo TRF4","datePublished":"2019-12-18T15:29:21+00:00","dateModified":"2021-02-18T22:51:18+00:00","mainEntityOfPage":{"@id":"https:\/\/www.suno.com.br\/noticias\/envolvidos-bolha-alicate-absolvidos-trf4\/"},"wordCount":630,"publisher":{"@id":"https:\/\/www.suno.com.br\/noticias\/#organization"},"image":{"@id":"https:\/\/www.suno.com.br\/noticias\/envolvidos-bolha-alicate-absolvidos-trf4\/#primaryimage"},"thumbnailUrl":"https:\/\/files.sunoresearch.com.br\/n\/uploads\/2019\/12\/96d54b3a-trf4-comissa\u0303o-jpg.webp","keywords":["Comiss\u00e3o de Valores Mobili\u00e1rios (CVM)","GWI"],"articleSection":["Neg\u00f3cios"],"inLanguage":"pt-BR"},{"@type":"WebPage","@id":"https:\/\/www.suno.com.br\/noticias\/envolvidos-bolha-alicate-absolvidos-trf4\/","url":"https:\/\/www.suno.com.br\/noticias\/envolvidos-bolha-alicate-absolvidos-trf4\/","name":"Envolvidos na \u201cbolha do alicate\u201d s\u00e3o absolvidos pelo TRF4","isPartOf":{"@id":"https:\/\/www.suno.com.br\/noticias\/#website"},"primaryImageOfPage":{"@id":"https:\/\/www.suno.com.br\/noticias\/envolvidos-bolha-alicate-absolvidos-trf4\/#primaryimage"},"image":{"@id":"https:\/\/www.suno.com.br\/noticias\/envolvidos-bolha-alicate-absolvidos-trf4\/#primaryimage"},"thumbnailUrl":"https:\/\/files.sunoresearch.com.br\/n\/uploads\/2019\/12\/96d54b3a-trf4-comissa\u0303o-jpg.webp","datePublished":"2019-12-18T15:29:21+00:00","dateModified":"2021-02-18T22:51:18+00:00","description":"O TRF4 absolveu dois executivos acusados de uso de informa\u00e7\u00e3o privilegiada no caso da \"bolha do alicate\". Clique aqui e saiba mais.","breadcrumb":{"@id":"https:\/\/www.suno.com.br\/noticias\/envolvidos-bolha-alicate-absolvidos-trf4\/#breadcrumb"},"inLanguage":"pt-BR","potentialAction":[{"@type":"ReadAction","target":["https:\/\/www.suno.com.br\/noticias\/envolvidos-bolha-alicate-absolvidos-trf4\/"]}]},{"@type":"ImageObject","inLanguage":"pt-BR","@id":"https:\/\/www.suno.com.br\/noticias\/envolvidos-bolha-alicate-absolvidos-trf4\/#primaryimage","url":"https:\/\/files.sunoresearch.com.br\/n\/uploads\/2019\/12\/96d54b3a-trf4-comissa\u0303o-jpg.webp","contentUrl":"https:\/\/files.sunoresearch.com.br\/n\/uploads\/2019\/12\/96d54b3a-trf4-comissa\u0303o-jpg.webp","width":1000,"height":666,"caption":"TRF-4"},{"@type":"BreadcrumbList","@id":"https:\/\/www.suno.com.br\/noticias\/envolvidos-bolha-alicate-absolvidos-trf4\/#breadcrumb","itemListElement":[{"@type":"ListItem","position":1,"name":"Not\u00edcias","item":"https:\/\/www.suno.com.br\/noticias\/"},{"@type":"ListItem","position":2,"name":"Neg\u00f3cios","item":"https:\/\/www.suno.com.br\/noticias\/negocios\/"},{"@type":"ListItem","position":3,"name":"Envolvidos na \u201cbolha do alicate\u201d s\u00e3o absolvidos pelo TRF4"}]},{"@type":"WebSite","@id":"https:\/\/www.suno.com.br\/noticias\/#website","url":"https:\/\/www.suno.com.br\/noticias\/","name":"Suno Not\u00edcias","description":"Seu portal de informa\u00e7\u00e3o sobre o mundo dos investimentos","publisher":{"@id":"https:\/\/www.suno.com.br\/noticias\/#organization"},"potentialAction":[{"@type":"SearchAction","target":{"@type":"EntryPoint","urlTemplate":"https:\/\/www.suno.com.br\/noticias\/?s={search_term_string}"},"query-input":{"@type":"PropertyValueSpecification","valueRequired":true,"valueName":"search_term_string"}}],"inLanguage":"pt-BR"},{"@type":"Organization","@id":"https:\/\/www.suno.com.br\/noticias\/#organization","name":"Suno Not\u00edcias","url":"https:\/\/www.suno.com.br\/noticias\/","logo":{"@type":"ImageObject","inLanguage":"pt-BR","@id":"https:\/\/www.suno.com.br\/noticias\/#\/schema\/logo\/image\/","url":"https:\/\/files.sunoresearch.com.br\/n\/uploads\/2021\/09\/suno-logo.png","contentUrl":"https:\/\/files.sunoresearch.com.br\/n\/uploads\/2021\/09\/suno-logo.png","width":180,"height":180,"caption":"Suno Not\u00edcias"},"image":{"@id":"https:\/\/www.suno.com.br\/noticias\/#\/schema\/logo\/image\/"},"sameAs":["https:\/\/facebook.com\/sunoresearch","https:\/\/x.com\/sunoresearch","https:\/\/www.instagram.com\/suno","https:\/\/www.linkedin.com\/company\/suno-research\/","https:\/\/www.youtube.com\/c\/sunoresearch"]},{"@type":"Person","@id":"https:\/\/www.suno.com.br\/noticias\/#\/schema\/person\/e6e0f723cc177805027f4566c1d5e0c8","name":"Carlo Cauti","image":{"@type":"ImageObject","inLanguage":"pt-BR","@id":"https:\/\/www.suno.com.br\/noticias\/#\/schema\/person\/image\/","url":"https:\/\/secure.gravatar.com\/avatar\/3ada9e0bd164c23abd4792a9606d583c?s=96&r=g","contentUrl":"https:\/\/secure.gravatar.com\/avatar\/3ada9e0bd164c23abd4792a9606d583c?s=96&r=g","caption":"Carlo Cauti"},"description":"Editor multim\u00eddia do SUNO Not\u00edcias. Italiano, formado em Ci\u00eancias Pol\u00edticas pela universidade LUISS G. Carli de Roma e mestre cum laude em Rela\u00e7\u00f5es Internacionais, Jornalismo Internacional e de Guerra e em Economia Internacional. Concluiu tamb\u00e9m um MBA em Finan\u00e7as na B3. No Brasil, teve passagem por ve\u00edculos como Estad\u00e3o, Globo, Veja e EXAME. e nas ag\u00eancias de not\u00edcias italianas ANSA e NOVA.","url":"https:\/\/www.suno.com.br\/noticias\/author\/carlo-cauti\/"}]}},"default_loop_html":"<div class=\"cardsPage__listCard__boxs\"><div class=\"cardsPage__listCard__boxs__img\"><a href=\"https:\/\/www.suno.com.br\/noticias\/envolvidos-bolha-alicate-absolvidos-trf4\/\"><img class=\"mask\" src=\"https:\/\/www.suno.com.br\/noticias\/wp-content\/themes\/suno\/resources\/images\/spotlight\/spotlight1img\/bg-mask.png\" alt=\"Image Mask\"\/><img src=\"https:\/\/files.sunoresearch.com.br\/n\/uploads\/2019\/12\/96d54b3a-trf4-comissa\u0303o-400x200.webp\" alt=\"Envolvidos na \u201cbolha do alicate\u201d s\u00e3o absolvidos pelo TRF4\"\/><\/a><span class=\"spotlightCategory\"><a href=\"https:\/\/www.suno.com.br\/noticias\/negocios\/\">Neg\u00f3cios<\/a><\/span><\/div><div class=\"cardsPage__listCard__boxs__content\"><a href=\"https:\/\/www.suno.com.br\/noticias\/envolvidos-bolha-alicate-absolvidos-trf4\/\"><h2 class=\"content__title\">Envolvidos na \u201cbolha do alicate\u201d s\u00e3o absolvidos pelo TRF4<\/h2><\/a><div class=\"newsContent__article__meta\"><div class=\"newsContent__article__meta__authorBox\"><a href=\"https:\/\/www.suno.com.br\/noticias\/author\/carlo-cauti\/\" class=\"authorBox__avatar noMobi\"><img src=\"https:\/\/files.sunoresearch.com.br\/n\/uploads\/2020\/08\/e3745f9a-perfil-carlo-cauti-150x150.webp\" alt=\"Carlo Cauti\"><\/a><div class=\"authorBox__name\"><span>por\n\t\t\t<a href=\"https:\/\/www.suno.com.br\/noticias\/author\/carlo-cauti\/\"><span itemprop=\"author\">Carlo Cauti<\/span><\/a><\/span><time datetime=\"2019-12-18T13:29:21-03:00\" itemprop=\"datePublished\">18\/12\/2019 13:29<\/time><\/div><\/div><\/div><\/div><\/div>","single_layout":"posts","amp_enabled":true,"_links":{"self":[{"href":"https:\/\/www.suno.com.br\/noticias\/wp-json\/wp\/v2\/posts\/48237"}],"collection":[{"href":"https:\/\/www.suno.com.br\/noticias\/wp-json\/wp\/v2\/posts"}],"about":[{"href":"https:\/\/www.suno.com.br\/noticias\/wp-json\/wp\/v2\/types\/post"}],"author":[{"embeddable":true,"href":"https:\/\/www.suno.com.br\/noticias\/wp-json\/wp\/v2\/users\/9"}],"replies":[{"embeddable":true,"href":"https:\/\/www.suno.com.br\/noticias\/wp-json\/wp\/v2\/comments?post=48237"}],"version-history":[{"count":0,"href":"https:\/\/www.suno.com.br\/noticias\/wp-json\/wp\/v2\/posts\/48237\/revisions"}],"wp:featuredmedia":[{"embeddable":true,"href":"https:\/\/www.suno.com.br\/noticias\/wp-json\/wp\/v2\/media\/48258"}],"wp:attachment":[{"href":"https:\/\/www.suno.com.br\/noticias\/wp-json\/wp\/v2\/media?parent=48237"}],"wp:term":[{"taxonomy":"category","embeddable":true,"href":"https:\/\/www.suno.com.br\/noticias\/wp-json\/wp\/v2\/categories?post=48237"},{"taxonomy":"post_tag","embeddable":true,"href":"https:\/\/www.suno.com.br\/noticias\/wp-json\/wp\/v2\/tags?post=48237"},{"taxonomy":"suno_strategy","embeddable":true,"href":"https:\/\/www.suno.com.br\/noticias\/wp-json\/wp\/v2\/suno_strategy?post=48237"}],"curies":[{"name":"wp","href":"https:\/\/api.w.org\/{rel}","templated":true}]}}