{"id":482202,"date":"2023-11-07T20:51:28","date_gmt":"2023-11-07T23:51:28","guid":{"rendered":"https:\/\/www.suno.com.br\/noticias\/?p=482202"},"modified":"2023-11-07T21:20:03","modified_gmt":"2023-11-08T00:20:03","slug":"reforma-tributaria-cobranca-impostos-senado-tramitacao","status":"publish","type":"post","link":"https:\/\/www.suno.com.br\/noticias\/reforma-tributaria-cobranca-impostos-senado-tramitacao\/","title":{"rendered":"Reforma tribut\u00e1ria vai simplificar cobran\u00e7a de impostos no pa\u00eds? Especialista \u00e9 c\u00e9tico sobre potencial do projeto"},"content":{"rendered":"<p>A <strong>reforma tribut\u00e1ria<\/strong> no Senado entrou em uma fase decisiva com a apresenta\u00e7\u00e3o, na quarta-feira (25), do parecer aprovado na Comiss\u00e3o de Constitui\u00e7\u00e3o e Justi\u00e7a (CCJ). Entregue pelo senador Eduardo Braga (MDB-AM), relator da proposta, o texto foi aprovado nesta ter\u00e7a (7) na comiss\u00e3o e deve ser votado no plen\u00e1rio nesta quarta, segundo as estimativas iniciais.<\/p>\t<div class=\"wrapper-featured-image\">\n\t\t<figure class=\"spotlightImg\">\n\n\t\t\t<picture>\n\t\t\t\t<source media=\"(max-width: 768px)\" srcset=\"https:\/\/files.sunoresearch.com.br\/n\/uploads\/2022\/02\/48359638031_672dd7fa36_o-400x200.jpg\">\n\t\t\t\t<img loading=\"lazy\" decoding=\"async\" class=\"newsContent__article__imgCapa lazyloadDisabled \" src=\"https:\/\/files.sunoresearch.com.br\/n\/uploads\/2022\/02\/48359638031_672dd7fa36_o-800x450.jpg\" width=\"800\" height=\"450\" alt=\"Reforma tribut\u00e1ria vai simplificar cobran\u00e7a de impostos no pa\u00eds? Especialista \u00e9 c\u00e9tico sobre potencial do projeto\" fetchpriority=high \/>\n\t\t\t<\/picture>\n\n\t\t\t<figcaption class=\"wp-caption-text wp-caption-text--show\">Foto: Leonardo S\u00e1\/Ag\u00eancia Senado<\/figcaption>\n\t\t<\/figure>\n\t<\/div>\n\n\n\n\n\n\t<p>\n\t\t<a href=\"\" target=\"_blank\" data-element=\"shortcode-suno-banner\" title=\"Banner SUNO, clique e saiba mais\">\n\t\t\t<picture>\n\t\t\t\t<source media=\"(max-width: 500px)\" srcset=\"\">\n\t\t\t\t<img class=\"newsContent__article__imgCapa newsContent__article__imgCapa--banner\"\n\t\t\t\t\tsrc=\"\"\n\t\t\t\t\tdata-promo-id=\"240038\"\t\t\t\t\t\t\t\t\t\t\t\t\t\t\talt=\"\"\n\t\t\t\t>\n\t\t\t<\/picture>\n\t\t<\/a>\n\t<\/p>\n\n\n\n\n\n\n\n<p>O parecer manteve a maior parte da <strong>proposta de Reforma Tribut\u00e1ria<\/strong> para simplificar e <a href=\"https:\/\/www.suno.com.br\/noticias\/como-funciona-reforma-tributaria-o-que-muda\/\">reformular os tributos sobre o consumo<\/a>, aprovada no in\u00edcio de julho pela C\u00e2mara dos Deputados, como a unifica\u00e7\u00e3o de <a class=\"suno-keyword\" target=\"_blank\" data-force=\"no\" data-priority=\"1\" href=\"https:\/\/www.suno.com.br\/artigos\/tributos-federais\/\" rel=\"noopener\">tributos federais<\/a> na Contribui\u00e7\u00e3o sobre Bens e Servi\u00e7os (<strong>CBS<\/strong>) e dos tributos estaduais e municipais no Imposto sobre Bens e Servi\u00e7os (<strong>IBS<\/strong>), e a cobran\u00e7a no destino (local do consumo), com uma regra de transi\u00e7\u00e3o longa para os tributos regionais e r\u00e1pida para os tributos federais.<\/p>\n\n\n\n<p>O texto, no entanto, trouxe altera\u00e7\u00f5es. De 663 emendas apresentadas no Senado, Braga acolheu, parcialmente ou totalmente, 183. As principais foram a cria\u00e7\u00e3o de uma trava para a <a class=\"suno-keyword\" data-force=\"no\" data-priority=\"1\" href=\"https:\/\/www.suno.com.br\/artigos\/carga-tributaria\/\" target=\"_blank\" rel=\"noopener\">carga tribut\u00e1ria<\/a> (peso dos tributos sobre a economia), a revis\u00e3o peri\u00f3dica dos setores inclu\u00eddos em regimes espec\u00edficos de tributa\u00e7\u00e3o, a amplia\u00e7\u00e3o do Fundo de Desenvolvimento Regional (FDR) e a inclus\u00e3o de servi\u00e7os de profissionais liberais na <strong>al\u00edquota reduzida de CBS<\/strong> e de IBS.<\/p>\n\n\n\n\t<div data-element=\"shortcode-read-more\" class=\"readToo\">\n\t\t\t\t<span class=\"readToo__title\">Leia mais<\/span>\n\t\t\t\t<ul class=\"readToo__list\">\n\t\t\t<li><a href=\"https:\/\/www.suno.com.br\/noticias\/reforma-tributaria-ccj-do-senado-aprova-texto-base\/\">CCJ do Senado aprova texto-base da reforma tribut\u00e1ria<\/a><\/li><li><a href=\"https:\/\/www.suno.com.br\/noticias\/reforma-tributaria-mudancas-comecarao-2027-appy-cpf\/\">Reforma tribut\u00e1ria: Mudan\u00e7as come\u00e7ar\u00e3o em 2027, sem PIS\/Cofins e IPI, diz Appy<\/a><\/li><li><a href=\"https:\/\/www.suno.com.br\/noticias\/reforma-tributaria-opiniao-bradesco-bbdc4-itau-itub4-btg-pactual-bpac11\/\">Reforma tribut\u00e1ria: veja o que executivos do Bradesco (BBDC4), Ita\u00fa (ITUB4), BTG (BPAC11) e outras empresas pensam sobre o projeto<\/a><\/li>\t\t<\/ul>\n\t<\/div>\n\n\n\n\n<p>Hermano Notaroberto Barbosa, s\u00f3cio do BMA e professor da Societ\u00e1rio Academy, um dos mais respeitados tributaristas do pa\u00eds, falou ao Suno Not\u00edcias sobre a reforma em tramita\u00e7\u00e3o no Congresso. Barbosa \u00e9 autor de <em>O Poder de N\u00e3o Tributar: Benef\u00edcios Fiscais na Constitui\u00e7\u00e3o<\/em>, doutor em Direito pela Universidade de Paris e mestre em Direito P\u00fablico pela Universidade do Estado do Rio de Janeiro.<\/p>\n\n\n\n<p>A inten\u00e7\u00e3o do projeto de lei, dizem parlamentares e integrantes do governo como o ministro da Fazenda Fernando Haddad, \u00e9 simplificar e modernizar a cobran\u00e7a de impostos no pa\u00eds. A principal quest\u00e3o \u00e9: a reforma vai cumprir esse objetivo?<\/p>\n\n\n\n<p>O professor Hermano responde: &#8220;A <a class=\"suno-keyword\" target=\"_blank\" data-force=\"no\" data-priority=\"2\" href=\"https:\/\/www.suno.com.br\/artigos\/reforma-tributaria\/\" rel=\"noopener\">reforma tribut\u00e1ria<\/a> em discuss\u00e3o no Congresso foi apresentada com uma preocupa\u00e7\u00e3o leg\u00edtima e importante, de simplificar o intrincado <strong>sistema de tributa\u00e7\u00e3o<\/strong> do consumo do Brasil. De fato, nosso modelo tribut\u00e1rio federativo, com distribui\u00e7\u00e3o da compet\u00eancia para tributa\u00e7\u00e3o do consumo entre Uni\u00e3o, 27 Estados e mais de 5000 Munic\u00edpios, \u00e9 um dos mais complexos do mundo&#8221;, lembra ele.<\/p>\n\n\n\n<p>&#8220;Por\u00e9m, ainda sou c\u00e9tico quanto ao potencial dessa proposta de atingir seus objetivos. O novo modelo proposto, de <strong>IVA dual<\/strong>, considera um per\u00edodo de adapta\u00e7\u00e3o longo, no qual conviveremos com regras e impostos dos sistemas atuais e do novo, tornando a vida do contribuinte brasileiro ainda mais complexa&#8221;, afirma o professor.<\/p>\n\n\n\n<p>&#8220;Para piorar, ainda n\u00e3o temos clareza sobre como ser\u00e1 a tributa\u00e7\u00e3o, e em especial a<strong> carga tribut\u00e1ria<\/strong>, no novo modelo. O projeto em discuss\u00e3o ainda n\u00e3o trata de al\u00edquotas e muitos dos temas essenciais sobre a operacionaliza\u00e7\u00e3o do novo sistema precisar\u00e3o ser objeto de leis complementares cujos projetos ainda n\u00e3o foram sequer divulgados&#8221;, lembra o professor Barbosa, que presta consultoria tribut\u00e1ria a clientes de variados setores em opera\u00e7\u00f5es de M&amp;A, reorganiza\u00e7\u00f5es, financiamentos, opera\u00e7\u00f5es nos mercados financeiro e de capitais, investimento internacional, interpreta\u00e7\u00e3o e aplica\u00e7\u00e3o de tratados. <\/p>\n\n\n\n<p>Professor universit\u00e1rio, Barbosa j\u00e1 lecionou direito tribut\u00e1rio nos cursos de gradua\u00e7\u00e3o e p\u00f3s-gradua\u00e7\u00e3o na UERJ, PUC\/Rio, FGV\/Rio e UFF (Universidade Federal Fluminense). Foi professor convidado em cursos organizados pela Comiss\u00e3o de Valores Mobili\u00e1rios (CVM) e pelo Tribunal de Contas do Munic\u00edpio do Rio de Janeiro.<\/p>\n\n\n\t<p>\n\t\t<a href=\"https:\/\/lp.suno.com.br\/ebook-gratuito-investindo-no-exterior\/\" target=\"_blank\" data-element=\"shortcode-suno-banner\" title=\"Banner SUNO, clique e saiba mais\">\n\t\t\t<picture>\n\t\t\t\t<source media=\"(max-width: 500px)\" srcset=\"https:\/\/files.sunoresearch.com.br\/n\/uploads\/2023\/03\/400x300-Investindo-no-exterior.png\">\n\t\t\t\t<img class=\"newsContent__article__imgCapa newsContent__article__imgCapa--banner\"\n\t\t\t\t\tsrc=\"https:\/\/files.sunoresearch.com.br\/n\/uploads\/2023\/03\/1420x240-Investindo-no-exterior.png\"\n\t\t\t\t\tdata-promo-id=\"383161\"\t\t\t\t\t\t\t\t\t\twidth='1420' height='240'\t\t\t\t\talt=\"https:\/\/files.sunoresearch.com.br\/n\/uploads\/2023\/03\/1420x240-Investindo-no-exterior.png\"\n\t\t\t\t>\n\t\t\t<\/picture>\n\t\t<\/a>\n\t<\/p>\n\n\n\n\n\n<p>Ele explica: &#8220;A percep\u00e7\u00e3o geral \u00e9 de que, com a reforma tribut\u00e1ria, muitas categorias de contribuintes ter\u00e3o <strong>aumento em sua carga tribut\u00e1ria<\/strong> em raz\u00e3o do esperado aumento de al\u00edquotas e capacidade limitada de tomada de cr\u00e9ditos, especialmente entre os prestadores de servi\u00e7o, que s\u00e3o grandes empregadores de m\u00e3o de obra no Brasil e respondem por uma fatia importante do PIB nacional.&#8221; <\/p>\n\n\n\n<p>O professor acrescenta: &#8220;N\u00e3o por acaso, desde que o projeto come\u00e7ou a tramitar, diversos setores econ\u00f4micos t\u00eam conseguido incluir regimes de exce\u00e7\u00e3o \u00e0s regras gerais, para tributa\u00e7\u00e3o em termos que tamb\u00e9m ainda n\u00e3o s\u00e3o conhecidos. Por um lado, esses regimes excepcionais desvirtuam a utopia da pretens\u00e3o original de uniformidade no tratamento fiscal dos contribuintes. Ao mesmo tempo, eles demonstram a preocupa\u00e7\u00e3o de todos quanto ao <strong>aumento de carga tribut\u00e1ria<\/strong>.&#8221;<\/p>\n\n\n\n<p>O <strong>setor banc\u00e1rio<\/strong> e financeiro, por exemplo, \u00e9 um daqueles que dever\u00e3o ser objeto de tratamento excepcional em rela\u00e7\u00e3o \u00e0s novas regras, diz o professor da Societ\u00e1rio Academy.<\/p>\n\n\n\n<p>&#8220;Ainda assim, ressalvada alguma rea\u00e7\u00e3o positiva do mercado quanto \u00e0 perspectiva de aprova\u00e7\u00e3o de uma reforma tribut\u00e1ria, ainda me parece cedo para avaliar a extens\u00e3o dos impactos que a reforma, se aprovada nos termos atuais, poder\u00e1 ter no <a class=\"suno-keyword\" target=\"_blank\" data-force=\"no\" data-priority=\"1\" href=\"https:\/\/www.suno.com.br\/artigos\/mercado-de-capitais-conceito\/\" rel=\"noopener\">mercado de capitais<\/a> do Brasil. Por ora, me parece que a an\u00e1lise deveria ser feita de forma mais setorial e menos geral.&#8221;<\/p>\n\n\n\t<div data-element=\"shortcode-read-more\" class=\"knowMore\">\n\t\t\t\t<span class=\"knowMore__title\">Leia mais<\/span>\n\t\t\t\t<a class=\"knowMore__link\" href=\"https:\/\/www.suno.com.br\/noticias\/mp-isencoes-icms-inseguranca-juridica\/\">\n\t\t\tMP que prev\u00ea taxar isen\u00e7\u00f5es de ICMS traz inseguran\u00e7a jur\u00eddica e risco de retrocesso para investimentos no Brasil, dizem especialistas\t\t<\/a>\n\t<\/div>\n\n\n\n\n<p>A <strong>proposta de emenda \u00e0 Constitui\u00e7\u00e3o <\/strong>(<a href=\"https:\/\/www.suno.com.br\/noticias\/reforma-tributaria-veja-principais-pontos-evm\/\" target=\"_blank\" rel=\"noreferrer noopener\">PEC<\/a>), caso aprovada em definitivo no Congresso, pretende unificar duas PECs que tramitaram pelo parlamento nos \u00faltimos anos, uma na C\u00e2mara e outra no Senado. Nos \u00faltimos dias, diversos pontos negociados foram inclu\u00eddos no texto para facilitar a aprova\u00e7\u00e3o.<\/p>\n\n\n\n<p>A principal mudan\u00e7a ser\u00e1 a extin\u00e7\u00e3o de cinco tributos. Tr\u00eas deles s\u00e3o federais: Programa de Integra\u00e7\u00e3o Social (<strong>PIS<\/strong>), Contribui\u00e7\u00e3o para o Financiamento da Seguridade Social (<a href=\"https:\/\/www.suno.com.br\/artigos\/cofins\/\" target=\"_blank\" rel=\"noreferrer noopener\"><strong>Cofins<\/strong><\/a>) e o Imposto sobre Produtos Industrializados (<strong>IPI<\/strong>). Esses tributos ser\u00e3o substitu\u00eddos pela Contribui\u00e7\u00e3o sobre Bens e Servi\u00e7os (<strong>CBS<\/strong>), a ser arrecadada pela Uni\u00e3o.<\/p>\n\n\n\n<p>Dois impostos a serem extintos na Reforma Tribut\u00e1ria s\u00e3o locais, o Imposto sobre a&nbsp;<a href=\"https:\/\/www.suno.com.br\/artigos\/icms\/\" target=\"_blank\" rel=\"noreferrer noopener\">Circula\u00e7\u00e3o de Mercadorias e Servi\u00e7os (<strong>ICMS<\/strong>)<\/a>, administrado pelos estados; e o Imposto sobre Servi\u00e7os (<strong>ISS<\/strong>), arrecadado pelos munic\u00edpios. Em troca, ser\u00e1 criado um <a class=\"suno-keyword\" target=\"_blank\" data-force=\"no\" data-priority=\"1\" href=\"https:\/\/www.suno.com.br\/artigos\/iva-imposto-sobre-valor-agregado\/\" rel=\"noopener\">Imposto sobre Valor Agregado<\/a> (<strong>IVA<\/strong>) dual, dividido em duas partes. Uma delas ser\u00e1 o Imposto sobre Bens e Servi\u00e7os (<strong>IBS<\/strong>), que unificar\u00e1 o ICMS e o ISS. A outra parte do IVA ser\u00e1 o CBS.<\/p>\n\n\n\n<h2 class=\"wp-block-heading\">CNI critica aumento das exce\u00e7\u00f5es<\/h2>\n\n\n\n<p>A <a class=\"suno-keyword\" target=\"_blank\" data-force=\"no\" data-priority=\"2\" href=\"https:\/\/www.suno.com.br\/artigos\/reforma-tributaria\/\" rel=\"noopener\">reforma tribut\u00e1ria<\/a> pode ser um &#8220;grande avan\u00e7o para o Brasil&#8221;, na avalia\u00e7\u00e3o da Confedera\u00e7\u00e3o Nacional da Ind\u00fastria (CNI). A entidade adverte, no entanto, que \u00e9 preciso pensar no contribuinte. &#8220;O aumento de exce\u00e7\u00f5es de forma mais ampla resulta em um imposto mais alto para todos. Quem paga essa conta \u00e9 sempre o consumidor e esse excesso pesar\u00e1, sobretudo, no bolso do brasileiro de menor renda&#8221;, afirma a entidade, em nota divulgada nesta ter\u00e7a-feira, 7.<\/p>\n\n\n\n<p>A proposta da <a class=\"suno-keyword\" target=\"_blank\" data-force=\"no\" data-priority=\"2\" href=\"https:\/\/www.suno.com.br\/artigos\/reforma-tributaria\/\" rel=\"noopener\">reforma tribut\u00e1ria<\/a> foi aprovada hoje na Comiss\u00e3o de Constitui\u00e7\u00e3o e Justi\u00e7a (CCJ) do Senado e a expectativa \u00e9 de que o texto seja analisado nesta quarta pelo plen\u00e1rio da Casa. O relator do texto, senador Eduardo Braga (MDB-AM), acatou emendas que ampliaram as exce\u00e7\u00f5es e instituiu mudan\u00e7as com o objetivo de &#8220;premiar&#8221; Estados e munic\u00edpios que aumentarem sua arrecada\u00e7\u00e3o com a reforma.<\/p>\n\n\n\n<p>Na avalia\u00e7\u00e3o da CNI, &#8220;para que a <a class=\"suno-keyword\" target=\"_blank\" data-force=\"no\" data-priority=\"2\" href=\"https:\/\/www.suno.com.br\/artigos\/reforma-tributaria\/\" rel=\"noopener\">reforma tribut\u00e1ria<\/a> seja a melhor para o Brasil, n\u00e3o pode haver novas exce\u00e7\u00f5es e as j\u00e1 admitidas devem ser revistas em prazo determinado&#8221;. A entidade defende uma reforma que tem como um de seus princ\u00edpios o fim da cumulatividade. &#8220;Para isso, \u00e9 preciso que o imposto seletivo n\u00e3o incida sobre insumos e que seja eliminado o novo tributo sobre bens prim\u00e1rios e semielaborados, que v\u00e3o onerar toda a cadeia produtiva. A reforma h\u00e1 30 anos em debate no Brasil \u00e9 boa e precisa ser boa para todos para que o Pa\u00eds cres\u00e7a, se desenvolva, crie empregos e reduza as desigualdades sociais.&#8221;<\/p>\n\n\n\n<h2 class=\"wp-block-heading\">CCJ do Senado aprova texto-base da reforma tribut\u00e1ria<\/h2>\n\n\n\n<p>Por 20 votos a 6, a Comiss\u00e3o de Constitui\u00e7\u00e3o e Justi\u00e7a (CCJ) do Senado aprovou, nesta ter\u00e7a-feira (7), o texto-base da <strong>reforma tribut\u00e1ria<\/strong> sobre o consumo. A comiss\u00e3o vota agora os destaques, que podem alterar trechos do texto principal.<\/p>\n\n\n\n<p>A expectativa \u00e9 de que a <strong>proposta de emenda \u00e0 Constitui\u00e7\u00e3o<\/strong> v\u00e1 a vota\u00e7\u00e3o no <strong>plen\u00e1rio do Senado<\/strong> nesta quarta-feira (8). Horas antes da vota\u00e7\u00e3o da CCJ, o <strong>relator da reforma tribut\u00e1ria<\/strong>, senador Eduardo Braga (MDB-AM)&nbsp; acolheu novos pedidos para incluir exce\u00e7\u00f5es no texto. Entre as mudan\u00e7as, est\u00e3o benef\u00edcios a clubes de futebol, taxistas e a amplia\u00e7\u00e3o de uma contribui\u00e7\u00e3o para a regi\u00e3o Centro-Oeste. O relator tamb\u00e9m aceitou incluir o g\u00e1s de cozinha no mecanismo de <em>cashback<\/em> (devolu\u00e7\u00e3o de dinheiro) para a popula\u00e7\u00e3o de baixa renda.<\/p>\n\n\n\n<p>Outros benef\u00edcios inclu\u00eddos no relat\u00f3rio s\u00e3o a al\u00edquota zero para medicamentos e dispositivos m\u00e9dicos comprados pelo governo e por entidades de assist\u00eancia social sem fins lucrativos, de autoria do senador Fabiano Contarato (PT-ES). Braga tamb\u00e9m acolheu emendas dos senadores Espiridi\u00e3o Amin (Progressistas-SC) e Izalci Lucas (PSDB-DF) para zerar a al\u00edquota de IBS, tributo administrado pelos estados e munic\u00edpios, para servi\u00e7os prestados por institui\u00e7\u00f5es cient\u00edficas, tecnol\u00f3gicas e de inova\u00e7\u00e3o sem fins lucrativos. Na vers\u00e3o anterior, apenas a <strong>CBS<\/strong>, tributo federal, teria a al\u00edquota zerada.<\/p>\n\n\n\n<h2 class=\"wp-block-heading\">Reforma tribut\u00e1ria: contribui\u00e7\u00e3o regional<\/h2>\n\n\n\n<p>Em rela\u00e7\u00e3o ao Centro-Oeste, Braga atendeu a uma demanda dos governadores da regi\u00e3o para ampliar, at\u00e9 2043, a contribui\u00e7\u00e3o sobre exporta\u00e7\u00f5es de gr\u00e3os, produtos prim\u00e1rios e semielaborados, que financiar\u00e1 investimentos locais em infraestrutura. Na vers\u00e3o anterior do relat\u00f3rio, o benef\u00edcio seria cobrado at\u00e9 2032, quando o Imposto sobre a Circula\u00e7\u00e3o de Mercadorias e Servi\u00e7os <strong>(ICMS<\/strong>) deixasse de existir.<\/p>\n\n\n\n<p>Diante de novas altera\u00e7\u00f5es feitas no <strong>texto do relat\u00f3rio da reforma tribut\u00e1ria<\/strong> apresentado nesta ter\u00e7a-feira \u00e0 Comiss\u00e3o de Constitui\u00e7\u00e3o e Justi\u00e7a, o relator da mat\u00e9ria, senador Eduardo Braga (MDB-AM) informou, durante a leitura do documento, que, se aprovada pelo Senado, pedir\u00e1 novo estudo do <a class=\"suno-keyword\" target=\"_blank\" data-force=\"no\" data-priority=\"2\" href=\"https:\/\/www.suno.com.br\/artigos\/ministerio-da-fazenda\/\" rel=\"noopener\">Minist\u00e9rio da Fazenda<\/a> sobre os impactos que ela poder\u00e1 ter, em especial com rela\u00e7\u00e3o \u00e0 al\u00edquota sobre o Imposto sobre o Valor Agregado (<strong>IVA<\/strong>) \u2013 que substituir\u00e1 os cinco tributos que incidem sobre o consumo.<\/p>\n\n\n\n<p>Braga chegou \u00e0 sess\u00e3o da CCJ otimista de que o relat\u00f3rio seja aprovado ainda hoje pela comiss\u00e3o, para que seja votada j\u00e1 na quarta-feira pelo plen\u00e1rio da casa. \u201cEsta \u00e9 a primeira <a class=\"suno-keyword\" target=\"_blank\" data-force=\"no\" data-priority=\"2\" href=\"https:\/\/www.suno.com.br\/artigos\/reforma-tributaria\/\" rel=\"noopener\">reforma tribut\u00e1ria<\/a> a ser executada em regime de democracia neste pa\u00eds\u201d, lembrou o senador.<\/p>\n\n\n\n<h2 class=\"wp-block-heading\">Trava<\/h2>\n\n\n\n<p>Entre os pontos descritos no relat\u00f3rio, ele destacou a inclus\u00e3o de uma trava para limitar a<strong> carga tribut\u00e1ria<\/strong> no pa\u00eds e a simplifica\u00e7\u00e3o de todo o <a class=\"suno-keyword\" target=\"_blank\" data-force=\"no\" data-priority=\"1\" href=\"https:\/\/www.suno.com.br\/artigos\/sistema-tributario\/\" rel=\"noopener\">sistema tribut\u00e1rio<\/a>. O teto para a <a class=\"suno-keyword\" target=\"_blank\" data-force=\"no\" data-priority=\"1\" href=\"https:\/\/www.suno.com.br\/artigos\/carga-tributaria\/\" rel=\"noopener\">carga tribut\u00e1ria<\/a> havia sido anunciado no fim de outubro.<\/p>\n\n\n\n<p>\u201cCom a trava que estamos oferecendo, garantimos a neutralidade tribut\u00e1ria. Se o PIB [Produto Interno Bruto, que \u00e9 a soma de todas riquezas produzidas no pa\u00eds] n\u00e3o cresce, n\u00f3s n\u00e3o podemos aumentar a carga tribut\u00e1ria. \u00c9 na realidade uma engenharia reversa da reforma administrativa, de corte de gasto e de despesa\u201d, explicou o relator.<\/p>\n\n\n\n<p>Ele destacou tamb\u00e9m o poss\u00edvel aumento de 0,5 ponto percentual previsto por Haddad para o IVA. Segundo Braga, esse aumento teve por base a an\u00e1lise feita no relat\u00f3rio preliminar apresentado no dia 25 de outubro.<\/p>\n\n\n\n<p>\u201cO texto da <strong>Reforma Tribut\u00e1ria<\/strong> apresentado representa a imensa maioria da vontade dos senadores, tanto na CCJ quanto no plen\u00e1rio do Senado\u201d, disse o senador ao comentar as altera\u00e7\u00f5es feitas pela relatoria. Ele acrescentou que \u201ctemas e pontos levantados foram amplamente discutidos para encontrarmos um texto que fosse a m\u00e9dia da demanda do colegiado\u201d.<\/p>\n\n\n\n<p><em>Com Ag\u00eancia Brasil e Estad\u00e3o Conte\u00fado<\/em><\/p>\n\n\n\t<p>\n\t\t<a href=\"https:\/\/lp.suno.com.br\/planilha-da-vida-financeira\/\" target=\"_blank\" data-element=\"shortcode-suno-banner\" title=\"Banner SUNO, clique e saiba mais\">\n\t\t\t<picture>\n\t\t\t\t<source media=\"(max-width: 500px)\" srcset=\"https:\/\/files.sunoresearch.com.br\/n\/uploads\/2023\/04\/400x300-Planilha-vida-financeira-true.png\">\n\t\t\t\t<img class=\"newsContent__article__imgCapa newsContent__article__imgCapa--banner\"\n\t\t\t\t\tsrc=\"https:\/\/files.sunoresearch.com.br\/n\/uploads\/2023\/04\/1420x240-Planilha-vida-financeira-true.png\"\n\t\t\t\t\tdata-promo-id=\"383123\"\t\t\t\t\t\t\t\t\t\twidth='1420' height='240'\t\t\t\t\talt=\"https:\/\/files.sunoresearch.com.br\/n\/uploads\/2023\/04\/1420x240-Planilha-vida-financeira-true.png\"\n\t\t\t\t>\n\t\t\t<\/picture>\n\t\t<\/a>\n\t<\/p>\n\n\n","protected":false},"excerpt":{"rendered":"<p>A reforma tribut\u00e1ria no Senado entrou em uma fase decisiva com a apresenta\u00e7\u00e3o, na quarta-feira (25), do parecer aprovado na Comiss\u00e3o de Constitui\u00e7\u00e3o e Justi\u00e7a (CCJ). Entregue pelo senador Eduardo Braga (MDB-AM), relator da proposta, o texto foi aprovado nesta ter\u00e7a (7) na comiss\u00e3o e deve ser votado no plen\u00e1rio nesta quarta, segundo as estimativas [&hellip;]<\/p>\n","protected":false},"author":98,"featured_media":231913,"comment_status":"closed","ping_status":"closed","sticky":false,"template":"","format":"standard","meta":[],"categories":[62],"tags":[704,1286,1068],"suno_strategy":[],"class_list":["post-482202","post","type-post","status-publish","format-standard","has-post-thumbnail","hentry","category-economia","tag-impostos","tag-reforma-tributaria","tag-senado-federal"],"yoast_head":"<!-- This site is optimized with the Yoast SEO plugin v24.4 - https:\/\/yoast.com\/wordpress\/plugins\/seo\/ -->\n<title>Reforma tribut\u00e1ria vai mesmo simplificar cobran\u00e7a de impostos no pa\u00eds?<\/title>\n<meta name=\"description\" content=\"A reforma tribut\u00e1ria no Senado entrou em uma fase decisiva com a apresenta\u00e7\u00e3o, na quarta (25), do parecer aprovado na CCJ.\" \/>\n<meta name=\"robots\" content=\"index, follow, max-snippet:-1, max-image-preview:large, max-video-preview:-1\" \/>\n<link rel=\"canonical\" href=\"https:\/\/www.suno.com.br\/noticias\/reforma-tributaria-cobranca-impostos-senado-tramitacao\/\" \/>\n<meta property=\"og:locale\" content=\"pt_BR\" \/>\n<meta property=\"og:type\" content=\"article\" \/>\n<meta property=\"og:title\" content=\"Reforma tribut\u00e1ria vai mesmo simplificar cobran\u00e7a de impostos no pa\u00eds?\" \/>\n<meta property=\"og:description\" content=\"A reforma tribut\u00e1ria no Senado entrou em uma fase decisiva com a apresenta\u00e7\u00e3o, na quarta (25), do parecer aprovado na CCJ.\" \/>\n<meta property=\"og:url\" content=\"https:\/\/www.suno.com.br\/noticias\/reforma-tributaria-cobranca-impostos-senado-tramitacao\/\" \/>\n<meta property=\"og:site_name\" content=\"Suno Not\u00edcias\" \/>\n<meta property=\"article:publisher\" content=\"https:\/\/facebook.com\/sunoresearch\" \/>\n<meta property=\"og:image\" content=\"https:\/\/files.sunoresearch.com.br\/n\/uploads\/2022\/02\/48359638031_672dd7fa36_o-scaled.jpg\" \/>\n\t<meta property=\"og:image:width\" content=\"2560\" \/>\n\t<meta property=\"og:image:height\" content=\"1650\" \/>\n\t<meta property=\"og:image:type\" content=\"image\/jpeg\" \/>\n<meta name=\"author\" content=\"Marco Ant\u00f4nio Lopes\" \/>\n<meta name=\"twitter:card\" content=\"summary_large_image\" \/>\n<meta name=\"twitter:creator\" content=\"@sunoresearch\" \/>\n<meta name=\"twitter:site\" content=\"@sunoresearch\" \/>\n<meta name=\"twitter:label1\" content=\"Escrito por\" \/>\n\t<meta name=\"twitter:data1\" content=\"Marco Ant\u00f4nio Lopes\" \/>\n\t<meta name=\"twitter:label2\" content=\"Est. tempo de leitura\" \/>\n\t<meta name=\"twitter:data2\" content=\"10 minutos\" \/>\n<script type=\"application\/ld+json\" class=\"yoast-schema-graph\">{\"@context\":\"https:\/\/schema.org\",\"@graph\":[{\"@type\":\"NewsArticle\",\"@id\":\"https:\/\/www.suno.com.br\/noticias\/reforma-tributaria-cobranca-impostos-senado-tramitacao\/#article\",\"isPartOf\":{\"@id\":\"https:\/\/www.suno.com.br\/noticias\/reforma-tributaria-cobranca-impostos-senado-tramitacao\/\"},\"author\":{\"name\":\"Marco Ant\u00f4nio Lopes\",\"@id\":\"https:\/\/www.suno.com.br\/noticias\/#\/schema\/person\/829bbe8d57f84333b966b96229c6bf5f\"},\"headline\":\"Reforma tribut\u00e1ria vai simplificar cobran\u00e7a de impostos no pa\u00eds? Especialista \u00e9 c\u00e9tico sobre potencial do projeto\",\"datePublished\":\"2023-11-07T23:51:28+00:00\",\"dateModified\":\"2023-11-08T00:20:03+00:00\",\"mainEntityOfPage\":{\"@id\":\"https:\/\/www.suno.com.br\/noticias\/reforma-tributaria-cobranca-impostos-senado-tramitacao\/\"},\"wordCount\":2034,\"publisher\":{\"@id\":\"https:\/\/www.suno.com.br\/noticias\/#organization\"},\"image\":{\"@id\":\"https:\/\/www.suno.com.br\/noticias\/reforma-tributaria-cobranca-impostos-senado-tramitacao\/#primaryimage\"},\"thumbnailUrl\":\"https:\/\/files.sunoresearch.com.br\/n\/uploads\/2022\/02\/48359638031_672dd7fa36_o-scaled.jpg\",\"keywords\":[\"impostos\",\"reforma tribut\u00e1ria\",\"Senado Federal\"],\"articleSection\":[\"Economia\"],\"inLanguage\":\"pt-BR\"},{\"@type\":\"WebPage\",\"@id\":\"https:\/\/www.suno.com.br\/noticias\/reforma-tributaria-cobranca-impostos-senado-tramitacao\/\",\"url\":\"https:\/\/www.suno.com.br\/noticias\/reforma-tributaria-cobranca-impostos-senado-tramitacao\/\",\"name\":\"Reforma tribut\u00e1ria vai mesmo simplificar cobran\u00e7a de impostos no pa\u00eds?\",\"isPartOf\":{\"@id\":\"https:\/\/www.suno.com.br\/noticias\/#website\"},\"primaryImageOfPage\":{\"@id\":\"https:\/\/www.suno.com.br\/noticias\/reforma-tributaria-cobranca-impostos-senado-tramitacao\/#primaryimage\"},\"image\":{\"@id\":\"https:\/\/www.suno.com.br\/noticias\/reforma-tributaria-cobranca-impostos-senado-tramitacao\/#primaryimage\"},\"thumbnailUrl\":\"https:\/\/files.sunoresearch.com.br\/n\/uploads\/2022\/02\/48359638031_672dd7fa36_o-scaled.jpg\",\"datePublished\":\"2023-11-07T23:51:28+00:00\",\"dateModified\":\"2023-11-08T00:20:03+00:00\",\"description\":\"A reforma tribut\u00e1ria no Senado entrou em uma fase decisiva com a apresenta\u00e7\u00e3o, na quarta (25), do parecer aprovado na CCJ.\",\"breadcrumb\":{\"@id\":\"https:\/\/www.suno.com.br\/noticias\/reforma-tributaria-cobranca-impostos-senado-tramitacao\/#breadcrumb\"},\"inLanguage\":\"pt-BR\",\"potentialAction\":[{\"@type\":\"ReadAction\",\"target\":[\"https:\/\/www.suno.com.br\/noticias\/reforma-tributaria-cobranca-impostos-senado-tramitacao\/\"]}]},{\"@type\":\"ImageObject\",\"inLanguage\":\"pt-BR\",\"@id\":\"https:\/\/www.suno.com.br\/noticias\/reforma-tributaria-cobranca-impostos-senado-tramitacao\/#primaryimage\",\"url\":\"https:\/\/files.sunoresearch.com.br\/n\/uploads\/2022\/02\/48359638031_672dd7fa36_o-scaled.jpg\",\"contentUrl\":\"https:\/\/files.sunoresearch.com.br\/n\/uploads\/2022\/02\/48359638031_672dd7fa36_o-scaled.jpg\",\"width\":2560,\"height\":1650,\"caption\":\"Foto: Leonardo S\u00e1\/Ag\u00eancia Senado\"},{\"@type\":\"BreadcrumbList\",\"@id\":\"https:\/\/www.suno.com.br\/noticias\/reforma-tributaria-cobranca-impostos-senado-tramitacao\/#breadcrumb\",\"itemListElement\":[{\"@type\":\"ListItem\",\"position\":1,\"name\":\"Not\u00edcias\",\"item\":\"https:\/\/www.suno.com.br\/noticias\/\"},{\"@type\":\"ListItem\",\"position\":2,\"name\":\"Economia\",\"item\":\"https:\/\/www.suno.com.br\/noticias\/economia\/\"},{\"@type\":\"ListItem\",\"position\":3,\"name\":\"Reforma tribut\u00e1ria vai simplificar cobran\u00e7a de impostos no pa\u00eds? Especialista \u00e9 c\u00e9tico sobre potencial do projeto\"}]},{\"@type\":\"WebSite\",\"@id\":\"https:\/\/www.suno.com.br\/noticias\/#website\",\"url\":\"https:\/\/www.suno.com.br\/noticias\/\",\"name\":\"Suno Not\u00edcias\",\"description\":\"Seu portal de informa\u00e7\u00e3o sobre o mundo dos investimentos\",\"publisher\":{\"@id\":\"https:\/\/www.suno.com.br\/noticias\/#organization\"},\"potentialAction\":[{\"@type\":\"SearchAction\",\"target\":{\"@type\":\"EntryPoint\",\"urlTemplate\":\"https:\/\/www.suno.com.br\/noticias\/?s={search_term_string}\"},\"query-input\":{\"@type\":\"PropertyValueSpecification\",\"valueRequired\":true,\"valueName\":\"search_term_string\"}}],\"inLanguage\":\"pt-BR\"},{\"@type\":\"Organization\",\"@id\":\"https:\/\/www.suno.com.br\/noticias\/#organization\",\"name\":\"Suno Not\u00edcias\",\"url\":\"https:\/\/www.suno.com.br\/noticias\/\",\"logo\":{\"@type\":\"ImageObject\",\"inLanguage\":\"pt-BR\",\"@id\":\"https:\/\/www.suno.com.br\/noticias\/#\/schema\/logo\/image\/\",\"url\":\"https:\/\/files.sunoresearch.com.br\/n\/uploads\/2021\/09\/suno-logo.png\",\"contentUrl\":\"https:\/\/files.sunoresearch.com.br\/n\/uploads\/2021\/09\/suno-logo.png\",\"width\":180,\"height\":180,\"caption\":\"Suno Not\u00edcias\"},\"image\":{\"@id\":\"https:\/\/www.suno.com.br\/noticias\/#\/schema\/logo\/image\/\"},\"sameAs\":[\"https:\/\/facebook.com\/sunoresearch\",\"https:\/\/x.com\/sunoresearch\",\"https:\/\/www.instagram.com\/suno\",\"https:\/\/www.linkedin.com\/company\/suno-research\/\",\"https:\/\/www.youtube.com\/c\/sunoresearch\"]},{\"@type\":\"Person\",\"@id\":\"https:\/\/www.suno.com.br\/noticias\/#\/schema\/person\/829bbe8d57f84333b966b96229c6bf5f\",\"name\":\"Marco Ant\u00f4nio Lopes\",\"image\":{\"@type\":\"ImageObject\",\"inLanguage\":\"pt-BR\",\"@id\":\"https:\/\/www.suno.com.br\/noticias\/#\/schema\/person\/image\/\",\"url\":\"https:\/\/secure.gravatar.com\/avatar\/385167b012fbc1cde32c5446ee253313?s=96&r=g\",\"contentUrl\":\"https:\/\/secure.gravatar.com\/avatar\/385167b012fbc1cde32c5446ee253313?s=96&r=g\",\"caption\":\"Marco Ant\u00f4nio Lopes\"},\"description\":\"Jornalista, \u00e9 editor no Suno Not\u00edcias. Trabalhou nas revistas Playboy, Super, Veja Comer &amp; Beber, Homem Vogue e Universo Masculino, al\u00e9m dos portais Abril.com, R7, nas editorias de Home, Esportes, Hora 7, Entretenimento e Geral, e Eu Quero Investir. Autor do livro Bruce Lee: Definitivo (Editora Conrad). Colaborou nas revistas Nova, Veja SP, Grandes Guerras, Placar, Bizz, Casa Claudia e Quatro Rodas.\",\"url\":\"https:\/\/www.suno.com.br\/noticias\/author\/marco-lopes\/\"}]}<\/script>\n<!-- \/ Yoast SEO plugin. -->","yoast_head_json":{"title":"Reforma tribut\u00e1ria vai mesmo simplificar cobran\u00e7a de impostos no pa\u00eds?","description":"A reforma tribut\u00e1ria no Senado entrou em uma fase decisiva com a apresenta\u00e7\u00e3o, na quarta (25), do parecer aprovado na CCJ.","robots":{"index":"index","follow":"follow","max-snippet":"max-snippet:-1","max-image-preview":"max-image-preview:large","max-video-preview":"max-video-preview:-1"},"canonical":"https:\/\/www.suno.com.br\/noticias\/reforma-tributaria-cobranca-impostos-senado-tramitacao\/","og_locale":"pt_BR","og_type":"article","og_title":"Reforma tribut\u00e1ria vai mesmo simplificar cobran\u00e7a de impostos no pa\u00eds?","og_description":"A reforma tribut\u00e1ria no Senado entrou em uma fase decisiva com a apresenta\u00e7\u00e3o, na quarta (25), do parecer aprovado na CCJ.","og_url":"https:\/\/www.suno.com.br\/noticias\/reforma-tributaria-cobranca-impostos-senado-tramitacao\/","og_site_name":"Suno Not\u00edcias","article_publisher":"https:\/\/facebook.com\/sunoresearch","og_image":[{"width":2560,"height":1650,"url":"https:\/\/files.sunoresearch.com.br\/n\/uploads\/2022\/02\/48359638031_672dd7fa36_o-scaled.jpg","type":"image\/jpeg"}],"author":"Marco Ant\u00f4nio Lopes","twitter_card":"summary_large_image","twitter_creator":"@sunoresearch","twitter_site":"@sunoresearch","twitter_misc":{"Escrito por":"Marco Ant\u00f4nio Lopes","Est. tempo de leitura":"10 minutos"},"schema":{"@context":"https:\/\/schema.org","@graph":[{"@type":"NewsArticle","@id":"https:\/\/www.suno.com.br\/noticias\/reforma-tributaria-cobranca-impostos-senado-tramitacao\/#article","isPartOf":{"@id":"https:\/\/www.suno.com.br\/noticias\/reforma-tributaria-cobranca-impostos-senado-tramitacao\/"},"author":{"name":"Marco Ant\u00f4nio Lopes","@id":"https:\/\/www.suno.com.br\/noticias\/#\/schema\/person\/829bbe8d57f84333b966b96229c6bf5f"},"headline":"Reforma tribut\u00e1ria vai simplificar cobran\u00e7a de impostos no pa\u00eds? Especialista \u00e9 c\u00e9tico sobre potencial do projeto","datePublished":"2023-11-07T23:51:28+00:00","dateModified":"2023-11-08T00:20:03+00:00","mainEntityOfPage":{"@id":"https:\/\/www.suno.com.br\/noticias\/reforma-tributaria-cobranca-impostos-senado-tramitacao\/"},"wordCount":2034,"publisher":{"@id":"https:\/\/www.suno.com.br\/noticias\/#organization"},"image":{"@id":"https:\/\/www.suno.com.br\/noticias\/reforma-tributaria-cobranca-impostos-senado-tramitacao\/#primaryimage"},"thumbnailUrl":"https:\/\/files.sunoresearch.com.br\/n\/uploads\/2022\/02\/48359638031_672dd7fa36_o-scaled.jpg","keywords":["impostos","reforma tribut\u00e1ria","Senado Federal"],"articleSection":["Economia"],"inLanguage":"pt-BR"},{"@type":"WebPage","@id":"https:\/\/www.suno.com.br\/noticias\/reforma-tributaria-cobranca-impostos-senado-tramitacao\/","url":"https:\/\/www.suno.com.br\/noticias\/reforma-tributaria-cobranca-impostos-senado-tramitacao\/","name":"Reforma tribut\u00e1ria vai mesmo simplificar cobran\u00e7a de impostos no pa\u00eds?","isPartOf":{"@id":"https:\/\/www.suno.com.br\/noticias\/#website"},"primaryImageOfPage":{"@id":"https:\/\/www.suno.com.br\/noticias\/reforma-tributaria-cobranca-impostos-senado-tramitacao\/#primaryimage"},"image":{"@id":"https:\/\/www.suno.com.br\/noticias\/reforma-tributaria-cobranca-impostos-senado-tramitacao\/#primaryimage"},"thumbnailUrl":"https:\/\/files.sunoresearch.com.br\/n\/uploads\/2022\/02\/48359638031_672dd7fa36_o-scaled.jpg","datePublished":"2023-11-07T23:51:28+00:00","dateModified":"2023-11-08T00:20:03+00:00","description":"A reforma tribut\u00e1ria no Senado entrou em uma fase decisiva com a apresenta\u00e7\u00e3o, na quarta (25), do parecer aprovado na CCJ.","breadcrumb":{"@id":"https:\/\/www.suno.com.br\/noticias\/reforma-tributaria-cobranca-impostos-senado-tramitacao\/#breadcrumb"},"inLanguage":"pt-BR","potentialAction":[{"@type":"ReadAction","target":["https:\/\/www.suno.com.br\/noticias\/reforma-tributaria-cobranca-impostos-senado-tramitacao\/"]}]},{"@type":"ImageObject","inLanguage":"pt-BR","@id":"https:\/\/www.suno.com.br\/noticias\/reforma-tributaria-cobranca-impostos-senado-tramitacao\/#primaryimage","url":"https:\/\/files.sunoresearch.com.br\/n\/uploads\/2022\/02\/48359638031_672dd7fa36_o-scaled.jpg","contentUrl":"https:\/\/files.sunoresearch.com.br\/n\/uploads\/2022\/02\/48359638031_672dd7fa36_o-scaled.jpg","width":2560,"height":1650,"caption":"Foto: Leonardo S\u00e1\/Ag\u00eancia Senado"},{"@type":"BreadcrumbList","@id":"https:\/\/www.suno.com.br\/noticias\/reforma-tributaria-cobranca-impostos-senado-tramitacao\/#breadcrumb","itemListElement":[{"@type":"ListItem","position":1,"name":"Not\u00edcias","item":"https:\/\/www.suno.com.br\/noticias\/"},{"@type":"ListItem","position":2,"name":"Economia","item":"https:\/\/www.suno.com.br\/noticias\/economia\/"},{"@type":"ListItem","position":3,"name":"Reforma tribut\u00e1ria vai simplificar cobran\u00e7a de impostos no pa\u00eds? Especialista \u00e9 c\u00e9tico sobre potencial do projeto"}]},{"@type":"WebSite","@id":"https:\/\/www.suno.com.br\/noticias\/#website","url":"https:\/\/www.suno.com.br\/noticias\/","name":"Suno Not\u00edcias","description":"Seu portal de informa\u00e7\u00e3o sobre o mundo dos investimentos","publisher":{"@id":"https:\/\/www.suno.com.br\/noticias\/#organization"},"potentialAction":[{"@type":"SearchAction","target":{"@type":"EntryPoint","urlTemplate":"https:\/\/www.suno.com.br\/noticias\/?s={search_term_string}"},"query-input":{"@type":"PropertyValueSpecification","valueRequired":true,"valueName":"search_term_string"}}],"inLanguage":"pt-BR"},{"@type":"Organization","@id":"https:\/\/www.suno.com.br\/noticias\/#organization","name":"Suno Not\u00edcias","url":"https:\/\/www.suno.com.br\/noticias\/","logo":{"@type":"ImageObject","inLanguage":"pt-BR","@id":"https:\/\/www.suno.com.br\/noticias\/#\/schema\/logo\/image\/","url":"https:\/\/files.sunoresearch.com.br\/n\/uploads\/2021\/09\/suno-logo.png","contentUrl":"https:\/\/files.sunoresearch.com.br\/n\/uploads\/2021\/09\/suno-logo.png","width":180,"height":180,"caption":"Suno Not\u00edcias"},"image":{"@id":"https:\/\/www.suno.com.br\/noticias\/#\/schema\/logo\/image\/"},"sameAs":["https:\/\/facebook.com\/sunoresearch","https:\/\/x.com\/sunoresearch","https:\/\/www.instagram.com\/suno","https:\/\/www.linkedin.com\/company\/suno-research\/","https:\/\/www.youtube.com\/c\/sunoresearch"]},{"@type":"Person","@id":"https:\/\/www.suno.com.br\/noticias\/#\/schema\/person\/829bbe8d57f84333b966b96229c6bf5f","name":"Marco Ant\u00f4nio Lopes","image":{"@type":"ImageObject","inLanguage":"pt-BR","@id":"https:\/\/www.suno.com.br\/noticias\/#\/schema\/person\/image\/","url":"https:\/\/secure.gravatar.com\/avatar\/385167b012fbc1cde32c5446ee253313?s=96&r=g","contentUrl":"https:\/\/secure.gravatar.com\/avatar\/385167b012fbc1cde32c5446ee253313?s=96&r=g","caption":"Marco Ant\u00f4nio Lopes"},"description":"Jornalista, \u00e9 editor no Suno Not\u00edcias. Trabalhou nas revistas Playboy, Super, Veja Comer &amp; Beber, Homem Vogue e Universo Masculino, al\u00e9m dos portais Abril.com, R7, nas editorias de Home, Esportes, Hora 7, Entretenimento e Geral, e Eu Quero Investir. Autor do livro Bruce Lee: Definitivo (Editora Conrad). Colaborou nas revistas Nova, Veja SP, Grandes Guerras, Placar, Bizz, Casa Claudia e Quatro Rodas.","url":"https:\/\/www.suno.com.br\/noticias\/author\/marco-lopes\/"}]}},"default_loop_html":"<div class=\"cardsPage__listCard__boxs\"><div class=\"cardsPage__listCard__boxs__img\"><a href=\"https:\/\/www.suno.com.br\/noticias\/reforma-tributaria-cobranca-impostos-senado-tramitacao\/\"><img class=\"mask\" src=\"https:\/\/www.suno.com.br\/noticias\/wp-content\/themes\/suno\/resources\/images\/spotlight\/spotlight1img\/bg-mask.png\" alt=\"Image Mask\"\/><img src=\"https:\/\/files.sunoresearch.com.br\/n\/uploads\/2022\/02\/48359638031_672dd7fa36_o-400x200.jpg\" alt=\"Reforma tribut\u00e1ria vai simplificar cobran\u00e7a de impostos no pa\u00eds? Especialista \u00e9 c\u00e9tico sobre potencial do projeto\"\/><\/a><span class=\"spotlightCategory\"><a href=\"https:\/\/www.suno.com.br\/noticias\/economia\/\">Economia<\/a><\/span><\/div><div class=\"cardsPage__listCard__boxs__content\"><a href=\"https:\/\/www.suno.com.br\/noticias\/reforma-tributaria-cobranca-impostos-senado-tramitacao\/\"><h2 class=\"content__title\">Reforma tribut\u00e1ria vai simplificar cobran\u00e7a de impostos no pa\u00eds? Especialista \u00e9 c\u00e9tico sobre potencial do projeto<\/h2><\/a><div class=\"newsContent__article__meta\"><div class=\"newsContent__article__meta__authorBox\"><a href=\"https:\/\/www.suno.com.br\/noticias\/author\/redacao-suno\/\" class=\"authorBox__avatar noMobi\"><img src=\"https:\/\/files.sunoresearch.com.br\/n\/uploads\/2020\/08\/0ace682d-redacao-1-150x150.webp\" alt=\"Reda\u00e7\u00e3o Suno Not\u00edcias\"><\/a><div class=\"authorBox__name\"><span>por\n\t\t\t<a href=\"https:\/\/www.suno.com.br\/noticias\/author\/redacao-suno\/\"><span itemprop=\"author\">Reda\u00e7\u00e3o Suno Not\u00edcias<\/span><\/a><\/span><time datetime=\"2023-11-07T20:51:28-03:00\" itemprop=\"datePublished\">07\/11\/2023 20:51<\/time><\/div><\/div><\/div><\/div><\/div>","single_layout":"posts","amp_enabled":true,"_links":{"self":[{"href":"https:\/\/www.suno.com.br\/noticias\/wp-json\/wp\/v2\/posts\/482202"}],"collection":[{"href":"https:\/\/www.suno.com.br\/noticias\/wp-json\/wp\/v2\/posts"}],"about":[{"href":"https:\/\/www.suno.com.br\/noticias\/wp-json\/wp\/v2\/types\/post"}],"author":[{"embeddable":true,"href":"https:\/\/www.suno.com.br\/noticias\/wp-json\/wp\/v2\/users\/98"}],"replies":[{"embeddable":true,"href":"https:\/\/www.suno.com.br\/noticias\/wp-json\/wp\/v2\/comments?post=482202"}],"version-history":[{"count":2,"href":"https:\/\/www.suno.com.br\/noticias\/wp-json\/wp\/v2\/posts\/482202\/revisions"}],"predecessor-version":[{"id":482319,"href":"https:\/\/www.suno.com.br\/noticias\/wp-json\/wp\/v2\/posts\/482202\/revisions\/482319"}],"wp:featuredmedia":[{"embeddable":true,"href":"https:\/\/www.suno.com.br\/noticias\/wp-json\/wp\/v2\/media\/231913"}],"wp:attachment":[{"href":"https:\/\/www.suno.com.br\/noticias\/wp-json\/wp\/v2\/media?parent=482202"}],"wp:term":[{"taxonomy":"category","embeddable":true,"href":"https:\/\/www.suno.com.br\/noticias\/wp-json\/wp\/v2\/categories?post=482202"},{"taxonomy":"post_tag","embeddable":true,"href":"https:\/\/www.suno.com.br\/noticias\/wp-json\/wp\/v2\/tags?post=482202"},{"taxonomy":"suno_strategy","embeddable":true,"href":"https:\/\/www.suno.com.br\/noticias\/wp-json\/wp\/v2\/suno_strategy?post=482202"}],"curies":[{"name":"wp","href":"https:\/\/api.w.org\/{rel}","templated":true}]}}