{"id":48187,"date":"2019-12-18T10:25:49","date_gmt":"2019-12-18T12:25:49","guid":{"rendered":"https:\/\/www.suno.com.br\/noticias\/?p=48187"},"modified":"2021-06-14T00:23:29","modified_gmt":"2021-06-14T03:23:29","slug":"agenda-do-dia-eletrobras-odebrecht-enel-itau-bba-hypera","status":"publish","type":"post","link":"https:\/\/www.suno.com.br\/noticias\/agenda-do-dia-eletrobras-odebrecht-enel-itau-bba-hypera\/","title":{"rendered":"Agenda do Dia: Eletrobras; Odebrecht; Enel; Ita\u00fa BBA; Hypera"},"content":{"rendered":"<p>Os assuntos da Agenda do Dia desta quarta-feira (18) prometem mexer com o mercado interno e o externo.<\/p>\t<div class=\"wrapper-featured-image\">\n\t\t<figure class=\"spotlightImg\">\n\n\t\t\t<picture>\n\t\t\t\t<source media=\"(max-width: 768px)\" srcset=\"https:\/\/files.sunoresearch.com.br\/n\/uploads\/2019\/07\/68f86aaa-eletrobras-400x200.webp\">\n\t\t\t\t<img loading=\"lazy\" decoding=\"async\" class=\"newsContent__article__imgCapa lazyloadDisabled newsContent__article__imgCapa--noCaption\" src=\"https:\/\/files.sunoresearch.com.br\/n\/uploads\/2019\/07\/68f86aaa-eletrobras-800x450.webp\" width=\"800\" height=\"450\" alt=\"Agenda do Dia: Eletrobras; Odebrecht; Enel; Ita\u00fa BBA; Hypera\" fetchpriority=high \/>\n\t\t\t<\/picture>\n\n\t\t\t<figcaption class=\"wp-caption-text wp-caption-text--hide\">Eletrobras <\/figcaption>\n\t\t<\/figure>\n\t<\/div>\n\n\n\n<p>A <strong>Eletrobras<\/strong> est\u00e1 encontrando dificuldades na C\u00e2mara para sua <b>privatiza\u00e7\u00e3o<\/b>. Enquanto isso, o <strong>Ita\u00fa<\/strong> <strong>BBA<\/strong> est\u00e1 reabrindo seu banco em Portugal para se preparar para o <strong>Brexit. <\/strong>Estas e outras not\u00edcias fazem parte da <strong>Agenda do Dia<\/strong> desta quarta.<\/p>\n<p>A Agenda do Dia conta tamb\u00e9m com a not\u00edcia sobre a <strong>Hypera<\/strong>, que adquiriu ativos da Boehringer no Brasil.<\/p>\n<p>Confira os principais pontos da Agenda do Dia:<\/p>\n<h2>Eletrobras<\/h2>\n<p>O texto para a <a href=\"https:\/\/www.suno.com.br\/artigos\/privatizacao\/\"><strong>privatiza\u00e7\u00e3o<\/strong><\/a> da Eletrobras (<strong><a href=\"https:\/\/www.suno.com.br\/acoes\/elet6\/\">ELET6<\/a><\/strong>), enviado \u00e0 <strong>C\u00e2mara dos Deputados<\/strong> ap\u00f3s a aprova\u00e7\u00e3o da <strong>reforma da previd\u00eancia<\/strong>, em novembro, chegar\u00e1 ao recesso de final de ano sem iniciar a tramita\u00e7\u00e3o.<\/p>\n<p>A proposta de privatiza\u00e7\u00e3o da <strong>Eletrobras<\/strong> ainda depende de um despacho do presidente da casa, Rodrigo Maia (DEM-RJ). Para isso, ele aguarda os l\u00edderes do governo convencerem os senadores da import\u00e2ncia do andamento do texto. \u00c9 poss\u00edvel que seja criada uma comiss\u00e3o especial, com o objetivo de debater o assunto, nos moldes do que ocorreu na legislatura passada.<\/p>\n<p><a href=\"https:\/\/www.suno.com.br\/noticias\/klabin-juros-capital-proprio-pagamento\/\">Veja tamb\u00e9m: Klabin anuncia pagamento de R$ 200 milh\u00f5es em juros sobre capital pr\u00f3prio<\/a><\/p>\n<p>Ademais, a proposta tamb\u00e9m ainda n\u00e3o tem um relator, mesmo que informal. O deputado Fernando Filho (DEM-PE), ex-ministro de Minas e Energia, \u00e9 o mais cotado para assumir a fun\u00e7\u00e3o.<\/p>\n<h2>Ita\u00fa BBA<\/h2>\n<p>O Ita\u00fa reabriu o <strong>Ita\u00fa BBA Internacional<\/strong> em <strong>Lisboa<\/strong>, para se preparar para os impactos que a sa\u00edda do <strong>Reino<\/strong> <strong>Unido<\/strong> da <strong>Uni\u00e3o<\/strong> <strong>Europeia<\/strong> ir\u00e1 trazer para a institui\u00e7\u00e3o. As opera\u00e7\u00f5es devem come\u00e7ar no come\u00e7o do ano que vem, j\u00e1 que o banco espera somento um aval do Banco de Portugal para atuar.<\/p>\n<p>Segundo informa\u00e7\u00f5es do jornal &#8220;O Estado de S. Paulo&#8221;, a unidade de Lisboa ser\u00e1 uma parte complementar do Ita\u00fa de Londres. Dessa forma, a institui\u00e7\u00e3o ser\u00e1 uma subsidi\u00e1ria comandada pelo CEO do Ita\u00fa no Reino Unido, Renato Lulia-Jacob.<\/p>\n<p>Aproximadamente 80 empregados ir\u00e3o atuar na nova unidade, sendo que alguns ser\u00e3o de outros n\u00facleos da institui\u00e7\u00e3o na Europa. Em novembro, o Ita\u00fa BBA comemorou 25 anos de Europa. O banco come\u00e7ou a atuar no continente justamente em Lisboa. A unidade de Londres foi aberta apenas em 2010. Ap\u00f3s a abertura no centro financeiro europeu, as opera\u00e7\u00f5es do Ita\u00fa em Lisboa diminu\u00edram. Vale destacar tamb\u00e9m que o Ita\u00fa tamb\u00e9m atua na Su\u00ed\u00e7a.<\/p>\n<h2>Odebrecht<\/h2>\n<p>Os bancos: BNDES, Banco do Brasil, Bradesco, Ita\u00fa e Santander devem ter reuni\u00f5es nesta reta final do ano para decidir sobre a participa\u00e7\u00e3o da <strong>Odebrecht<\/strong> na petroqu\u00edmica <strong>Braskem<\/strong>. O objetivo \u00e9 terminar o ano com algo s\u00f3lido em rela\u00e7\u00e3o ao acordo sobre a Braskem.<\/p>\n<p>No dia 29 de janeiro, dever\u00e1 ocorrer a assembleia de credores para a vota\u00e7\u00e3o do plano de recupera\u00e7\u00e3o do grupo Odebrecht. A participa\u00e7\u00e3o acion\u00e1ria de 50,1% da empreiteira na Braskem, que se encontra sob poder do BNDES e dos outros quatro bancos est\u00e1 em jogo.<\/p>\n<h2>Enel<\/h2>\n<div>O <strong>Grupo<\/strong> <strong>Enel<\/strong> venceu uma causa, em primeira inst\u00e2ncia, na Justi\u00e7a do Rio de Janeiro. A a\u00e7\u00e3o foi movida por Furnas e era relacionada a um acordo firmado com a Companhia de Interconex\u00e3o Energ\u00e9tica (<strong>Enel Cien<\/strong>), uma companhia do grupo italiano encarregada do interc\u00e2mbio el\u00e9trico entre Argentina e Brasil.<\/div>\n<p>A Enel cobrava um valor de aproximadamente R$ 830 milh\u00f5es \u00e0 Enel Cien. O valor foi cobrado porque a <strong>Cien<\/strong> n\u00e3o cumpriu o contrato de fornecimento de energia importada da Argentina.<\/p>\n<h2>Hypera<\/h2>\n<p>A <a href=\"https:\/\/www.suno.com.br\/acoes\/hype3\/\"><strong>Hypera<\/strong> (HYPE3)<\/a> comunicou que adquiriu ativos da Boehringer no Brasil pelo valor total de R$ 1,3 bilh\u00e3o, como as marcas Buscopan e Buscofem.<\/p>\n<p>\u201cO Buscopan atualmente \u00e9 a marca l\u00edder no segmento de antiespasm\u00f3dico no Brasil, e a fam\u00edlia Buscopan e Buscofem a segunda maior franquia no mercado de OTC no Brasil. O contrato estabelece os termos para o fechamento e implementa\u00e7\u00e3o da aquisi\u00e7\u00e3o dos Ativos, entre elas, a aprova\u00e7\u00e3o da autoridade antitruste e outras condi\u00e7\u00f5es relevantes\u201d, informa a empresa.<\/p>\n<h2>Notre Dame<\/h2>\n<p>A <strong>Notre<\/strong> <strong>Dame<\/strong> anunciou na \u00faltima ter\u00e7a-feira (17) que est\u00e1 negociando a aquisi\u00e7\u00e3o de uma concorrente em S\u00e3o Paulo, a <strong>Ecole<\/strong> <strong>Servi\u00e7os<\/strong> <strong>M\u00e9dicos<\/strong> <strong>Ltda<\/strong>. De acordo com a empresa, o valor da compra \u00e9 de R$ 49 milh\u00f5es e o pre\u00e7o est\u00e1 sujeito a \u201cajuste em face do endividamento l\u00edquido\u201d.<\/p>\n<p><a href=\"https:\/\/www.suno.com.br\/noticias\/fgts-saque-novembro-dezembro-caixa-federal-economica\/\">Veja tamb\u00e9m: Saque do FGTS \u00e9 liberado para nascidos em novembro e dezembro<\/a><\/p>\n<p>A Ecole possui cerca de 45 mil clientes, incluindo pessoas que residem na capital, Regi\u00e3o Metropolitana e em alguns munic\u00edpios do interior de S\u00e3o Paulo. De acordo com a Notre Dame, a Ecole faturou R$ 68 milh\u00f5es em 2018.<\/p>\n<h2>Renova Energia<\/h2>\n<p>A <strong>Renova<\/strong> <strong>Energia<\/strong> protocolou seu plano de Recupera\u00e7\u00e3o Judicial na \u00faltima ter\u00e7a-feira (17) na segunda Vara de Fal\u00eancias e Recupera\u00e7\u00f5es Judiciais do Estado de S\u00e3o Paulo. O pedido de recupera\u00e7\u00e3o foi realizado no dia 16 de outubro deste ano. A empresa possu\u00eda, na \u00e9poca, d\u00edvidas que ultrapassavam a casa dos R$ 3 bilh\u00f5es.<\/p>\n<p>A <strong>Agenda<\/strong> <strong>do<\/strong> <strong>Dia<\/strong> da <a style=\"font-size: 1.21429rem;\" href=\"https:\/\/www.youtube.com\/channel\/UCWDeEIDAIi_oYKDiqwfGyRg\/videos\">Suno<\/a> mostra os principais acontecimentos que prometem movimentar o mercado durante o dia.<\/p>\n\n","protected":false},"excerpt":{"rendered":"<p>Os assuntos da Agenda do Dia desta quarta-feira (18) prometem mexer com o mercado interno e o externo. Eletrobras A Eletrobras est\u00e1 encontrando dificuldades na C\u00e2mara para sua privatiza\u00e7\u00e3o. Enquanto isso, o Ita\u00fa BBA est\u00e1 reabrindo seu banco em Portugal para se preparar para o Brexit. Estas e outras not\u00edcias fazem parte da Agenda do [&hellip;]<\/p>\n","protected":false},"author":19,"featured_media":29680,"comment_status":"closed","ping_status":"closed","sticky":false,"template":"","format":"standard","meta":[],"categories":[64],"tags":[1980,455,816,519,512,783],"suno_strategy":[],"class_list":["post-48187","post","type-post","status-publish","format-standard","has-post-thumbnail","hentry","category-negocios","tag-agenda-do-dia","tag-eletrobras-elet3-elet5-elet6","tag-enel","tag-itau-unibanco-itub3-itub4","tag-notredame-intermedica-gndi3","tag-odebrecht"],"yoast_head":"<!-- This site is optimized with the Yoast SEO plugin v24.4 - https:\/\/yoast.com\/wordpress\/plugins\/seo\/ -->\n<title>Agenda do Dia: Eletrobras; Odebrecht; Enel; Ita\u00fa BBA; Hypera<\/title>\n<meta name=\"description\" content=\"Agenda do Dia: privatiza\u00e7\u00e3o da Eletrobras; participa\u00e7\u00e3o da Odebrecht na Braskem; Enel; Ita\u00fa BBA operando em Portugal; Hypera. Saiba mais.\" \/>\n<meta name=\"robots\" content=\"index, follow, max-snippet:-1, max-image-preview:large, max-video-preview:-1\" \/>\n<link rel=\"canonical\" href=\"https:\/\/www.suno.com.br\/noticias\/agenda-do-dia-eletrobras-odebrecht-enel-itau-bba-hypera\/\" \/>\n<meta property=\"og:locale\" content=\"pt_BR\" \/>\n<meta property=\"og:type\" content=\"article\" \/>\n<meta property=\"og:title\" content=\"Agenda do Dia: Eletrobras; Odebrecht; Enel; Ita\u00fa BBA; Hypera\" \/>\n<meta property=\"og:description\" content=\"Agenda do Dia: privatiza\u00e7\u00e3o da Eletrobras; participa\u00e7\u00e3o da Odebrecht na Braskem; Enel; Ita\u00fa BBA operando em Portugal; Hypera. Saiba mais.\" \/>\n<meta property=\"og:url\" content=\"https:\/\/www.suno.com.br\/noticias\/agenda-do-dia-eletrobras-odebrecht-enel-itau-bba-hypera\/\" \/>\n<meta property=\"og:site_name\" content=\"Suno Not\u00edcias\" \/>\n<meta property=\"article:publisher\" content=\"https:\/\/facebook.com\/sunoresearch\" \/>\n<meta property=\"og:image\" content=\"https:\/\/files.sunoresearch.com.br\/n\/uploads\/2019\/07\/68f86aaa-eletrobras.jpeg\" \/>\n\t<meta property=\"og:image:width\" content=\"868\" \/>\n\t<meta property=\"og:image:height\" content=\"644\" \/>\n\t<meta property=\"og:image:type\" content=\"image\/jpeg\" \/>\n<meta name=\"author\" content=\"Juliano Passaro\" \/>\n<meta name=\"twitter:card\" content=\"summary_large_image\" \/>\n<meta name=\"twitter:creator\" content=\"@sunoresearch\" \/>\n<meta name=\"twitter:site\" content=\"@sunoresearch\" \/>\n<meta name=\"twitter:label1\" content=\"Escrito por\" \/>\n\t<meta name=\"twitter:data1\" content=\"Juliano Passaro\" \/>\n\t<meta name=\"twitter:label2\" content=\"Est. tempo de leitura\" \/>\n\t<meta name=\"twitter:data2\" content=\"4 minutos\" \/>\n<script type=\"application\/ld+json\" class=\"yoast-schema-graph\">{\"@context\":\"https:\/\/schema.org\",\"@graph\":[{\"@type\":\"NewsArticle\",\"@id\":\"https:\/\/www.suno.com.br\/noticias\/agenda-do-dia-eletrobras-odebrecht-enel-itau-bba-hypera\/#article\",\"isPartOf\":{\"@id\":\"https:\/\/www.suno.com.br\/noticias\/agenda-do-dia-eletrobras-odebrecht-enel-itau-bba-hypera\/\"},\"author\":{\"name\":\"Juliano Passaro\",\"@id\":\"https:\/\/www.suno.com.br\/noticias\/#\/schema\/person\/1db762f78ffd8919a648a63e425953e3\"},\"headline\":\"Agenda do Dia: Eletrobras; Odebrecht; Enel; Ita\u00fa BBA; Hypera\",\"datePublished\":\"2019-12-18T12:25:49+00:00\",\"dateModified\":\"2021-06-14T03:23:29+00:00\",\"mainEntityOfPage\":{\"@id\":\"https:\/\/www.suno.com.br\/noticias\/agenda-do-dia-eletrobras-odebrecht-enel-itau-bba-hypera\/\"},\"wordCount\":897,\"publisher\":{\"@id\":\"https:\/\/www.suno.com.br\/noticias\/#organization\"},\"image\":{\"@id\":\"https:\/\/www.suno.com.br\/noticias\/agenda-do-dia-eletrobras-odebrecht-enel-itau-bba-hypera\/#primaryimage\"},\"thumbnailUrl\":\"https:\/\/files.sunoresearch.com.br\/n\/uploads\/2019\/07\/68f86aaa-eletrobras-jpeg.webp\",\"keywords\":[\"agenda do dia\",\"Eletrobras (ELET3\/ELET5\/ELET6)\",\"Enel\",\"Ita\u00fa Unibanco (ITUB3\/ITUB4)\",\"NotreDame Intermedica (GNDI3)\",\"Odebrecht\"],\"articleSection\":[\"Neg\u00f3cios\"],\"inLanguage\":\"pt-BR\"},{\"@type\":\"WebPage\",\"@id\":\"https:\/\/www.suno.com.br\/noticias\/agenda-do-dia-eletrobras-odebrecht-enel-itau-bba-hypera\/\",\"url\":\"https:\/\/www.suno.com.br\/noticias\/agenda-do-dia-eletrobras-odebrecht-enel-itau-bba-hypera\/\",\"name\":\"Agenda do Dia: Eletrobras; Odebrecht; Enel; Ita\u00fa BBA; Hypera\",\"isPartOf\":{\"@id\":\"https:\/\/www.suno.com.br\/noticias\/#website\"},\"primaryImageOfPage\":{\"@id\":\"https:\/\/www.suno.com.br\/noticias\/agenda-do-dia-eletrobras-odebrecht-enel-itau-bba-hypera\/#primaryimage\"},\"image\":{\"@id\":\"https:\/\/www.suno.com.br\/noticias\/agenda-do-dia-eletrobras-odebrecht-enel-itau-bba-hypera\/#primaryimage\"},\"thumbnailUrl\":\"https:\/\/files.sunoresearch.com.br\/n\/uploads\/2019\/07\/68f86aaa-eletrobras-jpeg.webp\",\"datePublished\":\"2019-12-18T12:25:49+00:00\",\"dateModified\":\"2021-06-14T03:23:29+00:00\",\"description\":\"Agenda do Dia: privatiza\u00e7\u00e3o da Eletrobras; participa\u00e7\u00e3o da Odebrecht na Braskem; Enel; Ita\u00fa BBA operando em Portugal; Hypera. Saiba mais.\",\"breadcrumb\":{\"@id\":\"https:\/\/www.suno.com.br\/noticias\/agenda-do-dia-eletrobras-odebrecht-enel-itau-bba-hypera\/#breadcrumb\"},\"inLanguage\":\"pt-BR\",\"potentialAction\":[{\"@type\":\"ReadAction\",\"target\":[\"https:\/\/www.suno.com.br\/noticias\/agenda-do-dia-eletrobras-odebrecht-enel-itau-bba-hypera\/\"]}]},{\"@type\":\"ImageObject\",\"inLanguage\":\"pt-BR\",\"@id\":\"https:\/\/www.suno.com.br\/noticias\/agenda-do-dia-eletrobras-odebrecht-enel-itau-bba-hypera\/#primaryimage\",\"url\":\"https:\/\/files.sunoresearch.com.br\/n\/uploads\/2019\/07\/68f86aaa-eletrobras-jpeg.webp\",\"contentUrl\":\"https:\/\/files.sunoresearch.com.br\/n\/uploads\/2019\/07\/68f86aaa-eletrobras-jpeg.webp\",\"width\":868,\"height\":644,\"caption\":\"Eletrobras\"},{\"@type\":\"BreadcrumbList\",\"@id\":\"https:\/\/www.suno.com.br\/noticias\/agenda-do-dia-eletrobras-odebrecht-enel-itau-bba-hypera\/#breadcrumb\",\"itemListElement\":[{\"@type\":\"ListItem\",\"position\":1,\"name\":\"Not\u00edcias\",\"item\":\"https:\/\/www.suno.com.br\/noticias\/\"},{\"@type\":\"ListItem\",\"position\":2,\"name\":\"Neg\u00f3cios\",\"item\":\"https:\/\/www.suno.com.br\/noticias\/negocios\/\"},{\"@type\":\"ListItem\",\"position\":3,\"name\":\"Agenda do Dia: Eletrobras; Odebrecht; Enel; Ita\u00fa BBA; Hypera\"}]},{\"@type\":\"WebSite\",\"@id\":\"https:\/\/www.suno.com.br\/noticias\/#website\",\"url\":\"https:\/\/www.suno.com.br\/noticias\/\",\"name\":\"Suno Not\u00edcias\",\"description\":\"Seu portal de informa\u00e7\u00e3o sobre o mundo dos investimentos\",\"publisher\":{\"@id\":\"https:\/\/www.suno.com.br\/noticias\/#organization\"},\"potentialAction\":[{\"@type\":\"SearchAction\",\"target\":{\"@type\":\"EntryPoint\",\"urlTemplate\":\"https:\/\/www.suno.com.br\/noticias\/?s={search_term_string}\"},\"query-input\":{\"@type\":\"PropertyValueSpecification\",\"valueRequired\":true,\"valueName\":\"search_term_string\"}}],\"inLanguage\":\"pt-BR\"},{\"@type\":\"Organization\",\"@id\":\"https:\/\/www.suno.com.br\/noticias\/#organization\",\"name\":\"Suno Not\u00edcias\",\"url\":\"https:\/\/www.suno.com.br\/noticias\/\",\"logo\":{\"@type\":\"ImageObject\",\"inLanguage\":\"pt-BR\",\"@id\":\"https:\/\/www.suno.com.br\/noticias\/#\/schema\/logo\/image\/\",\"url\":\"https:\/\/files.sunoresearch.com.br\/n\/uploads\/2021\/09\/suno-logo.png\",\"contentUrl\":\"https:\/\/files.sunoresearch.com.br\/n\/uploads\/2021\/09\/suno-logo.png\",\"width\":180,\"height\":180,\"caption\":\"Suno Not\u00edcias\"},\"image\":{\"@id\":\"https:\/\/www.suno.com.br\/noticias\/#\/schema\/logo\/image\/\"},\"sameAs\":[\"https:\/\/facebook.com\/sunoresearch\",\"https:\/\/x.com\/sunoresearch\",\"https:\/\/www.instagram.com\/suno\",\"https:\/\/www.linkedin.com\/company\/suno-research\/\",\"https:\/\/www.youtube.com\/c\/sunoresearch\"]},{\"@type\":\"Person\",\"@id\":\"https:\/\/www.suno.com.br\/noticias\/#\/schema\/person\/1db762f78ffd8919a648a63e425953e3\",\"name\":\"Juliano Passaro\",\"image\":{\"@type\":\"ImageObject\",\"inLanguage\":\"pt-BR\",\"@id\":\"https:\/\/www.suno.com.br\/noticias\/#\/schema\/person\/image\/\",\"url\":\"https:\/\/secure.gravatar.com\/avatar\/743d4df28eebf6dcc46b4ad03c319e92?s=96&r=g\",\"contentUrl\":\"https:\/\/secure.gravatar.com\/avatar\/743d4df28eebf6dcc46b4ad03c319e92?s=96&r=g\",\"caption\":\"Juliano Passaro\"},\"description\":\"Juliano Passaro escreve sobre pol\u00edtica, economia e neg\u00f3cios para o portal da Suno Research. Antes da Suno, trabalhou no Portal da Band. \u00c9 formado em jornalismo pela Universidade Presbiteriana Mackenzie.\",\"url\":\"https:\/\/www.suno.com.br\/noticias\/author\/juliano\/\"}]}<\/script>\n<!-- \/ Yoast SEO plugin. -->","yoast_head_json":{"title":"Agenda do Dia: Eletrobras; Odebrecht; Enel; Ita\u00fa BBA; Hypera","description":"Agenda do Dia: privatiza\u00e7\u00e3o da Eletrobras; participa\u00e7\u00e3o da Odebrecht na Braskem; Enel; Ita\u00fa BBA operando em Portugal; Hypera. Saiba mais.","robots":{"index":"index","follow":"follow","max-snippet":"max-snippet:-1","max-image-preview":"max-image-preview:large","max-video-preview":"max-video-preview:-1"},"canonical":"https:\/\/www.suno.com.br\/noticias\/agenda-do-dia-eletrobras-odebrecht-enel-itau-bba-hypera\/","og_locale":"pt_BR","og_type":"article","og_title":"Agenda do Dia: Eletrobras; Odebrecht; Enel; Ita\u00fa BBA; Hypera","og_description":"Agenda do Dia: privatiza\u00e7\u00e3o da Eletrobras; participa\u00e7\u00e3o da Odebrecht na Braskem; Enel; Ita\u00fa BBA operando em Portugal; Hypera. Saiba mais.","og_url":"https:\/\/www.suno.com.br\/noticias\/agenda-do-dia-eletrobras-odebrecht-enel-itau-bba-hypera\/","og_site_name":"Suno Not\u00edcias","article_publisher":"https:\/\/facebook.com\/sunoresearch","og_image":[{"width":868,"height":644,"url":"https:\/\/files.sunoresearch.com.br\/n\/uploads\/2019\/07\/68f86aaa-eletrobras.jpeg","type":"image\/jpeg"}],"author":"Juliano Passaro","twitter_card":"summary_large_image","twitter_creator":"@sunoresearch","twitter_site":"@sunoresearch","twitter_misc":{"Escrito por":"Juliano Passaro","Est. tempo de leitura":"4 minutos"},"schema":{"@context":"https:\/\/schema.org","@graph":[{"@type":"NewsArticle","@id":"https:\/\/www.suno.com.br\/noticias\/agenda-do-dia-eletrobras-odebrecht-enel-itau-bba-hypera\/#article","isPartOf":{"@id":"https:\/\/www.suno.com.br\/noticias\/agenda-do-dia-eletrobras-odebrecht-enel-itau-bba-hypera\/"},"author":{"name":"Juliano Passaro","@id":"https:\/\/www.suno.com.br\/noticias\/#\/schema\/person\/1db762f78ffd8919a648a63e425953e3"},"headline":"Agenda do Dia: Eletrobras; Odebrecht; Enel; Ita\u00fa BBA; Hypera","datePublished":"2019-12-18T12:25:49+00:00","dateModified":"2021-06-14T03:23:29+00:00","mainEntityOfPage":{"@id":"https:\/\/www.suno.com.br\/noticias\/agenda-do-dia-eletrobras-odebrecht-enel-itau-bba-hypera\/"},"wordCount":897,"publisher":{"@id":"https:\/\/www.suno.com.br\/noticias\/#organization"},"image":{"@id":"https:\/\/www.suno.com.br\/noticias\/agenda-do-dia-eletrobras-odebrecht-enel-itau-bba-hypera\/#primaryimage"},"thumbnailUrl":"https:\/\/files.sunoresearch.com.br\/n\/uploads\/2019\/07\/68f86aaa-eletrobras-jpeg.webp","keywords":["agenda do dia","Eletrobras (ELET3\/ELET5\/ELET6)","Enel","Ita\u00fa Unibanco (ITUB3\/ITUB4)","NotreDame Intermedica (GNDI3)","Odebrecht"],"articleSection":["Neg\u00f3cios"],"inLanguage":"pt-BR"},{"@type":"WebPage","@id":"https:\/\/www.suno.com.br\/noticias\/agenda-do-dia-eletrobras-odebrecht-enel-itau-bba-hypera\/","url":"https:\/\/www.suno.com.br\/noticias\/agenda-do-dia-eletrobras-odebrecht-enel-itau-bba-hypera\/","name":"Agenda do Dia: Eletrobras; Odebrecht; Enel; Ita\u00fa BBA; Hypera","isPartOf":{"@id":"https:\/\/www.suno.com.br\/noticias\/#website"},"primaryImageOfPage":{"@id":"https:\/\/www.suno.com.br\/noticias\/agenda-do-dia-eletrobras-odebrecht-enel-itau-bba-hypera\/#primaryimage"},"image":{"@id":"https:\/\/www.suno.com.br\/noticias\/agenda-do-dia-eletrobras-odebrecht-enel-itau-bba-hypera\/#primaryimage"},"thumbnailUrl":"https:\/\/files.sunoresearch.com.br\/n\/uploads\/2019\/07\/68f86aaa-eletrobras-jpeg.webp","datePublished":"2019-12-18T12:25:49+00:00","dateModified":"2021-06-14T03:23:29+00:00","description":"Agenda do Dia: privatiza\u00e7\u00e3o da Eletrobras; participa\u00e7\u00e3o da Odebrecht na Braskem; Enel; Ita\u00fa BBA operando em Portugal; Hypera. Saiba mais.","breadcrumb":{"@id":"https:\/\/www.suno.com.br\/noticias\/agenda-do-dia-eletrobras-odebrecht-enel-itau-bba-hypera\/#breadcrumb"},"inLanguage":"pt-BR","potentialAction":[{"@type":"ReadAction","target":["https:\/\/www.suno.com.br\/noticias\/agenda-do-dia-eletrobras-odebrecht-enel-itau-bba-hypera\/"]}]},{"@type":"ImageObject","inLanguage":"pt-BR","@id":"https:\/\/www.suno.com.br\/noticias\/agenda-do-dia-eletrobras-odebrecht-enel-itau-bba-hypera\/#primaryimage","url":"https:\/\/files.sunoresearch.com.br\/n\/uploads\/2019\/07\/68f86aaa-eletrobras-jpeg.webp","contentUrl":"https:\/\/files.sunoresearch.com.br\/n\/uploads\/2019\/07\/68f86aaa-eletrobras-jpeg.webp","width":868,"height":644,"caption":"Eletrobras"},{"@type":"BreadcrumbList","@id":"https:\/\/www.suno.com.br\/noticias\/agenda-do-dia-eletrobras-odebrecht-enel-itau-bba-hypera\/#breadcrumb","itemListElement":[{"@type":"ListItem","position":1,"name":"Not\u00edcias","item":"https:\/\/www.suno.com.br\/noticias\/"},{"@type":"ListItem","position":2,"name":"Neg\u00f3cios","item":"https:\/\/www.suno.com.br\/noticias\/negocios\/"},{"@type":"ListItem","position":3,"name":"Agenda do Dia: Eletrobras; Odebrecht; Enel; Ita\u00fa BBA; Hypera"}]},{"@type":"WebSite","@id":"https:\/\/www.suno.com.br\/noticias\/#website","url":"https:\/\/www.suno.com.br\/noticias\/","name":"Suno Not\u00edcias","description":"Seu portal de informa\u00e7\u00e3o sobre o mundo dos investimentos","publisher":{"@id":"https:\/\/www.suno.com.br\/noticias\/#organization"},"potentialAction":[{"@type":"SearchAction","target":{"@type":"EntryPoint","urlTemplate":"https:\/\/www.suno.com.br\/noticias\/?s={search_term_string}"},"query-input":{"@type":"PropertyValueSpecification","valueRequired":true,"valueName":"search_term_string"}}],"inLanguage":"pt-BR"},{"@type":"Organization","@id":"https:\/\/www.suno.com.br\/noticias\/#organization","name":"Suno Not\u00edcias","url":"https:\/\/www.suno.com.br\/noticias\/","logo":{"@type":"ImageObject","inLanguage":"pt-BR","@id":"https:\/\/www.suno.com.br\/noticias\/#\/schema\/logo\/image\/","url":"https:\/\/files.sunoresearch.com.br\/n\/uploads\/2021\/09\/suno-logo.png","contentUrl":"https:\/\/files.sunoresearch.com.br\/n\/uploads\/2021\/09\/suno-logo.png","width":180,"height":180,"caption":"Suno Not\u00edcias"},"image":{"@id":"https:\/\/www.suno.com.br\/noticias\/#\/schema\/logo\/image\/"},"sameAs":["https:\/\/facebook.com\/sunoresearch","https:\/\/x.com\/sunoresearch","https:\/\/www.instagram.com\/suno","https:\/\/www.linkedin.com\/company\/suno-research\/","https:\/\/www.youtube.com\/c\/sunoresearch"]},{"@type":"Person","@id":"https:\/\/www.suno.com.br\/noticias\/#\/schema\/person\/1db762f78ffd8919a648a63e425953e3","name":"Juliano Passaro","image":{"@type":"ImageObject","inLanguage":"pt-BR","@id":"https:\/\/www.suno.com.br\/noticias\/#\/schema\/person\/image\/","url":"https:\/\/secure.gravatar.com\/avatar\/743d4df28eebf6dcc46b4ad03c319e92?s=96&r=g","contentUrl":"https:\/\/secure.gravatar.com\/avatar\/743d4df28eebf6dcc46b4ad03c319e92?s=96&r=g","caption":"Juliano Passaro"},"description":"Juliano Passaro escreve sobre pol\u00edtica, economia e neg\u00f3cios para o portal da Suno Research. Antes da Suno, trabalhou no Portal da Band. \u00c9 formado em jornalismo pela Universidade Presbiteriana Mackenzie.","url":"https:\/\/www.suno.com.br\/noticias\/author\/juliano\/"}]}},"default_loop_html":"<div class=\"cardsPage__listCard__boxs\"><div class=\"cardsPage__listCard__boxs__img\"><a href=\"https:\/\/www.suno.com.br\/noticias\/agenda-do-dia-eletrobras-odebrecht-enel-itau-bba-hypera\/\"><img class=\"mask\" src=\"https:\/\/www.suno.com.br\/noticias\/wp-content\/themes\/suno\/resources\/images\/spotlight\/spotlight1img\/bg-mask.png\" alt=\"Image Mask\"\/><img src=\"https:\/\/files.sunoresearch.com.br\/n\/uploads\/2019\/07\/68f86aaa-eletrobras-400x200.webp\" alt=\"Agenda do Dia: Eletrobras; Odebrecht; Enel; Ita\u00fa BBA; Hypera\"\/><\/a><span class=\"spotlightCategory\"><a href=\"https:\/\/www.suno.com.br\/noticias\/negocios\/\">Neg\u00f3cios<\/a><\/span><\/div><div class=\"cardsPage__listCard__boxs__content\"><a href=\"https:\/\/www.suno.com.br\/noticias\/agenda-do-dia-eletrobras-odebrecht-enel-itau-bba-hypera\/\"><h2 class=\"content__title\">Agenda do Dia: Eletrobras; Odebrecht; Enel; Ita\u00fa BBA; Hypera<\/h2><\/a><div class=\"newsContent__article__meta\"><div class=\"newsContent__article__meta__authorBox\"><a href=\"https:\/\/www.suno.com.br\/noticias\/author\/juliano\/\" class=\"authorBox__avatar noMobi\"><img src=\"https:\/\/files.sunoresearch.com.br\/n\/uploads\/2019\/06\/7cc3efea-whatsapp-image-2019-07-18-at-21.59.33-e1563499821209-150x150.webp\" alt=\"Juliano Passaro\"><\/a><div class=\"authorBox__name\"><span>por\n\t\t\t<a href=\"https:\/\/www.suno.com.br\/noticias\/author\/juliano\/\"><span itemprop=\"author\">Juliano Passaro<\/span><\/a><\/span><time datetime=\"2019-12-18T10:25:49-03:00\" itemprop=\"datePublished\">18\/12\/2019 10:25<\/time><\/div><\/div><\/div><\/div><\/div>","single_layout":"posts","amp_enabled":true,"_links":{"self":[{"href":"https:\/\/www.suno.com.br\/noticias\/wp-json\/wp\/v2\/posts\/48187"}],"collection":[{"href":"https:\/\/www.suno.com.br\/noticias\/wp-json\/wp\/v2\/posts"}],"about":[{"href":"https:\/\/www.suno.com.br\/noticias\/wp-json\/wp\/v2\/types\/post"}],"author":[{"embeddable":true,"href":"https:\/\/www.suno.com.br\/noticias\/wp-json\/wp\/v2\/users\/19"}],"replies":[{"embeddable":true,"href":"https:\/\/www.suno.com.br\/noticias\/wp-json\/wp\/v2\/comments?post=48187"}],"version-history":[{"count":1,"href":"https:\/\/www.suno.com.br\/noticias\/wp-json\/wp\/v2\/posts\/48187\/revisions"}],"predecessor-version":[{"id":157658,"href":"https:\/\/www.suno.com.br\/noticias\/wp-json\/wp\/v2\/posts\/48187\/revisions\/157658"}],"wp:featuredmedia":[{"embeddable":true,"href":"https:\/\/www.suno.com.br\/noticias\/wp-json\/wp\/v2\/media\/29680"}],"wp:attachment":[{"href":"https:\/\/www.suno.com.br\/noticias\/wp-json\/wp\/v2\/media?parent=48187"}],"wp:term":[{"taxonomy":"category","embeddable":true,"href":"https:\/\/www.suno.com.br\/noticias\/wp-json\/wp\/v2\/categories?post=48187"},{"taxonomy":"post_tag","embeddable":true,"href":"https:\/\/www.suno.com.br\/noticias\/wp-json\/wp\/v2\/tags?post=48187"},{"taxonomy":"suno_strategy","embeddable":true,"href":"https:\/\/www.suno.com.br\/noticias\/wp-json\/wp\/v2\/suno_strategy?post=48187"}],"curies":[{"name":"wp","href":"https:\/\/api.w.org\/{rel}","templated":true}]}}