{"id":48178,"date":"2019-12-18T09:23:47","date_gmt":"2019-12-18T11:23:47","guid":{"rendered":"https:\/\/www.suno.com.br\/noticias\/?p=48178"},"modified":"2019-12-18T09:23:47","modified_gmt":"2019-12-18T11:23:47","slug":"privatizacao-da-eletrobras-resistencia-na-camara","status":"publish","type":"post","link":"https:\/\/www.suno.com.br\/noticias\/privatizacao-da-eletrobras-resistencia-na-camara\/","title":{"rendered":"Privatiza\u00e7\u00e3o da Eletrobras encontra resist\u00eancia na C\u00e2mara"},"content":{"rendered":"<p>O texto para a <a href=\"https:\/\/www.suno.com.br\/artigos\/privatizacao\/\"><strong>privatiza\u00e7\u00e3o<\/strong><\/a> da Eletrobras (<strong><a href=\"https:\/\/www.suno.com.br\/acoes\/elet6\/\">ELET6<\/a><\/strong>), enviada \u00e0 <strong>C\u00e2mara dos Deputados<\/strong> ap\u00f3s a aprova\u00e7\u00e3o da <strong>reforma da previd\u00eancia<\/strong>, em novembro, chegar\u00e1 ao recesso de final de ano sem iniciar a tramita\u00e7\u00e3o.<\/p>\t<div class=\"wrapper-featured-image\">\n\t\t<figure class=\"spotlightImg\">\n\n\t\t\t<picture>\n\t\t\t\t<source media=\"(max-width: 768px)\" srcset=\"https:\/\/files.sunoresearch.com.br\/n\/uploads\/2019\/09\/f165860f-eletrobras-400x200.webp\">\n\t\t\t\t<img loading=\"lazy\" decoding=\"async\" class=\"newsContent__article__imgCapa lazyloadDisabled newsContent__article__imgCapa--noCaption\" src=\"https:\/\/files.sunoresearch.com.br\/n\/uploads\/2019\/09\/f165860f-eletrobras-800x450.webp\" width=\"800\" height=\"450\" alt=\"Privatiza\u00e7\u00e3o da Eletrobras encontra resist\u00eancia na C\u00e2mara\" fetchpriority=high \/>\n\t\t\t<\/picture>\n\n\t\t\t<figcaption class=\"wp-caption-text wp-caption-text--hide\">Eletrobras (ELET3). Foto: Getty Images.<\/figcaption>\n\t\t<\/figure>\n\t<\/div>\n\n\n\n<p>A proposta de privatiza\u00e7\u00e3o da <strong>Eletrobras<\/strong> ainda depende de um despacho do presidente da casa, Rodrigo Maia (DEM-RJ). Para isso, ele aguarda os l\u00edderes do governo convencerem os senadores da import\u00e2ncia do andamento do texto. \u00c9 poss\u00edvel que seja criada uma comiss\u00e3o especial, com o objetivo de debater o assunto, nos moldes do que ocorreu na legislatura passada.<\/p>\n<p>Al\u00e9m disso, a proposta tamb\u00e9m ainda n\u00e3o tem um relator, mesmo que informal. O deputado Fernando Filho (DEM-PE), ex-ministro de Minas e Energia, \u00e9 o mais cotado para assumir a fun\u00e7\u00e3o.<\/p>\n<p><a href=\"https:\/\/www.suno.com.br\/noticias\/economia-reforma-da-previdencia\/\">Confira: Economia da reforma da Previd\u00eancia \u00e9 revisada para R$ 855,7 bi<\/a><\/p>\n<p>No governo Temer, Filho j\u00e1 havia levantado uma opera\u00e7\u00e3o similar para privatizar a estatal. No entanto, o deputado contou a aliados que n\u00e3o pretende aceitar o desafio desta vez, j\u00e1 que desconfia estar fadado ao fracasso pelas dificuldades no Senado.<\/p>\n<h2>Planos do governo para a Eletrobras<\/h2>\n<p>O plano do governo de <strong>Jair Bolsonaro<\/strong> \u00e9 realizar uma capitaliza\u00e7\u00e3o da Eletrobras, respons\u00e1vel pela gera\u00e7\u00e3o, transmiss\u00e3o e distribui\u00e7\u00e3o de energia. O governo ficaria de fora da opera\u00e7\u00e3o, portanto, diminuiria a posse dos pap\u00e9is da empresa, ficando com menos de 50% do capital com direito a voto.<\/p>\n\t<p>\n\t\t<a href=\"https:\/\/www.suno.com.br\/asset\/fundos\/suno-acoes-xp-seg-prev\/\" target=\"_blank\" data-element=\"shortcode-suno-banner\" title=\"Banner SUNO, clique e saiba mais\">\n\t\t\t<picture>\n\t\t\t\t<source media=\"(max-width: 500px)\" srcset=\"https:\/\/files.sunoresearch.com.br\/n\/uploads\/2023\/10\/SUNOPREV-v2-400x300-Mobile-Artigos-3.png\">\n\t\t\t\t<img class=\"newsContent__article__imgCapa newsContent__article__imgCapa--banner\"\n\t\t\t\t\tsrc=\"https:\/\/files.sunoresearch.com.br\/n\/uploads\/2023\/10\/SUNOPREV-v2-1420x240-Banner-Artigos-1-_-Banner-Materias-1.png\"\n\t\t\t\t\tdata-promo-id=\"476311\"\t\t\t\t\t\t\t\t\t\twidth='1420' height='240'\t\t\t\t\talt=\"https:\/\/files.sunoresearch.com.br\/n\/uploads\/2023\/10\/SUNOPREV-v2-1420x240-Banner-Artigos-1-_-Banner-Materias-1.png\"\n\t\t\t\t>\n\t\t\t<\/picture>\n\t\t<\/a>\n\t<\/p>\n\n\n<p>O intuito do governo \u00e9 n\u00e3o ficar nem com uma \u201c<a href=\"https:\/\/www.suno.com.br\/artigos\/golden-share\/\">golden share<\/a>\u201d, a\u00e7\u00e3o que d\u00e1 direito a veto a certas decis\u00f5es, como venda de fatias da empresa, por exemplo.<\/p>\n<p>Maia disse a interlocutores que deve ter votos suficientes na C\u00e2mara para aprovar a venda da estatal, mesmo com resist\u00eancias nas bancadas no <strong>Norte<\/strong> e <strong>Nordeste<\/strong>. Todavia, n\u00e3o deve submeter os deputados ao desgaste pol\u00edtico de votar a proposta se n\u00e3o tiver certeza de que o texto ter\u00e1 apoio suficiente no Senado para pelo menos tramitar.<\/p>\n<p>No entanto, Davi Alcolumbre (DEM-AP), presidente do Senado, caso o texto da <strong>Eletrobras<\/strong> seja aprovado na C\u00e2mara, tem afirmado que deve travar o projeto, porque haveria \u201cuma resist\u00eancia muito grande\u201d entre os parlamentares, principalmente os das regi\u00f5es Norte e Nordeste, as quais tem, proporcionalmente, mais for\u00e7a no Senado do que na C\u00e2mara e de onde vem o pr\u00f3prio Alcolumbre.<\/p>\n\n","protected":false},"excerpt":{"rendered":"<p>O texto para a privatiza\u00e7\u00e3o da Eletrobras (ELET6), enviada \u00e0 C\u00e2mara dos Deputados ap\u00f3s a aprova\u00e7\u00e3o da reforma da previd\u00eancia, em novembro, chegar\u00e1 ao recesso de final de ano sem iniciar a tramita\u00e7\u00e3o. Eletrobras (ELET3). Foto: Getty Images. A proposta de privatiza\u00e7\u00e3o da Eletrobras ainda depende de um despacho do presidente da casa, Rodrigo Maia [&hellip;]<\/p>\n","protected":false},"author":24,"featured_media":37836,"comment_status":"closed","ping_status":"closed","sticky":false,"template":"","format":"standard","meta":[],"categories":[61],"tags":[455,945],"suno_strategy":[],"class_list":["post-48178","post","type-post","status-publish","format-standard","has-post-thumbnail","hentry","category-politica","tag-eletrobras-elet3-elet5-elet6","tag-privatizacoes"],"yoast_head":"<!-- This site is optimized with the Yoast SEO plugin v24.4 - https:\/\/yoast.com\/wordpress\/plugins\/seo\/ -->\n<title>Privatiza\u00e7\u00e3o da Eletrobras encontra resist\u00eancia na C\u00e2mara<\/title>\n<meta name=\"description\" content=\"O texto para a privatiza\u00e7\u00e3o da Eletrobras chegar\u00e1 ao recesso parlamentar de final de ano sem iniciar a tramita\u00e7\u00e3o. Clique e saiba mais.\" \/>\n<meta name=\"robots\" content=\"index, follow, max-snippet:-1, max-image-preview:large, max-video-preview:-1\" \/>\n<link rel=\"canonical\" href=\"https:\/\/www.suno.com.br\/noticias\/privatizacao-da-eletrobras-resistencia-na-camara\/\" \/>\n<meta property=\"og:locale\" content=\"pt_BR\" \/>\n<meta property=\"og:type\" content=\"article\" \/>\n<meta property=\"og:title\" content=\"Privatiza\u00e7\u00e3o da Eletrobras encontra resist\u00eancia na C\u00e2mara\" \/>\n<meta property=\"og:description\" content=\"O texto para a privatiza\u00e7\u00e3o da Eletrobras chegar\u00e1 ao recesso parlamentar de final de ano sem iniciar a tramita\u00e7\u00e3o. Clique e saiba mais.\" \/>\n<meta property=\"og:url\" content=\"https:\/\/www.suno.com.br\/noticias\/privatizacao-da-eletrobras-resistencia-na-camara\/\" \/>\n<meta property=\"og:site_name\" content=\"Suno Not\u00edcias\" \/>\n<meta property=\"article:publisher\" content=\"https:\/\/facebook.com\/sunoresearch\" \/>\n<meta property=\"og:image\" content=\"https:\/\/files.sunoresearch.com.br\/n\/uploads\/2019\/09\/f165860f-eletrobras.jpg\" \/>\n\t<meta property=\"og:image:width\" content=\"3000\" \/>\n\t<meta property=\"og:image:height\" content=\"2000\" \/>\n\t<meta property=\"og:image:type\" content=\"image\/jpeg\" \/>\n<meta name=\"author\" content=\"Jader Lazarini\" \/>\n<meta name=\"twitter:card\" content=\"summary_large_image\" \/>\n<meta name=\"twitter:creator\" content=\"@sunoresearch\" \/>\n<meta name=\"twitter:site\" content=\"@sunoresearch\" \/>\n<meta name=\"twitter:label1\" content=\"Escrito por\" \/>\n\t<meta name=\"twitter:data1\" content=\"Jader Lazarini\" \/>\n\t<meta name=\"twitter:label2\" content=\"Est. tempo de leitura\" \/>\n\t<meta name=\"twitter:data2\" content=\"2 minutos\" \/>\n<script type=\"application\/ld+json\" class=\"yoast-schema-graph\">{\"@context\":\"https:\/\/schema.org\",\"@graph\":[{\"@type\":\"NewsArticle\",\"@id\":\"https:\/\/www.suno.com.br\/noticias\/privatizacao-da-eletrobras-resistencia-na-camara\/#article\",\"isPartOf\":{\"@id\":\"https:\/\/www.suno.com.br\/noticias\/privatizacao-da-eletrobras-resistencia-na-camara\/\"},\"author\":{\"name\":\"Jader Lazarini\",\"@id\":\"https:\/\/www.suno.com.br\/noticias\/#\/schema\/person\/918d79de1f0281f01599b93f9ea6e23f\"},\"headline\":\"Privatiza\u00e7\u00e3o da Eletrobras encontra resist\u00eancia na C\u00e2mara\",\"datePublished\":\"2019-12-18T11:23:47+00:00\",\"mainEntityOfPage\":{\"@id\":\"https:\/\/www.suno.com.br\/noticias\/privatizacao-da-eletrobras-resistencia-na-camara\/\"},\"wordCount\":423,\"publisher\":{\"@id\":\"https:\/\/www.suno.com.br\/noticias\/#organization\"},\"image\":{\"@id\":\"https:\/\/www.suno.com.br\/noticias\/privatizacao-da-eletrobras-resistencia-na-camara\/#primaryimage\"},\"thumbnailUrl\":\"https:\/\/files.sunoresearch.com.br\/n\/uploads\/2019\/09\/f165860f-eletrobras-scaled.webp\",\"keywords\":[\"Eletrobras (ELET3\/ELET5\/ELET6)\",\"privatiza\u00e7\u00f5es\"],\"articleSection\":[\"Pol\u00edtica\"],\"inLanguage\":\"pt-BR\"},{\"@type\":\"WebPage\",\"@id\":\"https:\/\/www.suno.com.br\/noticias\/privatizacao-da-eletrobras-resistencia-na-camara\/\",\"url\":\"https:\/\/www.suno.com.br\/noticias\/privatizacao-da-eletrobras-resistencia-na-camara\/\",\"name\":\"Privatiza\u00e7\u00e3o da Eletrobras encontra resist\u00eancia na C\u00e2mara\",\"isPartOf\":{\"@id\":\"https:\/\/www.suno.com.br\/noticias\/#website\"},\"primaryImageOfPage\":{\"@id\":\"https:\/\/www.suno.com.br\/noticias\/privatizacao-da-eletrobras-resistencia-na-camara\/#primaryimage\"},\"image\":{\"@id\":\"https:\/\/www.suno.com.br\/noticias\/privatizacao-da-eletrobras-resistencia-na-camara\/#primaryimage\"},\"thumbnailUrl\":\"https:\/\/files.sunoresearch.com.br\/n\/uploads\/2019\/09\/f165860f-eletrobras-scaled.webp\",\"datePublished\":\"2019-12-18T11:23:47+00:00\",\"description\":\"O texto para a privatiza\u00e7\u00e3o da Eletrobras chegar\u00e1 ao recesso parlamentar de final de ano sem iniciar a tramita\u00e7\u00e3o. Clique e saiba mais.\",\"breadcrumb\":{\"@id\":\"https:\/\/www.suno.com.br\/noticias\/privatizacao-da-eletrobras-resistencia-na-camara\/#breadcrumb\"},\"inLanguage\":\"pt-BR\",\"potentialAction\":[{\"@type\":\"ReadAction\",\"target\":[\"https:\/\/www.suno.com.br\/noticias\/privatizacao-da-eletrobras-resistencia-na-camara\/\"]}]},{\"@type\":\"ImageObject\",\"inLanguage\":\"pt-BR\",\"@id\":\"https:\/\/www.suno.com.br\/noticias\/privatizacao-da-eletrobras-resistencia-na-camara\/#primaryimage\",\"url\":\"https:\/\/files.sunoresearch.com.br\/n\/uploads\/2019\/09\/f165860f-eletrobras-scaled.webp\",\"contentUrl\":\"https:\/\/files.sunoresearch.com.br\/n\/uploads\/2019\/09\/f165860f-eletrobras-scaled.webp\",\"width\":2560,\"height\":1707,\"caption\":\"Eletrobras (ELET3). Foto: Getty Images.\"},{\"@type\":\"BreadcrumbList\",\"@id\":\"https:\/\/www.suno.com.br\/noticias\/privatizacao-da-eletrobras-resistencia-na-camara\/#breadcrumb\",\"itemListElement\":[{\"@type\":\"ListItem\",\"position\":1,\"name\":\"Not\u00edcias\",\"item\":\"https:\/\/www.suno.com.br\/noticias\/\"},{\"@type\":\"ListItem\",\"position\":2,\"name\":\"Pol\u00edtica\",\"item\":\"https:\/\/www.suno.com.br\/noticias\/politica\/\"},{\"@type\":\"ListItem\",\"position\":3,\"name\":\"Privatiza\u00e7\u00e3o da Eletrobras encontra resist\u00eancia na C\u00e2mara\"}]},{\"@type\":\"WebSite\",\"@id\":\"https:\/\/www.suno.com.br\/noticias\/#website\",\"url\":\"https:\/\/www.suno.com.br\/noticias\/\",\"name\":\"Suno Not\u00edcias\",\"description\":\"Seu portal de informa\u00e7\u00e3o sobre o mundo dos investimentos\",\"publisher\":{\"@id\":\"https:\/\/www.suno.com.br\/noticias\/#organization\"},\"potentialAction\":[{\"@type\":\"SearchAction\",\"target\":{\"@type\":\"EntryPoint\",\"urlTemplate\":\"https:\/\/www.suno.com.br\/noticias\/?s={search_term_string}\"},\"query-input\":{\"@type\":\"PropertyValueSpecification\",\"valueRequired\":true,\"valueName\":\"search_term_string\"}}],\"inLanguage\":\"pt-BR\"},{\"@type\":\"Organization\",\"@id\":\"https:\/\/www.suno.com.br\/noticias\/#organization\",\"name\":\"Suno Not\u00edcias\",\"url\":\"https:\/\/www.suno.com.br\/noticias\/\",\"logo\":{\"@type\":\"ImageObject\",\"inLanguage\":\"pt-BR\",\"@id\":\"https:\/\/www.suno.com.br\/noticias\/#\/schema\/logo\/image\/\",\"url\":\"https:\/\/files.sunoresearch.com.br\/n\/uploads\/2021\/09\/suno-logo.png\",\"contentUrl\":\"https:\/\/files.sunoresearch.com.br\/n\/uploads\/2021\/09\/suno-logo.png\",\"width\":180,\"height\":180,\"caption\":\"Suno Not\u00edcias\"},\"image\":{\"@id\":\"https:\/\/www.suno.com.br\/noticias\/#\/schema\/logo\/image\/\"},\"sameAs\":[\"https:\/\/facebook.com\/sunoresearch\",\"https:\/\/x.com\/sunoresearch\",\"https:\/\/www.instagram.com\/suno\",\"https:\/\/www.linkedin.com\/company\/suno-research\/\",\"https:\/\/www.youtube.com\/c\/sunoresearch\"]},{\"@type\":\"Person\",\"@id\":\"https:\/\/www.suno.com.br\/noticias\/#\/schema\/person\/918d79de1f0281f01599b93f9ea6e23f\",\"name\":\"Jader Lazarini\",\"image\":{\"@type\":\"ImageObject\",\"inLanguage\":\"pt-BR\",\"@id\":\"https:\/\/www.suno.com.br\/noticias\/#\/schema\/person\/image\/\",\"url\":\"https:\/\/secure.gravatar.com\/avatar\/3c1ad8caa51589841baeb923fcddea97?s=96&r=g\",\"contentUrl\":\"https:\/\/secure.gravatar.com\/avatar\/3c1ad8caa51589841baeb923fcddea97?s=96&r=g\",\"caption\":\"Jader Lazarini\"},\"description\":\"Jader Lazarini escreve sobre investimentos, finan\u00e7as, economia e neg\u00f3cios. \u00c9 bacharel em Rela\u00e7\u00f5es Internacionais e analista CNPI (2619).\",\"url\":\"https:\/\/www.suno.com.br\/noticias\/author\/jader-lazarini\/\"}]}<\/script>\n<!-- \/ Yoast SEO plugin. -->","yoast_head_json":{"title":"Privatiza\u00e7\u00e3o da Eletrobras encontra resist\u00eancia na C\u00e2mara","description":"O texto para a privatiza\u00e7\u00e3o da Eletrobras chegar\u00e1 ao recesso parlamentar de final de ano sem iniciar a tramita\u00e7\u00e3o. Clique e saiba mais.","robots":{"index":"index","follow":"follow","max-snippet":"max-snippet:-1","max-image-preview":"max-image-preview:large","max-video-preview":"max-video-preview:-1"},"canonical":"https:\/\/www.suno.com.br\/noticias\/privatizacao-da-eletrobras-resistencia-na-camara\/","og_locale":"pt_BR","og_type":"article","og_title":"Privatiza\u00e7\u00e3o da Eletrobras encontra resist\u00eancia na C\u00e2mara","og_description":"O texto para a privatiza\u00e7\u00e3o da Eletrobras chegar\u00e1 ao recesso parlamentar de final de ano sem iniciar a tramita\u00e7\u00e3o. Clique e saiba mais.","og_url":"https:\/\/www.suno.com.br\/noticias\/privatizacao-da-eletrobras-resistencia-na-camara\/","og_site_name":"Suno Not\u00edcias","article_publisher":"https:\/\/facebook.com\/sunoresearch","og_image":[{"width":3000,"height":2000,"url":"https:\/\/files.sunoresearch.com.br\/n\/uploads\/2019\/09\/f165860f-eletrobras.jpg","type":"image\/jpeg"}],"author":"Jader Lazarini","twitter_card":"summary_large_image","twitter_creator":"@sunoresearch","twitter_site":"@sunoresearch","twitter_misc":{"Escrito por":"Jader Lazarini","Est. tempo de leitura":"2 minutos"},"schema":{"@context":"https:\/\/schema.org","@graph":[{"@type":"NewsArticle","@id":"https:\/\/www.suno.com.br\/noticias\/privatizacao-da-eletrobras-resistencia-na-camara\/#article","isPartOf":{"@id":"https:\/\/www.suno.com.br\/noticias\/privatizacao-da-eletrobras-resistencia-na-camara\/"},"author":{"name":"Jader Lazarini","@id":"https:\/\/www.suno.com.br\/noticias\/#\/schema\/person\/918d79de1f0281f01599b93f9ea6e23f"},"headline":"Privatiza\u00e7\u00e3o da Eletrobras encontra resist\u00eancia na C\u00e2mara","datePublished":"2019-12-18T11:23:47+00:00","mainEntityOfPage":{"@id":"https:\/\/www.suno.com.br\/noticias\/privatizacao-da-eletrobras-resistencia-na-camara\/"},"wordCount":423,"publisher":{"@id":"https:\/\/www.suno.com.br\/noticias\/#organization"},"image":{"@id":"https:\/\/www.suno.com.br\/noticias\/privatizacao-da-eletrobras-resistencia-na-camara\/#primaryimage"},"thumbnailUrl":"https:\/\/files.sunoresearch.com.br\/n\/uploads\/2019\/09\/f165860f-eletrobras-scaled.webp","keywords":["Eletrobras (ELET3\/ELET5\/ELET6)","privatiza\u00e7\u00f5es"],"articleSection":["Pol\u00edtica"],"inLanguage":"pt-BR"},{"@type":"WebPage","@id":"https:\/\/www.suno.com.br\/noticias\/privatizacao-da-eletrobras-resistencia-na-camara\/","url":"https:\/\/www.suno.com.br\/noticias\/privatizacao-da-eletrobras-resistencia-na-camara\/","name":"Privatiza\u00e7\u00e3o da Eletrobras encontra resist\u00eancia na C\u00e2mara","isPartOf":{"@id":"https:\/\/www.suno.com.br\/noticias\/#website"},"primaryImageOfPage":{"@id":"https:\/\/www.suno.com.br\/noticias\/privatizacao-da-eletrobras-resistencia-na-camara\/#primaryimage"},"image":{"@id":"https:\/\/www.suno.com.br\/noticias\/privatizacao-da-eletrobras-resistencia-na-camara\/#primaryimage"},"thumbnailUrl":"https:\/\/files.sunoresearch.com.br\/n\/uploads\/2019\/09\/f165860f-eletrobras-scaled.webp","datePublished":"2019-12-18T11:23:47+00:00","description":"O texto para a privatiza\u00e7\u00e3o da Eletrobras chegar\u00e1 ao recesso parlamentar de final de ano sem iniciar a tramita\u00e7\u00e3o. Clique e saiba mais.","breadcrumb":{"@id":"https:\/\/www.suno.com.br\/noticias\/privatizacao-da-eletrobras-resistencia-na-camara\/#breadcrumb"},"inLanguage":"pt-BR","potentialAction":[{"@type":"ReadAction","target":["https:\/\/www.suno.com.br\/noticias\/privatizacao-da-eletrobras-resistencia-na-camara\/"]}]},{"@type":"ImageObject","inLanguage":"pt-BR","@id":"https:\/\/www.suno.com.br\/noticias\/privatizacao-da-eletrobras-resistencia-na-camara\/#primaryimage","url":"https:\/\/files.sunoresearch.com.br\/n\/uploads\/2019\/09\/f165860f-eletrobras-scaled.webp","contentUrl":"https:\/\/files.sunoresearch.com.br\/n\/uploads\/2019\/09\/f165860f-eletrobras-scaled.webp","width":2560,"height":1707,"caption":"Eletrobras (ELET3). Foto: Getty Images."},{"@type":"BreadcrumbList","@id":"https:\/\/www.suno.com.br\/noticias\/privatizacao-da-eletrobras-resistencia-na-camara\/#breadcrumb","itemListElement":[{"@type":"ListItem","position":1,"name":"Not\u00edcias","item":"https:\/\/www.suno.com.br\/noticias\/"},{"@type":"ListItem","position":2,"name":"Pol\u00edtica","item":"https:\/\/www.suno.com.br\/noticias\/politica\/"},{"@type":"ListItem","position":3,"name":"Privatiza\u00e7\u00e3o da Eletrobras encontra resist\u00eancia na C\u00e2mara"}]},{"@type":"WebSite","@id":"https:\/\/www.suno.com.br\/noticias\/#website","url":"https:\/\/www.suno.com.br\/noticias\/","name":"Suno Not\u00edcias","description":"Seu portal de informa\u00e7\u00e3o sobre o mundo dos investimentos","publisher":{"@id":"https:\/\/www.suno.com.br\/noticias\/#organization"},"potentialAction":[{"@type":"SearchAction","target":{"@type":"EntryPoint","urlTemplate":"https:\/\/www.suno.com.br\/noticias\/?s={search_term_string}"},"query-input":{"@type":"PropertyValueSpecification","valueRequired":true,"valueName":"search_term_string"}}],"inLanguage":"pt-BR"},{"@type":"Organization","@id":"https:\/\/www.suno.com.br\/noticias\/#organization","name":"Suno Not\u00edcias","url":"https:\/\/www.suno.com.br\/noticias\/","logo":{"@type":"ImageObject","inLanguage":"pt-BR","@id":"https:\/\/www.suno.com.br\/noticias\/#\/schema\/logo\/image\/","url":"https:\/\/files.sunoresearch.com.br\/n\/uploads\/2021\/09\/suno-logo.png","contentUrl":"https:\/\/files.sunoresearch.com.br\/n\/uploads\/2021\/09\/suno-logo.png","width":180,"height":180,"caption":"Suno Not\u00edcias"},"image":{"@id":"https:\/\/www.suno.com.br\/noticias\/#\/schema\/logo\/image\/"},"sameAs":["https:\/\/facebook.com\/sunoresearch","https:\/\/x.com\/sunoresearch","https:\/\/www.instagram.com\/suno","https:\/\/www.linkedin.com\/company\/suno-research\/","https:\/\/www.youtube.com\/c\/sunoresearch"]},{"@type":"Person","@id":"https:\/\/www.suno.com.br\/noticias\/#\/schema\/person\/918d79de1f0281f01599b93f9ea6e23f","name":"Jader Lazarini","image":{"@type":"ImageObject","inLanguage":"pt-BR","@id":"https:\/\/www.suno.com.br\/noticias\/#\/schema\/person\/image\/","url":"https:\/\/secure.gravatar.com\/avatar\/3c1ad8caa51589841baeb923fcddea97?s=96&r=g","contentUrl":"https:\/\/secure.gravatar.com\/avatar\/3c1ad8caa51589841baeb923fcddea97?s=96&r=g","caption":"Jader Lazarini"},"description":"Jader Lazarini escreve sobre investimentos, finan\u00e7as, economia e neg\u00f3cios. \u00c9 bacharel em Rela\u00e7\u00f5es Internacionais e analista CNPI (2619).","url":"https:\/\/www.suno.com.br\/noticias\/author\/jader-lazarini\/"}]}},"default_loop_html":"<div class=\"cardsPage__listCard__boxs\"><div class=\"cardsPage__listCard__boxs__img\"><a href=\"https:\/\/www.suno.com.br\/noticias\/privatizacao-da-eletrobras-resistencia-na-camara\/\"><img class=\"mask\" src=\"https:\/\/www.suno.com.br\/noticias\/wp-content\/themes\/suno\/resources\/images\/spotlight\/spotlight1img\/bg-mask.png\" alt=\"Image Mask\"\/><img src=\"https:\/\/files.sunoresearch.com.br\/n\/uploads\/2019\/09\/f165860f-eletrobras-400x200.webp\" alt=\"Privatiza\u00e7\u00e3o da Eletrobras encontra resist\u00eancia na C\u00e2mara\"\/><\/a><span class=\"spotlightCategory\"><a href=\"https:\/\/www.suno.com.br\/noticias\/politica\/\">Pol\u00edtica<\/a><\/span><\/div><div class=\"cardsPage__listCard__boxs__content\"><a href=\"https:\/\/www.suno.com.br\/noticias\/privatizacao-da-eletrobras-resistencia-na-camara\/\"><h2 class=\"content__title\">Privatiza\u00e7\u00e3o da Eletrobras encontra resist\u00eancia na C\u00e2mara<\/h2><\/a><div class=\"newsContent__article__meta\"><div class=\"newsContent__article__meta__authorBox\"><a href=\"https:\/\/www.suno.com.br\/noticias\/author\/jader-lazarini\/\" class=\"authorBox__avatar noMobi\"><img src=\"https:\/\/files.sunoresearch.com.br\/n\/uploads\/2021\/01\/178e6598-foto-perfil-2-150x150.jpg\" alt=\"Jader Lazarini\"><\/a><div class=\"authorBox__name\"><span>por\n\t\t\t<a href=\"https:\/\/www.suno.com.br\/noticias\/author\/jader-lazarini\/\"><span itemprop=\"author\">Jader Lazarini<\/span><\/a><\/span><time datetime=\"2019-12-18T09:23:47-03:00\" itemprop=\"datePublished\">18\/12\/2019 09:23<\/time><\/div><\/div><\/div><\/div><\/div>","single_layout":"posts","amp_enabled":true,"_links":{"self":[{"href":"https:\/\/www.suno.com.br\/noticias\/wp-json\/wp\/v2\/posts\/48178"}],"collection":[{"href":"https:\/\/www.suno.com.br\/noticias\/wp-json\/wp\/v2\/posts"}],"about":[{"href":"https:\/\/www.suno.com.br\/noticias\/wp-json\/wp\/v2\/types\/post"}],"author":[{"embeddable":true,"href":"https:\/\/www.suno.com.br\/noticias\/wp-json\/wp\/v2\/users\/24"}],"replies":[{"embeddable":true,"href":"https:\/\/www.suno.com.br\/noticias\/wp-json\/wp\/v2\/comments?post=48178"}],"version-history":[{"count":0,"href":"https:\/\/www.suno.com.br\/noticias\/wp-json\/wp\/v2\/posts\/48178\/revisions"}],"wp:featuredmedia":[{"embeddable":true,"href":"https:\/\/www.suno.com.br\/noticias\/wp-json\/wp\/v2\/media\/37836"}],"wp:attachment":[{"href":"https:\/\/www.suno.com.br\/noticias\/wp-json\/wp\/v2\/media?parent=48178"}],"wp:term":[{"taxonomy":"category","embeddable":true,"href":"https:\/\/www.suno.com.br\/noticias\/wp-json\/wp\/v2\/categories?post=48178"},{"taxonomy":"post_tag","embeddable":true,"href":"https:\/\/www.suno.com.br\/noticias\/wp-json\/wp\/v2\/tags?post=48178"},{"taxonomy":"suno_strategy","embeddable":true,"href":"https:\/\/www.suno.com.br\/noticias\/wp-json\/wp\/v2\/suno_strategy?post=48178"}],"curies":[{"name":"wp","href":"https:\/\/api.w.org\/{rel}","templated":true}]}}