{"id":481729,"date":"2023-11-07T09:00:17","date_gmt":"2023-11-07T12:00:17","guid":{"rendered":"https:\/\/www.suno.com.br\/noticias\/?p=481729"},"modified":"2023-11-07T09:41:27","modified_gmt":"2023-11-07T12:41:27","slug":"selic-juros-fiscal-copom-gpj","status":"publish","type":"post","link":"https:\/\/www.suno.com.br\/noticias\/selic-juros-fiscal-copom-gpj\/","title":{"rendered":"Selic: juros devem continuar caindo, mas aumentou a incerteza fiscal, diz ata do Copom"},"content":{"rendered":"<p>Na ata do <a href=\"https:\/\/www.suno.com.br\/artigos\/copom\/\">Comit\u00ea de Pol\u00edtica Monet\u00e1ria (Copom)<\/a> divulgada nesta ter\u00e7a-feira (6), o Banco Central (BC) afirmou que, em rela\u00e7\u00e3o \u00e0 decis\u00e3o de redu\u00e7\u00e3o da <strong>Selic<\/strong> de 12,75% para 12,25%, o ritmo de cortes deve seguir o mesmo nas pr\u00f3ximas reuni\u00f5es, mas h\u00e1 uma incerteza maior sobre a capacidade do governo em cumprir as metas fiscais estabelecidas.<\/p>\t<div class=\"wrapper-featured-image\">\n\t\t<figure class=\"spotlightImg\">\n\n\t\t\t<picture>\n\t\t\t\t<source media=\"(max-width: 768px)\" srcset=\"https:\/\/files.sunoresearch.com.br\/n\/uploads\/2023\/05\/agenda-copom-natura-ntco3-braskem-cpi-eua-400x200.jpg\">\n\t\t\t\t<img loading=\"lazy\" decoding=\"async\" class=\"newsContent__article__imgCapa lazyloadDisabled \" src=\"https:\/\/files.sunoresearch.com.br\/n\/uploads\/2023\/05\/agenda-copom-natura-ntco3-braskem-cpi-eua-800x450.jpg\" width=\"800\" height=\"450\" alt=\"Selic: juros devem continuar caindo, mas aumentou a incerteza fiscal, diz ata do Copom\" fetchpriority=high \/>\n\t\t\t<\/picture>\n\n\t\t\t<figcaption class=\"wp-caption-text wp-caption-text--show\"> Reuni\u00e3o do Copom -  Foto: Copom \/Divulga\u00e7\u00e3o<\/figcaption>\n\t\t<\/figure>\n\t<\/div>\n\n\n\n\n\n\n\n\t<p>\n\t\t<a href=\"\" target=\"_blank\" data-element=\"shortcode-suno-banner\" title=\"Banner SUNO, clique e saiba mais\">\n\t\t\t<picture>\n\t\t\t\t<source media=\"(max-width: 500px)\" srcset=\"\">\n\t\t\t\t<img class=\"newsContent__article__imgCapa newsContent__article__imgCapa--banner\"\n\t\t\t\t\tsrc=\"\"\n\t\t\t\t\tdata-promo-id=\"240038\"\t\t\t\t\t\t\t\t\t\t\t\t\t\t\talt=\"\"\n\t\t\t\t>\n\t\t\t<\/picture>\n\t\t<\/a>\n\t<\/p>\n\n\n\n\n\n<p>Segundo o texto, o Comit\u00ea vinha avaliando que a incerteza fiscal se detinha sobre a execu\u00e7\u00e3o das metas que haviam sido apresentadas, mas nota que, no per\u00edodo mais recente, cresceu a preocupa\u00e7\u00e3o em torno da pr\u00f3pria meta estabelecida para o resultado fiscal, o que levou a um aumento do <a href=\"https:\/\/www.suno.com.br\/artigos\/premio-de-risco\/\">pr\u00eamio de risco<\/a>.<\/p>\n\n\n\n<p>\u201cTendo em conta a import\u00e2ncia da execu\u00e7\u00e3o das <strong>metas fiscais<\/strong> j\u00e1 estabelecidas para a ancoragem das expectativas de infla\u00e7\u00e3o e, consequentemente, para a condu\u00e7\u00e3o da <a href=\"https:\/\/www.suno.com.br\/artigos\/politica-monetaria\/\">pol\u00edtica monet\u00e1ria<\/a>, o Comit\u00ea reafirma a import\u00e2ncia da firme persecu\u00e7\u00e3o dessas metas\u201d, pontuaram os membros do Copom no documento.<\/p>\n\n\n\n<p>A decis\u00e3o para a nova <strong>taxa Selic<\/strong> tomada na semana passada \u2013 e que foi un\u00e2nime \u2013, n\u00e3o surpreendeu o mercado. Com os votos do comit\u00ea (Roberto de Oliveira Campos Neto (presidente), Ailton de Aquino Santos, Carolina de Assis Barros, Diogo Abry Guillen, Fernanda Magalh\u00e3es Rumenos Guardado, Gabriel Muricca Gal\u00edpolo, Maur\u00edcio Costa de Moura, Ot\u00e1vio Ribeiro Damaso e Renato Dias de Brito Gomes, de 0,5 p.p, o mercado j\u00e1 apostava em uma intensifica\u00e7\u00e3o do ritmo de ajustes dos juros.&nbsp;<\/p>\n\n\n\n<p>O <strong>Boletim Focus<\/strong> desta semana trouxe estimativas que apontavam para uma Selic a 11,75% no final do ano, mesma previs\u00e3o do documento divulgado antes da <strong>decis\u00e3o do Copom<\/strong>.<strong>&nbsp;<\/strong><\/p>\n\n\n\n\t<div data-element=\"shortcode-read-more\" class=\"readToo\">\n\t\t\t\t<span class=\"readToo__title\">Leia mais<\/span>\n\t\t\t\t<ul class=\"readToo__list\">\n\t\t\t<li><a href=\"https:\/\/www.suno.com.br\/noticias\/ipca-boletim-focus-selic-061123\/\">Mercado mant\u00e9m previs\u00e3o para IPCA e taxa Selic em 2023; Confira mais proje\u00e7\u00f5es<\/a><\/li><li><a href=\"https:\/\/www.suno.com.br\/noticias\/copom-meta-fiscal-cortes-selic-mal\/\">Comunicado do Copom: discuss\u00e3o sobre meta fiscal do governo pode atrapalhar ritmo de cortes da Selic?<\/a><\/li><li><a href=\"https:\/\/www.suno.com.br\/noticias\/copom-decisao-taxa-selic-novembro-2023\/\">Copom corta pela 3\u00aa vez seguida a taxa Selic em 0,5 pp, para 12,25% ao ano; entenda os motivos<\/a><\/li>\t\t<\/ul>\n\t<\/div>\n\n\n\n\n<h2 class=\"wp-block-heading\">O que o Copom avalia?<\/h2>\n\n\n\n<p>O <strong>Copom<\/strong> avaliou que o ambiente externo mostra-se adverso, em fun\u00e7\u00e3o da eleva\u00e7\u00e3o das <strong>taxas de juros<\/strong> de prazos mais longos nos Estados Unidos, da resili\u00eancia dos n\u00facleos de infla\u00e7\u00e3o em n\u00edveis ainda elevados em diversos pa\u00edses e de novas tens\u00f5es geopol\u00edticas.<\/p>\n\n\n\n<p>Para o Comit\u00ea, os bancos centrais das principais economias permanecem determinados em promover a converg\u00eancia das taxas de infla\u00e7\u00e3o para suas metas em um ambiente marcado por press\u00f5es nos mercados de trabalho, e que o cen\u00e1rio exige aten\u00e7\u00e3o e cautela por parte de <a href=\"https:\/\/www.suno.com.br\/artigos\/paises-emergentes\/\">pa\u00edses emergentes<\/a>.<\/p>\n\n\n\n<p>J\u00e1 no ambiente dom\u00e9stico, segundo o Copom, o conjunto de indicadores recentes da atividade econ\u00f4mica segue consistente com o cen\u00e1rio de desacelera\u00e7\u00e3o esperado pelo Comit\u00ea, com uma desacelera\u00e7\u00e3o nos dados de atividade referentes a agosto, em particular em servi\u00e7os. Por outro lado, o mercado de trabalho segue aquecido, mas apresenta alguma modera\u00e7\u00e3o na margem.<\/p>\n\n\n\n<p>\u201cCom rela\u00e7\u00e3o aos pr\u00f3ximos passos, os membros do Comit\u00ea concordaram unanimemente com a expectativa de cortes de 0,50 ponto percentual nas pr\u00f3ximas reuni\u00f5es e avaliaram que esse \u00e9 o ritmo apropriado para manter a <strong>pol\u00edtica monet\u00e1ria contracionista<\/strong> necess\u00e1ria para o processo desinflacion\u00e1rio\u201d, sinaliza a ata.<\/p>\n\n\n\n<h2 class=\"wp-block-heading\">Copom: redu\u00e7\u00e3o da taxa Selic \u00e9 estrat\u00e9gica para converg\u00eancia da infla\u00e7\u00e3o&nbsp;<\/h2>\n\n\n\n<p>Sobre a decis\u00e3o em <strong>reduzir a taxa Selic<\/strong> em 0,5 ponto percentual, para 12,25% a.a, o Copom entende que essa decis\u00e3o \u00e9 compat\u00edvel com a estrat\u00e9gia de <strong>converg\u00eancia da infla\u00e7\u00e3o para o redor da meta<\/strong> ao longo do horizonte relevante, que inclui o ano de 2024 e o de 2025.<\/p>\n\n\n\n<p>O Comit\u00ea refor\u00e7ou, ainda, que essa decis\u00e3o tamb\u00e9m implica suaviza\u00e7\u00e3o das flutua\u00e7\u00f5es do n\u00edvel de atividade econ\u00f4mica e fomento do <a href=\"https:\/\/www.suno.com.br\/artigos\/pleno-emprego\/\">pleno emprego<\/a>, sem preju\u00edzo de seu objetivo fundamental de assegurar a estabilidade de pre\u00e7os.<\/p>\n\n\n\n<p>O grupo considerou que a conjuntura atual, caracterizada por um est\u00e1gio do processo desinflacion\u00e1rio que tende a ser mais lento e por expectativas de infla\u00e7\u00e3o com reancoragem apenas parcial, demanda serenidade e modera\u00e7\u00e3o na condu\u00e7\u00e3o da <strong>pol\u00edtica monet\u00e1ria<\/strong>, refor\u00e7ando a necessidade de perseverar com uma <a href=\"https:\/\/www.suno.com.br\/artigos\/politica-monetaria-contracionista\/\">pol\u00edtica monet\u00e1ria contracionista<\/a> at\u00e9 que se consolide n\u00e3o apenas o processo de desinfla\u00e7\u00e3o como tamb\u00e9m a ancoragem das expectativas em torno de suas metas.&nbsp;<\/p>\n\n\n\n<p>\u201cEm se confirmando o cen\u00e1rio esperado, os membros do Comit\u00ea, unanimemente, anteveem redu\u00e7\u00e3o de mesma magnitude nas pr\u00f3ximas reuni\u00f5es e avaliam que esse \u00e9 o ritmo apropriado para manter a <a href=\"https:\/\/www.suno.com.br\/artigos\/politica-monetaria-contracionista\/\">pol\u00edtica monet\u00e1ria contracionista<\/a> necess\u00e1ria para o processo desinflacion\u00e1rio\u201d.<\/p>\n\n\n\n<p>Ainda segundo o Comit\u00ea, a magnitude total do ciclo de flexibiliza\u00e7\u00e3o ao longo do tempo depender\u00e1 da evolu\u00e7\u00e3o da <strong>din\u00e2mica inflacion\u00e1ria<\/strong>, em especial dos componentes mais sens\u00edveis \u00e0 pol\u00edtica monet\u00e1ria e \u00e0 <strong>atividade econ\u00f4mica<\/strong>, das <strong>expectativas de infla\u00e7\u00e3o<\/strong>, em particular as de maior prazo, de suas <strong>proje\u00e7\u00f5es de infla\u00e7\u00e3o<\/strong>, do hiato do produto e do balan\u00e7o de riscos.&nbsp;<\/p>\n\n\n\t<p>\n\t\t<a href=\"https:\/\/lp.suno.com.br\/ebook-gratuito-investindo-no-exterior\/\" target=\"_blank\" data-element=\"shortcode-suno-banner\" title=\"Banner SUNO, clique e saiba mais\">\n\t\t\t<picture>\n\t\t\t\t<source media=\"(max-width: 500px)\" srcset=\"https:\/\/files.sunoresearch.com.br\/n\/uploads\/2023\/03\/400x300-Investindo-no-exterior.png\">\n\t\t\t\t<img class=\"newsContent__article__imgCapa newsContent__article__imgCapa--banner\"\n\t\t\t\t\tsrc=\"https:\/\/files.sunoresearch.com.br\/n\/uploads\/2023\/03\/1420x240-Investindo-no-exterior.png\"\n\t\t\t\t\tdata-promo-id=\"383161\"\t\t\t\t\t\t\t\t\t\twidth='1420' height='240'\t\t\t\t\talt=\"https:\/\/files.sunoresearch.com.br\/n\/uploads\/2023\/03\/1420x240-Investindo-no-exterior.png\"\n\t\t\t\t>\n\t\t\t<\/picture>\n\t\t<\/a>\n\t<\/p>\n\n\n\n\n\n<h2 class=\"wp-block-heading\">Expectativas de infla\u00e7\u00e3o seguem sendo fator de preocupa\u00e7\u00e3o, diz Copom<\/h2>\n\n\n\n<p>Sobre as expectativas de infla\u00e7\u00e3o, o Copom acredita que elas seguem desancoradas e s\u00e3o um fator de preocupa\u00e7\u00e3o.<\/p>\n\n\n\n<p>Assim, em seus cen\u00e1rios para a infla\u00e7\u00e3o, o Comit\u00ea listou os que fatores de risco permanecem em ambas as dire\u00e7\u00f5es. No caso dos riscos de alta, destacam-se uma maior persist\u00eancia das press\u00f5es inflacion\u00e1rias globais, al\u00e9m de uma maior resili\u00eancia na infla\u00e7\u00e3o de servi\u00e7os do que a projetada, em fun\u00e7\u00e3o de um hiato do produto mais apertado.<\/p>\n\n\n\n<p>J\u00e1 entre os riscos de baixa, o Copom ressaltou uma desacelera\u00e7\u00e3o da atividade econ\u00f4mica global mais acentuada do que a projetada, al\u00e9m dos impactos do aperto monet\u00e1rio sobre a desinfla\u00e7\u00e3o global se mostrarem mais fortes do que o esperado.<\/p>\n\n\n\n<p>\u201cO Comit\u00ea avalia que a conjuntura, em particular devido ao cen\u00e1rio internacional, \u00e9 mais incerta do que o usual e exige cautela na condu\u00e7\u00e3o da pol\u00edtica monet\u00e1ria\u201d.<\/p>\n\n\n\n<h2 class=\"wp-block-heading\">Decis\u00e3o sobre redu\u00e7\u00e3o da taxa Selic foi consensual<\/h2>\n\n\n\n<p>Segundo a ata,<strong> <\/strong>o Comit\u00ea avalia que houve um progresso desinflacion\u00e1rio relevante, em linha com o antecipado pelo grupo, mas ainda h\u00e1 um longo caminho a percorrer para a ancoragem das expectativas e o retorno da infla\u00e7\u00e3o \u00e0 meta, o que exige serenidade e modera\u00e7\u00e3o na condu\u00e7\u00e3o da pol\u00edtica monet\u00e1ria.<\/p>\n\n\n\n<p>No texto, o Comit\u00ea afirma que o cen\u00e1rio dom\u00e9stico vem se encaminhando em linha com o que era esperado, e que ele prossegue a trajet\u00f3ria desinflacion\u00e1ria dos n\u00facleos e da infla\u00e7\u00e3o de servi\u00e7os, refor\u00e7ando a din\u00e2mica benigna recente da infla\u00e7\u00e3o.<\/p>\n\n\n\n<p>Enquanto isso, diz o Copom, um membro avalia que o cen\u00e1rio externo introduz um vi\u00e9s assim\u00e9trico altista no balan\u00e7o de riscos para a infla\u00e7\u00e3o, enquanto os demais membros avaliam que o cen\u00e1rio internacional afeta primordialmente o grau de incerteza relativo ao balan\u00e7o de riscos.<\/p>\n\n\n\n<p>O Comit\u00ea \u00e9 un\u00e2nime, portanto, em avaliar que o aumento da incerteza no cen\u00e1rio global exige cautela.<\/p>\n\n\n\n<p>Assim, ap\u00f3s a an\u00e1lise do cen\u00e1rio, todos os membros concordaram que era apropriado reduzir a taxa <strong>Selic<\/strong> em 0,50 ponto percentual, de forma a ajustar o grau de aperto monet\u00e1rio prospectivo.<\/p>\n\n\n\t<p>\n\t\t<a href=\"https:\/\/lp.suno.com.br\/planilha-da-vida-financeira\/\" target=\"_blank\" data-element=\"shortcode-suno-banner\" title=\"Banner SUNO, clique e saiba mais\">\n\t\t\t<picture>\n\t\t\t\t<source media=\"(max-width: 500px)\" srcset=\"https:\/\/files.sunoresearch.com.br\/n\/uploads\/2023\/04\/400x300-Planilha-vida-financeira-true.png\">\n\t\t\t\t<img class=\"newsContent__article__imgCapa newsContent__article__imgCapa--banner\"\n\t\t\t\t\tsrc=\"https:\/\/files.sunoresearch.com.br\/n\/uploads\/2023\/04\/1420x240-Planilha-vida-financeira-true.png\"\n\t\t\t\t\tdata-promo-id=\"383123\"\t\t\t\t\t\t\t\t\t\twidth='1420' height='240'\t\t\t\t\talt=\"https:\/\/files.sunoresearch.com.br\/n\/uploads\/2023\/04\/1420x240-Planilha-vida-financeira-true.png\"\n\t\t\t\t>\n\t\t\t<\/picture>\n\t\t<\/a>\n\t<\/p>\n\n\n","protected":false},"excerpt":{"rendered":"<p>Na ata do Comit\u00ea de Pol\u00edtica Monet\u00e1ria (Copom) divulgada nesta ter\u00e7a-feira (6), o Banco Central (BC) afirmou que, em rela\u00e7\u00e3o \u00e0 decis\u00e3o de redu\u00e7\u00e3o da Selic de 12,75% para 12,25%, o ritmo de cortes deve seguir o mesmo nas pr\u00f3ximas reuni\u00f5es, mas h\u00e1 uma incerteza maior sobre a capacidade do governo em cumprir as metas [&hellip;]<\/p>\n","protected":false},"author":313,"featured_media":402006,"comment_status":"closed","ping_status":"closed","sticky":false,"template":"","format":"standard","meta":[],"categories":[62],"tags":[1104,105816,2448],"suno_strategy":[],"class_list":["post-481729","post","type-post","status-publish","format-standard","has-post-thumbnail","hentry","category-economia","tag-copom","tag-especialistas","tag-politica-monetaria"],"yoast_head":"<!-- This site is optimized with the Yoast SEO plugin v24.4 - https:\/\/yoast.com\/wordpress\/plugins\/seo\/ -->\n<title>Selic: juros continuar\u00e3o caindo, apesar de maior incerteza fiscal<\/title>\n<meta name=\"description\" content=\"O Copom disse que o ritmo de redu\u00e7\u00f5es da Selic deve seguir, mesmo com maior incerteza sobre o cumprimento das as metas fiscais estabelecidas.\" \/>\n<meta name=\"robots\" content=\"index, follow, max-snippet:-1, max-image-preview:large, max-video-preview:-1\" \/>\n<link rel=\"canonical\" href=\"https:\/\/www.suno.com.br\/noticias\/selic-juros-fiscal-copom-gpj\/\" \/>\n<meta property=\"og:locale\" content=\"pt_BR\" \/>\n<meta property=\"og:type\" content=\"article\" \/>\n<meta property=\"og:title\" content=\"Selic: juros continuar\u00e3o caindo, apesar de maior incerteza fiscal\" \/>\n<meta property=\"og:description\" content=\"O Copom disse que o ritmo de redu\u00e7\u00f5es da Selic deve seguir, mesmo com maior incerteza sobre o cumprimento das as metas fiscais estabelecidas.\" \/>\n<meta property=\"og:url\" content=\"https:\/\/www.suno.com.br\/noticias\/selic-juros-fiscal-copom-gpj\/\" \/>\n<meta property=\"og:site_name\" content=\"Suno Not\u00edcias\" \/>\n<meta property=\"article:publisher\" content=\"https:\/\/facebook.com\/sunoresearch\" \/>\n<meta property=\"og:image\" content=\"https:\/\/files.sunoresearch.com.br\/n\/uploads\/2023\/05\/agenda-copom-natura-ntco3-braskem-cpi-eua.jpg\" \/>\n\t<meta property=\"og:image:width\" content=\"1200\" \/>\n\t<meta property=\"og:image:height\" content=\"800\" \/>\n\t<meta property=\"og:image:type\" content=\"image\/jpeg\" \/>\n<meta name=\"author\" content=\"Giovanni Porf\u00edrio Jacomino\" \/>\n<meta name=\"twitter:card\" content=\"summary_large_image\" \/>\n<meta name=\"twitter:creator\" content=\"@sunoresearch\" \/>\n<meta name=\"twitter:site\" content=\"@sunoresearch\" \/>\n<meta name=\"twitter:label1\" content=\"Escrito por\" \/>\n\t<meta name=\"twitter:data1\" content=\"Giovanni Porf\u00edrio Jacomino\" \/>\n\t<meta name=\"twitter:label2\" content=\"Est. tempo de leitura\" \/>\n\t<meta name=\"twitter:data2\" content=\"6 minutos\" \/>\n<script type=\"application\/ld+json\" class=\"yoast-schema-graph\">{\"@context\":\"https:\/\/schema.org\",\"@graph\":[{\"@type\":\"NewsArticle\",\"@id\":\"https:\/\/www.suno.com.br\/noticias\/selic-juros-fiscal-copom-gpj\/#article\",\"isPartOf\":{\"@id\":\"https:\/\/www.suno.com.br\/noticias\/selic-juros-fiscal-copom-gpj\/\"},\"author\":{\"name\":\"Giovanni Porf\u00edrio Jacomino\",\"@id\":\"https:\/\/www.suno.com.br\/noticias\/#\/schema\/person\/d0f32748bbca4bee871fa191ee4e2d40\"},\"headline\":\"Selic: juros devem continuar caindo, mas aumentou a incerteza fiscal, diz ata do Copom\",\"datePublished\":\"2023-11-07T12:00:17+00:00\",\"dateModified\":\"2023-11-07T12:41:27+00:00\",\"mainEntityOfPage\":{\"@id\":\"https:\/\/www.suno.com.br\/noticias\/selic-juros-fiscal-copom-gpj\/\"},\"wordCount\":1227,\"publisher\":{\"@id\":\"https:\/\/www.suno.com.br\/noticias\/#organization\"},\"image\":{\"@id\":\"https:\/\/www.suno.com.br\/noticias\/selic-juros-fiscal-copom-gpj\/#primaryimage\"},\"thumbnailUrl\":\"https:\/\/files.sunoresearch.com.br\/n\/uploads\/2023\/05\/agenda-copom-natura-ntco3-braskem-cpi-eua.jpg\",\"keywords\":[\"Copom\",\"Especialistas\",\"pol\u00edtica monet\u00e1ria\"],\"articleSection\":[\"Economia\"],\"inLanguage\":\"pt-BR\"},{\"@type\":\"WebPage\",\"@id\":\"https:\/\/www.suno.com.br\/noticias\/selic-juros-fiscal-copom-gpj\/\",\"url\":\"https:\/\/www.suno.com.br\/noticias\/selic-juros-fiscal-copom-gpj\/\",\"name\":\"Selic: juros continuar\u00e3o caindo, apesar de maior incerteza fiscal\",\"isPartOf\":{\"@id\":\"https:\/\/www.suno.com.br\/noticias\/#website\"},\"primaryImageOfPage\":{\"@id\":\"https:\/\/www.suno.com.br\/noticias\/selic-juros-fiscal-copom-gpj\/#primaryimage\"},\"image\":{\"@id\":\"https:\/\/www.suno.com.br\/noticias\/selic-juros-fiscal-copom-gpj\/#primaryimage\"},\"thumbnailUrl\":\"https:\/\/files.sunoresearch.com.br\/n\/uploads\/2023\/05\/agenda-copom-natura-ntco3-braskem-cpi-eua.jpg\",\"datePublished\":\"2023-11-07T12:00:17+00:00\",\"dateModified\":\"2023-11-07T12:41:27+00:00\",\"description\":\"O Copom disse que o ritmo de redu\u00e7\u00f5es da Selic deve seguir, mesmo com maior incerteza sobre o cumprimento das as metas fiscais estabelecidas.\",\"breadcrumb\":{\"@id\":\"https:\/\/www.suno.com.br\/noticias\/selic-juros-fiscal-copom-gpj\/#breadcrumb\"},\"inLanguage\":\"pt-BR\",\"potentialAction\":[{\"@type\":\"ReadAction\",\"target\":[\"https:\/\/www.suno.com.br\/noticias\/selic-juros-fiscal-copom-gpj\/\"]}]},{\"@type\":\"ImageObject\",\"inLanguage\":\"pt-BR\",\"@id\":\"https:\/\/www.suno.com.br\/noticias\/selic-juros-fiscal-copom-gpj\/#primaryimage\",\"url\":\"https:\/\/files.sunoresearch.com.br\/n\/uploads\/2023\/05\/agenda-copom-natura-ntco3-braskem-cpi-eua.jpg\",\"contentUrl\":\"https:\/\/files.sunoresearch.com.br\/n\/uploads\/2023\/05\/agenda-copom-natura-ntco3-braskem-cpi-eua.jpg\",\"width\":1200,\"height\":800,\"caption\":\"Reuni\u00e3o do Copom - Foto: Copom \/Divulga\u00e7\u00e3o\"},{\"@type\":\"BreadcrumbList\",\"@id\":\"https:\/\/www.suno.com.br\/noticias\/selic-juros-fiscal-copom-gpj\/#breadcrumb\",\"itemListElement\":[{\"@type\":\"ListItem\",\"position\":1,\"name\":\"Not\u00edcias\",\"item\":\"https:\/\/www.suno.com.br\/noticias\/\"},{\"@type\":\"ListItem\",\"position\":2,\"name\":\"Economia\",\"item\":\"https:\/\/www.suno.com.br\/noticias\/economia\/\"},{\"@type\":\"ListItem\",\"position\":3,\"name\":\"Selic: juros devem continuar caindo, mas aumentou a incerteza fiscal, diz ata do Copom\"}]},{\"@type\":\"WebSite\",\"@id\":\"https:\/\/www.suno.com.br\/noticias\/#website\",\"url\":\"https:\/\/www.suno.com.br\/noticias\/\",\"name\":\"Suno Not\u00edcias\",\"description\":\"Seu portal de informa\u00e7\u00e3o sobre o mundo dos investimentos\",\"publisher\":{\"@id\":\"https:\/\/www.suno.com.br\/noticias\/#organization\"},\"potentialAction\":[{\"@type\":\"SearchAction\",\"target\":{\"@type\":\"EntryPoint\",\"urlTemplate\":\"https:\/\/www.suno.com.br\/noticias\/?s={search_term_string}\"},\"query-input\":{\"@type\":\"PropertyValueSpecification\",\"valueRequired\":true,\"valueName\":\"search_term_string\"}}],\"inLanguage\":\"pt-BR\"},{\"@type\":\"Organization\",\"@id\":\"https:\/\/www.suno.com.br\/noticias\/#organization\",\"name\":\"Suno Not\u00edcias\",\"url\":\"https:\/\/www.suno.com.br\/noticias\/\",\"logo\":{\"@type\":\"ImageObject\",\"inLanguage\":\"pt-BR\",\"@id\":\"https:\/\/www.suno.com.br\/noticias\/#\/schema\/logo\/image\/\",\"url\":\"https:\/\/files.sunoresearch.com.br\/n\/uploads\/2021\/09\/suno-logo.png\",\"contentUrl\":\"https:\/\/files.sunoresearch.com.br\/n\/uploads\/2021\/09\/suno-logo.png\",\"width\":180,\"height\":180,\"caption\":\"Suno Not\u00edcias\"},\"image\":{\"@id\":\"https:\/\/www.suno.com.br\/noticias\/#\/schema\/logo\/image\/\"},\"sameAs\":[\"https:\/\/facebook.com\/sunoresearch\",\"https:\/\/x.com\/sunoresearch\",\"https:\/\/www.instagram.com\/suno\",\"https:\/\/www.linkedin.com\/company\/suno-research\/\",\"https:\/\/www.youtube.com\/c\/sunoresearch\"]},{\"@type\":\"Person\",\"@id\":\"https:\/\/www.suno.com.br\/noticias\/#\/schema\/person\/d0f32748bbca4bee871fa191ee4e2d40\",\"name\":\"Giovanni Porf\u00edrio Jacomino\",\"image\":{\"@type\":\"ImageObject\",\"inLanguage\":\"pt-BR\",\"@id\":\"https:\/\/www.suno.com.br\/noticias\/#\/schema\/person\/image\/\",\"url\":\"https:\/\/secure.gravatar.com\/avatar\/efb32e19b730a121cb7a80f41ffec01a?s=96&r=g\",\"contentUrl\":\"https:\/\/secure.gravatar.com\/avatar\/efb32e19b730a121cb7a80f41ffec01a?s=96&r=g\",\"caption\":\"Giovanni Porf\u00edrio Jacomino\"},\"description\":\"Giovanni Porf\u00edrio Jacomino \u00e9 jornalista formado pela Universidade Estadual de Londrina (UEL) e p\u00f3s-graduado em Produ\u00e7\u00e3o e Pr\u00e1ticas Jornal\u00edsticas na Contemporaneidade na Faculdade C\u00e1sper L\u00edbero (FCL). Foi editor web no Startupi e no Finsiders, atuando ainda como editor no TC Mover, portal de not\u00edcias da TradersClub, fazendo a cobertura de assuntos relacionados ao mercado financeiro interno e externo. Atualmente, \u00e9 Rep\u00f3rter do Suno Not\u00edcias.\",\"url\":\"https:\/\/www.suno.com.br\/noticias\/author\/giovanni-porfiriosuno-com-br\/\"}]}<\/script>\n<!-- \/ Yoast SEO plugin. -->","yoast_head_json":{"title":"Selic: juros continuar\u00e3o caindo, apesar de maior incerteza fiscal","description":"O Copom disse que o ritmo de redu\u00e7\u00f5es da Selic deve seguir, mesmo com maior incerteza sobre o cumprimento das as metas fiscais estabelecidas.","robots":{"index":"index","follow":"follow","max-snippet":"max-snippet:-1","max-image-preview":"max-image-preview:large","max-video-preview":"max-video-preview:-1"},"canonical":"https:\/\/www.suno.com.br\/noticias\/selic-juros-fiscal-copom-gpj\/","og_locale":"pt_BR","og_type":"article","og_title":"Selic: juros continuar\u00e3o caindo, apesar de maior incerteza fiscal","og_description":"O Copom disse que o ritmo de redu\u00e7\u00f5es da Selic deve seguir, mesmo com maior incerteza sobre o cumprimento das as metas fiscais estabelecidas.","og_url":"https:\/\/www.suno.com.br\/noticias\/selic-juros-fiscal-copom-gpj\/","og_site_name":"Suno Not\u00edcias","article_publisher":"https:\/\/facebook.com\/sunoresearch","og_image":[{"width":1200,"height":800,"url":"https:\/\/files.sunoresearch.com.br\/n\/uploads\/2023\/05\/agenda-copom-natura-ntco3-braskem-cpi-eua.jpg","type":"image\/jpeg"}],"author":"Giovanni Porf\u00edrio Jacomino","twitter_card":"summary_large_image","twitter_creator":"@sunoresearch","twitter_site":"@sunoresearch","twitter_misc":{"Escrito por":"Giovanni Porf\u00edrio Jacomino","Est. tempo de leitura":"6 minutos"},"schema":{"@context":"https:\/\/schema.org","@graph":[{"@type":"NewsArticle","@id":"https:\/\/www.suno.com.br\/noticias\/selic-juros-fiscal-copom-gpj\/#article","isPartOf":{"@id":"https:\/\/www.suno.com.br\/noticias\/selic-juros-fiscal-copom-gpj\/"},"author":{"name":"Giovanni Porf\u00edrio Jacomino","@id":"https:\/\/www.suno.com.br\/noticias\/#\/schema\/person\/d0f32748bbca4bee871fa191ee4e2d40"},"headline":"Selic: juros devem continuar caindo, mas aumentou a incerteza fiscal, diz ata do Copom","datePublished":"2023-11-07T12:00:17+00:00","dateModified":"2023-11-07T12:41:27+00:00","mainEntityOfPage":{"@id":"https:\/\/www.suno.com.br\/noticias\/selic-juros-fiscal-copom-gpj\/"},"wordCount":1227,"publisher":{"@id":"https:\/\/www.suno.com.br\/noticias\/#organization"},"image":{"@id":"https:\/\/www.suno.com.br\/noticias\/selic-juros-fiscal-copom-gpj\/#primaryimage"},"thumbnailUrl":"https:\/\/files.sunoresearch.com.br\/n\/uploads\/2023\/05\/agenda-copom-natura-ntco3-braskem-cpi-eua.jpg","keywords":["Copom","Especialistas","pol\u00edtica monet\u00e1ria"],"articleSection":["Economia"],"inLanguage":"pt-BR"},{"@type":"WebPage","@id":"https:\/\/www.suno.com.br\/noticias\/selic-juros-fiscal-copom-gpj\/","url":"https:\/\/www.suno.com.br\/noticias\/selic-juros-fiscal-copom-gpj\/","name":"Selic: juros continuar\u00e3o caindo, apesar de maior incerteza fiscal","isPartOf":{"@id":"https:\/\/www.suno.com.br\/noticias\/#website"},"primaryImageOfPage":{"@id":"https:\/\/www.suno.com.br\/noticias\/selic-juros-fiscal-copom-gpj\/#primaryimage"},"image":{"@id":"https:\/\/www.suno.com.br\/noticias\/selic-juros-fiscal-copom-gpj\/#primaryimage"},"thumbnailUrl":"https:\/\/files.sunoresearch.com.br\/n\/uploads\/2023\/05\/agenda-copom-natura-ntco3-braskem-cpi-eua.jpg","datePublished":"2023-11-07T12:00:17+00:00","dateModified":"2023-11-07T12:41:27+00:00","description":"O Copom disse que o ritmo de redu\u00e7\u00f5es da Selic deve seguir, mesmo com maior incerteza sobre o cumprimento das as metas fiscais estabelecidas.","breadcrumb":{"@id":"https:\/\/www.suno.com.br\/noticias\/selic-juros-fiscal-copom-gpj\/#breadcrumb"},"inLanguage":"pt-BR","potentialAction":[{"@type":"ReadAction","target":["https:\/\/www.suno.com.br\/noticias\/selic-juros-fiscal-copom-gpj\/"]}]},{"@type":"ImageObject","inLanguage":"pt-BR","@id":"https:\/\/www.suno.com.br\/noticias\/selic-juros-fiscal-copom-gpj\/#primaryimage","url":"https:\/\/files.sunoresearch.com.br\/n\/uploads\/2023\/05\/agenda-copom-natura-ntco3-braskem-cpi-eua.jpg","contentUrl":"https:\/\/files.sunoresearch.com.br\/n\/uploads\/2023\/05\/agenda-copom-natura-ntco3-braskem-cpi-eua.jpg","width":1200,"height":800,"caption":"Reuni\u00e3o do Copom - Foto: Copom \/Divulga\u00e7\u00e3o"},{"@type":"BreadcrumbList","@id":"https:\/\/www.suno.com.br\/noticias\/selic-juros-fiscal-copom-gpj\/#breadcrumb","itemListElement":[{"@type":"ListItem","position":1,"name":"Not\u00edcias","item":"https:\/\/www.suno.com.br\/noticias\/"},{"@type":"ListItem","position":2,"name":"Economia","item":"https:\/\/www.suno.com.br\/noticias\/economia\/"},{"@type":"ListItem","position":3,"name":"Selic: juros devem continuar caindo, mas aumentou a incerteza fiscal, diz ata do Copom"}]},{"@type":"WebSite","@id":"https:\/\/www.suno.com.br\/noticias\/#website","url":"https:\/\/www.suno.com.br\/noticias\/","name":"Suno Not\u00edcias","description":"Seu portal de informa\u00e7\u00e3o sobre o mundo dos investimentos","publisher":{"@id":"https:\/\/www.suno.com.br\/noticias\/#organization"},"potentialAction":[{"@type":"SearchAction","target":{"@type":"EntryPoint","urlTemplate":"https:\/\/www.suno.com.br\/noticias\/?s={search_term_string}"},"query-input":{"@type":"PropertyValueSpecification","valueRequired":true,"valueName":"search_term_string"}}],"inLanguage":"pt-BR"},{"@type":"Organization","@id":"https:\/\/www.suno.com.br\/noticias\/#organization","name":"Suno Not\u00edcias","url":"https:\/\/www.suno.com.br\/noticias\/","logo":{"@type":"ImageObject","inLanguage":"pt-BR","@id":"https:\/\/www.suno.com.br\/noticias\/#\/schema\/logo\/image\/","url":"https:\/\/files.sunoresearch.com.br\/n\/uploads\/2021\/09\/suno-logo.png","contentUrl":"https:\/\/files.sunoresearch.com.br\/n\/uploads\/2021\/09\/suno-logo.png","width":180,"height":180,"caption":"Suno Not\u00edcias"},"image":{"@id":"https:\/\/www.suno.com.br\/noticias\/#\/schema\/logo\/image\/"},"sameAs":["https:\/\/facebook.com\/sunoresearch","https:\/\/x.com\/sunoresearch","https:\/\/www.instagram.com\/suno","https:\/\/www.linkedin.com\/company\/suno-research\/","https:\/\/www.youtube.com\/c\/sunoresearch"]},{"@type":"Person","@id":"https:\/\/www.suno.com.br\/noticias\/#\/schema\/person\/d0f32748bbca4bee871fa191ee4e2d40","name":"Giovanni Porf\u00edrio Jacomino","image":{"@type":"ImageObject","inLanguage":"pt-BR","@id":"https:\/\/www.suno.com.br\/noticias\/#\/schema\/person\/image\/","url":"https:\/\/secure.gravatar.com\/avatar\/efb32e19b730a121cb7a80f41ffec01a?s=96&r=g","contentUrl":"https:\/\/secure.gravatar.com\/avatar\/efb32e19b730a121cb7a80f41ffec01a?s=96&r=g","caption":"Giovanni Porf\u00edrio Jacomino"},"description":"Giovanni Porf\u00edrio Jacomino \u00e9 jornalista formado pela Universidade Estadual de Londrina (UEL) e p\u00f3s-graduado em Produ\u00e7\u00e3o e Pr\u00e1ticas Jornal\u00edsticas na Contemporaneidade na Faculdade C\u00e1sper L\u00edbero (FCL). Foi editor web no Startupi e no Finsiders, atuando ainda como editor no TC Mover, portal de not\u00edcias da TradersClub, fazendo a cobertura de assuntos relacionados ao mercado financeiro interno e externo. Atualmente, \u00e9 Rep\u00f3rter do Suno Not\u00edcias.","url":"https:\/\/www.suno.com.br\/noticias\/author\/giovanni-porfiriosuno-com-br\/"}]}},"default_loop_html":"<div class=\"cardsPage__listCard__boxs\"><div class=\"cardsPage__listCard__boxs__img\"><a href=\"https:\/\/www.suno.com.br\/noticias\/selic-juros-fiscal-copom-gpj\/\"><img class=\"mask\" src=\"https:\/\/www.suno.com.br\/noticias\/wp-content\/themes\/suno\/resources\/images\/spotlight\/spotlight1img\/bg-mask.png\" alt=\"Image Mask\"\/><img src=\"https:\/\/files.sunoresearch.com.br\/n\/uploads\/2023\/05\/agenda-copom-natura-ntco3-braskem-cpi-eua-400x200.jpg\" alt=\"Selic: juros devem continuar caindo, mas aumentou a incerteza fiscal, diz ata do Copom\"\/><\/a><span class=\"spotlightCategory\"><a href=\"https:\/\/www.suno.com.br\/noticias\/economia\/\">Economia<\/a><\/span><\/div><div class=\"cardsPage__listCard__boxs__content\"><a href=\"https:\/\/www.suno.com.br\/noticias\/selic-juros-fiscal-copom-gpj\/\"><h2 class=\"content__title\">Selic: juros devem continuar caindo, mas aumentou a incerteza fiscal, diz ata do Copom<\/h2><\/a><div class=\"newsContent__article__meta\"><div class=\"newsContent__article__meta__authorBox\"><a href=\"https:\/\/www.suno.com.br\/noticias\/author\/marco-lopes\/\" class=\"authorBox__avatar noMobi\"><img src=\"https:\/\/secure.gravatar.com\/avatar\/385167b012fbc1cde32c5446ee253313?s=96&#038;r=g\" alt=\"Marco Ant\u00f4nio Lopes\"><\/a><div class=\"authorBox__name\"><span>por\n\t\t\t<a href=\"https:\/\/www.suno.com.br\/noticias\/author\/marco-lopes\/\"><span itemprop=\"author\">Marco Ant\u00f4nio Lopes<\/span><\/a><\/span><time datetime=\"2023-11-07T09:00:17-03:00\" itemprop=\"datePublished\">07\/11\/2023 09:00<\/time><\/div><\/div><\/div><\/div><\/div>","single_layout":"posts","amp_enabled":true,"_links":{"self":[{"href":"https:\/\/www.suno.com.br\/noticias\/wp-json\/wp\/v2\/posts\/481729"}],"collection":[{"href":"https:\/\/www.suno.com.br\/noticias\/wp-json\/wp\/v2\/posts"}],"about":[{"href":"https:\/\/www.suno.com.br\/noticias\/wp-json\/wp\/v2\/types\/post"}],"author":[{"embeddable":true,"href":"https:\/\/www.suno.com.br\/noticias\/wp-json\/wp\/v2\/users\/313"}],"replies":[{"embeddable":true,"href":"https:\/\/www.suno.com.br\/noticias\/wp-json\/wp\/v2\/comments?post=481729"}],"version-history":[{"count":3,"href":"https:\/\/www.suno.com.br\/noticias\/wp-json\/wp\/v2\/posts\/481729\/revisions"}],"predecessor-version":[{"id":481786,"href":"https:\/\/www.suno.com.br\/noticias\/wp-json\/wp\/v2\/posts\/481729\/revisions\/481786"}],"wp:featuredmedia":[{"embeddable":true,"href":"https:\/\/www.suno.com.br\/noticias\/wp-json\/wp\/v2\/media\/402006"}],"wp:attachment":[{"href":"https:\/\/www.suno.com.br\/noticias\/wp-json\/wp\/v2\/media?parent=481729"}],"wp:term":[{"taxonomy":"category","embeddable":true,"href":"https:\/\/www.suno.com.br\/noticias\/wp-json\/wp\/v2\/categories?post=481729"},{"taxonomy":"post_tag","embeddable":true,"href":"https:\/\/www.suno.com.br\/noticias\/wp-json\/wp\/v2\/tags?post=481729"},{"taxonomy":"suno_strategy","embeddable":true,"href":"https:\/\/www.suno.com.br\/noticias\/wp-json\/wp\/v2\/suno_strategy?post=481729"}],"curies":[{"name":"wp","href":"https:\/\/api.w.org\/{rel}","templated":true}]}}