{"id":48160,"date":"2019-12-17T21:01:25","date_gmt":"2019-12-17T23:01:25","guid":{"rendered":"https:\/\/www.suno.com.br\/noticias\/?p=48160"},"modified":"2019-12-17T21:01:25","modified_gmt":"2019-12-17T23:01:25","slug":"pib-brasileiro-avancar-25-em-2020-diz-cni","status":"publish","type":"post","link":"https:\/\/www.suno.com.br\/noticias\/pib-brasileiro-avancar-25-em-2020-diz-cni\/","title":{"rendered":"PIB brasileiro deve avan\u00e7ar 2,5% em 2020, diz CNI"},"content":{"rendered":"<p>A <strong>Confedera\u00e7\u00e3o Nacional da Ind\u00fastria<\/strong> (<strong>CNI<\/strong>) informou que o <a href=\"https:\/\/www.suno.com.br\/artigos\/pib-produto-interno-bruto\/\">Produto Interno Bruto (PIB)<\/a> dever\u00e1 avan\u00e7ar 2,5% em 2020. A proje\u00e7\u00e3o faz parte do Informe Conjuntural Economia Brasileira que foi divulgado nesta ter\u00e7a-feira (17).<\/p>\t<div class=\"wrapper-featured-image\">\n\t\t<figure class=\"spotlightImg\">\n\n\t\t\t<picture>\n\t\t\t\t<source media=\"(max-width: 768px)\" srcset=\"https:\/\/files.sunoresearch.com.br\/n\/uploads\/2019\/04\/56b6b603-boletim-focus-400x200.webp\">\n\t\t\t\t<img loading=\"lazy\" decoding=\"async\" class=\"newsContent__article__imgCapa lazyloadDisabled newsContent__article__imgCapa--noCaption\" src=\"https:\/\/files.sunoresearch.com.br\/n\/uploads\/2019\/04\/56b6b603-boletim-focus-800x450.webp\" width=\"800\" height=\"450\" alt=\"PIB brasileiro deve avan\u00e7ar 2,5% em 2020, diz CNI\" fetchpriority=high \/>\n\t\t\t<\/picture>\n\n\t\t\t<figcaption class=\"wp-caption-text wp-caption-text--hide\">Boletim Focus <\/figcaption>\n\t\t<\/figure>\n\t<\/div>\n\n\n\n<p>Para este ano, a confedera\u00e7\u00e3o prev\u00ea um crescimento econ\u00f4mico de 1,2%. A CNI informou que o crescimento da economia brasileira no pr\u00f3ximo ano deve ocorrer por conta da expans\u00e3o do <strong>PIB <\/strong>da <strong>ind\u00fastria<\/strong>. De acordo com a confedera\u00e7\u00e3o, o avan\u00e7o neste setor ser\u00e1 de 2,8%.<\/p>\n<p>A economia do Pa\u00eds ser\u00e1 impulsionada tamb\u00e9m pelo crescimento de 6,5% dos <a href=\"https:\/\/www.suno.com.br\/artigos\/9-livros-sobre-investimentos-em-portugues\/\"><strong>investimentos<\/strong><\/a> em 2020. Neste ano, a entidade prev\u00ea que os investimentos aumentem 2,8%.<\/p>\n<p>Al\u00e9m disso, a confedera\u00e7\u00e3o apontou crescimento de 1,9% no <a href=\"https:\/\/www.suno.com.br\/artigos\/a-industria-de-consumo-nunca-mais-sera-a-mesma\/\"><strong>consumo das fam\u00edlias<\/strong><\/a> em 2019. No pr\u00f3ximo ano, o avan\u00e7o deve ser de 2,2%. A queda da <a href=\"https:\/\/www.suno.com.br\/artigos\/taxa-selic\/\">taxa b\u00e1sica de juros (<strong>Selic<\/strong>)<\/a> foi apontada como um dos fatores que levam ao aumento do consumo.<\/p>\n<p>As reformas, como a da <strong>Previd\u00eancia<\/strong> e a <strong>tribut\u00e1ria<\/strong>, tamb\u00e9m foram consideradas como fatores que contribuem para o aumento dos investimentos, da produ\u00e7\u00e3o e do consumo.<\/p>\n\t<p>\n\t\t<a href=\"https:\/\/lp.suno.com.br\/asset\/fundos\/suno-fiagro-snag11\/\" target=\"_blank\" data-element=\"shortcode-suno-banner\" title=\"Banner SUNO, clique e saiba mais\">\n\t\t\t<picture>\n\t\t\t\t<source media=\"(max-width: 500px)\" srcset=\"https:\/\/files.sunoresearch.com.br\/n\/uploads\/2024\/03\/400x300-Mobile-Artigos-1_SNAG.png\">\n\t\t\t\t<img class=\"newsContent__article__imgCapa newsContent__article__imgCapa--banner\"\n\t\t\t\t\tsrc=\"https:\/\/files.sunoresearch.com.br\/n\/uploads\/2024\/03\/1420x240-Banner-Artigos-1-_-Banner-Materias-1_SNAG.png\"\n\t\t\t\t\tdata-promo-id=\"364416\"\t\t\t\t\t\t\t\t\t\twidth='1420' height='240'\t\t\t\t\talt=\"https:\/\/files.sunoresearch.com.br\/n\/uploads\/2024\/03\/1420x240-Banner-Artigos-1-_-Banner-Materias-1_SNAG.png\"\n\t\t\t\t>\n\t\t\t<\/picture>\n\t\t<\/a>\n\t<\/p>\n\n\n<p>Segundo o relat\u00f3rio divulgado pela <strong>CNI<\/strong>, a acelera\u00e7\u00e3o da economia na segunda metade deste ano indica que o <strong>PIB<\/strong> crescer\u00e1 de forma s\u00f3lida nos pr\u00f3ximos 12 meses.<\/p>\n<p>A confedera\u00e7\u00e3o apontou tamb\u00e9m que o <strong><a href=\"https:\/\/www.suno.com.br\/artigos\/deficit-primario\/\">d\u00e9ficit prim\u00e1rio<\/a><\/strong> representar\u00e1 0,9% do PIB neste ano. Em 2020, as despesas ser\u00e3o correspondentes a 1,3% da economia.<\/p>\n<h2>Previs\u00e3o do PIB do Boletim Focus<\/h2>\n<p>Os especialistas das 100 principais institui\u00e7\u00f5es financeiras do mercado brasileiro, que colaboram com a elabora\u00e7\u00e3o do <a href=\"https:\/\/www.suno.com.br\/artigos\/relatorio-focus\/\">Boletim Focus<\/a>, alteraram nesta semana, pela terceira semana seguida, a previs\u00e3o do <strong>PIB<\/strong> para este ano.<\/p>\n<p><a href=\"https:\/\/www.suno.com.br\/noticias\/boletim-focus-previsao-pib-eleva-2019\/\">Saiba mais: Boletim Focus eleva previs\u00e3o do PIB para 1,12% em 2019<\/a><\/p>\n<p>Segundo as previs\u00f5es dos economistas, ao final de 2019, a economia brasileira ter\u00e1 crescido 1,12% em 12 meses. H\u00e1 tr\u00eas semanas, a previs\u00e3o era de um crescimento de 0,92%.<\/p>\n<p>Quanto \u00e0 previs\u00e3o do <strong>PIB<\/strong> para o ano que vem, os especialistas, pela sexta semana consecutiva, elevaram a previs\u00e3o de crescimento. A alta estimada \u00e9 de 2,25% ao fim de 2020. Duas semanas atr\u00e1s, a previs\u00e3o era um pouco menor, de 2,17%. Os n\u00fameros s\u00e3o inferiores ao previsto pela CNI.<\/p>\n\n","protected":false},"excerpt":{"rendered":"<p>A Confedera\u00e7\u00e3o Nacional da Ind\u00fastria (CNI) informou que o Produto Interno Bruto (PIB) dever\u00e1 avan\u00e7ar 2,5% em 2020. A proje\u00e7\u00e3o faz parte do Informe Conjuntural Economia Brasileira que foi divulgado nesta ter\u00e7a-feira (17). Boletim Focus Para este ano, a confedera\u00e7\u00e3o prev\u00ea um crescimento econ\u00f4mico de 1,2%. A CNI informou que o crescimento da economia brasileira [&hellip;]<\/p>\n","protected":false},"author":18,"featured_media":20249,"comment_status":"closed","ping_status":"closed","sticky":false,"template":"","format":"standard","meta":[],"categories":[62],"tags":[878,807],"suno_strategy":[],"class_list":["post-48160","post","type-post","status-publish","format-standard","has-post-thumbnail","hentry","category-economia","tag-cni","tag-produto-interno-bruto-pib"],"yoast_head":"<!-- This site is optimized with the Yoast SEO plugin v24.4 - https:\/\/yoast.com\/wordpress\/plugins\/seo\/ -->\n<title>PIB brasileiro deve avan\u00e7ar 2,5% em 2020, diz CNI<\/title>\n<meta name=\"description\" content=\"A Confedera\u00e7\u00e3o Nacional da Ind\u00fastria (CNI) informou que o Produto Interno Bruto (PIB) dever\u00e1 avan\u00e7ar 2,5% em 2020. Clique para saber mais.\" \/>\n<meta name=\"robots\" content=\"index, follow, max-snippet:-1, max-image-preview:large, max-video-preview:-1\" \/>\n<link rel=\"canonical\" href=\"https:\/\/www.suno.com.br\/noticias\/pib-brasileiro-avancar-25-em-2020-diz-cni\/\" \/>\n<meta property=\"og:locale\" content=\"pt_BR\" \/>\n<meta property=\"og:type\" content=\"article\" \/>\n<meta property=\"og:title\" content=\"PIB brasileiro deve avan\u00e7ar 2,5% em 2020, diz CNI\" \/>\n<meta property=\"og:description\" content=\"A Confedera\u00e7\u00e3o Nacional da Ind\u00fastria (CNI) informou que o Produto Interno Bruto (PIB) dever\u00e1 avan\u00e7ar 2,5% em 2020. Clique para saber mais.\" \/>\n<meta property=\"og:url\" content=\"https:\/\/www.suno.com.br\/noticias\/pib-brasileiro-avancar-25-em-2020-diz-cni\/\" \/>\n<meta property=\"og:site_name\" content=\"Suno Not\u00edcias\" \/>\n<meta property=\"article:publisher\" content=\"https:\/\/facebook.com\/sunoresearch\" \/>\n<meta property=\"og:image\" content=\"https:\/\/files.sunoresearch.com.br\/n\/uploads\/2019\/04\/56b6b603-boletim-focus.jpg\" \/>\n\t<meta property=\"og:image:width\" content=\"850\" \/>\n\t<meta property=\"og:image:height\" content=\"566\" \/>\n\t<meta property=\"og:image:type\" content=\"image\/jpeg\" \/>\n<meta name=\"author\" content=\"Giovanna Oliveira\" \/>\n<meta name=\"twitter:card\" content=\"summary_large_image\" \/>\n<meta name=\"twitter:creator\" content=\"@sunoresearch\" \/>\n<meta name=\"twitter:site\" content=\"@sunoresearch\" \/>\n<meta name=\"twitter:label1\" content=\"Escrito por\" \/>\n\t<meta name=\"twitter:data1\" content=\"Giovanna Oliveira\" \/>\n\t<meta name=\"twitter:label2\" content=\"Est. tempo de leitura\" \/>\n\t<meta name=\"twitter:data2\" content=\"2 minutos\" \/>\n<script type=\"application\/ld+json\" class=\"yoast-schema-graph\">{\"@context\":\"https:\/\/schema.org\",\"@graph\":[{\"@type\":\"NewsArticle\",\"@id\":\"https:\/\/www.suno.com.br\/noticias\/pib-brasileiro-avancar-25-em-2020-diz-cni\/#article\",\"isPartOf\":{\"@id\":\"https:\/\/www.suno.com.br\/noticias\/pib-brasileiro-avancar-25-em-2020-diz-cni\/\"},\"author\":{\"name\":\"Giovanna Oliveira\",\"@id\":\"https:\/\/www.suno.com.br\/noticias\/#\/schema\/person\/4e19e3d2575736e5283d58eb3199d120\"},\"headline\":\"PIB brasileiro deve avan\u00e7ar 2,5% em 2020, diz CNI\",\"datePublished\":\"2019-12-17T23:01:25+00:00\",\"mainEntityOfPage\":{\"@id\":\"https:\/\/www.suno.com.br\/noticias\/pib-brasileiro-avancar-25-em-2020-diz-cni\/\"},\"wordCount\":391,\"publisher\":{\"@id\":\"https:\/\/www.suno.com.br\/noticias\/#organization\"},\"image\":{\"@id\":\"https:\/\/www.suno.com.br\/noticias\/pib-brasileiro-avancar-25-em-2020-diz-cni\/#primaryimage\"},\"thumbnailUrl\":\"https:\/\/files.sunoresearch.com.br\/n\/uploads\/2019\/04\/56b6b603-boletim-focus-jpg.webp\",\"keywords\":[\"CNI\",\"Produto Interno Bruto (PIB)\"],\"articleSection\":[\"Economia\"],\"inLanguage\":\"pt-BR\"},{\"@type\":\"WebPage\",\"@id\":\"https:\/\/www.suno.com.br\/noticias\/pib-brasileiro-avancar-25-em-2020-diz-cni\/\",\"url\":\"https:\/\/www.suno.com.br\/noticias\/pib-brasileiro-avancar-25-em-2020-diz-cni\/\",\"name\":\"PIB brasileiro deve avan\u00e7ar 2,5% em 2020, diz CNI\",\"isPartOf\":{\"@id\":\"https:\/\/www.suno.com.br\/noticias\/#website\"},\"primaryImageOfPage\":{\"@id\":\"https:\/\/www.suno.com.br\/noticias\/pib-brasileiro-avancar-25-em-2020-diz-cni\/#primaryimage\"},\"image\":{\"@id\":\"https:\/\/www.suno.com.br\/noticias\/pib-brasileiro-avancar-25-em-2020-diz-cni\/#primaryimage\"},\"thumbnailUrl\":\"https:\/\/files.sunoresearch.com.br\/n\/uploads\/2019\/04\/56b6b603-boletim-focus-jpg.webp\",\"datePublished\":\"2019-12-17T23:01:25+00:00\",\"description\":\"A Confedera\u00e7\u00e3o Nacional da Ind\u00fastria (CNI) informou que o Produto Interno Bruto (PIB) dever\u00e1 avan\u00e7ar 2,5% em 2020. Clique para saber mais.\",\"breadcrumb\":{\"@id\":\"https:\/\/www.suno.com.br\/noticias\/pib-brasileiro-avancar-25-em-2020-diz-cni\/#breadcrumb\"},\"inLanguage\":\"pt-BR\",\"potentialAction\":[{\"@type\":\"ReadAction\",\"target\":[\"https:\/\/www.suno.com.br\/noticias\/pib-brasileiro-avancar-25-em-2020-diz-cni\/\"]}]},{\"@type\":\"ImageObject\",\"inLanguage\":\"pt-BR\",\"@id\":\"https:\/\/www.suno.com.br\/noticias\/pib-brasileiro-avancar-25-em-2020-diz-cni\/#primaryimage\",\"url\":\"https:\/\/files.sunoresearch.com.br\/n\/uploads\/2019\/04\/56b6b603-boletim-focus-jpg.webp\",\"contentUrl\":\"https:\/\/files.sunoresearch.com.br\/n\/uploads\/2019\/04\/56b6b603-boletim-focus-jpg.webp\",\"width\":850,\"height\":566,\"caption\":\"Boletim Focus\"},{\"@type\":\"BreadcrumbList\",\"@id\":\"https:\/\/www.suno.com.br\/noticias\/pib-brasileiro-avancar-25-em-2020-diz-cni\/#breadcrumb\",\"itemListElement\":[{\"@type\":\"ListItem\",\"position\":1,\"name\":\"Not\u00edcias\",\"item\":\"https:\/\/www.suno.com.br\/noticias\/\"},{\"@type\":\"ListItem\",\"position\":2,\"name\":\"Economia\",\"item\":\"https:\/\/www.suno.com.br\/noticias\/economia\/\"},{\"@type\":\"ListItem\",\"position\":3,\"name\":\"PIB brasileiro deve avan\u00e7ar 2,5% em 2020, diz CNI\"}]},{\"@type\":\"WebSite\",\"@id\":\"https:\/\/www.suno.com.br\/noticias\/#website\",\"url\":\"https:\/\/www.suno.com.br\/noticias\/\",\"name\":\"Suno Not\u00edcias\",\"description\":\"Seu portal de informa\u00e7\u00e3o sobre o mundo dos investimentos\",\"publisher\":{\"@id\":\"https:\/\/www.suno.com.br\/noticias\/#organization\"},\"potentialAction\":[{\"@type\":\"SearchAction\",\"target\":{\"@type\":\"EntryPoint\",\"urlTemplate\":\"https:\/\/www.suno.com.br\/noticias\/?s={search_term_string}\"},\"query-input\":{\"@type\":\"PropertyValueSpecification\",\"valueRequired\":true,\"valueName\":\"search_term_string\"}}],\"inLanguage\":\"pt-BR\"},{\"@type\":\"Organization\",\"@id\":\"https:\/\/www.suno.com.br\/noticias\/#organization\",\"name\":\"Suno Not\u00edcias\",\"url\":\"https:\/\/www.suno.com.br\/noticias\/\",\"logo\":{\"@type\":\"ImageObject\",\"inLanguage\":\"pt-BR\",\"@id\":\"https:\/\/www.suno.com.br\/noticias\/#\/schema\/logo\/image\/\",\"url\":\"https:\/\/files.sunoresearch.com.br\/n\/uploads\/2021\/09\/suno-logo.png\",\"contentUrl\":\"https:\/\/files.sunoresearch.com.br\/n\/uploads\/2021\/09\/suno-logo.png\",\"width\":180,\"height\":180,\"caption\":\"Suno Not\u00edcias\"},\"image\":{\"@id\":\"https:\/\/www.suno.com.br\/noticias\/#\/schema\/logo\/image\/\"},\"sameAs\":[\"https:\/\/facebook.com\/sunoresearch\",\"https:\/\/x.com\/sunoresearch\",\"https:\/\/www.instagram.com\/suno\",\"https:\/\/www.linkedin.com\/company\/suno-research\/\",\"https:\/\/www.youtube.com\/c\/sunoresearch\"]},{\"@type\":\"Person\",\"@id\":\"https:\/\/www.suno.com.br\/noticias\/#\/schema\/person\/4e19e3d2575736e5283d58eb3199d120\",\"name\":\"Giovanna Oliveira\",\"image\":{\"@type\":\"ImageObject\",\"inLanguage\":\"pt-BR\",\"@id\":\"https:\/\/www.suno.com.br\/noticias\/#\/schema\/person\/image\/\",\"url\":\"https:\/\/secure.gravatar.com\/avatar\/9a37b3ae208962ac568992d0ffdbc2eb?s=96&r=g\",\"contentUrl\":\"https:\/\/secure.gravatar.com\/avatar\/9a37b3ae208962ac568992d0ffdbc2eb?s=96&r=g\",\"caption\":\"Giovanna Oliveira\"},\"description\":\"Giovanna Oliveira escreve sobre economia e pol\u00edtica. Foi rep\u00f3rter do portal de jornalismo da ESPM-SP e produziu conte\u00fado para a Corinthians TV. \u00c9 estudante da ESPM.\",\"url\":\"https:\/\/www.suno.com.br\/noticias\/author\/giovanna\/\"}]}<\/script>\n<!-- \/ Yoast SEO plugin. -->","yoast_head_json":{"title":"PIB brasileiro deve avan\u00e7ar 2,5% em 2020, diz CNI","description":"A Confedera\u00e7\u00e3o Nacional da Ind\u00fastria (CNI) informou que o Produto Interno Bruto (PIB) dever\u00e1 avan\u00e7ar 2,5% em 2020. Clique para saber mais.","robots":{"index":"index","follow":"follow","max-snippet":"max-snippet:-1","max-image-preview":"max-image-preview:large","max-video-preview":"max-video-preview:-1"},"canonical":"https:\/\/www.suno.com.br\/noticias\/pib-brasileiro-avancar-25-em-2020-diz-cni\/","og_locale":"pt_BR","og_type":"article","og_title":"PIB brasileiro deve avan\u00e7ar 2,5% em 2020, diz CNI","og_description":"A Confedera\u00e7\u00e3o Nacional da Ind\u00fastria (CNI) informou que o Produto Interno Bruto (PIB) dever\u00e1 avan\u00e7ar 2,5% em 2020. Clique para saber mais.","og_url":"https:\/\/www.suno.com.br\/noticias\/pib-brasileiro-avancar-25-em-2020-diz-cni\/","og_site_name":"Suno Not\u00edcias","article_publisher":"https:\/\/facebook.com\/sunoresearch","og_image":[{"width":850,"height":566,"url":"https:\/\/files.sunoresearch.com.br\/n\/uploads\/2019\/04\/56b6b603-boletim-focus.jpg","type":"image\/jpeg"}],"author":"Giovanna Oliveira","twitter_card":"summary_large_image","twitter_creator":"@sunoresearch","twitter_site":"@sunoresearch","twitter_misc":{"Escrito por":"Giovanna Oliveira","Est. tempo de leitura":"2 minutos"},"schema":{"@context":"https:\/\/schema.org","@graph":[{"@type":"NewsArticle","@id":"https:\/\/www.suno.com.br\/noticias\/pib-brasileiro-avancar-25-em-2020-diz-cni\/#article","isPartOf":{"@id":"https:\/\/www.suno.com.br\/noticias\/pib-brasileiro-avancar-25-em-2020-diz-cni\/"},"author":{"name":"Giovanna Oliveira","@id":"https:\/\/www.suno.com.br\/noticias\/#\/schema\/person\/4e19e3d2575736e5283d58eb3199d120"},"headline":"PIB brasileiro deve avan\u00e7ar 2,5% em 2020, diz CNI","datePublished":"2019-12-17T23:01:25+00:00","mainEntityOfPage":{"@id":"https:\/\/www.suno.com.br\/noticias\/pib-brasileiro-avancar-25-em-2020-diz-cni\/"},"wordCount":391,"publisher":{"@id":"https:\/\/www.suno.com.br\/noticias\/#organization"},"image":{"@id":"https:\/\/www.suno.com.br\/noticias\/pib-brasileiro-avancar-25-em-2020-diz-cni\/#primaryimage"},"thumbnailUrl":"https:\/\/files.sunoresearch.com.br\/n\/uploads\/2019\/04\/56b6b603-boletim-focus-jpg.webp","keywords":["CNI","Produto Interno Bruto (PIB)"],"articleSection":["Economia"],"inLanguage":"pt-BR"},{"@type":"WebPage","@id":"https:\/\/www.suno.com.br\/noticias\/pib-brasileiro-avancar-25-em-2020-diz-cni\/","url":"https:\/\/www.suno.com.br\/noticias\/pib-brasileiro-avancar-25-em-2020-diz-cni\/","name":"PIB brasileiro deve avan\u00e7ar 2,5% em 2020, diz CNI","isPartOf":{"@id":"https:\/\/www.suno.com.br\/noticias\/#website"},"primaryImageOfPage":{"@id":"https:\/\/www.suno.com.br\/noticias\/pib-brasileiro-avancar-25-em-2020-diz-cni\/#primaryimage"},"image":{"@id":"https:\/\/www.suno.com.br\/noticias\/pib-brasileiro-avancar-25-em-2020-diz-cni\/#primaryimage"},"thumbnailUrl":"https:\/\/files.sunoresearch.com.br\/n\/uploads\/2019\/04\/56b6b603-boletim-focus-jpg.webp","datePublished":"2019-12-17T23:01:25+00:00","description":"A Confedera\u00e7\u00e3o Nacional da Ind\u00fastria (CNI) informou que o Produto Interno Bruto (PIB) dever\u00e1 avan\u00e7ar 2,5% em 2020. Clique para saber mais.","breadcrumb":{"@id":"https:\/\/www.suno.com.br\/noticias\/pib-brasileiro-avancar-25-em-2020-diz-cni\/#breadcrumb"},"inLanguage":"pt-BR","potentialAction":[{"@type":"ReadAction","target":["https:\/\/www.suno.com.br\/noticias\/pib-brasileiro-avancar-25-em-2020-diz-cni\/"]}]},{"@type":"ImageObject","inLanguage":"pt-BR","@id":"https:\/\/www.suno.com.br\/noticias\/pib-brasileiro-avancar-25-em-2020-diz-cni\/#primaryimage","url":"https:\/\/files.sunoresearch.com.br\/n\/uploads\/2019\/04\/56b6b603-boletim-focus-jpg.webp","contentUrl":"https:\/\/files.sunoresearch.com.br\/n\/uploads\/2019\/04\/56b6b603-boletim-focus-jpg.webp","width":850,"height":566,"caption":"Boletim Focus"},{"@type":"BreadcrumbList","@id":"https:\/\/www.suno.com.br\/noticias\/pib-brasileiro-avancar-25-em-2020-diz-cni\/#breadcrumb","itemListElement":[{"@type":"ListItem","position":1,"name":"Not\u00edcias","item":"https:\/\/www.suno.com.br\/noticias\/"},{"@type":"ListItem","position":2,"name":"Economia","item":"https:\/\/www.suno.com.br\/noticias\/economia\/"},{"@type":"ListItem","position":3,"name":"PIB brasileiro deve avan\u00e7ar 2,5% em 2020, diz CNI"}]},{"@type":"WebSite","@id":"https:\/\/www.suno.com.br\/noticias\/#website","url":"https:\/\/www.suno.com.br\/noticias\/","name":"Suno Not\u00edcias","description":"Seu portal de informa\u00e7\u00e3o sobre o mundo dos investimentos","publisher":{"@id":"https:\/\/www.suno.com.br\/noticias\/#organization"},"potentialAction":[{"@type":"SearchAction","target":{"@type":"EntryPoint","urlTemplate":"https:\/\/www.suno.com.br\/noticias\/?s={search_term_string}"},"query-input":{"@type":"PropertyValueSpecification","valueRequired":true,"valueName":"search_term_string"}}],"inLanguage":"pt-BR"},{"@type":"Organization","@id":"https:\/\/www.suno.com.br\/noticias\/#organization","name":"Suno Not\u00edcias","url":"https:\/\/www.suno.com.br\/noticias\/","logo":{"@type":"ImageObject","inLanguage":"pt-BR","@id":"https:\/\/www.suno.com.br\/noticias\/#\/schema\/logo\/image\/","url":"https:\/\/files.sunoresearch.com.br\/n\/uploads\/2021\/09\/suno-logo.png","contentUrl":"https:\/\/files.sunoresearch.com.br\/n\/uploads\/2021\/09\/suno-logo.png","width":180,"height":180,"caption":"Suno Not\u00edcias"},"image":{"@id":"https:\/\/www.suno.com.br\/noticias\/#\/schema\/logo\/image\/"},"sameAs":["https:\/\/facebook.com\/sunoresearch","https:\/\/x.com\/sunoresearch","https:\/\/www.instagram.com\/suno","https:\/\/www.linkedin.com\/company\/suno-research\/","https:\/\/www.youtube.com\/c\/sunoresearch"]},{"@type":"Person","@id":"https:\/\/www.suno.com.br\/noticias\/#\/schema\/person\/4e19e3d2575736e5283d58eb3199d120","name":"Giovanna Oliveira","image":{"@type":"ImageObject","inLanguage":"pt-BR","@id":"https:\/\/www.suno.com.br\/noticias\/#\/schema\/person\/image\/","url":"https:\/\/secure.gravatar.com\/avatar\/9a37b3ae208962ac568992d0ffdbc2eb?s=96&r=g","contentUrl":"https:\/\/secure.gravatar.com\/avatar\/9a37b3ae208962ac568992d0ffdbc2eb?s=96&r=g","caption":"Giovanna Oliveira"},"description":"Giovanna Oliveira escreve sobre economia e pol\u00edtica. Foi rep\u00f3rter do portal de jornalismo da ESPM-SP e produziu conte\u00fado para a Corinthians TV. \u00c9 estudante da ESPM.","url":"https:\/\/www.suno.com.br\/noticias\/author\/giovanna\/"}]}},"default_loop_html":"<div class=\"cardsPage__listCard__boxs\"><div class=\"cardsPage__listCard__boxs__img\"><a href=\"https:\/\/www.suno.com.br\/noticias\/pib-brasileiro-avancar-25-em-2020-diz-cni\/\"><img class=\"mask\" src=\"https:\/\/www.suno.com.br\/noticias\/wp-content\/themes\/suno\/resources\/images\/spotlight\/spotlight1img\/bg-mask.png\" alt=\"Image Mask\"\/><img src=\"https:\/\/files.sunoresearch.com.br\/n\/uploads\/2019\/04\/56b6b603-boletim-focus-400x200.webp\" alt=\"PIB brasileiro deve avan\u00e7ar 2,5% em 2020, diz CNI\"\/><\/a><span class=\"spotlightCategory\"><a href=\"https:\/\/www.suno.com.br\/noticias\/economia\/\">Economia<\/a><\/span><\/div><div class=\"cardsPage__listCard__boxs__content\"><a href=\"https:\/\/www.suno.com.br\/noticias\/pib-brasileiro-avancar-25-em-2020-diz-cni\/\"><h2 class=\"content__title\">PIB brasileiro deve avan\u00e7ar 2,5% em 2020, diz CNI<\/h2><\/a><div class=\"newsContent__article__meta\"><div class=\"newsContent__article__meta__authorBox\"><a href=\"https:\/\/www.suno.com.br\/noticias\/author\/giovanna\/\" class=\"authorBox__avatar noMobi\"><img src=\"https:\/\/files.sunoresearch.com.br\/n\/uploads\/2019\/06\/952a89ca-screenshot_20190608-171507-150x150.webp\" alt=\"Giovanna Oliveira\"><\/a><div class=\"authorBox__name\"><span>por\n\t\t\t<a href=\"https:\/\/www.suno.com.br\/noticias\/author\/giovanna\/\"><span itemprop=\"author\">Giovanna Oliveira<\/span><\/a><\/span><time datetime=\"2019-12-17T21:01:25-03:00\" itemprop=\"datePublished\">17\/12\/2019 21:01<\/time><\/div><\/div><\/div><\/div><\/div>","single_layout":"posts","amp_enabled":true,"_links":{"self":[{"href":"https:\/\/www.suno.com.br\/noticias\/wp-json\/wp\/v2\/posts\/48160"}],"collection":[{"href":"https:\/\/www.suno.com.br\/noticias\/wp-json\/wp\/v2\/posts"}],"about":[{"href":"https:\/\/www.suno.com.br\/noticias\/wp-json\/wp\/v2\/types\/post"}],"author":[{"embeddable":true,"href":"https:\/\/www.suno.com.br\/noticias\/wp-json\/wp\/v2\/users\/18"}],"replies":[{"embeddable":true,"href":"https:\/\/www.suno.com.br\/noticias\/wp-json\/wp\/v2\/comments?post=48160"}],"version-history":[{"count":0,"href":"https:\/\/www.suno.com.br\/noticias\/wp-json\/wp\/v2\/posts\/48160\/revisions"}],"wp:featuredmedia":[{"embeddable":true,"href":"https:\/\/www.suno.com.br\/noticias\/wp-json\/wp\/v2\/media\/20249"}],"wp:attachment":[{"href":"https:\/\/www.suno.com.br\/noticias\/wp-json\/wp\/v2\/media?parent=48160"}],"wp:term":[{"taxonomy":"category","embeddable":true,"href":"https:\/\/www.suno.com.br\/noticias\/wp-json\/wp\/v2\/categories?post=48160"},{"taxonomy":"post_tag","embeddable":true,"href":"https:\/\/www.suno.com.br\/noticias\/wp-json\/wp\/v2\/tags?post=48160"},{"taxonomy":"suno_strategy","embeddable":true,"href":"https:\/\/www.suno.com.br\/noticias\/wp-json\/wp\/v2\/suno_strategy?post=48160"}],"curies":[{"name":"wp","href":"https:\/\/api.w.org\/{rel}","templated":true}]}}