{"id":481421,"date":"2023-11-06T15:45:36","date_gmt":"2023-11-06T18:45:36","guid":{"rendered":"https:\/\/www.suno.com.br\/noticias\/?p=481421"},"modified":"2023-11-06T17:05:43","modified_gmt":"2023-11-06T20:05:43","slug":"tereza-cristina-macro-day-btg-agronegocio-governo-produtor-evm","status":"publish","type":"post","link":"https:\/\/www.suno.com.br\/noticias\/tereza-cristina-macro-day-btg-agronegocio-governo-produtor-evm\/","title":{"rendered":"&#8220;No agroneg\u00f3cio, \u00e9 s\u00f3 o governo n\u00e3o atrapalhar que o produtor faz e produz&#8221;, diz Tereza Cristina"},"content":{"rendered":"<p>Em painel sobre o agroneg\u00f3cio no evento Macro Day do <a href=\"https:\/\/www.suno.com.br\/noticias\/neoenergia-neoe3-acoes-comprar-btg-evm\/\" target=\"_blank\" rel=\"noreferrer noopener\">BTG Pactual<\/a> a ex-ministra e atual Senadora, <a href=\"https:\/\/www.suno.com.br\/noticias\/com-por-guerra-entre-russia-e-ucrania-tereza-cristina-anuncia-plano-de-fertilizantes\/\" target=\"_blank\" rel=\"noreferrer noopener\">Tereza Cristina (PP-MS)<\/a>, destacou que o <strong><a href=\"https:\/\/www.suno.com.br\/noticias\/agronegocio-maior-empresa-top-10-evm\/\" target=\"_blank\" rel=\"noreferrer noopener\">agroneg\u00f3cio<\/a><\/strong> cresceu substancialmente nos \u00faltimos anos e d\u00e9cadas, mas ainda precisa de infraestrutura e cr\u00e9dito &#8216;tailor made&#8217; &#8211; ou feito sob medida.<\/p><div class=\"videoFull \">\n\t\t\t<div class=\"videoWrapper yt-lazyload center\"\n\t\t\t\tdata-width=\"960\"\n\t\t\t\tdata-height=\"540\"\n\t\t\t\tdata-id=\"2X4kHjFL6rg\"\n\t\t\t\tdata-alt=\"V\u00eddeo do YouTube - clique para reproduzir\"\n\t\t\t\tdata-logo=\"3\"\n\t\t\t\tdata-imagequality=\"maxres\">\n\t\t\t<\/div>\n\t\t<\/div><script type=\"application\/ld+json\">{\"@context\":\"https:\/\/schema.org\",\"@type\":\"VideoObject\",\"name\":\"\ud83d\udd34IBOVESPA DISPARA COM PAYROLL, COPOM E FED | NUBANK VALE O DOBRO DO SANTANDER| 3T23E DO ITA\u00da\",\"description\":\"#mercadofinanceiro #investimentos #bolsadevalores #ibovespa #dinheiro #finan\u00e7as #pol\u00edtica #d\u00f3lar #livedas19h #petr4 #petrobras #vale3 #vale #a\u00e7\u00f5es #economia #dividendos #pol\u00edtica #lula #haddad #fiscal #selic #copom #bancocentral #juros #fed #ita\u00fa #itub4 #payroll 00:00 In\u00edcio do v\u00eddeo 02:04 Fechamento de preg\u00e3o 07:20 Payroll anima mercados; entenda motivos 10:40 O que esperar do 3T23 do Ita\u00fa 13:56 Nubank vale o dobro\u2026\",\"duration\":\"PT26M54S\",\"embedUrl\":\"https:\/\/www.youtube.com\/embed\/2X4kHjFL6rg\",\"regionsAllowed\":\"en-US\",\"interactionStatistic\":{\"@type\":\"InteractionCounter\",\"interactionType\":{\"@type\":\"WatchAction\"},\"userInteractionCount\":3944},\"thumbnailUrl\":\"https:\/\/i.ytimg.com\/vi\/2X4kHjFL6rg\/default.jpg\",\"uploadDate\":\"2023-11-03T22:33:32Z\"}<\/script>\n\n\n\n\n\t<p>\n\t\t<a href=\"https:\/\/lp.suno.com.br\/ebook-como-analisar-uma-acao\/\" target=\"_blank\" data-element=\"shortcode-suno-banner\" title=\"Banner SUNO, clique e saiba mais\">\n\t\t\t<picture>\n\t\t\t\t<source media=\"(max-width: 500px)\" srcset=\"https:\/\/files.sunoresearch.com.br\/n\/uploads\/2023\/03\/Ebook-Acoes-Mobile.jpg\">\n\t\t\t\t<img class=\"newsContent__article__imgCapa newsContent__article__imgCapa--banner\"\n\t\t\t\t\tsrc=\"https:\/\/files.sunoresearch.com.br\/n\/uploads\/2023\/03\/Ebook-Acoes-Desktop.jpg\"\n\t\t\t\t\tdata-promo-id=\"378302\"\t\t\t\t\t\t\t\t\t\twidth='1420' height='286'\t\t\t\t\talt=\"https:\/\/files.sunoresearch.com.br\/n\/uploads\/2023\/03\/Ebook-Acoes-Desktop.jpg\"\n\t\t\t\t>\n\t\t\t<\/picture>\n\t\t<\/a>\n\t<\/p>\n\n\n\n\n\n\n\n<p>&#8220;No agroneg\u00f3cio, tivemos algumas adversidades, mas, se o governo n\u00e3o atrapalhar, o produtor vai l\u00e1 e faz. Est\u00e3o colocando at\u00e9 barreiras, mesmo dentro do c\u00f3digo florestal, sendo que temos 66% da vegeta\u00e7\u00e3o nativa em p\u00e9&#8221;, declarou <strong>Tereza Cristina<\/strong>.<\/p>\n\n\n\n<p>Na mesma toada da ex-ministra, o s\u00f3cio do <strong>BTG Pactual<\/strong> que mediou o painel, Thiago Duarte, destacou que o Brasil tem uma das legisla\u00e7\u00f5es mais restritivas do mundo quando olhamos para o c\u00f3digo florestal.<\/p>\n\n\n\n<p>Al\u00e9m disso, os membros do painel &#8211; que incluiu Rafael Abud, CEO da FS Bio, e J\u00falio Piza, Chairmam da <a class=\"suno-keyword\" data-force=\"yes\" data-priority=\"2\" href=\"https:\/\/www.suno.com.br\/acoes\/soja3\/\" target=\"_blank\" rel=\"noopener\">Boa Safra (SOJA3)<\/a> &#8211; destacaram que h\u00e1 um problema cr\u00f4nico de comunica\u00e7\u00e3o no setor do <strong>agro<\/strong>.<\/p>\n\n\n\n<p>\u201cQuerem nos barrar l\u00e1 fora. Nunca vi um navio brasileiro barrado por causa de \u00edndices altos de subst\u00e2ncias nos gr\u00e3os, ou prote\u00ednas com problemas. Acho que temos at\u00e9 gente daqui l\u00e1 fora que deixam a imagem do agro comprometida. N\u00e3o sabemos nos comunicar, \u00e9 um ponto fraco. Crescemos muito, mas isso \u00e9 um problema com consumidores internos e externos\u201d, disse Tereza Cristina.<\/p>\n\n\n\n<p>Abud, da FS Bio, lembrou que a discuss\u00e3o &#8220;food x fuel&#8221; \u00e9 frequentemente &#8220;requentada&#8221; para tentar diminuir a participa\u00e7\u00e3o do agroneg\u00f3cio nos mercados.<\/p>\n\n\n\n<p>&#8220;A raiz do questionamento \u00e9 sempre parecida, com uma suposta <a href=\"https:\/\/www.suno.com.br\/noticias\/ipca-dez-22-alta\/\" target=\"_blank\" rel=\"noreferrer noopener\">infla\u00e7\u00e3o nos alimentos<\/a> ao produzir combust\u00edveis. Na verdade as principais raz\u00f5es para inseguran\u00e7a alimentar s\u00e3o pobreza, corrup\u00e7\u00e3o, guerras, m\u00e1 distribui\u00e7\u00e3o de renda e outros problemas, e n\u00e3o a produ\u00e7\u00e3o de combust\u00edveis&#8221;.<\/p>\n\n\n\n<p>O especialista ainda declarou que o Brasil tende a ter uma produtividade m\u00e9dia 33% maior do que a m\u00e9dia global quando o assunto \u00e9 produ\u00e7\u00e3o de gr\u00e3os &#8211; dado que tem propor\u00e7\u00e3o semelhante em outros nichos como milho e outros.<\/p>\n\n\n\t<p>\n\t\t<a href=\"https:\/\/lp.suno.com.br\/asset\/fundos\/suno-fiagro-snag11\/\" target=\"_blank\" data-element=\"shortcode-suno-banner\" title=\"Banner SUNO, clique e saiba mais\">\n\t\t\t<picture>\n\t\t\t\t<source media=\"(max-width: 500px)\" srcset=\"https:\/\/files.sunoresearch.com.br\/n\/uploads\/2024\/03\/400x300-Mobile-Artigos-1_SNAG.png\">\n\t\t\t\t<img class=\"newsContent__article__imgCapa newsContent__article__imgCapa--banner\"\n\t\t\t\t\tsrc=\"https:\/\/files.sunoresearch.com.br\/n\/uploads\/2024\/03\/1420x240-Banner-Artigos-1-_-Banner-Materias-1_SNAG.png\"\n\t\t\t\t\tdata-promo-id=\"364416\"\t\t\t\t\t\t\t\t\t\twidth='1420' height='240'\t\t\t\t\talt=\"https:\/\/files.sunoresearch.com.br\/n\/uploads\/2024\/03\/1420x240-Banner-Artigos-1-_-Banner-Materias-1_SNAG.png\"\n\t\t\t\t>\n\t\t\t<\/picture>\n\t\t<\/a>\n\t<\/p>\n\n\n\n\n\n<h2 class=\"wp-block-heading\">Agroneg\u00f3cio mais forte, presen\u00e7a maior na bolsa<\/h2>\n\n\n\n<p>Piza, da Boa Safra e tamb\u00e9m da <a class=\"suno-keyword\" target=\"_blank\" data-force=\"yes\" data-priority=\"2\" href=\"https:\/\/www.suno.com.br\/acoes\/KEPL3\/\" rel=\"noopener\">Kepler Weber (KEPL3)<\/a>, destacou que com o crescimento expressivo do agroneg\u00f3cio, o setor ficou mais bem representado dentro da bolsa de valores.<\/p>\n\n\n\n<p>\u201cH\u00e1 vinte anos t\u00ednhamos s\u00f3 uma empresa do agro com capital aberto, e hoje temos uma infinidade. Estamos em um ciclo virtuoso, e o papel fundamental disso \u00e9 a tecnologia. Se voltarmos 30 anos, se algu\u00e9m falasse que ir\u00edamos produzir milho no Maranh\u00e3o, voc\u00ea seria chamado de louco. E hoje estamos fazendo a segunda safra de milho por l\u00e1&#8221;, disse.<\/p>\n\n\n\n<p>Piza ainda assinalou que h\u00e1 poucos anos o Brasil tinha importa\u00e7\u00f5es massivas de milho, ao passo que hoje o <strong>agroneg\u00f3cio <\/strong>\u00e9 o maior exportador de milho do mundo, aumentando sua produ\u00e7\u00e3o paulatina e notavelmente nos \u00faltimos anos.<\/p>\n\n\n\t<p>\n\t\t<a href=\"https:\/\/lp.suno.com.br\/minicurso-investindo-fiis\/\" target=\"_blank\" data-element=\"shortcode-suno-banner\" title=\"Banner SUNO, clique e saiba mais\">\n\t\t\t<picture>\n\t\t\t\t<source media=\"(max-width: 500px)\" srcset=\"https:\/\/files.sunoresearch.com.br\/n\/uploads\/2023\/03\/400x300-Minicurso-FIIS.png\">\n\t\t\t\t<img class=\"newsContent__article__imgCapa newsContent__article__imgCapa--banner\"\n\t\t\t\t\tsrc=\"https:\/\/files.sunoresearch.com.br\/n\/uploads\/2023\/03\/1420x240-Minicurso-FIIS.png\"\n\t\t\t\t\tdata-promo-id=\"383125\"\t\t\t\t\t\t\t\t\t\twidth='1420' height='240'\t\t\t\t\talt=\"https:\/\/files.sunoresearch.com.br\/n\/uploads\/2023\/03\/1420x240-Minicurso-FIIS.png\"\n\t\t\t\t>\n\t\t\t<\/picture>\n\t\t<\/a>\n\t<\/p>\n\n\n","protected":false},"excerpt":{"rendered":"<p>Em painel sobre o agroneg\u00f3cio no evento Macro Day do BTG Pactual a ex-ministra e atual Senadora, Tereza Cristina (PP-MS), destacou que o agroneg\u00f3cio cresceu substancialmente nos \u00faltimos anos e d\u00e9cadas, mas ainda precisa de infraestrutura e cr\u00e9dito &#8216;tailor made&#8217; &#8211; ou feito sob medida. &#8220;No agroneg\u00f3cio, tivemos algumas adversidades, mas, se o governo n\u00e3o [&hellip;]<\/p>\n","protected":false},"author":73,"featured_media":240952,"comment_status":"closed","ping_status":"closed","sticky":false,"template":"","format":"standard","meta":[],"categories":[107088],"tags":[1121,399,105816,1910],"suno_strategy":[],"class_list":["post-481421","post","type-post","status-publish","format-standard","has-post-thumbnail","hentry","category-agro","tag-agronegocio","tag-btg-pactual-bpac11-bpac3-bpac5","tag-especialistas","tag-tereza-cristina"],"yoast_head":"<!-- This site is optimized with the Yoast SEO plugin v24.4 - https:\/\/yoast.com\/wordpress\/plugins\/seo\/ -->\n<title>&quot;No agroneg\u00f3cio, \u00e9 s\u00f3 o governo n\u00e3o atrapalhar&quot;, diz Tereza Cristina<\/title>\n<meta name=\"description\" content=\"Piza, da Boa Safra, destacou que com o crescimento expressivo do agroneg\u00f3cio, o setor ficou mais bem representado dentro da bolsa\" \/>\n<meta name=\"robots\" content=\"index, follow, max-snippet:-1, max-image-preview:large, max-video-preview:-1\" \/>\n<link rel=\"canonical\" href=\"https:\/\/www.suno.com.br\/noticias\/tereza-cristina-macro-day-btg-agronegocio-governo-produtor-evm\/\" \/>\n<meta property=\"og:locale\" content=\"pt_BR\" \/>\n<meta property=\"og:type\" content=\"article\" \/>\n<meta property=\"og:title\" content=\"&quot;No agroneg\u00f3cio, \u00e9 s\u00f3 o governo n\u00e3o atrapalhar&quot;, diz Tereza Cristina\" \/>\n<meta property=\"og:description\" content=\"Piza, da Boa Safra, destacou que com o crescimento expressivo do agroneg\u00f3cio, o setor ficou mais bem representado dentro da bolsa\" \/>\n<meta property=\"og:url\" content=\"https:\/\/www.suno.com.br\/noticias\/tereza-cristina-macro-day-btg-agronegocio-governo-produtor-evm\/\" \/>\n<meta property=\"og:site_name\" content=\"Suno Not\u00edcias\" \/>\n<meta property=\"article:publisher\" content=\"https:\/\/facebook.com\/sunoresearch\" \/>\n<meta property=\"og:image\" content=\"https:\/\/files.sunoresearch.com.br\/n\/uploads\/2022\/03\/49209655162_3633334cd8_k.jpg\" \/>\n\t<meta property=\"og:image:width\" content=\"2048\" \/>\n\t<meta property=\"og:image:height\" content=\"1366\" \/>\n\t<meta property=\"og:image:type\" content=\"image\/jpeg\" \/>\n<meta name=\"author\" content=\"Eduardo Vargas\" \/>\n<meta name=\"twitter:card\" content=\"summary_large_image\" \/>\n<meta name=\"twitter:creator\" content=\"@sunoresearch\" \/>\n<meta name=\"twitter:site\" content=\"@sunoresearch\" \/>\n<meta name=\"twitter:label1\" content=\"Escrito por\" \/>\n\t<meta name=\"twitter:data1\" content=\"Eduardo Vargas\" \/>\n\t<meta name=\"twitter:label2\" content=\"Est. tempo de leitura\" \/>\n\t<meta name=\"twitter:data2\" content=\"3 minutos\" \/>\n<script type=\"application\/ld+json\" class=\"yoast-schema-graph\">{\"@context\":\"https:\/\/schema.org\",\"@graph\":[{\"@type\":\"NewsArticle\",\"@id\":\"https:\/\/www.suno.com.br\/noticias\/tereza-cristina-macro-day-btg-agronegocio-governo-produtor-evm\/#article\",\"isPartOf\":{\"@id\":\"https:\/\/www.suno.com.br\/noticias\/tereza-cristina-macro-day-btg-agronegocio-governo-produtor-evm\/\"},\"author\":{\"name\":\"Eduardo Vargas\",\"@id\":\"https:\/\/www.suno.com.br\/noticias\/#\/schema\/person\/7f4d362bf3518e76090143ae77bb49a5\"},\"headline\":\"&#8220;No agroneg\u00f3cio, \u00e9 s\u00f3 o governo n\u00e3o atrapalhar que o produtor faz e produz&#8221;, diz Tereza Cristina\",\"datePublished\":\"2023-11-06T18:45:36+00:00\",\"dateModified\":\"2023-11-06T20:05:43+00:00\",\"mainEntityOfPage\":{\"@id\":\"https:\/\/www.suno.com.br\/noticias\/tereza-cristina-macro-day-btg-agronegocio-governo-produtor-evm\/\"},\"wordCount\":518,\"publisher\":{\"@id\":\"https:\/\/www.suno.com.br\/noticias\/#organization\"},\"image\":{\"@id\":\"https:\/\/www.suno.com.br\/noticias\/tereza-cristina-macro-day-btg-agronegocio-governo-produtor-evm\/#primaryimage\"},\"thumbnailUrl\":\"https:\/\/files.sunoresearch.com.br\/n\/uploads\/2022\/03\/49209655162_3633334cd8_k.jpg\",\"keywords\":[\"Agroneg\u00f3cio\",\"BTG Pactual (BPAC11\/BPAC3\/BPAC5)\",\"Especialistas\",\"Tereza Cristina\"],\"articleSection\":[\"Agro\"],\"inLanguage\":\"pt-BR\"},{\"@type\":\"WebPage\",\"@id\":\"https:\/\/www.suno.com.br\/noticias\/tereza-cristina-macro-day-btg-agronegocio-governo-produtor-evm\/\",\"url\":\"https:\/\/www.suno.com.br\/noticias\/tereza-cristina-macro-day-btg-agronegocio-governo-produtor-evm\/\",\"name\":\"\\\"No agroneg\u00f3cio, \u00e9 s\u00f3 o governo n\u00e3o atrapalhar\\\", diz Tereza Cristina\",\"isPartOf\":{\"@id\":\"https:\/\/www.suno.com.br\/noticias\/#website\"},\"primaryImageOfPage\":{\"@id\":\"https:\/\/www.suno.com.br\/noticias\/tereza-cristina-macro-day-btg-agronegocio-governo-produtor-evm\/#primaryimage\"},\"image\":{\"@id\":\"https:\/\/www.suno.com.br\/noticias\/tereza-cristina-macro-day-btg-agronegocio-governo-produtor-evm\/#primaryimage\"},\"thumbnailUrl\":\"https:\/\/files.sunoresearch.com.br\/n\/uploads\/2022\/03\/49209655162_3633334cd8_k.jpg\",\"datePublished\":\"2023-11-06T18:45:36+00:00\",\"dateModified\":\"2023-11-06T20:05:43+00:00\",\"description\":\"Piza, da Boa Safra, destacou que com o crescimento expressivo do agroneg\u00f3cio, o setor ficou mais bem representado dentro da bolsa\",\"breadcrumb\":{\"@id\":\"https:\/\/www.suno.com.br\/noticias\/tereza-cristina-macro-day-btg-agronegocio-governo-produtor-evm\/#breadcrumb\"},\"inLanguage\":\"pt-BR\",\"potentialAction\":[{\"@type\":\"ReadAction\",\"target\":[\"https:\/\/www.suno.com.br\/noticias\/tereza-cristina-macro-day-btg-agronegocio-governo-produtor-evm\/\"]}]},{\"@type\":\"ImageObject\",\"inLanguage\":\"pt-BR\",\"@id\":\"https:\/\/www.suno.com.br\/noticias\/tereza-cristina-macro-day-btg-agronegocio-governo-produtor-evm\/#primaryimage\",\"url\":\"https:\/\/files.sunoresearch.com.br\/n\/uploads\/2022\/03\/49209655162_3633334cd8_k.jpg\",\"contentUrl\":\"https:\/\/files.sunoresearch.com.br\/n\/uploads\/2022\/03\/49209655162_3633334cd8_k.jpg\",\"width\":2048,\"height\":1366,\"caption\":\"Tereza Cristina. Foto: Geraldo Magela\/Ag\u00eancia Senado\"},{\"@type\":\"BreadcrumbList\",\"@id\":\"https:\/\/www.suno.com.br\/noticias\/tereza-cristina-macro-day-btg-agronegocio-governo-produtor-evm\/#breadcrumb\",\"itemListElement\":[{\"@type\":\"ListItem\",\"position\":1,\"name\":\"Not\u00edcias\",\"item\":\"https:\/\/www.suno.com.br\/noticias\/\"},{\"@type\":\"ListItem\",\"position\":2,\"name\":\"Agro\",\"item\":\"https:\/\/www.suno.com.br\/noticias\/agro\/\"},{\"@type\":\"ListItem\",\"position\":3,\"name\":\"&#8220;No agroneg\u00f3cio, \u00e9 s\u00f3 o governo n\u00e3o atrapalhar que o produtor faz e produz&#8221;, diz Tereza Cristina\"}]},{\"@type\":\"WebSite\",\"@id\":\"https:\/\/www.suno.com.br\/noticias\/#website\",\"url\":\"https:\/\/www.suno.com.br\/noticias\/\",\"name\":\"Suno Not\u00edcias\",\"description\":\"Seu portal de informa\u00e7\u00e3o sobre o mundo dos investimentos\",\"publisher\":{\"@id\":\"https:\/\/www.suno.com.br\/noticias\/#organization\"},\"potentialAction\":[{\"@type\":\"SearchAction\",\"target\":{\"@type\":\"EntryPoint\",\"urlTemplate\":\"https:\/\/www.suno.com.br\/noticias\/?s={search_term_string}\"},\"query-input\":{\"@type\":\"PropertyValueSpecification\",\"valueRequired\":true,\"valueName\":\"search_term_string\"}}],\"inLanguage\":\"pt-BR\"},{\"@type\":\"Organization\",\"@id\":\"https:\/\/www.suno.com.br\/noticias\/#organization\",\"name\":\"Suno Not\u00edcias\",\"url\":\"https:\/\/www.suno.com.br\/noticias\/\",\"logo\":{\"@type\":\"ImageObject\",\"inLanguage\":\"pt-BR\",\"@id\":\"https:\/\/www.suno.com.br\/noticias\/#\/schema\/logo\/image\/\",\"url\":\"https:\/\/files.sunoresearch.com.br\/n\/uploads\/2021\/09\/suno-logo.png\",\"contentUrl\":\"https:\/\/files.sunoresearch.com.br\/n\/uploads\/2021\/09\/suno-logo.png\",\"width\":180,\"height\":180,\"caption\":\"Suno Not\u00edcias\"},\"image\":{\"@id\":\"https:\/\/www.suno.com.br\/noticias\/#\/schema\/logo\/image\/\"},\"sameAs\":[\"https:\/\/facebook.com\/sunoresearch\",\"https:\/\/x.com\/sunoresearch\",\"https:\/\/www.instagram.com\/suno\",\"https:\/\/www.linkedin.com\/company\/suno-research\/\",\"https:\/\/www.youtube.com\/c\/sunoresearch\"]},{\"@type\":\"Person\",\"@id\":\"https:\/\/www.suno.com.br\/noticias\/#\/schema\/person\/7f4d362bf3518e76090143ae77bb49a5\",\"name\":\"Eduardo Vargas\",\"image\":{\"@type\":\"ImageObject\",\"inLanguage\":\"pt-BR\",\"@id\":\"https:\/\/www.suno.com.br\/noticias\/#\/schema\/person\/image\/\",\"url\":\"https:\/\/secure.gravatar.com\/avatar\/dac340933427a22924c9f99d1eb2e3f2?s=96&r=g\",\"contentUrl\":\"https:\/\/secure.gravatar.com\/avatar\/dac340933427a22924c9f99d1eb2e3f2?s=96&r=g\",\"caption\":\"Eduardo Vargas\"},\"description\":\"Jornalista formado pela UFSC, cobre macroeconomia, neg\u00f3cios e startups para o Suno Not\u00edcias, escrevendo principalmente not\u00edcias sobre o mercado financeiro e a bolsa de valores. No YouTube e no Instagram, \u00e9 respons\u00e1vel pela produ\u00e7\u00e3o de Reels e Shorts do Suno Not\u00edcias. Anteriormente, trabalhou cobrindo economia e cotidiano no ND+ e para o ND, maior jornal impresso de Santa Catarina. Cursou um semestre letivo de Estudos de M\u00eddia na Universidad de Buenos Aires.\",\"url\":\"https:\/\/www.suno.com.br\/noticias\/author\/eduardo-vargas\/\"}]}<\/script>\n<!-- \/ Yoast SEO plugin. -->","yoast_head_json":{"title":"\"No agroneg\u00f3cio, \u00e9 s\u00f3 o governo n\u00e3o atrapalhar\", diz Tereza Cristina","description":"Piza, da Boa Safra, destacou que com o crescimento expressivo do agroneg\u00f3cio, o setor ficou mais bem representado dentro da bolsa","robots":{"index":"index","follow":"follow","max-snippet":"max-snippet:-1","max-image-preview":"max-image-preview:large","max-video-preview":"max-video-preview:-1"},"canonical":"https:\/\/www.suno.com.br\/noticias\/tereza-cristina-macro-day-btg-agronegocio-governo-produtor-evm\/","og_locale":"pt_BR","og_type":"article","og_title":"\"No agroneg\u00f3cio, \u00e9 s\u00f3 o governo n\u00e3o atrapalhar\", diz Tereza Cristina","og_description":"Piza, da Boa Safra, destacou que com o crescimento expressivo do agroneg\u00f3cio, o setor ficou mais bem representado dentro da bolsa","og_url":"https:\/\/www.suno.com.br\/noticias\/tereza-cristina-macro-day-btg-agronegocio-governo-produtor-evm\/","og_site_name":"Suno Not\u00edcias","article_publisher":"https:\/\/facebook.com\/sunoresearch","og_image":[{"width":2048,"height":1366,"url":"https:\/\/files.sunoresearch.com.br\/n\/uploads\/2022\/03\/49209655162_3633334cd8_k.jpg","type":"image\/jpeg"}],"author":"Eduardo Vargas","twitter_card":"summary_large_image","twitter_creator":"@sunoresearch","twitter_site":"@sunoresearch","twitter_misc":{"Escrito por":"Eduardo Vargas","Est. tempo de leitura":"3 minutos"},"schema":{"@context":"https:\/\/schema.org","@graph":[{"@type":"NewsArticle","@id":"https:\/\/www.suno.com.br\/noticias\/tereza-cristina-macro-day-btg-agronegocio-governo-produtor-evm\/#article","isPartOf":{"@id":"https:\/\/www.suno.com.br\/noticias\/tereza-cristina-macro-day-btg-agronegocio-governo-produtor-evm\/"},"author":{"name":"Eduardo Vargas","@id":"https:\/\/www.suno.com.br\/noticias\/#\/schema\/person\/7f4d362bf3518e76090143ae77bb49a5"},"headline":"&#8220;No agroneg\u00f3cio, \u00e9 s\u00f3 o governo n\u00e3o atrapalhar que o produtor faz e produz&#8221;, diz Tereza Cristina","datePublished":"2023-11-06T18:45:36+00:00","dateModified":"2023-11-06T20:05:43+00:00","mainEntityOfPage":{"@id":"https:\/\/www.suno.com.br\/noticias\/tereza-cristina-macro-day-btg-agronegocio-governo-produtor-evm\/"},"wordCount":518,"publisher":{"@id":"https:\/\/www.suno.com.br\/noticias\/#organization"},"image":{"@id":"https:\/\/www.suno.com.br\/noticias\/tereza-cristina-macro-day-btg-agronegocio-governo-produtor-evm\/#primaryimage"},"thumbnailUrl":"https:\/\/files.sunoresearch.com.br\/n\/uploads\/2022\/03\/49209655162_3633334cd8_k.jpg","keywords":["Agroneg\u00f3cio","BTG Pactual (BPAC11\/BPAC3\/BPAC5)","Especialistas","Tereza Cristina"],"articleSection":["Agro"],"inLanguage":"pt-BR"},{"@type":"WebPage","@id":"https:\/\/www.suno.com.br\/noticias\/tereza-cristina-macro-day-btg-agronegocio-governo-produtor-evm\/","url":"https:\/\/www.suno.com.br\/noticias\/tereza-cristina-macro-day-btg-agronegocio-governo-produtor-evm\/","name":"\"No agroneg\u00f3cio, \u00e9 s\u00f3 o governo n\u00e3o atrapalhar\", diz Tereza Cristina","isPartOf":{"@id":"https:\/\/www.suno.com.br\/noticias\/#website"},"primaryImageOfPage":{"@id":"https:\/\/www.suno.com.br\/noticias\/tereza-cristina-macro-day-btg-agronegocio-governo-produtor-evm\/#primaryimage"},"image":{"@id":"https:\/\/www.suno.com.br\/noticias\/tereza-cristina-macro-day-btg-agronegocio-governo-produtor-evm\/#primaryimage"},"thumbnailUrl":"https:\/\/files.sunoresearch.com.br\/n\/uploads\/2022\/03\/49209655162_3633334cd8_k.jpg","datePublished":"2023-11-06T18:45:36+00:00","dateModified":"2023-11-06T20:05:43+00:00","description":"Piza, da Boa Safra, destacou que com o crescimento expressivo do agroneg\u00f3cio, o setor ficou mais bem representado dentro da bolsa","breadcrumb":{"@id":"https:\/\/www.suno.com.br\/noticias\/tereza-cristina-macro-day-btg-agronegocio-governo-produtor-evm\/#breadcrumb"},"inLanguage":"pt-BR","potentialAction":[{"@type":"ReadAction","target":["https:\/\/www.suno.com.br\/noticias\/tereza-cristina-macro-day-btg-agronegocio-governo-produtor-evm\/"]}]},{"@type":"ImageObject","inLanguage":"pt-BR","@id":"https:\/\/www.suno.com.br\/noticias\/tereza-cristina-macro-day-btg-agronegocio-governo-produtor-evm\/#primaryimage","url":"https:\/\/files.sunoresearch.com.br\/n\/uploads\/2022\/03\/49209655162_3633334cd8_k.jpg","contentUrl":"https:\/\/files.sunoresearch.com.br\/n\/uploads\/2022\/03\/49209655162_3633334cd8_k.jpg","width":2048,"height":1366,"caption":"Tereza Cristina. Foto: Geraldo Magela\/Ag\u00eancia Senado"},{"@type":"BreadcrumbList","@id":"https:\/\/www.suno.com.br\/noticias\/tereza-cristina-macro-day-btg-agronegocio-governo-produtor-evm\/#breadcrumb","itemListElement":[{"@type":"ListItem","position":1,"name":"Not\u00edcias","item":"https:\/\/www.suno.com.br\/noticias\/"},{"@type":"ListItem","position":2,"name":"Agro","item":"https:\/\/www.suno.com.br\/noticias\/agro\/"},{"@type":"ListItem","position":3,"name":"&#8220;No agroneg\u00f3cio, \u00e9 s\u00f3 o governo n\u00e3o atrapalhar que o produtor faz e produz&#8221;, diz Tereza Cristina"}]},{"@type":"WebSite","@id":"https:\/\/www.suno.com.br\/noticias\/#website","url":"https:\/\/www.suno.com.br\/noticias\/","name":"Suno Not\u00edcias","description":"Seu portal de informa\u00e7\u00e3o sobre o mundo dos investimentos","publisher":{"@id":"https:\/\/www.suno.com.br\/noticias\/#organization"},"potentialAction":[{"@type":"SearchAction","target":{"@type":"EntryPoint","urlTemplate":"https:\/\/www.suno.com.br\/noticias\/?s={search_term_string}"},"query-input":{"@type":"PropertyValueSpecification","valueRequired":true,"valueName":"search_term_string"}}],"inLanguage":"pt-BR"},{"@type":"Organization","@id":"https:\/\/www.suno.com.br\/noticias\/#organization","name":"Suno Not\u00edcias","url":"https:\/\/www.suno.com.br\/noticias\/","logo":{"@type":"ImageObject","inLanguage":"pt-BR","@id":"https:\/\/www.suno.com.br\/noticias\/#\/schema\/logo\/image\/","url":"https:\/\/files.sunoresearch.com.br\/n\/uploads\/2021\/09\/suno-logo.png","contentUrl":"https:\/\/files.sunoresearch.com.br\/n\/uploads\/2021\/09\/suno-logo.png","width":180,"height":180,"caption":"Suno Not\u00edcias"},"image":{"@id":"https:\/\/www.suno.com.br\/noticias\/#\/schema\/logo\/image\/"},"sameAs":["https:\/\/facebook.com\/sunoresearch","https:\/\/x.com\/sunoresearch","https:\/\/www.instagram.com\/suno","https:\/\/www.linkedin.com\/company\/suno-research\/","https:\/\/www.youtube.com\/c\/sunoresearch"]},{"@type":"Person","@id":"https:\/\/www.suno.com.br\/noticias\/#\/schema\/person\/7f4d362bf3518e76090143ae77bb49a5","name":"Eduardo Vargas","image":{"@type":"ImageObject","inLanguage":"pt-BR","@id":"https:\/\/www.suno.com.br\/noticias\/#\/schema\/person\/image\/","url":"https:\/\/secure.gravatar.com\/avatar\/dac340933427a22924c9f99d1eb2e3f2?s=96&r=g","contentUrl":"https:\/\/secure.gravatar.com\/avatar\/dac340933427a22924c9f99d1eb2e3f2?s=96&r=g","caption":"Eduardo Vargas"},"description":"Jornalista formado pela UFSC, cobre macroeconomia, neg\u00f3cios e startups para o Suno Not\u00edcias, escrevendo principalmente not\u00edcias sobre o mercado financeiro e a bolsa de valores. No YouTube e no Instagram, \u00e9 respons\u00e1vel pela produ\u00e7\u00e3o de Reels e Shorts do Suno Not\u00edcias. Anteriormente, trabalhou cobrindo economia e cotidiano no ND+ e para o ND, maior jornal impresso de Santa Catarina. Cursou um semestre letivo de Estudos de M\u00eddia na Universidad de Buenos Aires.","url":"https:\/\/www.suno.com.br\/noticias\/author\/eduardo-vargas\/"}]}},"default_loop_html":"<div class=\"cardsPage__listCard__boxs\"><div class=\"cardsPage__listCard__boxs__img\"><a href=\"https:\/\/www.suno.com.br\/noticias\/tereza-cristina-macro-day-btg-agronegocio-governo-produtor-evm\/\"><img class=\"mask\" src=\"https:\/\/www.suno.com.br\/noticias\/wp-content\/themes\/suno\/resources\/images\/spotlight\/spotlight1img\/bg-mask.png\" alt=\"Image Mask\"\/><img src=\"https:\/\/files.sunoresearch.com.br\/n\/uploads\/2022\/03\/49209655162_3633334cd8_k-400x200.jpg\" alt=\"&#8220;No agroneg\u00f3cio, \u00e9 s\u00f3 o governo n\u00e3o atrapalhar que o produtor faz e produz&#8221;, diz Tereza Cristina\"\/><\/a><span class=\"spotlightCategory\"><a href=\"https:\/\/www.suno.com.br\/noticias\/agro\/\">Agro<\/a><\/span><\/div><div class=\"cardsPage__listCard__boxs__content\"><a href=\"https:\/\/www.suno.com.br\/noticias\/tereza-cristina-macro-day-btg-agronegocio-governo-produtor-evm\/\"><h2 class=\"content__title\">&#8220;No agroneg\u00f3cio, \u00e9 s\u00f3 o governo n\u00e3o atrapalhar que o produtor faz e produz&#8221;, diz Tereza Cristina<\/h2><\/a><div class=\"newsContent__article__meta\"><div class=\"newsContent__article__meta__authorBox\"><a href=\"https:\/\/www.suno.com.br\/noticias\/author\/eduardo-vargas\/\" class=\"authorBox__avatar noMobi\"><img src=\"https:\/\/secure.gravatar.com\/avatar\/dac340933427a22924c9f99d1eb2e3f2?s=96&#038;r=g\" alt=\"Eduardo Vargas\"><\/a><div class=\"authorBox__name\"><span>por\n\t\t\t<a href=\"https:\/\/www.suno.com.br\/noticias\/author\/eduardo-vargas\/\"><span itemprop=\"author\">Eduardo Vargas<\/span><\/a><\/span><time datetime=\"2023-11-06T15:45:36-03:00\" itemprop=\"datePublished\">06\/11\/2023 15:45<\/time><\/div><\/div><\/div><\/div><\/div>","single_layout":"posts","amp_enabled":true,"_links":{"self":[{"href":"https:\/\/www.suno.com.br\/noticias\/wp-json\/wp\/v2\/posts\/481421"}],"collection":[{"href":"https:\/\/www.suno.com.br\/noticias\/wp-json\/wp\/v2\/posts"}],"about":[{"href":"https:\/\/www.suno.com.br\/noticias\/wp-json\/wp\/v2\/types\/post"}],"author":[{"embeddable":true,"href":"https:\/\/www.suno.com.br\/noticias\/wp-json\/wp\/v2\/users\/73"}],"replies":[{"embeddable":true,"href":"https:\/\/www.suno.com.br\/noticias\/wp-json\/wp\/v2\/comments?post=481421"}],"version-history":[{"count":3,"href":"https:\/\/www.suno.com.br\/noticias\/wp-json\/wp\/v2\/posts\/481421\/revisions"}],"predecessor-version":[{"id":481516,"href":"https:\/\/www.suno.com.br\/noticias\/wp-json\/wp\/v2\/posts\/481421\/revisions\/481516"}],"wp:featuredmedia":[{"embeddable":true,"href":"https:\/\/www.suno.com.br\/noticias\/wp-json\/wp\/v2\/media\/240952"}],"wp:attachment":[{"href":"https:\/\/www.suno.com.br\/noticias\/wp-json\/wp\/v2\/media?parent=481421"}],"wp:term":[{"taxonomy":"category","embeddable":true,"href":"https:\/\/www.suno.com.br\/noticias\/wp-json\/wp\/v2\/categories?post=481421"},{"taxonomy":"post_tag","embeddable":true,"href":"https:\/\/www.suno.com.br\/noticias\/wp-json\/wp\/v2\/tags?post=481421"},{"taxonomy":"suno_strategy","embeddable":true,"href":"https:\/\/www.suno.com.br\/noticias\/wp-json\/wp\/v2\/suno_strategy?post=481421"}],"curies":[{"name":"wp","href":"https:\/\/api.w.org\/{rel}","templated":true}]}}