{"id":48129,"date":"2019-12-17T18:04:31","date_gmt":"2019-12-17T20:04:31","guid":{"rendered":"https:\/\/www.suno.com.br\/noticias\/?p=48129"},"modified":"2019-12-17T18:04:31","modified_gmt":"2019-12-17T20:04:31","slug":"cpmf-prejudicar-mercado-capitais-presidente-b3","status":"publish","type":"post","link":"https:\/\/www.suno.com.br\/noticias\/cpmf-prejudicar-mercado-capitais-presidente-b3\/","title":{"rendered":"CPMF pode prejudicar mercado de capitais, diz presidente da B3"},"content":{"rendered":"<p>O presidente da <a href=\"https:\/\/www.suno.com.br\/artigos\/b3\/\"><strong>Bolsa de Valores de S\u00e3o Paulo<\/strong> (<strong>B3<\/strong>)<\/a>, Gilson Finkelsztain, afirmou, nesta ter\u00e7a-feira (17), que a volta da <a href=\"https:\/\/www.suno.com.br\/artigos\/cpmf\/\">Contribui\u00e7\u00e3o Provis\u00f3ria sobre Movimenta\u00e7\u00e3o Financeira (CPMF)<\/a> pode ser prejudicial ao mercado de capitais.<\/p>\t<div class=\"wrapper-featured-image\">\n\t\t<figure class=\"spotlightImg\">\n\n\t\t\t<picture>\n\t\t\t\t<source media=\"(max-width: 768px)\" srcset=\"https:\/\/files.sunoresearch.com.br\/n\/uploads\/2019\/12\/c0233957-b3-ceo-400x200.gif\">\n\t\t\t\t<img loading=\"lazy\" decoding=\"async\" class=\"newsContent__article__imgCapa lazyloadDisabled newsContent__article__imgCapa--noCaption\" src=\"https:\/\/files.sunoresearch.com.br\/n\/uploads\/2019\/12\/c0233957-b3-ceo-800x450.gif\" width=\"800\" height=\"450\" alt=\"CPMF pode prejudicar mercado de capitais, diz presidente da B3\" fetchpriority=high \/>\n\t\t\t<\/picture>\n\n\t\t\t<figcaption class=\"wp-caption-text wp-caption-text--hide\">B3 quer continuar colaborando com a educa\u00e7\u00e3o financeira no Brasil, diz CEO<\/figcaption>\n\t\t<\/figure>\n\t<\/div>\n\n\n\n<p>A declara\u00e7\u00e3o do presidente da B3 ocorreu um dia ap\u00f3s o porta-voz da Presid\u00eancia, general Ot\u00e1vio do R\u00eago Barros, afirmar que o <strong>Minist\u00e9rio da Economia<\/strong> estuda um novo imposto semelhante \u00e0 antiga <strong>CPMF<\/strong>. Al\u00e9m disso, o presidente <strong>Jair Bolsonaro<\/strong> sinalizou que um tributo nestes moldes pode retornar.<\/p>\n<p>&#8220;\u00c9 um imposto em cascata, acaba sendo um imposto que onera investidor. Nos preocupamos que essa agenda prejudique o desenvolvimento de mercado&#8221;, afirmou Finkelsztain.<\/p>\n<p>O debate sobre a volta do imposto retornou mesmo ap\u00f3s o ministro da Economia, <a href=\"https:\/\/www.suno.com.br\/tudo-sobre\/paulo-guedes\/\"><strong>Paulo Guedes<\/strong><\/a>, afirmar, em setembro deste ano, que a recria\u00e7\u00e3o do tributo est\u00e1 descartada.<\/p>\n<p><a href=\"https:\/\/www.suno.com.br\/noticias\/criacao-imposto-moldes-cpmf-descartada-guedes\/\">Saiba mais: Cria\u00e7\u00e3o de imposto nos moldes da CPMF est\u00e1 descartada, diz Guedes<\/a><\/p>\n<p>O ministro afirmou ainda que: &#8220;a \u00faltima pessoa que disse isso [sobre a recria\u00e7\u00e3o da <strong>CPMF<\/strong>] foi demitida&#8221;. A declara\u00e7\u00e3o foi uma refer\u00eancia ao ex-secret\u00e1rio da <strong>Receita Federal<\/strong>, Marcos Cintra.<\/p>\n<h2>Jair Bolsonaro n\u00e3o descarta volta da CPMF<\/h2>\n<p>Na \u00faltima segunda-feira (16), quando questionado sobre a possibilidade da volta da <strong>CPMF<\/strong>, o presidente Jair Bolsonaro afirmou que \u201ctodas as alternativas est\u00e3o na mesa\u201d.<\/p>\n\t<p>\n\t\t<a href=\"https:\/\/lp.suno.com.br\/planilha-controle-gastos\/\" target=\"_blank\" data-element=\"shortcode-suno-banner\" title=\"Banner SUNO, clique e saiba mais\">\n\t\t\t<picture>\n\t\t\t\t<source media=\"(max-width: 500px)\" srcset=\"https:\/\/files.sunoresearch.com.br\/n\/uploads\/2023\/03\/400x300-Planilha-controle-de-gastos.png\">\n\t\t\t\t<img class=\"newsContent__article__imgCapa newsContent__article__imgCapa--banner\"\n\t\t\t\t\tsrc=\"https:\/\/files.sunoresearch.com.br\/n\/uploads\/2023\/03\/1420x240-Planilha-controle-de-gastos.png\"\n\t\t\t\t\tdata-promo-id=\"311945\"\t\t\t\t\t\t\t\t\t\twidth='1420' height='240'\t\t\t\t\talt=\"https:\/\/files.sunoresearch.com.br\/n\/uploads\/2023\/03\/1420x240-Planilha-controle-de-gastos.png\"\n\t\t\t\t>\n\t\t\t<\/picture>\n\t\t<\/a>\n\t<\/p>\n\n\n<p>O mandat\u00e1rio afirmou que governo s\u00f3 aceitaria estabelecer um novo imposto se outro tributo for extinto. \u201cN\u00f3s n\u00e3o queremos criar nenhum novo tributo. A n\u00e3o ser que seja para extinguir outros e, assim mesmo, colocado junto \u00e0 sociedade, para ver qual a rea\u00e7\u00e3o da sociedade, a gente vai levar adiante essa proposta ou n\u00e3o.\u201d<\/p>\n<p>Al\u00e9m de comentar sobre uma nova <strong>CPMF<\/strong>, Bolsonaro disse que \u201cnada vai ser feito\u201d se o governo tentar tirar do papel uma <strong>reforma tribut\u00e1ria<\/strong> \u201campla, geral e irrestrita\u201d, que mexa em impostos federais, dos estados e dos munic\u00edpios. O presidente salientou que tem usado o termo \u201csimplifica\u00e7\u00e3o de impostos\u201d, em vez de reforma tribut\u00e1ria em conversas com Guedes.<\/p>\n\n","protected":false},"excerpt":{"rendered":"<p>O presidente da Bolsa de Valores de S\u00e3o Paulo (B3), Gilson Finkelsztain, afirmou, nesta ter\u00e7a-feira (17), que a volta da Contribui\u00e7\u00e3o Provis\u00f3ria sobre Movimenta\u00e7\u00e3o Financeira (CPMF) pode ser prejudicial ao mercado de capitais. B3 quer continuar colaborando com a educa\u00e7\u00e3o financeira no Brasil, diz CEO A declara\u00e7\u00e3o do presidente da B3 ocorreu um dia ap\u00f3s [&hellip;]<\/p>\n","protected":false},"author":18,"featured_media":48135,"comment_status":"closed","ping_status":"closed","sticky":false,"template":"","format":"standard","meta":[],"categories":[62],"tags":[367,1618,719,909],"suno_strategy":[],"class_list":["post-48129","post","type-post","status-publish","format-standard","has-post-thumbnail","hentry","category-economia","tag-b3-b3sa3","tag-cpmf","tag-jair-bolsonaro","tag-ministerio-da-economia"],"yoast_head":"<!-- This site is optimized with the Yoast SEO plugin v24.4 - https:\/\/yoast.com\/wordpress\/plugins\/seo\/ -->\n<title>Nova CPMF pode prejudicar mercado de capitais, diz presidente da B3<\/title>\n<meta name=\"description\" content=\"O presidente da B3, Gilson Finkelsztain, afirmou que a volta da CPMF pode ser prejudicial ao mercado de capitais. Clique para saber mais.\" \/>\n<meta name=\"robots\" content=\"index, follow, max-snippet:-1, max-image-preview:large, max-video-preview:-1\" \/>\n<link rel=\"canonical\" href=\"https:\/\/www.suno.com.br\/noticias\/cpmf-prejudicar-mercado-capitais-presidente-b3\/\" \/>\n<meta property=\"og:locale\" content=\"pt_BR\" \/>\n<meta property=\"og:type\" content=\"article\" \/>\n<meta property=\"og:title\" content=\"Nova CPMF pode prejudicar mercado de capitais, diz presidente da B3\" \/>\n<meta property=\"og:description\" content=\"O presidente da B3, Gilson Finkelsztain, afirmou que a volta da CPMF pode ser prejudicial ao mercado de capitais. Clique para saber mais.\" \/>\n<meta property=\"og:url\" content=\"https:\/\/www.suno.com.br\/noticias\/cpmf-prejudicar-mercado-capitais-presidente-b3\/\" \/>\n<meta property=\"og:site_name\" content=\"Suno Not\u00edcias\" \/>\n<meta property=\"article:publisher\" content=\"https:\/\/facebook.com\/sunoresearch\" \/>\n<meta property=\"og:image\" content=\"https:\/\/files.sunoresearch.com.br\/n\/uploads\/2019\/12\/c0233957-b3-ceo.gif\" \/>\n\t<meta property=\"og:image:width\" content=\"1380\" \/>\n\t<meta property=\"og:image:height\" content=\"920\" \/>\n\t<meta property=\"og:image:type\" content=\"image\/gif\" \/>\n<meta name=\"author\" content=\"Giovanna Oliveira\" \/>\n<meta name=\"twitter:card\" content=\"summary_large_image\" \/>\n<meta name=\"twitter:creator\" content=\"@sunoresearch\" \/>\n<meta name=\"twitter:site\" content=\"@sunoresearch\" \/>\n<meta name=\"twitter:label1\" content=\"Escrito por\" \/>\n\t<meta name=\"twitter:data1\" content=\"Giovanna Oliveira\" \/>\n\t<meta name=\"twitter:label2\" content=\"Est. tempo de leitura\" \/>\n\t<meta name=\"twitter:data2\" content=\"2 minutos\" \/>\n<script type=\"application\/ld+json\" class=\"yoast-schema-graph\">{\"@context\":\"https:\/\/schema.org\",\"@graph\":[{\"@type\":\"NewsArticle\",\"@id\":\"https:\/\/www.suno.com.br\/noticias\/cpmf-prejudicar-mercado-capitais-presidente-b3\/#article\",\"isPartOf\":{\"@id\":\"https:\/\/www.suno.com.br\/noticias\/cpmf-prejudicar-mercado-capitais-presidente-b3\/\"},\"author\":{\"name\":\"Giovanna Oliveira\",\"@id\":\"https:\/\/www.suno.com.br\/noticias\/#\/schema\/person\/4e19e3d2575736e5283d58eb3199d120\"},\"headline\":\"CPMF pode prejudicar mercado de capitais, diz presidente da B3\",\"datePublished\":\"2019-12-17T20:04:31+00:00\",\"mainEntityOfPage\":{\"@id\":\"https:\/\/www.suno.com.br\/noticias\/cpmf-prejudicar-mercado-capitais-presidente-b3\/\"},\"wordCount\":367,\"publisher\":{\"@id\":\"https:\/\/www.suno.com.br\/noticias\/#organization\"},\"image\":{\"@id\":\"https:\/\/www.suno.com.br\/noticias\/cpmf-prejudicar-mercado-capitais-presidente-b3\/#primaryimage\"},\"thumbnailUrl\":\"https:\/\/files.sunoresearch.com.br\/n\/uploads\/2019\/12\/c0233957-b3-ceo.gif\",\"keywords\":[\"B3 (B3SA3)\",\"CPMF\",\"Jair Bolsonaro\",\"Minist\u00e9rio da Economia\"],\"articleSection\":[\"Economia\"],\"inLanguage\":\"pt-BR\"},{\"@type\":\"WebPage\",\"@id\":\"https:\/\/www.suno.com.br\/noticias\/cpmf-prejudicar-mercado-capitais-presidente-b3\/\",\"url\":\"https:\/\/www.suno.com.br\/noticias\/cpmf-prejudicar-mercado-capitais-presidente-b3\/\",\"name\":\"Nova CPMF pode prejudicar mercado de capitais, diz presidente da B3\",\"isPartOf\":{\"@id\":\"https:\/\/www.suno.com.br\/noticias\/#website\"},\"primaryImageOfPage\":{\"@id\":\"https:\/\/www.suno.com.br\/noticias\/cpmf-prejudicar-mercado-capitais-presidente-b3\/#primaryimage\"},\"image\":{\"@id\":\"https:\/\/www.suno.com.br\/noticias\/cpmf-prejudicar-mercado-capitais-presidente-b3\/#primaryimage\"},\"thumbnailUrl\":\"https:\/\/files.sunoresearch.com.br\/n\/uploads\/2019\/12\/c0233957-b3-ceo.gif\",\"datePublished\":\"2019-12-17T20:04:31+00:00\",\"description\":\"O presidente da B3, Gilson Finkelsztain, afirmou que a volta da CPMF pode ser prejudicial ao mercado de capitais. Clique para saber mais.\",\"breadcrumb\":{\"@id\":\"https:\/\/www.suno.com.br\/noticias\/cpmf-prejudicar-mercado-capitais-presidente-b3\/#breadcrumb\"},\"inLanguage\":\"pt-BR\",\"potentialAction\":[{\"@type\":\"ReadAction\",\"target\":[\"https:\/\/www.suno.com.br\/noticias\/cpmf-prejudicar-mercado-capitais-presidente-b3\/\"]}]},{\"@type\":\"ImageObject\",\"inLanguage\":\"pt-BR\",\"@id\":\"https:\/\/www.suno.com.br\/noticias\/cpmf-prejudicar-mercado-capitais-presidente-b3\/#primaryimage\",\"url\":\"https:\/\/files.sunoresearch.com.br\/n\/uploads\/2019\/12\/c0233957-b3-ceo.gif\",\"contentUrl\":\"https:\/\/files.sunoresearch.com.br\/n\/uploads\/2019\/12\/c0233957-b3-ceo.gif\",\"width\":1380,\"height\":920,\"caption\":\"B3 quer continuar colaborando com a educa\u00e7\u00e3o financeira no Brasil, diz CEO\"},{\"@type\":\"BreadcrumbList\",\"@id\":\"https:\/\/www.suno.com.br\/noticias\/cpmf-prejudicar-mercado-capitais-presidente-b3\/#breadcrumb\",\"itemListElement\":[{\"@type\":\"ListItem\",\"position\":1,\"name\":\"Not\u00edcias\",\"item\":\"https:\/\/www.suno.com.br\/noticias\/\"},{\"@type\":\"ListItem\",\"position\":2,\"name\":\"Economia\",\"item\":\"https:\/\/www.suno.com.br\/noticias\/economia\/\"},{\"@type\":\"ListItem\",\"position\":3,\"name\":\"CPMF pode prejudicar mercado de capitais, diz presidente da B3\"}]},{\"@type\":\"WebSite\",\"@id\":\"https:\/\/www.suno.com.br\/noticias\/#website\",\"url\":\"https:\/\/www.suno.com.br\/noticias\/\",\"name\":\"Suno Not\u00edcias\",\"description\":\"Seu portal de informa\u00e7\u00e3o sobre o mundo dos investimentos\",\"publisher\":{\"@id\":\"https:\/\/www.suno.com.br\/noticias\/#organization\"},\"potentialAction\":[{\"@type\":\"SearchAction\",\"target\":{\"@type\":\"EntryPoint\",\"urlTemplate\":\"https:\/\/www.suno.com.br\/noticias\/?s={search_term_string}\"},\"query-input\":{\"@type\":\"PropertyValueSpecification\",\"valueRequired\":true,\"valueName\":\"search_term_string\"}}],\"inLanguage\":\"pt-BR\"},{\"@type\":\"Organization\",\"@id\":\"https:\/\/www.suno.com.br\/noticias\/#organization\",\"name\":\"Suno Not\u00edcias\",\"url\":\"https:\/\/www.suno.com.br\/noticias\/\",\"logo\":{\"@type\":\"ImageObject\",\"inLanguage\":\"pt-BR\",\"@id\":\"https:\/\/www.suno.com.br\/noticias\/#\/schema\/logo\/image\/\",\"url\":\"https:\/\/files.sunoresearch.com.br\/n\/uploads\/2021\/09\/suno-logo.png\",\"contentUrl\":\"https:\/\/files.sunoresearch.com.br\/n\/uploads\/2021\/09\/suno-logo.png\",\"width\":180,\"height\":180,\"caption\":\"Suno Not\u00edcias\"},\"image\":{\"@id\":\"https:\/\/www.suno.com.br\/noticias\/#\/schema\/logo\/image\/\"},\"sameAs\":[\"https:\/\/facebook.com\/sunoresearch\",\"https:\/\/x.com\/sunoresearch\",\"https:\/\/www.instagram.com\/suno\",\"https:\/\/www.linkedin.com\/company\/suno-research\/\",\"https:\/\/www.youtube.com\/c\/sunoresearch\"]},{\"@type\":\"Person\",\"@id\":\"https:\/\/www.suno.com.br\/noticias\/#\/schema\/person\/4e19e3d2575736e5283d58eb3199d120\",\"name\":\"Giovanna Oliveira\",\"image\":{\"@type\":\"ImageObject\",\"inLanguage\":\"pt-BR\",\"@id\":\"https:\/\/www.suno.com.br\/noticias\/#\/schema\/person\/image\/\",\"url\":\"https:\/\/secure.gravatar.com\/avatar\/9a37b3ae208962ac568992d0ffdbc2eb?s=96&r=g\",\"contentUrl\":\"https:\/\/secure.gravatar.com\/avatar\/9a37b3ae208962ac568992d0ffdbc2eb?s=96&r=g\",\"caption\":\"Giovanna Oliveira\"},\"description\":\"Giovanna Oliveira escreve sobre economia e pol\u00edtica. Foi rep\u00f3rter do portal de jornalismo da ESPM-SP e produziu conte\u00fado para a Corinthians TV. \u00c9 estudante da ESPM.\",\"url\":\"https:\/\/www.suno.com.br\/noticias\/author\/giovanna\/\"}]}<\/script>\n<!-- \/ Yoast SEO plugin. -->","yoast_head_json":{"title":"Nova CPMF pode prejudicar mercado de capitais, diz presidente da B3","description":"O presidente da B3, Gilson Finkelsztain, afirmou que a volta da CPMF pode ser prejudicial ao mercado de capitais. Clique para saber mais.","robots":{"index":"index","follow":"follow","max-snippet":"max-snippet:-1","max-image-preview":"max-image-preview:large","max-video-preview":"max-video-preview:-1"},"canonical":"https:\/\/www.suno.com.br\/noticias\/cpmf-prejudicar-mercado-capitais-presidente-b3\/","og_locale":"pt_BR","og_type":"article","og_title":"Nova CPMF pode prejudicar mercado de capitais, diz presidente da B3","og_description":"O presidente da B3, Gilson Finkelsztain, afirmou que a volta da CPMF pode ser prejudicial ao mercado de capitais. Clique para saber mais.","og_url":"https:\/\/www.suno.com.br\/noticias\/cpmf-prejudicar-mercado-capitais-presidente-b3\/","og_site_name":"Suno Not\u00edcias","article_publisher":"https:\/\/facebook.com\/sunoresearch","og_image":[{"width":1380,"height":920,"url":"https:\/\/files.sunoresearch.com.br\/n\/uploads\/2019\/12\/c0233957-b3-ceo.gif","type":"image\/gif"}],"author":"Giovanna Oliveira","twitter_card":"summary_large_image","twitter_creator":"@sunoresearch","twitter_site":"@sunoresearch","twitter_misc":{"Escrito por":"Giovanna Oliveira","Est. tempo de leitura":"2 minutos"},"schema":{"@context":"https:\/\/schema.org","@graph":[{"@type":"NewsArticle","@id":"https:\/\/www.suno.com.br\/noticias\/cpmf-prejudicar-mercado-capitais-presidente-b3\/#article","isPartOf":{"@id":"https:\/\/www.suno.com.br\/noticias\/cpmf-prejudicar-mercado-capitais-presidente-b3\/"},"author":{"name":"Giovanna Oliveira","@id":"https:\/\/www.suno.com.br\/noticias\/#\/schema\/person\/4e19e3d2575736e5283d58eb3199d120"},"headline":"CPMF pode prejudicar mercado de capitais, diz presidente da B3","datePublished":"2019-12-17T20:04:31+00:00","mainEntityOfPage":{"@id":"https:\/\/www.suno.com.br\/noticias\/cpmf-prejudicar-mercado-capitais-presidente-b3\/"},"wordCount":367,"publisher":{"@id":"https:\/\/www.suno.com.br\/noticias\/#organization"},"image":{"@id":"https:\/\/www.suno.com.br\/noticias\/cpmf-prejudicar-mercado-capitais-presidente-b3\/#primaryimage"},"thumbnailUrl":"https:\/\/files.sunoresearch.com.br\/n\/uploads\/2019\/12\/c0233957-b3-ceo.gif","keywords":["B3 (B3SA3)","CPMF","Jair Bolsonaro","Minist\u00e9rio da Economia"],"articleSection":["Economia"],"inLanguage":"pt-BR"},{"@type":"WebPage","@id":"https:\/\/www.suno.com.br\/noticias\/cpmf-prejudicar-mercado-capitais-presidente-b3\/","url":"https:\/\/www.suno.com.br\/noticias\/cpmf-prejudicar-mercado-capitais-presidente-b3\/","name":"Nova CPMF pode prejudicar mercado de capitais, diz presidente da B3","isPartOf":{"@id":"https:\/\/www.suno.com.br\/noticias\/#website"},"primaryImageOfPage":{"@id":"https:\/\/www.suno.com.br\/noticias\/cpmf-prejudicar-mercado-capitais-presidente-b3\/#primaryimage"},"image":{"@id":"https:\/\/www.suno.com.br\/noticias\/cpmf-prejudicar-mercado-capitais-presidente-b3\/#primaryimage"},"thumbnailUrl":"https:\/\/files.sunoresearch.com.br\/n\/uploads\/2019\/12\/c0233957-b3-ceo.gif","datePublished":"2019-12-17T20:04:31+00:00","description":"O presidente da B3, Gilson Finkelsztain, afirmou que a volta da CPMF pode ser prejudicial ao mercado de capitais. Clique para saber mais.","breadcrumb":{"@id":"https:\/\/www.suno.com.br\/noticias\/cpmf-prejudicar-mercado-capitais-presidente-b3\/#breadcrumb"},"inLanguage":"pt-BR","potentialAction":[{"@type":"ReadAction","target":["https:\/\/www.suno.com.br\/noticias\/cpmf-prejudicar-mercado-capitais-presidente-b3\/"]}]},{"@type":"ImageObject","inLanguage":"pt-BR","@id":"https:\/\/www.suno.com.br\/noticias\/cpmf-prejudicar-mercado-capitais-presidente-b3\/#primaryimage","url":"https:\/\/files.sunoresearch.com.br\/n\/uploads\/2019\/12\/c0233957-b3-ceo.gif","contentUrl":"https:\/\/files.sunoresearch.com.br\/n\/uploads\/2019\/12\/c0233957-b3-ceo.gif","width":1380,"height":920,"caption":"B3 quer continuar colaborando com a educa\u00e7\u00e3o financeira no Brasil, diz CEO"},{"@type":"BreadcrumbList","@id":"https:\/\/www.suno.com.br\/noticias\/cpmf-prejudicar-mercado-capitais-presidente-b3\/#breadcrumb","itemListElement":[{"@type":"ListItem","position":1,"name":"Not\u00edcias","item":"https:\/\/www.suno.com.br\/noticias\/"},{"@type":"ListItem","position":2,"name":"Economia","item":"https:\/\/www.suno.com.br\/noticias\/economia\/"},{"@type":"ListItem","position":3,"name":"CPMF pode prejudicar mercado de capitais, diz presidente da B3"}]},{"@type":"WebSite","@id":"https:\/\/www.suno.com.br\/noticias\/#website","url":"https:\/\/www.suno.com.br\/noticias\/","name":"Suno Not\u00edcias","description":"Seu portal de informa\u00e7\u00e3o sobre o mundo dos investimentos","publisher":{"@id":"https:\/\/www.suno.com.br\/noticias\/#organization"},"potentialAction":[{"@type":"SearchAction","target":{"@type":"EntryPoint","urlTemplate":"https:\/\/www.suno.com.br\/noticias\/?s={search_term_string}"},"query-input":{"@type":"PropertyValueSpecification","valueRequired":true,"valueName":"search_term_string"}}],"inLanguage":"pt-BR"},{"@type":"Organization","@id":"https:\/\/www.suno.com.br\/noticias\/#organization","name":"Suno Not\u00edcias","url":"https:\/\/www.suno.com.br\/noticias\/","logo":{"@type":"ImageObject","inLanguage":"pt-BR","@id":"https:\/\/www.suno.com.br\/noticias\/#\/schema\/logo\/image\/","url":"https:\/\/files.sunoresearch.com.br\/n\/uploads\/2021\/09\/suno-logo.png","contentUrl":"https:\/\/files.sunoresearch.com.br\/n\/uploads\/2021\/09\/suno-logo.png","width":180,"height":180,"caption":"Suno Not\u00edcias"},"image":{"@id":"https:\/\/www.suno.com.br\/noticias\/#\/schema\/logo\/image\/"},"sameAs":["https:\/\/facebook.com\/sunoresearch","https:\/\/x.com\/sunoresearch","https:\/\/www.instagram.com\/suno","https:\/\/www.linkedin.com\/company\/suno-research\/","https:\/\/www.youtube.com\/c\/sunoresearch"]},{"@type":"Person","@id":"https:\/\/www.suno.com.br\/noticias\/#\/schema\/person\/4e19e3d2575736e5283d58eb3199d120","name":"Giovanna Oliveira","image":{"@type":"ImageObject","inLanguage":"pt-BR","@id":"https:\/\/www.suno.com.br\/noticias\/#\/schema\/person\/image\/","url":"https:\/\/secure.gravatar.com\/avatar\/9a37b3ae208962ac568992d0ffdbc2eb?s=96&r=g","contentUrl":"https:\/\/secure.gravatar.com\/avatar\/9a37b3ae208962ac568992d0ffdbc2eb?s=96&r=g","caption":"Giovanna Oliveira"},"description":"Giovanna Oliveira escreve sobre economia e pol\u00edtica. Foi rep\u00f3rter do portal de jornalismo da ESPM-SP e produziu conte\u00fado para a Corinthians TV. \u00c9 estudante da ESPM.","url":"https:\/\/www.suno.com.br\/noticias\/author\/giovanna\/"}]}},"default_loop_html":"<div class=\"cardsPage__listCard__boxs\"><div class=\"cardsPage__listCard__boxs__img\"><a href=\"https:\/\/www.suno.com.br\/noticias\/cpmf-prejudicar-mercado-capitais-presidente-b3\/\"><img class=\"mask\" src=\"https:\/\/www.suno.com.br\/noticias\/wp-content\/themes\/suno\/resources\/images\/spotlight\/spotlight1img\/bg-mask.png\" alt=\"Image Mask\"\/><img src=\"https:\/\/files.sunoresearch.com.br\/n\/uploads\/2019\/12\/c0233957-b3-ceo-400x200.gif\" alt=\"CPMF pode prejudicar mercado de capitais, diz presidente da B3\"\/><\/a><span class=\"spotlightCategory\"><a href=\"https:\/\/www.suno.com.br\/noticias\/economia\/\">Economia<\/a><\/span><\/div><div class=\"cardsPage__listCard__boxs__content\"><a href=\"https:\/\/www.suno.com.br\/noticias\/cpmf-prejudicar-mercado-capitais-presidente-b3\/\"><h2 class=\"content__title\">CPMF pode prejudicar mercado de capitais, diz presidente da B3<\/h2><\/a><div class=\"newsContent__article__meta\"><div class=\"newsContent__article__meta__authorBox\"><a href=\"https:\/\/www.suno.com.br\/noticias\/author\/giovanna\/\" class=\"authorBox__avatar noMobi\"><img src=\"https:\/\/files.sunoresearch.com.br\/n\/uploads\/2019\/06\/952a89ca-screenshot_20190608-171507-150x150.webp\" alt=\"Giovanna Oliveira\"><\/a><div class=\"authorBox__name\"><span>por\n\t\t\t<a href=\"https:\/\/www.suno.com.br\/noticias\/author\/giovanna\/\"><span itemprop=\"author\">Giovanna Oliveira<\/span><\/a><\/span><time datetime=\"2019-12-17T18:04:31-03:00\" itemprop=\"datePublished\">17\/12\/2019 18:04<\/time><\/div><\/div><\/div><\/div><\/div>","single_layout":"posts","amp_enabled":true,"_links":{"self":[{"href":"https:\/\/www.suno.com.br\/noticias\/wp-json\/wp\/v2\/posts\/48129"}],"collection":[{"href":"https:\/\/www.suno.com.br\/noticias\/wp-json\/wp\/v2\/posts"}],"about":[{"href":"https:\/\/www.suno.com.br\/noticias\/wp-json\/wp\/v2\/types\/post"}],"author":[{"embeddable":true,"href":"https:\/\/www.suno.com.br\/noticias\/wp-json\/wp\/v2\/users\/18"}],"replies":[{"embeddable":true,"href":"https:\/\/www.suno.com.br\/noticias\/wp-json\/wp\/v2\/comments?post=48129"}],"version-history":[{"count":0,"href":"https:\/\/www.suno.com.br\/noticias\/wp-json\/wp\/v2\/posts\/48129\/revisions"}],"wp:featuredmedia":[{"embeddable":true,"href":"https:\/\/www.suno.com.br\/noticias\/wp-json\/wp\/v2\/media\/48135"}],"wp:attachment":[{"href":"https:\/\/www.suno.com.br\/noticias\/wp-json\/wp\/v2\/media?parent=48129"}],"wp:term":[{"taxonomy":"category","embeddable":true,"href":"https:\/\/www.suno.com.br\/noticias\/wp-json\/wp\/v2\/categories?post=48129"},{"taxonomy":"post_tag","embeddable":true,"href":"https:\/\/www.suno.com.br\/noticias\/wp-json\/wp\/v2\/tags?post=48129"},{"taxonomy":"suno_strategy","embeddable":true,"href":"https:\/\/www.suno.com.br\/noticias\/wp-json\/wp\/v2\/suno_strategy?post=48129"}],"curies":[{"name":"wp","href":"https:\/\/api.w.org\/{rel}","templated":true}]}}