{"id":481149,"date":"2023-11-06T11:10:54","date_gmt":"2023-11-06T14:10:54","guid":{"rendered":"https:\/\/www.suno.com.br\/noticias\/?p=481149"},"modified":"2023-11-06T11:11:01","modified_gmt":"2023-11-06T14:11:01","slug":"destaques-eletrobras-elet3-gerdau-e-mais-va","status":"publish","type":"post","link":"https:\/\/www.suno.com.br\/noticias\/destaques-eletrobras-elet3-gerdau-e-mais-va\/","title":{"rendered":"Eletrobras (ELET3), Gerdau (GGBR4) e Ita\u00fa (ITUB4) movimentam mercado nesta segunda-feira (6); veja mais destaques"},"content":{"rendered":"<p>A informa\u00e7\u00e3o de que a <strong>Eletrobras<\/strong> (ELET3) suspendeu a potencial venda de fatia na <a class=\"suno-keyword\" target=\"_blank\" data-force=\"yes\" data-priority=\"2\" href=\"https:\/\/www.suno.com.br\/acoes\/TRPL4\/\" rel=\"noopener\">ISA Cteep (TRPL4)<\/a> \u00e9 um dos destaques desta segunda-feira (06).&nbsp;<\/p>\t<div class=\"wrapper-featured-image\">\n\t\t<figure class=\"spotlightImg\">\n\n\t\t\t<picture>\n\t\t\t\t<source media=\"(max-width: 768px)\" srcset=\"https:\/\/files.sunoresearch.com.br\/n\/uploads\/2023\/10\/bolsa-mercado-ibovespa-acoes-ativos-400x200.jpg\">\n\t\t\t\t<img loading=\"lazy\" decoding=\"async\" class=\"newsContent__article__imgCapa lazyloadDisabled \" src=\"https:\/\/files.sunoresearch.com.br\/n\/uploads\/2023\/10\/bolsa-mercado-ibovespa-acoes-ativos-800x450.jpg\" width=\"800\" height=\"450\" alt=\"Eletrobras (ELET3), Gerdau (GGBR4) e Ita\u00fa (ITUB4) movimentam mercado nesta segunda-feira (6); veja mais destaques\" fetchpriority=high \/>\n\t\t\t<\/picture>\n\n\t\t\t<figcaption class=\"wp-caption-text wp-caption-text--show\">a\u00e7\u00e3o. Foto: iStock<\/figcaption>\n\t\t<\/figure>\n\t<\/div>\n\n\n\n\n\n\t<p>\n\t\t<a href=\"https:\/\/lp.suno.com.br\/planilha-da-vida-financeira\/\" target=\"_blank\" data-element=\"shortcode-suno-banner\" title=\"Banner SUNO, clique e saiba mais\">\n\t\t\t<picture>\n\t\t\t\t<source media=\"(max-width: 500px)\" srcset=\"https:\/\/files.sunoresearch.com.br\/n\/uploads\/2023\/04\/400x300-Planilha-vida-financeira-true.png\">\n\t\t\t\t<img class=\"newsContent__article__imgCapa newsContent__article__imgCapa--banner\"\n\t\t\t\t\tsrc=\"https:\/\/files.sunoresearch.com.br\/n\/uploads\/2023\/04\/1420x240-Planilha-vida-financeira-true.png\"\n\t\t\t\t\tdata-promo-id=\"106682\"\t\t\t\t\t\t\t\t\t\twidth='1420' height='240'\t\t\t\t\talt=\"https:\/\/files.sunoresearch.com.br\/n\/uploads\/2023\/04\/1420x240-Planilha-vida-financeira-true.png\"\n\t\t\t\t>\n\t\t\t<\/picture>\n\t\t<\/a>\n\t<\/p>\n\n\n\n\n\n<p>Tamb\u00e9m est\u00e1 entre os<strong> destaques do mercado financeiro<\/strong> a <a class=\"suno-keyword\" target=\"_blank\" data-force=\"yes\" data-priority=\"2\" href=\"https:\/\/www.suno.com.br\/acoes\/GGBR4\/\" rel=\"noopener\">Gerdau (GGBR4)<\/a>, ap\u00f3s concluir o programa de <a class=\"suno-keyword\" target=\"_blank\" data-force=\"no\" data-priority=\"1\" href=\"https:\/\/www.suno.com.br\/artigos\/recompra-de-acoes\/\" rel=\"noopener\">recompra de a\u00e7\u00f5es<\/a> de sua pr\u00f3pria emiss\u00e3o<\/p>\n\n\n\n<p>O <a class=\"suno-keyword\" data-force=\"yes\" data-priority=\"2\" href=\"https:\/\/www.suno.com.br\/acoes\/ITUB4\/\" target=\"_blank\" rel=\"noopener\">Ita\u00fa (ITUB4)<\/a>&nbsp;tamb\u00e9m \u00e9 destaque hoje, depois de finalizar a venda de suas opera\u00e7\u00f5es na Argentina para o Banco Macro.<\/p>\n\n\n\n<p>Veja os <strong>destaques do mercado financeiro<\/strong> hoje:<\/p>\n\n\n\n<h2 class=\"wp-block-heading\">Eletrobras<\/h2>\n\n\n\n<p>A <a class=\"suno-keyword\" data-force=\"yes\" data-priority=\"2\" href=\"https:\/\/www.suno.com.br\/acoes\/ELET3\/\" target=\"_blank\" rel=\"noopener\">Eletrobras (<strong>ELET3<\/strong>)<\/a> informou nesta segunda-feira (6) que comunicou \u00e0 <a class=\"suno-keyword\" data-force=\"yes\" data-priority=\"2\" href=\"https:\/\/www.suno.com.br\/acoes\/TRPL4\/\" target=\"_blank\" rel=\"noopener\">ISA Cteep (TRPL4)<\/a> a decis\u00e3o de n\u00e3o estruturar, por ora, a oferta p\u00fablica de distribui\u00e7\u00e3o secund\u00e1ria de <a class=\"suno-keyword\" data-force=\"no\" data-priority=\"1\" href=\"https:\/\/www.suno.com.br\/artigos\/acoes-preferenciais\/\" target=\"_blank\" rel=\"noopener\">a\u00e7\u00f5es preferenciais<\/a> de emiss\u00e3o da Companhia de Transmiss\u00e3o de Energia El\u00e9trica Paulista detidas pela el\u00e9trica.<\/p>\n\n\n\t<div data-element=\"shortcode-read-more\" class=\"knowMore\">\n\t\t\t\t<span class=\"knowMore__title\">Leia mais<\/span>\n\t\t\t\t<a class=\"knowMore__link\" href=\"https:\/\/www.suno.com.br\/noticias\/eletrobras-elet3-isa-cteep-trpl4e-gpj\/\">\n\t\t\tEletrobras (ELET3) suspende potencial venda de fatia na ISA Cteep (TRPL4); saiba por qu\u00ea\t\t<\/a>\n\t<\/div>\n\n\n\n\n<h2 class=\"wp-block-heading\">Gerdau&nbsp;<\/h2>\n\n\n\n<p>A <strong>Gerdau (GGBR4)<\/strong> anunciou que concluiu\u00a0 o programa de <a class=\"suno-keyword\" data-force=\"no\" data-priority=\"1\" href=\"https:\/\/www.suno.com.br\/artigos\/recompra-de-acoes\/\" target=\"_blank\" rel=\"noopener\">recompra de a\u00e7\u00f5es<\/a> de sua pr\u00f3pria emiss\u00e3o. Durante seu per\u00edodo de vig\u00eancia, foram adquiridas 44.564.000 <a class=\"suno-keyword\" data-force=\"no\" data-priority=\"1\" href=\"https:\/\/www.suno.com.br\/artigos\/acoes-preferenciais\/\" target=\"_blank\" rel=\"noopener\">a\u00e7\u00f5es preferenciais<\/a> ao <a class=\"suno-keyword\" data-force=\"no\" data-priority=\"1\" href=\"https:\/\/www.suno.com.br\/artigos\/preco-medio\/\" target=\"_blank\" rel=\"noopener\">pre\u00e7o m\u00e9dio<\/a> de R$ 24,08 por a\u00e7\u00e3o, correspondendo a 81% do programa.<\/p>\n\n\n\n<h2 class=\"wp-block-heading\">Ita\u00fa Unibanco&nbsp;<\/h2>\n\n\n\n<p><strong>Ita\u00fa Unibanco (ITUB4)<\/strong>, ap\u00f3s a obten\u00e7\u00e3o da autoriza\u00e7\u00e3o do Banco Central da Rep\u00fablica Argentina, realizou o fechamento da opera\u00e7\u00e3o de aliena\u00e7\u00e3o da totalidade das suas a\u00e7\u00f5es detidas no Banco Ita\u00fa Argentina para o Banco Macro.\u00a0<\/p>\n\n\n\n<p>O Ita\u00fa Unibanco recebeu do Macro pela conclus\u00e3o da transa\u00e7\u00e3o o valor de US$ 50 milh\u00f5es.<\/p>\n\n\n\n<h2 class=\"wp-block-heading\">BB Seguridade&nbsp;<\/h2>\n\n\n\n<p>A <a class=\"suno-keyword\" data-force=\"yes\" data-priority=\"2\" href=\"https:\/\/www.suno.com.br\/acoes\/BBSE3\/\" target=\"_blank\" rel=\"noopener\"><strong>BB Seguridade (BBSE3)<\/strong><\/a> reportou <a class=\"suno-keyword\" data-force=\"no\" data-priority=\"1\" href=\"https:\/\/www.suno.com.br\/artigos\/lucro-liquido\/\" target=\"_blank\" rel=\"noopener\">lucro l\u00edquido<\/a> de R$ 2,056 bilh\u00f5es no terceiro trimestre de 2023. Com isso, o resultado do BB Seguridade mostra uma alta de 24,5% no lucro se comparado com igual per\u00edodo do ano anterior.<\/p>\n\n\n\t<div data-element=\"shortcode-read-more\" class=\"knowMore\">\n\t\t\t\t<span class=\"knowMore__title\">Leia mais<\/span>\n\t\t\t\t<a class=\"knowMore__link\" href=\"https:\/\/www.suno.com.br\/noticias\/bb-seguridade-bbse3-lucro-liquido-terceiro-trimestre-gpj\/\">\n\t\t\tBB Seguridade (BBSE3): lucro l\u00edquido do terceiro trimestre chega a R$ 2 bilh\u00f5es\t\t<\/a>\n\t<\/div>\n\n\n\n\n<h2 class=\"wp-block-heading\">Alupar&nbsp;<\/h2>\n\n\n\n<p>A <a class=\"suno-keyword\" data-force=\"yes\" data-priority=\"2\" href=\"https:\/\/www.suno.com.br\/acoes\/ALUP11\/\" target=\"_blank\" rel=\"noopener\"><strong>Alupar (ALUP11)<\/strong><\/a> informou que sua controlada, a Alupar Inversiones Chile, foi a vencedora do grupo 02 do leil\u00e3o feito no Chile para a realiza\u00e7\u00e3o de obras em 3 novas subesta\u00e7\u00f5es, com 15,7 km de linhas de transmiss\u00e3o.<\/p>\n\n\n\n<p>A receita anual permitida (RAP) vencedora \u00e9 de US$ 5,198 milh\u00f5es, o que representa aproximadamente R$ 25,55 milh\u00f5es na cota\u00e7\u00e3o atual. Enquanto isso, o capex de refer\u00eancia (CEN) \u00e9 de US$ 45,9 milh\u00f5es.<\/p>\n\n\n\t<div data-element=\"shortcode-read-more\" class=\"knowMore\">\n\t\t\t\t<span class=\"knowMore__title\">Leia mais<\/span>\n\t\t\t\t<a class=\"knowMore__link\" href=\"https:\/\/www.suno.com.br\/noticias\/subsidiaria-alupar-alup11-vence-leilao-projetos-chile-jvj\/\">\n\t\t\tAlupar (ALUP11): subsidi\u00e1ria vence leil\u00e3o e investimento pode chegar a US$ 45,9 milh\u00f5es em novos projetos\t\t<\/a>\n\t<\/div>\n\n\n\n\n<h2 class=\"wp-block-heading\">CVC<\/h2>\n\n\n\n<p>A <a class=\"suno-keyword\" data-force=\"yes\" data-priority=\"2\" href=\"https:\/\/www.suno.com.br\/acoes\/CVCB3\/\" target=\"_blank\" rel=\"noopener\"><strong>CVC (CVCB3)<\/strong><\/a> anunciou um preju\u00edzo l\u00edquido de R$ 87,5 milh\u00f5es no terceiro trimestre de 2023, com alta de 16,6% em rela\u00e7\u00e3o ao preju\u00edzo registrado no 3T22, de R$ 75 milh\u00f5es.<\/p>\n\n\n\t<p>\n\t\t<a href=\"https:\/\/lp.suno.com.br\/ebook-como-analisar-uma-acao\/\" target=\"_blank\" data-element=\"shortcode-suno-banner\" title=\"Banner SUNO, clique e saiba mais\">\n\t\t\t<picture>\n\t\t\t\t<source media=\"(max-width: 500px)\" srcset=\"https:\/\/files.sunoresearch.com.br\/n\/uploads\/2023\/03\/Ebook-Acoes-Mobile.jpg\">\n\t\t\t\t<img class=\"newsContent__article__imgCapa newsContent__article__imgCapa--banner\"\n\t\t\t\t\tsrc=\"https:\/\/files.sunoresearch.com.br\/n\/uploads\/2023\/03\/Ebook-Acoes-Desktop.jpg\"\n\t\t\t\t\tdata-promo-id=\"378302\"\t\t\t\t\t\t\t\t\t\twidth='1420' height='286'\t\t\t\t\talt=\"https:\/\/files.sunoresearch.com.br\/n\/uploads\/2023\/03\/Ebook-Acoes-Desktop.jpg\"\n\t\t\t\t>\n\t\t\t<\/picture>\n\t\t<\/a>\n\t<\/p>\n\n\n\n\n\n<h2 class=\"wp-block-heading\">Embraer&nbsp;<\/h2>\n\n\n\n<p>A <a class=\"suno-keyword\" data-force=\"yes\" data-priority=\"2\" href=\"https:\/\/www.suno.com.br\/acoes\/EMBR3\/\" target=\"_blank\" rel=\"noopener\"><strong>Embraer (EMBR3)<\/strong><\/a> registrou <a class=\"suno-keyword\" data-force=\"no\" data-priority=\"1\" href=\"https:\/\/www.suno.com.br\/artigos\/lucro-liquido\/\" target=\"_blank\" rel=\"noopener\">lucro l\u00edquido<\/a> ajustado de R$ 167,1 milh\u00f5es no terceiro trimestre de 2023, alta de 34% na compara\u00e7\u00e3o de igual per\u00edodo em 2022.<\/p>\n\n\n\t<div data-element=\"shortcode-read-more\" class=\"knowMore\">\n\t\t\t\t<span class=\"knowMore__title\">Leia mais<\/span>\n\t\t\t\t<a class=\"knowMore__link\" href=\"https:\/\/www.suno.com.br\/noticias\/embraer-embr3-lucro-liquido-terceiro-trimestre-gpj\/\">\n\t\t\tEmbraer (EMBR3): lucro l\u00edquido ajustado chega a R$ 167 milh\u00f5es no terceiro trimestre\t\t<\/a>\n\t<\/div>\n\n\n\n\n<h2 class=\"wp-block-heading\">Gol<\/h2>\n\n\n\n<p>A <a class=\"suno-keyword\" data-force=\"yes\" data-priority=\"2\" href=\"https:\/\/www.suno.com.br\/acoes\/GOLL4\/\" target=\"_blank\" rel=\"noopener\"><strong>Gol (GOLL4)<\/strong><\/a> teve um preju\u00edzo de R$ 1,3 bilh\u00e3o no acumulado do terceiro trimestre de 2023. Com isso, a Gol diminuiu em 16% o preju\u00edzo de R$ 1,5 bilh\u00e3o registrado no mesmo per\u00edodo do ano anterior.<\/p>\n\n\n\t<div data-element=\"shortcode-read-more\" class=\"knowMore\">\n\t\t\t\t<span class=\"knowMore__title\">Leia mais<\/span>\n\t\t\t\t<a class=\"knowMore__link\" href=\"https:\/\/www.suno.com.br\/noticias\/gol-goll4-diminui-prejuizo-no-3t23-para-r-13-bilhao-gpj\/\">\n\t\t\tGol (GOLL4) diminui preju\u00edzo no 3T23, para R$ 1,3 bilh\u00e3o\t\t<\/a>\n\t<\/div>\n\n\n\n\n<h2 class=\"wp-block-heading\">3R Petroleum<\/h2>\n\n\n\n<p>A <a class=\"suno-keyword\" data-force=\"yes\" data-priority=\"2\" href=\"https:\/\/www.suno.com.br\/acoes\/RRRP3\/\" target=\"_blank\" rel=\"noopener\"><strong>3R Petroleum (RRRP3)<\/strong><\/a> informou que captou R$ 1 bilh\u00e3o via emiss\u00e3o de deb\u00eantures simples, n\u00e3o convers\u00edveis em a\u00e7\u00f5es, em s\u00e9rie \u00fanica.<\/p>\n\n\n\n<p>Os destaques do mercado financeiro do Suno Not\u00edcias mostram os principais acontecimentos que prometem movimentar o mercado durante o dia, como a <strong>Eletrobras<\/strong> (ELET3), que deve estar no foco dos investidores ao longo do dia.<\/p>\n\n\n\n\n\t<p>\n\t\t<a href=\"https:\/\/lp.suno.com.br\/planilha-da-vida-financeira\/\" target=\"_blank\" data-element=\"shortcode-suno-banner\" title=\"Banner SUNO, clique e saiba mais\">\n\t\t\t<picture>\n\t\t\t\t<source media=\"(max-width: 500px)\" srcset=\"https:\/\/files.sunoresearch.com.br\/n\/uploads\/2023\/04\/400x300-Planilha-vida-financeira-true.png\">\n\t\t\t\t<img class=\"newsContent__article__imgCapa newsContent__article__imgCapa--banner\"\n\t\t\t\t\tsrc=\"https:\/\/files.sunoresearch.com.br\/n\/uploads\/2023\/04\/1420x240-Planilha-vida-financeira-true.png\"\n\t\t\t\t\tdata-promo-id=\"383123\"\t\t\t\t\t\t\t\t\t\twidth='1420' height='240'\t\t\t\t\talt=\"https:\/\/files.sunoresearch.com.br\/n\/uploads\/2023\/04\/1420x240-Planilha-vida-financeira-true.png\"\n\t\t\t\t>\n\t\t\t<\/picture>\n\t\t<\/a>\n\t<\/p>\n\n\n\n\n\n<p><\/p>\n","protected":false},"excerpt":{"rendered":"<p>A informa\u00e7\u00e3o de que a Eletrobras (ELET3) suspendeu a potencial venda de fatia na ISA Cteep (TRPL4) \u00e9 um dos destaques desta segunda-feira (06).&nbsp; a\u00e7\u00e3o. Foto: iStock Tamb\u00e9m est\u00e1 entre os destaques do mercado financeiro a Gerdau (GGBR4), ap\u00f3s concluir o programa de recompra de a\u00e7\u00f5es de sua pr\u00f3pria emiss\u00e3o O Ita\u00fa (ITUB4)&nbsp;tamb\u00e9m \u00e9 destaque [&hellip;]<\/p>\n","protected":false},"author":301,"featured_media":473501,"comment_status":"closed","ping_status":"closed","sticky":false,"template":"","format":"standard","meta":[],"categories":[64],"tags":[105065,286,357,378,442,455,460,488,489,519],"suno_strategy":[],"class_list":["post-481149","post","type-post","status-publish","format-standard","has-post-thumbnail","hentry","category-negocios","tag-3r-petroleum-rrrp3","tag-acoes","tag-alupar-alup11-alup3-alup4","tag-bb-seguridade-bbse3","tag-cvc-cvcb3","tag-eletrobras-elet3-elet5-elet6","tag-embraer-embr3","tag-gerdau-ggbr3-ggbr4","tag-gol-linhas-aereas-goll11-goll4","tag-itau-unibanco-itub3-itub4"],"yoast_head":"<!-- This site is optimized with the Yoast SEO plugin v24.4 - https:\/\/yoast.com\/wordpress\/plugins\/seo\/ -->\n<title>Eletrobras (ELET3) e Gerdau (GGBR4) movimentam mercado hoje (6)<\/title>\n<meta name=\"description\" content=\"A informa\u00e7\u00e3o de que a Eletrobras suspendeu a potencial venda de fatia na ISA Cteep \u00e9 um dos destaques desta segunda-feira (06).\u00a0\" \/>\n<meta name=\"robots\" content=\"index, follow, max-snippet:-1, max-image-preview:large, max-video-preview:-1\" \/>\n<link rel=\"canonical\" href=\"https:\/\/www.suno.com.br\/noticias\/destaques-eletrobras-elet3-gerdau-e-mais-va\/\" \/>\n<meta property=\"og:locale\" content=\"pt_BR\" \/>\n<meta property=\"og:type\" content=\"article\" \/>\n<meta property=\"og:title\" content=\"Eletrobras (ELET3) e Gerdau (GGBR4) movimentam mercado hoje (6)\" \/>\n<meta property=\"og:description\" content=\"A informa\u00e7\u00e3o de que a Eletrobras suspendeu a potencial venda de fatia na ISA Cteep \u00e9 um dos destaques desta segunda-feira (06).\u00a0\" \/>\n<meta property=\"og:url\" content=\"https:\/\/www.suno.com.br\/noticias\/destaques-eletrobras-elet3-gerdau-e-mais-va\/\" \/>\n<meta property=\"og:site_name\" content=\"Suno Not\u00edcias\" \/>\n<meta property=\"article:publisher\" content=\"https:\/\/facebook.com\/sunoresearch\" \/>\n<meta property=\"og:image\" content=\"https:\/\/files.sunoresearch.com.br\/n\/uploads\/2023\/10\/bolsa-mercado-ibovespa-acoes-ativos.jpg\" \/>\n\t<meta property=\"og:image:width\" content=\"1200\" \/>\n\t<meta property=\"og:image:height\" content=\"800\" \/>\n\t<meta property=\"og:image:type\" content=\"image\/jpeg\" \/>\n<meta name=\"author\" content=\"Vin\u00edcius Alves\" \/>\n<meta name=\"twitter:card\" content=\"summary_large_image\" \/>\n<meta name=\"twitter:creator\" content=\"@sunoresearch\" \/>\n<meta name=\"twitter:site\" content=\"@sunoresearch\" \/>\n<meta name=\"twitter:label1\" content=\"Escrito por\" \/>\n\t<meta name=\"twitter:data1\" content=\"Vin\u00edcius Alves\" \/>\n\t<meta name=\"twitter:label2\" content=\"Est. tempo de leitura\" \/>\n\t<meta name=\"twitter:data2\" content=\"3 minutos\" \/>\n<script type=\"application\/ld+json\" class=\"yoast-schema-graph\">{\"@context\":\"https:\/\/schema.org\",\"@graph\":[{\"@type\":\"NewsArticle\",\"@id\":\"https:\/\/www.suno.com.br\/noticias\/destaques-eletrobras-elet3-gerdau-e-mais-va\/#article\",\"isPartOf\":{\"@id\":\"https:\/\/www.suno.com.br\/noticias\/destaques-eletrobras-elet3-gerdau-e-mais-va\/\"},\"author\":{\"name\":\"Vin\u00edcius Alves\",\"@id\":\"https:\/\/www.suno.com.br\/noticias\/#\/schema\/person\/4a180549702d0e236b3e420862bcded3\"},\"headline\":\"Eletrobras (ELET3), Gerdau (GGBR4) e Ita\u00fa (ITUB4) movimentam mercado nesta segunda-feira (6); veja mais destaques\",\"datePublished\":\"2023-11-06T14:10:54+00:00\",\"dateModified\":\"2023-11-06T14:11:01+00:00\",\"mainEntityOfPage\":{\"@id\":\"https:\/\/www.suno.com.br\/noticias\/destaques-eletrobras-elet3-gerdau-e-mais-va\/\"},\"wordCount\":548,\"publisher\":{\"@id\":\"https:\/\/www.suno.com.br\/noticias\/#organization\"},\"image\":{\"@id\":\"https:\/\/www.suno.com.br\/noticias\/destaques-eletrobras-elet3-gerdau-e-mais-va\/#primaryimage\"},\"thumbnailUrl\":\"https:\/\/files.sunoresearch.com.br\/n\/uploads\/2023\/10\/bolsa-mercado-ibovespa-acoes-ativos.jpg\",\"keywords\":[\"3R Petroleum (RRRP3)\",\"A\u00e7\u00f5es\",\"Alupar (ALUP11\/ALUP3\/ALUP4)\",\"BB Seguridade (BBSE3)\",\"CVC (CVCB3)\",\"Eletrobras (ELET3\/ELET5\/ELET6)\",\"Embraer (EMBR3)\",\"Gerdau (GGBR3\/GGBR4)\",\"Gol Linhas A\u00e9reas (GOLL11\/GOLL4)\",\"Ita\u00fa Unibanco (ITUB3\/ITUB4)\"],\"articleSection\":[\"Neg\u00f3cios\"],\"inLanguage\":\"pt-BR\"},{\"@type\":\"WebPage\",\"@id\":\"https:\/\/www.suno.com.br\/noticias\/destaques-eletrobras-elet3-gerdau-e-mais-va\/\",\"url\":\"https:\/\/www.suno.com.br\/noticias\/destaques-eletrobras-elet3-gerdau-e-mais-va\/\",\"name\":\"Eletrobras (ELET3) e Gerdau (GGBR4) movimentam mercado hoje (6)\",\"isPartOf\":{\"@id\":\"https:\/\/www.suno.com.br\/noticias\/#website\"},\"primaryImageOfPage\":{\"@id\":\"https:\/\/www.suno.com.br\/noticias\/destaques-eletrobras-elet3-gerdau-e-mais-va\/#primaryimage\"},\"image\":{\"@id\":\"https:\/\/www.suno.com.br\/noticias\/destaques-eletrobras-elet3-gerdau-e-mais-va\/#primaryimage\"},\"thumbnailUrl\":\"https:\/\/files.sunoresearch.com.br\/n\/uploads\/2023\/10\/bolsa-mercado-ibovespa-acoes-ativos.jpg\",\"datePublished\":\"2023-11-06T14:10:54+00:00\",\"dateModified\":\"2023-11-06T14:11:01+00:00\",\"description\":\"A informa\u00e7\u00e3o de que a Eletrobras suspendeu a potencial venda de fatia na ISA Cteep \u00e9 um dos destaques desta segunda-feira (06).\u00a0\",\"breadcrumb\":{\"@id\":\"https:\/\/www.suno.com.br\/noticias\/destaques-eletrobras-elet3-gerdau-e-mais-va\/#breadcrumb\"},\"inLanguage\":\"pt-BR\",\"potentialAction\":[{\"@type\":\"ReadAction\",\"target\":[\"https:\/\/www.suno.com.br\/noticias\/destaques-eletrobras-elet3-gerdau-e-mais-va\/\"]}]},{\"@type\":\"ImageObject\",\"inLanguage\":\"pt-BR\",\"@id\":\"https:\/\/www.suno.com.br\/noticias\/destaques-eletrobras-elet3-gerdau-e-mais-va\/#primaryimage\",\"url\":\"https:\/\/files.sunoresearch.com.br\/n\/uploads\/2023\/10\/bolsa-mercado-ibovespa-acoes-ativos.jpg\",\"contentUrl\":\"https:\/\/files.sunoresearch.com.br\/n\/uploads\/2023\/10\/bolsa-mercado-ibovespa-acoes-ativos.jpg\",\"width\":1200,\"height\":800,\"caption\":\"a\u00e7\u00e3o. Foto: iStock\"},{\"@type\":\"BreadcrumbList\",\"@id\":\"https:\/\/www.suno.com.br\/noticias\/destaques-eletrobras-elet3-gerdau-e-mais-va\/#breadcrumb\",\"itemListElement\":[{\"@type\":\"ListItem\",\"position\":1,\"name\":\"Not\u00edcias\",\"item\":\"https:\/\/www.suno.com.br\/noticias\/\"},{\"@type\":\"ListItem\",\"position\":2,\"name\":\"Neg\u00f3cios\",\"item\":\"https:\/\/www.suno.com.br\/noticias\/negocios\/\"},{\"@type\":\"ListItem\",\"position\":3,\"name\":\"Eletrobras (ELET3), Gerdau (GGBR4) e Ita\u00fa (ITUB4) movimentam mercado nesta segunda-feira (6); veja mais destaques\"}]},{\"@type\":\"WebSite\",\"@id\":\"https:\/\/www.suno.com.br\/noticias\/#website\",\"url\":\"https:\/\/www.suno.com.br\/noticias\/\",\"name\":\"Suno Not\u00edcias\",\"description\":\"Seu portal de informa\u00e7\u00e3o sobre o mundo dos investimentos\",\"publisher\":{\"@id\":\"https:\/\/www.suno.com.br\/noticias\/#organization\"},\"potentialAction\":[{\"@type\":\"SearchAction\",\"target\":{\"@type\":\"EntryPoint\",\"urlTemplate\":\"https:\/\/www.suno.com.br\/noticias\/?s={search_term_string}\"},\"query-input\":{\"@type\":\"PropertyValueSpecification\",\"valueRequired\":true,\"valueName\":\"search_term_string\"}}],\"inLanguage\":\"pt-BR\"},{\"@type\":\"Organization\",\"@id\":\"https:\/\/www.suno.com.br\/noticias\/#organization\",\"name\":\"Suno Not\u00edcias\",\"url\":\"https:\/\/www.suno.com.br\/noticias\/\",\"logo\":{\"@type\":\"ImageObject\",\"inLanguage\":\"pt-BR\",\"@id\":\"https:\/\/www.suno.com.br\/noticias\/#\/schema\/logo\/image\/\",\"url\":\"https:\/\/files.sunoresearch.com.br\/n\/uploads\/2021\/09\/suno-logo.png\",\"contentUrl\":\"https:\/\/files.sunoresearch.com.br\/n\/uploads\/2021\/09\/suno-logo.png\",\"width\":180,\"height\":180,\"caption\":\"Suno Not\u00edcias\"},\"image\":{\"@id\":\"https:\/\/www.suno.com.br\/noticias\/#\/schema\/logo\/image\/\"},\"sameAs\":[\"https:\/\/facebook.com\/sunoresearch\",\"https:\/\/x.com\/sunoresearch\",\"https:\/\/www.instagram.com\/suno\",\"https:\/\/www.linkedin.com\/company\/suno-research\/\",\"https:\/\/www.youtube.com\/c\/sunoresearch\"]},{\"@type\":\"Person\",\"@id\":\"https:\/\/www.suno.com.br\/noticias\/#\/schema\/person\/4a180549702d0e236b3e420862bcded3\",\"name\":\"Vin\u00edcius Alves\",\"image\":{\"@type\":\"ImageObject\",\"inLanguage\":\"pt-BR\",\"@id\":\"https:\/\/www.suno.com.br\/noticias\/#\/schema\/person\/image\/\",\"url\":\"https:\/\/secure.gravatar.com\/avatar\/a95b7fe6d1b813f7907d4f476d5a39e1?s=96&r=g\",\"contentUrl\":\"https:\/\/secure.gravatar.com\/avatar\/a95b7fe6d1b813f7907d4f476d5a39e1?s=96&r=g\",\"caption\":\"Vin\u00edcius Alves\"},\"description\":\"Jornalista formado na Faculdade C\u00e1sper L\u00edbero. Com passagens pela Ag\u00eancia Estado, InfoMoney e Editora Globo.\",\"url\":\"https:\/\/www.suno.com.br\/noticias\/author\/vini08correiagmail-com\/\"}]}<\/script>\n<!-- \/ Yoast SEO plugin. -->","yoast_head_json":{"title":"Eletrobras (ELET3) e Gerdau (GGBR4) movimentam mercado hoje (6)","description":"A informa\u00e7\u00e3o de que a Eletrobras suspendeu a potencial venda de fatia na ISA Cteep \u00e9 um dos destaques desta segunda-feira (06).\u00a0","robots":{"index":"index","follow":"follow","max-snippet":"max-snippet:-1","max-image-preview":"max-image-preview:large","max-video-preview":"max-video-preview:-1"},"canonical":"https:\/\/www.suno.com.br\/noticias\/destaques-eletrobras-elet3-gerdau-e-mais-va\/","og_locale":"pt_BR","og_type":"article","og_title":"Eletrobras (ELET3) e Gerdau (GGBR4) movimentam mercado hoje (6)","og_description":"A informa\u00e7\u00e3o de que a Eletrobras suspendeu a potencial venda de fatia na ISA Cteep \u00e9 um dos destaques desta segunda-feira (06).\u00a0","og_url":"https:\/\/www.suno.com.br\/noticias\/destaques-eletrobras-elet3-gerdau-e-mais-va\/","og_site_name":"Suno Not\u00edcias","article_publisher":"https:\/\/facebook.com\/sunoresearch","og_image":[{"width":1200,"height":800,"url":"https:\/\/files.sunoresearch.com.br\/n\/uploads\/2023\/10\/bolsa-mercado-ibovespa-acoes-ativos.jpg","type":"image\/jpeg"}],"author":"Vin\u00edcius Alves","twitter_card":"summary_large_image","twitter_creator":"@sunoresearch","twitter_site":"@sunoresearch","twitter_misc":{"Escrito por":"Vin\u00edcius Alves","Est. tempo de leitura":"3 minutos"},"schema":{"@context":"https:\/\/schema.org","@graph":[{"@type":"NewsArticle","@id":"https:\/\/www.suno.com.br\/noticias\/destaques-eletrobras-elet3-gerdau-e-mais-va\/#article","isPartOf":{"@id":"https:\/\/www.suno.com.br\/noticias\/destaques-eletrobras-elet3-gerdau-e-mais-va\/"},"author":{"name":"Vin\u00edcius Alves","@id":"https:\/\/www.suno.com.br\/noticias\/#\/schema\/person\/4a180549702d0e236b3e420862bcded3"},"headline":"Eletrobras (ELET3), Gerdau (GGBR4) e Ita\u00fa (ITUB4) movimentam mercado nesta segunda-feira (6); veja mais destaques","datePublished":"2023-11-06T14:10:54+00:00","dateModified":"2023-11-06T14:11:01+00:00","mainEntityOfPage":{"@id":"https:\/\/www.suno.com.br\/noticias\/destaques-eletrobras-elet3-gerdau-e-mais-va\/"},"wordCount":548,"publisher":{"@id":"https:\/\/www.suno.com.br\/noticias\/#organization"},"image":{"@id":"https:\/\/www.suno.com.br\/noticias\/destaques-eletrobras-elet3-gerdau-e-mais-va\/#primaryimage"},"thumbnailUrl":"https:\/\/files.sunoresearch.com.br\/n\/uploads\/2023\/10\/bolsa-mercado-ibovespa-acoes-ativos.jpg","keywords":["3R Petroleum (RRRP3)","A\u00e7\u00f5es","Alupar (ALUP11\/ALUP3\/ALUP4)","BB Seguridade (BBSE3)","CVC (CVCB3)","Eletrobras (ELET3\/ELET5\/ELET6)","Embraer (EMBR3)","Gerdau (GGBR3\/GGBR4)","Gol Linhas A\u00e9reas (GOLL11\/GOLL4)","Ita\u00fa Unibanco (ITUB3\/ITUB4)"],"articleSection":["Neg\u00f3cios"],"inLanguage":"pt-BR"},{"@type":"WebPage","@id":"https:\/\/www.suno.com.br\/noticias\/destaques-eletrobras-elet3-gerdau-e-mais-va\/","url":"https:\/\/www.suno.com.br\/noticias\/destaques-eletrobras-elet3-gerdau-e-mais-va\/","name":"Eletrobras (ELET3) e Gerdau (GGBR4) movimentam mercado hoje (6)","isPartOf":{"@id":"https:\/\/www.suno.com.br\/noticias\/#website"},"primaryImageOfPage":{"@id":"https:\/\/www.suno.com.br\/noticias\/destaques-eletrobras-elet3-gerdau-e-mais-va\/#primaryimage"},"image":{"@id":"https:\/\/www.suno.com.br\/noticias\/destaques-eletrobras-elet3-gerdau-e-mais-va\/#primaryimage"},"thumbnailUrl":"https:\/\/files.sunoresearch.com.br\/n\/uploads\/2023\/10\/bolsa-mercado-ibovespa-acoes-ativos.jpg","datePublished":"2023-11-06T14:10:54+00:00","dateModified":"2023-11-06T14:11:01+00:00","description":"A informa\u00e7\u00e3o de que a Eletrobras suspendeu a potencial venda de fatia na ISA Cteep \u00e9 um dos destaques desta segunda-feira (06).\u00a0","breadcrumb":{"@id":"https:\/\/www.suno.com.br\/noticias\/destaques-eletrobras-elet3-gerdau-e-mais-va\/#breadcrumb"},"inLanguage":"pt-BR","potentialAction":[{"@type":"ReadAction","target":["https:\/\/www.suno.com.br\/noticias\/destaques-eletrobras-elet3-gerdau-e-mais-va\/"]}]},{"@type":"ImageObject","inLanguage":"pt-BR","@id":"https:\/\/www.suno.com.br\/noticias\/destaques-eletrobras-elet3-gerdau-e-mais-va\/#primaryimage","url":"https:\/\/files.sunoresearch.com.br\/n\/uploads\/2023\/10\/bolsa-mercado-ibovespa-acoes-ativos.jpg","contentUrl":"https:\/\/files.sunoresearch.com.br\/n\/uploads\/2023\/10\/bolsa-mercado-ibovespa-acoes-ativos.jpg","width":1200,"height":800,"caption":"a\u00e7\u00e3o. Foto: iStock"},{"@type":"BreadcrumbList","@id":"https:\/\/www.suno.com.br\/noticias\/destaques-eletrobras-elet3-gerdau-e-mais-va\/#breadcrumb","itemListElement":[{"@type":"ListItem","position":1,"name":"Not\u00edcias","item":"https:\/\/www.suno.com.br\/noticias\/"},{"@type":"ListItem","position":2,"name":"Neg\u00f3cios","item":"https:\/\/www.suno.com.br\/noticias\/negocios\/"},{"@type":"ListItem","position":3,"name":"Eletrobras (ELET3), Gerdau (GGBR4) e Ita\u00fa (ITUB4) movimentam mercado nesta segunda-feira (6); veja mais destaques"}]},{"@type":"WebSite","@id":"https:\/\/www.suno.com.br\/noticias\/#website","url":"https:\/\/www.suno.com.br\/noticias\/","name":"Suno Not\u00edcias","description":"Seu portal de informa\u00e7\u00e3o sobre o mundo dos investimentos","publisher":{"@id":"https:\/\/www.suno.com.br\/noticias\/#organization"},"potentialAction":[{"@type":"SearchAction","target":{"@type":"EntryPoint","urlTemplate":"https:\/\/www.suno.com.br\/noticias\/?s={search_term_string}"},"query-input":{"@type":"PropertyValueSpecification","valueRequired":true,"valueName":"search_term_string"}}],"inLanguage":"pt-BR"},{"@type":"Organization","@id":"https:\/\/www.suno.com.br\/noticias\/#organization","name":"Suno Not\u00edcias","url":"https:\/\/www.suno.com.br\/noticias\/","logo":{"@type":"ImageObject","inLanguage":"pt-BR","@id":"https:\/\/www.suno.com.br\/noticias\/#\/schema\/logo\/image\/","url":"https:\/\/files.sunoresearch.com.br\/n\/uploads\/2021\/09\/suno-logo.png","contentUrl":"https:\/\/files.sunoresearch.com.br\/n\/uploads\/2021\/09\/suno-logo.png","width":180,"height":180,"caption":"Suno Not\u00edcias"},"image":{"@id":"https:\/\/www.suno.com.br\/noticias\/#\/schema\/logo\/image\/"},"sameAs":["https:\/\/facebook.com\/sunoresearch","https:\/\/x.com\/sunoresearch","https:\/\/www.instagram.com\/suno","https:\/\/www.linkedin.com\/company\/suno-research\/","https:\/\/www.youtube.com\/c\/sunoresearch"]},{"@type":"Person","@id":"https:\/\/www.suno.com.br\/noticias\/#\/schema\/person\/4a180549702d0e236b3e420862bcded3","name":"Vin\u00edcius Alves","image":{"@type":"ImageObject","inLanguage":"pt-BR","@id":"https:\/\/www.suno.com.br\/noticias\/#\/schema\/person\/image\/","url":"https:\/\/secure.gravatar.com\/avatar\/a95b7fe6d1b813f7907d4f476d5a39e1?s=96&r=g","contentUrl":"https:\/\/secure.gravatar.com\/avatar\/a95b7fe6d1b813f7907d4f476d5a39e1?s=96&r=g","caption":"Vin\u00edcius Alves"},"description":"Jornalista formado na Faculdade C\u00e1sper L\u00edbero. Com passagens pela Ag\u00eancia Estado, InfoMoney e Editora Globo.","url":"https:\/\/www.suno.com.br\/noticias\/author\/vini08correiagmail-com\/"}]}},"default_loop_html":"<div class=\"cardsPage__listCard__boxs\"><div class=\"cardsPage__listCard__boxs__img\"><a href=\"https:\/\/www.suno.com.br\/noticias\/destaques-eletrobras-elet3-gerdau-e-mais-va\/\"><img class=\"mask\" src=\"https:\/\/www.suno.com.br\/noticias\/wp-content\/themes\/suno\/resources\/images\/spotlight\/spotlight1img\/bg-mask.png\" alt=\"Image Mask\"\/><img src=\"https:\/\/files.sunoresearch.com.br\/n\/uploads\/2023\/10\/bolsa-mercado-ibovespa-acoes-ativos-400x200.jpg\" alt=\"Eletrobras (ELET3), Gerdau (GGBR4) e Ita\u00fa (ITUB4) movimentam mercado nesta segunda-feira (6); veja mais destaques\"\/><\/a><span class=\"spotlightCategory\"><a href=\"https:\/\/www.suno.com.br\/noticias\/negocios\/\">Neg\u00f3cios<\/a><\/span><\/div><div class=\"cardsPage__listCard__boxs__content\"><a href=\"https:\/\/www.suno.com.br\/noticias\/destaques-eletrobras-elet3-gerdau-e-mais-va\/\"><h2 class=\"content__title\">Eletrobras (ELET3), Gerdau (GGBR4) e Ita\u00fa (ITUB4) movimentam mercado nesta segunda-feira (6); veja mais destaques<\/h2><\/a><div class=\"newsContent__article__meta\"><div class=\"newsContent__article__meta__authorBox\"><a href=\"https:\/\/www.suno.com.br\/noticias\/author\/vini08correiagmail-com\/\" class=\"authorBox__avatar noMobi\"><img src=\"https:\/\/files.sunoresearch.com.br\/n\/uploads\/2026\/04\/WhatsApp-Image-2026-04-20-at-19.35.48-150x150.webp\" alt=\"Vin\u00edcius Alves\"><\/a><div class=\"authorBox__name\"><span>por\n\t\t\t<a href=\"https:\/\/www.suno.com.br\/noticias\/author\/vini08correiagmail-com\/\"><span itemprop=\"author\">Vin\u00edcius Alves<\/span><\/a><\/span><time datetime=\"2023-11-06T11:10:54-03:00\" itemprop=\"datePublished\">06\/11\/2023 11:10<\/time><\/div><\/div><\/div><\/div><\/div>","single_layout":"posts","amp_enabled":true,"_links":{"self":[{"href":"https:\/\/www.suno.com.br\/noticias\/wp-json\/wp\/v2\/posts\/481149"}],"collection":[{"href":"https:\/\/www.suno.com.br\/noticias\/wp-json\/wp\/v2\/posts"}],"about":[{"href":"https:\/\/www.suno.com.br\/noticias\/wp-json\/wp\/v2\/types\/post"}],"author":[{"embeddable":true,"href":"https:\/\/www.suno.com.br\/noticias\/wp-json\/wp\/v2\/users\/301"}],"replies":[{"embeddable":true,"href":"https:\/\/www.suno.com.br\/noticias\/wp-json\/wp\/v2\/comments?post=481149"}],"version-history":[{"count":3,"href":"https:\/\/www.suno.com.br\/noticias\/wp-json\/wp\/v2\/posts\/481149\/revisions"}],"predecessor-version":[{"id":481225,"href":"https:\/\/www.suno.com.br\/noticias\/wp-json\/wp\/v2\/posts\/481149\/revisions\/481225"}],"wp:featuredmedia":[{"embeddable":true,"href":"https:\/\/www.suno.com.br\/noticias\/wp-json\/wp\/v2\/media\/473501"}],"wp:attachment":[{"href":"https:\/\/www.suno.com.br\/noticias\/wp-json\/wp\/v2\/media?parent=481149"}],"wp:term":[{"taxonomy":"category","embeddable":true,"href":"https:\/\/www.suno.com.br\/noticias\/wp-json\/wp\/v2\/categories?post=481149"},{"taxonomy":"post_tag","embeddable":true,"href":"https:\/\/www.suno.com.br\/noticias\/wp-json\/wp\/v2\/tags?post=481149"},{"taxonomy":"suno_strategy","embeddable":true,"href":"https:\/\/www.suno.com.br\/noticias\/wp-json\/wp\/v2\/suno_strategy?post=481149"}],"curies":[{"name":"wp","href":"https:\/\/api.w.org\/{rel}","templated":true}]}}