{"id":480936,"date":"2023-11-04T15:44:17","date_gmt":"2023-11-04T18:44:17","guid":{"rendered":"https:\/\/www.suno.com.br\/noticias\/?p=480936"},"modified":"2023-11-04T15:44:20","modified_gmt":"2023-11-04T18:44:20","slug":"acao-bilionario-contra-petrobras-petr4-jvj","status":"publish","type":"post","link":"https:\/\/www.suno.com.br\/noticias\/acao-bilionario-contra-petrobras-petr4-jvj\/","title":{"rendered":"A\u00e7\u00e3o bilion\u00e1ria contra a Petrobras (PETR4): STF retoma julgamento"},"content":{"rendered":"<p>O Supremo Tribunal Federal (STF) retomou nesta sexta-feira (3) o julgamento de uma a\u00e7\u00e3o trabalhista bilion\u00e1ria envolvendo a <a class=\"suno-keyword\" data-force=\"yes\" data-priority=\"2\" href=\"https:\/\/www.suno.com.br\/acoes\/PETR4\/\" target=\"_blank\" rel=\"noopener\"><strong>Petrobras<\/strong> (PETR4)<\/a>. O processo trata do pagamento da Remunera\u00e7\u00e3o M\u00ednima por N\u00edvel e Regime (RMNR) aos funcion\u00e1rios da estatal e tem impacto financeiro estimado em R$ 47 bilh\u00f5es, segundo a companhia.<\/p>\t<div class=\"wrapper-featured-image\">\n\t\t<figure class=\"spotlightImg\">\n\n\t\t\t<picture>\n\t\t\t\t<source media=\"(max-width: 768px)\" srcset=\"https:\/\/files.sunoresearch.com.br\/n\/uploads\/2023\/05\/petrobras-400x200.jpg\">\n\t\t\t\t<img loading=\"lazy\" decoding=\"async\" class=\"newsContent__article__imgCapa lazyloadDisabled \" src=\"https:\/\/files.sunoresearch.com.br\/n\/uploads\/2023\/05\/petrobras-800x450.jpg\" width=\"800\" height=\"450\" alt=\"A\u00e7\u00e3o bilion\u00e1ria contra a Petrobras (PETR4): STF retoma julgamento\" fetchpriority=high \/>\n\t\t\t<\/picture>\n\n\t\t\t<figcaption class=\"wp-caption-text wp-caption-text--show\">Petrobras (PETR4). Foto: iStock<\/figcaption>\n\t\t<\/figure>\n\t<\/div>\n\n\n\n\n\n\t<p>\n\t\t<a href=\"https:\/\/lp2.suno.com.br\/cl\/black-friday-2025\/?utm_campaign=_SNCDF0E4858_\" target=\"_blank\" data-element=\"shortcode-suno-banner\" title=\"Banner SUNO, clique e saiba mais\">\n\t\t\t<picture>\n\t\t\t\t<source media=\"(max-width: 500px)\" srcset=\"https:\/\/files.sunoresearch.com.br\/n\/uploads\/2025\/10\/Artigos-e-Noticias-Banner-Home-artigos-01-Mobile_-400x300-1-png.webp\">\n\t\t\t\t<img class=\"newsContent__article__imgCapa newsContent__article__imgCapa--banner\"\n\t\t\t\t\tsrc=\"https:\/\/files.sunoresearch.com.br\/n\/uploads\/2025\/10\/Artigos-e-Noticias-Banner-Home-artigos-01-Desktop_-1420x240-1-png.webp\"\n\t\t\t\t\tdata-promo-id=\"311259\"\t\t\t\t\t\t\t\t\t\twidth='1420' height='240'\t\t\t\t\talt=\"https:\/\/files.sunoresearch.com.br\/n\/uploads\/2025\/10\/Artigos-e-Noticias-Banner-Home-artigos-01-Desktop_-1420x240-1-png.webp\"\n\t\t\t\t>\n\t\t\t<\/picture>\n\t\t<\/a>\n\t<\/p>\n\n\n\n\n\n<p>O caso da Petrobras voltou a ser julgado no plen\u00e1rio virtual da Primeira Turma do <strong>Supremo Tribunal Federal <\/strong>ap\u00f3s sucessivas interrup\u00e7\u00f5es por pedidos de vista.<\/p>\n\n\n\n<p>At\u00e9 o momento, prevalece o voto proferido pelo relator, ministro Alexandre de Moraes. O placar \u00e9 de 3 votos a 1 contra os <strong>empregados da Petrobras<\/strong>.<\/p>\n\n\n\t<div data-element=\"shortcode-read-more\" class=\"knowMore\">\n\t\t\t\t<span class=\"knowMore__title\">Leia mais<\/span>\n\t\t\t\t<a class=\"knowMore__link\" href=\"https:\/\/www.suno.com.br\/noticias\/subsidiaria-alupar-alup11-vence-leilao-projetos-chile-jvj\/\">\n\t\t\tAlupar (ALUP11): subsidi\u00e1ria vence leil\u00e3o e investimento pode chegar a US$ 45,9 milh\u00f5es em novos projetos\t\t<\/a>\n\t<\/div>\n\n\n\n\n<p>Em 2021, o ministro atendeu ao pedido da Petrobras para suspender a decis\u00e3o do Tribunal Superior do Trabalho (TST) que reconheceu o acr\u00e9scimo de adicionais ao pagamento da RMNR, como de periculosidade, noturno e confinamento.<\/p>\n\n\n\n<p>Segundo os sindicatos da categoria, o modelo serve para diferenciar funcion\u00e1rios que prestam servi\u00e7os administrativos e os que est\u00e3o em refinarias ou embarcados em <strong>plataformas de petr\u00f3leo<\/strong>.<\/p>\n\n\n\n<p>Em vota\u00e7\u00f5es anteriores, os ministros Dias Toffoli e C\u00e1rmen L\u00facia seguiram o relator. A ex-ministra Rosa Weber votou a favor dos trabalhadores. Lu\u00eds Roberto Barroso se declarou suspeito para julgar o caso.<\/p>\n\n\n\n<p>O \u00faltimo voto sobre a quest\u00e3o ser\u00e1 proferido pelo ministro Cristiano Zanin. A sess\u00e3o virtual vai at\u00e9 10 de novembro.<\/p>\n\n\n\n<p>O caso trata de uma condena\u00e7\u00e3o imposta pelo Tribunal Superior do Trabalho (TST) \u00e0 Petrobras. A senten\u00e7a previu um ressarcimento da empresa a seus empregados, com impactos financeiros estimados em cerca de R$ 47 bilh\u00f5es pela pr\u00f3pria empresa. Por envolver mais de 50 mil funcion\u00e1rios, esse \u00e9 tido como o maior processo trabalhista da hist\u00f3ria da petroleira estatal.<\/p>\n\n\n\n<h2 class=\"wp-block-heading\"><a><\/a>Entenda o caso da Petrobras<\/h2>\n\n\n\n<p>O <strong>processo da Petrobras<\/strong> discute a inclus\u00e3o ou n\u00e3o de adicionais constitucionais \u2013 como de periculosidade, de confinamento ou por trabalho noturno, por exemplo \u2013 no c\u00e1lculo da Remunera\u00e7\u00e3o M\u00ednima por N\u00edvel e Regime (RMNR), uma esp\u00e9cie de piso salarial que foi criado em um acordo trabalhista de 2007 para promover a isonomia entre os vencimentos dos funcion\u00e1rios.<\/p>\n\n\n\n<p>Diversos empregados, contudo, conseguiram ganhar na Justi\u00e7a o direito de que seus adicionais fossem pagos por fora dos pisos estabelecidos, o que gerou uma situa\u00e7\u00e3o de desigualdade salarial na empresa, provocando distor\u00e7\u00f5es.<\/p>\n\n\n\n<p>As dezenas de sindicatos que participam da a\u00e7\u00e3o contra a <strong>Petrobras<\/strong> argumentam que, por haver diferentes entendimentos sobre o assunto, deve prevalecer aquele mais favor\u00e1vel aos empregados. As entidades pedem a exclus\u00e3o dos adicionais do c\u00e1lculo da RMNR.<\/p>\n\n\n\n<p>(Com informa\u00e7\u00f5es de Ag\u00eancia Brasil)<\/p>\n\n\n\t<p>\n\t\t<a href=\"https:\/\/lp.suno.com.br\/ebook-como-analisar-uma-acao\/\" target=\"_blank\" data-element=\"shortcode-suno-banner\" title=\"Banner SUNO, clique e saiba mais\">\n\t\t\t<picture>\n\t\t\t\t<source media=\"(max-width: 500px)\" srcset=\"https:\/\/files.sunoresearch.com.br\/n\/uploads\/2023\/12\/Ebook-Acoes-Mobile.jpg\">\n\t\t\t\t<img class=\"newsContent__article__imgCapa newsContent__article__imgCapa--banner\"\n\t\t\t\t\tsrc=\"https:\/\/files.sunoresearch.com.br\/n\/uploads\/2023\/12\/Ebook-Acoes-Desktop.webp\"\n\t\t\t\t\tdata-promo-id=\"311260\"\t\t\t\t\t\t\t\t\t\twidth='1420' height='286'\t\t\t\t\talt=\"https:\/\/files.sunoresearch.com.br\/n\/uploads\/2023\/12\/Ebook-Acoes-Desktop.webp\"\n\t\t\t\t>\n\t\t\t<\/picture>\n\t\t<\/a>\n\t<\/p>\n\n\n","protected":false},"excerpt":{"rendered":"<p>O Supremo Tribunal Federal (STF) retomou nesta sexta-feira (3) o julgamento de uma a\u00e7\u00e3o trabalhista bilion\u00e1ria envolvendo a Petrobras (PETR4). O processo trata do pagamento da Remunera\u00e7\u00e3o M\u00ednima por N\u00edvel e Regime (RMNR) aos funcion\u00e1rios da estatal e tem impacto financeiro estimado em R$ 47 bilh\u00f5es, segundo a companhia. Petrobras (PETR4). Foto: iStock O caso [&hellip;]<\/p>\n","protected":false},"author":173,"featured_media":403562,"comment_status":"closed","ping_status":"closed","sticky":false,"template":"","format":"standard","meta":[],"categories":[64],"tags":[595,785],"suno_strategy":[],"class_list":["post-480936","post","type-post","status-publish","format-standard","has-post-thumbnail","hentry","category-negocios","tag-petrobras-petr4","tag-supremo-tribunal-federal-stf"],"yoast_head":"<!-- This site is optimized with the Yoast SEO plugin v24.4 - https:\/\/yoast.com\/wordpress\/plugins\/seo\/ -->\n<title>A\u00e7\u00e3o bilion\u00e1ria contra Petrobras (PETR4): STF retoma julgamento<\/title>\n<meta name=\"description\" content=\"O Supremo Tribunal Federal (STF) retomou o julgamento de uma a\u00e7\u00e3o bilion\u00e1ria contra a Petrobras (PETR4). Entenda o caso.\" \/>\n<meta name=\"robots\" content=\"index, follow, max-snippet:-1, max-image-preview:large, max-video-preview:-1\" \/>\n<link rel=\"canonical\" href=\"https:\/\/www.suno.com.br\/noticias\/acao-bilionario-contra-petrobras-petr4-jvj\/\" \/>\n<meta property=\"og:locale\" content=\"pt_BR\" \/>\n<meta property=\"og:type\" content=\"article\" \/>\n<meta property=\"og:title\" content=\"A\u00e7\u00e3o bilion\u00e1ria contra Petrobras (PETR4): STF retoma julgamento\" \/>\n<meta property=\"og:description\" content=\"O Supremo Tribunal Federal (STF) retomou o julgamento de uma a\u00e7\u00e3o bilion\u00e1ria contra a Petrobras (PETR4). Entenda o caso.\" \/>\n<meta property=\"og:url\" content=\"https:\/\/www.suno.com.br\/noticias\/acao-bilionario-contra-petrobras-petr4-jvj\/\" \/>\n<meta property=\"og:site_name\" content=\"Suno Not\u00edcias\" \/>\n<meta property=\"article:publisher\" content=\"https:\/\/facebook.com\/sunoresearch\" \/>\n<meta property=\"og:image\" content=\"https:\/\/files.sunoresearch.com.br\/n\/uploads\/2023\/05\/petrobras.jpg\" \/>\n\t<meta property=\"og:image:width\" content=\"1254\" \/>\n\t<meta property=\"og:image:height\" content=\"836\" \/>\n\t<meta property=\"og:image:type\" content=\"image\/jpeg\" \/>\n<meta name=\"author\" content=\"Jo\u00e3o Vitor\" \/>\n<meta name=\"twitter:card\" content=\"summary_large_image\" \/>\n<meta name=\"twitter:creator\" content=\"@sunoresearch\" \/>\n<meta name=\"twitter:site\" content=\"@sunoresearch\" \/>\n<meta name=\"twitter:label1\" content=\"Escrito por\" \/>\n\t<meta name=\"twitter:data1\" content=\"Jo\u00e3o Vitor\" \/>\n\t<meta name=\"twitter:label2\" content=\"Est. tempo de leitura\" \/>\n\t<meta name=\"twitter:data2\" content=\"3 minutos\" \/>\n<script type=\"application\/ld+json\" class=\"yoast-schema-graph\">{\"@context\":\"https:\/\/schema.org\",\"@graph\":[{\"@type\":\"NewsArticle\",\"@id\":\"https:\/\/www.suno.com.br\/noticias\/acao-bilionario-contra-petrobras-petr4-jvj\/#article\",\"isPartOf\":{\"@id\":\"https:\/\/www.suno.com.br\/noticias\/acao-bilionario-contra-petrobras-petr4-jvj\/\"},\"author\":{\"name\":\"Jo\u00e3o Vitor\",\"@id\":\"https:\/\/www.suno.com.br\/noticias\/#\/schema\/person\/87fc6973867c52dd884811905c43afba\"},\"headline\":\"A\u00e7\u00e3o bilion\u00e1ria contra a Petrobras (PETR4): STF retoma julgamento\",\"datePublished\":\"2023-11-04T18:44:17+00:00\",\"dateModified\":\"2023-11-04T18:44:20+00:00\",\"mainEntityOfPage\":{\"@id\":\"https:\/\/www.suno.com.br\/noticias\/acao-bilionario-contra-petrobras-petr4-jvj\/\"},\"wordCount\":458,\"publisher\":{\"@id\":\"https:\/\/www.suno.com.br\/noticias\/#organization\"},\"image\":{\"@id\":\"https:\/\/www.suno.com.br\/noticias\/acao-bilionario-contra-petrobras-petr4-jvj\/#primaryimage\"},\"thumbnailUrl\":\"https:\/\/files.sunoresearch.com.br\/n\/uploads\/2023\/05\/petrobras.jpg\",\"keywords\":[\"Petrobras (PETR4)\",\"Supremo Tribunal Federal (STF)\"],\"articleSection\":[\"Neg\u00f3cios\"],\"inLanguage\":\"pt-BR\"},{\"@type\":\"WebPage\",\"@id\":\"https:\/\/www.suno.com.br\/noticias\/acao-bilionario-contra-petrobras-petr4-jvj\/\",\"url\":\"https:\/\/www.suno.com.br\/noticias\/acao-bilionario-contra-petrobras-petr4-jvj\/\",\"name\":\"A\u00e7\u00e3o bilion\u00e1ria contra Petrobras (PETR4): STF retoma julgamento\",\"isPartOf\":{\"@id\":\"https:\/\/www.suno.com.br\/noticias\/#website\"},\"primaryImageOfPage\":{\"@id\":\"https:\/\/www.suno.com.br\/noticias\/acao-bilionario-contra-petrobras-petr4-jvj\/#primaryimage\"},\"image\":{\"@id\":\"https:\/\/www.suno.com.br\/noticias\/acao-bilionario-contra-petrobras-petr4-jvj\/#primaryimage\"},\"thumbnailUrl\":\"https:\/\/files.sunoresearch.com.br\/n\/uploads\/2023\/05\/petrobras.jpg\",\"datePublished\":\"2023-11-04T18:44:17+00:00\",\"dateModified\":\"2023-11-04T18:44:20+00:00\",\"description\":\"O Supremo Tribunal Federal (STF) retomou o julgamento de uma a\u00e7\u00e3o bilion\u00e1ria contra a Petrobras (PETR4). Entenda o caso.\",\"breadcrumb\":{\"@id\":\"https:\/\/www.suno.com.br\/noticias\/acao-bilionario-contra-petrobras-petr4-jvj\/#breadcrumb\"},\"inLanguage\":\"pt-BR\",\"potentialAction\":[{\"@type\":\"ReadAction\",\"target\":[\"https:\/\/www.suno.com.br\/noticias\/acao-bilionario-contra-petrobras-petr4-jvj\/\"]}]},{\"@type\":\"ImageObject\",\"inLanguage\":\"pt-BR\",\"@id\":\"https:\/\/www.suno.com.br\/noticias\/acao-bilionario-contra-petrobras-petr4-jvj\/#primaryimage\",\"url\":\"https:\/\/files.sunoresearch.com.br\/n\/uploads\/2023\/05\/petrobras.jpg\",\"contentUrl\":\"https:\/\/files.sunoresearch.com.br\/n\/uploads\/2023\/05\/petrobras.jpg\",\"width\":1254,\"height\":836,\"caption\":\"Petrobras (PETR4). Foto: iStock\"},{\"@type\":\"BreadcrumbList\",\"@id\":\"https:\/\/www.suno.com.br\/noticias\/acao-bilionario-contra-petrobras-petr4-jvj\/#breadcrumb\",\"itemListElement\":[{\"@type\":\"ListItem\",\"position\":1,\"name\":\"Not\u00edcias\",\"item\":\"https:\/\/www.suno.com.br\/noticias\/\"},{\"@type\":\"ListItem\",\"position\":2,\"name\":\"Neg\u00f3cios\",\"item\":\"https:\/\/www.suno.com.br\/noticias\/negocios\/\"},{\"@type\":\"ListItem\",\"position\":3,\"name\":\"A\u00e7\u00e3o bilion\u00e1ria contra a Petrobras (PETR4): STF retoma julgamento\"}]},{\"@type\":\"WebSite\",\"@id\":\"https:\/\/www.suno.com.br\/noticias\/#website\",\"url\":\"https:\/\/www.suno.com.br\/noticias\/\",\"name\":\"Suno Not\u00edcias\",\"description\":\"Seu portal de informa\u00e7\u00e3o sobre o mundo dos investimentos\",\"publisher\":{\"@id\":\"https:\/\/www.suno.com.br\/noticias\/#organization\"},\"potentialAction\":[{\"@type\":\"SearchAction\",\"target\":{\"@type\":\"EntryPoint\",\"urlTemplate\":\"https:\/\/www.suno.com.br\/noticias\/?s={search_term_string}\"},\"query-input\":{\"@type\":\"PropertyValueSpecification\",\"valueRequired\":true,\"valueName\":\"search_term_string\"}}],\"inLanguage\":\"pt-BR\"},{\"@type\":\"Organization\",\"@id\":\"https:\/\/www.suno.com.br\/noticias\/#organization\",\"name\":\"Suno Not\u00edcias\",\"url\":\"https:\/\/www.suno.com.br\/noticias\/\",\"logo\":{\"@type\":\"ImageObject\",\"inLanguage\":\"pt-BR\",\"@id\":\"https:\/\/www.suno.com.br\/noticias\/#\/schema\/logo\/image\/\",\"url\":\"https:\/\/files.sunoresearch.com.br\/n\/uploads\/2021\/09\/suno-logo.png\",\"contentUrl\":\"https:\/\/files.sunoresearch.com.br\/n\/uploads\/2021\/09\/suno-logo.png\",\"width\":180,\"height\":180,\"caption\":\"Suno Not\u00edcias\"},\"image\":{\"@id\":\"https:\/\/www.suno.com.br\/noticias\/#\/schema\/logo\/image\/\"},\"sameAs\":[\"https:\/\/facebook.com\/sunoresearch\",\"https:\/\/x.com\/sunoresearch\",\"https:\/\/www.instagram.com\/suno\",\"https:\/\/www.linkedin.com\/company\/suno-research\/\",\"https:\/\/www.youtube.com\/c\/sunoresearch\"]},{\"@type\":\"Person\",\"@id\":\"https:\/\/www.suno.com.br\/noticias\/#\/schema\/person\/87fc6973867c52dd884811905c43afba\",\"name\":\"Jo\u00e3o Vitor\",\"image\":{\"@type\":\"ImageObject\",\"inLanguage\":\"pt-BR\",\"@id\":\"https:\/\/www.suno.com.br\/noticias\/#\/schema\/person\/image\/\",\"url\":\"https:\/\/secure.gravatar.com\/avatar\/2843227ca03ccf8cc7ccca45204c127e?s=96&r=g\",\"contentUrl\":\"https:\/\/secure.gravatar.com\/avatar\/2843227ca03ccf8cc7ccca45204c127e?s=96&r=g\",\"caption\":\"Jo\u00e3o Vitor\"},\"description\":\"Redator profissional, com atua\u00e7\u00e3o no mercado editorial na produ\u00e7\u00e3o de not\u00edcias e conte\u00fados sobre o mercado de a\u00e7\u00f5es, fundos imobili\u00e1rios e economia popular. Graduando em Engenharia Qu\u00edmica pela Unesp, tamb\u00e9m j\u00e1 atuou como consultor financeiro.\",\"url\":\"https:\/\/www.suno.com.br\/noticias\/author\/joao-vitor-jacintho\/\"}]}<\/script>\n<!-- \/ Yoast SEO plugin. -->","yoast_head_json":{"title":"A\u00e7\u00e3o bilion\u00e1ria contra Petrobras (PETR4): STF retoma julgamento","description":"O Supremo Tribunal Federal (STF) retomou o julgamento de uma a\u00e7\u00e3o bilion\u00e1ria contra a Petrobras (PETR4). Entenda o caso.","robots":{"index":"index","follow":"follow","max-snippet":"max-snippet:-1","max-image-preview":"max-image-preview:large","max-video-preview":"max-video-preview:-1"},"canonical":"https:\/\/www.suno.com.br\/noticias\/acao-bilionario-contra-petrobras-petr4-jvj\/","og_locale":"pt_BR","og_type":"article","og_title":"A\u00e7\u00e3o bilion\u00e1ria contra Petrobras (PETR4): STF retoma julgamento","og_description":"O Supremo Tribunal Federal (STF) retomou o julgamento de uma a\u00e7\u00e3o bilion\u00e1ria contra a Petrobras (PETR4). Entenda o caso.","og_url":"https:\/\/www.suno.com.br\/noticias\/acao-bilionario-contra-petrobras-petr4-jvj\/","og_site_name":"Suno Not\u00edcias","article_publisher":"https:\/\/facebook.com\/sunoresearch","og_image":[{"width":1254,"height":836,"url":"https:\/\/files.sunoresearch.com.br\/n\/uploads\/2023\/05\/petrobras.jpg","type":"image\/jpeg"}],"author":"Jo\u00e3o Vitor","twitter_card":"summary_large_image","twitter_creator":"@sunoresearch","twitter_site":"@sunoresearch","twitter_misc":{"Escrito por":"Jo\u00e3o Vitor","Est. tempo de leitura":"3 minutos"},"schema":{"@context":"https:\/\/schema.org","@graph":[{"@type":"NewsArticle","@id":"https:\/\/www.suno.com.br\/noticias\/acao-bilionario-contra-petrobras-petr4-jvj\/#article","isPartOf":{"@id":"https:\/\/www.suno.com.br\/noticias\/acao-bilionario-contra-petrobras-petr4-jvj\/"},"author":{"name":"Jo\u00e3o Vitor","@id":"https:\/\/www.suno.com.br\/noticias\/#\/schema\/person\/87fc6973867c52dd884811905c43afba"},"headline":"A\u00e7\u00e3o bilion\u00e1ria contra a Petrobras (PETR4): STF retoma julgamento","datePublished":"2023-11-04T18:44:17+00:00","dateModified":"2023-11-04T18:44:20+00:00","mainEntityOfPage":{"@id":"https:\/\/www.suno.com.br\/noticias\/acao-bilionario-contra-petrobras-petr4-jvj\/"},"wordCount":458,"publisher":{"@id":"https:\/\/www.suno.com.br\/noticias\/#organization"},"image":{"@id":"https:\/\/www.suno.com.br\/noticias\/acao-bilionario-contra-petrobras-petr4-jvj\/#primaryimage"},"thumbnailUrl":"https:\/\/files.sunoresearch.com.br\/n\/uploads\/2023\/05\/petrobras.jpg","keywords":["Petrobras (PETR4)","Supremo Tribunal Federal (STF)"],"articleSection":["Neg\u00f3cios"],"inLanguage":"pt-BR"},{"@type":"WebPage","@id":"https:\/\/www.suno.com.br\/noticias\/acao-bilionario-contra-petrobras-petr4-jvj\/","url":"https:\/\/www.suno.com.br\/noticias\/acao-bilionario-contra-petrobras-petr4-jvj\/","name":"A\u00e7\u00e3o bilion\u00e1ria contra Petrobras (PETR4): STF retoma julgamento","isPartOf":{"@id":"https:\/\/www.suno.com.br\/noticias\/#website"},"primaryImageOfPage":{"@id":"https:\/\/www.suno.com.br\/noticias\/acao-bilionario-contra-petrobras-petr4-jvj\/#primaryimage"},"image":{"@id":"https:\/\/www.suno.com.br\/noticias\/acao-bilionario-contra-petrobras-petr4-jvj\/#primaryimage"},"thumbnailUrl":"https:\/\/files.sunoresearch.com.br\/n\/uploads\/2023\/05\/petrobras.jpg","datePublished":"2023-11-04T18:44:17+00:00","dateModified":"2023-11-04T18:44:20+00:00","description":"O Supremo Tribunal Federal (STF) retomou o julgamento de uma a\u00e7\u00e3o bilion\u00e1ria contra a Petrobras (PETR4). Entenda o caso.","breadcrumb":{"@id":"https:\/\/www.suno.com.br\/noticias\/acao-bilionario-contra-petrobras-petr4-jvj\/#breadcrumb"},"inLanguage":"pt-BR","potentialAction":[{"@type":"ReadAction","target":["https:\/\/www.suno.com.br\/noticias\/acao-bilionario-contra-petrobras-petr4-jvj\/"]}]},{"@type":"ImageObject","inLanguage":"pt-BR","@id":"https:\/\/www.suno.com.br\/noticias\/acao-bilionario-contra-petrobras-petr4-jvj\/#primaryimage","url":"https:\/\/files.sunoresearch.com.br\/n\/uploads\/2023\/05\/petrobras.jpg","contentUrl":"https:\/\/files.sunoresearch.com.br\/n\/uploads\/2023\/05\/petrobras.jpg","width":1254,"height":836,"caption":"Petrobras (PETR4). Foto: iStock"},{"@type":"BreadcrumbList","@id":"https:\/\/www.suno.com.br\/noticias\/acao-bilionario-contra-petrobras-petr4-jvj\/#breadcrumb","itemListElement":[{"@type":"ListItem","position":1,"name":"Not\u00edcias","item":"https:\/\/www.suno.com.br\/noticias\/"},{"@type":"ListItem","position":2,"name":"Neg\u00f3cios","item":"https:\/\/www.suno.com.br\/noticias\/negocios\/"},{"@type":"ListItem","position":3,"name":"A\u00e7\u00e3o bilion\u00e1ria contra a Petrobras (PETR4): STF retoma julgamento"}]},{"@type":"WebSite","@id":"https:\/\/www.suno.com.br\/noticias\/#website","url":"https:\/\/www.suno.com.br\/noticias\/","name":"Suno Not\u00edcias","description":"Seu portal de informa\u00e7\u00e3o sobre o mundo dos investimentos","publisher":{"@id":"https:\/\/www.suno.com.br\/noticias\/#organization"},"potentialAction":[{"@type":"SearchAction","target":{"@type":"EntryPoint","urlTemplate":"https:\/\/www.suno.com.br\/noticias\/?s={search_term_string}"},"query-input":{"@type":"PropertyValueSpecification","valueRequired":true,"valueName":"search_term_string"}}],"inLanguage":"pt-BR"},{"@type":"Organization","@id":"https:\/\/www.suno.com.br\/noticias\/#organization","name":"Suno Not\u00edcias","url":"https:\/\/www.suno.com.br\/noticias\/","logo":{"@type":"ImageObject","inLanguage":"pt-BR","@id":"https:\/\/www.suno.com.br\/noticias\/#\/schema\/logo\/image\/","url":"https:\/\/files.sunoresearch.com.br\/n\/uploads\/2021\/09\/suno-logo.png","contentUrl":"https:\/\/files.sunoresearch.com.br\/n\/uploads\/2021\/09\/suno-logo.png","width":180,"height":180,"caption":"Suno Not\u00edcias"},"image":{"@id":"https:\/\/www.suno.com.br\/noticias\/#\/schema\/logo\/image\/"},"sameAs":["https:\/\/facebook.com\/sunoresearch","https:\/\/x.com\/sunoresearch","https:\/\/www.instagram.com\/suno","https:\/\/www.linkedin.com\/company\/suno-research\/","https:\/\/www.youtube.com\/c\/sunoresearch"]},{"@type":"Person","@id":"https:\/\/www.suno.com.br\/noticias\/#\/schema\/person\/87fc6973867c52dd884811905c43afba","name":"Jo\u00e3o Vitor","image":{"@type":"ImageObject","inLanguage":"pt-BR","@id":"https:\/\/www.suno.com.br\/noticias\/#\/schema\/person\/image\/","url":"https:\/\/secure.gravatar.com\/avatar\/2843227ca03ccf8cc7ccca45204c127e?s=96&r=g","contentUrl":"https:\/\/secure.gravatar.com\/avatar\/2843227ca03ccf8cc7ccca45204c127e?s=96&r=g","caption":"Jo\u00e3o Vitor"},"description":"Redator profissional, com atua\u00e7\u00e3o no mercado editorial na produ\u00e7\u00e3o de not\u00edcias e conte\u00fados sobre o mercado de a\u00e7\u00f5es, fundos imobili\u00e1rios e economia popular. Graduando em Engenharia Qu\u00edmica pela Unesp, tamb\u00e9m j\u00e1 atuou como consultor financeiro.","url":"https:\/\/www.suno.com.br\/noticias\/author\/joao-vitor-jacintho\/"}]}},"default_loop_html":"<div class=\"cardsPage__listCard__boxs\"><div class=\"cardsPage__listCard__boxs__img\"><a href=\"https:\/\/www.suno.com.br\/noticias\/acao-bilionario-contra-petrobras-petr4-jvj\/\"><img class=\"mask\" src=\"https:\/\/www.suno.com.br\/noticias\/wp-content\/themes\/suno\/resources\/images\/spotlight\/spotlight1img\/bg-mask.png\" alt=\"Image Mask\"\/><img src=\"https:\/\/files.sunoresearch.com.br\/n\/uploads\/2023\/05\/petrobras-400x200.jpg\" alt=\"A\u00e7\u00e3o bilion\u00e1ria contra a Petrobras (PETR4): STF retoma julgamento\"\/><\/a><span class=\"spotlightCategory\"><a href=\"https:\/\/www.suno.com.br\/noticias\/negocios\/\">Neg\u00f3cios<\/a><\/span><\/div><div class=\"cardsPage__listCard__boxs__content\"><a href=\"https:\/\/www.suno.com.br\/noticias\/acao-bilionario-contra-petrobras-petr4-jvj\/\"><h2 class=\"content__title\">A\u00e7\u00e3o bilion\u00e1ria contra a Petrobras (PETR4): STF retoma julgamento<\/h2><\/a><div class=\"newsContent__article__meta\"><div class=\"newsContent__article__meta__authorBox\"><a href=\"https:\/\/www.suno.com.br\/noticias\/author\/joao-vitor-jacintho\/\" class=\"authorBox__avatar noMobi\"><img src=\"https:\/\/secure.gravatar.com\/avatar\/2843227ca03ccf8cc7ccca45204c127e?s=96&#038;r=g\" alt=\"Jo\u00e3o Vitor Jacintho\"><\/a><div class=\"authorBox__name\"><span>por\n\t\t\t<a href=\"https:\/\/www.suno.com.br\/noticias\/author\/joao-vitor-jacintho\/\"><span itemprop=\"author\">Jo\u00e3o Vitor Jacintho<\/span><\/a><\/span><time datetime=\"2023-11-04T15:44:17-03:00\" itemprop=\"datePublished\">04\/11\/2023 15:44<\/time><\/div><\/div><\/div><\/div><\/div>","single_layout":"posts","amp_enabled":true,"_links":{"self":[{"href":"https:\/\/www.suno.com.br\/noticias\/wp-json\/wp\/v2\/posts\/480936"}],"collection":[{"href":"https:\/\/www.suno.com.br\/noticias\/wp-json\/wp\/v2\/posts"}],"about":[{"href":"https:\/\/www.suno.com.br\/noticias\/wp-json\/wp\/v2\/types\/post"}],"author":[{"embeddable":true,"href":"https:\/\/www.suno.com.br\/noticias\/wp-json\/wp\/v2\/users\/173"}],"replies":[{"embeddable":true,"href":"https:\/\/www.suno.com.br\/noticias\/wp-json\/wp\/v2\/comments?post=480936"}],"version-history":[{"count":2,"href":"https:\/\/www.suno.com.br\/noticias\/wp-json\/wp\/v2\/posts\/480936\/revisions"}],"predecessor-version":[{"id":480938,"href":"https:\/\/www.suno.com.br\/noticias\/wp-json\/wp\/v2\/posts\/480936\/revisions\/480938"}],"wp:featuredmedia":[{"embeddable":true,"href":"https:\/\/www.suno.com.br\/noticias\/wp-json\/wp\/v2\/media\/403562"}],"wp:attachment":[{"href":"https:\/\/www.suno.com.br\/noticias\/wp-json\/wp\/v2\/media?parent=480936"}],"wp:term":[{"taxonomy":"category","embeddable":true,"href":"https:\/\/www.suno.com.br\/noticias\/wp-json\/wp\/v2\/categories?post=480936"},{"taxonomy":"post_tag","embeddable":true,"href":"https:\/\/www.suno.com.br\/noticias\/wp-json\/wp\/v2\/tags?post=480936"},{"taxonomy":"suno_strategy","embeddable":true,"href":"https:\/\/www.suno.com.br\/noticias\/wp-json\/wp\/v2\/suno_strategy?post=480936"}],"curies":[{"name":"wp","href":"https:\/\/api.w.org\/{rel}","templated":true}]}}