{"id":48066,"date":"2019-12-17T11:12:50","date_gmt":"2019-12-17T13:12:50","guid":{"rendered":"https:\/\/www.suno.com.br\/noticias\/?p=48066"},"modified":"2019-12-17T13:04:41","modified_gmt":"2019-12-17T15:04:41","slug":"moveis-e-nordeste-sao-proximos-focos-da-via-varejo","status":"publish","type":"post","link":"https:\/\/www.suno.com.br\/noticias\/moveis-e-nordeste-sao-proximos-focos-da-via-varejo\/","title":{"rendered":"M\u00f3veis e Nordeste s\u00e3o pr\u00f3ximos focos da Via Varejo"},"content":{"rendered":"<p>Em busca do t\u00e3o falado <a href=\"https:\/\/www.suno.com.br\/artigos\/turnaround\/\"><strong>turnardound<\/strong><\/a> que o mercado espera, a <a href=\"https:\/\/www.suno.com.br\/acoes\/vvar3\/\">Via Varejo (VVAR3)<\/a> ir\u00e1 buscar um foco maior em comercializar m\u00f3veis e em ampliar a presen\u00e7a no <strong>Norte<\/strong> e <strong>Nordeste<\/strong> do <strong>Brasil<\/strong>.<\/p>\t<div class=\"wrapper-featured-image\">\n\t\t<figure class=\"spotlightImg\">\n\n\t\t\t<picture>\n\t\t\t\t<source media=\"(max-width: 768px)\" srcset=\"https:\/\/files.sunoresearch.com.br\/n\/uploads\/2019\/07\/edc47614-viavarejo-620x353-400x200.webp\">\n\t\t\t\t<img loading=\"lazy\" decoding=\"async\" class=\"newsContent__article__imgCapa lazyloadDisabled newsContent__article__imgCapa--noCaption\" src=\"https:\/\/files.sunoresearch.com.br\/n\/uploads\/2019\/07\/edc47614-viavarejo-620x353-jpg.webp\" width=\"800\" height=\"450\" alt=\"M\u00f3veis e Nordeste s\u00e3o pr\u00f3ximos focos da Via Varejo\" fetchpriority=high \/>\n\t\t\t<\/picture>\n\n\t\t\t<figcaption class=\"wp-caption-text wp-caption-text--hide\">Via Varejo (VVAR3) ter\u00e1 vantagem na Black Friday por estoques e frete gr\u00e1tis, diz XP<\/figcaption>\n\t\t<\/figure>\n\t<\/div>\n\n\n\n<p>A <strong>Via Varejo<\/strong> realizou nesta ter\u00e7a-feira (17) seu Investor Day, data para apresentar o planejamento para o pr\u00f3ximo ano aos seus investidores.<\/p>\n<p>De acordo com <strong>Abel Ornelas<\/strong>, vice-presidente comercial e de opera\u00e7\u00f5es da Via Varejo, a empresa dever\u00e1 abrir entre 70 e 90 novas lojas em duas regi\u00f5es do Brasil.<\/p>\n<p>A estrat\u00e9gia tamb\u00e9m vai ao encontro da V<strong>ia Varejo<\/strong> se tornar cada vez mais <strong><a href=\"https:\/\/www.suno.com.br\/artigos\/omnichannel\/\">ominichannel<\/a><\/strong>. De acordo com o executivo, a cada loja f\u00edsica aberta, o tr\u00e1fego oriundo daquela regi\u00e3o cresce at\u00e9 40% no site da companhia.<\/p>\n<p>\u201cA expans\u00e3o ser\u00e1 tocada no Norte e Nordeste do pa\u00eds. [O estado de] Tocantins no Norte, principalmente. Hoje, nossas lojas do Nordeste j\u00e1 tem uma produtividade 10% superior as demais\u201d, afirmou ele.<\/p>\n<p>Para o executivo, as vendas na regi\u00e3o tamb\u00e9m devem aumentar a import\u00e2ncia do financeiro \u00e0 companhia.<\/p>\n<p>\u201cA regi\u00e3o \u00e9 uma alavanca de cr\u00e9dito. Ter\u00e1 maior penetra\u00e7\u00e3o grande de m\u00f3veis, que \u00e9 uma categoria que a empresa vai investir muito\u201d, disse.<\/p>\n<p><a href=\"\/\/www.suno.com.br\/noticias\/urgente-via-varejo-confirma-indicio-de-fraude-de-r-1-bilhao\/\">Confira Tamb\u00e9m: Via Varejo confirma ind\u00edcio de fraude de R$ 1 bilh\u00e3o<\/a><\/p>\n<p>Para a <strong>Via Varejo<\/strong>, os m\u00f3veis s\u00e3o um nicho de R$ 45 bilh\u00f5es por ano e que fidelizam o cliente. A empresa tem cerca de 8% do mercado, maior que a soma da segunda e terceira colocadas.<\/p>\n<p>\u201cLinha de m\u00f3veis tem 10 pontos de margem acima do restante. Al\u00e9m disso, tem uma penetra\u00e7\u00e3o forte no credi\u00e1rio e com baixa inadimpl\u00eancia, completou o vice-presidente. Grande parte da margem vem gra\u00e7as a Batira, a f\u00e1brica de m\u00f3veis da companhia.<\/p>\n<p>\u201cTem muita venda pra gente ganhar l\u00e1. A marca Casas Bahia faz m\u00eddia para o Brasil inteiro h\u00e1 mais de 20 anos, ent\u00e3o quando entramos em uma pra\u00e7a nova, a necessidade de fazer a marca conhecida \u00e9 zero\u201d, afirmou o <strong>CEO<\/strong> da<strong> Via Varejo,<\/strong>\u00a0Roberto Fulcherberguer.<\/p>\n<h2>Via Varejo apresenta preju\u00edzo de R$ 383 milh\u00f5es no 3T19<\/h2>\n<p>A Via Varejo reportou o preju\u00edzo de R$ 383 milh\u00f5es no terceiro trimestre de 2019. No mesmo per\u00edodo do ano passado, o <strong><a href=\"https:\/\/www.suno.com.br\/artigos\/prejuizos-acumulados\/\">preju\u00edzo<\/a><\/strong> havia sido de R$ 83 milh\u00f5es, mais de quatro vezes menor.<\/p>\n\t<p>\n\t\t<a href=\"https:\/\/lp.suno.com.br\/ao\/cadastro-whatsapp\/\" target=\"_blank\" data-element=\"shortcode-suno-banner\" title=\"Banner SUNO, clique e saiba mais\">\n\t\t\t<picture>\n\t\t\t\t<source media=\"(max-width: 500px)\" srcset=\"https:\/\/files.sunoresearch.com.br\/n\/uploads\/2024\/02\/400x300-Mobile-Artigos-7.png\">\n\t\t\t\t<img class=\"newsContent__article__imgCapa newsContent__article__imgCapa--banner\"\n\t\t\t\t\tsrc=\"https:\/\/files.sunoresearch.com.br\/n\/uploads\/2024\/01\/1420x240-Banner-Artigos-1-_-Banner-Materias-8.png\"\n\t\t\t\t\tdata-promo-id=\"517344\"\t\t\t\t\t\t\t\t\t\twidth='1420' height='240'\t\t\t\t\talt=\"https:\/\/files.sunoresearch.com.br\/n\/uploads\/2024\/01\/1420x240-Banner-Artigos-1-_-Banner-Materias-8.png\"\n\t\t\t\t>\n\t\t\t<\/picture>\n\t\t<\/a>\n\t<\/p>\n\n\n<p>Al\u00e9m disso, a <a href=\"https:\/\/www.suno.com.br\/artigos\/o-que-receita-liquida\/\">receita l\u00edquida<\/a> da <strong>Via Varejo<\/strong> caiu 10,7%, chegando a R$ 5,68 bilh\u00f5es, frente a R$ 6,36 bilh\u00f5es apresentados na compara\u00e7\u00e3o anualizada. No acumulado do ano, a receita atingiu R$ 18,04 bilh\u00f5es.<\/p>\n<p>O <a href=\"https:\/\/www.suno.com.br\/artigos\/o-que-e-ebitda\/\"><strong>Ebitda<\/strong><\/a><strong> (lucro antes de juros, impostos, deprecia\u00e7\u00e3o e amortiza\u00e7\u00e3o)<\/strong>, que no terceiro trimestre do ano passado foi de R$ 322 milh\u00f5es, no per\u00edodo de julho a setembro deste ano foi de R$ 176 milh\u00f5es negativos.<\/p>\n<div>\n<p>A companhia destacou um <a href=\"https:\/\/www.suno.com.br\/artigos\/lucro-bruto\/\">lucro bruto operacional<\/a> de R$ 1,7 bilh\u00e3o no trimestre, com margem bruta de 30,7%, cerca de 0,5% acima do 3T18 e 2,7% maior que o trimestre anterior.<\/p>\n<p>Al\u00e9m disso, a <strong>Via Varejo<\/strong> salientou a redu\u00e7\u00e3o de R$ 1,1 bilh\u00e3o em estoques em compara\u00e7\u00e3o com o mesmo per\u00edodo de 2018 e R$ 500 milh\u00f5es com o segundo trimestre de 2019. A empresa encerrou setembro com caixa, incluindo receb\u00edveis de cart\u00e3o de cr\u00e9dito n\u00e3o descontados, de R$ 2,8 bilh\u00f5es.<\/p>\n\n<\/div>\n","protected":false},"excerpt":{"rendered":"<p>Em busca do t\u00e3o falado turnardound que o mercado espera, a Via Varejo (VVAR3) ir\u00e1 buscar um foco maior em comercializar m\u00f3veis e em ampliar a presen\u00e7a no Norte e Nordeste do Brasil. Via Varejo (VVAR3) ter\u00e1 vantagem na Black Friday por estoques e frete gr\u00e1tis, diz XP A Via Varejo realizou nesta ter\u00e7a-feira (17) [&hellip;]<\/p>\n","protected":false},"author":27,"featured_media":31006,"comment_status":"closed","ping_status":"closed","sticky":false,"template":"","format":"standard","meta":[],"categories":[64],"tags":[106935],"suno_strategy":[],"class_list":["post-48066","post","type-post","status-publish","format-standard","has-post-thumbnail","hentry","category-negocios","tag-via-viia3"],"yoast_head":"<!-- This site is optimized with the Yoast SEO plugin v24.4 - https:\/\/yoast.com\/wordpress\/plugins\/seo\/ -->\n<title>M\u00f3veis e Nordeste s\u00e3o pr\u00f3ximos focos da Via Varejo<\/title>\n<meta name=\"description\" content=\"A Via Varejo ir\u00e1 buscar um foco maior em comercializar m\u00f3veis e em ampliar a presen\u00e7a no Norte e Nordeste do Brasil. Clique aqui e saiba mais\" \/>\n<meta name=\"robots\" content=\"index, follow, max-snippet:-1, max-image-preview:large, max-video-preview:-1\" \/>\n<link rel=\"canonical\" href=\"https:\/\/www.suno.com.br\/noticias\/moveis-e-nordeste-sao-proximos-focos-da-via-varejo\/\" \/>\n<meta property=\"og:locale\" content=\"pt_BR\" \/>\n<meta property=\"og:type\" content=\"article\" \/>\n<meta property=\"og:title\" content=\"M\u00f3veis e Nordeste s\u00e3o pr\u00f3ximos focos da Via Varejo\" \/>\n<meta property=\"og:description\" content=\"A Via Varejo ir\u00e1 buscar um foco maior em comercializar m\u00f3veis e em ampliar a presen\u00e7a no Norte e Nordeste do Brasil. Clique aqui e saiba mais\" \/>\n<meta property=\"og:url\" content=\"https:\/\/www.suno.com.br\/noticias\/moveis-e-nordeste-sao-proximos-focos-da-via-varejo\/\" \/>\n<meta property=\"og:site_name\" content=\"Suno Not\u00edcias\" \/>\n<meta property=\"article:publisher\" content=\"https:\/\/facebook.com\/sunoresearch\" \/>\n<meta property=\"og:image\" content=\"https:\/\/files.sunoresearch.com.br\/n\/uploads\/2019\/07\/edc47614-viavarejo-620x353.jpg\" \/>\n\t<meta property=\"og:image:width\" content=\"620\" \/>\n\t<meta property=\"og:image:height\" content=\"353\" \/>\n\t<meta property=\"og:image:type\" content=\"image\/jpeg\" \/>\n<meta name=\"author\" content=\"Vinicius Pereira\" \/>\n<meta name=\"twitter:card\" content=\"summary_large_image\" \/>\n<meta name=\"twitter:creator\" content=\"@https:\/\/twitter.com\/viniciuspjornal\" \/>\n<meta name=\"twitter:site\" content=\"@sunoresearch\" \/>\n<meta name=\"twitter:label1\" content=\"Escrito por\" \/>\n\t<meta name=\"twitter:data1\" content=\"Vinicius Pereira\" \/>\n\t<meta name=\"twitter:label2\" content=\"Est. tempo de leitura\" \/>\n\t<meta name=\"twitter:data2\" content=\"3 minutos\" \/>\n<script type=\"application\/ld+json\" class=\"yoast-schema-graph\">{\"@context\":\"https:\/\/schema.org\",\"@graph\":[{\"@type\":\"NewsArticle\",\"@id\":\"https:\/\/www.suno.com.br\/noticias\/moveis-e-nordeste-sao-proximos-focos-da-via-varejo\/#article\",\"isPartOf\":{\"@id\":\"https:\/\/www.suno.com.br\/noticias\/moveis-e-nordeste-sao-proximos-focos-da-via-varejo\/\"},\"author\":{\"name\":\"Vinicius Pereira\",\"@id\":\"https:\/\/www.suno.com.br\/noticias\/#\/schema\/person\/a20761b96e4df7eb57f1f9e41be1dbf3\"},\"headline\":\"M\u00f3veis e Nordeste s\u00e3o pr\u00f3ximos focos da Via Varejo\",\"datePublished\":\"2019-12-17T13:12:50+00:00\",\"dateModified\":\"2019-12-17T15:04:41+00:00\",\"mainEntityOfPage\":{\"@id\":\"https:\/\/www.suno.com.br\/noticias\/moveis-e-nordeste-sao-proximos-focos-da-via-varejo\/\"},\"wordCount\":580,\"publisher\":{\"@id\":\"https:\/\/www.suno.com.br\/noticias\/#organization\"},\"image\":{\"@id\":\"https:\/\/www.suno.com.br\/noticias\/moveis-e-nordeste-sao-proximos-focos-da-via-varejo\/#primaryimage\"},\"thumbnailUrl\":\"https:\/\/files.sunoresearch.com.br\/n\/uploads\/2019\/07\/edc47614-viavarejo-620x353-jpg.webp\",\"keywords\":[\"Via (VIIA3)\"],\"articleSection\":[\"Neg\u00f3cios\"],\"inLanguage\":\"pt-BR\"},{\"@type\":\"WebPage\",\"@id\":\"https:\/\/www.suno.com.br\/noticias\/moveis-e-nordeste-sao-proximos-focos-da-via-varejo\/\",\"url\":\"https:\/\/www.suno.com.br\/noticias\/moveis-e-nordeste-sao-proximos-focos-da-via-varejo\/\",\"name\":\"M\u00f3veis e Nordeste s\u00e3o pr\u00f3ximos focos da Via Varejo\",\"isPartOf\":{\"@id\":\"https:\/\/www.suno.com.br\/noticias\/#website\"},\"primaryImageOfPage\":{\"@id\":\"https:\/\/www.suno.com.br\/noticias\/moveis-e-nordeste-sao-proximos-focos-da-via-varejo\/#primaryimage\"},\"image\":{\"@id\":\"https:\/\/www.suno.com.br\/noticias\/moveis-e-nordeste-sao-proximos-focos-da-via-varejo\/#primaryimage\"},\"thumbnailUrl\":\"https:\/\/files.sunoresearch.com.br\/n\/uploads\/2019\/07\/edc47614-viavarejo-620x353-jpg.webp\",\"datePublished\":\"2019-12-17T13:12:50+00:00\",\"dateModified\":\"2019-12-17T15:04:41+00:00\",\"description\":\"A Via Varejo ir\u00e1 buscar um foco maior em comercializar m\u00f3veis e em ampliar a presen\u00e7a no Norte e Nordeste do Brasil. Clique aqui e saiba mais\",\"breadcrumb\":{\"@id\":\"https:\/\/www.suno.com.br\/noticias\/moveis-e-nordeste-sao-proximos-focos-da-via-varejo\/#breadcrumb\"},\"inLanguage\":\"pt-BR\",\"potentialAction\":[{\"@type\":\"ReadAction\",\"target\":[\"https:\/\/www.suno.com.br\/noticias\/moveis-e-nordeste-sao-proximos-focos-da-via-varejo\/\"]}]},{\"@type\":\"ImageObject\",\"inLanguage\":\"pt-BR\",\"@id\":\"https:\/\/www.suno.com.br\/noticias\/moveis-e-nordeste-sao-proximos-focos-da-via-varejo\/#primaryimage\",\"url\":\"https:\/\/files.sunoresearch.com.br\/n\/uploads\/2019\/07\/edc47614-viavarejo-620x353-jpg.webp\",\"contentUrl\":\"https:\/\/files.sunoresearch.com.br\/n\/uploads\/2019\/07\/edc47614-viavarejo-620x353-jpg.webp\",\"width\":620,\"height\":353,\"caption\":\"Via Varejo (VVAR3) ter\u00e1 vantagem na Black Friday por estoques e frete gr\u00e1tis, diz XP\"},{\"@type\":\"BreadcrumbList\",\"@id\":\"https:\/\/www.suno.com.br\/noticias\/moveis-e-nordeste-sao-proximos-focos-da-via-varejo\/#breadcrumb\",\"itemListElement\":[{\"@type\":\"ListItem\",\"position\":1,\"name\":\"Not\u00edcias\",\"item\":\"https:\/\/www.suno.com.br\/noticias\/\"},{\"@type\":\"ListItem\",\"position\":2,\"name\":\"Neg\u00f3cios\",\"item\":\"https:\/\/www.suno.com.br\/noticias\/negocios\/\"},{\"@type\":\"ListItem\",\"position\":3,\"name\":\"M\u00f3veis e Nordeste s\u00e3o pr\u00f3ximos focos da Via Varejo\"}]},{\"@type\":\"WebSite\",\"@id\":\"https:\/\/www.suno.com.br\/noticias\/#website\",\"url\":\"https:\/\/www.suno.com.br\/noticias\/\",\"name\":\"Suno Not\u00edcias\",\"description\":\"Seu portal de informa\u00e7\u00e3o sobre o mundo dos investimentos\",\"publisher\":{\"@id\":\"https:\/\/www.suno.com.br\/noticias\/#organization\"},\"potentialAction\":[{\"@type\":\"SearchAction\",\"target\":{\"@type\":\"EntryPoint\",\"urlTemplate\":\"https:\/\/www.suno.com.br\/noticias\/?s={search_term_string}\"},\"query-input\":{\"@type\":\"PropertyValueSpecification\",\"valueRequired\":true,\"valueName\":\"search_term_string\"}}],\"inLanguage\":\"pt-BR\"},{\"@type\":\"Organization\",\"@id\":\"https:\/\/www.suno.com.br\/noticias\/#organization\",\"name\":\"Suno Not\u00edcias\",\"url\":\"https:\/\/www.suno.com.br\/noticias\/\",\"logo\":{\"@type\":\"ImageObject\",\"inLanguage\":\"pt-BR\",\"@id\":\"https:\/\/www.suno.com.br\/noticias\/#\/schema\/logo\/image\/\",\"url\":\"https:\/\/files.sunoresearch.com.br\/n\/uploads\/2021\/09\/suno-logo.png\",\"contentUrl\":\"https:\/\/files.sunoresearch.com.br\/n\/uploads\/2021\/09\/suno-logo.png\",\"width\":180,\"height\":180,\"caption\":\"Suno Not\u00edcias\"},\"image\":{\"@id\":\"https:\/\/www.suno.com.br\/noticias\/#\/schema\/logo\/image\/\"},\"sameAs\":[\"https:\/\/facebook.com\/sunoresearch\",\"https:\/\/x.com\/sunoresearch\",\"https:\/\/www.instagram.com\/suno\",\"https:\/\/www.linkedin.com\/company\/suno-research\/\",\"https:\/\/www.youtube.com\/c\/sunoresearch\"]},{\"@type\":\"Person\",\"@id\":\"https:\/\/www.suno.com.br\/noticias\/#\/schema\/person\/a20761b96e4df7eb57f1f9e41be1dbf3\",\"name\":\"Vinicius Pereira\",\"image\":{\"@type\":\"ImageObject\",\"inLanguage\":\"pt-BR\",\"@id\":\"https:\/\/www.suno.com.br\/noticias\/#\/schema\/person\/image\/\",\"url\":\"https:\/\/secure.gravatar.com\/avatar\/783866b933198f5cc4c5d03fcc8b1301?s=96&r=g\",\"contentUrl\":\"https:\/\/secure.gravatar.com\/avatar\/783866b933198f5cc4c5d03fcc8b1301?s=96&r=g\",\"caption\":\"Vinicius Pereira\"},\"description\":\"Vinicius Pereira foi rep\u00f3rter de economia da Folha de S.Paulo, stringer do jornal no Canad\u00e1 e colaborador de VEJA. J\u00e1 escreveu tamb\u00e9m para BBC Brasil, The Intercept Brasil e UOL. Tem MBA em Informa\u00e7\u00f5es Econ\u00f4mico-Financeiras e Mercado de Capitais pela FIA\/B3.\",\"sameAs\":[\"https:\/\/x.com\/https:\/\/twitter.com\/viniciuspjornal\"],\"url\":\"https:\/\/www.suno.com.br\/noticias\/author\/vinicius-pereira\/\"}]}<\/script>\n<!-- \/ Yoast SEO plugin. -->","yoast_head_json":{"title":"M\u00f3veis e Nordeste s\u00e3o pr\u00f3ximos focos da Via Varejo","description":"A Via Varejo ir\u00e1 buscar um foco maior em comercializar m\u00f3veis e em ampliar a presen\u00e7a no Norte e Nordeste do Brasil. Clique aqui e saiba mais","robots":{"index":"index","follow":"follow","max-snippet":"max-snippet:-1","max-image-preview":"max-image-preview:large","max-video-preview":"max-video-preview:-1"},"canonical":"https:\/\/www.suno.com.br\/noticias\/moveis-e-nordeste-sao-proximos-focos-da-via-varejo\/","og_locale":"pt_BR","og_type":"article","og_title":"M\u00f3veis e Nordeste s\u00e3o pr\u00f3ximos focos da Via Varejo","og_description":"A Via Varejo ir\u00e1 buscar um foco maior em comercializar m\u00f3veis e em ampliar a presen\u00e7a no Norte e Nordeste do Brasil. Clique aqui e saiba mais","og_url":"https:\/\/www.suno.com.br\/noticias\/moveis-e-nordeste-sao-proximos-focos-da-via-varejo\/","og_site_name":"Suno Not\u00edcias","article_publisher":"https:\/\/facebook.com\/sunoresearch","og_image":[{"width":620,"height":353,"url":"https:\/\/files.sunoresearch.com.br\/n\/uploads\/2019\/07\/edc47614-viavarejo-620x353.jpg","type":"image\/jpeg"}],"author":"Vinicius Pereira","twitter_card":"summary_large_image","twitter_creator":"@https:\/\/twitter.com\/viniciuspjornal","twitter_site":"@sunoresearch","twitter_misc":{"Escrito por":"Vinicius Pereira","Est. tempo de leitura":"3 minutos"},"schema":{"@context":"https:\/\/schema.org","@graph":[{"@type":"NewsArticle","@id":"https:\/\/www.suno.com.br\/noticias\/moveis-e-nordeste-sao-proximos-focos-da-via-varejo\/#article","isPartOf":{"@id":"https:\/\/www.suno.com.br\/noticias\/moveis-e-nordeste-sao-proximos-focos-da-via-varejo\/"},"author":{"name":"Vinicius Pereira","@id":"https:\/\/www.suno.com.br\/noticias\/#\/schema\/person\/a20761b96e4df7eb57f1f9e41be1dbf3"},"headline":"M\u00f3veis e Nordeste s\u00e3o pr\u00f3ximos focos da Via Varejo","datePublished":"2019-12-17T13:12:50+00:00","dateModified":"2019-12-17T15:04:41+00:00","mainEntityOfPage":{"@id":"https:\/\/www.suno.com.br\/noticias\/moveis-e-nordeste-sao-proximos-focos-da-via-varejo\/"},"wordCount":580,"publisher":{"@id":"https:\/\/www.suno.com.br\/noticias\/#organization"},"image":{"@id":"https:\/\/www.suno.com.br\/noticias\/moveis-e-nordeste-sao-proximos-focos-da-via-varejo\/#primaryimage"},"thumbnailUrl":"https:\/\/files.sunoresearch.com.br\/n\/uploads\/2019\/07\/edc47614-viavarejo-620x353-jpg.webp","keywords":["Via (VIIA3)"],"articleSection":["Neg\u00f3cios"],"inLanguage":"pt-BR"},{"@type":"WebPage","@id":"https:\/\/www.suno.com.br\/noticias\/moveis-e-nordeste-sao-proximos-focos-da-via-varejo\/","url":"https:\/\/www.suno.com.br\/noticias\/moveis-e-nordeste-sao-proximos-focos-da-via-varejo\/","name":"M\u00f3veis e Nordeste s\u00e3o pr\u00f3ximos focos da Via Varejo","isPartOf":{"@id":"https:\/\/www.suno.com.br\/noticias\/#website"},"primaryImageOfPage":{"@id":"https:\/\/www.suno.com.br\/noticias\/moveis-e-nordeste-sao-proximos-focos-da-via-varejo\/#primaryimage"},"image":{"@id":"https:\/\/www.suno.com.br\/noticias\/moveis-e-nordeste-sao-proximos-focos-da-via-varejo\/#primaryimage"},"thumbnailUrl":"https:\/\/files.sunoresearch.com.br\/n\/uploads\/2019\/07\/edc47614-viavarejo-620x353-jpg.webp","datePublished":"2019-12-17T13:12:50+00:00","dateModified":"2019-12-17T15:04:41+00:00","description":"A Via Varejo ir\u00e1 buscar um foco maior em comercializar m\u00f3veis e em ampliar a presen\u00e7a no Norte e Nordeste do Brasil. Clique aqui e saiba mais","breadcrumb":{"@id":"https:\/\/www.suno.com.br\/noticias\/moveis-e-nordeste-sao-proximos-focos-da-via-varejo\/#breadcrumb"},"inLanguage":"pt-BR","potentialAction":[{"@type":"ReadAction","target":["https:\/\/www.suno.com.br\/noticias\/moveis-e-nordeste-sao-proximos-focos-da-via-varejo\/"]}]},{"@type":"ImageObject","inLanguage":"pt-BR","@id":"https:\/\/www.suno.com.br\/noticias\/moveis-e-nordeste-sao-proximos-focos-da-via-varejo\/#primaryimage","url":"https:\/\/files.sunoresearch.com.br\/n\/uploads\/2019\/07\/edc47614-viavarejo-620x353-jpg.webp","contentUrl":"https:\/\/files.sunoresearch.com.br\/n\/uploads\/2019\/07\/edc47614-viavarejo-620x353-jpg.webp","width":620,"height":353,"caption":"Via Varejo (VVAR3) ter\u00e1 vantagem na Black Friday por estoques e frete gr\u00e1tis, diz XP"},{"@type":"BreadcrumbList","@id":"https:\/\/www.suno.com.br\/noticias\/moveis-e-nordeste-sao-proximos-focos-da-via-varejo\/#breadcrumb","itemListElement":[{"@type":"ListItem","position":1,"name":"Not\u00edcias","item":"https:\/\/www.suno.com.br\/noticias\/"},{"@type":"ListItem","position":2,"name":"Neg\u00f3cios","item":"https:\/\/www.suno.com.br\/noticias\/negocios\/"},{"@type":"ListItem","position":3,"name":"M\u00f3veis e Nordeste s\u00e3o pr\u00f3ximos focos da Via Varejo"}]},{"@type":"WebSite","@id":"https:\/\/www.suno.com.br\/noticias\/#website","url":"https:\/\/www.suno.com.br\/noticias\/","name":"Suno Not\u00edcias","description":"Seu portal de informa\u00e7\u00e3o sobre o mundo dos investimentos","publisher":{"@id":"https:\/\/www.suno.com.br\/noticias\/#organization"},"potentialAction":[{"@type":"SearchAction","target":{"@type":"EntryPoint","urlTemplate":"https:\/\/www.suno.com.br\/noticias\/?s={search_term_string}"},"query-input":{"@type":"PropertyValueSpecification","valueRequired":true,"valueName":"search_term_string"}}],"inLanguage":"pt-BR"},{"@type":"Organization","@id":"https:\/\/www.suno.com.br\/noticias\/#organization","name":"Suno Not\u00edcias","url":"https:\/\/www.suno.com.br\/noticias\/","logo":{"@type":"ImageObject","inLanguage":"pt-BR","@id":"https:\/\/www.suno.com.br\/noticias\/#\/schema\/logo\/image\/","url":"https:\/\/files.sunoresearch.com.br\/n\/uploads\/2021\/09\/suno-logo.png","contentUrl":"https:\/\/files.sunoresearch.com.br\/n\/uploads\/2021\/09\/suno-logo.png","width":180,"height":180,"caption":"Suno Not\u00edcias"},"image":{"@id":"https:\/\/www.suno.com.br\/noticias\/#\/schema\/logo\/image\/"},"sameAs":["https:\/\/facebook.com\/sunoresearch","https:\/\/x.com\/sunoresearch","https:\/\/www.instagram.com\/suno","https:\/\/www.linkedin.com\/company\/suno-research\/","https:\/\/www.youtube.com\/c\/sunoresearch"]},{"@type":"Person","@id":"https:\/\/www.suno.com.br\/noticias\/#\/schema\/person\/a20761b96e4df7eb57f1f9e41be1dbf3","name":"Vinicius Pereira","image":{"@type":"ImageObject","inLanguage":"pt-BR","@id":"https:\/\/www.suno.com.br\/noticias\/#\/schema\/person\/image\/","url":"https:\/\/secure.gravatar.com\/avatar\/783866b933198f5cc4c5d03fcc8b1301?s=96&r=g","contentUrl":"https:\/\/secure.gravatar.com\/avatar\/783866b933198f5cc4c5d03fcc8b1301?s=96&r=g","caption":"Vinicius Pereira"},"description":"Vinicius Pereira foi rep\u00f3rter de economia da Folha de S.Paulo, stringer do jornal no Canad\u00e1 e colaborador de VEJA. J\u00e1 escreveu tamb\u00e9m para BBC Brasil, The Intercept Brasil e UOL. Tem MBA em Informa\u00e7\u00f5es Econ\u00f4mico-Financeiras e Mercado de Capitais pela FIA\/B3.","sameAs":["https:\/\/x.com\/https:\/\/twitter.com\/viniciuspjornal"],"url":"https:\/\/www.suno.com.br\/noticias\/author\/vinicius-pereira\/"}]}},"default_loop_html":"<div class=\"cardsPage__listCard__boxs\"><div class=\"cardsPage__listCard__boxs__img\"><a href=\"https:\/\/www.suno.com.br\/noticias\/moveis-e-nordeste-sao-proximos-focos-da-via-varejo\/\"><img class=\"mask\" src=\"https:\/\/www.suno.com.br\/noticias\/wp-content\/themes\/suno\/resources\/images\/spotlight\/spotlight1img\/bg-mask.png\" alt=\"Image Mask\"\/><img src=\"https:\/\/files.sunoresearch.com.br\/n\/uploads\/2019\/07\/edc47614-viavarejo-620x353-400x200.webp\" alt=\"M\u00f3veis e Nordeste s\u00e3o pr\u00f3ximos focos da Via Varejo\"\/><\/a><span class=\"spotlightCategory\"><a href=\"https:\/\/www.suno.com.br\/noticias\/negocios\/\">Neg\u00f3cios<\/a><\/span><\/div><div class=\"cardsPage__listCard__boxs__content\"><a href=\"https:\/\/www.suno.com.br\/noticias\/moveis-e-nordeste-sao-proximos-focos-da-via-varejo\/\"><h2 class=\"content__title\">M\u00f3veis e Nordeste s\u00e3o pr\u00f3ximos focos da Via Varejo<\/h2><\/a><div class=\"newsContent__article__meta\"><div class=\"newsContent__article__meta__authorBox\"><a href=\"https:\/\/www.suno.com.br\/noticias\/author\/vinicius-pereira\/\" class=\"authorBox__avatar noMobi\"><img src=\"https:\/\/files.sunoresearch.com.br\/n\/uploads\/2020\/08\/77510613-whatsapp-image-2020-08-03-at-13.40.40-150x150.webp\" alt=\"Vinicius Pereira\"><\/a><div class=\"authorBox__name\"><span>por\n\t\t\t<a href=\"https:\/\/www.suno.com.br\/noticias\/author\/vinicius-pereira\/\"><span itemprop=\"author\">Vinicius Pereira<\/span><\/a><\/span><time datetime=\"2019-12-17T11:12:50-03:00\" itemprop=\"datePublished\">17\/12\/2019 11:12<\/time><\/div><\/div><\/div><\/div><\/div>","single_layout":"posts","amp_enabled":true,"_links":{"self":[{"href":"https:\/\/www.suno.com.br\/noticias\/wp-json\/wp\/v2\/posts\/48066"}],"collection":[{"href":"https:\/\/www.suno.com.br\/noticias\/wp-json\/wp\/v2\/posts"}],"about":[{"href":"https:\/\/www.suno.com.br\/noticias\/wp-json\/wp\/v2\/types\/post"}],"author":[{"embeddable":true,"href":"https:\/\/www.suno.com.br\/noticias\/wp-json\/wp\/v2\/users\/27"}],"replies":[{"embeddable":true,"href":"https:\/\/www.suno.com.br\/noticias\/wp-json\/wp\/v2\/comments?post=48066"}],"version-history":[{"count":0,"href":"https:\/\/www.suno.com.br\/noticias\/wp-json\/wp\/v2\/posts\/48066\/revisions"}],"wp:featuredmedia":[{"embeddable":true,"href":"https:\/\/www.suno.com.br\/noticias\/wp-json\/wp\/v2\/media\/31006"}],"wp:attachment":[{"href":"https:\/\/www.suno.com.br\/noticias\/wp-json\/wp\/v2\/media?parent=48066"}],"wp:term":[{"taxonomy":"category","embeddable":true,"href":"https:\/\/www.suno.com.br\/noticias\/wp-json\/wp\/v2\/categories?post=48066"},{"taxonomy":"post_tag","embeddable":true,"href":"https:\/\/www.suno.com.br\/noticias\/wp-json\/wp\/v2\/tags?post=48066"},{"taxonomy":"suno_strategy","embeddable":true,"href":"https:\/\/www.suno.com.br\/noticias\/wp-json\/wp\/v2\/suno_strategy?post=48066"}],"curies":[{"name":"wp","href":"https:\/\/api.w.org\/{rel}","templated":true}]}}