{"id":480445,"date":"2023-11-03T09:13:36","date_gmt":"2023-11-03T12:13:36","guid":{"rendered":"https:\/\/www.suno.com.br\/noticias\/?p=480445"},"modified":"2023-11-08T10:09:21","modified_gmt":"2023-11-08T13:09:21","slug":"shopee-terceiro-centro-distribuicao-sao-paulo-inaugurado-cpf","status":"publish","type":"post","link":"https:\/\/www.suno.com.br\/noticias\/shopee-terceiro-centro-distribuicao-sao-paulo-inaugurado-cpf\/","title":{"rendered":"Shopee: 4\u00ba Centro de distribui\u00e7\u00e3o em S\u00e3o Paulo \u00e9 inaugurado"},"content":{"rendered":"<p>A e-commerce asi\u00e1tica <strong>Shopee <\/strong>inaugurou o seu quarto centro de distribui\u00e7\u00e3o de produtos em Guarulhos, S\u00e3o Paulo, nesta quarta-feira (1). A nova plataforma da marca \u00e9 a segunda maior entre as nove que a empresa possui em territ\u00f3rio brasileiro. <\/p>\t<div class=\"wrapper-featured-image\">\n\t\t<figure class=\"spotlightImg\">\n\n\t\t\t<picture>\n\t\t\t\t<source media=\"(max-width: 768px)\" srcset=\"https:\/\/files.sunoresearch.com.br\/n\/uploads\/2023\/05\/compras-shopping-lojas-varejo-400x200.jpg\">\n\t\t\t\t<img loading=\"lazy\" decoding=\"async\" class=\"newsContent__article__imgCapa lazyloadDisabled \" src=\"https:\/\/files.sunoresearch.com.br\/n\/uploads\/2023\/05\/compras-shopping-lojas-varejo-800x450.jpg\" width=\"800\" height=\"450\" alt=\"Shopee: 4\u00ba Centro de distribui\u00e7\u00e3o em S\u00e3o Paulo \u00e9 inaugurado\" fetchpriority=high \/>\n\t\t\t<\/picture>\n\n\t\t\t<figcaption class=\"wp-caption-text wp-caption-text--show\">Shopee - Foto: iStock<\/figcaption>\n\t\t<\/figure>\n\t<\/div>\n\n\n\n\n\n\t<p>\n\t\t<a href=\"https:\/\/lp.suno.com.br\/planilha-da-vida-financeira\/\" target=\"_blank\" data-element=\"shortcode-suno-banner\" title=\"Banner SUNO, clique e saiba mais\">\n\t\t\t<picture>\n\t\t\t\t<source media=\"(max-width: 500px)\" srcset=\"https:\/\/files.sunoresearch.com.br\/n\/uploads\/2023\/04\/400x300-Planilha-vida-financeira-true.png\">\n\t\t\t\t<img class=\"newsContent__article__imgCapa newsContent__article__imgCapa--banner\"\n\t\t\t\t\tsrc=\"https:\/\/files.sunoresearch.com.br\/n\/uploads\/2023\/04\/1420x240-Planilha-vida-financeira-true.png\"\n\t\t\t\t\tdata-promo-id=\"106682\"\t\t\t\t\t\t\t\t\t\twidth='1420' height='240'\t\t\t\t\talt=\"https:\/\/files.sunoresearch.com.br\/n\/uploads\/2023\/04\/1420x240-Planilha-vida-financeira-true.png\"\n\t\t\t\t>\n\t\t\t<\/picture>\n\t\t<\/a>\n\t<\/p>\n\n\n\n\n\n<p>Sem divulgar seus n\u00fameros de vendas e o tamanho do centro de distribui\u00e7\u00e3o, este \u00e9 o <strong>terceiro empreendimento da Shopee <\/strong>neste ano. Dentro da regi\u00e3o metropolitana de S\u00e3o Paulo, o espa\u00e7o \u00e9 o segundo maior, atr\u00e1s apenas da unidade em Santana de Parna\u00edba. <\/p>\n\n\n\n<p>A expans\u00e3o das <strong>companhias de com\u00e9rcio eletr\u00f4nico <\/strong>pelo Brasil, e especialmente no estado de S\u00e3o Paulo est\u00e1 sendo not\u00e1vel. <\/p>\n\n\n\n<p>Desde 2020, o <strong>marketplace da Shopee<\/strong> no Brasil engrenou. Do grupo <a href=\"https:\/\/www.suno.com.br\/noticias\/bolsas-asiaticas-europeias-ibovespa-mercado-gpj-2\/\" target=\"_blank\" rel=\"noreferrer noopener\">asi\u00e1tico <\/a>Sea, de Cingapura, o primeiro passo da companhia fora do continente foi no Brasil onde S\u00e3o Paulo concentra o maior mercado consumidor da marca. <\/p>\n\n\n\n<p>Segundo a Shopee, s\u00e3o mais de tr\u00eas milh\u00f5es de vendedores brasileiros na plataforma, que s\u00e3o respons\u00e1veis por patamar superior a 90% das vendas da empresa no Brasil.<\/p>\n\n\n\n<p>\u201cA abertura do novo espa\u00e7o tem como o objetivo melhorar cada vez mais a experi\u00eancia dos consumidores e dos vendedores brasileiros, por meio da otimiza\u00e7\u00e3o dos processos desde a coleta dos produtos at\u00e9 a entrega\u201d, informou a Shopee em comunicado ao mercado. <\/p>\n\n\n\n\t<div data-element=\"shortcode-read-more\" class=\"readToo\">\n\t\t\t\t<span class=\"readToo__title\">Leia mais<\/span>\n\t\t\t\t<ul class=\"readToo__list\">\n\t\t\t<li><a href=\"https:\/\/www.suno.com.br\/noticias\/magazine-luiza-mglu3-luizaseg-gpj\/\">Magazine Luiza (MGLU3) conclui venda da Luizaseg; saiba mais<\/a><\/li><li><a href=\"https:\/\/www.suno.com.br\/noticias\/bolsas-asiaticas-europeias-ibovespa-mercado-gpj-2\/\">Bolsas asi\u00e1ticas e europeias sobem nesta sexta-feira; Ibovespa seguir\u00e1 mercado externo?<\/a><\/li>\t\t<\/ul>\n\t<\/div>\n\n\n\n\t<p>\n\t\t<a href=\"https:\/\/lp.suno.com.br\/ebook-como-analisar-uma-acao\/\" target=\"_blank\" data-element=\"shortcode-suno-banner\" title=\"Banner SUNO, clique e saiba mais\">\n\t\t\t<picture>\n\t\t\t\t<source media=\"(max-width: 500px)\" srcset=\"https:\/\/files.sunoresearch.com.br\/n\/uploads\/2023\/03\/Ebook-Acoes-Mobile.jpg\">\n\t\t\t\t<img class=\"newsContent__article__imgCapa newsContent__article__imgCapa--banner\"\n\t\t\t\t\tsrc=\"https:\/\/files.sunoresearch.com.br\/n\/uploads\/2023\/03\/Ebook-Acoes-Desktop.jpg\"\n\t\t\t\t\tdata-promo-id=\"378302\"\t\t\t\t\t\t\t\t\t\twidth='1420' height='286'\t\t\t\t\talt=\"https:\/\/files.sunoresearch.com.br\/n\/uploads\/2023\/03\/Ebook-Acoes-Desktop.jpg\"\n\t\t\t\t>\n\t\t\t<\/picture>\n\t\t<\/a>\n\t<\/p>\n\n\n\n\n\n<h2 class=\"wp-block-heading\">Expans\u00e3o da Shopee e outras marcas no Brasil<\/h2>\n\n\n\n<p>O centro de distribui\u00e7\u00e3o em Guarulhos, SP, inaugurado nesta quarta-feira (1) \u00e9 o terceiro da companhia s\u00f3 neste ano. Em maio, a <strong>Shopee lan\u00e7ou duas unidades<\/strong> localizadas nas capitais nordestinas de Recife (PE) e em Salvador (BA). As duas foram as primeiras na regi\u00e3o. <\/p>\n\n\n\n<p>A nova unidade ainda est\u00e1 um pouco antecipada em rela\u00e7\u00e3o \u00e0 principal temporada do varejo. O per\u00edodo mais movimentado do setor, conhecido como Dia dos Solteiros, acontece no per\u00edodo de promo\u00e7\u00f5es do m\u00eas de novembro, que \u00e9 refor\u00e7ado principalmente por empresas asi\u00e1ticas. Em seguida, o setor tende a impulsionar as vendas com datas como a <strong>Black Friday <\/strong>e as festas de fim de ano.<\/p>\n\n\n\n<p>Al\u00e9m das unidades mencionadas, a <strong>e-commerce <\/strong>tem ainda outros dois centros de distribui\u00e7\u00e3o no interior paulista, e unidades nos Estados do Rio de Janeiro, de Minas Gerais e do Paran\u00e1.<\/p>\n\n\n\n<p>Todos os <strong>centros de distribui\u00e7\u00e3o da Shopee<\/strong> adotam o modelo de estocagem \u201ccross-docking\u201d. Nele, os produtos armazenadas s\u00e3o limitadas, de forma que as mercadorias coletadas s\u00e3o j\u00e1 reorganizadas e direcionadas para a entrega ao consumidor final.<\/p>\n\n\n\n<p>Ainda no Brasil, s\u00e3o 100 hubs log\u00edsticos da <strong>Shopee<\/strong> de menor escala e cerca de 1.400 pontos de coleta e entregas, onde vendedores podem deixar seus produtos e garantir que a empresa fa\u00e7a a entrega at\u00e9 o consumidor. <\/p>\n\n\n\n\n\t<p>\n\t\t<a href=\"https:\/\/lp.suno.com.br\/planilha-da-vida-financeira\/\" target=\"_blank\" data-element=\"shortcode-suno-banner\" title=\"Banner SUNO, clique e saiba mais\">\n\t\t\t<picture>\n\t\t\t\t<source media=\"(max-width: 500px)\" srcset=\"https:\/\/files.sunoresearch.com.br\/n\/uploads\/2023\/04\/400x300-Planilha-vida-financeira-true.png\">\n\t\t\t\t<img class=\"newsContent__article__imgCapa newsContent__article__imgCapa--banner\"\n\t\t\t\t\tsrc=\"https:\/\/files.sunoresearch.com.br\/n\/uploads\/2023\/04\/1420x240-Planilha-vida-financeira-true.png\"\n\t\t\t\t\tdata-promo-id=\"383123\"\t\t\t\t\t\t\t\t\t\twidth='1420' height='240'\t\t\t\t\talt=\"https:\/\/files.sunoresearch.com.br\/n\/uploads\/2023\/04\/1420x240-Planilha-vida-financeira-true.png\"\n\t\t\t\t>\n\t\t\t<\/picture>\n\t\t<\/a>\n\t<\/p>\n\n\n","protected":false},"excerpt":{"rendered":"<p>A e-commerce asi\u00e1tica Shopee inaugurou o seu quarto centro de distribui\u00e7\u00e3o de produtos em Guarulhos, S\u00e3o Paulo, nesta quarta-feira (1). A nova plataforma da marca \u00e9 a segunda maior entre as nove que a empresa possui em territ\u00f3rio brasileiro. Shopee &#8211; Foto: iStock Sem divulgar seus n\u00fameros de vendas e o tamanho do centro de [&hellip;]<\/p>\n","protected":false},"author":283,"featured_media":401427,"comment_status":"closed","ping_status":"closed","sticky":false,"template":"","format":"standard","meta":[],"categories":[64],"tags":[2073,803],"suno_strategy":[],"class_list":["post-480445","post","type-post","status-publish","format-standard","has-post-thumbnail","hentry","category-negocios","tag-e-commerce","tag-varejo"],"yoast_head":"<!-- This site is optimized with the Yoast SEO plugin v24.4 - https:\/\/yoast.com\/wordpress\/plugins\/seo\/ -->\n<title>Shopee: 4\u00ba Centro de distribui\u00e7\u00e3o em S\u00e3o Paulo \u00e9 inaugurado<\/title>\n<meta name=\"description\" content=\"A nova plataforma da Shopee \u00e9 a segunda maior entre as nove que a empresa possui em todo o territ\u00f3rio brasileiro.\" \/>\n<meta name=\"robots\" content=\"index, follow, max-snippet:-1, max-image-preview:large, max-video-preview:-1\" \/>\n<link rel=\"canonical\" href=\"https:\/\/www.suno.com.br\/noticias\/shopee-terceiro-centro-distribuicao-sao-paulo-inaugurado-cpf\/\" \/>\n<meta property=\"og:locale\" content=\"pt_BR\" \/>\n<meta property=\"og:type\" content=\"article\" \/>\n<meta property=\"og:title\" content=\"Shopee: 4\u00ba Centro de distribui\u00e7\u00e3o em S\u00e3o Paulo \u00e9 inaugurado\" \/>\n<meta property=\"og:description\" content=\"A nova plataforma da Shopee \u00e9 a segunda maior entre as nove que a empresa possui em todo o territ\u00f3rio brasileiro.\" \/>\n<meta property=\"og:url\" content=\"https:\/\/www.suno.com.br\/noticias\/shopee-terceiro-centro-distribuicao-sao-paulo-inaugurado-cpf\/\" \/>\n<meta property=\"og:site_name\" content=\"Suno Not\u00edcias\" \/>\n<meta property=\"article:publisher\" content=\"https:\/\/facebook.com\/sunoresearch\" \/>\n<meta property=\"og:image\" content=\"https:\/\/files.sunoresearch.com.br\/n\/uploads\/2023\/05\/compras-shopping-lojas-varejo.jpg\" \/>\n\t<meta property=\"og:image:width\" content=\"1200\" \/>\n\t<meta property=\"og:image:height\" content=\"800\" \/>\n\t<meta property=\"og:image:type\" content=\"image\/jpeg\" \/>\n<meta name=\"author\" content=\"Camila Paim\" \/>\n<meta name=\"twitter:card\" content=\"summary_large_image\" \/>\n<meta name=\"twitter:creator\" content=\"@sunoresearch\" \/>\n<meta name=\"twitter:site\" content=\"@sunoresearch\" \/>\n<meta name=\"twitter:label1\" content=\"Escrito por\" \/>\n\t<meta name=\"twitter:data1\" content=\"Camila Paim\" \/>\n\t<meta name=\"twitter:label2\" content=\"Est. tempo de leitura\" \/>\n\t<meta name=\"twitter:data2\" content=\"3 minutos\" \/>\n<script type=\"application\/ld+json\" class=\"yoast-schema-graph\">{\"@context\":\"https:\/\/schema.org\",\"@graph\":[{\"@type\":\"NewsArticle\",\"@id\":\"https:\/\/www.suno.com.br\/noticias\/shopee-terceiro-centro-distribuicao-sao-paulo-inaugurado-cpf\/#article\",\"isPartOf\":{\"@id\":\"https:\/\/www.suno.com.br\/noticias\/shopee-terceiro-centro-distribuicao-sao-paulo-inaugurado-cpf\/\"},\"author\":{\"name\":\"Camila Paim\",\"@id\":\"https:\/\/www.suno.com.br\/noticias\/#\/schema\/person\/f341d3ae5d1cc685176c9a5327cdfdbb\"},\"headline\":\"Shopee: 4\u00ba Centro de distribui\u00e7\u00e3o em S\u00e3o Paulo \u00e9 inaugurado\",\"datePublished\":\"2023-11-03T12:13:36+00:00\",\"dateModified\":\"2023-11-08T13:09:21+00:00\",\"mainEntityOfPage\":{\"@id\":\"https:\/\/www.suno.com.br\/noticias\/shopee-terceiro-centro-distribuicao-sao-paulo-inaugurado-cpf\/\"},\"wordCount\":478,\"publisher\":{\"@id\":\"https:\/\/www.suno.com.br\/noticias\/#organization\"},\"image\":{\"@id\":\"https:\/\/www.suno.com.br\/noticias\/shopee-terceiro-centro-distribuicao-sao-paulo-inaugurado-cpf\/#primaryimage\"},\"thumbnailUrl\":\"https:\/\/files.sunoresearch.com.br\/n\/uploads\/2023\/05\/compras-shopping-lojas-varejo.jpg\",\"keywords\":[\"e-commerce\",\"varejo\"],\"articleSection\":[\"Neg\u00f3cios\"],\"inLanguage\":\"pt-BR\"},{\"@type\":\"WebPage\",\"@id\":\"https:\/\/www.suno.com.br\/noticias\/shopee-terceiro-centro-distribuicao-sao-paulo-inaugurado-cpf\/\",\"url\":\"https:\/\/www.suno.com.br\/noticias\/shopee-terceiro-centro-distribuicao-sao-paulo-inaugurado-cpf\/\",\"name\":\"Shopee: 4\u00ba Centro de distribui\u00e7\u00e3o em S\u00e3o Paulo \u00e9 inaugurado\",\"isPartOf\":{\"@id\":\"https:\/\/www.suno.com.br\/noticias\/#website\"},\"primaryImageOfPage\":{\"@id\":\"https:\/\/www.suno.com.br\/noticias\/shopee-terceiro-centro-distribuicao-sao-paulo-inaugurado-cpf\/#primaryimage\"},\"image\":{\"@id\":\"https:\/\/www.suno.com.br\/noticias\/shopee-terceiro-centro-distribuicao-sao-paulo-inaugurado-cpf\/#primaryimage\"},\"thumbnailUrl\":\"https:\/\/files.sunoresearch.com.br\/n\/uploads\/2023\/05\/compras-shopping-lojas-varejo.jpg\",\"datePublished\":\"2023-11-03T12:13:36+00:00\",\"dateModified\":\"2023-11-08T13:09:21+00:00\",\"description\":\"A nova plataforma da Shopee \u00e9 a segunda maior entre as nove que a empresa possui em todo o territ\u00f3rio brasileiro.\",\"breadcrumb\":{\"@id\":\"https:\/\/www.suno.com.br\/noticias\/shopee-terceiro-centro-distribuicao-sao-paulo-inaugurado-cpf\/#breadcrumb\"},\"inLanguage\":\"pt-BR\",\"potentialAction\":[{\"@type\":\"ReadAction\",\"target\":[\"https:\/\/www.suno.com.br\/noticias\/shopee-terceiro-centro-distribuicao-sao-paulo-inaugurado-cpf\/\"]}]},{\"@type\":\"ImageObject\",\"inLanguage\":\"pt-BR\",\"@id\":\"https:\/\/www.suno.com.br\/noticias\/shopee-terceiro-centro-distribuicao-sao-paulo-inaugurado-cpf\/#primaryimage\",\"url\":\"https:\/\/files.sunoresearch.com.br\/n\/uploads\/2023\/05\/compras-shopping-lojas-varejo.jpg\",\"contentUrl\":\"https:\/\/files.sunoresearch.com.br\/n\/uploads\/2023\/05\/compras-shopping-lojas-varejo.jpg\",\"width\":1200,\"height\":800,\"caption\":\"Shopee - Foto: iStock\"},{\"@type\":\"BreadcrumbList\",\"@id\":\"https:\/\/www.suno.com.br\/noticias\/shopee-terceiro-centro-distribuicao-sao-paulo-inaugurado-cpf\/#breadcrumb\",\"itemListElement\":[{\"@type\":\"ListItem\",\"position\":1,\"name\":\"Not\u00edcias\",\"item\":\"https:\/\/www.suno.com.br\/noticias\/\"},{\"@type\":\"ListItem\",\"position\":2,\"name\":\"Neg\u00f3cios\",\"item\":\"https:\/\/www.suno.com.br\/noticias\/negocios\/\"},{\"@type\":\"ListItem\",\"position\":3,\"name\":\"Shopee: 4\u00ba Centro de distribui\u00e7\u00e3o em S\u00e3o Paulo \u00e9 inaugurado\"}]},{\"@type\":\"WebSite\",\"@id\":\"https:\/\/www.suno.com.br\/noticias\/#website\",\"url\":\"https:\/\/www.suno.com.br\/noticias\/\",\"name\":\"Suno Not\u00edcias\",\"description\":\"Seu portal de informa\u00e7\u00e3o sobre o mundo dos investimentos\",\"publisher\":{\"@id\":\"https:\/\/www.suno.com.br\/noticias\/#organization\"},\"potentialAction\":[{\"@type\":\"SearchAction\",\"target\":{\"@type\":\"EntryPoint\",\"urlTemplate\":\"https:\/\/www.suno.com.br\/noticias\/?s={search_term_string}\"},\"query-input\":{\"@type\":\"PropertyValueSpecification\",\"valueRequired\":true,\"valueName\":\"search_term_string\"}}],\"inLanguage\":\"pt-BR\"},{\"@type\":\"Organization\",\"@id\":\"https:\/\/www.suno.com.br\/noticias\/#organization\",\"name\":\"Suno Not\u00edcias\",\"url\":\"https:\/\/www.suno.com.br\/noticias\/\",\"logo\":{\"@type\":\"ImageObject\",\"inLanguage\":\"pt-BR\",\"@id\":\"https:\/\/www.suno.com.br\/noticias\/#\/schema\/logo\/image\/\",\"url\":\"https:\/\/files.sunoresearch.com.br\/n\/uploads\/2021\/09\/suno-logo.png\",\"contentUrl\":\"https:\/\/files.sunoresearch.com.br\/n\/uploads\/2021\/09\/suno-logo.png\",\"width\":180,\"height\":180,\"caption\":\"Suno Not\u00edcias\"},\"image\":{\"@id\":\"https:\/\/www.suno.com.br\/noticias\/#\/schema\/logo\/image\/\"},\"sameAs\":[\"https:\/\/facebook.com\/sunoresearch\",\"https:\/\/x.com\/sunoresearch\",\"https:\/\/www.instagram.com\/suno\",\"https:\/\/www.linkedin.com\/company\/suno-research\/\",\"https:\/\/www.youtube.com\/c\/sunoresearch\"]},{\"@type\":\"Person\",\"@id\":\"https:\/\/www.suno.com.br\/noticias\/#\/schema\/person\/f341d3ae5d1cc685176c9a5327cdfdbb\",\"name\":\"Camila Paim\",\"image\":{\"@type\":\"ImageObject\",\"inLanguage\":\"pt-BR\",\"@id\":\"https:\/\/www.suno.com.br\/noticias\/#\/schema\/person\/image\/\",\"url\":\"https:\/\/secure.gravatar.com\/avatar\/f33728e65febb1aa7ecf6792956f9b20?s=96&r=g\",\"contentUrl\":\"https:\/\/secure.gravatar.com\/avatar\/f33728e65febb1aa7ecf6792956f9b20?s=96&r=g\",\"caption\":\"Camila Paim\"},\"description\":\"Jornalista formada pela USP, tem experi\u00eancia em reda\u00e7\u00f5es, SEO, Branded Content e Webdesign. Com passagem pelo Jornal da USP, Empiricus e C6 Bank, hoje \u00e9 rep\u00f3rter no Suno Not\u00edcias cobrindo macroeconomia, finan\u00e7as pessoais e startups.\",\"url\":\"https:\/\/www.suno.com.br\/noticias\/author\/camila-figueiredosuno-com-br\/\"}]}<\/script>\n<!-- \/ Yoast SEO plugin. -->","yoast_head_json":{"title":"Shopee: 4\u00ba Centro de distribui\u00e7\u00e3o em S\u00e3o Paulo \u00e9 inaugurado","description":"A nova plataforma da Shopee \u00e9 a segunda maior entre as nove que a empresa possui em todo o territ\u00f3rio brasileiro.","robots":{"index":"index","follow":"follow","max-snippet":"max-snippet:-1","max-image-preview":"max-image-preview:large","max-video-preview":"max-video-preview:-1"},"canonical":"https:\/\/www.suno.com.br\/noticias\/shopee-terceiro-centro-distribuicao-sao-paulo-inaugurado-cpf\/","og_locale":"pt_BR","og_type":"article","og_title":"Shopee: 4\u00ba Centro de distribui\u00e7\u00e3o em S\u00e3o Paulo \u00e9 inaugurado","og_description":"A nova plataforma da Shopee \u00e9 a segunda maior entre as nove que a empresa possui em todo o territ\u00f3rio brasileiro.","og_url":"https:\/\/www.suno.com.br\/noticias\/shopee-terceiro-centro-distribuicao-sao-paulo-inaugurado-cpf\/","og_site_name":"Suno Not\u00edcias","article_publisher":"https:\/\/facebook.com\/sunoresearch","og_image":[{"width":1200,"height":800,"url":"https:\/\/files.sunoresearch.com.br\/n\/uploads\/2023\/05\/compras-shopping-lojas-varejo.jpg","type":"image\/jpeg"}],"author":"Camila Paim","twitter_card":"summary_large_image","twitter_creator":"@sunoresearch","twitter_site":"@sunoresearch","twitter_misc":{"Escrito por":"Camila Paim","Est. tempo de leitura":"3 minutos"},"schema":{"@context":"https:\/\/schema.org","@graph":[{"@type":"NewsArticle","@id":"https:\/\/www.suno.com.br\/noticias\/shopee-terceiro-centro-distribuicao-sao-paulo-inaugurado-cpf\/#article","isPartOf":{"@id":"https:\/\/www.suno.com.br\/noticias\/shopee-terceiro-centro-distribuicao-sao-paulo-inaugurado-cpf\/"},"author":{"name":"Camila Paim","@id":"https:\/\/www.suno.com.br\/noticias\/#\/schema\/person\/f341d3ae5d1cc685176c9a5327cdfdbb"},"headline":"Shopee: 4\u00ba Centro de distribui\u00e7\u00e3o em S\u00e3o Paulo \u00e9 inaugurado","datePublished":"2023-11-03T12:13:36+00:00","dateModified":"2023-11-08T13:09:21+00:00","mainEntityOfPage":{"@id":"https:\/\/www.suno.com.br\/noticias\/shopee-terceiro-centro-distribuicao-sao-paulo-inaugurado-cpf\/"},"wordCount":478,"publisher":{"@id":"https:\/\/www.suno.com.br\/noticias\/#organization"},"image":{"@id":"https:\/\/www.suno.com.br\/noticias\/shopee-terceiro-centro-distribuicao-sao-paulo-inaugurado-cpf\/#primaryimage"},"thumbnailUrl":"https:\/\/files.sunoresearch.com.br\/n\/uploads\/2023\/05\/compras-shopping-lojas-varejo.jpg","keywords":["e-commerce","varejo"],"articleSection":["Neg\u00f3cios"],"inLanguage":"pt-BR"},{"@type":"WebPage","@id":"https:\/\/www.suno.com.br\/noticias\/shopee-terceiro-centro-distribuicao-sao-paulo-inaugurado-cpf\/","url":"https:\/\/www.suno.com.br\/noticias\/shopee-terceiro-centro-distribuicao-sao-paulo-inaugurado-cpf\/","name":"Shopee: 4\u00ba Centro de distribui\u00e7\u00e3o em S\u00e3o Paulo \u00e9 inaugurado","isPartOf":{"@id":"https:\/\/www.suno.com.br\/noticias\/#website"},"primaryImageOfPage":{"@id":"https:\/\/www.suno.com.br\/noticias\/shopee-terceiro-centro-distribuicao-sao-paulo-inaugurado-cpf\/#primaryimage"},"image":{"@id":"https:\/\/www.suno.com.br\/noticias\/shopee-terceiro-centro-distribuicao-sao-paulo-inaugurado-cpf\/#primaryimage"},"thumbnailUrl":"https:\/\/files.sunoresearch.com.br\/n\/uploads\/2023\/05\/compras-shopping-lojas-varejo.jpg","datePublished":"2023-11-03T12:13:36+00:00","dateModified":"2023-11-08T13:09:21+00:00","description":"A nova plataforma da Shopee \u00e9 a segunda maior entre as nove que a empresa possui em todo o territ\u00f3rio brasileiro.","breadcrumb":{"@id":"https:\/\/www.suno.com.br\/noticias\/shopee-terceiro-centro-distribuicao-sao-paulo-inaugurado-cpf\/#breadcrumb"},"inLanguage":"pt-BR","potentialAction":[{"@type":"ReadAction","target":["https:\/\/www.suno.com.br\/noticias\/shopee-terceiro-centro-distribuicao-sao-paulo-inaugurado-cpf\/"]}]},{"@type":"ImageObject","inLanguage":"pt-BR","@id":"https:\/\/www.suno.com.br\/noticias\/shopee-terceiro-centro-distribuicao-sao-paulo-inaugurado-cpf\/#primaryimage","url":"https:\/\/files.sunoresearch.com.br\/n\/uploads\/2023\/05\/compras-shopping-lojas-varejo.jpg","contentUrl":"https:\/\/files.sunoresearch.com.br\/n\/uploads\/2023\/05\/compras-shopping-lojas-varejo.jpg","width":1200,"height":800,"caption":"Shopee - Foto: iStock"},{"@type":"BreadcrumbList","@id":"https:\/\/www.suno.com.br\/noticias\/shopee-terceiro-centro-distribuicao-sao-paulo-inaugurado-cpf\/#breadcrumb","itemListElement":[{"@type":"ListItem","position":1,"name":"Not\u00edcias","item":"https:\/\/www.suno.com.br\/noticias\/"},{"@type":"ListItem","position":2,"name":"Neg\u00f3cios","item":"https:\/\/www.suno.com.br\/noticias\/negocios\/"},{"@type":"ListItem","position":3,"name":"Shopee: 4\u00ba Centro de distribui\u00e7\u00e3o em S\u00e3o Paulo \u00e9 inaugurado"}]},{"@type":"WebSite","@id":"https:\/\/www.suno.com.br\/noticias\/#website","url":"https:\/\/www.suno.com.br\/noticias\/","name":"Suno Not\u00edcias","description":"Seu portal de informa\u00e7\u00e3o sobre o mundo dos investimentos","publisher":{"@id":"https:\/\/www.suno.com.br\/noticias\/#organization"},"potentialAction":[{"@type":"SearchAction","target":{"@type":"EntryPoint","urlTemplate":"https:\/\/www.suno.com.br\/noticias\/?s={search_term_string}"},"query-input":{"@type":"PropertyValueSpecification","valueRequired":true,"valueName":"search_term_string"}}],"inLanguage":"pt-BR"},{"@type":"Organization","@id":"https:\/\/www.suno.com.br\/noticias\/#organization","name":"Suno Not\u00edcias","url":"https:\/\/www.suno.com.br\/noticias\/","logo":{"@type":"ImageObject","inLanguage":"pt-BR","@id":"https:\/\/www.suno.com.br\/noticias\/#\/schema\/logo\/image\/","url":"https:\/\/files.sunoresearch.com.br\/n\/uploads\/2021\/09\/suno-logo.png","contentUrl":"https:\/\/files.sunoresearch.com.br\/n\/uploads\/2021\/09\/suno-logo.png","width":180,"height":180,"caption":"Suno Not\u00edcias"},"image":{"@id":"https:\/\/www.suno.com.br\/noticias\/#\/schema\/logo\/image\/"},"sameAs":["https:\/\/facebook.com\/sunoresearch","https:\/\/x.com\/sunoresearch","https:\/\/www.instagram.com\/suno","https:\/\/www.linkedin.com\/company\/suno-research\/","https:\/\/www.youtube.com\/c\/sunoresearch"]},{"@type":"Person","@id":"https:\/\/www.suno.com.br\/noticias\/#\/schema\/person\/f341d3ae5d1cc685176c9a5327cdfdbb","name":"Camila Paim","image":{"@type":"ImageObject","inLanguage":"pt-BR","@id":"https:\/\/www.suno.com.br\/noticias\/#\/schema\/person\/image\/","url":"https:\/\/secure.gravatar.com\/avatar\/f33728e65febb1aa7ecf6792956f9b20?s=96&r=g","contentUrl":"https:\/\/secure.gravatar.com\/avatar\/f33728e65febb1aa7ecf6792956f9b20?s=96&r=g","caption":"Camila Paim"},"description":"Jornalista formada pela USP, tem experi\u00eancia em reda\u00e7\u00f5es, SEO, Branded Content e Webdesign. Com passagem pelo Jornal da USP, Empiricus e C6 Bank, hoje \u00e9 rep\u00f3rter no Suno Not\u00edcias cobrindo macroeconomia, finan\u00e7as pessoais e startups.","url":"https:\/\/www.suno.com.br\/noticias\/author\/camila-figueiredosuno-com-br\/"}]}},"default_loop_html":"<div class=\"cardsPage__listCard__boxs\"><div class=\"cardsPage__listCard__boxs__img\"><a href=\"https:\/\/www.suno.com.br\/noticias\/shopee-terceiro-centro-distribuicao-sao-paulo-inaugurado-cpf\/\"><img class=\"mask\" src=\"https:\/\/www.suno.com.br\/noticias\/wp-content\/themes\/suno\/resources\/images\/spotlight\/spotlight1img\/bg-mask.png\" alt=\"Image Mask\"\/><img src=\"https:\/\/files.sunoresearch.com.br\/n\/uploads\/2023\/05\/compras-shopping-lojas-varejo-400x200.jpg\" alt=\"Shopee: 4\u00ba Centro de distribui\u00e7\u00e3o em S\u00e3o Paulo \u00e9 inaugurado\"\/><\/a><span class=\"spotlightCategory\"><a href=\"https:\/\/www.suno.com.br\/noticias\/negocios\/\">Neg\u00f3cios<\/a><\/span><\/div><div class=\"cardsPage__listCard__boxs__content\"><a href=\"https:\/\/www.suno.com.br\/noticias\/shopee-terceiro-centro-distribuicao-sao-paulo-inaugurado-cpf\/\"><h2 class=\"content__title\">Shopee: 4\u00ba Centro de distribui\u00e7\u00e3o em S\u00e3o Paulo \u00e9 inaugurado<\/h2><\/a><div class=\"newsContent__article__meta\"><div class=\"newsContent__article__meta__authorBox\"><a href=\"https:\/\/www.suno.com.br\/noticias\/author\/giovanni-porfiriosuno-com-br\/\" class=\"authorBox__avatar noMobi\"><img src=\"https:\/\/files.sunoresearch.com.br\/n\/uploads\/2024\/05\/DSCF4115-1-1-150x150.webp\" alt=\"Giovanni Porf\u00edrio Jacomino\"><\/a><div class=\"authorBox__name\"><span>por\n\t\t\t<a href=\"https:\/\/www.suno.com.br\/noticias\/author\/giovanni-porfiriosuno-com-br\/\"><span itemprop=\"author\">Giovanni Porf\u00edrio Jacomino<\/span><\/a><\/span><time datetime=\"2023-11-03T09:13:36-03:00\" itemprop=\"datePublished\">03\/11\/2023 09:13<\/time><\/div><\/div><\/div><\/div><\/div>","single_layout":"posts","amp_enabled":true,"_links":{"self":[{"href":"https:\/\/www.suno.com.br\/noticias\/wp-json\/wp\/v2\/posts\/480445"}],"collection":[{"href":"https:\/\/www.suno.com.br\/noticias\/wp-json\/wp\/v2\/posts"}],"about":[{"href":"https:\/\/www.suno.com.br\/noticias\/wp-json\/wp\/v2\/types\/post"}],"author":[{"embeddable":true,"href":"https:\/\/www.suno.com.br\/noticias\/wp-json\/wp\/v2\/users\/283"}],"replies":[{"embeddable":true,"href":"https:\/\/www.suno.com.br\/noticias\/wp-json\/wp\/v2\/comments?post=480445"}],"version-history":[{"count":2,"href":"https:\/\/www.suno.com.br\/noticias\/wp-json\/wp\/v2\/posts\/480445\/revisions"}],"predecessor-version":[{"id":482493,"href":"https:\/\/www.suno.com.br\/noticias\/wp-json\/wp\/v2\/posts\/480445\/revisions\/482493"}],"wp:featuredmedia":[{"embeddable":true,"href":"https:\/\/www.suno.com.br\/noticias\/wp-json\/wp\/v2\/media\/401427"}],"wp:attachment":[{"href":"https:\/\/www.suno.com.br\/noticias\/wp-json\/wp\/v2\/media?parent=480445"}],"wp:term":[{"taxonomy":"category","embeddable":true,"href":"https:\/\/www.suno.com.br\/noticias\/wp-json\/wp\/v2\/categories?post=480445"},{"taxonomy":"post_tag","embeddable":true,"href":"https:\/\/www.suno.com.br\/noticias\/wp-json\/wp\/v2\/tags?post=480445"},{"taxonomy":"suno_strategy","embeddable":true,"href":"https:\/\/www.suno.com.br\/noticias\/wp-json\/wp\/v2\/suno_strategy?post=480445"}],"curies":[{"name":"wp","href":"https:\/\/api.w.org\/{rel}","templated":true}]}}