{"id":480257,"date":"2023-11-02T14:00:29","date_gmt":"2023-11-02T17:00:29","guid":{"rendered":"https:\/\/www.suno.com.br\/noticias\/?p=480257"},"modified":"2023-11-02T14:00:43","modified_gmt":"2023-11-02T17:00:43","slug":"entidades-setor-produtivo-divergem-corte-na-taxa-selic-jvj","status":"publish","type":"post","link":"https:\/\/www.suno.com.br\/noticias\/entidades-setor-produtivo-divergem-corte-na-taxa-selic-jvj\/","title":{"rendered":"Entidades do setor produtivo divergem sobre corte na taxa de juros"},"content":{"rendered":"<p>Apesar de estar na dire\u00e7\u00e3o certa, a decis\u00e3o do <a class=\"suno-keyword\" target=\"_blank\" data-force=\"no\" data-priority=\"3\" href=\"https:\/\/www.suno.com.br\/artigos\/bacen\/\" rel=\"noopener\">Banco Central (BC)<\/a> de cortar a <strong>Taxa Selic<\/strong> (juros b\u00e1sicos da economia) em 0,5 ponto percentual \u00e9 t\u00edmida e n\u00e3o impede a desacelera\u00e7\u00e3o econ\u00f4mica, na avalia\u00e7\u00e3o de entidades da ind\u00fastria e de&nbsp;centrais sindicais, que pedem mais ousadia da autoridade monet\u00e1ria.<img decoding=\"async\" style=\"width: 1px; height: 1px;\" src=\"https:\/\/agenciabrasil.ebc.com.br\/ebc.png?id=1564042&amp;o=rss\"><img decoding=\"async\" style=\"width: 1px; height: 1px;\" src=\"https:\/\/agenciabrasil.ebc.com.br\/ebc.gif?id=1564042&amp;o=rss\"><\/p>\t<div class=\"wrapper-featured-image\">\n\t\t<figure class=\"spotlightImg\">\n\n\t\t\t<picture>\n\t\t\t\t<source media=\"(max-width: 768px)\" srcset=\"https:\/\/files.sunoresearch.com.br\/n\/uploads\/2023\/05\/selic-400x200.jpg\">\n\t\t\t\t<img loading=\"lazy\" decoding=\"async\" class=\"newsContent__article__imgCapa lazyloadDisabled \" src=\"https:\/\/files.sunoresearch.com.br\/n\/uploads\/2023\/05\/selic-800x450.jpg\" width=\"800\" height=\"450\" alt=\"Entidades do setor produtivo divergem sobre corte na taxa de juros\" fetchpriority=high \/>\n\t\t\t<\/picture>\n\n\t\t\t<figcaption class=\"wp-caption-text wp-caption-text--show\">Quais melhores investimentos para \u201csurfar\u201d a queda da Selic? - Foto: iStock<\/figcaption>\n\t\t<\/figure>\n\t<\/div>\n\n\n\n\n\n\t<p>\n\t\t<a href=\"https:\/\/lp2.suno.com.br\/cl\/black-friday-2025\/?utm_campaign=_SNCDF0E4858_\" target=\"_blank\" data-element=\"shortcode-suno-banner\" title=\"Banner SUNO, clique e saiba mais\">\n\t\t\t<picture>\n\t\t\t\t<source media=\"(max-width: 500px)\" srcset=\"https:\/\/files.sunoresearch.com.br\/n\/uploads\/2025\/10\/Artigos-e-Noticias-Banner-Home-artigos-01-Mobile_-400x300-1-png.webp\">\n\t\t\t\t<img class=\"newsContent__article__imgCapa newsContent__article__imgCapa--banner\"\n\t\t\t\t\tsrc=\"https:\/\/files.sunoresearch.com.br\/n\/uploads\/2025\/10\/Artigos-e-Noticias-Banner-Home-artigos-01-Desktop_-1420x240-1-png.webp\"\n\t\t\t\t\tdata-promo-id=\"311259\"\t\t\t\t\t\t\t\t\t\twidth='1420' height='240'\t\t\t\t\talt=\"https:\/\/files.sunoresearch.com.br\/n\/uploads\/2025\/10\/Artigos-e-Noticias-Banner-Home-artigos-01-Desktop_-1420x240-1-png.webp\"\n\t\t\t\t>\n\t\t\t<\/picture>\n\t\t<\/a>\n\t<\/p>\n\n\n\n\n\n<p>Em nota, a Confedera\u00e7\u00e3o Nacional da Ind\u00fastria (CNI) considerou a decis\u00e3o do Comit\u00ea de <a class=\"suno-keyword\" target=\"_blank\" data-force=\"no\" data-priority=\"1\" href=\"https:\/\/www.suno.com.br\/artigos\/politica-monetaria\/\" rel=\"noopener\">Pol\u00edtica Monet\u00e1ria<\/a> (<strong>Copom<\/strong>) \u201ccompreens\u00edvel, mas insuficiente\u201d. A entidade ressaltou que a <strong>taxa de juros<\/strong> real (acima da infla\u00e7\u00e3o) est\u00e1 em 8,5% ao ano, 4 pontos percentuais acima dos juros neutros, que n\u00e3o estimulam nem desestimulam a atividade econ\u00f4mica.<\/p>\n\n\n\n<p>\u201cTenho a plena convic\u00e7\u00e3o de que a queda de juros n\u00e3o est\u00e1 na velocidade que n\u00f3s precisamos. Na verdade, estamos em uma armadilha, porque a nossa Taxa Selic atingiu um patamar bastante desestimulante. Entendo que n\u00e3o \u00e9 poss\u00edvel fazer uma queda abrupta, mas o Banco Central poderia ser um pouco mais desafiador e ter iniciado uma redu\u00e7\u00e3o mais acelerada\u201d, afirmou em nota o novo presidente da CNI, Ricardo Alban.<\/p>\n\n\n\t<div data-element=\"shortcode-read-more\" class=\"knowMore\">\n\t\t\t\t<span class=\"knowMore__title\">Leia mais<\/span>\n\t\t\t\t<a class=\"knowMore__link\" href=\"https:\/\/www.suno.com.br\/noticias\/quanto-rende-renda-fixa-nova-taxa-selic-jvj\/\">\n\t\t\tQuanto rende a renda fixa com a Selic a 12,25% ao ano?\t\t<\/a>\n\t<\/div>\n\n\n\n\n<p>J\u00e1 a Federa\u00e7\u00e3o das Ind\u00fastrias do Estado do Rio de Janeiro (Firjan) considerou a decis\u00e3o acertada, em fun\u00e7\u00e3o do cen\u00e1rio econ\u00f4mico atual. A entidade avalia que os dados recentes evidenciam din\u00e2mica mais favor\u00e1vel da infla\u00e7\u00e3o para o consumidor. \u201cAs proje\u00e7\u00f5es para a <strong>infla\u00e7\u00e3o<\/strong>, em 2024 e 2025, indicam estabilidade, permanecendo dentro da meta estabelecida. Al\u00e9m disso, os <a class=\"suno-keyword\" target=\"_blank\" data-force=\"no\" data-priority=\"1\" href=\"https:\/\/www.suno.com.br\/artigos\/indicadores-economicos\/\" rel=\"noopener\">indicadores econ\u00f4micos<\/a> de <a class=\"suno-keyword\" target=\"_blank\" data-force=\"no\" data-priority=\"1\" href=\"https:\/\/www.suno.com.br\/artigos\/curto-prazo\/\" rel=\"noopener\">curto prazo<\/a> sustentam a perspectiva de desacelera\u00e7\u00e3o nos pr\u00f3ximos trimestres\u201d.<\/p>\n\n\n\n<p>Apesar da an\u00e1lise positiva, a Firjan destacou que fatores externos trazem incertezas ao cen\u00e1rio atual, como a eleva\u00e7\u00e3o das <strong>taxas de juros<\/strong> nos Estados Unidos e a guerra no Oriente M\u00e9dio, que trouxe preocupa\u00e7\u00f5es para o mercado de energia. \u201cMais do que nunca, \u00e9 fundamental manter o compromisso firme com o equil\u00edbrio fiscal e com as metas estabelecidas. A solv\u00eancia da <a class=\"suno-keyword\" target=\"_blank\" data-force=\"no\" data-priority=\"1\" href=\"https:\/\/www.suno.com.br\/artigos\/divida-publica\/\" rel=\"noopener\">d\u00edvida p\u00fablica<\/a> desempenha um papel crucial no amortecimento dos efeitos das incertezas que permeiam o cen\u00e1rio internacional. A credibilidade fiscal \u00e9 um pilar essencial para preservar a percep\u00e7\u00e3o do <a class=\"suno-keyword\" target=\"_blank\" data-force=\"no\" data-priority=\"1\" href=\"https:\/\/www.suno.com.br\/artigos\/embi\/\" rel=\"noopener\">risco pa\u00eds<\/a> e favorecer a continuidade dos cortes de juros\u201d, indicou a Firjan.<\/p>\n\n\n\n<h2 class=\"wp-block-heading\">Sindicatos&nbsp;consideram corte na Taxa Selic insuficiente<\/h2>\n\n\n\n<p>As centrais sindicais tamb\u00e9m consideraram insuficiente o corte de meio ponto nos juros b\u00e1sicos. Segundo a Central \u00danica dos Trabalhadores (CUT), a Selic ainda est\u00e1 em n\u00edvel alto, que atrapalha a recupera\u00e7\u00e3o econ\u00f4mica e ainda n\u00e3o \u00e9 poss\u00edvel observar efeitos da <strong>queda da Taxa Selic<\/strong> sobre os juros cobrados pelos bancos.<\/p>\n\n\n\n<p>\u201cEssa lentid\u00e3o [da queda da Selic] \u00e9 usada como desculpa pelo <a class=\"suno-keyword\" target=\"_blank\" data-force=\"no\" data-priority=\"1\" href=\"https:\/\/www.suno.com.br\/artigos\/sistema-bancario\/\" rel=\"noopener\">sistema banc\u00e1rio<\/a> brasileiro para justificar a manuten\u00e7\u00e3o da oferta de cr\u00e9dito com juros estratosf\u00e9ricos\u201d, criticou a economista Vivian Machado, da Confedera\u00e7\u00e3o Nacional dos Trabalhadores do Ramo Financeiro da CUT (Contraf-CUT). A entidade ressalta que o BC s\u00f3 come\u00e7ou a baixar os juros ap\u00f3s intensa press\u00e3o dos trabalhadores, que desde o in\u00edcio do ano promovem protestos contra os juros altos.<\/p>\n\n\n\n<p>Para a For\u00e7a Sindical, a decis\u00e3o do Copom foi \u201ct\u00edmida e insuficiente\u201d. Segundo a entidade, a queda ocorre de forma lenta, com \u201cgradualismo conservador\u201d, prejudicando a economia no fim de ano.<\/p>\n\n\n\n<p>\u201cOs juros, vale ressaltar, continuam em patamares proibitivos. A taxa que agora \u00e9 de 12,25% ainda inibe o consumo, trava o cr\u00e9dito e a gera\u00e7\u00e3o de empregos. \u00c9 uma queda insuficiente! Entendemos que, com esta pequena queda, o Banco Central perdeu uma \u00f3tima oportunidade de fazer uma dr\u00e1stica redu\u00e7\u00e3o na <a class=\"suno-keyword\" target=\"_blank\" data-force=\"no\" data-priority=\"1\" href=\"https:\/\/www.suno.com.br\/artigos\/taxa-de-juros\/\" rel=\"noopener\">taxa b\u00e1sica de juros<\/a> [<strong>taxa Selic<\/strong>]\u201d, criticou a For\u00e7a Sindical.<\/p>\n\n\n\n<p>(Com informa\u00e7\u00f5es de Ag\u00eancia Brasil)<\/p>\n\n\n\t<p>\n\t\t<a href=\"https:\/\/lp.suno.com.br\/ebook-como-analisar-uma-acao\/\" target=\"_blank\" data-element=\"shortcode-suno-banner\" title=\"Banner SUNO, clique e saiba mais\">\n\t\t\t<picture>\n\t\t\t\t<source media=\"(max-width: 500px)\" srcset=\"https:\/\/files.sunoresearch.com.br\/n\/uploads\/2023\/12\/Ebook-Acoes-Mobile.jpg\">\n\t\t\t\t<img class=\"newsContent__article__imgCapa newsContent__article__imgCapa--banner\"\n\t\t\t\t\tsrc=\"https:\/\/files.sunoresearch.com.br\/n\/uploads\/2023\/12\/Ebook-Acoes-Desktop.webp\"\n\t\t\t\t\tdata-promo-id=\"311260\"\t\t\t\t\t\t\t\t\t\twidth='1420' height='286'\t\t\t\t\talt=\"https:\/\/files.sunoresearch.com.br\/n\/uploads\/2023\/12\/Ebook-Acoes-Desktop.webp\"\n\t\t\t\t>\n\t\t\t<\/picture>\n\t\t<\/a>\n\t<\/p>\n\n\n","protected":false},"excerpt":{"rendered":"<p>Apesar de estar na dire\u00e7\u00e3o certa, a decis\u00e3o do Banco Central (BC) de cortar a Taxa Selic (juros b\u00e1sicos da economia) em 0,5 ponto percentual \u00e9 t\u00edmida e n\u00e3o impede a desacelera\u00e7\u00e3o econ\u00f4mica, na avalia\u00e7\u00e3o de entidades da ind\u00fastria e de&nbsp;centrais sindicais, que pedem mais ousadia da autoridade monet\u00e1ria. Quais melhores investimentos para \u201csurfar\u201d a [&hellip;]<\/p>\n","protected":false},"author":173,"featured_media":408708,"comment_status":"closed","ping_status":"closed","sticky":false,"template":"","format":"standard","meta":[],"categories":[62],"tags":[1752,290],"suno_strategy":[],"class_list":["post-480257","post","type-post","status-publish","format-standard","has-post-thumbnail","hentry","category-economia","tag-taxa-de-juros","tag-taxa-selic"],"yoast_head":"<!-- This site is optimized with the Yoast SEO plugin v24.4 - https:\/\/yoast.com\/wordpress\/plugins\/seo\/ -->\n<title>Entidades do setor produtivo divergem sobre corte na taxa Selic<\/title>\n<meta name=\"description\" content=\"Diferentes entidades do setor produtivo divergiram sobre o novo corte realizado na Taxa Selic. Vejas as opini\u00f5es.\" \/>\n<meta name=\"robots\" content=\"index, follow, max-snippet:-1, max-image-preview:large, max-video-preview:-1\" \/>\n<link rel=\"canonical\" href=\"https:\/\/www.suno.com.br\/noticias\/entidades-setor-produtivo-divergem-corte-na-taxa-selic-jvj\/\" \/>\n<meta property=\"og:locale\" content=\"pt_BR\" \/>\n<meta property=\"og:type\" content=\"article\" \/>\n<meta property=\"og:title\" content=\"Entidades do setor produtivo divergem sobre corte na taxa Selic\" \/>\n<meta property=\"og:description\" content=\"Diferentes entidades do setor produtivo divergiram sobre o novo corte realizado na Taxa Selic. Vejas as opini\u00f5es.\" \/>\n<meta property=\"og:url\" content=\"https:\/\/www.suno.com.br\/noticias\/entidades-setor-produtivo-divergem-corte-na-taxa-selic-jvj\/\" \/>\n<meta property=\"og:site_name\" content=\"Suno Not\u00edcias\" \/>\n<meta property=\"article:publisher\" content=\"https:\/\/facebook.com\/sunoresearch\" \/>\n<meta property=\"og:image\" content=\"https:\/\/files.sunoresearch.com.br\/n\/uploads\/2023\/05\/selic.jpg\" \/>\n\t<meta property=\"og:image:width\" content=\"1200\" \/>\n\t<meta property=\"og:image:height\" content=\"800\" \/>\n\t<meta property=\"og:image:type\" content=\"image\/jpeg\" \/>\n<meta name=\"author\" content=\"Jo\u00e3o Vitor\" \/>\n<meta name=\"twitter:card\" content=\"summary_large_image\" \/>\n<meta name=\"twitter:creator\" content=\"@sunoresearch\" \/>\n<meta name=\"twitter:site\" content=\"@sunoresearch\" \/>\n<meta name=\"twitter:label1\" content=\"Escrito por\" \/>\n\t<meta name=\"twitter:data1\" content=\"Jo\u00e3o Vitor\" \/>\n\t<meta name=\"twitter:label2\" content=\"Est. tempo de leitura\" \/>\n\t<meta name=\"twitter:data2\" content=\"4 minutos\" \/>\n<script type=\"application\/ld+json\" class=\"yoast-schema-graph\">{\"@context\":\"https:\/\/schema.org\",\"@graph\":[{\"@type\":\"NewsArticle\",\"@id\":\"https:\/\/www.suno.com.br\/noticias\/entidades-setor-produtivo-divergem-corte-na-taxa-selic-jvj\/#article\",\"isPartOf\":{\"@id\":\"https:\/\/www.suno.com.br\/noticias\/entidades-setor-produtivo-divergem-corte-na-taxa-selic-jvj\/\"},\"author\":{\"name\":\"Jo\u00e3o Vitor\",\"@id\":\"https:\/\/www.suno.com.br\/noticias\/#\/schema\/person\/87fc6973867c52dd884811905c43afba\"},\"headline\":\"Entidades do setor produtivo divergem sobre corte na taxa de juros\",\"datePublished\":\"2023-11-02T17:00:29+00:00\",\"dateModified\":\"2023-11-02T17:00:43+00:00\",\"mainEntityOfPage\":{\"@id\":\"https:\/\/www.suno.com.br\/noticias\/entidades-setor-produtivo-divergem-corte-na-taxa-selic-jvj\/\"},\"wordCount\":653,\"publisher\":{\"@id\":\"https:\/\/www.suno.com.br\/noticias\/#organization\"},\"image\":{\"@id\":\"https:\/\/www.suno.com.br\/noticias\/entidades-setor-produtivo-divergem-corte-na-taxa-selic-jvj\/#primaryimage\"},\"thumbnailUrl\":\"https:\/\/files.sunoresearch.com.br\/n\/uploads\/2023\/05\/selic.jpg\",\"keywords\":[\"taxa de juros\",\"Taxa Selic\"],\"articleSection\":[\"Economia\"],\"inLanguage\":\"pt-BR\"},{\"@type\":\"WebPage\",\"@id\":\"https:\/\/www.suno.com.br\/noticias\/entidades-setor-produtivo-divergem-corte-na-taxa-selic-jvj\/\",\"url\":\"https:\/\/www.suno.com.br\/noticias\/entidades-setor-produtivo-divergem-corte-na-taxa-selic-jvj\/\",\"name\":\"Entidades do setor produtivo divergem sobre corte na taxa Selic\",\"isPartOf\":{\"@id\":\"https:\/\/www.suno.com.br\/noticias\/#website\"},\"primaryImageOfPage\":{\"@id\":\"https:\/\/www.suno.com.br\/noticias\/entidades-setor-produtivo-divergem-corte-na-taxa-selic-jvj\/#primaryimage\"},\"image\":{\"@id\":\"https:\/\/www.suno.com.br\/noticias\/entidades-setor-produtivo-divergem-corte-na-taxa-selic-jvj\/#primaryimage\"},\"thumbnailUrl\":\"https:\/\/files.sunoresearch.com.br\/n\/uploads\/2023\/05\/selic.jpg\",\"datePublished\":\"2023-11-02T17:00:29+00:00\",\"dateModified\":\"2023-11-02T17:00:43+00:00\",\"description\":\"Diferentes entidades do setor produtivo divergiram sobre o novo corte realizado na Taxa Selic. Vejas as opini\u00f5es.\",\"breadcrumb\":{\"@id\":\"https:\/\/www.suno.com.br\/noticias\/entidades-setor-produtivo-divergem-corte-na-taxa-selic-jvj\/#breadcrumb\"},\"inLanguage\":\"pt-BR\",\"potentialAction\":[{\"@type\":\"ReadAction\",\"target\":[\"https:\/\/www.suno.com.br\/noticias\/entidades-setor-produtivo-divergem-corte-na-taxa-selic-jvj\/\"]}]},{\"@type\":\"ImageObject\",\"inLanguage\":\"pt-BR\",\"@id\":\"https:\/\/www.suno.com.br\/noticias\/entidades-setor-produtivo-divergem-corte-na-taxa-selic-jvj\/#primaryimage\",\"url\":\"https:\/\/files.sunoresearch.com.br\/n\/uploads\/2023\/05\/selic.jpg\",\"contentUrl\":\"https:\/\/files.sunoresearch.com.br\/n\/uploads\/2023\/05\/selic.jpg\",\"width\":1200,\"height\":800,\"caption\":\"Quais melhores investimentos para \u201csurfar\u201d a queda da Selic? - Foto: iStock\"},{\"@type\":\"BreadcrumbList\",\"@id\":\"https:\/\/www.suno.com.br\/noticias\/entidades-setor-produtivo-divergem-corte-na-taxa-selic-jvj\/#breadcrumb\",\"itemListElement\":[{\"@type\":\"ListItem\",\"position\":1,\"name\":\"Not\u00edcias\",\"item\":\"https:\/\/www.suno.com.br\/noticias\/\"},{\"@type\":\"ListItem\",\"position\":2,\"name\":\"Economia\",\"item\":\"https:\/\/www.suno.com.br\/noticias\/economia\/\"},{\"@type\":\"ListItem\",\"position\":3,\"name\":\"Entidades do setor produtivo divergem sobre corte na taxa de juros\"}]},{\"@type\":\"WebSite\",\"@id\":\"https:\/\/www.suno.com.br\/noticias\/#website\",\"url\":\"https:\/\/www.suno.com.br\/noticias\/\",\"name\":\"Suno Not\u00edcias\",\"description\":\"Seu portal de informa\u00e7\u00e3o sobre o mundo dos investimentos\",\"publisher\":{\"@id\":\"https:\/\/www.suno.com.br\/noticias\/#organization\"},\"potentialAction\":[{\"@type\":\"SearchAction\",\"target\":{\"@type\":\"EntryPoint\",\"urlTemplate\":\"https:\/\/www.suno.com.br\/noticias\/?s={search_term_string}\"},\"query-input\":{\"@type\":\"PropertyValueSpecification\",\"valueRequired\":true,\"valueName\":\"search_term_string\"}}],\"inLanguage\":\"pt-BR\"},{\"@type\":\"Organization\",\"@id\":\"https:\/\/www.suno.com.br\/noticias\/#organization\",\"name\":\"Suno Not\u00edcias\",\"url\":\"https:\/\/www.suno.com.br\/noticias\/\",\"logo\":{\"@type\":\"ImageObject\",\"inLanguage\":\"pt-BR\",\"@id\":\"https:\/\/www.suno.com.br\/noticias\/#\/schema\/logo\/image\/\",\"url\":\"https:\/\/files.sunoresearch.com.br\/n\/uploads\/2021\/09\/suno-logo.png\",\"contentUrl\":\"https:\/\/files.sunoresearch.com.br\/n\/uploads\/2021\/09\/suno-logo.png\",\"width\":180,\"height\":180,\"caption\":\"Suno Not\u00edcias\"},\"image\":{\"@id\":\"https:\/\/www.suno.com.br\/noticias\/#\/schema\/logo\/image\/\"},\"sameAs\":[\"https:\/\/facebook.com\/sunoresearch\",\"https:\/\/x.com\/sunoresearch\",\"https:\/\/www.instagram.com\/suno\",\"https:\/\/www.linkedin.com\/company\/suno-research\/\",\"https:\/\/www.youtube.com\/c\/sunoresearch\"]},{\"@type\":\"Person\",\"@id\":\"https:\/\/www.suno.com.br\/noticias\/#\/schema\/person\/87fc6973867c52dd884811905c43afba\",\"name\":\"Jo\u00e3o Vitor\",\"image\":{\"@type\":\"ImageObject\",\"inLanguage\":\"pt-BR\",\"@id\":\"https:\/\/www.suno.com.br\/noticias\/#\/schema\/person\/image\/\",\"url\":\"https:\/\/secure.gravatar.com\/avatar\/2843227ca03ccf8cc7ccca45204c127e?s=96&r=g\",\"contentUrl\":\"https:\/\/secure.gravatar.com\/avatar\/2843227ca03ccf8cc7ccca45204c127e?s=96&r=g\",\"caption\":\"Jo\u00e3o Vitor\"},\"description\":\"Redator profissional, com atua\u00e7\u00e3o no mercado editorial na produ\u00e7\u00e3o de not\u00edcias e conte\u00fados sobre o mercado de a\u00e7\u00f5es, fundos imobili\u00e1rios e economia popular. Graduando em Engenharia Qu\u00edmica pela Unesp, tamb\u00e9m j\u00e1 atuou como consultor financeiro.\",\"url\":\"https:\/\/www.suno.com.br\/noticias\/author\/joao-vitor-jacintho\/\"}]}<\/script>\n<!-- \/ Yoast SEO plugin. -->","yoast_head_json":{"title":"Entidades do setor produtivo divergem sobre corte na taxa Selic","description":"Diferentes entidades do setor produtivo divergiram sobre o novo corte realizado na Taxa Selic. Vejas as opini\u00f5es.","robots":{"index":"index","follow":"follow","max-snippet":"max-snippet:-1","max-image-preview":"max-image-preview:large","max-video-preview":"max-video-preview:-1"},"canonical":"https:\/\/www.suno.com.br\/noticias\/entidades-setor-produtivo-divergem-corte-na-taxa-selic-jvj\/","og_locale":"pt_BR","og_type":"article","og_title":"Entidades do setor produtivo divergem sobre corte na taxa Selic","og_description":"Diferentes entidades do setor produtivo divergiram sobre o novo corte realizado na Taxa Selic. Vejas as opini\u00f5es.","og_url":"https:\/\/www.suno.com.br\/noticias\/entidades-setor-produtivo-divergem-corte-na-taxa-selic-jvj\/","og_site_name":"Suno Not\u00edcias","article_publisher":"https:\/\/facebook.com\/sunoresearch","og_image":[{"width":1200,"height":800,"url":"https:\/\/files.sunoresearch.com.br\/n\/uploads\/2023\/05\/selic.jpg","type":"image\/jpeg"}],"author":"Jo\u00e3o Vitor","twitter_card":"summary_large_image","twitter_creator":"@sunoresearch","twitter_site":"@sunoresearch","twitter_misc":{"Escrito por":"Jo\u00e3o Vitor","Est. tempo de leitura":"4 minutos"},"schema":{"@context":"https:\/\/schema.org","@graph":[{"@type":"NewsArticle","@id":"https:\/\/www.suno.com.br\/noticias\/entidades-setor-produtivo-divergem-corte-na-taxa-selic-jvj\/#article","isPartOf":{"@id":"https:\/\/www.suno.com.br\/noticias\/entidades-setor-produtivo-divergem-corte-na-taxa-selic-jvj\/"},"author":{"name":"Jo\u00e3o Vitor","@id":"https:\/\/www.suno.com.br\/noticias\/#\/schema\/person\/87fc6973867c52dd884811905c43afba"},"headline":"Entidades do setor produtivo divergem sobre corte na taxa de juros","datePublished":"2023-11-02T17:00:29+00:00","dateModified":"2023-11-02T17:00:43+00:00","mainEntityOfPage":{"@id":"https:\/\/www.suno.com.br\/noticias\/entidades-setor-produtivo-divergem-corte-na-taxa-selic-jvj\/"},"wordCount":653,"publisher":{"@id":"https:\/\/www.suno.com.br\/noticias\/#organization"},"image":{"@id":"https:\/\/www.suno.com.br\/noticias\/entidades-setor-produtivo-divergem-corte-na-taxa-selic-jvj\/#primaryimage"},"thumbnailUrl":"https:\/\/files.sunoresearch.com.br\/n\/uploads\/2023\/05\/selic.jpg","keywords":["taxa de juros","Taxa Selic"],"articleSection":["Economia"],"inLanguage":"pt-BR"},{"@type":"WebPage","@id":"https:\/\/www.suno.com.br\/noticias\/entidades-setor-produtivo-divergem-corte-na-taxa-selic-jvj\/","url":"https:\/\/www.suno.com.br\/noticias\/entidades-setor-produtivo-divergem-corte-na-taxa-selic-jvj\/","name":"Entidades do setor produtivo divergem sobre corte na taxa Selic","isPartOf":{"@id":"https:\/\/www.suno.com.br\/noticias\/#website"},"primaryImageOfPage":{"@id":"https:\/\/www.suno.com.br\/noticias\/entidades-setor-produtivo-divergem-corte-na-taxa-selic-jvj\/#primaryimage"},"image":{"@id":"https:\/\/www.suno.com.br\/noticias\/entidades-setor-produtivo-divergem-corte-na-taxa-selic-jvj\/#primaryimage"},"thumbnailUrl":"https:\/\/files.sunoresearch.com.br\/n\/uploads\/2023\/05\/selic.jpg","datePublished":"2023-11-02T17:00:29+00:00","dateModified":"2023-11-02T17:00:43+00:00","description":"Diferentes entidades do setor produtivo divergiram sobre o novo corte realizado na Taxa Selic. Vejas as opini\u00f5es.","breadcrumb":{"@id":"https:\/\/www.suno.com.br\/noticias\/entidades-setor-produtivo-divergem-corte-na-taxa-selic-jvj\/#breadcrumb"},"inLanguage":"pt-BR","potentialAction":[{"@type":"ReadAction","target":["https:\/\/www.suno.com.br\/noticias\/entidades-setor-produtivo-divergem-corte-na-taxa-selic-jvj\/"]}]},{"@type":"ImageObject","inLanguage":"pt-BR","@id":"https:\/\/www.suno.com.br\/noticias\/entidades-setor-produtivo-divergem-corte-na-taxa-selic-jvj\/#primaryimage","url":"https:\/\/files.sunoresearch.com.br\/n\/uploads\/2023\/05\/selic.jpg","contentUrl":"https:\/\/files.sunoresearch.com.br\/n\/uploads\/2023\/05\/selic.jpg","width":1200,"height":800,"caption":"Quais melhores investimentos para \u201csurfar\u201d a queda da Selic? - Foto: iStock"},{"@type":"BreadcrumbList","@id":"https:\/\/www.suno.com.br\/noticias\/entidades-setor-produtivo-divergem-corte-na-taxa-selic-jvj\/#breadcrumb","itemListElement":[{"@type":"ListItem","position":1,"name":"Not\u00edcias","item":"https:\/\/www.suno.com.br\/noticias\/"},{"@type":"ListItem","position":2,"name":"Economia","item":"https:\/\/www.suno.com.br\/noticias\/economia\/"},{"@type":"ListItem","position":3,"name":"Entidades do setor produtivo divergem sobre corte na taxa de juros"}]},{"@type":"WebSite","@id":"https:\/\/www.suno.com.br\/noticias\/#website","url":"https:\/\/www.suno.com.br\/noticias\/","name":"Suno Not\u00edcias","description":"Seu portal de informa\u00e7\u00e3o sobre o mundo dos investimentos","publisher":{"@id":"https:\/\/www.suno.com.br\/noticias\/#organization"},"potentialAction":[{"@type":"SearchAction","target":{"@type":"EntryPoint","urlTemplate":"https:\/\/www.suno.com.br\/noticias\/?s={search_term_string}"},"query-input":{"@type":"PropertyValueSpecification","valueRequired":true,"valueName":"search_term_string"}}],"inLanguage":"pt-BR"},{"@type":"Organization","@id":"https:\/\/www.suno.com.br\/noticias\/#organization","name":"Suno Not\u00edcias","url":"https:\/\/www.suno.com.br\/noticias\/","logo":{"@type":"ImageObject","inLanguage":"pt-BR","@id":"https:\/\/www.suno.com.br\/noticias\/#\/schema\/logo\/image\/","url":"https:\/\/files.sunoresearch.com.br\/n\/uploads\/2021\/09\/suno-logo.png","contentUrl":"https:\/\/files.sunoresearch.com.br\/n\/uploads\/2021\/09\/suno-logo.png","width":180,"height":180,"caption":"Suno Not\u00edcias"},"image":{"@id":"https:\/\/www.suno.com.br\/noticias\/#\/schema\/logo\/image\/"},"sameAs":["https:\/\/facebook.com\/sunoresearch","https:\/\/x.com\/sunoresearch","https:\/\/www.instagram.com\/suno","https:\/\/www.linkedin.com\/company\/suno-research\/","https:\/\/www.youtube.com\/c\/sunoresearch"]},{"@type":"Person","@id":"https:\/\/www.suno.com.br\/noticias\/#\/schema\/person\/87fc6973867c52dd884811905c43afba","name":"Jo\u00e3o Vitor","image":{"@type":"ImageObject","inLanguage":"pt-BR","@id":"https:\/\/www.suno.com.br\/noticias\/#\/schema\/person\/image\/","url":"https:\/\/secure.gravatar.com\/avatar\/2843227ca03ccf8cc7ccca45204c127e?s=96&r=g","contentUrl":"https:\/\/secure.gravatar.com\/avatar\/2843227ca03ccf8cc7ccca45204c127e?s=96&r=g","caption":"Jo\u00e3o Vitor"},"description":"Redator profissional, com atua\u00e7\u00e3o no mercado editorial na produ\u00e7\u00e3o de not\u00edcias e conte\u00fados sobre o mercado de a\u00e7\u00f5es, fundos imobili\u00e1rios e economia popular. Graduando em Engenharia Qu\u00edmica pela Unesp, tamb\u00e9m j\u00e1 atuou como consultor financeiro.","url":"https:\/\/www.suno.com.br\/noticias\/author\/joao-vitor-jacintho\/"}]}},"default_loop_html":"<div class=\"cardsPage__listCard__boxs\"><div class=\"cardsPage__listCard__boxs__img\"><a href=\"https:\/\/www.suno.com.br\/noticias\/entidades-setor-produtivo-divergem-corte-na-taxa-selic-jvj\/\"><img class=\"mask\" src=\"https:\/\/www.suno.com.br\/noticias\/wp-content\/themes\/suno\/resources\/images\/spotlight\/spotlight1img\/bg-mask.png\" alt=\"Image Mask\"\/><img src=\"https:\/\/files.sunoresearch.com.br\/n\/uploads\/2023\/05\/selic-400x200.jpg\" alt=\"Entidades do setor produtivo divergem sobre corte na taxa de juros\"\/><\/a><span class=\"spotlightCategory\"><a href=\"https:\/\/www.suno.com.br\/noticias\/economia\/\">Economia<\/a><\/span><\/div><div class=\"cardsPage__listCard__boxs__content\"><a href=\"https:\/\/www.suno.com.br\/noticias\/entidades-setor-produtivo-divergem-corte-na-taxa-selic-jvj\/\"><h2 class=\"content__title\">Entidades do setor produtivo divergem sobre corte na taxa de juros<\/h2><\/a><div class=\"newsContent__article__meta\"><div class=\"newsContent__article__meta__authorBox\"><a href=\"https:\/\/www.suno.com.br\/noticias\/author\/joao-vitor-jacintho\/\" class=\"authorBox__avatar noMobi\"><img src=\"https:\/\/secure.gravatar.com\/avatar\/2843227ca03ccf8cc7ccca45204c127e?s=96&#038;r=g\" alt=\"Jo\u00e3o Vitor Jacintho\"><\/a><div class=\"authorBox__name\"><span>por\n\t\t\t<a href=\"https:\/\/www.suno.com.br\/noticias\/author\/joao-vitor-jacintho\/\"><span itemprop=\"author\">Jo\u00e3o Vitor Jacintho<\/span><\/a><\/span><time datetime=\"2023-11-02T14:00:29-03:00\" itemprop=\"datePublished\">02\/11\/2023 14:00<\/time><\/div><\/div><\/div><\/div><\/div>","single_layout":"posts","amp_enabled":true,"_links":{"self":[{"href":"https:\/\/www.suno.com.br\/noticias\/wp-json\/wp\/v2\/posts\/480257"}],"collection":[{"href":"https:\/\/www.suno.com.br\/noticias\/wp-json\/wp\/v2\/posts"}],"about":[{"href":"https:\/\/www.suno.com.br\/noticias\/wp-json\/wp\/v2\/types\/post"}],"author":[{"embeddable":true,"href":"https:\/\/www.suno.com.br\/noticias\/wp-json\/wp\/v2\/users\/173"}],"replies":[{"embeddable":true,"href":"https:\/\/www.suno.com.br\/noticias\/wp-json\/wp\/v2\/comments?post=480257"}],"version-history":[{"count":3,"href":"https:\/\/www.suno.com.br\/noticias\/wp-json\/wp\/v2\/posts\/480257\/revisions"}],"predecessor-version":[{"id":480361,"href":"https:\/\/www.suno.com.br\/noticias\/wp-json\/wp\/v2\/posts\/480257\/revisions\/480361"}],"wp:featuredmedia":[{"embeddable":true,"href":"https:\/\/www.suno.com.br\/noticias\/wp-json\/wp\/v2\/media\/408708"}],"wp:attachment":[{"href":"https:\/\/www.suno.com.br\/noticias\/wp-json\/wp\/v2\/media?parent=480257"}],"wp:term":[{"taxonomy":"category","embeddable":true,"href":"https:\/\/www.suno.com.br\/noticias\/wp-json\/wp\/v2\/categories?post=480257"},{"taxonomy":"post_tag","embeddable":true,"href":"https:\/\/www.suno.com.br\/noticias\/wp-json\/wp\/v2\/tags?post=480257"},{"taxonomy":"suno_strategy","embeddable":true,"href":"https:\/\/www.suno.com.br\/noticias\/wp-json\/wp\/v2\/suno_strategy?post=480257"}],"curies":[{"name":"wp","href":"https:\/\/api.w.org\/{rel}","templated":true}]}}