{"id":480234,"date":"2023-11-01T21:12:15","date_gmt":"2023-11-02T00:12:15","guid":{"rendered":"https:\/\/www.suno.com.br\/noticias\/?p=480234"},"modified":"2023-11-01T21:12:19","modified_gmt":"2023-11-02T00:12:19","slug":"copom-meta-fiscal-cortes-selic-mal","status":"publish","type":"post","link":"https:\/\/www.suno.com.br\/noticias\/copom-meta-fiscal-cortes-selic-mal\/","title":{"rendered":"Comunicado do Copom: discuss\u00e3o sobre meta fiscal do governo pode atrapalhar ritmo de cortes da Selic?"},"content":{"rendered":"<p>O <strong>Copom <\/strong>reduziu nesta quarta (1\u00ba) a taxa Selic, agora a 12,25% ao ano. O comportamento dos pre\u00e7os fez o Banco Central (BC) cortar os juros pela terceira vez seguida. Por unanimidade, o Comit\u00ea de Pol\u00edtica Monet\u00e1ria (Copom) reduziu a taxa Selic, juros b\u00e1sicos da economia, em 0,5 ponto percentual, para 12,25% ao ano. A decis\u00e3o, anunciada na tarde desta quarta-feira (1\u00ba), era esperada pelos analistas financeiros, que esperavam pelo comunicado do BC. O texto veio no tom certo para os economistas &#8211; e mostra, segundo eles, que o Copom, al\u00e9m da infla\u00e7\u00e3o, monitora ainda mais as medidas do governo pelo equil\u00edbrio fiscal, ou o descumprimento delas<\/p>\t<div class=\"wrapper-featured-image\">\n\t\t<figure class=\"spotlightImg\">\n\n\t\t\t<picture>\n\t\t\t\t<source media=\"(max-width: 768px)\" srcset=\"https:\/\/files.sunoresearch.com.br\/n\/uploads\/2021\/11\/banco_central_sede-400x200.jpg\">\n\t\t\t\t<img loading=\"lazy\" decoding=\"async\" class=\"newsContent__article__imgCapa lazyloadDisabled \" src=\"https:\/\/files.sunoresearch.com.br\/n\/uploads\/2021\/11\/banco_central_sede-800x450.jpg\" width=\"800\" height=\"450\" alt=\"Comunicado do Copom: discuss\u00e3o sobre meta fiscal do governo pode atrapalhar ritmo de cortes da Selic?\" fetchpriority=high \/>\n\t\t\t<\/picture>\n\n\t\t\t<figcaption class=\"wp-caption-text wp-caption-text--show\">Ata do Copom. Foto: Marcello Casal Jr.\/Ag\u00eancia Brasil<\/figcaption>\n\t\t<\/figure>\n\t<\/div>\n\n\n\n\n\n\t<p>\n\t\t<a href=\"\" target=\"_blank\" data-element=\"shortcode-suno-banner\" title=\"Banner SUNO, clique e saiba mais\">\n\t\t\t<picture>\n\t\t\t\t<source media=\"(max-width: 500px)\" srcset=\"\">\n\t\t\t\t<img class=\"newsContent__article__imgCapa newsContent__article__imgCapa--banner\"\n\t\t\t\t\tsrc=\"\"\n\t\t\t\t\tdata-promo-id=\"240038\"\t\t\t\t\t\t\t\t\t\t\t\t\t\t\talt=\"\"\n\t\t\t\t>\n\t\t\t<\/picture>\n\t\t<\/a>\n\t<\/p>\n\n\n\n\n\n\n\n<p>De mar\u00e7o de 2021 a agosto de 2022, o Copom elevou a<strong> taxa Selic<\/strong> por 12 vezes consecutivas, num ciclo de aperto monet\u00e1rio que come\u00e7ou em meio \u00e0 <strong>alta dos pre\u00e7os<\/strong> de alimentos, de energia e de combust\u00edveis. Por um ano, de agosto do ano passado a agosto deste ano, a taxa foi mantida em 13,75% ao ano por sete vezes seguidas.&#8221;<\/p>\n\n\n\n<p>Vinicius Moura, economista e s\u00f3cio da Matriz Capital, comenta o <strong>corte da Selic<\/strong> anunciado hoje: &#8220;A <strong>decis\u00e3o do Copom<\/strong> veio dentro do esperado, sem surpresas. Chamam a aten\u00e7\u00e3o no comunicado alguns pontos bem importantes que foram destacados, principalmente sobre a necessidade do cumprimento das metas fiscais j\u00e1 estabelecidas pelo pr\u00f3prio governo para a continua\u00e7\u00e3o do ciclo de queda de juros.&#8221; <\/p>\n\n\n\n<h2 class=\"wp-block-heading\">Copom deve levar Selic at\u00e9 que patamar?<\/h2>\n\n\n\n<p>Moura explica: &#8220;Trazendo esses pontos, essas necessidades, o Copom mostra que essas <strong>metas fiscais<\/strong> precisam ser atingidas para que o <strong>BC<\/strong> possa seguir o mesmo ritmo de <strong>redu\u00e7\u00e3o de juros<\/strong>. A expectativa que a gente tem para o pr\u00f3ximo ano \u00e9 de uma taxa de por volta de 9,5% e fica claro que, para que ocorra isso, ser\u00e3o necess\u00e1rios alguns discursos que ressaltem o compromisso do governo com as metas fiscais.&#8221;<\/p>\n\n\n\n<p>O analista da Matriz prossegue: &#8220;A ideia que passa \u00e9 que o governo precisa ficar comprometido com essa quest\u00e3o do d\u00e9ficit zero. Caso os compromissos fiscais n\u00e3o sejam cumpridos da forma como planejado, o BC pode precisar rever a rota. Ent\u00e3o, acredito que seja um primeiro sinal de, caso isso n\u00e3o seja cumprido, possamos ter a\u00ed uma reprecifica\u00e7\u00e3o l\u00e1 na frente.&#8221;<\/p>\n\n\n\n<p>Moura tamb\u00e9m menciona as incertezas externas relacionadas pelo Copom: &#8220;Um outro ponto importante que os membros do Copom destacaram mais uma vez s\u00e3o as tens\u00f5es geopol\u00edticas, principalmente com o conflito no Oriente M\u00e9dio, e o impacto que isso pode que pode causar nas economias. \u00c9 importante a gente estar de olho nesses pontos porque qualquer movimento brusco que aconte\u00e7a no Oriente M\u00e9dio a gente tem a\u00ed, de cara, um aumento do petr\u00f3leo de cara. Ent\u00e3o a preocupa\u00e7\u00e3o por essas tens\u00f5es \u00e9 importante e o comit\u00ea do BC deixa claro que est\u00e1 atento a isso.&#8221;<\/p>\n\n\n\n\t<div data-element=\"shortcode-read-more\" class=\"readToo\">\n\t\t\t\t<span class=\"readToo__title\">Leia mais<\/span>\n\t\t\t\t<ul class=\"readToo__list\">\n\t\t\t<li><a href=\"https:\/\/www.suno.com.br\/noticias\/copom-repercussao-novembro-2023-selic-cenario-externo-ar\/\">Copom: preocupa\u00e7\u00e3o com exterior \u00e9 maior que sobre cen\u00e1rio fiscal interno, dizem economistas. E como ficar\u00e1 a Selic em 2024?<\/a><\/li><li><a href=\"https:\/\/www.suno.com.br\/noticias\/magazine-luiza-mglu3-varejista-selic-gpj\/\">Magazine Luiza (MGLU3): o que esperar da  varejista ap\u00f3s mais um corte da Selic?<\/a><\/li><li><a href=\"https:\/\/www.suno.com.br\/noticias\/copom-decisao-taxa-selic-novembro-2023\/\">Copom corta pela 3\u00aa vez seguida a taxa Selic em 0,5 pp, para 12,25% ao ano; entenda os motivos<\/a><\/li>\t\t<\/ul>\n\t<\/div>\n\n\n\n\n<p>E conclui: &#8220;Veio uma ata bem em linha com as expectativas. Eu entendo que eles viram a import\u00e2ncia de ser destacada a quest\u00e3o da d\u00edvida p\u00fablica, para que a gente n\u00e3o tenha um aumento das expectativas inflacion\u00e1rias. Veio um tom bem brando, mas destacando os fatores de risco principais.&#8221;<\/p>\n\n\n\t<p>\n\t\t<a href=\"https:\/\/lp.suno.com.br\/ebook-gratuito-investindo-no-exterior\/\" target=\"_blank\" data-element=\"shortcode-suno-banner\" title=\"Banner SUNO, clique e saiba mais\">\n\t\t\t<picture>\n\t\t\t\t<source media=\"(max-width: 500px)\" srcset=\"https:\/\/files.sunoresearch.com.br\/n\/uploads\/2023\/03\/400x300-Investindo-no-exterior.png\">\n\t\t\t\t<img class=\"newsContent__article__imgCapa newsContent__article__imgCapa--banner\"\n\t\t\t\t\tsrc=\"https:\/\/files.sunoresearch.com.br\/n\/uploads\/2023\/03\/1420x240-Investindo-no-exterior.png\"\n\t\t\t\t\tdata-promo-id=\"383161\"\t\t\t\t\t\t\t\t\t\twidth='1420' height='240'\t\t\t\t\talt=\"https:\/\/files.sunoresearch.com.br\/n\/uploads\/2023\/03\/1420x240-Investindo-no-exterior.png\"\n\t\t\t\t>\n\t\t\t<\/picture>\n\t\t<\/a>\n\t<\/p>\n\n\n\n\n\n<h2 class=\"wp-block-heading\">D\u00favida sobre a manuten\u00e7\u00e3o do ritmo de cortes da Selic<\/h2>\n\n\n\n<p>Lucas Farina, analista econ\u00f4mico da Genial Investimentos, tamb\u00e9m observa a preocupa\u00e7\u00e3o com o exterior explicado no comunicado do Copom: &#8220;Houve mais \u00eanfase \u00e0 piora do cen\u00e1rio internacional nesse meio tempo. A grande d\u00favida de hoje, que era se a sinaliza\u00e7\u00e3o de corte de 50 bps, seria s\u00f3 para dezembro ou se seria estendida tamb\u00e9m para janeiro, foi sanada no pen\u00faltimo par\u00e1grafo, quando o Comunicado mant\u00e9m o plural no seguinte trecho: &#8216;Em se confirmando o cen\u00e1rio esperado, os membros do Comit\u00ea, unanimemente, anteveem redu\u00e7\u00e3o de mesma magnitude nas pr\u00f3ximas reuni\u00f5es e avaliam que esse \u00e9 o ritmo apropriado para manter a pol\u00edtica monet\u00e1ria contracionista necess\u00e1ria para o processo desinflacion\u00e1rio'&#8221;.<\/p>\n\n\n\n<p>Farina nota um detalhe do texto do BC: &#8220;Apesar de ter mantido o ritmo de cortes em 50 bps para al\u00e9m da reuni\u00e3o de dezembro, adentrando tamb\u00e9m o ano de 2024, a sensa\u00e7\u00e3o passada foi que o Comunicado foi mais &#8216;hawkish&#8217;. Por exemplo, o comunicado n\u00e3o celebra o fato que a expectativa de infla\u00e7\u00e3o medida pela Pesquisa Focus para este ano caiu para 4,6%, abaixo do teto da meta de 4,75%, o que vai evitar com que o Banco Central tenha que escrever pelo terceiro ano consecutivo a carta endere\u00e7ado ao Minist\u00e9rio da Fazenda explicando os motivos do descumprimento da meta.&#8221;<\/p>\n\n\n\n<p>Outro ponto que o comunicado tamb\u00e9m n\u00e3o celebra, diz ainda Farina, \u00e9 a &#8220;melhora da composi\u00e7\u00e3o da infla\u00e7\u00e3o nas \u00faltimas leituras, principalmente dos servi\u00e7os subjacentes e das m\u00e9tricas de n\u00facleo&#8221;. <\/p>\n\n\n\n<p>Ele explica: &#8220;A interrup\u00e7\u00e3o do movimento de reancoragem das expectativas de infla\u00e7\u00e3o tamb\u00e9m parece estar incomodando bastante o Banco Central, principalmente para os anos de 2025 e 2026. Nesse comunicado, foi adicionada a palavra &#8216;apenas&#8217; no trecho &#8216;expectativas de infla\u00e7\u00e3o com reancoragem apenas parcial e um cen\u00e1rio global desafiador&#8217;. A adi\u00e7\u00e3o dessa palavra em uma frase de teor mais &#8216;hawkish&#8217; evidencia o inc\u00f4modo do Banco Central com essa desancoragem das expectativas.&#8221;<\/p>\n\n\n\n<p>Ricardo Jorge, especialista em renda fixa e s\u00f3cio da Quantzed, casa de an\u00e1lise e empresa de tecnologia e educa\u00e7\u00e3o para investidores, observa: &#8220;A grande d\u00favida ficava sobre como seria o comunicado dado os eventos do final da semana passada e dessa semana com a <a href=\"https:\/\/www.suno.com.br\/noticias\/lula-recusa-cortes-orcamento-meta-fiscal-governo-cpf\/\">declara\u00e7\u00e3o do Lula sobre meta fiscal<\/a>. O Banco Central, pelo menos na minha leitura, n\u00e3o deu nem mais nem menos import\u00e2ncia \u00e0 quest\u00e3o do fiscal, mesmo com esse cen\u00e1rio mais conturbado depois do que o Lula falou na sexta e todo o desenrolar dessa hist\u00f3ria durante essa semana com o ministro Haddad. Ent\u00e3o a postura do Banco Central com rela\u00e7\u00e3o ao fiscal segue com preocupa\u00e7\u00e3o, reafirmando que o fiscal \u00e9 um ponto importante para a condu\u00e7\u00e3o de pol\u00edtica monet\u00e1ria.&#8221;<\/p>\n\n\n\n<p>Ele complementa: &#8220;A \u00fanica novidade foi em rela\u00e7\u00e3o \u00e0s expectativas para os pr\u00f3ximos anos. Percebi que o Banco Central tem uma leitura mais positiva para os indicadores para os anos que ainda v\u00e3o vir. De maneira geral, sem grandes modifica\u00e7\u00f5es no comunicado em rela\u00e7\u00e3o ao comunicado anterior, nenhuma surpresa com rela\u00e7\u00e3o ao fiscal. Agora \u00e9 aguardar a ata do<strong> Copom<\/strong> na semana que vem para ver se traz mais algum detalhe a respeito do que foi comentado hoje. O comit\u00ea continua achando apropriado que o pace de 0,50 \u00e9 algo a ser mantido. O BC continua observando com cautela o contexto macroecon\u00f4mico nos Estados Unidos e o que a gente tem acompanhado de maneira geral no cen\u00e1rio externo como a guerra no Oriente M\u00e9dio.&#8221;<\/p>\n\n\n\t<p>\n\t\t<a href=\"https:\/\/lp.suno.com.br\/planilha-da-vida-financeira\/\" target=\"_blank\" data-element=\"shortcode-suno-banner\" title=\"Banner SUNO, clique e saiba mais\">\n\t\t\t<picture>\n\t\t\t\t<source media=\"(max-width: 500px)\" srcset=\"https:\/\/files.sunoresearch.com.br\/n\/uploads\/2023\/04\/400x300-Planilha-vida-financeira-true.png\">\n\t\t\t\t<img class=\"newsContent__article__imgCapa newsContent__article__imgCapa--banner\"\n\t\t\t\t\tsrc=\"https:\/\/files.sunoresearch.com.br\/n\/uploads\/2023\/04\/1420x240-Planilha-vida-financeira-true.png\"\n\t\t\t\t\tdata-promo-id=\"383123\"\t\t\t\t\t\t\t\t\t\twidth='1420' height='240'\t\t\t\t\talt=\"https:\/\/files.sunoresearch.com.br\/n\/uploads\/2023\/04\/1420x240-Planilha-vida-financeira-true.png\"\n\t\t\t\t>\n\t\t\t<\/picture>\n\t\t<\/a>\n\t<\/p>\n\n\n","protected":false},"excerpt":{"rendered":"<p>O Copom reduziu nesta quarta (1\u00ba) a taxa Selic, agora a 12,25% ao ano. O comportamento dos pre\u00e7os fez o Banco Central (BC) cortar os juros pela terceira vez seguida. Por unanimidade, o Comit\u00ea de Pol\u00edtica Monet\u00e1ria (Copom) reduziu a taxa Selic, juros b\u00e1sicos da economia, em 0,5 ponto percentual, para 12,25% ao ano. A [&hellip;]<\/p>\n","protected":false},"author":98,"featured_media":200420,"comment_status":"closed","ping_status":"closed","sticky":false,"template":"","format":"standard","meta":[],"categories":[62],"tags":[1842,1104,1752,290],"suno_strategy":[],"class_list":["post-480234","post","type-post","status-publish","format-standard","has-post-thumbnail","hentry","category-economia","tag-banco-central-bc","tag-copom","tag-taxa-de-juros","tag-taxa-selic"],"yoast_head":"<!-- This site is optimized with the Yoast SEO plugin v24.4 - https:\/\/yoast.com\/wordpress\/plugins\/seo\/ -->\n<title>Copom: meta fiscal pode atrapalhar ritmo de cortes da Selic?<\/title>\n<meta name=\"description\" content=\"Segundo economistas, al\u00e9m da infla\u00e7\u00e3o, Copom monitora ainda mais as medidas do governo pelo equil\u00edbrio fiscal para balizar cortes.\" \/>\n<meta name=\"robots\" content=\"index, follow, max-snippet:-1, max-image-preview:large, max-video-preview:-1\" \/>\n<link rel=\"canonical\" href=\"https:\/\/www.suno.com.br\/noticias\/copom-meta-fiscal-cortes-selic-mal\/\" \/>\n<meta property=\"og:locale\" content=\"pt_BR\" \/>\n<meta property=\"og:type\" content=\"article\" \/>\n<meta property=\"og:title\" content=\"Copom: meta fiscal pode atrapalhar ritmo de cortes da Selic?\" \/>\n<meta property=\"og:description\" content=\"Segundo economistas, al\u00e9m da infla\u00e7\u00e3o, Copom monitora ainda mais as medidas do governo pelo equil\u00edbrio fiscal para balizar cortes.\" \/>\n<meta property=\"og:url\" content=\"https:\/\/www.suno.com.br\/noticias\/copom-meta-fiscal-cortes-selic-mal\/\" \/>\n<meta property=\"og:site_name\" content=\"Suno Not\u00edcias\" \/>\n<meta property=\"article:publisher\" content=\"https:\/\/facebook.com\/sunoresearch\" \/>\n<meta property=\"og:image\" content=\"https:\/\/files.sunoresearch.com.br\/n\/uploads\/2021\/11\/banco_central_sede-scaled.jpg\" \/>\n\t<meta property=\"og:image:width\" content=\"2560\" \/>\n\t<meta property=\"og:image:height\" content=\"1704\" \/>\n\t<meta property=\"og:image:type\" content=\"image\/jpeg\" \/>\n<meta name=\"author\" content=\"Marco Ant\u00f4nio Lopes\" \/>\n<meta name=\"twitter:card\" content=\"summary_large_image\" \/>\n<meta name=\"twitter:creator\" content=\"@sunoresearch\" \/>\n<meta name=\"twitter:site\" content=\"@sunoresearch\" \/>\n<meta name=\"twitter:label1\" content=\"Escrito por\" \/>\n\t<meta name=\"twitter:data1\" content=\"Marco Ant\u00f4nio Lopes\" \/>\n\t<meta name=\"twitter:label2\" content=\"Est. tempo de leitura\" \/>\n\t<meta name=\"twitter:data2\" content=\"6 minutos\" \/>\n<script type=\"application\/ld+json\" class=\"yoast-schema-graph\">{\"@context\":\"https:\/\/schema.org\",\"@graph\":[{\"@type\":\"NewsArticle\",\"@id\":\"https:\/\/www.suno.com.br\/noticias\/copom-meta-fiscal-cortes-selic-mal\/#article\",\"isPartOf\":{\"@id\":\"https:\/\/www.suno.com.br\/noticias\/copom-meta-fiscal-cortes-selic-mal\/\"},\"author\":{\"name\":\"Marco Ant\u00f4nio Lopes\",\"@id\":\"https:\/\/www.suno.com.br\/noticias\/#\/schema\/person\/829bbe8d57f84333b966b96229c6bf5f\"},\"headline\":\"Comunicado do Copom: discuss\u00e3o sobre meta fiscal do governo pode atrapalhar ritmo de cortes da Selic?\",\"datePublished\":\"2023-11-02T00:12:15+00:00\",\"dateModified\":\"2023-11-02T00:12:19+00:00\",\"mainEntityOfPage\":{\"@id\":\"https:\/\/www.suno.com.br\/noticias\/copom-meta-fiscal-cortes-selic-mal\/\"},\"wordCount\":1186,\"publisher\":{\"@id\":\"https:\/\/www.suno.com.br\/noticias\/#organization\"},\"image\":{\"@id\":\"https:\/\/www.suno.com.br\/noticias\/copom-meta-fiscal-cortes-selic-mal\/#primaryimage\"},\"thumbnailUrl\":\"https:\/\/files.sunoresearch.com.br\/n\/uploads\/2021\/11\/banco_central_sede-scaled.jpg\",\"keywords\":[\"Banco Central (BC)\",\"Copom\",\"taxa de juros\",\"Taxa Selic\"],\"articleSection\":[\"Economia\"],\"inLanguage\":\"pt-BR\"},{\"@type\":\"WebPage\",\"@id\":\"https:\/\/www.suno.com.br\/noticias\/copom-meta-fiscal-cortes-selic-mal\/\",\"url\":\"https:\/\/www.suno.com.br\/noticias\/copom-meta-fiscal-cortes-selic-mal\/\",\"name\":\"Copom: meta fiscal pode atrapalhar ritmo de cortes da Selic?\",\"isPartOf\":{\"@id\":\"https:\/\/www.suno.com.br\/noticias\/#website\"},\"primaryImageOfPage\":{\"@id\":\"https:\/\/www.suno.com.br\/noticias\/copom-meta-fiscal-cortes-selic-mal\/#primaryimage\"},\"image\":{\"@id\":\"https:\/\/www.suno.com.br\/noticias\/copom-meta-fiscal-cortes-selic-mal\/#primaryimage\"},\"thumbnailUrl\":\"https:\/\/files.sunoresearch.com.br\/n\/uploads\/2021\/11\/banco_central_sede-scaled.jpg\",\"datePublished\":\"2023-11-02T00:12:15+00:00\",\"dateModified\":\"2023-11-02T00:12:19+00:00\",\"description\":\"Segundo economistas, al\u00e9m da infla\u00e7\u00e3o, Copom monitora ainda mais as medidas do governo pelo equil\u00edbrio fiscal para balizar cortes.\",\"breadcrumb\":{\"@id\":\"https:\/\/www.suno.com.br\/noticias\/copom-meta-fiscal-cortes-selic-mal\/#breadcrumb\"},\"inLanguage\":\"pt-BR\",\"potentialAction\":[{\"@type\":\"ReadAction\",\"target\":[\"https:\/\/www.suno.com.br\/noticias\/copom-meta-fiscal-cortes-selic-mal\/\"]}]},{\"@type\":\"ImageObject\",\"inLanguage\":\"pt-BR\",\"@id\":\"https:\/\/www.suno.com.br\/noticias\/copom-meta-fiscal-cortes-selic-mal\/#primaryimage\",\"url\":\"https:\/\/files.sunoresearch.com.br\/n\/uploads\/2021\/11\/banco_central_sede-scaled.jpg\",\"contentUrl\":\"https:\/\/files.sunoresearch.com.br\/n\/uploads\/2021\/11\/banco_central_sede-scaled.jpg\",\"width\":2560,\"height\":1704,\"caption\":\"Ata do Copom. Foto: Marcello Casal Jr.\/Ag\u00eancia Brasil\"},{\"@type\":\"BreadcrumbList\",\"@id\":\"https:\/\/www.suno.com.br\/noticias\/copom-meta-fiscal-cortes-selic-mal\/#breadcrumb\",\"itemListElement\":[{\"@type\":\"ListItem\",\"position\":1,\"name\":\"Not\u00edcias\",\"item\":\"https:\/\/www.suno.com.br\/noticias\/\"},{\"@type\":\"ListItem\",\"position\":2,\"name\":\"Economia\",\"item\":\"https:\/\/www.suno.com.br\/noticias\/economia\/\"},{\"@type\":\"ListItem\",\"position\":3,\"name\":\"Comunicado do Copom: discuss\u00e3o sobre meta fiscal do governo pode atrapalhar ritmo de cortes da Selic?\"}]},{\"@type\":\"WebSite\",\"@id\":\"https:\/\/www.suno.com.br\/noticias\/#website\",\"url\":\"https:\/\/www.suno.com.br\/noticias\/\",\"name\":\"Suno Not\u00edcias\",\"description\":\"Seu portal de informa\u00e7\u00e3o sobre o mundo dos investimentos\",\"publisher\":{\"@id\":\"https:\/\/www.suno.com.br\/noticias\/#organization\"},\"potentialAction\":[{\"@type\":\"SearchAction\",\"target\":{\"@type\":\"EntryPoint\",\"urlTemplate\":\"https:\/\/www.suno.com.br\/noticias\/?s={search_term_string}\"},\"query-input\":{\"@type\":\"PropertyValueSpecification\",\"valueRequired\":true,\"valueName\":\"search_term_string\"}}],\"inLanguage\":\"pt-BR\"},{\"@type\":\"Organization\",\"@id\":\"https:\/\/www.suno.com.br\/noticias\/#organization\",\"name\":\"Suno Not\u00edcias\",\"url\":\"https:\/\/www.suno.com.br\/noticias\/\",\"logo\":{\"@type\":\"ImageObject\",\"inLanguage\":\"pt-BR\",\"@id\":\"https:\/\/www.suno.com.br\/noticias\/#\/schema\/logo\/image\/\",\"url\":\"https:\/\/files.sunoresearch.com.br\/n\/uploads\/2021\/09\/suno-logo.png\",\"contentUrl\":\"https:\/\/files.sunoresearch.com.br\/n\/uploads\/2021\/09\/suno-logo.png\",\"width\":180,\"height\":180,\"caption\":\"Suno Not\u00edcias\"},\"image\":{\"@id\":\"https:\/\/www.suno.com.br\/noticias\/#\/schema\/logo\/image\/\"},\"sameAs\":[\"https:\/\/facebook.com\/sunoresearch\",\"https:\/\/x.com\/sunoresearch\",\"https:\/\/www.instagram.com\/suno\",\"https:\/\/www.linkedin.com\/company\/suno-research\/\",\"https:\/\/www.youtube.com\/c\/sunoresearch\"]},{\"@type\":\"Person\",\"@id\":\"https:\/\/www.suno.com.br\/noticias\/#\/schema\/person\/829bbe8d57f84333b966b96229c6bf5f\",\"name\":\"Marco Ant\u00f4nio Lopes\",\"image\":{\"@type\":\"ImageObject\",\"inLanguage\":\"pt-BR\",\"@id\":\"https:\/\/www.suno.com.br\/noticias\/#\/schema\/person\/image\/\",\"url\":\"https:\/\/secure.gravatar.com\/avatar\/385167b012fbc1cde32c5446ee253313?s=96&r=g\",\"contentUrl\":\"https:\/\/secure.gravatar.com\/avatar\/385167b012fbc1cde32c5446ee253313?s=96&r=g\",\"caption\":\"Marco Ant\u00f4nio Lopes\"},\"description\":\"Jornalista, \u00e9 editor no Suno Not\u00edcias. Trabalhou nas revistas Playboy, Super, Veja Comer &amp; Beber, Homem Vogue e Universo Masculino, al\u00e9m dos portais Abril.com, R7, nas editorias de Home, Esportes, Hora 7, Entretenimento e Geral, e Eu Quero Investir. Autor do livro Bruce Lee: Definitivo (Editora Conrad). Colaborou nas revistas Nova, Veja SP, Grandes Guerras, Placar, Bizz, Casa Claudia e Quatro Rodas.\",\"url\":\"https:\/\/www.suno.com.br\/noticias\/author\/marco-lopes\/\"}]}<\/script>\n<!-- \/ Yoast SEO plugin. -->","yoast_head_json":{"title":"Copom: meta fiscal pode atrapalhar ritmo de cortes da Selic?","description":"Segundo economistas, al\u00e9m da infla\u00e7\u00e3o, Copom monitora ainda mais as medidas do governo pelo equil\u00edbrio fiscal para balizar cortes.","robots":{"index":"index","follow":"follow","max-snippet":"max-snippet:-1","max-image-preview":"max-image-preview:large","max-video-preview":"max-video-preview:-1"},"canonical":"https:\/\/www.suno.com.br\/noticias\/copom-meta-fiscal-cortes-selic-mal\/","og_locale":"pt_BR","og_type":"article","og_title":"Copom: meta fiscal pode atrapalhar ritmo de cortes da Selic?","og_description":"Segundo economistas, al\u00e9m da infla\u00e7\u00e3o, Copom monitora ainda mais as medidas do governo pelo equil\u00edbrio fiscal para balizar cortes.","og_url":"https:\/\/www.suno.com.br\/noticias\/copom-meta-fiscal-cortes-selic-mal\/","og_site_name":"Suno Not\u00edcias","article_publisher":"https:\/\/facebook.com\/sunoresearch","og_image":[{"width":2560,"height":1704,"url":"https:\/\/files.sunoresearch.com.br\/n\/uploads\/2021\/11\/banco_central_sede-scaled.jpg","type":"image\/jpeg"}],"author":"Marco Ant\u00f4nio Lopes","twitter_card":"summary_large_image","twitter_creator":"@sunoresearch","twitter_site":"@sunoresearch","twitter_misc":{"Escrito por":"Marco Ant\u00f4nio Lopes","Est. tempo de leitura":"6 minutos"},"schema":{"@context":"https:\/\/schema.org","@graph":[{"@type":"NewsArticle","@id":"https:\/\/www.suno.com.br\/noticias\/copom-meta-fiscal-cortes-selic-mal\/#article","isPartOf":{"@id":"https:\/\/www.suno.com.br\/noticias\/copom-meta-fiscal-cortes-selic-mal\/"},"author":{"name":"Marco Ant\u00f4nio Lopes","@id":"https:\/\/www.suno.com.br\/noticias\/#\/schema\/person\/829bbe8d57f84333b966b96229c6bf5f"},"headline":"Comunicado do Copom: discuss\u00e3o sobre meta fiscal do governo pode atrapalhar ritmo de cortes da Selic?","datePublished":"2023-11-02T00:12:15+00:00","dateModified":"2023-11-02T00:12:19+00:00","mainEntityOfPage":{"@id":"https:\/\/www.suno.com.br\/noticias\/copom-meta-fiscal-cortes-selic-mal\/"},"wordCount":1186,"publisher":{"@id":"https:\/\/www.suno.com.br\/noticias\/#organization"},"image":{"@id":"https:\/\/www.suno.com.br\/noticias\/copom-meta-fiscal-cortes-selic-mal\/#primaryimage"},"thumbnailUrl":"https:\/\/files.sunoresearch.com.br\/n\/uploads\/2021\/11\/banco_central_sede-scaled.jpg","keywords":["Banco Central (BC)","Copom","taxa de juros","Taxa Selic"],"articleSection":["Economia"],"inLanguage":"pt-BR"},{"@type":"WebPage","@id":"https:\/\/www.suno.com.br\/noticias\/copom-meta-fiscal-cortes-selic-mal\/","url":"https:\/\/www.suno.com.br\/noticias\/copom-meta-fiscal-cortes-selic-mal\/","name":"Copom: meta fiscal pode atrapalhar ritmo de cortes da Selic?","isPartOf":{"@id":"https:\/\/www.suno.com.br\/noticias\/#website"},"primaryImageOfPage":{"@id":"https:\/\/www.suno.com.br\/noticias\/copom-meta-fiscal-cortes-selic-mal\/#primaryimage"},"image":{"@id":"https:\/\/www.suno.com.br\/noticias\/copom-meta-fiscal-cortes-selic-mal\/#primaryimage"},"thumbnailUrl":"https:\/\/files.sunoresearch.com.br\/n\/uploads\/2021\/11\/banco_central_sede-scaled.jpg","datePublished":"2023-11-02T00:12:15+00:00","dateModified":"2023-11-02T00:12:19+00:00","description":"Segundo economistas, al\u00e9m da infla\u00e7\u00e3o, Copom monitora ainda mais as medidas do governo pelo equil\u00edbrio fiscal para balizar cortes.","breadcrumb":{"@id":"https:\/\/www.suno.com.br\/noticias\/copom-meta-fiscal-cortes-selic-mal\/#breadcrumb"},"inLanguage":"pt-BR","potentialAction":[{"@type":"ReadAction","target":["https:\/\/www.suno.com.br\/noticias\/copom-meta-fiscal-cortes-selic-mal\/"]}]},{"@type":"ImageObject","inLanguage":"pt-BR","@id":"https:\/\/www.suno.com.br\/noticias\/copom-meta-fiscal-cortes-selic-mal\/#primaryimage","url":"https:\/\/files.sunoresearch.com.br\/n\/uploads\/2021\/11\/banco_central_sede-scaled.jpg","contentUrl":"https:\/\/files.sunoresearch.com.br\/n\/uploads\/2021\/11\/banco_central_sede-scaled.jpg","width":2560,"height":1704,"caption":"Ata do Copom. Foto: Marcello Casal Jr.\/Ag\u00eancia Brasil"},{"@type":"BreadcrumbList","@id":"https:\/\/www.suno.com.br\/noticias\/copom-meta-fiscal-cortes-selic-mal\/#breadcrumb","itemListElement":[{"@type":"ListItem","position":1,"name":"Not\u00edcias","item":"https:\/\/www.suno.com.br\/noticias\/"},{"@type":"ListItem","position":2,"name":"Economia","item":"https:\/\/www.suno.com.br\/noticias\/economia\/"},{"@type":"ListItem","position":3,"name":"Comunicado do Copom: discuss\u00e3o sobre meta fiscal do governo pode atrapalhar ritmo de cortes da Selic?"}]},{"@type":"WebSite","@id":"https:\/\/www.suno.com.br\/noticias\/#website","url":"https:\/\/www.suno.com.br\/noticias\/","name":"Suno Not\u00edcias","description":"Seu portal de informa\u00e7\u00e3o sobre o mundo dos investimentos","publisher":{"@id":"https:\/\/www.suno.com.br\/noticias\/#organization"},"potentialAction":[{"@type":"SearchAction","target":{"@type":"EntryPoint","urlTemplate":"https:\/\/www.suno.com.br\/noticias\/?s={search_term_string}"},"query-input":{"@type":"PropertyValueSpecification","valueRequired":true,"valueName":"search_term_string"}}],"inLanguage":"pt-BR"},{"@type":"Organization","@id":"https:\/\/www.suno.com.br\/noticias\/#organization","name":"Suno Not\u00edcias","url":"https:\/\/www.suno.com.br\/noticias\/","logo":{"@type":"ImageObject","inLanguage":"pt-BR","@id":"https:\/\/www.suno.com.br\/noticias\/#\/schema\/logo\/image\/","url":"https:\/\/files.sunoresearch.com.br\/n\/uploads\/2021\/09\/suno-logo.png","contentUrl":"https:\/\/files.sunoresearch.com.br\/n\/uploads\/2021\/09\/suno-logo.png","width":180,"height":180,"caption":"Suno Not\u00edcias"},"image":{"@id":"https:\/\/www.suno.com.br\/noticias\/#\/schema\/logo\/image\/"},"sameAs":["https:\/\/facebook.com\/sunoresearch","https:\/\/x.com\/sunoresearch","https:\/\/www.instagram.com\/suno","https:\/\/www.linkedin.com\/company\/suno-research\/","https:\/\/www.youtube.com\/c\/sunoresearch"]},{"@type":"Person","@id":"https:\/\/www.suno.com.br\/noticias\/#\/schema\/person\/829bbe8d57f84333b966b96229c6bf5f","name":"Marco Ant\u00f4nio Lopes","image":{"@type":"ImageObject","inLanguage":"pt-BR","@id":"https:\/\/www.suno.com.br\/noticias\/#\/schema\/person\/image\/","url":"https:\/\/secure.gravatar.com\/avatar\/385167b012fbc1cde32c5446ee253313?s=96&r=g","contentUrl":"https:\/\/secure.gravatar.com\/avatar\/385167b012fbc1cde32c5446ee253313?s=96&r=g","caption":"Marco Ant\u00f4nio Lopes"},"description":"Jornalista, \u00e9 editor no Suno Not\u00edcias. Trabalhou nas revistas Playboy, Super, Veja Comer &amp; Beber, Homem Vogue e Universo Masculino, al\u00e9m dos portais Abril.com, R7, nas editorias de Home, Esportes, Hora 7, Entretenimento e Geral, e Eu Quero Investir. Autor do livro Bruce Lee: Definitivo (Editora Conrad). Colaborou nas revistas Nova, Veja SP, Grandes Guerras, Placar, Bizz, Casa Claudia e Quatro Rodas.","url":"https:\/\/www.suno.com.br\/noticias\/author\/marco-lopes\/"}]}},"default_loop_html":"<div class=\"cardsPage__listCard__boxs\"><div class=\"cardsPage__listCard__boxs__img\"><a href=\"https:\/\/www.suno.com.br\/noticias\/copom-meta-fiscal-cortes-selic-mal\/\"><img class=\"mask\" src=\"https:\/\/www.suno.com.br\/noticias\/wp-content\/themes\/suno\/resources\/images\/spotlight\/spotlight1img\/bg-mask.png\" alt=\"Image Mask\"\/><img src=\"https:\/\/files.sunoresearch.com.br\/n\/uploads\/2021\/11\/banco_central_sede-400x200.jpg\" alt=\"Comunicado do Copom: discuss\u00e3o sobre meta fiscal do governo pode atrapalhar ritmo de cortes da Selic?\"\/><\/a><span class=\"spotlightCategory\"><a href=\"https:\/\/www.suno.com.br\/noticias\/economia\/\">Economia<\/a><\/span><\/div><div class=\"cardsPage__listCard__boxs__content\"><a href=\"https:\/\/www.suno.com.br\/noticias\/copom-meta-fiscal-cortes-selic-mal\/\"><h2 class=\"content__title\">Comunicado do Copom: discuss\u00e3o sobre meta fiscal do governo pode atrapalhar ritmo de cortes da Selic?<\/h2><\/a><div class=\"newsContent__article__meta\"><div class=\"newsContent__article__meta__authorBox\"><a href=\"https:\/\/www.suno.com.br\/noticias\/author\/marco-lopes\/\" class=\"authorBox__avatar noMobi\"><img src=\"https:\/\/secure.gravatar.com\/avatar\/385167b012fbc1cde32c5446ee253313?s=96&#038;r=g\" alt=\"Marco Ant\u00f4nio Lopes\"><\/a><div class=\"authorBox__name\"><span>por\n\t\t\t<a href=\"https:\/\/www.suno.com.br\/noticias\/author\/marco-lopes\/\"><span itemprop=\"author\">Marco Ant\u00f4nio Lopes<\/span><\/a><\/span><time datetime=\"2023-11-01T21:12:15-03:00\" itemprop=\"datePublished\">01\/11\/2023 21:12<\/time><\/div><\/div><\/div><\/div><\/div>","single_layout":"posts","amp_enabled":true,"_links":{"self":[{"href":"https:\/\/www.suno.com.br\/noticias\/wp-json\/wp\/v2\/posts\/480234"}],"collection":[{"href":"https:\/\/www.suno.com.br\/noticias\/wp-json\/wp\/v2\/posts"}],"about":[{"href":"https:\/\/www.suno.com.br\/noticias\/wp-json\/wp\/v2\/types\/post"}],"author":[{"embeddable":true,"href":"https:\/\/www.suno.com.br\/noticias\/wp-json\/wp\/v2\/users\/98"}],"replies":[{"embeddable":true,"href":"https:\/\/www.suno.com.br\/noticias\/wp-json\/wp\/v2\/comments?post=480234"}],"version-history":[{"count":2,"href":"https:\/\/www.suno.com.br\/noticias\/wp-json\/wp\/v2\/posts\/480234\/revisions"}],"predecessor-version":[{"id":480274,"href":"https:\/\/www.suno.com.br\/noticias\/wp-json\/wp\/v2\/posts\/480234\/revisions\/480274"}],"wp:featuredmedia":[{"embeddable":true,"href":"https:\/\/www.suno.com.br\/noticias\/wp-json\/wp\/v2\/media\/200420"}],"wp:attachment":[{"href":"https:\/\/www.suno.com.br\/noticias\/wp-json\/wp\/v2\/media?parent=480234"}],"wp:term":[{"taxonomy":"category","embeddable":true,"href":"https:\/\/www.suno.com.br\/noticias\/wp-json\/wp\/v2\/categories?post=480234"},{"taxonomy":"post_tag","embeddable":true,"href":"https:\/\/www.suno.com.br\/noticias\/wp-json\/wp\/v2\/tags?post=480234"},{"taxonomy":"suno_strategy","embeddable":true,"href":"https:\/\/www.suno.com.br\/noticias\/wp-json\/wp\/v2\/suno_strategy?post=480234"}],"curies":[{"name":"wp","href":"https:\/\/api.w.org\/{rel}","templated":true}]}}