{"id":480222,"date":"2023-11-01T20:41:13","date_gmt":"2023-11-01T23:41:13","guid":{"rendered":"https:\/\/www.suno.com.br\/noticias\/?p=480222"},"modified":"2023-11-01T20:41:22","modified_gmt":"2023-11-01T23:41:22","slug":"copom-repercussao-novembro-2023-selic-cenario-externo-ar","status":"publish","type":"post","link":"https:\/\/www.suno.com.br\/noticias\/copom-repercussao-novembro-2023-selic-cenario-externo-ar\/","title":{"rendered":"Copom: preocupa\u00e7\u00e3o com exterior \u00e9 maior que sobre cen\u00e1rio fiscal interno, dizem economistas. E como ficar\u00e1 a Selic em 2024?"},"content":{"rendered":"<p>O Comit\u00ea de <a class=\"suno-keyword\" data-force=\"no\" data-priority=\"1\" href=\"https:\/\/www.suno.com.br\/artigos\/politica-monetaria\/\" target=\"_blank\" rel=\"noopener\">Pol\u00edtica Monet\u00e1ria<\/a> do Banco Central (Copom) promoveu hoje mais um corte de 0,50 ponto percentual na <a class=\"suno-keyword\" data-force=\"no\" data-priority=\"1\" href=\"https:\/\/www.suno.com.br\/artigos\/taxa-de-juros\/\" target=\"_blank\" rel=\"noopener\">taxa b\u00e1sica de juros<\/a>, confirmando a expectativa do mercado, e levando a Selic para 12,25% ao ano. Analistas divergiram sobre o tom do comunicado, mas a maioria ainda projeta uma Selic em 11,75% ao fim de 2023.<\/p>\t<div class=\"wrapper-featured-image\">\n\t\t<figure class=\"spotlightImg\">\n\n\t\t\t<picture>\n\t\t\t\t<source media=\"(max-width: 768px)\" srcset=\"https:\/\/files.sunoresearch.com.br\/n\/uploads\/2023\/05\/agenda-copom-natura-ntco3-braskem-cpi-eua-400x200.jpg\">\n\t\t\t\t<img loading=\"lazy\" decoding=\"async\" class=\"newsContent__article__imgCapa lazyloadDisabled \" src=\"https:\/\/files.sunoresearch.com.br\/n\/uploads\/2023\/05\/agenda-copom-natura-ntco3-braskem-cpi-eua-800x450.jpg\" width=\"800\" height=\"450\" alt=\"Copom: preocupa\u00e7\u00e3o com exterior \u00e9 maior que sobre cen\u00e1rio fiscal interno, dizem economistas. E como ficar\u00e1 a Selic em 2024?\" fetchpriority=high \/>\n\t\t\t<\/picture>\n\n\t\t\t<figcaption class=\"wp-caption-text wp-caption-text--show\"> Reuni\u00e3o do Copom -  Foto: Copom \/Divulga\u00e7\u00e3o<\/figcaption>\n\t\t<\/figure>\n\t<\/div>\n\n\n\n\n\n\n\n\t<p>\n\t\t<a href=\"\" target=\"_blank\" data-element=\"shortcode-suno-banner\" title=\"Banner SUNO, clique e saiba mais\">\n\t\t\t<picture>\n\t\t\t\t<source media=\"(max-width: 500px)\" srcset=\"\">\n\t\t\t\t<img class=\"newsContent__article__imgCapa newsContent__article__imgCapa--banner\"\n\t\t\t\t\tsrc=\"\"\n\t\t\t\t\tdata-promo-id=\"240038\"\t\t\t\t\t\t\t\t\t\t\t\t\t\t\talt=\"\"\n\t\t\t\t>\n\t\t\t<\/picture>\n\t\t<\/a>\n\t<\/p>\n\n\n\n\n\n<p>A <strong>decis\u00e3o do Copom<\/strong> foi un\u00e2nime e o comunicado sobre o<strong> corte da<\/strong> <strong>taxa Selic <\/strong>enfatizou a preocupa\u00e7\u00e3o com o cen\u00e1rio externo, adicionando uma avalia\u00e7\u00e3o de que a conjuntura internacional \u00e9 mais incerta do que a usual e exige cautela na condu\u00e7\u00e3o da pol\u00edtica monet\u00e1ria.<\/p>\n\n\n\n<p>Al\u00e9m disso, o <strong>comit\u00ea do BC<\/strong> tamb\u00e9m reafirmou a import\u00e2ncia de o governo perseguir as metas fiscais para a ancoragem das expectativas de infla\u00e7\u00e3o e para a condu\u00e7\u00e3o da pol\u00edtica monet\u00e1ria.<\/p>\n\n\n\n<p>Segundo o head de pesquisa macroecon\u00f4mica da <strong>K\u00ednitro Capital<\/strong>, Jo\u00e3o Savignon, o comunicado veio em linha com as expectativas e pode ser recebido pelo mercado como dovish (suave), na medida em que havia uma possibilidade de o BC sinalizar a manuten\u00e7\u00e3o do ritmo de corte apenas na pr\u00f3xima reuni\u00e3o.<\/p>\n\n\n\n<p>\u201cO \u00fanico elemento que pode ser considerado um sinal mais duro (hawkish) foi a preocupa\u00e7\u00e3o com a conjuntura internacional, que na avalia\u00e7\u00e3o do Copom est\u00e1 mais adversa. Mas, em nossa vis\u00e3o, como a taxa de c\u00e2mbio tem se comportado de forma relativamente benigna, isso n\u00e3o traz implica\u00e7\u00f5es imediatas sobre a condu\u00e7\u00e3o da pol\u00edtica monet\u00e1ria dom\u00e9stica\u201d, afirmou Savignon.<\/p>\n\n\n\n<h2 class=\"wp-block-heading\">Copom: expectativas de infla\u00e7\u00e3o<\/h2>\n\n\n\n<p>Como esperado, os <strong>membros do comit\u00ea do BC<\/strong> revisaram tamb\u00e9m as <strong>expectativas para a infla\u00e7\u00e3o<\/strong> de 2023 para baixo (de 5,0% para 4,7%), mas elevaram as proje\u00e7\u00f5es do horizonte relevante para a pol\u00edtica monet\u00e1ria. Assim, 2024 passou de 3,5% para 3,6% e a de 2025 de 3,1% para 3,2%.<\/p>\n\n\n\n<p>Por fim, o comunicado refor\u00e7ou seu plano de voo, atestando que esse ritmo de cortes nas pr\u00f3ximas reuni\u00f5es \u00e9 apropriado para manter a <a class=\"suno-keyword\" target=\"_blank\" data-force=\"no\" data-priority=\"1\" href=\"https:\/\/www.suno.com.br\/artigos\/politica-monetaria-contracionista\/\" rel=\"noopener\">pol\u00edtica monet\u00e1ria contracionista<\/a> necess\u00e1ria para consolidar o atual processo desinflacion\u00e1rio.<\/p>\n\n\n\n<p>J\u00e1 Alexandre Espirito Santo, economista-chefe da <strong>\u00d3rama<\/strong>, apontou que com o cen\u00e1rio de infla\u00e7\u00e3o mais favor\u00e1vel, de pre\u00e7os de alimentos e servi\u00e7os mais comportados, as aten\u00e7\u00f5es se voltaram para <a class=\"suno-keyword\" data-force=\"no\" data-priority=\"1\" href=\"https:\/\/www.suno.com.br\/artigos\/precos-administrados\/\" target=\"_blank\" rel=\"noopener\">pre\u00e7os administrados<\/a>, sobretudo os combust\u00edveis, face \u00e0s guerras em curso, agora incluindo a que ocorre em Israel, e que pode perturbar o mercado de petr\u00f3leo e provocar reajustes mais fortes nos derivados.<\/p>\n\n\n\n<p>No documento, o Comit\u00ea ressaltou a necessidade de aten\u00e7\u00e3o e cautela quanto ao cen\u00e1rio internacional, destacando as elevadas taxas de juros de <a class=\"suno-keyword\" target=\"_blank\" data-force=\"no\" data-priority=\"1\" href=\"https:\/\/www.suno.com.br\/artigos\/longo-prazo\/\" rel=\"noopener\">longo prazo<\/a> nos EUA, que atingiram m\u00e1xima desde 2007, e as novas tens\u00f5es geopol\u00edticas.<\/p>\n\n\n\n<p>\u201cImportante destacar que os recentes ru\u00eddos associados \u00e0 <a class=\"suno-keyword\" data-force=\"no\" data-priority=\"1\" href=\"https:\/\/www.suno.com.br\/artigos\/politica-fiscal\/\" target=\"_blank\" rel=\"noopener\">pol\u00edtica fiscal<\/a> brasileira n\u00e3o podem ser desconsiderados. Como bem ressaltou o <strong>presidente do BC<\/strong>, Roberto Campos Neto, temos \u2018desancoragem g\u00eamea\u2019. A equipe econ\u00f4mica vinha emitindo sinais de que tinha como alvo zerar o <a class=\"suno-keyword\" data-force=\"no\" data-priority=\"1\" href=\"https:\/\/www.suno.com.br\/artigos\/deficit-primario\/\" target=\"_blank\" rel=\"noopener\">d\u00e9ficit prim\u00e1rio<\/a> em 2024, apesar do mercado duvidar que essa meta fosse exequ\u00edvel, como vinha apontando o boletim Focus. No entanto, uma demonstra\u00e7\u00e3o oficial contr\u00e1ria do Executivo causa desconforto e, sob o olhar das expectativas, pode, sim, interferir na pol\u00edtica monet\u00e1ria mais \u00e0 frente\u201d, continuou Espirito Santo.<\/p>\n\n\n\n<h2 class=\"wp-block-heading\">Selic vai a quanto no final de 2024?<\/h2>\n\n\n\n<p>De toda forma, a \u00d3rama considerou <strong>decis\u00e3o de hoje do Copom <\/strong>acertada. No comunicado p\u00f3s-encontro, o Comit\u00ea sinalizou que avaliar\u00e1 os desdobramentos da infla\u00e7\u00e3o, salientou o balan\u00e7o de riscos como de costume, e deu um enfoque maior ao cen\u00e1rio internacional.<\/p>\n\n\n\n<p>A \u00d3rama manteve a estimativa de Selic em 11,75% ao fim de 2023 e para 2024 acredita que a taxa terminal ficar\u00e1 em 9,5% a.a., com quatro redu\u00e7\u00f5es de 0,5 p.p. e uma \u00faltima de 0,25 p.p.<\/p>\n\n\n\n<p>Os economistas \u00c9tore Sanchez e Guilherme Sousa, da <strong>Ativa Investimentos<\/strong>, apontaram que, como era esperado, o BC seguiu sinalizando <strong>corte de juros<\/strong> ao ritmo de 0,50 p.p. para as reuni\u00f5es seguintes, sem restringir o horizonte prospectivo para apenas uma reuni\u00e3o adicional, ao manter o plural do termo &#8220;nas pr\u00f3ximas reuni\u00f5es&#8221; no par\u00e1grafo sobre o futuro da pol\u00edtica monet\u00e1ria.<\/p>\n\n\n\n<p>A autoridade reafirmou que ir\u00e1 preservar a \u201c<strong>pol\u00edtica monet\u00e1ria<\/strong> contracionista at\u00e9 que se consolide n\u00e3o apenas o processo de desinfla\u00e7\u00e3o como tamb\u00e9m a ancoragem das expectativas de suas metas\u201d.<\/p>\n\n\n\n<p>As proje\u00e7\u00f5es condicionais para o IPCA no horizonte relevante (2024 e 2025) ficaram acima do esperado pela Ativa e do estimado na reuni\u00e3o anterior. Sobre o fiscal, apesar da piora na percep\u00e7\u00e3o dos agentes nos \u00faltimos dias, o BC adotou tom neutro e apenas reafirmou a necessidade de persecu\u00e7\u00e3o das metas fiscais.<\/p>\n\n\n\n<p>\u201cAssim, reafirmamos nossa proje\u00e7\u00e3o de o<strong> ciclo de corte de juros<\/strong> dever\u00e1 ser interrompido a 10,50%, 1,50 p.p. acima do juro neutro estimado por n\u00f3s. Os cortes projetados pela Ativa seguem em 0,50 at\u00e9 maio de 2024, quando a Selic dever\u00e1\u00a0cair\u00a00,25\u00a0p.p.\u201d, completaram.<\/p>\n\n\n\t<p>\n\t\t<a href=\"https:\/\/lp.suno.com.br\/ebook-gratuito-investindo-no-exterior\/\" target=\"_blank\" data-element=\"shortcode-suno-banner\" title=\"Banner SUNO, clique e saiba mais\">\n\t\t\t<picture>\n\t\t\t\t<source media=\"(max-width: 500px)\" srcset=\"https:\/\/files.sunoresearch.com.br\/n\/uploads\/2023\/03\/400x300-Investindo-no-exterior.png\">\n\t\t\t\t<img class=\"newsContent__article__imgCapa newsContent__article__imgCapa--banner\"\n\t\t\t\t\tsrc=\"https:\/\/files.sunoresearch.com.br\/n\/uploads\/2023\/03\/1420x240-Investindo-no-exterior.png\"\n\t\t\t\t\tdata-promo-id=\"383161\"\t\t\t\t\t\t\t\t\t\twidth='1420' height='240'\t\t\t\t\talt=\"https:\/\/files.sunoresearch.com.br\/n\/uploads\/2023\/03\/1420x240-Investindo-no-exterior.png\"\n\t\t\t\t>\n\t\t\t<\/picture>\n\t\t<\/a>\n\t<\/p>\n\n\n\n\n\n<h2 class=\"wp-block-heading\">Copom analisa cen\u00e1rio internacional e adiciona cautela<\/h2>\n\n\n\n<p>Daniel Cunha, estrategista-chefe do <strong>BGC Liquidez<\/strong>, a decis\u00e3o do Copom de cortar meio ponto e manter o <a class=\"suno-keyword\" data-force=\"no\" data-priority=\"1\" href=\"https:\/\/www.suno.com.br\/artigos\/forward-guidance\/\" target=\"_blank\" rel=\"noopener\">forward guidance<\/a> no plural (pr\u00f3ximas reuni\u00f5es) era esperada, apesar deste \u00faltimo ponto ainda reservar apreens\u00f5es<\/p>\n\n\n\n<p>\u201cNo comunicado, o comit\u00ea endureceu o tom ao atualizar o balan\u00e7o de riscos que absorveu maior incerteza advinda do cen\u00e1rio externo, e quanto aos desdobramentos dom\u00e9sticos, sinalizou que estes (atividade + infla\u00e7\u00e3o) est\u00e3o se desenrolando em linha com o esperado\u201d, completou Cunha.<\/p>\n\n\n\n<p>Para D\u00e9bora Nogueira, economista-chefe da <strong>Tenax Capital<\/strong>, o comunicado apresentou uma combina\u00e7\u00e3o de elementos. Por um lado, as quest\u00f5es-chave foram mantidas, como o uso do plural na frase sobre passos futuros e a an\u00e1lise do balan\u00e7o de riscos.<\/p>\n\n\n\n<p>Por outro lado, o cen\u00e1rio internacional ganhou destaque em tr\u00eas novas situa\u00e7\u00f5es, e a palavra &#8220;cautela&#8221; foi mencionada duas vezes. O Banco Central segue o plano de flexibiliza\u00e7\u00e3o com cortes ao ritmo de 0,50 p.p., mas buscou demonstrar reconhecimento do ambiente externo mais desafiador.<\/p>\n\n\n\n<p>\u201cNesta semana, foi anunciada a mudan\u00e7a na al\u00edquota \u00fanica do ICMS para a gasolina, o que elevou a proje\u00e7\u00e3o do IPCA em 0,15 pontos percentuais em nossa avalia\u00e7\u00e3o. Esse deve ter sido o fator que levou o Banco Central a projetar uma taxa de infla\u00e7\u00e3o de 3,6% para o pr\u00f3ximo ano\u201d, disse a economista.<\/p>\n\n\n\n<p>Quanto ao balan\u00e7o de riscos, o par\u00e1grafo sobre o tema n\u00e3o sofreu altera\u00e7\u00f5es, mas ganhou uma nova frase no final, destacando o ambiente internacional desafiador. Isso n\u00e3o chega a desequilibrar o panorama de riscos, mas transmite a mensagem da necessidade de cautela.<\/p>\n\n\n\n<p>Nicolas Borsoi, economista-chefe da <strong>Nova Futura<\/strong>, destacou o ponto importante que foi a afirma\u00e7\u00e3o de que 2024 e 2025 ser\u00e3o igualmente importantes para definir os pr\u00f3ximos passos do Copom, reduzindo os efeitos negativos da eleva\u00e7\u00e3o da proje\u00e7\u00e3o de infla\u00e7\u00e3o de 2024, que come\u00e7a a ficar longe da meta de 3,0%.<\/p>\n\n\n\n<p>\u201cO Copom afirmou que o cen\u00e1rio global exige aten\u00e7\u00e3o e cautela, uma mensagem mais conservadora do que nas decis\u00f5es anteriores. No cen\u00e1rio local, o Copom seguiu com a vis\u00e3o de desacelera\u00e7\u00e3o da economia e reconheceu a melhora nos \u00faltimos dados de infla\u00e7\u00e3o, apesar de seguir em n\u00edveis altos\u201d, diz.<\/p>\n\n\n\n<p>\u201cEm nossa opini\u00e3o, o <strong>objetivo do Copom <\/strong>\u00e9 adequar o grau de restri\u00e7\u00e3o da pol\u00edtica monet\u00e1ria, diante da queda da infla\u00e7\u00e3o e da desacelera\u00e7\u00e3o da atividade e, apesar do tom hawkish na conjuntura global, a manuten\u00e7\u00e3o do trecho sobre riscos fiscais, a maior import\u00e2ncia de 2025 para a pol\u00edtica monet\u00e1ria e a frase sobre os pr\u00f3ximos passos nos fazem crer que o Copom seguir\u00e1 com 0,50 p.p. at\u00e9, pelo menos, mar\u00e7o de 2024\u201d, complementa Borsoi.<\/p>\n\n\n\n<p>Por fim, a Nova Futura viu o comunicado bastante em linha, com um tom levemente dovish, o que os leva a esperar que a <a class=\"suno-keyword\" target=\"_blank\" data-force=\"no\" data-priority=\"3\" href=\"https:\/\/www.suno.com.br\/artigos\/taxa-selic\/\" rel=\"noopener\">taxa Selic<\/a> feche 2023 em 11,75% e 2024 em 10%, o que deve ancorar a ponta curta da <a class=\"suno-keyword\" target=\"_blank\" data-force=\"no\" data-priority=\"1\" href=\"https:\/\/www.suno.com.br\/artigos\/curva-de-juros\/\" rel=\"noopener\">curva de juros<\/a> local.<\/p>\n\n\n\n<p>Adriana Dupita, economista da <strong>Bloomberg<\/strong>, afirmou que a \u00fanica mudan\u00e7a no comunicado foi a esperada men\u00e7\u00e3o \u00e0 eleva\u00e7\u00e3o dos yields americanos e \u00e0s tens\u00f5es geopol\u00edticas, e a indica\u00e7\u00e3o de que isto pede uma especial cautela na pol\u00edtica monet\u00e1ria.<\/p>\n\n\n\n<p>\u201cEste coment\u00e1rio abre espa\u00e7o para que o BCB desvie do seu plano de cortar meio ponto a cada uma das pr\u00f3ximas reuni\u00f5es, caso o cen\u00e1rio internacional se deteriore\u201d, completa.<\/p>\n\n\n\n<p>Andre Perfeito, economista, afirmou que em sua opini\u00e3o o mercado aproveita a fala de Lula para ajustar as posi\u00e7\u00f5es que j\u00e1 estavam defasadas, apesar da perspectiva ser de queda para a Selic imaginar a taxa terminal em 9% o ano que vem era muito \u201cotimismo\u201d.<\/p>\n\n\n\n<p>\u201cMantenho minha proje\u00e7\u00e3o em 10,75% o ano que vem\u201d, diz. \u201cSer\u00e1 interessante observar a discuss\u00e3o sobre os \u00faltimos dados da Pnad em que destaco a massa salarial real em patamar recorde e da eleva\u00e7\u00e3o do rendimento m\u00e9dio real na margem\u201d, finalizou sobre a <strong>decis\u00e3o do Copom<\/strong>.<\/p>\n\n\n\t<p>\n\t\t<a href=\"https:\/\/lp.suno.com.br\/planilha-da-vida-financeira\/\" target=\"_blank\" data-element=\"shortcode-suno-banner\" title=\"Banner SUNO, clique e saiba mais\">\n\t\t\t<picture>\n\t\t\t\t<source media=\"(max-width: 500px)\" srcset=\"https:\/\/files.sunoresearch.com.br\/n\/uploads\/2023\/04\/400x300-Planilha-vida-financeira-true.png\">\n\t\t\t\t<img class=\"newsContent__article__imgCapa newsContent__article__imgCapa--banner\"\n\t\t\t\t\tsrc=\"https:\/\/files.sunoresearch.com.br\/n\/uploads\/2023\/04\/1420x240-Planilha-vida-financeira-true.png\"\n\t\t\t\t\tdata-promo-id=\"383123\"\t\t\t\t\t\t\t\t\t\twidth='1420' height='240'\t\t\t\t\talt=\"https:\/\/files.sunoresearch.com.br\/n\/uploads\/2023\/04\/1420x240-Planilha-vida-financeira-true.png\"\n\t\t\t\t>\n\t\t\t<\/picture>\n\t\t<\/a>\n\t<\/p>\n\n\n","protected":false},"excerpt":{"rendered":"<p>O Comit\u00ea de Pol\u00edtica Monet\u00e1ria do Banco Central (Copom) promoveu hoje mais um corte de 0,50 ponto percentual na taxa b\u00e1sica de juros, confirmando a expectativa do mercado, e levando a Selic para 12,25% ao ano. Analistas divergiram sobre o tom do comunicado, mas a maioria ainda projeta uma Selic em 11,75% ao fim de [&hellip;]<\/p>\n","protected":false},"author":43,"featured_media":402006,"comment_status":"closed","ping_status":"closed","sticky":false,"template":"","format":"standard","meta":[],"categories":[62],"tags":[1842,1104,290],"suno_strategy":[],"class_list":["post-480222","post","type-post","status-publish","format-standard","has-post-thumbnail","hentry","category-economia","tag-banco-central-bc","tag-copom","tag-taxa-selic"],"yoast_head":"<!-- This site is optimized with the Yoast SEO plugin v24.4 - https:\/\/yoast.com\/wordpress\/plugins\/seo\/ -->\n<title>Copom: preocupa\u00e7\u00e3o com exterior \u00e9 maior que sobre cen\u00e1rio fiscal interno<\/title>\n<meta name=\"description\" content=\"Analistas divergiram sobre o tom do comunicado do Copom, mas a maioria ainda projeta uma Selic em 11,75% ao fim de 2023. E para 2024?\" \/>\n<meta name=\"robots\" content=\"index, follow, max-snippet:-1, max-image-preview:large, max-video-preview:-1\" \/>\n<link rel=\"canonical\" href=\"https:\/\/www.suno.com.br\/noticias\/copom-repercussao-novembro-2023-selic-cenario-externo-ar\/\" \/>\n<meta property=\"og:locale\" content=\"pt_BR\" \/>\n<meta property=\"og:type\" content=\"article\" \/>\n<meta property=\"og:title\" content=\"Copom: preocupa\u00e7\u00e3o com exterior \u00e9 maior que sobre cen\u00e1rio fiscal interno\" \/>\n<meta property=\"og:description\" content=\"Analistas divergiram sobre o tom do comunicado do Copom, mas a maioria ainda projeta uma Selic em 11,75% ao fim de 2023. E para 2024?\" \/>\n<meta property=\"og:url\" content=\"https:\/\/www.suno.com.br\/noticias\/copom-repercussao-novembro-2023-selic-cenario-externo-ar\/\" \/>\n<meta property=\"og:site_name\" content=\"Suno Not\u00edcias\" \/>\n<meta property=\"article:publisher\" content=\"https:\/\/facebook.com\/sunoresearch\" \/>\n<meta property=\"article:author\" content=\"https:\/\/www.facebook.com\/sunonoticias\/\" \/>\n<meta property=\"og:image\" content=\"https:\/\/files.sunoresearch.com.br\/n\/uploads\/2023\/05\/agenda-copom-natura-ntco3-braskem-cpi-eua.jpg\" \/>\n\t<meta property=\"og:image:width\" content=\"1200\" \/>\n\t<meta property=\"og:image:height\" content=\"800\" \/>\n\t<meta property=\"og:image:type\" content=\"image\/jpeg\" \/>\n<meta name=\"author\" content=\"Reda\u00e7\u00e3o Suno Not\u00edcias\" \/>\n<meta name=\"twitter:card\" content=\"summary_large_image\" \/>\n<meta name=\"twitter:creator\" content=\"@https:\/\/twitter.com\/sunoresearch\" \/>\n<meta name=\"twitter:site\" content=\"@sunoresearch\" \/>\n<meta name=\"twitter:label1\" content=\"Escrito por\" \/>\n\t<meta name=\"twitter:data1\" content=\"Reda\u00e7\u00e3o Suno Not\u00edcias\" \/>\n\t<meta name=\"twitter:label2\" content=\"Est. tempo de leitura\" \/>\n\t<meta name=\"twitter:data2\" content=\"8 minutos\" \/>\n<script type=\"application\/ld+json\" class=\"yoast-schema-graph\">{\"@context\":\"https:\/\/schema.org\",\"@graph\":[{\"@type\":\"NewsArticle\",\"@id\":\"https:\/\/www.suno.com.br\/noticias\/copom-repercussao-novembro-2023-selic-cenario-externo-ar\/#article\",\"isPartOf\":{\"@id\":\"https:\/\/www.suno.com.br\/noticias\/copom-repercussao-novembro-2023-selic-cenario-externo-ar\/\"},\"author\":{\"name\":\"Reda\u00e7\u00e3o Suno Not\u00edcias\",\"@id\":\"https:\/\/www.suno.com.br\/noticias\/#\/schema\/person\/c1b1bd3727fa852bd045e9dbff3673ea\"},\"headline\":\"Copom: preocupa\u00e7\u00e3o com exterior \u00e9 maior que sobre cen\u00e1rio fiscal interno, dizem economistas. E como ficar\u00e1 a Selic em 2024?\",\"datePublished\":\"2023-11-01T23:41:13+00:00\",\"dateModified\":\"2023-11-01T23:41:22+00:00\",\"mainEntityOfPage\":{\"@id\":\"https:\/\/www.suno.com.br\/noticias\/copom-repercussao-novembro-2023-selic-cenario-externo-ar\/\"},\"wordCount\":1573,\"publisher\":{\"@id\":\"https:\/\/www.suno.com.br\/noticias\/#organization\"},\"image\":{\"@id\":\"https:\/\/www.suno.com.br\/noticias\/copom-repercussao-novembro-2023-selic-cenario-externo-ar\/#primaryimage\"},\"thumbnailUrl\":\"https:\/\/files.sunoresearch.com.br\/n\/uploads\/2023\/05\/agenda-copom-natura-ntco3-braskem-cpi-eua.jpg\",\"keywords\":[\"Banco Central (BC)\",\"Copom\",\"Taxa Selic\"],\"articleSection\":[\"Economia\"],\"inLanguage\":\"pt-BR\"},{\"@type\":\"WebPage\",\"@id\":\"https:\/\/www.suno.com.br\/noticias\/copom-repercussao-novembro-2023-selic-cenario-externo-ar\/\",\"url\":\"https:\/\/www.suno.com.br\/noticias\/copom-repercussao-novembro-2023-selic-cenario-externo-ar\/\",\"name\":\"Copom: preocupa\u00e7\u00e3o com exterior \u00e9 maior que sobre cen\u00e1rio fiscal interno\",\"isPartOf\":{\"@id\":\"https:\/\/www.suno.com.br\/noticias\/#website\"},\"primaryImageOfPage\":{\"@id\":\"https:\/\/www.suno.com.br\/noticias\/copom-repercussao-novembro-2023-selic-cenario-externo-ar\/#primaryimage\"},\"image\":{\"@id\":\"https:\/\/www.suno.com.br\/noticias\/copom-repercussao-novembro-2023-selic-cenario-externo-ar\/#primaryimage\"},\"thumbnailUrl\":\"https:\/\/files.sunoresearch.com.br\/n\/uploads\/2023\/05\/agenda-copom-natura-ntco3-braskem-cpi-eua.jpg\",\"datePublished\":\"2023-11-01T23:41:13+00:00\",\"dateModified\":\"2023-11-01T23:41:22+00:00\",\"description\":\"Analistas divergiram sobre o tom do comunicado do Copom, mas a maioria ainda projeta uma Selic em 11,75% ao fim de 2023. E para 2024?\",\"breadcrumb\":{\"@id\":\"https:\/\/www.suno.com.br\/noticias\/copom-repercussao-novembro-2023-selic-cenario-externo-ar\/#breadcrumb\"},\"inLanguage\":\"pt-BR\",\"potentialAction\":[{\"@type\":\"ReadAction\",\"target\":[\"https:\/\/www.suno.com.br\/noticias\/copom-repercussao-novembro-2023-selic-cenario-externo-ar\/\"]}]},{\"@type\":\"ImageObject\",\"inLanguage\":\"pt-BR\",\"@id\":\"https:\/\/www.suno.com.br\/noticias\/copom-repercussao-novembro-2023-selic-cenario-externo-ar\/#primaryimage\",\"url\":\"https:\/\/files.sunoresearch.com.br\/n\/uploads\/2023\/05\/agenda-copom-natura-ntco3-braskem-cpi-eua.jpg\",\"contentUrl\":\"https:\/\/files.sunoresearch.com.br\/n\/uploads\/2023\/05\/agenda-copom-natura-ntco3-braskem-cpi-eua.jpg\",\"width\":1200,\"height\":800,\"caption\":\"Reuni\u00e3o do Copom - Foto: Copom \/Divulga\u00e7\u00e3o\"},{\"@type\":\"BreadcrumbList\",\"@id\":\"https:\/\/www.suno.com.br\/noticias\/copom-repercussao-novembro-2023-selic-cenario-externo-ar\/#breadcrumb\",\"itemListElement\":[{\"@type\":\"ListItem\",\"position\":1,\"name\":\"Not\u00edcias\",\"item\":\"https:\/\/www.suno.com.br\/noticias\/\"},{\"@type\":\"ListItem\",\"position\":2,\"name\":\"Economia\",\"item\":\"https:\/\/www.suno.com.br\/noticias\/economia\/\"},{\"@type\":\"ListItem\",\"position\":3,\"name\":\"Copom: preocupa\u00e7\u00e3o com exterior \u00e9 maior que sobre cen\u00e1rio fiscal interno, dizem economistas. E como ficar\u00e1 a Selic em 2024?\"}]},{\"@type\":\"WebSite\",\"@id\":\"https:\/\/www.suno.com.br\/noticias\/#website\",\"url\":\"https:\/\/www.suno.com.br\/noticias\/\",\"name\":\"Suno Not\u00edcias\",\"description\":\"Seu portal de informa\u00e7\u00e3o sobre o mundo dos investimentos\",\"publisher\":{\"@id\":\"https:\/\/www.suno.com.br\/noticias\/#organization\"},\"potentialAction\":[{\"@type\":\"SearchAction\",\"target\":{\"@type\":\"EntryPoint\",\"urlTemplate\":\"https:\/\/www.suno.com.br\/noticias\/?s={search_term_string}\"},\"query-input\":{\"@type\":\"PropertyValueSpecification\",\"valueRequired\":true,\"valueName\":\"search_term_string\"}}],\"inLanguage\":\"pt-BR\"},{\"@type\":\"Organization\",\"@id\":\"https:\/\/www.suno.com.br\/noticias\/#organization\",\"name\":\"Suno Not\u00edcias\",\"url\":\"https:\/\/www.suno.com.br\/noticias\/\",\"logo\":{\"@type\":\"ImageObject\",\"inLanguage\":\"pt-BR\",\"@id\":\"https:\/\/www.suno.com.br\/noticias\/#\/schema\/logo\/image\/\",\"url\":\"https:\/\/files.sunoresearch.com.br\/n\/uploads\/2021\/09\/suno-logo.png\",\"contentUrl\":\"https:\/\/files.sunoresearch.com.br\/n\/uploads\/2021\/09\/suno-logo.png\",\"width\":180,\"height\":180,\"caption\":\"Suno Not\u00edcias\"},\"image\":{\"@id\":\"https:\/\/www.suno.com.br\/noticias\/#\/schema\/logo\/image\/\"},\"sameAs\":[\"https:\/\/facebook.com\/sunoresearch\",\"https:\/\/x.com\/sunoresearch\",\"https:\/\/www.instagram.com\/suno\",\"https:\/\/www.linkedin.com\/company\/suno-research\/\",\"https:\/\/www.youtube.com\/c\/sunoresearch\"]},{\"@type\":\"Person\",\"@id\":\"https:\/\/www.suno.com.br\/noticias\/#\/schema\/person\/c1b1bd3727fa852bd045e9dbff3673ea\",\"name\":\"Reda\u00e7\u00e3o Suno Not\u00edcias\",\"image\":{\"@type\":\"ImageObject\",\"inLanguage\":\"pt-BR\",\"@id\":\"https:\/\/www.suno.com.br\/noticias\/#\/schema\/person\/image\/\",\"url\":\"https:\/\/secure.gravatar.com\/avatar\/b8104b9b5a71985d5238ee59fbe418af?s=96&r=g\",\"contentUrl\":\"https:\/\/secure.gravatar.com\/avatar\/b8104b9b5a71985d5238ee59fbe418af?s=96&r=g\",\"caption\":\"Reda\u00e7\u00e3o Suno Not\u00edcias\"},\"description\":\"O Suno Not\u00edcias \u00e9 um portal de informa\u00e7\u00f5es sobre Mercado Financeiro, Pol\u00edtica, Neg\u00f3cios, Economia e Finan\u00e7as Pessoais.\",\"sameAs\":[\"https:\/\/www.suno.com.br\/noticias\",\"https:\/\/www.facebook.com\/sunonoticias\/\",\"https:\/\/www.instagram.com\/sunonoticias\/\",\"https:\/\/x.com\/https:\/\/twitter.com\/sunoresearch\",\"https:\/\/www.youtube.com\/sunonoticias\"],\"url\":\"https:\/\/www.suno.com.br\/noticias\/author\/redacao-suno\/\"}]}<\/script>\n<!-- \/ Yoast SEO plugin. -->","yoast_head_json":{"title":"Copom: preocupa\u00e7\u00e3o com exterior \u00e9 maior que sobre cen\u00e1rio fiscal interno","description":"Analistas divergiram sobre o tom do comunicado do Copom, mas a maioria ainda projeta uma Selic em 11,75% ao fim de 2023. E para 2024?","robots":{"index":"index","follow":"follow","max-snippet":"max-snippet:-1","max-image-preview":"max-image-preview:large","max-video-preview":"max-video-preview:-1"},"canonical":"https:\/\/www.suno.com.br\/noticias\/copom-repercussao-novembro-2023-selic-cenario-externo-ar\/","og_locale":"pt_BR","og_type":"article","og_title":"Copom: preocupa\u00e7\u00e3o com exterior \u00e9 maior que sobre cen\u00e1rio fiscal interno","og_description":"Analistas divergiram sobre o tom do comunicado do Copom, mas a maioria ainda projeta uma Selic em 11,75% ao fim de 2023. E para 2024?","og_url":"https:\/\/www.suno.com.br\/noticias\/copom-repercussao-novembro-2023-selic-cenario-externo-ar\/","og_site_name":"Suno Not\u00edcias","article_publisher":"https:\/\/facebook.com\/sunoresearch","article_author":"https:\/\/www.facebook.com\/sunonoticias\/","og_image":[{"width":1200,"height":800,"url":"https:\/\/files.sunoresearch.com.br\/n\/uploads\/2023\/05\/agenda-copom-natura-ntco3-braskem-cpi-eua.jpg","type":"image\/jpeg"}],"author":"Reda\u00e7\u00e3o Suno Not\u00edcias","twitter_card":"summary_large_image","twitter_creator":"@https:\/\/twitter.com\/sunoresearch","twitter_site":"@sunoresearch","twitter_misc":{"Escrito por":"Reda\u00e7\u00e3o Suno Not\u00edcias","Est. tempo de leitura":"8 minutos"},"schema":{"@context":"https:\/\/schema.org","@graph":[{"@type":"NewsArticle","@id":"https:\/\/www.suno.com.br\/noticias\/copom-repercussao-novembro-2023-selic-cenario-externo-ar\/#article","isPartOf":{"@id":"https:\/\/www.suno.com.br\/noticias\/copom-repercussao-novembro-2023-selic-cenario-externo-ar\/"},"author":{"name":"Reda\u00e7\u00e3o Suno Not\u00edcias","@id":"https:\/\/www.suno.com.br\/noticias\/#\/schema\/person\/c1b1bd3727fa852bd045e9dbff3673ea"},"headline":"Copom: preocupa\u00e7\u00e3o com exterior \u00e9 maior que sobre cen\u00e1rio fiscal interno, dizem economistas. E como ficar\u00e1 a Selic em 2024?","datePublished":"2023-11-01T23:41:13+00:00","dateModified":"2023-11-01T23:41:22+00:00","mainEntityOfPage":{"@id":"https:\/\/www.suno.com.br\/noticias\/copom-repercussao-novembro-2023-selic-cenario-externo-ar\/"},"wordCount":1573,"publisher":{"@id":"https:\/\/www.suno.com.br\/noticias\/#organization"},"image":{"@id":"https:\/\/www.suno.com.br\/noticias\/copom-repercussao-novembro-2023-selic-cenario-externo-ar\/#primaryimage"},"thumbnailUrl":"https:\/\/files.sunoresearch.com.br\/n\/uploads\/2023\/05\/agenda-copom-natura-ntco3-braskem-cpi-eua.jpg","keywords":["Banco Central (BC)","Copom","Taxa Selic"],"articleSection":["Economia"],"inLanguage":"pt-BR"},{"@type":"WebPage","@id":"https:\/\/www.suno.com.br\/noticias\/copom-repercussao-novembro-2023-selic-cenario-externo-ar\/","url":"https:\/\/www.suno.com.br\/noticias\/copom-repercussao-novembro-2023-selic-cenario-externo-ar\/","name":"Copom: preocupa\u00e7\u00e3o com exterior \u00e9 maior que sobre cen\u00e1rio fiscal interno","isPartOf":{"@id":"https:\/\/www.suno.com.br\/noticias\/#website"},"primaryImageOfPage":{"@id":"https:\/\/www.suno.com.br\/noticias\/copom-repercussao-novembro-2023-selic-cenario-externo-ar\/#primaryimage"},"image":{"@id":"https:\/\/www.suno.com.br\/noticias\/copom-repercussao-novembro-2023-selic-cenario-externo-ar\/#primaryimage"},"thumbnailUrl":"https:\/\/files.sunoresearch.com.br\/n\/uploads\/2023\/05\/agenda-copom-natura-ntco3-braskem-cpi-eua.jpg","datePublished":"2023-11-01T23:41:13+00:00","dateModified":"2023-11-01T23:41:22+00:00","description":"Analistas divergiram sobre o tom do comunicado do Copom, mas a maioria ainda projeta uma Selic em 11,75% ao fim de 2023. E para 2024?","breadcrumb":{"@id":"https:\/\/www.suno.com.br\/noticias\/copom-repercussao-novembro-2023-selic-cenario-externo-ar\/#breadcrumb"},"inLanguage":"pt-BR","potentialAction":[{"@type":"ReadAction","target":["https:\/\/www.suno.com.br\/noticias\/copom-repercussao-novembro-2023-selic-cenario-externo-ar\/"]}]},{"@type":"ImageObject","inLanguage":"pt-BR","@id":"https:\/\/www.suno.com.br\/noticias\/copom-repercussao-novembro-2023-selic-cenario-externo-ar\/#primaryimage","url":"https:\/\/files.sunoresearch.com.br\/n\/uploads\/2023\/05\/agenda-copom-natura-ntco3-braskem-cpi-eua.jpg","contentUrl":"https:\/\/files.sunoresearch.com.br\/n\/uploads\/2023\/05\/agenda-copom-natura-ntco3-braskem-cpi-eua.jpg","width":1200,"height":800,"caption":"Reuni\u00e3o do Copom - Foto: Copom \/Divulga\u00e7\u00e3o"},{"@type":"BreadcrumbList","@id":"https:\/\/www.suno.com.br\/noticias\/copom-repercussao-novembro-2023-selic-cenario-externo-ar\/#breadcrumb","itemListElement":[{"@type":"ListItem","position":1,"name":"Not\u00edcias","item":"https:\/\/www.suno.com.br\/noticias\/"},{"@type":"ListItem","position":2,"name":"Economia","item":"https:\/\/www.suno.com.br\/noticias\/economia\/"},{"@type":"ListItem","position":3,"name":"Copom: preocupa\u00e7\u00e3o com exterior \u00e9 maior que sobre cen\u00e1rio fiscal interno, dizem economistas. E como ficar\u00e1 a Selic em 2024?"}]},{"@type":"WebSite","@id":"https:\/\/www.suno.com.br\/noticias\/#website","url":"https:\/\/www.suno.com.br\/noticias\/","name":"Suno Not\u00edcias","description":"Seu portal de informa\u00e7\u00e3o sobre o mundo dos investimentos","publisher":{"@id":"https:\/\/www.suno.com.br\/noticias\/#organization"},"potentialAction":[{"@type":"SearchAction","target":{"@type":"EntryPoint","urlTemplate":"https:\/\/www.suno.com.br\/noticias\/?s={search_term_string}"},"query-input":{"@type":"PropertyValueSpecification","valueRequired":true,"valueName":"search_term_string"}}],"inLanguage":"pt-BR"},{"@type":"Organization","@id":"https:\/\/www.suno.com.br\/noticias\/#organization","name":"Suno Not\u00edcias","url":"https:\/\/www.suno.com.br\/noticias\/","logo":{"@type":"ImageObject","inLanguage":"pt-BR","@id":"https:\/\/www.suno.com.br\/noticias\/#\/schema\/logo\/image\/","url":"https:\/\/files.sunoresearch.com.br\/n\/uploads\/2021\/09\/suno-logo.png","contentUrl":"https:\/\/files.sunoresearch.com.br\/n\/uploads\/2021\/09\/suno-logo.png","width":180,"height":180,"caption":"Suno Not\u00edcias"},"image":{"@id":"https:\/\/www.suno.com.br\/noticias\/#\/schema\/logo\/image\/"},"sameAs":["https:\/\/facebook.com\/sunoresearch","https:\/\/x.com\/sunoresearch","https:\/\/www.instagram.com\/suno","https:\/\/www.linkedin.com\/company\/suno-research\/","https:\/\/www.youtube.com\/c\/sunoresearch"]},{"@type":"Person","@id":"https:\/\/www.suno.com.br\/noticias\/#\/schema\/person\/c1b1bd3727fa852bd045e9dbff3673ea","name":"Reda\u00e7\u00e3o Suno Not\u00edcias","image":{"@type":"ImageObject","inLanguage":"pt-BR","@id":"https:\/\/www.suno.com.br\/noticias\/#\/schema\/person\/image\/","url":"https:\/\/secure.gravatar.com\/avatar\/b8104b9b5a71985d5238ee59fbe418af?s=96&r=g","contentUrl":"https:\/\/secure.gravatar.com\/avatar\/b8104b9b5a71985d5238ee59fbe418af?s=96&r=g","caption":"Reda\u00e7\u00e3o Suno Not\u00edcias"},"description":"O Suno Not\u00edcias \u00e9 um portal de informa\u00e7\u00f5es sobre Mercado Financeiro, Pol\u00edtica, Neg\u00f3cios, Economia e Finan\u00e7as Pessoais.","sameAs":["https:\/\/www.suno.com.br\/noticias","https:\/\/www.facebook.com\/sunonoticias\/","https:\/\/www.instagram.com\/sunonoticias\/","https:\/\/x.com\/https:\/\/twitter.com\/sunoresearch","https:\/\/www.youtube.com\/sunonoticias"],"url":"https:\/\/www.suno.com.br\/noticias\/author\/redacao-suno\/"}]}},"default_loop_html":"<div class=\"cardsPage__listCard__boxs\"><div class=\"cardsPage__listCard__boxs__img\"><a href=\"https:\/\/www.suno.com.br\/noticias\/copom-repercussao-novembro-2023-selic-cenario-externo-ar\/\"><img class=\"mask\" src=\"https:\/\/www.suno.com.br\/noticias\/wp-content\/themes\/suno\/resources\/images\/spotlight\/spotlight1img\/bg-mask.png\" alt=\"Image Mask\"\/><img src=\"https:\/\/files.sunoresearch.com.br\/n\/uploads\/2023\/05\/agenda-copom-natura-ntco3-braskem-cpi-eua-400x200.jpg\" alt=\"Copom: preocupa\u00e7\u00e3o com exterior \u00e9 maior que sobre cen\u00e1rio fiscal interno, dizem economistas. E como ficar\u00e1 a Selic em 2024?\"\/><\/a><span class=\"spotlightCategory\"><a href=\"https:\/\/www.suno.com.br\/noticias\/economia\/\">Economia<\/a><\/span><\/div><div class=\"cardsPage__listCard__boxs__content\"><a href=\"https:\/\/www.suno.com.br\/noticias\/copom-repercussao-novembro-2023-selic-cenario-externo-ar\/\"><h2 class=\"content__title\">Copom: preocupa\u00e7\u00e3o com exterior \u00e9 maior que sobre cen\u00e1rio fiscal interno, dizem economistas. E como ficar\u00e1 a Selic em 2024?<\/h2><\/a><div class=\"newsContent__article__meta\"><div class=\"newsContent__article__meta__authorBox\"><a href=\"https:\/\/www.suno.com.br\/noticias\/author\/redacao-suno\/\" class=\"authorBox__avatar noMobi\"><img src=\"https:\/\/files.sunoresearch.com.br\/n\/uploads\/2020\/08\/0ace682d-redacao-1-150x150.webp\" alt=\"Reda\u00e7\u00e3o Suno Not\u00edcias\"><\/a><div class=\"authorBox__name\"><span>por\n\t\t\t<a href=\"https:\/\/www.suno.com.br\/noticias\/author\/redacao-suno\/\"><span itemprop=\"author\">Reda\u00e7\u00e3o Suno Not\u00edcias<\/span><\/a><\/span><time datetime=\"2023-11-01T20:41:13-03:00\" itemprop=\"datePublished\">01\/11\/2023 20:41<\/time><\/div><\/div><\/div><\/div><\/div>","single_layout":"posts","amp_enabled":true,"_links":{"self":[{"href":"https:\/\/www.suno.com.br\/noticias\/wp-json\/wp\/v2\/posts\/480222"}],"collection":[{"href":"https:\/\/www.suno.com.br\/noticias\/wp-json\/wp\/v2\/posts"}],"about":[{"href":"https:\/\/www.suno.com.br\/noticias\/wp-json\/wp\/v2\/types\/post"}],"author":[{"embeddable":true,"href":"https:\/\/www.suno.com.br\/noticias\/wp-json\/wp\/v2\/users\/43"}],"replies":[{"embeddable":true,"href":"https:\/\/www.suno.com.br\/noticias\/wp-json\/wp\/v2\/comments?post=480222"}],"version-history":[{"count":2,"href":"https:\/\/www.suno.com.br\/noticias\/wp-json\/wp\/v2\/posts\/480222\/revisions"}],"predecessor-version":[{"id":480260,"href":"https:\/\/www.suno.com.br\/noticias\/wp-json\/wp\/v2\/posts\/480222\/revisions\/480260"}],"wp:featuredmedia":[{"embeddable":true,"href":"https:\/\/www.suno.com.br\/noticias\/wp-json\/wp\/v2\/media\/402006"}],"wp:attachment":[{"href":"https:\/\/www.suno.com.br\/noticias\/wp-json\/wp\/v2\/media?parent=480222"}],"wp:term":[{"taxonomy":"category","embeddable":true,"href":"https:\/\/www.suno.com.br\/noticias\/wp-json\/wp\/v2\/categories?post=480222"},{"taxonomy":"post_tag","embeddable":true,"href":"https:\/\/www.suno.com.br\/noticias\/wp-json\/wp\/v2\/tags?post=480222"},{"taxonomy":"suno_strategy","embeddable":true,"href":"https:\/\/www.suno.com.br\/noticias\/wp-json\/wp\/v2\/suno_strategy?post=480222"}],"curies":[{"name":"wp","href":"https:\/\/api.w.org\/{rel}","templated":true}]}}