{"id":47990,"date":"2019-12-16T18:30:15","date_gmt":"2019-12-16T20:30:15","guid":{"rendered":"https:\/\/www.suno.com.br\/noticias\/?p=47990"},"modified":"2019-12-16T18:30:15","modified_gmt":"2019-12-16T20:30:15","slug":"odebrecht-ruy-sampaio-novo-presidente","status":"publish","type":"post","link":"https:\/\/www.suno.com.br\/noticias\/odebrecht-ruy-sampaio-novo-presidente\/","title":{"rendered":"Odebrecht anuncia Ruy Sampaio como novo presidente"},"content":{"rendered":"<p>A Odebrecht anunciou, nesta segunda-feira (16), que o <strong>Ruy Sampaio <\/strong>ser\u00e1 o novo presidente da empresa. Atualmente, o executivo ocupa o cargo de presidente do <a href=\"https:\/\/www.suno.com.br\/artigos\/conselho-administracao\/\">conselho de administra\u00e7\u00e3o<\/a> o da empreiteira.<\/p>\t<div class=\"wrapper-featured-image\">\n\t\t<figure class=\"spotlightImg\">\n\n\t\t\t<picture>\n\t\t\t\t<source media=\"(max-width: 768px)\" srcset=\"https:\/\/files.sunoresearch.com.br\/n\/uploads\/2019\/06\/e310ada8-odebrecht-400x200.webp\">\n\t\t\t\t<img loading=\"lazy\" decoding=\"async\" class=\"newsContent__article__imgCapa lazyloadDisabled newsContent__article__imgCapa--noCaption\" src=\"https:\/\/files.sunoresearch.com.br\/n\/uploads\/2019\/06\/e310ada8-odebrecht-800x450.webp\" width=\"800\" height=\"450\" alt=\"Odebrecht anuncia Ruy Sampaio como novo presidente\" fetchpriority=high \/>\n\t\t\t<\/picture>\n\n\t\t\t<figcaption class=\"wp-caption-text wp-caption-text--hide\">Odebrecht <\/figcaption>\n\t\t<\/figure>\n\t<\/div>\n\n\n\n<p>Sampaio substituir\u00e1 <strong>Luciano Guidolin<\/strong>, presidente do grupo desde a pris\u00e3o de <strong>Marcelo Odebrecht<\/strong> em 2017. De acordo com a empresa, a mudan\u00e7a dever\u00e1 ocorrer de maneira transit\u00f3ria.<\/p>\n<p>O novo presidente da companhia foi indicado por <strong>Em\u00edlio Odebrecht<\/strong>. A altera\u00e7\u00e3o ocorre na mesma semana da assembleia de credores sobre o plano de <strong><a href=\"https:\/\/www.suno.com.br\/artigos\/recuperacao-judicial\/\">recupera\u00e7\u00e3o judicial<\/a><\/strong> do grupo, que acontecer\u00e1 no dia 19 de dezembro.<\/p>\n<h2>Sobre Ruy Sampaio<\/h2>\n<p><strong>Ruy Sampaio<\/strong> \u00e9 graduado em Administra\u00e7\u00e3o pela Universidade Federal da Bahia (UFBA). O novo presidente da empreiteira possui mestrado na Universidade de Michigan, com especialidade em finan\u00e7as e contabilidade.<\/p>\n\t<p>\n\t\t<a href=\"https:\/\/lp.suno.com.br\/planilha-controle-gastos\/\" target=\"_blank\" data-element=\"shortcode-suno-banner\" title=\"Banner SUNO, clique e saiba mais\">\n\t\t\t<picture>\n\t\t\t\t<source media=\"(max-width: 500px)\" srcset=\"https:\/\/files.sunoresearch.com.br\/n\/uploads\/2023\/03\/400x300-Planilha-controle-de-gastos.png\">\n\t\t\t\t<img class=\"newsContent__article__imgCapa newsContent__article__imgCapa--banner\"\n\t\t\t\t\tsrc=\"https:\/\/files.sunoresearch.com.br\/n\/uploads\/2023\/03\/1420x240-Planilha-controle-de-gastos.png\"\n\t\t\t\t\tdata-promo-id=\"101751\"\t\t\t\t\t\t\t\t\t\twidth='1420' height='240'\t\t\t\t\talt=\"https:\/\/files.sunoresearch.com.br\/n\/uploads\/2023\/03\/1420x240-Planilha-controle-de-gastos.png\"\n\t\t\t\t>\n\t\t\t<\/picture>\n\t\t<\/a>\n\t<\/p>\n\n\n<p>O executivo foi diretor por nove anos da <strong>Kieppe<\/strong>, empresa controladora da <strong>Odbinv<\/strong>, detentora de 100% do capital da<strong> Odebrecht S.A<\/strong>.<\/p>\n<h2>Plano de recupera\u00e7\u00e3o judicial da Odebrecht<\/h2>\n<p>No dia 10 de dezembro, a <strong>Odebrecht<\/strong> informou que os credores do grupo adiaram a vota\u00e7\u00e3o do novo plano de <strong>recupera\u00e7\u00e3o judicial<\/strong> para o dia 19 de dezembro.<\/p>\n<p><a href=\"https:\/\/www.suno.com.br\/noticias\/votacao-recuperacao-judicial-odebrecht-adiada\/\">Saiba mais: Vota\u00e7\u00e3o sobre plano de recupera\u00e7\u00e3o judicial da Odebrecht \u00e9 adiada<\/a><\/p>\n<p>De acordo com um comunicado, a vota\u00e7\u00e3o foi conclu\u00edda com 20 das 21 subsidi\u00e1rias a favor do adiamento. Os credores da <strong>Atvos Investimentos<\/strong>, uma das subsidi\u00e1rias, ainda est\u00e3o discutindo o assunto. Mesmo com o adiamento, a empreiteira prev\u00ea que a nova proposta seja aprovada neste ano.<\/p>\n<p>O novo plano, cuja vota\u00e7\u00e3o foi adiada, difere do anterior pois conta com valores e prazos de car\u00eancia para o pagamento das d\u00edvidas aos credores. Os recursos utilizados para o pagamento dos credores ser\u00e3o oriundos de dividendos recebidos das empresas do grupo. Al\u00e9m disso, a venda de ativos da companhia, como a <strong>Braskem<\/strong>, ser\u00e1 uma das fontes para realizar os pagamentos.<\/p>\n<p>&#8220;A companhia defende um plano consolidado, que ser\u00e1 mais favor\u00e1vel a todos os credores. A op\u00e7\u00e3o individualizada \u00e9 negativa aos credores&#8221;, afirmou o advogado que representa a <strong>Odebrecht<\/strong>, Eduardo Munhoz.<\/p>\n\n","protected":false},"excerpt":{"rendered":"<p>A Odebrecht anunciou, nesta segunda-feira (16), que o Ruy Sampaio ser\u00e1 o novo presidente da empresa. Atualmente, o executivo ocupa o cargo de presidente do conselho de administra\u00e7\u00e3o o da empreiteira. Odebrecht Sampaio substituir\u00e1 Luciano Guidolin, presidente do grupo desde a pris\u00e3o de Marcelo Odebrecht em 2017. De acordo com a empresa, a mudan\u00e7a dever\u00e1 [&hellip;]<\/p>\n","protected":false},"author":18,"featured_media":27900,"comment_status":"closed","ping_status":"closed","sticky":false,"template":"","format":"standard","meta":[],"categories":[64],"tags":[783],"suno_strategy":[],"class_list":["post-47990","post","type-post","status-publish","format-standard","has-post-thumbnail","hentry","category-negocios","tag-odebrecht"],"yoast_head":"<!-- This site is optimized with the Yoast SEO plugin v24.4 - https:\/\/yoast.com\/wordpress\/plugins\/seo\/ -->\n<title>Odebrecht anuncia Ruy Sampaio como novo presidente<\/title>\n<meta name=\"description\" content=\"A Odebrecht anunciou, nesta segunda-feira (16), que o Ruy Sampaio ser\u00e1 o novo presidente da empresa. Clique para saber mais.\" \/>\n<meta name=\"robots\" content=\"index, follow, max-snippet:-1, max-image-preview:large, max-video-preview:-1\" \/>\n<link rel=\"canonical\" href=\"https:\/\/www.suno.com.br\/noticias\/odebrecht-ruy-sampaio-novo-presidente\/\" \/>\n<meta property=\"og:locale\" content=\"pt_BR\" \/>\n<meta property=\"og:type\" content=\"article\" \/>\n<meta property=\"og:title\" content=\"Odebrecht anuncia Ruy Sampaio como novo presidente\" \/>\n<meta property=\"og:description\" content=\"A Odebrecht anunciou, nesta segunda-feira (16), que o Ruy Sampaio ser\u00e1 o novo presidente da empresa. Clique para saber mais.\" \/>\n<meta property=\"og:url\" content=\"https:\/\/www.suno.com.br\/noticias\/odebrecht-ruy-sampaio-novo-presidente\/\" \/>\n<meta property=\"og:site_name\" content=\"Suno Not\u00edcias\" \/>\n<meta property=\"article:publisher\" content=\"https:\/\/facebook.com\/sunoresearch\" \/>\n<meta property=\"og:image\" content=\"https:\/\/files.sunoresearch.com.br\/n\/uploads\/2019\/06\/e310ada8-odebrecht.jpg\" \/>\n\t<meta property=\"og:image:width\" content=\"1200\" \/>\n\t<meta property=\"og:image:height\" content=\"787\" \/>\n\t<meta property=\"og:image:type\" content=\"image\/jpeg\" \/>\n<meta name=\"author\" content=\"Giovanna Oliveira\" \/>\n<meta name=\"twitter:card\" content=\"summary_large_image\" \/>\n<meta name=\"twitter:creator\" content=\"@sunoresearch\" \/>\n<meta name=\"twitter:site\" content=\"@sunoresearch\" \/>\n<meta name=\"twitter:label1\" content=\"Escrito por\" \/>\n\t<meta name=\"twitter:data1\" content=\"Giovanna Oliveira\" \/>\n\t<meta name=\"twitter:label2\" content=\"Est. tempo de leitura\" \/>\n\t<meta name=\"twitter:data2\" content=\"2 minutos\" \/>\n<script type=\"application\/ld+json\" class=\"yoast-schema-graph\">{\"@context\":\"https:\/\/schema.org\",\"@graph\":[{\"@type\":\"NewsArticle\",\"@id\":\"https:\/\/www.suno.com.br\/noticias\/odebrecht-ruy-sampaio-novo-presidente\/#article\",\"isPartOf\":{\"@id\":\"https:\/\/www.suno.com.br\/noticias\/odebrecht-ruy-sampaio-novo-presidente\/\"},\"author\":{\"name\":\"Giovanna Oliveira\",\"@id\":\"https:\/\/www.suno.com.br\/noticias\/#\/schema\/person\/4e19e3d2575736e5283d58eb3199d120\"},\"headline\":\"Odebrecht anuncia Ruy Sampaio como novo presidente\",\"datePublished\":\"2019-12-16T20:30:15+00:00\",\"mainEntityOfPage\":{\"@id\":\"https:\/\/www.suno.com.br\/noticias\/odebrecht-ruy-sampaio-novo-presidente\/\"},\"wordCount\":363,\"publisher\":{\"@id\":\"https:\/\/www.suno.com.br\/noticias\/#organization\"},\"image\":{\"@id\":\"https:\/\/www.suno.com.br\/noticias\/odebrecht-ruy-sampaio-novo-presidente\/#primaryimage\"},\"thumbnailUrl\":\"https:\/\/files.sunoresearch.com.br\/n\/uploads\/2019\/06\/e310ada8-odebrecht-jpg.webp\",\"keywords\":[\"Odebrecht\"],\"articleSection\":[\"Neg\u00f3cios\"],\"inLanguage\":\"pt-BR\"},{\"@type\":\"WebPage\",\"@id\":\"https:\/\/www.suno.com.br\/noticias\/odebrecht-ruy-sampaio-novo-presidente\/\",\"url\":\"https:\/\/www.suno.com.br\/noticias\/odebrecht-ruy-sampaio-novo-presidente\/\",\"name\":\"Odebrecht anuncia Ruy Sampaio como novo presidente\",\"isPartOf\":{\"@id\":\"https:\/\/www.suno.com.br\/noticias\/#website\"},\"primaryImageOfPage\":{\"@id\":\"https:\/\/www.suno.com.br\/noticias\/odebrecht-ruy-sampaio-novo-presidente\/#primaryimage\"},\"image\":{\"@id\":\"https:\/\/www.suno.com.br\/noticias\/odebrecht-ruy-sampaio-novo-presidente\/#primaryimage\"},\"thumbnailUrl\":\"https:\/\/files.sunoresearch.com.br\/n\/uploads\/2019\/06\/e310ada8-odebrecht-jpg.webp\",\"datePublished\":\"2019-12-16T20:30:15+00:00\",\"description\":\"A Odebrecht anunciou, nesta segunda-feira (16), que o Ruy Sampaio ser\u00e1 o novo presidente da empresa. Clique para saber mais.\",\"breadcrumb\":{\"@id\":\"https:\/\/www.suno.com.br\/noticias\/odebrecht-ruy-sampaio-novo-presidente\/#breadcrumb\"},\"inLanguage\":\"pt-BR\",\"potentialAction\":[{\"@type\":\"ReadAction\",\"target\":[\"https:\/\/www.suno.com.br\/noticias\/odebrecht-ruy-sampaio-novo-presidente\/\"]}]},{\"@type\":\"ImageObject\",\"inLanguage\":\"pt-BR\",\"@id\":\"https:\/\/www.suno.com.br\/noticias\/odebrecht-ruy-sampaio-novo-presidente\/#primaryimage\",\"url\":\"https:\/\/files.sunoresearch.com.br\/n\/uploads\/2019\/06\/e310ada8-odebrecht-jpg.webp\",\"contentUrl\":\"https:\/\/files.sunoresearch.com.br\/n\/uploads\/2019\/06\/e310ada8-odebrecht-jpg.webp\",\"width\":1200,\"height\":787,\"caption\":\"Odebrecht\"},{\"@type\":\"BreadcrumbList\",\"@id\":\"https:\/\/www.suno.com.br\/noticias\/odebrecht-ruy-sampaio-novo-presidente\/#breadcrumb\",\"itemListElement\":[{\"@type\":\"ListItem\",\"position\":1,\"name\":\"Not\u00edcias\",\"item\":\"https:\/\/www.suno.com.br\/noticias\/\"},{\"@type\":\"ListItem\",\"position\":2,\"name\":\"Neg\u00f3cios\",\"item\":\"https:\/\/www.suno.com.br\/noticias\/negocios\/\"},{\"@type\":\"ListItem\",\"position\":3,\"name\":\"Odebrecht anuncia Ruy Sampaio como novo presidente\"}]},{\"@type\":\"WebSite\",\"@id\":\"https:\/\/www.suno.com.br\/noticias\/#website\",\"url\":\"https:\/\/www.suno.com.br\/noticias\/\",\"name\":\"Suno Not\u00edcias\",\"description\":\"Seu portal de informa\u00e7\u00e3o sobre o mundo dos investimentos\",\"publisher\":{\"@id\":\"https:\/\/www.suno.com.br\/noticias\/#organization\"},\"potentialAction\":[{\"@type\":\"SearchAction\",\"target\":{\"@type\":\"EntryPoint\",\"urlTemplate\":\"https:\/\/www.suno.com.br\/noticias\/?s={search_term_string}\"},\"query-input\":{\"@type\":\"PropertyValueSpecification\",\"valueRequired\":true,\"valueName\":\"search_term_string\"}}],\"inLanguage\":\"pt-BR\"},{\"@type\":\"Organization\",\"@id\":\"https:\/\/www.suno.com.br\/noticias\/#organization\",\"name\":\"Suno Not\u00edcias\",\"url\":\"https:\/\/www.suno.com.br\/noticias\/\",\"logo\":{\"@type\":\"ImageObject\",\"inLanguage\":\"pt-BR\",\"@id\":\"https:\/\/www.suno.com.br\/noticias\/#\/schema\/logo\/image\/\",\"url\":\"https:\/\/files.sunoresearch.com.br\/n\/uploads\/2021\/09\/suno-logo.png\",\"contentUrl\":\"https:\/\/files.sunoresearch.com.br\/n\/uploads\/2021\/09\/suno-logo.png\",\"width\":180,\"height\":180,\"caption\":\"Suno Not\u00edcias\"},\"image\":{\"@id\":\"https:\/\/www.suno.com.br\/noticias\/#\/schema\/logo\/image\/\"},\"sameAs\":[\"https:\/\/facebook.com\/sunoresearch\",\"https:\/\/x.com\/sunoresearch\",\"https:\/\/www.instagram.com\/suno\",\"https:\/\/www.linkedin.com\/company\/suno-research\/\",\"https:\/\/www.youtube.com\/c\/sunoresearch\"]},{\"@type\":\"Person\",\"@id\":\"https:\/\/www.suno.com.br\/noticias\/#\/schema\/person\/4e19e3d2575736e5283d58eb3199d120\",\"name\":\"Giovanna Oliveira\",\"image\":{\"@type\":\"ImageObject\",\"inLanguage\":\"pt-BR\",\"@id\":\"https:\/\/www.suno.com.br\/noticias\/#\/schema\/person\/image\/\",\"url\":\"https:\/\/secure.gravatar.com\/avatar\/9a37b3ae208962ac568992d0ffdbc2eb?s=96&r=g\",\"contentUrl\":\"https:\/\/secure.gravatar.com\/avatar\/9a37b3ae208962ac568992d0ffdbc2eb?s=96&r=g\",\"caption\":\"Giovanna Oliveira\"},\"description\":\"Giovanna Oliveira escreve sobre economia e pol\u00edtica. Foi rep\u00f3rter do portal de jornalismo da ESPM-SP e produziu conte\u00fado para a Corinthians TV. \u00c9 estudante da ESPM.\",\"url\":\"https:\/\/www.suno.com.br\/noticias\/author\/giovanna\/\"}]}<\/script>\n<!-- \/ Yoast SEO plugin. -->","yoast_head_json":{"title":"Odebrecht anuncia Ruy Sampaio como novo presidente","description":"A Odebrecht anunciou, nesta segunda-feira (16), que o Ruy Sampaio ser\u00e1 o novo presidente da empresa. Clique para saber mais.","robots":{"index":"index","follow":"follow","max-snippet":"max-snippet:-1","max-image-preview":"max-image-preview:large","max-video-preview":"max-video-preview:-1"},"canonical":"https:\/\/www.suno.com.br\/noticias\/odebrecht-ruy-sampaio-novo-presidente\/","og_locale":"pt_BR","og_type":"article","og_title":"Odebrecht anuncia Ruy Sampaio como novo presidente","og_description":"A Odebrecht anunciou, nesta segunda-feira (16), que o Ruy Sampaio ser\u00e1 o novo presidente da empresa. Clique para saber mais.","og_url":"https:\/\/www.suno.com.br\/noticias\/odebrecht-ruy-sampaio-novo-presidente\/","og_site_name":"Suno Not\u00edcias","article_publisher":"https:\/\/facebook.com\/sunoresearch","og_image":[{"width":1200,"height":787,"url":"https:\/\/files.sunoresearch.com.br\/n\/uploads\/2019\/06\/e310ada8-odebrecht.jpg","type":"image\/jpeg"}],"author":"Giovanna Oliveira","twitter_card":"summary_large_image","twitter_creator":"@sunoresearch","twitter_site":"@sunoresearch","twitter_misc":{"Escrito por":"Giovanna Oliveira","Est. tempo de leitura":"2 minutos"},"schema":{"@context":"https:\/\/schema.org","@graph":[{"@type":"NewsArticle","@id":"https:\/\/www.suno.com.br\/noticias\/odebrecht-ruy-sampaio-novo-presidente\/#article","isPartOf":{"@id":"https:\/\/www.suno.com.br\/noticias\/odebrecht-ruy-sampaio-novo-presidente\/"},"author":{"name":"Giovanna Oliveira","@id":"https:\/\/www.suno.com.br\/noticias\/#\/schema\/person\/4e19e3d2575736e5283d58eb3199d120"},"headline":"Odebrecht anuncia Ruy Sampaio como novo presidente","datePublished":"2019-12-16T20:30:15+00:00","mainEntityOfPage":{"@id":"https:\/\/www.suno.com.br\/noticias\/odebrecht-ruy-sampaio-novo-presidente\/"},"wordCount":363,"publisher":{"@id":"https:\/\/www.suno.com.br\/noticias\/#organization"},"image":{"@id":"https:\/\/www.suno.com.br\/noticias\/odebrecht-ruy-sampaio-novo-presidente\/#primaryimage"},"thumbnailUrl":"https:\/\/files.sunoresearch.com.br\/n\/uploads\/2019\/06\/e310ada8-odebrecht-jpg.webp","keywords":["Odebrecht"],"articleSection":["Neg\u00f3cios"],"inLanguage":"pt-BR"},{"@type":"WebPage","@id":"https:\/\/www.suno.com.br\/noticias\/odebrecht-ruy-sampaio-novo-presidente\/","url":"https:\/\/www.suno.com.br\/noticias\/odebrecht-ruy-sampaio-novo-presidente\/","name":"Odebrecht anuncia Ruy Sampaio como novo presidente","isPartOf":{"@id":"https:\/\/www.suno.com.br\/noticias\/#website"},"primaryImageOfPage":{"@id":"https:\/\/www.suno.com.br\/noticias\/odebrecht-ruy-sampaio-novo-presidente\/#primaryimage"},"image":{"@id":"https:\/\/www.suno.com.br\/noticias\/odebrecht-ruy-sampaio-novo-presidente\/#primaryimage"},"thumbnailUrl":"https:\/\/files.sunoresearch.com.br\/n\/uploads\/2019\/06\/e310ada8-odebrecht-jpg.webp","datePublished":"2019-12-16T20:30:15+00:00","description":"A Odebrecht anunciou, nesta segunda-feira (16), que o Ruy Sampaio ser\u00e1 o novo presidente da empresa. Clique para saber mais.","breadcrumb":{"@id":"https:\/\/www.suno.com.br\/noticias\/odebrecht-ruy-sampaio-novo-presidente\/#breadcrumb"},"inLanguage":"pt-BR","potentialAction":[{"@type":"ReadAction","target":["https:\/\/www.suno.com.br\/noticias\/odebrecht-ruy-sampaio-novo-presidente\/"]}]},{"@type":"ImageObject","inLanguage":"pt-BR","@id":"https:\/\/www.suno.com.br\/noticias\/odebrecht-ruy-sampaio-novo-presidente\/#primaryimage","url":"https:\/\/files.sunoresearch.com.br\/n\/uploads\/2019\/06\/e310ada8-odebrecht-jpg.webp","contentUrl":"https:\/\/files.sunoresearch.com.br\/n\/uploads\/2019\/06\/e310ada8-odebrecht-jpg.webp","width":1200,"height":787,"caption":"Odebrecht"},{"@type":"BreadcrumbList","@id":"https:\/\/www.suno.com.br\/noticias\/odebrecht-ruy-sampaio-novo-presidente\/#breadcrumb","itemListElement":[{"@type":"ListItem","position":1,"name":"Not\u00edcias","item":"https:\/\/www.suno.com.br\/noticias\/"},{"@type":"ListItem","position":2,"name":"Neg\u00f3cios","item":"https:\/\/www.suno.com.br\/noticias\/negocios\/"},{"@type":"ListItem","position":3,"name":"Odebrecht anuncia Ruy Sampaio como novo presidente"}]},{"@type":"WebSite","@id":"https:\/\/www.suno.com.br\/noticias\/#website","url":"https:\/\/www.suno.com.br\/noticias\/","name":"Suno Not\u00edcias","description":"Seu portal de informa\u00e7\u00e3o sobre o mundo dos investimentos","publisher":{"@id":"https:\/\/www.suno.com.br\/noticias\/#organization"},"potentialAction":[{"@type":"SearchAction","target":{"@type":"EntryPoint","urlTemplate":"https:\/\/www.suno.com.br\/noticias\/?s={search_term_string}"},"query-input":{"@type":"PropertyValueSpecification","valueRequired":true,"valueName":"search_term_string"}}],"inLanguage":"pt-BR"},{"@type":"Organization","@id":"https:\/\/www.suno.com.br\/noticias\/#organization","name":"Suno Not\u00edcias","url":"https:\/\/www.suno.com.br\/noticias\/","logo":{"@type":"ImageObject","inLanguage":"pt-BR","@id":"https:\/\/www.suno.com.br\/noticias\/#\/schema\/logo\/image\/","url":"https:\/\/files.sunoresearch.com.br\/n\/uploads\/2021\/09\/suno-logo.png","contentUrl":"https:\/\/files.sunoresearch.com.br\/n\/uploads\/2021\/09\/suno-logo.png","width":180,"height":180,"caption":"Suno Not\u00edcias"},"image":{"@id":"https:\/\/www.suno.com.br\/noticias\/#\/schema\/logo\/image\/"},"sameAs":["https:\/\/facebook.com\/sunoresearch","https:\/\/x.com\/sunoresearch","https:\/\/www.instagram.com\/suno","https:\/\/www.linkedin.com\/company\/suno-research\/","https:\/\/www.youtube.com\/c\/sunoresearch"]},{"@type":"Person","@id":"https:\/\/www.suno.com.br\/noticias\/#\/schema\/person\/4e19e3d2575736e5283d58eb3199d120","name":"Giovanna Oliveira","image":{"@type":"ImageObject","inLanguage":"pt-BR","@id":"https:\/\/www.suno.com.br\/noticias\/#\/schema\/person\/image\/","url":"https:\/\/secure.gravatar.com\/avatar\/9a37b3ae208962ac568992d0ffdbc2eb?s=96&r=g","contentUrl":"https:\/\/secure.gravatar.com\/avatar\/9a37b3ae208962ac568992d0ffdbc2eb?s=96&r=g","caption":"Giovanna Oliveira"},"description":"Giovanna Oliveira escreve sobre economia e pol\u00edtica. Foi rep\u00f3rter do portal de jornalismo da ESPM-SP e produziu conte\u00fado para a Corinthians TV. \u00c9 estudante da ESPM.","url":"https:\/\/www.suno.com.br\/noticias\/author\/giovanna\/"}]}},"default_loop_html":"<div class=\"cardsPage__listCard__boxs\"><div class=\"cardsPage__listCard__boxs__img\"><a href=\"https:\/\/www.suno.com.br\/noticias\/odebrecht-ruy-sampaio-novo-presidente\/\"><img class=\"mask\" src=\"https:\/\/www.suno.com.br\/noticias\/wp-content\/themes\/suno\/resources\/images\/spotlight\/spotlight1img\/bg-mask.png\" alt=\"Image Mask\"\/><img src=\"https:\/\/files.sunoresearch.com.br\/n\/uploads\/2019\/06\/e310ada8-odebrecht-400x200.webp\" alt=\"Odebrecht anuncia Ruy Sampaio como novo presidente\"\/><\/a><span class=\"spotlightCategory\"><a href=\"https:\/\/www.suno.com.br\/noticias\/negocios\/\">Neg\u00f3cios<\/a><\/span><\/div><div class=\"cardsPage__listCard__boxs__content\"><a href=\"https:\/\/www.suno.com.br\/noticias\/odebrecht-ruy-sampaio-novo-presidente\/\"><h2 class=\"content__title\">Odebrecht anuncia Ruy Sampaio como novo presidente<\/h2><\/a><div class=\"newsContent__article__meta\"><div class=\"newsContent__article__meta__authorBox\"><a href=\"https:\/\/www.suno.com.br\/noticias\/author\/giovanna\/\" class=\"authorBox__avatar noMobi\"><img src=\"https:\/\/files.sunoresearch.com.br\/n\/uploads\/2019\/06\/952a89ca-screenshot_20190608-171507-150x150.webp\" alt=\"Giovanna Oliveira\"><\/a><div class=\"authorBox__name\"><span>por\n\t\t\t<a href=\"https:\/\/www.suno.com.br\/noticias\/author\/giovanna\/\"><span itemprop=\"author\">Giovanna Oliveira<\/span><\/a><\/span><time datetime=\"2019-12-16T18:30:15-03:00\" itemprop=\"datePublished\">16\/12\/2019 18:30<\/time><\/div><\/div><\/div><\/div><\/div>","single_layout":"posts","amp_enabled":true,"_links":{"self":[{"href":"https:\/\/www.suno.com.br\/noticias\/wp-json\/wp\/v2\/posts\/47990"}],"collection":[{"href":"https:\/\/www.suno.com.br\/noticias\/wp-json\/wp\/v2\/posts"}],"about":[{"href":"https:\/\/www.suno.com.br\/noticias\/wp-json\/wp\/v2\/types\/post"}],"author":[{"embeddable":true,"href":"https:\/\/www.suno.com.br\/noticias\/wp-json\/wp\/v2\/users\/18"}],"replies":[{"embeddable":true,"href":"https:\/\/www.suno.com.br\/noticias\/wp-json\/wp\/v2\/comments?post=47990"}],"version-history":[{"count":0,"href":"https:\/\/www.suno.com.br\/noticias\/wp-json\/wp\/v2\/posts\/47990\/revisions"}],"wp:featuredmedia":[{"embeddable":true,"href":"https:\/\/www.suno.com.br\/noticias\/wp-json\/wp\/v2\/media\/27900"}],"wp:attachment":[{"href":"https:\/\/www.suno.com.br\/noticias\/wp-json\/wp\/v2\/media?parent=47990"}],"wp:term":[{"taxonomy":"category","embeddable":true,"href":"https:\/\/www.suno.com.br\/noticias\/wp-json\/wp\/v2\/categories?post=47990"},{"taxonomy":"post_tag","embeddable":true,"href":"https:\/\/www.suno.com.br\/noticias\/wp-json\/wp\/v2\/tags?post=47990"},{"taxonomy":"suno_strategy","embeddable":true,"href":"https:\/\/www.suno.com.br\/noticias\/wp-json\/wp\/v2\/suno_strategy?post=47990"}],"curies":[{"name":"wp","href":"https:\/\/api.w.org\/{rel}","templated":true}]}}