{"id":47975,"date":"2019-12-16T14:49:41","date_gmt":"2019-12-16T16:49:41","guid":{"rendered":"https:\/\/www.suno.com.br\/noticias\/?p=47975"},"modified":"2019-12-17T08:32:31","modified_gmt":"2019-12-17T10:32:31","slug":"compra-avon-natura-aprovada-comissao-europeia","status":"publish","type":"post","link":"https:\/\/www.suno.com.br\/noticias\/compra-avon-natura-aprovada-comissao-europeia\/","title":{"rendered":"Compra da Avon pela Natura \u00e9 aprovada pela Comiss\u00e3o Europeia"},"content":{"rendered":"<p>A <strong>Comiss\u00e3o<\/strong> <strong>Europeia<\/strong> ratificou a compra da Avon pela <strong>Natura<\/strong> (<a href=\"https:\/\/www.suno.com.br\/acoes\/natu3\/\">NATU3<\/a>) nesta segunda-feira (16). O \u00f3rg\u00e3o executivo da Uni\u00e3o Europeia (UE) concluiu que o neg\u00f3cio n\u00e3o implicar\u00e1 em problemas de concorr\u00eancia no mercado europeu.<\/p>\t<div class=\"wrapper-featured-image\">\n\t\t<figure class=\"spotlightImg\">\n\n\t\t\t<picture>\n\t\t\t\t<source media=\"(max-width: 768px)\" srcset=\"https:\/\/files.sunoresearch.com.br\/n\/uploads\/2019\/06\/ca0f871f-natura-400x200.webp\">\n\t\t\t\t<img loading=\"lazy\" decoding=\"async\" class=\"newsContent__article__imgCapa lazyloadDisabled newsContent__article__imgCapa--noCaption\" src=\"https:\/\/files.sunoresearch.com.br\/n\/uploads\/2019\/06\/ca0f871f-natura-800x450.webp\" width=\"800\" height=\"450\" alt=\"Compra da Avon pela Natura \u00e9 aprovada pela Comiss\u00e3o Europeia\" fetchpriority=high \/>\n\t\t\t<\/picture>\n\n\t\t\t<figcaption class=\"wp-caption-text wp-caption-text--hide\">A Natura &amp; CO (NTCO3) informou que realizou o pr\u00e9-pagamento de t\u00edtulos de d\u00edvida (&quot;bonds&quot;) de sua subsidi\u00e1ria Avon.<\/figcaption>\n\t\t<\/figure>\n\t<\/div>\n\n\n\n<p>Para o \u00f3rg\u00e3o executivo da UE, as atividades resultantes da jun\u00e7\u00e3o das duas empresas [<strong>Avon<\/strong> e Natura] ir\u00e1 apenas culminar em um aumento &#8220;moderado&#8221; da participa\u00e7\u00e3o de mercado na <strong>Europa<\/strong>.<\/p>\n<p>A comiss\u00e3o tamb\u00e9m afirmou que continuar\u00e1 tendo &#8220;uma s\u00e9rie de potentes fornecedores concorrentes em todas as \u00e1reas de produtos relevantes e nos pa\u00edses do Espa\u00e7o Econ\u00f4mico Europeu&#8221;. Dessa forma, a concorr\u00eancia n\u00e3o ser\u00e1 afetada com o neg\u00f3cio.<\/p>\n<h2>In\u00edcio do processo de compra da Avon pela Natura<\/h2>\n<p>Em mar\u00e7o deste ano, a <strong>Natura<\/strong> <strong>Cosm\u00e9ticos<\/strong> confirmou a possibilidade de compra de uma parte da norte-americana <strong>Avon<\/strong>.<\/p>\n<p>&#8220;A esse respeito, a Companhia confirma que vem mantendo discuss\u00f5es com a <strong>Avon <\/strong>a respeito de potencial transa\u00e7\u00e3o envolvendo ambas as companhias. Natura n\u00e3o pretende fazer coment\u00e1rios adicionais neste momento, por\u00e9m comunicar\u00e1 ao mercado quando apropriado&#8221;, comunicou, na \u00e9poca, a poss\u00edvel compradora em <strong><a href=\"https:\/\/www.suno.com.br\/artigos\/fato-relevante\/\">fato relevante<\/a><\/strong>.<\/p>\n<h2>An\u00fancio da compra<\/h2>\n<p>Em maio, a <strong>Natura<\/strong> anunciou a compra da Avon Products. A opera\u00e7\u00e3o envolvia, segundo comunicado da empresa, uma troca de a\u00e7\u00f5es (all-share merger). O novo grupo foi avaliado em US$ 11 bilh\u00f5es. Entretanto, apenas em novembro deste ano, o\u00a0<a href=\"https:\/\/www.suno.com.br\/artigos\/cade\/\">Conselho Administrativo de Defesa Econ\u00f4mica (<strong>Cade<\/strong>)<\/a> aprovou a aquisi\u00e7\u00e3o da Avon pela <strong>Natura<\/strong>.<\/p>\n<p>A negocia\u00e7\u00e3o entre as duas empresas foi aprovada pelo \u00f3rg\u00e3o regulador sem restri\u00e7\u00f5es. A <strong>Avon<\/strong> foi avaliada em US$ 3,7 bilh\u00f5es. De acordo com a empresa brasileira, o faturamento anual da companhia, que operar\u00e1 ap\u00f3s a finaliza\u00e7\u00e3o do neg\u00f3cio, ser\u00e1 superior a US$ 10 bilh\u00f5es (cerca de R$ 40 bilh\u00f5es).<\/p>\n<p>&#8220;A restrutura\u00e7\u00e3o societ\u00e1ria \u00e9 oportuna para que a Natura Cosm\u00e9ticos passe a ser detida pela Natura&amp;Co, viabilizando a subsequente integra\u00e7\u00e3o da base acion\u00e1ria e das opera\u00e7\u00f5es da <strong>Avon<\/strong>, sem que isso resulte em incremento dos \u00edndices de endividamento da Natura&#8221;, informou a Natura.<\/p>\n\n","protected":false},"excerpt":{"rendered":"<p>A Comiss\u00e3o Europeia ratificou a compra da Avon pela Natura (NATU3) nesta segunda-feira (16). O \u00f3rg\u00e3o executivo da Uni\u00e3o Europeia (UE) concluiu que o neg\u00f3cio n\u00e3o implicar\u00e1 em problemas de concorr\u00eancia no mercado europeu. A Natura &amp; CO (NTCO3) informou que realizou o pr\u00e9-pagamento de t\u00edtulos de d\u00edvida (&quot;bonds&quot;) de sua subsidi\u00e1ria Avon. Para o [&hellip;]<\/p>\n","protected":false},"author":19,"featured_media":28571,"comment_status":"closed","ping_status":"closed","sticky":false,"template":"","format":"standard","meta":[],"categories":[64],"tags":[975,574],"suno_strategy":[],"class_list":["post-47975","post","type-post","status-publish","format-standard","has-post-thumbnail","hentry","category-negocios","tag-avon","tag-natura-ntco3"],"yoast_head":"<!-- This site is optimized with the Yoast SEO plugin v24.4 - https:\/\/yoast.com\/wordpress\/plugins\/seo\/ -->\n<title>Compra da Avon pela Natura \u00e9 aprovada pela Comiss\u00e3o Europeia<\/title>\n<meta name=\"description\" content=\"A Comiss\u00e3o Europeia ratificou a compra da Avon pela Natura (NATU3) nesta segunda-feira (16). Clique aqui para saber mais.\" \/>\n<meta name=\"robots\" content=\"index, follow, max-snippet:-1, max-image-preview:large, max-video-preview:-1\" \/>\n<link rel=\"canonical\" href=\"https:\/\/www.suno.com.br\/noticias\/compra-avon-natura-aprovada-comissao-europeia\/\" \/>\n<meta property=\"og:locale\" content=\"pt_BR\" \/>\n<meta property=\"og:type\" content=\"article\" \/>\n<meta property=\"og:title\" content=\"Compra da Avon pela Natura \u00e9 aprovada pela Comiss\u00e3o Europeia\" \/>\n<meta property=\"og:description\" content=\"A Comiss\u00e3o Europeia ratificou a compra da Avon pela Natura (NATU3) nesta segunda-feira (16). Clique aqui para saber mais.\" \/>\n<meta property=\"og:url\" content=\"https:\/\/www.suno.com.br\/noticias\/compra-avon-natura-aprovada-comissao-europeia\/\" \/>\n<meta property=\"og:site_name\" content=\"Suno Not\u00edcias\" \/>\n<meta property=\"article:publisher\" content=\"https:\/\/facebook.com\/sunoresearch\" \/>\n<meta property=\"og:image\" content=\"https:\/\/files.sunoresearch.com.br\/n\/uploads\/2019\/06\/ca0f871f-natura.jpg\" \/>\n\t<meta property=\"og:image:width\" content=\"810\" \/>\n\t<meta property=\"og:image:height\" content=\"455\" \/>\n\t<meta property=\"og:image:type\" content=\"image\/jpeg\" \/>\n<meta name=\"author\" content=\"Juliano Passaro\" \/>\n<meta name=\"twitter:card\" content=\"summary_large_image\" \/>\n<meta name=\"twitter:creator\" content=\"@sunoresearch\" \/>\n<meta name=\"twitter:site\" content=\"@sunoresearch\" \/>\n<meta name=\"twitter:label1\" content=\"Escrito por\" \/>\n\t<meta name=\"twitter:data1\" content=\"Juliano Passaro\" \/>\n\t<meta name=\"twitter:label2\" content=\"Est. tempo de leitura\" \/>\n\t<meta name=\"twitter:data2\" content=\"2 minutos\" \/>\n<script type=\"application\/ld+json\" class=\"yoast-schema-graph\">{\"@context\":\"https:\/\/schema.org\",\"@graph\":[{\"@type\":\"NewsArticle\",\"@id\":\"https:\/\/www.suno.com.br\/noticias\/compra-avon-natura-aprovada-comissao-europeia\/#article\",\"isPartOf\":{\"@id\":\"https:\/\/www.suno.com.br\/noticias\/compra-avon-natura-aprovada-comissao-europeia\/\"},\"author\":{\"name\":\"Juliano Passaro\",\"@id\":\"https:\/\/www.suno.com.br\/noticias\/#\/schema\/person\/1db762f78ffd8919a648a63e425953e3\"},\"headline\":\"Compra da Avon pela Natura \u00e9 aprovada pela Comiss\u00e3o Europeia\",\"datePublished\":\"2019-12-16T16:49:41+00:00\",\"dateModified\":\"2019-12-17T10:32:31+00:00\",\"mainEntityOfPage\":{\"@id\":\"https:\/\/www.suno.com.br\/noticias\/compra-avon-natura-aprovada-comissao-europeia\/\"},\"wordCount\":383,\"publisher\":{\"@id\":\"https:\/\/www.suno.com.br\/noticias\/#organization\"},\"image\":{\"@id\":\"https:\/\/www.suno.com.br\/noticias\/compra-avon-natura-aprovada-comissao-europeia\/#primaryimage\"},\"thumbnailUrl\":\"https:\/\/files.sunoresearch.com.br\/n\/uploads\/2019\/06\/ca0f871f-natura.jpg\",\"keywords\":[\"Avon\",\"Natura (NTCO3)\"],\"articleSection\":[\"Neg\u00f3cios\"],\"inLanguage\":\"pt-BR\"},{\"@type\":\"WebPage\",\"@id\":\"https:\/\/www.suno.com.br\/noticias\/compra-avon-natura-aprovada-comissao-europeia\/\",\"url\":\"https:\/\/www.suno.com.br\/noticias\/compra-avon-natura-aprovada-comissao-europeia\/\",\"name\":\"Compra da Avon pela Natura \u00e9 aprovada pela Comiss\u00e3o Europeia\",\"isPartOf\":{\"@id\":\"https:\/\/www.suno.com.br\/noticias\/#website\"},\"primaryImageOfPage\":{\"@id\":\"https:\/\/www.suno.com.br\/noticias\/compra-avon-natura-aprovada-comissao-europeia\/#primaryimage\"},\"image\":{\"@id\":\"https:\/\/www.suno.com.br\/noticias\/compra-avon-natura-aprovada-comissao-europeia\/#primaryimage\"},\"thumbnailUrl\":\"https:\/\/files.sunoresearch.com.br\/n\/uploads\/2019\/06\/ca0f871f-natura.jpg\",\"datePublished\":\"2019-12-16T16:49:41+00:00\",\"dateModified\":\"2019-12-17T10:32:31+00:00\",\"description\":\"A Comiss\u00e3o Europeia ratificou a compra da Avon pela Natura (NATU3) nesta segunda-feira (16). Clique aqui para saber mais.\",\"breadcrumb\":{\"@id\":\"https:\/\/www.suno.com.br\/noticias\/compra-avon-natura-aprovada-comissao-europeia\/#breadcrumb\"},\"inLanguage\":\"pt-BR\",\"potentialAction\":[{\"@type\":\"ReadAction\",\"target\":[\"https:\/\/www.suno.com.br\/noticias\/compra-avon-natura-aprovada-comissao-europeia\/\"]}]},{\"@type\":\"ImageObject\",\"inLanguage\":\"pt-BR\",\"@id\":\"https:\/\/www.suno.com.br\/noticias\/compra-avon-natura-aprovada-comissao-europeia\/#primaryimage\",\"url\":\"https:\/\/files.sunoresearch.com.br\/n\/uploads\/2019\/06\/ca0f871f-natura.jpg\",\"contentUrl\":\"https:\/\/files.sunoresearch.com.br\/n\/uploads\/2019\/06\/ca0f871f-natura.jpg\",\"width\":810,\"height\":455,\"caption\":\"A Natura & CO (NTCO3) informou que realizou o pr\u00e9-pagamento de t\u00edtulos de d\u00edvida (\\\"bonds\\\") de sua subsidi\u00e1ria Avon.\"},{\"@type\":\"BreadcrumbList\",\"@id\":\"https:\/\/www.suno.com.br\/noticias\/compra-avon-natura-aprovada-comissao-europeia\/#breadcrumb\",\"itemListElement\":[{\"@type\":\"ListItem\",\"position\":1,\"name\":\"Not\u00edcias\",\"item\":\"https:\/\/www.suno.com.br\/noticias\/\"},{\"@type\":\"ListItem\",\"position\":2,\"name\":\"Neg\u00f3cios\",\"item\":\"https:\/\/www.suno.com.br\/noticias\/negocios\/\"},{\"@type\":\"ListItem\",\"position\":3,\"name\":\"Compra da Avon pela Natura \u00e9 aprovada pela Comiss\u00e3o Europeia\"}]},{\"@type\":\"WebSite\",\"@id\":\"https:\/\/www.suno.com.br\/noticias\/#website\",\"url\":\"https:\/\/www.suno.com.br\/noticias\/\",\"name\":\"Suno Not\u00edcias\",\"description\":\"Seu portal de informa\u00e7\u00e3o sobre o mundo dos investimentos\",\"publisher\":{\"@id\":\"https:\/\/www.suno.com.br\/noticias\/#organization\"},\"potentialAction\":[{\"@type\":\"SearchAction\",\"target\":{\"@type\":\"EntryPoint\",\"urlTemplate\":\"https:\/\/www.suno.com.br\/noticias\/?s={search_term_string}\"},\"query-input\":{\"@type\":\"PropertyValueSpecification\",\"valueRequired\":true,\"valueName\":\"search_term_string\"}}],\"inLanguage\":\"pt-BR\"},{\"@type\":\"Organization\",\"@id\":\"https:\/\/www.suno.com.br\/noticias\/#organization\",\"name\":\"Suno Not\u00edcias\",\"url\":\"https:\/\/www.suno.com.br\/noticias\/\",\"logo\":{\"@type\":\"ImageObject\",\"inLanguage\":\"pt-BR\",\"@id\":\"https:\/\/www.suno.com.br\/noticias\/#\/schema\/logo\/image\/\",\"url\":\"https:\/\/files.sunoresearch.com.br\/n\/uploads\/2021\/09\/suno-logo.png\",\"contentUrl\":\"https:\/\/files.sunoresearch.com.br\/n\/uploads\/2021\/09\/suno-logo.png\",\"width\":180,\"height\":180,\"caption\":\"Suno Not\u00edcias\"},\"image\":{\"@id\":\"https:\/\/www.suno.com.br\/noticias\/#\/schema\/logo\/image\/\"},\"sameAs\":[\"https:\/\/facebook.com\/sunoresearch\",\"https:\/\/x.com\/sunoresearch\",\"https:\/\/www.instagram.com\/suno\",\"https:\/\/www.linkedin.com\/company\/suno-research\/\",\"https:\/\/www.youtube.com\/c\/sunoresearch\"]},{\"@type\":\"Person\",\"@id\":\"https:\/\/www.suno.com.br\/noticias\/#\/schema\/person\/1db762f78ffd8919a648a63e425953e3\",\"name\":\"Juliano Passaro\",\"image\":{\"@type\":\"ImageObject\",\"inLanguage\":\"pt-BR\",\"@id\":\"https:\/\/www.suno.com.br\/noticias\/#\/schema\/person\/image\/\",\"url\":\"https:\/\/secure.gravatar.com\/avatar\/743d4df28eebf6dcc46b4ad03c319e92?s=96&r=g\",\"contentUrl\":\"https:\/\/secure.gravatar.com\/avatar\/743d4df28eebf6dcc46b4ad03c319e92?s=96&r=g\",\"caption\":\"Juliano Passaro\"},\"description\":\"Juliano Passaro escreve sobre pol\u00edtica, economia e neg\u00f3cios para o portal da Suno Research. Antes da Suno, trabalhou no Portal da Band. \u00c9 formado em jornalismo pela Universidade Presbiteriana Mackenzie.\",\"url\":\"https:\/\/www.suno.com.br\/noticias\/author\/juliano\/\"}]}<\/script>\n<!-- \/ Yoast SEO plugin. -->","yoast_head_json":{"title":"Compra da Avon pela Natura \u00e9 aprovada pela Comiss\u00e3o Europeia","description":"A Comiss\u00e3o Europeia ratificou a compra da Avon pela Natura (NATU3) nesta segunda-feira (16). Clique aqui para saber mais.","robots":{"index":"index","follow":"follow","max-snippet":"max-snippet:-1","max-image-preview":"max-image-preview:large","max-video-preview":"max-video-preview:-1"},"canonical":"https:\/\/www.suno.com.br\/noticias\/compra-avon-natura-aprovada-comissao-europeia\/","og_locale":"pt_BR","og_type":"article","og_title":"Compra da Avon pela Natura \u00e9 aprovada pela Comiss\u00e3o Europeia","og_description":"A Comiss\u00e3o Europeia ratificou a compra da Avon pela Natura (NATU3) nesta segunda-feira (16). Clique aqui para saber mais.","og_url":"https:\/\/www.suno.com.br\/noticias\/compra-avon-natura-aprovada-comissao-europeia\/","og_site_name":"Suno Not\u00edcias","article_publisher":"https:\/\/facebook.com\/sunoresearch","og_image":[{"width":810,"height":455,"url":"https:\/\/files.sunoresearch.com.br\/n\/uploads\/2019\/06\/ca0f871f-natura.jpg","type":"image\/jpeg"}],"author":"Juliano Passaro","twitter_card":"summary_large_image","twitter_creator":"@sunoresearch","twitter_site":"@sunoresearch","twitter_misc":{"Escrito por":"Juliano Passaro","Est. tempo de leitura":"2 minutos"},"schema":{"@context":"https:\/\/schema.org","@graph":[{"@type":"NewsArticle","@id":"https:\/\/www.suno.com.br\/noticias\/compra-avon-natura-aprovada-comissao-europeia\/#article","isPartOf":{"@id":"https:\/\/www.suno.com.br\/noticias\/compra-avon-natura-aprovada-comissao-europeia\/"},"author":{"name":"Juliano Passaro","@id":"https:\/\/www.suno.com.br\/noticias\/#\/schema\/person\/1db762f78ffd8919a648a63e425953e3"},"headline":"Compra da Avon pela Natura \u00e9 aprovada pela Comiss\u00e3o Europeia","datePublished":"2019-12-16T16:49:41+00:00","dateModified":"2019-12-17T10:32:31+00:00","mainEntityOfPage":{"@id":"https:\/\/www.suno.com.br\/noticias\/compra-avon-natura-aprovada-comissao-europeia\/"},"wordCount":383,"publisher":{"@id":"https:\/\/www.suno.com.br\/noticias\/#organization"},"image":{"@id":"https:\/\/www.suno.com.br\/noticias\/compra-avon-natura-aprovada-comissao-europeia\/#primaryimage"},"thumbnailUrl":"https:\/\/files.sunoresearch.com.br\/n\/uploads\/2019\/06\/ca0f871f-natura.jpg","keywords":["Avon","Natura (NTCO3)"],"articleSection":["Neg\u00f3cios"],"inLanguage":"pt-BR"},{"@type":"WebPage","@id":"https:\/\/www.suno.com.br\/noticias\/compra-avon-natura-aprovada-comissao-europeia\/","url":"https:\/\/www.suno.com.br\/noticias\/compra-avon-natura-aprovada-comissao-europeia\/","name":"Compra da Avon pela Natura \u00e9 aprovada pela Comiss\u00e3o Europeia","isPartOf":{"@id":"https:\/\/www.suno.com.br\/noticias\/#website"},"primaryImageOfPage":{"@id":"https:\/\/www.suno.com.br\/noticias\/compra-avon-natura-aprovada-comissao-europeia\/#primaryimage"},"image":{"@id":"https:\/\/www.suno.com.br\/noticias\/compra-avon-natura-aprovada-comissao-europeia\/#primaryimage"},"thumbnailUrl":"https:\/\/files.sunoresearch.com.br\/n\/uploads\/2019\/06\/ca0f871f-natura.jpg","datePublished":"2019-12-16T16:49:41+00:00","dateModified":"2019-12-17T10:32:31+00:00","description":"A Comiss\u00e3o Europeia ratificou a compra da Avon pela Natura (NATU3) nesta segunda-feira (16). Clique aqui para saber mais.","breadcrumb":{"@id":"https:\/\/www.suno.com.br\/noticias\/compra-avon-natura-aprovada-comissao-europeia\/#breadcrumb"},"inLanguage":"pt-BR","potentialAction":[{"@type":"ReadAction","target":["https:\/\/www.suno.com.br\/noticias\/compra-avon-natura-aprovada-comissao-europeia\/"]}]},{"@type":"ImageObject","inLanguage":"pt-BR","@id":"https:\/\/www.suno.com.br\/noticias\/compra-avon-natura-aprovada-comissao-europeia\/#primaryimage","url":"https:\/\/files.sunoresearch.com.br\/n\/uploads\/2019\/06\/ca0f871f-natura.jpg","contentUrl":"https:\/\/files.sunoresearch.com.br\/n\/uploads\/2019\/06\/ca0f871f-natura.jpg","width":810,"height":455,"caption":"A Natura & CO (NTCO3) informou que realizou o pr\u00e9-pagamento de t\u00edtulos de d\u00edvida (\"bonds\") de sua subsidi\u00e1ria Avon."},{"@type":"BreadcrumbList","@id":"https:\/\/www.suno.com.br\/noticias\/compra-avon-natura-aprovada-comissao-europeia\/#breadcrumb","itemListElement":[{"@type":"ListItem","position":1,"name":"Not\u00edcias","item":"https:\/\/www.suno.com.br\/noticias\/"},{"@type":"ListItem","position":2,"name":"Neg\u00f3cios","item":"https:\/\/www.suno.com.br\/noticias\/negocios\/"},{"@type":"ListItem","position":3,"name":"Compra da Avon pela Natura \u00e9 aprovada pela Comiss\u00e3o Europeia"}]},{"@type":"WebSite","@id":"https:\/\/www.suno.com.br\/noticias\/#website","url":"https:\/\/www.suno.com.br\/noticias\/","name":"Suno Not\u00edcias","description":"Seu portal de informa\u00e7\u00e3o sobre o mundo dos investimentos","publisher":{"@id":"https:\/\/www.suno.com.br\/noticias\/#organization"},"potentialAction":[{"@type":"SearchAction","target":{"@type":"EntryPoint","urlTemplate":"https:\/\/www.suno.com.br\/noticias\/?s={search_term_string}"},"query-input":{"@type":"PropertyValueSpecification","valueRequired":true,"valueName":"search_term_string"}}],"inLanguage":"pt-BR"},{"@type":"Organization","@id":"https:\/\/www.suno.com.br\/noticias\/#organization","name":"Suno Not\u00edcias","url":"https:\/\/www.suno.com.br\/noticias\/","logo":{"@type":"ImageObject","inLanguage":"pt-BR","@id":"https:\/\/www.suno.com.br\/noticias\/#\/schema\/logo\/image\/","url":"https:\/\/files.sunoresearch.com.br\/n\/uploads\/2021\/09\/suno-logo.png","contentUrl":"https:\/\/files.sunoresearch.com.br\/n\/uploads\/2021\/09\/suno-logo.png","width":180,"height":180,"caption":"Suno Not\u00edcias"},"image":{"@id":"https:\/\/www.suno.com.br\/noticias\/#\/schema\/logo\/image\/"},"sameAs":["https:\/\/facebook.com\/sunoresearch","https:\/\/x.com\/sunoresearch","https:\/\/www.instagram.com\/suno","https:\/\/www.linkedin.com\/company\/suno-research\/","https:\/\/www.youtube.com\/c\/sunoresearch"]},{"@type":"Person","@id":"https:\/\/www.suno.com.br\/noticias\/#\/schema\/person\/1db762f78ffd8919a648a63e425953e3","name":"Juliano Passaro","image":{"@type":"ImageObject","inLanguage":"pt-BR","@id":"https:\/\/www.suno.com.br\/noticias\/#\/schema\/person\/image\/","url":"https:\/\/secure.gravatar.com\/avatar\/743d4df28eebf6dcc46b4ad03c319e92?s=96&r=g","contentUrl":"https:\/\/secure.gravatar.com\/avatar\/743d4df28eebf6dcc46b4ad03c319e92?s=96&r=g","caption":"Juliano Passaro"},"description":"Juliano Passaro escreve sobre pol\u00edtica, economia e neg\u00f3cios para o portal da Suno Research. Antes da Suno, trabalhou no Portal da Band. \u00c9 formado em jornalismo pela Universidade Presbiteriana Mackenzie.","url":"https:\/\/www.suno.com.br\/noticias\/author\/juliano\/"}]}},"default_loop_html":"<div class=\"cardsPage__listCard__boxs\"><div class=\"cardsPage__listCard__boxs__img\"><a href=\"https:\/\/www.suno.com.br\/noticias\/compra-avon-natura-aprovada-comissao-europeia\/\"><img class=\"mask\" src=\"https:\/\/www.suno.com.br\/noticias\/wp-content\/themes\/suno\/resources\/images\/spotlight\/spotlight1img\/bg-mask.png\" alt=\"Image Mask\"\/><img src=\"https:\/\/files.sunoresearch.com.br\/n\/uploads\/2019\/06\/ca0f871f-natura-400x200.webp\" alt=\"Compra da Avon pela Natura \u00e9 aprovada pela Comiss\u00e3o Europeia\"\/><\/a><span class=\"spotlightCategory\"><a href=\"https:\/\/www.suno.com.br\/noticias\/negocios\/\">Neg\u00f3cios<\/a><\/span><\/div><div class=\"cardsPage__listCard__boxs__content\"><a href=\"https:\/\/www.suno.com.br\/noticias\/compra-avon-natura-aprovada-comissao-europeia\/\"><h2 class=\"content__title\">Compra da Avon pela Natura \u00e9 aprovada pela Comiss\u00e3o Europeia<\/h2><\/a><div class=\"newsContent__article__meta\"><div class=\"newsContent__article__meta__authorBox\"><a href=\"https:\/\/www.suno.com.br\/noticias\/author\/juliano\/\" class=\"authorBox__avatar noMobi\"><img src=\"https:\/\/files.sunoresearch.com.br\/n\/uploads\/2019\/06\/7cc3efea-whatsapp-image-2019-07-18-at-21.59.33-e1563499821209-150x150.webp\" alt=\"Juliano Passaro\"><\/a><div class=\"authorBox__name\"><span>por\n\t\t\t<a href=\"https:\/\/www.suno.com.br\/noticias\/author\/juliano\/\"><span itemprop=\"author\">Juliano Passaro<\/span><\/a><\/span><time datetime=\"2019-12-16T14:49:41-03:00\" itemprop=\"datePublished\">16\/12\/2019 14:49<\/time><\/div><\/div><\/div><\/div><\/div>","single_layout":"posts","amp_enabled":true,"_links":{"self":[{"href":"https:\/\/www.suno.com.br\/noticias\/wp-json\/wp\/v2\/posts\/47975"}],"collection":[{"href":"https:\/\/www.suno.com.br\/noticias\/wp-json\/wp\/v2\/posts"}],"about":[{"href":"https:\/\/www.suno.com.br\/noticias\/wp-json\/wp\/v2\/types\/post"}],"author":[{"embeddable":true,"href":"https:\/\/www.suno.com.br\/noticias\/wp-json\/wp\/v2\/users\/19"}],"replies":[{"embeddable":true,"href":"https:\/\/www.suno.com.br\/noticias\/wp-json\/wp\/v2\/comments?post=47975"}],"version-history":[{"count":0,"href":"https:\/\/www.suno.com.br\/noticias\/wp-json\/wp\/v2\/posts\/47975\/revisions"}],"wp:featuredmedia":[{"embeddable":true,"href":"https:\/\/www.suno.com.br\/noticias\/wp-json\/wp\/v2\/media\/28571"}],"wp:attachment":[{"href":"https:\/\/www.suno.com.br\/noticias\/wp-json\/wp\/v2\/media?parent=47975"}],"wp:term":[{"taxonomy":"category","embeddable":true,"href":"https:\/\/www.suno.com.br\/noticias\/wp-json\/wp\/v2\/categories?post=47975"},{"taxonomy":"post_tag","embeddable":true,"href":"https:\/\/www.suno.com.br\/noticias\/wp-json\/wp\/v2\/tags?post=47975"},{"taxonomy":"suno_strategy","embeddable":true,"href":"https:\/\/www.suno.com.br\/noticias\/wp-json\/wp\/v2\/suno_strategy?post=47975"}],"curies":[{"name":"wp","href":"https:\/\/api.w.org\/{rel}","templated":true}]}}