{"id":47954,"date":"2019-12-16T12:59:52","date_gmt":"2019-12-16T14:59:52","guid":{"rendered":"https:\/\/www.suno.com.br\/noticias\/?p=47954"},"modified":"2021-02-17T22:46:38","modified_gmt":"2021-02-18T01:46:38","slug":"banco-central-vende-28-bi-reservas-caem","status":"publish","type":"post","link":"https:\/\/www.suno.com.br\/noticias\/banco-central-vende-28-bi-reservas-caem\/","title":{"rendered":"Reservas caem para o patamar de 2016 ap\u00f3s Banco Central vender US$ 28 bi"},"content":{"rendered":"<p>Com o objetivo de conter a alta da moeda norte-americana, o Banco Central (BC) j\u00e1 vendeu cerca de US$ 28 bilh\u00f5es das <a href=\"https:\/\/www.suno.com.br\/artigos\/reservas-internacionais\/\">reservas internacionais<\/a> desde meados deste ano.<\/p>\t<div class=\"wrapper-featured-image\">\n\t\t<figure class=\"spotlightImg\">\n\n\t\t\t<picture>\n\t\t\t\t<source media=\"(max-width: 768px)\" srcset=\"https:\/\/files.sunoresearch.com.br\/n\/uploads\/2019\/09\/21f10e33-banco-central-400x200.webp\">\n\t\t\t\t<img loading=\"lazy\" decoding=\"async\" class=\"newsContent__article__imgCapa lazyloadDisabled newsContent__article__imgCapa--noCaption\" src=\"https:\/\/files.sunoresearch.com.br\/n\/uploads\/2019\/09\/21f10e33-banco-central-jpg.webp\" width=\"800\" height=\"450\" alt=\"Reservas caem para o patamar de 2016 ap\u00f3s Banco Central vender US$ 28 bi\" fetchpriority=high \/>\n\t\t\t<\/picture>\n\n\t\t\t<figcaption class=\"wp-caption-text wp-caption-text--hide\">BC: crise pode levar a &#039;aumento de concentra\u00e7\u00e3o no setor banc\u00e1rio&#039;<\/figcaption>\n\t\t<\/figure>\n\t<\/div>\n\n\n\n<p>No final da primeira metade de 2019, as reservas internacionais do <strong>Banco Central<\/strong> estavam na sua m\u00e1xima hist\u00f3rica, cerca de US$ 390,5 bilh\u00f5es (aproximadamente R$ 1,59 bilh\u00e3o na cota\u00e7\u00e3o atual). Na \u00faltima semana, no entanto, as reservas atingiram US$ 362,5 bilh\u00f5es (R$ 1,47 bilh\u00e3o), o menor patamar desde maio de 2016.<\/p>\n<p>A diferen\u00e7a de U$ 28 bilh\u00f5es \u00e9 proveniente das vendas de d\u00f3lares pela <a href=\"https:\/\/www.suno.com.br\/artigos\/bacen\/\">institui\u00e7\u00e3o monet\u00e1ria central<\/a> do Brasil no per\u00edodo de julho-dezembro e da varia\u00e7\u00e3o dos valores dos ativos que comp\u00f5em as reservas, sendo que a maior parte est\u00e1 alocada em t\u00edtulos do Tesouro dos <strong>Estados Unidos<\/strong>.<\/p>\n<p>Por\u00e9m, o Banco Central avalia que o volume de transa\u00e7\u00f5es n\u00e3o reduziu a seguran\u00e7a do Pa\u00eds em rela\u00e7\u00e3o a eventuais choques na economia de todo o mundo.<\/p>\n<p>Por mais que as reservas internacionais brasileiras tenham sido consumidas nos leil\u00f5es \u00e0 vista de d\u00f3lares realizados pelo BC desde agosto, a autoridade monet\u00e1ria tamb\u00e9m vendeu contratos futuros de compra da <a href=\"https:\/\/www.suno.com.br\/artigos\/dolar\/\">moeda estadunidense<\/a> no mesmo montante (<strong><a href=\"https:\/\/www.suno.com.br\/artigos\/swap-cambial\/\">swaps cambiais<\/a><\/strong>).<\/p>\n<p><a href=\"https:\/\/www.suno.com.br\/noticias\/camara-aprova-transferencia-coaf-banco-central\/\">Saiba mais: C\u00e2mara aprova transfer\u00eancia do Coaf para o Banco Central<\/a><\/p>\n<p>Ao passo que as reservas ca\u00edram US$ 28 bilh\u00f5es, a posi\u00e7\u00e3o cambial l\u00edquida, que tamb\u00e9m leva em considera\u00e7\u00e3o os swaps, passou de US$ 326,0 bilh\u00f5es para US$ 327,3 bilh\u00f5es. Dessa forma, o BC defende que esse indicador representa o verdadeiro &#8220;seguro&#8221; do Brasil contra eventuais crises.<\/p>\n<p>&#8220;Existe uma interpreta\u00e7\u00e3o equivocada de que o Brasil vendeu US$ 23 bilh\u00f5es em reservas&#8221;, comentou <strong>Roberto Campos Neto<\/strong>, presidente do BC, em 20 de novembro durante audi\u00eancia p\u00fablica na <strong>C\u00e2mara dos Deputados<\/strong>. Na ocasi\u00e3o, ele voltou a colocar o conceito de posi\u00e7\u00e3o cambial l\u00edquida como o mais importante para avaliar o tamanho do seguro.<\/p>\n<h2>Vendas do Banco Central divide opini\u00f5es<\/h2>\n<p>Alguns economistas e profissionais do mercado de c\u00e2mbio entrevistados pelo jornal &#8220;O Estado de S.Paulo&#8221;, por\u00e9m, fazem avalia\u00e7\u00f5es distintas. O economista Sidney Nehme, s\u00f3cio-diretor da corretora NGO, avalia que o BC defende o conceito de posi\u00e7\u00e3o l\u00edquida com o objetivo de evitar poss\u00edveis cr\u00edticas contra a venda de <strong>reservas internacionais<\/strong>.<\/p>\n\t<p>\n\t\t<a href=\"https:\/\/lp.suno.com.br\/asset\/fundos\/suno-fic-fia\/\" target=\"_blank\" data-element=\"shortcode-suno-banner\" title=\"Banner SUNO, clique e saiba mais\">\n\t\t\t<picture>\n\t\t\t\t<source media=\"(max-width: 500px)\" srcset=\"https:\/\/files.sunoresearch.com.br\/n\/uploads\/2023\/10\/SUNO-FIC-FIA-400x300-Mobile-Artigos-5.png\">\n\t\t\t\t<img class=\"newsContent__article__imgCapa newsContent__article__imgCapa--banner\"\n\t\t\t\t\tsrc=\"https:\/\/files.sunoresearch.com.br\/n\/uploads\/2023\/10\/SUNO-FIC-FIA-1420x240-Banner-Artigos-1-_-Banner-Materias-4.png\"\n\t\t\t\t\tdata-promo-id=\"478742\"\t\t\t\t\t\t\t\t\t\twidth='2840' height='480'\t\t\t\t\talt=\"https:\/\/files.sunoresearch.com.br\/n\/uploads\/2023\/10\/SUNO-FIC-FIA-1420x240-Banner-Artigos-1-_-Banner-Materias-4.png\"\n\t\t\t\t>\n\t\t\t<\/picture>\n\t\t<\/a>\n\t<\/p>\n\n\n<p>&#8220;Parece que existe certo constrangimento por parte do BC de assumir que est\u00e1 vendendo reservas, o que seria uma atitude natural em um momento em que voc\u00ea tem uma car\u00eancia de moeda&#8221;, disse Nehme.<\/p>\n<p>J\u00e1 o economista Silvio Campos Neto, da Tend\u00eancias Consultoria Integrada, disse que, ao se analisar o n\u00edvel do &#8220;seguro&#8221; de um pa\u00eds, o mais correto \u00e9 observar as reservas internacionais.<\/p>\n<p>&#8220;Os swaps realmente entram neste conceito da posi\u00e7\u00e3o l\u00edquida, mas eles em algum momento ser\u00e3o liquidados &#8211; e ser\u00e3o liquidados em reais, inclusive&#8221;, afirma o economista. &#8220;N\u00e3o creio que o swap efetivamente substitua de forma precisa o papel que os d\u00f3lares das reservas preenchem.&#8221;<\/p>\n<p><a href=\"https:\/\/www.suno.com.br\/noticias\/ibc-br-pib-avanca-outubro-banco-central\/\">Confira: IBC-Br, pr\u00e9via do PIB, avan\u00e7a 0,17% em outubro, diz Banco Central<\/a><\/p>\n<p>Silvio Campos Neto salientou que existe um debate sobre a necessidade de se manter reservas internacionais em n\u00edveis t\u00e3o altos, atualmente acima dos US$ 360 bilh\u00f5es. &#8220;Muitas an\u00e1lises e compara\u00e7\u00f5es convergem para a leitura de que o Brasil tinha uma posi\u00e7\u00e3o realmente excessiva em reservas internacionais.&#8221;<\/p>\n<p>&#8220;Nesse contexto, o <strong>Banco Central<\/strong> aproveitar o momento em que o <strong>d\u00f3lar<\/strong> est\u00e1 muito vol\u00e1til para reduzir as reservas me parece bastante razo\u00e1vel&#8221;, disse. &#8220;N\u00e3o vejo problema nessa redu\u00e7\u00e3o de reservas, at\u00e9 porque o n\u00edvel \u00e9 bastante confort\u00e1vel. Mas colocar os swaps como um substituto perfeito das reservas me parece algo question\u00e1vel.&#8221;<\/p>\n\n","protected":false},"excerpt":{"rendered":"<p>Com o objetivo de conter a alta da moeda norte-americana, o Banco Central (BC) j\u00e1 vendeu cerca de US$ 28 bilh\u00f5es das reservas internacionais desde meados deste ano. BC: crise pode levar a &#039;aumento de concentra\u00e7\u00e3o no setor banc\u00e1rio&#039; No final da primeira metade de 2019, as reservas internacionais do Banco Central estavam na sua [&hellip;]<\/p>\n","protected":false},"author":24,"featured_media":38603,"comment_status":"closed","ping_status":"closed","sticky":false,"template":"","format":"standard","meta":[],"categories":[62],"tags":[1842,326,927],"suno_strategy":[],"class_list":["post-47954","post","type-post","status-publish","format-standard","has-post-thumbnail","hentry","category-economia","tag-banco-central-bc","tag-dolar","tag-reservas-internacionais"],"yoast_head":"<!-- This site is optimized with the Yoast SEO plugin v24.4 - https:\/\/yoast.com\/wordpress\/plugins\/seo\/ -->\n<title>Banco Central vende US$ 28 bi e reservas caem para o patamar de 2016<\/title>\n<meta name=\"description\" content=\"Com o objetivo de conter a alta da moeda norte-americana, o Banco Central j\u00e1 vendeu US$ 28 bilh\u00f5es das reservas. Clique e saiba mais.\" \/>\n<meta name=\"robots\" content=\"index, follow, max-snippet:-1, max-image-preview:large, max-video-preview:-1\" \/>\n<link rel=\"canonical\" href=\"https:\/\/www.suno.com.br\/noticias\/banco-central-vende-28-bi-reservas-caem\/\" \/>\n<meta property=\"og:locale\" content=\"pt_BR\" \/>\n<meta property=\"og:type\" content=\"article\" \/>\n<meta property=\"og:title\" content=\"Banco Central vende US$ 28 bi e reservas caem para o patamar de 2016\" \/>\n<meta property=\"og:description\" content=\"Com o objetivo de conter a alta da moeda norte-americana, o Banco Central j\u00e1 vendeu US$ 28 bilh\u00f5es das reservas. Clique e saiba mais.\" \/>\n<meta property=\"og:url\" content=\"https:\/\/www.suno.com.br\/noticias\/banco-central-vende-28-bi-reservas-caem\/\" \/>\n<meta property=\"og:site_name\" content=\"Suno Not\u00edcias\" \/>\n<meta property=\"article:publisher\" content=\"https:\/\/facebook.com\/sunoresearch\" \/>\n<meta property=\"og:image\" content=\"https:\/\/files.sunoresearch.com.br\/n\/uploads\/2019\/09\/21f10e33-banco-central.jpg\" \/>\n\t<meta property=\"og:image:width\" content=\"750\" \/>\n\t<meta property=\"og:image:height\" content=\"498\" \/>\n\t<meta property=\"og:image:type\" content=\"image\/jpeg\" \/>\n<meta name=\"author\" content=\"Jader Lazarini\" \/>\n<meta name=\"twitter:card\" content=\"summary_large_image\" \/>\n<meta name=\"twitter:creator\" content=\"@sunoresearch\" \/>\n<meta name=\"twitter:site\" content=\"@sunoresearch\" \/>\n<meta name=\"twitter:label1\" content=\"Escrito por\" \/>\n\t<meta name=\"twitter:data1\" content=\"Jader Lazarini\" \/>\n\t<meta name=\"twitter:label2\" content=\"Est. tempo de leitura\" \/>\n\t<meta name=\"twitter:data2\" content=\"3 minutos\" \/>\n<script type=\"application\/ld+json\" class=\"yoast-schema-graph\">{\"@context\":\"https:\/\/schema.org\",\"@graph\":[{\"@type\":\"NewsArticle\",\"@id\":\"https:\/\/www.suno.com.br\/noticias\/banco-central-vende-28-bi-reservas-caem\/#article\",\"isPartOf\":{\"@id\":\"https:\/\/www.suno.com.br\/noticias\/banco-central-vende-28-bi-reservas-caem\/\"},\"author\":{\"name\":\"Jader Lazarini\",\"@id\":\"https:\/\/www.suno.com.br\/noticias\/#\/schema\/person\/918d79de1f0281f01599b93f9ea6e23f\"},\"headline\":\"Reservas caem para o patamar de 2016 ap\u00f3s Banco Central vender US$ 28 bi\",\"datePublished\":\"2019-12-16T14:59:52+00:00\",\"dateModified\":\"2021-02-18T01:46:38+00:00\",\"mainEntityOfPage\":{\"@id\":\"https:\/\/www.suno.com.br\/noticias\/banco-central-vende-28-bi-reservas-caem\/\"},\"wordCount\":662,\"publisher\":{\"@id\":\"https:\/\/www.suno.com.br\/noticias\/#organization\"},\"image\":{\"@id\":\"https:\/\/www.suno.com.br\/noticias\/banco-central-vende-28-bi-reservas-caem\/#primaryimage\"},\"thumbnailUrl\":\"https:\/\/files.sunoresearch.com.br\/n\/uploads\/2019\/09\/21f10e33-banco-central-jpg.webp\",\"keywords\":[\"Banco Central (BC)\",\"d\u00f3lar\",\"reservas internacionais\"],\"articleSection\":[\"Economia\"],\"inLanguage\":\"pt-BR\"},{\"@type\":\"WebPage\",\"@id\":\"https:\/\/www.suno.com.br\/noticias\/banco-central-vende-28-bi-reservas-caem\/\",\"url\":\"https:\/\/www.suno.com.br\/noticias\/banco-central-vende-28-bi-reservas-caem\/\",\"name\":\"Banco Central vende US$ 28 bi e reservas caem para o patamar de 2016\",\"isPartOf\":{\"@id\":\"https:\/\/www.suno.com.br\/noticias\/#website\"},\"primaryImageOfPage\":{\"@id\":\"https:\/\/www.suno.com.br\/noticias\/banco-central-vende-28-bi-reservas-caem\/#primaryimage\"},\"image\":{\"@id\":\"https:\/\/www.suno.com.br\/noticias\/banco-central-vende-28-bi-reservas-caem\/#primaryimage\"},\"thumbnailUrl\":\"https:\/\/files.sunoresearch.com.br\/n\/uploads\/2019\/09\/21f10e33-banco-central-jpg.webp\",\"datePublished\":\"2019-12-16T14:59:52+00:00\",\"dateModified\":\"2021-02-18T01:46:38+00:00\",\"description\":\"Com o objetivo de conter a alta da moeda norte-americana, o Banco Central j\u00e1 vendeu US$ 28 bilh\u00f5es das reservas. Clique e saiba mais.\",\"breadcrumb\":{\"@id\":\"https:\/\/www.suno.com.br\/noticias\/banco-central-vende-28-bi-reservas-caem\/#breadcrumb\"},\"inLanguage\":\"pt-BR\",\"potentialAction\":[{\"@type\":\"ReadAction\",\"target\":[\"https:\/\/www.suno.com.br\/noticias\/banco-central-vende-28-bi-reservas-caem\/\"]}]},{\"@type\":\"ImageObject\",\"inLanguage\":\"pt-BR\",\"@id\":\"https:\/\/www.suno.com.br\/noticias\/banco-central-vende-28-bi-reservas-caem\/#primaryimage\",\"url\":\"https:\/\/files.sunoresearch.com.br\/n\/uploads\/2019\/09\/21f10e33-banco-central-jpg.webp\",\"contentUrl\":\"https:\/\/files.sunoresearch.com.br\/n\/uploads\/2019\/09\/21f10e33-banco-central-jpg.webp\",\"width\":750,\"height\":498,\"caption\":\"BC: crise pode levar a 'aumento de concentra\u00e7\u00e3o no setor banc\u00e1rio'\"},{\"@type\":\"BreadcrumbList\",\"@id\":\"https:\/\/www.suno.com.br\/noticias\/banco-central-vende-28-bi-reservas-caem\/#breadcrumb\",\"itemListElement\":[{\"@type\":\"ListItem\",\"position\":1,\"name\":\"Not\u00edcias\",\"item\":\"https:\/\/www.suno.com.br\/noticias\/\"},{\"@type\":\"ListItem\",\"position\":2,\"name\":\"Economia\",\"item\":\"https:\/\/www.suno.com.br\/noticias\/economia\/\"},{\"@type\":\"ListItem\",\"position\":3,\"name\":\"Reservas caem para o patamar de 2016 ap\u00f3s Banco Central vender US$ 28 bi\"}]},{\"@type\":\"WebSite\",\"@id\":\"https:\/\/www.suno.com.br\/noticias\/#website\",\"url\":\"https:\/\/www.suno.com.br\/noticias\/\",\"name\":\"Suno Not\u00edcias\",\"description\":\"Seu portal de informa\u00e7\u00e3o sobre o mundo dos investimentos\",\"publisher\":{\"@id\":\"https:\/\/www.suno.com.br\/noticias\/#organization\"},\"potentialAction\":[{\"@type\":\"SearchAction\",\"target\":{\"@type\":\"EntryPoint\",\"urlTemplate\":\"https:\/\/www.suno.com.br\/noticias\/?s={search_term_string}\"},\"query-input\":{\"@type\":\"PropertyValueSpecification\",\"valueRequired\":true,\"valueName\":\"search_term_string\"}}],\"inLanguage\":\"pt-BR\"},{\"@type\":\"Organization\",\"@id\":\"https:\/\/www.suno.com.br\/noticias\/#organization\",\"name\":\"Suno Not\u00edcias\",\"url\":\"https:\/\/www.suno.com.br\/noticias\/\",\"logo\":{\"@type\":\"ImageObject\",\"inLanguage\":\"pt-BR\",\"@id\":\"https:\/\/www.suno.com.br\/noticias\/#\/schema\/logo\/image\/\",\"url\":\"https:\/\/files.sunoresearch.com.br\/n\/uploads\/2021\/09\/suno-logo.png\",\"contentUrl\":\"https:\/\/files.sunoresearch.com.br\/n\/uploads\/2021\/09\/suno-logo.png\",\"width\":180,\"height\":180,\"caption\":\"Suno Not\u00edcias\"},\"image\":{\"@id\":\"https:\/\/www.suno.com.br\/noticias\/#\/schema\/logo\/image\/\"},\"sameAs\":[\"https:\/\/facebook.com\/sunoresearch\",\"https:\/\/x.com\/sunoresearch\",\"https:\/\/www.instagram.com\/suno\",\"https:\/\/www.linkedin.com\/company\/suno-research\/\",\"https:\/\/www.youtube.com\/c\/sunoresearch\"]},{\"@type\":\"Person\",\"@id\":\"https:\/\/www.suno.com.br\/noticias\/#\/schema\/person\/918d79de1f0281f01599b93f9ea6e23f\",\"name\":\"Jader Lazarini\",\"image\":{\"@type\":\"ImageObject\",\"inLanguage\":\"pt-BR\",\"@id\":\"https:\/\/www.suno.com.br\/noticias\/#\/schema\/person\/image\/\",\"url\":\"https:\/\/secure.gravatar.com\/avatar\/3c1ad8caa51589841baeb923fcddea97?s=96&r=g\",\"contentUrl\":\"https:\/\/secure.gravatar.com\/avatar\/3c1ad8caa51589841baeb923fcddea97?s=96&r=g\",\"caption\":\"Jader Lazarini\"},\"description\":\"Jader Lazarini escreve sobre investimentos, finan\u00e7as, economia e neg\u00f3cios. \u00c9 bacharel em Rela\u00e7\u00f5es Internacionais e analista CNPI (2619).\",\"url\":\"https:\/\/www.suno.com.br\/noticias\/author\/jader-lazarini\/\"}]}<\/script>\n<!-- \/ Yoast SEO plugin. -->","yoast_head_json":{"title":"Banco Central vende US$ 28 bi e reservas caem para o patamar de 2016","description":"Com o objetivo de conter a alta da moeda norte-americana, o Banco Central j\u00e1 vendeu US$ 28 bilh\u00f5es das reservas. Clique e saiba mais.","robots":{"index":"index","follow":"follow","max-snippet":"max-snippet:-1","max-image-preview":"max-image-preview:large","max-video-preview":"max-video-preview:-1"},"canonical":"https:\/\/www.suno.com.br\/noticias\/banco-central-vende-28-bi-reservas-caem\/","og_locale":"pt_BR","og_type":"article","og_title":"Banco Central vende US$ 28 bi e reservas caem para o patamar de 2016","og_description":"Com o objetivo de conter a alta da moeda norte-americana, o Banco Central j\u00e1 vendeu US$ 28 bilh\u00f5es das reservas. Clique e saiba mais.","og_url":"https:\/\/www.suno.com.br\/noticias\/banco-central-vende-28-bi-reservas-caem\/","og_site_name":"Suno Not\u00edcias","article_publisher":"https:\/\/facebook.com\/sunoresearch","og_image":[{"width":750,"height":498,"url":"https:\/\/files.sunoresearch.com.br\/n\/uploads\/2019\/09\/21f10e33-banco-central.jpg","type":"image\/jpeg"}],"author":"Jader Lazarini","twitter_card":"summary_large_image","twitter_creator":"@sunoresearch","twitter_site":"@sunoresearch","twitter_misc":{"Escrito por":"Jader Lazarini","Est. tempo de leitura":"3 minutos"},"schema":{"@context":"https:\/\/schema.org","@graph":[{"@type":"NewsArticle","@id":"https:\/\/www.suno.com.br\/noticias\/banco-central-vende-28-bi-reservas-caem\/#article","isPartOf":{"@id":"https:\/\/www.suno.com.br\/noticias\/banco-central-vende-28-bi-reservas-caem\/"},"author":{"name":"Jader Lazarini","@id":"https:\/\/www.suno.com.br\/noticias\/#\/schema\/person\/918d79de1f0281f01599b93f9ea6e23f"},"headline":"Reservas caem para o patamar de 2016 ap\u00f3s Banco Central vender US$ 28 bi","datePublished":"2019-12-16T14:59:52+00:00","dateModified":"2021-02-18T01:46:38+00:00","mainEntityOfPage":{"@id":"https:\/\/www.suno.com.br\/noticias\/banco-central-vende-28-bi-reservas-caem\/"},"wordCount":662,"publisher":{"@id":"https:\/\/www.suno.com.br\/noticias\/#organization"},"image":{"@id":"https:\/\/www.suno.com.br\/noticias\/banco-central-vende-28-bi-reservas-caem\/#primaryimage"},"thumbnailUrl":"https:\/\/files.sunoresearch.com.br\/n\/uploads\/2019\/09\/21f10e33-banco-central-jpg.webp","keywords":["Banco Central (BC)","d\u00f3lar","reservas internacionais"],"articleSection":["Economia"],"inLanguage":"pt-BR"},{"@type":"WebPage","@id":"https:\/\/www.suno.com.br\/noticias\/banco-central-vende-28-bi-reservas-caem\/","url":"https:\/\/www.suno.com.br\/noticias\/banco-central-vende-28-bi-reservas-caem\/","name":"Banco Central vende US$ 28 bi e reservas caem para o patamar de 2016","isPartOf":{"@id":"https:\/\/www.suno.com.br\/noticias\/#website"},"primaryImageOfPage":{"@id":"https:\/\/www.suno.com.br\/noticias\/banco-central-vende-28-bi-reservas-caem\/#primaryimage"},"image":{"@id":"https:\/\/www.suno.com.br\/noticias\/banco-central-vende-28-bi-reservas-caem\/#primaryimage"},"thumbnailUrl":"https:\/\/files.sunoresearch.com.br\/n\/uploads\/2019\/09\/21f10e33-banco-central-jpg.webp","datePublished":"2019-12-16T14:59:52+00:00","dateModified":"2021-02-18T01:46:38+00:00","description":"Com o objetivo de conter a alta da moeda norte-americana, o Banco Central j\u00e1 vendeu US$ 28 bilh\u00f5es das reservas. Clique e saiba mais.","breadcrumb":{"@id":"https:\/\/www.suno.com.br\/noticias\/banco-central-vende-28-bi-reservas-caem\/#breadcrumb"},"inLanguage":"pt-BR","potentialAction":[{"@type":"ReadAction","target":["https:\/\/www.suno.com.br\/noticias\/banco-central-vende-28-bi-reservas-caem\/"]}]},{"@type":"ImageObject","inLanguage":"pt-BR","@id":"https:\/\/www.suno.com.br\/noticias\/banco-central-vende-28-bi-reservas-caem\/#primaryimage","url":"https:\/\/files.sunoresearch.com.br\/n\/uploads\/2019\/09\/21f10e33-banco-central-jpg.webp","contentUrl":"https:\/\/files.sunoresearch.com.br\/n\/uploads\/2019\/09\/21f10e33-banco-central-jpg.webp","width":750,"height":498,"caption":"BC: crise pode levar a 'aumento de concentra\u00e7\u00e3o no setor banc\u00e1rio'"},{"@type":"BreadcrumbList","@id":"https:\/\/www.suno.com.br\/noticias\/banco-central-vende-28-bi-reservas-caem\/#breadcrumb","itemListElement":[{"@type":"ListItem","position":1,"name":"Not\u00edcias","item":"https:\/\/www.suno.com.br\/noticias\/"},{"@type":"ListItem","position":2,"name":"Economia","item":"https:\/\/www.suno.com.br\/noticias\/economia\/"},{"@type":"ListItem","position":3,"name":"Reservas caem para o patamar de 2016 ap\u00f3s Banco Central vender US$ 28 bi"}]},{"@type":"WebSite","@id":"https:\/\/www.suno.com.br\/noticias\/#website","url":"https:\/\/www.suno.com.br\/noticias\/","name":"Suno Not\u00edcias","description":"Seu portal de informa\u00e7\u00e3o sobre o mundo dos investimentos","publisher":{"@id":"https:\/\/www.suno.com.br\/noticias\/#organization"},"potentialAction":[{"@type":"SearchAction","target":{"@type":"EntryPoint","urlTemplate":"https:\/\/www.suno.com.br\/noticias\/?s={search_term_string}"},"query-input":{"@type":"PropertyValueSpecification","valueRequired":true,"valueName":"search_term_string"}}],"inLanguage":"pt-BR"},{"@type":"Organization","@id":"https:\/\/www.suno.com.br\/noticias\/#organization","name":"Suno Not\u00edcias","url":"https:\/\/www.suno.com.br\/noticias\/","logo":{"@type":"ImageObject","inLanguage":"pt-BR","@id":"https:\/\/www.suno.com.br\/noticias\/#\/schema\/logo\/image\/","url":"https:\/\/files.sunoresearch.com.br\/n\/uploads\/2021\/09\/suno-logo.png","contentUrl":"https:\/\/files.sunoresearch.com.br\/n\/uploads\/2021\/09\/suno-logo.png","width":180,"height":180,"caption":"Suno Not\u00edcias"},"image":{"@id":"https:\/\/www.suno.com.br\/noticias\/#\/schema\/logo\/image\/"},"sameAs":["https:\/\/facebook.com\/sunoresearch","https:\/\/x.com\/sunoresearch","https:\/\/www.instagram.com\/suno","https:\/\/www.linkedin.com\/company\/suno-research\/","https:\/\/www.youtube.com\/c\/sunoresearch"]},{"@type":"Person","@id":"https:\/\/www.suno.com.br\/noticias\/#\/schema\/person\/918d79de1f0281f01599b93f9ea6e23f","name":"Jader Lazarini","image":{"@type":"ImageObject","inLanguage":"pt-BR","@id":"https:\/\/www.suno.com.br\/noticias\/#\/schema\/person\/image\/","url":"https:\/\/secure.gravatar.com\/avatar\/3c1ad8caa51589841baeb923fcddea97?s=96&r=g","contentUrl":"https:\/\/secure.gravatar.com\/avatar\/3c1ad8caa51589841baeb923fcddea97?s=96&r=g","caption":"Jader Lazarini"},"description":"Jader Lazarini escreve sobre investimentos, finan\u00e7as, economia e neg\u00f3cios. \u00c9 bacharel em Rela\u00e7\u00f5es Internacionais e analista CNPI (2619).","url":"https:\/\/www.suno.com.br\/noticias\/author\/jader-lazarini\/"}]}},"default_loop_html":"<div class=\"cardsPage__listCard__boxs\"><div class=\"cardsPage__listCard__boxs__img\"><a href=\"https:\/\/www.suno.com.br\/noticias\/banco-central-vende-28-bi-reservas-caem\/\"><img class=\"mask\" src=\"https:\/\/www.suno.com.br\/noticias\/wp-content\/themes\/suno\/resources\/images\/spotlight\/spotlight1img\/bg-mask.png\" alt=\"Image Mask\"\/><img src=\"https:\/\/files.sunoresearch.com.br\/n\/uploads\/2019\/09\/21f10e33-banco-central-400x200.webp\" alt=\"Reservas caem para o patamar de 2016 ap\u00f3s Banco Central vender US$ 28 bi\"\/><\/a><span class=\"spotlightCategory\"><a href=\"https:\/\/www.suno.com.br\/noticias\/economia\/\">Economia<\/a><\/span><\/div><div class=\"cardsPage__listCard__boxs__content\"><a href=\"https:\/\/www.suno.com.br\/noticias\/banco-central-vende-28-bi-reservas-caem\/\"><h2 class=\"content__title\">Reservas caem para o patamar de 2016 ap\u00f3s Banco Central vender US$ 28 bi<\/h2><\/a><div class=\"newsContent__article__meta\"><div class=\"newsContent__article__meta__authorBox\"><a href=\"https:\/\/www.suno.com.br\/noticias\/author\/jader-lazarini\/\" class=\"authorBox__avatar noMobi\"><img src=\"https:\/\/files.sunoresearch.com.br\/n\/uploads\/2021\/01\/178e6598-foto-perfil-2-150x150.jpg\" alt=\"Jader Lazarini\"><\/a><div class=\"authorBox__name\"><span>por\n\t\t\t<a href=\"https:\/\/www.suno.com.br\/noticias\/author\/jader-lazarini\/\"><span itemprop=\"author\">Jader Lazarini<\/span><\/a><\/span><time datetime=\"2019-12-16T12:59:52-03:00\" itemprop=\"datePublished\">16\/12\/2019 12:59<\/time><\/div><\/div><\/div><\/div><\/div>","single_layout":"posts","amp_enabled":true,"_links":{"self":[{"href":"https:\/\/www.suno.com.br\/noticias\/wp-json\/wp\/v2\/posts\/47954"}],"collection":[{"href":"https:\/\/www.suno.com.br\/noticias\/wp-json\/wp\/v2\/posts"}],"about":[{"href":"https:\/\/www.suno.com.br\/noticias\/wp-json\/wp\/v2\/types\/post"}],"author":[{"embeddable":true,"href":"https:\/\/www.suno.com.br\/noticias\/wp-json\/wp\/v2\/users\/24"}],"replies":[{"embeddable":true,"href":"https:\/\/www.suno.com.br\/noticias\/wp-json\/wp\/v2\/comments?post=47954"}],"version-history":[{"count":0,"href":"https:\/\/www.suno.com.br\/noticias\/wp-json\/wp\/v2\/posts\/47954\/revisions"}],"wp:featuredmedia":[{"embeddable":true,"href":"https:\/\/www.suno.com.br\/noticias\/wp-json\/wp\/v2\/media\/38603"}],"wp:attachment":[{"href":"https:\/\/www.suno.com.br\/noticias\/wp-json\/wp\/v2\/media?parent=47954"}],"wp:term":[{"taxonomy":"category","embeddable":true,"href":"https:\/\/www.suno.com.br\/noticias\/wp-json\/wp\/v2\/categories?post=47954"},{"taxonomy":"post_tag","embeddable":true,"href":"https:\/\/www.suno.com.br\/noticias\/wp-json\/wp\/v2\/tags?post=47954"},{"taxonomy":"suno_strategy","embeddable":true,"href":"https:\/\/www.suno.com.br\/noticias\/wp-json\/wp\/v2\/suno_strategy?post=47954"}],"curies":[{"name":"wp","href":"https:\/\/api.w.org\/{rel}","templated":true}]}}