{"id":479513,"date":"2023-11-01T09:44:43","date_gmt":"2023-11-01T12:44:43","guid":{"rendered":"https:\/\/www.suno.com.br\/noticias\/?p=479513"},"modified":"2023-11-01T09:44:49","modified_gmt":"2023-11-01T12:44:49","slug":"lula-recusa-cortes-orcamento-meta-fiscal-governo-cpf","status":"publish","type":"post","link":"https:\/\/www.suno.com.br\/noticias\/lula-recusa-cortes-orcamento-meta-fiscal-governo-cpf\/","title":{"rendered":"Lula recusa cortes no Or\u00e7amento e nova meta fiscal \u00e9 foco do governo"},"content":{"rendered":"<p>O presidente Luiz In\u00e1cio <strong>Lula <\/strong>da Silva negou fazer novos cortes em despesas previstas para o Or\u00e7amento de 2024. Com isso, a nova <a class=\"suno-keyword\" target=\"_blank\" data-force=\"no\" data-priority=\"1\" href=\"https:\/\/www.suno.com.br\/artigos\/meta-fiscal\/\" rel=\"noopener\">meta fiscal<\/a> do governo federal est\u00e1 passando por novos ajustes em Bras\u00edlia. <\/p>\t<div class=\"wrapper-featured-image\">\n\t\t<figure class=\"spotlightImg\">\n\n\t\t\t<picture>\n\t\t\t\t<source media=\"(max-width: 768px)\" srcset=\"https:\/\/files.sunoresearch.com.br\/n\/uploads\/2023\/03\/lula-conselho-politica-energetica-400x200.jpg\">\n\t\t\t\t<img loading=\"lazy\" decoding=\"async\" class=\"newsContent__article__imgCapa lazyloadDisabled \" src=\"https:\/\/files.sunoresearch.com.br\/n\/uploads\/2023\/03\/lula-conselho-politica-energetica-800x450.jpg\" width=\"800\" height=\"450\" alt=\"Lula recusa cortes no Or\u00e7amento e nova meta fiscal \u00e9 foco do governo\" fetchpriority=high \/>\n\t\t\t<\/picture>\n\n\t\t\t<figcaption class=\"wp-caption-text wp-caption-text--show\">O presidente Luiz In\u00e1cio Lula da Silva. Foto: Marcelo Camargo\/Ag\u00eancia Brasil<\/figcaption>\n\t\t<\/figure>\n\t<\/div>\n\n\n\n\n\n\n\n\t<p>\n\t\t<a href=\"\" target=\"_blank\" data-element=\"shortcode-suno-banner\" title=\"Banner SUNO, clique e saiba mais\">\n\t\t\t<picture>\n\t\t\t\t<source media=\"(max-width: 500px)\" srcset=\"\">\n\t\t\t\t<img class=\"newsContent__article__imgCapa newsContent__article__imgCapa--banner\"\n\t\t\t\t\tsrc=\"\"\n\t\t\t\t\tdata-promo-id=\"240038\"\t\t\t\t\t\t\t\t\t\t\t\t\t\t\talt=\"\"\n\t\t\t\t>\n\t\t\t<\/picture>\n\t\t<\/a>\n\t<\/p>\n\n\n\n\n\n<p>A<strong> Lei de Diretrizes Or\u00e7ament\u00e1rias (LDO)<\/strong> agora toma um novo rumo determinado pelo posicionamento do <strong>presidente Lula<\/strong> ap\u00f3s a reuni\u00e3o feita nesta ter\u00e7a-feira (31) no Pal\u00e1cio do Planalto com ministros e deputados da base aliada do governo no Congresso.<\/p>\n\n\n\n<p>Nesse encontro, Lula esclareceu que n\u00e3o iria cortar nenhuma despesa j\u00e1 prevista no <strong>Or\u00e7amento 2024<\/strong>. Na pr\u00e1tica, ao dar essa garantia, ele voltou a indicar que, na hip\u00f3tese de uma arrecada\u00e7\u00e3o menor, o governo n\u00e3o pretende usar o contingenciamento para atingir a atual<strong> meta de d\u00e9ficit zero em 2024<\/strong> &#8211; uma bandeira do ministro da Fazenda, Fernando Haddad.<\/p>\n\n\n\n<p>O tamanho da flexibiliza\u00e7\u00e3o da <strong>meta or\u00e7ament\u00e1ria<\/strong>, segundo apurou o Estad\u00e3o, vai depender de uma defini\u00e7\u00e3o mais clara de quanto o governo conseguir\u00e1 obter de aumento de receitas com as medidas j\u00e1 apresentadas ao Congresso. Para atingir a atual meta, a equipe econ\u00f4mica ainda busca R$ 168,5 bilh\u00f5es em receitas extras.<\/p>\n\n\n\n<p>O foco agora do governo \u00e9 a Medida Provis\u00f3ria 1.185, que limita a possibilidade das empresas abaterem benef\u00edcios fiscais estaduais dos <a class=\"suno-keyword\" data-force=\"no\" data-priority=\"1\" href=\"https:\/\/www.suno.com.br\/artigos\/tributos-federais\/\" target=\"_blank\" rel=\"noopener\">tributos federais<\/a>. O avan\u00e7o desse texto no Congresso dever\u00e1 definir o grau de flexibiliza\u00e7\u00e3o da<strong> meta 2024<\/strong> e do d\u00e9ficit no ano: um saldo negativo de 0,25%, 0,50% ou, at\u00e9 mesmo, de 0,75% do Produto Interno Bruto (PIB).<\/p>\n\n\n\n<p>Como o novo arcabou\u00e7o fiscal prev\u00ea uma banda de toler\u00e2ncia de 0,25 ponto porcentual para cima e para baixo, uma meta formal de d\u00e9ficit de 0,5% do PIB poderia permitir ao governo chegar ao fim de 2024 com um saldo negativo de 0,75%. J\u00e1 na fixa\u00e7\u00e3o de uma <strong>meta de d\u00e9ficit <\/strong>de 0,25%, o rombo das contas p\u00fablicas poderia atingir at\u00e9 0,5% do PIB.<\/p>\n\n\n\n<p>&#8220;A quest\u00e3o \u00e9 n\u00e3o mais quando mudar, mas quanto. O quando j\u00e1 est\u00e1 dado: ser\u00e1 na <strong>vota\u00e7\u00e3o da LDO<\/strong>&#8220;, disse o deputado Pedro Paulo (PSD-RJ), relator do projeto que altera a tributa\u00e7\u00e3o dos fundos no exterior (offshore) e exclusivos. O deputado foi um dos cerca de 50 participantes da reuni\u00e3o de ontem.<\/p>\n\n\n\n<p>A Junta de Execu\u00e7\u00e3o Or\u00e7ament\u00e1ria (JEO) deve se reunir at\u00e9 a pr\u00f3xima semana para definir o melhor momento para a mudan\u00e7a da <strong>meta 20204<\/strong>. A JEO \u00e9 um colegiado que toma as decis\u00f5es de <a class=\"suno-keyword\" data-force=\"no\" data-priority=\"1\" href=\"https:\/\/www.suno.com.br\/artigos\/politica-fiscal\/\" target=\"_blank\" rel=\"noopener\">pol\u00edtica fiscal<\/a> do governo, e \u00e9 formado pelos ministros Haddad, Rui Costa (Casa Civil), Simone Tebet (Planejamento e Or\u00e7amento) e Esther Dweck (Gest\u00e3o).<\/p>\n\n\n\t<p>\n\t\t<a href=\"https:\/\/lp.suno.com.br\/ebook-gratuito-investindo-no-exterior\/\" target=\"_blank\" data-element=\"shortcode-suno-banner\" title=\"Banner SUNO, clique e saiba mais\">\n\t\t\t<picture>\n\t\t\t\t<source media=\"(max-width: 500px)\" srcset=\"https:\/\/files.sunoresearch.com.br\/n\/uploads\/2023\/03\/400x300-Investindo-no-exterior.png\">\n\t\t\t\t<img class=\"newsContent__article__imgCapa newsContent__article__imgCapa--banner\"\n\t\t\t\t\tsrc=\"https:\/\/files.sunoresearch.com.br\/n\/uploads\/2023\/03\/1420x240-Investindo-no-exterior.png\"\n\t\t\t\t\tdata-promo-id=\"383161\"\t\t\t\t\t\t\t\t\t\twidth='1420' height='240'\t\t\t\t\talt=\"https:\/\/files.sunoresearch.com.br\/n\/uploads\/2023\/03\/1420x240-Investindo-no-exterior.png\"\n\t\t\t\t>\n\t\t\t<\/picture>\n\t\t<\/a>\n\t<\/p>\n\n\n\n\n\n<h2 class=\"wp-block-heading\">Distante das novas mudan\u00e7as da meta 2024, Haddad de re\u00fane com Lula e Lira<\/h2>\n\n\n\n<p>Isolado diante de toda a movimenta\u00e7\u00e3o para a mudan\u00e7a da <strong>meta or\u00e7ament\u00e1ria<\/strong>, o ministro da Fazenda tem buscado canais de di\u00e1logo com lideran\u00e7as do Congresso para aprovar as medidas e lan\u00e7ar outras como o corte de ren\u00fancias fiscais. As discuss\u00f5es est\u00e3o sendo feitas em torno da orienta\u00e7\u00e3o do presidente Lula de n\u00e3o cortar as despesas. O ministro recebeu apoio p\u00fablico do presidente do Senado, Rodrigo Pacheco (PSD-MG), e se reuniu na noite de ontem com Lula e Lira.<\/p>\n\n\n\n<p>A ala pol\u00edtica do governo quer esperar um pouco mais para fazer esses c\u00e1lculos; mas, por outro lado, tem os prazos para a vota\u00e7\u00e3o do relat\u00f3rio da LDO na Comiss\u00e3o Mista de Or\u00e7amento (CMO). A expectativa do relator, deputado Danilo Forte (Uni\u00e3o-CE), era votar o relat\u00f3rio preliminar nesta semana, antes do feriado, o que n\u00e3o vai mais acontecer.<\/p>\n\n\n\n<p><em>Com informa\u00e7\u00f5es de Estad\u00e3o Conte\u00fado.<\/em><\/p>\n\n\n\t<p>\n\t\t<a href=\"https:\/\/lp.suno.com.br\/planilha-da-vida-financeira\/\" target=\"_blank\" data-element=\"shortcode-suno-banner\" title=\"Banner SUNO, clique e saiba mais\">\n\t\t\t<picture>\n\t\t\t\t<source media=\"(max-width: 500px)\" srcset=\"https:\/\/files.sunoresearch.com.br\/n\/uploads\/2023\/04\/400x300-Planilha-vida-financeira-true.png\">\n\t\t\t\t<img class=\"newsContent__article__imgCapa newsContent__article__imgCapa--banner\"\n\t\t\t\t\tsrc=\"https:\/\/files.sunoresearch.com.br\/n\/uploads\/2023\/04\/1420x240-Planilha-vida-financeira-true.png\"\n\t\t\t\t\tdata-promo-id=\"383123\"\t\t\t\t\t\t\t\t\t\twidth='1420' height='240'\t\t\t\t\talt=\"https:\/\/files.sunoresearch.com.br\/n\/uploads\/2023\/04\/1420x240-Planilha-vida-financeira-true.png\"\n\t\t\t\t>\n\t\t\t<\/picture>\n\t\t<\/a>\n\t<\/p>\n\n\n","protected":false},"excerpt":{"rendered":"<p>O presidente Luiz In\u00e1cio Lula da Silva negou fazer novos cortes em despesas previstas para o Or\u00e7amento de 2024. Com isso, a nova meta fiscal do governo federal est\u00e1 passando por novos ajustes em Bras\u00edlia. O presidente Luiz In\u00e1cio Lula da Silva. Foto: Marcelo Camargo\/Ag\u00eancia Brasil A Lei de Diretrizes Or\u00e7ament\u00e1rias (LDO) agora toma um [&hellip;]<\/p>\n","protected":false},"author":283,"featured_media":380016,"comment_status":"closed","ping_status":"closed","sticky":false,"template":"","format":"standard","meta":[],"categories":[64],"tags":[1556,709,1128],"suno_strategy":[],"class_list":["post-479513","post","type-post","status-publish","format-standard","has-post-thumbnail","hentry","category-negocios","tag-governo-federal","tag-lula","tag-orcamento-publico"],"yoast_head":"<!-- This site is optimized with the Yoast SEO plugin v24.4 - https:\/\/yoast.com\/wordpress\/plugins\/seo\/ -->\n<title>Lula recusa cortes no Or\u00e7amento e nova meta fiscal \u00e9 foco do governo<\/title>\n<meta name=\"description\" content=\"O presidente Lula deixou claro que n\u00e3o ir\u00e1 fazer mais cortes em despesas do Or\u00e7amento de 2024, provocando mudan\u00e7as na meta fiscal\" \/>\n<meta name=\"robots\" content=\"index, follow, max-snippet:-1, max-image-preview:large, max-video-preview:-1\" \/>\n<link rel=\"canonical\" href=\"https:\/\/www.suno.com.br\/noticias\/lula-recusa-cortes-orcamento-meta-fiscal-governo-cpf\/\" \/>\n<meta property=\"og:locale\" content=\"pt_BR\" \/>\n<meta property=\"og:type\" content=\"article\" \/>\n<meta property=\"og:title\" content=\"Lula recusa cortes no Or\u00e7amento e nova meta fiscal \u00e9 foco do governo\" \/>\n<meta property=\"og:description\" content=\"O presidente Lula deixou claro que n\u00e3o ir\u00e1 fazer mais cortes em despesas do Or\u00e7amento de 2024, provocando mudan\u00e7as na meta fiscal\" \/>\n<meta property=\"og:url\" content=\"https:\/\/www.suno.com.br\/noticias\/lula-recusa-cortes-orcamento-meta-fiscal-governo-cpf\/\" \/>\n<meta property=\"og:site_name\" content=\"Suno Not\u00edcias\" \/>\n<meta property=\"article:publisher\" content=\"https:\/\/facebook.com\/sunoresearch\" \/>\n<meta property=\"og:image\" content=\"https:\/\/files.sunoresearch.com.br\/n\/uploads\/2023\/03\/lula-conselho-politica-energetica.jpg\" \/>\n\t<meta property=\"og:image:width\" content=\"1200\" \/>\n\t<meta property=\"og:image:height\" content=\"900\" \/>\n\t<meta property=\"og:image:type\" content=\"image\/jpeg\" \/>\n<meta name=\"author\" content=\"Camila Paim\" \/>\n<meta name=\"twitter:card\" content=\"summary_large_image\" \/>\n<meta name=\"twitter:creator\" content=\"@sunoresearch\" \/>\n<meta name=\"twitter:site\" content=\"@sunoresearch\" \/>\n<meta name=\"twitter:label1\" content=\"Escrito por\" \/>\n\t<meta name=\"twitter:data1\" content=\"Camila Paim\" \/>\n\t<meta name=\"twitter:label2\" content=\"Est. tempo de leitura\" \/>\n\t<meta name=\"twitter:data2\" content=\"4 minutos\" \/>\n<script type=\"application\/ld+json\" class=\"yoast-schema-graph\">{\"@context\":\"https:\/\/schema.org\",\"@graph\":[{\"@type\":\"NewsArticle\",\"@id\":\"https:\/\/www.suno.com.br\/noticias\/lula-recusa-cortes-orcamento-meta-fiscal-governo-cpf\/#article\",\"isPartOf\":{\"@id\":\"https:\/\/www.suno.com.br\/noticias\/lula-recusa-cortes-orcamento-meta-fiscal-governo-cpf\/\"},\"author\":{\"name\":\"Camila Paim\",\"@id\":\"https:\/\/www.suno.com.br\/noticias\/#\/schema\/person\/f341d3ae5d1cc685176c9a5327cdfdbb\"},\"headline\":\"Lula recusa cortes no Or\u00e7amento e nova meta fiscal \u00e9 foco do governo\",\"datePublished\":\"2023-11-01T12:44:43+00:00\",\"dateModified\":\"2023-11-01T12:44:49+00:00\",\"mainEntityOfPage\":{\"@id\":\"https:\/\/www.suno.com.br\/noticias\/lula-recusa-cortes-orcamento-meta-fiscal-governo-cpf\/\"},\"wordCount\":644,\"publisher\":{\"@id\":\"https:\/\/www.suno.com.br\/noticias\/#organization\"},\"image\":{\"@id\":\"https:\/\/www.suno.com.br\/noticias\/lula-recusa-cortes-orcamento-meta-fiscal-governo-cpf\/#primaryimage\"},\"thumbnailUrl\":\"https:\/\/files.sunoresearch.com.br\/n\/uploads\/2023\/03\/lula-conselho-politica-energetica.jpg\",\"keywords\":[\"governo federal\",\"Lula\",\"Or\u00e7amento P\u00fablico\"],\"articleSection\":[\"Neg\u00f3cios\"],\"inLanguage\":\"pt-BR\"},{\"@type\":\"WebPage\",\"@id\":\"https:\/\/www.suno.com.br\/noticias\/lula-recusa-cortes-orcamento-meta-fiscal-governo-cpf\/\",\"url\":\"https:\/\/www.suno.com.br\/noticias\/lula-recusa-cortes-orcamento-meta-fiscal-governo-cpf\/\",\"name\":\"Lula recusa cortes no Or\u00e7amento e nova meta fiscal \u00e9 foco do governo\",\"isPartOf\":{\"@id\":\"https:\/\/www.suno.com.br\/noticias\/#website\"},\"primaryImageOfPage\":{\"@id\":\"https:\/\/www.suno.com.br\/noticias\/lula-recusa-cortes-orcamento-meta-fiscal-governo-cpf\/#primaryimage\"},\"image\":{\"@id\":\"https:\/\/www.suno.com.br\/noticias\/lula-recusa-cortes-orcamento-meta-fiscal-governo-cpf\/#primaryimage\"},\"thumbnailUrl\":\"https:\/\/files.sunoresearch.com.br\/n\/uploads\/2023\/03\/lula-conselho-politica-energetica.jpg\",\"datePublished\":\"2023-11-01T12:44:43+00:00\",\"dateModified\":\"2023-11-01T12:44:49+00:00\",\"description\":\"O presidente Lula deixou claro que n\u00e3o ir\u00e1 fazer mais cortes em despesas do Or\u00e7amento de 2024, provocando mudan\u00e7as na meta fiscal\",\"breadcrumb\":{\"@id\":\"https:\/\/www.suno.com.br\/noticias\/lula-recusa-cortes-orcamento-meta-fiscal-governo-cpf\/#breadcrumb\"},\"inLanguage\":\"pt-BR\",\"potentialAction\":[{\"@type\":\"ReadAction\",\"target\":[\"https:\/\/www.suno.com.br\/noticias\/lula-recusa-cortes-orcamento-meta-fiscal-governo-cpf\/\"]}]},{\"@type\":\"ImageObject\",\"inLanguage\":\"pt-BR\",\"@id\":\"https:\/\/www.suno.com.br\/noticias\/lula-recusa-cortes-orcamento-meta-fiscal-governo-cpf\/#primaryimage\",\"url\":\"https:\/\/files.sunoresearch.com.br\/n\/uploads\/2023\/03\/lula-conselho-politica-energetica.jpg\",\"contentUrl\":\"https:\/\/files.sunoresearch.com.br\/n\/uploads\/2023\/03\/lula-conselho-politica-energetica.jpg\",\"width\":1200,\"height\":900,\"caption\":\"O presidente Luiz In\u00e1cio Lula da Silva. Foto: Marcelo Camargo\/Ag\u00eancia Brasil\"},{\"@type\":\"BreadcrumbList\",\"@id\":\"https:\/\/www.suno.com.br\/noticias\/lula-recusa-cortes-orcamento-meta-fiscal-governo-cpf\/#breadcrumb\",\"itemListElement\":[{\"@type\":\"ListItem\",\"position\":1,\"name\":\"Not\u00edcias\",\"item\":\"https:\/\/www.suno.com.br\/noticias\/\"},{\"@type\":\"ListItem\",\"position\":2,\"name\":\"Neg\u00f3cios\",\"item\":\"https:\/\/www.suno.com.br\/noticias\/negocios\/\"},{\"@type\":\"ListItem\",\"position\":3,\"name\":\"Lula recusa cortes no Or\u00e7amento e nova meta fiscal \u00e9 foco do governo\"}]},{\"@type\":\"WebSite\",\"@id\":\"https:\/\/www.suno.com.br\/noticias\/#website\",\"url\":\"https:\/\/www.suno.com.br\/noticias\/\",\"name\":\"Suno Not\u00edcias\",\"description\":\"Seu portal de informa\u00e7\u00e3o sobre o mundo dos investimentos\",\"publisher\":{\"@id\":\"https:\/\/www.suno.com.br\/noticias\/#organization\"},\"potentialAction\":[{\"@type\":\"SearchAction\",\"target\":{\"@type\":\"EntryPoint\",\"urlTemplate\":\"https:\/\/www.suno.com.br\/noticias\/?s={search_term_string}\"},\"query-input\":{\"@type\":\"PropertyValueSpecification\",\"valueRequired\":true,\"valueName\":\"search_term_string\"}}],\"inLanguage\":\"pt-BR\"},{\"@type\":\"Organization\",\"@id\":\"https:\/\/www.suno.com.br\/noticias\/#organization\",\"name\":\"Suno Not\u00edcias\",\"url\":\"https:\/\/www.suno.com.br\/noticias\/\",\"logo\":{\"@type\":\"ImageObject\",\"inLanguage\":\"pt-BR\",\"@id\":\"https:\/\/www.suno.com.br\/noticias\/#\/schema\/logo\/image\/\",\"url\":\"https:\/\/files.sunoresearch.com.br\/n\/uploads\/2021\/09\/suno-logo.png\",\"contentUrl\":\"https:\/\/files.sunoresearch.com.br\/n\/uploads\/2021\/09\/suno-logo.png\",\"width\":180,\"height\":180,\"caption\":\"Suno Not\u00edcias\"},\"image\":{\"@id\":\"https:\/\/www.suno.com.br\/noticias\/#\/schema\/logo\/image\/\"},\"sameAs\":[\"https:\/\/facebook.com\/sunoresearch\",\"https:\/\/x.com\/sunoresearch\",\"https:\/\/www.instagram.com\/suno\",\"https:\/\/www.linkedin.com\/company\/suno-research\/\",\"https:\/\/www.youtube.com\/c\/sunoresearch\"]},{\"@type\":\"Person\",\"@id\":\"https:\/\/www.suno.com.br\/noticias\/#\/schema\/person\/f341d3ae5d1cc685176c9a5327cdfdbb\",\"name\":\"Camila Paim\",\"image\":{\"@type\":\"ImageObject\",\"inLanguage\":\"pt-BR\",\"@id\":\"https:\/\/www.suno.com.br\/noticias\/#\/schema\/person\/image\/\",\"url\":\"https:\/\/secure.gravatar.com\/avatar\/f33728e65febb1aa7ecf6792956f9b20?s=96&r=g\",\"contentUrl\":\"https:\/\/secure.gravatar.com\/avatar\/f33728e65febb1aa7ecf6792956f9b20?s=96&r=g\",\"caption\":\"Camila Paim\"},\"description\":\"Jornalista formada pela USP, tem experi\u00eancia em reda\u00e7\u00f5es, SEO, Branded Content e Webdesign. Com passagem pelo Jornal da USP, Empiricus e C6 Bank, hoje \u00e9 rep\u00f3rter no Suno Not\u00edcias cobrindo macroeconomia, finan\u00e7as pessoais e startups.\",\"url\":\"https:\/\/www.suno.com.br\/noticias\/author\/camila-figueiredosuno-com-br\/\"}]}<\/script>\n<!-- \/ Yoast SEO plugin. -->","yoast_head_json":{"title":"Lula recusa cortes no Or\u00e7amento e nova meta fiscal \u00e9 foco do governo","description":"O presidente Lula deixou claro que n\u00e3o ir\u00e1 fazer mais cortes em despesas do Or\u00e7amento de 2024, provocando mudan\u00e7as na meta fiscal","robots":{"index":"index","follow":"follow","max-snippet":"max-snippet:-1","max-image-preview":"max-image-preview:large","max-video-preview":"max-video-preview:-1"},"canonical":"https:\/\/www.suno.com.br\/noticias\/lula-recusa-cortes-orcamento-meta-fiscal-governo-cpf\/","og_locale":"pt_BR","og_type":"article","og_title":"Lula recusa cortes no Or\u00e7amento e nova meta fiscal \u00e9 foco do governo","og_description":"O presidente Lula deixou claro que n\u00e3o ir\u00e1 fazer mais cortes em despesas do Or\u00e7amento de 2024, provocando mudan\u00e7as na meta fiscal","og_url":"https:\/\/www.suno.com.br\/noticias\/lula-recusa-cortes-orcamento-meta-fiscal-governo-cpf\/","og_site_name":"Suno Not\u00edcias","article_publisher":"https:\/\/facebook.com\/sunoresearch","og_image":[{"width":1200,"height":900,"url":"https:\/\/files.sunoresearch.com.br\/n\/uploads\/2023\/03\/lula-conselho-politica-energetica.jpg","type":"image\/jpeg"}],"author":"Camila Paim","twitter_card":"summary_large_image","twitter_creator":"@sunoresearch","twitter_site":"@sunoresearch","twitter_misc":{"Escrito por":"Camila Paim","Est. tempo de leitura":"4 minutos"},"schema":{"@context":"https:\/\/schema.org","@graph":[{"@type":"NewsArticle","@id":"https:\/\/www.suno.com.br\/noticias\/lula-recusa-cortes-orcamento-meta-fiscal-governo-cpf\/#article","isPartOf":{"@id":"https:\/\/www.suno.com.br\/noticias\/lula-recusa-cortes-orcamento-meta-fiscal-governo-cpf\/"},"author":{"name":"Camila Paim","@id":"https:\/\/www.suno.com.br\/noticias\/#\/schema\/person\/f341d3ae5d1cc685176c9a5327cdfdbb"},"headline":"Lula recusa cortes no Or\u00e7amento e nova meta fiscal \u00e9 foco do governo","datePublished":"2023-11-01T12:44:43+00:00","dateModified":"2023-11-01T12:44:49+00:00","mainEntityOfPage":{"@id":"https:\/\/www.suno.com.br\/noticias\/lula-recusa-cortes-orcamento-meta-fiscal-governo-cpf\/"},"wordCount":644,"publisher":{"@id":"https:\/\/www.suno.com.br\/noticias\/#organization"},"image":{"@id":"https:\/\/www.suno.com.br\/noticias\/lula-recusa-cortes-orcamento-meta-fiscal-governo-cpf\/#primaryimage"},"thumbnailUrl":"https:\/\/files.sunoresearch.com.br\/n\/uploads\/2023\/03\/lula-conselho-politica-energetica.jpg","keywords":["governo federal","Lula","Or\u00e7amento P\u00fablico"],"articleSection":["Neg\u00f3cios"],"inLanguage":"pt-BR"},{"@type":"WebPage","@id":"https:\/\/www.suno.com.br\/noticias\/lula-recusa-cortes-orcamento-meta-fiscal-governo-cpf\/","url":"https:\/\/www.suno.com.br\/noticias\/lula-recusa-cortes-orcamento-meta-fiscal-governo-cpf\/","name":"Lula recusa cortes no Or\u00e7amento e nova meta fiscal \u00e9 foco do governo","isPartOf":{"@id":"https:\/\/www.suno.com.br\/noticias\/#website"},"primaryImageOfPage":{"@id":"https:\/\/www.suno.com.br\/noticias\/lula-recusa-cortes-orcamento-meta-fiscal-governo-cpf\/#primaryimage"},"image":{"@id":"https:\/\/www.suno.com.br\/noticias\/lula-recusa-cortes-orcamento-meta-fiscal-governo-cpf\/#primaryimage"},"thumbnailUrl":"https:\/\/files.sunoresearch.com.br\/n\/uploads\/2023\/03\/lula-conselho-politica-energetica.jpg","datePublished":"2023-11-01T12:44:43+00:00","dateModified":"2023-11-01T12:44:49+00:00","description":"O presidente Lula deixou claro que n\u00e3o ir\u00e1 fazer mais cortes em despesas do Or\u00e7amento de 2024, provocando mudan\u00e7as na meta fiscal","breadcrumb":{"@id":"https:\/\/www.suno.com.br\/noticias\/lula-recusa-cortes-orcamento-meta-fiscal-governo-cpf\/#breadcrumb"},"inLanguage":"pt-BR","potentialAction":[{"@type":"ReadAction","target":["https:\/\/www.suno.com.br\/noticias\/lula-recusa-cortes-orcamento-meta-fiscal-governo-cpf\/"]}]},{"@type":"ImageObject","inLanguage":"pt-BR","@id":"https:\/\/www.suno.com.br\/noticias\/lula-recusa-cortes-orcamento-meta-fiscal-governo-cpf\/#primaryimage","url":"https:\/\/files.sunoresearch.com.br\/n\/uploads\/2023\/03\/lula-conselho-politica-energetica.jpg","contentUrl":"https:\/\/files.sunoresearch.com.br\/n\/uploads\/2023\/03\/lula-conselho-politica-energetica.jpg","width":1200,"height":900,"caption":"O presidente Luiz In\u00e1cio Lula da Silva. Foto: Marcelo Camargo\/Ag\u00eancia Brasil"},{"@type":"BreadcrumbList","@id":"https:\/\/www.suno.com.br\/noticias\/lula-recusa-cortes-orcamento-meta-fiscal-governo-cpf\/#breadcrumb","itemListElement":[{"@type":"ListItem","position":1,"name":"Not\u00edcias","item":"https:\/\/www.suno.com.br\/noticias\/"},{"@type":"ListItem","position":2,"name":"Neg\u00f3cios","item":"https:\/\/www.suno.com.br\/noticias\/negocios\/"},{"@type":"ListItem","position":3,"name":"Lula recusa cortes no Or\u00e7amento e nova meta fiscal \u00e9 foco do governo"}]},{"@type":"WebSite","@id":"https:\/\/www.suno.com.br\/noticias\/#website","url":"https:\/\/www.suno.com.br\/noticias\/","name":"Suno Not\u00edcias","description":"Seu portal de informa\u00e7\u00e3o sobre o mundo dos investimentos","publisher":{"@id":"https:\/\/www.suno.com.br\/noticias\/#organization"},"potentialAction":[{"@type":"SearchAction","target":{"@type":"EntryPoint","urlTemplate":"https:\/\/www.suno.com.br\/noticias\/?s={search_term_string}"},"query-input":{"@type":"PropertyValueSpecification","valueRequired":true,"valueName":"search_term_string"}}],"inLanguage":"pt-BR"},{"@type":"Organization","@id":"https:\/\/www.suno.com.br\/noticias\/#organization","name":"Suno Not\u00edcias","url":"https:\/\/www.suno.com.br\/noticias\/","logo":{"@type":"ImageObject","inLanguage":"pt-BR","@id":"https:\/\/www.suno.com.br\/noticias\/#\/schema\/logo\/image\/","url":"https:\/\/files.sunoresearch.com.br\/n\/uploads\/2021\/09\/suno-logo.png","contentUrl":"https:\/\/files.sunoresearch.com.br\/n\/uploads\/2021\/09\/suno-logo.png","width":180,"height":180,"caption":"Suno Not\u00edcias"},"image":{"@id":"https:\/\/www.suno.com.br\/noticias\/#\/schema\/logo\/image\/"},"sameAs":["https:\/\/facebook.com\/sunoresearch","https:\/\/x.com\/sunoresearch","https:\/\/www.instagram.com\/suno","https:\/\/www.linkedin.com\/company\/suno-research\/","https:\/\/www.youtube.com\/c\/sunoresearch"]},{"@type":"Person","@id":"https:\/\/www.suno.com.br\/noticias\/#\/schema\/person\/f341d3ae5d1cc685176c9a5327cdfdbb","name":"Camila Paim","image":{"@type":"ImageObject","inLanguage":"pt-BR","@id":"https:\/\/www.suno.com.br\/noticias\/#\/schema\/person\/image\/","url":"https:\/\/secure.gravatar.com\/avatar\/f33728e65febb1aa7ecf6792956f9b20?s=96&r=g","contentUrl":"https:\/\/secure.gravatar.com\/avatar\/f33728e65febb1aa7ecf6792956f9b20?s=96&r=g","caption":"Camila Paim"},"description":"Jornalista formada pela USP, tem experi\u00eancia em reda\u00e7\u00f5es, SEO, Branded Content e Webdesign. Com passagem pelo Jornal da USP, Empiricus e C6 Bank, hoje \u00e9 rep\u00f3rter no Suno Not\u00edcias cobrindo macroeconomia, finan\u00e7as pessoais e startups.","url":"https:\/\/www.suno.com.br\/noticias\/author\/camila-figueiredosuno-com-br\/"}]}},"default_loop_html":"<div class=\"cardsPage__listCard__boxs\"><div class=\"cardsPage__listCard__boxs__img\"><a href=\"https:\/\/www.suno.com.br\/noticias\/lula-recusa-cortes-orcamento-meta-fiscal-governo-cpf\/\"><img class=\"mask\" src=\"https:\/\/www.suno.com.br\/noticias\/wp-content\/themes\/suno\/resources\/images\/spotlight\/spotlight1img\/bg-mask.png\" alt=\"Image Mask\"\/><img src=\"https:\/\/files.sunoresearch.com.br\/n\/uploads\/2023\/03\/lula-conselho-politica-energetica-400x200.jpg\" alt=\"Lula recusa cortes no Or\u00e7amento e nova meta fiscal \u00e9 foco do governo\"\/><\/a><span class=\"spotlightCategory\"><a href=\"https:\/\/www.suno.com.br\/noticias\/negocios\/\">Neg\u00f3cios<\/a><\/span><\/div><div class=\"cardsPage__listCard__boxs__content\"><a href=\"https:\/\/www.suno.com.br\/noticias\/lula-recusa-cortes-orcamento-meta-fiscal-governo-cpf\/\"><h2 class=\"content__title\">Lula recusa cortes no Or\u00e7amento e nova meta fiscal \u00e9 foco do governo<\/h2><\/a><div class=\"newsContent__article__meta\"><div class=\"newsContent__article__meta__authorBox\"><a href=\"https:\/\/www.suno.com.br\/noticias\/author\/camila-figueiredosuno-com-br\/\" class=\"authorBox__avatar noMobi\"><img src=\"https:\/\/files.sunoresearch.com.br\/n\/uploads\/2024\/05\/camila-paim-square-150x150.jpg\" alt=\"Camila Paim\"><\/a><div class=\"authorBox__name\"><span>por\n\t\t\t<a href=\"https:\/\/www.suno.com.br\/noticias\/author\/camila-figueiredosuno-com-br\/\"><span itemprop=\"author\">Camila Paim<\/span><\/a><\/span><time datetime=\"2023-11-01T09:44:43-03:00\" itemprop=\"datePublished\">01\/11\/2023 09:44<\/time><\/div><\/div><\/div><\/div><\/div>","single_layout":"posts","amp_enabled":true,"_links":{"self":[{"href":"https:\/\/www.suno.com.br\/noticias\/wp-json\/wp\/v2\/posts\/479513"}],"collection":[{"href":"https:\/\/www.suno.com.br\/noticias\/wp-json\/wp\/v2\/posts"}],"about":[{"href":"https:\/\/www.suno.com.br\/noticias\/wp-json\/wp\/v2\/types\/post"}],"author":[{"embeddable":true,"href":"https:\/\/www.suno.com.br\/noticias\/wp-json\/wp\/v2\/users\/283"}],"replies":[{"embeddable":true,"href":"https:\/\/www.suno.com.br\/noticias\/wp-json\/wp\/v2\/comments?post=479513"}],"version-history":[{"count":3,"href":"https:\/\/www.suno.com.br\/noticias\/wp-json\/wp\/v2\/posts\/479513\/revisions"}],"predecessor-version":[{"id":479636,"href":"https:\/\/www.suno.com.br\/noticias\/wp-json\/wp\/v2\/posts\/479513\/revisions\/479636"}],"wp:featuredmedia":[{"embeddable":true,"href":"https:\/\/www.suno.com.br\/noticias\/wp-json\/wp\/v2\/media\/380016"}],"wp:attachment":[{"href":"https:\/\/www.suno.com.br\/noticias\/wp-json\/wp\/v2\/media?parent=479513"}],"wp:term":[{"taxonomy":"category","embeddable":true,"href":"https:\/\/www.suno.com.br\/noticias\/wp-json\/wp\/v2\/categories?post=479513"},{"taxonomy":"post_tag","embeddable":true,"href":"https:\/\/www.suno.com.br\/noticias\/wp-json\/wp\/v2\/tags?post=479513"},{"taxonomy":"suno_strategy","embeddable":true,"href":"https:\/\/www.suno.com.br\/noticias\/wp-json\/wp\/v2\/suno_strategy?post=479513"}],"curies":[{"name":"wp","href":"https:\/\/api.w.org\/{rel}","templated":true}]}}