{"id":47935,"date":"2019-12-16T11:10:50","date_gmt":"2019-12-16T13:10:50","guid":{"rendered":"https:\/\/www.suno.com.br\/noticias\/?p=47935"},"modified":"2019-12-16T13:02:07","modified_gmt":"2019-12-16T15:02:07","slug":"greve-dos-caminhoneiros-paralisacao-pode-comecar","status":"publish","type":"post","link":"https:\/\/www.suno.com.br\/noticias\/greve-dos-caminhoneiros-paralisacao-pode-comecar\/","title":{"rendered":"Greve dos caminhoneiros: paralisa\u00e7\u00e3o pode ter in\u00edcio nesta semana"},"content":{"rendered":"<p>Uma nova greve dos caminhoneiros pode come\u00e7ar nesta segunda-feira (16) em v\u00e1rias regi\u00f5es do Brasil. A mobiliza\u00e7\u00e3o tem ganhado for\u00e7a em grupos de <strong>WhatsApp<\/strong> na \u00faltimas semanas e possui o apoio da <strong>Confedera\u00e7\u00e3o Nacional dos Trabalhadores em Transportes e Log\u00edsticas (CNTTL)<\/strong>.<\/p>\t<div class=\"wrapper-featured-image\">\n\t\t<figure class=\"spotlightImg\">\n\n\t\t\t<picture>\n\t\t\t\t<source media=\"(max-width: 768px)\" srcset=\"https:\/\/files.sunoresearch.com.br\/n\/uploads\/2018\/10\/1f634a02-greve-dos-caminhoneiros-400x200.webp\">\n\t\t\t\t<img loading=\"lazy\" decoding=\"async\" class=\"newsContent__article__imgCapa lazyloadDisabled newsContent__article__imgCapa--noCaption\" src=\"https:\/\/files.sunoresearch.com.br\/n\/uploads\/2018\/10\/1f634a02-greve-dos-caminhoneiros-800x450.webp\" width=\"800\" height=\"450\" alt=\"Greve dos caminhoneiros: paralisa\u00e7\u00e3o pode ter in\u00edcio nesta semana\" fetchpriority=high \/>\n\t\t\t<\/picture>\n\n\t\t\t<figcaption class=\"wp-caption-text wp-caption-text--hide\">Greve dos caminhoneiros: movimento pode ter in\u00edcio nesta semana<\/figcaption>\n\t\t<\/figure>\n\t<\/div>\n\n\n\n<p>A organiza\u00e7\u00e3o, que \u00e9 ligada \u00e0 <strong>Central \u00danica dos Trabalhadores (CUT)<\/strong>, apoia a <strong>greve dos caminhoneiros<\/strong>, mas o movimento parece estar dividido.<\/p>\n<p><strong>Wallace Landim<\/strong>, o &#8220;Chor\u00e3o&#8221;, representante dos caminhoneiros que negocia junto ao governo, disse ao jornal &#8220;O Estado de S.Paulo&#8221; que a classe est\u00e1 sendo alvo de interesses pol\u00edticos e que os principais pedidos dos trabalhadores j\u00e1 tem data para serem atendidos.<\/p>\n<p>\u201cTemos uma pauta importante, que j\u00e1 est\u00e1 na mesa e que tem data para ser atendida. Temos de ter muita seriedade em rela\u00e7\u00e3o ao que est\u00e1 sendo feito. O que est\u00e3o querendo \u00e9 usar o transportador como massa de manobra para um movimento pol\u00edtico\u201d, afirmou.<\/p>\n<p><a href=\"https:\/\/www.suno.com.br\/noticias\/boletim-focus-previsao-pib-eleva-2019\/\">Confira: Boletim Focus eleva previs\u00e3o do PIB para 1,12% em 2019<\/a><\/p>\n<p>Na pr\u00f3xima ter\u00e7a-feira (17), segundo Chor\u00e3o, a <strong>Ag\u00eancia Nacional de Transportes Terrestres (ANTT)<\/strong> se comprometeu em publicar o novo C\u00f3digo Identificador da Opera\u00e7\u00e3o de Transportes (Ciot), medida que vai colaborar com a fiscaliza\u00e7\u00e3o e puni\u00e7\u00e3o de empresas que tem contratado caminhoneiros com pre\u00e7os abaixo do m\u00ednimo estabelecido na tabela do frete.<\/p>\n<p>Outra solicita\u00e7\u00e3o \u00e9 o reajuste do piso m\u00ednimo do <strong>frete.<\/strong> De acordo com Chor\u00e3o, o governo j\u00e1 se comprometeu em realiz\u00e1-lo at\u00e9 20 de janeiro do ano que vem, com a expectativa de que esse aumento fique entre 14% e 18%. Outras negocia\u00e7\u00f5es est\u00e3o em andamento ainda para tratar do pre\u00e7o do <strong>diesel<\/strong>.<\/p>\n<p><a href=\"https:\/\/www.suno.com.br\/noticias\/governo-multa-fgts-demissao\/\">Saiba mais: Governo retira multa de 10% do FGTS na demiss\u00e3o<\/a><\/p>\n<p>\u201cConcordo que estamos no limite de nossa situa\u00e7\u00e3o, mas \u00e9 preciso enxergar que as coisas est\u00e3o em andamento. Nossa maior cr\u00edtica hoje \u00e9 o atravessador, a empresa que est\u00e1 entre o produtor e o caminhoneiro. \u00c9 preciso eliminar esse atravessador e facilitar a contrata\u00e7\u00e3o direta do caminhoneiro, seja cooperado ou aut\u00f4nomo\u201d, salientou.<\/p>\n<h2>Reivindica\u00e7\u00f5es por tr\u00e1s da greve dos caminhoneiros<\/h2>\n<p>Nas redes sociais, representantes da <strong>CUT<\/strong> t\u00eam divulgado v\u00eddeos em que negam motiva\u00e7\u00f5es pol\u00edticas. \u201cEst\u00e3o tentando desvirtuar o movimento dos caminhoneiros, com essa hist\u00f3ria de que se trata de um movimento pol\u00edtico. Quem faz isso tenta desmobilizar a classe, \u00e9 covarde\u201d, disse Sandro Cesar, presidente da organiza\u00e7\u00e3o no Rio de Janeiro, em v\u00eddeo compartilhado entre os trabalhadores.<\/p>\n\t<p>\n\t\t<a href=\"https:\/\/lp.suno.com.br\/planilha-de-controle-de-investimentos\/\" target=\"_blank\" data-element=\"shortcode-suno-banner\" title=\"Banner SUNO, clique e saiba mais\">\n\t\t\t<picture>\n\t\t\t\t<source media=\"(max-width: 500px)\" srcset=\"https:\/\/files.sunoresearch.com.br\/n\/uploads\/2023\/03\/400x300-Controle-de-Investimentos.png\">\n\t\t\t\t<img class=\"newsContent__article__imgCapa newsContent__article__imgCapa--banner\"\n\t\t\t\t\tsrc=\"https:\/\/files.sunoresearch.com.br\/n\/uploads\/2023\/03\/1420x240-Controle-de-Investimentos.png\"\n\t\t\t\t\tdata-promo-id=\"75934\"\t\t\t\t\t\t\t\t\t\twidth='1420' height='240'\t\t\t\t\talt=\"https:\/\/files.sunoresearch.com.br\/n\/uploads\/2023\/03\/1420x240-Controle-de-Investimentos.png\"\n\t\t\t\t>\n\t\t\t<\/picture>\n\t\t<\/a>\n\t<\/p>\n\n\n<p>\u201cQuero saber se tem algu\u00e9m, em algum lugar desse Brasil, que est\u00e1 feliz com o pre\u00e7o da gasolina, do g\u00e1s, do \u00f3leo diesel. Se tem algu\u00e9m feliz com isso, deve ter outros interesses&#8221;, refor\u00e7ou Cesar.<\/p>\n<p>No final do ano, quando o volume de transporte de gr\u00e3os \u00e9 menor, \u00e9 comum haver uma oferta maior de caminh\u00f5es no <a href=\"https:\/\/www.youtube.com\/channel\/UCWDeEIDAIi_oYKDiqwfGyRg\">mercado<\/a>. Como todos querem trabalhar, algumas companhias acabam praticando pre\u00e7os inferiores aos previstos na tabela do frete, que foi adotada durante a primeira paralisa\u00e7\u00e3o do setor, ocorrida durante a gest\u00e3o do ex-presidente <strong>Michel Temer<\/strong>, em maio de 2018.<\/p>\n<p><a href=\"https:\/\/www.suno.com.br\/noticias\/economia-reforma-da-previdencia\/\">Veja tamb\u00e9m: Economia da reforma da Previd\u00eancia \u00e9 revisada para R$ 855,7 bi<\/a><\/p>\n<p>Para aplacar a <strong>greve dos caminhoneiros<\/strong>, o governo cedeu e instaurou uma tabela m\u00ednima de pre\u00e7os de frete. Todavia, a ind\u00fastria ainda critica o mecanismo e diz que este tem prejudicado os neg\u00f3cios.<\/p>\n\n","protected":false},"excerpt":{"rendered":"<p>Uma nova greve dos caminhoneiros pode come\u00e7ar nesta segunda-feira (16) em v\u00e1rias regi\u00f5es do Brasil. A mobiliza\u00e7\u00e3o tem ganhado for\u00e7a em grupos de WhatsApp na \u00faltimas semanas e possui o apoio da Confedera\u00e7\u00e3o Nacional dos Trabalhadores em Transportes e Log\u00edsticas (CNTTL). Greve dos caminhoneiros: movimento pode ter in\u00edcio nesta semana A organiza\u00e7\u00e3o, que \u00e9 ligada [&hellip;]<\/p>\n","protected":false},"author":24,"featured_media":5802,"comment_status":"closed","ping_status":"closed","sticky":false,"template":"","format":"standard","meta":[],"categories":[61],"tags":[833],"suno_strategy":[],"class_list":["post-47935","post","type-post","status-publish","format-standard","has-post-thumbnail","hentry","category-politica","tag-greve-dos-caminhoneiros"],"yoast_head":"<!-- This site is optimized with the Yoast SEO plugin v24.4 - https:\/\/yoast.com\/wordpress\/plugins\/seo\/ -->\n<title>Greve dos caminhoneiros: paralisa\u00e7\u00e3o pode ter in\u00edcio nesta semana<\/title>\n<meta name=\"description\" content=\"Uma nova greve dos caminhoneiros pode come\u00e7ar nesta segunda-feira (16) em v\u00e1rias regi\u00f5es do Brasil. Clique aqui e saiba mais.\" \/>\n<meta name=\"robots\" content=\"index, follow, max-snippet:-1, max-image-preview:large, max-video-preview:-1\" \/>\n<link rel=\"canonical\" href=\"https:\/\/www.suno.com.br\/noticias\/greve-dos-caminhoneiros-paralisacao-pode-comecar\/\" \/>\n<meta property=\"og:locale\" content=\"pt_BR\" \/>\n<meta property=\"og:type\" content=\"article\" \/>\n<meta property=\"og:title\" content=\"Greve dos caminhoneiros: paralisa\u00e7\u00e3o pode ter in\u00edcio nesta semana\" \/>\n<meta property=\"og:description\" content=\"Uma nova greve dos caminhoneiros pode come\u00e7ar nesta segunda-feira (16) em v\u00e1rias regi\u00f5es do Brasil. Clique aqui e saiba mais.\" \/>\n<meta property=\"og:url\" content=\"https:\/\/www.suno.com.br\/noticias\/greve-dos-caminhoneiros-paralisacao-pode-comecar\/\" \/>\n<meta property=\"og:site_name\" content=\"Suno Not\u00edcias\" \/>\n<meta property=\"article:publisher\" content=\"https:\/\/facebook.com\/sunoresearch\" \/>\n<meta property=\"og:image\" content=\"https:\/\/files.sunoresearch.com.br\/n\/uploads\/2018\/10\/1f634a02-greve-dos-caminhoneiros.jpg\" \/>\n\t<meta property=\"og:image:width\" content=\"1920\" \/>\n\t<meta property=\"og:image:height\" content=\"1440\" \/>\n\t<meta property=\"og:image:type\" content=\"image\/jpeg\" \/>\n<meta name=\"author\" content=\"Jader Lazarini\" \/>\n<meta name=\"twitter:card\" content=\"summary_large_image\" \/>\n<meta name=\"twitter:creator\" content=\"@sunoresearch\" \/>\n<meta name=\"twitter:site\" content=\"@sunoresearch\" \/>\n<meta name=\"twitter:label1\" content=\"Escrito por\" \/>\n\t<meta name=\"twitter:data1\" content=\"Jader Lazarini\" \/>\n\t<meta name=\"twitter:label2\" content=\"Est. tempo de leitura\" \/>\n\t<meta name=\"twitter:data2\" content=\"3 minutos\" \/>\n<script type=\"application\/ld+json\" class=\"yoast-schema-graph\">{\"@context\":\"https:\/\/schema.org\",\"@graph\":[{\"@type\":\"NewsArticle\",\"@id\":\"https:\/\/www.suno.com.br\/noticias\/greve-dos-caminhoneiros-paralisacao-pode-comecar\/#article\",\"isPartOf\":{\"@id\":\"https:\/\/www.suno.com.br\/noticias\/greve-dos-caminhoneiros-paralisacao-pode-comecar\/\"},\"author\":{\"name\":\"Jader Lazarini\",\"@id\":\"https:\/\/www.suno.com.br\/noticias\/#\/schema\/person\/918d79de1f0281f01599b93f9ea6e23f\"},\"headline\":\"Greve dos caminhoneiros: paralisa\u00e7\u00e3o pode ter in\u00edcio nesta semana\",\"datePublished\":\"2019-12-16T13:10:50+00:00\",\"dateModified\":\"2019-12-16T15:02:07+00:00\",\"mainEntityOfPage\":{\"@id\":\"https:\/\/www.suno.com.br\/noticias\/greve-dos-caminhoneiros-paralisacao-pode-comecar\/\"},\"wordCount\":598,\"publisher\":{\"@id\":\"https:\/\/www.suno.com.br\/noticias\/#organization\"},\"image\":{\"@id\":\"https:\/\/www.suno.com.br\/noticias\/greve-dos-caminhoneiros-paralisacao-pode-comecar\/#primaryimage\"},\"thumbnailUrl\":\"https:\/\/files.sunoresearch.com.br\/n\/uploads\/2018\/10\/1f634a02-greve-dos-caminhoneiros-jpg.webp\",\"keywords\":[\"greve dos caminhoneiros\"],\"articleSection\":[\"Pol\u00edtica\"],\"inLanguage\":\"pt-BR\"},{\"@type\":\"WebPage\",\"@id\":\"https:\/\/www.suno.com.br\/noticias\/greve-dos-caminhoneiros-paralisacao-pode-comecar\/\",\"url\":\"https:\/\/www.suno.com.br\/noticias\/greve-dos-caminhoneiros-paralisacao-pode-comecar\/\",\"name\":\"Greve dos caminhoneiros: paralisa\u00e7\u00e3o pode ter in\u00edcio nesta semana\",\"isPartOf\":{\"@id\":\"https:\/\/www.suno.com.br\/noticias\/#website\"},\"primaryImageOfPage\":{\"@id\":\"https:\/\/www.suno.com.br\/noticias\/greve-dos-caminhoneiros-paralisacao-pode-comecar\/#primaryimage\"},\"image\":{\"@id\":\"https:\/\/www.suno.com.br\/noticias\/greve-dos-caminhoneiros-paralisacao-pode-comecar\/#primaryimage\"},\"thumbnailUrl\":\"https:\/\/files.sunoresearch.com.br\/n\/uploads\/2018\/10\/1f634a02-greve-dos-caminhoneiros-jpg.webp\",\"datePublished\":\"2019-12-16T13:10:50+00:00\",\"dateModified\":\"2019-12-16T15:02:07+00:00\",\"description\":\"Uma nova greve dos caminhoneiros pode come\u00e7ar nesta segunda-feira (16) em v\u00e1rias regi\u00f5es do Brasil. Clique aqui e saiba mais.\",\"breadcrumb\":{\"@id\":\"https:\/\/www.suno.com.br\/noticias\/greve-dos-caminhoneiros-paralisacao-pode-comecar\/#breadcrumb\"},\"inLanguage\":\"pt-BR\",\"potentialAction\":[{\"@type\":\"ReadAction\",\"target\":[\"https:\/\/www.suno.com.br\/noticias\/greve-dos-caminhoneiros-paralisacao-pode-comecar\/\"]}]},{\"@type\":\"ImageObject\",\"inLanguage\":\"pt-BR\",\"@id\":\"https:\/\/www.suno.com.br\/noticias\/greve-dos-caminhoneiros-paralisacao-pode-comecar\/#primaryimage\",\"url\":\"https:\/\/files.sunoresearch.com.br\/n\/uploads\/2018\/10\/1f634a02-greve-dos-caminhoneiros-jpg.webp\",\"contentUrl\":\"https:\/\/files.sunoresearch.com.br\/n\/uploads\/2018\/10\/1f634a02-greve-dos-caminhoneiros-jpg.webp\",\"width\":1920,\"height\":1440,\"caption\":\"Greve dos caminhoneiros: movimento pode ter in\u00edcio nesta semana\"},{\"@type\":\"BreadcrumbList\",\"@id\":\"https:\/\/www.suno.com.br\/noticias\/greve-dos-caminhoneiros-paralisacao-pode-comecar\/#breadcrumb\",\"itemListElement\":[{\"@type\":\"ListItem\",\"position\":1,\"name\":\"Not\u00edcias\",\"item\":\"https:\/\/www.suno.com.br\/noticias\/\"},{\"@type\":\"ListItem\",\"position\":2,\"name\":\"Pol\u00edtica\",\"item\":\"https:\/\/www.suno.com.br\/noticias\/politica\/\"},{\"@type\":\"ListItem\",\"position\":3,\"name\":\"Greve dos caminhoneiros: paralisa\u00e7\u00e3o pode ter in\u00edcio nesta semana\"}]},{\"@type\":\"WebSite\",\"@id\":\"https:\/\/www.suno.com.br\/noticias\/#website\",\"url\":\"https:\/\/www.suno.com.br\/noticias\/\",\"name\":\"Suno Not\u00edcias\",\"description\":\"Seu portal de informa\u00e7\u00e3o sobre o mundo dos investimentos\",\"publisher\":{\"@id\":\"https:\/\/www.suno.com.br\/noticias\/#organization\"},\"potentialAction\":[{\"@type\":\"SearchAction\",\"target\":{\"@type\":\"EntryPoint\",\"urlTemplate\":\"https:\/\/www.suno.com.br\/noticias\/?s={search_term_string}\"},\"query-input\":{\"@type\":\"PropertyValueSpecification\",\"valueRequired\":true,\"valueName\":\"search_term_string\"}}],\"inLanguage\":\"pt-BR\"},{\"@type\":\"Organization\",\"@id\":\"https:\/\/www.suno.com.br\/noticias\/#organization\",\"name\":\"Suno Not\u00edcias\",\"url\":\"https:\/\/www.suno.com.br\/noticias\/\",\"logo\":{\"@type\":\"ImageObject\",\"inLanguage\":\"pt-BR\",\"@id\":\"https:\/\/www.suno.com.br\/noticias\/#\/schema\/logo\/image\/\",\"url\":\"https:\/\/files.sunoresearch.com.br\/n\/uploads\/2021\/09\/suno-logo.png\",\"contentUrl\":\"https:\/\/files.sunoresearch.com.br\/n\/uploads\/2021\/09\/suno-logo.png\",\"width\":180,\"height\":180,\"caption\":\"Suno Not\u00edcias\"},\"image\":{\"@id\":\"https:\/\/www.suno.com.br\/noticias\/#\/schema\/logo\/image\/\"},\"sameAs\":[\"https:\/\/facebook.com\/sunoresearch\",\"https:\/\/x.com\/sunoresearch\",\"https:\/\/www.instagram.com\/suno\",\"https:\/\/www.linkedin.com\/company\/suno-research\/\",\"https:\/\/www.youtube.com\/c\/sunoresearch\"]},{\"@type\":\"Person\",\"@id\":\"https:\/\/www.suno.com.br\/noticias\/#\/schema\/person\/918d79de1f0281f01599b93f9ea6e23f\",\"name\":\"Jader Lazarini\",\"image\":{\"@type\":\"ImageObject\",\"inLanguage\":\"pt-BR\",\"@id\":\"https:\/\/www.suno.com.br\/noticias\/#\/schema\/person\/image\/\",\"url\":\"https:\/\/secure.gravatar.com\/avatar\/3c1ad8caa51589841baeb923fcddea97?s=96&r=g\",\"contentUrl\":\"https:\/\/secure.gravatar.com\/avatar\/3c1ad8caa51589841baeb923fcddea97?s=96&r=g\",\"caption\":\"Jader Lazarini\"},\"description\":\"Jader Lazarini escreve sobre investimentos, finan\u00e7as, economia e neg\u00f3cios. \u00c9 bacharel em Rela\u00e7\u00f5es Internacionais e analista CNPI (2619).\",\"url\":\"https:\/\/www.suno.com.br\/noticias\/author\/jader-lazarini\/\"}]}<\/script>\n<!-- \/ Yoast SEO plugin. -->","yoast_head_json":{"title":"Greve dos caminhoneiros: paralisa\u00e7\u00e3o pode ter in\u00edcio nesta semana","description":"Uma nova greve dos caminhoneiros pode come\u00e7ar nesta segunda-feira (16) em v\u00e1rias regi\u00f5es do Brasil. Clique aqui e saiba mais.","robots":{"index":"index","follow":"follow","max-snippet":"max-snippet:-1","max-image-preview":"max-image-preview:large","max-video-preview":"max-video-preview:-1"},"canonical":"https:\/\/www.suno.com.br\/noticias\/greve-dos-caminhoneiros-paralisacao-pode-comecar\/","og_locale":"pt_BR","og_type":"article","og_title":"Greve dos caminhoneiros: paralisa\u00e7\u00e3o pode ter in\u00edcio nesta semana","og_description":"Uma nova greve dos caminhoneiros pode come\u00e7ar nesta segunda-feira (16) em v\u00e1rias regi\u00f5es do Brasil. Clique aqui e saiba mais.","og_url":"https:\/\/www.suno.com.br\/noticias\/greve-dos-caminhoneiros-paralisacao-pode-comecar\/","og_site_name":"Suno Not\u00edcias","article_publisher":"https:\/\/facebook.com\/sunoresearch","og_image":[{"width":1920,"height":1440,"url":"https:\/\/files.sunoresearch.com.br\/n\/uploads\/2018\/10\/1f634a02-greve-dos-caminhoneiros.jpg","type":"image\/jpeg"}],"author":"Jader Lazarini","twitter_card":"summary_large_image","twitter_creator":"@sunoresearch","twitter_site":"@sunoresearch","twitter_misc":{"Escrito por":"Jader Lazarini","Est. tempo de leitura":"3 minutos"},"schema":{"@context":"https:\/\/schema.org","@graph":[{"@type":"NewsArticle","@id":"https:\/\/www.suno.com.br\/noticias\/greve-dos-caminhoneiros-paralisacao-pode-comecar\/#article","isPartOf":{"@id":"https:\/\/www.suno.com.br\/noticias\/greve-dos-caminhoneiros-paralisacao-pode-comecar\/"},"author":{"name":"Jader Lazarini","@id":"https:\/\/www.suno.com.br\/noticias\/#\/schema\/person\/918d79de1f0281f01599b93f9ea6e23f"},"headline":"Greve dos caminhoneiros: paralisa\u00e7\u00e3o pode ter in\u00edcio nesta semana","datePublished":"2019-12-16T13:10:50+00:00","dateModified":"2019-12-16T15:02:07+00:00","mainEntityOfPage":{"@id":"https:\/\/www.suno.com.br\/noticias\/greve-dos-caminhoneiros-paralisacao-pode-comecar\/"},"wordCount":598,"publisher":{"@id":"https:\/\/www.suno.com.br\/noticias\/#organization"},"image":{"@id":"https:\/\/www.suno.com.br\/noticias\/greve-dos-caminhoneiros-paralisacao-pode-comecar\/#primaryimage"},"thumbnailUrl":"https:\/\/files.sunoresearch.com.br\/n\/uploads\/2018\/10\/1f634a02-greve-dos-caminhoneiros-jpg.webp","keywords":["greve dos caminhoneiros"],"articleSection":["Pol\u00edtica"],"inLanguage":"pt-BR"},{"@type":"WebPage","@id":"https:\/\/www.suno.com.br\/noticias\/greve-dos-caminhoneiros-paralisacao-pode-comecar\/","url":"https:\/\/www.suno.com.br\/noticias\/greve-dos-caminhoneiros-paralisacao-pode-comecar\/","name":"Greve dos caminhoneiros: paralisa\u00e7\u00e3o pode ter in\u00edcio nesta semana","isPartOf":{"@id":"https:\/\/www.suno.com.br\/noticias\/#website"},"primaryImageOfPage":{"@id":"https:\/\/www.suno.com.br\/noticias\/greve-dos-caminhoneiros-paralisacao-pode-comecar\/#primaryimage"},"image":{"@id":"https:\/\/www.suno.com.br\/noticias\/greve-dos-caminhoneiros-paralisacao-pode-comecar\/#primaryimage"},"thumbnailUrl":"https:\/\/files.sunoresearch.com.br\/n\/uploads\/2018\/10\/1f634a02-greve-dos-caminhoneiros-jpg.webp","datePublished":"2019-12-16T13:10:50+00:00","dateModified":"2019-12-16T15:02:07+00:00","description":"Uma nova greve dos caminhoneiros pode come\u00e7ar nesta segunda-feira (16) em v\u00e1rias regi\u00f5es do Brasil. Clique aqui e saiba mais.","breadcrumb":{"@id":"https:\/\/www.suno.com.br\/noticias\/greve-dos-caminhoneiros-paralisacao-pode-comecar\/#breadcrumb"},"inLanguage":"pt-BR","potentialAction":[{"@type":"ReadAction","target":["https:\/\/www.suno.com.br\/noticias\/greve-dos-caminhoneiros-paralisacao-pode-comecar\/"]}]},{"@type":"ImageObject","inLanguage":"pt-BR","@id":"https:\/\/www.suno.com.br\/noticias\/greve-dos-caminhoneiros-paralisacao-pode-comecar\/#primaryimage","url":"https:\/\/files.sunoresearch.com.br\/n\/uploads\/2018\/10\/1f634a02-greve-dos-caminhoneiros-jpg.webp","contentUrl":"https:\/\/files.sunoresearch.com.br\/n\/uploads\/2018\/10\/1f634a02-greve-dos-caminhoneiros-jpg.webp","width":1920,"height":1440,"caption":"Greve dos caminhoneiros: movimento pode ter in\u00edcio nesta semana"},{"@type":"BreadcrumbList","@id":"https:\/\/www.suno.com.br\/noticias\/greve-dos-caminhoneiros-paralisacao-pode-comecar\/#breadcrumb","itemListElement":[{"@type":"ListItem","position":1,"name":"Not\u00edcias","item":"https:\/\/www.suno.com.br\/noticias\/"},{"@type":"ListItem","position":2,"name":"Pol\u00edtica","item":"https:\/\/www.suno.com.br\/noticias\/politica\/"},{"@type":"ListItem","position":3,"name":"Greve dos caminhoneiros: paralisa\u00e7\u00e3o pode ter in\u00edcio nesta semana"}]},{"@type":"WebSite","@id":"https:\/\/www.suno.com.br\/noticias\/#website","url":"https:\/\/www.suno.com.br\/noticias\/","name":"Suno Not\u00edcias","description":"Seu portal de informa\u00e7\u00e3o sobre o mundo dos investimentos","publisher":{"@id":"https:\/\/www.suno.com.br\/noticias\/#organization"},"potentialAction":[{"@type":"SearchAction","target":{"@type":"EntryPoint","urlTemplate":"https:\/\/www.suno.com.br\/noticias\/?s={search_term_string}"},"query-input":{"@type":"PropertyValueSpecification","valueRequired":true,"valueName":"search_term_string"}}],"inLanguage":"pt-BR"},{"@type":"Organization","@id":"https:\/\/www.suno.com.br\/noticias\/#organization","name":"Suno Not\u00edcias","url":"https:\/\/www.suno.com.br\/noticias\/","logo":{"@type":"ImageObject","inLanguage":"pt-BR","@id":"https:\/\/www.suno.com.br\/noticias\/#\/schema\/logo\/image\/","url":"https:\/\/files.sunoresearch.com.br\/n\/uploads\/2021\/09\/suno-logo.png","contentUrl":"https:\/\/files.sunoresearch.com.br\/n\/uploads\/2021\/09\/suno-logo.png","width":180,"height":180,"caption":"Suno Not\u00edcias"},"image":{"@id":"https:\/\/www.suno.com.br\/noticias\/#\/schema\/logo\/image\/"},"sameAs":["https:\/\/facebook.com\/sunoresearch","https:\/\/x.com\/sunoresearch","https:\/\/www.instagram.com\/suno","https:\/\/www.linkedin.com\/company\/suno-research\/","https:\/\/www.youtube.com\/c\/sunoresearch"]},{"@type":"Person","@id":"https:\/\/www.suno.com.br\/noticias\/#\/schema\/person\/918d79de1f0281f01599b93f9ea6e23f","name":"Jader Lazarini","image":{"@type":"ImageObject","inLanguage":"pt-BR","@id":"https:\/\/www.suno.com.br\/noticias\/#\/schema\/person\/image\/","url":"https:\/\/secure.gravatar.com\/avatar\/3c1ad8caa51589841baeb923fcddea97?s=96&r=g","contentUrl":"https:\/\/secure.gravatar.com\/avatar\/3c1ad8caa51589841baeb923fcddea97?s=96&r=g","caption":"Jader Lazarini"},"description":"Jader Lazarini escreve sobre investimentos, finan\u00e7as, economia e neg\u00f3cios. \u00c9 bacharel em Rela\u00e7\u00f5es Internacionais e analista CNPI (2619).","url":"https:\/\/www.suno.com.br\/noticias\/author\/jader-lazarini\/"}]}},"default_loop_html":"<div class=\"cardsPage__listCard__boxs\"><div class=\"cardsPage__listCard__boxs__img\"><a href=\"https:\/\/www.suno.com.br\/noticias\/greve-dos-caminhoneiros-paralisacao-pode-comecar\/\"><img class=\"mask\" src=\"https:\/\/www.suno.com.br\/noticias\/wp-content\/themes\/suno\/resources\/images\/spotlight\/spotlight1img\/bg-mask.png\" alt=\"Image Mask\"\/><img src=\"https:\/\/files.sunoresearch.com.br\/n\/uploads\/2018\/10\/1f634a02-greve-dos-caminhoneiros-400x200.webp\" alt=\"Greve dos caminhoneiros: paralisa\u00e7\u00e3o pode ter in\u00edcio nesta semana\"\/><\/a><span class=\"spotlightCategory\"><a href=\"https:\/\/www.suno.com.br\/noticias\/politica\/\">Pol\u00edtica<\/a><\/span><\/div><div class=\"cardsPage__listCard__boxs__content\"><a href=\"https:\/\/www.suno.com.br\/noticias\/greve-dos-caminhoneiros-paralisacao-pode-comecar\/\"><h2 class=\"content__title\">Greve dos caminhoneiros: paralisa\u00e7\u00e3o pode ter in\u00edcio nesta semana<\/h2><\/a><div class=\"newsContent__article__meta\"><div class=\"newsContent__article__meta__authorBox\"><a href=\"https:\/\/www.suno.com.br\/noticias\/author\/jader-lazarini\/\" class=\"authorBox__avatar noMobi\"><img src=\"https:\/\/files.sunoresearch.com.br\/n\/uploads\/2021\/01\/178e6598-foto-perfil-2-150x150.jpg\" alt=\"Jader Lazarini\"><\/a><div class=\"authorBox__name\"><span>por\n\t\t\t<a href=\"https:\/\/www.suno.com.br\/noticias\/author\/jader-lazarini\/\"><span itemprop=\"author\">Jader Lazarini<\/span><\/a><\/span><time datetime=\"2019-12-16T11:10:50-03:00\" itemprop=\"datePublished\">16\/12\/2019 11:10<\/time><\/div><\/div><\/div><\/div><\/div>","single_layout":"posts","amp_enabled":true,"_links":{"self":[{"href":"https:\/\/www.suno.com.br\/noticias\/wp-json\/wp\/v2\/posts\/47935"}],"collection":[{"href":"https:\/\/www.suno.com.br\/noticias\/wp-json\/wp\/v2\/posts"}],"about":[{"href":"https:\/\/www.suno.com.br\/noticias\/wp-json\/wp\/v2\/types\/post"}],"author":[{"embeddable":true,"href":"https:\/\/www.suno.com.br\/noticias\/wp-json\/wp\/v2\/users\/24"}],"replies":[{"embeddable":true,"href":"https:\/\/www.suno.com.br\/noticias\/wp-json\/wp\/v2\/comments?post=47935"}],"version-history":[{"count":0,"href":"https:\/\/www.suno.com.br\/noticias\/wp-json\/wp\/v2\/posts\/47935\/revisions"}],"wp:featuredmedia":[{"embeddable":true,"href":"https:\/\/www.suno.com.br\/noticias\/wp-json\/wp\/v2\/media\/5802"}],"wp:attachment":[{"href":"https:\/\/www.suno.com.br\/noticias\/wp-json\/wp\/v2\/media?parent=47935"}],"wp:term":[{"taxonomy":"category","embeddable":true,"href":"https:\/\/www.suno.com.br\/noticias\/wp-json\/wp\/v2\/categories?post=47935"},{"taxonomy":"post_tag","embeddable":true,"href":"https:\/\/www.suno.com.br\/noticias\/wp-json\/wp\/v2\/tags?post=47935"},{"taxonomy":"suno_strategy","embeddable":true,"href":"https:\/\/www.suno.com.br\/noticias\/wp-json\/wp\/v2\/suno_strategy?post=47935"}],"curies":[{"name":"wp","href":"https:\/\/api.w.org\/{rel}","templated":true}]}}