{"id":479277,"date":"2023-10-31T19:42:11","date_gmt":"2023-10-31T22:42:11","guid":{"rendered":"https:\/\/www.suno.com.br\/noticias\/?p=479277"},"modified":"2023-10-31T19:43:01","modified_gmt":"2023-10-31T22:43:01","slug":"dolar-fecha-queda-acumula-valorizacao-outubro","status":"publish","type":"post","link":"https:\/\/www.suno.com.br\/noticias\/dolar-fecha-queda-acumula-valorizacao-outubro\/","title":{"rendered":"D\u00f3lar fecha dia em queda e tem valoriza\u00e7\u00e3o de 0,29% em outubro"},"content":{"rendered":"<p>Em meio \u00e0 instabilidade e trocas de sinal, o <strong>d\u00f3lar<\/strong> se firmou em baixa no fim da tarde e encerrou a sess\u00e3o desta ter\u00e7a-feira, 31, em queda de 0,11%, cotado a R$ 5,0414. A divisa encerra outubro com ganhos de 0,29%, mas longe dos n\u00edveis vistos na primeira semana do m\u00eas, quando chegou a fechar acima da linha de R$ 5,15.<\/p>\t<div class=\"wrapper-featured-image\">\n\t\t<figure class=\"spotlightImg\">\n\n\t\t\t<picture>\n\t\t\t\t<source media=\"(max-width: 768px)\" srcset=\"https:\/\/files.sunoresearch.com.br\/n\/uploads\/2023\/09\/comprar-dolar-cotacao-400x200.jpg\">\n\t\t\t\t<img loading=\"lazy\" decoding=\"async\" class=\"newsContent__article__imgCapa lazyloadDisabled \" src=\"https:\/\/files.sunoresearch.com.br\/n\/uploads\/2023\/09\/comprar-dolar-cotacao-800x450.jpg\" width=\"800\" height=\"450\" alt=\"D\u00f3lar fecha dia em queda e tem valoriza\u00e7\u00e3o de 0,29% em outubro\" fetchpriority=high \/>\n\t\t\t<\/picture>\n\n\t\t\t<figcaption class=\"wp-caption-text wp-caption-text--show\">a\u00e7\u00f5es para investir. Foto: Pexels<\/figcaption>\n\t\t<\/figure>\n\t<\/div>\n\n\n\n\n\n\t<p>\n\t\t<a href=\"\" target=\"_blank\" data-element=\"shortcode-suno-banner\" title=\"Banner SUNO, clique e saiba mais\">\n\t\t\t<picture>\n\t\t\t\t<source media=\"(max-width: 500px)\" srcset=\"\">\n\t\t\t\t<img class=\"newsContent__article__imgCapa newsContent__article__imgCapa--banner\"\n\t\t\t\t\tsrc=\"\"\n\t\t\t\t\tdata-promo-id=\"240038\"\t\t\t\t\t\t\t\t\t\t\t\t\t\t\talt=\"\"\n\t\t\t\t>\n\t\t\t<\/picture>\n\t\t<\/a>\n\t<\/p>\n\n\n\n\n\n\n\n<p>Na v\u00e9spera da decis\u00e3o de <a class=\"suno-keyword\" target=\"_blank\" data-force=\"no\" data-priority=\"1\" href=\"https:\/\/www.suno.com.br\/artigos\/politica-monetaria\/\" rel=\"noopener\">pol\u00edtica monet\u00e1ria<\/a> aqui e nos Estados Unidos, o comportamento da <strong>taxa de c\u00e2mbio<\/strong> foi muito influenciado por fatores t\u00e9cnicos, como a disputa pela forma\u00e7\u00e3o da \u00faltima taxa Ptax de outubro e a rolagem de posi\u00e7\u00f5es no <a class=\"suno-keyword\" target=\"_blank\" data-force=\"no\" data-priority=\"1\" href=\"https:\/\/www.suno.com.br\/artigos\/contrato-futuro\/\" rel=\"noopener\">mercado futuro<\/a>. Houve varia\u00e7\u00e3o de cerca de sete centavos entre m\u00ednima (R$ 5,0090) e m\u00e1xima (R$ 5,0705).<\/p>\n\n\n\n<p>A pauta fiscal dom\u00e9stica seguiu no radar dos investidores, em meio a negocia\u00e7\u00f5es em Bras\u00edlia entre o governo e o Congresso para aprovar projetos que levem ao aumento da arrecada\u00e7\u00e3o. Analistas observam que a perspectiva crescente de que a meta de <a class=\"suno-keyword\" target=\"_blank\" data-force=\"no\" data-priority=\"1\" href=\"https:\/\/www.suno.com.br\/artigos\/deficit-primario\/\" rel=\"noopener\">d\u00e9ficit prim\u00e1rio<\/a> zero seja abandonada inibe apostas favor\u00e1veis ao real no <a class=\"suno-keyword\" target=\"_blank\" data-force=\"no\" data-priority=\"1\" href=\"https:\/\/www.suno.com.br\/artigos\/curto-prazo\/\" rel=\"noopener\">curto prazo<\/a>.<\/p>\n\n\n\n<p>Segundo apura\u00e7\u00e3o do <i>Broadcast Pol\u00edtico<\/i> (sistema de not\u00edcias em tempo real do Grupo Estado), o presidente Luiz In\u00e1cio Lula da Silva disse a aliados nesta ter\u00e7a, em reuni\u00e3o com ministros e l\u00edderes de bancadas na C\u00e2mara no Pal\u00e1cio do Planalto, que n\u00e3o quer contingenciar despesas em 2024. O presidente da Rep\u00fablica teria refor\u00e7ado que pode alterar a <a class=\"suno-keyword\" target=\"_blank\" data-force=\"no\" data-priority=\"1\" href=\"https:\/\/www.suno.com.br\/artigos\/meta-fiscal\/\" rel=\"noopener\">meta fiscal<\/a>, em linha com declara\u00e7\u00f5es a jornalistas, na sexta-feira, 27.<\/p>\n\n\n\n<p>Ap\u00f3s ter se irritado na segunda-feira com jornalistas por questionamentos sobre eventual abandono da <a class=\"suno-keyword\" target=\"_blank\" data-force=\"no\" data-priority=\"1\" href=\"https:\/\/www.suno.com.br\/artigos\/meta-fiscal\/\" rel=\"noopener\">meta fiscal<\/a>, o ministro da Fazenda, Fernando Haddad, se esquivou do assunto nesta ter\u00e7a-feira em fala antes de encontro com Lula. Em Bras\u00edlia, \u00e9 dado como certo que a meta ser\u00e1 alterada para um d\u00e9ficit em torno de 0,50% do PIB no ano que vem.<\/p>\n\n\n\t<p>\n\t\t<a href=\"https:\/\/lp.suno.com.br\/ebook-gratuito-investindo-no-exterior\/\" target=\"_blank\" data-element=\"shortcode-suno-banner\" title=\"Banner SUNO, clique e saiba mais\">\n\t\t\t<picture>\n\t\t\t\t<source media=\"(max-width: 500px)\" srcset=\"https:\/\/files.sunoresearch.com.br\/n\/uploads\/2023\/03\/400x300-Investindo-no-exterior.png\">\n\t\t\t\t<img class=\"newsContent__article__imgCapa newsContent__article__imgCapa--banner\"\n\t\t\t\t\tsrc=\"https:\/\/files.sunoresearch.com.br\/n\/uploads\/2023\/03\/1420x240-Investindo-no-exterior.png\"\n\t\t\t\t\tdata-promo-id=\"383161\"\t\t\t\t\t\t\t\t\t\twidth='1420' height='240'\t\t\t\t\talt=\"https:\/\/files.sunoresearch.com.br\/n\/uploads\/2023\/03\/1420x240-Investindo-no-exterior.png\"\n\t\t\t\t>\n\t\t\t<\/picture>\n\t\t<\/a>\n\t<\/p>\n\n\n\n\n\n<p>Para o economista-chefe da Western Asset, Adauto Lima, as declara\u00e7\u00f5es de Lula na sexta-feira, acenando com abandono da meta de d\u00e9ficit zero, e as declara\u00e7\u00f5es de Haddad na segunda-feira em entrevista &#8220;foram muito ruins&#8221;. Embora j\u00e1 se soubesse que o objetivo estabelecido dificilmente fosse alcan\u00e7ado, n\u00e3o se esperava que o governo propusesse uma mudan\u00e7a de forma t\u00e3o prematura.<\/p>\n\n\n\n<p>&#8220;O que ficou claro \u00e9 que Lula n\u00e3o quer contingenciar gastos e avisou que, se as medidas tribut\u00e1rias n\u00e3o forem aprovadas, vai mudar a meta. As medidas para ampliar a arrecada\u00e7\u00e3o s\u00e3o dif\u00edceis de aprovar e podem ser alteradas no Congresso. J\u00e1 \u00e9 quase certeza de que a meta vai ser alterada&#8221;, diz Lima.<\/p>\n\n\n\n<h2 class=\"wp-block-heading\">D\u00f3lar e ru\u00eddos fiscais<\/h2>\n\n\n\n<p>O economista-chefe da Western ressalta que, apesar da <strong>alta recente do d\u00f3lar<\/strong>, a piora da taxa de c\u00e2mbio por causa dos ru\u00eddos fiscais foi bem contida em compara\u00e7\u00e3o com o comportamento dos <a class=\"suno-keyword\" target=\"_blank\" data-force=\"no\" data-priority=\"1\" href=\"https:\/\/www.suno.com.br\/artigos\/juros-futuros\/\" rel=\"noopener\">juros futuros<\/a>. O real ainda \u00e9 sustentando por pre\u00e7os de termos de trocas favor\u00e1veis, que levam a saldos comerciais robustos, e pela taxas de juros elevadas.<\/p>\n\n\n\n<p>&#8220;O Banco Central vai ter de ser o guardi\u00e3o nesse processo para ancorar as expectativas. A taxa de juros pode cair menos do que se imaginava no ciclo total em raz\u00e3o do fiscal. Isso tem segurado o c\u00e2mbio, que piorou menos do que os juros&#8221;, diz Lima, ressaltando que, por ora, espera que o Comit\u00ea de Pol\u00edtica Monet\u00e1ria, que anuncia sua decis\u00e3o na quarta-feira, mantenha a sinaliza\u00e7\u00e3o de cortes da taxa Selic em 0,50 ponto porcentual.<\/p>\n\n\n\n<p>L\u00e1 fora, o <a class=\"suno-keyword\" target=\"_blank\" data-force=\"no\" data-priority=\"1\" href=\"https:\/\/www.suno.com.br\/artigos\/dxy\/\" rel=\"noopener\">\u00edndice DXY<\/a> avan\u00e7ou mais de 0,50% e operava no fim da tarde ao redor dos 106,650 pontos. Entre os indicadores dos EUA, destaque para a alta dos pre\u00e7os de casas em agosto para novo recorde hist\u00f3rico.<\/p>\n\n\n\n<p>Houve ganhos firmes do <strong>d\u00f3lar<\/strong> em rela\u00e7\u00e3o ao euro, ap\u00f3s PIB no terceiro trimestre e infla\u00e7\u00e3o ao consumidor em outubro na <a class=\"suno-keyword\" target=\"_blank\" data-force=\"no\" data-priority=\"1\" href=\"https:\/\/www.suno.com.br\/artigos\/zona-do-euro\/\" rel=\"noopener\">zona do euro<\/a> virem abaixo do esperado, refor\u00e7ando a perspectiva de recess\u00e3o na regi\u00e3o. O iene apresentou perdas de mais de 1,5% na esteira da decis\u00e3o do Banco do Jap\u00e3o (BoJ, na sigla em ingl\u00eas) manter taxas inalteradas.<\/p>\n\n\n\n<p><em>Com Estad\u00e3o Conte\u00fado<\/em><\/p>\n\n\n\t<p>\n\t\t<a href=\"https:\/\/lp.suno.com.br\/planilha-da-vida-financeira\/\" target=\"_blank\" data-element=\"shortcode-suno-banner\" title=\"Banner SUNO, clique e saiba mais\">\n\t\t\t<picture>\n\t\t\t\t<source media=\"(max-width: 500px)\" srcset=\"https:\/\/files.sunoresearch.com.br\/n\/uploads\/2023\/04\/400x300-Planilha-vida-financeira-true.png\">\n\t\t\t\t<img class=\"newsContent__article__imgCapa newsContent__article__imgCapa--banner\"\n\t\t\t\t\tsrc=\"https:\/\/files.sunoresearch.com.br\/n\/uploads\/2023\/04\/1420x240-Planilha-vida-financeira-true.png\"\n\t\t\t\t\tdata-promo-id=\"383123\"\t\t\t\t\t\t\t\t\t\twidth='1420' height='240'\t\t\t\t\talt=\"https:\/\/files.sunoresearch.com.br\/n\/uploads\/2023\/04\/1420x240-Planilha-vida-financeira-true.png\"\n\t\t\t\t>\n\t\t\t<\/picture>\n\t\t<\/a>\n\t<\/p>\n\n\n","protected":false},"excerpt":{"rendered":"<p>Em meio \u00e0 instabilidade e trocas de sinal, o d\u00f3lar se firmou em baixa no fim da tarde e encerrou a sess\u00e3o desta ter\u00e7a-feira, 31, em queda de 0,11%, cotado a R$ 5,0414. A divisa encerra outubro com ganhos de 0,29%, mas longe dos n\u00edveis vistos na primeira semana do m\u00eas, quando chegou a fechar [&hellip;]<\/p>\n","protected":false},"author":43,"featured_media":455693,"comment_status":"closed","ping_status":"closed","sticky":false,"template":"","format":"standard","meta":[],"categories":[60],"tags":[326],"suno_strategy":[],"class_list":["post-479277","post","type-post","status-publish","format-standard","has-post-thumbnail","hentry","category-mercado","tag-dolar"],"yoast_head":"<!-- This site is optimized with the Yoast SEO plugin v24.4 - https:\/\/yoast.com\/wordpress\/plugins\/seo\/ -->\n<title>D\u00f3lar fecha dia em queda e acumula valoriza\u00e7\u00e3o de 0,29% em outubro<\/title>\n<meta name=\"description\" content=\"O d\u00f3lar encerra m\u00eas com ganhos de 0,29%, mas longe dos n\u00edveis vistos na 1\u00aa semana do m\u00eas, quando chegou a fechar acima da linha de R$ 5,15\" \/>\n<meta name=\"robots\" content=\"index, follow, max-snippet:-1, max-image-preview:large, max-video-preview:-1\" \/>\n<link rel=\"canonical\" href=\"https:\/\/www.suno.com.br\/noticias\/dolar-fecha-queda-acumula-valorizacao-outubro\/\" \/>\n<meta property=\"og:locale\" content=\"pt_BR\" \/>\n<meta property=\"og:type\" content=\"article\" \/>\n<meta property=\"og:title\" content=\"D\u00f3lar fecha dia em queda e acumula valoriza\u00e7\u00e3o de 0,29% em outubro\" \/>\n<meta property=\"og:description\" content=\"O d\u00f3lar encerra m\u00eas com ganhos de 0,29%, mas longe dos n\u00edveis vistos na 1\u00aa semana do m\u00eas, quando chegou a fechar acima da linha de R$ 5,15\" \/>\n<meta property=\"og:url\" content=\"https:\/\/www.suno.com.br\/noticias\/dolar-fecha-queda-acumula-valorizacao-outubro\/\" \/>\n<meta property=\"og:site_name\" content=\"Suno Not\u00edcias\" \/>\n<meta property=\"article:publisher\" content=\"https:\/\/facebook.com\/sunoresearch\" \/>\n<meta property=\"article:author\" content=\"https:\/\/www.facebook.com\/sunonoticias\/\" \/>\n<meta property=\"og:image\" content=\"https:\/\/files.sunoresearch.com.br\/n\/uploads\/2023\/09\/comprar-dolar-cotacao.jpg\" \/>\n\t<meta property=\"og:image:width\" content=\"1200\" \/>\n\t<meta property=\"og:image:height\" content=\"800\" \/>\n\t<meta property=\"og:image:type\" content=\"image\/jpeg\" \/>\n<meta name=\"author\" content=\"Reda\u00e7\u00e3o Suno Not\u00edcias\" \/>\n<meta name=\"twitter:card\" content=\"summary_large_image\" \/>\n<meta name=\"twitter:creator\" content=\"@https:\/\/twitter.com\/sunoresearch\" \/>\n<meta name=\"twitter:site\" content=\"@sunoresearch\" \/>\n<meta name=\"twitter:label1\" content=\"Escrito por\" \/>\n\t<meta name=\"twitter:data1\" content=\"Reda\u00e7\u00e3o Suno Not\u00edcias\" \/>\n\t<meta name=\"twitter:label2\" content=\"Est. tempo de leitura\" \/>\n\t<meta name=\"twitter:data2\" content=\"4 minutos\" \/>\n<script type=\"application\/ld+json\" class=\"yoast-schema-graph\">{\"@context\":\"https:\/\/schema.org\",\"@graph\":[{\"@type\":\"NewsArticle\",\"@id\":\"https:\/\/www.suno.com.br\/noticias\/dolar-fecha-queda-acumula-valorizacao-outubro\/#article\",\"isPartOf\":{\"@id\":\"https:\/\/www.suno.com.br\/noticias\/dolar-fecha-queda-acumula-valorizacao-outubro\/\"},\"author\":{\"name\":\"Reda\u00e7\u00e3o Suno Not\u00edcias\",\"@id\":\"https:\/\/www.suno.com.br\/noticias\/#\/schema\/person\/c1b1bd3727fa852bd045e9dbff3673ea\"},\"headline\":\"D\u00f3lar fecha dia em queda e tem valoriza\u00e7\u00e3o de 0,29% em outubro\",\"datePublished\":\"2023-10-31T22:42:11+00:00\",\"dateModified\":\"2023-10-31T22:43:01+00:00\",\"mainEntityOfPage\":{\"@id\":\"https:\/\/www.suno.com.br\/noticias\/dolar-fecha-queda-acumula-valorizacao-outubro\/\"},\"wordCount\":737,\"publisher\":{\"@id\":\"https:\/\/www.suno.com.br\/noticias\/#organization\"},\"image\":{\"@id\":\"https:\/\/www.suno.com.br\/noticias\/dolar-fecha-queda-acumula-valorizacao-outubro\/#primaryimage\"},\"thumbnailUrl\":\"https:\/\/files.sunoresearch.com.br\/n\/uploads\/2023\/09\/comprar-dolar-cotacao.jpg\",\"keywords\":[\"d\u00f3lar\"],\"articleSection\":[\"Mercado\"],\"inLanguage\":\"pt-BR\"},{\"@type\":\"WebPage\",\"@id\":\"https:\/\/www.suno.com.br\/noticias\/dolar-fecha-queda-acumula-valorizacao-outubro\/\",\"url\":\"https:\/\/www.suno.com.br\/noticias\/dolar-fecha-queda-acumula-valorizacao-outubro\/\",\"name\":\"D\u00f3lar fecha dia em queda e acumula valoriza\u00e7\u00e3o de 0,29% em outubro\",\"isPartOf\":{\"@id\":\"https:\/\/www.suno.com.br\/noticias\/#website\"},\"primaryImageOfPage\":{\"@id\":\"https:\/\/www.suno.com.br\/noticias\/dolar-fecha-queda-acumula-valorizacao-outubro\/#primaryimage\"},\"image\":{\"@id\":\"https:\/\/www.suno.com.br\/noticias\/dolar-fecha-queda-acumula-valorizacao-outubro\/#primaryimage\"},\"thumbnailUrl\":\"https:\/\/files.sunoresearch.com.br\/n\/uploads\/2023\/09\/comprar-dolar-cotacao.jpg\",\"datePublished\":\"2023-10-31T22:42:11+00:00\",\"dateModified\":\"2023-10-31T22:43:01+00:00\",\"description\":\"O d\u00f3lar encerra m\u00eas com ganhos de 0,29%, mas longe dos n\u00edveis vistos na 1\u00aa semana do m\u00eas, quando chegou a fechar acima da linha de R$ 5,15\",\"breadcrumb\":{\"@id\":\"https:\/\/www.suno.com.br\/noticias\/dolar-fecha-queda-acumula-valorizacao-outubro\/#breadcrumb\"},\"inLanguage\":\"pt-BR\",\"potentialAction\":[{\"@type\":\"ReadAction\",\"target\":[\"https:\/\/www.suno.com.br\/noticias\/dolar-fecha-queda-acumula-valorizacao-outubro\/\"]}]},{\"@type\":\"ImageObject\",\"inLanguage\":\"pt-BR\",\"@id\":\"https:\/\/www.suno.com.br\/noticias\/dolar-fecha-queda-acumula-valorizacao-outubro\/#primaryimage\",\"url\":\"https:\/\/files.sunoresearch.com.br\/n\/uploads\/2023\/09\/comprar-dolar-cotacao.jpg\",\"contentUrl\":\"https:\/\/files.sunoresearch.com.br\/n\/uploads\/2023\/09\/comprar-dolar-cotacao.jpg\",\"width\":1200,\"height\":800,\"caption\":\"a\u00e7\u00f5es para investir. Foto: Pexels\"},{\"@type\":\"BreadcrumbList\",\"@id\":\"https:\/\/www.suno.com.br\/noticias\/dolar-fecha-queda-acumula-valorizacao-outubro\/#breadcrumb\",\"itemListElement\":[{\"@type\":\"ListItem\",\"position\":1,\"name\":\"Not\u00edcias\",\"item\":\"https:\/\/www.suno.com.br\/noticias\/\"},{\"@type\":\"ListItem\",\"position\":2,\"name\":\"Mercado\",\"item\":\"https:\/\/www.suno.com.br\/noticias\/mercado\/\"},{\"@type\":\"ListItem\",\"position\":3,\"name\":\"D\u00f3lar fecha dia em queda e tem valoriza\u00e7\u00e3o de 0,29% em outubro\"}]},{\"@type\":\"WebSite\",\"@id\":\"https:\/\/www.suno.com.br\/noticias\/#website\",\"url\":\"https:\/\/www.suno.com.br\/noticias\/\",\"name\":\"Suno Not\u00edcias\",\"description\":\"Seu portal de informa\u00e7\u00e3o sobre o mundo dos investimentos\",\"publisher\":{\"@id\":\"https:\/\/www.suno.com.br\/noticias\/#organization\"},\"potentialAction\":[{\"@type\":\"SearchAction\",\"target\":{\"@type\":\"EntryPoint\",\"urlTemplate\":\"https:\/\/www.suno.com.br\/noticias\/?s={search_term_string}\"},\"query-input\":{\"@type\":\"PropertyValueSpecification\",\"valueRequired\":true,\"valueName\":\"search_term_string\"}}],\"inLanguage\":\"pt-BR\"},{\"@type\":\"Organization\",\"@id\":\"https:\/\/www.suno.com.br\/noticias\/#organization\",\"name\":\"Suno Not\u00edcias\",\"url\":\"https:\/\/www.suno.com.br\/noticias\/\",\"logo\":{\"@type\":\"ImageObject\",\"inLanguage\":\"pt-BR\",\"@id\":\"https:\/\/www.suno.com.br\/noticias\/#\/schema\/logo\/image\/\",\"url\":\"https:\/\/files.sunoresearch.com.br\/n\/uploads\/2021\/09\/suno-logo.png\",\"contentUrl\":\"https:\/\/files.sunoresearch.com.br\/n\/uploads\/2021\/09\/suno-logo.png\",\"width\":180,\"height\":180,\"caption\":\"Suno Not\u00edcias\"},\"image\":{\"@id\":\"https:\/\/www.suno.com.br\/noticias\/#\/schema\/logo\/image\/\"},\"sameAs\":[\"https:\/\/facebook.com\/sunoresearch\",\"https:\/\/x.com\/sunoresearch\",\"https:\/\/www.instagram.com\/suno\",\"https:\/\/www.linkedin.com\/company\/suno-research\/\",\"https:\/\/www.youtube.com\/c\/sunoresearch\"]},{\"@type\":\"Person\",\"@id\":\"https:\/\/www.suno.com.br\/noticias\/#\/schema\/person\/c1b1bd3727fa852bd045e9dbff3673ea\",\"name\":\"Reda\u00e7\u00e3o Suno Not\u00edcias\",\"image\":{\"@type\":\"ImageObject\",\"inLanguage\":\"pt-BR\",\"@id\":\"https:\/\/www.suno.com.br\/noticias\/#\/schema\/person\/image\/\",\"url\":\"https:\/\/secure.gravatar.com\/avatar\/b8104b9b5a71985d5238ee59fbe418af?s=96&r=g\",\"contentUrl\":\"https:\/\/secure.gravatar.com\/avatar\/b8104b9b5a71985d5238ee59fbe418af?s=96&r=g\",\"caption\":\"Reda\u00e7\u00e3o Suno Not\u00edcias\"},\"description\":\"O Suno Not\u00edcias \u00e9 um portal de informa\u00e7\u00f5es sobre Mercado Financeiro, Pol\u00edtica, Neg\u00f3cios, Economia e Finan\u00e7as Pessoais.\",\"sameAs\":[\"https:\/\/www.suno.com.br\/noticias\",\"https:\/\/www.facebook.com\/sunonoticias\/\",\"https:\/\/www.instagram.com\/sunonoticias\/\",\"https:\/\/x.com\/https:\/\/twitter.com\/sunoresearch\",\"https:\/\/www.youtube.com\/sunonoticias\"],\"url\":\"https:\/\/www.suno.com.br\/noticias\/author\/redacao-suno\/\"}]}<\/script>\n<!-- \/ Yoast SEO plugin. -->","yoast_head_json":{"title":"D\u00f3lar fecha dia em queda e acumula valoriza\u00e7\u00e3o de 0,29% em outubro","description":"O d\u00f3lar encerra m\u00eas com ganhos de 0,29%, mas longe dos n\u00edveis vistos na 1\u00aa semana do m\u00eas, quando chegou a fechar acima da linha de R$ 5,15","robots":{"index":"index","follow":"follow","max-snippet":"max-snippet:-1","max-image-preview":"max-image-preview:large","max-video-preview":"max-video-preview:-1"},"canonical":"https:\/\/www.suno.com.br\/noticias\/dolar-fecha-queda-acumula-valorizacao-outubro\/","og_locale":"pt_BR","og_type":"article","og_title":"D\u00f3lar fecha dia em queda e acumula valoriza\u00e7\u00e3o de 0,29% em outubro","og_description":"O d\u00f3lar encerra m\u00eas com ganhos de 0,29%, mas longe dos n\u00edveis vistos na 1\u00aa semana do m\u00eas, quando chegou a fechar acima da linha de R$ 5,15","og_url":"https:\/\/www.suno.com.br\/noticias\/dolar-fecha-queda-acumula-valorizacao-outubro\/","og_site_name":"Suno Not\u00edcias","article_publisher":"https:\/\/facebook.com\/sunoresearch","article_author":"https:\/\/www.facebook.com\/sunonoticias\/","og_image":[{"width":1200,"height":800,"url":"https:\/\/files.sunoresearch.com.br\/n\/uploads\/2023\/09\/comprar-dolar-cotacao.jpg","type":"image\/jpeg"}],"author":"Reda\u00e7\u00e3o Suno Not\u00edcias","twitter_card":"summary_large_image","twitter_creator":"@https:\/\/twitter.com\/sunoresearch","twitter_site":"@sunoresearch","twitter_misc":{"Escrito por":"Reda\u00e7\u00e3o Suno Not\u00edcias","Est. tempo de leitura":"4 minutos"},"schema":{"@context":"https:\/\/schema.org","@graph":[{"@type":"NewsArticle","@id":"https:\/\/www.suno.com.br\/noticias\/dolar-fecha-queda-acumula-valorizacao-outubro\/#article","isPartOf":{"@id":"https:\/\/www.suno.com.br\/noticias\/dolar-fecha-queda-acumula-valorizacao-outubro\/"},"author":{"name":"Reda\u00e7\u00e3o Suno Not\u00edcias","@id":"https:\/\/www.suno.com.br\/noticias\/#\/schema\/person\/c1b1bd3727fa852bd045e9dbff3673ea"},"headline":"D\u00f3lar fecha dia em queda e tem valoriza\u00e7\u00e3o de 0,29% em outubro","datePublished":"2023-10-31T22:42:11+00:00","dateModified":"2023-10-31T22:43:01+00:00","mainEntityOfPage":{"@id":"https:\/\/www.suno.com.br\/noticias\/dolar-fecha-queda-acumula-valorizacao-outubro\/"},"wordCount":737,"publisher":{"@id":"https:\/\/www.suno.com.br\/noticias\/#organization"},"image":{"@id":"https:\/\/www.suno.com.br\/noticias\/dolar-fecha-queda-acumula-valorizacao-outubro\/#primaryimage"},"thumbnailUrl":"https:\/\/files.sunoresearch.com.br\/n\/uploads\/2023\/09\/comprar-dolar-cotacao.jpg","keywords":["d\u00f3lar"],"articleSection":["Mercado"],"inLanguage":"pt-BR"},{"@type":"WebPage","@id":"https:\/\/www.suno.com.br\/noticias\/dolar-fecha-queda-acumula-valorizacao-outubro\/","url":"https:\/\/www.suno.com.br\/noticias\/dolar-fecha-queda-acumula-valorizacao-outubro\/","name":"D\u00f3lar fecha dia em queda e acumula valoriza\u00e7\u00e3o de 0,29% em outubro","isPartOf":{"@id":"https:\/\/www.suno.com.br\/noticias\/#website"},"primaryImageOfPage":{"@id":"https:\/\/www.suno.com.br\/noticias\/dolar-fecha-queda-acumula-valorizacao-outubro\/#primaryimage"},"image":{"@id":"https:\/\/www.suno.com.br\/noticias\/dolar-fecha-queda-acumula-valorizacao-outubro\/#primaryimage"},"thumbnailUrl":"https:\/\/files.sunoresearch.com.br\/n\/uploads\/2023\/09\/comprar-dolar-cotacao.jpg","datePublished":"2023-10-31T22:42:11+00:00","dateModified":"2023-10-31T22:43:01+00:00","description":"O d\u00f3lar encerra m\u00eas com ganhos de 0,29%, mas longe dos n\u00edveis vistos na 1\u00aa semana do m\u00eas, quando chegou a fechar acima da linha de R$ 5,15","breadcrumb":{"@id":"https:\/\/www.suno.com.br\/noticias\/dolar-fecha-queda-acumula-valorizacao-outubro\/#breadcrumb"},"inLanguage":"pt-BR","potentialAction":[{"@type":"ReadAction","target":["https:\/\/www.suno.com.br\/noticias\/dolar-fecha-queda-acumula-valorizacao-outubro\/"]}]},{"@type":"ImageObject","inLanguage":"pt-BR","@id":"https:\/\/www.suno.com.br\/noticias\/dolar-fecha-queda-acumula-valorizacao-outubro\/#primaryimage","url":"https:\/\/files.sunoresearch.com.br\/n\/uploads\/2023\/09\/comprar-dolar-cotacao.jpg","contentUrl":"https:\/\/files.sunoresearch.com.br\/n\/uploads\/2023\/09\/comprar-dolar-cotacao.jpg","width":1200,"height":800,"caption":"a\u00e7\u00f5es para investir. Foto: Pexels"},{"@type":"BreadcrumbList","@id":"https:\/\/www.suno.com.br\/noticias\/dolar-fecha-queda-acumula-valorizacao-outubro\/#breadcrumb","itemListElement":[{"@type":"ListItem","position":1,"name":"Not\u00edcias","item":"https:\/\/www.suno.com.br\/noticias\/"},{"@type":"ListItem","position":2,"name":"Mercado","item":"https:\/\/www.suno.com.br\/noticias\/mercado\/"},{"@type":"ListItem","position":3,"name":"D\u00f3lar fecha dia em queda e tem valoriza\u00e7\u00e3o de 0,29% em outubro"}]},{"@type":"WebSite","@id":"https:\/\/www.suno.com.br\/noticias\/#website","url":"https:\/\/www.suno.com.br\/noticias\/","name":"Suno Not\u00edcias","description":"Seu portal de informa\u00e7\u00e3o sobre o mundo dos investimentos","publisher":{"@id":"https:\/\/www.suno.com.br\/noticias\/#organization"},"potentialAction":[{"@type":"SearchAction","target":{"@type":"EntryPoint","urlTemplate":"https:\/\/www.suno.com.br\/noticias\/?s={search_term_string}"},"query-input":{"@type":"PropertyValueSpecification","valueRequired":true,"valueName":"search_term_string"}}],"inLanguage":"pt-BR"},{"@type":"Organization","@id":"https:\/\/www.suno.com.br\/noticias\/#organization","name":"Suno Not\u00edcias","url":"https:\/\/www.suno.com.br\/noticias\/","logo":{"@type":"ImageObject","inLanguage":"pt-BR","@id":"https:\/\/www.suno.com.br\/noticias\/#\/schema\/logo\/image\/","url":"https:\/\/files.sunoresearch.com.br\/n\/uploads\/2021\/09\/suno-logo.png","contentUrl":"https:\/\/files.sunoresearch.com.br\/n\/uploads\/2021\/09\/suno-logo.png","width":180,"height":180,"caption":"Suno Not\u00edcias"},"image":{"@id":"https:\/\/www.suno.com.br\/noticias\/#\/schema\/logo\/image\/"},"sameAs":["https:\/\/facebook.com\/sunoresearch","https:\/\/x.com\/sunoresearch","https:\/\/www.instagram.com\/suno","https:\/\/www.linkedin.com\/company\/suno-research\/","https:\/\/www.youtube.com\/c\/sunoresearch"]},{"@type":"Person","@id":"https:\/\/www.suno.com.br\/noticias\/#\/schema\/person\/c1b1bd3727fa852bd045e9dbff3673ea","name":"Reda\u00e7\u00e3o Suno Not\u00edcias","image":{"@type":"ImageObject","inLanguage":"pt-BR","@id":"https:\/\/www.suno.com.br\/noticias\/#\/schema\/person\/image\/","url":"https:\/\/secure.gravatar.com\/avatar\/b8104b9b5a71985d5238ee59fbe418af?s=96&r=g","contentUrl":"https:\/\/secure.gravatar.com\/avatar\/b8104b9b5a71985d5238ee59fbe418af?s=96&r=g","caption":"Reda\u00e7\u00e3o Suno Not\u00edcias"},"description":"O Suno Not\u00edcias \u00e9 um portal de informa\u00e7\u00f5es sobre Mercado Financeiro, Pol\u00edtica, Neg\u00f3cios, Economia e Finan\u00e7as Pessoais.","sameAs":["https:\/\/www.suno.com.br\/noticias","https:\/\/www.facebook.com\/sunonoticias\/","https:\/\/www.instagram.com\/sunonoticias\/","https:\/\/x.com\/https:\/\/twitter.com\/sunoresearch","https:\/\/www.youtube.com\/sunonoticias"],"url":"https:\/\/www.suno.com.br\/noticias\/author\/redacao-suno\/"}]}},"default_loop_html":"<div class=\"cardsPage__listCard__boxs\"><div class=\"cardsPage__listCard__boxs__img\"><a href=\"https:\/\/www.suno.com.br\/noticias\/dolar-fecha-queda-acumula-valorizacao-outubro\/\"><img class=\"mask\" src=\"https:\/\/www.suno.com.br\/noticias\/wp-content\/themes\/suno\/resources\/images\/spotlight\/spotlight1img\/bg-mask.png\" alt=\"Image Mask\"\/><img src=\"https:\/\/files.sunoresearch.com.br\/n\/uploads\/2023\/09\/comprar-dolar-cotacao-400x200.jpg\" alt=\"D\u00f3lar fecha dia em queda e tem valoriza\u00e7\u00e3o de 0,29% em outubro\"\/><\/a><span class=\"spotlightCategory\"><a href=\"https:\/\/www.suno.com.br\/noticias\/mercado\/\">Mercado<\/a><\/span><\/div><div class=\"cardsPage__listCard__boxs__content\"><a href=\"https:\/\/www.suno.com.br\/noticias\/dolar-fecha-queda-acumula-valorizacao-outubro\/\"><h2 class=\"content__title\">D\u00f3lar fecha dia em queda e tem valoriza\u00e7\u00e3o de 0,29% em outubro<\/h2><\/a><div class=\"newsContent__article__meta\"><div class=\"newsContent__article__meta__authorBox\"><a href=\"https:\/\/www.suno.com.br\/noticias\/author\/redacao-suno\/\" class=\"authorBox__avatar noMobi\"><img src=\"https:\/\/files.sunoresearch.com.br\/n\/uploads\/2020\/08\/0ace682d-redacao-1-150x150.webp\" alt=\"Reda\u00e7\u00e3o Suno Not\u00edcias\"><\/a><div class=\"authorBox__name\"><span>por\n\t\t\t<a href=\"https:\/\/www.suno.com.br\/noticias\/author\/redacao-suno\/\"><span itemprop=\"author\">Reda\u00e7\u00e3o Suno Not\u00edcias<\/span><\/a><\/span><time datetime=\"2023-10-31T19:42:11-03:00\" itemprop=\"datePublished\">31\/10\/2023 19:42<\/time><\/div><\/div><\/div><\/div><\/div>","single_layout":"posts","amp_enabled":true,"_links":{"self":[{"href":"https:\/\/www.suno.com.br\/noticias\/wp-json\/wp\/v2\/posts\/479277"}],"collection":[{"href":"https:\/\/www.suno.com.br\/noticias\/wp-json\/wp\/v2\/posts"}],"about":[{"href":"https:\/\/www.suno.com.br\/noticias\/wp-json\/wp\/v2\/types\/post"}],"author":[{"embeddable":true,"href":"https:\/\/www.suno.com.br\/noticias\/wp-json\/wp\/v2\/users\/43"}],"replies":[{"embeddable":true,"href":"https:\/\/www.suno.com.br\/noticias\/wp-json\/wp\/v2\/comments?post=479277"}],"version-history":[{"count":3,"href":"https:\/\/www.suno.com.br\/noticias\/wp-json\/wp\/v2\/posts\/479277\/revisions"}],"predecessor-version":[{"id":479311,"href":"https:\/\/www.suno.com.br\/noticias\/wp-json\/wp\/v2\/posts\/479277\/revisions\/479311"}],"wp:featuredmedia":[{"embeddable":true,"href":"https:\/\/www.suno.com.br\/noticias\/wp-json\/wp\/v2\/media\/455693"}],"wp:attachment":[{"href":"https:\/\/www.suno.com.br\/noticias\/wp-json\/wp\/v2\/media?parent=479277"}],"wp:term":[{"taxonomy":"category","embeddable":true,"href":"https:\/\/www.suno.com.br\/noticias\/wp-json\/wp\/v2\/categories?post=479277"},{"taxonomy":"post_tag","embeddable":true,"href":"https:\/\/www.suno.com.br\/noticias\/wp-json\/wp\/v2\/tags?post=479277"},{"taxonomy":"suno_strategy","embeddable":true,"href":"https:\/\/www.suno.com.br\/noticias\/wp-json\/wp\/v2\/suno_strategy?post=479277"}],"curies":[{"name":"wp","href":"https:\/\/api.w.org\/{rel}","templated":true}]}}