{"id":47925,"date":"2019-12-16T10:29:19","date_gmt":"2019-12-16T12:29:19","guid":{"rendered":"https:\/\/www.suno.com.br\/noticias\/?p=47925"},"modified":"2021-05-10T21:05:58","modified_gmt":"2021-05-11T00:05:58","slug":"dolar-queda-guerra-comercial-focus-16122019","status":"publish","type":"post","link":"https:\/\/www.suno.com.br\/noticias\/dolar-queda-guerra-comercial-focus-16122019\/","title":{"rendered":"D\u00f3lar inicia a semana em queda; guerra comercial, Focus e greve dos caminhoneiros no radar"},"content":{"rendered":"<p>O <a href=\"https:\/\/www.suno.com.br\/artigos\/alta-do-dolar\/\">d\u00f3lar<\/a> abre a semana, nesta segunda-feira (16), com uma leve queda. O mercado internacional reage positivamente ao cumprimento do acordo entre China e Estados Unidos na primeira fase da <a href=\"https:\/\/www.suno.com.br\/artigos\/a-guerra-comercial\/\"><strong>guerra comercial<\/strong><\/a>.<\/p>\t<div class=\"wrapper-featured-image\">\n\t\t<figure class=\"spotlightImg\">\n\n\t\t\t<picture>\n\t\t\t\t<source media=\"(max-width: 768px)\" srcset=\"https:\/\/files.sunoresearch.com.br\/n\/uploads\/2019\/01\/7e88c6e8-d\u00f3lar-400x200.webp\">\n\t\t\t\t<img loading=\"lazy\" decoding=\"async\" class=\"newsContent__article__imgCapa lazyloadDisabled newsContent__article__imgCapa--noCaption\" src=\"https:\/\/files.sunoresearch.com.br\/n\/uploads\/2019\/01\/7e88c6e8-d\u00f3lar-800x450.webp\" width=\"800\" height=\"450\" alt=\"D\u00f3lar inicia a semana em queda; guerra comercial, Focus e greve dos caminhoneiros no radar\" fetchpriority=high \/>\n\t\t\t<\/picture>\n\n\t\t\t<figcaption class=\"wp-caption-text wp-caption-text--hide\">O d\u00f3lar hoje ampliou os ganhos ap\u00f3s avan\u00e7ar 0,43% no dia anterior<\/figcaption>\n\t\t<\/figure>\n\t<\/div>\n\n\n\n<p>Por volta das 9h19, o <strong>d\u00f3lar<\/strong> variava negativamente a 0,426% sendo negociado a R$ 4,0906. Al\u00e9m disso, o <strong>Boletim Focus<\/strong> divulgado nesta segunda segue no radar.<\/p>\n<p>Os <strong><a href=\"https:\/\/www.suno.com.br\/artigos\/todo-investidor-deveria-imprimir-este-artigo-e-pendurar-na-parede-parte-1\/\">investidores<\/a> <\/strong>seguem atentos \u00e0 possibilidade de uma nova <strong>greve<\/strong> dos caminhoneiros.<\/p>\n<h2>Guerra comercial<\/h2>\n<p>A China decidiu suspender as <strong>tarifas alfandeg\u00e1rias<\/strong> sobre produtos norte-americanos que deveriam ser implementadas no \u00faltimo domingo (15).<\/p>\n<p>De acordo com o governo chin\u00eas, a decis\u00e3o veio ap\u00f3s os <strong>Estados Unidos<\/strong> e a <strong>China<\/strong> firmarem a &#8220;fase um&#8221; de um <strong>acordo comercial<\/strong>. No entanto, as tarifas chinesas que j\u00e1 passaram a incidir sobre os produtos norte-americanos ser\u00e3o mantidas.<\/p>\n\t<p>\n\t\t<a href=\"https:\/\/lp.suno.com.br\/minicurso-investindo-fiis\/\" target=\"_blank\" data-element=\"shortcode-suno-banner\" title=\"Banner SUNO, clique e saiba mais\">\n\t\t\t<picture>\n\t\t\t\t<source media=\"(max-width: 500px)\" srcset=\"https:\/\/files.sunoresearch.com.br\/n\/uploads\/2023\/03\/400x300-Minicurso-FIIS.png\">\n\t\t\t\t<img class=\"newsContent__article__imgCapa newsContent__article__imgCapa--banner\"\n\t\t\t\t\tsrc=\"https:\/\/files.sunoresearch.com.br\/n\/uploads\/2023\/03\/1420x240-Minicurso-FIIS.png\"\n\t\t\t\t\tdata-promo-id=\"383125\"\t\t\t\t\t\t\t\t\t\twidth='1420' height='240'\t\t\t\t\talt=\"https:\/\/files.sunoresearch.com.br\/n\/uploads\/2023\/03\/1420x240-Minicurso-FIIS.png\"\n\t\t\t\t>\n\t\t\t<\/picture>\n\t\t<\/a>\n\t<\/p>\n\n\n<p>&#8220;A China espera, com base na igualdade e no respeito m\u00fatuo, trabalhar com os EUA para resolver adequadamente as preocupa\u00e7\u00f5es de cada um e promover o desenvolvimento est\u00e1vel das <strong>rela\u00e7\u00f5es econ\u00f4micas<\/strong> e comerciais dos EUA e da China&#8221;, informou o Minist\u00e9rio das Finan\u00e7as da China.<\/p>\n<p>Os asi\u00e1ticos confirmaram na \u00faltima sexta-feira (13) o acordo comercial com os Estados Unidos, ap\u00f3s 19 meses de negocia\u00e7\u00f5es na <strong>guerra comercial<\/strong>. Wang Shouwen, vice-ministro do Com\u00e9rcio da China, afirmou em uma entrevista coletiva em Pequim que ambas as partes alcan\u00e7aram &#8220;progressos significativos&#8221; na <strong>guerra comercial<\/strong>.<\/p>\n<h2>Boletim Focus<\/h2>\n<p>Os especialistas das 100 principais institui\u00e7\u00f5es financeiras do mercado brasileiro, que colaboram com a elabora\u00e7\u00e3o do <a href=\"https:\/\/www.suno.com.br\/artigos\/relatorio-focus\/\">Boletim Focus<\/a>, alteraram, pela terceira semana seguida, a previs\u00e3o do <strong><a href=\"https:\/\/www.suno.com.br\/artigos\/pib-produto-interno-bruto\/\">Produto Interno Bruto (PIB)<\/a><\/strong> para este ano.<\/p>\n<p>Segundo as previs\u00f5es dos profissionais no <strong>Boletim Focus<\/strong>, ao final de 2019, a economia brasileira ter\u00e1 crescido 1,12% em 12 meses. H\u00e1 tr\u00eas semanas, a previs\u00e3o era de um crescimento de 0,92%.<\/p>\n<p><a href=\"https:\/\/www.suno.com.br\/noticias\/boletim-focus-previsao-pib-eleva-2019\/\">Saiba mais: Boletim Focus eleva previs\u00e3o do PIB para 1,12% em 2019<\/a><\/p>\n<p>Quanto \u00e0 previs\u00e3o do <strong>PIB <\/strong>para o ano que vem, os especialistas, pela sexta semana consecutiva, elevaram a previs\u00e3o de crescimento. A alta estimada \u00e9 de 2,25% ao fim de 2020. Duas semanas atr\u00e1s, a previs\u00e3o era um pouco menor, de 2,17%.<\/p>\n<p>Al\u00e9m disso, os economistas\u00a0elevaram previs\u00e3o da <a href=\"https:\/\/www.suno.com.br\/artigos\/inflacao\/\"><strong>infla\u00e7\u00e3o<\/strong><\/a> medido pelo <a href=\"https:\/\/www.suno.com.br\/artigos\/ipca\/\">\u00cdndice de Pre\u00e7os ao Consumidor Amplo (IPCA)<\/a> para este ano pela sexta semana seguida. Segundo eles, ao final de 2019, o aumento dos pre\u00e7os ser\u00e1 de 3,86% em 12 meses. H\u00e1 duas semanas, a estimativa era de 3,33%.<\/p>\n<h2>Greve dos caminhoneiros<\/h2>\n<p>Os <strong>caminhoneiros<\/strong> est\u00e3o amea\u00e7ando uma paralisa\u00e7\u00e3o no Pa\u00eds nesta semana. Entre os intuitos da greve, a classe reivindica o reajuste do piso m\u00ednimo do frete. A mobiliza\u00e7\u00e3o tem apoio da <strong>Confedera\u00e7\u00e3o Nacional dos Trabalhadores em Transportes e Log\u00edsticas (CNTTL)<\/strong>.<\/p>\n<p>A greve, no entanto, ainda n\u00e3o teve in\u00edcio por conta de n\u00e3o haver um acordo entre parte dos caminhoneiros. Enquanto determinados grupos apoiam a paralisa\u00e7\u00e3o, outros s\u00e3o contra o movimento.<\/p>\n<p><a href=\"https:\/\/www.suno.com.br\/noticias\/softbank-investimentos-maiores-america-latina\/\">Confira: SoftBank pretende realizar investimentos maiores na Am\u00e9rica Latina<\/a><\/p>\n<p>O ministro da <strong>Infraestrutura<\/strong>, Tarc\u00edsio de Freitas, afirmou na \u00faltima sexta-feira (13) que sinais de eventual greve s\u00e3o movimentos isolados que n\u00e3o t\u00eam e n\u00e3o ter\u00e3o ades\u00e3o da categoria. Para ele, os profissionais perceberam que o minist\u00e9rio est\u00e1 aberto para o di\u00e1logo.<\/p>\n<p>&#8220;Os caminhoneiros t\u00eam meu telefone pessoal. Estou em v\u00e1rios grupos de WhatsApp. Eles t\u00eam tido paci\u00eancia grande, aguardando nossas a\u00e7\u00f5es&#8221;, afirmou o ministro.<\/p>\n<h2>\u00daltima cota\u00e7\u00e3o do d\u00f3lar<\/h2>\n<p>Na \u00faltima sess\u00e3o, sexta-feira, o <strong>d\u00f3lar<\/strong> encerrou o preg\u00e3o com uma alta de 0,474%, cotado a R$ 4,111.<\/p>\n\n","protected":false},"excerpt":{"rendered":"<p>O d\u00f3lar abre a semana, nesta segunda-feira (16), com uma leve queda. O mercado internacional reage positivamente ao cumprimento do acordo entre China e Estados Unidos na primeira fase da guerra comercial. O d\u00f3lar hoje ampliou os ganhos ap\u00f3s avan\u00e7ar 0,43% no dia anterior Por volta das 9h19, o d\u00f3lar variava negativamente a 0,426% sendo [&hellip;]<\/p>\n","protected":false},"author":24,"featured_media":12223,"comment_status":"closed","ping_status":"closed","sticky":false,"template":"","format":"standard","meta":[],"categories":[60],"tags":[834,326,833,980],"suno_strategy":[],"class_list":["post-47925","post","type-post","status-publish","format-standard","has-post-thumbnail","hentry","category-mercado","tag-boletim-focus","tag-dolar","tag-greve-dos-caminhoneiros","tag-guerra-comercial"],"yoast_head":"<!-- This site is optimized with the Yoast SEO plugin v24.4 - https:\/\/yoast.com\/wordpress\/plugins\/seo\/ -->\n<title>D\u00f3lar inicia a semana em queda; guerra comercial e Focus no radar<\/title>\n<meta name=\"description\" content=\"O d\u00f3lar abre a semana, nesta segunda, com uma leve queda, reagindo positivamente ao cumprimento da guerra comercial. Saiba mais.\" \/>\n<meta name=\"robots\" content=\"index, follow, max-snippet:-1, max-image-preview:large, max-video-preview:-1\" \/>\n<link rel=\"canonical\" href=\"https:\/\/www.suno.com.br\/noticias\/dolar-queda-guerra-comercial-focus-16122019\/\" \/>\n<meta property=\"og:locale\" content=\"pt_BR\" \/>\n<meta property=\"og:type\" content=\"article\" \/>\n<meta property=\"og:title\" content=\"D\u00f3lar inicia a semana em queda; guerra comercial e Focus no radar\" \/>\n<meta property=\"og:description\" content=\"O d\u00f3lar abre a semana, nesta segunda, com uma leve queda, reagindo positivamente ao cumprimento da guerra comercial. Saiba mais.\" \/>\n<meta property=\"og:url\" content=\"https:\/\/www.suno.com.br\/noticias\/dolar-queda-guerra-comercial-focus-16122019\/\" \/>\n<meta property=\"og:site_name\" content=\"Suno Not\u00edcias\" \/>\n<meta property=\"article:publisher\" content=\"https:\/\/facebook.com\/sunoresearch\" \/>\n<meta property=\"og:image\" content=\"https:\/\/files.sunoresearch.com.br\/n\/uploads\/2019\/01\/7e88c6e8-d\u00f3lar.jpg\" \/>\n\t<meta property=\"og:image:width\" content=\"1024\" \/>\n\t<meta property=\"og:image:height\" content=\"658\" \/>\n\t<meta property=\"og:image:type\" content=\"image\/jpeg\" \/>\n<meta name=\"author\" content=\"Jader Lazarini\" \/>\n<meta name=\"twitter:card\" content=\"summary_large_image\" \/>\n<meta name=\"twitter:creator\" content=\"@sunoresearch\" \/>\n<meta name=\"twitter:site\" content=\"@sunoresearch\" \/>\n<meta name=\"twitter:label1\" content=\"Escrito por\" \/>\n\t<meta name=\"twitter:data1\" content=\"Jader Lazarini\" \/>\n\t<meta name=\"twitter:label2\" content=\"Est. tempo de leitura\" \/>\n\t<meta name=\"twitter:data2\" content=\"3 minutos\" \/>\n<script type=\"application\/ld+json\" class=\"yoast-schema-graph\">{\"@context\":\"https:\/\/schema.org\",\"@graph\":[{\"@type\":\"NewsArticle\",\"@id\":\"https:\/\/www.suno.com.br\/noticias\/dolar-queda-guerra-comercial-focus-16122019\/#article\",\"isPartOf\":{\"@id\":\"https:\/\/www.suno.com.br\/noticias\/dolar-queda-guerra-comercial-focus-16122019\/\"},\"author\":{\"name\":\"Jader Lazarini\",\"@id\":\"https:\/\/www.suno.com.br\/noticias\/#\/schema\/person\/918d79de1f0281f01599b93f9ea6e23f\"},\"headline\":\"D\u00f3lar inicia a semana em queda; guerra comercial, Focus e greve dos caminhoneiros no radar\",\"datePublished\":\"2019-12-16T12:29:19+00:00\",\"dateModified\":\"2021-05-11T00:05:58+00:00\",\"mainEntityOfPage\":{\"@id\":\"https:\/\/www.suno.com.br\/noticias\/dolar-queda-guerra-comercial-focus-16122019\/\"},\"wordCount\":628,\"publisher\":{\"@id\":\"https:\/\/www.suno.com.br\/noticias\/#organization\"},\"image\":{\"@id\":\"https:\/\/www.suno.com.br\/noticias\/dolar-queda-guerra-comercial-focus-16122019\/#primaryimage\"},\"thumbnailUrl\":\"https:\/\/files.sunoresearch.com.br\/n\/uploads\/2019\/01\/7e88c6e8-d\u00f3lar-jpg.webp\",\"keywords\":[\"Boletim Focus\",\"d\u00f3lar\",\"greve dos caminhoneiros\",\"guerra comercial\"],\"articleSection\":[\"Mercado\"],\"inLanguage\":\"pt-BR\"},{\"@type\":\"WebPage\",\"@id\":\"https:\/\/www.suno.com.br\/noticias\/dolar-queda-guerra-comercial-focus-16122019\/\",\"url\":\"https:\/\/www.suno.com.br\/noticias\/dolar-queda-guerra-comercial-focus-16122019\/\",\"name\":\"D\u00f3lar inicia a semana em queda; guerra comercial e Focus no radar\",\"isPartOf\":{\"@id\":\"https:\/\/www.suno.com.br\/noticias\/#website\"},\"primaryImageOfPage\":{\"@id\":\"https:\/\/www.suno.com.br\/noticias\/dolar-queda-guerra-comercial-focus-16122019\/#primaryimage\"},\"image\":{\"@id\":\"https:\/\/www.suno.com.br\/noticias\/dolar-queda-guerra-comercial-focus-16122019\/#primaryimage\"},\"thumbnailUrl\":\"https:\/\/files.sunoresearch.com.br\/n\/uploads\/2019\/01\/7e88c6e8-d\u00f3lar-jpg.webp\",\"datePublished\":\"2019-12-16T12:29:19+00:00\",\"dateModified\":\"2021-05-11T00:05:58+00:00\",\"description\":\"O d\u00f3lar abre a semana, nesta segunda, com uma leve queda, reagindo positivamente ao cumprimento da guerra comercial. Saiba mais.\",\"breadcrumb\":{\"@id\":\"https:\/\/www.suno.com.br\/noticias\/dolar-queda-guerra-comercial-focus-16122019\/#breadcrumb\"},\"inLanguage\":\"pt-BR\",\"potentialAction\":[{\"@type\":\"ReadAction\",\"target\":[\"https:\/\/www.suno.com.br\/noticias\/dolar-queda-guerra-comercial-focus-16122019\/\"]}]},{\"@type\":\"ImageObject\",\"inLanguage\":\"pt-BR\",\"@id\":\"https:\/\/www.suno.com.br\/noticias\/dolar-queda-guerra-comercial-focus-16122019\/#primaryimage\",\"url\":\"https:\/\/files.sunoresearch.com.br\/n\/uploads\/2019\/01\/7e88c6e8-d\u00f3lar-jpg.webp\",\"contentUrl\":\"https:\/\/files.sunoresearch.com.br\/n\/uploads\/2019\/01\/7e88c6e8-d\u00f3lar-jpg.webp\",\"width\":1024,\"height\":658,\"caption\":\"O d\u00f3lar hoje ampliou os ganhos ap\u00f3s avan\u00e7ar 0,43% no dia anterior\"},{\"@type\":\"BreadcrumbList\",\"@id\":\"https:\/\/www.suno.com.br\/noticias\/dolar-queda-guerra-comercial-focus-16122019\/#breadcrumb\",\"itemListElement\":[{\"@type\":\"ListItem\",\"position\":1,\"name\":\"Not\u00edcias\",\"item\":\"https:\/\/www.suno.com.br\/noticias\/\"},{\"@type\":\"ListItem\",\"position\":2,\"name\":\"Mercado\",\"item\":\"https:\/\/www.suno.com.br\/noticias\/mercado\/\"},{\"@type\":\"ListItem\",\"position\":3,\"name\":\"D\u00f3lar inicia a semana em queda; guerra comercial, Focus e greve dos caminhoneiros no radar\"}]},{\"@type\":\"WebSite\",\"@id\":\"https:\/\/www.suno.com.br\/noticias\/#website\",\"url\":\"https:\/\/www.suno.com.br\/noticias\/\",\"name\":\"Suno Not\u00edcias\",\"description\":\"Seu portal de informa\u00e7\u00e3o sobre o mundo dos investimentos\",\"publisher\":{\"@id\":\"https:\/\/www.suno.com.br\/noticias\/#organization\"},\"potentialAction\":[{\"@type\":\"SearchAction\",\"target\":{\"@type\":\"EntryPoint\",\"urlTemplate\":\"https:\/\/www.suno.com.br\/noticias\/?s={search_term_string}\"},\"query-input\":{\"@type\":\"PropertyValueSpecification\",\"valueRequired\":true,\"valueName\":\"search_term_string\"}}],\"inLanguage\":\"pt-BR\"},{\"@type\":\"Organization\",\"@id\":\"https:\/\/www.suno.com.br\/noticias\/#organization\",\"name\":\"Suno Not\u00edcias\",\"url\":\"https:\/\/www.suno.com.br\/noticias\/\",\"logo\":{\"@type\":\"ImageObject\",\"inLanguage\":\"pt-BR\",\"@id\":\"https:\/\/www.suno.com.br\/noticias\/#\/schema\/logo\/image\/\",\"url\":\"https:\/\/files.sunoresearch.com.br\/n\/uploads\/2021\/09\/suno-logo.png\",\"contentUrl\":\"https:\/\/files.sunoresearch.com.br\/n\/uploads\/2021\/09\/suno-logo.png\",\"width\":180,\"height\":180,\"caption\":\"Suno Not\u00edcias\"},\"image\":{\"@id\":\"https:\/\/www.suno.com.br\/noticias\/#\/schema\/logo\/image\/\"},\"sameAs\":[\"https:\/\/facebook.com\/sunoresearch\",\"https:\/\/x.com\/sunoresearch\",\"https:\/\/www.instagram.com\/suno\",\"https:\/\/www.linkedin.com\/company\/suno-research\/\",\"https:\/\/www.youtube.com\/c\/sunoresearch\"]},{\"@type\":\"Person\",\"@id\":\"https:\/\/www.suno.com.br\/noticias\/#\/schema\/person\/918d79de1f0281f01599b93f9ea6e23f\",\"name\":\"Jader Lazarini\",\"image\":{\"@type\":\"ImageObject\",\"inLanguage\":\"pt-BR\",\"@id\":\"https:\/\/www.suno.com.br\/noticias\/#\/schema\/person\/image\/\",\"url\":\"https:\/\/secure.gravatar.com\/avatar\/3c1ad8caa51589841baeb923fcddea97?s=96&r=g\",\"contentUrl\":\"https:\/\/secure.gravatar.com\/avatar\/3c1ad8caa51589841baeb923fcddea97?s=96&r=g\",\"caption\":\"Jader Lazarini\"},\"description\":\"Jader Lazarini escreve sobre investimentos, finan\u00e7as, economia e neg\u00f3cios. \u00c9 bacharel em Rela\u00e7\u00f5es Internacionais e analista CNPI (2619).\",\"url\":\"https:\/\/www.suno.com.br\/noticias\/author\/jader-lazarini\/\"}]}<\/script>\n<!-- \/ Yoast SEO plugin. -->","yoast_head_json":{"title":"D\u00f3lar inicia a semana em queda; guerra comercial e Focus no radar","description":"O d\u00f3lar abre a semana, nesta segunda, com uma leve queda, reagindo positivamente ao cumprimento da guerra comercial. Saiba mais.","robots":{"index":"index","follow":"follow","max-snippet":"max-snippet:-1","max-image-preview":"max-image-preview:large","max-video-preview":"max-video-preview:-1"},"canonical":"https:\/\/www.suno.com.br\/noticias\/dolar-queda-guerra-comercial-focus-16122019\/","og_locale":"pt_BR","og_type":"article","og_title":"D\u00f3lar inicia a semana em queda; guerra comercial e Focus no radar","og_description":"O d\u00f3lar abre a semana, nesta segunda, com uma leve queda, reagindo positivamente ao cumprimento da guerra comercial. Saiba mais.","og_url":"https:\/\/www.suno.com.br\/noticias\/dolar-queda-guerra-comercial-focus-16122019\/","og_site_name":"Suno Not\u00edcias","article_publisher":"https:\/\/facebook.com\/sunoresearch","og_image":[{"width":1024,"height":658,"url":"https:\/\/files.sunoresearch.com.br\/n\/uploads\/2019\/01\/7e88c6e8-d\u00f3lar.jpg","type":"image\/jpeg"}],"author":"Jader Lazarini","twitter_card":"summary_large_image","twitter_creator":"@sunoresearch","twitter_site":"@sunoresearch","twitter_misc":{"Escrito por":"Jader Lazarini","Est. tempo de leitura":"3 minutos"},"schema":{"@context":"https:\/\/schema.org","@graph":[{"@type":"NewsArticle","@id":"https:\/\/www.suno.com.br\/noticias\/dolar-queda-guerra-comercial-focus-16122019\/#article","isPartOf":{"@id":"https:\/\/www.suno.com.br\/noticias\/dolar-queda-guerra-comercial-focus-16122019\/"},"author":{"name":"Jader Lazarini","@id":"https:\/\/www.suno.com.br\/noticias\/#\/schema\/person\/918d79de1f0281f01599b93f9ea6e23f"},"headline":"D\u00f3lar inicia a semana em queda; guerra comercial, Focus e greve dos caminhoneiros no radar","datePublished":"2019-12-16T12:29:19+00:00","dateModified":"2021-05-11T00:05:58+00:00","mainEntityOfPage":{"@id":"https:\/\/www.suno.com.br\/noticias\/dolar-queda-guerra-comercial-focus-16122019\/"},"wordCount":628,"publisher":{"@id":"https:\/\/www.suno.com.br\/noticias\/#organization"},"image":{"@id":"https:\/\/www.suno.com.br\/noticias\/dolar-queda-guerra-comercial-focus-16122019\/#primaryimage"},"thumbnailUrl":"https:\/\/files.sunoresearch.com.br\/n\/uploads\/2019\/01\/7e88c6e8-d\u00f3lar-jpg.webp","keywords":["Boletim Focus","d\u00f3lar","greve dos caminhoneiros","guerra comercial"],"articleSection":["Mercado"],"inLanguage":"pt-BR"},{"@type":"WebPage","@id":"https:\/\/www.suno.com.br\/noticias\/dolar-queda-guerra-comercial-focus-16122019\/","url":"https:\/\/www.suno.com.br\/noticias\/dolar-queda-guerra-comercial-focus-16122019\/","name":"D\u00f3lar inicia a semana em queda; guerra comercial e Focus no radar","isPartOf":{"@id":"https:\/\/www.suno.com.br\/noticias\/#website"},"primaryImageOfPage":{"@id":"https:\/\/www.suno.com.br\/noticias\/dolar-queda-guerra-comercial-focus-16122019\/#primaryimage"},"image":{"@id":"https:\/\/www.suno.com.br\/noticias\/dolar-queda-guerra-comercial-focus-16122019\/#primaryimage"},"thumbnailUrl":"https:\/\/files.sunoresearch.com.br\/n\/uploads\/2019\/01\/7e88c6e8-d\u00f3lar-jpg.webp","datePublished":"2019-12-16T12:29:19+00:00","dateModified":"2021-05-11T00:05:58+00:00","description":"O d\u00f3lar abre a semana, nesta segunda, com uma leve queda, reagindo positivamente ao cumprimento da guerra comercial. Saiba mais.","breadcrumb":{"@id":"https:\/\/www.suno.com.br\/noticias\/dolar-queda-guerra-comercial-focus-16122019\/#breadcrumb"},"inLanguage":"pt-BR","potentialAction":[{"@type":"ReadAction","target":["https:\/\/www.suno.com.br\/noticias\/dolar-queda-guerra-comercial-focus-16122019\/"]}]},{"@type":"ImageObject","inLanguage":"pt-BR","@id":"https:\/\/www.suno.com.br\/noticias\/dolar-queda-guerra-comercial-focus-16122019\/#primaryimage","url":"https:\/\/files.sunoresearch.com.br\/n\/uploads\/2019\/01\/7e88c6e8-d\u00f3lar-jpg.webp","contentUrl":"https:\/\/files.sunoresearch.com.br\/n\/uploads\/2019\/01\/7e88c6e8-d\u00f3lar-jpg.webp","width":1024,"height":658,"caption":"O d\u00f3lar hoje ampliou os ganhos ap\u00f3s avan\u00e7ar 0,43% no dia anterior"},{"@type":"BreadcrumbList","@id":"https:\/\/www.suno.com.br\/noticias\/dolar-queda-guerra-comercial-focus-16122019\/#breadcrumb","itemListElement":[{"@type":"ListItem","position":1,"name":"Not\u00edcias","item":"https:\/\/www.suno.com.br\/noticias\/"},{"@type":"ListItem","position":2,"name":"Mercado","item":"https:\/\/www.suno.com.br\/noticias\/mercado\/"},{"@type":"ListItem","position":3,"name":"D\u00f3lar inicia a semana em queda; guerra comercial, Focus e greve dos caminhoneiros no radar"}]},{"@type":"WebSite","@id":"https:\/\/www.suno.com.br\/noticias\/#website","url":"https:\/\/www.suno.com.br\/noticias\/","name":"Suno Not\u00edcias","description":"Seu portal de informa\u00e7\u00e3o sobre o mundo dos investimentos","publisher":{"@id":"https:\/\/www.suno.com.br\/noticias\/#organization"},"potentialAction":[{"@type":"SearchAction","target":{"@type":"EntryPoint","urlTemplate":"https:\/\/www.suno.com.br\/noticias\/?s={search_term_string}"},"query-input":{"@type":"PropertyValueSpecification","valueRequired":true,"valueName":"search_term_string"}}],"inLanguage":"pt-BR"},{"@type":"Organization","@id":"https:\/\/www.suno.com.br\/noticias\/#organization","name":"Suno Not\u00edcias","url":"https:\/\/www.suno.com.br\/noticias\/","logo":{"@type":"ImageObject","inLanguage":"pt-BR","@id":"https:\/\/www.suno.com.br\/noticias\/#\/schema\/logo\/image\/","url":"https:\/\/files.sunoresearch.com.br\/n\/uploads\/2021\/09\/suno-logo.png","contentUrl":"https:\/\/files.sunoresearch.com.br\/n\/uploads\/2021\/09\/suno-logo.png","width":180,"height":180,"caption":"Suno Not\u00edcias"},"image":{"@id":"https:\/\/www.suno.com.br\/noticias\/#\/schema\/logo\/image\/"},"sameAs":["https:\/\/facebook.com\/sunoresearch","https:\/\/x.com\/sunoresearch","https:\/\/www.instagram.com\/suno","https:\/\/www.linkedin.com\/company\/suno-research\/","https:\/\/www.youtube.com\/c\/sunoresearch"]},{"@type":"Person","@id":"https:\/\/www.suno.com.br\/noticias\/#\/schema\/person\/918d79de1f0281f01599b93f9ea6e23f","name":"Jader Lazarini","image":{"@type":"ImageObject","inLanguage":"pt-BR","@id":"https:\/\/www.suno.com.br\/noticias\/#\/schema\/person\/image\/","url":"https:\/\/secure.gravatar.com\/avatar\/3c1ad8caa51589841baeb923fcddea97?s=96&r=g","contentUrl":"https:\/\/secure.gravatar.com\/avatar\/3c1ad8caa51589841baeb923fcddea97?s=96&r=g","caption":"Jader Lazarini"},"description":"Jader Lazarini escreve sobre investimentos, finan\u00e7as, economia e neg\u00f3cios. \u00c9 bacharel em Rela\u00e7\u00f5es Internacionais e analista CNPI (2619).","url":"https:\/\/www.suno.com.br\/noticias\/author\/jader-lazarini\/"}]}},"default_loop_html":"<div class=\"cardsPage__listCard__boxs\"><div class=\"cardsPage__listCard__boxs__img\"><a href=\"https:\/\/www.suno.com.br\/noticias\/dolar-queda-guerra-comercial-focus-16122019\/\"><img class=\"mask\" src=\"https:\/\/www.suno.com.br\/noticias\/wp-content\/themes\/suno\/resources\/images\/spotlight\/spotlight1img\/bg-mask.png\" alt=\"Image Mask\"\/><img src=\"https:\/\/files.sunoresearch.com.br\/n\/uploads\/2019\/01\/7e88c6e8-d\u00f3lar-400x200.webp\" alt=\"D\u00f3lar inicia a semana em queda; guerra comercial, Focus e greve dos caminhoneiros no radar\"\/><\/a><span class=\"spotlightCategory\"><a href=\"https:\/\/www.suno.com.br\/noticias\/mercado\/\">Mercado<\/a><\/span><\/div><div class=\"cardsPage__listCard__boxs__content\"><a href=\"https:\/\/www.suno.com.br\/noticias\/dolar-queda-guerra-comercial-focus-16122019\/\"><h2 class=\"content__title\">D\u00f3lar inicia a semana em queda; guerra comercial, Focus e greve dos caminhoneiros no radar<\/h2><\/a><div class=\"newsContent__article__meta\"><div class=\"newsContent__article__meta__authorBox\"><a href=\"https:\/\/www.suno.com.br\/noticias\/author\/jader-lazarini\/\" class=\"authorBox__avatar noMobi\"><img src=\"https:\/\/files.sunoresearch.com.br\/n\/uploads\/2021\/01\/178e6598-foto-perfil-2-150x150.jpg\" alt=\"Jader Lazarini\"><\/a><div class=\"authorBox__name\"><span>por\n\t\t\t<a href=\"https:\/\/www.suno.com.br\/noticias\/author\/jader-lazarini\/\"><span itemprop=\"author\">Jader Lazarini<\/span><\/a><\/span><time datetime=\"2019-12-16T10:29:19-03:00\" itemprop=\"datePublished\">16\/12\/2019 10:29<\/time><\/div><\/div><\/div><\/div><\/div>","single_layout":"posts","amp_enabled":true,"_links":{"self":[{"href":"https:\/\/www.suno.com.br\/noticias\/wp-json\/wp\/v2\/posts\/47925"}],"collection":[{"href":"https:\/\/www.suno.com.br\/noticias\/wp-json\/wp\/v2\/posts"}],"about":[{"href":"https:\/\/www.suno.com.br\/noticias\/wp-json\/wp\/v2\/types\/post"}],"author":[{"embeddable":true,"href":"https:\/\/www.suno.com.br\/noticias\/wp-json\/wp\/v2\/users\/24"}],"replies":[{"embeddable":true,"href":"https:\/\/www.suno.com.br\/noticias\/wp-json\/wp\/v2\/comments?post=47925"}],"version-history":[{"count":1,"href":"https:\/\/www.suno.com.br\/noticias\/wp-json\/wp\/v2\/posts\/47925\/revisions"}],"predecessor-version":[{"id":146709,"href":"https:\/\/www.suno.com.br\/noticias\/wp-json\/wp\/v2\/posts\/47925\/revisions\/146709"}],"wp:featuredmedia":[{"embeddable":true,"href":"https:\/\/www.suno.com.br\/noticias\/wp-json\/wp\/v2\/media\/12223"}],"wp:attachment":[{"href":"https:\/\/www.suno.com.br\/noticias\/wp-json\/wp\/v2\/media?parent=47925"}],"wp:term":[{"taxonomy":"category","embeddable":true,"href":"https:\/\/www.suno.com.br\/noticias\/wp-json\/wp\/v2\/categories?post=47925"},{"taxonomy":"post_tag","embeddable":true,"href":"https:\/\/www.suno.com.br\/noticias\/wp-json\/wp\/v2\/tags?post=47925"},{"taxonomy":"suno_strategy","embeddable":true,"href":"https:\/\/www.suno.com.br\/noticias\/wp-json\/wp\/v2\/suno_strategy?post=47925"}],"curies":[{"name":"wp","href":"https:\/\/api.w.org\/{rel}","templated":true}]}}