{"id":478910,"date":"2023-10-31T10:27:49","date_gmt":"2023-10-31T13:27:49","guid":{"rendered":"https:\/\/www.suno.com.br\/noticias\/?p=478910"},"modified":"2023-10-31T10:43:43","modified_gmt":"2023-10-31T13:43:43","slug":"destaques-petrobras-petr4-americanas-e-mais-va","status":"publish","type":"post","link":"https:\/\/www.suno.com.br\/noticias\/destaques-petrobras-petr4-americanas-e-mais-va\/","title":{"rendered":"Petrobras (PETR4), Americanas (AMER3) e Ambev (ABEV3) agitam o mercado nesta ter\u00e7a-feira (31); veja mais destaques"},"content":{"rendered":"<p>A informa\u00e7\u00e3o de que a<strong> Petrobras <\/strong>(PETR4) vai investir R$ 2 bilh\u00f5es em refinaria para reduzir emiss\u00f5es de carbono est\u00e1 entre os destaques desta ter\u00e7a-feira (31).<\/p>\t<div class=\"wrapper-featured-image\">\n\t\t<figure class=\"spotlightImg\">\n\n\t\t\t<picture>\n\t\t\t\t<source media=\"(max-width: 768px)\" srcset=\"https:\/\/files.sunoresearch.com.br\/n\/uploads\/2023\/10\/bolsa-mercado-ibovespa-acoes-celular-variacao-400x200.jpg\">\n\t\t\t\t<img loading=\"lazy\" decoding=\"async\" class=\"newsContent__article__imgCapa lazyloadDisabled \" src=\"https:\/\/files.sunoresearch.com.br\/n\/uploads\/2023\/10\/bolsa-mercado-ibovespa-acoes-celular-variacao-800x450.jpg\" width=\"800\" height=\"450\" alt=\"Petrobras (PETR4), Americanas (AMER3) e Ambev (ABEV3) agitam o mercado nesta ter\u00e7a-feira (31); veja mais destaques\" fetchpriority=high \/>\n\t\t\t<\/picture>\n\n\t\t\t<figcaption class=\"wp-caption-text wp-caption-text--show\">PetroRec\u00f4ncavo (RECV3) e Braskem (BRKM5) agitam o mercado-Foto: iStock<\/figcaption>\n\t\t<\/figure>\n\t<\/div>\n\n\n\n\n\n\t<p>\n\t\t<a href=\"https:\/\/lp.suno.com.br\/planilha-da-vida-financeira\/\" target=\"_blank\" data-element=\"shortcode-suno-banner\" title=\"Banner SUNO, clique e saiba mais\">\n\t\t\t<picture>\n\t\t\t\t<source media=\"(max-width: 500px)\" srcset=\"https:\/\/files.sunoresearch.com.br\/n\/uploads\/2023\/04\/400x300-Planilha-vida-financeira-true.png\">\n\t\t\t\t<img class=\"newsContent__article__imgCapa newsContent__article__imgCapa--banner\"\n\t\t\t\t\tsrc=\"https:\/\/files.sunoresearch.com.br\/n\/uploads\/2023\/04\/1420x240-Planilha-vida-financeira-true.png\"\n\t\t\t\t\tdata-promo-id=\"106682\"\t\t\t\t\t\t\t\t\t\twidth='1420' height='240'\t\t\t\t\talt=\"https:\/\/files.sunoresearch.com.br\/n\/uploads\/2023\/04\/1420x240-Planilha-vida-financeira-true.png\"\n\t\t\t\t>\n\t\t\t<\/picture>\n\t\t<\/a>\n\t<\/p>\n\n\n\n\n\n<p>Tamb\u00e9m est\u00e1 entre os<strong> destaques do mercado financeiro<\/strong>&nbsp; a Americanas (AMER3), ap\u00f3s concluir&nbsp; desfazimento da <a class=\"suno-keyword\" target=\"_blank\" data-force=\"no\" data-priority=\"2\" href=\"https:\/\/www.suno.com.br\/artigos\/joint-venture\/\" rel=\"noopener\">joint venture<\/a> com a Vibra Energia para a explora\u00e7\u00e3o de lojas de pequeno varejo.<\/p>\n\n\n\n<p>A <a class=\"suno-keyword\" target=\"_blank\" data-force=\"yes\" data-priority=\"2\" href=\"https:\/\/www.suno.com.br\/acoes\/ABEV3\/\" rel=\"noopener\">Ambev (ABEV3)<\/a> tamb\u00e9m \u00e9 destaque hoje, depois de anotar <a class=\"suno-keyword\" target=\"_blank\" data-force=\"no\" data-priority=\"1\" href=\"https:\/\/www.suno.com.br\/artigos\/lucro-liquido\/\" rel=\"noopener\">lucro l\u00edquido<\/a> de R$ 4,015 bilh\u00f5es no terceiro trimestre de 2023 (3T23).<\/p>\n\n\n\n<p>Veja os <strong>destaques do mercado financeiro<\/strong> hoje:<\/p>\n\n\n\n<h2 class=\"wp-block-heading\">Petrobras <\/h2>\n\n\n\n<p>A <a class=\"suno-keyword\" data-force=\"yes\" data-priority=\"2\" href=\"https:\/\/www.suno.com.br\/acoes\/PETR4\/\" target=\"_blank\" rel=\"noopener\">Petrobras (<strong>PETR4)<\/strong><\/a>, em rela\u00e7\u00e3o \u00e0s not\u00edcias veiculadas na m\u00eddia, informou que a refinaria Gabriel Passos, Regap, receber\u00e1 investimentos para elevar sua efici\u00eancia energ\u00e9tica, aumentar a confiabilidade e reduzir as emiss\u00f5es de carbono.<\/p>\n\n\n\n<p>S\u00e3o projetos da ordem de R$ 2 bilh\u00f5es at\u00e9 2027, que refletem a\u00e7\u00f5es alinhadas com o plano estrat\u00e9gico da companhia.<\/p>\n\n\n\n<p>Tamb\u00e9m est\u00e3o, em estudos preliminares, iniciativas para o aumento da capacidade de processamento da refinaria para at\u00e9 40 mil metros c\u00fabicos por dia, ante os atuais 26 mil por dia. Tais projetos podem demandar at\u00e9 R$ 8 bilh\u00f5es em investimentos na unidade, totalizando R$ 10 bilh\u00f5es considerando tamb\u00e9m os investimentos j\u00e1 aprovados<\/p>\n\n\n\t<div data-element=\"shortcode-read-more\" class=\"knowMore\">\n\t\t\t\t<span class=\"knowMore__title\">Leia mais<\/span>\n\t\t\t\t<a class=\"knowMore__link\" href=\"https:\/\/www.suno.com.br\/noticias\/petrobras-petr4-refinaria-emissoes-de-carbono-gpj\/\">\n\t\t\tPetrobras (PETR4) investir\u00e1 R$ 2 bilh\u00f5es em refinaria para reduzir emiss\u00f5es de carbono\t\t<\/a>\n\t<\/div>\n\n\n\n\n<h2 class=\"wp-block-heading\">Americanas<\/h2>\n\n\n\n<p>A <strong>Americanas (AMER3)<\/strong> anunciou o desfazimento da <a class=\"suno-keyword\" data-force=\"no\" data-priority=\"2\" href=\"https:\/\/www.suno.com.br\/artigos\/joint-venture\/\" target=\"_blank\" rel=\"noopener\">joint venture<\/a> com a Vibra Energia para a explora\u00e7\u00e3o do neg\u00f3cio de lojas de pequeno varejo, atrav\u00e9s das redes \u201cLocal\u201d e \u201cBR Mania\u201d, desenvolvida atrav\u00e9s da Vem Conveni\u00eancia.\u00a0<\/p>\n\n\n\n<h2 class=\"wp-block-heading\">Ambev&nbsp;<\/h2>\n\n\n\n<p>A <a class=\"suno-keyword\" data-force=\"yes\" data-priority=\"2\" href=\"https:\/\/www.suno.com.br\/acoes\/ABEV3\/\" target=\"_blank\" rel=\"noopener\"><strong>Ambev (ABEV3)<\/strong><\/a> reportou um <a class=\"suno-keyword\" data-force=\"no\" data-priority=\"1\" href=\"https:\/\/www.suno.com.br\/artigos\/lucro-liquido\/\" target=\"_blank\" rel=\"noopener\">lucro l\u00edquido<\/a> de R$ 4,015 bilh\u00f5es no terceiro trimestre de 2023 (3T23), conforme balan\u00e7o. A cifra representa um aumento de 24,9% em rela\u00e7\u00e3o ao mesmo per\u00edodo do ano passado.<\/p>\n\n\n\t<div data-element=\"shortcode-read-more\" class=\"knowMore\">\n\t\t\t\t<span class=\"knowMore__title\">Leia mais<\/span>\n\t\t\t\t<a class=\"knowMore__link\" href=\"https:\/\/www.suno.com.br\/noticias\/ambev-abev3-lucro-liquido-terceiro-trimestre-gpj\/\">\n\t\t\tAmbev (ABEV3): lucro l\u00edquido dispara 24,9% no terceiro trimestre, para R$ 4,0 bilh\u00f5es\t\t<\/a>\n\t<\/div>\n\n\n\n\n<h2 class=\"wp-block-heading\">P\u00e3o de A\u00e7\u00facar<\/h2>\n\n\n\n<p>O Grupo P\u00e3o de A\u00e7\u00facar, o <a class=\"suno-keyword\" data-force=\"yes\" data-priority=\"2\" href=\"https:\/\/www.suno.com.br\/acoes\/PCAR3\/\" target=\"_blank\" rel=\"noopener\"><strong>GPA (PCAR3)<\/strong><\/a>, registrou um preju\u00edzo l\u00edquido consolidado de R$ 1,295 bilh\u00e3o no terceiro trimestre de 2023, um valor quase quatro vezes maior do que o registrado no mesmo per\u00edodo de 2022.\u00a0<\/p>\n\n\n\n<p>Sem o \u00c9xito, a empresa teve um <a class=\"suno-keyword\" target=\"_blank\" data-force=\"no\" data-priority=\"1\" href=\"https:\/\/www.suno.com.br\/artigos\/lucro-liquido\/\" rel=\"noopener\">lucro l\u00edquido<\/a> consolidado de R$ 809 milh\u00f5es, uma varia\u00e7\u00e3o de 452% ante os R$ 229 milh\u00f5es de preju\u00edzo no terceiro trimestre do ano passado.<\/p>\n\n\n\n<h2 class=\"wp-block-heading\">Assa\u00ed&nbsp;<\/h2>\n\n\n\n<p>O <a class=\"suno-keyword\" data-force=\"yes\" data-priority=\"2\" href=\"https:\/\/www.suno.com.br\/acoes\/asai3\/\" target=\"_blank\" rel=\"noopener\"><strong>Assa\u00ed (ASAI3)<\/strong><\/a> registrou um <a class=\"suno-keyword\" data-force=\"no\" data-priority=\"1\" href=\"https:\/\/www.suno.com.br\/artigos\/lucro-liquido\/\" target=\"_blank\" rel=\"noopener\">lucro l\u00edquido<\/a> de R$ 185 milh\u00f5es no terceiro trimestre de 2023.<\/p>\n\n\n\n<p>O lucro do Assa\u00ed mostrou um recuo de 34,2% na compara\u00e7\u00e3o com o mesmo per\u00edodo do ano passado, quando a empresa reportou um <a class=\"suno-keyword\" data-force=\"no\" data-priority=\"1\" href=\"https:\/\/www.suno.com.br\/artigos\/lucro-liquido\/\" target=\"_blank\" rel=\"noopener\">lucro l\u00edquido<\/a> de R$ 281 milh\u00f5es.<\/p>\n\n\n\t<div data-element=\"shortcode-read-more\" class=\"knowMore\">\n\t\t\t\t<span class=\"knowMore__title\">Leia mais<\/span>\n\t\t\t\t<a class=\"knowMore__link\" href=\"https:\/\/www.suno.com.br\/noticias\/assai-asai3-resultados-balanco-3t23-jvj\/\">\n\t\t\tLucro do Assa\u00ed cai 34,2% no 3T23, mas faturamento aumenta 22%; Veja os motivos\t\t<\/a>\n\t<\/div>\n\n\n\n\n<h2 class=\"wp-block-heading\">ISA Cteep&nbsp;<\/h2>\n\n\n\n<p>A <a class=\"suno-keyword\" data-force=\"yes\" data-priority=\"2\" href=\"https:\/\/www.suno.com.br\/acoes\/TRPL4\/\" target=\"_blank\" rel=\"noopener\"><strong>ISA CTeep (TRPL4)<\/strong><\/a> anunciou um <a class=\"suno-keyword\" data-force=\"no\" data-priority=\"1\" href=\"https:\/\/www.suno.com.br\/artigos\/lucro-liquido\/\" target=\"_blank\" rel=\"noopener\">lucro l\u00edquido<\/a> de R$ 474,5 milh\u00f5es no 3T23, o que representa um aumento de 22,7% na compara\u00e7\u00e3o com o lucro do mesmo trimestre do ano passado, que tinha sido de R$ 386,7 milh\u00f5es.<\/p>\n\n\n\t<div data-element=\"shortcode-read-more\" class=\"knowMore\">\n\t\t\t\t<span class=\"knowMore__title\">Leia mais<\/span>\n\t\t\t\t<a class=\"knowMore__link\" href=\"https:\/\/www.suno.com.br\/noticias\/isa-cteep-trpl4-resultados-balanco-3t23-jvj\/\">\n\t\t\tISA Cteep (TRPL4) tem lucro 22,7% maior no 3T23, para R$ 474,5 milh\u00f5es\t\t<\/a>\n\t<\/div>\n\n\n\n\n<h2 class=\"wp-block-heading\">Intelbras&nbsp;<\/h2>\n\n\n\n<p>A <a class=\"suno-keyword\" data-force=\"yes\" data-priority=\"2\" href=\"https:\/\/www.suno.com.br\/acoes\/intb3\/\" target=\"_blank\" rel=\"noopener\"><strong>Intelbras (INTB3)<\/strong><\/a> reportou um <a class=\"suno-keyword\" data-force=\"no\" data-priority=\"1\" href=\"https:\/\/www.suno.com.br\/artigos\/lucro-liquido\/\" target=\"_blank\" rel=\"noopener\">lucro l\u00edquido<\/a> de R$ 111 milh\u00f5es no terceiro trimestre de 2023, um recuo de 9,6% na base anual, quando o n\u00famero atingiu R$ 122,7 milh\u00f5es.\u00a0<\/p>\n\n\n\n<h2 class=\"wp-block-heading\">Lojas Quero-Quero&nbsp;<\/h2>\n\n\n\n<p>A <a class=\"suno-keyword\" data-force=\"yes\" data-priority=\"2\" href=\"https:\/\/www.suno.com.br\/acoes\/LJQQ3\/\" target=\"_blank\" rel=\"noopener\"><strong>Lojas Quero-Quero (LJQQ3)<\/strong><\/a> registrou aumento de 60,4% no preju\u00edzo l\u00edquido no 3T23 em rela\u00e7\u00e3o ao mesmo per\u00edodo do ano passado, saindo de R$ 7,6 milh\u00f5es para R$ 12,3 milh\u00f5es.<\/p>\n\n\n\n<h2 class=\"wp-block-heading\">S\u00e3o Martinho<\/h2>\n\n\n\n<p>O <strong>S\u00e3o Martinho\u00a0 (SMTO3)<\/strong>, um dos maiores produtores de a\u00e7\u00facar e etanol do Brasil, divulgou que foi aprovado a implanta\u00e7\u00e3o de uma unidade produtora de Biometano, no munic\u00edpio de Am\u00e9rico Brasiliense, em S\u00e3o Paulo.<\/p>\n\n\n\t<p>\n\t\t<a href=\"https:\/\/lp.suno.com.br\/ebook-como-analisar-uma-acao\/\" target=\"_blank\" data-element=\"shortcode-suno-banner\" title=\"Banner SUNO, clique e saiba mais\">\n\t\t\t<picture>\n\t\t\t\t<source media=\"(max-width: 500px)\" srcset=\"https:\/\/files.sunoresearch.com.br\/n\/uploads\/2023\/03\/Ebook-Acoes-Mobile.jpg\">\n\t\t\t\t<img class=\"newsContent__article__imgCapa newsContent__article__imgCapa--banner\"\n\t\t\t\t\tsrc=\"https:\/\/files.sunoresearch.com.br\/n\/uploads\/2023\/03\/Ebook-Acoes-Desktop.jpg\"\n\t\t\t\t\tdata-promo-id=\"378302\"\t\t\t\t\t\t\t\t\t\twidth='1420' height='286'\t\t\t\t\talt=\"https:\/\/files.sunoresearch.com.br\/n\/uploads\/2023\/03\/Ebook-Acoes-Desktop.jpg\"\n\t\t\t\t>\n\t\t\t<\/picture>\n\t\t<\/a>\n\t<\/p>\n\n\n\n\n\n<p>O in\u00edcio da opera\u00e7\u00e3o est\u00e1 previsto para o segundo semestre de 2025, com aproximadamente 40% da capacidade da planta entregue na safra 25\/26 e 100% a partir da safra 26\/27. O CAPEX estimado \u00e9 de aproximadamente R$ 250 milh\u00f5es.&nbsp;<\/p>\n\n\n\n<h2 class=\"wp-block-heading\">Totvs<\/h2>\n\n\n\n<p>A <a class=\"suno-keyword\" data-force=\"yes\" data-priority=\"2\" href=\"https:\/\/www.suno.com.br\/acoes\/TOTS3\/\" target=\"_blank\" rel=\"noopener\"><strong>Totvs (TOTS3)<\/strong><\/a> comunicou que sua subsidi\u00e1ria, solu\u00e7\u00f5es em software e servi\u00e7os, celebrou contrato para aquisi\u00e7\u00e3o da totalidade do capital social da franquia IP pelo montante total de R$137,6 milh\u00f5es.<\/p>\n\n\n\n<p>Os destaques do mercado financeiro do Suno Not\u00edcias mostram os principais acontecimentos que prometem movimentar o mercado durante o dia, como a<strong> Petrobras <\/strong>(PETR4), que deve estar no foco dos investidores ao longo do dia.<\/p>\n\n\n\n\n\t<p>\n\t\t<a href=\"https:\/\/lp.suno.com.br\/planilha-da-vida-financeira\/\" target=\"_blank\" data-element=\"shortcode-suno-banner\" title=\"Banner SUNO, clique e saiba mais\">\n\t\t\t<picture>\n\t\t\t\t<source media=\"(max-width: 500px)\" srcset=\"https:\/\/files.sunoresearch.com.br\/n\/uploads\/2023\/04\/400x300-Planilha-vida-financeira-true.png\">\n\t\t\t\t<img class=\"newsContent__article__imgCapa newsContent__article__imgCapa--banner\"\n\t\t\t\t\tsrc=\"https:\/\/files.sunoresearch.com.br\/n\/uploads\/2023\/04\/1420x240-Planilha-vida-financeira-true.png\"\n\t\t\t\t\tdata-promo-id=\"383123\"\t\t\t\t\t\t\t\t\t\twidth='1420' height='240'\t\t\t\t\talt=\"https:\/\/files.sunoresearch.com.br\/n\/uploads\/2023\/04\/1420x240-Planilha-vida-financeira-true.png\"\n\t\t\t\t>\n\t\t\t<\/picture>\n\t\t<\/a>\n\t<\/p>\n\n\n","protected":false},"excerpt":{"rendered":"<p>A informa\u00e7\u00e3o de que a Petrobras (PETR4) vai investir R$ 2 bilh\u00f5es em refinaria para reduzir emiss\u00f5es de carbono est\u00e1 entre os destaques desta ter\u00e7a-feira (31). PetroRec\u00f4ncavo (RECV3) e Braskem (BRKM5) agitam o mercado-Foto: iStock Tamb\u00e9m est\u00e1 entre os destaques do mercado financeiro&nbsp; a Americanas (AMER3), ap\u00f3s concluir&nbsp; desfazimento da joint venture com a Vibra [&hellip;]<\/p>\n","protected":false},"author":301,"featured_media":473494,"comment_status":"closed","ping_status":"closed","sticky":false,"template":"","format":"standard","meta":[],"categories":[60],"tags":[286,359,106605,1187,1964,105281,106964,85476,595,628,665],"suno_strategy":[],"class_list":["post-478910","post","type-post","status-publish","format-standard","has-post-thumbnail","hentry","category-mercado","tag-acoes","tag-ambev-abev3","tag-americanas-s-a-amer3","tag-assai-asai3","tag-grupo-pao-de-acucar-pcar3-pcar4","tag-intelbras-intb3","tag-isa-cteep-trpl4","tag-lojas-quero-quero-ljqq3","tag-petrobras-petr4","tag-sao-martinho-smto3","tag-totvs-tots3"],"yoast_head":"<!-- This site is optimized with the Yoast SEO plugin v24.4 - https:\/\/yoast.com\/wordpress\/plugins\/seo\/ -->\n<title>Petrobras (PETR4) e Americanas (AMER3) agitam o mercado hoje (31)<\/title>\n<meta name=\"description\" content=\"A informa\u00e7\u00e3o de que a Petrobras (PETR4) vai investir R$ 2 bilh\u00f5es em refinaria para reduzir emiss\u00f5es de carbono est\u00e1 entre os destaques.\" \/>\n<meta name=\"robots\" content=\"index, follow, max-snippet:-1, max-image-preview:large, max-video-preview:-1\" \/>\n<link rel=\"canonical\" href=\"https:\/\/www.suno.com.br\/noticias\/destaques-petrobras-petr4-americanas-e-mais-va\/\" \/>\n<meta property=\"og:locale\" content=\"pt_BR\" \/>\n<meta property=\"og:type\" content=\"article\" \/>\n<meta property=\"og:title\" content=\"Petrobras (PETR4) e Americanas (AMER3) agitam o mercado hoje (31)\" \/>\n<meta property=\"og:description\" content=\"A informa\u00e7\u00e3o de que a Petrobras (PETR4) vai investir R$ 2 bilh\u00f5es em refinaria para reduzir emiss\u00f5es de carbono est\u00e1 entre os destaques.\" \/>\n<meta property=\"og:url\" content=\"https:\/\/www.suno.com.br\/noticias\/destaques-petrobras-petr4-americanas-e-mais-va\/\" \/>\n<meta property=\"og:site_name\" content=\"Suno Not\u00edcias\" \/>\n<meta property=\"article:publisher\" content=\"https:\/\/facebook.com\/sunoresearch\" \/>\n<meta property=\"og:image\" content=\"https:\/\/files.sunoresearch.com.br\/n\/uploads\/2023\/10\/bolsa-mercado-ibovespa-acoes-celular-variacao.jpg\" \/>\n\t<meta property=\"og:image:width\" content=\"1200\" \/>\n\t<meta property=\"og:image:height\" content=\"800\" \/>\n\t<meta property=\"og:image:type\" content=\"image\/jpeg\" \/>\n<meta name=\"author\" content=\"Vin\u00edcius Alves\" \/>\n<meta name=\"twitter:card\" content=\"summary_large_image\" \/>\n<meta name=\"twitter:creator\" content=\"@sunoresearch\" \/>\n<meta name=\"twitter:site\" content=\"@sunoresearch\" \/>\n<meta name=\"twitter:label1\" content=\"Escrito por\" \/>\n\t<meta name=\"twitter:data1\" content=\"Vin\u00edcius Alves\" \/>\n\t<meta name=\"twitter:label2\" content=\"Est. tempo de leitura\" \/>\n\t<meta name=\"twitter:data2\" content=\"4 minutos\" \/>\n<script type=\"application\/ld+json\" class=\"yoast-schema-graph\">{\"@context\":\"https:\/\/schema.org\",\"@graph\":[{\"@type\":\"NewsArticle\",\"@id\":\"https:\/\/www.suno.com.br\/noticias\/destaques-petrobras-petr4-americanas-e-mais-va\/#article\",\"isPartOf\":{\"@id\":\"https:\/\/www.suno.com.br\/noticias\/destaques-petrobras-petr4-americanas-e-mais-va\/\"},\"author\":{\"name\":\"Vin\u00edcius Alves\",\"@id\":\"https:\/\/www.suno.com.br\/noticias\/#\/schema\/person\/4a180549702d0e236b3e420862bcded3\"},\"headline\":\"Petrobras (PETR4), Americanas (AMER3) e Ambev (ABEV3) agitam o mercado nesta ter\u00e7a-feira (31); veja mais destaques\",\"datePublished\":\"2023-10-31T13:27:49+00:00\",\"dateModified\":\"2023-10-31T13:43:43+00:00\",\"mainEntityOfPage\":{\"@id\":\"https:\/\/www.suno.com.br\/noticias\/destaques-petrobras-petr4-americanas-e-mais-va\/\"},\"wordCount\":700,\"publisher\":{\"@id\":\"https:\/\/www.suno.com.br\/noticias\/#organization\"},\"image\":{\"@id\":\"https:\/\/www.suno.com.br\/noticias\/destaques-petrobras-petr4-americanas-e-mais-va\/#primaryimage\"},\"thumbnailUrl\":\"https:\/\/files.sunoresearch.com.br\/n\/uploads\/2023\/10\/bolsa-mercado-ibovespa-acoes-celular-variacao.jpg\",\"keywords\":[\"A\u00e7\u00f5es\",\"AMBEV (ABEV3)\",\"Americanas (AMER3)\",\"Assa\u00ed (ASAI3)\",\"Grupo P\u00e3o de A\u00e7\u00facar (PCAR3\/PCAR4)\",\"Intelbras (INTB3)\",\"Isa CTEEP (TRPL4)\",\"Lojas Quero-Quero (LJQQ3)\",\"Petrobras (PETR4)\",\"S\u00e3o Martinho (SMTO3)\",\"Totvs (TOTS3)\"],\"articleSection\":[\"Mercado\"],\"inLanguage\":\"pt-BR\"},{\"@type\":\"WebPage\",\"@id\":\"https:\/\/www.suno.com.br\/noticias\/destaques-petrobras-petr4-americanas-e-mais-va\/\",\"url\":\"https:\/\/www.suno.com.br\/noticias\/destaques-petrobras-petr4-americanas-e-mais-va\/\",\"name\":\"Petrobras (PETR4) e Americanas (AMER3) agitam o mercado hoje (31)\",\"isPartOf\":{\"@id\":\"https:\/\/www.suno.com.br\/noticias\/#website\"},\"primaryImageOfPage\":{\"@id\":\"https:\/\/www.suno.com.br\/noticias\/destaques-petrobras-petr4-americanas-e-mais-va\/#primaryimage\"},\"image\":{\"@id\":\"https:\/\/www.suno.com.br\/noticias\/destaques-petrobras-petr4-americanas-e-mais-va\/#primaryimage\"},\"thumbnailUrl\":\"https:\/\/files.sunoresearch.com.br\/n\/uploads\/2023\/10\/bolsa-mercado-ibovespa-acoes-celular-variacao.jpg\",\"datePublished\":\"2023-10-31T13:27:49+00:00\",\"dateModified\":\"2023-10-31T13:43:43+00:00\",\"description\":\"A informa\u00e7\u00e3o de que a Petrobras (PETR4) vai investir R$ 2 bilh\u00f5es em refinaria para reduzir emiss\u00f5es de carbono est\u00e1 entre os destaques.\",\"breadcrumb\":{\"@id\":\"https:\/\/www.suno.com.br\/noticias\/destaques-petrobras-petr4-americanas-e-mais-va\/#breadcrumb\"},\"inLanguage\":\"pt-BR\",\"potentialAction\":[{\"@type\":\"ReadAction\",\"target\":[\"https:\/\/www.suno.com.br\/noticias\/destaques-petrobras-petr4-americanas-e-mais-va\/\"]}]},{\"@type\":\"ImageObject\",\"inLanguage\":\"pt-BR\",\"@id\":\"https:\/\/www.suno.com.br\/noticias\/destaques-petrobras-petr4-americanas-e-mais-va\/#primaryimage\",\"url\":\"https:\/\/files.sunoresearch.com.br\/n\/uploads\/2023\/10\/bolsa-mercado-ibovespa-acoes-celular-variacao.jpg\",\"contentUrl\":\"https:\/\/files.sunoresearch.com.br\/n\/uploads\/2023\/10\/bolsa-mercado-ibovespa-acoes-celular-variacao.jpg\",\"width\":1200,\"height\":800,\"caption\":\"PetroRec\u00f4ncavo (RECV3) e Braskem (BRKM5) agitam o mercado-Foto: iStock\"},{\"@type\":\"BreadcrumbList\",\"@id\":\"https:\/\/www.suno.com.br\/noticias\/destaques-petrobras-petr4-americanas-e-mais-va\/#breadcrumb\",\"itemListElement\":[{\"@type\":\"ListItem\",\"position\":1,\"name\":\"Not\u00edcias\",\"item\":\"https:\/\/www.suno.com.br\/noticias\/\"},{\"@type\":\"ListItem\",\"position\":2,\"name\":\"Mercado\",\"item\":\"https:\/\/www.suno.com.br\/noticias\/mercado\/\"},{\"@type\":\"ListItem\",\"position\":3,\"name\":\"Petrobras (PETR4), Americanas (AMER3) e Ambev (ABEV3) agitam o mercado nesta ter\u00e7a-feira (31); veja mais destaques\"}]},{\"@type\":\"WebSite\",\"@id\":\"https:\/\/www.suno.com.br\/noticias\/#website\",\"url\":\"https:\/\/www.suno.com.br\/noticias\/\",\"name\":\"Suno Not\u00edcias\",\"description\":\"Seu portal de informa\u00e7\u00e3o sobre o mundo dos investimentos\",\"publisher\":{\"@id\":\"https:\/\/www.suno.com.br\/noticias\/#organization\"},\"potentialAction\":[{\"@type\":\"SearchAction\",\"target\":{\"@type\":\"EntryPoint\",\"urlTemplate\":\"https:\/\/www.suno.com.br\/noticias\/?s={search_term_string}\"},\"query-input\":{\"@type\":\"PropertyValueSpecification\",\"valueRequired\":true,\"valueName\":\"search_term_string\"}}],\"inLanguage\":\"pt-BR\"},{\"@type\":\"Organization\",\"@id\":\"https:\/\/www.suno.com.br\/noticias\/#organization\",\"name\":\"Suno Not\u00edcias\",\"url\":\"https:\/\/www.suno.com.br\/noticias\/\",\"logo\":{\"@type\":\"ImageObject\",\"inLanguage\":\"pt-BR\",\"@id\":\"https:\/\/www.suno.com.br\/noticias\/#\/schema\/logo\/image\/\",\"url\":\"https:\/\/files.sunoresearch.com.br\/n\/uploads\/2021\/09\/suno-logo.png\",\"contentUrl\":\"https:\/\/files.sunoresearch.com.br\/n\/uploads\/2021\/09\/suno-logo.png\",\"width\":180,\"height\":180,\"caption\":\"Suno Not\u00edcias\"},\"image\":{\"@id\":\"https:\/\/www.suno.com.br\/noticias\/#\/schema\/logo\/image\/\"},\"sameAs\":[\"https:\/\/facebook.com\/sunoresearch\",\"https:\/\/x.com\/sunoresearch\",\"https:\/\/www.instagram.com\/suno\",\"https:\/\/www.linkedin.com\/company\/suno-research\/\",\"https:\/\/www.youtube.com\/c\/sunoresearch\"]},{\"@type\":\"Person\",\"@id\":\"https:\/\/www.suno.com.br\/noticias\/#\/schema\/person\/4a180549702d0e236b3e420862bcded3\",\"name\":\"Vin\u00edcius Alves\",\"image\":{\"@type\":\"ImageObject\",\"inLanguage\":\"pt-BR\",\"@id\":\"https:\/\/www.suno.com.br\/noticias\/#\/schema\/person\/image\/\",\"url\":\"https:\/\/secure.gravatar.com\/avatar\/a95b7fe6d1b813f7907d4f476d5a39e1?s=96&r=g\",\"contentUrl\":\"https:\/\/secure.gravatar.com\/avatar\/a95b7fe6d1b813f7907d4f476d5a39e1?s=96&r=g\",\"caption\":\"Vin\u00edcius Alves\"},\"description\":\"Jornalista formado na Faculdade C\u00e1sper L\u00edbero. Com passagens pela Ag\u00eancia Estado, InfoMoney e Editora Globo.\",\"url\":\"https:\/\/www.suno.com.br\/noticias\/author\/vini08correiagmail-com\/\"}]}<\/script>\n<!-- \/ Yoast SEO plugin. -->","yoast_head_json":{"title":"Petrobras (PETR4) e Americanas (AMER3) agitam o mercado hoje (31)","description":"A informa\u00e7\u00e3o de que a Petrobras (PETR4) vai investir R$ 2 bilh\u00f5es em refinaria para reduzir emiss\u00f5es de carbono est\u00e1 entre os destaques.","robots":{"index":"index","follow":"follow","max-snippet":"max-snippet:-1","max-image-preview":"max-image-preview:large","max-video-preview":"max-video-preview:-1"},"canonical":"https:\/\/www.suno.com.br\/noticias\/destaques-petrobras-petr4-americanas-e-mais-va\/","og_locale":"pt_BR","og_type":"article","og_title":"Petrobras (PETR4) e Americanas (AMER3) agitam o mercado hoje (31)","og_description":"A informa\u00e7\u00e3o de que a Petrobras (PETR4) vai investir R$ 2 bilh\u00f5es em refinaria para reduzir emiss\u00f5es de carbono est\u00e1 entre os destaques.","og_url":"https:\/\/www.suno.com.br\/noticias\/destaques-petrobras-petr4-americanas-e-mais-va\/","og_site_name":"Suno Not\u00edcias","article_publisher":"https:\/\/facebook.com\/sunoresearch","og_image":[{"width":1200,"height":800,"url":"https:\/\/files.sunoresearch.com.br\/n\/uploads\/2023\/10\/bolsa-mercado-ibovespa-acoes-celular-variacao.jpg","type":"image\/jpeg"}],"author":"Vin\u00edcius Alves","twitter_card":"summary_large_image","twitter_creator":"@sunoresearch","twitter_site":"@sunoresearch","twitter_misc":{"Escrito por":"Vin\u00edcius Alves","Est. tempo de leitura":"4 minutos"},"schema":{"@context":"https:\/\/schema.org","@graph":[{"@type":"NewsArticle","@id":"https:\/\/www.suno.com.br\/noticias\/destaques-petrobras-petr4-americanas-e-mais-va\/#article","isPartOf":{"@id":"https:\/\/www.suno.com.br\/noticias\/destaques-petrobras-petr4-americanas-e-mais-va\/"},"author":{"name":"Vin\u00edcius Alves","@id":"https:\/\/www.suno.com.br\/noticias\/#\/schema\/person\/4a180549702d0e236b3e420862bcded3"},"headline":"Petrobras (PETR4), Americanas (AMER3) e Ambev (ABEV3) agitam o mercado nesta ter\u00e7a-feira (31); veja mais destaques","datePublished":"2023-10-31T13:27:49+00:00","dateModified":"2023-10-31T13:43:43+00:00","mainEntityOfPage":{"@id":"https:\/\/www.suno.com.br\/noticias\/destaques-petrobras-petr4-americanas-e-mais-va\/"},"wordCount":700,"publisher":{"@id":"https:\/\/www.suno.com.br\/noticias\/#organization"},"image":{"@id":"https:\/\/www.suno.com.br\/noticias\/destaques-petrobras-petr4-americanas-e-mais-va\/#primaryimage"},"thumbnailUrl":"https:\/\/files.sunoresearch.com.br\/n\/uploads\/2023\/10\/bolsa-mercado-ibovespa-acoes-celular-variacao.jpg","keywords":["A\u00e7\u00f5es","AMBEV (ABEV3)","Americanas (AMER3)","Assa\u00ed (ASAI3)","Grupo P\u00e3o de A\u00e7\u00facar (PCAR3\/PCAR4)","Intelbras (INTB3)","Isa CTEEP (TRPL4)","Lojas Quero-Quero (LJQQ3)","Petrobras (PETR4)","S\u00e3o Martinho (SMTO3)","Totvs (TOTS3)"],"articleSection":["Mercado"],"inLanguage":"pt-BR"},{"@type":"WebPage","@id":"https:\/\/www.suno.com.br\/noticias\/destaques-petrobras-petr4-americanas-e-mais-va\/","url":"https:\/\/www.suno.com.br\/noticias\/destaques-petrobras-petr4-americanas-e-mais-va\/","name":"Petrobras (PETR4) e Americanas (AMER3) agitam o mercado hoje (31)","isPartOf":{"@id":"https:\/\/www.suno.com.br\/noticias\/#website"},"primaryImageOfPage":{"@id":"https:\/\/www.suno.com.br\/noticias\/destaques-petrobras-petr4-americanas-e-mais-va\/#primaryimage"},"image":{"@id":"https:\/\/www.suno.com.br\/noticias\/destaques-petrobras-petr4-americanas-e-mais-va\/#primaryimage"},"thumbnailUrl":"https:\/\/files.sunoresearch.com.br\/n\/uploads\/2023\/10\/bolsa-mercado-ibovespa-acoes-celular-variacao.jpg","datePublished":"2023-10-31T13:27:49+00:00","dateModified":"2023-10-31T13:43:43+00:00","description":"A informa\u00e7\u00e3o de que a Petrobras (PETR4) vai investir R$ 2 bilh\u00f5es em refinaria para reduzir emiss\u00f5es de carbono est\u00e1 entre os destaques.","breadcrumb":{"@id":"https:\/\/www.suno.com.br\/noticias\/destaques-petrobras-petr4-americanas-e-mais-va\/#breadcrumb"},"inLanguage":"pt-BR","potentialAction":[{"@type":"ReadAction","target":["https:\/\/www.suno.com.br\/noticias\/destaques-petrobras-petr4-americanas-e-mais-va\/"]}]},{"@type":"ImageObject","inLanguage":"pt-BR","@id":"https:\/\/www.suno.com.br\/noticias\/destaques-petrobras-petr4-americanas-e-mais-va\/#primaryimage","url":"https:\/\/files.sunoresearch.com.br\/n\/uploads\/2023\/10\/bolsa-mercado-ibovespa-acoes-celular-variacao.jpg","contentUrl":"https:\/\/files.sunoresearch.com.br\/n\/uploads\/2023\/10\/bolsa-mercado-ibovespa-acoes-celular-variacao.jpg","width":1200,"height":800,"caption":"PetroRec\u00f4ncavo (RECV3) e Braskem (BRKM5) agitam o mercado-Foto: iStock"},{"@type":"BreadcrumbList","@id":"https:\/\/www.suno.com.br\/noticias\/destaques-petrobras-petr4-americanas-e-mais-va\/#breadcrumb","itemListElement":[{"@type":"ListItem","position":1,"name":"Not\u00edcias","item":"https:\/\/www.suno.com.br\/noticias\/"},{"@type":"ListItem","position":2,"name":"Mercado","item":"https:\/\/www.suno.com.br\/noticias\/mercado\/"},{"@type":"ListItem","position":3,"name":"Petrobras (PETR4), Americanas (AMER3) e Ambev (ABEV3) agitam o mercado nesta ter\u00e7a-feira (31); veja mais destaques"}]},{"@type":"WebSite","@id":"https:\/\/www.suno.com.br\/noticias\/#website","url":"https:\/\/www.suno.com.br\/noticias\/","name":"Suno Not\u00edcias","description":"Seu portal de informa\u00e7\u00e3o sobre o mundo dos investimentos","publisher":{"@id":"https:\/\/www.suno.com.br\/noticias\/#organization"},"potentialAction":[{"@type":"SearchAction","target":{"@type":"EntryPoint","urlTemplate":"https:\/\/www.suno.com.br\/noticias\/?s={search_term_string}"},"query-input":{"@type":"PropertyValueSpecification","valueRequired":true,"valueName":"search_term_string"}}],"inLanguage":"pt-BR"},{"@type":"Organization","@id":"https:\/\/www.suno.com.br\/noticias\/#organization","name":"Suno Not\u00edcias","url":"https:\/\/www.suno.com.br\/noticias\/","logo":{"@type":"ImageObject","inLanguage":"pt-BR","@id":"https:\/\/www.suno.com.br\/noticias\/#\/schema\/logo\/image\/","url":"https:\/\/files.sunoresearch.com.br\/n\/uploads\/2021\/09\/suno-logo.png","contentUrl":"https:\/\/files.sunoresearch.com.br\/n\/uploads\/2021\/09\/suno-logo.png","width":180,"height":180,"caption":"Suno Not\u00edcias"},"image":{"@id":"https:\/\/www.suno.com.br\/noticias\/#\/schema\/logo\/image\/"},"sameAs":["https:\/\/facebook.com\/sunoresearch","https:\/\/x.com\/sunoresearch","https:\/\/www.instagram.com\/suno","https:\/\/www.linkedin.com\/company\/suno-research\/","https:\/\/www.youtube.com\/c\/sunoresearch"]},{"@type":"Person","@id":"https:\/\/www.suno.com.br\/noticias\/#\/schema\/person\/4a180549702d0e236b3e420862bcded3","name":"Vin\u00edcius Alves","image":{"@type":"ImageObject","inLanguage":"pt-BR","@id":"https:\/\/www.suno.com.br\/noticias\/#\/schema\/person\/image\/","url":"https:\/\/secure.gravatar.com\/avatar\/a95b7fe6d1b813f7907d4f476d5a39e1?s=96&r=g","contentUrl":"https:\/\/secure.gravatar.com\/avatar\/a95b7fe6d1b813f7907d4f476d5a39e1?s=96&r=g","caption":"Vin\u00edcius Alves"},"description":"Jornalista formado na Faculdade C\u00e1sper L\u00edbero. Com passagens pela Ag\u00eancia Estado, InfoMoney e Editora Globo.","url":"https:\/\/www.suno.com.br\/noticias\/author\/vini08correiagmail-com\/"}]}},"default_loop_html":"<div class=\"cardsPage__listCard__boxs\"><div class=\"cardsPage__listCard__boxs__img\"><a href=\"https:\/\/www.suno.com.br\/noticias\/destaques-petrobras-petr4-americanas-e-mais-va\/\"><img class=\"mask\" src=\"https:\/\/www.suno.com.br\/noticias\/wp-content\/themes\/suno\/resources\/images\/spotlight\/spotlight1img\/bg-mask.png\" alt=\"Image Mask\"\/><img src=\"https:\/\/files.sunoresearch.com.br\/n\/uploads\/2023\/10\/bolsa-mercado-ibovespa-acoes-celular-variacao-400x200.jpg\" alt=\"Petrobras (PETR4), Americanas (AMER3) e Ambev (ABEV3) agitam o mercado nesta ter\u00e7a-feira (31); veja mais destaques\"\/><\/a><span class=\"spotlightCategory\"><a href=\"https:\/\/www.suno.com.br\/noticias\/mercado\/\">Mercado<\/a><\/span><\/div><div class=\"cardsPage__listCard__boxs__content\"><a href=\"https:\/\/www.suno.com.br\/noticias\/destaques-petrobras-petr4-americanas-e-mais-va\/\"><h2 class=\"content__title\">Petrobras (PETR4), Americanas (AMER3) e Ambev (ABEV3) agitam o mercado nesta ter\u00e7a-feira (31); veja mais destaques<\/h2><\/a><div class=\"newsContent__article__meta\"><div class=\"newsContent__article__meta__authorBox\"><a href=\"https:\/\/www.suno.com.br\/noticias\/author\/vini08correiagmail-com\/\" class=\"authorBox__avatar noMobi\"><img src=\"https:\/\/files.sunoresearch.com.br\/n\/uploads\/2026\/04\/WhatsApp-Image-2026-04-20-at-19.35.48-150x150.webp\" alt=\"Vin\u00edcius Alves\"><\/a><div class=\"authorBox__name\"><span>por\n\t\t\t<a href=\"https:\/\/www.suno.com.br\/noticias\/author\/vini08correiagmail-com\/\"><span itemprop=\"author\">Vin\u00edcius Alves<\/span><\/a><\/span><time datetime=\"2023-10-31T10:27:49-03:00\" itemprop=\"datePublished\">31\/10\/2023 10:27<\/time><\/div><\/div><\/div><\/div><\/div>","single_layout":"posts","amp_enabled":true,"_links":{"self":[{"href":"https:\/\/www.suno.com.br\/noticias\/wp-json\/wp\/v2\/posts\/478910"}],"collection":[{"href":"https:\/\/www.suno.com.br\/noticias\/wp-json\/wp\/v2\/posts"}],"about":[{"href":"https:\/\/www.suno.com.br\/noticias\/wp-json\/wp\/v2\/types\/post"}],"author":[{"embeddable":true,"href":"https:\/\/www.suno.com.br\/noticias\/wp-json\/wp\/v2\/users\/301"}],"replies":[{"embeddable":true,"href":"https:\/\/www.suno.com.br\/noticias\/wp-json\/wp\/v2\/comments?post=478910"}],"version-history":[{"count":3,"href":"https:\/\/www.suno.com.br\/noticias\/wp-json\/wp\/v2\/posts\/478910\/revisions"}],"predecessor-version":[{"id":478945,"href":"https:\/\/www.suno.com.br\/noticias\/wp-json\/wp\/v2\/posts\/478910\/revisions\/478945"}],"wp:featuredmedia":[{"embeddable":true,"href":"https:\/\/www.suno.com.br\/noticias\/wp-json\/wp\/v2\/media\/473494"}],"wp:attachment":[{"href":"https:\/\/www.suno.com.br\/noticias\/wp-json\/wp\/v2\/media?parent=478910"}],"wp:term":[{"taxonomy":"category","embeddable":true,"href":"https:\/\/www.suno.com.br\/noticias\/wp-json\/wp\/v2\/categories?post=478910"},{"taxonomy":"post_tag","embeddable":true,"href":"https:\/\/www.suno.com.br\/noticias\/wp-json\/wp\/v2\/tags?post=478910"},{"taxonomy":"suno_strategy","embeddable":true,"href":"https:\/\/www.suno.com.br\/noticias\/wp-json\/wp\/v2\/suno_strategy?post=478910"}],"curies":[{"name":"wp","href":"https:\/\/api.w.org\/{rel}","templated":true}]}}