{"id":478705,"date":"2023-10-30T21:24:33","date_gmt":"2023-10-31T00:24:33","guid":{"rendered":"https:\/\/www.suno.com.br\/noticias\/?p=478705"},"modified":"2023-10-30T21:24:36","modified_gmt":"2023-10-31T00:24:36","slug":"assai-asai3-resultados-balanco-3t23-jvj","status":"publish","type":"post","link":"https:\/\/www.suno.com.br\/noticias\/assai-asai3-resultados-balanco-3t23-jvj\/","title":{"rendered":"Lucro do Assa\u00ed cai 34,2% no 3T23, mas faturamento aumenta 22%; Veja os motivos"},"content":{"rendered":"<p>O <a class=\"suno-keyword\" data-force=\"yes\" data-priority=\"2\" href=\"https:\/\/www.suno.com.br\/acoes\/asai3\/\" target=\"_blank\" rel=\"noopener\"><strong>Assa\u00ed<\/strong> (ASAI3)<\/a> registrou um <a class=\"suno-keyword\" data-force=\"no\" data-priority=\"1\" href=\"https:\/\/www.suno.com.br\/artigos\/lucro-liquido\/\" target=\"_blank\" rel=\"noopener\">lucro l\u00edquido<\/a> de R$ 185 milh\u00f5es no terceiro trimestre de 2023 (3T23), conforme publicado em seu novo balan\u00e7o de resultados.<\/p>\t<div class=\"wrapper-featured-image\">\n\t\t<figure class=\"spotlightImg\">\n\n\t\t\t<picture>\n\t\t\t\t<source media=\"(max-width: 768px)\" srcset=\"https:\/\/files.sunoresearch.com.br\/n\/uploads\/2022\/11\/Assai-ASAI3-Oferta-de-Acoes-400x200.jpg\">\n\t\t\t\t<img loading=\"lazy\" decoding=\"async\" class=\"newsContent__article__imgCapa lazyloadDisabled \" src=\"https:\/\/files.sunoresearch.com.br\/n\/uploads\/2022\/11\/Assai-ASAI3-Oferta-de-Acoes-800x450.jpg\" width=\"800\" height=\"450\" alt=\"Lucro do Assa\u00ed cai 34,2% no 3T23, mas faturamento aumenta 22%; Veja os motivos\" fetchpriority=high \/>\n\t\t\t<\/picture>\n\n\t\t\t<figcaption class=\"wp-caption-text wp-caption-text--show\">Foto: Divulga\u00e7\u00e3o<\/figcaption>\n\t\t<\/figure>\n\t<\/div>\n\n\n\n\n\n\t<p>\n\t\t<a href=\"https:\/\/lp2.suno.com.br\/cl\/black-friday-2025\/?utm_campaign=_SNCDF0E4858_\" target=\"_blank\" data-element=\"shortcode-suno-banner\" title=\"Banner SUNO, clique e saiba mais\">\n\t\t\t<picture>\n\t\t\t\t<source media=\"(max-width: 500px)\" srcset=\"https:\/\/files.sunoresearch.com.br\/n\/uploads\/2025\/10\/Artigos-e-Noticias-Banner-Home-artigos-01-Mobile_-400x300-1-png.webp\">\n\t\t\t\t<img class=\"newsContent__article__imgCapa newsContent__article__imgCapa--banner\"\n\t\t\t\t\tsrc=\"https:\/\/files.sunoresearch.com.br\/n\/uploads\/2025\/10\/Artigos-e-Noticias-Banner-Home-artigos-01-Desktop_-1420x240-1-png.webp\"\n\t\t\t\t\tdata-promo-id=\"311259\"\t\t\t\t\t\t\t\t\t\twidth='1420' height='240'\t\t\t\t\talt=\"https:\/\/files.sunoresearch.com.br\/n\/uploads\/2025\/10\/Artigos-e-Noticias-Banner-Home-artigos-01-Desktop_-1420x240-1-png.webp\"\n\t\t\t\t>\n\t\t\t<\/picture>\n\t\t<\/a>\n\t<\/p>\n\n\n\n\n\n<p>O <strong>lucro do Assa\u00ed<\/strong> mostrou um recuo de 34,2% na compara\u00e7\u00e3o com o mesmo per\u00edodo do ano passado, quando a empresa reportou um lucro l\u00edquido de R$ 281 milh\u00f5es.<\/p>\n\n\n\n<p>Segundo o <strong>balan\u00e7o do Assa\u00ed<\/strong>, divulgado aos investidores hoje (30), o lucro e a <a class=\"suno-keyword\" target=\"_blank\" data-force=\"no\" data-priority=\"1\" href=\"https:\/\/www.suno.com.br\/artigos\/margem-liquida\/\" rel=\"noopener\">margem l\u00edquida<\/a> do Assa\u00ed foram impactados negativamente pelas altas taxas de juros praticadas no Brasil atualmente.<\/p>\n\n\n\t<div data-element=\"shortcode-read-more\" class=\"knowMore\">\n\t\t\t\t<span class=\"knowMore__title\">Leia mais<\/span>\n\t\t\t\t<a class=\"knowMore__link\" href=\"https:\/\/www.suno.com.br\/noticias\/engie-egie3-dividendos-cair-bba-evm\/\">\n\t\t\tDividendos da Engie (EGIE3) v\u00e3o cair? Ita\u00fa BBA aposta que sim\t\t<\/a>\n\t<\/div>\n\n\n\n\n<p>&#8220;O grande volume de lojas em fase de matura\u00e7\u00e3o e as elevadas taxas de juros seguem impactando de forma significativa o lucro e a margem l\u00edquida da companhia&#8221;, diz o Assa\u00ed no release de resultados divulgado nesta segunda-feira.<\/p>\n\n\n\n<p>A marquem l\u00edquida, por sua vez, fechou o terceiro trimestre de 2023 em 1,1%, com varia\u00e7\u00e3o negativa de 0,9 ponto percentual em rela\u00e7\u00e3o ao 3T22, que era de 2,0%. J\u00e1 a <a class=\"suno-keyword\" target=\"_blank\" data-force=\"no\" data-priority=\"1\" href=\"https:\/\/www.suno.com.br\/artigos\/margem-bruta-entenda-sua-importancia\/\" rel=\"noopener\">margem bruta<\/a> ficou praticamente est\u00e1vel na compara\u00e7\u00e3o anual, apontando 16,2%.<\/p>\n\n\n\n<p>No ano de 2023, o <strong>lucro l\u00edquido do Assa\u00ed<\/strong> soma R$ 413 milh\u00f5es, o que corresponde a uma queda de 49,3% em rela\u00e7\u00e3o \u00e0 igual etapa de 2022.<\/p>\n\n\n\n<p>Apesar da queda nos lucros, o faturamento foi de R$ 18,2 bilh\u00f5es no 3T23, com alta de 22% em rela\u00e7\u00e3o ao 3T22. A <a class=\"suno-keyword\" target=\"_blank\" data-force=\"no\" data-priority=\"1\" href=\"https:\/\/www.suno.com.br\/artigos\/o-que-receita-liquida\/\" rel=\"noopener\">receita l\u00edquida<\/a> da empresa totalizou R$ 17,0 bilh\u00f5es, aumentando 22,9% na compara\u00e7\u00e3o anual.<\/p>\n\n\n\n<p>E, para tal resultado, o Assa\u00ed enumera tr\u00eas raz\u00f5es: a significativa contribui\u00e7\u00e3o da expans\u00e3o, com 52 lojas abertas nos \u00faltimos 12 meses; a din\u00e2mica comercial, com destaque para a campanha do 49\u00ba anivers\u00e1rio da rede; e a melhoria cont\u00ednua na experi\u00eancia de compras, com agilidade na adapta\u00e7\u00e3o do sortimento e adequa\u00e7\u00e3o dos servi\u00e7os para atender \u00e0s demandas regionais, que reflete na continuidade do crescimento de clientes.<\/p>\n\n\n\n<h2 class=\"wp-block-heading\"><a><\/a>Detalhes sobre os resultados do Assa\u00ed<\/h2>\n\n\n\n<p>O relat\u00f3rio de <strong>resultados do Assa\u00ed<\/strong> aponta que a defla\u00e7\u00e3o no pre\u00e7o das commodities impactou as vendas \u201cmesmas lojas\u201d, que recuaram 0,9% no 3T23 (em rela\u00e7\u00e3o ao 3T22), mas com \u201cprogress\u00e3o de volumes ao longo do trimestre\u201d.<\/p>\n\n\n\n<p>\u201cO desempenho trimestral foi impactado pela defla\u00e7\u00e3o alimentar, impulsionada principalmente por <a class=\"suno-keyword\" target=\"_blank\" data-force=\"no\" data-priority=\"1\" href=\"https:\/\/www.suno.com.br\/artigos\/commodities-agricolas\/\" rel=\"noopener\">commodities agr\u00edcolas<\/a>, e pelo efeito do fechamento dos hipermercados em 2022, que resultou em forte base de compara\u00e7\u00e3o\u201d, justifica o Assa\u00ed, citando que o resultado foi melhor no \u00faltimo m\u00eas do terceiro trimestre.<\/p>\n\n\n\n<p>Enquanto isso, o <a class=\"suno-keyword\" target=\"_blank\" data-force=\"no\" data-priority=\"1\" href=\"https:\/\/www.suno.com.br\/artigos\/ebitda-ajustado\/\" rel=\"noopener\">Ebitda ajustado<\/a> do Assa\u00ed no pr\u00e9-IRFS 16 chegou a R$ 911 milh\u00f5es, com avan\u00e7o anual de 21,9%, enquanto a <a class=\"suno-keyword\" target=\"_blank\" data-force=\"no\" data-priority=\"1\" href=\"https:\/\/www.suno.com.br\/artigos\/margem-ebitda\/\" rel=\"noopener\">margem Ebitda<\/a> fora de 5,4%.<\/p>\n\n\n\n<p>Nesse caso, o Assa\u00ed diz que a margem bruta e as <strong>despesas do Assa\u00ed<\/strong> permaneceram em patamares est\u00e1veis apesar do \u201ccen\u00e1rio deflacion\u00e1rio em alimentos, alto volume de lojas em matura\u00e7\u00e3o e <a class=\"suno-keyword\" data-force=\"no\" data-priority=\"1\" href=\"https:\/\/www.suno.com.br\/artigos\/ativo-diferido\/\" target=\"_blank\" rel=\"noopener\">despesas pr\u00e9-operacionais<\/a>\u201d.<\/p>\n\n\n\n<p>A empresa se encontra no est\u00e1gio final do seu projeto de convers\u00f5es. Das 66 compradas pelo Assa\u00ed, 59 foram inauguradas at\u00e9 o momento.<\/p>\n\n\n\n<p>O faturamento m\u00e9dio mensal \u00e9 de R$ 25 milh\u00f5es, cerca de 13% superior ao das lojas org\u00e2nicas maduras, que \u00e9 de R$ 22 milh\u00f5es.<\/p>\n\n\n\n<p>Durante o 3T23, as <strong>lojas do Assa\u00ed <\/strong>tiveram 7 inaugura\u00e7\u00f5es, somando 52 novos estabelecimentos nos \u00faltimos 12 meses. Aproximadamente 20 lojas estavam em fase de obras ao final do trimestre, que devem ser inauguradas no quarto trimestre deste ano (4T23) ou em 2024.<\/p>\n\n\n\n<p>(Com informa\u00e7\u00f5es de Estad\u00e3o Conte\u00fado)<\/p>\n\n\n\t<p>\n\t\t<a href=\"https:\/\/lp.suno.com.br\/ebook-como-analisar-uma-acao\/\" target=\"_blank\" data-element=\"shortcode-suno-banner\" title=\"Banner SUNO, clique e saiba mais\">\n\t\t\t<picture>\n\t\t\t\t<source media=\"(max-width: 500px)\" srcset=\"https:\/\/files.sunoresearch.com.br\/n\/uploads\/2023\/12\/Ebook-Acoes-Mobile.jpg\">\n\t\t\t\t<img class=\"newsContent__article__imgCapa newsContent__article__imgCapa--banner\"\n\t\t\t\t\tsrc=\"https:\/\/files.sunoresearch.com.br\/n\/uploads\/2023\/12\/Ebook-Acoes-Desktop.webp\"\n\t\t\t\t\tdata-promo-id=\"311260\"\t\t\t\t\t\t\t\t\t\twidth='1420' height='286'\t\t\t\t\talt=\"https:\/\/files.sunoresearch.com.br\/n\/uploads\/2023\/12\/Ebook-Acoes-Desktop.webp\"\n\t\t\t\t>\n\t\t\t<\/picture>\n\t\t<\/a>\n\t<\/p>\n\n\n","protected":false},"excerpt":{"rendered":"<p>O Assa\u00ed (ASAI3) registrou um lucro l\u00edquido de R$ 185 milh\u00f5es no terceiro trimestre de 2023 (3T23), conforme publicado em seu novo balan\u00e7o de resultados. Foto: Divulga\u00e7\u00e3o O lucro do Assa\u00ed mostrou um recuo de 34,2% na compara\u00e7\u00e3o com o mesmo per\u00edodo do ano passado, quando a empresa reportou um lucro l\u00edquido de R$ 281 [&hellip;]<\/p>\n","protected":false},"author":173,"featured_media":324938,"comment_status":"closed","ping_status":"closed","sticky":false,"template":"","format":"standard","meta":[],"categories":[64],"tags":[1187,1029,1607],"suno_strategy":[],"class_list":["post-478705","post","type-post","status-publish","format-standard","has-post-thumbnail","hentry","category-negocios","tag-assai-asai3","tag-balancos-trimestrais","tag-resultado-das-empresas"],"yoast_head":"<!-- This site is optimized with the Yoast SEO plugin v24.4 - https:\/\/yoast.com\/wordpress\/plugins\/seo\/ -->\n<title>Lucro do Assa\u00ed cai 34,2% no 3T23 e empresa explica motivos; Veja quais<\/title>\n<meta name=\"description\" content=\"O lucro do Assa\u00ed recuou 34,2% no terceiro trimestre de 2023 (3T23), mas o faturamento teve aumento de 22%. Descubra os motivos disso.\" \/>\n<meta name=\"robots\" content=\"index, follow, max-snippet:-1, max-image-preview:large, max-video-preview:-1\" \/>\n<link rel=\"canonical\" href=\"https:\/\/www.suno.com.br\/noticias\/assai-asai3-resultados-balanco-3t23-jvj\/\" \/>\n<meta property=\"og:locale\" content=\"pt_BR\" \/>\n<meta property=\"og:type\" content=\"article\" \/>\n<meta property=\"og:title\" content=\"Lucro do Assa\u00ed cai 34,2% no 3T23 e empresa explica motivos; Veja quais\" \/>\n<meta property=\"og:description\" content=\"O lucro do Assa\u00ed recuou 34,2% no terceiro trimestre de 2023 (3T23), mas o faturamento teve aumento de 22%. Descubra os motivos disso.\" \/>\n<meta property=\"og:url\" content=\"https:\/\/www.suno.com.br\/noticias\/assai-asai3-resultados-balanco-3t23-jvj\/\" \/>\n<meta property=\"og:site_name\" content=\"Suno Not\u00edcias\" \/>\n<meta property=\"article:publisher\" content=\"https:\/\/facebook.com\/sunoresearch\" \/>\n<meta property=\"og:image\" content=\"https:\/\/files.sunoresearch.com.br\/n\/uploads\/2022\/11\/Assai-ASAI3-Oferta-de-Acoes.jpg\" \/>\n\t<meta property=\"og:image:width\" content=\"1200\" \/>\n\t<meta property=\"og:image:height\" content=\"800\" \/>\n\t<meta property=\"og:image:type\" content=\"image\/jpeg\" \/>\n<meta name=\"author\" content=\"Jo\u00e3o Vitor\" \/>\n<meta name=\"twitter:card\" content=\"summary_large_image\" \/>\n<meta name=\"twitter:creator\" content=\"@sunoresearch\" \/>\n<meta name=\"twitter:site\" content=\"@sunoresearch\" \/>\n<meta name=\"twitter:label1\" content=\"Escrito por\" \/>\n\t<meta name=\"twitter:data1\" content=\"Jo\u00e3o Vitor\" \/>\n\t<meta name=\"twitter:label2\" content=\"Est. tempo de leitura\" \/>\n\t<meta name=\"twitter:data2\" content=\"3 minutos\" \/>\n<script type=\"application\/ld+json\" class=\"yoast-schema-graph\">{\"@context\":\"https:\/\/schema.org\",\"@graph\":[{\"@type\":\"NewsArticle\",\"@id\":\"https:\/\/www.suno.com.br\/noticias\/assai-asai3-resultados-balanco-3t23-jvj\/#article\",\"isPartOf\":{\"@id\":\"https:\/\/www.suno.com.br\/noticias\/assai-asai3-resultados-balanco-3t23-jvj\/\"},\"author\":{\"name\":\"Jo\u00e3o Vitor\",\"@id\":\"https:\/\/www.suno.com.br\/noticias\/#\/schema\/person\/87fc6973867c52dd884811905c43afba\"},\"headline\":\"Lucro do Assa\u00ed cai 34,2% no 3T23, mas faturamento aumenta 22%; Veja os motivos\",\"datePublished\":\"2023-10-31T00:24:33+00:00\",\"dateModified\":\"2023-10-31T00:24:36+00:00\",\"mainEntityOfPage\":{\"@id\":\"https:\/\/www.suno.com.br\/noticias\/assai-asai3-resultados-balanco-3t23-jvj\/\"},\"wordCount\":575,\"publisher\":{\"@id\":\"https:\/\/www.suno.com.br\/noticias\/#organization\"},\"image\":{\"@id\":\"https:\/\/www.suno.com.br\/noticias\/assai-asai3-resultados-balanco-3t23-jvj\/#primaryimage\"},\"thumbnailUrl\":\"https:\/\/files.sunoresearch.com.br\/n\/uploads\/2022\/11\/Assai-ASAI3-Oferta-de-Acoes.jpg\",\"keywords\":[\"Assa\u00ed (ASAI3)\",\"balan\u00e7os trimestrais\",\"Resultado das empresas\"],\"articleSection\":[\"Neg\u00f3cios\"],\"inLanguage\":\"pt-BR\"},{\"@type\":\"WebPage\",\"@id\":\"https:\/\/www.suno.com.br\/noticias\/assai-asai3-resultados-balanco-3t23-jvj\/\",\"url\":\"https:\/\/www.suno.com.br\/noticias\/assai-asai3-resultados-balanco-3t23-jvj\/\",\"name\":\"Lucro do Assa\u00ed cai 34,2% no 3T23 e empresa explica motivos; Veja quais\",\"isPartOf\":{\"@id\":\"https:\/\/www.suno.com.br\/noticias\/#website\"},\"primaryImageOfPage\":{\"@id\":\"https:\/\/www.suno.com.br\/noticias\/assai-asai3-resultados-balanco-3t23-jvj\/#primaryimage\"},\"image\":{\"@id\":\"https:\/\/www.suno.com.br\/noticias\/assai-asai3-resultados-balanco-3t23-jvj\/#primaryimage\"},\"thumbnailUrl\":\"https:\/\/files.sunoresearch.com.br\/n\/uploads\/2022\/11\/Assai-ASAI3-Oferta-de-Acoes.jpg\",\"datePublished\":\"2023-10-31T00:24:33+00:00\",\"dateModified\":\"2023-10-31T00:24:36+00:00\",\"description\":\"O lucro do Assa\u00ed recuou 34,2% no terceiro trimestre de 2023 (3T23), mas o faturamento teve aumento de 22%. Descubra os motivos disso.\",\"breadcrumb\":{\"@id\":\"https:\/\/www.suno.com.br\/noticias\/assai-asai3-resultados-balanco-3t23-jvj\/#breadcrumb\"},\"inLanguage\":\"pt-BR\",\"potentialAction\":[{\"@type\":\"ReadAction\",\"target\":[\"https:\/\/www.suno.com.br\/noticias\/assai-asai3-resultados-balanco-3t23-jvj\/\"]}]},{\"@type\":\"ImageObject\",\"inLanguage\":\"pt-BR\",\"@id\":\"https:\/\/www.suno.com.br\/noticias\/assai-asai3-resultados-balanco-3t23-jvj\/#primaryimage\",\"url\":\"https:\/\/files.sunoresearch.com.br\/n\/uploads\/2022\/11\/Assai-ASAI3-Oferta-de-Acoes.jpg\",\"contentUrl\":\"https:\/\/files.sunoresearch.com.br\/n\/uploads\/2022\/11\/Assai-ASAI3-Oferta-de-Acoes.jpg\",\"width\":1200,\"height\":800,\"caption\":\"Foto: Divulga\u00e7\u00e3o\"},{\"@type\":\"BreadcrumbList\",\"@id\":\"https:\/\/www.suno.com.br\/noticias\/assai-asai3-resultados-balanco-3t23-jvj\/#breadcrumb\",\"itemListElement\":[{\"@type\":\"ListItem\",\"position\":1,\"name\":\"Not\u00edcias\",\"item\":\"https:\/\/www.suno.com.br\/noticias\/\"},{\"@type\":\"ListItem\",\"position\":2,\"name\":\"Neg\u00f3cios\",\"item\":\"https:\/\/www.suno.com.br\/noticias\/negocios\/\"},{\"@type\":\"ListItem\",\"position\":3,\"name\":\"Lucro do Assa\u00ed cai 34,2% no 3T23, mas faturamento aumenta 22%; Veja os motivos\"}]},{\"@type\":\"WebSite\",\"@id\":\"https:\/\/www.suno.com.br\/noticias\/#website\",\"url\":\"https:\/\/www.suno.com.br\/noticias\/\",\"name\":\"Suno Not\u00edcias\",\"description\":\"Seu portal de informa\u00e7\u00e3o sobre o mundo dos investimentos\",\"publisher\":{\"@id\":\"https:\/\/www.suno.com.br\/noticias\/#organization\"},\"potentialAction\":[{\"@type\":\"SearchAction\",\"target\":{\"@type\":\"EntryPoint\",\"urlTemplate\":\"https:\/\/www.suno.com.br\/noticias\/?s={search_term_string}\"},\"query-input\":{\"@type\":\"PropertyValueSpecification\",\"valueRequired\":true,\"valueName\":\"search_term_string\"}}],\"inLanguage\":\"pt-BR\"},{\"@type\":\"Organization\",\"@id\":\"https:\/\/www.suno.com.br\/noticias\/#organization\",\"name\":\"Suno Not\u00edcias\",\"url\":\"https:\/\/www.suno.com.br\/noticias\/\",\"logo\":{\"@type\":\"ImageObject\",\"inLanguage\":\"pt-BR\",\"@id\":\"https:\/\/www.suno.com.br\/noticias\/#\/schema\/logo\/image\/\",\"url\":\"https:\/\/files.sunoresearch.com.br\/n\/uploads\/2021\/09\/suno-logo.png\",\"contentUrl\":\"https:\/\/files.sunoresearch.com.br\/n\/uploads\/2021\/09\/suno-logo.png\",\"width\":180,\"height\":180,\"caption\":\"Suno Not\u00edcias\"},\"image\":{\"@id\":\"https:\/\/www.suno.com.br\/noticias\/#\/schema\/logo\/image\/\"},\"sameAs\":[\"https:\/\/facebook.com\/sunoresearch\",\"https:\/\/x.com\/sunoresearch\",\"https:\/\/www.instagram.com\/suno\",\"https:\/\/www.linkedin.com\/company\/suno-research\/\",\"https:\/\/www.youtube.com\/c\/sunoresearch\"]},{\"@type\":\"Person\",\"@id\":\"https:\/\/www.suno.com.br\/noticias\/#\/schema\/person\/87fc6973867c52dd884811905c43afba\",\"name\":\"Jo\u00e3o Vitor\",\"image\":{\"@type\":\"ImageObject\",\"inLanguage\":\"pt-BR\",\"@id\":\"https:\/\/www.suno.com.br\/noticias\/#\/schema\/person\/image\/\",\"url\":\"https:\/\/secure.gravatar.com\/avatar\/2843227ca03ccf8cc7ccca45204c127e?s=96&r=g\",\"contentUrl\":\"https:\/\/secure.gravatar.com\/avatar\/2843227ca03ccf8cc7ccca45204c127e?s=96&r=g\",\"caption\":\"Jo\u00e3o Vitor\"},\"description\":\"Redator profissional, com atua\u00e7\u00e3o no mercado editorial na produ\u00e7\u00e3o de not\u00edcias e conte\u00fados sobre o mercado de a\u00e7\u00f5es, fundos imobili\u00e1rios e economia popular. Graduando em Engenharia Qu\u00edmica pela Unesp, tamb\u00e9m j\u00e1 atuou como consultor financeiro.\",\"url\":\"https:\/\/www.suno.com.br\/noticias\/author\/joao-vitor-jacintho\/\"}]}<\/script>\n<!-- \/ Yoast SEO plugin. -->","yoast_head_json":{"title":"Lucro do Assa\u00ed cai 34,2% no 3T23 e empresa explica motivos; Veja quais","description":"O lucro do Assa\u00ed recuou 34,2% no terceiro trimestre de 2023 (3T23), mas o faturamento teve aumento de 22%. Descubra os motivos disso.","robots":{"index":"index","follow":"follow","max-snippet":"max-snippet:-1","max-image-preview":"max-image-preview:large","max-video-preview":"max-video-preview:-1"},"canonical":"https:\/\/www.suno.com.br\/noticias\/assai-asai3-resultados-balanco-3t23-jvj\/","og_locale":"pt_BR","og_type":"article","og_title":"Lucro do Assa\u00ed cai 34,2% no 3T23 e empresa explica motivos; Veja quais","og_description":"O lucro do Assa\u00ed recuou 34,2% no terceiro trimestre de 2023 (3T23), mas o faturamento teve aumento de 22%. Descubra os motivos disso.","og_url":"https:\/\/www.suno.com.br\/noticias\/assai-asai3-resultados-balanco-3t23-jvj\/","og_site_name":"Suno Not\u00edcias","article_publisher":"https:\/\/facebook.com\/sunoresearch","og_image":[{"width":1200,"height":800,"url":"https:\/\/files.sunoresearch.com.br\/n\/uploads\/2022\/11\/Assai-ASAI3-Oferta-de-Acoes.jpg","type":"image\/jpeg"}],"author":"Jo\u00e3o Vitor","twitter_card":"summary_large_image","twitter_creator":"@sunoresearch","twitter_site":"@sunoresearch","twitter_misc":{"Escrito por":"Jo\u00e3o Vitor","Est. tempo de leitura":"3 minutos"},"schema":{"@context":"https:\/\/schema.org","@graph":[{"@type":"NewsArticle","@id":"https:\/\/www.suno.com.br\/noticias\/assai-asai3-resultados-balanco-3t23-jvj\/#article","isPartOf":{"@id":"https:\/\/www.suno.com.br\/noticias\/assai-asai3-resultados-balanco-3t23-jvj\/"},"author":{"name":"Jo\u00e3o Vitor","@id":"https:\/\/www.suno.com.br\/noticias\/#\/schema\/person\/87fc6973867c52dd884811905c43afba"},"headline":"Lucro do Assa\u00ed cai 34,2% no 3T23, mas faturamento aumenta 22%; Veja os motivos","datePublished":"2023-10-31T00:24:33+00:00","dateModified":"2023-10-31T00:24:36+00:00","mainEntityOfPage":{"@id":"https:\/\/www.suno.com.br\/noticias\/assai-asai3-resultados-balanco-3t23-jvj\/"},"wordCount":575,"publisher":{"@id":"https:\/\/www.suno.com.br\/noticias\/#organization"},"image":{"@id":"https:\/\/www.suno.com.br\/noticias\/assai-asai3-resultados-balanco-3t23-jvj\/#primaryimage"},"thumbnailUrl":"https:\/\/files.sunoresearch.com.br\/n\/uploads\/2022\/11\/Assai-ASAI3-Oferta-de-Acoes.jpg","keywords":["Assa\u00ed (ASAI3)","balan\u00e7os trimestrais","Resultado das empresas"],"articleSection":["Neg\u00f3cios"],"inLanguage":"pt-BR"},{"@type":"WebPage","@id":"https:\/\/www.suno.com.br\/noticias\/assai-asai3-resultados-balanco-3t23-jvj\/","url":"https:\/\/www.suno.com.br\/noticias\/assai-asai3-resultados-balanco-3t23-jvj\/","name":"Lucro do Assa\u00ed cai 34,2% no 3T23 e empresa explica motivos; Veja quais","isPartOf":{"@id":"https:\/\/www.suno.com.br\/noticias\/#website"},"primaryImageOfPage":{"@id":"https:\/\/www.suno.com.br\/noticias\/assai-asai3-resultados-balanco-3t23-jvj\/#primaryimage"},"image":{"@id":"https:\/\/www.suno.com.br\/noticias\/assai-asai3-resultados-balanco-3t23-jvj\/#primaryimage"},"thumbnailUrl":"https:\/\/files.sunoresearch.com.br\/n\/uploads\/2022\/11\/Assai-ASAI3-Oferta-de-Acoes.jpg","datePublished":"2023-10-31T00:24:33+00:00","dateModified":"2023-10-31T00:24:36+00:00","description":"O lucro do Assa\u00ed recuou 34,2% no terceiro trimestre de 2023 (3T23), mas o faturamento teve aumento de 22%. Descubra os motivos disso.","breadcrumb":{"@id":"https:\/\/www.suno.com.br\/noticias\/assai-asai3-resultados-balanco-3t23-jvj\/#breadcrumb"},"inLanguage":"pt-BR","potentialAction":[{"@type":"ReadAction","target":["https:\/\/www.suno.com.br\/noticias\/assai-asai3-resultados-balanco-3t23-jvj\/"]}]},{"@type":"ImageObject","inLanguage":"pt-BR","@id":"https:\/\/www.suno.com.br\/noticias\/assai-asai3-resultados-balanco-3t23-jvj\/#primaryimage","url":"https:\/\/files.sunoresearch.com.br\/n\/uploads\/2022\/11\/Assai-ASAI3-Oferta-de-Acoes.jpg","contentUrl":"https:\/\/files.sunoresearch.com.br\/n\/uploads\/2022\/11\/Assai-ASAI3-Oferta-de-Acoes.jpg","width":1200,"height":800,"caption":"Foto: Divulga\u00e7\u00e3o"},{"@type":"BreadcrumbList","@id":"https:\/\/www.suno.com.br\/noticias\/assai-asai3-resultados-balanco-3t23-jvj\/#breadcrumb","itemListElement":[{"@type":"ListItem","position":1,"name":"Not\u00edcias","item":"https:\/\/www.suno.com.br\/noticias\/"},{"@type":"ListItem","position":2,"name":"Neg\u00f3cios","item":"https:\/\/www.suno.com.br\/noticias\/negocios\/"},{"@type":"ListItem","position":3,"name":"Lucro do Assa\u00ed cai 34,2% no 3T23, mas faturamento aumenta 22%; Veja os motivos"}]},{"@type":"WebSite","@id":"https:\/\/www.suno.com.br\/noticias\/#website","url":"https:\/\/www.suno.com.br\/noticias\/","name":"Suno Not\u00edcias","description":"Seu portal de informa\u00e7\u00e3o sobre o mundo dos investimentos","publisher":{"@id":"https:\/\/www.suno.com.br\/noticias\/#organization"},"potentialAction":[{"@type":"SearchAction","target":{"@type":"EntryPoint","urlTemplate":"https:\/\/www.suno.com.br\/noticias\/?s={search_term_string}"},"query-input":{"@type":"PropertyValueSpecification","valueRequired":true,"valueName":"search_term_string"}}],"inLanguage":"pt-BR"},{"@type":"Organization","@id":"https:\/\/www.suno.com.br\/noticias\/#organization","name":"Suno Not\u00edcias","url":"https:\/\/www.suno.com.br\/noticias\/","logo":{"@type":"ImageObject","inLanguage":"pt-BR","@id":"https:\/\/www.suno.com.br\/noticias\/#\/schema\/logo\/image\/","url":"https:\/\/files.sunoresearch.com.br\/n\/uploads\/2021\/09\/suno-logo.png","contentUrl":"https:\/\/files.sunoresearch.com.br\/n\/uploads\/2021\/09\/suno-logo.png","width":180,"height":180,"caption":"Suno Not\u00edcias"},"image":{"@id":"https:\/\/www.suno.com.br\/noticias\/#\/schema\/logo\/image\/"},"sameAs":["https:\/\/facebook.com\/sunoresearch","https:\/\/x.com\/sunoresearch","https:\/\/www.instagram.com\/suno","https:\/\/www.linkedin.com\/company\/suno-research\/","https:\/\/www.youtube.com\/c\/sunoresearch"]},{"@type":"Person","@id":"https:\/\/www.suno.com.br\/noticias\/#\/schema\/person\/87fc6973867c52dd884811905c43afba","name":"Jo\u00e3o Vitor","image":{"@type":"ImageObject","inLanguage":"pt-BR","@id":"https:\/\/www.suno.com.br\/noticias\/#\/schema\/person\/image\/","url":"https:\/\/secure.gravatar.com\/avatar\/2843227ca03ccf8cc7ccca45204c127e?s=96&r=g","contentUrl":"https:\/\/secure.gravatar.com\/avatar\/2843227ca03ccf8cc7ccca45204c127e?s=96&r=g","caption":"Jo\u00e3o Vitor"},"description":"Redator profissional, com atua\u00e7\u00e3o no mercado editorial na produ\u00e7\u00e3o de not\u00edcias e conte\u00fados sobre o mercado de a\u00e7\u00f5es, fundos imobili\u00e1rios e economia popular. Graduando em Engenharia Qu\u00edmica pela Unesp, tamb\u00e9m j\u00e1 atuou como consultor financeiro.","url":"https:\/\/www.suno.com.br\/noticias\/author\/joao-vitor-jacintho\/"}]}},"default_loop_html":"<div class=\"cardsPage__listCard__boxs\"><div class=\"cardsPage__listCard__boxs__img\"><a href=\"https:\/\/www.suno.com.br\/noticias\/assai-asai3-resultados-balanco-3t23-jvj\/\"><img class=\"mask\" src=\"https:\/\/www.suno.com.br\/noticias\/wp-content\/themes\/suno\/resources\/images\/spotlight\/spotlight1img\/bg-mask.png\" alt=\"Image Mask\"\/><img src=\"https:\/\/files.sunoresearch.com.br\/n\/uploads\/2022\/11\/Assai-ASAI3-Oferta-de-Acoes-400x200.jpg\" alt=\"Lucro do Assa\u00ed cai 34,2% no 3T23, mas faturamento aumenta 22%; Veja os motivos\"\/><\/a><span class=\"spotlightCategory\"><a href=\"https:\/\/www.suno.com.br\/noticias\/negocios\/\">Neg\u00f3cios<\/a><\/span><\/div><div class=\"cardsPage__listCard__boxs__content\"><a href=\"https:\/\/www.suno.com.br\/noticias\/assai-asai3-resultados-balanco-3t23-jvj\/\"><h2 class=\"content__title\">Lucro do Assa\u00ed cai 34,2% no 3T23, mas faturamento aumenta 22%; Veja os motivos<\/h2><\/a><div class=\"newsContent__article__meta\"><div class=\"newsContent__article__meta__authorBox\"><a href=\"https:\/\/www.suno.com.br\/noticias\/author\/joao-vitor-jacintho\/\" class=\"authorBox__avatar noMobi\"><img src=\"https:\/\/secure.gravatar.com\/avatar\/2843227ca03ccf8cc7ccca45204c127e?s=96&#038;r=g\" alt=\"Jo\u00e3o Vitor Jacintho\"><\/a><div class=\"authorBox__name\"><span>por\n\t\t\t<a href=\"https:\/\/www.suno.com.br\/noticias\/author\/joao-vitor-jacintho\/\"><span itemprop=\"author\">Jo\u00e3o Vitor Jacintho<\/span><\/a><\/span><time datetime=\"2023-10-30T21:24:33-03:00\" itemprop=\"datePublished\">30\/10\/2023 21:24<\/time><\/div><\/div><\/div><\/div><\/div>","single_layout":"posts","amp_enabled":true,"_links":{"self":[{"href":"https:\/\/www.suno.com.br\/noticias\/wp-json\/wp\/v2\/posts\/478705"}],"collection":[{"href":"https:\/\/www.suno.com.br\/noticias\/wp-json\/wp\/v2\/posts"}],"about":[{"href":"https:\/\/www.suno.com.br\/noticias\/wp-json\/wp\/v2\/types\/post"}],"author":[{"embeddable":true,"href":"https:\/\/www.suno.com.br\/noticias\/wp-json\/wp\/v2\/users\/173"}],"replies":[{"embeddable":true,"href":"https:\/\/www.suno.com.br\/noticias\/wp-json\/wp\/v2\/comments?post=478705"}],"version-history":[{"count":2,"href":"https:\/\/www.suno.com.br\/noticias\/wp-json\/wp\/v2\/posts\/478705\/revisions"}],"predecessor-version":[{"id":478711,"href":"https:\/\/www.suno.com.br\/noticias\/wp-json\/wp\/v2\/posts\/478705\/revisions\/478711"}],"wp:featuredmedia":[{"embeddable":true,"href":"https:\/\/www.suno.com.br\/noticias\/wp-json\/wp\/v2\/media\/324938"}],"wp:attachment":[{"href":"https:\/\/www.suno.com.br\/noticias\/wp-json\/wp\/v2\/media?parent=478705"}],"wp:term":[{"taxonomy":"category","embeddable":true,"href":"https:\/\/www.suno.com.br\/noticias\/wp-json\/wp\/v2\/categories?post=478705"},{"taxonomy":"post_tag","embeddable":true,"href":"https:\/\/www.suno.com.br\/noticias\/wp-json\/wp\/v2\/tags?post=478705"},{"taxonomy":"suno_strategy","embeddable":true,"href":"https:\/\/www.suno.com.br\/noticias\/wp-json\/wp\/v2\/suno_strategy?post=478705"}],"curies":[{"name":"wp","href":"https:\/\/api.w.org\/{rel}","templated":true}]}}