{"id":478275,"date":"2023-10-30T11:17:06","date_gmt":"2023-10-30T14:17:06","guid":{"rendered":"https:\/\/www.suno.com.br\/noticias\/?p=478275"},"modified":"2023-10-30T11:17:29","modified_gmt":"2023-10-30T14:17:29","slug":"vale-vale3-cemig-cmig4-alianca-energia-compra-cpf","status":"publish","type":"post","link":"https:\/\/www.suno.com.br\/noticias\/vale-vale3-cemig-cmig4-alianca-energia-compra-cpf\/","title":{"rendered":"Vale (VALE3) e Cemig (CMIG4) negociam compra de R$ 3 bilh\u00f5es da Alian\u00e7a Energia, diz colunista"},"content":{"rendered":"<p>A <strong>Vale (VALE3)<\/strong>, mineradora multinacional brasileira e uma das maiores operadoras de log\u00edstica do pa\u00eds, est\u00e1 negociando com a sua s\u00f3cia, <a class=\"suno-keyword\" target=\"_blank\" data-force=\"yes\" data-priority=\"2\" href=\"https:\/\/www.suno.com.br\/acoes\/CMIG4\/\" rel=\"noopener\">Cemig (CMIG4)<\/a>, a compra da sua parte na Alian\u00e7a Energia. A informa\u00e7\u00e3o exclusiva \u00e9 do colunista do jornal O Globo, Lauro Jardim. <\/p>\t<div class=\"wrapper-featured-image\">\n\t\t<figure class=\"spotlightImg\">\n\n\t\t\t<picture>\n\t\t\t\t<source media=\"(max-width: 768px)\" srcset=\"https:\/\/files.sunoresearch.com.br\/n\/uploads\/2023\/10\/vale-vale3-alianca-energia-cemig-400x200.jpg\">\n\t\t\t\t<img loading=\"lazy\" decoding=\"async\" class=\"newsContent__article__imgCapa lazyloadDisabled \" src=\"https:\/\/files.sunoresearch.com.br\/n\/uploads\/2023\/10\/vale-vale3-alianca-energia-cemig-800x450.jpg\" width=\"800\" height=\"450\" alt=\"Vale (VALE3) e Cemig (CMIG4) negociam compra de R$ 3 bilh\u00f5es da Alian\u00e7a Energia, diz colunista\" fetchpriority=high \/>\n\t\t\t<\/picture>\n\n\t\t\t<figcaption class=\"wp-caption-text wp-caption-text--show\">Alian\u00e7a Energia - Foto: Reprodu\u00e7\u00e3o\/ Alian\u00e7a Energia<\/figcaption>\n\t\t<\/figure>\n\t<\/div>\n\n\n\n\n\n\n\n\t<p>\n\t\t<a href=\"\" target=\"_blank\" data-element=\"shortcode-suno-banner\" title=\"Banner SUNO, clique e saiba mais\">\n\t\t\t<picture>\n\t\t\t\t<source media=\"(max-width: 500px)\" srcset=\"\">\n\t\t\t\t<img class=\"newsContent__article__imgCapa newsContent__article__imgCapa--banner\"\n\t\t\t\t\tsrc=\"\"\n\t\t\t\t\tdata-promo-id=\"250706\"\t\t\t\t\t\t\t\t\t\t\t\t\t\t\talt=\"\"\n\t\t\t\t>\n\t\t\t<\/picture>\n\t\t<\/a>\n\t<\/p>\n\n\n\n\n\n<p>A Companhia Energ\u00e9tica de Minas Gerais, <strong>Cemig (CMIG4)<\/strong>, uma das principais concession\u00e1rias de energia el\u00e9trica do Brasil, atualmente det\u00e9m 45% da <strong>Alian\u00e7a Energia<\/strong>. <\/p>\n\n\n\n<p>A <strong>Vale <\/strong>\u00e9 a acionista majorit\u00e1ria da empresa, posicionada nos outros 55%. <\/p>\n\n\n\n<p>A <strong>Alian\u00e7a Energia<\/strong> tem sede em Belo Horizonte, assim como a Cemig, e atua&nbsp;no mercado de gera\u00e7\u00e3o e comercializa\u00e7\u00e3o de energia el\u00e9trica. Sua composi\u00e7\u00e3o acion\u00e1ria \u00e9 limitada \u00e0s duas empresas. <\/p>\n\n\n\n<p>A negocia\u00e7\u00e3o, segundo Lauro Jardim, \u00e9 de cerca de R$ 3 bilh\u00f5es.<\/p>\n\n\n\t<p>\n\t\t<a href=\"https:\/\/lp.suno.com.br\/ebook-como-analisar-uma-acao\/\" target=\"_blank\" data-element=\"shortcode-suno-banner\" title=\"Banner SUNO, clique e saiba mais\">\n\t\t\t<picture>\n\t\t\t\t<source media=\"(max-width: 500px)\" srcset=\"https:\/\/files.sunoresearch.com.br\/n\/uploads\/2023\/03\/Ebook-Acoes-Mobile.jpg\">\n\t\t\t\t<img class=\"newsContent__article__imgCapa newsContent__article__imgCapa--banner\"\n\t\t\t\t\tsrc=\"https:\/\/files.sunoresearch.com.br\/n\/uploads\/2023\/03\/Ebook-Acoes-Desktop.jpg\"\n\t\t\t\t\tdata-promo-id=\"378302\"\t\t\t\t\t\t\t\t\t\twidth='1420' height='286'\t\t\t\t\talt=\"https:\/\/files.sunoresearch.com.br\/n\/uploads\/2023\/03\/Ebook-Acoes-Desktop.jpg\"\n\t\t\t\t>\n\t\t\t<\/picture>\n\t\t<\/a>\n\t<\/p>\n\n\n\n\n\n<h2 class=\"wp-block-heading\">Vale (VALE3): CEO diz que \u2018nunca esteve t\u00e3o otimista\u2019<\/h2>\n\n\n\n<p>Ap\u00f3s a divulga\u00e7\u00e3o dos resultados sobre o terceiro trimestre de 2023 (3T23), o CEO da&nbsp;<a href=\"https:\/\/www.suno.com.br\/acoes\/VALE3\/\" target=\"_blank\" rel=\"noreferrer noopener\"><strong>Vale<\/strong>&nbsp;(VALE3)<\/a>, Eduardo Bartolomeo, falou em teleconfer\u00eancia que &#8220;nunca esteve t\u00e3o otimista quanto agora&#8221; sobre o futuro da companhia.<\/p>\n\n\n\n<blockquote class=\"wp-block-quote is-layout-flow wp-block-quote-is-layout-flow\">\n<p>\u201cNunca estive t\u00e3o otimista com o futuro da empresa quanto agora. Depois da reformula\u00e7\u00e3o, desde 2019 os indicadores est\u00e3o muito melhores. O mercado est\u00e1 muito resiliente, mesmo em se tratando do n\u00edquel, e antevemos um futuro bom para n\u00edquel e cobre\u201d, afirmou o\u00a0<strong>CEO da Vale<\/strong>.<\/p>\n<\/blockquote>\n\n\n\n<p>De acordo com o executivo, a companhia est\u00e1 &#8220;bem posicionada&#8221; para entregar seu guidance, e os n\u00fameros atuais mostram que o trimestre em curso \u2013 o quarto do ano \u2013 j\u00e1 &#8220;come\u00e7ou robusto&#8221;.<\/p>\n\n\n\n<p>\u201cNormalmente no\u00a0<strong>3T23<\/strong>\u00a0temos um gap maior entre produ\u00e7\u00e3o e vendas, mas cortamos em 50% esse gap no trimestre em quest\u00e3o, e esperamos reduzir ainda mais no quarto trimestre\u201d, disse Bartolomeo.<\/p>\n\n\n\n<p>Ainda na teleconfer\u00eancia, Marcello Spinelli, diretor executivo de Minerais Ferrosos e Carv\u00e3o da Vale, afirmou que a vis\u00e3o de\u00a0<a href=\"https:\/\/www.suno.com.br\/artigos\/longo-prazo\/\" target=\"_blank\" rel=\"noreferrer noopener\">longo prazo<\/a>\u00a0&#8220;permanece intacta&#8221;.<\/p>\n\n\n\n<p>O executivo destacou durante a&nbsp;<strong>teleconfer\u00eancia de resultados da Vale<\/strong>&nbsp;que com a transi\u00e7\u00e3o energ\u00e9tica h\u00e1 uma demanda mais elevada por&nbsp;<strong>min\u00e9rio de ferro<\/strong>&nbsp;de alto teor.<\/p>\n\n\n\n<p>\u201cEm se tratando do min\u00e9rio de baixo teor, tamb\u00e9m temos um bom pr\u00eamio, apesar de o custo de energia estar alto, e se precisarmos de mais efici\u00eancia de custos, podemos implementar\u201d, disse.<\/p>\n\n\n\n<p>&nbsp;\u201cEssa \u00e9 a nossa vis\u00e3o de longo prazo, trabalhando atualmente na fase de transi\u00e7\u00e3o e na minimiza\u00e7\u00e3o de custo\u201d, completou o executivo da&nbsp;<strong>Vale<\/strong>.<\/p>\n\n\n\t<p>\n\t\t<a href=\"https:\/\/lp.suno.com.br\/plataforma-de-controle-de-investimentos\/\" target=\"_blank\" data-element=\"shortcode-suno-banner\" title=\"Banner SUNO, clique e saiba mais\">\n\t\t\t<picture>\n\t\t\t\t<source media=\"(max-width: 500px)\" srcset=\"https:\/\/files.sunoresearch.com.br\/n\/uploads\/2023\/03\/400x300-Controle-de-Investimentos.png\">\n\t\t\t\t<img class=\"newsContent__article__imgCapa newsContent__article__imgCapa--banner\"\n\t\t\t\t\tsrc=\"https:\/\/files.sunoresearch.com.br\/n\/uploads\/2023\/03\/1420x240-Controle-de-Investimentos.png\"\n\t\t\t\t\tdata-promo-id=\"383162\"\t\t\t\t\t\t\t\t\t\twidth='1420' height='240'\t\t\t\t\talt=\"https:\/\/files.sunoresearch.com.br\/n\/uploads\/2023\/03\/1420x240-Controle-de-Investimentos.png\"\n\t\t\t\t>\n\t\t\t<\/picture>\n\t\t<\/a>\n\t<\/p>\n\n\n","protected":false},"excerpt":{"rendered":"<p>A Vale (VALE3), mineradora multinacional brasileira e uma das maiores operadoras de log\u00edstica do pa\u00eds, est\u00e1 negociando com a sua s\u00f3cia, Cemig (CMIG4), a compra da sua parte na Alian\u00e7a Energia. A informa\u00e7\u00e3o exclusiva \u00e9 do colunista do jornal O Globo, Lauro Jardim. Alian\u00e7a Energia &#8211; Foto: Reprodu\u00e7\u00e3o\/ Alian\u00e7a Energia A Companhia Energ\u00e9tica de Minas [&hellip;]<\/p>\n","protected":false},"author":283,"featured_media":478286,"comment_status":"closed","ping_status":"closed","sticky":false,"template":"","format":"standard","meta":[],"categories":[64],"tags":[2436,420,676],"suno_strategy":[],"class_list":["post-478275","post","type-post","status-publish","format-standard","has-post-thumbnail","hentry","category-negocios","tag-alianca-energia","tag-cemig-cmig3-cmig4","tag-vale-vale3"],"yoast_head":"<!-- This site is optimized with the Yoast SEO plugin v24.4 - https:\/\/yoast.com\/wordpress\/plugins\/seo\/ -->\n<title>Vale (VALE3) e Cemig (CMIG4) negociam a Alian\u00e7a Energia, diz colunista<\/title>\n<meta name=\"description\" content=\"Segundo o colunista Lauro Jardim, a Vale (VALE3) est\u00e1 negociando a compra da Alian\u00e7a Energia com sua s\u00f3cia, a Cemig (CMIG4).\" \/>\n<meta name=\"robots\" content=\"index, follow, max-snippet:-1, max-image-preview:large, max-video-preview:-1\" \/>\n<link rel=\"canonical\" href=\"https:\/\/www.suno.com.br\/noticias\/vale-vale3-cemig-cmig4-alianca-energia-compra-cpf\/\" \/>\n<meta property=\"og:locale\" content=\"pt_BR\" \/>\n<meta property=\"og:type\" content=\"article\" \/>\n<meta property=\"og:title\" content=\"Vale (VALE3) e Cemig (CMIG4) negociam a Alian\u00e7a Energia, diz colunista\" \/>\n<meta property=\"og:description\" content=\"Segundo o colunista Lauro Jardim, a Vale (VALE3) est\u00e1 negociando a compra da Alian\u00e7a Energia com sua s\u00f3cia, a Cemig (CMIG4).\" \/>\n<meta property=\"og:url\" content=\"https:\/\/www.suno.com.br\/noticias\/vale-vale3-cemig-cmig4-alianca-energia-compra-cpf\/\" \/>\n<meta property=\"og:site_name\" content=\"Suno Not\u00edcias\" \/>\n<meta property=\"article:publisher\" content=\"https:\/\/facebook.com\/sunoresearch\" \/>\n<meta property=\"og:image\" content=\"https:\/\/files.sunoresearch.com.br\/n\/uploads\/2023\/10\/vale-vale3-alianca-energia-cemig.jpg\" \/>\n\t<meta property=\"og:image:width\" content=\"1200\" \/>\n\t<meta property=\"og:image:height\" content=\"800\" \/>\n\t<meta property=\"og:image:type\" content=\"image\/jpeg\" \/>\n<meta name=\"author\" content=\"Camila Paim\" \/>\n<meta name=\"twitter:card\" content=\"summary_large_image\" \/>\n<meta name=\"twitter:creator\" content=\"@sunoresearch\" \/>\n<meta name=\"twitter:site\" content=\"@sunoresearch\" \/>\n<meta name=\"twitter:label1\" content=\"Escrito por\" \/>\n\t<meta name=\"twitter:data1\" content=\"Camila Paim\" \/>\n\t<meta name=\"twitter:label2\" content=\"Est. tempo de leitura\" \/>\n\t<meta name=\"twitter:data2\" content=\"3 minutos\" \/>\n<script type=\"application\/ld+json\" class=\"yoast-schema-graph\">{\"@context\":\"https:\/\/schema.org\",\"@graph\":[{\"@type\":\"NewsArticle\",\"@id\":\"https:\/\/www.suno.com.br\/noticias\/vale-vale3-cemig-cmig4-alianca-energia-compra-cpf\/#article\",\"isPartOf\":{\"@id\":\"https:\/\/www.suno.com.br\/noticias\/vale-vale3-cemig-cmig4-alianca-energia-compra-cpf\/\"},\"author\":{\"name\":\"Camila Paim\",\"@id\":\"https:\/\/www.suno.com.br\/noticias\/#\/schema\/person\/f341d3ae5d1cc685176c9a5327cdfdbb\"},\"headline\":\"Vale (VALE3) e Cemig (CMIG4) negociam compra de R$ 3 bilh\u00f5es da Alian\u00e7a Energia, diz colunista\",\"datePublished\":\"2023-10-30T14:17:06+00:00\",\"dateModified\":\"2023-10-30T14:17:29+00:00\",\"mainEntityOfPage\":{\"@id\":\"https:\/\/www.suno.com.br\/noticias\/vale-vale3-cemig-cmig4-alianca-energia-compra-cpf\/\"},\"wordCount\":449,\"publisher\":{\"@id\":\"https:\/\/www.suno.com.br\/noticias\/#organization\"},\"image\":{\"@id\":\"https:\/\/www.suno.com.br\/noticias\/vale-vale3-cemig-cmig4-alianca-energia-compra-cpf\/#primaryimage\"},\"thumbnailUrl\":\"https:\/\/files.sunoresearch.com.br\/n\/uploads\/2023\/10\/vale-vale3-alianca-energia-cemig.jpg\",\"keywords\":[\"Alian\u00e7a Energia\",\"Cemig (CMIG3\/CMIG4)\",\"Vale (VALE3)\"],\"articleSection\":[\"Neg\u00f3cios\"],\"inLanguage\":\"pt-BR\"},{\"@type\":\"WebPage\",\"@id\":\"https:\/\/www.suno.com.br\/noticias\/vale-vale3-cemig-cmig4-alianca-energia-compra-cpf\/\",\"url\":\"https:\/\/www.suno.com.br\/noticias\/vale-vale3-cemig-cmig4-alianca-energia-compra-cpf\/\",\"name\":\"Vale (VALE3) e Cemig (CMIG4) negociam a Alian\u00e7a Energia, diz colunista\",\"isPartOf\":{\"@id\":\"https:\/\/www.suno.com.br\/noticias\/#website\"},\"primaryImageOfPage\":{\"@id\":\"https:\/\/www.suno.com.br\/noticias\/vale-vale3-cemig-cmig4-alianca-energia-compra-cpf\/#primaryimage\"},\"image\":{\"@id\":\"https:\/\/www.suno.com.br\/noticias\/vale-vale3-cemig-cmig4-alianca-energia-compra-cpf\/#primaryimage\"},\"thumbnailUrl\":\"https:\/\/files.sunoresearch.com.br\/n\/uploads\/2023\/10\/vale-vale3-alianca-energia-cemig.jpg\",\"datePublished\":\"2023-10-30T14:17:06+00:00\",\"dateModified\":\"2023-10-30T14:17:29+00:00\",\"description\":\"Segundo o colunista Lauro Jardim, a Vale (VALE3) est\u00e1 negociando a compra da Alian\u00e7a Energia com sua s\u00f3cia, a Cemig (CMIG4).\",\"breadcrumb\":{\"@id\":\"https:\/\/www.suno.com.br\/noticias\/vale-vale3-cemig-cmig4-alianca-energia-compra-cpf\/#breadcrumb\"},\"inLanguage\":\"pt-BR\",\"potentialAction\":[{\"@type\":\"ReadAction\",\"target\":[\"https:\/\/www.suno.com.br\/noticias\/vale-vale3-cemig-cmig4-alianca-energia-compra-cpf\/\"]}]},{\"@type\":\"ImageObject\",\"inLanguage\":\"pt-BR\",\"@id\":\"https:\/\/www.suno.com.br\/noticias\/vale-vale3-cemig-cmig4-alianca-energia-compra-cpf\/#primaryimage\",\"url\":\"https:\/\/files.sunoresearch.com.br\/n\/uploads\/2023\/10\/vale-vale3-alianca-energia-cemig.jpg\",\"contentUrl\":\"https:\/\/files.sunoresearch.com.br\/n\/uploads\/2023\/10\/vale-vale3-alianca-energia-cemig.jpg\",\"width\":1200,\"height\":800,\"caption\":\"Alian\u00e7a Energia - Foto: Reprodu\u00e7\u00e3o\/ Alian\u00e7a Energia\"},{\"@type\":\"BreadcrumbList\",\"@id\":\"https:\/\/www.suno.com.br\/noticias\/vale-vale3-cemig-cmig4-alianca-energia-compra-cpf\/#breadcrumb\",\"itemListElement\":[{\"@type\":\"ListItem\",\"position\":1,\"name\":\"Not\u00edcias\",\"item\":\"https:\/\/www.suno.com.br\/noticias\/\"},{\"@type\":\"ListItem\",\"position\":2,\"name\":\"Neg\u00f3cios\",\"item\":\"https:\/\/www.suno.com.br\/noticias\/negocios\/\"},{\"@type\":\"ListItem\",\"position\":3,\"name\":\"Vale (VALE3) e Cemig (CMIG4) negociam compra de R$ 3 bilh\u00f5es da Alian\u00e7a Energia, diz colunista\"}]},{\"@type\":\"WebSite\",\"@id\":\"https:\/\/www.suno.com.br\/noticias\/#website\",\"url\":\"https:\/\/www.suno.com.br\/noticias\/\",\"name\":\"Suno Not\u00edcias\",\"description\":\"Seu portal de informa\u00e7\u00e3o sobre o mundo dos investimentos\",\"publisher\":{\"@id\":\"https:\/\/www.suno.com.br\/noticias\/#organization\"},\"potentialAction\":[{\"@type\":\"SearchAction\",\"target\":{\"@type\":\"EntryPoint\",\"urlTemplate\":\"https:\/\/www.suno.com.br\/noticias\/?s={search_term_string}\"},\"query-input\":{\"@type\":\"PropertyValueSpecification\",\"valueRequired\":true,\"valueName\":\"search_term_string\"}}],\"inLanguage\":\"pt-BR\"},{\"@type\":\"Organization\",\"@id\":\"https:\/\/www.suno.com.br\/noticias\/#organization\",\"name\":\"Suno Not\u00edcias\",\"url\":\"https:\/\/www.suno.com.br\/noticias\/\",\"logo\":{\"@type\":\"ImageObject\",\"inLanguage\":\"pt-BR\",\"@id\":\"https:\/\/www.suno.com.br\/noticias\/#\/schema\/logo\/image\/\",\"url\":\"https:\/\/files.sunoresearch.com.br\/n\/uploads\/2021\/09\/suno-logo.png\",\"contentUrl\":\"https:\/\/files.sunoresearch.com.br\/n\/uploads\/2021\/09\/suno-logo.png\",\"width\":180,\"height\":180,\"caption\":\"Suno Not\u00edcias\"},\"image\":{\"@id\":\"https:\/\/www.suno.com.br\/noticias\/#\/schema\/logo\/image\/\"},\"sameAs\":[\"https:\/\/facebook.com\/sunoresearch\",\"https:\/\/x.com\/sunoresearch\",\"https:\/\/www.instagram.com\/suno\",\"https:\/\/www.linkedin.com\/company\/suno-research\/\",\"https:\/\/www.youtube.com\/c\/sunoresearch\"]},{\"@type\":\"Person\",\"@id\":\"https:\/\/www.suno.com.br\/noticias\/#\/schema\/person\/f341d3ae5d1cc685176c9a5327cdfdbb\",\"name\":\"Camila Paim\",\"image\":{\"@type\":\"ImageObject\",\"inLanguage\":\"pt-BR\",\"@id\":\"https:\/\/www.suno.com.br\/noticias\/#\/schema\/person\/image\/\",\"url\":\"https:\/\/secure.gravatar.com\/avatar\/f33728e65febb1aa7ecf6792956f9b20?s=96&r=g\",\"contentUrl\":\"https:\/\/secure.gravatar.com\/avatar\/f33728e65febb1aa7ecf6792956f9b20?s=96&r=g\",\"caption\":\"Camila Paim\"},\"description\":\"Jornalista formada pela USP, tem experi\u00eancia em reda\u00e7\u00f5es, SEO, Branded Content e Webdesign. Com passagem pelo Jornal da USP, Empiricus e C6 Bank, hoje \u00e9 rep\u00f3rter no Suno Not\u00edcias cobrindo macroeconomia, finan\u00e7as pessoais e startups.\",\"url\":\"https:\/\/www.suno.com.br\/noticias\/author\/camila-figueiredosuno-com-br\/\"}]}<\/script>\n<!-- \/ Yoast SEO plugin. -->","yoast_head_json":{"title":"Vale (VALE3) e Cemig (CMIG4) negociam a Alian\u00e7a Energia, diz colunista","description":"Segundo o colunista Lauro Jardim, a Vale (VALE3) est\u00e1 negociando a compra da Alian\u00e7a Energia com sua s\u00f3cia, a Cemig (CMIG4).","robots":{"index":"index","follow":"follow","max-snippet":"max-snippet:-1","max-image-preview":"max-image-preview:large","max-video-preview":"max-video-preview:-1"},"canonical":"https:\/\/www.suno.com.br\/noticias\/vale-vale3-cemig-cmig4-alianca-energia-compra-cpf\/","og_locale":"pt_BR","og_type":"article","og_title":"Vale (VALE3) e Cemig (CMIG4) negociam a Alian\u00e7a Energia, diz colunista","og_description":"Segundo o colunista Lauro Jardim, a Vale (VALE3) est\u00e1 negociando a compra da Alian\u00e7a Energia com sua s\u00f3cia, a Cemig (CMIG4).","og_url":"https:\/\/www.suno.com.br\/noticias\/vale-vale3-cemig-cmig4-alianca-energia-compra-cpf\/","og_site_name":"Suno Not\u00edcias","article_publisher":"https:\/\/facebook.com\/sunoresearch","og_image":[{"width":1200,"height":800,"url":"https:\/\/files.sunoresearch.com.br\/n\/uploads\/2023\/10\/vale-vale3-alianca-energia-cemig.jpg","type":"image\/jpeg"}],"author":"Camila Paim","twitter_card":"summary_large_image","twitter_creator":"@sunoresearch","twitter_site":"@sunoresearch","twitter_misc":{"Escrito por":"Camila Paim","Est. tempo de leitura":"3 minutos"},"schema":{"@context":"https:\/\/schema.org","@graph":[{"@type":"NewsArticle","@id":"https:\/\/www.suno.com.br\/noticias\/vale-vale3-cemig-cmig4-alianca-energia-compra-cpf\/#article","isPartOf":{"@id":"https:\/\/www.suno.com.br\/noticias\/vale-vale3-cemig-cmig4-alianca-energia-compra-cpf\/"},"author":{"name":"Camila Paim","@id":"https:\/\/www.suno.com.br\/noticias\/#\/schema\/person\/f341d3ae5d1cc685176c9a5327cdfdbb"},"headline":"Vale (VALE3) e Cemig (CMIG4) negociam compra de R$ 3 bilh\u00f5es da Alian\u00e7a Energia, diz colunista","datePublished":"2023-10-30T14:17:06+00:00","dateModified":"2023-10-30T14:17:29+00:00","mainEntityOfPage":{"@id":"https:\/\/www.suno.com.br\/noticias\/vale-vale3-cemig-cmig4-alianca-energia-compra-cpf\/"},"wordCount":449,"publisher":{"@id":"https:\/\/www.suno.com.br\/noticias\/#organization"},"image":{"@id":"https:\/\/www.suno.com.br\/noticias\/vale-vale3-cemig-cmig4-alianca-energia-compra-cpf\/#primaryimage"},"thumbnailUrl":"https:\/\/files.sunoresearch.com.br\/n\/uploads\/2023\/10\/vale-vale3-alianca-energia-cemig.jpg","keywords":["Alian\u00e7a Energia","Cemig (CMIG3\/CMIG4)","Vale (VALE3)"],"articleSection":["Neg\u00f3cios"],"inLanguage":"pt-BR"},{"@type":"WebPage","@id":"https:\/\/www.suno.com.br\/noticias\/vale-vale3-cemig-cmig4-alianca-energia-compra-cpf\/","url":"https:\/\/www.suno.com.br\/noticias\/vale-vale3-cemig-cmig4-alianca-energia-compra-cpf\/","name":"Vale (VALE3) e Cemig (CMIG4) negociam a Alian\u00e7a Energia, diz colunista","isPartOf":{"@id":"https:\/\/www.suno.com.br\/noticias\/#website"},"primaryImageOfPage":{"@id":"https:\/\/www.suno.com.br\/noticias\/vale-vale3-cemig-cmig4-alianca-energia-compra-cpf\/#primaryimage"},"image":{"@id":"https:\/\/www.suno.com.br\/noticias\/vale-vale3-cemig-cmig4-alianca-energia-compra-cpf\/#primaryimage"},"thumbnailUrl":"https:\/\/files.sunoresearch.com.br\/n\/uploads\/2023\/10\/vale-vale3-alianca-energia-cemig.jpg","datePublished":"2023-10-30T14:17:06+00:00","dateModified":"2023-10-30T14:17:29+00:00","description":"Segundo o colunista Lauro Jardim, a Vale (VALE3) est\u00e1 negociando a compra da Alian\u00e7a Energia com sua s\u00f3cia, a Cemig (CMIG4).","breadcrumb":{"@id":"https:\/\/www.suno.com.br\/noticias\/vale-vale3-cemig-cmig4-alianca-energia-compra-cpf\/#breadcrumb"},"inLanguage":"pt-BR","potentialAction":[{"@type":"ReadAction","target":["https:\/\/www.suno.com.br\/noticias\/vale-vale3-cemig-cmig4-alianca-energia-compra-cpf\/"]}]},{"@type":"ImageObject","inLanguage":"pt-BR","@id":"https:\/\/www.suno.com.br\/noticias\/vale-vale3-cemig-cmig4-alianca-energia-compra-cpf\/#primaryimage","url":"https:\/\/files.sunoresearch.com.br\/n\/uploads\/2023\/10\/vale-vale3-alianca-energia-cemig.jpg","contentUrl":"https:\/\/files.sunoresearch.com.br\/n\/uploads\/2023\/10\/vale-vale3-alianca-energia-cemig.jpg","width":1200,"height":800,"caption":"Alian\u00e7a Energia - Foto: Reprodu\u00e7\u00e3o\/ Alian\u00e7a Energia"},{"@type":"BreadcrumbList","@id":"https:\/\/www.suno.com.br\/noticias\/vale-vale3-cemig-cmig4-alianca-energia-compra-cpf\/#breadcrumb","itemListElement":[{"@type":"ListItem","position":1,"name":"Not\u00edcias","item":"https:\/\/www.suno.com.br\/noticias\/"},{"@type":"ListItem","position":2,"name":"Neg\u00f3cios","item":"https:\/\/www.suno.com.br\/noticias\/negocios\/"},{"@type":"ListItem","position":3,"name":"Vale (VALE3) e Cemig (CMIG4) negociam compra de R$ 3 bilh\u00f5es da Alian\u00e7a Energia, diz colunista"}]},{"@type":"WebSite","@id":"https:\/\/www.suno.com.br\/noticias\/#website","url":"https:\/\/www.suno.com.br\/noticias\/","name":"Suno Not\u00edcias","description":"Seu portal de informa\u00e7\u00e3o sobre o mundo dos investimentos","publisher":{"@id":"https:\/\/www.suno.com.br\/noticias\/#organization"},"potentialAction":[{"@type":"SearchAction","target":{"@type":"EntryPoint","urlTemplate":"https:\/\/www.suno.com.br\/noticias\/?s={search_term_string}"},"query-input":{"@type":"PropertyValueSpecification","valueRequired":true,"valueName":"search_term_string"}}],"inLanguage":"pt-BR"},{"@type":"Organization","@id":"https:\/\/www.suno.com.br\/noticias\/#organization","name":"Suno Not\u00edcias","url":"https:\/\/www.suno.com.br\/noticias\/","logo":{"@type":"ImageObject","inLanguage":"pt-BR","@id":"https:\/\/www.suno.com.br\/noticias\/#\/schema\/logo\/image\/","url":"https:\/\/files.sunoresearch.com.br\/n\/uploads\/2021\/09\/suno-logo.png","contentUrl":"https:\/\/files.sunoresearch.com.br\/n\/uploads\/2021\/09\/suno-logo.png","width":180,"height":180,"caption":"Suno Not\u00edcias"},"image":{"@id":"https:\/\/www.suno.com.br\/noticias\/#\/schema\/logo\/image\/"},"sameAs":["https:\/\/facebook.com\/sunoresearch","https:\/\/x.com\/sunoresearch","https:\/\/www.instagram.com\/suno","https:\/\/www.linkedin.com\/company\/suno-research\/","https:\/\/www.youtube.com\/c\/sunoresearch"]},{"@type":"Person","@id":"https:\/\/www.suno.com.br\/noticias\/#\/schema\/person\/f341d3ae5d1cc685176c9a5327cdfdbb","name":"Camila Paim","image":{"@type":"ImageObject","inLanguage":"pt-BR","@id":"https:\/\/www.suno.com.br\/noticias\/#\/schema\/person\/image\/","url":"https:\/\/secure.gravatar.com\/avatar\/f33728e65febb1aa7ecf6792956f9b20?s=96&r=g","contentUrl":"https:\/\/secure.gravatar.com\/avatar\/f33728e65febb1aa7ecf6792956f9b20?s=96&r=g","caption":"Camila Paim"},"description":"Jornalista formada pela USP, tem experi\u00eancia em reda\u00e7\u00f5es, SEO, Branded Content e Webdesign. Com passagem pelo Jornal da USP, Empiricus e C6 Bank, hoje \u00e9 rep\u00f3rter no Suno Not\u00edcias cobrindo macroeconomia, finan\u00e7as pessoais e startups.","url":"https:\/\/www.suno.com.br\/noticias\/author\/camila-figueiredosuno-com-br\/"}]}},"default_loop_html":"<div class=\"cardsPage__listCard__boxs\"><div class=\"cardsPage__listCard__boxs__img\"><a href=\"https:\/\/www.suno.com.br\/noticias\/vale-vale3-cemig-cmig4-alianca-energia-compra-cpf\/\"><img class=\"mask\" src=\"https:\/\/www.suno.com.br\/noticias\/wp-content\/themes\/suno\/resources\/images\/spotlight\/spotlight1img\/bg-mask.png\" alt=\"Image Mask\"\/><img src=\"https:\/\/files.sunoresearch.com.br\/n\/uploads\/2023\/10\/vale-vale3-alianca-energia-cemig-400x200.jpg\" alt=\"Vale (VALE3) e Cemig (CMIG4) negociam compra de R$ 3 bilh\u00f5es da Alian\u00e7a Energia, diz colunista\"\/><\/a><span class=\"spotlightCategory\"><a href=\"https:\/\/www.suno.com.br\/noticias\/negocios\/\">Neg\u00f3cios<\/a><\/span><\/div><div class=\"cardsPage__listCard__boxs__content\"><a href=\"https:\/\/www.suno.com.br\/noticias\/vale-vale3-cemig-cmig4-alianca-energia-compra-cpf\/\"><h2 class=\"content__title\">Vale (VALE3) e Cemig (CMIG4) negociam compra de R$ 3 bilh\u00f5es da Alian\u00e7a Energia, diz colunista<\/h2><\/a><div class=\"newsContent__article__meta\"><div class=\"newsContent__article__meta__authorBox\"><a href=\"https:\/\/www.suno.com.br\/noticias\/author\/camila-figueiredosuno-com-br\/\" class=\"authorBox__avatar noMobi\"><img src=\"https:\/\/files.sunoresearch.com.br\/n\/uploads\/2024\/05\/camila-paim-square-150x150.jpg\" alt=\"Camila Paim\"><\/a><div class=\"authorBox__name\"><span>por\n\t\t\t<a href=\"https:\/\/www.suno.com.br\/noticias\/author\/camila-figueiredosuno-com-br\/\"><span itemprop=\"author\">Camila Paim<\/span><\/a><\/span><time datetime=\"2023-10-30T11:17:06-03:00\" itemprop=\"datePublished\">30\/10\/2023 11:17<\/time><\/div><\/div><\/div><\/div><\/div>","single_layout":"posts","amp_enabled":true,"_links":{"self":[{"href":"https:\/\/www.suno.com.br\/noticias\/wp-json\/wp\/v2\/posts\/478275"}],"collection":[{"href":"https:\/\/www.suno.com.br\/noticias\/wp-json\/wp\/v2\/posts"}],"about":[{"href":"https:\/\/www.suno.com.br\/noticias\/wp-json\/wp\/v2\/types\/post"}],"author":[{"embeddable":true,"href":"https:\/\/www.suno.com.br\/noticias\/wp-json\/wp\/v2\/users\/283"}],"replies":[{"embeddable":true,"href":"https:\/\/www.suno.com.br\/noticias\/wp-json\/wp\/v2\/comments?post=478275"}],"version-history":[{"count":3,"href":"https:\/\/www.suno.com.br\/noticias\/wp-json\/wp\/v2\/posts\/478275\/revisions"}],"predecessor-version":[{"id":478298,"href":"https:\/\/www.suno.com.br\/noticias\/wp-json\/wp\/v2\/posts\/478275\/revisions\/478298"}],"wp:featuredmedia":[{"embeddable":true,"href":"https:\/\/www.suno.com.br\/noticias\/wp-json\/wp\/v2\/media\/478286"}],"wp:attachment":[{"href":"https:\/\/www.suno.com.br\/noticias\/wp-json\/wp\/v2\/media?parent=478275"}],"wp:term":[{"taxonomy":"category","embeddable":true,"href":"https:\/\/www.suno.com.br\/noticias\/wp-json\/wp\/v2\/categories?post=478275"},{"taxonomy":"post_tag","embeddable":true,"href":"https:\/\/www.suno.com.br\/noticias\/wp-json\/wp\/v2\/tags?post=478275"},{"taxonomy":"suno_strategy","embeddable":true,"href":"https:\/\/www.suno.com.br\/noticias\/wp-json\/wp\/v2\/suno_strategy?post=478275"}],"curies":[{"name":"wp","href":"https:\/\/api.w.org\/{rel}","templated":true}]}}