{"id":478212,"date":"2023-10-30T10:46:41","date_gmt":"2023-10-30T13:46:41","guid":{"rendered":"https:\/\/www.suno.com.br\/noticias\/?p=478212"},"modified":"2023-10-30T11:06:24","modified_gmt":"2023-10-30T14:06:24","slug":"natura-ntco3-the-body-shop-gpj","status":"publish","type":"post","link":"https:\/\/www.suno.com.br\/noticias\/natura-ntco3-the-body-shop-gpj\/","title":{"rendered":"Natura (NTCO3) assina acordo de exclusividade para potencial venda da The Body Shop"},"content":{"rendered":"<p>A <a href=\"https:\/\/www.suno.com.br\/acoes\/NTCO3\/\"><strong>Natura <\/strong>(NTCO3)<\/a> celebrou um acordo de exclusividade com a Aurelius Investment Advisory Limited, dono de neg\u00f3cios como a rede Lloyds Pharmacy, visando a potencial venda da The Body Shop, marca inglesa de cosm\u00e9ticos, produtos de beleza e perfumes da fabricante brasileira.<\/p>\t<div class=\"wrapper-featured-image\">\n\t\t<figure class=\"spotlightImg\">\n\n\t\t\t<picture>\n\t\t\t\t<source media=\"(max-width: 768px)\" srcset=\"https:\/\/files.sunoresearch.com.br\/n\/uploads\/2020\/03\/f94387a6-natura-400x200.webp\">\n\t\t\t\t<img loading=\"lazy\" decoding=\"async\" class=\"newsContent__article__imgCapa lazyloadDisabled \" src=\"https:\/\/files.sunoresearch.com.br\/n\/uploads\/2020\/03\/f94387a6-natura-800x450.webp\" width=\"800\" height=\"450\" alt=\"Natura (NTCO3) assina acordo de exclusividade para potencial venda da The Body Shop\" fetchpriority=high \/>\n\t\t\t<\/picture>\n\n\t\t\t<figcaption class=\"wp-caption-text wp-caption-text--show\">Natura (NATU3). Foto: divulga\u00e7\u00e3o.<\/figcaption>\n\t\t<\/figure>\n\t<\/div>\n\n\n\n\n\n\n\n\t<p>\n\t\t<a href=\"https:\/\/lp.suno.com.br\/planilha-da-vida-financeira\/\" target=\"_blank\" data-element=\"shortcode-suno-banner\" title=\"Banner SUNO, clique e saiba mais\">\n\t\t\t<picture>\n\t\t\t\t<source media=\"(max-width: 500px)\" srcset=\"https:\/\/files.sunoresearch.com.br\/n\/uploads\/2023\/04\/400x300-Planilha-vida-financeira-true.png\">\n\t\t\t\t<img class=\"newsContent__article__imgCapa newsContent__article__imgCapa--banner\"\n\t\t\t\t\tsrc=\"https:\/\/files.sunoresearch.com.br\/n\/uploads\/2023\/04\/1420x240-Planilha-vida-financeira-true.png\"\n\t\t\t\t\tdata-promo-id=\"106682\"\t\t\t\t\t\t\t\t\t\twidth='1420' height='240'\t\t\t\t\talt=\"https:\/\/files.sunoresearch.com.br\/n\/uploads\/2023\/04\/1420x240-Planilha-vida-financeira-true.png\"\n\t\t\t\t>\n\t\t\t<\/picture>\n\t\t<\/a>\n\t<\/p>\n\n\n\n\n\n<p>Segundo <a href=\"https:\/\/www.suno.com.br\/artigos\/fato-relevante\/\">fato relevante<\/a> divulgado nesta segunda-feira (30), a Natura disse que &#8220;os termos e condi\u00e7\u00f5es da potencial venda est\u00e3o sendo negociados e n\u00e3o h\u00e1 garantia de que a opera\u00e7\u00e3o ser\u00e1 conclu\u00edda&#8221;.<\/p>\n\n\n\n<p>Vale lembrar que no fim de agosto, a <strong>The Body Shop<\/strong> recebeu autoriza\u00e7\u00e3o do <a href=\"https:\/\/www.suno.com.br\/artigos\/conselho-administracao\/\">conselho de administra\u00e7\u00e3o<\/a> para que a diretoria comece a busca por &#8220;alternativas estrat\u00e9gicas&#8221;, incluindo a possibilidade de venda.<\/p>\n\n\n\n\t<div data-element=\"shortcode-read-more\" class=\"readToo\">\n\t\t\t\t<span class=\"readToo__title\">Leia mais<\/span>\n\t\t\t\t<ul class=\"readToo__list\">\n\t\t\t<li><a href=\"https:\/\/www.suno.com.br\/noticias\/natura-ntco3-oferta-aquisicao-notes-cpf\/\">Natura (NTCO3) far\u00e1 oferta de at\u00e9 US$ 860 milh\u00f5es para aquisi\u00e7\u00e3o de notes<\/a><\/li><li><a href=\"https:\/\/www.suno.com.br\/noticias\/natura-ntco3-venda-the-body-shop-morgan-stanley-evm\/\">Natura (NTCO3) contrata Morgan Stanley para venda bilion\u00e1ria da The Body Shop<\/a><\/li><li><a href=\"https:\/\/www.suno.com.br\/noticias\/natura-ntco3-venda-aeosp-loreal-mal\/\">Natura (NTCO3) conclui venda da Aesop para L&#8217;oreal por US$ 2,58 bilh\u00f5es<\/a><\/li>\t\t<\/ul>\n\t<\/div>\n\n\n\n\n<p>A The Body Shop atua principalmente na Europa. Recentemente, rumores sobre a venda da unidade j\u00e1 vinham sendo explorados por <a href=\"https:\/\/www.suno.com.br\/artigos\/bancos-de-investimento\/\">bancos de investimento<\/a>.<\/p>\n\n\n\n<p>A Natura concluiu a <strong>aquisi\u00e7\u00e3o da The Body Shop<\/strong>, da L&#8217;Oreal, em 2017 por um valor estimado em 1 bilh\u00e3o de euros. Criada em 1976, a The Body Shop possui cerca de 2,8 mil lojas em mais de 70 pa\u00edses.<\/p>\n\n\n\n<p>No 2T23, a The Body Shop teve uma queda anual de 12,5% no faturamento em c\u00e2mbio, para R$ 800,3 milh\u00f5es.<\/p>\n\n\n\n<p>No fim de agosto, a&nbsp;<strong>Natura&nbsp;<\/strong>anunciou ao mercado a conclus\u00e3o de venda da Aesop para a L\u2019Or\u00e9al, em uma transa\u00e7\u00e3o de US$ 2,58 bilh\u00f5es (R$ 12,5 bi) anunciada ainda em meados de abril.<\/p>\n\n\n\t<p>\n\t\t<a href=\"https:\/\/lp.suno.com.br\/ebook-como-analisar-uma-acao\/\" target=\"_blank\" data-element=\"shortcode-suno-banner\" title=\"Banner SUNO, clique e saiba mais\">\n\t\t\t<picture>\n\t\t\t\t<source media=\"(max-width: 500px)\" srcset=\"https:\/\/files.sunoresearch.com.br\/n\/uploads\/2023\/03\/Ebook-Acoes-Mobile.jpg\">\n\t\t\t\t<img class=\"newsContent__article__imgCapa newsContent__article__imgCapa--banner\"\n\t\t\t\t\tsrc=\"https:\/\/files.sunoresearch.com.br\/n\/uploads\/2023\/03\/Ebook-Acoes-Desktop.jpg\"\n\t\t\t\t\tdata-promo-id=\"378302\"\t\t\t\t\t\t\t\t\t\twidth='1420' height='286'\t\t\t\t\talt=\"https:\/\/files.sunoresearch.com.br\/n\/uploads\/2023\/03\/Ebook-Acoes-Desktop.jpg\"\n\t\t\t\t>\n\t\t\t<\/picture>\n\t\t<\/a>\n\t<\/p>\n\n\n\n\n\n<h2 class=\"wp-block-heading\">Desempenho das a\u00e7\u00f5es da Natura<\/h2>\n\n\n\n<div class=\"pluginQuotation\">\n  <p class=\"ticker\">\n    Cota\u00e7\u00e3o <span>NTCO3<\/span>\n  <\/p>\n  <div class=\"info\">\n    <div class=\"leftSide\">\n      Gr\u00e1fico gerado em: 30\/10\/2023    <\/div>\n\t\t\t\t\t<div class=\"rightSide\">\n\t\t\t\t\t<span class=\"period\">\n\t\t\t\t\t\t1 Dia\t\t\t\t\t<\/span>\n\t\t\t<\/div>\n\t\t  <\/div>\n\n  <div id=\"chart-624b1dd5141bd9426a6aca8053e499b4\" data-block-hash=\"624b1dd5141bd9426a6aca8053e499b4\"  class=\"chart\" style=\"width:100%;height:400px;\"><\/div>\n\n  <div class=\"pluginQuotation__footer\">\n    <div class=\"dataChart\">\n\n      <div class=\"dataChart__div1 variation\">\n        <div class=\"value-negative\">\n          -0,39 (-0,05%)        <\/div>\n        <div class=\"text\">\n          Varia\u00e7\u00e3o do per\u00edodo\n        <\/div>\n      <\/div>\n\n      <div class=\"dataChart__div2 minMax\">\n        <div class=\"value\">\n          R$\u00a012,71        <\/div>\n        <div class=\"text\">\n          M\u00ednima\n        <\/div>\n      <\/div>\n\n      <div class=\"dataChart__div3 minMax\">\n        <div class=\"value\">\n          R$\u00a012,85        <\/div>\n        <div class=\"text\">\n          M\u00e1xima\n        <\/div>\n      <\/div>\n\n\t\t\t<div class=\"dataChart__div4 rightSide\">\n\t\t\t\t<div class=\"analiticaSource\">\n\t\t\t\t\t<span>\n\t\t\t\t\t\tFonte:\n\t\t\t\t\t<\/span>\n\t\t\t\t\t<img decoding=\"async\" class=\"analiticaLogo\" src=\"https:\/\/www.suno.com.br\/noticias\/wp-content\/plugins\/suno-block-ticker-quotation\/src\/suno-analitica-logo.png\" alt=\"Logo Suno Anal\u00edtica\" \/>\n\t\t\t\t<\/div>\n\n\t\t\t\t<a href=\"https:\/\/www.suno.com.br\/analitica\/acoes\/NTCO3\" target=\"_blank\">\n\t\t\t\t\t<span>\n\t\t\t\t\t\tVer mais cota\u00e7\u00f5es\n\t\t\t\t\t<\/span>\n\t\t\t\t\t<svg xmlns=\"http:\/\/www.w3.org\/2000\/svg\" width=\"9\" height=\"8\" viewBox=\"0 0 9 8\" fill=\"none\">\n\t\t\t\t\t\t<path d=\"M4.20996 0L3.50496 0.705L6.29496 3.5H0.209961V4.5H6.29496L3.50496 7.295L4.20996 8L8.20996 4L4.20996 0Z\" fill=\"#D42126\" \/>\n\t\t\t\t\t<\/svg>\n\t\t\t\t<\/a>\n    <\/div>\n\n    <\/div>\n  <\/div>\n<\/div>\n\n\n<script type=\"text\/javascript\">\n  let chart_624b1dd5141bd9426a6aca8053e499b4 = document.getElementById('chart-624b1dd5141bd9426a6aca8053e499b4');\n  let data_json_624b1dd5141bd9426a6aca8053e499b4 = \"[{\\\"date\\\":\\\"30\\\\\\\/10\\\\\\\/23 10:06\\\",\\\"value\\\":12.79},{\\\"date\\\":\\\"30\\\\\\\/10\\\\\\\/23 10:08\\\",\\\"value\\\":12.85},{\\\"date\\\":\\\"30\\\\\\\/10\\\\\\\/23 10:10\\\",\\\"value\\\":12.74},{\\\"date\\\":\\\"30\\\\\\\/10\\\\\\\/23 10:12\\\",\\\"value\\\":12.75},{\\\"date\\\":\\\"30\\\\\\\/10\\\\\\\/23 10:14\\\",\\\"value\\\":12.71},{\\\"date\\\":\\\"30\\\\\\\/10\\\\\\\/23 10:16\\\",\\\"value\\\":12.74}]\";\n  let isPositive_624b1dd5141bd9426a6aca8053e499b4 = \"\";\n\n  let color_624b1dd5141bd9426a6aca8053e499b4 = isPositive_624b1dd5141bd9426a6aca8053e499b4 ? '#3AB53A' : '#D92C2D';\n\n  let data_624b1dd5141bd9426a6aca8053e499b4 = JSON.parse(data_json_624b1dd5141bd9426a6aca8053e499b4);\n\n  const result_624b1dd5141bd9426a6aca8053e499b4 = {\n    date: [],\n    value: [],\n  };\n\n  data_624b1dd5141bd9426a6aca8053e499b4.forEach((item) => {\n    result_624b1dd5141bd9426a6aca8053e499b4.date.push(item.date);\n    result_624b1dd5141bd9426a6aca8053e499b4.value.push(Number(item.value));\n  });\n\n  let option_624b1dd5141bd9426a6aca8053e499b4 = {\n    \/\/ variavel de cor global\n    color: [color_624b1dd5141bd9426a6aca8053e499b4],\n    title: {\n      text: '',\n    },\n    tooltip: {\n      trigger: 'axis',\n      axisPointer: {\n        type: 'cross',\n        label: {\n          \/\/ cor dos valores em X e Y\n          backgroundColor: color_624b1dd5141bd9426a6aca8053e499b4,\n          formatter: (value) => {\n            if (typeof value.value === 'number') {\n              return Number(value.value).toLocaleString('pt-br', {\n                style: 'currency',\n                currency: 'BRL'\n              });\n            }\n            return value.value;\n          },\n        },\n      },\n      valueFormatter: (value) => Number(value).toLocaleString('pt-br', {\n        style: 'currency',\n        currency: 'BRL'\n      }),\n    },\n    legend: {\n      \/\/ data: ['Valor de Fechamento'],\n      show: false,\n    },\n    toolbox: {\n      feature: {\n        saveAsImage: {\n          show: false,\n        },\n      },\n    },\n    grid: {\n      left: '0px',\n      right: '0px',\n      bottom: '0px',\n      containLabel: true,\n    },\n    xAxis: [{\n      type: 'category',\n      data: result_624b1dd5141bd9426a6aca8053e499b4.date,\n      boundaryGap: true,\n    }],\n    yAxis: [{\n      type: 'value',\n      min: Math.min(...result_624b1dd5141bd9426a6aca8053e499b4.value),\n      max: Math.max(...result_624b1dd5141bd9426a6aca8053e499b4.value),\n      axisLabel: {\n        formatter: (value) => value.toLocaleString('pt-br', {\n          style: 'currency',\n          currency: 'BRL'\n        }),\n      },\n    }],\n    series: [{\n      name: 'Valor de Fechamento',\n      type: 'line',\n      stack: 'Total',\n      \/\/ cor do grafico\n      areaStyle: {},\n      emphasis: {\n        focus: 'series',\n      },\n      data: result_624b1dd5141bd9426a6aca8053e499b4.value,\n      \/\/ cor da linha\n      lineStyle: {\n        color: color_624b1dd5141bd9426a6aca8053e499b4,\n      },\n    }, ],\n  };\n\n\twindow.chart_624b1dd5141bd9426a6aca8053e499b4 = {\n\t\tel: chart_624b1dd5141bd9426a6aca8053e499b4,\n\t\toption: option_624b1dd5141bd9426a6aca8053e499b4\t};\n\n\n<\/script>\n\n\n\t<p>\n\t\t<a href=\"https:\/\/lp.suno.com.br\/planilha-da-vida-financeira\/\" target=\"_blank\" data-element=\"shortcode-suno-banner\" title=\"Banner SUNO, clique e saiba mais\">\n\t\t\t<picture>\n\t\t\t\t<source media=\"(max-width: 500px)\" srcset=\"https:\/\/files.sunoresearch.com.br\/n\/uploads\/2023\/04\/400x300-Planilha-vida-financeira-true.png\">\n\t\t\t\t<img class=\"newsContent__article__imgCapa newsContent__article__imgCapa--banner\"\n\t\t\t\t\tsrc=\"https:\/\/files.sunoresearch.com.br\/n\/uploads\/2023\/04\/1420x240-Planilha-vida-financeira-true.png\"\n\t\t\t\t\tdata-promo-id=\"383123\"\t\t\t\t\t\t\t\t\t\twidth='1420' height='240'\t\t\t\t\talt=\"https:\/\/files.sunoresearch.com.br\/n\/uploads\/2023\/04\/1420x240-Planilha-vida-financeira-true.png\"\n\t\t\t\t>\n\t\t\t<\/picture>\n\t\t<\/a>\n\t<\/p>\n\n\n","protected":false},"excerpt":{"rendered":"<p>A Natura (NTCO3) celebrou um acordo de exclusividade com a Aurelius Investment Advisory Limited, dono de neg\u00f3cios como a rede Lloyds Pharmacy, visando a potencial venda da The Body Shop, marca inglesa de cosm\u00e9ticos, produtos de beleza e perfumes da fabricante brasileira. Natura (NATU3). Foto: divulga\u00e7\u00e3o. Segundo fato relevante divulgado nesta segunda-feira (30), a Natura [&hellip;]<\/p>\n","protected":false},"author":313,"featured_media":55305,"comment_status":"closed","ping_status":"closed","sticky":false,"template":"","format":"standard","meta":[],"categories":[64],"tags":[574],"suno_strategy":[],"class_list":["post-478212","post","type-post","status-publish","format-standard","has-post-thumbnail","hentry","category-negocios","tag-natura-ntco3"],"yoast_head":"<!-- This site is optimized with the Yoast SEO plugin v24.4 - https:\/\/yoast.com\/wordpress\/plugins\/seo\/ -->\n<title>Natura (NTCO3) assina acordo para potencial venda da The Body Shop<\/title>\n<meta name=\"description\" content=\"A Natura (NTCO3) celebrou um acordo de exclusividade visando a potencial venda da The Body Shop, marca de cosm\u00e9ticos da fabricante brasileira\" \/>\n<meta name=\"robots\" content=\"index, follow, max-snippet:-1, max-image-preview:large, max-video-preview:-1\" \/>\n<link rel=\"canonical\" href=\"https:\/\/www.suno.com.br\/noticias\/natura-ntco3-the-body-shop-gpj\/\" \/>\n<meta property=\"og:locale\" content=\"pt_BR\" \/>\n<meta property=\"og:type\" content=\"article\" \/>\n<meta property=\"og:title\" content=\"Natura (NTCO3) assina acordo para potencial venda da The Body Shop\" \/>\n<meta property=\"og:description\" content=\"A Natura (NTCO3) celebrou um acordo de exclusividade visando a potencial venda da The Body Shop, marca de cosm\u00e9ticos da fabricante brasileira\" \/>\n<meta property=\"og:url\" content=\"https:\/\/www.suno.com.br\/noticias\/natura-ntco3-the-body-shop-gpj\/\" \/>\n<meta property=\"og:site_name\" content=\"Suno Not\u00edcias\" \/>\n<meta property=\"article:publisher\" content=\"https:\/\/facebook.com\/sunoresearch\" \/>\n<meta property=\"og:image\" content=\"https:\/\/files.sunoresearch.com.br\/n\/uploads\/2020\/03\/f94387a6-natura.jpg\" \/>\n\t<meta property=\"og:image:width\" content=\"1200\" \/>\n\t<meta property=\"og:image:height\" content=\"800\" \/>\n\t<meta property=\"og:image:type\" content=\"image\/jpeg\" \/>\n<meta name=\"author\" content=\"Giovanni Porf\u00edrio Jacomino\" \/>\n<meta name=\"twitter:card\" content=\"summary_large_image\" \/>\n<meta name=\"twitter:creator\" content=\"@sunoresearch\" \/>\n<meta name=\"twitter:site\" content=\"@sunoresearch\" \/>\n<meta name=\"twitter:label1\" content=\"Escrito por\" \/>\n\t<meta name=\"twitter:data1\" content=\"Giovanni Porf\u00edrio Jacomino\" \/>\n\t<meta name=\"twitter:label2\" content=\"Est. tempo de leitura\" \/>\n\t<meta name=\"twitter:data2\" content=\"2 minutos\" \/>\n<script type=\"application\/ld+json\" class=\"yoast-schema-graph\">{\"@context\":\"https:\/\/schema.org\",\"@graph\":[{\"@type\":\"NewsArticle\",\"@id\":\"https:\/\/www.suno.com.br\/noticias\/natura-ntco3-the-body-shop-gpj\/#article\",\"isPartOf\":{\"@id\":\"https:\/\/www.suno.com.br\/noticias\/natura-ntco3-the-body-shop-gpj\/\"},\"author\":{\"name\":\"Giovanni Porf\u00edrio Jacomino\",\"@id\":\"https:\/\/www.suno.com.br\/noticias\/#\/schema\/person\/d0f32748bbca4bee871fa191ee4e2d40\"},\"headline\":\"Natura (NTCO3) assina acordo de exclusividade para potencial venda da The Body Shop\",\"datePublished\":\"2023-10-30T13:46:41+00:00\",\"dateModified\":\"2023-10-30T14:06:24+00:00\",\"mainEntityOfPage\":{\"@id\":\"https:\/\/www.suno.com.br\/noticias\/natura-ntco3-the-body-shop-gpj\/\"},\"wordCount\":263,\"publisher\":{\"@id\":\"https:\/\/www.suno.com.br\/noticias\/#organization\"},\"image\":{\"@id\":\"https:\/\/www.suno.com.br\/noticias\/natura-ntco3-the-body-shop-gpj\/#primaryimage\"},\"thumbnailUrl\":\"https:\/\/files.sunoresearch.com.br\/n\/uploads\/2020\/03\/f94387a6-natura-jpg.webp\",\"keywords\":[\"Natura (NTCO3)\"],\"articleSection\":[\"Neg\u00f3cios\"],\"inLanguage\":\"pt-BR\"},{\"@type\":\"WebPage\",\"@id\":\"https:\/\/www.suno.com.br\/noticias\/natura-ntco3-the-body-shop-gpj\/\",\"url\":\"https:\/\/www.suno.com.br\/noticias\/natura-ntco3-the-body-shop-gpj\/\",\"name\":\"Natura (NTCO3) assina acordo para potencial venda da The Body Shop\",\"isPartOf\":{\"@id\":\"https:\/\/www.suno.com.br\/noticias\/#website\"},\"primaryImageOfPage\":{\"@id\":\"https:\/\/www.suno.com.br\/noticias\/natura-ntco3-the-body-shop-gpj\/#primaryimage\"},\"image\":{\"@id\":\"https:\/\/www.suno.com.br\/noticias\/natura-ntco3-the-body-shop-gpj\/#primaryimage\"},\"thumbnailUrl\":\"https:\/\/files.sunoresearch.com.br\/n\/uploads\/2020\/03\/f94387a6-natura-jpg.webp\",\"datePublished\":\"2023-10-30T13:46:41+00:00\",\"dateModified\":\"2023-10-30T14:06:24+00:00\",\"description\":\"A Natura (NTCO3) celebrou um acordo de exclusividade visando a potencial venda da The Body Shop, marca de cosm\u00e9ticos da fabricante brasileira\",\"breadcrumb\":{\"@id\":\"https:\/\/www.suno.com.br\/noticias\/natura-ntco3-the-body-shop-gpj\/#breadcrumb\"},\"inLanguage\":\"pt-BR\",\"potentialAction\":[{\"@type\":\"ReadAction\",\"target\":[\"https:\/\/www.suno.com.br\/noticias\/natura-ntco3-the-body-shop-gpj\/\"]}]},{\"@type\":\"ImageObject\",\"inLanguage\":\"pt-BR\",\"@id\":\"https:\/\/www.suno.com.br\/noticias\/natura-ntco3-the-body-shop-gpj\/#primaryimage\",\"url\":\"https:\/\/files.sunoresearch.com.br\/n\/uploads\/2020\/03\/f94387a6-natura-jpg.webp\",\"contentUrl\":\"https:\/\/files.sunoresearch.com.br\/n\/uploads\/2020\/03\/f94387a6-natura-jpg.webp\",\"width\":1200,\"height\":800,\"caption\":\"Natura (NATU3). Foto: divulga\u00e7\u00e3o.\"},{\"@type\":\"BreadcrumbList\",\"@id\":\"https:\/\/www.suno.com.br\/noticias\/natura-ntco3-the-body-shop-gpj\/#breadcrumb\",\"itemListElement\":[{\"@type\":\"ListItem\",\"position\":1,\"name\":\"Not\u00edcias\",\"item\":\"https:\/\/www.suno.com.br\/noticias\/\"},{\"@type\":\"ListItem\",\"position\":2,\"name\":\"Neg\u00f3cios\",\"item\":\"https:\/\/www.suno.com.br\/noticias\/negocios\/\"},{\"@type\":\"ListItem\",\"position\":3,\"name\":\"Natura (NTCO3) assina acordo de exclusividade para potencial venda da The Body Shop\"}]},{\"@type\":\"WebSite\",\"@id\":\"https:\/\/www.suno.com.br\/noticias\/#website\",\"url\":\"https:\/\/www.suno.com.br\/noticias\/\",\"name\":\"Suno Not\u00edcias\",\"description\":\"Seu portal de informa\u00e7\u00e3o sobre o mundo dos investimentos\",\"publisher\":{\"@id\":\"https:\/\/www.suno.com.br\/noticias\/#organization\"},\"potentialAction\":[{\"@type\":\"SearchAction\",\"target\":{\"@type\":\"EntryPoint\",\"urlTemplate\":\"https:\/\/www.suno.com.br\/noticias\/?s={search_term_string}\"},\"query-input\":{\"@type\":\"PropertyValueSpecification\",\"valueRequired\":true,\"valueName\":\"search_term_string\"}}],\"inLanguage\":\"pt-BR\"},{\"@type\":\"Organization\",\"@id\":\"https:\/\/www.suno.com.br\/noticias\/#organization\",\"name\":\"Suno Not\u00edcias\",\"url\":\"https:\/\/www.suno.com.br\/noticias\/\",\"logo\":{\"@type\":\"ImageObject\",\"inLanguage\":\"pt-BR\",\"@id\":\"https:\/\/www.suno.com.br\/noticias\/#\/schema\/logo\/image\/\",\"url\":\"https:\/\/files.sunoresearch.com.br\/n\/uploads\/2021\/09\/suno-logo.png\",\"contentUrl\":\"https:\/\/files.sunoresearch.com.br\/n\/uploads\/2021\/09\/suno-logo.png\",\"width\":180,\"height\":180,\"caption\":\"Suno Not\u00edcias\"},\"image\":{\"@id\":\"https:\/\/www.suno.com.br\/noticias\/#\/schema\/logo\/image\/\"},\"sameAs\":[\"https:\/\/facebook.com\/sunoresearch\",\"https:\/\/x.com\/sunoresearch\",\"https:\/\/www.instagram.com\/suno\",\"https:\/\/www.linkedin.com\/company\/suno-research\/\",\"https:\/\/www.youtube.com\/c\/sunoresearch\"]},{\"@type\":\"Person\",\"@id\":\"https:\/\/www.suno.com.br\/noticias\/#\/schema\/person\/d0f32748bbca4bee871fa191ee4e2d40\",\"name\":\"Giovanni Porf\u00edrio Jacomino\",\"image\":{\"@type\":\"ImageObject\",\"inLanguage\":\"pt-BR\",\"@id\":\"https:\/\/www.suno.com.br\/noticias\/#\/schema\/person\/image\/\",\"url\":\"https:\/\/secure.gravatar.com\/avatar\/efb32e19b730a121cb7a80f41ffec01a?s=96&r=g\",\"contentUrl\":\"https:\/\/secure.gravatar.com\/avatar\/efb32e19b730a121cb7a80f41ffec01a?s=96&r=g\",\"caption\":\"Giovanni Porf\u00edrio Jacomino\"},\"description\":\"Giovanni Porf\u00edrio Jacomino \u00e9 jornalista formado pela Universidade Estadual de Londrina (UEL) e p\u00f3s-graduado em Produ\u00e7\u00e3o e Pr\u00e1ticas Jornal\u00edsticas na Contemporaneidade na Faculdade C\u00e1sper L\u00edbero (FCL). Foi editor web no Startupi e no Finsiders, atuando ainda como editor no TC Mover, portal de not\u00edcias da TradersClub, fazendo a cobertura de assuntos relacionados ao mercado financeiro interno e externo. Atualmente, \u00e9 Rep\u00f3rter do Suno Not\u00edcias.\",\"url\":\"https:\/\/www.suno.com.br\/noticias\/author\/giovanni-porfiriosuno-com-br\/\"}]}<\/script>\n<!-- \/ Yoast SEO plugin. -->","yoast_head_json":{"title":"Natura (NTCO3) assina acordo para potencial venda da The Body Shop","description":"A Natura (NTCO3) celebrou um acordo de exclusividade visando a potencial venda da The Body Shop, marca de cosm\u00e9ticos da fabricante brasileira","robots":{"index":"index","follow":"follow","max-snippet":"max-snippet:-1","max-image-preview":"max-image-preview:large","max-video-preview":"max-video-preview:-1"},"canonical":"https:\/\/www.suno.com.br\/noticias\/natura-ntco3-the-body-shop-gpj\/","og_locale":"pt_BR","og_type":"article","og_title":"Natura (NTCO3) assina acordo para potencial venda da The Body Shop","og_description":"A Natura (NTCO3) celebrou um acordo de exclusividade visando a potencial venda da The Body Shop, marca de cosm\u00e9ticos da fabricante brasileira","og_url":"https:\/\/www.suno.com.br\/noticias\/natura-ntco3-the-body-shop-gpj\/","og_site_name":"Suno Not\u00edcias","article_publisher":"https:\/\/facebook.com\/sunoresearch","og_image":[{"width":1200,"height":800,"url":"https:\/\/files.sunoresearch.com.br\/n\/uploads\/2020\/03\/f94387a6-natura.jpg","type":"image\/jpeg"}],"author":"Giovanni Porf\u00edrio Jacomino","twitter_card":"summary_large_image","twitter_creator":"@sunoresearch","twitter_site":"@sunoresearch","twitter_misc":{"Escrito por":"Giovanni Porf\u00edrio Jacomino","Est. tempo de leitura":"2 minutos"},"schema":{"@context":"https:\/\/schema.org","@graph":[{"@type":"NewsArticle","@id":"https:\/\/www.suno.com.br\/noticias\/natura-ntco3-the-body-shop-gpj\/#article","isPartOf":{"@id":"https:\/\/www.suno.com.br\/noticias\/natura-ntco3-the-body-shop-gpj\/"},"author":{"name":"Giovanni Porf\u00edrio Jacomino","@id":"https:\/\/www.suno.com.br\/noticias\/#\/schema\/person\/d0f32748bbca4bee871fa191ee4e2d40"},"headline":"Natura (NTCO3) assina acordo de exclusividade para potencial venda da The Body Shop","datePublished":"2023-10-30T13:46:41+00:00","dateModified":"2023-10-30T14:06:24+00:00","mainEntityOfPage":{"@id":"https:\/\/www.suno.com.br\/noticias\/natura-ntco3-the-body-shop-gpj\/"},"wordCount":263,"publisher":{"@id":"https:\/\/www.suno.com.br\/noticias\/#organization"},"image":{"@id":"https:\/\/www.suno.com.br\/noticias\/natura-ntco3-the-body-shop-gpj\/#primaryimage"},"thumbnailUrl":"https:\/\/files.sunoresearch.com.br\/n\/uploads\/2020\/03\/f94387a6-natura-jpg.webp","keywords":["Natura (NTCO3)"],"articleSection":["Neg\u00f3cios"],"inLanguage":"pt-BR"},{"@type":"WebPage","@id":"https:\/\/www.suno.com.br\/noticias\/natura-ntco3-the-body-shop-gpj\/","url":"https:\/\/www.suno.com.br\/noticias\/natura-ntco3-the-body-shop-gpj\/","name":"Natura (NTCO3) assina acordo para potencial venda da The Body Shop","isPartOf":{"@id":"https:\/\/www.suno.com.br\/noticias\/#website"},"primaryImageOfPage":{"@id":"https:\/\/www.suno.com.br\/noticias\/natura-ntco3-the-body-shop-gpj\/#primaryimage"},"image":{"@id":"https:\/\/www.suno.com.br\/noticias\/natura-ntco3-the-body-shop-gpj\/#primaryimage"},"thumbnailUrl":"https:\/\/files.sunoresearch.com.br\/n\/uploads\/2020\/03\/f94387a6-natura-jpg.webp","datePublished":"2023-10-30T13:46:41+00:00","dateModified":"2023-10-30T14:06:24+00:00","description":"A Natura (NTCO3) celebrou um acordo de exclusividade visando a potencial venda da The Body Shop, marca de cosm\u00e9ticos da fabricante brasileira","breadcrumb":{"@id":"https:\/\/www.suno.com.br\/noticias\/natura-ntco3-the-body-shop-gpj\/#breadcrumb"},"inLanguage":"pt-BR","potentialAction":[{"@type":"ReadAction","target":["https:\/\/www.suno.com.br\/noticias\/natura-ntco3-the-body-shop-gpj\/"]}]},{"@type":"ImageObject","inLanguage":"pt-BR","@id":"https:\/\/www.suno.com.br\/noticias\/natura-ntco3-the-body-shop-gpj\/#primaryimage","url":"https:\/\/files.sunoresearch.com.br\/n\/uploads\/2020\/03\/f94387a6-natura-jpg.webp","contentUrl":"https:\/\/files.sunoresearch.com.br\/n\/uploads\/2020\/03\/f94387a6-natura-jpg.webp","width":1200,"height":800,"caption":"Natura (NATU3). Foto: divulga\u00e7\u00e3o."},{"@type":"BreadcrumbList","@id":"https:\/\/www.suno.com.br\/noticias\/natura-ntco3-the-body-shop-gpj\/#breadcrumb","itemListElement":[{"@type":"ListItem","position":1,"name":"Not\u00edcias","item":"https:\/\/www.suno.com.br\/noticias\/"},{"@type":"ListItem","position":2,"name":"Neg\u00f3cios","item":"https:\/\/www.suno.com.br\/noticias\/negocios\/"},{"@type":"ListItem","position":3,"name":"Natura (NTCO3) assina acordo de exclusividade para potencial venda da The Body Shop"}]},{"@type":"WebSite","@id":"https:\/\/www.suno.com.br\/noticias\/#website","url":"https:\/\/www.suno.com.br\/noticias\/","name":"Suno Not\u00edcias","description":"Seu portal de informa\u00e7\u00e3o sobre o mundo dos investimentos","publisher":{"@id":"https:\/\/www.suno.com.br\/noticias\/#organization"},"potentialAction":[{"@type":"SearchAction","target":{"@type":"EntryPoint","urlTemplate":"https:\/\/www.suno.com.br\/noticias\/?s={search_term_string}"},"query-input":{"@type":"PropertyValueSpecification","valueRequired":true,"valueName":"search_term_string"}}],"inLanguage":"pt-BR"},{"@type":"Organization","@id":"https:\/\/www.suno.com.br\/noticias\/#organization","name":"Suno Not\u00edcias","url":"https:\/\/www.suno.com.br\/noticias\/","logo":{"@type":"ImageObject","inLanguage":"pt-BR","@id":"https:\/\/www.suno.com.br\/noticias\/#\/schema\/logo\/image\/","url":"https:\/\/files.sunoresearch.com.br\/n\/uploads\/2021\/09\/suno-logo.png","contentUrl":"https:\/\/files.sunoresearch.com.br\/n\/uploads\/2021\/09\/suno-logo.png","width":180,"height":180,"caption":"Suno Not\u00edcias"},"image":{"@id":"https:\/\/www.suno.com.br\/noticias\/#\/schema\/logo\/image\/"},"sameAs":["https:\/\/facebook.com\/sunoresearch","https:\/\/x.com\/sunoresearch","https:\/\/www.instagram.com\/suno","https:\/\/www.linkedin.com\/company\/suno-research\/","https:\/\/www.youtube.com\/c\/sunoresearch"]},{"@type":"Person","@id":"https:\/\/www.suno.com.br\/noticias\/#\/schema\/person\/d0f32748bbca4bee871fa191ee4e2d40","name":"Giovanni Porf\u00edrio Jacomino","image":{"@type":"ImageObject","inLanguage":"pt-BR","@id":"https:\/\/www.suno.com.br\/noticias\/#\/schema\/person\/image\/","url":"https:\/\/secure.gravatar.com\/avatar\/efb32e19b730a121cb7a80f41ffec01a?s=96&r=g","contentUrl":"https:\/\/secure.gravatar.com\/avatar\/efb32e19b730a121cb7a80f41ffec01a?s=96&r=g","caption":"Giovanni Porf\u00edrio Jacomino"},"description":"Giovanni Porf\u00edrio Jacomino \u00e9 jornalista formado pela Universidade Estadual de Londrina (UEL) e p\u00f3s-graduado em Produ\u00e7\u00e3o e Pr\u00e1ticas Jornal\u00edsticas na Contemporaneidade na Faculdade C\u00e1sper L\u00edbero (FCL). Foi editor web no Startupi e no Finsiders, atuando ainda como editor no TC Mover, portal de not\u00edcias da TradersClub, fazendo a cobertura de assuntos relacionados ao mercado financeiro interno e externo. Atualmente, \u00e9 Rep\u00f3rter do Suno Not\u00edcias.","url":"https:\/\/www.suno.com.br\/noticias\/author\/giovanni-porfiriosuno-com-br\/"}]}},"default_loop_html":"<div class=\"cardsPage__listCard__boxs\"><div class=\"cardsPage__listCard__boxs__img\"><a href=\"https:\/\/www.suno.com.br\/noticias\/natura-ntco3-the-body-shop-gpj\/\"><img class=\"mask\" src=\"https:\/\/www.suno.com.br\/noticias\/wp-content\/themes\/suno\/resources\/images\/spotlight\/spotlight1img\/bg-mask.png\" alt=\"Image Mask\"\/><img src=\"https:\/\/files.sunoresearch.com.br\/n\/uploads\/2020\/03\/f94387a6-natura-400x200.webp\" alt=\"Natura (NTCO3) assina acordo de exclusividade para potencial venda da The Body Shop\"\/><\/a><span class=\"spotlightCategory\"><a href=\"https:\/\/www.suno.com.br\/noticias\/negocios\/\">Neg\u00f3cios<\/a><\/span><\/div><div class=\"cardsPage__listCard__boxs__content\"><a href=\"https:\/\/www.suno.com.br\/noticias\/natura-ntco3-the-body-shop-gpj\/\"><h2 class=\"content__title\">Natura (NTCO3) assina acordo de exclusividade para potencial venda da The Body Shop<\/h2><\/a><div class=\"newsContent__article__meta\"><div class=\"newsContent__article__meta__authorBox\"><a href=\"https:\/\/www.suno.com.br\/noticias\/author\/marco-lopes\/\" class=\"authorBox__avatar noMobi\"><img src=\"https:\/\/secure.gravatar.com\/avatar\/385167b012fbc1cde32c5446ee253313?s=96&#038;r=g\" alt=\"Marco Ant\u00f4nio Lopes\"><\/a><div class=\"authorBox__name\"><span>por\n\t\t\t<a href=\"https:\/\/www.suno.com.br\/noticias\/author\/marco-lopes\/\"><span itemprop=\"author\">Marco Ant\u00f4nio Lopes<\/span><\/a><\/span><time datetime=\"2023-10-30T10:46:41-03:00\" itemprop=\"datePublished\">30\/10\/2023 10:46<\/time><\/div><\/div><\/div><\/div><\/div>","single_layout":"posts","amp_enabled":true,"_links":{"self":[{"href":"https:\/\/www.suno.com.br\/noticias\/wp-json\/wp\/v2\/posts\/478212"}],"collection":[{"href":"https:\/\/www.suno.com.br\/noticias\/wp-json\/wp\/v2\/posts"}],"about":[{"href":"https:\/\/www.suno.com.br\/noticias\/wp-json\/wp\/v2\/types\/post"}],"author":[{"embeddable":true,"href":"https:\/\/www.suno.com.br\/noticias\/wp-json\/wp\/v2\/users\/313"}],"replies":[{"embeddable":true,"href":"https:\/\/www.suno.com.br\/noticias\/wp-json\/wp\/v2\/comments?post=478212"}],"version-history":[{"count":3,"href":"https:\/\/www.suno.com.br\/noticias\/wp-json\/wp\/v2\/posts\/478212\/revisions"}],"predecessor-version":[{"id":478279,"href":"https:\/\/www.suno.com.br\/noticias\/wp-json\/wp\/v2\/posts\/478212\/revisions\/478279"}],"wp:featuredmedia":[{"embeddable":true,"href":"https:\/\/www.suno.com.br\/noticias\/wp-json\/wp\/v2\/media\/55305"}],"wp:attachment":[{"href":"https:\/\/www.suno.com.br\/noticias\/wp-json\/wp\/v2\/media?parent=478212"}],"wp:term":[{"taxonomy":"category","embeddable":true,"href":"https:\/\/www.suno.com.br\/noticias\/wp-json\/wp\/v2\/categories?post=478212"},{"taxonomy":"post_tag","embeddable":true,"href":"https:\/\/www.suno.com.br\/noticias\/wp-json\/wp\/v2\/tags?post=478212"},{"taxonomy":"suno_strategy","embeddable":true,"href":"https:\/\/www.suno.com.br\/noticias\/wp-json\/wp\/v2\/suno_strategy?post=478212"}],"curies":[{"name":"wp","href":"https:\/\/api.w.org\/{rel}","templated":true}]}}