{"id":477948,"date":"2023-10-28T18:37:21","date_gmt":"2023-10-28T21:37:21","guid":{"rendered":"https:\/\/www.suno.com.br\/noticias\/?p=477948"},"modified":"2023-10-28T18:37:49","modified_gmt":"2023-10-28T21:37:49","slug":"mudancas-reforma-tributaria-senado-jvj","status":"publish","type":"post","link":"https:\/\/www.suno.com.br\/noticias\/mudancas-reforma-tributaria-senado-jvj\/","title":{"rendered":"Confira as principais mudan\u00e7as na reforma tribut\u00e1ria no Senado"},"content":{"rendered":"<p>A <strong>reforma tribut\u00e1ria<\/strong> no Senado entrou em uma fase decisiva com a apresenta\u00e7\u00e3o, na quarta-feira (25), do parecer a ser votado na Comiss\u00e3o de Constitui\u00e7\u00e3o e Justi\u00e7a (CCJ). Entregue pelo senador Eduardo Braga (MDB-AM), relator da proposta, o texto deve ser votado at\u00e9 7 de novembro na comiss\u00e3o, segundo as estimativas iniciais.<img decoding=\"async\" style=\"width: 1px; height: 1px;\" src=\"https:\/\/agenciabrasil.ebc.com.br\/ebc.png?id=1563367&amp;o=rss\"><img decoding=\"async\" style=\"width: 1px; height: 1px;\" src=\"https:\/\/agenciabrasil.ebc.com.br\/ebc.gif?id=1563367&amp;o=rss\"><\/p>\t<div class=\"wrapper-featured-image\">\n\t\t<figure class=\"spotlightImg\">\n\n\t\t\t<picture>\n\t\t\t\t<source media=\"(max-width: 768px)\" srcset=\"https:\/\/files.sunoresearch.com.br\/n\/uploads\/2022\/11\/senado-institucional-pec-transicao-foto-jefferson-rudy-agencia-senado-400x200.jpg\">\n\t\t\t\t<img loading=\"lazy\" decoding=\"async\" class=\"newsContent__article__imgCapa lazyloadDisabled \" src=\"https:\/\/files.sunoresearch.com.br\/n\/uploads\/2022\/11\/senado-institucional-pec-transicao-foto-jefferson-rudy-agencia-senado-800x450.jpg\" width=\"800\" height=\"450\" alt=\"Confira as principais mudan\u00e7as na reforma tribut\u00e1ria no Senado\" fetchpriority=high \/>\n\t\t\t<\/picture>\n\n\t\t\t<figcaption class=\"wp-caption-text wp-caption-text--show\">Senado. Foto: Jefferson Rudy\/Ag\u00eancia Senado<\/figcaption>\n\t\t<\/figure>\n\t<\/div>\n\n\n\n\n\n\t<p>\n\t\t<a href=\"https:\/\/lp2.suno.com.br\/cl\/black-friday-2025\/?utm_campaign=_SNCDF0E4858_\" target=\"_blank\" data-element=\"shortcode-suno-banner\" title=\"Banner SUNO, clique e saiba mais\">\n\t\t\t<picture>\n\t\t\t\t<source media=\"(max-width: 500px)\" srcset=\"https:\/\/files.sunoresearch.com.br\/n\/uploads\/2025\/10\/Artigos-e-Noticias-Banner-Home-artigos-01-Mobile_-400x300-1-png.webp\">\n\t\t\t\t<img class=\"newsContent__article__imgCapa newsContent__article__imgCapa--banner\"\n\t\t\t\t\tsrc=\"https:\/\/files.sunoresearch.com.br\/n\/uploads\/2025\/10\/Artigos-e-Noticias-Banner-Home-artigos-01-Desktop_-1420x240-1-png.webp\"\n\t\t\t\t\tdata-promo-id=\"311259\"\t\t\t\t\t\t\t\t\t\twidth='1420' height='240'\t\t\t\t\talt=\"https:\/\/files.sunoresearch.com.br\/n\/uploads\/2025\/10\/Artigos-e-Noticias-Banner-Home-artigos-01-Desktop_-1420x240-1-png.webp\"\n\t\t\t\t>\n\t\t\t<\/picture>\n\t\t<\/a>\n\t<\/p>\n\n\n\n\n\n<p>O parecer manteve a maior parte da <strong>proposta da reforma tribut\u00e1ria<\/strong> para simplificar e reformular os tributos sobre o consumo, aprovada no in\u00edcio de julho pela C\u00e2mara dos Deputados, como a unifica\u00e7\u00e3o de <a class=\"suno-keyword\" target=\"_blank\" data-force=\"no\" data-priority=\"1\" href=\"https:\/\/www.suno.com.br\/artigos\/tributos-federais\/\" rel=\"noopener\">tributos federais<\/a> na Contribui\u00e7\u00e3o sobre Bens e Servi\u00e7os (CBS) e dos tributos estaduais e municipais no Imposto sobre Bens e Servi\u00e7os (IBS), e a cobran\u00e7a no destino (local do consumo), com uma regra de transi\u00e7\u00e3o longa para os tributos regionais e r\u00e1pida para os tributos federais.<\/p>\n\n\n\n<p>O texto, no entanto, trouxe altera\u00e7\u00f5es. De 663 emendas apresentadas no Senado, Braga acolheu, parcialmente ou totalmente, 183. As principais foram a cria\u00e7\u00e3o de uma trava para a <a class=\"suno-keyword\" target=\"_blank\" data-force=\"no\" data-priority=\"1\" href=\"https:\/\/www.suno.com.br\/artigos\/carga-tributaria\/\" rel=\"noopener\">carga tribut\u00e1ria<\/a> (peso dos tributos sobre a economia), a revis\u00e3o peri\u00f3dica dos setores inclu\u00eddos em regimes espec\u00edficos de tributa\u00e7\u00e3o, a amplia\u00e7\u00e3o do Fundo de Desenvolvimento Regional (FDR) e a inclus\u00e3o de servi\u00e7os de profissionais liberais na al\u00edquota reduzida de CBS e de IBS.<\/p>\n\n\n\t<div data-element=\"shortcode-read-more\" class=\"knowMore\">\n\t\t\t\t<span class=\"knowMore__title\">Leia mais<\/span>\n\t\t\t\t<a class=\"knowMore__link\" href=\"https:\/\/www.suno.com.br\/noticias\/governo-consulta-certificacao-verde-produtos-amazonia-jvj\/\">\n\t\t\tGoverno abre consulta sobre certifica\u00e7\u00e3o verde de produtos da Amaz\u00f4nia\t\t<\/a>\n\t<\/div>\n\n\n\n\n<p>Confira as principais <strong>mudan\u00e7as da reforma tribut\u00e1ria<\/strong>:<\/p>\n\n\n\n<h2 class=\"wp-block-heading\"><strong>Trava<\/strong><\/h2>\n\n\n\n<p>\u2022 Teto para manter constante a carga tribut\u00e1ria sobre o consumo;<\/p>\n\n\n\n<p>\u2022 Atualmente, esse teto corresponderia a 12,5% do PIB;<\/p>\n\n\n\n<p>\u2022 A cada 5 anos, seria aplicada uma f\u00f3rmula que considera a m\u00e9dia da receita dos tributos sobre consumo e servi\u00e7os entre 2012 e 2021;<\/p>\n\n\n\n<p>\u2022 F\u00f3rmula ser\u00e1 calculada com base na rela\u00e7\u00e3o entre a receita m\u00e9dia e o Produto Interno Bruto (PIB, bens e servi\u00e7os produzidos no pa\u00eds);<\/p>\n\n\n\n<p>\u2022 Caso o limite seja superado, a al\u00edquota de refer\u00eancia ter\u00e1 de cair;<\/p>\n\n\n\n<p>\u2022 Redu\u00e7\u00e3o seria calculada pelo Tribunal de Contas da Uni\u00e3o, baseado em dados dos entes federativos e do futuro Comit\u00ea Gestor do IBS.<\/p>\n\n\n\n<h2 class=\"wp-block-heading\"><strong>Regimes diferenciados<\/strong><\/h2>\n\n\n\n<p>\u2022 Inclus\u00e3o dos seguintes setores em regimes diferenciados de tributa\u00e7\u00e3o:<\/p>\n\n\n\n<p>\u2013 opera\u00e7\u00f5es relativas a tratados internacionais;<\/p>\n\n\n\n<p>\u2013 saneamento e concess\u00e3o de rodovias;<\/p>\n\n\n\n<p>\u2013 compartilhamento de servi\u00e7os de telecomunica\u00e7\u00f5es;<\/p>\n\n\n\n<p>\u2013 ag\u00eancias de viagem e turismo;<\/p>\n\n\n\n<p>\u2013 transporte coletivo rodovi\u00e1rio (intermunicipal e interestadual), ferrovi\u00e1rio, hidrovi\u00e1rio e a\u00e9reo.<\/p>\n\n\n\n<p>\u2022 Retomada dos benef\u00edcios fiscais ao setor automotivo at\u00e9 2025:<\/p>\n\n\n\n<p>\u2013 em julho, a C\u00e2mara havia rejeitado prorroga\u00e7\u00e3o de incentivos;<\/p>\n\n\n\n<p>\u2013 benef\u00edcios seriam convertidos em cr\u00e9dito presumido da CBS, cr\u00e9dito que d\u00e1 direito a desconto no pagamento de impostos futuros.<\/p>\n\n\n\n<p>\u2022 Revis\u00e3o a cada 5 anos dos regimes especiais:<\/p>\n\n\n\n<p>\u2013 setores beneficiados dever\u00e3o seguir metas de desempenho econ\u00f4micas, sociais e ambientais;<\/p>\n\n\n\n<p>\u2013 dependendo da revis\u00e3o, lei determinar\u00e1 regime de transi\u00e7\u00e3o para a al\u00edquota padr\u00e3o.<\/p>\n\n\n\n<p>\u2022 Manuten\u00e7\u00e3o dos produtos e insumos agropecu\u00e1rios entre itens com al\u00edquota reduzida.<\/p>\n\n\n\n<h2 class=\"wp-block-heading\"><strong>Profissionais liberais<\/strong><\/h2>\n\n\n\n<p>\u2022 Servi\u00e7os prestados por profissionais liberais &#8211; como advogados, m\u00e9dicos, dentistas, arquitetos e demais profissionais do tipo &#8211; ter\u00e3o desconto de 30% na al\u00edquota;<\/p>\n\n\n\n<p>\u2022 Na pr\u00e1tica, a mudan\u00e7a beneficia apenas empresas, escrit\u00f3rios e cl\u00ednicas que faturem mais de R$ 4,8 milh\u00f5es por ano. Isso porque a maior parte dos profissionais aut\u00f4nomos, que ganham abaixo desse valor, est\u00e1 inclu\u00edda no <a class=\"suno-keyword\" target=\"_blank\" data-force=\"no\" data-priority=\"3\" href=\"https:\/\/www.suno.com.br\/artigos\/simples-nacional\/\" rel=\"noopener\">Simples Nacional<\/a>.<\/p>\n\n\n\n<h2 class=\"wp-block-heading\"><strong>Cesta b\u00e1sica<\/strong><\/h2>\n\n\n\n<p>\u2022 Restri\u00e7\u00e3o do n\u00famero de produtos com al\u00edquota zero, com desmembramento em duas listas:<\/p>\n\n\n\n<p>\u2013 cesta b\u00e1sica nacional, com al\u00edquota zero, e car\u00e1ter de enfrentamento \u00e0 fome;<\/p>\n\n\n\n<p>\u2013 cesta b\u00e1sica estendida, com al\u00edquota reduzida para 40% da al\u00edquota padr\u00e3o e mecanismo de cashback (devolu\u00e7\u00e3o parcial de dinheiro);<\/p>\n\n\n\n<p>\u2013 cesta nacional poder\u00e1 ser regionalizada, com itens definidos por lei complementar.<\/p>\n\n\n\n<h2 class=\"wp-block-heading\"><strong>Cashback na conta de luz<\/strong><\/h2>\n\n\n\n<p>\u2022 Devolu\u00e7\u00e3o obrigat\u00f3ria de parte dos tributos na conta de luz para fam\u00edlia de baixa renda;<\/p>\n\n\n\n<p>\u2022 Ressarcimento ocorreria no momento da cobran\u00e7a, entrando como desconto na conta de luz;<\/p>\n\n\n\n<p>\u2022 Detalhes a serem regulamentados por lei complementar.<\/p>\n\n\n\n<h2 class=\"wp-block-heading\"><strong>Imposto seletivo<\/strong><\/h2>\n\n\n\n<p>\u2022 Cobran\u00e7a sobre produtos que gerem danos \u00e0 sa\u00fade ou ao meio ambiente;<\/p>\n\n\n\n<p>\u2022 Al\u00edquotas definidas por lei;<\/p>\n\n\n\n<p>\u2022 60% da receita vai para estados e munic\u00edpios;<\/p>\n\n\n\n<p>\u2022 Princ\u00edpio da anualidade: cobran\u00e7a s\u00f3 poder\u00e1 come\u00e7ar no ano seguinte \u00e0 san\u00e7\u00e3o da lei;<\/p>\n\n\n\n<p>\u2022 Imposto regulat\u00f3rio: n\u00e3o tem objetivo de arrecadar, mas regular mercado e punir condutas prejudiciais;<\/p>\n\n\n\n<p>\u2022 Produtos:<\/p>\n\n\n\n<p>\u2013 possibilidade de cobran\u00e7a sobre combust\u00edveis;<\/p>\n\n\n\n<p>\u2013 al\u00edquota de 1% sobre extra\u00e7\u00e3o de recursos naturais n\u00e3o renov\u00e1veis, como min\u00e9rio e petr\u00f3leo;<\/p>\n\n\n\n<p>\u2013 cobran\u00e7a armas e muni\u00e7\u00f5es, exceto as usadas pela administra\u00e7\u00e3o p\u00fablica;<\/p>\n\n\n\n<p>\u2022 Exclus\u00e3o da incid\u00eancia sobre:<\/p>\n\n\n\n<p>\u2013 telecomunica\u00e7\u00f5es;<\/p>\n\n\n\n<p>\u2013 energia;<\/p>\n\n\n\n<p>\u2013 produtos concorrentes com os produzidos na <a class=\"suno-keyword\" target=\"_blank\" data-force=\"no\" data-priority=\"1\" href=\"https:\/\/www.suno.com.br\/artigos\/zona-franca\/\" rel=\"noopener\">Zona Franca<\/a> de Manaus.<\/p>\n\n\n\n<h2 class=\"wp-block-heading\"><strong>Zona Franca de Manaus<\/strong><\/h2>\n\n\n\n<p>\u2022 A C\u00e2mara tinha inclu\u00eddo o imposto seletivo sobre produtos concorrentes de fora da regi\u00e3o para manter competitividade da Zona Franca;<\/p>\n\n\n\n<p>\u2022 Relator trocou o imposto seletivo por Contribui\u00e7\u00e3o de Interven\u00e7\u00e3o no Dom\u00ednio Econ\u00f4mico (Cide).<\/p>\n\n\n\n<h2 class=\"wp-block-heading\"><strong>Fundo Nacional de Desenvolvimento Regional<\/strong><\/h2>\n\n\n\n<p>\u2022 Fundo que ajudar\u00e1 o desenvolvimento de regi\u00f5es de menor renda;<\/p>\n\n\n\n<p>\u2022 Aumento da verba de R$ 40 bilh\u00f5es para R$ 60 bilh\u00f5es anuais;<\/p>\n\n\n\n<p>\u2022 Transi\u00e7\u00e3o para o aumento:<\/p>\n\n\n\n<p>\u2013 Fundo come\u00e7aria com aportes de R$ 8 bilh\u00f5es em 2029 at\u00e9 chegar a R$ 40 bilh\u00f5es no in\u00edcio de 2034;<\/p>\n\n\n\n<p>\u2013 Em 2034, aportes subiriam R$ 2 bilh\u00f5es por ano at\u00e9 atingir R$ 60 bilh\u00f5es em 2043.<\/p>\n\n\n\n<p>\u2022 Divis\u00e3o dos recursos:<\/p>\n\n\n\n<p>\u2013 70% pelos crit\u00e9rios do Fundo de Participa\u00e7\u00e3o dos Estados (FPE);<\/p>\n\n\n\n<p>\u2013 30% para estados mais populosos.<\/p>\n\n\n\n<h2 class=\"wp-block-heading\"><strong>Limites a unidades da Federa\u00e7\u00e3o<\/strong><\/h2>\n\n\n\n<p>\u2022 Mantido artigo inclu\u00eddo de \u00faltima hora na C\u00e2mara que autoriza estados e Distrito Federal a criar contribui\u00e7\u00e3o sobre produtos prim\u00e1rios e semielaborados para financiar infraestruturas locais;<\/p>\n\n\n\n<p>\u2022 Restri\u00e7\u00f5es:<\/p>\n\n\n\n<p>\u2013 Permiss\u00e3o apenas a fundos estaduais em funcionamento em 30 de abril de 2023<\/p>\n\n\n\n<p>\u2013 Com a regra, apenas Goi\u00e1s, Mato Grosso, Mato Grosso do Sul e Par\u00e1 poder\u00e3o manter contribui\u00e7\u00e3o;<\/p>\n\n\n\n<p>\u2013 Contribui\u00e7\u00e3o s\u00f3 poder\u00e1 ser cobrada at\u00e9 2032, para evitar nova <a class=\"suno-keyword\" target=\"_blank\" data-force=\"no\" data-priority=\"1\" href=\"https:\/\/www.suno.com.br\/artigos\/guerra-fiscal\/\" rel=\"noopener\">guerra fiscal<\/a>.<\/p>\n\n\n\n<h2 class=\"wp-block-heading\"><strong>Fundo de Compensa\u00e7\u00e3o de Benef\u00edcios Fiscais<\/strong><\/h2>\n\n\n\n<p>\u2022 Seguro-receita para compensa\u00e7\u00e3o da perda de arrecada\u00e7\u00e3o dos entes federativos com o fim de <a class=\"suno-keyword\" target=\"_blank\" data-force=\"no\" data-priority=\"1\" href=\"https:\/\/www.suno.com.br\/artigos\/incentivos-fiscais\/\" rel=\"noopener\">incentivos fiscais<\/a> sobe de 3% para 5% do IBS;<\/p>\n\n\n\n<p>\u2022 Mudan\u00e7a atende a pedido dos estados;<\/p>\n\n\n\n<p>\u2022 Crit\u00e9rios de reparti\u00e7\u00e3o:<\/p>\n\n\n\n<p>\u2013 estados e munic\u00edpios com maior perda relativa (em termos percentuais) de arrecada\u00e7\u00e3o;<\/p>\n\n\n\n<p>\u2013 receita per capita (por habitante) do fundo n\u00e3o pode exceder tr\u00eas vezes a m\u00e9dia nacional, no caso dos estados, e tr\u00eas vezes a m\u00e9dia dos munic\u00edpios de todo o pa\u00eds, no caso das prefeituras.<\/p>\n\n\n\n<h2 class=\"wp-block-heading\"><strong>Comit\u00ea Gestor<\/strong><\/h2>\n\n\n\n<p>\u2022 Encarregado de gerir a cobran\u00e7a e a arrecada\u00e7\u00e3o do IBS, Conselho Federativo foi rebatizado de Comit\u00ea Gestor;<\/p>\n\n\n\n<p>\u2022 \u00d3rg\u00e3o passar\u00e1 a ter car\u00e1ter exclusivamente t\u00e9cnico, assegurando divis\u00e3o correta dos recursos, sem capacidade de propor regula\u00e7\u00f5es ao Legislativo;<\/p>\n\n\n\n<p>\u2022 Presidente do Comit\u00ea Gestor ter\u00e1 de ser sabatinado pelo Senado.<\/p>\n\n\n\n<p>(Com informa\u00e7\u00f5es de Ag\u00eancia Brasil)<\/p>\n\n\n\t<p>\n\t\t<a href=\"https:\/\/lp.suno.com.br\/ebook-como-analisar-uma-acao\/\" target=\"_blank\" data-element=\"shortcode-suno-banner\" title=\"Banner SUNO, clique e saiba mais\">\n\t\t\t<picture>\n\t\t\t\t<source media=\"(max-width: 500px)\" srcset=\"https:\/\/files.sunoresearch.com.br\/n\/uploads\/2023\/12\/Ebook-Acoes-Mobile.jpg\">\n\t\t\t\t<img class=\"newsContent__article__imgCapa newsContent__article__imgCapa--banner\"\n\t\t\t\t\tsrc=\"https:\/\/files.sunoresearch.com.br\/n\/uploads\/2023\/12\/Ebook-Acoes-Desktop.webp\"\n\t\t\t\t\tdata-promo-id=\"311260\"\t\t\t\t\t\t\t\t\t\twidth='1420' height='286'\t\t\t\t\talt=\"https:\/\/files.sunoresearch.com.br\/n\/uploads\/2023\/12\/Ebook-Acoes-Desktop.webp\"\n\t\t\t\t>\n\t\t\t<\/picture>\n\t\t<\/a>\n\t<\/p>\n\n\n","protected":false},"excerpt":{"rendered":"<p>A reforma tribut\u00e1ria no Senado entrou em uma fase decisiva com a apresenta\u00e7\u00e3o, na quarta-feira (25), do parecer a ser votado na Comiss\u00e3o de Constitui\u00e7\u00e3o e Justi\u00e7a (CCJ). Entregue pelo senador Eduardo Braga (MDB-AM), relator da proposta, o texto deve ser votado at\u00e9 7 de novembro na comiss\u00e3o, segundo as estimativas iniciais. Senado. Foto: Jefferson [&hellip;]<\/p>\n","protected":false},"author":173,"featured_media":325483,"comment_status":"closed","ping_status":"closed","sticky":false,"template":"","format":"standard","meta":[],"categories":[61],"tags":[1286],"suno_strategy":[],"class_list":["post-477948","post","type-post","status-publish","format-standard","has-post-thumbnail","hentry","category-politica","tag-reforma-tributaria"],"yoast_head":"<!-- This site is optimized with the Yoast SEO plugin v24.4 - https:\/\/yoast.com\/wordpress\/plugins\/seo\/ -->\n<title>Confira as principais mudan\u00e7as na reforma tribut\u00e1ria no Senado<\/title>\n<meta name=\"description\" content=\"A reforma tribut\u00e1ria no Senado entrou em uma fase decisiva. Veja as principais mudan\u00e7as na reforma tribut\u00e1ria no Senado.\" \/>\n<meta name=\"robots\" content=\"index, follow, max-snippet:-1, max-image-preview:large, max-video-preview:-1\" \/>\n<link rel=\"canonical\" href=\"https:\/\/www.suno.com.br\/noticias\/mudancas-reforma-tributaria-senado-jvj\/\" \/>\n<meta property=\"og:locale\" content=\"pt_BR\" \/>\n<meta property=\"og:type\" content=\"article\" \/>\n<meta property=\"og:title\" content=\"Confira as principais mudan\u00e7as na reforma tribut\u00e1ria no Senado\" \/>\n<meta property=\"og:description\" content=\"A reforma tribut\u00e1ria no Senado entrou em uma fase decisiva. Veja as principais mudan\u00e7as na reforma tribut\u00e1ria no Senado.\" \/>\n<meta property=\"og:url\" content=\"https:\/\/www.suno.com.br\/noticias\/mudancas-reforma-tributaria-senado-jvj\/\" \/>\n<meta property=\"og:site_name\" content=\"Suno Not\u00edcias\" \/>\n<meta property=\"article:publisher\" content=\"https:\/\/facebook.com\/sunoresearch\" \/>\n<meta property=\"og:image\" content=\"https:\/\/files.sunoresearch.com.br\/n\/uploads\/2022\/11\/senado-institucional-pec-transicao-foto-jefferson-rudy-agencia-senado.jpg\" \/>\n\t<meta property=\"og:image:width\" content=\"1200\" \/>\n\t<meta property=\"og:image:height\" content=\"675\" \/>\n\t<meta property=\"og:image:type\" content=\"image\/jpeg\" \/>\n<meta name=\"author\" content=\"Jo\u00e3o Vitor\" \/>\n<meta name=\"twitter:card\" content=\"summary_large_image\" \/>\n<meta name=\"twitter:creator\" content=\"@sunoresearch\" \/>\n<meta name=\"twitter:site\" content=\"@sunoresearch\" \/>\n<meta name=\"twitter:label1\" content=\"Escrito por\" \/>\n\t<meta name=\"twitter:data1\" content=\"Jo\u00e3o Vitor\" \/>\n\t<meta name=\"twitter:label2\" content=\"Est. tempo de leitura\" \/>\n\t<meta name=\"twitter:data2\" content=\"7 minutos\" \/>\n<script type=\"application\/ld+json\" class=\"yoast-schema-graph\">{\"@context\":\"https:\/\/schema.org\",\"@graph\":[{\"@type\":\"NewsArticle\",\"@id\":\"https:\/\/www.suno.com.br\/noticias\/mudancas-reforma-tributaria-senado-jvj\/#article\",\"isPartOf\":{\"@id\":\"https:\/\/www.suno.com.br\/noticias\/mudancas-reforma-tributaria-senado-jvj\/\"},\"author\":{\"name\":\"Jo\u00e3o Vitor\",\"@id\":\"https:\/\/www.suno.com.br\/noticias\/#\/schema\/person\/87fc6973867c52dd884811905c43afba\"},\"headline\":\"Confira as principais mudan\u00e7as na reforma tribut\u00e1ria no Senado\",\"datePublished\":\"2023-10-28T21:37:21+00:00\",\"dateModified\":\"2023-10-28T21:37:49+00:00\",\"mainEntityOfPage\":{\"@id\":\"https:\/\/www.suno.com.br\/noticias\/mudancas-reforma-tributaria-senado-jvj\/\"},\"wordCount\":1180,\"publisher\":{\"@id\":\"https:\/\/www.suno.com.br\/noticias\/#organization\"},\"image\":{\"@id\":\"https:\/\/www.suno.com.br\/noticias\/mudancas-reforma-tributaria-senado-jvj\/#primaryimage\"},\"thumbnailUrl\":\"https:\/\/files.sunoresearch.com.br\/n\/uploads\/2022\/11\/senado-institucional-pec-transicao-foto-jefferson-rudy-agencia-senado.jpg\",\"keywords\":[\"reforma tribut\u00e1ria\"],\"articleSection\":[\"Pol\u00edtica\"],\"inLanguage\":\"pt-BR\"},{\"@type\":\"WebPage\",\"@id\":\"https:\/\/www.suno.com.br\/noticias\/mudancas-reforma-tributaria-senado-jvj\/\",\"url\":\"https:\/\/www.suno.com.br\/noticias\/mudancas-reforma-tributaria-senado-jvj\/\",\"name\":\"Confira as principais mudan\u00e7as na reforma tribut\u00e1ria no Senado\",\"isPartOf\":{\"@id\":\"https:\/\/www.suno.com.br\/noticias\/#website\"},\"primaryImageOfPage\":{\"@id\":\"https:\/\/www.suno.com.br\/noticias\/mudancas-reforma-tributaria-senado-jvj\/#primaryimage\"},\"image\":{\"@id\":\"https:\/\/www.suno.com.br\/noticias\/mudancas-reforma-tributaria-senado-jvj\/#primaryimage\"},\"thumbnailUrl\":\"https:\/\/files.sunoresearch.com.br\/n\/uploads\/2022\/11\/senado-institucional-pec-transicao-foto-jefferson-rudy-agencia-senado.jpg\",\"datePublished\":\"2023-10-28T21:37:21+00:00\",\"dateModified\":\"2023-10-28T21:37:49+00:00\",\"description\":\"A reforma tribut\u00e1ria no Senado entrou em uma fase decisiva. Veja as principais mudan\u00e7as na reforma tribut\u00e1ria no Senado.\",\"breadcrumb\":{\"@id\":\"https:\/\/www.suno.com.br\/noticias\/mudancas-reforma-tributaria-senado-jvj\/#breadcrumb\"},\"inLanguage\":\"pt-BR\",\"potentialAction\":[{\"@type\":\"ReadAction\",\"target\":[\"https:\/\/www.suno.com.br\/noticias\/mudancas-reforma-tributaria-senado-jvj\/\"]}]},{\"@type\":\"ImageObject\",\"inLanguage\":\"pt-BR\",\"@id\":\"https:\/\/www.suno.com.br\/noticias\/mudancas-reforma-tributaria-senado-jvj\/#primaryimage\",\"url\":\"https:\/\/files.sunoresearch.com.br\/n\/uploads\/2022\/11\/senado-institucional-pec-transicao-foto-jefferson-rudy-agencia-senado.jpg\",\"contentUrl\":\"https:\/\/files.sunoresearch.com.br\/n\/uploads\/2022\/11\/senado-institucional-pec-transicao-foto-jefferson-rudy-agencia-senado.jpg\",\"width\":1200,\"height\":675,\"caption\":\"Senado. Foto: Jefferson Rudy\/Ag\u00eancia Senado\"},{\"@type\":\"BreadcrumbList\",\"@id\":\"https:\/\/www.suno.com.br\/noticias\/mudancas-reforma-tributaria-senado-jvj\/#breadcrumb\",\"itemListElement\":[{\"@type\":\"ListItem\",\"position\":1,\"name\":\"Not\u00edcias\",\"item\":\"https:\/\/www.suno.com.br\/noticias\/\"},{\"@type\":\"ListItem\",\"position\":2,\"name\":\"Pol\u00edtica\",\"item\":\"https:\/\/www.suno.com.br\/noticias\/politica\/\"},{\"@type\":\"ListItem\",\"position\":3,\"name\":\"Confira as principais mudan\u00e7as na reforma tribut\u00e1ria no Senado\"}]},{\"@type\":\"WebSite\",\"@id\":\"https:\/\/www.suno.com.br\/noticias\/#website\",\"url\":\"https:\/\/www.suno.com.br\/noticias\/\",\"name\":\"Suno Not\u00edcias\",\"description\":\"Seu portal de informa\u00e7\u00e3o sobre o mundo dos investimentos\",\"publisher\":{\"@id\":\"https:\/\/www.suno.com.br\/noticias\/#organization\"},\"potentialAction\":[{\"@type\":\"SearchAction\",\"target\":{\"@type\":\"EntryPoint\",\"urlTemplate\":\"https:\/\/www.suno.com.br\/noticias\/?s={search_term_string}\"},\"query-input\":{\"@type\":\"PropertyValueSpecification\",\"valueRequired\":true,\"valueName\":\"search_term_string\"}}],\"inLanguage\":\"pt-BR\"},{\"@type\":\"Organization\",\"@id\":\"https:\/\/www.suno.com.br\/noticias\/#organization\",\"name\":\"Suno Not\u00edcias\",\"url\":\"https:\/\/www.suno.com.br\/noticias\/\",\"logo\":{\"@type\":\"ImageObject\",\"inLanguage\":\"pt-BR\",\"@id\":\"https:\/\/www.suno.com.br\/noticias\/#\/schema\/logo\/image\/\",\"url\":\"https:\/\/files.sunoresearch.com.br\/n\/uploads\/2021\/09\/suno-logo.png\",\"contentUrl\":\"https:\/\/files.sunoresearch.com.br\/n\/uploads\/2021\/09\/suno-logo.png\",\"width\":180,\"height\":180,\"caption\":\"Suno Not\u00edcias\"},\"image\":{\"@id\":\"https:\/\/www.suno.com.br\/noticias\/#\/schema\/logo\/image\/\"},\"sameAs\":[\"https:\/\/facebook.com\/sunoresearch\",\"https:\/\/x.com\/sunoresearch\",\"https:\/\/www.instagram.com\/suno\",\"https:\/\/www.linkedin.com\/company\/suno-research\/\",\"https:\/\/www.youtube.com\/c\/sunoresearch\"]},{\"@type\":\"Person\",\"@id\":\"https:\/\/www.suno.com.br\/noticias\/#\/schema\/person\/87fc6973867c52dd884811905c43afba\",\"name\":\"Jo\u00e3o Vitor\",\"image\":{\"@type\":\"ImageObject\",\"inLanguage\":\"pt-BR\",\"@id\":\"https:\/\/www.suno.com.br\/noticias\/#\/schema\/person\/image\/\",\"url\":\"https:\/\/secure.gravatar.com\/avatar\/2843227ca03ccf8cc7ccca45204c127e?s=96&r=g\",\"contentUrl\":\"https:\/\/secure.gravatar.com\/avatar\/2843227ca03ccf8cc7ccca45204c127e?s=96&r=g\",\"caption\":\"Jo\u00e3o Vitor\"},\"description\":\"Redator profissional, com atua\u00e7\u00e3o no mercado editorial na produ\u00e7\u00e3o de not\u00edcias e conte\u00fados sobre o mercado de a\u00e7\u00f5es, fundos imobili\u00e1rios e economia popular. Graduando em Engenharia Qu\u00edmica pela Unesp, tamb\u00e9m j\u00e1 atuou como consultor financeiro.\",\"url\":\"https:\/\/www.suno.com.br\/noticias\/author\/joao-vitor-jacintho\/\"}]}<\/script>\n<!-- \/ Yoast SEO plugin. -->","yoast_head_json":{"title":"Confira as principais mudan\u00e7as na reforma tribut\u00e1ria no Senado","description":"A reforma tribut\u00e1ria no Senado entrou em uma fase decisiva. Veja as principais mudan\u00e7as na reforma tribut\u00e1ria no Senado.","robots":{"index":"index","follow":"follow","max-snippet":"max-snippet:-1","max-image-preview":"max-image-preview:large","max-video-preview":"max-video-preview:-1"},"canonical":"https:\/\/www.suno.com.br\/noticias\/mudancas-reforma-tributaria-senado-jvj\/","og_locale":"pt_BR","og_type":"article","og_title":"Confira as principais mudan\u00e7as na reforma tribut\u00e1ria no Senado","og_description":"A reforma tribut\u00e1ria no Senado entrou em uma fase decisiva. Veja as principais mudan\u00e7as na reforma tribut\u00e1ria no Senado.","og_url":"https:\/\/www.suno.com.br\/noticias\/mudancas-reforma-tributaria-senado-jvj\/","og_site_name":"Suno Not\u00edcias","article_publisher":"https:\/\/facebook.com\/sunoresearch","og_image":[{"width":1200,"height":675,"url":"https:\/\/files.sunoresearch.com.br\/n\/uploads\/2022\/11\/senado-institucional-pec-transicao-foto-jefferson-rudy-agencia-senado.jpg","type":"image\/jpeg"}],"author":"Jo\u00e3o Vitor","twitter_card":"summary_large_image","twitter_creator":"@sunoresearch","twitter_site":"@sunoresearch","twitter_misc":{"Escrito por":"Jo\u00e3o Vitor","Est. tempo de leitura":"7 minutos"},"schema":{"@context":"https:\/\/schema.org","@graph":[{"@type":"NewsArticle","@id":"https:\/\/www.suno.com.br\/noticias\/mudancas-reforma-tributaria-senado-jvj\/#article","isPartOf":{"@id":"https:\/\/www.suno.com.br\/noticias\/mudancas-reforma-tributaria-senado-jvj\/"},"author":{"name":"Jo\u00e3o Vitor","@id":"https:\/\/www.suno.com.br\/noticias\/#\/schema\/person\/87fc6973867c52dd884811905c43afba"},"headline":"Confira as principais mudan\u00e7as na reforma tribut\u00e1ria no Senado","datePublished":"2023-10-28T21:37:21+00:00","dateModified":"2023-10-28T21:37:49+00:00","mainEntityOfPage":{"@id":"https:\/\/www.suno.com.br\/noticias\/mudancas-reforma-tributaria-senado-jvj\/"},"wordCount":1180,"publisher":{"@id":"https:\/\/www.suno.com.br\/noticias\/#organization"},"image":{"@id":"https:\/\/www.suno.com.br\/noticias\/mudancas-reforma-tributaria-senado-jvj\/#primaryimage"},"thumbnailUrl":"https:\/\/files.sunoresearch.com.br\/n\/uploads\/2022\/11\/senado-institucional-pec-transicao-foto-jefferson-rudy-agencia-senado.jpg","keywords":["reforma tribut\u00e1ria"],"articleSection":["Pol\u00edtica"],"inLanguage":"pt-BR"},{"@type":"WebPage","@id":"https:\/\/www.suno.com.br\/noticias\/mudancas-reforma-tributaria-senado-jvj\/","url":"https:\/\/www.suno.com.br\/noticias\/mudancas-reforma-tributaria-senado-jvj\/","name":"Confira as principais mudan\u00e7as na reforma tribut\u00e1ria no Senado","isPartOf":{"@id":"https:\/\/www.suno.com.br\/noticias\/#website"},"primaryImageOfPage":{"@id":"https:\/\/www.suno.com.br\/noticias\/mudancas-reforma-tributaria-senado-jvj\/#primaryimage"},"image":{"@id":"https:\/\/www.suno.com.br\/noticias\/mudancas-reforma-tributaria-senado-jvj\/#primaryimage"},"thumbnailUrl":"https:\/\/files.sunoresearch.com.br\/n\/uploads\/2022\/11\/senado-institucional-pec-transicao-foto-jefferson-rudy-agencia-senado.jpg","datePublished":"2023-10-28T21:37:21+00:00","dateModified":"2023-10-28T21:37:49+00:00","description":"A reforma tribut\u00e1ria no Senado entrou em uma fase decisiva. Veja as principais mudan\u00e7as na reforma tribut\u00e1ria no Senado.","breadcrumb":{"@id":"https:\/\/www.suno.com.br\/noticias\/mudancas-reforma-tributaria-senado-jvj\/#breadcrumb"},"inLanguage":"pt-BR","potentialAction":[{"@type":"ReadAction","target":["https:\/\/www.suno.com.br\/noticias\/mudancas-reforma-tributaria-senado-jvj\/"]}]},{"@type":"ImageObject","inLanguage":"pt-BR","@id":"https:\/\/www.suno.com.br\/noticias\/mudancas-reforma-tributaria-senado-jvj\/#primaryimage","url":"https:\/\/files.sunoresearch.com.br\/n\/uploads\/2022\/11\/senado-institucional-pec-transicao-foto-jefferson-rudy-agencia-senado.jpg","contentUrl":"https:\/\/files.sunoresearch.com.br\/n\/uploads\/2022\/11\/senado-institucional-pec-transicao-foto-jefferson-rudy-agencia-senado.jpg","width":1200,"height":675,"caption":"Senado. Foto: Jefferson Rudy\/Ag\u00eancia Senado"},{"@type":"BreadcrumbList","@id":"https:\/\/www.suno.com.br\/noticias\/mudancas-reforma-tributaria-senado-jvj\/#breadcrumb","itemListElement":[{"@type":"ListItem","position":1,"name":"Not\u00edcias","item":"https:\/\/www.suno.com.br\/noticias\/"},{"@type":"ListItem","position":2,"name":"Pol\u00edtica","item":"https:\/\/www.suno.com.br\/noticias\/politica\/"},{"@type":"ListItem","position":3,"name":"Confira as principais mudan\u00e7as na reforma tribut\u00e1ria no Senado"}]},{"@type":"WebSite","@id":"https:\/\/www.suno.com.br\/noticias\/#website","url":"https:\/\/www.suno.com.br\/noticias\/","name":"Suno Not\u00edcias","description":"Seu portal de informa\u00e7\u00e3o sobre o mundo dos investimentos","publisher":{"@id":"https:\/\/www.suno.com.br\/noticias\/#organization"},"potentialAction":[{"@type":"SearchAction","target":{"@type":"EntryPoint","urlTemplate":"https:\/\/www.suno.com.br\/noticias\/?s={search_term_string}"},"query-input":{"@type":"PropertyValueSpecification","valueRequired":true,"valueName":"search_term_string"}}],"inLanguage":"pt-BR"},{"@type":"Organization","@id":"https:\/\/www.suno.com.br\/noticias\/#organization","name":"Suno Not\u00edcias","url":"https:\/\/www.suno.com.br\/noticias\/","logo":{"@type":"ImageObject","inLanguage":"pt-BR","@id":"https:\/\/www.suno.com.br\/noticias\/#\/schema\/logo\/image\/","url":"https:\/\/files.sunoresearch.com.br\/n\/uploads\/2021\/09\/suno-logo.png","contentUrl":"https:\/\/files.sunoresearch.com.br\/n\/uploads\/2021\/09\/suno-logo.png","width":180,"height":180,"caption":"Suno Not\u00edcias"},"image":{"@id":"https:\/\/www.suno.com.br\/noticias\/#\/schema\/logo\/image\/"},"sameAs":["https:\/\/facebook.com\/sunoresearch","https:\/\/x.com\/sunoresearch","https:\/\/www.instagram.com\/suno","https:\/\/www.linkedin.com\/company\/suno-research\/","https:\/\/www.youtube.com\/c\/sunoresearch"]},{"@type":"Person","@id":"https:\/\/www.suno.com.br\/noticias\/#\/schema\/person\/87fc6973867c52dd884811905c43afba","name":"Jo\u00e3o Vitor","image":{"@type":"ImageObject","inLanguage":"pt-BR","@id":"https:\/\/www.suno.com.br\/noticias\/#\/schema\/person\/image\/","url":"https:\/\/secure.gravatar.com\/avatar\/2843227ca03ccf8cc7ccca45204c127e?s=96&r=g","contentUrl":"https:\/\/secure.gravatar.com\/avatar\/2843227ca03ccf8cc7ccca45204c127e?s=96&r=g","caption":"Jo\u00e3o Vitor"},"description":"Redator profissional, com atua\u00e7\u00e3o no mercado editorial na produ\u00e7\u00e3o de not\u00edcias e conte\u00fados sobre o mercado de a\u00e7\u00f5es, fundos imobili\u00e1rios e economia popular. Graduando em Engenharia Qu\u00edmica pela Unesp, tamb\u00e9m j\u00e1 atuou como consultor financeiro.","url":"https:\/\/www.suno.com.br\/noticias\/author\/joao-vitor-jacintho\/"}]}},"default_loop_html":"<div class=\"cardsPage__listCard__boxs\"><div class=\"cardsPage__listCard__boxs__img\"><a href=\"https:\/\/www.suno.com.br\/noticias\/mudancas-reforma-tributaria-senado-jvj\/\"><img class=\"mask\" src=\"https:\/\/www.suno.com.br\/noticias\/wp-content\/themes\/suno\/resources\/images\/spotlight\/spotlight1img\/bg-mask.png\" alt=\"Image Mask\"\/><img src=\"https:\/\/files.sunoresearch.com.br\/n\/uploads\/2022\/11\/senado-institucional-pec-transicao-foto-jefferson-rudy-agencia-senado-400x200.jpg\" alt=\"Confira as principais mudan\u00e7as na reforma tribut\u00e1ria no Senado\"\/><\/a><span class=\"spotlightCategory\"><a href=\"https:\/\/www.suno.com.br\/noticias\/politica\/\">Pol\u00edtica<\/a><\/span><\/div><div class=\"cardsPage__listCard__boxs__content\"><a href=\"https:\/\/www.suno.com.br\/noticias\/mudancas-reforma-tributaria-senado-jvj\/\"><h2 class=\"content__title\">Confira as principais mudan\u00e7as na reforma tribut\u00e1ria no Senado<\/h2><\/a><div class=\"newsContent__article__meta\"><div class=\"newsContent__article__meta__authorBox\"><a href=\"https:\/\/www.suno.com.br\/noticias\/author\/joao-vitor-jacintho\/\" class=\"authorBox__avatar noMobi\"><img src=\"https:\/\/secure.gravatar.com\/avatar\/2843227ca03ccf8cc7ccca45204c127e?s=96&#038;r=g\" alt=\"Jo\u00e3o Vitor Jacintho\"><\/a><div class=\"authorBox__name\"><span>por\n\t\t\t<a href=\"https:\/\/www.suno.com.br\/noticias\/author\/joao-vitor-jacintho\/\"><span itemprop=\"author\">Jo\u00e3o Vitor Jacintho<\/span><\/a><\/span><time datetime=\"2023-10-28T18:37:21-03:00\" itemprop=\"datePublished\">28\/10\/2023 18:37<\/time><\/div><\/div><\/div><\/div><\/div>","single_layout":"posts","amp_enabled":true,"_links":{"self":[{"href":"https:\/\/www.suno.com.br\/noticias\/wp-json\/wp\/v2\/posts\/477948"}],"collection":[{"href":"https:\/\/www.suno.com.br\/noticias\/wp-json\/wp\/v2\/posts"}],"about":[{"href":"https:\/\/www.suno.com.br\/noticias\/wp-json\/wp\/v2\/types\/post"}],"author":[{"embeddable":true,"href":"https:\/\/www.suno.com.br\/noticias\/wp-json\/wp\/v2\/users\/173"}],"replies":[{"embeddable":true,"href":"https:\/\/www.suno.com.br\/noticias\/wp-json\/wp\/v2\/comments?post=477948"}],"version-history":[{"count":3,"href":"https:\/\/www.suno.com.br\/noticias\/wp-json\/wp\/v2\/posts\/477948\/revisions"}],"predecessor-version":[{"id":477990,"href":"https:\/\/www.suno.com.br\/noticias\/wp-json\/wp\/v2\/posts\/477948\/revisions\/477990"}],"wp:featuredmedia":[{"embeddable":true,"href":"https:\/\/www.suno.com.br\/noticias\/wp-json\/wp\/v2\/media\/325483"}],"wp:attachment":[{"href":"https:\/\/www.suno.com.br\/noticias\/wp-json\/wp\/v2\/media?parent=477948"}],"wp:term":[{"taxonomy":"category","embeddable":true,"href":"https:\/\/www.suno.com.br\/noticias\/wp-json\/wp\/v2\/categories?post=477948"},{"taxonomy":"post_tag","embeddable":true,"href":"https:\/\/www.suno.com.br\/noticias\/wp-json\/wp\/v2\/tags?post=477948"},{"taxonomy":"suno_strategy","embeddable":true,"href":"https:\/\/www.suno.com.br\/noticias\/wp-json\/wp\/v2\/suno_strategy?post=477948"}],"curies":[{"name":"wp","href":"https:\/\/api.w.org\/{rel}","templated":true}]}}