{"id":477759,"date":"2023-10-28T14:14:06","date_gmt":"2023-10-28T17:14:06","guid":{"rendered":"https:\/\/www.suno.com.br\/noticias\/?p=477759"},"modified":"2023-10-28T14:14:28","modified_gmt":"2023-10-28T17:14:28","slug":"governo-consulta-certificacao-verde-produtos-amazonia-jvj","status":"publish","type":"post","link":"https:\/\/www.suno.com.br\/noticias\/governo-consulta-certificacao-verde-produtos-amazonia-jvj\/","title":{"rendered":"Governo abre consulta sobre certifica\u00e7\u00e3o verde de produtos da Amaz\u00f4nia"},"content":{"rendered":"<p>Desde o dia 23, o <a href=\"https:\/\/www.suno.com.br\/noticias\/caixa-economica-federal-novo-presidente-luca-troca-comando\/\" target=\"_blank\" rel=\"noreferrer noopener\">governo federal<\/a> realiza consulta p\u00fablica sobre a certifica\u00e7\u00e3o de produtos e servi\u00e7os brasileiros com foco na sustentabilidade ambiental e social. A primeira, chamada de Selo Verde Brasil, tem o objetivo de atender aos requisitos socioambientais dos mercados globais em todo o ciclo de produ\u00e7\u00e3o. J\u00e1 a outra, chamada de Selo <strong>Amaz\u00f4nia<\/strong> visa valorizar a biotecnologia sustent\u00e1vel da regi\u00e3o.<\/p>\t<div class=\"wrapper-featured-image\">\n\t\t<figure class=\"spotlightImg\">\n\n\t\t\t<picture>\n\t\t\t\t<source media=\"(max-width: 768px)\" srcset=\"https:\/\/files.sunoresearch.com.br\/n\/uploads\/2021\/11\/photo-1593069567131-53a0614dde1d-400x200.jpg\">\n\t\t\t\t<img loading=\"lazy\" decoding=\"async\" class=\"newsContent__article__imgCapa lazyloadDisabled \" src=\"https:\/\/files.sunoresearch.com.br\/n\/uploads\/2021\/11\/photo-1593069567131-53a0614dde1d-800x450.jpg\" width=\"800\" height=\"450\" alt=\"Governo abre consulta sobre certifica\u00e7\u00e3o verde de produtos da Amaz\u00f4nia\" fetchpriority=high \/>\n\t\t\t<\/picture>\n\n\t\t\t<figcaption class=\"wp-caption-text wp-caption-text--show\">Governo abre consulta sobre certifica\u00e7\u00e3o verde de produtos da Amaz\u00f4nia. Foto: Vlad Hilitanu\/Unsplash<\/figcaption>\n\t\t<\/figure>\n\t<\/div>\n\n\n\n\n\n\t<p>\n\t\t<a href=\"https:\/\/lp2.suno.com.br\/cl\/black-friday-2025\/?utm_campaign=_SNCDF0E4858_\" target=\"_blank\" data-element=\"shortcode-suno-banner\" title=\"Banner SUNO, clique e saiba mais\">\n\t\t\t<picture>\n\t\t\t\t<source media=\"(max-width: 500px)\" srcset=\"https:\/\/files.sunoresearch.com.br\/n\/uploads\/2025\/10\/Artigos-e-Noticias-Banner-Home-artigos-01-Mobile_-400x300-1-png.webp\">\n\t\t\t\t<img class=\"newsContent__article__imgCapa newsContent__article__imgCapa--banner\"\n\t\t\t\t\tsrc=\"https:\/\/files.sunoresearch.com.br\/n\/uploads\/2025\/10\/Artigos-e-Noticias-Banner-Home-artigos-01-Desktop_-1420x240-1-png.webp\"\n\t\t\t\t\tdata-promo-id=\"311259\"\t\t\t\t\t\t\t\t\t\twidth='1420' height='240'\t\t\t\t\talt=\"https:\/\/files.sunoresearch.com.br\/n\/uploads\/2025\/10\/Artigos-e-Noticias-Banner-Home-artigos-01-Desktop_-1420x240-1-png.webp\"\n\t\t\t\t>\n\t\t\t<\/picture>\n\t\t<\/a>\n\t<\/p>\n\n\n\n\n\n<p>As duas consultas ficar\u00e3o dispon\u00edveis para contribui\u00e7\u00e3o at\u00e9 o dia 22 de novembro, por meio da plataforma Participa+ Brasil, <strong>Selo Verde e Selo Amaz\u00f4nia<\/strong>.<img decoding=\"async\" style=\"width: 1px; height: 1px;\" src=\"https:\/\/agenciabrasil.ebc.com.br\/ebc.png?id=1563277&amp;o=rss\"><img decoding=\"async\" style=\"width: 1px; height: 1px;\" src=\"https:\/\/agenciabrasil.ebc.com.br\/ebc.gif?id=1563277&amp;o=rss\"><\/p>\n\n\n\n<p>Segundo o Minist\u00e9rio do Desenvolvimento, Ind\u00fastria, Com\u00e9rcio e Servi\u00e7os, o Selo Verde visa unificar as diversas iniciativas brasileiras de rotulagem ambiental estabelecidas por entes governamentais e privados. A inten\u00e7\u00e3o \u00e9 estabelecer uma estrat\u00e9gia nacional de certifica\u00e7\u00e3o e avalia\u00e7\u00e3o de conformidade de produtos e de servi\u00e7os brasileiros que comprovadamente t\u00eam ciclo de vida socioambientalmente respons\u00e1vel.<\/p>\n\n\n\t<div data-element=\"shortcode-read-more\" class=\"knowMore\">\n\t\t\t\t<span class=\"knowMore__title\">Leia mais<\/span>\n\t\t\t\t<a class=\"knowMore__link\" href=\"https:\/\/www.suno.com.br\/noticias\/blackrock-fundo-climatico-empresa-de-energia-brasol-jvj\/\">\n\t\t\tBlackRock anuncia investimento de fundo clim\u00e1tico em empresa de energia Brasol\t\t<\/a>\n\t<\/div>\n\n\n\n\n<p>\u201cO <strong>Programa Selo Verde Brasil<\/strong> pode ser entendido como um &#8216;passaporte para exportar&#8217;: uma certifica\u00e7\u00e3o \u00fanica que auxiliar\u00e1 os exportadores brasileiros a comprovar o cumprimento de normas, padr\u00f5es e regulamentos ambientais dos principais mercados internacionais, o que contribuir\u00e1 para a desburocratiza\u00e7\u00e3o e a redu\u00e7\u00e3o de custos ao exportador\u201d, diz a pasta.<\/p>\n\n\n\n<p>Quaisquer produtos e servi\u00e7os dos setores prim\u00e1rio, secund\u00e1rio ou terci\u00e1rio da economia nacional que preencham os crit\u00e9rios de sustentabilidade poder\u00e3o obter o selo. A participa\u00e7\u00e3o ser\u00e1 volunt\u00e1ria. Um comit\u00ea gestor ficar\u00e1 respons\u00e1vel por definir as diretrizes dos crit\u00e9rios de sustentabilidade econ\u00f4mica, social e ambiental que dever\u00e3o ser atendidos para a certifica\u00e7\u00e3o.<\/p>\n\n\n\n<p>J\u00e1 o <strong>Selo Amaz\u00f4nia<\/strong> tem por objetivo valorizar os produtos e servi\u00e7os produzidos na Amaz\u00f4nia Legal, com insumos da regi\u00e3o e em respeito a crit\u00e9rios de sustentabilidade ambiental e social. A iniciativa visa agregar valor, gerar renda para a comunidade local e contribuir para o desenvolvimento de bioneg\u00f3cios na regi\u00e3o.<\/p>\n\n\n\n<p>\u201cDe participa\u00e7\u00e3o volunt\u00e1ria, o Selo Amaz\u00f4nia \u00e9 uma certifica\u00e7\u00e3o de terceira parte que estar\u00e1 dispon\u00edvel a todos os produtos e servi\u00e7os da bioeconomia e da bioind\u00fastria produzidos na Amaz\u00f4nia Legal, a partir de insumos da biodiversidade do <strong>bioma Amaz\u00f4nia<\/strong> e que preencham os crit\u00e9rios de sustentabilidade que ser\u00e3o definidos no \u00e2mbito do Programa\u201d, diz o Minist\u00e9rio do Desenvolvimento, Ind\u00fastria, Com\u00e9rcio e Servi\u00e7os.<\/p>\n\n\n\n<p>Tamb\u00e9m ser\u00e1 criado um comit\u00ea gestor para definir as diretrizes e os crit\u00e9rios de sustentabilidade para a certifica\u00e7\u00e3o de produtos da <strong>Amaz\u00f4nia<\/strong>. Nos dois selos, as normas t\u00e9cnicas com os requisitos m\u00ednimos de sustentabilidade ser\u00e3o elaboradas no \u00e2mbito da Associa\u00e7\u00e3o Brasileira de Normas T\u00e9cnicas (ABNT), com a participa\u00e7\u00e3o de todas as partes interessadas. As empresas certificadoras dos selos ser\u00e3o acreditadas pelo Instituto Nacional de Metrologia, Qualidade e Tecnologia (Inmetro).<\/p>\n\n\n\n<p>(Com informa\u00e7\u00f5es de Ag\u00eancia Brasil)<\/p>\n\n\n\t<p>\n\t\t<a href=\"https:\/\/lp.suno.com.br\/ebook-como-analisar-uma-acao\/\" target=\"_blank\" data-element=\"shortcode-suno-banner\" title=\"Banner SUNO, clique e saiba mais\">\n\t\t\t<picture>\n\t\t\t\t<source media=\"(max-width: 500px)\" srcset=\"https:\/\/files.sunoresearch.com.br\/n\/uploads\/2023\/12\/Ebook-Acoes-Mobile.jpg\">\n\t\t\t\t<img class=\"newsContent__article__imgCapa newsContent__article__imgCapa--banner\"\n\t\t\t\t\tsrc=\"https:\/\/files.sunoresearch.com.br\/n\/uploads\/2023\/12\/Ebook-Acoes-Desktop.webp\"\n\t\t\t\t\tdata-promo-id=\"311260\"\t\t\t\t\t\t\t\t\t\twidth='1420' height='286'\t\t\t\t\talt=\"https:\/\/files.sunoresearch.com.br\/n\/uploads\/2023\/12\/Ebook-Acoes-Desktop.webp\"\n\t\t\t\t>\n\t\t\t<\/picture>\n\t\t<\/a>\n\t<\/p>\n\n\n","protected":false},"excerpt":{"rendered":"<p>Desde o dia 23, o governo federal realiza consulta p\u00fablica sobre a certifica\u00e7\u00e3o de produtos e servi\u00e7os brasileiros com foco na sustentabilidade ambiental e social. A primeira, chamada de Selo Verde Brasil, tem o objetivo de atender aos requisitos socioambientais dos mercados globais em todo o ciclo de produ\u00e7\u00e3o. J\u00e1 a outra, chamada de Selo [&hellip;]<\/p>\n","protected":false},"author":173,"featured_media":200376,"comment_status":"closed","ping_status":"closed","sticky":false,"template":"","format":"standard","meta":[],"categories":[62],"tags":[358,1556],"suno_strategy":[],"class_list":["post-477759","post","type-post","status-publish","format-standard","has-post-thumbnail","hentry","category-economia","tag-amazonia","tag-governo-federal"],"yoast_head":"<!-- This site is optimized with the Yoast SEO plugin v24.4 - https:\/\/yoast.com\/wordpress\/plugins\/seo\/ -->\n<title>Governo abre consulta sobre certifica\u00e7\u00e3o verde de produtos da Amaz\u00f4nia<\/title>\n<meta name=\"description\" content=\"O governo abriu a consulta sobre a certifica\u00e7\u00e3o verde de produtos da Amaz\u00f4nia. Confira detalhes sobre essa certifica\u00e7\u00e3o.\" \/>\n<meta name=\"robots\" content=\"index, follow, max-snippet:-1, max-image-preview:large, max-video-preview:-1\" \/>\n<link rel=\"canonical\" href=\"https:\/\/www.suno.com.br\/noticias\/governo-consulta-certificacao-verde-produtos-amazonia-jvj\/\" \/>\n<meta property=\"og:locale\" content=\"pt_BR\" \/>\n<meta property=\"og:type\" content=\"article\" \/>\n<meta property=\"og:title\" content=\"Governo abre consulta sobre certifica\u00e7\u00e3o verde de produtos da Amaz\u00f4nia\" \/>\n<meta property=\"og:description\" content=\"O governo abriu a consulta sobre a certifica\u00e7\u00e3o verde de produtos da Amaz\u00f4nia. Confira detalhes sobre essa certifica\u00e7\u00e3o.\" \/>\n<meta property=\"og:url\" content=\"https:\/\/www.suno.com.br\/noticias\/governo-consulta-certificacao-verde-produtos-amazonia-jvj\/\" \/>\n<meta property=\"og:site_name\" content=\"Suno Not\u00edcias\" \/>\n<meta property=\"article:publisher\" content=\"https:\/\/facebook.com\/sunoresearch\" \/>\n<meta property=\"og:image\" content=\"https:\/\/files.sunoresearch.com.br\/n\/uploads\/2021\/11\/photo-1593069567131-53a0614dde1d.jpg\" \/>\n\t<meta property=\"og:image:width\" content=\"1332\" \/>\n\t<meta property=\"og:image:height\" content=\"749\" \/>\n\t<meta property=\"og:image:type\" content=\"image\/jpeg\" \/>\n<meta name=\"author\" content=\"Jo\u00e3o Vitor\" \/>\n<meta name=\"twitter:card\" content=\"summary_large_image\" \/>\n<meta name=\"twitter:creator\" content=\"@sunoresearch\" \/>\n<meta name=\"twitter:site\" content=\"@sunoresearch\" \/>\n<meta name=\"twitter:label1\" content=\"Escrito por\" \/>\n\t<meta name=\"twitter:data1\" content=\"Jo\u00e3o Vitor\" \/>\n\t<meta name=\"twitter:label2\" content=\"Est. tempo de leitura\" \/>\n\t<meta name=\"twitter:data2\" content=\"3 minutos\" \/>\n<script type=\"application\/ld+json\" class=\"yoast-schema-graph\">{\"@context\":\"https:\/\/schema.org\",\"@graph\":[{\"@type\":\"NewsArticle\",\"@id\":\"https:\/\/www.suno.com.br\/noticias\/governo-consulta-certificacao-verde-produtos-amazonia-jvj\/#article\",\"isPartOf\":{\"@id\":\"https:\/\/www.suno.com.br\/noticias\/governo-consulta-certificacao-verde-produtos-amazonia-jvj\/\"},\"author\":{\"name\":\"Jo\u00e3o Vitor\",\"@id\":\"https:\/\/www.suno.com.br\/noticias\/#\/schema\/person\/87fc6973867c52dd884811905c43afba\"},\"headline\":\"Governo abre consulta sobre certifica\u00e7\u00e3o verde de produtos da Amaz\u00f4nia\",\"datePublished\":\"2023-10-28T17:14:06+00:00\",\"dateModified\":\"2023-10-28T17:14:28+00:00\",\"mainEntityOfPage\":{\"@id\":\"https:\/\/www.suno.com.br\/noticias\/governo-consulta-certificacao-verde-produtos-amazonia-jvj\/\"},\"wordCount\":517,\"publisher\":{\"@id\":\"https:\/\/www.suno.com.br\/noticias\/#organization\"},\"image\":{\"@id\":\"https:\/\/www.suno.com.br\/noticias\/governo-consulta-certificacao-verde-produtos-amazonia-jvj\/#primaryimage\"},\"thumbnailUrl\":\"https:\/\/files.sunoresearch.com.br\/n\/uploads\/2021\/11\/photo-1593069567131-53a0614dde1d.jpg\",\"keywords\":[\"Amazonia\",\"governo federal\"],\"articleSection\":[\"Economia\"],\"inLanguage\":\"pt-BR\"},{\"@type\":\"WebPage\",\"@id\":\"https:\/\/www.suno.com.br\/noticias\/governo-consulta-certificacao-verde-produtos-amazonia-jvj\/\",\"url\":\"https:\/\/www.suno.com.br\/noticias\/governo-consulta-certificacao-verde-produtos-amazonia-jvj\/\",\"name\":\"Governo abre consulta sobre certifica\u00e7\u00e3o verde de produtos da Amaz\u00f4nia\",\"isPartOf\":{\"@id\":\"https:\/\/www.suno.com.br\/noticias\/#website\"},\"primaryImageOfPage\":{\"@id\":\"https:\/\/www.suno.com.br\/noticias\/governo-consulta-certificacao-verde-produtos-amazonia-jvj\/#primaryimage\"},\"image\":{\"@id\":\"https:\/\/www.suno.com.br\/noticias\/governo-consulta-certificacao-verde-produtos-amazonia-jvj\/#primaryimage\"},\"thumbnailUrl\":\"https:\/\/files.sunoresearch.com.br\/n\/uploads\/2021\/11\/photo-1593069567131-53a0614dde1d.jpg\",\"datePublished\":\"2023-10-28T17:14:06+00:00\",\"dateModified\":\"2023-10-28T17:14:28+00:00\",\"description\":\"O governo abriu a consulta sobre a certifica\u00e7\u00e3o verde de produtos da Amaz\u00f4nia. Confira detalhes sobre essa certifica\u00e7\u00e3o.\",\"breadcrumb\":{\"@id\":\"https:\/\/www.suno.com.br\/noticias\/governo-consulta-certificacao-verde-produtos-amazonia-jvj\/#breadcrumb\"},\"inLanguage\":\"pt-BR\",\"potentialAction\":[{\"@type\":\"ReadAction\",\"target\":[\"https:\/\/www.suno.com.br\/noticias\/governo-consulta-certificacao-verde-produtos-amazonia-jvj\/\"]}]},{\"@type\":\"ImageObject\",\"inLanguage\":\"pt-BR\",\"@id\":\"https:\/\/www.suno.com.br\/noticias\/governo-consulta-certificacao-verde-produtos-amazonia-jvj\/#primaryimage\",\"url\":\"https:\/\/files.sunoresearch.com.br\/n\/uploads\/2021\/11\/photo-1593069567131-53a0614dde1d.jpg\",\"contentUrl\":\"https:\/\/files.sunoresearch.com.br\/n\/uploads\/2021\/11\/photo-1593069567131-53a0614dde1d.jpg\",\"width\":1332,\"height\":749,\"caption\":\"Governo abre consulta sobre certifica\u00e7\u00e3o verde de produtos da Amaz\u00f4nia. Foto: Vlad Hilitanu\/Unsplash\"},{\"@type\":\"BreadcrumbList\",\"@id\":\"https:\/\/www.suno.com.br\/noticias\/governo-consulta-certificacao-verde-produtos-amazonia-jvj\/#breadcrumb\",\"itemListElement\":[{\"@type\":\"ListItem\",\"position\":1,\"name\":\"Not\u00edcias\",\"item\":\"https:\/\/www.suno.com.br\/noticias\/\"},{\"@type\":\"ListItem\",\"position\":2,\"name\":\"Economia\",\"item\":\"https:\/\/www.suno.com.br\/noticias\/economia\/\"},{\"@type\":\"ListItem\",\"position\":3,\"name\":\"Governo abre consulta sobre certifica\u00e7\u00e3o verde de produtos da Amaz\u00f4nia\"}]},{\"@type\":\"WebSite\",\"@id\":\"https:\/\/www.suno.com.br\/noticias\/#website\",\"url\":\"https:\/\/www.suno.com.br\/noticias\/\",\"name\":\"Suno Not\u00edcias\",\"description\":\"Seu portal de informa\u00e7\u00e3o sobre o mundo dos investimentos\",\"publisher\":{\"@id\":\"https:\/\/www.suno.com.br\/noticias\/#organization\"},\"potentialAction\":[{\"@type\":\"SearchAction\",\"target\":{\"@type\":\"EntryPoint\",\"urlTemplate\":\"https:\/\/www.suno.com.br\/noticias\/?s={search_term_string}\"},\"query-input\":{\"@type\":\"PropertyValueSpecification\",\"valueRequired\":true,\"valueName\":\"search_term_string\"}}],\"inLanguage\":\"pt-BR\"},{\"@type\":\"Organization\",\"@id\":\"https:\/\/www.suno.com.br\/noticias\/#organization\",\"name\":\"Suno Not\u00edcias\",\"url\":\"https:\/\/www.suno.com.br\/noticias\/\",\"logo\":{\"@type\":\"ImageObject\",\"inLanguage\":\"pt-BR\",\"@id\":\"https:\/\/www.suno.com.br\/noticias\/#\/schema\/logo\/image\/\",\"url\":\"https:\/\/files.sunoresearch.com.br\/n\/uploads\/2021\/09\/suno-logo.png\",\"contentUrl\":\"https:\/\/files.sunoresearch.com.br\/n\/uploads\/2021\/09\/suno-logo.png\",\"width\":180,\"height\":180,\"caption\":\"Suno Not\u00edcias\"},\"image\":{\"@id\":\"https:\/\/www.suno.com.br\/noticias\/#\/schema\/logo\/image\/\"},\"sameAs\":[\"https:\/\/facebook.com\/sunoresearch\",\"https:\/\/x.com\/sunoresearch\",\"https:\/\/www.instagram.com\/suno\",\"https:\/\/www.linkedin.com\/company\/suno-research\/\",\"https:\/\/www.youtube.com\/c\/sunoresearch\"]},{\"@type\":\"Person\",\"@id\":\"https:\/\/www.suno.com.br\/noticias\/#\/schema\/person\/87fc6973867c52dd884811905c43afba\",\"name\":\"Jo\u00e3o Vitor\",\"image\":{\"@type\":\"ImageObject\",\"inLanguage\":\"pt-BR\",\"@id\":\"https:\/\/www.suno.com.br\/noticias\/#\/schema\/person\/image\/\",\"url\":\"https:\/\/secure.gravatar.com\/avatar\/2843227ca03ccf8cc7ccca45204c127e?s=96&r=g\",\"contentUrl\":\"https:\/\/secure.gravatar.com\/avatar\/2843227ca03ccf8cc7ccca45204c127e?s=96&r=g\",\"caption\":\"Jo\u00e3o Vitor\"},\"description\":\"Redator profissional, com atua\u00e7\u00e3o no mercado editorial na produ\u00e7\u00e3o de not\u00edcias e conte\u00fados sobre o mercado de a\u00e7\u00f5es, fundos imobili\u00e1rios e economia popular. Graduando em Engenharia Qu\u00edmica pela Unesp, tamb\u00e9m j\u00e1 atuou como consultor financeiro.\",\"url\":\"https:\/\/www.suno.com.br\/noticias\/author\/joao-vitor-jacintho\/\"}]}<\/script>\n<!-- \/ Yoast SEO plugin. -->","yoast_head_json":{"title":"Governo abre consulta sobre certifica\u00e7\u00e3o verde de produtos da Amaz\u00f4nia","description":"O governo abriu a consulta sobre a certifica\u00e7\u00e3o verde de produtos da Amaz\u00f4nia. Confira detalhes sobre essa certifica\u00e7\u00e3o.","robots":{"index":"index","follow":"follow","max-snippet":"max-snippet:-1","max-image-preview":"max-image-preview:large","max-video-preview":"max-video-preview:-1"},"canonical":"https:\/\/www.suno.com.br\/noticias\/governo-consulta-certificacao-verde-produtos-amazonia-jvj\/","og_locale":"pt_BR","og_type":"article","og_title":"Governo abre consulta sobre certifica\u00e7\u00e3o verde de produtos da Amaz\u00f4nia","og_description":"O governo abriu a consulta sobre a certifica\u00e7\u00e3o verde de produtos da Amaz\u00f4nia. Confira detalhes sobre essa certifica\u00e7\u00e3o.","og_url":"https:\/\/www.suno.com.br\/noticias\/governo-consulta-certificacao-verde-produtos-amazonia-jvj\/","og_site_name":"Suno Not\u00edcias","article_publisher":"https:\/\/facebook.com\/sunoresearch","og_image":[{"width":1332,"height":749,"url":"https:\/\/files.sunoresearch.com.br\/n\/uploads\/2021\/11\/photo-1593069567131-53a0614dde1d.jpg","type":"image\/jpeg"}],"author":"Jo\u00e3o Vitor","twitter_card":"summary_large_image","twitter_creator":"@sunoresearch","twitter_site":"@sunoresearch","twitter_misc":{"Escrito por":"Jo\u00e3o Vitor","Est. tempo de leitura":"3 minutos"},"schema":{"@context":"https:\/\/schema.org","@graph":[{"@type":"NewsArticle","@id":"https:\/\/www.suno.com.br\/noticias\/governo-consulta-certificacao-verde-produtos-amazonia-jvj\/#article","isPartOf":{"@id":"https:\/\/www.suno.com.br\/noticias\/governo-consulta-certificacao-verde-produtos-amazonia-jvj\/"},"author":{"name":"Jo\u00e3o Vitor","@id":"https:\/\/www.suno.com.br\/noticias\/#\/schema\/person\/87fc6973867c52dd884811905c43afba"},"headline":"Governo abre consulta sobre certifica\u00e7\u00e3o verde de produtos da Amaz\u00f4nia","datePublished":"2023-10-28T17:14:06+00:00","dateModified":"2023-10-28T17:14:28+00:00","mainEntityOfPage":{"@id":"https:\/\/www.suno.com.br\/noticias\/governo-consulta-certificacao-verde-produtos-amazonia-jvj\/"},"wordCount":517,"publisher":{"@id":"https:\/\/www.suno.com.br\/noticias\/#organization"},"image":{"@id":"https:\/\/www.suno.com.br\/noticias\/governo-consulta-certificacao-verde-produtos-amazonia-jvj\/#primaryimage"},"thumbnailUrl":"https:\/\/files.sunoresearch.com.br\/n\/uploads\/2021\/11\/photo-1593069567131-53a0614dde1d.jpg","keywords":["Amazonia","governo federal"],"articleSection":["Economia"],"inLanguage":"pt-BR"},{"@type":"WebPage","@id":"https:\/\/www.suno.com.br\/noticias\/governo-consulta-certificacao-verde-produtos-amazonia-jvj\/","url":"https:\/\/www.suno.com.br\/noticias\/governo-consulta-certificacao-verde-produtos-amazonia-jvj\/","name":"Governo abre consulta sobre certifica\u00e7\u00e3o verde de produtos da Amaz\u00f4nia","isPartOf":{"@id":"https:\/\/www.suno.com.br\/noticias\/#website"},"primaryImageOfPage":{"@id":"https:\/\/www.suno.com.br\/noticias\/governo-consulta-certificacao-verde-produtos-amazonia-jvj\/#primaryimage"},"image":{"@id":"https:\/\/www.suno.com.br\/noticias\/governo-consulta-certificacao-verde-produtos-amazonia-jvj\/#primaryimage"},"thumbnailUrl":"https:\/\/files.sunoresearch.com.br\/n\/uploads\/2021\/11\/photo-1593069567131-53a0614dde1d.jpg","datePublished":"2023-10-28T17:14:06+00:00","dateModified":"2023-10-28T17:14:28+00:00","description":"O governo abriu a consulta sobre a certifica\u00e7\u00e3o verde de produtos da Amaz\u00f4nia. Confira detalhes sobre essa certifica\u00e7\u00e3o.","breadcrumb":{"@id":"https:\/\/www.suno.com.br\/noticias\/governo-consulta-certificacao-verde-produtos-amazonia-jvj\/#breadcrumb"},"inLanguage":"pt-BR","potentialAction":[{"@type":"ReadAction","target":["https:\/\/www.suno.com.br\/noticias\/governo-consulta-certificacao-verde-produtos-amazonia-jvj\/"]}]},{"@type":"ImageObject","inLanguage":"pt-BR","@id":"https:\/\/www.suno.com.br\/noticias\/governo-consulta-certificacao-verde-produtos-amazonia-jvj\/#primaryimage","url":"https:\/\/files.sunoresearch.com.br\/n\/uploads\/2021\/11\/photo-1593069567131-53a0614dde1d.jpg","contentUrl":"https:\/\/files.sunoresearch.com.br\/n\/uploads\/2021\/11\/photo-1593069567131-53a0614dde1d.jpg","width":1332,"height":749,"caption":"Governo abre consulta sobre certifica\u00e7\u00e3o verde de produtos da Amaz\u00f4nia. Foto: Vlad Hilitanu\/Unsplash"},{"@type":"BreadcrumbList","@id":"https:\/\/www.suno.com.br\/noticias\/governo-consulta-certificacao-verde-produtos-amazonia-jvj\/#breadcrumb","itemListElement":[{"@type":"ListItem","position":1,"name":"Not\u00edcias","item":"https:\/\/www.suno.com.br\/noticias\/"},{"@type":"ListItem","position":2,"name":"Economia","item":"https:\/\/www.suno.com.br\/noticias\/economia\/"},{"@type":"ListItem","position":3,"name":"Governo abre consulta sobre certifica\u00e7\u00e3o verde de produtos da Amaz\u00f4nia"}]},{"@type":"WebSite","@id":"https:\/\/www.suno.com.br\/noticias\/#website","url":"https:\/\/www.suno.com.br\/noticias\/","name":"Suno Not\u00edcias","description":"Seu portal de informa\u00e7\u00e3o sobre o mundo dos investimentos","publisher":{"@id":"https:\/\/www.suno.com.br\/noticias\/#organization"},"potentialAction":[{"@type":"SearchAction","target":{"@type":"EntryPoint","urlTemplate":"https:\/\/www.suno.com.br\/noticias\/?s={search_term_string}"},"query-input":{"@type":"PropertyValueSpecification","valueRequired":true,"valueName":"search_term_string"}}],"inLanguage":"pt-BR"},{"@type":"Organization","@id":"https:\/\/www.suno.com.br\/noticias\/#organization","name":"Suno Not\u00edcias","url":"https:\/\/www.suno.com.br\/noticias\/","logo":{"@type":"ImageObject","inLanguage":"pt-BR","@id":"https:\/\/www.suno.com.br\/noticias\/#\/schema\/logo\/image\/","url":"https:\/\/files.sunoresearch.com.br\/n\/uploads\/2021\/09\/suno-logo.png","contentUrl":"https:\/\/files.sunoresearch.com.br\/n\/uploads\/2021\/09\/suno-logo.png","width":180,"height":180,"caption":"Suno Not\u00edcias"},"image":{"@id":"https:\/\/www.suno.com.br\/noticias\/#\/schema\/logo\/image\/"},"sameAs":["https:\/\/facebook.com\/sunoresearch","https:\/\/x.com\/sunoresearch","https:\/\/www.instagram.com\/suno","https:\/\/www.linkedin.com\/company\/suno-research\/","https:\/\/www.youtube.com\/c\/sunoresearch"]},{"@type":"Person","@id":"https:\/\/www.suno.com.br\/noticias\/#\/schema\/person\/87fc6973867c52dd884811905c43afba","name":"Jo\u00e3o Vitor","image":{"@type":"ImageObject","inLanguage":"pt-BR","@id":"https:\/\/www.suno.com.br\/noticias\/#\/schema\/person\/image\/","url":"https:\/\/secure.gravatar.com\/avatar\/2843227ca03ccf8cc7ccca45204c127e?s=96&r=g","contentUrl":"https:\/\/secure.gravatar.com\/avatar\/2843227ca03ccf8cc7ccca45204c127e?s=96&r=g","caption":"Jo\u00e3o Vitor"},"description":"Redator profissional, com atua\u00e7\u00e3o no mercado editorial na produ\u00e7\u00e3o de not\u00edcias e conte\u00fados sobre o mercado de a\u00e7\u00f5es, fundos imobili\u00e1rios e economia popular. Graduando em Engenharia Qu\u00edmica pela Unesp, tamb\u00e9m j\u00e1 atuou como consultor financeiro.","url":"https:\/\/www.suno.com.br\/noticias\/author\/joao-vitor-jacintho\/"}]}},"default_loop_html":"<div class=\"cardsPage__listCard__boxs\"><div class=\"cardsPage__listCard__boxs__img\"><a href=\"https:\/\/www.suno.com.br\/noticias\/governo-consulta-certificacao-verde-produtos-amazonia-jvj\/\"><img class=\"mask\" src=\"https:\/\/www.suno.com.br\/noticias\/wp-content\/themes\/suno\/resources\/images\/spotlight\/spotlight1img\/bg-mask.png\" alt=\"Image Mask\"\/><img src=\"https:\/\/files.sunoresearch.com.br\/n\/uploads\/2021\/11\/photo-1593069567131-53a0614dde1d-400x200.jpg\" alt=\"Governo abre consulta sobre certifica\u00e7\u00e3o verde de produtos da Amaz\u00f4nia\"\/><\/a><span class=\"spotlightCategory\"><a href=\"https:\/\/www.suno.com.br\/noticias\/economia\/\">Economia<\/a><\/span><\/div><div class=\"cardsPage__listCard__boxs__content\"><a href=\"https:\/\/www.suno.com.br\/noticias\/governo-consulta-certificacao-verde-produtos-amazonia-jvj\/\"><h2 class=\"content__title\">Governo abre consulta sobre certifica\u00e7\u00e3o verde de produtos da Amaz\u00f4nia<\/h2><\/a><div class=\"newsContent__article__meta\"><div class=\"newsContent__article__meta__authorBox\"><a href=\"https:\/\/www.suno.com.br\/noticias\/author\/joao-vitor-jacintho\/\" class=\"authorBox__avatar noMobi\"><img src=\"https:\/\/secure.gravatar.com\/avatar\/2843227ca03ccf8cc7ccca45204c127e?s=96&#038;r=g\" alt=\"Jo\u00e3o Vitor Jacintho\"><\/a><div class=\"authorBox__name\"><span>por\n\t\t\t<a href=\"https:\/\/www.suno.com.br\/noticias\/author\/joao-vitor-jacintho\/\"><span itemprop=\"author\">Jo\u00e3o Vitor Jacintho<\/span><\/a><\/span><time datetime=\"2023-10-28T14:14:06-03:00\" itemprop=\"datePublished\">28\/10\/2023 14:14<\/time><\/div><\/div><\/div><\/div><\/div>","single_layout":"posts","amp_enabled":true,"_links":{"self":[{"href":"https:\/\/www.suno.com.br\/noticias\/wp-json\/wp\/v2\/posts\/477759"}],"collection":[{"href":"https:\/\/www.suno.com.br\/noticias\/wp-json\/wp\/v2\/posts"}],"about":[{"href":"https:\/\/www.suno.com.br\/noticias\/wp-json\/wp\/v2\/types\/post"}],"author":[{"embeddable":true,"href":"https:\/\/www.suno.com.br\/noticias\/wp-json\/wp\/v2\/users\/173"}],"replies":[{"embeddable":true,"href":"https:\/\/www.suno.com.br\/noticias\/wp-json\/wp\/v2\/comments?post=477759"}],"version-history":[{"count":2,"href":"https:\/\/www.suno.com.br\/noticias\/wp-json\/wp\/v2\/posts\/477759\/revisions"}],"predecessor-version":[{"id":477944,"href":"https:\/\/www.suno.com.br\/noticias\/wp-json\/wp\/v2\/posts\/477759\/revisions\/477944"}],"wp:featuredmedia":[{"embeddable":true,"href":"https:\/\/www.suno.com.br\/noticias\/wp-json\/wp\/v2\/media\/200376"}],"wp:attachment":[{"href":"https:\/\/www.suno.com.br\/noticias\/wp-json\/wp\/v2\/media?parent=477759"}],"wp:term":[{"taxonomy":"category","embeddable":true,"href":"https:\/\/www.suno.com.br\/noticias\/wp-json\/wp\/v2\/categories?post=477759"},{"taxonomy":"post_tag","embeddable":true,"href":"https:\/\/www.suno.com.br\/noticias\/wp-json\/wp\/v2\/tags?post=477759"},{"taxonomy":"suno_strategy","embeddable":true,"href":"https:\/\/www.suno.com.br\/noticias\/wp-json\/wp\/v2\/suno_strategy?post=477759"}],"curies":[{"name":"wp","href":"https:\/\/api.w.org\/{rel}","templated":true}]}}