{"id":477269,"date":"2023-10-26T22:06:06","date_gmt":"2023-10-27T01:06:06","guid":{"rendered":"https:\/\/www.suno.com.br\/noticias\/?p=477269"},"modified":"2023-10-26T22:06:21","modified_gmt":"2023-10-27T01:06:21","slug":"radar-vale-vale3-petrobras-petr4-lojas-marisa-amar3","status":"publish","type":"post","link":"https:\/\/www.suno.com.br\/noticias\/radar-vale-vale3-petrobras-petr4-lojas-marisa-amar3\/","title":{"rendered":"Radar: Vale (VALE3) anuncia dividendos e JCP de R$ 2,33 por a\u00e7\u00e3o, Petrobras (PETR4) tem alta na produ\u00e7\u00e3o e Marisa (AMAR3) fecha empr\u00e9stimo milion\u00e1rio"},"content":{"rendered":"<p>A&nbsp;<a href=\"https:\/\/www.suno.com.br\/acoes\/VALE3\/\" target=\"_blank\" rel=\"noreferrer noopener\"><strong>Vale<\/strong>&nbsp;(VALE3)<\/a>, em&nbsp;<a href=\"https:\/\/www.rad.cvm.gov.br\/ENET\/frmExibirArquivoIPEExterno.aspx?NumeroProtocoloEntrega=1154633\" target=\"_blank\" rel=\"noreferrer noopener\">fato relevante, comunicou<\/a>&nbsp;duas decis\u00f5es importantes \u00e0s v\u00e9speras da divulga\u00e7\u00e3o do seu balan\u00e7o financeiro, que ocorre tamb\u00e9m nesta quinta-feira (26).<\/p>\t<div class=\"wrapper-featured-image\">\n\t\t<figure class=\"spotlightImg\">\n\n\t\t\t<picture>\n\t\t\t\t<source media=\"(max-width: 768px)\" srcset=\"https:\/\/files.sunoresearch.com.br\/n\/uploads\/2022\/12\/vale-vale3-400x200.jpg\">\n\t\t\t\t<img loading=\"lazy\" decoding=\"async\" class=\"newsContent__article__imgCapa lazyloadDisabled \" src=\"https:\/\/files.sunoresearch.com.br\/n\/uploads\/2022\/12\/vale-vale3-800x450.jpg\" width=\"800\" height=\"450\" alt=\"Radar: Vale (VALE3) anuncia dividendos e JCP de R$ 2,33 por a\u00e7\u00e3o, Petrobras (PETR4) tem alta na produ\u00e7\u00e3o e Marisa (AMAR3) fecha empr\u00e9stimo milion\u00e1rio\" fetchpriority=high \/>\n\t\t\t<\/picture>\n\n\t\t\t<figcaption class=\"wp-caption-text wp-caption-text--show\">Vale (VALE3). Foto: Divulga\u00e7\u00e3o\/Vale<\/figcaption>\n\t\t<\/figure>\n\t<\/div>\n\n\n\n\n\n\t<p>\n\t\t<a href=\"https:\/\/lp.suno.com.br\/planilha-da-vida-financeira\/\" target=\"_blank\" data-element=\"shortcode-suno-banner\" title=\"Banner SUNO, clique e saiba mais\">\n\t\t\t<picture>\n\t\t\t\t<source media=\"(max-width: 500px)\" srcset=\"https:\/\/files.sunoresearch.com.br\/n\/uploads\/2023\/04\/400x300-Planilha-vida-financeira-true.png\">\n\t\t\t\t<img class=\"newsContent__article__imgCapa newsContent__article__imgCapa--banner\"\n\t\t\t\t\tsrc=\"https:\/\/files.sunoresearch.com.br\/n\/uploads\/2023\/04\/1420x240-Planilha-vida-financeira-true.png\"\n\t\t\t\t\tdata-promo-id=\"106682\"\t\t\t\t\t\t\t\t\t\twidth='1420' height='240'\t\t\t\t\talt=\"https:\/\/files.sunoresearch.com.br\/n\/uploads\/2023\/04\/1420x240-Planilha-vida-financeira-true.png\"\n\t\t\t\t>\n\t\t\t<\/picture>\n\t\t<\/a>\n\t<\/p>\n\n\n\n\n\n\n\n<p>A mineradora anunciou um novo programa de&nbsp;<a href=\"https:\/\/www.suno.com.br\/artigos\/recompra-de-acoes\/\" target=\"_blank\" rel=\"noreferrer noopener\">recompra de a\u00e7\u00f5es<\/a>. Al\u00e9m disso, tamb\u00e9m foram divulgados&nbsp;<strong>dividendos da Vale<\/strong>.<\/p>\n\n\n\n<p>No caso dos proventos, a companhia anunciou que pagar\u00e1 o valor bruto de R$ 2,331661567 por a\u00e7\u00e3o para quem tem&nbsp;<strong>a\u00e7\u00f5es da Vale<\/strong>&nbsp;na carteira.<\/p>\n\n\n\n<p>Dessa cifra, ser\u00e3o R$ 1,565890809 por a\u00e7\u00e3o&nbsp;<strong><a href=\"https:\/\/statusinvest.com.br\/acoes\/vale3?__hstc=189907700.077a8813a0c39e36c9abd5466b77ea08.1687895465851.1698356793912.1698364916525.53&amp;__hssc=189907700.13.1698364916525&amp;__hsfp=2351071697\" target=\"_blank\" rel=\"noreferrer noopener\">VALE3<\/a><\/strong>&nbsp;como&nbsp;<a href=\"https:\/\/www.suno.com.br\/guias\/dividendos\/\" target=\"_blank\" rel=\"noreferrer noopener\">dividendos<\/a>&nbsp;e R$ 0,765770758 por a\u00e7\u00e3o como&nbsp;<a href=\"https:\/\/www.suno.com.br\/artigos\/entenda-o-jcp\/\" target=\"_blank\" rel=\"noreferrer noopener\">juros sobre o capital pr\u00f3prio<\/a>.<\/p>\n\n\n\n<p>A data de corte ser\u00e1 o dia 21 de novembro. Ou seja, ap\u00f3s isso \u2013 no dia 22 \u2013 os pap\u00e9is passam a ser negociados sem direito aos&nbsp;<strong>dividendos<\/strong>.<\/p>\n\n\n\n<p>J\u00e1 o&nbsp;<strong>pagamento de dividendos<\/strong>&nbsp;ser\u00e1 feito aos acionistas no dia 1\u00ba de dezembro deste ano.<\/p>\n\n\n\n<p>\u201cO montante distribu\u00eddo est\u00e1 em linha com a Pol\u00edtica de Remunera\u00e7\u00e3o aos Acionistas da Companhia e ser\u00e1 declarado com base no lucro apurado no balan\u00e7o levantado em 30 de setembro de 2023, referindo-se \u00e0 antecipa\u00e7\u00e3o da destina\u00e7\u00e3o do resultado do exerc\u00edcio de 2023\u201d, explica a companhia.<\/p>\n\n\n\n<p>Al\u00e9m de Vale, confira outros destaques desta quinta-feira:<\/p>\n\n\n\n<h2 class=\"wp-block-heading\">Petrobras (PETR4) aumenta produ\u00e7\u00e3o anual em 8,8% no 3T23 e registra dois novos recordes<\/h2>\n\n\n\n<ul class=\"wp-block-list\">\n<li>A produ\u00e7\u00e3o m\u00e9dia de \u00f3leo, LGN e g\u00e1s natural da&nbsp;<a href=\"https:\/\/www.suno.com.br\/acoes\/PETR4\/\" target=\"_blank\" rel=\"noreferrer noopener\"><strong>Petrobras<\/strong>&nbsp;(PETR4)<\/a>&nbsp;somou 2,88 milh\u00f5es de barris di\u00e1rios (MMboed) no terceiro trimestre de 2023 (3T23), o que representa uma alta de 9,1% em rela\u00e7\u00e3o ao trimestre imediatamente anterior. Esse n\u00famero foi considerado como um \u201cbom\u201d desempenho operacional pela empresa. Na compara\u00e7\u00e3o anual, a produ\u00e7\u00e3o de \u00f3leo e g\u00e1s teve alta de 8,8%, para 2,877 mi boed.<\/li>\n<\/ul>\n\n\n\n<ul class=\"wp-block-list\">\n<li>O&nbsp;<strong>relat\u00f3rio de produ\u00e7\u00e3o da Petrobras<\/strong>&nbsp;aponta que esse aumento se deu principalmente pelo melhor desempenho operacional das plataformas do pr\u00e9-sal e tamb\u00e9m pelo volume inferior de perdas por paradas e manuten\u00e7\u00f5es.<\/li>\n<\/ul>\n\n\n\n<ul class=\"wp-block-list\">\n<li>Outro fator que impactou positivamente a&nbsp;<strong>produ\u00e7\u00e3o da Petrobras no 3T23<\/strong>&nbsp;foi o ramp-up das plataformas P-71, no campo de Itapu, FPSO Almirante Barroso, no campo de B\u00fazios e FPSO Anna Nery, no campo de Marlim.<\/li>\n<\/ul>\n\n\n\n<ul class=\"wp-block-list\">\n<li>O&nbsp;<strong>resultado do relat\u00f3rio de produ\u00e7\u00e3o da Petrobras<\/strong>&nbsp;tamb\u00e9m foi impulsionado pelo come\u00e7o da produ\u00e7\u00e3o do FPSO Anita Garibaldi, nos campos de Marlim e Voador, assim como pela entrada de novos po\u00e7os de projetos nas Bacias de Campos e Santos, de maneira complementar.<\/li>\n<\/ul>\n\n\n\n<ul class=\"wp-block-list\">\n<li>\u201cEsses efeitos foram parcialmente compensados pelo decl\u00ednio natural de campos maduros e por desinvestimentos\u201d, acrescentou o&nbsp;<strong>relat\u00f3rio da Petrobras<\/strong>.<\/li>\n<\/ul>\n\n\n\n<h2 class=\"wp-block-heading\">Lojas Marisa (AMAR3) fecha empr\u00e9stimo de R$ 65 milh\u00f5es com BTG e marca sua volta ao mercado de cr\u00e9dito<\/h2>\n\n\n\n<ul class=\"wp-block-list\">\n<li>A&nbsp;<a href=\"https:\/\/www.suno.com.br\/acoes\/AMAR3\/\" target=\"_blank\" rel=\"noreferrer noopener\"><strong>Lojas Marisa<\/strong>&nbsp;(AMAR3)<\/a>&nbsp;informou a sua volta ao mercado de cr\u00e9dito banc\u00e1rio, a partir da assinatura de um contrato de empr\u00e9stimo com o&nbsp;<a href=\"https:\/\/www.suno.com.br\/acoes\/BPAC11\/\" target=\"_blank\" rel=\"noreferrer noopener\">BTG Pactual (BPAC11)<\/a>, no valor de R$ 65 milh\u00f5es.<\/li>\n<\/ul>\n\n\n\n<ul class=\"wp-block-list\">\n<li>Em comunicado divulgado nesta quinta-feira (26), a<strong>&nbsp;Lojas Marisa&nbsp;<\/strong>destacou que o contrato de empr\u00e9stimo com o BTG tem um prazo de 3 anos.<\/li>\n<\/ul>\n\n\n\n<ul class=\"wp-block-list\">\n<li>A empresa considera que a sua volta ao mercado de cr\u00e9dito banc\u00e1rio \u201ccaracteriza um reconhecimento concreto dos avan\u00e7os estruturais que foi capaz de implementar e, principalmente, da for\u00e7a e resili\u00eancia da sua marca\u201d.<\/li>\n<\/ul>\n\n\n\n<ul class=\"wp-block-list\">\n<li>O&nbsp;<strong>empr\u00e9stimo da Marisa<\/strong>&nbsp;\u00e9 garantido pelos direitos credit\u00f3rios por ela detidos, vindos do processo judicial referente \u00e0 incid\u00eancia de ICMS na base de c\u00e1lculo de PIS e COFINS.<\/li>\n<\/ul>\n\n\n\n<ul class=\"wp-block-list\">\n<li>A empresa refor\u00e7a que vai continuar sendo propriet\u00e1ria dos direitos credit\u00f3rios, j\u00e1 que somente uma parcela ser\u00e1 transformada em precat\u00f3rios. Desse modo, a Lojas Marisa poder\u00e1 ainda compensar aproximadamente R$ 85 milh\u00f5es na vig\u00eancia da opera\u00e7\u00e3o de cr\u00e9dito.<\/li>\n<\/ul>\n\n\n\n<ul class=\"wp-block-list\">\n<li>Somada a essa opera\u00e7\u00e3o com o&nbsp;<strong>BTG Pactual<\/strong>, o refor\u00e7o de&nbsp;<a href=\"https:\/\/www.suno.com.br\/artigos\/capital-giro\/\" target=\"_blank\" rel=\"noreferrer noopener\">capital de giro<\/a>&nbsp;vai ser de R$ 150 milh\u00f5es. Apesar disso, o desembolso da transa\u00e7\u00e3o ainda est\u00e1 condicionado ao cumprimento das condi\u00e7\u00f5es contratuais.<\/li>\n<\/ul>\n\n\n\t<p>\n\t\t<a href=\"https:\/\/lp.suno.com.br\/ebook-como-analisar-uma-acao\/\" target=\"_blank\" data-element=\"shortcode-suno-banner\" title=\"Banner SUNO, clique e saiba mais\">\n\t\t\t<picture>\n\t\t\t\t<source media=\"(max-width: 500px)\" srcset=\"https:\/\/files.sunoresearch.com.br\/n\/uploads\/2023\/03\/Ebook-Acoes-Mobile.jpg\">\n\t\t\t\t<img class=\"newsContent__article__imgCapa newsContent__article__imgCapa--banner\"\n\t\t\t\t\tsrc=\"https:\/\/files.sunoresearch.com.br\/n\/uploads\/2023\/03\/Ebook-Acoes-Desktop.jpg\"\n\t\t\t\t\tdata-promo-id=\"378302\"\t\t\t\t\t\t\t\t\t\twidth='1420' height='286'\t\t\t\t\talt=\"https:\/\/files.sunoresearch.com.br\/n\/uploads\/2023\/03\/Ebook-Acoes-Desktop.jpg\"\n\t\t\t\t>\n\t\t\t<\/picture>\n\t\t<\/a>\n\t<\/p>\n\n\n\n\n\n<h2 class=\"wp-block-heading\">Oi (OIBR3) contrata Citi e BTG Pactual para tentar monetizar UPI ClientCo<\/h2>\n\n\n\n<ul class=\"wp-block-list\">\n<li>A&nbsp;<a href=\"https:\/\/www.suno.com.br\/acoes\/OIBR3\/\" target=\"_blank\" rel=\"noreferrer noopener\"><strong>Oi<\/strong>&nbsp;(OIBR3)<\/a>&nbsp;ir\u00e1 contratar o Citi o BTG Pactual para avaliar alternativas de monetiza\u00e7\u00e3o da unidade UPI ClientCo.<\/li>\n<\/ul>\n\n\n\n<ul class=\"wp-block-list\">\n<li>A decis\u00e3o foi tomada pelo&nbsp;<strong>Conselho de Administra\u00e7\u00e3o da Oi<\/strong>&nbsp;e informada em&nbsp;<a href=\"https:\/\/www.suno.com.br\/artigos\/fato-relevante\/\" target=\"_blank\" rel=\"noreferrer noopener\">fato relevante<\/a>&nbsp;divulgado nesta quinta-feira (26).<\/li>\n<\/ul>\n\n\n\n<ul class=\"wp-block-list\">\n<li><a href=\"https:\/\/api.mziq.com\/mzfilemanager\/v2\/d\/6aebbd40-9373-4b5a-8461-9839bd41cbbb\/66e707f4-799c-0c1c-cc9c-c9f90ba50702?origin=2\" target=\"_blank\" rel=\"noreferrer noopener\">Conforme destacado pela companhia<\/a>, a unidade englobar\u00e1 os servi\u00e7os de banda larga via fibra \u00f3tica da Oi nos segmentos varejo e empresarial.<\/li>\n<\/ul>\n\n\n\n<ul class=\"wp-block-list\">\n<li>Em seu comunicado a companhia de&nbsp;<strong>telecomunica\u00e7\u00f5es<\/strong>&nbsp;acrescentou que a medida est\u00e1 em linha com os objetivos tra\u00e7ados em seu plano de&nbsp;<strong>recupera\u00e7\u00e3o judicial<\/strong>.<\/li>\n<\/ul>\n\n\n\n<h2 class=\"wp-block-heading\">Vale (VALE3): lucro tem queda de 36% no 3T23, para US$ 2,836 bi<\/h2>\n\n\n\n<ul class=\"wp-block-list\">\n<li>A&nbsp;<strong>Vale&nbsp;<\/strong>(VALE3) reportou na noite desta quinta-feira (26) um&nbsp;<a href=\"https:\/\/www.suno.com.br\/artigos\/lucro-liquido\/\" target=\"_blank\" rel=\"noreferrer noopener\">lucro l\u00edquido<\/a>&nbsp;de US$ 2,836 bilh\u00f5es no terceiro trimestre de 2023, valor 36,3% inferior ao anotado no mesmo per\u00edodo de 2022 e 217% acima do lucro obtido no segundo trimestre deste ano.<\/li>\n<\/ul>\n\n\n\n<ul class=\"wp-block-list\">\n<li>O&nbsp;<strong>resultado da Vale<\/strong>&nbsp;no 3T23, mais fraco na compara\u00e7\u00e3o anual, j\u00e1 era esperado com o&nbsp;<a href=\"https:\/\/www.suno.com.br\/noticias\/vale-vale3-relatorio-producao-minerio-de-ferro-cai-3t23-ar\/\">relat\u00f3rio de produ\u00e7\u00e3o divulgado<\/a>&nbsp;uma semana antes, que havia apontado uma queda de 4% na produ\u00e7\u00e3o de min\u00e9rio de ferro \u2013 principal produto da companhia \u2013 devido \u00e0 menor produ\u00e7\u00e3o no complexo de Paraopeba e \u00e0 menor produ\u00e7\u00e3o de Serra Norte.<\/li>\n<\/ul>\n\n\n\n<ul class=\"wp-block-list\">\n<li>Em reais, o resultado foi de R$ 13,864 bilh\u00f5es, contra R$ 23,286 bilh\u00f5es no terceiro trimestre de 2022, o que representa um recuo de 40,4%.<\/li>\n<\/ul>\n\n\n\n<ul class=\"wp-block-list\">\n<li>A&nbsp;<a href=\"https:\/\/www.suno.com.br\/artigos\/o-que-receita-liquida\/\" target=\"_blank\" rel=\"noreferrer noopener\">receita l\u00edquida<\/a>&nbsp;de&nbsp;<strong>vendas da Vale&nbsp;<\/strong>aumentou 6,9% em base anual e 9,8% na compara\u00e7\u00e3o trimestral, totalizando US$ 10,623 bilh\u00f5es no terceiro trimestre, gra\u00e7as ao&nbsp;<strong>pre\u00e7o do min\u00e9rio de ferro<\/strong>, que se recuperou no \u00faltimo trimestre com a retomada do mercado asi\u00e1tico.<\/li>\n<\/ul>\n\n\n\n<ul class=\"wp-block-list\">\n<li>O<strong>&nbsp;Ebitda da Vale<\/strong>&nbsp;(lucro antes de juros, impostos, deprecia\u00e7\u00f5es e amortiza\u00e7\u00f5es) em base ajustada das opera\u00e7\u00f5es continuadas totalizou US$ 4,482 bilh\u00f5es no trimestre, volume que equivale a um aumento de 12% na compara\u00e7\u00e3o anual e 8% na trimestral.<\/li>\n<\/ul>\n\n\n\n<ul class=\"wp-block-list\">\n<li>O Ebitda do neg\u00f3cio de Solu\u00e7\u00f5es de&nbsp;<strong>Min\u00e9rio de Ferro<\/strong>&nbsp;aumentou 18% em um ano e 13% ante o trimestre imediatamente anterior, devido, sobretudo, aos maiores pre\u00e7os realizados de min\u00e9rio de ferro e aos maiores volumes de vendas.<\/li>\n<\/ul>\n\n\n\n<h2 class=\"wp-block-heading\">P\u00e3o de A\u00e7\u00facar (PCAR3) deve \u201capresentar melhora operacional\u201d no 3T23; analistas recomendam compra das a\u00e7\u00f5es&nbsp;<\/h2>\n\n\n\n<ul class=\"wp-block-list\">\n<li>O&nbsp;<strong>P\u00e3o de A\u00e7\u00facar&nbsp;<\/strong>(PCAR3) deve apresentar mais um trimestre de melhora operacional, destaca a Genial Investimento, que recomenda compra das a\u00e7\u00f5es. De acordo com os analistas da corretora, o maior fluxo de clientes e a categoria de perec\u00edveis v\u00e3o melhorar a rentabilidade da companhia.&nbsp;<\/li>\n<\/ul>\n\n\n\n<ul class=\"wp-block-list\">\n<li>Segundo a Genial, o&nbsp;<strong>GPA&nbsp;<\/strong>deve ter um trimestre de maior faturamento, com destaque no maior SSS (vendas na mesma loja) entre os pares, registrando alta de 7%.&nbsp;<\/li>\n<\/ul>\n\n\n\n<ul class=\"wp-block-list\">\n<li>Comparando, o&nbsp;<a href=\"https:\/\/www.suno.com.br\/acoes\/GMAT3\/\" target=\"_blank\" rel=\"noreferrer noopener\">Grupo Mateus (GMAT3)<\/a>&nbsp;deve ter uma alta de SSS em 5%, enquanto nomes fortes do setor como&nbsp;<a href=\"https:\/\/www.suno.com.br\/acoes\/asai3\/\" target=\"_blank\" rel=\"noreferrer noopener\">Assa\u00ed (ASAI3)<\/a>&nbsp;e&nbsp;<a href=\"https:\/\/www.suno.com.br\/acoes\/CRFB3\/\" target=\"_blank\" rel=\"noreferrer noopener\">Carrefour (CRFB3)<\/a>&nbsp;podem apresentar o indicador negativo.&nbsp;<\/li>\n<\/ul>\n\n\n\n<ul class=\"wp-block-list\">\n<li>Os analistas destacam tr\u00eas fatores que impulsionam os grupo P\u00e3o de A\u00e7\u00facar:&nbsp;<\/li>\n<\/ul>\n\n\n\n<ul class=\"wp-block-list\">\n<li>Desinfla\u00e7\u00e3o de carne e frango<\/li>\n\n\n\n<li>Ajuste de exposi\u00e7\u00e3o aos sortimentos da categoria frutas, legumes e verduras<\/li>\n\n\n\n<li>Fluxo retomando a supermercado premium<\/li>\n<\/ul>\n\n\n\n<ul class=\"wp-block-list\">\n<li>Outro ponto citado pela casa \u00e9 a&nbsp;<a href=\"https:\/\/www.suno.com.br\/artigos\/alavancagem-financeira\/\" target=\"_blank\" rel=\"noreferrer noopener\">alavancagem financeira<\/a>, que pode ser reduzida substancialmente em 2024. No entanto, os analistas ainda s\u00e3o cautelosos sobre dois pontos: o impacto dos benef\u00edcios fiscais para empresa e o aumento da&nbsp;<a href=\"https:\/\/www.suno.com.br\/artigos\/provisao-para-contingencias\/\" target=\"_blank\" rel=\"noreferrer noopener\">provis\u00e3o para conting\u00eancias<\/a>&nbsp;trabalhistas.&nbsp;&nbsp;<\/li>\n<\/ul>\n\n\n\n<ul class=\"wp-block-list\">\n<li>Neste contexto, a Genial recomenda a compra das&nbsp;<strong>a\u00e7\u00f5es do P\u00e3o de A\u00e7\u00facar<\/strong>, com pre\u00e7o-alvo de R$ 5, um upside de 43%.<\/li>\n<\/ul>\n\n\n\n<h2 class=\"wp-block-heading\">Suzano (SUZB3) reverte lucro bilion\u00e1rio e tem preju\u00edzo de R$ 729 mi no 3T23<\/h2>\n\n\n\n<ul class=\"wp-block-list\">\n<li>A&nbsp;<strong>Suzano<\/strong>&nbsp;(SUZB3) registrou preju\u00edzo l\u00edquido de R$ 729 milh\u00f5es no terceiro trimestre deste ano, revertendo o&nbsp;<a href=\"https:\/\/www.suno.com.br\/artigos\/lucro-liquido\/\" target=\"_blank\" rel=\"noreferrer noopener\">lucro l\u00edquido<\/a>&nbsp;de R$ 5,448 bilh\u00f5es apurado no mesmo per\u00edodo do ano passado, de acordo com o balan\u00e7o divulgado nesta quinta-feira, 26.<\/li>\n<\/ul>\n\n\n\n<ul class=\"wp-block-list\">\n<li>Segundo a companhia, o<strong>&nbsp;resultado do 3T23 da Suzano<\/strong>&nbsp;\u00e9 explicado em grande parte pela redu\u00e7\u00e3o no resultado operacional (queda da&nbsp;<strong>receita l\u00edquida da Suzano<\/strong>) e pela varia\u00e7\u00e3o negativa no&nbsp;<a href=\"https:\/\/www.suno.com.br\/artigos\/resultado-financeiro\/\" target=\"_blank\" rel=\"noreferrer noopener\">resultado financeiro<\/a>, como resultado da desvaloriza\u00e7\u00e3o cambial sobre a d\u00edvida e sobre as opera\u00e7\u00f5es com derivativos.<\/li>\n<\/ul>\n\n\n\n<ul class=\"wp-block-list\">\n<li>\u201cEsses efeitos foram parcialmente compensados sobretudo pelo cr\u00e9dito de IR\/CSLL diferidos, incidentes principalmente sobre os resultados negativos de&nbsp;<a href=\"https:\/\/www.suno.com.br\/artigos\/variacao-cambial\/\" target=\"_blank\" rel=\"noreferrer noopener\">varia\u00e7\u00e3o cambial<\/a>&nbsp;e opera\u00e7\u00f5es com derivativos\u201d, afirma a Suzano.<\/li>\n<\/ul>\n\n\n\n<ul class=\"wp-block-list\">\n<li>O&nbsp;<strong>Ebitda da Suzano<\/strong>&nbsp;(lucro antes de juros, impostos,&nbsp;<a href=\"https:\/\/www.suno.com.br\/artigos\/depreciacao-amortizacao\/\" target=\"_blank\" rel=\"noreferrer noopener\">deprecia\u00e7\u00e3o e amortiza\u00e7\u00e3o<\/a>) ajustado atingiu R$ 3,695 bilh\u00f5es, queda de 57% na compara\u00e7\u00e3o com o terceiro trimestre de 2022. Tamb\u00e9m houve redu\u00e7\u00e3o de 6% em rela\u00e7\u00e3o ao segundo trimestre deste ano.<\/li>\n<\/ul>\n\n\n\n<ul class=\"wp-block-list\">\n<li>Para justificar o recuo anualizado do Ebitda, a Suzano cita quatro raz\u00f5es:<\/li>\n<\/ul>\n\n\n\n<ul class=\"wp-block-list\">\n<li>menor pre\u00e7o m\u00e9dio l\u00edquido da celulose em d\u00f3lar (-33%),<\/li>\n\n\n\n<li>menor volume vendido (-10%), pela desvaloriza\u00e7\u00e3o do d\u00f3lar frente ao real (-7%);<\/li>\n\n\n\n<li>maior SG&amp;A (+12%), sobretudo por maiores despesas administrativas decorrente de maiores gastos com pessoal (remunera\u00e7\u00e3o vari\u00e1vel)<\/li>\n\n\n\n<li>incorpora\u00e7\u00e3o das despesas como resultado da aquisi\u00e7\u00e3o do neg\u00f3cio de tissue da Kimberly Clark no Brasil, conforme explicado anteriormente.<\/li>\n<\/ul>\n\n\n\n<ul class=\"wp-block-list\">\n<li>A&nbsp;<a href=\"https:\/\/www.suno.com.br\/artigos\/o-que-receita-liquida\/\" target=\"_blank\" rel=\"noreferrer noopener\">receita l\u00edquida<\/a>&nbsp;da&nbsp;<strong>Suzano&nbsp;<\/strong>de julho a setembro ficou em R$ 8.948 bilh\u00f5es no per\u00edodo de julho a setembro, o que representa um recuo de 37% na compara\u00e7\u00e3o anualizada e de 2% ante o trimestre anterior.<\/li>\n<\/ul>\n\n\n\n<h2 class=\"wp-block-heading\">Bradesco (BBDC4): analistas mant\u00eam cautela: \u201cResultados do 3T23 devem vir pressionados\u201d<\/h2>\n\n\n\n<ul class=\"wp-block-list\">\n<li>O&nbsp;<strong>Bradesco<\/strong>&nbsp;(BBDC4) deve continuar com resultados pressionados no terceiro trimestre de 2023 (3T23), com uma rentabilidade ainda aqu\u00e9m de um cen\u00e1rio mais normalizado, projeta a Genial Investimentos. No entanto, a corretora recomenda manter as a\u00e7\u00f5es do banco.&nbsp;<\/li>\n<\/ul>\n\n\n\n<ul class=\"wp-block-list\">\n<li>\u201cEm linhas gerais, esperamos um&nbsp;<strong>Bradesco com 3T23<\/strong>&nbsp;fraco, apesar do crescimento trimestre a trimestre. O 3T23 deve ser beneficiado por uma margem com mercado saindo do negativo para algo mais pr\u00f3ximo ao breakeven ( lucro zero)\u201d, explica a Genial.&nbsp;<\/li>\n<\/ul>\n\n\n\n<ul class=\"wp-block-list\">\n<li>Neste contexto, a equipe da corretora estima um&nbsp;<a href=\"https:\/\/www.suno.com.br\/artigos\/lucro-liquido\/\" target=\"_blank\" rel=\"noreferrer noopener\">lucro l\u00edquido<\/a>&nbsp;no 3T23 de R$ 4,78 bilh\u00f5es, com uma alta de 5,9% ante trimestre anterior, mas queda de 8,4% na base anual.&nbsp;<\/li>\n<\/ul>\n\n\n\n<ul class=\"wp-block-list\">\n<li>Para o ano de 2023, a estimativa \u00e9 de um lucro de R$ 19,06 bilh\u00f5es, queda de -7,8% na compara\u00e7\u00e3o anual. \u201cA rentabilidade (ROE) deve continuar fraca no 3T23, em 11,93%, bem abaixo do hist\u00f3rico e de outros bancos pares (Ita\u00fa e Banco do Brasil), mas com uma leve melhora em rela\u00e7\u00e3o ao trimestre passado com um ROE de 11,49%\u201d, diz a Genial.&nbsp;<\/li>\n<\/ul>\n\n\n\n<ul class=\"wp-block-list\">\n<li>Em rela\u00e7\u00e3o a 2024, a Genial espera uma retomada da&nbsp;<a href=\"https:\/\/www.suno.com.br\/artigos\/receita-total\/\" target=\"_blank\" rel=\"noreferrer noopener\">receita total<\/a>&nbsp;impulsionada pela queda da Selic, crescimento da margem com clientes e melhoria do mix com maior spread devido a retomada de apetite de risco, al\u00e9m da divis\u00e3o de seguros mantendo bons resultados.&nbsp;&nbsp;<\/li>\n<\/ul>\n\n\n\n<ul class=\"wp-block-list\">\n<li>\u201cDo lado de custos, as provis\u00f5es de cr\u00e9dito devem ficar relativamente mais comportadas, com queda quando comparado com 2023, al\u00e9m de um gasto mais contido com a linha de outras&nbsp;<a href=\"https:\/\/www.suno.com.br\/artigos\/despesas-administrativas\/\" target=\"_blank\" rel=\"noreferrer noopener\">despesas administrativas<\/a>&nbsp; j\u00e1 normalizadas\u201d, esclarecem os analistas.&nbsp;<\/li>\n<\/ul>\n\n\n\n<ul class=\"wp-block-list\">\n<li>A partir disso, a corretora recomenda manter as&nbsp;<strong>a\u00e7\u00f5es do Bradesco<\/strong>, com pre\u00e7o-alvo de R$ 17,30, upside de 22,18%.&nbsp;<\/li>\n<\/ul>\n\n\n\n<p>Da Vale \u00e0 Lojas Marisa, essas foram as empresas que se destacaram hoje. Para ler todas as mat\u00e9rias&nbsp;<strong><a href=\"https:\/\/www.suno.com.br\/noticias\/todos\/?utm_content=XYOE2ItQuUY.20201113&amp;utm_campaign=Track%2B&amp;utm_medium=video&amp;utm_source=telegram.sunoresearch\" target=\"_blank\" rel=\"noreferrer noopener\">clique aqui<\/a><\/strong>.<a href=\"https:\/\/lp.suno.com.br\/cl\/black-friday-suno-2023\/?_fs=16412753060-15131594205&amp;_fsRef=https%3A%2F%2Fwww.suno.com.br%2Fnoticias%2Fradar-caixa-seguridade-cxse3-itausa-itsa4-pao-de-acucar-pcar3%2F\" target=\"_blank\" rel=\"noreferrer noopener\"><\/a><a href=\"https:\/\/lp.suno.com.br\/cl\/black-friday-suno-2023\/?_fs=16412753060-15131594205&amp;_fsRef=https%3A%2F%2Fwww.suno.com.br%2Fnoticias%2Fcopel-cple6-xp-reitera-recomendacao-compra-va%2F\" target=\"_blank\" rel=\"noreferrer noopener\"><\/a><a href=\"https:\/\/lp.suno.com.br\/cl\/black-friday-suno-2023\/?_fs=16412753060-15131594205&amp;_fsRef=https%3A%2F%2Fwww.suno.com.br%2Fnoticias%2Fradar-magazine-luiza-mglu3-oi-oibr3-copel-cple6%2F\" target=\"_blank\" rel=\"noreferrer noopener\"><\/a><a href=\"https:\/\/lp.suno.com.br\/cl\/black-friday-suno-2023\/?_fs=16412753060-15131594205&amp;_fsRef=https%3A%2F%2Fwww.suno.com.br%2Fnoticias%2Fradar-irb-brasil-irbr3-klabin-klbn11-telefonica-vivt3%2F\" target=\"_blank\" rel=\"noreferrer noopener\"><\/a><a href=\"https:\/\/lp.suno.com.br\/cl\/black-friday-suno-2023\/?_fs=16439326504-15158167008&amp;_fsRef=https%3A%2F%2Fwww.suno.com.br%2Fnoticias%2Fradar-itausa-itsa4-brasilagro-agro3-weg-wege3%2F\" target=\"_blank\" rel=\"noreferrer noopener\"><\/a><a href=\"https:\/\/lp.suno.com.br\/cl\/black-friday-suno-2023\/?_fs=16439326504-15158167008&amp;_fsRef=https%3A%2F%2Fwww.suno.com.br%2Fnoticias%2Fradar-boa-safra-soja3-neoenergia-neoe3-kabin-klbn11%2F\" target=\"_blank\" rel=\"noreferrer noopener\"><\/a><a href=\"https:\/\/lp.suno.com.br\/cl\/black-friday-suno-2023\/?_fs=16439326504-15158167008&amp;_fsRef=https%3A%2F%2Fwww.suno.com.br%2Fnoticias%2Fsuzano-suzb3-3t23-reverte-lucro-prejuizo%2F\" target=\"_blank\" rel=\"noreferrer noopener\"><\/a><\/p>\n\n\n\t<p>\n\t\t<a href=\"https:\/\/lp.suno.com.br\/planilha-da-vida-financeira\/\" target=\"_blank\" data-element=\"shortcode-suno-banner\" title=\"Banner SUNO, clique e saiba mais\">\n\t\t\t<picture>\n\t\t\t\t<source media=\"(max-width: 500px)\" srcset=\"https:\/\/files.sunoresearch.com.br\/n\/uploads\/2023\/04\/400x300-Planilha-vida-financeira-true.png\">\n\t\t\t\t<img class=\"newsContent__article__imgCapa newsContent__article__imgCapa--banner\"\n\t\t\t\t\tsrc=\"https:\/\/files.sunoresearch.com.br\/n\/uploads\/2023\/04\/1420x240-Planilha-vida-financeira-true.png\"\n\t\t\t\t\tdata-promo-id=\"383123\"\t\t\t\t\t\t\t\t\t\twidth='1420' height='240'\t\t\t\t\talt=\"https:\/\/files.sunoresearch.com.br\/n\/uploads\/2023\/04\/1420x240-Planilha-vida-financeira-true.png\"\n\t\t\t\t>\n\t\t\t<\/picture>\n\t\t<\/a>\n\t<\/p>\n\n\n","protected":false},"excerpt":{"rendered":"<p>A&nbsp;Vale&nbsp;(VALE3), em&nbsp;fato relevante, comunicou&nbsp;duas decis\u00f5es importantes \u00e0s v\u00e9speras da divulga\u00e7\u00e3o do seu balan\u00e7o financeiro, que ocorre tamb\u00e9m nesta quinta-feira (26). Vale (VALE3). Foto: Divulga\u00e7\u00e3o\/Vale A mineradora anunciou um novo programa de&nbsp;recompra de a\u00e7\u00f5es. Al\u00e9m disso, tamb\u00e9m foram divulgados&nbsp;dividendos da Vale. No caso dos proventos, a companhia anunciou que pagar\u00e1 o valor bruto de R$ 2,331661567 [&hellip;]<\/p>\n","protected":false},"author":227,"featured_media":331473,"comment_status":"closed","ping_status":"closed","sticky":false,"template":"","format":"standard","meta":[],"categories":[64],"tags":[392,1964,541,584,595,648,676],"suno_strategy":[],"class_list":["post-477269","post","type-post","status-publish","format-standard","has-post-thumbnail","hentry","category-negocios","tag-bradesco-bbdc3-bbdc4","tag-grupo-pao-de-acucar-pcar3-pcar4","tag-lojas-marisa-amar3","tag-oi-oibr3-oibr4","tag-petrobras-petr4","tag-suzano-suzb3","tag-vale-vale3"],"yoast_head":"<!-- This site is optimized with the Yoast SEO plugin v24.4 - https:\/\/yoast.com\/wordpress\/plugins\/seo\/ -->\n<title>Radar: Vale (VALE3) anuncia dividendos e JCP de R$ 2,33 por a\u00e7\u00e3o, Petrobras (PETR4) tem alta na produ\u00e7\u00e3o e Marisa (AMAR3) fecha empr\u00e9stimo milion\u00e1rio<\/title>\n<meta name=\"description\" content=\"Vale (VALE3) anuncia dividendos, Petrobras (PETR4) registra dois novos recordes e Lojas Marisa (AMAR3) fecha empr\u00e9stimo milion\u00e1rio com BTG\" \/>\n<meta name=\"robots\" content=\"index, follow, max-snippet:-1, max-image-preview:large, max-video-preview:-1\" \/>\n<link rel=\"canonical\" href=\"https:\/\/www.suno.com.br\/noticias\/radar-vale-vale3-petrobras-petr4-lojas-marisa-amar3\/\" \/>\n<meta property=\"og:locale\" content=\"pt_BR\" \/>\n<meta property=\"og:type\" content=\"article\" \/>\n<meta property=\"og:title\" content=\"Radar: Vale (VALE3) anuncia dividendos e JCP de R$ 2,33 por a\u00e7\u00e3o, Petrobras (PETR4) tem alta na produ\u00e7\u00e3o e Marisa (AMAR3) fecha empr\u00e9stimo milion\u00e1rio\" \/>\n<meta property=\"og:description\" content=\"Vale (VALE3) anuncia dividendos, Petrobras (PETR4) registra dois novos recordes e Lojas Marisa (AMAR3) fecha empr\u00e9stimo milion\u00e1rio com BTG\" \/>\n<meta property=\"og:url\" content=\"https:\/\/www.suno.com.br\/noticias\/radar-vale-vale3-petrobras-petr4-lojas-marisa-amar3\/\" \/>\n<meta property=\"og:site_name\" content=\"Suno Not\u00edcias\" \/>\n<meta property=\"article:publisher\" content=\"https:\/\/facebook.com\/sunoresearch\" \/>\n<meta property=\"og:image\" content=\"https:\/\/files.sunoresearch.com.br\/n\/uploads\/2022\/12\/vale-vale3.jpg\" \/>\n\t<meta property=\"og:image:width\" content=\"1200\" \/>\n\t<meta property=\"og:image:height\" content=\"800\" \/>\n\t<meta property=\"og:image:type\" content=\"image\/jpeg\" \/>\n<meta name=\"author\" content=\"Vanessa Loiola\" \/>\n<meta name=\"twitter:card\" content=\"summary_large_image\" \/>\n<meta name=\"twitter:creator\" content=\"@sunoresearch\" \/>\n<meta name=\"twitter:site\" content=\"@sunoresearch\" \/>\n<meta name=\"twitter:label1\" content=\"Escrito por\" \/>\n\t<meta name=\"twitter:data1\" content=\"Vanessa Loiola\" \/>\n\t<meta name=\"twitter:label2\" content=\"Est. tempo de leitura\" \/>\n\t<meta name=\"twitter:data2\" content=\"10 minutos\" \/>\n<script type=\"application\/ld+json\" class=\"yoast-schema-graph\">{\"@context\":\"https:\/\/schema.org\",\"@graph\":[{\"@type\":\"NewsArticle\",\"@id\":\"https:\/\/www.suno.com.br\/noticias\/radar-vale-vale3-petrobras-petr4-lojas-marisa-amar3\/#article\",\"isPartOf\":{\"@id\":\"https:\/\/www.suno.com.br\/noticias\/radar-vale-vale3-petrobras-petr4-lojas-marisa-amar3\/\"},\"author\":{\"name\":\"Vanessa Loiola\",\"@id\":\"https:\/\/www.suno.com.br\/noticias\/#\/schema\/person\/450c455ecff319bab1f1a0e643451479\"},\"headline\":\"Radar: Vale (VALE3) anuncia dividendos e JCP de R$ 2,33 por a\u00e7\u00e3o, Petrobras (PETR4) tem alta na produ\u00e7\u00e3o e Marisa (AMAR3) fecha empr\u00e9stimo milion\u00e1rio\",\"datePublished\":\"2023-10-27T01:06:06+00:00\",\"dateModified\":\"2023-10-27T01:06:21+00:00\",\"mainEntityOfPage\":{\"@id\":\"https:\/\/www.suno.com.br\/noticias\/radar-vale-vale3-petrobras-petr4-lojas-marisa-amar3\/\"},\"wordCount\":2019,\"publisher\":{\"@id\":\"https:\/\/www.suno.com.br\/noticias\/#organization\"},\"image\":{\"@id\":\"https:\/\/www.suno.com.br\/noticias\/radar-vale-vale3-petrobras-petr4-lojas-marisa-amar3\/#primaryimage\"},\"thumbnailUrl\":\"https:\/\/files.sunoresearch.com.br\/n\/uploads\/2022\/12\/vale-vale3.jpg\",\"keywords\":[\"Bradesco (BBDC3\/BBDC4)\",\"Grupo P\u00e3o de A\u00e7\u00facar (PCAR3\/PCAR4)\",\"Lojas Marisa (AMAR3)\",\"Oi (OIBR3\/OIBR4)\",\"Petrobras (PETR4)\",\"Suzano (SUZB3)\",\"Vale (VALE3)\"],\"articleSection\":[\"Neg\u00f3cios\"],\"inLanguage\":\"pt-BR\"},{\"@type\":\"WebPage\",\"@id\":\"https:\/\/www.suno.com.br\/noticias\/radar-vale-vale3-petrobras-petr4-lojas-marisa-amar3\/\",\"url\":\"https:\/\/www.suno.com.br\/noticias\/radar-vale-vale3-petrobras-petr4-lojas-marisa-amar3\/\",\"name\":\"Radar: Vale (VALE3) anuncia dividendos e JCP de R$ 2,33 por a\u00e7\u00e3o, Petrobras (PETR4) tem alta na produ\u00e7\u00e3o e Marisa (AMAR3) fecha empr\u00e9stimo milion\u00e1rio\",\"isPartOf\":{\"@id\":\"https:\/\/www.suno.com.br\/noticias\/#website\"},\"primaryImageOfPage\":{\"@id\":\"https:\/\/www.suno.com.br\/noticias\/radar-vale-vale3-petrobras-petr4-lojas-marisa-amar3\/#primaryimage\"},\"image\":{\"@id\":\"https:\/\/www.suno.com.br\/noticias\/radar-vale-vale3-petrobras-petr4-lojas-marisa-amar3\/#primaryimage\"},\"thumbnailUrl\":\"https:\/\/files.sunoresearch.com.br\/n\/uploads\/2022\/12\/vale-vale3.jpg\",\"datePublished\":\"2023-10-27T01:06:06+00:00\",\"dateModified\":\"2023-10-27T01:06:21+00:00\",\"description\":\"Vale (VALE3) anuncia dividendos, Petrobras (PETR4) registra dois novos recordes e Lojas Marisa (AMAR3) fecha empr\u00e9stimo milion\u00e1rio com BTG\",\"breadcrumb\":{\"@id\":\"https:\/\/www.suno.com.br\/noticias\/radar-vale-vale3-petrobras-petr4-lojas-marisa-amar3\/#breadcrumb\"},\"inLanguage\":\"pt-BR\",\"potentialAction\":[{\"@type\":\"ReadAction\",\"target\":[\"https:\/\/www.suno.com.br\/noticias\/radar-vale-vale3-petrobras-petr4-lojas-marisa-amar3\/\"]}]},{\"@type\":\"ImageObject\",\"inLanguage\":\"pt-BR\",\"@id\":\"https:\/\/www.suno.com.br\/noticias\/radar-vale-vale3-petrobras-petr4-lojas-marisa-amar3\/#primaryimage\",\"url\":\"https:\/\/files.sunoresearch.com.br\/n\/uploads\/2022\/12\/vale-vale3.jpg\",\"contentUrl\":\"https:\/\/files.sunoresearch.com.br\/n\/uploads\/2022\/12\/vale-vale3.jpg\",\"width\":1200,\"height\":800,\"caption\":\"Vale (VALE3). Foto: Divulga\u00e7\u00e3o\/Vale\"},{\"@type\":\"BreadcrumbList\",\"@id\":\"https:\/\/www.suno.com.br\/noticias\/radar-vale-vale3-petrobras-petr4-lojas-marisa-amar3\/#breadcrumb\",\"itemListElement\":[{\"@type\":\"ListItem\",\"position\":1,\"name\":\"Not\u00edcias\",\"item\":\"https:\/\/www.suno.com.br\/noticias\/\"},{\"@type\":\"ListItem\",\"position\":2,\"name\":\"Neg\u00f3cios\",\"item\":\"https:\/\/www.suno.com.br\/noticias\/negocios\/\"},{\"@type\":\"ListItem\",\"position\":3,\"name\":\"Radar: Vale (VALE3) anuncia dividendos e JCP de R$ 2,33 por a\u00e7\u00e3o, Petrobras (PETR4) tem alta na produ\u00e7\u00e3o e Marisa (AMAR3) fecha empr\u00e9stimo milion\u00e1rio\"}]},{\"@type\":\"WebSite\",\"@id\":\"https:\/\/www.suno.com.br\/noticias\/#website\",\"url\":\"https:\/\/www.suno.com.br\/noticias\/\",\"name\":\"Suno Not\u00edcias\",\"description\":\"Seu portal de informa\u00e7\u00e3o sobre o mundo dos investimentos\",\"publisher\":{\"@id\":\"https:\/\/www.suno.com.br\/noticias\/#organization\"},\"potentialAction\":[{\"@type\":\"SearchAction\",\"target\":{\"@type\":\"EntryPoint\",\"urlTemplate\":\"https:\/\/www.suno.com.br\/noticias\/?s={search_term_string}\"},\"query-input\":{\"@type\":\"PropertyValueSpecification\",\"valueRequired\":true,\"valueName\":\"search_term_string\"}}],\"inLanguage\":\"pt-BR\"},{\"@type\":\"Organization\",\"@id\":\"https:\/\/www.suno.com.br\/noticias\/#organization\",\"name\":\"Suno Not\u00edcias\",\"url\":\"https:\/\/www.suno.com.br\/noticias\/\",\"logo\":{\"@type\":\"ImageObject\",\"inLanguage\":\"pt-BR\",\"@id\":\"https:\/\/www.suno.com.br\/noticias\/#\/schema\/logo\/image\/\",\"url\":\"https:\/\/files.sunoresearch.com.br\/n\/uploads\/2021\/09\/suno-logo.png\",\"contentUrl\":\"https:\/\/files.sunoresearch.com.br\/n\/uploads\/2021\/09\/suno-logo.png\",\"width\":180,\"height\":180,\"caption\":\"Suno Not\u00edcias\"},\"image\":{\"@id\":\"https:\/\/www.suno.com.br\/noticias\/#\/schema\/logo\/image\/\"},\"sameAs\":[\"https:\/\/facebook.com\/sunoresearch\",\"https:\/\/x.com\/sunoresearch\",\"https:\/\/www.instagram.com\/suno\",\"https:\/\/www.linkedin.com\/company\/suno-research\/\",\"https:\/\/www.youtube.com\/c\/sunoresearch\"]},{\"@type\":\"Person\",\"@id\":\"https:\/\/www.suno.com.br\/noticias\/#\/schema\/person\/450c455ecff319bab1f1a0e643451479\",\"name\":\"Vanessa Loiola\",\"image\":{\"@type\":\"ImageObject\",\"inLanguage\":\"pt-BR\",\"@id\":\"https:\/\/www.suno.com.br\/noticias\/#\/schema\/person\/image\/\",\"url\":\"https:\/\/secure.gravatar.com\/avatar\/8b41117f9780831919eb38da349c3f20?s=96&r=g\",\"contentUrl\":\"https:\/\/secure.gravatar.com\/avatar\/8b41117f9780831919eb38da349c3f20?s=96&r=g\",\"caption\":\"Vanessa Loiola\"},\"description\":\"Jornalista formada pela PUC-SP, com experi\u00eancia na cobertura das editorias de economia, finan\u00e7as, bolsa de valores, pol\u00edtica, energia solar e entretenimento. Com passagem pela BM&amp;C News e RedeTV!\",\"url\":\"https:\/\/www.suno.com.br\/noticias\/author\/vanessal-loiolagmail-com\/\"}]}<\/script>\n<!-- \/ Yoast SEO plugin. -->","yoast_head_json":{"title":"Radar: Vale (VALE3) anuncia dividendos e JCP de R$ 2,33 por a\u00e7\u00e3o, Petrobras (PETR4) tem alta na produ\u00e7\u00e3o e Marisa (AMAR3) fecha empr\u00e9stimo milion\u00e1rio","description":"Vale (VALE3) anuncia dividendos, Petrobras (PETR4) registra dois novos recordes e Lojas Marisa (AMAR3) fecha empr\u00e9stimo milion\u00e1rio com BTG","robots":{"index":"index","follow":"follow","max-snippet":"max-snippet:-1","max-image-preview":"max-image-preview:large","max-video-preview":"max-video-preview:-1"},"canonical":"https:\/\/www.suno.com.br\/noticias\/radar-vale-vale3-petrobras-petr4-lojas-marisa-amar3\/","og_locale":"pt_BR","og_type":"article","og_title":"Radar: Vale (VALE3) anuncia dividendos e JCP de R$ 2,33 por a\u00e7\u00e3o, Petrobras (PETR4) tem alta na produ\u00e7\u00e3o e Marisa (AMAR3) fecha empr\u00e9stimo milion\u00e1rio","og_description":"Vale (VALE3) anuncia dividendos, Petrobras (PETR4) registra dois novos recordes e Lojas Marisa (AMAR3) fecha empr\u00e9stimo milion\u00e1rio com BTG","og_url":"https:\/\/www.suno.com.br\/noticias\/radar-vale-vale3-petrobras-petr4-lojas-marisa-amar3\/","og_site_name":"Suno Not\u00edcias","article_publisher":"https:\/\/facebook.com\/sunoresearch","og_image":[{"width":1200,"height":800,"url":"https:\/\/files.sunoresearch.com.br\/n\/uploads\/2022\/12\/vale-vale3.jpg","type":"image\/jpeg"}],"author":"Vanessa Loiola","twitter_card":"summary_large_image","twitter_creator":"@sunoresearch","twitter_site":"@sunoresearch","twitter_misc":{"Escrito por":"Vanessa Loiola","Est. tempo de leitura":"10 minutos"},"schema":{"@context":"https:\/\/schema.org","@graph":[{"@type":"NewsArticle","@id":"https:\/\/www.suno.com.br\/noticias\/radar-vale-vale3-petrobras-petr4-lojas-marisa-amar3\/#article","isPartOf":{"@id":"https:\/\/www.suno.com.br\/noticias\/radar-vale-vale3-petrobras-petr4-lojas-marisa-amar3\/"},"author":{"name":"Vanessa Loiola","@id":"https:\/\/www.suno.com.br\/noticias\/#\/schema\/person\/450c455ecff319bab1f1a0e643451479"},"headline":"Radar: Vale (VALE3) anuncia dividendos e JCP de R$ 2,33 por a\u00e7\u00e3o, Petrobras (PETR4) tem alta na produ\u00e7\u00e3o e Marisa (AMAR3) fecha empr\u00e9stimo milion\u00e1rio","datePublished":"2023-10-27T01:06:06+00:00","dateModified":"2023-10-27T01:06:21+00:00","mainEntityOfPage":{"@id":"https:\/\/www.suno.com.br\/noticias\/radar-vale-vale3-petrobras-petr4-lojas-marisa-amar3\/"},"wordCount":2019,"publisher":{"@id":"https:\/\/www.suno.com.br\/noticias\/#organization"},"image":{"@id":"https:\/\/www.suno.com.br\/noticias\/radar-vale-vale3-petrobras-petr4-lojas-marisa-amar3\/#primaryimage"},"thumbnailUrl":"https:\/\/files.sunoresearch.com.br\/n\/uploads\/2022\/12\/vale-vale3.jpg","keywords":["Bradesco (BBDC3\/BBDC4)","Grupo P\u00e3o de A\u00e7\u00facar (PCAR3\/PCAR4)","Lojas Marisa (AMAR3)","Oi (OIBR3\/OIBR4)","Petrobras (PETR4)","Suzano (SUZB3)","Vale (VALE3)"],"articleSection":["Neg\u00f3cios"],"inLanguage":"pt-BR"},{"@type":"WebPage","@id":"https:\/\/www.suno.com.br\/noticias\/radar-vale-vale3-petrobras-petr4-lojas-marisa-amar3\/","url":"https:\/\/www.suno.com.br\/noticias\/radar-vale-vale3-petrobras-petr4-lojas-marisa-amar3\/","name":"Radar: Vale (VALE3) anuncia dividendos e JCP de R$ 2,33 por a\u00e7\u00e3o, Petrobras (PETR4) tem alta na produ\u00e7\u00e3o e Marisa (AMAR3) fecha empr\u00e9stimo milion\u00e1rio","isPartOf":{"@id":"https:\/\/www.suno.com.br\/noticias\/#website"},"primaryImageOfPage":{"@id":"https:\/\/www.suno.com.br\/noticias\/radar-vale-vale3-petrobras-petr4-lojas-marisa-amar3\/#primaryimage"},"image":{"@id":"https:\/\/www.suno.com.br\/noticias\/radar-vale-vale3-petrobras-petr4-lojas-marisa-amar3\/#primaryimage"},"thumbnailUrl":"https:\/\/files.sunoresearch.com.br\/n\/uploads\/2022\/12\/vale-vale3.jpg","datePublished":"2023-10-27T01:06:06+00:00","dateModified":"2023-10-27T01:06:21+00:00","description":"Vale (VALE3) anuncia dividendos, Petrobras (PETR4) registra dois novos recordes e Lojas Marisa (AMAR3) fecha empr\u00e9stimo milion\u00e1rio com BTG","breadcrumb":{"@id":"https:\/\/www.suno.com.br\/noticias\/radar-vale-vale3-petrobras-petr4-lojas-marisa-amar3\/#breadcrumb"},"inLanguage":"pt-BR","potentialAction":[{"@type":"ReadAction","target":["https:\/\/www.suno.com.br\/noticias\/radar-vale-vale3-petrobras-petr4-lojas-marisa-amar3\/"]}]},{"@type":"ImageObject","inLanguage":"pt-BR","@id":"https:\/\/www.suno.com.br\/noticias\/radar-vale-vale3-petrobras-petr4-lojas-marisa-amar3\/#primaryimage","url":"https:\/\/files.sunoresearch.com.br\/n\/uploads\/2022\/12\/vale-vale3.jpg","contentUrl":"https:\/\/files.sunoresearch.com.br\/n\/uploads\/2022\/12\/vale-vale3.jpg","width":1200,"height":800,"caption":"Vale (VALE3). Foto: Divulga\u00e7\u00e3o\/Vale"},{"@type":"BreadcrumbList","@id":"https:\/\/www.suno.com.br\/noticias\/radar-vale-vale3-petrobras-petr4-lojas-marisa-amar3\/#breadcrumb","itemListElement":[{"@type":"ListItem","position":1,"name":"Not\u00edcias","item":"https:\/\/www.suno.com.br\/noticias\/"},{"@type":"ListItem","position":2,"name":"Neg\u00f3cios","item":"https:\/\/www.suno.com.br\/noticias\/negocios\/"},{"@type":"ListItem","position":3,"name":"Radar: Vale (VALE3) anuncia dividendos e JCP de R$ 2,33 por a\u00e7\u00e3o, Petrobras (PETR4) tem alta na produ\u00e7\u00e3o e Marisa (AMAR3) fecha empr\u00e9stimo milion\u00e1rio"}]},{"@type":"WebSite","@id":"https:\/\/www.suno.com.br\/noticias\/#website","url":"https:\/\/www.suno.com.br\/noticias\/","name":"Suno Not\u00edcias","description":"Seu portal de informa\u00e7\u00e3o sobre o mundo dos investimentos","publisher":{"@id":"https:\/\/www.suno.com.br\/noticias\/#organization"},"potentialAction":[{"@type":"SearchAction","target":{"@type":"EntryPoint","urlTemplate":"https:\/\/www.suno.com.br\/noticias\/?s={search_term_string}"},"query-input":{"@type":"PropertyValueSpecification","valueRequired":true,"valueName":"search_term_string"}}],"inLanguage":"pt-BR"},{"@type":"Organization","@id":"https:\/\/www.suno.com.br\/noticias\/#organization","name":"Suno Not\u00edcias","url":"https:\/\/www.suno.com.br\/noticias\/","logo":{"@type":"ImageObject","inLanguage":"pt-BR","@id":"https:\/\/www.suno.com.br\/noticias\/#\/schema\/logo\/image\/","url":"https:\/\/files.sunoresearch.com.br\/n\/uploads\/2021\/09\/suno-logo.png","contentUrl":"https:\/\/files.sunoresearch.com.br\/n\/uploads\/2021\/09\/suno-logo.png","width":180,"height":180,"caption":"Suno Not\u00edcias"},"image":{"@id":"https:\/\/www.suno.com.br\/noticias\/#\/schema\/logo\/image\/"},"sameAs":["https:\/\/facebook.com\/sunoresearch","https:\/\/x.com\/sunoresearch","https:\/\/www.instagram.com\/suno","https:\/\/www.linkedin.com\/company\/suno-research\/","https:\/\/www.youtube.com\/c\/sunoresearch"]},{"@type":"Person","@id":"https:\/\/www.suno.com.br\/noticias\/#\/schema\/person\/450c455ecff319bab1f1a0e643451479","name":"Vanessa Loiola","image":{"@type":"ImageObject","inLanguage":"pt-BR","@id":"https:\/\/www.suno.com.br\/noticias\/#\/schema\/person\/image\/","url":"https:\/\/secure.gravatar.com\/avatar\/8b41117f9780831919eb38da349c3f20?s=96&r=g","contentUrl":"https:\/\/secure.gravatar.com\/avatar\/8b41117f9780831919eb38da349c3f20?s=96&r=g","caption":"Vanessa Loiola"},"description":"Jornalista formada pela PUC-SP, com experi\u00eancia na cobertura das editorias de economia, finan\u00e7as, bolsa de valores, pol\u00edtica, energia solar e entretenimento. Com passagem pela BM&amp;C News e RedeTV!","url":"https:\/\/www.suno.com.br\/noticias\/author\/vanessal-loiolagmail-com\/"}]}},"default_loop_html":"<div class=\"cardsPage__listCard__boxs\"><div class=\"cardsPage__listCard__boxs__img\"><a href=\"https:\/\/www.suno.com.br\/noticias\/radar-vale-vale3-petrobras-petr4-lojas-marisa-amar3\/\"><img class=\"mask\" src=\"https:\/\/www.suno.com.br\/noticias\/wp-content\/themes\/suno\/resources\/images\/spotlight\/spotlight1img\/bg-mask.png\" alt=\"Image Mask\"\/><img src=\"https:\/\/files.sunoresearch.com.br\/n\/uploads\/2022\/12\/vale-vale3-400x200.jpg\" alt=\"Radar: Vale (VALE3) anuncia dividendos e JCP de R$ 2,33 por a\u00e7\u00e3o, Petrobras (PETR4) tem alta na produ\u00e7\u00e3o e Marisa (AMAR3) fecha empr\u00e9stimo milion\u00e1rio\"\/><\/a><span class=\"spotlightCategory\"><a href=\"https:\/\/www.suno.com.br\/noticias\/negocios\/\">Neg\u00f3cios<\/a><\/span><\/div><div class=\"cardsPage__listCard__boxs__content\"><a href=\"https:\/\/www.suno.com.br\/noticias\/radar-vale-vale3-petrobras-petr4-lojas-marisa-amar3\/\"><h2 class=\"content__title\">Radar: Vale (VALE3) anuncia dividendos e JCP de R$ 2,33 por a\u00e7\u00e3o, Petrobras (PETR4) tem alta na produ\u00e7\u00e3o e Marisa (AMAR3) fecha empr\u00e9stimo milion\u00e1rio<\/h2><\/a><div class=\"newsContent__article__meta\"><div class=\"newsContent__article__meta__authorBox\"><a href=\"https:\/\/www.suno.com.br\/noticias\/author\/vanessal-loiolagmail-com\/\" class=\"authorBox__avatar noMobi\"><img src=\"https:\/\/secure.gravatar.com\/avatar\/8b41117f9780831919eb38da349c3f20?s=96&#038;r=g\" alt=\"Vanessa Loiola\"><\/a><div class=\"authorBox__name\"><span>por\n\t\t\t<a href=\"https:\/\/www.suno.com.br\/noticias\/author\/vanessal-loiolagmail-com\/\"><span itemprop=\"author\">Vanessa Loiola<\/span><\/a><\/span><time datetime=\"2023-10-26T22:06:06-03:00\" itemprop=\"datePublished\">26\/10\/2023 22:06<\/time><\/div><\/div><\/div><\/div><\/div>","single_layout":"posts","amp_enabled":true,"_links":{"self":[{"href":"https:\/\/www.suno.com.br\/noticias\/wp-json\/wp\/v2\/posts\/477269"}],"collection":[{"href":"https:\/\/www.suno.com.br\/noticias\/wp-json\/wp\/v2\/posts"}],"about":[{"href":"https:\/\/www.suno.com.br\/noticias\/wp-json\/wp\/v2\/types\/post"}],"author":[{"embeddable":true,"href":"https:\/\/www.suno.com.br\/noticias\/wp-json\/wp\/v2\/users\/227"}],"replies":[{"embeddable":true,"href":"https:\/\/www.suno.com.br\/noticias\/wp-json\/wp\/v2\/comments?post=477269"}],"version-history":[{"count":2,"href":"https:\/\/www.suno.com.br\/noticias\/wp-json\/wp\/v2\/posts\/477269\/revisions"}],"predecessor-version":[{"id":477299,"href":"https:\/\/www.suno.com.br\/noticias\/wp-json\/wp\/v2\/posts\/477269\/revisions\/477299"}],"wp:featuredmedia":[{"embeddable":true,"href":"https:\/\/www.suno.com.br\/noticias\/wp-json\/wp\/v2\/media\/331473"}],"wp:attachment":[{"href":"https:\/\/www.suno.com.br\/noticias\/wp-json\/wp\/v2\/media?parent=477269"}],"wp:term":[{"taxonomy":"category","embeddable":true,"href":"https:\/\/www.suno.com.br\/noticias\/wp-json\/wp\/v2\/categories?post=477269"},{"taxonomy":"post_tag","embeddable":true,"href":"https:\/\/www.suno.com.br\/noticias\/wp-json\/wp\/v2\/tags?post=477269"},{"taxonomy":"suno_strategy","embeddable":true,"href":"https:\/\/www.suno.com.br\/noticias\/wp-json\/wp\/v2\/suno_strategy?post=477269"}],"curies":[{"name":"wp","href":"https:\/\/api.w.org\/{rel}","templated":true}]}}